{"id":19293,"date":"2016-09-26T08:00:01","date_gmt":"2016-09-26T11:00:01","guid":{"rendered":"http:\/\/anoticiaonline.com.br\/site\/?p=19293"},"modified":"2016-09-23T14:49:52","modified_gmt":"2016-09-23T17:49:52","slug":"espetaculo-clinica-do-sono-se-apresenta-em-muriae-na-proxima-sexta-feira-30","status":"publish","type":"post","link":"https:\/\/anoticiaonline.com.br\/site\/espetaculo-clinica-do-sono-se-apresenta-em-muriae-na-proxima-sexta-feira-30\/","title":{"rendered":"Espet\u00e1culo \u201cCl\u00ednica do Sono\u201d se apresenta em Muria\u00e9 na pr\u00f3xima sexta-feira (30)"},"content":{"rendered":"<p><a href=\"https:\/\/anoticiaonline.com.br\/site\/wp-content\/uploads\/2016\/09\/14453981_1112001082218081_1981268469_o.jpg\"><img fetchpriority=\"high\" decoding=\"async\" class=\" size-medium wp-image-19294 alignleft\" src=\"https:\/\/anoticiaonline.com.br\/site\/wp-content\/uploads\/2016\/09\/14453981_1112001082218081_1981268469_o-300x200.jpg\" alt=\"14453981_1112001082218081_1981268469_o\" width=\"300\" height=\"200\" srcset=\"https:\/\/anoticiaonline.com.br\/site\/wp-content\/uploads\/2016\/09\/14453981_1112001082218081_1981268469_o-300x200.jpg 300w, https:\/\/anoticiaonline.com.br\/site\/wp-content\/uploads\/2016\/09\/14453981_1112001082218081_1981268469_o.jpg 640w\" sizes=\"(max-width: 300px) 100vw, 300px\" \/><\/a>Recentemente contemplado pelo Programa Trilha Cultural BDMG, o espet\u00e1culo \u201cCl\u00ednica do Sono\u201d, do Coletivo T.A.Z, faz turn\u00ea por Minas Gerais, come\u00e7ando por Muria\u00e9. A apresenta\u00e7\u00e3o na cidade acontece na pr\u00f3xima sexta-feira (30), \u00e0s 20h, no Teatro Municipal Belmira Vilas Boas. Ap\u00f3s a apresenta\u00e7\u00e3o haver\u00e1 um debate entre a equipe do espet\u00e1culo e o p\u00fablico, mediada por um artista ou jornalista de cada cidade.<\/p>\n<p>Com dura\u00e7\u00e3o de 60 minutos, a com\u00e9dia tem dire\u00e7\u00e3o e dramaturgia de Daniel Toledo. Fazem parte do elenco, Beatriz Fran\u00e7a, Daniel Toledo, Regina Ganz e Will Soares.<\/p>\n<p>A entrada inteira custa R$ 10,00 e a meia, R$ 5,00. A classifica\u00e7\u00e3o \u00e9 livre.<\/p>\n<p><strong>SOBRE O ESPET\u00c1CULO &#8211;<\/strong> Rec\u00e9m-chegada ao Brasil, a bem-intencionada &#8220;Cl\u00ednica do Sono&#8221; oferece tratamentos para diferentes dist\u00farbios de sono, mas n\u00e3o tarda a revelar um equil\u00edbrio perverso entre explora\u00e7\u00e3o e filantropia.<\/p>\n<p>\u201cCl\u00ednica do Sono\u201d estreou em maio de 2015 e constitui-se como uma f\u00e1bula cr\u00edtica e bem-humorada, que convida o p\u00fablico \u00e0 rotina de uma organiza\u00e7\u00e3o supostamente filantr\u00f3pica cujo objetivo oficial \u00e9 abrigar indiv\u00edduos com dist\u00farbios de sono. Em cena, colaboradores e candidatos, tal qual o pr\u00f3prio p\u00fablico do espet\u00e1culo, aguardam o in\u00edcio de mais uma apresenta\u00e7\u00e3o institucional da empresa, que n\u00e3o tarda a revelar, com boas doses de humor e ironia, um equil\u00edbrio perverso entre explora\u00e7\u00e3o e filantropia.<\/p>\n<p><strong>COLETIVO T.A.Z. &#8211;<\/strong> Sediado em Belo Horizonte, o Coletivo T.A.Z. foi criado em 2010 pelos artistas Daniel Toledo (ator, diretor e dramaturgo) e Regina Ganz (atriz e produtora). Desde ent\u00e3o, o coletivo desenvolve pesquisas e cria\u00e7\u00f5es em artes c\u00eanicas, investigando problem\u00e1ticas espec\u00edficas ao momento hist\u00f3rico e social. A primeira investiga\u00e7\u00e3o do coletivo se volta ao universo do trabalho e \u00e0 experi\u00eancia do trabalhador, desdobrando esse tema em uma trilogia de espet\u00e1culos com dramaturgias autorais que investigam possibilidades de conv\u00edvio entre atores e espectadores. Atualmente, o coletivo conta com a colabora\u00e7\u00e3o dos artistas Akner Gustavson, Beatriz Fran\u00e7a, Flora Mauricio e Will Soares.<\/p>\n<p>Segundo trabalho teatral do Coletivo TAZ, a pe\u00e7a \u201cCl\u00ednica do Sono\u201d integrou a programa\u00e7\u00e3o da 3\u00aa Janela de Dramaturgia, da Mostra Conex\u00f5es (Funarte MG), do 10\u00ba Ver\u00e3o Arte Contempor\u00e2nea e do Programa Trilha Cultural BDMG. A estreia da pe\u00e7a aconteceu em maio de 2015, dentro do projeto Arte no Centro, do Teatro Espanca!, e seu texto tamb\u00e9m foi publicado em 2016, dentro da colet\u00e2nea \u201cJanela de Dramaturgia III\u201d, pela mesma editora.<\/p>\n","protected":false},"excerpt":{"rendered":"<p>Recentemente contemplado pelo Programa Trilha Cultural BDMG, o espet\u00e1culo \u201cCl\u00ednica do Sono\u201d, do Coletivo T.A.Z, faz turn\u00ea por Minas Gerais, come\u00e7ando por Muria\u00e9. A apresenta\u00e7\u00e3o na cidade acontece na pr\u00f3xima sexta-feira (30), \u00e0s 20h, no Teatro Municipal Belmira Vilas Boas. Ap\u00f3s a apresenta\u00e7\u00e3o haver\u00e1 um debate entre a equipe do espet\u00e1culo e o p\u00fablico, mediada &#8230; <a title=\"Espet\u00e1culo \u201cCl\u00ednica do Sono\u201d se apresenta em Muria\u00e9 na pr\u00f3xima sexta-feira (30)\" class=\"read-more\" href=\"https:\/\/anoticiaonline.com.br\/site\/espetaculo-clinica-do-sono-se-apresenta-em-muriae-na-proxima-sexta-feira-30\/\" aria-label=\"Read more about Espet\u00e1culo \u201cCl\u00ednica do Sono\u201d se apresenta em Muria\u00e9 na pr\u00f3xima sexta-feira (30)\">Ler mais<\/a><\/p>\n","protected":false},"author":2,"featured_media":19294,"comment_status":"open","ping_status":"open","sticky":false,"template":"","format":"standard","meta":{"_acf_changed":false,"_monsterinsights_skip_tracking":false,"footnotes":""},"categories":[19],"tags":[3],"class_list":["post-19293","post","type-post","status-publish","format-standard","has-post-thumbnail","hentry","category-cultura","tag-slide"],"acf":[],"aioseo_notices":[],"aioseo_head":"\n\t\t<!-- All in One SEO 5.0.0.1 - aioseo.com -->\n\t<meta name=\"description\" content=\"Recentemente contemplado pelo Programa Trilha Cultural BDMG, o espet\u00e1culo \u201cCl\u00ednica do Sono\u201d, do Coletivo T.A.Z, faz turn\u00ea por Minas Gerais, come\u00e7ando por Muria\u00e9. A apresenta\u00e7\u00e3o na cidade acontece na pr\u00f3xima sexta-feira (30), \u00e0s 20h, no Teatro Municipal Belmira Vilas Boas. Ap\u00f3s a apresenta\u00e7\u00e3o haver\u00e1 um debate entre a equipe do espet\u00e1culo e o p\u00fablico, mediada\" \/>\n\t<meta name=\"robots\" content=\"max-image-preview:large\" \/>\n\t<meta name=\"author\" content=\"Juliana Laviola\"\/>\n\t<link rel=\"canonical\" href=\"https:\/\/anoticiaonline.com.br\/site\/espetaculo-clinica-do-sono-se-apresenta-em-muriae-na-proxima-sexta-feira-30\/\" \/>\n\t<meta name=\"generator\" content=\"All in One SEO (AIOSEO) 5.0.0.1\" \/>\n\t\t<meta property=\"og:locale\" content=\"pt_BR\" \/>\n\t\t<meta property=\"og:site_name\" content=\"A Not\u00edcia Online - Noticias de Muria\u00e9 e regi\u00e3o\" \/>\n\t\t<meta property=\"og:type\" content=\"article\" \/>\n\t\t<meta property=\"og:title\" content=\"Espet\u00e1culo \u201cCl\u00ednica do Sono\u201d se apresenta em Muria\u00e9 na pr\u00f3xima sexta-feira (30) - A Not\u00edcia Online\" \/>\n\t\t<meta property=\"og:description\" content=\"Recentemente contemplado pelo Programa Trilha Cultural BDMG, o espet\u00e1culo \u201cCl\u00ednica do Sono\u201d, do Coletivo T.A.Z, faz turn\u00ea por Minas Gerais, come\u00e7ando por Muria\u00e9. A apresenta\u00e7\u00e3o na cidade acontece na pr\u00f3xima sexta-feira (30), \u00e0s 20h, no Teatro Municipal Belmira Vilas Boas. Ap\u00f3s a apresenta\u00e7\u00e3o haver\u00e1 um debate entre a equipe do espet\u00e1culo e o p\u00fablico, mediada\" \/>\n\t\t<meta property=\"og:url\" content=\"https:\/\/anoticiaonline.com.br\/site\/espetaculo-clinica-do-sono-se-apresenta-em-muriae-na-proxima-sexta-feira-30\/\" \/>\n\t\t<meta property=\"og:image\" content=\"https:\/\/scontent-gig4-1.xx.fbcdn.net\/v\/t39.30808-1\/270437624_4564083193639691_6907940295614233970_n.jpg?stp=dst-jpg_s200x200_tt6&#038;_nc_cat=111&#038;ccb=1-7&#038;_nc_sid=f907e8&#038;_nc_ohc=SM1wRlP3lJwQ7kNvwEPuBYA&#038;_nc_oc=AdnqrjDN_BNjSSHWO-GbkIWH6fkGMLw4bqvL_NH6e2wMveX7G-rP2dAqsDSq1mJMOaY&#038;_nc_zt=24&#038;_nc_ht=scontent-gig4-1.xx&#038;_nc_gid=AoBFJeGrT1hVaew_6rchkQ&#038;oh=00_AfX7QmFGhQhG2jAllVgXCiM1ZrWgvtp80-Bfppyexh1QEg&#038;oe=689E923C\" \/>\n\t\t<meta property=\"og:image:secure_url\" content=\"https:\/\/scontent-gig4-1.xx.fbcdn.net\/v\/t39.30808-1\/270437624_4564083193639691_6907940295614233970_n.jpg?stp=dst-jpg_s200x200_tt6&#038;_nc_cat=111&#038;ccb=1-7&#038;_nc_sid=f907e8&#038;_nc_ohc=SM1wRlP3lJwQ7kNvwEPuBYA&#038;_nc_oc=AdnqrjDN_BNjSSHWO-GbkIWH6fkGMLw4bqvL_NH6e2wMveX7G-rP2dAqsDSq1mJMOaY&#038;_nc_zt=24&#038;_nc_ht=scontent-gig4-1.xx&#038;_nc_gid=AoBFJeGrT1hVaew_6rchkQ&#038;oh=00_AfX7QmFGhQhG2jAllVgXCiM1ZrWgvtp80-Bfppyexh1QEg&#038;oe=689E923C\" \/>\n\t\t<meta property=\"article:published_time\" content=\"2016-09-26T11:00:01+00:00\" \/>\n\t\t<meta property=\"article:modified_time\" content=\"2016-09-23T17:49:52+00:00\" \/>\n\t\t<meta name=\"twitter:card\" content=\"summary_large_image\" \/>\n\t\t<meta name=\"twitter:title\" content=\"Espet\u00e1culo \u201cCl\u00ednica do Sono\u201d se apresenta em Muria\u00e9 na pr\u00f3xima sexta-feira (30) - A Not\u00edcia Online\" \/>\n\t\t<meta name=\"twitter:description\" content=\"Recentemente contemplado pelo Programa Trilha Cultural BDMG, o espet\u00e1culo \u201cCl\u00ednica do Sono\u201d, do Coletivo T.A.Z, faz turn\u00ea por Minas Gerais, come\u00e7ando por Muria\u00e9. A apresenta\u00e7\u00e3o na cidade acontece na pr\u00f3xima sexta-feira (30), \u00e0s 20h, no Teatro Municipal Belmira Vilas Boas. Ap\u00f3s a apresenta\u00e7\u00e3o haver\u00e1 um debate entre a equipe do espet\u00e1culo e o p\u00fablico, mediada\" \/>\n\t\t<meta name=\"twitter:image\" content=\"https:\/\/scontent-gig4-1.xx.fbcdn.net\/v\/t39.30808-1\/270437624_4564083193639691_6907940295614233970_n.jpg?stp=dst-jpg_s200x200_tt6&amp;_nc_cat=111&amp;ccb=1-7&amp;_nc_sid=f907e8&amp;_nc_ohc=SM1wRlP3lJwQ7kNvwEPuBYA&amp;_nc_oc=AdnqrjDN_BNjSSHWO-GbkIWH6fkGMLw4bqvL_NH6e2wMveX7G-rP2dAqsDSq1mJMOaY&amp;_nc_zt=24&amp;_nc_ht=scontent-gig4-1.xx&amp;_nc_gid=AoBFJeGrT1hVaew_6rchkQ&amp;oh=00_AfX7QmFGhQhG2jAllVgXCiM1ZrWgvtp80-Bfppyexh1QEg&amp;oe=689E923C\" \/>\n\t\t<script type=\"application\/ld+json\" class=\"aioseo-schema\">\n\t\t\t{\"@context\":\"https:\\\/\\\/schema.org\",\"@graph\":[{\"@type\":\"BlogPosting\",\"@id\":\"https:\\\/\\\/anoticiaonline.com.br\\\/site\\\/espetaculo-clinica-do-sono-se-apresenta-em-muriae-na-proxima-sexta-feira-30\\\/#blogposting\",\"name\":\"Espet\\u00e1culo \\u201cCl\\u00ednica do Sono\\u201d se apresenta em Muria\\u00e9 na pr\\u00f3xima sexta-feira (30) - A Not\\u00edcia Online\",\"headline\":\"Espet\\u00e1culo \\u201cCl\\u00ednica do Sono\\u201d se apresenta em Muria\\u00e9 na pr\\u00f3xima sexta-feira (30)\",\"author\":{\"@id\":\"https:\\\/\\\/anoticiaonline.com.br\\\/site\\\/author\\\/juliana\\\/#author\"},\"publisher\":{\"@id\":\"https:\\\/\\\/anoticiaonline.com.br\\\/site\\\/#organization\"},\"image\":{\"@type\":\"ImageObject\",\"url\":\"https:\\\/\\\/anoticiaonline.com.br\\\/site\\\/wp-content\\\/uploads\\\/2016\\\/09\\\/14453981_1112001082218081_1981268469_o.jpg\",\"width\":640,\"height\":426},\"datePublished\":\"2016-09-26T08:00:01-03:00\",\"dateModified\":\"2016-09-23T14:49:52-03:00\",\"inLanguage\":\"pt-BR\",\"mainEntityOfPage\":{\"@id\":\"https:\\\/\\\/anoticiaonline.com.br\\\/site\\\/espetaculo-clinica-do-sono-se-apresenta-em-muriae-na-proxima-sexta-feira-30\\\/#webpage\"},\"isPartOf\":{\"@id\":\"https:\\\/\\\/anoticiaonline.com.br\\\/site\\\/espetaculo-clinica-do-sono-se-apresenta-em-muriae-na-proxima-sexta-feira-30\\\/#webpage\"},\"articleSection\":\"Cultura, slide\"},{\"@type\":\"BreadcrumbList\",\"@id\":\"https:\\\/\\\/anoticiaonline.com.br\\\/site\\\/espetaculo-clinica-do-sono-se-apresenta-em-muriae-na-proxima-sexta-feira-30\\\/#breadcrumblist\",\"itemListElement\":[{\"@type\":\"ListItem\",\"@id\":\"https:\\\/\\\/anoticiaonline.com.br\\\/site#listItem\",\"position\":1,\"name\":\"Home\",\"item\":\"https:\\\/\\\/anoticiaonline.com.br\\\/site\",\"nextItem\":{\"@type\":\"ListItem\",\"@id\":\"https:\\\/\\\/anoticiaonline.com.br\\\/site\\\/categoria\\\/muriae\\\/#listItem\",\"name\":\"Blog\"}},{\"@type\":\"ListItem\",\"@id\":\"https:\\\/\\\/anoticiaonline.com.br\\\/site\\\/categoria\\\/muriae\\\/#listItem\",\"position\":2,\"name\":\"Blog\",\"item\":\"https:\\\/\\\/anoticiaonline.com.br\\\/site\\\/categoria\\\/muriae\\\/\",\"nextItem\":{\"@type\":\"ListItem\",\"@id\":\"https:\\\/\\\/anoticiaonline.com.br\\\/site\\\/categoria\\\/muriae\\\/cultura\\\/#listItem\",\"name\":\"Cultura\"},\"previousItem\":{\"@type\":\"ListItem\",\"@id\":\"https:\\\/\\\/anoticiaonline.com.br\\\/site#listItem\",\"name\":\"Home\"}},{\"@type\":\"ListItem\",\"@id\":\"https:\\\/\\\/anoticiaonline.com.br\\\/site\\\/categoria\\\/muriae\\\/cultura\\\/#listItem\",\"position\":3,\"name\":\"Cultura\",\"item\":\"https:\\\/\\\/anoticiaonline.com.br\\\/site\\\/categoria\\\/muriae\\\/cultura\\\/\",\"nextItem\":{\"@type\":\"ListItem\",\"@id\":\"https:\\\/\\\/anoticiaonline.com.br\\\/site\\\/espetaculo-clinica-do-sono-se-apresenta-em-muriae-na-proxima-sexta-feira-30\\\/#listItem\",\"name\":\"Espet\\u00e1culo \\u201cCl\\u00ednica do Sono\\u201d se apresenta em Muria\\u00e9 na pr\\u00f3xima sexta-feira (30)\"},\"previousItem\":{\"@type\":\"ListItem\",\"@id\":\"https:\\\/\\\/anoticiaonline.com.br\\\/site\\\/categoria\\\/muriae\\\/#listItem\",\"name\":\"Blog\"}},{\"@type\":\"ListItem\",\"@id\":\"https:\\\/\\\/anoticiaonline.com.br\\\/site\\\/espetaculo-clinica-do-sono-se-apresenta-em-muriae-na-proxima-sexta-feira-30\\\/#listItem\",\"position\":4,\"name\":\"Espet\\u00e1culo \\u201cCl\\u00ednica do Sono\\u201d se apresenta em Muria\\u00e9 na pr\\u00f3xima sexta-feira (30)\",\"previousItem\":{\"@type\":\"ListItem\",\"@id\":\"https:\\\/\\\/anoticiaonline.com.br\\\/site\\\/categoria\\\/muriae\\\/cultura\\\/#listItem\",\"name\":\"Cultura\"}}]},{\"@type\":\"Organization\",\"@id\":\"https:\\\/\\\/anoticiaonline.com.br\\\/site\\\/#organization\",\"name\":\"A Not\\u00edcia Online\",\"description\":\"Noticias de Muria\\u00e9 e regi\\u00e3o\",\"url\":\"https:\\\/\\\/anoticiaonline.com.br\\\/site\\\/\",\"logo\":{\"@type\":\"ImageObject\",\"url\":\"https:\\\/\\\/scontent-gig4-1.xx.fbcdn.net\\\/v\\\/t39.30808-1\\\/270437624_4564083193639691_6907940295614233970_n.jpg?stp=dst-jpg_s200x200_tt6&_nc_cat=111&ccb=1-7&_nc_sid=f907e8&_nc_ohc=SM1wRlP3lJwQ7kNvwEPuBYA&_nc_oc=AdnqrjDN_BNjSSHWO-GbkIWH6fkGMLw4bqvL_NH6e2wMveX7G-rP2dAqsDSq1mJMOaY&_nc_zt=24&_nc_ht=scontent-gig4-1.xx&_nc_gid=AoBFJeGrT1hVaew_6rchkQ&oh=00_AfX7QmFGhQhG2jAllVgXCiM1ZrWgvtp80-Bfppyexh1QEg&oe=689E923C\",\"@id\":\"https:\\\/\\\/anoticiaonline.com.br\\\/site\\\/espetaculo-clinica-do-sono-se-apresenta-em-muriae-na-proxima-sexta-feira-30\\\/#organizationLogo\"},\"image\":{\"@id\":\"https:\\\/\\\/anoticiaonline.com.br\\\/site\\\/espetaculo-clinica-do-sono-se-apresenta-em-muriae-na-proxima-sexta-feira-30\\\/#organizationLogo\"}},{\"@type\":\"Person\",\"@id\":\"https:\\\/\\\/anoticiaonline.com.br\\\/site\\\/author\\\/juliana\\\/#author\",\"url\":\"https:\\\/\\\/anoticiaonline.com.br\\\/site\\\/author\\\/juliana\\\/\",\"name\":\"Juliana Laviola\",\"image\":{\"@type\":\"ImageObject\",\"@id\":\"https:\\\/\\\/anoticiaonline.com.br\\\/site\\\/espetaculo-clinica-do-sono-se-apresenta-em-muriae-na-proxima-sexta-feira-30\\\/#authorImage\",\"url\":\"https:\\\/\\\/secure.gravatar.com\\\/avatar\\\/b8d45f5c699b100dfaf0e543582f38f38bf94cb7ae3a5e9abf8d891a34773335?s=96&d=mm&r=g\",\"width\":96,\"height\":96,\"caption\":\"Juliana Laviola\"}},{\"@type\":\"WebPage\",\"@id\":\"https:\\\/\\\/anoticiaonline.com.br\\\/site\\\/espetaculo-clinica-do-sono-se-apresenta-em-muriae-na-proxima-sexta-feira-30\\\/#webpage\",\"url\":\"https:\\\/\\\/anoticiaonline.com.br\\\/site\\\/espetaculo-clinica-do-sono-se-apresenta-em-muriae-na-proxima-sexta-feira-30\\\/\",\"name\":\"Espet\\u00e1culo \\u201cCl\\u00ednica do Sono\\u201d se apresenta em Muria\\u00e9 na pr\\u00f3xima sexta-feira (30) - A Not\\u00edcia Online\",\"description\":\"Recentemente contemplado pelo Programa Trilha Cultural BDMG, o espet\\u00e1culo \\u201cCl\\u00ednica do Sono\\u201d, do Coletivo T.A.Z, faz turn\\u00ea por Minas Gerais, come\\u00e7ando por Muria\\u00e9. A apresenta\\u00e7\\u00e3o na cidade acontece na pr\\u00f3xima sexta-feira (30), \\u00e0s 20h, no Teatro Municipal Belmira Vilas Boas. Ap\\u00f3s a apresenta\\u00e7\\u00e3o haver\\u00e1 um debate entre a equipe do espet\\u00e1culo e o p\\u00fablico, mediada\",\"inLanguage\":\"pt-BR\",\"isPartOf\":{\"@id\":\"https:\\\/\\\/anoticiaonline.com.br\\\/site\\\/#website\"},\"breadcrumb\":{\"@id\":\"https:\\\/\\\/anoticiaonline.com.br\\\/site\\\/espetaculo-clinica-do-sono-se-apresenta-em-muriae-na-proxima-sexta-feira-30\\\/#breadcrumblist\"},\"author\":{\"@id\":\"https:\\\/\\\/anoticiaonline.com.br\\\/site\\\/author\\\/juliana\\\/#author\"},\"creator\":{\"@id\":\"https:\\\/\\\/anoticiaonline.com.br\\\/site\\\/author\\\/juliana\\\/#author\"},\"image\":{\"@type\":\"ImageObject\",\"url\":\"https:\\\/\\\/anoticiaonline.com.br\\\/site\\\/wp-content\\\/uploads\\\/2016\\\/09\\\/14453981_1112001082218081_1981268469_o.jpg\",\"@id\":\"https:\\\/\\\/anoticiaonline.com.br\\\/site\\\/espetaculo-clinica-do-sono-se-apresenta-em-muriae-na-proxima-sexta-feira-30\\\/#mainImage\",\"width\":640,\"height\":426},\"primaryImageOfPage\":{\"@id\":\"https:\\\/\\\/anoticiaonline.com.br\\\/site\\\/espetaculo-clinica-do-sono-se-apresenta-em-muriae-na-proxima-sexta-feira-30\\\/#mainImage\"},\"datePublished\":\"2016-09-26T08:00:01-03:00\",\"dateModified\":\"2016-09-23T14:49:52-03:00\"},{\"@type\":\"WebSite\",\"@id\":\"https:\\\/\\\/anoticiaonline.com.br\\\/site\\\/#website\",\"url\":\"https:\\\/\\\/anoticiaonline.com.br\\\/site\\\/\",\"name\":\"A Not\\u00edcia Online\",\"description\":\"Noticias de Muria\\u00e9 e regi\\u00e3o\",\"inLanguage\":\"pt-BR\",\"publisher\":{\"@id\":\"https:\\\/\\\/anoticiaonline.com.br\\\/site\\\/#organization\"}}]}\n\t\t<\/script>\n\t\t<!-- All in One SEO -->\n\n","aioseo_head_json":{"title":"Espet\u00e1culo \u201cCl\u00ednica do Sono\u201d se apresenta em Muria\u00e9 na pr\u00f3xima sexta-feira (30) - A Not\u00edcia Online","description":"Recentemente contemplado pelo Programa Trilha Cultural BDMG, o espet\u00e1culo \u201cCl\u00ednica do Sono\u201d, do Coletivo T.A.Z, faz turn\u00ea por Minas Gerais, come\u00e7ando por Muria\u00e9. A apresenta\u00e7\u00e3o na cidade acontece na pr\u00f3xima sexta-feira (30), \u00e0s 20h, no Teatro Municipal Belmira Vilas Boas. Ap\u00f3s a apresenta\u00e7\u00e3o haver\u00e1 um debate entre a equipe do espet\u00e1culo e o p\u00fablico, mediada","canonical_url":"https:\/\/anoticiaonline.com.br\/site\/espetaculo-clinica-do-sono-se-apresenta-em-muriae-na-proxima-sexta-feira-30\/","robots":"max-image-preview:large","keywords":"","webmasterTools":{"miscellaneous":""},"schema":{"@context":"https:\/\/schema.org","@graph":[{"@type":"BlogPosting","@id":"https:\/\/anoticiaonline.com.br\/site\/espetaculo-clinica-do-sono-se-apresenta-em-muriae-na-proxima-sexta-feira-30\/#blogposting","name":"Espet\u00e1culo \u201cCl\u00ednica do Sono\u201d se apresenta em Muria\u00e9 na pr\u00f3xima sexta-feira (30) - A Not\u00edcia Online","headline":"Espet\u00e1culo \u201cCl\u00ednica do Sono\u201d se apresenta em Muria\u00e9 na pr\u00f3xima sexta-feira (30)","author":{"@id":"https:\/\/anoticiaonline.com.br\/site\/author\/juliana\/#author"},"publisher":{"@id":"https:\/\/anoticiaonline.com.br\/site\/#organization"},"image":{"@type":"ImageObject","url":"https:\/\/anoticiaonline.com.br\/site\/wp-content\/uploads\/2016\/09\/14453981_1112001082218081_1981268469_o.jpg","width":640,"height":426},"datePublished":"2016-09-26T08:00:01-03:00","dateModified":"2016-09-23T14:49:52-03:00","inLanguage":"pt-BR","mainEntityOfPage":{"@id":"https:\/\/anoticiaonline.com.br\/site\/espetaculo-clinica-do-sono-se-apresenta-em-muriae-na-proxima-sexta-feira-30\/#webpage"},"isPartOf":{"@id":"https:\/\/anoticiaonline.com.br\/site\/espetaculo-clinica-do-sono-se-apresenta-em-muriae-na-proxima-sexta-feira-30\/#webpage"},"articleSection":"Cultura, slide"},{"@type":"BreadcrumbList","@id":"https:\/\/anoticiaonline.com.br\/site\/espetaculo-clinica-do-sono-se-apresenta-em-muriae-na-proxima-sexta-feira-30\/#breadcrumblist","itemListElement":[{"@type":"ListItem","@id":"https:\/\/anoticiaonline.com.br\/site#listItem","position":1,"name":"Home","item":"https:\/\/anoticiaonline.com.br\/site","nextItem":{"@type":"ListItem","@id":"https:\/\/anoticiaonline.com.br\/site\/categoria\/muriae\/#listItem","name":"Blog"}},{"@type":"ListItem","@id":"https:\/\/anoticiaonline.com.br\/site\/categoria\/muriae\/#listItem","position":2,"name":"Blog","item":"https:\/\/anoticiaonline.com.br\/site\/categoria\/muriae\/","nextItem":{"@type":"ListItem","@id":"https:\/\/anoticiaonline.com.br\/site\/categoria\/muriae\/cultura\/#listItem","name":"Cultura"},"previousItem":{"@type":"ListItem","@id":"https:\/\/anoticiaonline.com.br\/site#listItem","name":"Home"}},{"@type":"ListItem","@id":"https:\/\/anoticiaonline.com.br\/site\/categoria\/muriae\/cultura\/#listItem","position":3,"name":"Cultura","item":"https:\/\/anoticiaonline.com.br\/site\/categoria\/muriae\/cultura\/","nextItem":{"@type":"ListItem","@id":"https:\/\/anoticiaonline.com.br\/site\/espetaculo-clinica-do-sono-se-apresenta-em-muriae-na-proxima-sexta-feira-30\/#listItem","name":"Espet\u00e1culo \u201cCl\u00ednica do Sono\u201d se apresenta em Muria\u00e9 na pr\u00f3xima sexta-feira (30)"},"previousItem":{"@type":"ListItem","@id":"https:\/\/anoticiaonline.com.br\/site\/categoria\/muriae\/#listItem","name":"Blog"}},{"@type":"ListItem","@id":"https:\/\/anoticiaonline.com.br\/site\/espetaculo-clinica-do-sono-se-apresenta-em-muriae-na-proxima-sexta-feira-30\/#listItem","position":4,"name":"Espet\u00e1culo \u201cCl\u00ednica do Sono\u201d se apresenta em Muria\u00e9 na pr\u00f3xima sexta-feira (30)","previousItem":{"@type":"ListItem","@id":"https:\/\/anoticiaonline.com.br\/site\/categoria\/muriae\/cultura\/#listItem","name":"Cultura"}}]},{"@type":"Organization","@id":"https:\/\/anoticiaonline.com.br\/site\/#organization","name":"A Not\u00edcia Online","description":"Noticias de Muria\u00e9 e regi\u00e3o","url":"https:\/\/anoticiaonline.com.br\/site\/","logo":{"@type":"ImageObject","url":"https:\/\/scontent-gig4-1.xx.fbcdn.net\/v\/t39.30808-1\/270437624_4564083193639691_6907940295614233970_n.jpg?stp=dst-jpg_s200x200_tt6&_nc_cat=111&ccb=1-7&_nc_sid=f907e8&_nc_ohc=SM1wRlP3lJwQ7kNvwEPuBYA&_nc_oc=AdnqrjDN_BNjSSHWO-GbkIWH6fkGMLw4bqvL_NH6e2wMveX7G-rP2dAqsDSq1mJMOaY&_nc_zt=24&_nc_ht=scontent-gig4-1.xx&_nc_gid=AoBFJeGrT1hVaew_6rchkQ&oh=00_AfX7QmFGhQhG2jAllVgXCiM1ZrWgvtp80-Bfppyexh1QEg&oe=689E923C","@id":"https:\/\/anoticiaonline.com.br\/site\/espetaculo-clinica-do-sono-se-apresenta-em-muriae-na-proxima-sexta-feira-30\/#organizationLogo"},"image":{"@id":"https:\/\/anoticiaonline.com.br\/site\/espetaculo-clinica-do-sono-se-apresenta-em-muriae-na-proxima-sexta-feira-30\/#organizationLogo"}},{"@type":"Person","@id":"https:\/\/anoticiaonline.com.br\/site\/author\/juliana\/#author","url":"https:\/\/anoticiaonline.com.br\/site\/author\/juliana\/","name":"Juliana Laviola","image":{"@type":"ImageObject","@id":"https:\/\/anoticiaonline.com.br\/site\/espetaculo-clinica-do-sono-se-apresenta-em-muriae-na-proxima-sexta-feira-30\/#authorImage","url":"https:\/\/secure.gravatar.com\/avatar\/b8d45f5c699b100dfaf0e543582f38f38bf94cb7ae3a5e9abf8d891a34773335?s=96&d=mm&r=g","width":96,"height":96,"caption":"Juliana Laviola"}},{"@type":"WebPage","@id":"https:\/\/anoticiaonline.com.br\/site\/espetaculo-clinica-do-sono-se-apresenta-em-muriae-na-proxima-sexta-feira-30\/#webpage","url":"https:\/\/anoticiaonline.com.br\/site\/espetaculo-clinica-do-sono-se-apresenta-em-muriae-na-proxima-sexta-feira-30\/","name":"Espet\u00e1culo \u201cCl\u00ednica do Sono\u201d se apresenta em Muria\u00e9 na pr\u00f3xima sexta-feira (30) - A Not\u00edcia Online","description":"Recentemente contemplado pelo Programa Trilha Cultural BDMG, o espet\u00e1culo \u201cCl\u00ednica do Sono\u201d, do Coletivo T.A.Z, faz turn\u00ea por Minas Gerais, come\u00e7ando por Muria\u00e9. A apresenta\u00e7\u00e3o na cidade acontece na pr\u00f3xima sexta-feira (30), \u00e0s 20h, no Teatro Municipal Belmira Vilas Boas. Ap\u00f3s a apresenta\u00e7\u00e3o haver\u00e1 um debate entre a equipe do espet\u00e1culo e o p\u00fablico, mediada","inLanguage":"pt-BR","isPartOf":{"@id":"https:\/\/anoticiaonline.com.br\/site\/#website"},"breadcrumb":{"@id":"https:\/\/anoticiaonline.com.br\/site\/espetaculo-clinica-do-sono-se-apresenta-em-muriae-na-proxima-sexta-feira-30\/#breadcrumblist"},"author":{"@id":"https:\/\/anoticiaonline.com.br\/site\/author\/juliana\/#author"},"creator":{"@id":"https:\/\/anoticiaonline.com.br\/site\/author\/juliana\/#author"},"image":{"@type":"ImageObject","url":"https:\/\/anoticiaonline.com.br\/site\/wp-content\/uploads\/2016\/09\/14453981_1112001082218081_1981268469_o.jpg","@id":"https:\/\/anoticiaonline.com.br\/site\/espetaculo-clinica-do-sono-se-apresenta-em-muriae-na-proxima-sexta-feira-30\/#mainImage","width":640,"height":426},"primaryImageOfPage":{"@id":"https:\/\/anoticiaonline.com.br\/site\/espetaculo-clinica-do-sono-se-apresenta-em-muriae-na-proxima-sexta-feira-30\/#mainImage"},"datePublished":"2016-09-26T08:00:01-03:00","dateModified":"2016-09-23T14:49:52-03:00"},{"@type":"WebSite","@id":"https:\/\/anoticiaonline.com.br\/site\/#website","url":"https:\/\/anoticiaonline.com.br\/site\/","name":"A Not\u00edcia Online","description":"Noticias de Muria\u00e9 e regi\u00e3o","inLanguage":"pt-BR","publisher":{"@id":"https:\/\/anoticiaonline.com.br\/site\/#organization"}}]},"og:locale":"pt_BR","og:site_name":"A Not\u00edcia Online - Noticias de Muria\u00e9 e regi\u00e3o","og:type":"article","og:title":"Espet\u00e1culo \u201cCl\u00ednica do Sono\u201d se apresenta em Muria\u00e9 na pr\u00f3xima sexta-feira (30) - A Not\u00edcia Online","og:description":"Recentemente contemplado pelo Programa Trilha Cultural BDMG, o espet\u00e1culo \u201cCl\u00ednica do Sono\u201d, do Coletivo T.A.Z, faz turn\u00ea por Minas Gerais, come\u00e7ando por Muria\u00e9. A apresenta\u00e7\u00e3o na cidade acontece na pr\u00f3xima sexta-feira (30), \u00e0s 20h, no Teatro Municipal Belmira Vilas Boas. Ap\u00f3s a apresenta\u00e7\u00e3o haver\u00e1 um debate entre a equipe do espet\u00e1culo e o p\u00fablico, mediada","og:url":"https:\/\/anoticiaonline.com.br\/site\/espetaculo-clinica-do-sono-se-apresenta-em-muriae-na-proxima-sexta-feira-30\/","og:image":"https:\/\/scontent-gig4-1.xx.fbcdn.net\/v\/t39.30808-1\/270437624_4564083193639691_6907940295614233970_n.jpg?stp=dst-jpg_s200x200_tt6&#038;_nc_cat=111&#038;ccb=1-7&#038;_nc_sid=f907e8&#038;_nc_ohc=SM1wRlP3lJwQ7kNvwEPuBYA&#038;_nc_oc=AdnqrjDN_BNjSSHWO-GbkIWH6fkGMLw4bqvL_NH6e2wMveX7G-rP2dAqsDSq1mJMOaY&#038;_nc_zt=24&#038;_nc_ht=scontent-gig4-1.xx&#038;_nc_gid=AoBFJeGrT1hVaew_6rchkQ&#038;oh=00_AfX7QmFGhQhG2jAllVgXCiM1ZrWgvtp80-Bfppyexh1QEg&#038;oe=689E923C","og:image:secure_url":"https:\/\/scontent-gig4-1.xx.fbcdn.net\/v\/t39.30808-1\/270437624_4564083193639691_6907940295614233970_n.jpg?stp=dst-jpg_s200x200_tt6&#038;_nc_cat=111&#038;ccb=1-7&#038;_nc_sid=f907e8&#038;_nc_ohc=SM1wRlP3lJwQ7kNvwEPuBYA&#038;_nc_oc=AdnqrjDN_BNjSSHWO-GbkIWH6fkGMLw4bqvL_NH6e2wMveX7G-rP2dAqsDSq1mJMOaY&#038;_nc_zt=24&#038;_nc_ht=scontent-gig4-1.xx&#038;_nc_gid=AoBFJeGrT1hVaew_6rchkQ&#038;oh=00_AfX7QmFGhQhG2jAllVgXCiM1ZrWgvtp80-Bfppyexh1QEg&#038;oe=689E923C","article:published_time":"2016-09-26T11:00:01+00:00","article:modified_time":"2016-09-23T17:49:52+00:00","twitter:card":"summary_large_image","twitter:title":"Espet\u00e1culo \u201cCl\u00ednica do Sono\u201d se apresenta em Muria\u00e9 na pr\u00f3xima sexta-feira (30) - A Not\u00edcia Online","twitter:description":"Recentemente contemplado pelo Programa Trilha Cultural BDMG, o espet\u00e1culo \u201cCl\u00ednica do Sono\u201d, do Coletivo T.A.Z, faz turn\u00ea por Minas Gerais, come\u00e7ando por Muria\u00e9. A apresenta\u00e7\u00e3o na cidade acontece na pr\u00f3xima sexta-feira (30), \u00e0s 20h, no Teatro Municipal Belmira Vilas Boas. Ap\u00f3s a apresenta\u00e7\u00e3o haver\u00e1 um debate entre a equipe do espet\u00e1culo e o p\u00fablico, mediada","twitter:image":"https:\/\/scontent-gig4-1.xx.fbcdn.net\/v\/t39.30808-1\/270437624_4564083193639691_6907940295614233970_n.jpg?stp=dst-jpg_s200x200_tt6&_nc_cat=111&ccb=1-7&_nc_sid=f907e8&_nc_ohc=SM1wRlP3lJwQ7kNvwEPuBYA&_nc_oc=AdnqrjDN_BNjSSHWO-GbkIWH6fkGMLw4bqvL_NH6e2wMveX7G-rP2dAqsDSq1mJMOaY&_nc_zt=24&_nc_ht=scontent-gig4-1.xx&_nc_gid=AoBFJeGrT1hVaew_6rchkQ&oh=00_AfX7QmFGhQhG2jAllVgXCiM1ZrWgvtp80-Bfppyexh1QEg&oe=689E923C"},"aioseo_meta_data":{"post_id":"19293","title":null,"description":null,"keywords":null,"keyphrases":null,"primary_term":null,"canonical_url":null,"og_title":null,"og_description":null,"og_object_type":"default","og_image_type":"default","og_image_url":null,"og_image_width":null,"og_image_height":null,"og_image_custom_url":null,"og_image_custom_fields":null,"og_video":null,"og_custom_url":null,"og_article_section":null,"og_article_tags":null,"twitter_use_og":false,"twitter_card":"default","twitter_image_type":"default","twitter_image_url":null,"twitter_image_custom_url":null,"twitter_image_custom_fields":null,"twitter_title":null,"twitter_description":null,"schema":{"blockGraphs":[],"customGraphs":[],"default":{"data":{"Article":[],"Course":[],"Dataset":[],"FAQPage":[],"Movie":[],"Person":[],"Product":[],"ProductReview":[],"Car":[],"Recipe":[],"Service":[],"SoftwareApplication":[],"WebPage":[]},"graphName":"","isEnabled":true},"graphs":[]},"schema_type":"default","schema_type_options":null,"pillar_content":false,"robots_default":true,"robots_noindex":false,"robots_noarchive":false,"robots_nosnippet":false,"robots_nofollow":false,"robots_noimageindex":false,"robots_noodp":false,"robots_notranslate":false,"robots_max_snippet":null,"robots_max_videopreview":null,"robots_max_imagepreview":"large","priority":null,"frequency":null,"local_seo":null,"breadcrumb_settings":null,"limit_modified_date":false,"ai":null,"created":"2025-08-16 16:52:17","updated":"2025-08-16 16:52:17","focus_keyword":null,"additional_keywords":null,"truseo_locale":null,"seo_analyzer_scan_date":null},"aioseo_breadcrumb":"<div class=\"aioseo-breadcrumbs\"><span class=\"aioseo-breadcrumb\">\n\t\t\t<a href=\"https:\/\/anoticiaonline.com.br\/site\" title=\"Home\">Home<\/a>\n\t\t<\/span><span class=\"aioseo-breadcrumb-separator\">&raquo;<\/span><span class=\"aioseo-breadcrumb\">\n\t\t\t<a href=\"https:\/\/anoticiaonline.com.br\/site\/categoria\/muriae\/\" title=\"Blog\">Blog<\/a>\n\t\t<\/span><span class=\"aioseo-breadcrumb-separator\">&raquo;<\/span><span class=\"aioseo-breadcrumb\">\n\t\t\t<a href=\"https:\/\/anoticiaonline.com.br\/site\/categoria\/muriae\/cultura\/\" title=\"Cultura\">Cultura<\/a>\n\t\t<\/span><span class=\"aioseo-breadcrumb-separator\">&raquo;<\/span><span class=\"aioseo-breadcrumb\">\n\t\t\tEspet\u00e1culo \u201cCl\u00ednica do Sono\u201d se apresenta em Muria\u00e9 na pr\u00f3xima sexta-feira (30)\n\t\t<\/span><\/div>","aioseo_breadcrumb_json":[{"label":"Home","link":"https:\/\/anoticiaonline.com.br\/site"},{"label":"Blog","link":"https:\/\/anoticiaonline.com.br\/site\/categoria\/muriae\/"},{"label":"Cultura","link":"https:\/\/anoticiaonline.com.br\/site\/categoria\/muriae\/cultura\/"},{"label":"Espet\u00e1culo \u201cCl\u00ednica do Sono\u201d se apresenta em Muria\u00e9 na pr\u00f3xima sexta-feira (30)","link":"https:\/\/anoticiaonline.com.br\/site\/espetaculo-clinica-do-sono-se-apresenta-em-muriae-na-proxima-sexta-feira-30\/"}],"views":211,"_links":{"self":[{"href":"https:\/\/anoticiaonline.com.br\/site\/wp-json\/wp\/v2\/posts\/19293","targetHints":{"allow":["GET"]}}],"collection":[{"href":"https:\/\/anoticiaonline.com.br\/site\/wp-json\/wp\/v2\/posts"}],"about":[{"href":"https:\/\/anoticiaonline.com.br\/site\/wp-json\/wp\/v2\/types\/post"}],"author":[{"embeddable":true,"href":"https:\/\/anoticiaonline.com.br\/site\/wp-json\/wp\/v2\/users\/2"}],"replies":[{"embeddable":true,"href":"https:\/\/anoticiaonline.com.br\/site\/wp-json\/wp\/v2\/comments?post=19293"}],"version-history":[{"count":0,"href":"https:\/\/anoticiaonline.com.br\/site\/wp-json\/wp\/v2\/posts\/19293\/revisions"}],"wp:featuredmedia":[{"embeddable":true,"href":"https:\/\/anoticiaonline.com.br\/site\/wp-json\/wp\/v2\/media\/19294"}],"wp:attachment":[{"href":"https:\/\/anoticiaonline.com.br\/site\/wp-json\/wp\/v2\/media?parent=19293"}],"wp:term":[{"taxonomy":"category","embeddable":true,"href":"https:\/\/anoticiaonline.com.br\/site\/wp-json\/wp\/v2\/categories?post=19293"},{"taxonomy":"post_tag","embeddable":true,"href":"https:\/\/anoticiaonline.com.br\/site\/wp-json\/wp\/v2\/tags?post=19293"}],"curies":[{"name":"wp","href":"https:\/\/api.w.org\/{rel}","templated":true}]}}