{"id":19173,"date":"2016-09-23T08:00:35","date_gmt":"2016-09-23T11:00:35","guid":{"rendered":"http:\/\/anoticiaonline.com.br\/site\/?p=19173"},"modified":"2016-09-22T19:32:33","modified_gmt":"2016-09-22T22:32:33","slug":"sindicato-dos-trabalhadores-rurais-de-miradouro-comemora-30-anos","status":"publish","type":"post","link":"https:\/\/anoticiaonline.com.br\/site\/sindicato-dos-trabalhadores-rurais-de-miradouro-comemora-30-anos\/","title":{"rendered":"Sindicato dos Trabalhadores Rurais de Miradouro comemora 30 anos"},"content":{"rendered":"<p><a href=\"https:\/\/anoticiaonline.com.br\/site\/wp-content\/uploads\/2016\/09\/DSC_0697.jpg\"><img decoding=\"async\" class=\" size-medium wp-image-19174 alignleft\" src=\"https:\/\/anoticiaonline.com.br\/site\/wp-content\/uploads\/2016\/09\/DSC_0697-300x160.jpg\" alt=\"dsc_0697\" width=\"300\" height=\"160\" srcset=\"https:\/\/anoticiaonline.com.br\/site\/wp-content\/uploads\/2016\/09\/DSC_0697-300x160.jpg 300w, https:\/\/anoticiaonline.com.br\/site\/wp-content\/uploads\/2016\/09\/DSC_0697.jpg 640w\" sizes=\"(max-width: 300px) 100vw, 300px\" \/><\/a>O Sindicato dos Trabalhadores Rurais de Miradouro completou seus 30 anos de funda\u00e7\u00e3o com uma grande festa na quarta-feira (21) para os sindicalizados. A programa\u00e7\u00e3o inclui missa em a\u00e7\u00e3o de gra\u00e7as, distribui\u00e7\u00e3o de lanche, v\u00e1rias apresenta\u00e7\u00f5es musicais, sorteio de diversos brindes e, ao final, o sorteio de uma moto 125cc.<\/p>\n<p>Os brindes foram doados por empresas daquele munic\u00edpio e algumas cidades da regi\u00e3o. A vencedora da motocicleta foi Maria da Gl\u00f3ria Almeida, que \u00e9 filiada ao sindicato h\u00e1 19 anos. Como no dia 21 de setembro \u00e9 comemorado o Dia da \u00c1rvore, tamb\u00e9m foram distribu\u00eddas mudas para serem plantadas nas propriedades.<\/p>\n<p>Fundado no dia 21 de setembro de 1986, o Sindicato dos Trabalhadores Rurais de Miradouro possui, atualmente, 3.494 associados. O presidente do sindicato, Isa\u00edas Cl\u00f3vis de Freitas, celebra as tr\u00eas d\u00e9cadas da entidade. \u201cS\u00e3o 30 anos de lutas, mas tamb\u00e9m de vit\u00f3rias. O mais importante nesses 30 anos de sindicato s\u00e3o as conquistas obtidas. Esse momento \u00e9 de celebra\u00e7\u00e3o das conquistas. A participa\u00e7\u00e3o e a atua\u00e7\u00e3o dos trabalhadores s\u00e3o muito importantes, pois eles mant\u00eam o sindicato atuante\u201d, afirma.<\/p>\n<p>Diversas autoridades, ex-presidentes do sindicato e representantes de institui\u00e7\u00f5es estiveram presentes, como o deputado estadual Padre Jo\u00e3o. O parlamentar afirma que este momento \u00e9 de comemora\u00e7\u00e3o e de avan\u00e7o nas conquistas. \u201c\u00c9 com muita satisfa\u00e7\u00e3o que participei desse momento hist\u00f3rico. S\u00e3o 30 anos de luta, mas tamb\u00e9m de vit\u00f3rias. O sindicato de base \u00e9 muito importante, ele tem um papel fundamental para o fortalecimento na luta por direitos dos trabalhadores. A participa\u00e7\u00e3o de todos \u00e9 muito importante nesse momento, para assegurar essa luta, para que n\u00e3o tenhamos nenhum retrocesso em nenhum dos direitos\u201d, salienta.<\/p>\n<p>A vice-prefeita de Miradouro, Gilsilene Maria Mendes, que trabalhou por seis anos na entidade, parabeniza o sindicato pelas suas tr\u00eas d\u00e9cadas de funda\u00e7\u00e3o. \u201c\u00c9 com muito orgulho que participo dessa grande festa dos 30 anos do sindicato representando os seus funcion\u00e1rios. Tive o prazer de trabalhar nessa entidade por seis anos e meio. Foram anos de experi\u00eancia, em que pude crescer como profissional e como pessoa, atuante nos movimentos sindicais. Tive a oportunidade de participar de v\u00e1rias manifesta\u00e7\u00f5es em busca das conquistas que hoje podemos ser beneficiados\u201d, diz.<\/p>\n<p>O diretor regional da Federa\u00e7\u00e3o dos Trabalhadores da Agricultura do Estado de Minas Gerais (FETAEMG), Vanderley Ant\u00f4nio Chilese, tamb\u00e9m parabeniza o sindicato por sua atua\u00e7\u00e3o em prol dos trabalhadores rurais. \u201cParabenizo os trabalhadores e a dire\u00e7\u00e3o do sindicato por essa data t\u00e3o importante. Esse \u00e9 um sindicato, atuante, onde os trabalhadores podem ser homenageados e buscam no dia a dia a sua representa\u00e7\u00e3o e melhores condi\u00e7\u00f5es de vida\u201d, afirma.<\/p>\n<p>O presidente da Cresol, Jo\u00e3o Paulo Dias da Fonseca, frisa que esse \u00e9 um dia hist\u00f3rico para o sindicato, o qual considera como uma institui\u00e7\u00e3o que representa, de fato, o agricultor e a agricultora familiar. \u201c\u00c9 uma institui\u00e7\u00e3o s\u00e9ria e respons\u00e1vel, constru\u00edda coletivamente, com a participa\u00e7\u00e3o de cada homem e de cada mulher presente na hist\u00f3ria desse sindicato. Nesses 30 anos, ap\u00f3s muita luta, diversas conquistas foram obtidas. Nesse per\u00edodo, o sindicato n\u00e3o se omitiu de seu papel de representatividade da classe rural de Miradouro. S\u00f3 tenho a parabenizar o sindicato, principalmente pela continuidade ao trabalho que realizou e vem realizando em prol dos trabalhadores e trabalhadoras rurais. A Cresol tamb\u00e9m \u00e9 resultado dessa luta. A Cresol s\u00f3 existe porque, um dia, lideran\u00e7as dos sindicatos rurais lutaram para que o homem do campo pudesse ter sua institui\u00e7\u00e3o de cr\u00e9dito\u201d, conta.<\/p>\n<p>O primeiro presidente do Sindicato dos Trabalhadores Rurais de Miradouro, Jos\u00e9 Maria dos Santos, lembra que a entidade surgiu a partir da constru\u00e7\u00e3o Comunidades Eclesiais de Base (CEBs) e que, at\u00e9 1988, os trabalhadores rurais homens s\u00f3 recebiam meio sal\u00e1rio e a mulher produtora rural n\u00e3o tinha direito \u00e0 aposentaria e nem \u00e0 pens\u00e3o do marido. \u201cO povo era muito explorado. O sindicato surge como uma necessidade de dar resposta a esse processo de explora\u00e7\u00e3o que era feito contra o agricultor familiar, pequeno produtor, meeiro e arrendat\u00e1rio. Era uma luta nossa para que esse trabalhador, ao inv\u00e9s de meio, recebesse um sal\u00e1rio m\u00ednimo. A mulher produtora rural, por exemplo, n\u00e3o tinha direito \u00e0 aposentaria e nem \u00e0 pens\u00e3o do marido. Mesmo depois da Constitui\u00e7\u00e3o de 1988, foi uma luta muito grande para alcan\u00e7ar essas conquistas para a mulher produtora rural, pois tinha que ser regulamentado\u201d, conta.<\/p>\n<p>Ainda segundo ele, 30 anos depois, o sindicato continua sendo necess\u00e1rio para a garantia de direitos da classe \u00e0 qual representa. \u201cEm meio a essa crise em que o pa\u00eds vive e a esse governo transit\u00f3rio, todos esses direitos, conquistados h\u00e1 30 anos, est\u00e3o amea\u00e7ados. Nesse momento, o sindicato tem que atuar novamente, para que os trabalhadores n\u00e3o percam esses direitos j\u00e1 conquistados. Nesses 30 anos, tivemos muitos avan\u00e7os, mas precisamos avan\u00e7ar ainda mais\u201d, alerta.<\/p>\n<p><strong>PALAVRA DOS EX-PRESIDENTES E EX-DIRETOR DO SINDICATO &#8211;<\/strong> Os ex-presidentes e ex-diretor do sindicato comemoram os 30 anos de sua funda\u00e7\u00e3o e as conquistas obtidas ao longo dessas tr\u00eas d\u00e9cadas em prol do trabalhador e trabalhadora rural.<\/p>\n<p>\u201c\u00c9 muita felicidade e orgulho comemorar os 30 anos desse sindicato. Nas \u00e1reas social, pol\u00edtica e ambiental, \u00e9 uma felicidade nossa conseguir a conscientiza\u00e7\u00e3o das pessoas e ver o quanto evolu\u00edmos. O trabalho do produtor rural hoje em Miradouro contribui para a economia do munic\u00edpio.\u201d &#8211; Ronaldo Ferreira, presidente do sindicato entre 1999-2002 e 2002-2005<\/p>\n<p>\u201cTenho a honra de ter participado durante quatro anos da presid\u00eancia do sindicato e continuar a fazer parte da diretoria, como diretor de Pol\u00edtica e Reforma Agr\u00e1ria. Hoje, os desafios s\u00e3o diferentes. H\u00e1 30 anos brig\u00e1vamos por espa\u00e7o. Hoje, estamos lutando para n\u00e3o perder as conquistas j\u00e1 obtidas. Parabenizo o sindicato pelos seus 30 anos.\u201d &#8211; Valdeci de Castro, presidente do sindicato entre 2012-2016<\/p>\n<p>\u201c\u00c9 muita emo\u00e7\u00e3o comemorar os 30 anos do sindicato. Desejo que essa data se repita por muitos e muitos anos.\u201d &#8211; Jos\u00e9 Geraldino, ex-diretor do sindicato<\/p>\n<p>\u201cFiz parte dessa hist\u00f3ria de luta e constru\u00e7\u00e3o dos direitos dos trabalhadores e trabalhadoras rurais. Comemorar esses 30 anos \u00e9 emocionante e revigora minhas for\u00e7as para continuar a defender os nossos direitos, os quais est\u00e3o sendo amea\u00e7ados. Estamos firmes para vencer essa batalha.\u201d &#8211; Terezinha Aparecida Gomes, uma das fundadoras do sindicato, atuando como secret\u00e1ria, tesoureira e presidente<\/p>\n<p><img decoding=\"async\" class=\"ngg_displayed_gallery mceItem\" src=\"https:\/\/anoticiaonline.com.br\/site\/nextgen-attach_to_post\/preview\/id--19283\" alt=\"\" \/><\/p>\n","protected":false},"excerpt":{"rendered":"<p>O Sindicato dos Trabalhadores Rurais de Miradouro completou seus 30 anos de funda\u00e7\u00e3o com uma grande festa na quarta-feira (21) para os sindicalizados. A programa\u00e7\u00e3o inclui missa em a\u00e7\u00e3o de gra\u00e7as, distribui\u00e7\u00e3o de lanche, v\u00e1rias apresenta\u00e7\u00f5es musicais, sorteio de diversos brindes e, ao final, o sorteio de uma moto 125cc. Os brindes foram doados por &#8230; <a title=\"Sindicato dos Trabalhadores Rurais de Miradouro comemora 30 anos\" class=\"read-more\" href=\"https:\/\/anoticiaonline.com.br\/site\/sindicato-dos-trabalhadores-rurais-de-miradouro-comemora-30-anos\/\" aria-label=\"Read more about Sindicato dos Trabalhadores Rurais de Miradouro comemora 30 anos\">Ler mais<\/a><\/p>\n","protected":false},"author":2,"featured_media":19174,"comment_status":"open","ping_status":"open","sticky":false,"template":"","format":"standard","meta":{"_acf_changed":false,"_monsterinsights_skip_tracking":false,"footnotes":""},"categories":[24],"tags":[3],"class_list":["post-19173","post","type-post","status-publish","format-standard","has-post-thumbnail","hentry","category-eventos","tag-slide"],"acf":[],"aioseo_notices":[],"aioseo_head":"\n\t\t<!-- All in One SEO 5.0.0.1 - aioseo.com -->\n\t<meta name=\"description\" content=\"O Sindicato dos Trabalhadores Rurais de Miradouro completou seus 30 anos de funda\u00e7\u00e3o com uma grande festa na quarta-feira (21) para os sindicalizados. A programa\u00e7\u00e3o inclui missa em a\u00e7\u00e3o de gra\u00e7as, distribui\u00e7\u00e3o de lanche, v\u00e1rias apresenta\u00e7\u00f5es musicais, sorteio de diversos brindes e, ao final, o sorteio de uma moto 125cc. Os brindes foram doados por\" \/>\n\t<meta name=\"robots\" content=\"max-image-preview:large\" \/>\n\t<meta name=\"author\" content=\"Juliana Laviola\"\/>\n\t<link rel=\"canonical\" href=\"https:\/\/anoticiaonline.com.br\/site\/sindicato-dos-trabalhadores-rurais-de-miradouro-comemora-30-anos\/\" \/>\n\t<meta name=\"generator\" content=\"All in One SEO (AIOSEO) 5.0.0.1\" \/>\n\t\t<meta property=\"og:locale\" content=\"pt_BR\" \/>\n\t\t<meta property=\"og:site_name\" content=\"A Not\u00edcia Online - Noticias de Muria\u00e9 e regi\u00e3o\" \/>\n\t\t<meta property=\"og:type\" content=\"article\" \/>\n\t\t<meta property=\"og:title\" content=\"Sindicato dos Trabalhadores Rurais de Miradouro comemora 30 anos - A Not\u00edcia Online\" \/>\n\t\t<meta property=\"og:description\" content=\"O Sindicato dos Trabalhadores Rurais de Miradouro completou seus 30 anos de funda\u00e7\u00e3o com uma grande festa na quarta-feira (21) para os sindicalizados. A programa\u00e7\u00e3o inclui missa em a\u00e7\u00e3o de gra\u00e7as, distribui\u00e7\u00e3o de lanche, v\u00e1rias apresenta\u00e7\u00f5es musicais, sorteio de diversos brindes e, ao final, o sorteio de uma moto 125cc. Os brindes foram doados por\" \/>\n\t\t<meta property=\"og:url\" content=\"https:\/\/anoticiaonline.com.br\/site\/sindicato-dos-trabalhadores-rurais-de-miradouro-comemora-30-anos\/\" \/>\n\t\t<meta property=\"og:image\" content=\"https:\/\/scontent-gig4-1.xx.fbcdn.net\/v\/t39.30808-1\/270437624_4564083193639691_6907940295614233970_n.jpg?stp=dst-jpg_s200x200_tt6&#038;_nc_cat=111&#038;ccb=1-7&#038;_nc_sid=f907e8&#038;_nc_ohc=SM1wRlP3lJwQ7kNvwEPuBYA&#038;_nc_oc=AdnqrjDN_BNjSSHWO-GbkIWH6fkGMLw4bqvL_NH6e2wMveX7G-rP2dAqsDSq1mJMOaY&#038;_nc_zt=24&#038;_nc_ht=scontent-gig4-1.xx&#038;_nc_gid=AoBFJeGrT1hVaew_6rchkQ&#038;oh=00_AfX7QmFGhQhG2jAllVgXCiM1ZrWgvtp80-Bfppyexh1QEg&#038;oe=689E923C\" \/>\n\t\t<meta property=\"og:image:secure_url\" content=\"https:\/\/scontent-gig4-1.xx.fbcdn.net\/v\/t39.30808-1\/270437624_4564083193639691_6907940295614233970_n.jpg?stp=dst-jpg_s200x200_tt6&#038;_nc_cat=111&#038;ccb=1-7&#038;_nc_sid=f907e8&#038;_nc_ohc=SM1wRlP3lJwQ7kNvwEPuBYA&#038;_nc_oc=AdnqrjDN_BNjSSHWO-GbkIWH6fkGMLw4bqvL_NH6e2wMveX7G-rP2dAqsDSq1mJMOaY&#038;_nc_zt=24&#038;_nc_ht=scontent-gig4-1.xx&#038;_nc_gid=AoBFJeGrT1hVaew_6rchkQ&#038;oh=00_AfX7QmFGhQhG2jAllVgXCiM1ZrWgvtp80-Bfppyexh1QEg&#038;oe=689E923C\" \/>\n\t\t<meta property=\"article:published_time\" content=\"2016-09-23T11:00:35+00:00\" \/>\n\t\t<meta property=\"article:modified_time\" content=\"2016-09-22T22:32:33+00:00\" \/>\n\t\t<meta name=\"twitter:card\" content=\"summary_large_image\" \/>\n\t\t<meta name=\"twitter:title\" content=\"Sindicato dos Trabalhadores Rurais de Miradouro comemora 30 anos - A Not\u00edcia Online\" \/>\n\t\t<meta name=\"twitter:description\" content=\"O Sindicato dos Trabalhadores Rurais de Miradouro completou seus 30 anos de funda\u00e7\u00e3o com uma grande festa na quarta-feira (21) para os sindicalizados. A programa\u00e7\u00e3o inclui missa em a\u00e7\u00e3o de gra\u00e7as, distribui\u00e7\u00e3o de lanche, v\u00e1rias apresenta\u00e7\u00f5es musicais, sorteio de diversos brindes e, ao final, o sorteio de uma moto 125cc. Os brindes foram doados por\" \/>\n\t\t<meta name=\"twitter:image\" content=\"https:\/\/scontent-gig4-1.xx.fbcdn.net\/v\/t39.30808-1\/270437624_4564083193639691_6907940295614233970_n.jpg?stp=dst-jpg_s200x200_tt6&amp;_nc_cat=111&amp;ccb=1-7&amp;_nc_sid=f907e8&amp;_nc_ohc=SM1wRlP3lJwQ7kNvwEPuBYA&amp;_nc_oc=AdnqrjDN_BNjSSHWO-GbkIWH6fkGMLw4bqvL_NH6e2wMveX7G-rP2dAqsDSq1mJMOaY&amp;_nc_zt=24&amp;_nc_ht=scontent-gig4-1.xx&amp;_nc_gid=AoBFJeGrT1hVaew_6rchkQ&amp;oh=00_AfX7QmFGhQhG2jAllVgXCiM1ZrWgvtp80-Bfppyexh1QEg&amp;oe=689E923C\" \/>\n\t\t<script type=\"application\/ld+json\" class=\"aioseo-schema\">\n\t\t\t{\"@context\":\"https:\\\/\\\/schema.org\",\"@graph\":[{\"@type\":\"BlogPosting\",\"@id\":\"https:\\\/\\\/anoticiaonline.com.br\\\/site\\\/sindicato-dos-trabalhadores-rurais-de-miradouro-comemora-30-anos\\\/#blogposting\",\"name\":\"Sindicato dos Trabalhadores Rurais de Miradouro comemora 30 anos - A Not\\u00edcia Online\",\"headline\":\"Sindicato dos Trabalhadores Rurais de Miradouro comemora 30 anos\",\"author\":{\"@id\":\"https:\\\/\\\/anoticiaonline.com.br\\\/site\\\/author\\\/juliana\\\/#author\"},\"publisher\":{\"@id\":\"https:\\\/\\\/anoticiaonline.com.br\\\/site\\\/#organization\"},\"image\":{\"@type\":\"ImageObject\",\"url\":\"https:\\\/\\\/anoticiaonline.com.br\\\/site\\\/wp-content\\\/uploads\\\/2016\\\/09\\\/DSC_0697.jpg\",\"width\":640,\"height\":341},\"datePublished\":\"2016-09-23T08:00:35-03:00\",\"dateModified\":\"2016-09-22T19:32:33-03:00\",\"inLanguage\":\"pt-BR\",\"mainEntityOfPage\":{\"@id\":\"https:\\\/\\\/anoticiaonline.com.br\\\/site\\\/sindicato-dos-trabalhadores-rurais-de-miradouro-comemora-30-anos\\\/#webpage\"},\"isPartOf\":{\"@id\":\"https:\\\/\\\/anoticiaonline.com.br\\\/site\\\/sindicato-dos-trabalhadores-rurais-de-miradouro-comemora-30-anos\\\/#webpage\"},\"articleSection\":\"Eventos, slide\"},{\"@type\":\"BreadcrumbList\",\"@id\":\"https:\\\/\\\/anoticiaonline.com.br\\\/site\\\/sindicato-dos-trabalhadores-rurais-de-miradouro-comemora-30-anos\\\/#breadcrumblist\",\"itemListElement\":[{\"@type\":\"ListItem\",\"@id\":\"https:\\\/\\\/anoticiaonline.com.br\\\/site#listItem\",\"position\":1,\"name\":\"Home\",\"item\":\"https:\\\/\\\/anoticiaonline.com.br\\\/site\",\"nextItem\":{\"@type\":\"ListItem\",\"@id\":\"https:\\\/\\\/anoticiaonline.com.br\\\/site\\\/categoria\\\/eventos\\\/#listItem\",\"name\":\"Eventos\"}},{\"@type\":\"ListItem\",\"@id\":\"https:\\\/\\\/anoticiaonline.com.br\\\/site\\\/categoria\\\/eventos\\\/#listItem\",\"position\":2,\"name\":\"Eventos\",\"item\":\"https:\\\/\\\/anoticiaonline.com.br\\\/site\\\/categoria\\\/eventos\\\/\",\"nextItem\":{\"@type\":\"ListItem\",\"@id\":\"https:\\\/\\\/anoticiaonline.com.br\\\/site\\\/sindicato-dos-trabalhadores-rurais-de-miradouro-comemora-30-anos\\\/#listItem\",\"name\":\"Sindicato dos Trabalhadores Rurais de Miradouro comemora 30 anos\"},\"previousItem\":{\"@type\":\"ListItem\",\"@id\":\"https:\\\/\\\/anoticiaonline.com.br\\\/site#listItem\",\"name\":\"Home\"}},{\"@type\":\"ListItem\",\"@id\":\"https:\\\/\\\/anoticiaonline.com.br\\\/site\\\/sindicato-dos-trabalhadores-rurais-de-miradouro-comemora-30-anos\\\/#listItem\",\"position\":3,\"name\":\"Sindicato dos Trabalhadores Rurais de Miradouro comemora 30 anos\",\"previousItem\":{\"@type\":\"ListItem\",\"@id\":\"https:\\\/\\\/anoticiaonline.com.br\\\/site\\\/categoria\\\/eventos\\\/#listItem\",\"name\":\"Eventos\"}}]},{\"@type\":\"Organization\",\"@id\":\"https:\\\/\\\/anoticiaonline.com.br\\\/site\\\/#organization\",\"name\":\"A Not\\u00edcia Online\",\"description\":\"Noticias de Muria\\u00e9 e regi\\u00e3o\",\"url\":\"https:\\\/\\\/anoticiaonline.com.br\\\/site\\\/\",\"logo\":{\"@type\":\"ImageObject\",\"url\":\"https:\\\/\\\/scontent-gig4-1.xx.fbcdn.net\\\/v\\\/t39.30808-1\\\/270437624_4564083193639691_6907940295614233970_n.jpg?stp=dst-jpg_s200x200_tt6&_nc_cat=111&ccb=1-7&_nc_sid=f907e8&_nc_ohc=SM1wRlP3lJwQ7kNvwEPuBYA&_nc_oc=AdnqrjDN_BNjSSHWO-GbkIWH6fkGMLw4bqvL_NH6e2wMveX7G-rP2dAqsDSq1mJMOaY&_nc_zt=24&_nc_ht=scontent-gig4-1.xx&_nc_gid=AoBFJeGrT1hVaew_6rchkQ&oh=00_AfX7QmFGhQhG2jAllVgXCiM1ZrWgvtp80-Bfppyexh1QEg&oe=689E923C\",\"@id\":\"https:\\\/\\\/anoticiaonline.com.br\\\/site\\\/sindicato-dos-trabalhadores-rurais-de-miradouro-comemora-30-anos\\\/#organizationLogo\"},\"image\":{\"@id\":\"https:\\\/\\\/anoticiaonline.com.br\\\/site\\\/sindicato-dos-trabalhadores-rurais-de-miradouro-comemora-30-anos\\\/#organizationLogo\"}},{\"@type\":\"Person\",\"@id\":\"https:\\\/\\\/anoticiaonline.com.br\\\/site\\\/author\\\/juliana\\\/#author\",\"url\":\"https:\\\/\\\/anoticiaonline.com.br\\\/site\\\/author\\\/juliana\\\/\",\"name\":\"Juliana Laviola\",\"image\":{\"@type\":\"ImageObject\",\"@id\":\"https:\\\/\\\/anoticiaonline.com.br\\\/site\\\/sindicato-dos-trabalhadores-rurais-de-miradouro-comemora-30-anos\\\/#authorImage\",\"url\":\"https:\\\/\\\/secure.gravatar.com\\\/avatar\\\/b8d45f5c699b100dfaf0e543582f38f38bf94cb7ae3a5e9abf8d891a34773335?s=96&d=mm&r=g\",\"width\":96,\"height\":96,\"caption\":\"Juliana Laviola\"}},{\"@type\":\"WebPage\",\"@id\":\"https:\\\/\\\/anoticiaonline.com.br\\\/site\\\/sindicato-dos-trabalhadores-rurais-de-miradouro-comemora-30-anos\\\/#webpage\",\"url\":\"https:\\\/\\\/anoticiaonline.com.br\\\/site\\\/sindicato-dos-trabalhadores-rurais-de-miradouro-comemora-30-anos\\\/\",\"name\":\"Sindicato dos Trabalhadores Rurais de Miradouro comemora 30 anos - A Not\\u00edcia Online\",\"description\":\"O Sindicato dos Trabalhadores Rurais de Miradouro completou seus 30 anos de funda\\u00e7\\u00e3o com uma grande festa na quarta-feira (21) para os sindicalizados. A programa\\u00e7\\u00e3o inclui missa em a\\u00e7\\u00e3o de gra\\u00e7as, distribui\\u00e7\\u00e3o de lanche, v\\u00e1rias apresenta\\u00e7\\u00f5es musicais, sorteio de diversos brindes e, ao final, o sorteio de uma moto 125cc. Os brindes foram doados por\",\"inLanguage\":\"pt-BR\",\"isPartOf\":{\"@id\":\"https:\\\/\\\/anoticiaonline.com.br\\\/site\\\/#website\"},\"breadcrumb\":{\"@id\":\"https:\\\/\\\/anoticiaonline.com.br\\\/site\\\/sindicato-dos-trabalhadores-rurais-de-miradouro-comemora-30-anos\\\/#breadcrumblist\"},\"author\":{\"@id\":\"https:\\\/\\\/anoticiaonline.com.br\\\/site\\\/author\\\/juliana\\\/#author\"},\"creator\":{\"@id\":\"https:\\\/\\\/anoticiaonline.com.br\\\/site\\\/author\\\/juliana\\\/#author\"},\"image\":{\"@type\":\"ImageObject\",\"url\":\"https:\\\/\\\/anoticiaonline.com.br\\\/site\\\/wp-content\\\/uploads\\\/2016\\\/09\\\/DSC_0697.jpg\",\"@id\":\"https:\\\/\\\/anoticiaonline.com.br\\\/site\\\/sindicato-dos-trabalhadores-rurais-de-miradouro-comemora-30-anos\\\/#mainImage\",\"width\":640,\"height\":341},\"primaryImageOfPage\":{\"@id\":\"https:\\\/\\\/anoticiaonline.com.br\\\/site\\\/sindicato-dos-trabalhadores-rurais-de-miradouro-comemora-30-anos\\\/#mainImage\"},\"datePublished\":\"2016-09-23T08:00:35-03:00\",\"dateModified\":\"2016-09-22T19:32:33-03:00\"},{\"@type\":\"WebSite\",\"@id\":\"https:\\\/\\\/anoticiaonline.com.br\\\/site\\\/#website\",\"url\":\"https:\\\/\\\/anoticiaonline.com.br\\\/site\\\/\",\"name\":\"A Not\\u00edcia Online\",\"description\":\"Noticias de Muria\\u00e9 e regi\\u00e3o\",\"inLanguage\":\"pt-BR\",\"publisher\":{\"@id\":\"https:\\\/\\\/anoticiaonline.com.br\\\/site\\\/#organization\"}}]}\n\t\t<\/script>\n\t\t<!-- All in One SEO -->\n\n","aioseo_head_json":{"title":"Sindicato dos Trabalhadores Rurais de Miradouro comemora 30 anos - A Not\u00edcia Online","description":"O Sindicato dos Trabalhadores Rurais de Miradouro completou seus 30 anos de funda\u00e7\u00e3o com uma grande festa na quarta-feira (21) para os sindicalizados. A programa\u00e7\u00e3o inclui missa em a\u00e7\u00e3o de gra\u00e7as, distribui\u00e7\u00e3o de lanche, v\u00e1rias apresenta\u00e7\u00f5es musicais, sorteio de diversos brindes e, ao final, o sorteio de uma moto 125cc. Os brindes foram doados por","canonical_url":"https:\/\/anoticiaonline.com.br\/site\/sindicato-dos-trabalhadores-rurais-de-miradouro-comemora-30-anos\/","robots":"max-image-preview:large","keywords":"","webmasterTools":{"miscellaneous":""},"schema":{"@context":"https:\/\/schema.org","@graph":[{"@type":"BlogPosting","@id":"https:\/\/anoticiaonline.com.br\/site\/sindicato-dos-trabalhadores-rurais-de-miradouro-comemora-30-anos\/#blogposting","name":"Sindicato dos Trabalhadores Rurais de Miradouro comemora 30 anos - A Not\u00edcia Online","headline":"Sindicato dos Trabalhadores Rurais de Miradouro comemora 30 anos","author":{"@id":"https:\/\/anoticiaonline.com.br\/site\/author\/juliana\/#author"},"publisher":{"@id":"https:\/\/anoticiaonline.com.br\/site\/#organization"},"image":{"@type":"ImageObject","url":"https:\/\/anoticiaonline.com.br\/site\/wp-content\/uploads\/2016\/09\/DSC_0697.jpg","width":640,"height":341},"datePublished":"2016-09-23T08:00:35-03:00","dateModified":"2016-09-22T19:32:33-03:00","inLanguage":"pt-BR","mainEntityOfPage":{"@id":"https:\/\/anoticiaonline.com.br\/site\/sindicato-dos-trabalhadores-rurais-de-miradouro-comemora-30-anos\/#webpage"},"isPartOf":{"@id":"https:\/\/anoticiaonline.com.br\/site\/sindicato-dos-trabalhadores-rurais-de-miradouro-comemora-30-anos\/#webpage"},"articleSection":"Eventos, slide"},{"@type":"BreadcrumbList","@id":"https:\/\/anoticiaonline.com.br\/site\/sindicato-dos-trabalhadores-rurais-de-miradouro-comemora-30-anos\/#breadcrumblist","itemListElement":[{"@type":"ListItem","@id":"https:\/\/anoticiaonline.com.br\/site#listItem","position":1,"name":"Home","item":"https:\/\/anoticiaonline.com.br\/site","nextItem":{"@type":"ListItem","@id":"https:\/\/anoticiaonline.com.br\/site\/categoria\/eventos\/#listItem","name":"Eventos"}},{"@type":"ListItem","@id":"https:\/\/anoticiaonline.com.br\/site\/categoria\/eventos\/#listItem","position":2,"name":"Eventos","item":"https:\/\/anoticiaonline.com.br\/site\/categoria\/eventos\/","nextItem":{"@type":"ListItem","@id":"https:\/\/anoticiaonline.com.br\/site\/sindicato-dos-trabalhadores-rurais-de-miradouro-comemora-30-anos\/#listItem","name":"Sindicato dos Trabalhadores Rurais de Miradouro comemora 30 anos"},"previousItem":{"@type":"ListItem","@id":"https:\/\/anoticiaonline.com.br\/site#listItem","name":"Home"}},{"@type":"ListItem","@id":"https:\/\/anoticiaonline.com.br\/site\/sindicato-dos-trabalhadores-rurais-de-miradouro-comemora-30-anos\/#listItem","position":3,"name":"Sindicato dos Trabalhadores Rurais de Miradouro comemora 30 anos","previousItem":{"@type":"ListItem","@id":"https:\/\/anoticiaonline.com.br\/site\/categoria\/eventos\/#listItem","name":"Eventos"}}]},{"@type":"Organization","@id":"https:\/\/anoticiaonline.com.br\/site\/#organization","name":"A Not\u00edcia Online","description":"Noticias de Muria\u00e9 e regi\u00e3o","url":"https:\/\/anoticiaonline.com.br\/site\/","logo":{"@type":"ImageObject","url":"https:\/\/scontent-gig4-1.xx.fbcdn.net\/v\/t39.30808-1\/270437624_4564083193639691_6907940295614233970_n.jpg?stp=dst-jpg_s200x200_tt6&_nc_cat=111&ccb=1-7&_nc_sid=f907e8&_nc_ohc=SM1wRlP3lJwQ7kNvwEPuBYA&_nc_oc=AdnqrjDN_BNjSSHWO-GbkIWH6fkGMLw4bqvL_NH6e2wMveX7G-rP2dAqsDSq1mJMOaY&_nc_zt=24&_nc_ht=scontent-gig4-1.xx&_nc_gid=AoBFJeGrT1hVaew_6rchkQ&oh=00_AfX7QmFGhQhG2jAllVgXCiM1ZrWgvtp80-Bfppyexh1QEg&oe=689E923C","@id":"https:\/\/anoticiaonline.com.br\/site\/sindicato-dos-trabalhadores-rurais-de-miradouro-comemora-30-anos\/#organizationLogo"},"image":{"@id":"https:\/\/anoticiaonline.com.br\/site\/sindicato-dos-trabalhadores-rurais-de-miradouro-comemora-30-anos\/#organizationLogo"}},{"@type":"Person","@id":"https:\/\/anoticiaonline.com.br\/site\/author\/juliana\/#author","url":"https:\/\/anoticiaonline.com.br\/site\/author\/juliana\/","name":"Juliana Laviola","image":{"@type":"ImageObject","@id":"https:\/\/anoticiaonline.com.br\/site\/sindicato-dos-trabalhadores-rurais-de-miradouro-comemora-30-anos\/#authorImage","url":"https:\/\/secure.gravatar.com\/avatar\/b8d45f5c699b100dfaf0e543582f38f38bf94cb7ae3a5e9abf8d891a34773335?s=96&d=mm&r=g","width":96,"height":96,"caption":"Juliana Laviola"}},{"@type":"WebPage","@id":"https:\/\/anoticiaonline.com.br\/site\/sindicato-dos-trabalhadores-rurais-de-miradouro-comemora-30-anos\/#webpage","url":"https:\/\/anoticiaonline.com.br\/site\/sindicato-dos-trabalhadores-rurais-de-miradouro-comemora-30-anos\/","name":"Sindicato dos Trabalhadores Rurais de Miradouro comemora 30 anos - A Not\u00edcia Online","description":"O Sindicato dos Trabalhadores Rurais de Miradouro completou seus 30 anos de funda\u00e7\u00e3o com uma grande festa na quarta-feira (21) para os sindicalizados. A programa\u00e7\u00e3o inclui missa em a\u00e7\u00e3o de gra\u00e7as, distribui\u00e7\u00e3o de lanche, v\u00e1rias apresenta\u00e7\u00f5es musicais, sorteio de diversos brindes e, ao final, o sorteio de uma moto 125cc. Os brindes foram doados por","inLanguage":"pt-BR","isPartOf":{"@id":"https:\/\/anoticiaonline.com.br\/site\/#website"},"breadcrumb":{"@id":"https:\/\/anoticiaonline.com.br\/site\/sindicato-dos-trabalhadores-rurais-de-miradouro-comemora-30-anos\/#breadcrumblist"},"author":{"@id":"https:\/\/anoticiaonline.com.br\/site\/author\/juliana\/#author"},"creator":{"@id":"https:\/\/anoticiaonline.com.br\/site\/author\/juliana\/#author"},"image":{"@type":"ImageObject","url":"https:\/\/anoticiaonline.com.br\/site\/wp-content\/uploads\/2016\/09\/DSC_0697.jpg","@id":"https:\/\/anoticiaonline.com.br\/site\/sindicato-dos-trabalhadores-rurais-de-miradouro-comemora-30-anos\/#mainImage","width":640,"height":341},"primaryImageOfPage":{"@id":"https:\/\/anoticiaonline.com.br\/site\/sindicato-dos-trabalhadores-rurais-de-miradouro-comemora-30-anos\/#mainImage"},"datePublished":"2016-09-23T08:00:35-03:00","dateModified":"2016-09-22T19:32:33-03:00"},{"@type":"WebSite","@id":"https:\/\/anoticiaonline.com.br\/site\/#website","url":"https:\/\/anoticiaonline.com.br\/site\/","name":"A Not\u00edcia Online","description":"Noticias de Muria\u00e9 e regi\u00e3o","inLanguage":"pt-BR","publisher":{"@id":"https:\/\/anoticiaonline.com.br\/site\/#organization"}}]},"og:locale":"pt_BR","og:site_name":"A Not\u00edcia Online - Noticias de Muria\u00e9 e regi\u00e3o","og:type":"article","og:title":"Sindicato dos Trabalhadores Rurais de Miradouro comemora 30 anos - A Not\u00edcia Online","og:description":"O Sindicato dos Trabalhadores Rurais de Miradouro completou seus 30 anos de funda\u00e7\u00e3o com uma grande festa na quarta-feira (21) para os sindicalizados. A programa\u00e7\u00e3o inclui missa em a\u00e7\u00e3o de gra\u00e7as, distribui\u00e7\u00e3o de lanche, v\u00e1rias apresenta\u00e7\u00f5es musicais, sorteio de diversos brindes e, ao final, o sorteio de uma moto 125cc. Os brindes foram doados por","og:url":"https:\/\/anoticiaonline.com.br\/site\/sindicato-dos-trabalhadores-rurais-de-miradouro-comemora-30-anos\/","og:image":"https:\/\/scontent-gig4-1.xx.fbcdn.net\/v\/t39.30808-1\/270437624_4564083193639691_6907940295614233970_n.jpg?stp=dst-jpg_s200x200_tt6&#038;_nc_cat=111&#038;ccb=1-7&#038;_nc_sid=f907e8&#038;_nc_ohc=SM1wRlP3lJwQ7kNvwEPuBYA&#038;_nc_oc=AdnqrjDN_BNjSSHWO-GbkIWH6fkGMLw4bqvL_NH6e2wMveX7G-rP2dAqsDSq1mJMOaY&#038;_nc_zt=24&#038;_nc_ht=scontent-gig4-1.xx&#038;_nc_gid=AoBFJeGrT1hVaew_6rchkQ&#038;oh=00_AfX7QmFGhQhG2jAllVgXCiM1ZrWgvtp80-Bfppyexh1QEg&#038;oe=689E923C","og:image:secure_url":"https:\/\/scontent-gig4-1.xx.fbcdn.net\/v\/t39.30808-1\/270437624_4564083193639691_6907940295614233970_n.jpg?stp=dst-jpg_s200x200_tt6&#038;_nc_cat=111&#038;ccb=1-7&#038;_nc_sid=f907e8&#038;_nc_ohc=SM1wRlP3lJwQ7kNvwEPuBYA&#038;_nc_oc=AdnqrjDN_BNjSSHWO-GbkIWH6fkGMLw4bqvL_NH6e2wMveX7G-rP2dAqsDSq1mJMOaY&#038;_nc_zt=24&#038;_nc_ht=scontent-gig4-1.xx&#038;_nc_gid=AoBFJeGrT1hVaew_6rchkQ&#038;oh=00_AfX7QmFGhQhG2jAllVgXCiM1ZrWgvtp80-Bfppyexh1QEg&#038;oe=689E923C","article:published_time":"2016-09-23T11:00:35+00:00","article:modified_time":"2016-09-22T22:32:33+00:00","twitter:card":"summary_large_image","twitter:title":"Sindicato dos Trabalhadores Rurais de Miradouro comemora 30 anos - A Not\u00edcia Online","twitter:description":"O Sindicato dos Trabalhadores Rurais de Miradouro completou seus 30 anos de funda\u00e7\u00e3o com uma grande festa na quarta-feira (21) para os sindicalizados. A programa\u00e7\u00e3o inclui missa em a\u00e7\u00e3o de gra\u00e7as, distribui\u00e7\u00e3o de lanche, v\u00e1rias apresenta\u00e7\u00f5es musicais, sorteio de diversos brindes e, ao final, o sorteio de uma moto 125cc. Os brindes foram doados por","twitter:image":"https:\/\/scontent-gig4-1.xx.fbcdn.net\/v\/t39.30808-1\/270437624_4564083193639691_6907940295614233970_n.jpg?stp=dst-jpg_s200x200_tt6&_nc_cat=111&ccb=1-7&_nc_sid=f907e8&_nc_ohc=SM1wRlP3lJwQ7kNvwEPuBYA&_nc_oc=AdnqrjDN_BNjSSHWO-GbkIWH6fkGMLw4bqvL_NH6e2wMveX7G-rP2dAqsDSq1mJMOaY&_nc_zt=24&_nc_ht=scontent-gig4-1.xx&_nc_gid=AoBFJeGrT1hVaew_6rchkQ&oh=00_AfX7QmFGhQhG2jAllVgXCiM1ZrWgvtp80-Bfppyexh1QEg&oe=689E923C"},"aioseo_meta_data":{"post_id":"19173","title":null,"description":null,"keywords":null,"keyphrases":null,"primary_term":null,"canonical_url":null,"og_title":null,"og_description":null,"og_object_type":"default","og_image_type":"default","og_image_url":null,"og_image_width":null,"og_image_height":null,"og_image_custom_url":null,"og_image_custom_fields":null,"og_video":null,"og_custom_url":null,"og_article_section":null,"og_article_tags":null,"twitter_use_og":false,"twitter_card":"default","twitter_image_type":"default","twitter_image_url":null,"twitter_image_custom_url":null,"twitter_image_custom_fields":null,"twitter_title":null,"twitter_description":null,"schema":{"blockGraphs":[],"customGraphs":[],"default":{"data":{"Article":[],"Course":[],"Dataset":[],"FAQPage":[],"Movie":[],"Person":[],"Product":[],"ProductReview":[],"Car":[],"Recipe":[],"Service":[],"SoftwareApplication":[],"WebPage":[]},"graphName":"","isEnabled":true},"graphs":[]},"schema_type":"default","schema_type_options":null,"pillar_content":false,"robots_default":true,"robots_noindex":false,"robots_noarchive":false,"robots_nosnippet":false,"robots_nofollow":false,"robots_noimageindex":false,"robots_noodp":false,"robots_notranslate":false,"robots_max_snippet":null,"robots_max_videopreview":null,"robots_max_imagepreview":"large","priority":null,"frequency":null,"local_seo":null,"breadcrumb_settings":null,"limit_modified_date":false,"ai":null,"created":"2025-08-16 16:52:17","updated":"2025-08-16 16:52:17","focus_keyword":null,"additional_keywords":null,"truseo_locale":null,"seo_analyzer_scan_date":null},"aioseo_breadcrumb":"<div class=\"aioseo-breadcrumbs\"><span class=\"aioseo-breadcrumb\">\n\t\t\t<a href=\"https:\/\/anoticiaonline.com.br\/site\" title=\"Home\">Home<\/a>\n\t\t<\/span><span class=\"aioseo-breadcrumb-separator\">&raquo;<\/span><span class=\"aioseo-breadcrumb\">\n\t\t\t<a href=\"https:\/\/anoticiaonline.com.br\/site\/categoria\/eventos\/\" title=\"Eventos\">Eventos<\/a>\n\t\t<\/span><span class=\"aioseo-breadcrumb-separator\">&raquo;<\/span><span class=\"aioseo-breadcrumb\">\n\t\t\tSindicato dos Trabalhadores Rurais de Miradouro comemora 30 anos\n\t\t<\/span><\/div>","aioseo_breadcrumb_json":[{"label":"Home","link":"https:\/\/anoticiaonline.com.br\/site"},{"label":"Eventos","link":"https:\/\/anoticiaonline.com.br\/site\/categoria\/eventos\/"},{"label":"Sindicato dos Trabalhadores Rurais de Miradouro comemora 30 anos","link":"https:\/\/anoticiaonline.com.br\/site\/sindicato-dos-trabalhadores-rurais-de-miradouro-comemora-30-anos\/"}],"views":165,"_links":{"self":[{"href":"https:\/\/anoticiaonline.com.br\/site\/wp-json\/wp\/v2\/posts\/19173","targetHints":{"allow":["GET"]}}],"collection":[{"href":"https:\/\/anoticiaonline.com.br\/site\/wp-json\/wp\/v2\/posts"}],"about":[{"href":"https:\/\/anoticiaonline.com.br\/site\/wp-json\/wp\/v2\/types\/post"}],"author":[{"embeddable":true,"href":"https:\/\/anoticiaonline.com.br\/site\/wp-json\/wp\/v2\/users\/2"}],"replies":[{"embeddable":true,"href":"https:\/\/anoticiaonline.com.br\/site\/wp-json\/wp\/v2\/comments?post=19173"}],"version-history":[{"count":0,"href":"https:\/\/anoticiaonline.com.br\/site\/wp-json\/wp\/v2\/posts\/19173\/revisions"}],"wp:featuredmedia":[{"embeddable":true,"href":"https:\/\/anoticiaonline.com.br\/site\/wp-json\/wp\/v2\/media\/19174"}],"wp:attachment":[{"href":"https:\/\/anoticiaonline.com.br\/site\/wp-json\/wp\/v2\/media?parent=19173"}],"wp:term":[{"taxonomy":"category","embeddable":true,"href":"https:\/\/anoticiaonline.com.br\/site\/wp-json\/wp\/v2\/categories?post=19173"},{"taxonomy":"post_tag","embeddable":true,"href":"https:\/\/anoticiaonline.com.br\/site\/wp-json\/wp\/v2\/tags?post=19173"}],"curies":[{"name":"wp","href":"https:\/\/api.w.org\/{rel}","templated":true}]}}