{"id":19113,"date":"2016-09-23T08:00:21","date_gmt":"2016-09-23T11:00:21","guid":{"rendered":"http:\/\/anoticiaonline.com.br\/site\/?p=19113"},"modified":"2016-09-22T18:59:02","modified_gmt":"2016-09-22T21:59:02","slug":"nutrir-comemora-dia-do-nutricionista","status":"publish","type":"post","link":"https:\/\/anoticiaonline.com.br\/site\/nutrir-comemora-dia-do-nutricionista\/","title":{"rendered":"Nutrir comemora Dia do Nutricionista"},"content":{"rendered":"<p><a href=\"https:\/\/anoticiaonline.com.br\/site\/wp-content\/uploads\/2016\/09\/DSC_0908.jpg\"><img fetchpriority=\"high\" decoding=\"async\" class=\" size-medium wp-image-19114 alignleft\" src=\"https:\/\/anoticiaonline.com.br\/site\/wp-content\/uploads\/2016\/09\/DSC_0908-300x168.jpg\" alt=\"dsc_0908\" width=\"300\" height=\"168\" srcset=\"https:\/\/anoticiaonline.com.br\/site\/wp-content\/uploads\/2016\/09\/DSC_0908-300x168.jpg 300w, https:\/\/anoticiaonline.com.br\/site\/wp-content\/uploads\/2016\/09\/DSC_0908.jpg 640w\" sizes=\"(max-width: 300px) 100vw, 300px\" \/><\/a>A Nutrir reuniu os nutricionistas de Muria\u00e9 para celebrar o dia dedicado a eles. Comemorado no dia 31 de agosto, a data \u00e9 uma homenagem \u00e0 cria\u00e7\u00e3o da Associa\u00e7\u00e3o Brasileira de Nutricionistas (ABN), no ano de 1949, e uma forma de parabenizar e enaltecer o trabalho desses profissionais, que s\u00e3o os respons\u00e1veis por cuidar e instruir as pessoas a terem uma alimenta\u00e7\u00e3o saud\u00e1vel.<\/p>\n<p>O encontro aconteceu na noite da \u00faltima quarta-feira (14), no Restaurante Carne e Cia do Vale. O objetivo foi, al\u00e9m de comemorar a data, reunir os profissionais e clientes e discutir ideias e boas pr\u00e1ticas. \u201cNesse evento encontramos com nossos clientes e confraternizamos com os colegas profissionais. Para n\u00f3s, \u00e9 importante estarmos integrados com todos os profissionais da \u00e1rea de nutri\u00e7\u00e3o, por isso promovemos esse evento, para mostrar \u00e0 sociedade melhor o trabalho da Nutrir\u201d, afirmou a s\u00f3cia-propriet\u00e1ria da Nutrir, Dr\u00aa Fernanda Freitas Can\u00eado. \u201cParabenizo os nutricionistas, meus colegas, que escolheram essa profiss\u00e3o linda que promove sa\u00fade e educa\u00e7\u00e3o nutricional. A nutri\u00e7\u00e3o est\u00e1 cada vez mais forte\u201d, completa a Dr\u00aa Fernanda.<\/p>\n<p>O evento tamb\u00e9m deu in\u00edcio \u00e0s comemora\u00e7\u00f5es do anivers\u00e1rio da Nutrir, que completar\u00e1 15 anos em dezembro deste ano.<\/p>\n<p>A Nutrir inicialmente se dedicava apenas \u00e0 pr\u00e1tica da Terapia Nutricional e prestava servi\u00e7os, em regime de terceiriza\u00e7\u00e3o, em 3 hospitais da cidade de Muria\u00e9 (HSP, CSSL e Prontocor). Pouco tempo depois, passou a atuar tamb\u00e9m na Funda\u00e7\u00e3o Cristiano Varella. A equipe era composta por uma nutricionista e um m\u00e9dico nutr\u00f3logo &#8211; ambos s\u00f3cios e fundadores da empresa &#8211; e por um t\u00e9cnico de enfermagem.<\/p>\n<p>A empresa passou por um processo gradual de expans\u00e3o e, cerca de 4 anos depois, foi vislumbrada a possibilidade de instalar, em Muria\u00e9, uma Distribuidora de produtos para Terapia Nutricional ap\u00f3s \u00e1rduo processo de convencimento o seu principal fornecedor, \u00e0 \u00e9poca, da viabilidade do projeto, nascia a Nutrir Distribuidora.<\/p>\n<p>H\u00e1 5 anos, foi inaugurada a Nutrir Mais, empresa destinada a atuar no setor varejista, bem como abastecer os pontos de vendas dos parceiros da \u00e1rea de concess\u00e3o. Com a crescente demanda, houve necessidade de instala\u00e7\u00e3o de uma filial na cidade de Juiz de Fora.<\/p>\n<p>Hoje, a Nutrir \u00e9 distribuidora Nestl\u00e9 para toda a Zona da Mata, Campos das Vertentes, Regi\u00e3o Serrana e outras cidades do estado do Rio de Janeiro como Itaperuna, Tr\u00eas Rios, Miracema, Bom Jesus do Itabapoana, entre outros, al\u00e9m de distribuir, tamb\u00e9m, a linha de f\u00f3rmulas infantis em parte da Zona da Mata mineira e tamb\u00e9m em algumas cidades do RJ.<\/p>\n<p>Por sua vez, a Nutrir Terapia presta servi\u00e7os em 4 hospitais de Muria\u00e9 e regi\u00e3o, nomeadamente:\u00a0 HSP e Prontocor, em Muria\u00e9; Hospital C\u00e9sar Leite, de Manhua\u00e7u;\u00a0 Hospital S\u00e3o Jo\u00e3o Batista, de Rio Branco.<\/p>\n<p>Al\u00e9m desses, s\u00e3o parceiros do Grupo Nutrir: Santa Casa de Miseric\u00f3rdia de S\u00e3o Jo\u00e3o Del Rei e na cidade de Juiz de Fora, o Hospital Albert Sabin, Instituto Oncol\u00f3gico, Hospital Jo\u00e3o Fel\u00edcio, Ascomcer e Santa Casa de Miseric\u00f3rdia.<\/p>\n<p>Al\u00e9m dos servi\u00e7os prestados dentro dos hospitais, a Nutrir presta atendimento direto aos pacientes ap\u00f3s a alta hospitalar dos mesmos, bem como \u00e0queles atendido nas cl\u00ednicas e consult\u00f3rios de Muria\u00e9 e regi\u00e3o, explica a nutricionista consultora do Grupo Nutrir, Beth\u00e2nia Est\u00eav\u00e3o Moreira Cabral.<\/p>\n<p>O grupo conta, atualmente, com cerca de 40 colaboradores, todos imbu\u00eddos dos mesmos prop\u00f3sitos: prestar um servi\u00e7o de qualidade, norteados por valores \u00e9ticos, dando \u00eanfase \u00e0 seguran\u00e7a e \u00e0 qualidade no atendimento, de forma a corresponder \u00e0s expectativas de todos os seus p\u00fablicos de relacionamento.<\/p>\n<p>A Nutrir tamb\u00e9m auxilia na forma\u00e7\u00e3o e especializa\u00e7\u00e3o de nutricionistas, recebendo estagi\u00e1rios de faculdades da cidade e regi\u00e3o; patrocina congresso para as nutricionistas da empresa e promove o Sabincor, um congresso multidisciplinar realizado em Juiz de Fora \u2013 a pr\u00f3xima edi\u00e7\u00e3o acontece entre os dias 6 e 8 de outubro.<\/p>\n<p><img decoding=\"async\" class=\"ngg_displayed_gallery mceItem\" src=\"https:\/\/anoticiaonline.com.br\/site\/nextgen-attach_to_post\/preview\/id--19171\" alt=\"\" \/><\/p>\n","protected":false},"excerpt":{"rendered":"<p>A Nutrir reuniu os nutricionistas de Muria\u00e9 para celebrar o dia dedicado a eles. Comemorado no dia 31 de agosto, a data \u00e9 uma homenagem \u00e0 cria\u00e7\u00e3o da Associa\u00e7\u00e3o Brasileira de Nutricionistas (ABN), no ano de 1949, e uma forma de parabenizar e enaltecer o trabalho desses profissionais, que s\u00e3o os respons\u00e1veis por cuidar e &#8230; <a title=\"Nutrir comemora Dia do Nutricionista\" class=\"read-more\" href=\"https:\/\/anoticiaonline.com.br\/site\/nutrir-comemora-dia-do-nutricionista\/\" aria-label=\"Read more about Nutrir comemora Dia do Nutricionista\">Ler mais<\/a><\/p>\n","protected":false},"author":2,"featured_media":19114,"comment_status":"open","ping_status":"open","sticky":false,"template":"","format":"standard","meta":{"_acf_changed":false,"_monsterinsights_skip_tracking":false,"footnotes":""},"categories":[24],"tags":[3],"class_list":["post-19113","post","type-post","status-publish","format-standard","has-post-thumbnail","hentry","category-eventos","tag-slide"],"acf":[],"aioseo_notices":[],"aioseo_head":"\n\t\t<!-- All in One SEO 5.0.0.1 - aioseo.com -->\n\t<meta name=\"description\" content=\"A Nutrir reuniu os nutricionistas de Muria\u00e9 para celebrar o dia dedicado a eles. Comemorado no dia 31 de agosto, a data \u00e9 uma homenagem \u00e0 cria\u00e7\u00e3o da Associa\u00e7\u00e3o Brasileira de Nutricionistas (ABN), no ano de 1949, e uma forma de parabenizar e enaltecer o trabalho desses profissionais, que s\u00e3o os respons\u00e1veis por cuidar e\" \/>\n\t<meta name=\"robots\" content=\"max-image-preview:large\" \/>\n\t<meta name=\"author\" content=\"Juliana Laviola\"\/>\n\t<link rel=\"canonical\" href=\"https:\/\/anoticiaonline.com.br\/site\/nutrir-comemora-dia-do-nutricionista\/\" \/>\n\t<meta name=\"generator\" content=\"All in One SEO (AIOSEO) 5.0.0.1\" \/>\n\t\t<meta property=\"og:locale\" content=\"pt_BR\" \/>\n\t\t<meta property=\"og:site_name\" content=\"A Not\u00edcia Online - Noticias de Muria\u00e9 e regi\u00e3o\" \/>\n\t\t<meta property=\"og:type\" content=\"article\" \/>\n\t\t<meta property=\"og:title\" content=\"Nutrir comemora Dia do Nutricionista - A Not\u00edcia Online\" \/>\n\t\t<meta property=\"og:description\" content=\"A Nutrir reuniu os nutricionistas de Muria\u00e9 para celebrar o dia dedicado a eles. Comemorado no dia 31 de agosto, a data \u00e9 uma homenagem \u00e0 cria\u00e7\u00e3o da Associa\u00e7\u00e3o Brasileira de Nutricionistas (ABN), no ano de 1949, e uma forma de parabenizar e enaltecer o trabalho desses profissionais, que s\u00e3o os respons\u00e1veis por cuidar e\" \/>\n\t\t<meta property=\"og:url\" content=\"https:\/\/anoticiaonline.com.br\/site\/nutrir-comemora-dia-do-nutricionista\/\" \/>\n\t\t<meta property=\"og:image\" content=\"https:\/\/scontent-gig4-1.xx.fbcdn.net\/v\/t39.30808-1\/270437624_4564083193639691_6907940295614233970_n.jpg?stp=dst-jpg_s200x200_tt6&#038;_nc_cat=111&#038;ccb=1-7&#038;_nc_sid=f907e8&#038;_nc_ohc=SM1wRlP3lJwQ7kNvwEPuBYA&#038;_nc_oc=AdnqrjDN_BNjSSHWO-GbkIWH6fkGMLw4bqvL_NH6e2wMveX7G-rP2dAqsDSq1mJMOaY&#038;_nc_zt=24&#038;_nc_ht=scontent-gig4-1.xx&#038;_nc_gid=AoBFJeGrT1hVaew_6rchkQ&#038;oh=00_AfX7QmFGhQhG2jAllVgXCiM1ZrWgvtp80-Bfppyexh1QEg&#038;oe=689E923C\" \/>\n\t\t<meta property=\"og:image:secure_url\" content=\"https:\/\/scontent-gig4-1.xx.fbcdn.net\/v\/t39.30808-1\/270437624_4564083193639691_6907940295614233970_n.jpg?stp=dst-jpg_s200x200_tt6&#038;_nc_cat=111&#038;ccb=1-7&#038;_nc_sid=f907e8&#038;_nc_ohc=SM1wRlP3lJwQ7kNvwEPuBYA&#038;_nc_oc=AdnqrjDN_BNjSSHWO-GbkIWH6fkGMLw4bqvL_NH6e2wMveX7G-rP2dAqsDSq1mJMOaY&#038;_nc_zt=24&#038;_nc_ht=scontent-gig4-1.xx&#038;_nc_gid=AoBFJeGrT1hVaew_6rchkQ&#038;oh=00_AfX7QmFGhQhG2jAllVgXCiM1ZrWgvtp80-Bfppyexh1QEg&#038;oe=689E923C\" \/>\n\t\t<meta property=\"article:published_time\" content=\"2016-09-23T11:00:21+00:00\" \/>\n\t\t<meta property=\"article:modified_time\" content=\"2016-09-22T21:59:02+00:00\" \/>\n\t\t<meta name=\"twitter:card\" content=\"summary_large_image\" \/>\n\t\t<meta name=\"twitter:title\" content=\"Nutrir comemora Dia do Nutricionista - A Not\u00edcia Online\" \/>\n\t\t<meta name=\"twitter:description\" content=\"A Nutrir reuniu os nutricionistas de Muria\u00e9 para celebrar o dia dedicado a eles. Comemorado no dia 31 de agosto, a data \u00e9 uma homenagem \u00e0 cria\u00e7\u00e3o da Associa\u00e7\u00e3o Brasileira de Nutricionistas (ABN), no ano de 1949, e uma forma de parabenizar e enaltecer o trabalho desses profissionais, que s\u00e3o os respons\u00e1veis por cuidar e\" \/>\n\t\t<meta name=\"twitter:image\" content=\"https:\/\/scontent-gig4-1.xx.fbcdn.net\/v\/t39.30808-1\/270437624_4564083193639691_6907940295614233970_n.jpg?stp=dst-jpg_s200x200_tt6&amp;_nc_cat=111&amp;ccb=1-7&amp;_nc_sid=f907e8&amp;_nc_ohc=SM1wRlP3lJwQ7kNvwEPuBYA&amp;_nc_oc=AdnqrjDN_BNjSSHWO-GbkIWH6fkGMLw4bqvL_NH6e2wMveX7G-rP2dAqsDSq1mJMOaY&amp;_nc_zt=24&amp;_nc_ht=scontent-gig4-1.xx&amp;_nc_gid=AoBFJeGrT1hVaew_6rchkQ&amp;oh=00_AfX7QmFGhQhG2jAllVgXCiM1ZrWgvtp80-Bfppyexh1QEg&amp;oe=689E923C\" \/>\n\t\t<script type=\"application\/ld+json\" class=\"aioseo-schema\">\n\t\t\t{\"@context\":\"https:\\\/\\\/schema.org\",\"@graph\":[{\"@type\":\"BlogPosting\",\"@id\":\"https:\\\/\\\/anoticiaonline.com.br\\\/site\\\/nutrir-comemora-dia-do-nutricionista\\\/#blogposting\",\"name\":\"Nutrir comemora Dia do Nutricionista - A Not\\u00edcia Online\",\"headline\":\"Nutrir comemora Dia do Nutricionista\",\"author\":{\"@id\":\"https:\\\/\\\/anoticiaonline.com.br\\\/site\\\/author\\\/juliana\\\/#author\"},\"publisher\":{\"@id\":\"https:\\\/\\\/anoticiaonline.com.br\\\/site\\\/#organization\"},\"image\":{\"@type\":\"ImageObject\",\"url\":\"https:\\\/\\\/anoticiaonline.com.br\\\/site\\\/wp-content\\\/uploads\\\/2016\\\/09\\\/DSC_0908.jpg\",\"width\":640,\"height\":358},\"datePublished\":\"2016-09-23T08:00:21-03:00\",\"dateModified\":\"2016-09-22T18:59:02-03:00\",\"inLanguage\":\"pt-BR\",\"mainEntityOfPage\":{\"@id\":\"https:\\\/\\\/anoticiaonline.com.br\\\/site\\\/nutrir-comemora-dia-do-nutricionista\\\/#webpage\"},\"isPartOf\":{\"@id\":\"https:\\\/\\\/anoticiaonline.com.br\\\/site\\\/nutrir-comemora-dia-do-nutricionista\\\/#webpage\"},\"articleSection\":\"Eventos, slide\"},{\"@type\":\"BreadcrumbList\",\"@id\":\"https:\\\/\\\/anoticiaonline.com.br\\\/site\\\/nutrir-comemora-dia-do-nutricionista\\\/#breadcrumblist\",\"itemListElement\":[{\"@type\":\"ListItem\",\"@id\":\"https:\\\/\\\/anoticiaonline.com.br\\\/site#listItem\",\"position\":1,\"name\":\"Home\",\"item\":\"https:\\\/\\\/anoticiaonline.com.br\\\/site\",\"nextItem\":{\"@type\":\"ListItem\",\"@id\":\"https:\\\/\\\/anoticiaonline.com.br\\\/site\\\/categoria\\\/eventos\\\/#listItem\",\"name\":\"Eventos\"}},{\"@type\":\"ListItem\",\"@id\":\"https:\\\/\\\/anoticiaonline.com.br\\\/site\\\/categoria\\\/eventos\\\/#listItem\",\"position\":2,\"name\":\"Eventos\",\"item\":\"https:\\\/\\\/anoticiaonline.com.br\\\/site\\\/categoria\\\/eventos\\\/\",\"nextItem\":{\"@type\":\"ListItem\",\"@id\":\"https:\\\/\\\/anoticiaonline.com.br\\\/site\\\/nutrir-comemora-dia-do-nutricionista\\\/#listItem\",\"name\":\"Nutrir comemora Dia do Nutricionista\"},\"previousItem\":{\"@type\":\"ListItem\",\"@id\":\"https:\\\/\\\/anoticiaonline.com.br\\\/site#listItem\",\"name\":\"Home\"}},{\"@type\":\"ListItem\",\"@id\":\"https:\\\/\\\/anoticiaonline.com.br\\\/site\\\/nutrir-comemora-dia-do-nutricionista\\\/#listItem\",\"position\":3,\"name\":\"Nutrir comemora Dia do Nutricionista\",\"previousItem\":{\"@type\":\"ListItem\",\"@id\":\"https:\\\/\\\/anoticiaonline.com.br\\\/site\\\/categoria\\\/eventos\\\/#listItem\",\"name\":\"Eventos\"}}]},{\"@type\":\"Organization\",\"@id\":\"https:\\\/\\\/anoticiaonline.com.br\\\/site\\\/#organization\",\"name\":\"A Not\\u00edcia Online\",\"description\":\"Noticias de Muria\\u00e9 e regi\\u00e3o\",\"url\":\"https:\\\/\\\/anoticiaonline.com.br\\\/site\\\/\",\"logo\":{\"@type\":\"ImageObject\",\"url\":\"https:\\\/\\\/scontent-gig4-1.xx.fbcdn.net\\\/v\\\/t39.30808-1\\\/270437624_4564083193639691_6907940295614233970_n.jpg?stp=dst-jpg_s200x200_tt6&_nc_cat=111&ccb=1-7&_nc_sid=f907e8&_nc_ohc=SM1wRlP3lJwQ7kNvwEPuBYA&_nc_oc=AdnqrjDN_BNjSSHWO-GbkIWH6fkGMLw4bqvL_NH6e2wMveX7G-rP2dAqsDSq1mJMOaY&_nc_zt=24&_nc_ht=scontent-gig4-1.xx&_nc_gid=AoBFJeGrT1hVaew_6rchkQ&oh=00_AfX7QmFGhQhG2jAllVgXCiM1ZrWgvtp80-Bfppyexh1QEg&oe=689E923C\",\"@id\":\"https:\\\/\\\/anoticiaonline.com.br\\\/site\\\/nutrir-comemora-dia-do-nutricionista\\\/#organizationLogo\"},\"image\":{\"@id\":\"https:\\\/\\\/anoticiaonline.com.br\\\/site\\\/nutrir-comemora-dia-do-nutricionista\\\/#organizationLogo\"}},{\"@type\":\"Person\",\"@id\":\"https:\\\/\\\/anoticiaonline.com.br\\\/site\\\/author\\\/juliana\\\/#author\",\"url\":\"https:\\\/\\\/anoticiaonline.com.br\\\/site\\\/author\\\/juliana\\\/\",\"name\":\"Juliana Laviola\",\"image\":{\"@type\":\"ImageObject\",\"@id\":\"https:\\\/\\\/anoticiaonline.com.br\\\/site\\\/nutrir-comemora-dia-do-nutricionista\\\/#authorImage\",\"url\":\"https:\\\/\\\/secure.gravatar.com\\\/avatar\\\/b8d45f5c699b100dfaf0e543582f38f38bf94cb7ae3a5e9abf8d891a34773335?s=96&d=mm&r=g\",\"width\":96,\"height\":96,\"caption\":\"Juliana Laviola\"}},{\"@type\":\"WebPage\",\"@id\":\"https:\\\/\\\/anoticiaonline.com.br\\\/site\\\/nutrir-comemora-dia-do-nutricionista\\\/#webpage\",\"url\":\"https:\\\/\\\/anoticiaonline.com.br\\\/site\\\/nutrir-comemora-dia-do-nutricionista\\\/\",\"name\":\"Nutrir comemora Dia do Nutricionista - A Not\\u00edcia Online\",\"description\":\"A Nutrir reuniu os nutricionistas de Muria\\u00e9 para celebrar o dia dedicado a eles. Comemorado no dia 31 de agosto, a data \\u00e9 uma homenagem \\u00e0 cria\\u00e7\\u00e3o da Associa\\u00e7\\u00e3o Brasileira de Nutricionistas (ABN), no ano de 1949, e uma forma de parabenizar e enaltecer o trabalho desses profissionais, que s\\u00e3o os respons\\u00e1veis por cuidar e\",\"inLanguage\":\"pt-BR\",\"isPartOf\":{\"@id\":\"https:\\\/\\\/anoticiaonline.com.br\\\/site\\\/#website\"},\"breadcrumb\":{\"@id\":\"https:\\\/\\\/anoticiaonline.com.br\\\/site\\\/nutrir-comemora-dia-do-nutricionista\\\/#breadcrumblist\"},\"author\":{\"@id\":\"https:\\\/\\\/anoticiaonline.com.br\\\/site\\\/author\\\/juliana\\\/#author\"},\"creator\":{\"@id\":\"https:\\\/\\\/anoticiaonline.com.br\\\/site\\\/author\\\/juliana\\\/#author\"},\"image\":{\"@type\":\"ImageObject\",\"url\":\"https:\\\/\\\/anoticiaonline.com.br\\\/site\\\/wp-content\\\/uploads\\\/2016\\\/09\\\/DSC_0908.jpg\",\"@id\":\"https:\\\/\\\/anoticiaonline.com.br\\\/site\\\/nutrir-comemora-dia-do-nutricionista\\\/#mainImage\",\"width\":640,\"height\":358},\"primaryImageOfPage\":{\"@id\":\"https:\\\/\\\/anoticiaonline.com.br\\\/site\\\/nutrir-comemora-dia-do-nutricionista\\\/#mainImage\"},\"datePublished\":\"2016-09-23T08:00:21-03:00\",\"dateModified\":\"2016-09-22T18:59:02-03:00\"},{\"@type\":\"WebSite\",\"@id\":\"https:\\\/\\\/anoticiaonline.com.br\\\/site\\\/#website\",\"url\":\"https:\\\/\\\/anoticiaonline.com.br\\\/site\\\/\",\"name\":\"A Not\\u00edcia Online\",\"description\":\"Noticias de Muria\\u00e9 e regi\\u00e3o\",\"inLanguage\":\"pt-BR\",\"publisher\":{\"@id\":\"https:\\\/\\\/anoticiaonline.com.br\\\/site\\\/#organization\"}}]}\n\t\t<\/script>\n\t\t<!-- All in One SEO -->\n\n","aioseo_head_json":{"title":"Nutrir comemora Dia do Nutricionista - A Not\u00edcia Online","description":"A Nutrir reuniu os nutricionistas de Muria\u00e9 para celebrar o dia dedicado a eles. Comemorado no dia 31 de agosto, a data \u00e9 uma homenagem \u00e0 cria\u00e7\u00e3o da Associa\u00e7\u00e3o Brasileira de Nutricionistas (ABN), no ano de 1949, e uma forma de parabenizar e enaltecer o trabalho desses profissionais, que s\u00e3o os respons\u00e1veis por cuidar e","canonical_url":"https:\/\/anoticiaonline.com.br\/site\/nutrir-comemora-dia-do-nutricionista\/","robots":"max-image-preview:large","keywords":"","webmasterTools":{"miscellaneous":""},"schema":{"@context":"https:\/\/schema.org","@graph":[{"@type":"BlogPosting","@id":"https:\/\/anoticiaonline.com.br\/site\/nutrir-comemora-dia-do-nutricionista\/#blogposting","name":"Nutrir comemora Dia do Nutricionista - A Not\u00edcia Online","headline":"Nutrir comemora Dia do Nutricionista","author":{"@id":"https:\/\/anoticiaonline.com.br\/site\/author\/juliana\/#author"},"publisher":{"@id":"https:\/\/anoticiaonline.com.br\/site\/#organization"},"image":{"@type":"ImageObject","url":"https:\/\/anoticiaonline.com.br\/site\/wp-content\/uploads\/2016\/09\/DSC_0908.jpg","width":640,"height":358},"datePublished":"2016-09-23T08:00:21-03:00","dateModified":"2016-09-22T18:59:02-03:00","inLanguage":"pt-BR","mainEntityOfPage":{"@id":"https:\/\/anoticiaonline.com.br\/site\/nutrir-comemora-dia-do-nutricionista\/#webpage"},"isPartOf":{"@id":"https:\/\/anoticiaonline.com.br\/site\/nutrir-comemora-dia-do-nutricionista\/#webpage"},"articleSection":"Eventos, slide"},{"@type":"BreadcrumbList","@id":"https:\/\/anoticiaonline.com.br\/site\/nutrir-comemora-dia-do-nutricionista\/#breadcrumblist","itemListElement":[{"@type":"ListItem","@id":"https:\/\/anoticiaonline.com.br\/site#listItem","position":1,"name":"Home","item":"https:\/\/anoticiaonline.com.br\/site","nextItem":{"@type":"ListItem","@id":"https:\/\/anoticiaonline.com.br\/site\/categoria\/eventos\/#listItem","name":"Eventos"}},{"@type":"ListItem","@id":"https:\/\/anoticiaonline.com.br\/site\/categoria\/eventos\/#listItem","position":2,"name":"Eventos","item":"https:\/\/anoticiaonline.com.br\/site\/categoria\/eventos\/","nextItem":{"@type":"ListItem","@id":"https:\/\/anoticiaonline.com.br\/site\/nutrir-comemora-dia-do-nutricionista\/#listItem","name":"Nutrir comemora Dia do Nutricionista"},"previousItem":{"@type":"ListItem","@id":"https:\/\/anoticiaonline.com.br\/site#listItem","name":"Home"}},{"@type":"ListItem","@id":"https:\/\/anoticiaonline.com.br\/site\/nutrir-comemora-dia-do-nutricionista\/#listItem","position":3,"name":"Nutrir comemora Dia do Nutricionista","previousItem":{"@type":"ListItem","@id":"https:\/\/anoticiaonline.com.br\/site\/categoria\/eventos\/#listItem","name":"Eventos"}}]},{"@type":"Organization","@id":"https:\/\/anoticiaonline.com.br\/site\/#organization","name":"A Not\u00edcia Online","description":"Noticias de Muria\u00e9 e regi\u00e3o","url":"https:\/\/anoticiaonline.com.br\/site\/","logo":{"@type":"ImageObject","url":"https:\/\/scontent-gig4-1.xx.fbcdn.net\/v\/t39.30808-1\/270437624_4564083193639691_6907940295614233970_n.jpg?stp=dst-jpg_s200x200_tt6&_nc_cat=111&ccb=1-7&_nc_sid=f907e8&_nc_ohc=SM1wRlP3lJwQ7kNvwEPuBYA&_nc_oc=AdnqrjDN_BNjSSHWO-GbkIWH6fkGMLw4bqvL_NH6e2wMveX7G-rP2dAqsDSq1mJMOaY&_nc_zt=24&_nc_ht=scontent-gig4-1.xx&_nc_gid=AoBFJeGrT1hVaew_6rchkQ&oh=00_AfX7QmFGhQhG2jAllVgXCiM1ZrWgvtp80-Bfppyexh1QEg&oe=689E923C","@id":"https:\/\/anoticiaonline.com.br\/site\/nutrir-comemora-dia-do-nutricionista\/#organizationLogo"},"image":{"@id":"https:\/\/anoticiaonline.com.br\/site\/nutrir-comemora-dia-do-nutricionista\/#organizationLogo"}},{"@type":"Person","@id":"https:\/\/anoticiaonline.com.br\/site\/author\/juliana\/#author","url":"https:\/\/anoticiaonline.com.br\/site\/author\/juliana\/","name":"Juliana Laviola","image":{"@type":"ImageObject","@id":"https:\/\/anoticiaonline.com.br\/site\/nutrir-comemora-dia-do-nutricionista\/#authorImage","url":"https:\/\/secure.gravatar.com\/avatar\/b8d45f5c699b100dfaf0e543582f38f38bf94cb7ae3a5e9abf8d891a34773335?s=96&d=mm&r=g","width":96,"height":96,"caption":"Juliana Laviola"}},{"@type":"WebPage","@id":"https:\/\/anoticiaonline.com.br\/site\/nutrir-comemora-dia-do-nutricionista\/#webpage","url":"https:\/\/anoticiaonline.com.br\/site\/nutrir-comemora-dia-do-nutricionista\/","name":"Nutrir comemora Dia do Nutricionista - A Not\u00edcia Online","description":"A Nutrir reuniu os nutricionistas de Muria\u00e9 para celebrar o dia dedicado a eles. Comemorado no dia 31 de agosto, a data \u00e9 uma homenagem \u00e0 cria\u00e7\u00e3o da Associa\u00e7\u00e3o Brasileira de Nutricionistas (ABN), no ano de 1949, e uma forma de parabenizar e enaltecer o trabalho desses profissionais, que s\u00e3o os respons\u00e1veis por cuidar e","inLanguage":"pt-BR","isPartOf":{"@id":"https:\/\/anoticiaonline.com.br\/site\/#website"},"breadcrumb":{"@id":"https:\/\/anoticiaonline.com.br\/site\/nutrir-comemora-dia-do-nutricionista\/#breadcrumblist"},"author":{"@id":"https:\/\/anoticiaonline.com.br\/site\/author\/juliana\/#author"},"creator":{"@id":"https:\/\/anoticiaonline.com.br\/site\/author\/juliana\/#author"},"image":{"@type":"ImageObject","url":"https:\/\/anoticiaonline.com.br\/site\/wp-content\/uploads\/2016\/09\/DSC_0908.jpg","@id":"https:\/\/anoticiaonline.com.br\/site\/nutrir-comemora-dia-do-nutricionista\/#mainImage","width":640,"height":358},"primaryImageOfPage":{"@id":"https:\/\/anoticiaonline.com.br\/site\/nutrir-comemora-dia-do-nutricionista\/#mainImage"},"datePublished":"2016-09-23T08:00:21-03:00","dateModified":"2016-09-22T18:59:02-03:00"},{"@type":"WebSite","@id":"https:\/\/anoticiaonline.com.br\/site\/#website","url":"https:\/\/anoticiaonline.com.br\/site\/","name":"A Not\u00edcia Online","description":"Noticias de Muria\u00e9 e regi\u00e3o","inLanguage":"pt-BR","publisher":{"@id":"https:\/\/anoticiaonline.com.br\/site\/#organization"}}]},"og:locale":"pt_BR","og:site_name":"A Not\u00edcia Online - Noticias de Muria\u00e9 e regi\u00e3o","og:type":"article","og:title":"Nutrir comemora Dia do Nutricionista - A Not\u00edcia Online","og:description":"A Nutrir reuniu os nutricionistas de Muria\u00e9 para celebrar o dia dedicado a eles. Comemorado no dia 31 de agosto, a data \u00e9 uma homenagem \u00e0 cria\u00e7\u00e3o da Associa\u00e7\u00e3o Brasileira de Nutricionistas (ABN), no ano de 1949, e uma forma de parabenizar e enaltecer o trabalho desses profissionais, que s\u00e3o os respons\u00e1veis por cuidar e","og:url":"https:\/\/anoticiaonline.com.br\/site\/nutrir-comemora-dia-do-nutricionista\/","og:image":"https:\/\/scontent-gig4-1.xx.fbcdn.net\/v\/t39.30808-1\/270437624_4564083193639691_6907940295614233970_n.jpg?stp=dst-jpg_s200x200_tt6&#038;_nc_cat=111&#038;ccb=1-7&#038;_nc_sid=f907e8&#038;_nc_ohc=SM1wRlP3lJwQ7kNvwEPuBYA&#038;_nc_oc=AdnqrjDN_BNjSSHWO-GbkIWH6fkGMLw4bqvL_NH6e2wMveX7G-rP2dAqsDSq1mJMOaY&#038;_nc_zt=24&#038;_nc_ht=scontent-gig4-1.xx&#038;_nc_gid=AoBFJeGrT1hVaew_6rchkQ&#038;oh=00_AfX7QmFGhQhG2jAllVgXCiM1ZrWgvtp80-Bfppyexh1QEg&#038;oe=689E923C","og:image:secure_url":"https:\/\/scontent-gig4-1.xx.fbcdn.net\/v\/t39.30808-1\/270437624_4564083193639691_6907940295614233970_n.jpg?stp=dst-jpg_s200x200_tt6&#038;_nc_cat=111&#038;ccb=1-7&#038;_nc_sid=f907e8&#038;_nc_ohc=SM1wRlP3lJwQ7kNvwEPuBYA&#038;_nc_oc=AdnqrjDN_BNjSSHWO-GbkIWH6fkGMLw4bqvL_NH6e2wMveX7G-rP2dAqsDSq1mJMOaY&#038;_nc_zt=24&#038;_nc_ht=scontent-gig4-1.xx&#038;_nc_gid=AoBFJeGrT1hVaew_6rchkQ&#038;oh=00_AfX7QmFGhQhG2jAllVgXCiM1ZrWgvtp80-Bfppyexh1QEg&#038;oe=689E923C","article:published_time":"2016-09-23T11:00:21+00:00","article:modified_time":"2016-09-22T21:59:02+00:00","twitter:card":"summary_large_image","twitter:title":"Nutrir comemora Dia do Nutricionista - A Not\u00edcia Online","twitter:description":"A Nutrir reuniu os nutricionistas de Muria\u00e9 para celebrar o dia dedicado a eles. Comemorado no dia 31 de agosto, a data \u00e9 uma homenagem \u00e0 cria\u00e7\u00e3o da Associa\u00e7\u00e3o Brasileira de Nutricionistas (ABN), no ano de 1949, e uma forma de parabenizar e enaltecer o trabalho desses profissionais, que s\u00e3o os respons\u00e1veis por cuidar e","twitter:image":"https:\/\/scontent-gig4-1.xx.fbcdn.net\/v\/t39.30808-1\/270437624_4564083193639691_6907940295614233970_n.jpg?stp=dst-jpg_s200x200_tt6&_nc_cat=111&ccb=1-7&_nc_sid=f907e8&_nc_ohc=SM1wRlP3lJwQ7kNvwEPuBYA&_nc_oc=AdnqrjDN_BNjSSHWO-GbkIWH6fkGMLw4bqvL_NH6e2wMveX7G-rP2dAqsDSq1mJMOaY&_nc_zt=24&_nc_ht=scontent-gig4-1.xx&_nc_gid=AoBFJeGrT1hVaew_6rchkQ&oh=00_AfX7QmFGhQhG2jAllVgXCiM1ZrWgvtp80-Bfppyexh1QEg&oe=689E923C"},"aioseo_meta_data":{"post_id":"19113","title":null,"description":null,"keywords":null,"keyphrases":null,"primary_term":null,"canonical_url":null,"og_title":null,"og_description":null,"og_object_type":"default","og_image_type":"default","og_image_url":null,"og_image_width":null,"og_image_height":null,"og_image_custom_url":null,"og_image_custom_fields":null,"og_video":null,"og_custom_url":null,"og_article_section":null,"og_article_tags":null,"twitter_use_og":false,"twitter_card":"default","twitter_image_type":"default","twitter_image_url":null,"twitter_image_custom_url":null,"twitter_image_custom_fields":null,"twitter_title":null,"twitter_description":null,"schema":{"blockGraphs":[],"customGraphs":[],"default":{"data":{"Article":[],"Course":[],"Dataset":[],"FAQPage":[],"Movie":[],"Person":[],"Product":[],"ProductReview":[],"Car":[],"Recipe":[],"Service":[],"SoftwareApplication":[],"WebPage":[]},"graphName":"","isEnabled":true},"graphs":[]},"schema_type":"default","schema_type_options":null,"pillar_content":false,"robots_default":true,"robots_noindex":false,"robots_noarchive":false,"robots_nosnippet":false,"robots_nofollow":false,"robots_noimageindex":false,"robots_noodp":false,"robots_notranslate":false,"robots_max_snippet":null,"robots_max_videopreview":null,"robots_max_imagepreview":"large","priority":null,"frequency":null,"local_seo":null,"breadcrumb_settings":null,"limit_modified_date":false,"ai":null,"created":"2025-08-16 16:52:17","updated":"2025-08-16 16:52:17","focus_keyword":null,"additional_keywords":null,"truseo_locale":null,"seo_analyzer_scan_date":null},"aioseo_breadcrumb":"<div class=\"aioseo-breadcrumbs\"><span class=\"aioseo-breadcrumb\">\n\t\t\t<a href=\"https:\/\/anoticiaonline.com.br\/site\" title=\"Home\">Home<\/a>\n\t\t<\/span><span class=\"aioseo-breadcrumb-separator\">&raquo;<\/span><span class=\"aioseo-breadcrumb\">\n\t\t\t<a href=\"https:\/\/anoticiaonline.com.br\/site\/categoria\/eventos\/\" title=\"Eventos\">Eventos<\/a>\n\t\t<\/span><span class=\"aioseo-breadcrumb-separator\">&raquo;<\/span><span class=\"aioseo-breadcrumb\">\n\t\t\tNutrir comemora Dia do Nutricionista\n\t\t<\/span><\/div>","aioseo_breadcrumb_json":[{"label":"Home","link":"https:\/\/anoticiaonline.com.br\/site"},{"label":"Eventos","link":"https:\/\/anoticiaonline.com.br\/site\/categoria\/eventos\/"},{"label":"Nutrir comemora Dia do Nutricionista","link":"https:\/\/anoticiaonline.com.br\/site\/nutrir-comemora-dia-do-nutricionista\/"}],"views":138,"_links":{"self":[{"href":"https:\/\/anoticiaonline.com.br\/site\/wp-json\/wp\/v2\/posts\/19113","targetHints":{"allow":["GET"]}}],"collection":[{"href":"https:\/\/anoticiaonline.com.br\/site\/wp-json\/wp\/v2\/posts"}],"about":[{"href":"https:\/\/anoticiaonline.com.br\/site\/wp-json\/wp\/v2\/types\/post"}],"author":[{"embeddable":true,"href":"https:\/\/anoticiaonline.com.br\/site\/wp-json\/wp\/v2\/users\/2"}],"replies":[{"embeddable":true,"href":"https:\/\/anoticiaonline.com.br\/site\/wp-json\/wp\/v2\/comments?post=19113"}],"version-history":[{"count":0,"href":"https:\/\/anoticiaonline.com.br\/site\/wp-json\/wp\/v2\/posts\/19113\/revisions"}],"wp:featuredmedia":[{"embeddable":true,"href":"https:\/\/anoticiaonline.com.br\/site\/wp-json\/wp\/v2\/media\/19114"}],"wp:attachment":[{"href":"https:\/\/anoticiaonline.com.br\/site\/wp-json\/wp\/v2\/media?parent=19113"}],"wp:term":[{"taxonomy":"category","embeddable":true,"href":"https:\/\/anoticiaonline.com.br\/site\/wp-json\/wp\/v2\/categories?post=19113"},{"taxonomy":"post_tag","embeddable":true,"href":"https:\/\/anoticiaonline.com.br\/site\/wp-json\/wp\/v2\/tags?post=19113"}],"curies":[{"name":"wp","href":"https:\/\/api.w.org\/{rel}","templated":true}]}}