{"id":18998,"date":"2016-09-22T14:27:26","date_gmt":"2016-09-22T17:27:26","guid":{"rendered":"http:\/\/anoticiaonline.com.br\/site\/?p=18998"},"modified":"2016-09-23T13:38:28","modified_gmt":"2016-09-23T16:38:28","slug":"sociarte-55","status":"publish","type":"post","link":"https:\/\/anoticiaonline.com.br\/site\/sociarte-55\/","title":{"rendered":"Sociarte:"},"content":{"rendered":"<p><strong>Edi\u00e7\u00e3o 506, de 23 de setembro de 2016<\/strong><\/p>\n<p>&nbsp;<\/p>\n<p>&nbsp;<\/p>\n<p><a href=\"https:\/\/anoticiaonline.com.br\/site\/wp-content\/uploads\/2016\/09\/Nascimento-de-Gabriel.jpg\"><img fetchpriority=\"high\" decoding=\"async\" class=\"alignnone size-medium wp-image-18999\" src=\"https:\/\/anoticiaonline.com.br\/site\/wp-content\/uploads\/2016\/09\/Nascimento-de-Gabriel-300x183.jpg\" alt=\"nascimento-de-gabriel\" width=\"300\" height=\"183\" \/><\/a><br \/>\n<strong>Nascimento de Gabriel<\/strong><\/p>\n<p>Gabriel Francisco Etiene Silva, primog\u00eanito do casal Nilton S\u00e9rgio da Silva e Viviane Etiene Silva (Vetour Turismo), chegou ao mundo! Ele nasceu na segunda-feira (16), no Hospital S\u00e3o Paulo, pesando 3.980kg e medindo 51 cm. Nem precisa dizer que toda a fam\u00edlia est\u00e1 muito feliz com a chegada de Gabriel, n\u00e3o \u00e9 mesmo? Que ele cres\u00e7a com muita sa\u00fade!<\/p>\n<p>&nbsp;<\/p>\n<p>&nbsp;<\/p>\n<p><a href=\"https:\/\/anoticiaonline.com.br\/site\/wp-content\/uploads\/2016\/09\/Participa\u00e7\u00e3o-no-desfile-c\u00edvico.jpg\"><img decoding=\"async\" class=\"alignnone size-medium wp-image-19000\" src=\"https:\/\/anoticiaonline.com.br\/site\/wp-content\/uploads\/2016\/09\/Participa\u00e7\u00e3o-no-desfile-c\u00edvico-234x300.jpg\" alt=\"participacao-no-desfile-civico\" width=\"234\" height=\"300\" srcset=\"https:\/\/anoticiaonline.com.br\/site\/wp-content\/uploads\/2016\/09\/Participa\u00e7\u00e3o-no-desfile-c\u00edvico-234x300.jpg 234w, https:\/\/anoticiaonline.com.br\/site\/wp-content\/uploads\/2016\/09\/Participa\u00e7\u00e3o-no-desfile-c\u00edvico-798x1024.jpg 798w, https:\/\/anoticiaonline.com.br\/site\/wp-content\/uploads\/2016\/09\/Participa\u00e7\u00e3o-no-desfile-c\u00edvico.jpg 499w\" sizes=\"(max-width: 234px) 100vw, 234px\" \/><\/a><br \/>\n<strong>Participa\u00e7\u00e3o no desfile c\u00edvico<\/strong><\/p>\n<p>Os alunos da Escola Municipal Dr. Ant\u00f4nio Can\u00eado participaram ativamente do desfile c\u00edvico comemorativo ao Dia do Muriaeense (6 de setembro) e tamb\u00e9m da tradicional homenagem ao patrono da escola. Entre eles, estava Lucas Fintelman Ferreira, filho de Paulo e Andr\u00e9a. Eventos como esse s\u00e3o importantes para incutir nas crian\u00e7as no\u00e7\u00f5es de civismo e cidadania.<\/p>\n<p>&nbsp;<\/p>\n<p>&nbsp;<\/p>\n<p><a href=\"https:\/\/anoticiaonline.com.br\/site\/wp-content\/uploads\/2016\/09\/Comemora\u00e7\u00e3o-especial.jpg\"><img decoding=\"async\" class=\"alignnone size-medium wp-image-19001\" src=\"https:\/\/anoticiaonline.com.br\/site\/wp-content\/uploads\/2016\/09\/Comemora\u00e7\u00e3o-especial-300x284.jpg\" alt=\"comemoracao-especial\" width=\"300\" height=\"284\" srcset=\"https:\/\/anoticiaonline.com.br\/site\/wp-content\/uploads\/2016\/09\/Comemora\u00e7\u00e3o-especial-300x284.jpg 300w, https:\/\/anoticiaonline.com.br\/site\/wp-content\/uploads\/2016\/09\/Comemora\u00e7\u00e3o-especial.jpg 640w\" sizes=\"(max-width: 300px) 100vw, 300px\" \/><\/a><br \/>\n<strong>Comemora\u00e7\u00e3o especial<\/strong><\/p>\n<p>Um culto especial comemorou, no s\u00e1bado (17), do pastor J\u00falio Maria Ferreira como coordenador da Igreja do Evangelho Quadrangular do bairro Napole\u00e3o. O \u201cCelebrai\u201d foi marcado por prega\u00e7\u00f5es da palavra e por louvores. Durante o culto, foi comemorado tamb\u00e9m o anivers\u00e1rio da esposa do pastor J\u00falio, Juliana, que completou idade nova na ter\u00e7a-feira (20).\u00a0 Pastores e membros de outras igrejas do Minist\u00e9rio Quadrangular de Muria\u00e9 estiveram presentes no evento, como o pastor Everaldo, da IEQ do Cardoso de Melo, que foi o preletor da noite.<\/p>\n<p>&nbsp;<\/p>\n<p>&nbsp;<\/p>\n<p><a href=\"https:\/\/anoticiaonline.com.br\/site\/wp-content\/uploads\/2016\/09\/Parab\u00e9ns-pastora-Luciana.jpg\"><img loading=\"lazy\" decoding=\"async\" class=\"alignnone size-medium wp-image-19002\" src=\"https:\/\/anoticiaonline.com.br\/site\/wp-content\/uploads\/2016\/09\/Parab\u00e9ns-pastora-Luciana-300x300.jpg\" alt=\"parabens-pastora-luciana\" width=\"300\" height=\"300\" srcset=\"https:\/\/anoticiaonline.com.br\/site\/wp-content\/uploads\/2016\/09\/Parab\u00e9ns-pastora-Luciana-300x300.jpg 300w, https:\/\/anoticiaonline.com.br\/site\/wp-content\/uploads\/2016\/09\/Parab\u00e9ns-pastora-Luciana-150x150.jpg 150w, https:\/\/anoticiaonline.com.br\/site\/wp-content\/uploads\/2016\/09\/Parab\u00e9ns-pastora-Luciana-144x144.jpg 144w, https:\/\/anoticiaonline.com.br\/site\/wp-content\/uploads\/2016\/09\/Parab\u00e9ns-pastora-Luciana.jpg 480w\" sizes=\"(max-width: 300px) 100vw, 300px\" \/><\/a><br \/>\n<strong>Parab\u00e9ns, pastora Luciana!<\/strong><\/p>\n<p>A pastora da Igreja do Evangelho Quadrangular Sede, Luciana Fuoch Varol, completa idade nova nesta sexta-feira (23). A aniversariante recebe os parab\u00e9ns, com desejos de muitas felicidades, sa\u00fade e sucesso, da equipe do A NOT\u00cdCIA. Pastora Luciana, que Deus continue a lhe aben\u00e7oar cada vez mais!<\/p>\n<p>&nbsp;<\/p>\n<p>&nbsp;<\/p>\n<p><a href=\"https:\/\/anoticiaonline.com.br\/site\/wp-content\/uploads\/2016\/09\/2-anos-de-K\u00e1ssio.jpg\"><img loading=\"lazy\" decoding=\"async\" class=\"alignnone size-medium wp-image-19003\" src=\"https:\/\/anoticiaonline.com.br\/site\/wp-content\/uploads\/2016\/09\/2-anos-de-K\u00e1ssio-300x275.jpg\" alt=\"2-anos-de-kassio\" width=\"300\" height=\"275\" srcset=\"https:\/\/anoticiaonline.com.br\/site\/wp-content\/uploads\/2016\/09\/2-anos-de-K\u00e1ssio-300x275.jpg 300w, https:\/\/anoticiaonline.com.br\/site\/wp-content\/uploads\/2016\/09\/2-anos-de-K\u00e1ssio.jpg 640w\" sizes=\"(max-width: 300px) 100vw, 300px\" \/><\/a><\/p>\n<p><strong>2 anos de K\u00e1ssio<\/strong><\/p>\n<p>Os 2 anos de K\u00e1ssio Arthur foram comemorados com uma festa no s\u00e1bado (17), no S\u00edtio Arma\u00e7\u00e3o. O aniversariante recebe os parab\u00e9ns dos pais, Kl\u00e9ber e Beatriz e dos irm\u00e3os, Kaio e Kau\u00e3. Muitos vivas para o K\u00e1ssio! (Foto Kennedy)<\/p>\n<p>&nbsp;<\/p>\n<p>&nbsp;<\/p>\n<p>&nbsp;<\/p>\n<p><a href=\"https:\/\/anoticiaonline.com.br\/site\/wp-content\/uploads\/2016\/09\/Anivers\u00e1rio-de-S\u00edlvio-Filho.jpg\"><img loading=\"lazy\" decoding=\"async\" class=\"alignnone size-medium wp-image-19004\" src=\"https:\/\/anoticiaonline.com.br\/site\/wp-content\/uploads\/2016\/09\/Anivers\u00e1rio-de-S\u00edlvio-Filho-217x300.jpg\" alt=\"aniversario-de-silvio-filho\" width=\"217\" height=\"300\" srcset=\"https:\/\/anoticiaonline.com.br\/site\/wp-content\/uploads\/2016\/09\/Anivers\u00e1rio-de-S\u00edlvio-Filho-217x300.jpg 217w, https:\/\/anoticiaonline.com.br\/site\/wp-content\/uploads\/2016\/09\/Anivers\u00e1rio-de-S\u00edlvio-Filho-741x1024.jpg 741w, https:\/\/anoticiaonline.com.br\/site\/wp-content\/uploads\/2016\/09\/Anivers\u00e1rio-de-S\u00edlvio-Filho.jpg 463w\" sizes=\"(max-width: 217px) 100vw, 217px\" \/><\/a><br \/>\n<strong>Anivers\u00e1rio de S\u00edlvio Filho<\/strong><\/p>\n<p>A chegada dos 2 aninhos de S\u00edlvio C\u00e9sar Peres Filho, completados no dia 18, foi muito comemorada durante uma festa, que aconteceu no s\u00e1bado (17), no Espa\u00e7o Rosimery. O aniversariante \u00e9 filho de S\u00edlvio C\u00e9sar Peres e de L\u00edlia Machado Dias. Parab\u00e9ns, S\u00edlvio Filho! (Foto Kennedy)<\/p>\n<p>&nbsp;<\/p>\n<p>&nbsp;<\/p>\n<p>&nbsp;<\/p>\n<p><a href=\"https:\/\/anoticiaonline.com.br\/site\/wp-content\/uploads\/2016\/09\/Casamento-de-Isabel-Cristina-e-Diderot.jpg\"><img loading=\"lazy\" decoding=\"async\" class=\"alignnone size-medium wp-image-19005\" src=\"https:\/\/anoticiaonline.com.br\/site\/wp-content\/uploads\/2016\/09\/Casamento-de-Isabel-Cristina-e-Diderot-300x230.jpg\" alt=\"casamento-de-isabel-cristina-e-diderot\" width=\"300\" height=\"230\" srcset=\"https:\/\/anoticiaonline.com.br\/site\/wp-content\/uploads\/2016\/09\/Casamento-de-Isabel-Cristina-e-Diderot-300x230.jpg 300w, https:\/\/anoticiaonline.com.br\/site\/wp-content\/uploads\/2016\/09\/Casamento-de-Isabel-Cristina-e-Diderot.jpg 640w\" sizes=\"(max-width: 300px) 100vw, 300px\" \/><\/a><br \/>\n<strong>Casamento de Isabel Cristina e Diderot<\/strong><\/p>\n<p>Isabel Cristina e Diderot trocaram alian\u00e7as no s\u00e1bado (17), durante cerim\u00f4nia religiosa realizada na Capela Santa Luzia, no distrito de Macuco. Logo ap\u00f3s, os noivos recepcionaram os convidados no S\u00edtio da Maria Rita e Crist\u00f3v\u00e3o. Muitas felicidades ao casal nessa nova etapa da vida a dois que se inicia! (Foto Kennedy)<\/p>\n","protected":false},"excerpt":{"rendered":"<p>Edi\u00e7\u00e3o 506, de 23 de setembro de 2016 &nbsp; &nbsp; Nascimento de Gabriel Gabriel Francisco Etiene Silva, primog\u00eanito do casal Nilton S\u00e9rgio da Silva e Viviane Etiene Silva (Vetour Turismo), chegou ao mundo! Ele nasceu na segunda-feira (16), no Hospital S\u00e3o Paulo, pesando 3.980kg e medindo 51 cm. Nem precisa dizer que toda a fam\u00edlia &#8230; <a title=\"Sociarte:\" class=\"read-more\" href=\"https:\/\/anoticiaonline.com.br\/site\/sociarte-55\/\" aria-label=\"Read more about Sociarte:\">Ler mais<\/a><\/p>\n","protected":false},"author":2,"featured_media":0,"comment_status":"open","ping_status":"open","sticky":false,"template":"","format":"standard","meta":{"_acf_changed":false,"_monsterinsights_skip_tracking":false,"footnotes":""},"categories":[38],"tags":[],"class_list":["post-18998","post","type-post","status-publish","format-standard","hentry","category-sociarte"],"acf":[],"aioseo_notices":[],"aioseo_head":"\n\t\t<!-- All in One SEO 5.0.0.1 - aioseo.com -->\n\t<meta name=\"description\" content=\"Edi\u00e7\u00e3o 506, de 23 de setembro de 2016 Nascimento de Gabriel Gabriel Francisco Etiene Silva, primog\u00eanito do casal Nilton S\u00e9rgio da Silva e Viviane Etiene Silva (Vetour Turismo), chegou ao mundo! Ele nasceu na segunda-feira (16), no Hospital S\u00e3o Paulo, pesando 3.980kg e medindo 51 cm. Nem precisa dizer que toda a fam\u00edlia\" \/>\n\t<meta name=\"robots\" content=\"max-image-preview:large\" \/>\n\t<meta name=\"author\" content=\"Juliana Laviola\"\/>\n\t<link rel=\"canonical\" href=\"https:\/\/anoticiaonline.com.br\/site\/sociarte-55\/\" \/>\n\t<meta name=\"generator\" content=\"All in One SEO (AIOSEO) 5.0.0.1\" \/>\n\t\t<meta property=\"og:locale\" content=\"pt_BR\" \/>\n\t\t<meta property=\"og:site_name\" content=\"A Not\u00edcia Online - Noticias de Muria\u00e9 e regi\u00e3o\" \/>\n\t\t<meta property=\"og:type\" content=\"article\" \/>\n\t\t<meta property=\"og:title\" content=\"Sociarte: - A Not\u00edcia Online\" \/>\n\t\t<meta property=\"og:description\" content=\"Edi\u00e7\u00e3o 506, de 23 de setembro de 2016 Nascimento de Gabriel Gabriel Francisco Etiene Silva, primog\u00eanito do casal Nilton S\u00e9rgio da Silva e Viviane Etiene Silva (Vetour Turismo), chegou ao mundo! Ele nasceu na segunda-feira (16), no Hospital S\u00e3o Paulo, pesando 3.980kg e medindo 51 cm. Nem precisa dizer que toda a fam\u00edlia\" \/>\n\t\t<meta property=\"og:url\" content=\"https:\/\/anoticiaonline.com.br\/site\/sociarte-55\/\" \/>\n\t\t<meta property=\"og:image\" content=\"https:\/\/scontent-gig4-1.xx.fbcdn.net\/v\/t39.30808-1\/270437624_4564083193639691_6907940295614233970_n.jpg?stp=dst-jpg_s200x200_tt6&#038;_nc_cat=111&#038;ccb=1-7&#038;_nc_sid=f907e8&#038;_nc_ohc=SM1wRlP3lJwQ7kNvwEPuBYA&#038;_nc_oc=AdnqrjDN_BNjSSHWO-GbkIWH6fkGMLw4bqvL_NH6e2wMveX7G-rP2dAqsDSq1mJMOaY&#038;_nc_zt=24&#038;_nc_ht=scontent-gig4-1.xx&#038;_nc_gid=AoBFJeGrT1hVaew_6rchkQ&#038;oh=00_AfX7QmFGhQhG2jAllVgXCiM1ZrWgvtp80-Bfppyexh1QEg&#038;oe=689E923C\" \/>\n\t\t<meta property=\"og:image:secure_url\" content=\"https:\/\/scontent-gig4-1.xx.fbcdn.net\/v\/t39.30808-1\/270437624_4564083193639691_6907940295614233970_n.jpg?stp=dst-jpg_s200x200_tt6&#038;_nc_cat=111&#038;ccb=1-7&#038;_nc_sid=f907e8&#038;_nc_ohc=SM1wRlP3lJwQ7kNvwEPuBYA&#038;_nc_oc=AdnqrjDN_BNjSSHWO-GbkIWH6fkGMLw4bqvL_NH6e2wMveX7G-rP2dAqsDSq1mJMOaY&#038;_nc_zt=24&#038;_nc_ht=scontent-gig4-1.xx&#038;_nc_gid=AoBFJeGrT1hVaew_6rchkQ&#038;oh=00_AfX7QmFGhQhG2jAllVgXCiM1ZrWgvtp80-Bfppyexh1QEg&#038;oe=689E923C\" \/>\n\t\t<meta property=\"article:published_time\" content=\"2016-09-22T17:27:26+00:00\" \/>\n\t\t<meta property=\"article:modified_time\" content=\"2016-09-23T16:38:28+00:00\" \/>\n\t\t<meta name=\"twitter:card\" content=\"summary_large_image\" \/>\n\t\t<meta name=\"twitter:title\" content=\"Sociarte: - A Not\u00edcia Online\" \/>\n\t\t<meta name=\"twitter:description\" content=\"Edi\u00e7\u00e3o 506, de 23 de setembro de 2016 Nascimento de Gabriel Gabriel Francisco Etiene Silva, primog\u00eanito do casal Nilton S\u00e9rgio da Silva e Viviane Etiene Silva (Vetour Turismo), chegou ao mundo! Ele nasceu na segunda-feira (16), no Hospital S\u00e3o Paulo, pesando 3.980kg e medindo 51 cm. Nem precisa dizer que toda a fam\u00edlia\" \/>\n\t\t<meta name=\"twitter:image\" content=\"https:\/\/scontent-gig4-1.xx.fbcdn.net\/v\/t39.30808-1\/270437624_4564083193639691_6907940295614233970_n.jpg?stp=dst-jpg_s200x200_tt6&amp;_nc_cat=111&amp;ccb=1-7&amp;_nc_sid=f907e8&amp;_nc_ohc=SM1wRlP3lJwQ7kNvwEPuBYA&amp;_nc_oc=AdnqrjDN_BNjSSHWO-GbkIWH6fkGMLw4bqvL_NH6e2wMveX7G-rP2dAqsDSq1mJMOaY&amp;_nc_zt=24&amp;_nc_ht=scontent-gig4-1.xx&amp;_nc_gid=AoBFJeGrT1hVaew_6rchkQ&amp;oh=00_AfX7QmFGhQhG2jAllVgXCiM1ZrWgvtp80-Bfppyexh1QEg&amp;oe=689E923C\" \/>\n\t\t<script type=\"application\/ld+json\" class=\"aioseo-schema\">\n\t\t\t{\"@context\":\"https:\\\/\\\/schema.org\",\"@graph\":[{\"@type\":\"BlogPosting\",\"@id\":\"https:\\\/\\\/anoticiaonline.com.br\\\/site\\\/sociarte-55\\\/#blogposting\",\"name\":\"Sociarte: - A Not\\u00edcia Online\",\"headline\":\"Sociarte:\",\"author\":{\"@id\":\"https:\\\/\\\/anoticiaonline.com.br\\\/site\\\/author\\\/juliana\\\/#author\"},\"publisher\":{\"@id\":\"https:\\\/\\\/anoticiaonline.com.br\\\/site\\\/#organization\"},\"image\":{\"@type\":\"ImageObject\",\"url\":\"http:\\\/\\\/anoticiaonline.com.br\\\/site\\\/wp-content\\\/uploads\\\/2016\\\/09\\\/Nascimento-de-Gabriel-300x183.jpg\",\"@id\":\"https:\\\/\\\/anoticiaonline.com.br\\\/site\\\/sociarte-55\\\/#articleImage\"},\"datePublished\":\"2016-09-22T14:27:26-03:00\",\"dateModified\":\"2016-09-23T13:38:28-03:00\",\"inLanguage\":\"pt-BR\",\"mainEntityOfPage\":{\"@id\":\"https:\\\/\\\/anoticiaonline.com.br\\\/site\\\/sociarte-55\\\/#webpage\"},\"isPartOf\":{\"@id\":\"https:\\\/\\\/anoticiaonline.com.br\\\/site\\\/sociarte-55\\\/#webpage\"},\"articleSection\":\"Sociarte\"},{\"@type\":\"BreadcrumbList\",\"@id\":\"https:\\\/\\\/anoticiaonline.com.br\\\/site\\\/sociarte-55\\\/#breadcrumblist\",\"itemListElement\":[{\"@type\":\"ListItem\",\"@id\":\"https:\\\/\\\/anoticiaonline.com.br\\\/site#listItem\",\"position\":1,\"name\":\"Home\",\"item\":\"https:\\\/\\\/anoticiaonline.com.br\\\/site\",\"nextItem\":{\"@type\":\"ListItem\",\"@id\":\"https:\\\/\\\/anoticiaonline.com.br\\\/site\\\/categoria\\\/colunistas\\\/#listItem\",\"name\":\"Colunistas\"}},{\"@type\":\"ListItem\",\"@id\":\"https:\\\/\\\/anoticiaonline.com.br\\\/site\\\/categoria\\\/colunistas\\\/#listItem\",\"position\":2,\"name\":\"Colunistas\",\"item\":\"https:\\\/\\\/anoticiaonline.com.br\\\/site\\\/categoria\\\/colunistas\\\/\",\"nextItem\":{\"@type\":\"ListItem\",\"@id\":\"https:\\\/\\\/anoticiaonline.com.br\\\/site\\\/categoria\\\/colunistas\\\/sociarte\\\/#listItem\",\"name\":\"Sociarte\"},\"previousItem\":{\"@type\":\"ListItem\",\"@id\":\"https:\\\/\\\/anoticiaonline.com.br\\\/site#listItem\",\"name\":\"Home\"}},{\"@type\":\"ListItem\",\"@id\":\"https:\\\/\\\/anoticiaonline.com.br\\\/site\\\/categoria\\\/colunistas\\\/sociarte\\\/#listItem\",\"position\":3,\"name\":\"Sociarte\",\"item\":\"https:\\\/\\\/anoticiaonline.com.br\\\/site\\\/categoria\\\/colunistas\\\/sociarte\\\/\",\"nextItem\":{\"@type\":\"ListItem\",\"@id\":\"https:\\\/\\\/anoticiaonline.com.br\\\/site\\\/sociarte-55\\\/#listItem\",\"name\":\"Sociarte:\"},\"previousItem\":{\"@type\":\"ListItem\",\"@id\":\"https:\\\/\\\/anoticiaonline.com.br\\\/site\\\/categoria\\\/colunistas\\\/#listItem\",\"name\":\"Colunistas\"}},{\"@type\":\"ListItem\",\"@id\":\"https:\\\/\\\/anoticiaonline.com.br\\\/site\\\/sociarte-55\\\/#listItem\",\"position\":4,\"name\":\"Sociarte:\",\"previousItem\":{\"@type\":\"ListItem\",\"@id\":\"https:\\\/\\\/anoticiaonline.com.br\\\/site\\\/categoria\\\/colunistas\\\/sociarte\\\/#listItem\",\"name\":\"Sociarte\"}}]},{\"@type\":\"Organization\",\"@id\":\"https:\\\/\\\/anoticiaonline.com.br\\\/site\\\/#organization\",\"name\":\"A Not\\u00edcia Online\",\"description\":\"Noticias de Muria\\u00e9 e regi\\u00e3o\",\"url\":\"https:\\\/\\\/anoticiaonline.com.br\\\/site\\\/\",\"logo\":{\"@type\":\"ImageObject\",\"url\":\"https:\\\/\\\/scontent-gig4-1.xx.fbcdn.net\\\/v\\\/t39.30808-1\\\/270437624_4564083193639691_6907940295614233970_n.jpg?stp=dst-jpg_s200x200_tt6&_nc_cat=111&ccb=1-7&_nc_sid=f907e8&_nc_ohc=SM1wRlP3lJwQ7kNvwEPuBYA&_nc_oc=AdnqrjDN_BNjSSHWO-GbkIWH6fkGMLw4bqvL_NH6e2wMveX7G-rP2dAqsDSq1mJMOaY&_nc_zt=24&_nc_ht=scontent-gig4-1.xx&_nc_gid=AoBFJeGrT1hVaew_6rchkQ&oh=00_AfX7QmFGhQhG2jAllVgXCiM1ZrWgvtp80-Bfppyexh1QEg&oe=689E923C\",\"@id\":\"https:\\\/\\\/anoticiaonline.com.br\\\/site\\\/sociarte-55\\\/#organizationLogo\"},\"image\":{\"@id\":\"https:\\\/\\\/anoticiaonline.com.br\\\/site\\\/sociarte-55\\\/#organizationLogo\"}},{\"@type\":\"Person\",\"@id\":\"https:\\\/\\\/anoticiaonline.com.br\\\/site\\\/author\\\/juliana\\\/#author\",\"url\":\"https:\\\/\\\/anoticiaonline.com.br\\\/site\\\/author\\\/juliana\\\/\",\"name\":\"Juliana Laviola\",\"image\":{\"@type\":\"ImageObject\",\"@id\":\"https:\\\/\\\/anoticiaonline.com.br\\\/site\\\/sociarte-55\\\/#authorImage\",\"url\":\"https:\\\/\\\/secure.gravatar.com\\\/avatar\\\/b8d45f5c699b100dfaf0e543582f38f38bf94cb7ae3a5e9abf8d891a34773335?s=96&d=mm&r=g\",\"width\":96,\"height\":96,\"caption\":\"Juliana Laviola\"}},{\"@type\":\"WebPage\",\"@id\":\"https:\\\/\\\/anoticiaonline.com.br\\\/site\\\/sociarte-55\\\/#webpage\",\"url\":\"https:\\\/\\\/anoticiaonline.com.br\\\/site\\\/sociarte-55\\\/\",\"name\":\"Sociarte: - A Not\\u00edcia Online\",\"description\":\"Edi\\u00e7\\u00e3o 506, de 23 de setembro de 2016 Nascimento de Gabriel Gabriel Francisco Etiene Silva, primog\\u00eanito do casal Nilton S\\u00e9rgio da Silva e Viviane Etiene Silva (Vetour Turismo), chegou ao mundo! Ele nasceu na segunda-feira (16), no Hospital S\\u00e3o Paulo, pesando 3.980kg e medindo 51 cm. Nem precisa dizer que toda a fam\\u00edlia\",\"inLanguage\":\"pt-BR\",\"isPartOf\":{\"@id\":\"https:\\\/\\\/anoticiaonline.com.br\\\/site\\\/#website\"},\"breadcrumb\":{\"@id\":\"https:\\\/\\\/anoticiaonline.com.br\\\/site\\\/sociarte-55\\\/#breadcrumblist\"},\"author\":{\"@id\":\"https:\\\/\\\/anoticiaonline.com.br\\\/site\\\/author\\\/juliana\\\/#author\"},\"creator\":{\"@id\":\"https:\\\/\\\/anoticiaonline.com.br\\\/site\\\/author\\\/juliana\\\/#author\"},\"datePublished\":\"2016-09-22T14:27:26-03:00\",\"dateModified\":\"2016-09-23T13:38:28-03:00\"},{\"@type\":\"WebSite\",\"@id\":\"https:\\\/\\\/anoticiaonline.com.br\\\/site\\\/#website\",\"url\":\"https:\\\/\\\/anoticiaonline.com.br\\\/site\\\/\",\"name\":\"A Not\\u00edcia Online\",\"description\":\"Noticias de Muria\\u00e9 e regi\\u00e3o\",\"inLanguage\":\"pt-BR\",\"publisher\":{\"@id\":\"https:\\\/\\\/anoticiaonline.com.br\\\/site\\\/#organization\"}}]}\n\t\t<\/script>\n\t\t<!-- All in One SEO -->\n\n","aioseo_head_json":{"title":"Sociarte: - A Not\u00edcia Online","description":"Edi\u00e7\u00e3o 506, de 23 de setembro de 2016 Nascimento de Gabriel Gabriel Francisco Etiene Silva, primog\u00eanito do casal Nilton S\u00e9rgio da Silva e Viviane Etiene Silva (Vetour Turismo), chegou ao mundo! Ele nasceu na segunda-feira (16), no Hospital S\u00e3o Paulo, pesando 3.980kg e medindo 51 cm. Nem precisa dizer que toda a fam\u00edlia","canonical_url":"https:\/\/anoticiaonline.com.br\/site\/sociarte-55\/","robots":"max-image-preview:large","keywords":"","webmasterTools":{"miscellaneous":""},"schema":{"@context":"https:\/\/schema.org","@graph":[{"@type":"BlogPosting","@id":"https:\/\/anoticiaonline.com.br\/site\/sociarte-55\/#blogposting","name":"Sociarte: - A Not\u00edcia Online","headline":"Sociarte:","author":{"@id":"https:\/\/anoticiaonline.com.br\/site\/author\/juliana\/#author"},"publisher":{"@id":"https:\/\/anoticiaonline.com.br\/site\/#organization"},"image":{"@type":"ImageObject","url":"http:\/\/anoticiaonline.com.br\/site\/wp-content\/uploads\/2016\/09\/Nascimento-de-Gabriel-300x183.jpg","@id":"https:\/\/anoticiaonline.com.br\/site\/sociarte-55\/#articleImage"},"datePublished":"2016-09-22T14:27:26-03:00","dateModified":"2016-09-23T13:38:28-03:00","inLanguage":"pt-BR","mainEntityOfPage":{"@id":"https:\/\/anoticiaonline.com.br\/site\/sociarte-55\/#webpage"},"isPartOf":{"@id":"https:\/\/anoticiaonline.com.br\/site\/sociarte-55\/#webpage"},"articleSection":"Sociarte"},{"@type":"BreadcrumbList","@id":"https:\/\/anoticiaonline.com.br\/site\/sociarte-55\/#breadcrumblist","itemListElement":[{"@type":"ListItem","@id":"https:\/\/anoticiaonline.com.br\/site#listItem","position":1,"name":"Home","item":"https:\/\/anoticiaonline.com.br\/site","nextItem":{"@type":"ListItem","@id":"https:\/\/anoticiaonline.com.br\/site\/categoria\/colunistas\/#listItem","name":"Colunistas"}},{"@type":"ListItem","@id":"https:\/\/anoticiaonline.com.br\/site\/categoria\/colunistas\/#listItem","position":2,"name":"Colunistas","item":"https:\/\/anoticiaonline.com.br\/site\/categoria\/colunistas\/","nextItem":{"@type":"ListItem","@id":"https:\/\/anoticiaonline.com.br\/site\/categoria\/colunistas\/sociarte\/#listItem","name":"Sociarte"},"previousItem":{"@type":"ListItem","@id":"https:\/\/anoticiaonline.com.br\/site#listItem","name":"Home"}},{"@type":"ListItem","@id":"https:\/\/anoticiaonline.com.br\/site\/categoria\/colunistas\/sociarte\/#listItem","position":3,"name":"Sociarte","item":"https:\/\/anoticiaonline.com.br\/site\/categoria\/colunistas\/sociarte\/","nextItem":{"@type":"ListItem","@id":"https:\/\/anoticiaonline.com.br\/site\/sociarte-55\/#listItem","name":"Sociarte:"},"previousItem":{"@type":"ListItem","@id":"https:\/\/anoticiaonline.com.br\/site\/categoria\/colunistas\/#listItem","name":"Colunistas"}},{"@type":"ListItem","@id":"https:\/\/anoticiaonline.com.br\/site\/sociarte-55\/#listItem","position":4,"name":"Sociarte:","previousItem":{"@type":"ListItem","@id":"https:\/\/anoticiaonline.com.br\/site\/categoria\/colunistas\/sociarte\/#listItem","name":"Sociarte"}}]},{"@type":"Organization","@id":"https:\/\/anoticiaonline.com.br\/site\/#organization","name":"A Not\u00edcia Online","description":"Noticias de Muria\u00e9 e regi\u00e3o","url":"https:\/\/anoticiaonline.com.br\/site\/","logo":{"@type":"ImageObject","url":"https:\/\/scontent-gig4-1.xx.fbcdn.net\/v\/t39.30808-1\/270437624_4564083193639691_6907940295614233970_n.jpg?stp=dst-jpg_s200x200_tt6&_nc_cat=111&ccb=1-7&_nc_sid=f907e8&_nc_ohc=SM1wRlP3lJwQ7kNvwEPuBYA&_nc_oc=AdnqrjDN_BNjSSHWO-GbkIWH6fkGMLw4bqvL_NH6e2wMveX7G-rP2dAqsDSq1mJMOaY&_nc_zt=24&_nc_ht=scontent-gig4-1.xx&_nc_gid=AoBFJeGrT1hVaew_6rchkQ&oh=00_AfX7QmFGhQhG2jAllVgXCiM1ZrWgvtp80-Bfppyexh1QEg&oe=689E923C","@id":"https:\/\/anoticiaonline.com.br\/site\/sociarte-55\/#organizationLogo"},"image":{"@id":"https:\/\/anoticiaonline.com.br\/site\/sociarte-55\/#organizationLogo"}},{"@type":"Person","@id":"https:\/\/anoticiaonline.com.br\/site\/author\/juliana\/#author","url":"https:\/\/anoticiaonline.com.br\/site\/author\/juliana\/","name":"Juliana Laviola","image":{"@type":"ImageObject","@id":"https:\/\/anoticiaonline.com.br\/site\/sociarte-55\/#authorImage","url":"https:\/\/secure.gravatar.com\/avatar\/b8d45f5c699b100dfaf0e543582f38f38bf94cb7ae3a5e9abf8d891a34773335?s=96&d=mm&r=g","width":96,"height":96,"caption":"Juliana Laviola"}},{"@type":"WebPage","@id":"https:\/\/anoticiaonline.com.br\/site\/sociarte-55\/#webpage","url":"https:\/\/anoticiaonline.com.br\/site\/sociarte-55\/","name":"Sociarte: - A Not\u00edcia Online","description":"Edi\u00e7\u00e3o 506, de 23 de setembro de 2016 Nascimento de Gabriel Gabriel Francisco Etiene Silva, primog\u00eanito do casal Nilton S\u00e9rgio da Silva e Viviane Etiene Silva (Vetour Turismo), chegou ao mundo! Ele nasceu na segunda-feira (16), no Hospital S\u00e3o Paulo, pesando 3.980kg e medindo 51 cm. Nem precisa dizer que toda a fam\u00edlia","inLanguage":"pt-BR","isPartOf":{"@id":"https:\/\/anoticiaonline.com.br\/site\/#website"},"breadcrumb":{"@id":"https:\/\/anoticiaonline.com.br\/site\/sociarte-55\/#breadcrumblist"},"author":{"@id":"https:\/\/anoticiaonline.com.br\/site\/author\/juliana\/#author"},"creator":{"@id":"https:\/\/anoticiaonline.com.br\/site\/author\/juliana\/#author"},"datePublished":"2016-09-22T14:27:26-03:00","dateModified":"2016-09-23T13:38:28-03:00"},{"@type":"WebSite","@id":"https:\/\/anoticiaonline.com.br\/site\/#website","url":"https:\/\/anoticiaonline.com.br\/site\/","name":"A Not\u00edcia Online","description":"Noticias de Muria\u00e9 e regi\u00e3o","inLanguage":"pt-BR","publisher":{"@id":"https:\/\/anoticiaonline.com.br\/site\/#organization"}}]},"og:locale":"pt_BR","og:site_name":"A Not\u00edcia Online - Noticias de Muria\u00e9 e regi\u00e3o","og:type":"article","og:title":"Sociarte: - A Not\u00edcia Online","og:description":"Edi\u00e7\u00e3o 506, de 23 de setembro de 2016 Nascimento de Gabriel Gabriel Francisco Etiene Silva, primog\u00eanito do casal Nilton S\u00e9rgio da Silva e Viviane Etiene Silva (Vetour Turismo), chegou ao mundo! Ele nasceu na segunda-feira (16), no Hospital S\u00e3o Paulo, pesando 3.980kg e medindo 51 cm. Nem precisa dizer que toda a fam\u00edlia","og:url":"https:\/\/anoticiaonline.com.br\/site\/sociarte-55\/","og:image":"https:\/\/scontent-gig4-1.xx.fbcdn.net\/v\/t39.30808-1\/270437624_4564083193639691_6907940295614233970_n.jpg?stp=dst-jpg_s200x200_tt6&#038;_nc_cat=111&#038;ccb=1-7&#038;_nc_sid=f907e8&#038;_nc_ohc=SM1wRlP3lJwQ7kNvwEPuBYA&#038;_nc_oc=AdnqrjDN_BNjSSHWO-GbkIWH6fkGMLw4bqvL_NH6e2wMveX7G-rP2dAqsDSq1mJMOaY&#038;_nc_zt=24&#038;_nc_ht=scontent-gig4-1.xx&#038;_nc_gid=AoBFJeGrT1hVaew_6rchkQ&#038;oh=00_AfX7QmFGhQhG2jAllVgXCiM1ZrWgvtp80-Bfppyexh1QEg&#038;oe=689E923C","og:image:secure_url":"https:\/\/scontent-gig4-1.xx.fbcdn.net\/v\/t39.30808-1\/270437624_4564083193639691_6907940295614233970_n.jpg?stp=dst-jpg_s200x200_tt6&#038;_nc_cat=111&#038;ccb=1-7&#038;_nc_sid=f907e8&#038;_nc_ohc=SM1wRlP3lJwQ7kNvwEPuBYA&#038;_nc_oc=AdnqrjDN_BNjSSHWO-GbkIWH6fkGMLw4bqvL_NH6e2wMveX7G-rP2dAqsDSq1mJMOaY&#038;_nc_zt=24&#038;_nc_ht=scontent-gig4-1.xx&#038;_nc_gid=AoBFJeGrT1hVaew_6rchkQ&#038;oh=00_AfX7QmFGhQhG2jAllVgXCiM1ZrWgvtp80-Bfppyexh1QEg&#038;oe=689E923C","article:published_time":"2016-09-22T17:27:26+00:00","article:modified_time":"2016-09-23T16:38:28+00:00","twitter:card":"summary_large_image","twitter:title":"Sociarte: - A Not\u00edcia Online","twitter:description":"Edi\u00e7\u00e3o 506, de 23 de setembro de 2016 Nascimento de Gabriel Gabriel Francisco Etiene Silva, primog\u00eanito do casal Nilton S\u00e9rgio da Silva e Viviane Etiene Silva (Vetour Turismo), chegou ao mundo! Ele nasceu na segunda-feira (16), no Hospital S\u00e3o Paulo, pesando 3.980kg e medindo 51 cm. Nem precisa dizer que toda a fam\u00edlia","twitter:image":"https:\/\/scontent-gig4-1.xx.fbcdn.net\/v\/t39.30808-1\/270437624_4564083193639691_6907940295614233970_n.jpg?stp=dst-jpg_s200x200_tt6&_nc_cat=111&ccb=1-7&_nc_sid=f907e8&_nc_ohc=SM1wRlP3lJwQ7kNvwEPuBYA&_nc_oc=AdnqrjDN_BNjSSHWO-GbkIWH6fkGMLw4bqvL_NH6e2wMveX7G-rP2dAqsDSq1mJMOaY&_nc_zt=24&_nc_ht=scontent-gig4-1.xx&_nc_gid=AoBFJeGrT1hVaew_6rchkQ&oh=00_AfX7QmFGhQhG2jAllVgXCiM1ZrWgvtp80-Bfppyexh1QEg&oe=689E923C"},"aioseo_meta_data":{"post_id":"18998","title":null,"description":null,"keywords":null,"keyphrases":null,"primary_term":null,"canonical_url":null,"og_title":null,"og_description":null,"og_object_type":"default","og_image_type":"default","og_image_url":null,"og_image_width":null,"og_image_height":null,"og_image_custom_url":null,"og_image_custom_fields":null,"og_video":null,"og_custom_url":null,"og_article_section":null,"og_article_tags":null,"twitter_use_og":false,"twitter_card":"default","twitter_image_type":"default","twitter_image_url":null,"twitter_image_custom_url":null,"twitter_image_custom_fields":null,"twitter_title":null,"twitter_description":null,"schema":{"blockGraphs":[],"customGraphs":[],"default":{"data":{"Article":[],"Course":[],"Dataset":[],"FAQPage":[],"Movie":[],"Person":[],"Product":[],"ProductReview":[],"Car":[],"Recipe":[],"Service":[],"SoftwareApplication":[],"WebPage":[]},"graphName":"","isEnabled":true},"graphs":[]},"schema_type":"default","schema_type_options":null,"pillar_content":false,"robots_default":true,"robots_noindex":false,"robots_noarchive":false,"robots_nosnippet":false,"robots_nofollow":false,"robots_noimageindex":false,"robots_noodp":false,"robots_notranslate":false,"robots_max_snippet":null,"robots_max_videopreview":null,"robots_max_imagepreview":"large","priority":null,"frequency":null,"local_seo":null,"breadcrumb_settings":null,"limit_modified_date":false,"ai":null,"created":"2025-08-16 16:50:22","updated":"2025-08-16 16:50:22","focus_keyword":null,"additional_keywords":null,"truseo_locale":null,"seo_analyzer_scan_date":null},"aioseo_breadcrumb":"<div class=\"aioseo-breadcrumbs\"><span class=\"aioseo-breadcrumb\">\n\t\t\t<a href=\"https:\/\/anoticiaonline.com.br\/site\" title=\"Home\">Home<\/a>\n\t\t<\/span><span class=\"aioseo-breadcrumb-separator\">&raquo;<\/span><span class=\"aioseo-breadcrumb\">\n\t\t\t<a href=\"https:\/\/anoticiaonline.com.br\/site\/categoria\/colunistas\/\" title=\"Colunistas\">Colunistas<\/a>\n\t\t<\/span><span class=\"aioseo-breadcrumb-separator\">&raquo;<\/span><span class=\"aioseo-breadcrumb\">\n\t\t\t<a href=\"https:\/\/anoticiaonline.com.br\/site\/categoria\/colunistas\/sociarte\/\" title=\"Sociarte\">Sociarte<\/a>\n\t\t<\/span><span class=\"aioseo-breadcrumb-separator\">&raquo;<\/span><span class=\"aioseo-breadcrumb\">\n\t\t\tSociarte:\n\t\t<\/span><\/div>","aioseo_breadcrumb_json":[{"label":"Home","link":"https:\/\/anoticiaonline.com.br\/site"},{"label":"Colunistas","link":"https:\/\/anoticiaonline.com.br\/site\/categoria\/colunistas\/"},{"label":"Sociarte","link":"https:\/\/anoticiaonline.com.br\/site\/categoria\/colunistas\/sociarte\/"},{"label":"Sociarte:","link":"https:\/\/anoticiaonline.com.br\/site\/sociarte-55\/"}],"views":100,"_links":{"self":[{"href":"https:\/\/anoticiaonline.com.br\/site\/wp-json\/wp\/v2\/posts\/18998","targetHints":{"allow":["GET"]}}],"collection":[{"href":"https:\/\/anoticiaonline.com.br\/site\/wp-json\/wp\/v2\/posts"}],"about":[{"href":"https:\/\/anoticiaonline.com.br\/site\/wp-json\/wp\/v2\/types\/post"}],"author":[{"embeddable":true,"href":"https:\/\/anoticiaonline.com.br\/site\/wp-json\/wp\/v2\/users\/2"}],"replies":[{"embeddable":true,"href":"https:\/\/anoticiaonline.com.br\/site\/wp-json\/wp\/v2\/comments?post=18998"}],"version-history":[{"count":0,"href":"https:\/\/anoticiaonline.com.br\/site\/wp-json\/wp\/v2\/posts\/18998\/revisions"}],"wp:attachment":[{"href":"https:\/\/anoticiaonline.com.br\/site\/wp-json\/wp\/v2\/media?parent=18998"}],"wp:term":[{"taxonomy":"category","embeddable":true,"href":"https:\/\/anoticiaonline.com.br\/site\/wp-json\/wp\/v2\/categories?post=18998"},{"taxonomy":"post_tag","embeddable":true,"href":"https:\/\/anoticiaonline.com.br\/site\/wp-json\/wp\/v2\/tags?post=18998"}],"curies":[{"name":"wp","href":"https:\/\/api.w.org\/{rel}","templated":true}]}}