{"id":18995,"date":"2016-09-22T11:35:17","date_gmt":"2016-09-22T14:35:17","guid":{"rendered":"http:\/\/anoticiaonline.com.br\/site\/?p=18995"},"modified":"2016-09-22T11:35:17","modified_gmt":"2016-09-22T14:35:17","slug":"nacional-adquire-onibus-para-transporte-de-atletas-durante-as-competicoes","status":"publish","type":"post","link":"https:\/\/anoticiaonline.com.br\/site\/nacional-adquire-onibus-para-transporte-de-atletas-durante-as-competicoes\/","title":{"rendered":"Nacional adquire \u00f4nibus para transporte de atletas durante as competi\u00e7\u00f5es"},"content":{"rendered":"<p><a href=\"https:\/\/anoticiaonline.com.br\/site\/wp-content\/uploads\/2016\/09\/Nacional-adquire-\u00f4nibus-para-transporte-de-atletas-durante-as-competi\u00e7\u00f5es.jpg\"><img fetchpriority=\"high\" decoding=\"async\" class=\" size-medium wp-image-18996 alignleft\" src=\"https:\/\/anoticiaonline.com.br\/site\/wp-content\/uploads\/2016\/09\/Nacional-adquire-\u00f4nibus-para-transporte-de-atletas-durante-as-competi\u00e7\u00f5es-300x200.jpg\" alt=\"nacional-adquire-onibus-para-transporte-de-atletas-durante-as-competicoes\" width=\"300\" height=\"200\" srcset=\"https:\/\/anoticiaonline.com.br\/site\/wp-content\/uploads\/2016\/09\/Nacional-adquire-\u00f4nibus-para-transporte-de-atletas-durante-as-competi\u00e7\u00f5es-300x200.jpg 300w, https:\/\/anoticiaonline.com.br\/site\/wp-content\/uploads\/2016\/09\/Nacional-adquire-\u00f4nibus-para-transporte-de-atletas-durante-as-competi\u00e7\u00f5es-290x192.jpg 290w, https:\/\/anoticiaonline.com.br\/site\/wp-content\/uploads\/2016\/09\/Nacional-adquire-\u00f4nibus-para-transporte-de-atletas-durante-as-competi\u00e7\u00f5es.jpg 640w\" sizes=\"(max-width: 300px) 100vw, 300px\" \/><\/a>O Nacional Atl\u00e9tico Clube (NAC) anunciou, na manh\u00e3 de quinta-feira (22), a aquisi\u00e7\u00e3o de um \u00f4nibus para condu\u00e7\u00e3o de seus atletas durante as competi\u00e7\u00f5es. O objetivo \u00e9 reduzir gastos com transporte durante as partidas. O \u00f4nibus j\u00e1 est\u00e1 no clube e em breve ser\u00e1 plotado com a identifica\u00e7\u00e3o visual do NAC.<\/p>\n<p><strong>NOTA DA DIRETORIA &#8211;<\/strong> &#8220;A diretoria est\u00e1 sempre pensando numa estrutura s\u00f3lida para sua equipe e procurando uma forma melhor de administra\u00e7\u00e3o. Primeiro foi a constru\u00e7\u00e3o do alojamento, segundo o restaurante e agora mais uma conquista de toda Diretoria e v\u00e1rias empresas parceiras do NAC que contribuem na aquisi\u00e7\u00e3o desse novo projeto. Adquirimos um \u00f4nibus para, assim, diminuir as despesas do clube . A diretoria agradece a todos os parceiros que contribu\u00edram com esse sonho!\u201d.<\/p>\n","protected":false},"excerpt":{"rendered":"<p>O Nacional Atl\u00e9tico Clube (NAC) anunciou, na manh\u00e3 de quinta-feira (22), a aquisi\u00e7\u00e3o de um \u00f4nibus para condu\u00e7\u00e3o de seus atletas durante as competi\u00e7\u00f5es. O objetivo \u00e9 reduzir gastos com transporte durante as partidas. O \u00f4nibus j\u00e1 est\u00e1 no clube e em breve ser\u00e1 plotado com a identifica\u00e7\u00e3o visual do NAC. NOTA DA DIRETORIA &#8211; &#8230; <a title=\"Nacional adquire \u00f4nibus para transporte de atletas durante as competi\u00e7\u00f5es\" class=\"read-more\" href=\"https:\/\/anoticiaonline.com.br\/site\/nacional-adquire-onibus-para-transporte-de-atletas-durante-as-competicoes\/\" aria-label=\"Read more about Nacional adquire \u00f4nibus para transporte de atletas durante as competi\u00e7\u00f5es\">Ler mais<\/a><\/p>\n","protected":false},"author":2,"featured_media":18996,"comment_status":"open","ping_status":"open","sticky":false,"template":"","format":"standard","meta":{"_acf_changed":false,"_monsterinsights_skip_tracking":false,"footnotes":""},"categories":[29],"tags":[3],"class_list":["post-18995","post","type-post","status-publish","format-standard","has-post-thumbnail","hentry","category-esporte","tag-slide"],"acf":[],"aioseo_notices":[],"aioseo_head":"\n\t\t<!-- All in One SEO 5.0.0.1 - aioseo.com -->\n\t<meta name=\"description\" content=\"O Nacional Atl\u00e9tico Clube (NAC) anunciou, na manh\u00e3 de quinta-feira (22), a aquisi\u00e7\u00e3o de um \u00f4nibus para condu\u00e7\u00e3o de seus atletas durante as competi\u00e7\u00f5es. O objetivo \u00e9 reduzir gastos com transporte durante as partidas. O \u00f4nibus j\u00e1 est\u00e1 no clube e em breve ser\u00e1 plotado com a identifica\u00e7\u00e3o visual do NAC. NOTA DA DIRETORIA -\" \/>\n\t<meta name=\"robots\" content=\"max-image-preview:large\" \/>\n\t<meta name=\"author\" content=\"Juliana Laviola\"\/>\n\t<link rel=\"canonical\" href=\"https:\/\/anoticiaonline.com.br\/site\/nacional-adquire-onibus-para-transporte-de-atletas-durante-as-competicoes\/\" \/>\n\t<meta name=\"generator\" content=\"All in One SEO (AIOSEO) 5.0.0.1\" \/>\n\t\t<meta property=\"og:locale\" content=\"pt_BR\" \/>\n\t\t<meta property=\"og:site_name\" content=\"A Not\u00edcia Online - Noticias de Muria\u00e9 e regi\u00e3o\" \/>\n\t\t<meta property=\"og:type\" content=\"article\" \/>\n\t\t<meta property=\"og:title\" content=\"Nacional adquire \u00f4nibus para transporte de atletas durante as competi\u00e7\u00f5es - A Not\u00edcia Online\" \/>\n\t\t<meta property=\"og:description\" content=\"O Nacional Atl\u00e9tico Clube (NAC) anunciou, na manh\u00e3 de quinta-feira (22), a aquisi\u00e7\u00e3o de um \u00f4nibus para condu\u00e7\u00e3o de seus atletas durante as competi\u00e7\u00f5es. O objetivo \u00e9 reduzir gastos com transporte durante as partidas. O \u00f4nibus j\u00e1 est\u00e1 no clube e em breve ser\u00e1 plotado com a identifica\u00e7\u00e3o visual do NAC. NOTA DA DIRETORIA -\" \/>\n\t\t<meta property=\"og:url\" content=\"https:\/\/anoticiaonline.com.br\/site\/nacional-adquire-onibus-para-transporte-de-atletas-durante-as-competicoes\/\" \/>\n\t\t<meta property=\"og:image\" content=\"https:\/\/scontent-gig4-1.xx.fbcdn.net\/v\/t39.30808-1\/270437624_4564083193639691_6907940295614233970_n.jpg?stp=dst-jpg_s200x200_tt6&#038;_nc_cat=111&#038;ccb=1-7&#038;_nc_sid=f907e8&#038;_nc_ohc=SM1wRlP3lJwQ7kNvwEPuBYA&#038;_nc_oc=AdnqrjDN_BNjSSHWO-GbkIWH6fkGMLw4bqvL_NH6e2wMveX7G-rP2dAqsDSq1mJMOaY&#038;_nc_zt=24&#038;_nc_ht=scontent-gig4-1.xx&#038;_nc_gid=AoBFJeGrT1hVaew_6rchkQ&#038;oh=00_AfX7QmFGhQhG2jAllVgXCiM1ZrWgvtp80-Bfppyexh1QEg&#038;oe=689E923C\" \/>\n\t\t<meta property=\"og:image:secure_url\" content=\"https:\/\/scontent-gig4-1.xx.fbcdn.net\/v\/t39.30808-1\/270437624_4564083193639691_6907940295614233970_n.jpg?stp=dst-jpg_s200x200_tt6&#038;_nc_cat=111&#038;ccb=1-7&#038;_nc_sid=f907e8&#038;_nc_ohc=SM1wRlP3lJwQ7kNvwEPuBYA&#038;_nc_oc=AdnqrjDN_BNjSSHWO-GbkIWH6fkGMLw4bqvL_NH6e2wMveX7G-rP2dAqsDSq1mJMOaY&#038;_nc_zt=24&#038;_nc_ht=scontent-gig4-1.xx&#038;_nc_gid=AoBFJeGrT1hVaew_6rchkQ&#038;oh=00_AfX7QmFGhQhG2jAllVgXCiM1ZrWgvtp80-Bfppyexh1QEg&#038;oe=689E923C\" \/>\n\t\t<meta property=\"article:published_time\" content=\"2016-09-22T14:35:17+00:00\" \/>\n\t\t<meta property=\"article:modified_time\" content=\"2016-09-22T14:35:17+00:00\" \/>\n\t\t<meta name=\"twitter:card\" content=\"summary_large_image\" \/>\n\t\t<meta name=\"twitter:title\" content=\"Nacional adquire \u00f4nibus para transporte de atletas durante as competi\u00e7\u00f5es - A Not\u00edcia Online\" \/>\n\t\t<meta name=\"twitter:description\" content=\"O Nacional Atl\u00e9tico Clube (NAC) anunciou, na manh\u00e3 de quinta-feira (22), a aquisi\u00e7\u00e3o de um \u00f4nibus para condu\u00e7\u00e3o de seus atletas durante as competi\u00e7\u00f5es. O objetivo \u00e9 reduzir gastos com transporte durante as partidas. O \u00f4nibus j\u00e1 est\u00e1 no clube e em breve ser\u00e1 plotado com a identifica\u00e7\u00e3o visual do NAC. NOTA DA DIRETORIA -\" \/>\n\t\t<meta name=\"twitter:image\" content=\"https:\/\/scontent-gig4-1.xx.fbcdn.net\/v\/t39.30808-1\/270437624_4564083193639691_6907940295614233970_n.jpg?stp=dst-jpg_s200x200_tt6&amp;_nc_cat=111&amp;ccb=1-7&amp;_nc_sid=f907e8&amp;_nc_ohc=SM1wRlP3lJwQ7kNvwEPuBYA&amp;_nc_oc=AdnqrjDN_BNjSSHWO-GbkIWH6fkGMLw4bqvL_NH6e2wMveX7G-rP2dAqsDSq1mJMOaY&amp;_nc_zt=24&amp;_nc_ht=scontent-gig4-1.xx&amp;_nc_gid=AoBFJeGrT1hVaew_6rchkQ&amp;oh=00_AfX7QmFGhQhG2jAllVgXCiM1ZrWgvtp80-Bfppyexh1QEg&amp;oe=689E923C\" \/>\n\t\t<script type=\"application\/ld+json\" class=\"aioseo-schema\">\n\t\t\t{\"@context\":\"https:\\\/\\\/schema.org\",\"@graph\":[{\"@type\":\"BlogPosting\",\"@id\":\"https:\\\/\\\/anoticiaonline.com.br\\\/site\\\/nacional-adquire-onibus-para-transporte-de-atletas-durante-as-competicoes\\\/#blogposting\",\"name\":\"Nacional adquire \\u00f4nibus para transporte de atletas durante as competi\\u00e7\\u00f5es - A Not\\u00edcia Online\",\"headline\":\"Nacional adquire \\u00f4nibus para transporte de atletas durante as competi\\u00e7\\u00f5es\",\"author\":{\"@id\":\"https:\\\/\\\/anoticiaonline.com.br\\\/site\\\/author\\\/juliana\\\/#author\"},\"publisher\":{\"@id\":\"https:\\\/\\\/anoticiaonline.com.br\\\/site\\\/#organization\"},\"image\":{\"@type\":\"ImageObject\",\"url\":\"https:\\\/\\\/anoticiaonline.com.br\\\/site\\\/wp-content\\\/uploads\\\/2016\\\/09\\\/Nacional-adquire-\\u00f4nibus-para-transporte-de-atletas-durante-as-competi\\u00e7\\u00f5es.jpg\",\"width\":640,\"height\":426},\"datePublished\":\"2016-09-22T11:35:17-03:00\",\"dateModified\":\"2016-09-22T11:35:17-03:00\",\"inLanguage\":\"pt-BR\",\"mainEntityOfPage\":{\"@id\":\"https:\\\/\\\/anoticiaonline.com.br\\\/site\\\/nacional-adquire-onibus-para-transporte-de-atletas-durante-as-competicoes\\\/#webpage\"},\"isPartOf\":{\"@id\":\"https:\\\/\\\/anoticiaonline.com.br\\\/site\\\/nacional-adquire-onibus-para-transporte-de-atletas-durante-as-competicoes\\\/#webpage\"},\"articleSection\":\"Esporte, slide\"},{\"@type\":\"BreadcrumbList\",\"@id\":\"https:\\\/\\\/anoticiaonline.com.br\\\/site\\\/nacional-adquire-onibus-para-transporte-de-atletas-durante-as-competicoes\\\/#breadcrumblist\",\"itemListElement\":[{\"@type\":\"ListItem\",\"@id\":\"https:\\\/\\\/anoticiaonline.com.br\\\/site#listItem\",\"position\":1,\"name\":\"Home\",\"item\":\"https:\\\/\\\/anoticiaonline.com.br\\\/site\",\"nextItem\":{\"@type\":\"ListItem\",\"@id\":\"https:\\\/\\\/anoticiaonline.com.br\\\/site\\\/categoria\\\/esporte\\\/#listItem\",\"name\":\"Esporte\"}},{\"@type\":\"ListItem\",\"@id\":\"https:\\\/\\\/anoticiaonline.com.br\\\/site\\\/categoria\\\/esporte\\\/#listItem\",\"position\":2,\"name\":\"Esporte\",\"item\":\"https:\\\/\\\/anoticiaonline.com.br\\\/site\\\/categoria\\\/esporte\\\/\",\"nextItem\":{\"@type\":\"ListItem\",\"@id\":\"https:\\\/\\\/anoticiaonline.com.br\\\/site\\\/nacional-adquire-onibus-para-transporte-de-atletas-durante-as-competicoes\\\/#listItem\",\"name\":\"Nacional adquire \\u00f4nibus para transporte de atletas durante as competi\\u00e7\\u00f5es\"},\"previousItem\":{\"@type\":\"ListItem\",\"@id\":\"https:\\\/\\\/anoticiaonline.com.br\\\/site#listItem\",\"name\":\"Home\"}},{\"@type\":\"ListItem\",\"@id\":\"https:\\\/\\\/anoticiaonline.com.br\\\/site\\\/nacional-adquire-onibus-para-transporte-de-atletas-durante-as-competicoes\\\/#listItem\",\"position\":3,\"name\":\"Nacional adquire \\u00f4nibus para transporte de atletas durante as competi\\u00e7\\u00f5es\",\"previousItem\":{\"@type\":\"ListItem\",\"@id\":\"https:\\\/\\\/anoticiaonline.com.br\\\/site\\\/categoria\\\/esporte\\\/#listItem\",\"name\":\"Esporte\"}}]},{\"@type\":\"Organization\",\"@id\":\"https:\\\/\\\/anoticiaonline.com.br\\\/site\\\/#organization\",\"name\":\"A Not\\u00edcia Online\",\"description\":\"Noticias de Muria\\u00e9 e regi\\u00e3o\",\"url\":\"https:\\\/\\\/anoticiaonline.com.br\\\/site\\\/\",\"logo\":{\"@type\":\"ImageObject\",\"url\":\"https:\\\/\\\/scontent-gig4-1.xx.fbcdn.net\\\/v\\\/t39.30808-1\\\/270437624_4564083193639691_6907940295614233970_n.jpg?stp=dst-jpg_s200x200_tt6&_nc_cat=111&ccb=1-7&_nc_sid=f907e8&_nc_ohc=SM1wRlP3lJwQ7kNvwEPuBYA&_nc_oc=AdnqrjDN_BNjSSHWO-GbkIWH6fkGMLw4bqvL_NH6e2wMveX7G-rP2dAqsDSq1mJMOaY&_nc_zt=24&_nc_ht=scontent-gig4-1.xx&_nc_gid=AoBFJeGrT1hVaew_6rchkQ&oh=00_AfX7QmFGhQhG2jAllVgXCiM1ZrWgvtp80-Bfppyexh1QEg&oe=689E923C\",\"@id\":\"https:\\\/\\\/anoticiaonline.com.br\\\/site\\\/nacional-adquire-onibus-para-transporte-de-atletas-durante-as-competicoes\\\/#organizationLogo\"},\"image\":{\"@id\":\"https:\\\/\\\/anoticiaonline.com.br\\\/site\\\/nacional-adquire-onibus-para-transporte-de-atletas-durante-as-competicoes\\\/#organizationLogo\"}},{\"@type\":\"Person\",\"@id\":\"https:\\\/\\\/anoticiaonline.com.br\\\/site\\\/author\\\/juliana\\\/#author\",\"url\":\"https:\\\/\\\/anoticiaonline.com.br\\\/site\\\/author\\\/juliana\\\/\",\"name\":\"Juliana Laviola\",\"image\":{\"@type\":\"ImageObject\",\"@id\":\"https:\\\/\\\/anoticiaonline.com.br\\\/site\\\/nacional-adquire-onibus-para-transporte-de-atletas-durante-as-competicoes\\\/#authorImage\",\"url\":\"https:\\\/\\\/secure.gravatar.com\\\/avatar\\\/b8d45f5c699b100dfaf0e543582f38f38bf94cb7ae3a5e9abf8d891a34773335?s=96&d=mm&r=g\",\"width\":96,\"height\":96,\"caption\":\"Juliana Laviola\"}},{\"@type\":\"WebPage\",\"@id\":\"https:\\\/\\\/anoticiaonline.com.br\\\/site\\\/nacional-adquire-onibus-para-transporte-de-atletas-durante-as-competicoes\\\/#webpage\",\"url\":\"https:\\\/\\\/anoticiaonline.com.br\\\/site\\\/nacional-adquire-onibus-para-transporte-de-atletas-durante-as-competicoes\\\/\",\"name\":\"Nacional adquire \\u00f4nibus para transporte de atletas durante as competi\\u00e7\\u00f5es - A Not\\u00edcia Online\",\"description\":\"O Nacional Atl\\u00e9tico Clube (NAC) anunciou, na manh\\u00e3 de quinta-feira (22), a aquisi\\u00e7\\u00e3o de um \\u00f4nibus para condu\\u00e7\\u00e3o de seus atletas durante as competi\\u00e7\\u00f5es. O objetivo \\u00e9 reduzir gastos com transporte durante as partidas. O \\u00f4nibus j\\u00e1 est\\u00e1 no clube e em breve ser\\u00e1 plotado com a identifica\\u00e7\\u00e3o visual do NAC. NOTA DA DIRETORIA -\",\"inLanguage\":\"pt-BR\",\"isPartOf\":{\"@id\":\"https:\\\/\\\/anoticiaonline.com.br\\\/site\\\/#website\"},\"breadcrumb\":{\"@id\":\"https:\\\/\\\/anoticiaonline.com.br\\\/site\\\/nacional-adquire-onibus-para-transporte-de-atletas-durante-as-competicoes\\\/#breadcrumblist\"},\"author\":{\"@id\":\"https:\\\/\\\/anoticiaonline.com.br\\\/site\\\/author\\\/juliana\\\/#author\"},\"creator\":{\"@id\":\"https:\\\/\\\/anoticiaonline.com.br\\\/site\\\/author\\\/juliana\\\/#author\"},\"image\":{\"@type\":\"ImageObject\",\"url\":\"https:\\\/\\\/anoticiaonline.com.br\\\/site\\\/wp-content\\\/uploads\\\/2016\\\/09\\\/Nacional-adquire-\\u00f4nibus-para-transporte-de-atletas-durante-as-competi\\u00e7\\u00f5es.jpg\",\"@id\":\"https:\\\/\\\/anoticiaonline.com.br\\\/site\\\/nacional-adquire-onibus-para-transporte-de-atletas-durante-as-competicoes\\\/#mainImage\",\"width\":640,\"height\":426},\"primaryImageOfPage\":{\"@id\":\"https:\\\/\\\/anoticiaonline.com.br\\\/site\\\/nacional-adquire-onibus-para-transporte-de-atletas-durante-as-competicoes\\\/#mainImage\"},\"datePublished\":\"2016-09-22T11:35:17-03:00\",\"dateModified\":\"2016-09-22T11:35:17-03:00\"},{\"@type\":\"WebSite\",\"@id\":\"https:\\\/\\\/anoticiaonline.com.br\\\/site\\\/#website\",\"url\":\"https:\\\/\\\/anoticiaonline.com.br\\\/site\\\/\",\"name\":\"A Not\\u00edcia Online\",\"description\":\"Noticias de Muria\\u00e9 e regi\\u00e3o\",\"inLanguage\":\"pt-BR\",\"publisher\":{\"@id\":\"https:\\\/\\\/anoticiaonline.com.br\\\/site\\\/#organization\"}}]}\n\t\t<\/script>\n\t\t<!-- All in One SEO -->\n\n","aioseo_head_json":{"title":"Nacional adquire \u00f4nibus para transporte de atletas durante as competi\u00e7\u00f5es - A Not\u00edcia Online","description":"O Nacional Atl\u00e9tico Clube (NAC) anunciou, na manh\u00e3 de quinta-feira (22), a aquisi\u00e7\u00e3o de um \u00f4nibus para condu\u00e7\u00e3o de seus atletas durante as competi\u00e7\u00f5es. O objetivo \u00e9 reduzir gastos com transporte durante as partidas. O \u00f4nibus j\u00e1 est\u00e1 no clube e em breve ser\u00e1 plotado com a identifica\u00e7\u00e3o visual do NAC. NOTA DA DIRETORIA -","canonical_url":"https:\/\/anoticiaonline.com.br\/site\/nacional-adquire-onibus-para-transporte-de-atletas-durante-as-competicoes\/","robots":"max-image-preview:large","keywords":"","webmasterTools":{"miscellaneous":""},"schema":{"@context":"https:\/\/schema.org","@graph":[{"@type":"BlogPosting","@id":"https:\/\/anoticiaonline.com.br\/site\/nacional-adquire-onibus-para-transporte-de-atletas-durante-as-competicoes\/#blogposting","name":"Nacional adquire \u00f4nibus para transporte de atletas durante as competi\u00e7\u00f5es - A Not\u00edcia Online","headline":"Nacional adquire \u00f4nibus para transporte de atletas durante as competi\u00e7\u00f5es","author":{"@id":"https:\/\/anoticiaonline.com.br\/site\/author\/juliana\/#author"},"publisher":{"@id":"https:\/\/anoticiaonline.com.br\/site\/#organization"},"image":{"@type":"ImageObject","url":"https:\/\/anoticiaonline.com.br\/site\/wp-content\/uploads\/2016\/09\/Nacional-adquire-\u00f4nibus-para-transporte-de-atletas-durante-as-competi\u00e7\u00f5es.jpg","width":640,"height":426},"datePublished":"2016-09-22T11:35:17-03:00","dateModified":"2016-09-22T11:35:17-03:00","inLanguage":"pt-BR","mainEntityOfPage":{"@id":"https:\/\/anoticiaonline.com.br\/site\/nacional-adquire-onibus-para-transporte-de-atletas-durante-as-competicoes\/#webpage"},"isPartOf":{"@id":"https:\/\/anoticiaonline.com.br\/site\/nacional-adquire-onibus-para-transporte-de-atletas-durante-as-competicoes\/#webpage"},"articleSection":"Esporte, slide"},{"@type":"BreadcrumbList","@id":"https:\/\/anoticiaonline.com.br\/site\/nacional-adquire-onibus-para-transporte-de-atletas-durante-as-competicoes\/#breadcrumblist","itemListElement":[{"@type":"ListItem","@id":"https:\/\/anoticiaonline.com.br\/site#listItem","position":1,"name":"Home","item":"https:\/\/anoticiaonline.com.br\/site","nextItem":{"@type":"ListItem","@id":"https:\/\/anoticiaonline.com.br\/site\/categoria\/esporte\/#listItem","name":"Esporte"}},{"@type":"ListItem","@id":"https:\/\/anoticiaonline.com.br\/site\/categoria\/esporte\/#listItem","position":2,"name":"Esporte","item":"https:\/\/anoticiaonline.com.br\/site\/categoria\/esporte\/","nextItem":{"@type":"ListItem","@id":"https:\/\/anoticiaonline.com.br\/site\/nacional-adquire-onibus-para-transporte-de-atletas-durante-as-competicoes\/#listItem","name":"Nacional adquire \u00f4nibus para transporte de atletas durante as competi\u00e7\u00f5es"},"previousItem":{"@type":"ListItem","@id":"https:\/\/anoticiaonline.com.br\/site#listItem","name":"Home"}},{"@type":"ListItem","@id":"https:\/\/anoticiaonline.com.br\/site\/nacional-adquire-onibus-para-transporte-de-atletas-durante-as-competicoes\/#listItem","position":3,"name":"Nacional adquire \u00f4nibus para transporte de atletas durante as competi\u00e7\u00f5es","previousItem":{"@type":"ListItem","@id":"https:\/\/anoticiaonline.com.br\/site\/categoria\/esporte\/#listItem","name":"Esporte"}}]},{"@type":"Organization","@id":"https:\/\/anoticiaonline.com.br\/site\/#organization","name":"A Not\u00edcia Online","description":"Noticias de Muria\u00e9 e regi\u00e3o","url":"https:\/\/anoticiaonline.com.br\/site\/","logo":{"@type":"ImageObject","url":"https:\/\/scontent-gig4-1.xx.fbcdn.net\/v\/t39.30808-1\/270437624_4564083193639691_6907940295614233970_n.jpg?stp=dst-jpg_s200x200_tt6&_nc_cat=111&ccb=1-7&_nc_sid=f907e8&_nc_ohc=SM1wRlP3lJwQ7kNvwEPuBYA&_nc_oc=AdnqrjDN_BNjSSHWO-GbkIWH6fkGMLw4bqvL_NH6e2wMveX7G-rP2dAqsDSq1mJMOaY&_nc_zt=24&_nc_ht=scontent-gig4-1.xx&_nc_gid=AoBFJeGrT1hVaew_6rchkQ&oh=00_AfX7QmFGhQhG2jAllVgXCiM1ZrWgvtp80-Bfppyexh1QEg&oe=689E923C","@id":"https:\/\/anoticiaonline.com.br\/site\/nacional-adquire-onibus-para-transporte-de-atletas-durante-as-competicoes\/#organizationLogo"},"image":{"@id":"https:\/\/anoticiaonline.com.br\/site\/nacional-adquire-onibus-para-transporte-de-atletas-durante-as-competicoes\/#organizationLogo"}},{"@type":"Person","@id":"https:\/\/anoticiaonline.com.br\/site\/author\/juliana\/#author","url":"https:\/\/anoticiaonline.com.br\/site\/author\/juliana\/","name":"Juliana Laviola","image":{"@type":"ImageObject","@id":"https:\/\/anoticiaonline.com.br\/site\/nacional-adquire-onibus-para-transporte-de-atletas-durante-as-competicoes\/#authorImage","url":"https:\/\/secure.gravatar.com\/avatar\/b8d45f5c699b100dfaf0e543582f38f38bf94cb7ae3a5e9abf8d891a34773335?s=96&d=mm&r=g","width":96,"height":96,"caption":"Juliana Laviola"}},{"@type":"WebPage","@id":"https:\/\/anoticiaonline.com.br\/site\/nacional-adquire-onibus-para-transporte-de-atletas-durante-as-competicoes\/#webpage","url":"https:\/\/anoticiaonline.com.br\/site\/nacional-adquire-onibus-para-transporte-de-atletas-durante-as-competicoes\/","name":"Nacional adquire \u00f4nibus para transporte de atletas durante as competi\u00e7\u00f5es - A Not\u00edcia Online","description":"O Nacional Atl\u00e9tico Clube (NAC) anunciou, na manh\u00e3 de quinta-feira (22), a aquisi\u00e7\u00e3o de um \u00f4nibus para condu\u00e7\u00e3o de seus atletas durante as competi\u00e7\u00f5es. O objetivo \u00e9 reduzir gastos com transporte durante as partidas. O \u00f4nibus j\u00e1 est\u00e1 no clube e em breve ser\u00e1 plotado com a identifica\u00e7\u00e3o visual do NAC. NOTA DA DIRETORIA -","inLanguage":"pt-BR","isPartOf":{"@id":"https:\/\/anoticiaonline.com.br\/site\/#website"},"breadcrumb":{"@id":"https:\/\/anoticiaonline.com.br\/site\/nacional-adquire-onibus-para-transporte-de-atletas-durante-as-competicoes\/#breadcrumblist"},"author":{"@id":"https:\/\/anoticiaonline.com.br\/site\/author\/juliana\/#author"},"creator":{"@id":"https:\/\/anoticiaonline.com.br\/site\/author\/juliana\/#author"},"image":{"@type":"ImageObject","url":"https:\/\/anoticiaonline.com.br\/site\/wp-content\/uploads\/2016\/09\/Nacional-adquire-\u00f4nibus-para-transporte-de-atletas-durante-as-competi\u00e7\u00f5es.jpg","@id":"https:\/\/anoticiaonline.com.br\/site\/nacional-adquire-onibus-para-transporte-de-atletas-durante-as-competicoes\/#mainImage","width":640,"height":426},"primaryImageOfPage":{"@id":"https:\/\/anoticiaonline.com.br\/site\/nacional-adquire-onibus-para-transporte-de-atletas-durante-as-competicoes\/#mainImage"},"datePublished":"2016-09-22T11:35:17-03:00","dateModified":"2016-09-22T11:35:17-03:00"},{"@type":"WebSite","@id":"https:\/\/anoticiaonline.com.br\/site\/#website","url":"https:\/\/anoticiaonline.com.br\/site\/","name":"A Not\u00edcia Online","description":"Noticias de Muria\u00e9 e regi\u00e3o","inLanguage":"pt-BR","publisher":{"@id":"https:\/\/anoticiaonline.com.br\/site\/#organization"}}]},"og:locale":"pt_BR","og:site_name":"A Not\u00edcia Online - Noticias de Muria\u00e9 e regi\u00e3o","og:type":"article","og:title":"Nacional adquire \u00f4nibus para transporte de atletas durante as competi\u00e7\u00f5es - A Not\u00edcia Online","og:description":"O Nacional Atl\u00e9tico Clube (NAC) anunciou, na manh\u00e3 de quinta-feira (22), a aquisi\u00e7\u00e3o de um \u00f4nibus para condu\u00e7\u00e3o de seus atletas durante as competi\u00e7\u00f5es. O objetivo \u00e9 reduzir gastos com transporte durante as partidas. O \u00f4nibus j\u00e1 est\u00e1 no clube e em breve ser\u00e1 plotado com a identifica\u00e7\u00e3o visual do NAC. NOTA DA DIRETORIA -","og:url":"https:\/\/anoticiaonline.com.br\/site\/nacional-adquire-onibus-para-transporte-de-atletas-durante-as-competicoes\/","og:image":"https:\/\/scontent-gig4-1.xx.fbcdn.net\/v\/t39.30808-1\/270437624_4564083193639691_6907940295614233970_n.jpg?stp=dst-jpg_s200x200_tt6&#038;_nc_cat=111&#038;ccb=1-7&#038;_nc_sid=f907e8&#038;_nc_ohc=SM1wRlP3lJwQ7kNvwEPuBYA&#038;_nc_oc=AdnqrjDN_BNjSSHWO-GbkIWH6fkGMLw4bqvL_NH6e2wMveX7G-rP2dAqsDSq1mJMOaY&#038;_nc_zt=24&#038;_nc_ht=scontent-gig4-1.xx&#038;_nc_gid=AoBFJeGrT1hVaew_6rchkQ&#038;oh=00_AfX7QmFGhQhG2jAllVgXCiM1ZrWgvtp80-Bfppyexh1QEg&#038;oe=689E923C","og:image:secure_url":"https:\/\/scontent-gig4-1.xx.fbcdn.net\/v\/t39.30808-1\/270437624_4564083193639691_6907940295614233970_n.jpg?stp=dst-jpg_s200x200_tt6&#038;_nc_cat=111&#038;ccb=1-7&#038;_nc_sid=f907e8&#038;_nc_ohc=SM1wRlP3lJwQ7kNvwEPuBYA&#038;_nc_oc=AdnqrjDN_BNjSSHWO-GbkIWH6fkGMLw4bqvL_NH6e2wMveX7G-rP2dAqsDSq1mJMOaY&#038;_nc_zt=24&#038;_nc_ht=scontent-gig4-1.xx&#038;_nc_gid=AoBFJeGrT1hVaew_6rchkQ&#038;oh=00_AfX7QmFGhQhG2jAllVgXCiM1ZrWgvtp80-Bfppyexh1QEg&#038;oe=689E923C","article:published_time":"2016-09-22T14:35:17+00:00","article:modified_time":"2016-09-22T14:35:17+00:00","twitter:card":"summary_large_image","twitter:title":"Nacional adquire \u00f4nibus para transporte de atletas durante as competi\u00e7\u00f5es - A Not\u00edcia Online","twitter:description":"O Nacional Atl\u00e9tico Clube (NAC) anunciou, na manh\u00e3 de quinta-feira (22), a aquisi\u00e7\u00e3o de um \u00f4nibus para condu\u00e7\u00e3o de seus atletas durante as competi\u00e7\u00f5es. O objetivo \u00e9 reduzir gastos com transporte durante as partidas. O \u00f4nibus j\u00e1 est\u00e1 no clube e em breve ser\u00e1 plotado com a identifica\u00e7\u00e3o visual do NAC. NOTA DA DIRETORIA -","twitter:image":"https:\/\/scontent-gig4-1.xx.fbcdn.net\/v\/t39.30808-1\/270437624_4564083193639691_6907940295614233970_n.jpg?stp=dst-jpg_s200x200_tt6&_nc_cat=111&ccb=1-7&_nc_sid=f907e8&_nc_ohc=SM1wRlP3lJwQ7kNvwEPuBYA&_nc_oc=AdnqrjDN_BNjSSHWO-GbkIWH6fkGMLw4bqvL_NH6e2wMveX7G-rP2dAqsDSq1mJMOaY&_nc_zt=24&_nc_ht=scontent-gig4-1.xx&_nc_gid=AoBFJeGrT1hVaew_6rchkQ&oh=00_AfX7QmFGhQhG2jAllVgXCiM1ZrWgvtp80-Bfppyexh1QEg&oe=689E923C"},"aioseo_meta_data":{"post_id":"18995","title":null,"description":null,"keywords":null,"keyphrases":null,"primary_term":null,"canonical_url":null,"og_title":null,"og_description":null,"og_object_type":"default","og_image_type":"default","og_image_url":null,"og_image_width":null,"og_image_height":null,"og_image_custom_url":null,"og_image_custom_fields":null,"og_video":null,"og_custom_url":null,"og_article_section":null,"og_article_tags":null,"twitter_use_og":false,"twitter_card":"default","twitter_image_type":"default","twitter_image_url":null,"twitter_image_custom_url":null,"twitter_image_custom_fields":null,"twitter_title":null,"twitter_description":null,"schema":{"blockGraphs":[],"customGraphs":[],"default":{"data":{"Article":[],"Course":[],"Dataset":[],"FAQPage":[],"Movie":[],"Person":[],"Product":[],"ProductReview":[],"Car":[],"Recipe":[],"Service":[],"SoftwareApplication":[],"WebPage":[]},"graphName":"","isEnabled":true},"graphs":[]},"schema_type":"default","schema_type_options":null,"pillar_content":false,"robots_default":true,"robots_noindex":false,"robots_noarchive":false,"robots_nosnippet":false,"robots_nofollow":false,"robots_noimageindex":false,"robots_noodp":false,"robots_notranslate":false,"robots_max_snippet":null,"robots_max_videopreview":null,"robots_max_imagepreview":"large","priority":null,"frequency":null,"local_seo":null,"breadcrumb_settings":null,"limit_modified_date":false,"ai":null,"created":"2025-08-16 16:50:22","updated":"2025-08-16 16:50:22","focus_keyword":null,"additional_keywords":null,"truseo_locale":null,"seo_analyzer_scan_date":null},"aioseo_breadcrumb":"<div class=\"aioseo-breadcrumbs\"><span class=\"aioseo-breadcrumb\">\n\t\t\t<a href=\"https:\/\/anoticiaonline.com.br\/site\" title=\"Home\">Home<\/a>\n\t\t<\/span><span class=\"aioseo-breadcrumb-separator\">&raquo;<\/span><span class=\"aioseo-breadcrumb\">\n\t\t\t<a href=\"https:\/\/anoticiaonline.com.br\/site\/categoria\/esporte\/\" title=\"Esporte\">Esporte<\/a>\n\t\t<\/span><span class=\"aioseo-breadcrumb-separator\">&raquo;<\/span><span class=\"aioseo-breadcrumb\">\n\t\t\tNacional adquire \u00f4nibus para transporte de atletas durante as competi\u00e7\u00f5es\n\t\t<\/span><\/div>","aioseo_breadcrumb_json":[{"label":"Home","link":"https:\/\/anoticiaonline.com.br\/site"},{"label":"Esporte","link":"https:\/\/anoticiaonline.com.br\/site\/categoria\/esporte\/"},{"label":"Nacional adquire \u00f4nibus para transporte de atletas durante as competi\u00e7\u00f5es","link":"https:\/\/anoticiaonline.com.br\/site\/nacional-adquire-onibus-para-transporte-de-atletas-durante-as-competicoes\/"}],"views":142,"_links":{"self":[{"href":"https:\/\/anoticiaonline.com.br\/site\/wp-json\/wp\/v2\/posts\/18995","targetHints":{"allow":["GET"]}}],"collection":[{"href":"https:\/\/anoticiaonline.com.br\/site\/wp-json\/wp\/v2\/posts"}],"about":[{"href":"https:\/\/anoticiaonline.com.br\/site\/wp-json\/wp\/v2\/types\/post"}],"author":[{"embeddable":true,"href":"https:\/\/anoticiaonline.com.br\/site\/wp-json\/wp\/v2\/users\/2"}],"replies":[{"embeddable":true,"href":"https:\/\/anoticiaonline.com.br\/site\/wp-json\/wp\/v2\/comments?post=18995"}],"version-history":[{"count":0,"href":"https:\/\/anoticiaonline.com.br\/site\/wp-json\/wp\/v2\/posts\/18995\/revisions"}],"wp:featuredmedia":[{"embeddable":true,"href":"https:\/\/anoticiaonline.com.br\/site\/wp-json\/wp\/v2\/media\/18996"}],"wp:attachment":[{"href":"https:\/\/anoticiaonline.com.br\/site\/wp-json\/wp\/v2\/media?parent=18995"}],"wp:term":[{"taxonomy":"category","embeddable":true,"href":"https:\/\/anoticiaonline.com.br\/site\/wp-json\/wp\/v2\/categories?post=18995"},{"taxonomy":"post_tag","embeddable":true,"href":"https:\/\/anoticiaonline.com.br\/site\/wp-json\/wp\/v2\/tags?post=18995"}],"curies":[{"name":"wp","href":"https:\/\/api.w.org\/{rel}","templated":true}]}}