{"id":18719,"date":"2016-09-15T19:54:42","date_gmt":"2016-09-15T22:54:42","guid":{"rendered":"http:\/\/anoticiaonline.com.br\/site\/?p=18719"},"modified":"2016-09-15T19:54:42","modified_gmt":"2016-09-15T22:54:42","slug":"governador-entrega-obra-de-pavimentacao-na-mg-265-em-divino","status":"publish","type":"post","link":"https:\/\/anoticiaonline.com.br\/site\/governador-entrega-obra-de-pavimentacao-na-mg-265-em-divino\/","title":{"rendered":"Governador entrega obra de pavimenta\u00e7\u00e3o na MG-265 em Divino"},"content":{"rendered":"<figure id=\"attachment_18720\" aria-describedby=\"caption-attachment-18720\" style=\"width: 290px\" class=\"wp-caption alignleft\"><a href=\"https:\/\/anoticiaonline.com.br\/site\/wp-content\/uploads\/2016\/09\/Governador-entrega-obra-de-pavimenta\u00e7\u00e3o-na-MG-265-em-Divino.jpg\"><img fetchpriority=\"high\" decoding=\"async\" class=\"size-medium wp-image-18720\" src=\"https:\/\/anoticiaonline.com.br\/site\/wp-content\/uploads\/2016\/09\/Governador-entrega-obra-de-pavimenta\u00e7\u00e3o-na-MG-265-em-Divino-300x194.jpg\" alt=\"Foto: Veronica Manevy\/ Imprensa MG\" width=\"300\" height=\"194\" srcset=\"https:\/\/anoticiaonline.com.br\/site\/wp-content\/uploads\/2016\/09\/Governador-entrega-obra-de-pavimenta\u00e7\u00e3o-na-MG-265-em-Divino-300x194.jpg 300w, https:\/\/anoticiaonline.com.br\/site\/wp-content\/uploads\/2016\/09\/Governador-entrega-obra-de-pavimenta\u00e7\u00e3o-na-MG-265-em-Divino.jpg 640w\" sizes=\"(max-width: 300px) 100vw, 300px\" \/><\/a><figcaption id=\"caption-attachment-18720\" class=\"wp-caption-text\">Foto: Veronica Manevy\/ Imprensa MG<\/figcaption><\/figure>\n<p>O governador de Minas Gerais, Fernando Pimentel, entregou na quinta-feira (15), em Divino, as obras de recupera\u00e7\u00e3o do trecho da Rodovia MG-265, entre o entroncamento da BR-116 e a cidade. O investimento total \u00e9 de R$ 2,72 milh\u00f5es. No trecho de nove quil\u00f4metros foram executados servi\u00e7os de recapeamento, asfaltamento dos acostamentos, recupera\u00e7\u00e3o das sinaliza\u00e7\u00f5es horizontal e vertical, al\u00e9m da instala\u00e7\u00e3o de novas placas.<\/p>\n<p>Segundo Pimentel, a interven\u00e7\u00e3o \u00e9 importante para a cidade, por ser a liga\u00e7\u00e3o do munic\u00edpio com o Rio de Janeiro e Esp\u00edrito Santo. \u201cN\u00f3s viemos aqui depois de 50 anos do \u00faltimo governador (Israel P\u00ednheiro, em 1969), e viemos para repetir o compromisso que a gente tem com todo o estado de Minas Gerais. N\u00e3o importa o tamanho do munic\u00edpio, da popula\u00e7\u00e3o. Minas \u00e9 o estado dos extremos e o governo tem que dar conta disso tudo\u201d, afirma. \u201c\u00c9 uma estrada, que s\u00e3o nove quil\u00f4metros, mas tem 50 anos que ela foi feita e nunca tinha sido reformada, recuperada com a qualidade que foi. Ent\u00e3o, poder ver as obras, a reforma da escola e as outras coisas que eu sei que estamos fazendo, todas essas demandas da popula\u00e7\u00e3o. \u00c9 o que o governo tem de fazer\u201d, completa o governador.<\/p>\n<p>A obra na MG-265 \u00e9 uma antiga reivindica\u00e7\u00e3o da popula\u00e7\u00e3o do munic\u00edpio e visou corrigir problemas como buracos, rachaduras, ondula\u00e7\u00f5es e falta de sinaliza\u00e7\u00e3o, que prejudicavam o escoamento da produ\u00e7\u00e3o agropecu\u00e1ria, especialmente do caf\u00e9, al\u00e9m de aumentar a seguran\u00e7a daqueles que precisam utilizar a rodovia para seus deslocamentos.<\/p>\n","protected":false},"excerpt":{"rendered":"<p>O governador de Minas Gerais, Fernando Pimentel, entregou na quinta-feira (15), em Divino, as obras de recupera\u00e7\u00e3o do trecho da Rodovia MG-265, entre o entroncamento da BR-116 e a cidade. O investimento total \u00e9 de R$ 2,72 milh\u00f5es. No trecho de nove quil\u00f4metros foram executados servi\u00e7os de recapeamento, asfaltamento dos acostamentos, recupera\u00e7\u00e3o das sinaliza\u00e7\u00f5es horizontal &#8230; <a title=\"Governador entrega obra de pavimenta\u00e7\u00e3o na MG-265 em Divino\" class=\"read-more\" href=\"https:\/\/anoticiaonline.com.br\/site\/governador-entrega-obra-de-pavimentacao-na-mg-265-em-divino\/\" aria-label=\"Read more about Governador entrega obra de pavimenta\u00e7\u00e3o na MG-265 em Divino\">Ler mais<\/a><\/p>\n","protected":false},"author":2,"featured_media":18720,"comment_status":"open","ping_status":"open","sticky":false,"template":"","format":"standard","meta":{"_acf_changed":false,"_monsterinsights_skip_tracking":false,"footnotes":""},"categories":[1],"tags":[3],"class_list":["post-18719","post","type-post","status-publish","format-standard","has-post-thumbnail","hentry","category-gerais","tag-slide"],"acf":[],"aioseo_notices":[],"aioseo_head":"\n\t\t<!-- All in One SEO 5.0.0.1 - aioseo.com -->\n\t<meta name=\"description\" content=\"O governador de Minas Gerais, Fernando Pimentel, entregou na quinta-feira (15), em Divino, as obras de recupera\u00e7\u00e3o do trecho da Rodovia MG-265, entre o entroncamento da BR-116 e a cidade. O investimento total \u00e9 de R$ 2,72 milh\u00f5es. No trecho de nove quil\u00f4metros foram executados servi\u00e7os de recapeamento, asfaltamento dos acostamentos, recupera\u00e7\u00e3o das sinaliza\u00e7\u00f5es horizontal\" \/>\n\t<meta name=\"robots\" content=\"max-image-preview:large\" \/>\n\t<meta name=\"author\" content=\"Juliana Laviola\"\/>\n\t<link rel=\"canonical\" href=\"https:\/\/anoticiaonline.com.br\/site\/governador-entrega-obra-de-pavimentacao-na-mg-265-em-divino\/\" \/>\n\t<meta name=\"generator\" content=\"All in One SEO (AIOSEO) 5.0.0.1\" \/>\n\t\t<meta property=\"og:locale\" content=\"pt_BR\" \/>\n\t\t<meta property=\"og:site_name\" content=\"A Not\u00edcia Online - Noticias de Muria\u00e9 e regi\u00e3o\" \/>\n\t\t<meta property=\"og:type\" content=\"article\" \/>\n\t\t<meta property=\"og:title\" content=\"Governador entrega obra de pavimenta\u00e7\u00e3o na MG-265 em Divino - A Not\u00edcia Online\" \/>\n\t\t<meta property=\"og:description\" content=\"O governador de Minas Gerais, Fernando Pimentel, entregou na quinta-feira (15), em Divino, as obras de recupera\u00e7\u00e3o do trecho da Rodovia MG-265, entre o entroncamento da BR-116 e a cidade. O investimento total \u00e9 de R$ 2,72 milh\u00f5es. No trecho de nove quil\u00f4metros foram executados servi\u00e7os de recapeamento, asfaltamento dos acostamentos, recupera\u00e7\u00e3o das sinaliza\u00e7\u00f5es horizontal\" \/>\n\t\t<meta property=\"og:url\" content=\"https:\/\/anoticiaonline.com.br\/site\/governador-entrega-obra-de-pavimentacao-na-mg-265-em-divino\/\" \/>\n\t\t<meta property=\"og:image\" content=\"https:\/\/scontent-gig4-1.xx.fbcdn.net\/v\/t39.30808-1\/270437624_4564083193639691_6907940295614233970_n.jpg?stp=dst-jpg_s200x200_tt6&#038;_nc_cat=111&#038;ccb=1-7&#038;_nc_sid=f907e8&#038;_nc_ohc=SM1wRlP3lJwQ7kNvwEPuBYA&#038;_nc_oc=AdnqrjDN_BNjSSHWO-GbkIWH6fkGMLw4bqvL_NH6e2wMveX7G-rP2dAqsDSq1mJMOaY&#038;_nc_zt=24&#038;_nc_ht=scontent-gig4-1.xx&#038;_nc_gid=AoBFJeGrT1hVaew_6rchkQ&#038;oh=00_AfX7QmFGhQhG2jAllVgXCiM1ZrWgvtp80-Bfppyexh1QEg&#038;oe=689E923C\" \/>\n\t\t<meta property=\"og:image:secure_url\" content=\"https:\/\/scontent-gig4-1.xx.fbcdn.net\/v\/t39.30808-1\/270437624_4564083193639691_6907940295614233970_n.jpg?stp=dst-jpg_s200x200_tt6&#038;_nc_cat=111&#038;ccb=1-7&#038;_nc_sid=f907e8&#038;_nc_ohc=SM1wRlP3lJwQ7kNvwEPuBYA&#038;_nc_oc=AdnqrjDN_BNjSSHWO-GbkIWH6fkGMLw4bqvL_NH6e2wMveX7G-rP2dAqsDSq1mJMOaY&#038;_nc_zt=24&#038;_nc_ht=scontent-gig4-1.xx&#038;_nc_gid=AoBFJeGrT1hVaew_6rchkQ&#038;oh=00_AfX7QmFGhQhG2jAllVgXCiM1ZrWgvtp80-Bfppyexh1QEg&#038;oe=689E923C\" \/>\n\t\t<meta property=\"article:published_time\" content=\"2016-09-15T22:54:42+00:00\" \/>\n\t\t<meta property=\"article:modified_time\" content=\"2016-09-15T22:54:42+00:00\" \/>\n\t\t<meta name=\"twitter:card\" content=\"summary_large_image\" \/>\n\t\t<meta name=\"twitter:title\" content=\"Governador entrega obra de pavimenta\u00e7\u00e3o na MG-265 em Divino - A Not\u00edcia Online\" \/>\n\t\t<meta name=\"twitter:description\" content=\"O governador de Minas Gerais, Fernando Pimentel, entregou na quinta-feira (15), em Divino, as obras de recupera\u00e7\u00e3o do trecho da Rodovia MG-265, entre o entroncamento da BR-116 e a cidade. O investimento total \u00e9 de R$ 2,72 milh\u00f5es. No trecho de nove quil\u00f4metros foram executados servi\u00e7os de recapeamento, asfaltamento dos acostamentos, recupera\u00e7\u00e3o das sinaliza\u00e7\u00f5es horizontal\" \/>\n\t\t<meta name=\"twitter:image\" content=\"https:\/\/scontent-gig4-1.xx.fbcdn.net\/v\/t39.30808-1\/270437624_4564083193639691_6907940295614233970_n.jpg?stp=dst-jpg_s200x200_tt6&amp;_nc_cat=111&amp;ccb=1-7&amp;_nc_sid=f907e8&amp;_nc_ohc=SM1wRlP3lJwQ7kNvwEPuBYA&amp;_nc_oc=AdnqrjDN_BNjSSHWO-GbkIWH6fkGMLw4bqvL_NH6e2wMveX7G-rP2dAqsDSq1mJMOaY&amp;_nc_zt=24&amp;_nc_ht=scontent-gig4-1.xx&amp;_nc_gid=AoBFJeGrT1hVaew_6rchkQ&amp;oh=00_AfX7QmFGhQhG2jAllVgXCiM1ZrWgvtp80-Bfppyexh1QEg&amp;oe=689E923C\" \/>\n\t\t<script type=\"application\/ld+json\" class=\"aioseo-schema\">\n\t\t\t{\"@context\":\"https:\\\/\\\/schema.org\",\"@graph\":[{\"@type\":\"BlogPosting\",\"@id\":\"https:\\\/\\\/anoticiaonline.com.br\\\/site\\\/governador-entrega-obra-de-pavimentacao-na-mg-265-em-divino\\\/#blogposting\",\"name\":\"Governador entrega obra de pavimenta\\u00e7\\u00e3o na MG-265 em Divino - A Not\\u00edcia Online\",\"headline\":\"Governador entrega obra de pavimenta\\u00e7\\u00e3o na MG-265 em Divino\",\"author\":{\"@id\":\"https:\\\/\\\/anoticiaonline.com.br\\\/site\\\/author\\\/juliana\\\/#author\"},\"publisher\":{\"@id\":\"https:\\\/\\\/anoticiaonline.com.br\\\/site\\\/#organization\"},\"image\":{\"@type\":\"ImageObject\",\"url\":\"https:\\\/\\\/anoticiaonline.com.br\\\/site\\\/wp-content\\\/uploads\\\/2016\\\/09\\\/Governador-entrega-obra-de-pavimenta\\u00e7\\u00e3o-na-MG-265-em-Divino.jpg\",\"width\":640,\"height\":413,\"caption\":\"Foto: Veronica Manevy\\\/ Imprensa MG\"},\"datePublished\":\"2016-09-15T19:54:42-03:00\",\"dateModified\":\"2016-09-15T19:54:42-03:00\",\"inLanguage\":\"pt-BR\",\"mainEntityOfPage\":{\"@id\":\"https:\\\/\\\/anoticiaonline.com.br\\\/site\\\/governador-entrega-obra-de-pavimentacao-na-mg-265-em-divino\\\/#webpage\"},\"isPartOf\":{\"@id\":\"https:\\\/\\\/anoticiaonline.com.br\\\/site\\\/governador-entrega-obra-de-pavimentacao-na-mg-265-em-divino\\\/#webpage\"},\"articleSection\":\"Gerais, slide\"},{\"@type\":\"BreadcrumbList\",\"@id\":\"https:\\\/\\\/anoticiaonline.com.br\\\/site\\\/governador-entrega-obra-de-pavimentacao-na-mg-265-em-divino\\\/#breadcrumblist\",\"itemListElement\":[{\"@type\":\"ListItem\",\"@id\":\"https:\\\/\\\/anoticiaonline.com.br\\\/site#listItem\",\"position\":1,\"name\":\"Home\",\"item\":\"https:\\\/\\\/anoticiaonline.com.br\\\/site\",\"nextItem\":{\"@type\":\"ListItem\",\"@id\":\"https:\\\/\\\/anoticiaonline.com.br\\\/site\\\/categoria\\\/gerais\\\/#listItem\",\"name\":\"Gerais\"}},{\"@type\":\"ListItem\",\"@id\":\"https:\\\/\\\/anoticiaonline.com.br\\\/site\\\/categoria\\\/gerais\\\/#listItem\",\"position\":2,\"name\":\"Gerais\",\"item\":\"https:\\\/\\\/anoticiaonline.com.br\\\/site\\\/categoria\\\/gerais\\\/\",\"nextItem\":{\"@type\":\"ListItem\",\"@id\":\"https:\\\/\\\/anoticiaonline.com.br\\\/site\\\/governador-entrega-obra-de-pavimentacao-na-mg-265-em-divino\\\/#listItem\",\"name\":\"Governador entrega obra de pavimenta\\u00e7\\u00e3o na MG-265 em Divino\"},\"previousItem\":{\"@type\":\"ListItem\",\"@id\":\"https:\\\/\\\/anoticiaonline.com.br\\\/site#listItem\",\"name\":\"Home\"}},{\"@type\":\"ListItem\",\"@id\":\"https:\\\/\\\/anoticiaonline.com.br\\\/site\\\/governador-entrega-obra-de-pavimentacao-na-mg-265-em-divino\\\/#listItem\",\"position\":3,\"name\":\"Governador entrega obra de pavimenta\\u00e7\\u00e3o na MG-265 em Divino\",\"previousItem\":{\"@type\":\"ListItem\",\"@id\":\"https:\\\/\\\/anoticiaonline.com.br\\\/site\\\/categoria\\\/gerais\\\/#listItem\",\"name\":\"Gerais\"}}]},{\"@type\":\"Organization\",\"@id\":\"https:\\\/\\\/anoticiaonline.com.br\\\/site\\\/#organization\",\"name\":\"A Not\\u00edcia Online\",\"description\":\"Noticias de Muria\\u00e9 e regi\\u00e3o\",\"url\":\"https:\\\/\\\/anoticiaonline.com.br\\\/site\\\/\",\"logo\":{\"@type\":\"ImageObject\",\"url\":\"https:\\\/\\\/scontent-gig4-1.xx.fbcdn.net\\\/v\\\/t39.30808-1\\\/270437624_4564083193639691_6907940295614233970_n.jpg?stp=dst-jpg_s200x200_tt6&_nc_cat=111&ccb=1-7&_nc_sid=f907e8&_nc_ohc=SM1wRlP3lJwQ7kNvwEPuBYA&_nc_oc=AdnqrjDN_BNjSSHWO-GbkIWH6fkGMLw4bqvL_NH6e2wMveX7G-rP2dAqsDSq1mJMOaY&_nc_zt=24&_nc_ht=scontent-gig4-1.xx&_nc_gid=AoBFJeGrT1hVaew_6rchkQ&oh=00_AfX7QmFGhQhG2jAllVgXCiM1ZrWgvtp80-Bfppyexh1QEg&oe=689E923C\",\"@id\":\"https:\\\/\\\/anoticiaonline.com.br\\\/site\\\/governador-entrega-obra-de-pavimentacao-na-mg-265-em-divino\\\/#organizationLogo\"},\"image\":{\"@id\":\"https:\\\/\\\/anoticiaonline.com.br\\\/site\\\/governador-entrega-obra-de-pavimentacao-na-mg-265-em-divino\\\/#organizationLogo\"}},{\"@type\":\"Person\",\"@id\":\"https:\\\/\\\/anoticiaonline.com.br\\\/site\\\/author\\\/juliana\\\/#author\",\"url\":\"https:\\\/\\\/anoticiaonline.com.br\\\/site\\\/author\\\/juliana\\\/\",\"name\":\"Juliana Laviola\",\"image\":{\"@type\":\"ImageObject\",\"@id\":\"https:\\\/\\\/anoticiaonline.com.br\\\/site\\\/governador-entrega-obra-de-pavimentacao-na-mg-265-em-divino\\\/#authorImage\",\"url\":\"https:\\\/\\\/secure.gravatar.com\\\/avatar\\\/b8d45f5c699b100dfaf0e543582f38f38bf94cb7ae3a5e9abf8d891a34773335?s=96&d=mm&r=g\",\"width\":96,\"height\":96,\"caption\":\"Juliana Laviola\"}},{\"@type\":\"WebPage\",\"@id\":\"https:\\\/\\\/anoticiaonline.com.br\\\/site\\\/governador-entrega-obra-de-pavimentacao-na-mg-265-em-divino\\\/#webpage\",\"url\":\"https:\\\/\\\/anoticiaonline.com.br\\\/site\\\/governador-entrega-obra-de-pavimentacao-na-mg-265-em-divino\\\/\",\"name\":\"Governador entrega obra de pavimenta\\u00e7\\u00e3o na MG-265 em Divino - A Not\\u00edcia Online\",\"description\":\"O governador de Minas Gerais, Fernando Pimentel, entregou na quinta-feira (15), em Divino, as obras de recupera\\u00e7\\u00e3o do trecho da Rodovia MG-265, entre o entroncamento da BR-116 e a cidade. O investimento total \\u00e9 de R$ 2,72 milh\\u00f5es. No trecho de nove quil\\u00f4metros foram executados servi\\u00e7os de recapeamento, asfaltamento dos acostamentos, recupera\\u00e7\\u00e3o das sinaliza\\u00e7\\u00f5es horizontal\",\"inLanguage\":\"pt-BR\",\"isPartOf\":{\"@id\":\"https:\\\/\\\/anoticiaonline.com.br\\\/site\\\/#website\"},\"breadcrumb\":{\"@id\":\"https:\\\/\\\/anoticiaonline.com.br\\\/site\\\/governador-entrega-obra-de-pavimentacao-na-mg-265-em-divino\\\/#breadcrumblist\"},\"author\":{\"@id\":\"https:\\\/\\\/anoticiaonline.com.br\\\/site\\\/author\\\/juliana\\\/#author\"},\"creator\":{\"@id\":\"https:\\\/\\\/anoticiaonline.com.br\\\/site\\\/author\\\/juliana\\\/#author\"},\"image\":{\"@type\":\"ImageObject\",\"url\":\"https:\\\/\\\/anoticiaonline.com.br\\\/site\\\/wp-content\\\/uploads\\\/2016\\\/09\\\/Governador-entrega-obra-de-pavimenta\\u00e7\\u00e3o-na-MG-265-em-Divino.jpg\",\"@id\":\"https:\\\/\\\/anoticiaonline.com.br\\\/site\\\/governador-entrega-obra-de-pavimentacao-na-mg-265-em-divino\\\/#mainImage\",\"width\":640,\"height\":413,\"caption\":\"Foto: Veronica Manevy\\\/ Imprensa MG\"},\"primaryImageOfPage\":{\"@id\":\"https:\\\/\\\/anoticiaonline.com.br\\\/site\\\/governador-entrega-obra-de-pavimentacao-na-mg-265-em-divino\\\/#mainImage\"},\"datePublished\":\"2016-09-15T19:54:42-03:00\",\"dateModified\":\"2016-09-15T19:54:42-03:00\"},{\"@type\":\"WebSite\",\"@id\":\"https:\\\/\\\/anoticiaonline.com.br\\\/site\\\/#website\",\"url\":\"https:\\\/\\\/anoticiaonline.com.br\\\/site\\\/\",\"name\":\"A Not\\u00edcia Online\",\"description\":\"Noticias de Muria\\u00e9 e regi\\u00e3o\",\"inLanguage\":\"pt-BR\",\"publisher\":{\"@id\":\"https:\\\/\\\/anoticiaonline.com.br\\\/site\\\/#organization\"}}]}\n\t\t<\/script>\n\t\t<!-- All in One SEO -->\n\n","aioseo_head_json":{"title":"Governador entrega obra de pavimenta\u00e7\u00e3o na MG-265 em Divino - A Not\u00edcia Online","description":"O governador de Minas Gerais, Fernando Pimentel, entregou na quinta-feira (15), em Divino, as obras de recupera\u00e7\u00e3o do trecho da Rodovia MG-265, entre o entroncamento da BR-116 e a cidade. O investimento total \u00e9 de R$ 2,72 milh\u00f5es. No trecho de nove quil\u00f4metros foram executados servi\u00e7os de recapeamento, asfaltamento dos acostamentos, recupera\u00e7\u00e3o das sinaliza\u00e7\u00f5es horizontal","canonical_url":"https:\/\/anoticiaonline.com.br\/site\/governador-entrega-obra-de-pavimentacao-na-mg-265-em-divino\/","robots":"max-image-preview:large","keywords":"","webmasterTools":{"miscellaneous":""},"schema":{"@context":"https:\/\/schema.org","@graph":[{"@type":"BlogPosting","@id":"https:\/\/anoticiaonline.com.br\/site\/governador-entrega-obra-de-pavimentacao-na-mg-265-em-divino\/#blogposting","name":"Governador entrega obra de pavimenta\u00e7\u00e3o na MG-265 em Divino - A Not\u00edcia Online","headline":"Governador entrega obra de pavimenta\u00e7\u00e3o na MG-265 em Divino","author":{"@id":"https:\/\/anoticiaonline.com.br\/site\/author\/juliana\/#author"},"publisher":{"@id":"https:\/\/anoticiaonline.com.br\/site\/#organization"},"image":{"@type":"ImageObject","url":"https:\/\/anoticiaonline.com.br\/site\/wp-content\/uploads\/2016\/09\/Governador-entrega-obra-de-pavimenta\u00e7\u00e3o-na-MG-265-em-Divino.jpg","width":640,"height":413,"caption":"Foto: Veronica Manevy\/ Imprensa MG"},"datePublished":"2016-09-15T19:54:42-03:00","dateModified":"2016-09-15T19:54:42-03:00","inLanguage":"pt-BR","mainEntityOfPage":{"@id":"https:\/\/anoticiaonline.com.br\/site\/governador-entrega-obra-de-pavimentacao-na-mg-265-em-divino\/#webpage"},"isPartOf":{"@id":"https:\/\/anoticiaonline.com.br\/site\/governador-entrega-obra-de-pavimentacao-na-mg-265-em-divino\/#webpage"},"articleSection":"Gerais, slide"},{"@type":"BreadcrumbList","@id":"https:\/\/anoticiaonline.com.br\/site\/governador-entrega-obra-de-pavimentacao-na-mg-265-em-divino\/#breadcrumblist","itemListElement":[{"@type":"ListItem","@id":"https:\/\/anoticiaonline.com.br\/site#listItem","position":1,"name":"Home","item":"https:\/\/anoticiaonline.com.br\/site","nextItem":{"@type":"ListItem","@id":"https:\/\/anoticiaonline.com.br\/site\/categoria\/gerais\/#listItem","name":"Gerais"}},{"@type":"ListItem","@id":"https:\/\/anoticiaonline.com.br\/site\/categoria\/gerais\/#listItem","position":2,"name":"Gerais","item":"https:\/\/anoticiaonline.com.br\/site\/categoria\/gerais\/","nextItem":{"@type":"ListItem","@id":"https:\/\/anoticiaonline.com.br\/site\/governador-entrega-obra-de-pavimentacao-na-mg-265-em-divino\/#listItem","name":"Governador entrega obra de pavimenta\u00e7\u00e3o na MG-265 em Divino"},"previousItem":{"@type":"ListItem","@id":"https:\/\/anoticiaonline.com.br\/site#listItem","name":"Home"}},{"@type":"ListItem","@id":"https:\/\/anoticiaonline.com.br\/site\/governador-entrega-obra-de-pavimentacao-na-mg-265-em-divino\/#listItem","position":3,"name":"Governador entrega obra de pavimenta\u00e7\u00e3o na MG-265 em Divino","previousItem":{"@type":"ListItem","@id":"https:\/\/anoticiaonline.com.br\/site\/categoria\/gerais\/#listItem","name":"Gerais"}}]},{"@type":"Organization","@id":"https:\/\/anoticiaonline.com.br\/site\/#organization","name":"A Not\u00edcia Online","description":"Noticias de Muria\u00e9 e regi\u00e3o","url":"https:\/\/anoticiaonline.com.br\/site\/","logo":{"@type":"ImageObject","url":"https:\/\/scontent-gig4-1.xx.fbcdn.net\/v\/t39.30808-1\/270437624_4564083193639691_6907940295614233970_n.jpg?stp=dst-jpg_s200x200_tt6&_nc_cat=111&ccb=1-7&_nc_sid=f907e8&_nc_ohc=SM1wRlP3lJwQ7kNvwEPuBYA&_nc_oc=AdnqrjDN_BNjSSHWO-GbkIWH6fkGMLw4bqvL_NH6e2wMveX7G-rP2dAqsDSq1mJMOaY&_nc_zt=24&_nc_ht=scontent-gig4-1.xx&_nc_gid=AoBFJeGrT1hVaew_6rchkQ&oh=00_AfX7QmFGhQhG2jAllVgXCiM1ZrWgvtp80-Bfppyexh1QEg&oe=689E923C","@id":"https:\/\/anoticiaonline.com.br\/site\/governador-entrega-obra-de-pavimentacao-na-mg-265-em-divino\/#organizationLogo"},"image":{"@id":"https:\/\/anoticiaonline.com.br\/site\/governador-entrega-obra-de-pavimentacao-na-mg-265-em-divino\/#organizationLogo"}},{"@type":"Person","@id":"https:\/\/anoticiaonline.com.br\/site\/author\/juliana\/#author","url":"https:\/\/anoticiaonline.com.br\/site\/author\/juliana\/","name":"Juliana Laviola","image":{"@type":"ImageObject","@id":"https:\/\/anoticiaonline.com.br\/site\/governador-entrega-obra-de-pavimentacao-na-mg-265-em-divino\/#authorImage","url":"https:\/\/secure.gravatar.com\/avatar\/b8d45f5c699b100dfaf0e543582f38f38bf94cb7ae3a5e9abf8d891a34773335?s=96&d=mm&r=g","width":96,"height":96,"caption":"Juliana Laviola"}},{"@type":"WebPage","@id":"https:\/\/anoticiaonline.com.br\/site\/governador-entrega-obra-de-pavimentacao-na-mg-265-em-divino\/#webpage","url":"https:\/\/anoticiaonline.com.br\/site\/governador-entrega-obra-de-pavimentacao-na-mg-265-em-divino\/","name":"Governador entrega obra de pavimenta\u00e7\u00e3o na MG-265 em Divino - A Not\u00edcia Online","description":"O governador de Minas Gerais, Fernando Pimentel, entregou na quinta-feira (15), em Divino, as obras de recupera\u00e7\u00e3o do trecho da Rodovia MG-265, entre o entroncamento da BR-116 e a cidade. O investimento total \u00e9 de R$ 2,72 milh\u00f5es. No trecho de nove quil\u00f4metros foram executados servi\u00e7os de recapeamento, asfaltamento dos acostamentos, recupera\u00e7\u00e3o das sinaliza\u00e7\u00f5es horizontal","inLanguage":"pt-BR","isPartOf":{"@id":"https:\/\/anoticiaonline.com.br\/site\/#website"},"breadcrumb":{"@id":"https:\/\/anoticiaonline.com.br\/site\/governador-entrega-obra-de-pavimentacao-na-mg-265-em-divino\/#breadcrumblist"},"author":{"@id":"https:\/\/anoticiaonline.com.br\/site\/author\/juliana\/#author"},"creator":{"@id":"https:\/\/anoticiaonline.com.br\/site\/author\/juliana\/#author"},"image":{"@type":"ImageObject","url":"https:\/\/anoticiaonline.com.br\/site\/wp-content\/uploads\/2016\/09\/Governador-entrega-obra-de-pavimenta\u00e7\u00e3o-na-MG-265-em-Divino.jpg","@id":"https:\/\/anoticiaonline.com.br\/site\/governador-entrega-obra-de-pavimentacao-na-mg-265-em-divino\/#mainImage","width":640,"height":413,"caption":"Foto: Veronica Manevy\/ Imprensa MG"},"primaryImageOfPage":{"@id":"https:\/\/anoticiaonline.com.br\/site\/governador-entrega-obra-de-pavimentacao-na-mg-265-em-divino\/#mainImage"},"datePublished":"2016-09-15T19:54:42-03:00","dateModified":"2016-09-15T19:54:42-03:00"},{"@type":"WebSite","@id":"https:\/\/anoticiaonline.com.br\/site\/#website","url":"https:\/\/anoticiaonline.com.br\/site\/","name":"A Not\u00edcia Online","description":"Noticias de Muria\u00e9 e regi\u00e3o","inLanguage":"pt-BR","publisher":{"@id":"https:\/\/anoticiaonline.com.br\/site\/#organization"}}]},"og:locale":"pt_BR","og:site_name":"A Not\u00edcia Online - Noticias de Muria\u00e9 e regi\u00e3o","og:type":"article","og:title":"Governador entrega obra de pavimenta\u00e7\u00e3o na MG-265 em Divino - A Not\u00edcia Online","og:description":"O governador de Minas Gerais, Fernando Pimentel, entregou na quinta-feira (15), em Divino, as obras de recupera\u00e7\u00e3o do trecho da Rodovia MG-265, entre o entroncamento da BR-116 e a cidade. O investimento total \u00e9 de R$ 2,72 milh\u00f5es. No trecho de nove quil\u00f4metros foram executados servi\u00e7os de recapeamento, asfaltamento dos acostamentos, recupera\u00e7\u00e3o das sinaliza\u00e7\u00f5es horizontal","og:url":"https:\/\/anoticiaonline.com.br\/site\/governador-entrega-obra-de-pavimentacao-na-mg-265-em-divino\/","og:image":"https:\/\/scontent-gig4-1.xx.fbcdn.net\/v\/t39.30808-1\/270437624_4564083193639691_6907940295614233970_n.jpg?stp=dst-jpg_s200x200_tt6&#038;_nc_cat=111&#038;ccb=1-7&#038;_nc_sid=f907e8&#038;_nc_ohc=SM1wRlP3lJwQ7kNvwEPuBYA&#038;_nc_oc=AdnqrjDN_BNjSSHWO-GbkIWH6fkGMLw4bqvL_NH6e2wMveX7G-rP2dAqsDSq1mJMOaY&#038;_nc_zt=24&#038;_nc_ht=scontent-gig4-1.xx&#038;_nc_gid=AoBFJeGrT1hVaew_6rchkQ&#038;oh=00_AfX7QmFGhQhG2jAllVgXCiM1ZrWgvtp80-Bfppyexh1QEg&#038;oe=689E923C","og:image:secure_url":"https:\/\/scontent-gig4-1.xx.fbcdn.net\/v\/t39.30808-1\/270437624_4564083193639691_6907940295614233970_n.jpg?stp=dst-jpg_s200x200_tt6&#038;_nc_cat=111&#038;ccb=1-7&#038;_nc_sid=f907e8&#038;_nc_ohc=SM1wRlP3lJwQ7kNvwEPuBYA&#038;_nc_oc=AdnqrjDN_BNjSSHWO-GbkIWH6fkGMLw4bqvL_NH6e2wMveX7G-rP2dAqsDSq1mJMOaY&#038;_nc_zt=24&#038;_nc_ht=scontent-gig4-1.xx&#038;_nc_gid=AoBFJeGrT1hVaew_6rchkQ&#038;oh=00_AfX7QmFGhQhG2jAllVgXCiM1ZrWgvtp80-Bfppyexh1QEg&#038;oe=689E923C","article:published_time":"2016-09-15T22:54:42+00:00","article:modified_time":"2016-09-15T22:54:42+00:00","twitter:card":"summary_large_image","twitter:title":"Governador entrega obra de pavimenta\u00e7\u00e3o na MG-265 em Divino - A Not\u00edcia Online","twitter:description":"O governador de Minas Gerais, Fernando Pimentel, entregou na quinta-feira (15), em Divino, as obras de recupera\u00e7\u00e3o do trecho da Rodovia MG-265, entre o entroncamento da BR-116 e a cidade. O investimento total \u00e9 de R$ 2,72 milh\u00f5es. No trecho de nove quil\u00f4metros foram executados servi\u00e7os de recapeamento, asfaltamento dos acostamentos, recupera\u00e7\u00e3o das sinaliza\u00e7\u00f5es horizontal","twitter:image":"https:\/\/scontent-gig4-1.xx.fbcdn.net\/v\/t39.30808-1\/270437624_4564083193639691_6907940295614233970_n.jpg?stp=dst-jpg_s200x200_tt6&_nc_cat=111&ccb=1-7&_nc_sid=f907e8&_nc_ohc=SM1wRlP3lJwQ7kNvwEPuBYA&_nc_oc=AdnqrjDN_BNjSSHWO-GbkIWH6fkGMLw4bqvL_NH6e2wMveX7G-rP2dAqsDSq1mJMOaY&_nc_zt=24&_nc_ht=scontent-gig4-1.xx&_nc_gid=AoBFJeGrT1hVaew_6rchkQ&oh=00_AfX7QmFGhQhG2jAllVgXCiM1ZrWgvtp80-Bfppyexh1QEg&oe=689E923C"},"aioseo_meta_data":{"post_id":"18719","title":null,"description":null,"keywords":null,"keyphrases":null,"primary_term":null,"canonical_url":null,"og_title":null,"og_description":null,"og_object_type":"default","og_image_type":"default","og_image_url":null,"og_image_width":null,"og_image_height":null,"og_image_custom_url":null,"og_image_custom_fields":null,"og_video":null,"og_custom_url":null,"og_article_section":null,"og_article_tags":null,"twitter_use_og":false,"twitter_card":"default","twitter_image_type":"default","twitter_image_url":null,"twitter_image_custom_url":null,"twitter_image_custom_fields":null,"twitter_title":null,"twitter_description":null,"schema":{"blockGraphs":[],"customGraphs":[],"default":{"data":{"Article":[],"Course":[],"Dataset":[],"FAQPage":[],"Movie":[],"Person":[],"Product":[],"ProductReview":[],"Car":[],"Recipe":[],"Service":[],"SoftwareApplication":[],"WebPage":[]},"graphName":"","isEnabled":true},"graphs":[]},"schema_type":"default","schema_type_options":null,"pillar_content":false,"robots_default":true,"robots_noindex":false,"robots_noarchive":false,"robots_nosnippet":false,"robots_nofollow":false,"robots_noimageindex":false,"robots_noodp":false,"robots_notranslate":false,"robots_max_snippet":null,"robots_max_videopreview":null,"robots_max_imagepreview":"large","priority":null,"frequency":null,"local_seo":null,"breadcrumb_settings":null,"limit_modified_date":false,"ai":null,"created":"2025-08-16 16:47:35","updated":"2025-08-16 16:47:35","focus_keyword":null,"additional_keywords":null,"truseo_locale":null,"seo_analyzer_scan_date":null},"aioseo_breadcrumb":"<div class=\"aioseo-breadcrumbs\"><span class=\"aioseo-breadcrumb\">\n\t\t\t<a href=\"https:\/\/anoticiaonline.com.br\/site\" title=\"Home\">Home<\/a>\n\t\t<\/span><span class=\"aioseo-breadcrumb-separator\">&raquo;<\/span><span class=\"aioseo-breadcrumb\">\n\t\t\t<a href=\"https:\/\/anoticiaonline.com.br\/site\/categoria\/gerais\/\" title=\"Gerais\">Gerais<\/a>\n\t\t<\/span><span class=\"aioseo-breadcrumb-separator\">&raquo;<\/span><span class=\"aioseo-breadcrumb\">\n\t\t\tGovernador entrega obra de pavimenta\u00e7\u00e3o na MG-265 em Divino\n\t\t<\/span><\/div>","aioseo_breadcrumb_json":[{"label":"Home","link":"https:\/\/anoticiaonline.com.br\/site"},{"label":"Gerais","link":"https:\/\/anoticiaonline.com.br\/site\/categoria\/gerais\/"},{"label":"Governador entrega obra de pavimenta\u00e7\u00e3o na MG-265 em Divino","link":"https:\/\/anoticiaonline.com.br\/site\/governador-entrega-obra-de-pavimentacao-na-mg-265-em-divino\/"}],"views":121,"_links":{"self":[{"href":"https:\/\/anoticiaonline.com.br\/site\/wp-json\/wp\/v2\/posts\/18719","targetHints":{"allow":["GET"]}}],"collection":[{"href":"https:\/\/anoticiaonline.com.br\/site\/wp-json\/wp\/v2\/posts"}],"about":[{"href":"https:\/\/anoticiaonline.com.br\/site\/wp-json\/wp\/v2\/types\/post"}],"author":[{"embeddable":true,"href":"https:\/\/anoticiaonline.com.br\/site\/wp-json\/wp\/v2\/users\/2"}],"replies":[{"embeddable":true,"href":"https:\/\/anoticiaonline.com.br\/site\/wp-json\/wp\/v2\/comments?post=18719"}],"version-history":[{"count":0,"href":"https:\/\/anoticiaonline.com.br\/site\/wp-json\/wp\/v2\/posts\/18719\/revisions"}],"wp:featuredmedia":[{"embeddable":true,"href":"https:\/\/anoticiaonline.com.br\/site\/wp-json\/wp\/v2\/media\/18720"}],"wp:attachment":[{"href":"https:\/\/anoticiaonline.com.br\/site\/wp-json\/wp\/v2\/media?parent=18719"}],"wp:term":[{"taxonomy":"category","embeddable":true,"href":"https:\/\/anoticiaonline.com.br\/site\/wp-json\/wp\/v2\/categories?post=18719"},{"taxonomy":"post_tag","embeddable":true,"href":"https:\/\/anoticiaonline.com.br\/site\/wp-json\/wp\/v2\/tags?post=18719"}],"curies":[{"name":"wp","href":"https:\/\/api.w.org\/{rel}","templated":true}]}}