{"id":18679,"date":"2016-09-05T08:00:02","date_gmt":"2016-09-05T11:00:02","guid":{"rendered":"http:\/\/anoticiaonline.com.br\/site\/?p=18679"},"modified":"2016-09-15T10:17:25","modified_gmt":"2016-09-15T13:17:25","slug":"ronaldo-alvarenga-e-reeleito-presidente-do-sindicato-dos-servidores-publicos-de-muriae-e-regiao-com-expressiva-votacao","status":"publish","type":"post","link":"https:\/\/anoticiaonline.com.br\/site\/ronaldo-alvarenga-e-reeleito-presidente-do-sindicato-dos-servidores-publicos-de-muriae-e-regiao-com-expressiva-votacao\/","title":{"rendered":"Ronaldo Alvarenga \u00e9 reeleito presidente do Sindicato dos Servidores P\u00fablicos de Muria\u00e9 e Regi\u00e3o com expressiva vota\u00e7\u00e3o"},"content":{"rendered":"<p><a href=\"https:\/\/anoticiaonline.com.br\/site\/wp-content\/uploads\/2016\/09\/DSC_0157.jpg\"><img fetchpriority=\"high\" decoding=\"async\" class=\" size-medium wp-image-18684 alignleft\" src=\"https:\/\/anoticiaonline.com.br\/site\/wp-content\/uploads\/2016\/09\/DSC_0157-300x199.jpg\" alt=\"dsc_0157\" width=\"300\" height=\"199\" srcset=\"https:\/\/anoticiaonline.com.br\/site\/wp-content\/uploads\/2016\/09\/DSC_0157-300x199.jpg 300w, https:\/\/anoticiaonline.com.br\/site\/wp-content\/uploads\/2016\/09\/DSC_0157.jpg 640w\" sizes=\"(max-width: 300px) 100vw, 300px\" \/><\/a>O atual presidente do Sindicato dos Servidores P\u00fablicos de Muria\u00e9 e Regi\u00e3o, Ronaldo Jos\u00e9 Gon\u00e7alves Alvarenga, foi reeleito. Ele, que exerce a fun\u00e7\u00e3o h\u00e1 13 anos, ocupar\u00e1 o cargo por mais cinco anos, para o quinqu\u00eanio 2017\/2021.<\/p>\n<p>Apenas uma chapa foi registrada para concorrer ao pleito. Ronaldo e o vice, Luiz Ant\u00f4nio dos Santos, venceram com expressiva vota\u00e7\u00e3o. Dos 1.017 votos apurados, 999 foram a favor da reelei\u00e7\u00e3o. Votos nulos contabilizaram quatro e o total de votos em branco somaram 14.<\/p>\n<p>A elei\u00e7\u00e3o da nova diretoria aconteceu entre os dias 30 e 31 de agosto e 1\u00ba de setembro, com uma urna fixa no sindicato e uma urna itinerante percorrendo os setores de trabalho, uma forma de oferecer maior comodidade aos votantes.<\/p>\n<p>\u201cCome\u00e7o a nova administra\u00e7\u00e3o como se fosse a primeira. Acabaram as responsabilidades com as obras e agora poderei me dedicar em novas conquistas. Agrade\u00e7o os servidores que votaram e toda a base do sindicato. Podem contar comigo\u201d, afirma Ronaldo. A posse da nova diretoria acontecer\u00e1 em fevereiro de 2017.<\/p>\n<p>O sindicato possui, atualmente, cerca de 2 mil filiados, representando servidores de Muria\u00e9, Mira\u00ed, Laranjal, Patroc\u00ednio do Muria\u00e9, Bar\u00e3o do Monte Alto, Eugen\u00f3polis, S\u00e3o Francisco do Gl\u00f3ria, Miradouro, Fervedouro, Ros\u00e1rio da Limeira, Pedra Dourada e Tombos.<\/p>\n<p><strong>DIRETORIA:<\/strong><\/p>\n<p><strong>Presidente:<\/strong> Ronaldo Jos\u00e9 Gon\u00e7alves Alvarenga<br \/>\n<strong>Vice-presidente:<\/strong> Luiz Ant\u00f4nio dos Santos<br \/>\n<strong>Secret\u00e1ria-geral:<\/strong> Sandra Suely da Silva<br \/>\n<strong>2\u00ba Secret\u00e1rio:<\/strong> Adriano Ellis da Silva<br \/>\n<strong>Tesoureiro:<\/strong> Aldair de Paula Lima<br \/>\n<strong>2\u00ba Tesoureiro:<\/strong> Marco Ant\u00f4nio da Silva<br \/>\n<strong>Diretor Social:<\/strong> Carlos Roberto de Souza<br \/>\n<strong>Membros suplentes:<\/strong> Ronaldo Rodrigues de Souza, Wellington Jos\u00e9 Vilela, Fabiana Kinupa Alves, Rodrigues Jos\u00e9 de Ara\u00fajo, Jos\u00e9 Geraldo Fagundes, Jorge Luciano da Silva e Emerson Adriano Braga.<br \/>\n<strong>Conselho Fiscal efetivo:<\/strong> Alcires Sebasti\u00e3o Pereira da Silva, Ronaldo Alves Soares e Jos\u00e9 Maria da Rocha.<br \/>\n<strong>Conselho Fiscal suplente:<\/strong> Maria da Concei\u00e7\u00e3o Aparecida da Silva, Ros\u00e2ngela Maria Gama de Oliveira e Elione Aparecida Bonato Resende.<br \/>\n<strong>Delegado representante efetivo:<\/strong> Maria Imaculada Duarte Leite e Lucirene Sebastiana de Souza Pedrosa.<br \/>\n<strong>Delegado representante suplente:<\/strong> Olinda Severino Brex\u00f3 Franquini e Vin\u00edcius de Oliveira Morais.<\/p>\n<p><strong>RESULTADO DA ELEI\u00c7\u00c3O:<\/strong><\/p>\n<p><strong>Total de filiados em condi\u00e7\u00e3o de votar:<\/strong> 1.642<br \/>\n<strong>Total de votos apurados:<\/strong> 1.017<br \/>\n<strong>Sendo:<\/strong><br \/>\n&#8211; Votos nulos: 4<br \/>\n&#8211; Votos brancos: 14<br \/>\n&#8211; Votos v\u00e1lidos: 999<br \/>\n<strong>Cidades da base &#8211; Total de votos: 587<\/strong><br \/>\n&#8211; Votos brancos: 11<br \/>\n&#8211; Votos v\u00e1lidos: 576<br \/>\n<strong>Urna itinerante (Muria\u00e9) &#8211; Total de votos: 335<\/strong><br \/>\n&#8211; Votos brancos: 3<br \/>\n&#8211; Votos nulos: 3<br \/>\n&#8211; Votos v\u00e1lidos: 329<br \/>\n<strong>Urna fixa (sede do sindicato) &#8211; Total de votos: 95<\/strong><br \/>\n&#8211; Votos nulos: 1<br \/>\n&#8211; Votos v\u00e1lidos: 94<\/p>\n<p><img decoding=\"async\" class=\"ngg_displayed_gallery mceItem\" src=\"https:\/\/anoticiaonline.com.br\/site\/nextgen-attach_to_post\/preview\/id--18699\" alt=\"\" \/><\/p>\n","protected":false},"excerpt":{"rendered":"<p>O atual presidente do Sindicato dos Servidores P\u00fablicos de Muria\u00e9 e Regi\u00e3o, Ronaldo Jos\u00e9 Gon\u00e7alves Alvarenga, foi reeleito. Ele, que exerce a fun\u00e7\u00e3o h\u00e1 13 anos, ocupar\u00e1 o cargo por mais cinco anos, para o quinqu\u00eanio 2017\/2021. Apenas uma chapa foi registrada para concorrer ao pleito. Ronaldo e o vice, Luiz Ant\u00f4nio dos Santos, venceram &#8230; <a title=\"Ronaldo Alvarenga \u00e9 reeleito presidente do Sindicato dos Servidores P\u00fablicos de Muria\u00e9 e Regi\u00e3o com expressiva vota\u00e7\u00e3o\" class=\"read-more\" href=\"https:\/\/anoticiaonline.com.br\/site\/ronaldo-alvarenga-e-reeleito-presidente-do-sindicato-dos-servidores-publicos-de-muriae-e-regiao-com-expressiva-votacao\/\" aria-label=\"Read more about Ronaldo Alvarenga \u00e9 reeleito presidente do Sindicato dos Servidores P\u00fablicos de Muria\u00e9 e Regi\u00e3o com expressiva vota\u00e7\u00e3o\">Ler mais<\/a><\/p>\n","protected":false},"author":2,"featured_media":18684,"comment_status":"open","ping_status":"open","sticky":false,"template":"","format":"standard","meta":{"_acf_changed":false,"_monsterinsights_skip_tracking":false,"footnotes":""},"categories":[30],"tags":[3],"class_list":["post-18679","post","type-post","status-publish","format-standard","has-post-thumbnail","hentry","category-muriae","tag-slide"],"acf":[],"aioseo_notices":[],"aioseo_head":"\n\t\t<!-- All in One SEO 5.0.0.1 - aioseo.com -->\n\t<meta name=\"description\" content=\"O atual presidente do Sindicato dos Servidores P\u00fablicos de Muria\u00e9 e Regi\u00e3o, Ronaldo Jos\u00e9 Gon\u00e7alves Alvarenga, foi reeleito. Ele, que exerce a fun\u00e7\u00e3o h\u00e1 13 anos, ocupar\u00e1 o cargo por mais cinco anos, para o quinqu\u00eanio 2017\/2021. Apenas uma chapa foi registrada para concorrer ao pleito. Ronaldo e o vice, Luiz Ant\u00f4nio dos Santos, venceram\" \/>\n\t<meta name=\"robots\" content=\"max-image-preview:large\" \/>\n\t<meta name=\"author\" content=\"Juliana Laviola\"\/>\n\t<link rel=\"canonical\" href=\"https:\/\/anoticiaonline.com.br\/site\/ronaldo-alvarenga-e-reeleito-presidente-do-sindicato-dos-servidores-publicos-de-muriae-e-regiao-com-expressiva-votacao\/\" \/>\n\t<meta name=\"generator\" content=\"All in One SEO (AIOSEO) 5.0.0.1\" \/>\n\t\t<meta property=\"og:locale\" content=\"pt_BR\" \/>\n\t\t<meta property=\"og:site_name\" content=\"A Not\u00edcia Online - Noticias de Muria\u00e9 e regi\u00e3o\" \/>\n\t\t<meta property=\"og:type\" content=\"article\" \/>\n\t\t<meta property=\"og:title\" content=\"Ronaldo Alvarenga \u00e9 reeleito presidente do Sindicato dos Servidores P\u00fablicos de Muria\u00e9 e Regi\u00e3o com expressiva vota\u00e7\u00e3o - A Not\u00edcia Online\" \/>\n\t\t<meta property=\"og:description\" content=\"O atual presidente do Sindicato dos Servidores P\u00fablicos de Muria\u00e9 e Regi\u00e3o, Ronaldo Jos\u00e9 Gon\u00e7alves Alvarenga, foi reeleito. Ele, que exerce a fun\u00e7\u00e3o h\u00e1 13 anos, ocupar\u00e1 o cargo por mais cinco anos, para o quinqu\u00eanio 2017\/2021. Apenas uma chapa foi registrada para concorrer ao pleito. Ronaldo e o vice, Luiz Ant\u00f4nio dos Santos, venceram\" \/>\n\t\t<meta property=\"og:url\" content=\"https:\/\/anoticiaonline.com.br\/site\/ronaldo-alvarenga-e-reeleito-presidente-do-sindicato-dos-servidores-publicos-de-muriae-e-regiao-com-expressiva-votacao\/\" \/>\n\t\t<meta property=\"og:image\" content=\"https:\/\/scontent-gig4-1.xx.fbcdn.net\/v\/t39.30808-1\/270437624_4564083193639691_6907940295614233970_n.jpg?stp=dst-jpg_s200x200_tt6&#038;_nc_cat=111&#038;ccb=1-7&#038;_nc_sid=f907e8&#038;_nc_ohc=SM1wRlP3lJwQ7kNvwEPuBYA&#038;_nc_oc=AdnqrjDN_BNjSSHWO-GbkIWH6fkGMLw4bqvL_NH6e2wMveX7G-rP2dAqsDSq1mJMOaY&#038;_nc_zt=24&#038;_nc_ht=scontent-gig4-1.xx&#038;_nc_gid=AoBFJeGrT1hVaew_6rchkQ&#038;oh=00_AfX7QmFGhQhG2jAllVgXCiM1ZrWgvtp80-Bfppyexh1QEg&#038;oe=689E923C\" \/>\n\t\t<meta property=\"og:image:secure_url\" content=\"https:\/\/scontent-gig4-1.xx.fbcdn.net\/v\/t39.30808-1\/270437624_4564083193639691_6907940295614233970_n.jpg?stp=dst-jpg_s200x200_tt6&#038;_nc_cat=111&#038;ccb=1-7&#038;_nc_sid=f907e8&#038;_nc_ohc=SM1wRlP3lJwQ7kNvwEPuBYA&#038;_nc_oc=AdnqrjDN_BNjSSHWO-GbkIWH6fkGMLw4bqvL_NH6e2wMveX7G-rP2dAqsDSq1mJMOaY&#038;_nc_zt=24&#038;_nc_ht=scontent-gig4-1.xx&#038;_nc_gid=AoBFJeGrT1hVaew_6rchkQ&#038;oh=00_AfX7QmFGhQhG2jAllVgXCiM1ZrWgvtp80-Bfppyexh1QEg&#038;oe=689E923C\" \/>\n\t\t<meta property=\"article:published_time\" content=\"2016-09-05T11:00:02+00:00\" \/>\n\t\t<meta property=\"article:modified_time\" content=\"2016-09-15T13:17:25+00:00\" \/>\n\t\t<meta name=\"twitter:card\" content=\"summary_large_image\" \/>\n\t\t<meta name=\"twitter:title\" content=\"Ronaldo Alvarenga \u00e9 reeleito presidente do Sindicato dos Servidores P\u00fablicos de Muria\u00e9 e Regi\u00e3o com expressiva vota\u00e7\u00e3o - A Not\u00edcia Online\" \/>\n\t\t<meta name=\"twitter:description\" content=\"O atual presidente do Sindicato dos Servidores P\u00fablicos de Muria\u00e9 e Regi\u00e3o, Ronaldo Jos\u00e9 Gon\u00e7alves Alvarenga, foi reeleito. Ele, que exerce a fun\u00e7\u00e3o h\u00e1 13 anos, ocupar\u00e1 o cargo por mais cinco anos, para o quinqu\u00eanio 2017\/2021. Apenas uma chapa foi registrada para concorrer ao pleito. Ronaldo e o vice, Luiz Ant\u00f4nio dos Santos, venceram\" \/>\n\t\t<meta name=\"twitter:image\" content=\"https:\/\/scontent-gig4-1.xx.fbcdn.net\/v\/t39.30808-1\/270437624_4564083193639691_6907940295614233970_n.jpg?stp=dst-jpg_s200x200_tt6&amp;_nc_cat=111&amp;ccb=1-7&amp;_nc_sid=f907e8&amp;_nc_ohc=SM1wRlP3lJwQ7kNvwEPuBYA&amp;_nc_oc=AdnqrjDN_BNjSSHWO-GbkIWH6fkGMLw4bqvL_NH6e2wMveX7G-rP2dAqsDSq1mJMOaY&amp;_nc_zt=24&amp;_nc_ht=scontent-gig4-1.xx&amp;_nc_gid=AoBFJeGrT1hVaew_6rchkQ&amp;oh=00_AfX7QmFGhQhG2jAllVgXCiM1ZrWgvtp80-Bfppyexh1QEg&amp;oe=689E923C\" \/>\n\t\t<script type=\"application\/ld+json\" class=\"aioseo-schema\">\n\t\t\t{\"@context\":\"https:\\\/\\\/schema.org\",\"@graph\":[{\"@type\":\"BlogPosting\",\"@id\":\"https:\\\/\\\/anoticiaonline.com.br\\\/site\\\/ronaldo-alvarenga-e-reeleito-presidente-do-sindicato-dos-servidores-publicos-de-muriae-e-regiao-com-expressiva-votacao\\\/#blogposting\",\"name\":\"Ronaldo Alvarenga \\u00e9 reeleito presidente do Sindicato dos Servidores P\\u00fablicos de Muria\\u00e9 e Regi\\u00e3o com expressiva vota\\u00e7\\u00e3o - A Not\\u00edcia Online\",\"headline\":\"Ronaldo Alvarenga \\u00e9 reeleito presidente do Sindicato dos Servidores P\\u00fablicos de Muria\\u00e9 e Regi\\u00e3o com expressiva vota\\u00e7\\u00e3o\",\"author\":{\"@id\":\"https:\\\/\\\/anoticiaonline.com.br\\\/site\\\/author\\\/juliana\\\/#author\"},\"publisher\":{\"@id\":\"https:\\\/\\\/anoticiaonline.com.br\\\/site\\\/#organization\"},\"image\":{\"@type\":\"ImageObject\",\"url\":\"https:\\\/\\\/anoticiaonline.com.br\\\/site\\\/wp-content\\\/uploads\\\/2016\\\/09\\\/DSC_0157.jpg\",\"width\":640,\"height\":424},\"datePublished\":\"2016-09-05T08:00:02-03:00\",\"dateModified\":\"2016-09-15T10:17:25-03:00\",\"inLanguage\":\"pt-BR\",\"mainEntityOfPage\":{\"@id\":\"https:\\\/\\\/anoticiaonline.com.br\\\/site\\\/ronaldo-alvarenga-e-reeleito-presidente-do-sindicato-dos-servidores-publicos-de-muriae-e-regiao-com-expressiva-votacao\\\/#webpage\"},\"isPartOf\":{\"@id\":\"https:\\\/\\\/anoticiaonline.com.br\\\/site\\\/ronaldo-alvarenga-e-reeleito-presidente-do-sindicato-dos-servidores-publicos-de-muriae-e-regiao-com-expressiva-votacao\\\/#webpage\"},\"articleSection\":\"Blog, slide\"},{\"@type\":\"BreadcrumbList\",\"@id\":\"https:\\\/\\\/anoticiaonline.com.br\\\/site\\\/ronaldo-alvarenga-e-reeleito-presidente-do-sindicato-dos-servidores-publicos-de-muriae-e-regiao-com-expressiva-votacao\\\/#breadcrumblist\",\"itemListElement\":[{\"@type\":\"ListItem\",\"@id\":\"https:\\\/\\\/anoticiaonline.com.br\\\/site#listItem\",\"position\":1,\"name\":\"Home\",\"item\":\"https:\\\/\\\/anoticiaonline.com.br\\\/site\",\"nextItem\":{\"@type\":\"ListItem\",\"@id\":\"https:\\\/\\\/anoticiaonline.com.br\\\/site\\\/categoria\\\/muriae\\\/#listItem\",\"name\":\"Blog\"}},{\"@type\":\"ListItem\",\"@id\":\"https:\\\/\\\/anoticiaonline.com.br\\\/site\\\/categoria\\\/muriae\\\/#listItem\",\"position\":2,\"name\":\"Blog\",\"item\":\"https:\\\/\\\/anoticiaonline.com.br\\\/site\\\/categoria\\\/muriae\\\/\",\"nextItem\":{\"@type\":\"ListItem\",\"@id\":\"https:\\\/\\\/anoticiaonline.com.br\\\/site\\\/ronaldo-alvarenga-e-reeleito-presidente-do-sindicato-dos-servidores-publicos-de-muriae-e-regiao-com-expressiva-votacao\\\/#listItem\",\"name\":\"Ronaldo Alvarenga \\u00e9 reeleito presidente do Sindicato dos Servidores P\\u00fablicos de Muria\\u00e9 e Regi\\u00e3o com expressiva vota\\u00e7\\u00e3o\"},\"previousItem\":{\"@type\":\"ListItem\",\"@id\":\"https:\\\/\\\/anoticiaonline.com.br\\\/site#listItem\",\"name\":\"Home\"}},{\"@type\":\"ListItem\",\"@id\":\"https:\\\/\\\/anoticiaonline.com.br\\\/site\\\/ronaldo-alvarenga-e-reeleito-presidente-do-sindicato-dos-servidores-publicos-de-muriae-e-regiao-com-expressiva-votacao\\\/#listItem\",\"position\":3,\"name\":\"Ronaldo Alvarenga \\u00e9 reeleito presidente do Sindicato dos Servidores P\\u00fablicos de Muria\\u00e9 e Regi\\u00e3o com expressiva vota\\u00e7\\u00e3o\",\"previousItem\":{\"@type\":\"ListItem\",\"@id\":\"https:\\\/\\\/anoticiaonline.com.br\\\/site\\\/categoria\\\/muriae\\\/#listItem\",\"name\":\"Blog\"}}]},{\"@type\":\"Organization\",\"@id\":\"https:\\\/\\\/anoticiaonline.com.br\\\/site\\\/#organization\",\"name\":\"A Not\\u00edcia Online\",\"description\":\"Noticias de Muria\\u00e9 e regi\\u00e3o\",\"url\":\"https:\\\/\\\/anoticiaonline.com.br\\\/site\\\/\",\"logo\":{\"@type\":\"ImageObject\",\"url\":\"https:\\\/\\\/scontent-gig4-1.xx.fbcdn.net\\\/v\\\/t39.30808-1\\\/270437624_4564083193639691_6907940295614233970_n.jpg?stp=dst-jpg_s200x200_tt6&_nc_cat=111&ccb=1-7&_nc_sid=f907e8&_nc_ohc=SM1wRlP3lJwQ7kNvwEPuBYA&_nc_oc=AdnqrjDN_BNjSSHWO-GbkIWH6fkGMLw4bqvL_NH6e2wMveX7G-rP2dAqsDSq1mJMOaY&_nc_zt=24&_nc_ht=scontent-gig4-1.xx&_nc_gid=AoBFJeGrT1hVaew_6rchkQ&oh=00_AfX7QmFGhQhG2jAllVgXCiM1ZrWgvtp80-Bfppyexh1QEg&oe=689E923C\",\"@id\":\"https:\\\/\\\/anoticiaonline.com.br\\\/site\\\/ronaldo-alvarenga-e-reeleito-presidente-do-sindicato-dos-servidores-publicos-de-muriae-e-regiao-com-expressiva-votacao\\\/#organizationLogo\"},\"image\":{\"@id\":\"https:\\\/\\\/anoticiaonline.com.br\\\/site\\\/ronaldo-alvarenga-e-reeleito-presidente-do-sindicato-dos-servidores-publicos-de-muriae-e-regiao-com-expressiva-votacao\\\/#organizationLogo\"}},{\"@type\":\"Person\",\"@id\":\"https:\\\/\\\/anoticiaonline.com.br\\\/site\\\/author\\\/juliana\\\/#author\",\"url\":\"https:\\\/\\\/anoticiaonline.com.br\\\/site\\\/author\\\/juliana\\\/\",\"name\":\"Juliana Laviola\",\"image\":{\"@type\":\"ImageObject\",\"@id\":\"https:\\\/\\\/anoticiaonline.com.br\\\/site\\\/ronaldo-alvarenga-e-reeleito-presidente-do-sindicato-dos-servidores-publicos-de-muriae-e-regiao-com-expressiva-votacao\\\/#authorImage\",\"url\":\"https:\\\/\\\/secure.gravatar.com\\\/avatar\\\/b8d45f5c699b100dfaf0e543582f38f38bf94cb7ae3a5e9abf8d891a34773335?s=96&d=mm&r=g\",\"width\":96,\"height\":96,\"caption\":\"Juliana Laviola\"}},{\"@type\":\"WebPage\",\"@id\":\"https:\\\/\\\/anoticiaonline.com.br\\\/site\\\/ronaldo-alvarenga-e-reeleito-presidente-do-sindicato-dos-servidores-publicos-de-muriae-e-regiao-com-expressiva-votacao\\\/#webpage\",\"url\":\"https:\\\/\\\/anoticiaonline.com.br\\\/site\\\/ronaldo-alvarenga-e-reeleito-presidente-do-sindicato-dos-servidores-publicos-de-muriae-e-regiao-com-expressiva-votacao\\\/\",\"name\":\"Ronaldo Alvarenga \\u00e9 reeleito presidente do Sindicato dos Servidores P\\u00fablicos de Muria\\u00e9 e Regi\\u00e3o com expressiva vota\\u00e7\\u00e3o - A Not\\u00edcia Online\",\"description\":\"O atual presidente do Sindicato dos Servidores P\\u00fablicos de Muria\\u00e9 e Regi\\u00e3o, Ronaldo Jos\\u00e9 Gon\\u00e7alves Alvarenga, foi reeleito. Ele, que exerce a fun\\u00e7\\u00e3o h\\u00e1 13 anos, ocupar\\u00e1 o cargo por mais cinco anos, para o quinqu\\u00eanio 2017\\\/2021. Apenas uma chapa foi registrada para concorrer ao pleito. Ronaldo e o vice, Luiz Ant\\u00f4nio dos Santos, venceram\",\"inLanguage\":\"pt-BR\",\"isPartOf\":{\"@id\":\"https:\\\/\\\/anoticiaonline.com.br\\\/site\\\/#website\"},\"breadcrumb\":{\"@id\":\"https:\\\/\\\/anoticiaonline.com.br\\\/site\\\/ronaldo-alvarenga-e-reeleito-presidente-do-sindicato-dos-servidores-publicos-de-muriae-e-regiao-com-expressiva-votacao\\\/#breadcrumblist\"},\"author\":{\"@id\":\"https:\\\/\\\/anoticiaonline.com.br\\\/site\\\/author\\\/juliana\\\/#author\"},\"creator\":{\"@id\":\"https:\\\/\\\/anoticiaonline.com.br\\\/site\\\/author\\\/juliana\\\/#author\"},\"image\":{\"@type\":\"ImageObject\",\"url\":\"https:\\\/\\\/anoticiaonline.com.br\\\/site\\\/wp-content\\\/uploads\\\/2016\\\/09\\\/DSC_0157.jpg\",\"@id\":\"https:\\\/\\\/anoticiaonline.com.br\\\/site\\\/ronaldo-alvarenga-e-reeleito-presidente-do-sindicato-dos-servidores-publicos-de-muriae-e-regiao-com-expressiva-votacao\\\/#mainImage\",\"width\":640,\"height\":424},\"primaryImageOfPage\":{\"@id\":\"https:\\\/\\\/anoticiaonline.com.br\\\/site\\\/ronaldo-alvarenga-e-reeleito-presidente-do-sindicato-dos-servidores-publicos-de-muriae-e-regiao-com-expressiva-votacao\\\/#mainImage\"},\"datePublished\":\"2016-09-05T08:00:02-03:00\",\"dateModified\":\"2016-09-15T10:17:25-03:00\"},{\"@type\":\"WebSite\",\"@id\":\"https:\\\/\\\/anoticiaonline.com.br\\\/site\\\/#website\",\"url\":\"https:\\\/\\\/anoticiaonline.com.br\\\/site\\\/\",\"name\":\"A Not\\u00edcia Online\",\"description\":\"Noticias de Muria\\u00e9 e regi\\u00e3o\",\"inLanguage\":\"pt-BR\",\"publisher\":{\"@id\":\"https:\\\/\\\/anoticiaonline.com.br\\\/site\\\/#organization\"}}]}\n\t\t<\/script>\n\t\t<!-- All in One SEO -->\n\n","aioseo_head_json":{"title":"Ronaldo Alvarenga \u00e9 reeleito presidente do Sindicato dos Servidores P\u00fablicos de Muria\u00e9 e Regi\u00e3o com expressiva vota\u00e7\u00e3o - A Not\u00edcia Online","description":"O atual presidente do Sindicato dos Servidores P\u00fablicos de Muria\u00e9 e Regi\u00e3o, Ronaldo Jos\u00e9 Gon\u00e7alves Alvarenga, foi reeleito. Ele, que exerce a fun\u00e7\u00e3o h\u00e1 13 anos, ocupar\u00e1 o cargo por mais cinco anos, para o quinqu\u00eanio 2017\/2021. Apenas uma chapa foi registrada para concorrer ao pleito. Ronaldo e o vice, Luiz Ant\u00f4nio dos Santos, venceram","canonical_url":"https:\/\/anoticiaonline.com.br\/site\/ronaldo-alvarenga-e-reeleito-presidente-do-sindicato-dos-servidores-publicos-de-muriae-e-regiao-com-expressiva-votacao\/","robots":"max-image-preview:large","keywords":"","webmasterTools":{"miscellaneous":""},"schema":{"@context":"https:\/\/schema.org","@graph":[{"@type":"BlogPosting","@id":"https:\/\/anoticiaonline.com.br\/site\/ronaldo-alvarenga-e-reeleito-presidente-do-sindicato-dos-servidores-publicos-de-muriae-e-regiao-com-expressiva-votacao\/#blogposting","name":"Ronaldo Alvarenga \u00e9 reeleito presidente do Sindicato dos Servidores P\u00fablicos de Muria\u00e9 e Regi\u00e3o com expressiva vota\u00e7\u00e3o - A Not\u00edcia Online","headline":"Ronaldo Alvarenga \u00e9 reeleito presidente do Sindicato dos Servidores P\u00fablicos de Muria\u00e9 e Regi\u00e3o com expressiva vota\u00e7\u00e3o","author":{"@id":"https:\/\/anoticiaonline.com.br\/site\/author\/juliana\/#author"},"publisher":{"@id":"https:\/\/anoticiaonline.com.br\/site\/#organization"},"image":{"@type":"ImageObject","url":"https:\/\/anoticiaonline.com.br\/site\/wp-content\/uploads\/2016\/09\/DSC_0157.jpg","width":640,"height":424},"datePublished":"2016-09-05T08:00:02-03:00","dateModified":"2016-09-15T10:17:25-03:00","inLanguage":"pt-BR","mainEntityOfPage":{"@id":"https:\/\/anoticiaonline.com.br\/site\/ronaldo-alvarenga-e-reeleito-presidente-do-sindicato-dos-servidores-publicos-de-muriae-e-regiao-com-expressiva-votacao\/#webpage"},"isPartOf":{"@id":"https:\/\/anoticiaonline.com.br\/site\/ronaldo-alvarenga-e-reeleito-presidente-do-sindicato-dos-servidores-publicos-de-muriae-e-regiao-com-expressiva-votacao\/#webpage"},"articleSection":"Blog, slide"},{"@type":"BreadcrumbList","@id":"https:\/\/anoticiaonline.com.br\/site\/ronaldo-alvarenga-e-reeleito-presidente-do-sindicato-dos-servidores-publicos-de-muriae-e-regiao-com-expressiva-votacao\/#breadcrumblist","itemListElement":[{"@type":"ListItem","@id":"https:\/\/anoticiaonline.com.br\/site#listItem","position":1,"name":"Home","item":"https:\/\/anoticiaonline.com.br\/site","nextItem":{"@type":"ListItem","@id":"https:\/\/anoticiaonline.com.br\/site\/categoria\/muriae\/#listItem","name":"Blog"}},{"@type":"ListItem","@id":"https:\/\/anoticiaonline.com.br\/site\/categoria\/muriae\/#listItem","position":2,"name":"Blog","item":"https:\/\/anoticiaonline.com.br\/site\/categoria\/muriae\/","nextItem":{"@type":"ListItem","@id":"https:\/\/anoticiaonline.com.br\/site\/ronaldo-alvarenga-e-reeleito-presidente-do-sindicato-dos-servidores-publicos-de-muriae-e-regiao-com-expressiva-votacao\/#listItem","name":"Ronaldo Alvarenga \u00e9 reeleito presidente do Sindicato dos Servidores P\u00fablicos de Muria\u00e9 e Regi\u00e3o com expressiva vota\u00e7\u00e3o"},"previousItem":{"@type":"ListItem","@id":"https:\/\/anoticiaonline.com.br\/site#listItem","name":"Home"}},{"@type":"ListItem","@id":"https:\/\/anoticiaonline.com.br\/site\/ronaldo-alvarenga-e-reeleito-presidente-do-sindicato-dos-servidores-publicos-de-muriae-e-regiao-com-expressiva-votacao\/#listItem","position":3,"name":"Ronaldo Alvarenga \u00e9 reeleito presidente do Sindicato dos Servidores P\u00fablicos de Muria\u00e9 e Regi\u00e3o com expressiva vota\u00e7\u00e3o","previousItem":{"@type":"ListItem","@id":"https:\/\/anoticiaonline.com.br\/site\/categoria\/muriae\/#listItem","name":"Blog"}}]},{"@type":"Organization","@id":"https:\/\/anoticiaonline.com.br\/site\/#organization","name":"A Not\u00edcia Online","description":"Noticias de Muria\u00e9 e regi\u00e3o","url":"https:\/\/anoticiaonline.com.br\/site\/","logo":{"@type":"ImageObject","url":"https:\/\/scontent-gig4-1.xx.fbcdn.net\/v\/t39.30808-1\/270437624_4564083193639691_6907940295614233970_n.jpg?stp=dst-jpg_s200x200_tt6&_nc_cat=111&ccb=1-7&_nc_sid=f907e8&_nc_ohc=SM1wRlP3lJwQ7kNvwEPuBYA&_nc_oc=AdnqrjDN_BNjSSHWO-GbkIWH6fkGMLw4bqvL_NH6e2wMveX7G-rP2dAqsDSq1mJMOaY&_nc_zt=24&_nc_ht=scontent-gig4-1.xx&_nc_gid=AoBFJeGrT1hVaew_6rchkQ&oh=00_AfX7QmFGhQhG2jAllVgXCiM1ZrWgvtp80-Bfppyexh1QEg&oe=689E923C","@id":"https:\/\/anoticiaonline.com.br\/site\/ronaldo-alvarenga-e-reeleito-presidente-do-sindicato-dos-servidores-publicos-de-muriae-e-regiao-com-expressiva-votacao\/#organizationLogo"},"image":{"@id":"https:\/\/anoticiaonline.com.br\/site\/ronaldo-alvarenga-e-reeleito-presidente-do-sindicato-dos-servidores-publicos-de-muriae-e-regiao-com-expressiva-votacao\/#organizationLogo"}},{"@type":"Person","@id":"https:\/\/anoticiaonline.com.br\/site\/author\/juliana\/#author","url":"https:\/\/anoticiaonline.com.br\/site\/author\/juliana\/","name":"Juliana Laviola","image":{"@type":"ImageObject","@id":"https:\/\/anoticiaonline.com.br\/site\/ronaldo-alvarenga-e-reeleito-presidente-do-sindicato-dos-servidores-publicos-de-muriae-e-regiao-com-expressiva-votacao\/#authorImage","url":"https:\/\/secure.gravatar.com\/avatar\/b8d45f5c699b100dfaf0e543582f38f38bf94cb7ae3a5e9abf8d891a34773335?s=96&d=mm&r=g","width":96,"height":96,"caption":"Juliana Laviola"}},{"@type":"WebPage","@id":"https:\/\/anoticiaonline.com.br\/site\/ronaldo-alvarenga-e-reeleito-presidente-do-sindicato-dos-servidores-publicos-de-muriae-e-regiao-com-expressiva-votacao\/#webpage","url":"https:\/\/anoticiaonline.com.br\/site\/ronaldo-alvarenga-e-reeleito-presidente-do-sindicato-dos-servidores-publicos-de-muriae-e-regiao-com-expressiva-votacao\/","name":"Ronaldo Alvarenga \u00e9 reeleito presidente do Sindicato dos Servidores P\u00fablicos de Muria\u00e9 e Regi\u00e3o com expressiva vota\u00e7\u00e3o - A Not\u00edcia Online","description":"O atual presidente do Sindicato dos Servidores P\u00fablicos de Muria\u00e9 e Regi\u00e3o, Ronaldo Jos\u00e9 Gon\u00e7alves Alvarenga, foi reeleito. Ele, que exerce a fun\u00e7\u00e3o h\u00e1 13 anos, ocupar\u00e1 o cargo por mais cinco anos, para o quinqu\u00eanio 2017\/2021. Apenas uma chapa foi registrada para concorrer ao pleito. Ronaldo e o vice, Luiz Ant\u00f4nio dos Santos, venceram","inLanguage":"pt-BR","isPartOf":{"@id":"https:\/\/anoticiaonline.com.br\/site\/#website"},"breadcrumb":{"@id":"https:\/\/anoticiaonline.com.br\/site\/ronaldo-alvarenga-e-reeleito-presidente-do-sindicato-dos-servidores-publicos-de-muriae-e-regiao-com-expressiva-votacao\/#breadcrumblist"},"author":{"@id":"https:\/\/anoticiaonline.com.br\/site\/author\/juliana\/#author"},"creator":{"@id":"https:\/\/anoticiaonline.com.br\/site\/author\/juliana\/#author"},"image":{"@type":"ImageObject","url":"https:\/\/anoticiaonline.com.br\/site\/wp-content\/uploads\/2016\/09\/DSC_0157.jpg","@id":"https:\/\/anoticiaonline.com.br\/site\/ronaldo-alvarenga-e-reeleito-presidente-do-sindicato-dos-servidores-publicos-de-muriae-e-regiao-com-expressiva-votacao\/#mainImage","width":640,"height":424},"primaryImageOfPage":{"@id":"https:\/\/anoticiaonline.com.br\/site\/ronaldo-alvarenga-e-reeleito-presidente-do-sindicato-dos-servidores-publicos-de-muriae-e-regiao-com-expressiva-votacao\/#mainImage"},"datePublished":"2016-09-05T08:00:02-03:00","dateModified":"2016-09-15T10:17:25-03:00"},{"@type":"WebSite","@id":"https:\/\/anoticiaonline.com.br\/site\/#website","url":"https:\/\/anoticiaonline.com.br\/site\/","name":"A Not\u00edcia Online","description":"Noticias de Muria\u00e9 e regi\u00e3o","inLanguage":"pt-BR","publisher":{"@id":"https:\/\/anoticiaonline.com.br\/site\/#organization"}}]},"og:locale":"pt_BR","og:site_name":"A Not\u00edcia Online - Noticias de Muria\u00e9 e regi\u00e3o","og:type":"article","og:title":"Ronaldo Alvarenga \u00e9 reeleito presidente do Sindicato dos Servidores P\u00fablicos de Muria\u00e9 e Regi\u00e3o com expressiva vota\u00e7\u00e3o - A Not\u00edcia Online","og:description":"O atual presidente do Sindicato dos Servidores P\u00fablicos de Muria\u00e9 e Regi\u00e3o, Ronaldo Jos\u00e9 Gon\u00e7alves Alvarenga, foi reeleito. Ele, que exerce a fun\u00e7\u00e3o h\u00e1 13 anos, ocupar\u00e1 o cargo por mais cinco anos, para o quinqu\u00eanio 2017\/2021. Apenas uma chapa foi registrada para concorrer ao pleito. Ronaldo e o vice, Luiz Ant\u00f4nio dos Santos, venceram","og:url":"https:\/\/anoticiaonline.com.br\/site\/ronaldo-alvarenga-e-reeleito-presidente-do-sindicato-dos-servidores-publicos-de-muriae-e-regiao-com-expressiva-votacao\/","og:image":"https:\/\/scontent-gig4-1.xx.fbcdn.net\/v\/t39.30808-1\/270437624_4564083193639691_6907940295614233970_n.jpg?stp=dst-jpg_s200x200_tt6&#038;_nc_cat=111&#038;ccb=1-7&#038;_nc_sid=f907e8&#038;_nc_ohc=SM1wRlP3lJwQ7kNvwEPuBYA&#038;_nc_oc=AdnqrjDN_BNjSSHWO-GbkIWH6fkGMLw4bqvL_NH6e2wMveX7G-rP2dAqsDSq1mJMOaY&#038;_nc_zt=24&#038;_nc_ht=scontent-gig4-1.xx&#038;_nc_gid=AoBFJeGrT1hVaew_6rchkQ&#038;oh=00_AfX7QmFGhQhG2jAllVgXCiM1ZrWgvtp80-Bfppyexh1QEg&#038;oe=689E923C","og:image:secure_url":"https:\/\/scontent-gig4-1.xx.fbcdn.net\/v\/t39.30808-1\/270437624_4564083193639691_6907940295614233970_n.jpg?stp=dst-jpg_s200x200_tt6&#038;_nc_cat=111&#038;ccb=1-7&#038;_nc_sid=f907e8&#038;_nc_ohc=SM1wRlP3lJwQ7kNvwEPuBYA&#038;_nc_oc=AdnqrjDN_BNjSSHWO-GbkIWH6fkGMLw4bqvL_NH6e2wMveX7G-rP2dAqsDSq1mJMOaY&#038;_nc_zt=24&#038;_nc_ht=scontent-gig4-1.xx&#038;_nc_gid=AoBFJeGrT1hVaew_6rchkQ&#038;oh=00_AfX7QmFGhQhG2jAllVgXCiM1ZrWgvtp80-Bfppyexh1QEg&#038;oe=689E923C","article:published_time":"2016-09-05T11:00:02+00:00","article:modified_time":"2016-09-15T13:17:25+00:00","twitter:card":"summary_large_image","twitter:title":"Ronaldo Alvarenga \u00e9 reeleito presidente do Sindicato dos Servidores P\u00fablicos de Muria\u00e9 e Regi\u00e3o com expressiva vota\u00e7\u00e3o - A Not\u00edcia Online","twitter:description":"O atual presidente do Sindicato dos Servidores P\u00fablicos de Muria\u00e9 e Regi\u00e3o, Ronaldo Jos\u00e9 Gon\u00e7alves Alvarenga, foi reeleito. Ele, que exerce a fun\u00e7\u00e3o h\u00e1 13 anos, ocupar\u00e1 o cargo por mais cinco anos, para o quinqu\u00eanio 2017\/2021. Apenas uma chapa foi registrada para concorrer ao pleito. Ronaldo e o vice, Luiz Ant\u00f4nio dos Santos, venceram","twitter:image":"https:\/\/scontent-gig4-1.xx.fbcdn.net\/v\/t39.30808-1\/270437624_4564083193639691_6907940295614233970_n.jpg?stp=dst-jpg_s200x200_tt6&_nc_cat=111&ccb=1-7&_nc_sid=f907e8&_nc_ohc=SM1wRlP3lJwQ7kNvwEPuBYA&_nc_oc=AdnqrjDN_BNjSSHWO-GbkIWH6fkGMLw4bqvL_NH6e2wMveX7G-rP2dAqsDSq1mJMOaY&_nc_zt=24&_nc_ht=scontent-gig4-1.xx&_nc_gid=AoBFJeGrT1hVaew_6rchkQ&oh=00_AfX7QmFGhQhG2jAllVgXCiM1ZrWgvtp80-Bfppyexh1QEg&oe=689E923C"},"aioseo_meta_data":{"post_id":"18679","title":null,"description":null,"keywords":null,"keyphrases":null,"primary_term":null,"canonical_url":null,"og_title":null,"og_description":null,"og_object_type":"default","og_image_type":"default","og_image_url":null,"og_image_width":null,"og_image_height":null,"og_image_custom_url":null,"og_image_custom_fields":null,"og_video":null,"og_custom_url":null,"og_article_section":null,"og_article_tags":null,"twitter_use_og":false,"twitter_card":"default","twitter_image_type":"default","twitter_image_url":null,"twitter_image_custom_url":null,"twitter_image_custom_fields":null,"twitter_title":null,"twitter_description":null,"schema":{"blockGraphs":[],"customGraphs":[],"default":{"data":{"Article":[],"Course":[],"Dataset":[],"FAQPage":[],"Movie":[],"Person":[],"Product":[],"ProductReview":[],"Car":[],"Recipe":[],"Service":[],"SoftwareApplication":[],"WebPage":[]},"graphName":"","isEnabled":true},"graphs":[]},"schema_type":"default","schema_type_options":null,"pillar_content":false,"robots_default":true,"robots_noindex":false,"robots_noarchive":false,"robots_nosnippet":false,"robots_nofollow":false,"robots_noimageindex":false,"robots_noodp":false,"robots_notranslate":false,"robots_max_snippet":null,"robots_max_videopreview":null,"robots_max_imagepreview":"large","priority":null,"frequency":null,"local_seo":null,"breadcrumb_settings":null,"limit_modified_date":false,"ai":null,"created":"2025-08-16 16:47:35","updated":"2025-08-16 16:47:35","focus_keyword":null,"additional_keywords":null,"truseo_locale":null,"seo_analyzer_scan_date":null},"aioseo_breadcrumb":"<div class=\"aioseo-breadcrumbs\"><span class=\"aioseo-breadcrumb\">\n\t\t\t<a href=\"https:\/\/anoticiaonline.com.br\/site\" title=\"Home\">Home<\/a>\n\t\t<\/span><span class=\"aioseo-breadcrumb-separator\">&raquo;<\/span><span class=\"aioseo-breadcrumb\">\n\t\t\t<a href=\"https:\/\/anoticiaonline.com.br\/site\/categoria\/muriae\/\" title=\"Blog\">Blog<\/a>\n\t\t<\/span><span class=\"aioseo-breadcrumb-separator\">&raquo;<\/span><span class=\"aioseo-breadcrumb\">\n\t\t\tRonaldo Alvarenga \u00e9 reeleito presidente do Sindicato dos Servidores P\u00fablicos de Muria\u00e9 e Regi\u00e3o com expressiva vota\u00e7\u00e3o\n\t\t<\/span><\/div>","aioseo_breadcrumb_json":[{"label":"Home","link":"https:\/\/anoticiaonline.com.br\/site"},{"label":"Blog","link":"https:\/\/anoticiaonline.com.br\/site\/categoria\/muriae\/"},{"label":"Ronaldo Alvarenga \u00e9 reeleito presidente do Sindicato dos Servidores P\u00fablicos de Muria\u00e9 e Regi\u00e3o com expressiva vota\u00e7\u00e3o","link":"https:\/\/anoticiaonline.com.br\/site\/ronaldo-alvarenga-e-reeleito-presidente-do-sindicato-dos-servidores-publicos-de-muriae-e-regiao-com-expressiva-votacao\/"}],"views":150,"_links":{"self":[{"href":"https:\/\/anoticiaonline.com.br\/site\/wp-json\/wp\/v2\/posts\/18679","targetHints":{"allow":["GET"]}}],"collection":[{"href":"https:\/\/anoticiaonline.com.br\/site\/wp-json\/wp\/v2\/posts"}],"about":[{"href":"https:\/\/anoticiaonline.com.br\/site\/wp-json\/wp\/v2\/types\/post"}],"author":[{"embeddable":true,"href":"https:\/\/anoticiaonline.com.br\/site\/wp-json\/wp\/v2\/users\/2"}],"replies":[{"embeddable":true,"href":"https:\/\/anoticiaonline.com.br\/site\/wp-json\/wp\/v2\/comments?post=18679"}],"version-history":[{"count":0,"href":"https:\/\/anoticiaonline.com.br\/site\/wp-json\/wp\/v2\/posts\/18679\/revisions"}],"wp:featuredmedia":[{"embeddable":true,"href":"https:\/\/anoticiaonline.com.br\/site\/wp-json\/wp\/v2\/media\/18684"}],"wp:attachment":[{"href":"https:\/\/anoticiaonline.com.br\/site\/wp-json\/wp\/v2\/media?parent=18679"}],"wp:term":[{"taxonomy":"category","embeddable":true,"href":"https:\/\/anoticiaonline.com.br\/site\/wp-json\/wp\/v2\/categories?post=18679"},{"taxonomy":"post_tag","embeddable":true,"href":"https:\/\/anoticiaonline.com.br\/site\/wp-json\/wp\/v2\/tags?post=18679"}],"curies":[{"name":"wp","href":"https:\/\/api.w.org\/{rel}","templated":true}]}}