{"id":18663,"date":"2016-09-15T08:00:54","date_gmt":"2016-09-15T11:00:54","guid":{"rendered":"http:\/\/anoticiaonline.com.br\/site\/?p=18663"},"modified":"2016-09-14T11:55:36","modified_gmt":"2016-09-14T14:55:36","slug":"exposicao-de-vieiras-acontece-entre-os-dias-22-e-25","status":"publish","type":"post","link":"https:\/\/anoticiaonline.com.br\/site\/exposicao-de-vieiras-acontece-entre-os-dias-22-e-25\/","title":{"rendered":"Exposi\u00e7\u00e3o de Vieiras acontece entre os dias 22 e 25"},"content":{"rendered":"<figure id=\"attachment_18342\" aria-describedby=\"caption-attachment-18342\" style=\"width: 290px\" class=\"wp-caption alignleft\"><a href=\"https:\/\/anoticiaonline.com.br\/site\/wp-content\/uploads\/2016\/09\/Fernando-e-Sorocaba.jpg\"><img fetchpriority=\"high\" decoding=\"async\" class=\"wp-image-18342 size-medium\" src=\"https:\/\/anoticiaonline.com.br\/site\/wp-content\/uploads\/2016\/09\/Fernando-e-Sorocaba-300x231.jpg\" alt=\"A dupla Fernando &amp; Sorocaba \u00e9 uma das atra\u00e7\u00f5es e se apresenta no dia 23\" width=\"300\" height=\"231\" srcset=\"https:\/\/anoticiaonline.com.br\/site\/wp-content\/uploads\/2016\/09\/Fernando-e-Sorocaba-300x231.jpg 300w, https:\/\/anoticiaonline.com.br\/site\/wp-content\/uploads\/2016\/09\/Fernando-e-Sorocaba.jpg 640w\" sizes=\"(max-width: 300px) 100vw, 300px\" \/><\/a><figcaption id=\"caption-attachment-18342\" class=\"wp-caption-text\">A dupla Fernando &amp; Sorocaba \u00e9 uma das atra\u00e7\u00f5es da festa e se apresenta no dia 23<\/figcaption><\/figure>\n<p>Vieiras estar\u00e1 em festa entre os dias 22 e 25 deste m\u00eas, quando acontece a \u201cExpoVieiras\u201d. A programa\u00e7\u00e3o inclui shows e Open de Parapente. A dupla Fernando &amp; Sorocaba \u00e9 uma das atra\u00e7\u00f5es e se apresenta na sexta-feira. Outro show de destaque \u00e9 o de Gabriel Gava, que sobe ao palco no s\u00e1bado.<\/p>\n<p>&nbsp;<\/p>\n<p>&nbsp;<\/p>\n<p>&nbsp;<\/p>\n<p>&nbsp;<\/p>\n<p><strong>PROGRAMA\u00c7\u00c3O:<\/strong><br \/>\n<strong>Quinta-feira (22):<\/strong><br \/>\n20h \u2013 Apresenta\u00e7\u00e3o do Grupo de Dan\u00e7a \u201cDan\u00e7ando para o Futuro\u201d<br \/>\n21h \u2013 Show de Laura Lima<\/p>\n<p><strong>Sexta-feira (23):<\/strong><br \/>\n21h \u2013 Abertura oficial<br \/>\n23h \u2013 Show de Fernando &amp; Sorocaba<br \/>\nLogo ap\u00f3s haver\u00e1 participa\u00e7\u00e3o de DJs<\/p>\n<p><strong>S\u00e1bado (24):<\/strong><br \/>\n11h \u2013 Copa Open de Parapente<br \/>\n23h \u2013 Show de Gabriel Gava<br \/>\nLogo ap\u00f3s haver\u00e1 participa\u00e7\u00e3o de DJs<\/p>\n<p><strong>Domingo (25):<\/strong><br \/>\n11h \u2013 Final da Copa Open de Parapente<br \/>\n18h \u2013 Show de C\u00e9lio &amp; Marcos<br \/>\n20h \u2013 Show de Jo\u00e3o Lucas &amp; Diogo<br \/>\nLogo ap\u00f3s haver\u00e1 participa\u00e7\u00e3o de DJs<\/p>\n<p><a href=\"https:\/\/anoticiaonline.com.br\/site\/wp-content\/uploads\/2016\/09\/Exposi\u00e7\u00e3o-de-Vieiras.jpg\"><img decoding=\"async\" class=\" size-medium wp-image-18664 aligncenter\" src=\"https:\/\/anoticiaonline.com.br\/site\/wp-content\/uploads\/2016\/09\/Exposi\u00e7\u00e3o-de-Vieiras-300x217.jpg\" alt=\"exposicao-de-vieiras\" width=\"300\" height=\"217\" srcset=\"https:\/\/anoticiaonline.com.br\/site\/wp-content\/uploads\/2016\/09\/Exposi\u00e7\u00e3o-de-Vieiras-300x217.jpg 300w, https:\/\/anoticiaonline.com.br\/site\/wp-content\/uploads\/2016\/09\/Exposi\u00e7\u00e3o-de-Vieiras.jpg 640w\" sizes=\"(max-width: 300px) 100vw, 300px\" \/><\/a><\/p>\n","protected":false},"excerpt":{"rendered":"<p>Vieiras estar\u00e1 em festa entre os dias 22 e 25 deste m\u00eas, quando acontece a \u201cExpoVieiras\u201d. A programa\u00e7\u00e3o inclui shows e Open de Parapente. A dupla Fernando &amp; Sorocaba \u00e9 uma das atra\u00e7\u00f5es e se apresenta na sexta-feira. Outro show de destaque \u00e9 o de Gabriel Gava, que sobe ao palco no s\u00e1bado. &nbsp; &nbsp; &#8230; <a title=\"Exposi\u00e7\u00e3o de Vieiras acontece entre os dias 22 e 25\" class=\"read-more\" href=\"https:\/\/anoticiaonline.com.br\/site\/exposicao-de-vieiras-acontece-entre-os-dias-22-e-25\/\" aria-label=\"Read more about Exposi\u00e7\u00e3o de Vieiras acontece entre os dias 22 e 25\">Ler mais<\/a><\/p>\n","protected":false},"author":2,"featured_media":18342,"comment_status":"open","ping_status":"open","sticky":false,"template":"","format":"standard","meta":{"_acf_changed":false,"_monsterinsights_skip_tracking":false,"footnotes":""},"categories":[24],"tags":[3],"class_list":["post-18663","post","type-post","status-publish","format-standard","has-post-thumbnail","hentry","category-eventos","tag-slide"],"acf":[],"aioseo_notices":[],"aioseo_head":"\n\t\t<!-- All in One SEO 5.0.0.1 - aioseo.com -->\n\t<meta name=\"description\" content=\"Vieiras estar\u00e1 em festa entre os dias 22 e 25 deste m\u00eas, quando acontece a \u201cExpoVieiras\u201d. A programa\u00e7\u00e3o inclui shows e Open de Parapente. A dupla Fernando &amp; Sorocaba \u00e9 uma das atra\u00e7\u00f5es e se apresenta na sexta-feira. Outro show de destaque \u00e9 o de Gabriel Gava, que sobe ao palco no s\u00e1bado.\" \/>\n\t<meta name=\"robots\" content=\"max-image-preview:large\" \/>\n\t<meta name=\"author\" content=\"Juliana Laviola\"\/>\n\t<link rel=\"canonical\" href=\"https:\/\/anoticiaonline.com.br\/site\/exposicao-de-vieiras-acontece-entre-os-dias-22-e-25\/\" \/>\n\t<meta name=\"generator\" content=\"All in One SEO (AIOSEO) 5.0.0.1\" \/>\n\t\t<meta property=\"og:locale\" content=\"pt_BR\" \/>\n\t\t<meta property=\"og:site_name\" content=\"A Not\u00edcia Online - Noticias de Muria\u00e9 e regi\u00e3o\" \/>\n\t\t<meta property=\"og:type\" content=\"article\" \/>\n\t\t<meta property=\"og:title\" content=\"Exposi\u00e7\u00e3o de Vieiras acontece entre os dias 22 e 25 - A Not\u00edcia Online\" \/>\n\t\t<meta property=\"og:description\" content=\"Vieiras estar\u00e1 em festa entre os dias 22 e 25 deste m\u00eas, quando acontece a \u201cExpoVieiras\u201d. A programa\u00e7\u00e3o inclui shows e Open de Parapente. A dupla Fernando &amp; Sorocaba \u00e9 uma das atra\u00e7\u00f5es e se apresenta na sexta-feira. Outro show de destaque \u00e9 o de Gabriel Gava, que sobe ao palco no s\u00e1bado.\" \/>\n\t\t<meta property=\"og:url\" content=\"https:\/\/anoticiaonline.com.br\/site\/exposicao-de-vieiras-acontece-entre-os-dias-22-e-25\/\" \/>\n\t\t<meta property=\"og:image\" content=\"https:\/\/scontent-gig4-1.xx.fbcdn.net\/v\/t39.30808-1\/270437624_4564083193639691_6907940295614233970_n.jpg?stp=dst-jpg_s200x200_tt6&#038;_nc_cat=111&#038;ccb=1-7&#038;_nc_sid=f907e8&#038;_nc_ohc=SM1wRlP3lJwQ7kNvwEPuBYA&#038;_nc_oc=AdnqrjDN_BNjSSHWO-GbkIWH6fkGMLw4bqvL_NH6e2wMveX7G-rP2dAqsDSq1mJMOaY&#038;_nc_zt=24&#038;_nc_ht=scontent-gig4-1.xx&#038;_nc_gid=AoBFJeGrT1hVaew_6rchkQ&#038;oh=00_AfX7QmFGhQhG2jAllVgXCiM1ZrWgvtp80-Bfppyexh1QEg&#038;oe=689E923C\" \/>\n\t\t<meta property=\"og:image:secure_url\" content=\"https:\/\/scontent-gig4-1.xx.fbcdn.net\/v\/t39.30808-1\/270437624_4564083193639691_6907940295614233970_n.jpg?stp=dst-jpg_s200x200_tt6&#038;_nc_cat=111&#038;ccb=1-7&#038;_nc_sid=f907e8&#038;_nc_ohc=SM1wRlP3lJwQ7kNvwEPuBYA&#038;_nc_oc=AdnqrjDN_BNjSSHWO-GbkIWH6fkGMLw4bqvL_NH6e2wMveX7G-rP2dAqsDSq1mJMOaY&#038;_nc_zt=24&#038;_nc_ht=scontent-gig4-1.xx&#038;_nc_gid=AoBFJeGrT1hVaew_6rchkQ&#038;oh=00_AfX7QmFGhQhG2jAllVgXCiM1ZrWgvtp80-Bfppyexh1QEg&#038;oe=689E923C\" \/>\n\t\t<meta property=\"article:published_time\" content=\"2016-09-15T11:00:54+00:00\" \/>\n\t\t<meta property=\"article:modified_time\" content=\"2016-09-14T14:55:36+00:00\" \/>\n\t\t<meta name=\"twitter:card\" content=\"summary_large_image\" \/>\n\t\t<meta name=\"twitter:title\" content=\"Exposi\u00e7\u00e3o de Vieiras acontece entre os dias 22 e 25 - A Not\u00edcia Online\" \/>\n\t\t<meta name=\"twitter:description\" content=\"Vieiras estar\u00e1 em festa entre os dias 22 e 25 deste m\u00eas, quando acontece a \u201cExpoVieiras\u201d. A programa\u00e7\u00e3o inclui shows e Open de Parapente. A dupla Fernando &amp; Sorocaba \u00e9 uma das atra\u00e7\u00f5es e se apresenta na sexta-feira. Outro show de destaque \u00e9 o de Gabriel Gava, que sobe ao palco no s\u00e1bado.\" \/>\n\t\t<meta name=\"twitter:image\" content=\"https:\/\/scontent-gig4-1.xx.fbcdn.net\/v\/t39.30808-1\/270437624_4564083193639691_6907940295614233970_n.jpg?stp=dst-jpg_s200x200_tt6&amp;_nc_cat=111&amp;ccb=1-7&amp;_nc_sid=f907e8&amp;_nc_ohc=SM1wRlP3lJwQ7kNvwEPuBYA&amp;_nc_oc=AdnqrjDN_BNjSSHWO-GbkIWH6fkGMLw4bqvL_NH6e2wMveX7G-rP2dAqsDSq1mJMOaY&amp;_nc_zt=24&amp;_nc_ht=scontent-gig4-1.xx&amp;_nc_gid=AoBFJeGrT1hVaew_6rchkQ&amp;oh=00_AfX7QmFGhQhG2jAllVgXCiM1ZrWgvtp80-Bfppyexh1QEg&amp;oe=689E923C\" \/>\n\t\t<script type=\"application\/ld+json\" class=\"aioseo-schema\">\n\t\t\t{\"@context\":\"https:\\\/\\\/schema.org\",\"@graph\":[{\"@type\":\"BlogPosting\",\"@id\":\"https:\\\/\\\/anoticiaonline.com.br\\\/site\\\/exposicao-de-vieiras-acontece-entre-os-dias-22-e-25\\\/#blogposting\",\"name\":\"Exposi\\u00e7\\u00e3o de Vieiras acontece entre os dias 22 e 25 - A Not\\u00edcia Online\",\"headline\":\"Exposi\\u00e7\\u00e3o de Vieiras acontece entre os dias 22 e 25\",\"author\":{\"@id\":\"https:\\\/\\\/anoticiaonline.com.br\\\/site\\\/author\\\/juliana\\\/#author\"},\"publisher\":{\"@id\":\"https:\\\/\\\/anoticiaonline.com.br\\\/site\\\/#organization\"},\"image\":{\"@type\":\"ImageObject\",\"url\":\"https:\\\/\\\/anoticiaonline.com.br\\\/site\\\/wp-content\\\/uploads\\\/2016\\\/09\\\/Fernando-e-Sorocaba.jpg\",\"width\":640,\"height\":493,\"caption\":\"A dupla Fernando & Sorocaba \\u00e9 uma das atra\\u00e7\\u00f5es e se apresenta no dia 23\"},\"datePublished\":\"2016-09-15T08:00:54-03:00\",\"dateModified\":\"2016-09-14T11:55:36-03:00\",\"inLanguage\":\"pt-BR\",\"mainEntityOfPage\":{\"@id\":\"https:\\\/\\\/anoticiaonline.com.br\\\/site\\\/exposicao-de-vieiras-acontece-entre-os-dias-22-e-25\\\/#webpage\"},\"isPartOf\":{\"@id\":\"https:\\\/\\\/anoticiaonline.com.br\\\/site\\\/exposicao-de-vieiras-acontece-entre-os-dias-22-e-25\\\/#webpage\"},\"articleSection\":\"Eventos, slide\"},{\"@type\":\"BreadcrumbList\",\"@id\":\"https:\\\/\\\/anoticiaonline.com.br\\\/site\\\/exposicao-de-vieiras-acontece-entre-os-dias-22-e-25\\\/#breadcrumblist\",\"itemListElement\":[{\"@type\":\"ListItem\",\"@id\":\"https:\\\/\\\/anoticiaonline.com.br\\\/site#listItem\",\"position\":1,\"name\":\"Home\",\"item\":\"https:\\\/\\\/anoticiaonline.com.br\\\/site\",\"nextItem\":{\"@type\":\"ListItem\",\"@id\":\"https:\\\/\\\/anoticiaonline.com.br\\\/site\\\/categoria\\\/eventos\\\/#listItem\",\"name\":\"Eventos\"}},{\"@type\":\"ListItem\",\"@id\":\"https:\\\/\\\/anoticiaonline.com.br\\\/site\\\/categoria\\\/eventos\\\/#listItem\",\"position\":2,\"name\":\"Eventos\",\"item\":\"https:\\\/\\\/anoticiaonline.com.br\\\/site\\\/categoria\\\/eventos\\\/\",\"nextItem\":{\"@type\":\"ListItem\",\"@id\":\"https:\\\/\\\/anoticiaonline.com.br\\\/site\\\/exposicao-de-vieiras-acontece-entre-os-dias-22-e-25\\\/#listItem\",\"name\":\"Exposi\\u00e7\\u00e3o de Vieiras acontece entre os dias 22 e 25\"},\"previousItem\":{\"@type\":\"ListItem\",\"@id\":\"https:\\\/\\\/anoticiaonline.com.br\\\/site#listItem\",\"name\":\"Home\"}},{\"@type\":\"ListItem\",\"@id\":\"https:\\\/\\\/anoticiaonline.com.br\\\/site\\\/exposicao-de-vieiras-acontece-entre-os-dias-22-e-25\\\/#listItem\",\"position\":3,\"name\":\"Exposi\\u00e7\\u00e3o de Vieiras acontece entre os dias 22 e 25\",\"previousItem\":{\"@type\":\"ListItem\",\"@id\":\"https:\\\/\\\/anoticiaonline.com.br\\\/site\\\/categoria\\\/eventos\\\/#listItem\",\"name\":\"Eventos\"}}]},{\"@type\":\"Organization\",\"@id\":\"https:\\\/\\\/anoticiaonline.com.br\\\/site\\\/#organization\",\"name\":\"A Not\\u00edcia Online\",\"description\":\"Noticias de Muria\\u00e9 e regi\\u00e3o\",\"url\":\"https:\\\/\\\/anoticiaonline.com.br\\\/site\\\/\",\"logo\":{\"@type\":\"ImageObject\",\"url\":\"https:\\\/\\\/scontent-gig4-1.xx.fbcdn.net\\\/v\\\/t39.30808-1\\\/270437624_4564083193639691_6907940295614233970_n.jpg?stp=dst-jpg_s200x200_tt6&_nc_cat=111&ccb=1-7&_nc_sid=f907e8&_nc_ohc=SM1wRlP3lJwQ7kNvwEPuBYA&_nc_oc=AdnqrjDN_BNjSSHWO-GbkIWH6fkGMLw4bqvL_NH6e2wMveX7G-rP2dAqsDSq1mJMOaY&_nc_zt=24&_nc_ht=scontent-gig4-1.xx&_nc_gid=AoBFJeGrT1hVaew_6rchkQ&oh=00_AfX7QmFGhQhG2jAllVgXCiM1ZrWgvtp80-Bfppyexh1QEg&oe=689E923C\",\"@id\":\"https:\\\/\\\/anoticiaonline.com.br\\\/site\\\/exposicao-de-vieiras-acontece-entre-os-dias-22-e-25\\\/#organizationLogo\"},\"image\":{\"@id\":\"https:\\\/\\\/anoticiaonline.com.br\\\/site\\\/exposicao-de-vieiras-acontece-entre-os-dias-22-e-25\\\/#organizationLogo\"}},{\"@type\":\"Person\",\"@id\":\"https:\\\/\\\/anoticiaonline.com.br\\\/site\\\/author\\\/juliana\\\/#author\",\"url\":\"https:\\\/\\\/anoticiaonline.com.br\\\/site\\\/author\\\/juliana\\\/\",\"name\":\"Juliana Laviola\",\"image\":{\"@type\":\"ImageObject\",\"@id\":\"https:\\\/\\\/anoticiaonline.com.br\\\/site\\\/exposicao-de-vieiras-acontece-entre-os-dias-22-e-25\\\/#authorImage\",\"url\":\"https:\\\/\\\/secure.gravatar.com\\\/avatar\\\/b8d45f5c699b100dfaf0e543582f38f38bf94cb7ae3a5e9abf8d891a34773335?s=96&d=mm&r=g\",\"width\":96,\"height\":96,\"caption\":\"Juliana Laviola\"}},{\"@type\":\"WebPage\",\"@id\":\"https:\\\/\\\/anoticiaonline.com.br\\\/site\\\/exposicao-de-vieiras-acontece-entre-os-dias-22-e-25\\\/#webpage\",\"url\":\"https:\\\/\\\/anoticiaonline.com.br\\\/site\\\/exposicao-de-vieiras-acontece-entre-os-dias-22-e-25\\\/\",\"name\":\"Exposi\\u00e7\\u00e3o de Vieiras acontece entre os dias 22 e 25 - A Not\\u00edcia Online\",\"description\":\"Vieiras estar\\u00e1 em festa entre os dias 22 e 25 deste m\\u00eas, quando acontece a \\u201cExpoVieiras\\u201d. A programa\\u00e7\\u00e3o inclui shows e Open de Parapente. A dupla Fernando & Sorocaba \\u00e9 uma das atra\\u00e7\\u00f5es e se apresenta na sexta-feira. Outro show de destaque \\u00e9 o de Gabriel Gava, que sobe ao palco no s\\u00e1bado.\",\"inLanguage\":\"pt-BR\",\"isPartOf\":{\"@id\":\"https:\\\/\\\/anoticiaonline.com.br\\\/site\\\/#website\"},\"breadcrumb\":{\"@id\":\"https:\\\/\\\/anoticiaonline.com.br\\\/site\\\/exposicao-de-vieiras-acontece-entre-os-dias-22-e-25\\\/#breadcrumblist\"},\"author\":{\"@id\":\"https:\\\/\\\/anoticiaonline.com.br\\\/site\\\/author\\\/juliana\\\/#author\"},\"creator\":{\"@id\":\"https:\\\/\\\/anoticiaonline.com.br\\\/site\\\/author\\\/juliana\\\/#author\"},\"image\":{\"@type\":\"ImageObject\",\"url\":\"https:\\\/\\\/anoticiaonline.com.br\\\/site\\\/wp-content\\\/uploads\\\/2016\\\/09\\\/Fernando-e-Sorocaba.jpg\",\"@id\":\"https:\\\/\\\/anoticiaonline.com.br\\\/site\\\/exposicao-de-vieiras-acontece-entre-os-dias-22-e-25\\\/#mainImage\",\"width\":640,\"height\":493,\"caption\":\"A dupla Fernando & Sorocaba \\u00e9 uma das atra\\u00e7\\u00f5es e se apresenta no dia 23\"},\"primaryImageOfPage\":{\"@id\":\"https:\\\/\\\/anoticiaonline.com.br\\\/site\\\/exposicao-de-vieiras-acontece-entre-os-dias-22-e-25\\\/#mainImage\"},\"datePublished\":\"2016-09-15T08:00:54-03:00\",\"dateModified\":\"2016-09-14T11:55:36-03:00\"},{\"@type\":\"WebSite\",\"@id\":\"https:\\\/\\\/anoticiaonline.com.br\\\/site\\\/#website\",\"url\":\"https:\\\/\\\/anoticiaonline.com.br\\\/site\\\/\",\"name\":\"A Not\\u00edcia Online\",\"description\":\"Noticias de Muria\\u00e9 e regi\\u00e3o\",\"inLanguage\":\"pt-BR\",\"publisher\":{\"@id\":\"https:\\\/\\\/anoticiaonline.com.br\\\/site\\\/#organization\"}}]}\n\t\t<\/script>\n\t\t<!-- All in One SEO -->\n\n","aioseo_head_json":{"title":"Exposi\u00e7\u00e3o de Vieiras acontece entre os dias 22 e 25 - A Not\u00edcia Online","description":"Vieiras estar\u00e1 em festa entre os dias 22 e 25 deste m\u00eas, quando acontece a \u201cExpoVieiras\u201d. A programa\u00e7\u00e3o inclui shows e Open de Parapente. A dupla Fernando & Sorocaba \u00e9 uma das atra\u00e7\u00f5es e se apresenta na sexta-feira. Outro show de destaque \u00e9 o de Gabriel Gava, que sobe ao palco no s\u00e1bado.","canonical_url":"https:\/\/anoticiaonline.com.br\/site\/exposicao-de-vieiras-acontece-entre-os-dias-22-e-25\/","robots":"max-image-preview:large","keywords":"","webmasterTools":{"miscellaneous":""},"schema":{"@context":"https:\/\/schema.org","@graph":[{"@type":"BlogPosting","@id":"https:\/\/anoticiaonline.com.br\/site\/exposicao-de-vieiras-acontece-entre-os-dias-22-e-25\/#blogposting","name":"Exposi\u00e7\u00e3o de Vieiras acontece entre os dias 22 e 25 - A Not\u00edcia Online","headline":"Exposi\u00e7\u00e3o de Vieiras acontece entre os dias 22 e 25","author":{"@id":"https:\/\/anoticiaonline.com.br\/site\/author\/juliana\/#author"},"publisher":{"@id":"https:\/\/anoticiaonline.com.br\/site\/#organization"},"image":{"@type":"ImageObject","url":"https:\/\/anoticiaonline.com.br\/site\/wp-content\/uploads\/2016\/09\/Fernando-e-Sorocaba.jpg","width":640,"height":493,"caption":"A dupla Fernando & Sorocaba \u00e9 uma das atra\u00e7\u00f5es e se apresenta no dia 23"},"datePublished":"2016-09-15T08:00:54-03:00","dateModified":"2016-09-14T11:55:36-03:00","inLanguage":"pt-BR","mainEntityOfPage":{"@id":"https:\/\/anoticiaonline.com.br\/site\/exposicao-de-vieiras-acontece-entre-os-dias-22-e-25\/#webpage"},"isPartOf":{"@id":"https:\/\/anoticiaonline.com.br\/site\/exposicao-de-vieiras-acontece-entre-os-dias-22-e-25\/#webpage"},"articleSection":"Eventos, slide"},{"@type":"BreadcrumbList","@id":"https:\/\/anoticiaonline.com.br\/site\/exposicao-de-vieiras-acontece-entre-os-dias-22-e-25\/#breadcrumblist","itemListElement":[{"@type":"ListItem","@id":"https:\/\/anoticiaonline.com.br\/site#listItem","position":1,"name":"Home","item":"https:\/\/anoticiaonline.com.br\/site","nextItem":{"@type":"ListItem","@id":"https:\/\/anoticiaonline.com.br\/site\/categoria\/eventos\/#listItem","name":"Eventos"}},{"@type":"ListItem","@id":"https:\/\/anoticiaonline.com.br\/site\/categoria\/eventos\/#listItem","position":2,"name":"Eventos","item":"https:\/\/anoticiaonline.com.br\/site\/categoria\/eventos\/","nextItem":{"@type":"ListItem","@id":"https:\/\/anoticiaonline.com.br\/site\/exposicao-de-vieiras-acontece-entre-os-dias-22-e-25\/#listItem","name":"Exposi\u00e7\u00e3o de Vieiras acontece entre os dias 22 e 25"},"previousItem":{"@type":"ListItem","@id":"https:\/\/anoticiaonline.com.br\/site#listItem","name":"Home"}},{"@type":"ListItem","@id":"https:\/\/anoticiaonline.com.br\/site\/exposicao-de-vieiras-acontece-entre-os-dias-22-e-25\/#listItem","position":3,"name":"Exposi\u00e7\u00e3o de Vieiras acontece entre os dias 22 e 25","previousItem":{"@type":"ListItem","@id":"https:\/\/anoticiaonline.com.br\/site\/categoria\/eventos\/#listItem","name":"Eventos"}}]},{"@type":"Organization","@id":"https:\/\/anoticiaonline.com.br\/site\/#organization","name":"A Not\u00edcia Online","description":"Noticias de Muria\u00e9 e regi\u00e3o","url":"https:\/\/anoticiaonline.com.br\/site\/","logo":{"@type":"ImageObject","url":"https:\/\/scontent-gig4-1.xx.fbcdn.net\/v\/t39.30808-1\/270437624_4564083193639691_6907940295614233970_n.jpg?stp=dst-jpg_s200x200_tt6&_nc_cat=111&ccb=1-7&_nc_sid=f907e8&_nc_ohc=SM1wRlP3lJwQ7kNvwEPuBYA&_nc_oc=AdnqrjDN_BNjSSHWO-GbkIWH6fkGMLw4bqvL_NH6e2wMveX7G-rP2dAqsDSq1mJMOaY&_nc_zt=24&_nc_ht=scontent-gig4-1.xx&_nc_gid=AoBFJeGrT1hVaew_6rchkQ&oh=00_AfX7QmFGhQhG2jAllVgXCiM1ZrWgvtp80-Bfppyexh1QEg&oe=689E923C","@id":"https:\/\/anoticiaonline.com.br\/site\/exposicao-de-vieiras-acontece-entre-os-dias-22-e-25\/#organizationLogo"},"image":{"@id":"https:\/\/anoticiaonline.com.br\/site\/exposicao-de-vieiras-acontece-entre-os-dias-22-e-25\/#organizationLogo"}},{"@type":"Person","@id":"https:\/\/anoticiaonline.com.br\/site\/author\/juliana\/#author","url":"https:\/\/anoticiaonline.com.br\/site\/author\/juliana\/","name":"Juliana Laviola","image":{"@type":"ImageObject","@id":"https:\/\/anoticiaonline.com.br\/site\/exposicao-de-vieiras-acontece-entre-os-dias-22-e-25\/#authorImage","url":"https:\/\/secure.gravatar.com\/avatar\/b8d45f5c699b100dfaf0e543582f38f38bf94cb7ae3a5e9abf8d891a34773335?s=96&d=mm&r=g","width":96,"height":96,"caption":"Juliana Laviola"}},{"@type":"WebPage","@id":"https:\/\/anoticiaonline.com.br\/site\/exposicao-de-vieiras-acontece-entre-os-dias-22-e-25\/#webpage","url":"https:\/\/anoticiaonline.com.br\/site\/exposicao-de-vieiras-acontece-entre-os-dias-22-e-25\/","name":"Exposi\u00e7\u00e3o de Vieiras acontece entre os dias 22 e 25 - A Not\u00edcia Online","description":"Vieiras estar\u00e1 em festa entre os dias 22 e 25 deste m\u00eas, quando acontece a \u201cExpoVieiras\u201d. A programa\u00e7\u00e3o inclui shows e Open de Parapente. A dupla Fernando & Sorocaba \u00e9 uma das atra\u00e7\u00f5es e se apresenta na sexta-feira. Outro show de destaque \u00e9 o de Gabriel Gava, que sobe ao palco no s\u00e1bado.","inLanguage":"pt-BR","isPartOf":{"@id":"https:\/\/anoticiaonline.com.br\/site\/#website"},"breadcrumb":{"@id":"https:\/\/anoticiaonline.com.br\/site\/exposicao-de-vieiras-acontece-entre-os-dias-22-e-25\/#breadcrumblist"},"author":{"@id":"https:\/\/anoticiaonline.com.br\/site\/author\/juliana\/#author"},"creator":{"@id":"https:\/\/anoticiaonline.com.br\/site\/author\/juliana\/#author"},"image":{"@type":"ImageObject","url":"https:\/\/anoticiaonline.com.br\/site\/wp-content\/uploads\/2016\/09\/Fernando-e-Sorocaba.jpg","@id":"https:\/\/anoticiaonline.com.br\/site\/exposicao-de-vieiras-acontece-entre-os-dias-22-e-25\/#mainImage","width":640,"height":493,"caption":"A dupla Fernando & Sorocaba \u00e9 uma das atra\u00e7\u00f5es e se apresenta no dia 23"},"primaryImageOfPage":{"@id":"https:\/\/anoticiaonline.com.br\/site\/exposicao-de-vieiras-acontece-entre-os-dias-22-e-25\/#mainImage"},"datePublished":"2016-09-15T08:00:54-03:00","dateModified":"2016-09-14T11:55:36-03:00"},{"@type":"WebSite","@id":"https:\/\/anoticiaonline.com.br\/site\/#website","url":"https:\/\/anoticiaonline.com.br\/site\/","name":"A Not\u00edcia Online","description":"Noticias de Muria\u00e9 e regi\u00e3o","inLanguage":"pt-BR","publisher":{"@id":"https:\/\/anoticiaonline.com.br\/site\/#organization"}}]},"og:locale":"pt_BR","og:site_name":"A Not\u00edcia Online - Noticias de Muria\u00e9 e regi\u00e3o","og:type":"article","og:title":"Exposi\u00e7\u00e3o de Vieiras acontece entre os dias 22 e 25 - A Not\u00edcia Online","og:description":"Vieiras estar\u00e1 em festa entre os dias 22 e 25 deste m\u00eas, quando acontece a \u201cExpoVieiras\u201d. A programa\u00e7\u00e3o inclui shows e Open de Parapente. A dupla Fernando &amp; Sorocaba \u00e9 uma das atra\u00e7\u00f5es e se apresenta na sexta-feira. Outro show de destaque \u00e9 o de Gabriel Gava, que sobe ao palco no s\u00e1bado.","og:url":"https:\/\/anoticiaonline.com.br\/site\/exposicao-de-vieiras-acontece-entre-os-dias-22-e-25\/","og:image":"https:\/\/scontent-gig4-1.xx.fbcdn.net\/v\/t39.30808-1\/270437624_4564083193639691_6907940295614233970_n.jpg?stp=dst-jpg_s200x200_tt6&#038;_nc_cat=111&#038;ccb=1-7&#038;_nc_sid=f907e8&#038;_nc_ohc=SM1wRlP3lJwQ7kNvwEPuBYA&#038;_nc_oc=AdnqrjDN_BNjSSHWO-GbkIWH6fkGMLw4bqvL_NH6e2wMveX7G-rP2dAqsDSq1mJMOaY&#038;_nc_zt=24&#038;_nc_ht=scontent-gig4-1.xx&#038;_nc_gid=AoBFJeGrT1hVaew_6rchkQ&#038;oh=00_AfX7QmFGhQhG2jAllVgXCiM1ZrWgvtp80-Bfppyexh1QEg&#038;oe=689E923C","og:image:secure_url":"https:\/\/scontent-gig4-1.xx.fbcdn.net\/v\/t39.30808-1\/270437624_4564083193639691_6907940295614233970_n.jpg?stp=dst-jpg_s200x200_tt6&#038;_nc_cat=111&#038;ccb=1-7&#038;_nc_sid=f907e8&#038;_nc_ohc=SM1wRlP3lJwQ7kNvwEPuBYA&#038;_nc_oc=AdnqrjDN_BNjSSHWO-GbkIWH6fkGMLw4bqvL_NH6e2wMveX7G-rP2dAqsDSq1mJMOaY&#038;_nc_zt=24&#038;_nc_ht=scontent-gig4-1.xx&#038;_nc_gid=AoBFJeGrT1hVaew_6rchkQ&#038;oh=00_AfX7QmFGhQhG2jAllVgXCiM1ZrWgvtp80-Bfppyexh1QEg&#038;oe=689E923C","article:published_time":"2016-09-15T11:00:54+00:00","article:modified_time":"2016-09-14T14:55:36+00:00","twitter:card":"summary_large_image","twitter:title":"Exposi\u00e7\u00e3o de Vieiras acontece entre os dias 22 e 25 - A Not\u00edcia Online","twitter:description":"Vieiras estar\u00e1 em festa entre os dias 22 e 25 deste m\u00eas, quando acontece a \u201cExpoVieiras\u201d. A programa\u00e7\u00e3o inclui shows e Open de Parapente. A dupla Fernando &amp; Sorocaba \u00e9 uma das atra\u00e7\u00f5es e se apresenta na sexta-feira. Outro show de destaque \u00e9 o de Gabriel Gava, que sobe ao palco no s\u00e1bado.","twitter:image":"https:\/\/scontent-gig4-1.xx.fbcdn.net\/v\/t39.30808-1\/270437624_4564083193639691_6907940295614233970_n.jpg?stp=dst-jpg_s200x200_tt6&_nc_cat=111&ccb=1-7&_nc_sid=f907e8&_nc_ohc=SM1wRlP3lJwQ7kNvwEPuBYA&_nc_oc=AdnqrjDN_BNjSSHWO-GbkIWH6fkGMLw4bqvL_NH6e2wMveX7G-rP2dAqsDSq1mJMOaY&_nc_zt=24&_nc_ht=scontent-gig4-1.xx&_nc_gid=AoBFJeGrT1hVaew_6rchkQ&oh=00_AfX7QmFGhQhG2jAllVgXCiM1ZrWgvtp80-Bfppyexh1QEg&oe=689E923C"},"aioseo_meta_data":{"post_id":"18663","title":null,"description":null,"keywords":null,"keyphrases":null,"primary_term":null,"canonical_url":null,"og_title":null,"og_description":null,"og_object_type":"default","og_image_type":"default","og_image_url":null,"og_image_width":null,"og_image_height":null,"og_image_custom_url":null,"og_image_custom_fields":null,"og_video":null,"og_custom_url":null,"og_article_section":null,"og_article_tags":null,"twitter_use_og":false,"twitter_card":"default","twitter_image_type":"default","twitter_image_url":null,"twitter_image_custom_url":null,"twitter_image_custom_fields":null,"twitter_title":null,"twitter_description":null,"schema":{"blockGraphs":[],"customGraphs":[],"default":{"data":{"Article":[],"Course":[],"Dataset":[],"FAQPage":[],"Movie":[],"Person":[],"Product":[],"ProductReview":[],"Car":[],"Recipe":[],"Service":[],"SoftwareApplication":[],"WebPage":[]},"graphName":"","isEnabled":true},"graphs":[]},"schema_type":"default","schema_type_options":null,"pillar_content":false,"robots_default":true,"robots_noindex":false,"robots_noarchive":false,"robots_nosnippet":false,"robots_nofollow":false,"robots_noimageindex":false,"robots_noodp":false,"robots_notranslate":false,"robots_max_snippet":null,"robots_max_videopreview":null,"robots_max_imagepreview":"large","priority":null,"frequency":null,"local_seo":null,"breadcrumb_settings":null,"limit_modified_date":false,"ai":null,"created":"2025-08-16 16:46:39","updated":"2025-08-16 16:46:39","focus_keyword":null,"additional_keywords":null,"truseo_locale":null,"seo_analyzer_scan_date":null},"aioseo_breadcrumb":"<div class=\"aioseo-breadcrumbs\"><span class=\"aioseo-breadcrumb\">\n\t\t\t<a href=\"https:\/\/anoticiaonline.com.br\/site\" title=\"Home\">Home<\/a>\n\t\t<\/span><span class=\"aioseo-breadcrumb-separator\">&raquo;<\/span><span class=\"aioseo-breadcrumb\">\n\t\t\t<a href=\"https:\/\/anoticiaonline.com.br\/site\/categoria\/eventos\/\" title=\"Eventos\">Eventos<\/a>\n\t\t<\/span><span class=\"aioseo-breadcrumb-separator\">&raquo;<\/span><span class=\"aioseo-breadcrumb\">\n\t\t\tExposi\u00e7\u00e3o de Vieiras acontece entre os dias 22 e 25\n\t\t<\/span><\/div>","aioseo_breadcrumb_json":[{"label":"Home","link":"https:\/\/anoticiaonline.com.br\/site"},{"label":"Eventos","link":"https:\/\/anoticiaonline.com.br\/site\/categoria\/eventos\/"},{"label":"Exposi\u00e7\u00e3o de Vieiras acontece entre os dias 22 e 25","link":"https:\/\/anoticiaonline.com.br\/site\/exposicao-de-vieiras-acontece-entre-os-dias-22-e-25\/"}],"views":195,"_links":{"self":[{"href":"https:\/\/anoticiaonline.com.br\/site\/wp-json\/wp\/v2\/posts\/18663","targetHints":{"allow":["GET"]}}],"collection":[{"href":"https:\/\/anoticiaonline.com.br\/site\/wp-json\/wp\/v2\/posts"}],"about":[{"href":"https:\/\/anoticiaonline.com.br\/site\/wp-json\/wp\/v2\/types\/post"}],"author":[{"embeddable":true,"href":"https:\/\/anoticiaonline.com.br\/site\/wp-json\/wp\/v2\/users\/2"}],"replies":[{"embeddable":true,"href":"https:\/\/anoticiaonline.com.br\/site\/wp-json\/wp\/v2\/comments?post=18663"}],"version-history":[{"count":0,"href":"https:\/\/anoticiaonline.com.br\/site\/wp-json\/wp\/v2\/posts\/18663\/revisions"}],"wp:featuredmedia":[{"embeddable":true,"href":"https:\/\/anoticiaonline.com.br\/site\/wp-json\/wp\/v2\/media\/18342"}],"wp:attachment":[{"href":"https:\/\/anoticiaonline.com.br\/site\/wp-json\/wp\/v2\/media?parent=18663"}],"wp:term":[{"taxonomy":"category","embeddable":true,"href":"https:\/\/anoticiaonline.com.br\/site\/wp-json\/wp\/v2\/categories?post=18663"},{"taxonomy":"post_tag","embeddable":true,"href":"https:\/\/anoticiaonline.com.br\/site\/wp-json\/wp\/v2\/tags?post=18663"}],"curies":[{"name":"wp","href":"https:\/\/api.w.org\/{rel}","templated":true}]}}