{"id":18644,"date":"2016-09-12T09:05:21","date_gmt":"2016-09-12T12:05:21","guid":{"rendered":"http:\/\/anoticiaonline.com.br\/site\/?p=18644"},"modified":"2016-09-12T09:05:21","modified_gmt":"2016-09-12T12:05:21","slug":"a-pedra-angular","status":"publish","type":"post","link":"https:\/\/anoticiaonline.com.br\/site\/a-pedra-angular\/","title":{"rendered":"A pedra angular"},"content":{"rendered":"<p><strong>O Reino do C\u00e9u ser\u00e1 dado a uma na\u00e7\u00e3o que d\u00ea os seus frutos<\/strong><\/p>\n<p><em>&#8220;N\u00e3o lestes\u00a0 jamais\u00a0 isto nas Escrituras:\u00a0 a pedra que os edificadores rejeitaram se\u00a0 tornou\u00a0 a\u00a0 principal pedra do \u00e2ngulo?&#8221; &#8211; Jesus.\u00a0 (Mt., 21:42)<\/em><\/p>\n<p>Se Jesus chegasse \u00e0 Terra nos dias de hoje, encontraria pela frente os mesmos\u00a0 &#8220;edificadores&#8221;\u00a0 a rejeitar a Pedra Angular.<\/p>\n<p>O Espiritismo, que \u00e9 o &#8220;Consolador&#8221; prometido por\u00a0 Ele, deveria congregar em suas hostes, desde a\u00a0 sua\u00a0 g\u00eanese, toda\u00a0 a\u00a0 cristandade. Entanto, n\u00e3o \u00e9 assim que aconteceu. In\u00fameras s\u00e3o as criaturas que O anatematizam, incluindo-se, a\u00ed, os &#8220;edificadores&#8221; de\u00a0 v\u00e1rias\u00a0 denomina\u00e7\u00f5es\u00a0 religiosas\u00a0 que constituem as subdivis\u00f5es das correntes do Cristianismo.<\/p>\n<p>Assim como acusaram a Jesus de ter parte com o dem\u00f4nio (Mt., 12:24), hoje &#8211; os mesmos fariseus reencarnados\u00a0 &#8211; acusam ser do dem\u00f4nio a Doutrina Esp\u00edrita.<\/p>\n<p>Em Sua did\u00e1tica singular, Jesus ministrava os ensinamentos de forma diferenciada: para o vulgo, falava por par\u00e1bolas,\u00a0 principalmente\u00a0 quando\u00a0 se\u00a0 tratava\u00a0 das quest\u00f5es\u00a0 mais\u00a0 abstratas\u00a0 de\u00a0 Sua\u00a0 Doutrina; por\u00e9m,\u00a0 para\u00a0\u00a0 os disc\u00edpulos,\u00a0 Ele\u00a0 desenvolvia o Seu pensamento. Por\u00a0 serem\u00a0 eles mais\u00a0 adiantados, moral e intelectualmente, o Mestre dos\u00a0 mestres p\u00f4de\u00a0 inici\u00e1-los\u00a0 no\u00a0 conhecimento de Verdades\u00a0 mais\u00a0 abstratas, transcendentais, que escapavam da craveira\u00a0 horizontal\u00a0\u00a0 do entendimento obtuso do povil\u00e9u. Da\u00ed o haver dito :\u00a0 &#8220;porque \u00e0quele que\u00a0 tem, se dar\u00e1, e ter\u00e1 em abund\u00e2ncia; mas aquele que n\u00e3o\u00a0 tem, at\u00e9\u00a0 aquilo\u00a0 que\u00a0 tem lhe ser\u00e1 tirado.\u00a0 Por isso\u00a0 lhes\u00a0 falo\u00a0 por par\u00e1bolas;\u00a0 porque eles, vendo, n\u00e3o veem; e, ouvindo,\u00a0 n\u00e3o\u00a0 ouvem nem compreendem\u201d.<\/p>\n<p>A did\u00e1tica de Jesus continua a mesma; e sem d\u00favida, os esp\u00edritas temos mais, e mais ainda nos ser\u00e1 acrescentado, visto que n\u00e3o rejeitamos a Pedra Angular.<\/p>\n<p>Quantos c\u00e9ticos duvidam da exist\u00eancia de Deus, dos Esp\u00edritos, da Imortalidade da Alma, da Pluralidade das Exist\u00eancias, da Pluralidade dos Mundos Habitados, da Comunicabilidade dos Esp\u00edritos!&#8230; Todas essas quest\u00f5es, para n\u00f3s, Esp\u00edritas, s\u00e3o pontos pac\u00edficos; mas,\u00a0 que sorte estar\u00e1 reservada para os anatematizadores que n\u00e3o se dobram a\u00a0 essas realidades?! Para esses, restam as palavras de Jesus:\u00a0 &#8220;portanto eu vos digo que o Reino de Deus vos ser\u00e1 tirado, e ser\u00e1 dado a uma na\u00e7\u00e3o que d\u00ea os seus frutos\u201d.<\/p>\n","protected":false},"excerpt":{"rendered":"<p>O Reino do C\u00e9u ser\u00e1 dado a uma na\u00e7\u00e3o que d\u00ea os seus frutos &#8220;N\u00e3o lestes\u00a0 jamais\u00a0 isto nas Escrituras:\u00a0 a pedra que os edificadores rejeitaram se\u00a0 tornou\u00a0 a\u00a0 principal pedra do \u00e2ngulo?&#8221; &#8211; Jesus.\u00a0 (Mt., 21:42) Se Jesus chegasse \u00e0 Terra nos dias de hoje, encontraria pela frente os mesmos\u00a0 &#8220;edificadores&#8221;\u00a0 a rejeitar a &#8230; <a title=\"A pedra angular\" class=\"read-more\" href=\"https:\/\/anoticiaonline.com.br\/site\/a-pedra-angular\/\" aria-label=\"Read more about A pedra angular\">Ler mais<\/a><\/p>\n","protected":false},"author":2,"featured_media":0,"comment_status":"open","ping_status":"open","sticky":false,"template":"","format":"standard","meta":{"_acf_changed":false,"_monsterinsights_skip_tracking":false,"footnotes":""},"categories":[44],"tags":[],"class_list":["post-18644","post","type-post","status-publish","format-standard","hentry","category-espiritismo-em-foco-de-rogerio-coelho"],"acf":[],"aioseo_notices":[],"aioseo_head":"\n\t\t<!-- All in One SEO 5.0.0.1 - aioseo.com -->\n\t<meta name=\"description\" content=\"O Reino do C\u00e9u ser\u00e1 dado a uma na\u00e7\u00e3o que d\u00ea os seus frutos &quot;N\u00e3o lestes jamais isto nas Escrituras: a pedra que os edificadores rejeitaram se tornou a principal pedra do \u00e2ngulo?&quot; - Jesus. (Mt., 21:42) Se Jesus chegasse \u00e0 Terra nos dias de hoje, encontraria pela frente os mesmos &quot;edificadores&quot; a rejeitar a\" \/>\n\t<meta name=\"robots\" content=\"max-image-preview:large\" \/>\n\t<meta name=\"author\" content=\"Juliana Laviola\"\/>\n\t<link rel=\"canonical\" href=\"https:\/\/anoticiaonline.com.br\/site\/a-pedra-angular\/\" \/>\n\t<meta name=\"generator\" content=\"All in One SEO (AIOSEO) 5.0.0.1\" \/>\n\t\t<meta property=\"og:locale\" content=\"pt_BR\" \/>\n\t\t<meta property=\"og:site_name\" content=\"A Not\u00edcia Online - Noticias de Muria\u00e9 e regi\u00e3o\" \/>\n\t\t<meta property=\"og:type\" content=\"article\" \/>\n\t\t<meta property=\"og:title\" content=\"A pedra angular - A Not\u00edcia Online\" \/>\n\t\t<meta property=\"og:description\" content=\"O Reino do C\u00e9u ser\u00e1 dado a uma na\u00e7\u00e3o que d\u00ea os seus frutos &quot;N\u00e3o lestes jamais isto nas Escrituras: a pedra que os edificadores rejeitaram se tornou a principal pedra do \u00e2ngulo?&quot; - Jesus. (Mt., 21:42) Se Jesus chegasse \u00e0 Terra nos dias de hoje, encontraria pela frente os mesmos &quot;edificadores&quot; a rejeitar a\" \/>\n\t\t<meta property=\"og:url\" content=\"https:\/\/anoticiaonline.com.br\/site\/a-pedra-angular\/\" \/>\n\t\t<meta property=\"og:image\" content=\"https:\/\/scontent-gig4-1.xx.fbcdn.net\/v\/t39.30808-1\/270437624_4564083193639691_6907940295614233970_n.jpg?stp=dst-jpg_s200x200_tt6&#038;_nc_cat=111&#038;ccb=1-7&#038;_nc_sid=f907e8&#038;_nc_ohc=SM1wRlP3lJwQ7kNvwEPuBYA&#038;_nc_oc=AdnqrjDN_BNjSSHWO-GbkIWH6fkGMLw4bqvL_NH6e2wMveX7G-rP2dAqsDSq1mJMOaY&#038;_nc_zt=24&#038;_nc_ht=scontent-gig4-1.xx&#038;_nc_gid=AoBFJeGrT1hVaew_6rchkQ&#038;oh=00_AfX7QmFGhQhG2jAllVgXCiM1ZrWgvtp80-Bfppyexh1QEg&#038;oe=689E923C\" \/>\n\t\t<meta property=\"og:image:secure_url\" content=\"https:\/\/scontent-gig4-1.xx.fbcdn.net\/v\/t39.30808-1\/270437624_4564083193639691_6907940295614233970_n.jpg?stp=dst-jpg_s200x200_tt6&#038;_nc_cat=111&#038;ccb=1-7&#038;_nc_sid=f907e8&#038;_nc_ohc=SM1wRlP3lJwQ7kNvwEPuBYA&#038;_nc_oc=AdnqrjDN_BNjSSHWO-GbkIWH6fkGMLw4bqvL_NH6e2wMveX7G-rP2dAqsDSq1mJMOaY&#038;_nc_zt=24&#038;_nc_ht=scontent-gig4-1.xx&#038;_nc_gid=AoBFJeGrT1hVaew_6rchkQ&#038;oh=00_AfX7QmFGhQhG2jAllVgXCiM1ZrWgvtp80-Bfppyexh1QEg&#038;oe=689E923C\" \/>\n\t\t<meta property=\"article:published_time\" content=\"2016-09-12T12:05:21+00:00\" \/>\n\t\t<meta property=\"article:modified_time\" content=\"2016-09-12T12:05:21+00:00\" \/>\n\t\t<meta name=\"twitter:card\" content=\"summary_large_image\" \/>\n\t\t<meta name=\"twitter:title\" content=\"A pedra angular - A Not\u00edcia Online\" \/>\n\t\t<meta name=\"twitter:description\" content=\"O Reino do C\u00e9u ser\u00e1 dado a uma na\u00e7\u00e3o que d\u00ea os seus frutos &quot;N\u00e3o lestes jamais isto nas Escrituras: a pedra que os edificadores rejeitaram se tornou a principal pedra do \u00e2ngulo?&quot; - Jesus. (Mt., 21:42) Se Jesus chegasse \u00e0 Terra nos dias de hoje, encontraria pela frente os mesmos &quot;edificadores&quot; a rejeitar a\" \/>\n\t\t<meta name=\"twitter:image\" content=\"https:\/\/scontent-gig4-1.xx.fbcdn.net\/v\/t39.30808-1\/270437624_4564083193639691_6907940295614233970_n.jpg?stp=dst-jpg_s200x200_tt6&amp;_nc_cat=111&amp;ccb=1-7&amp;_nc_sid=f907e8&amp;_nc_ohc=SM1wRlP3lJwQ7kNvwEPuBYA&amp;_nc_oc=AdnqrjDN_BNjSSHWO-GbkIWH6fkGMLw4bqvL_NH6e2wMveX7G-rP2dAqsDSq1mJMOaY&amp;_nc_zt=24&amp;_nc_ht=scontent-gig4-1.xx&amp;_nc_gid=AoBFJeGrT1hVaew_6rchkQ&amp;oh=00_AfX7QmFGhQhG2jAllVgXCiM1ZrWgvtp80-Bfppyexh1QEg&amp;oe=689E923C\" \/>\n\t\t<script type=\"application\/ld+json\" class=\"aioseo-schema\">\n\t\t\t{\"@context\":\"https:\\\/\\\/schema.org\",\"@graph\":[{\"@type\":\"BlogPosting\",\"@id\":\"https:\\\/\\\/anoticiaonline.com.br\\\/site\\\/a-pedra-angular\\\/#blogposting\",\"name\":\"A pedra angular - A Not\\u00edcia Online\",\"headline\":\"A pedra angular\",\"author\":{\"@id\":\"https:\\\/\\\/anoticiaonline.com.br\\\/site\\\/author\\\/juliana\\\/#author\"},\"publisher\":{\"@id\":\"https:\\\/\\\/anoticiaonline.com.br\\\/site\\\/#organization\"},\"image\":{\"@type\":\"ImageObject\",\"url\":\"https:\\\/\\\/scontent-gig4-1.xx.fbcdn.net\\\/v\\\/t39.30808-1\\\/270437624_4564083193639691_6907940295614233970_n.jpg?stp=dst-jpg_s200x200_tt6&_nc_cat=111&ccb=1-7&_nc_sid=f907e8&_nc_ohc=SM1wRlP3lJwQ7kNvwEPuBYA&_nc_oc=AdnqrjDN_BNjSSHWO-GbkIWH6fkGMLw4bqvL_NH6e2wMveX7G-rP2dAqsDSq1mJMOaY&_nc_zt=24&_nc_ht=scontent-gig4-1.xx&_nc_gid=AoBFJeGrT1hVaew_6rchkQ&oh=00_AfX7QmFGhQhG2jAllVgXCiM1ZrWgvtp80-Bfppyexh1QEg&oe=689E923C\",\"@id\":\"https:\\\/\\\/anoticiaonline.com.br\\\/site\\\/#articleImage\"},\"datePublished\":\"2016-09-12T09:05:21-03:00\",\"dateModified\":\"2016-09-12T09:05:21-03:00\",\"inLanguage\":\"pt-BR\",\"mainEntityOfPage\":{\"@id\":\"https:\\\/\\\/anoticiaonline.com.br\\\/site\\\/a-pedra-angular\\\/#webpage\"},\"isPartOf\":{\"@id\":\"https:\\\/\\\/anoticiaonline.com.br\\\/site\\\/a-pedra-angular\\\/#webpage\"},\"articleSection\":\"Espiritismo em Foco, por Rog\\u00e9rio Coelho\"},{\"@type\":\"BreadcrumbList\",\"@id\":\"https:\\\/\\\/anoticiaonline.com.br\\\/site\\\/a-pedra-angular\\\/#breadcrumblist\",\"itemListElement\":[{\"@type\":\"ListItem\",\"@id\":\"https:\\\/\\\/anoticiaonline.com.br\\\/site#listItem\",\"position\":1,\"name\":\"Home\",\"item\":\"https:\\\/\\\/anoticiaonline.com.br\\\/site\",\"nextItem\":{\"@type\":\"ListItem\",\"@id\":\"https:\\\/\\\/anoticiaonline.com.br\\\/site\\\/categoria\\\/colunistas\\\/#listItem\",\"name\":\"Colunistas\"}},{\"@type\":\"ListItem\",\"@id\":\"https:\\\/\\\/anoticiaonline.com.br\\\/site\\\/categoria\\\/colunistas\\\/#listItem\",\"position\":2,\"name\":\"Colunistas\",\"item\":\"https:\\\/\\\/anoticiaonline.com.br\\\/site\\\/categoria\\\/colunistas\\\/\",\"nextItem\":{\"@type\":\"ListItem\",\"@id\":\"https:\\\/\\\/anoticiaonline.com.br\\\/site\\\/categoria\\\/colunistas\\\/espiritismo-em-foco-de-rogerio-coelho\\\/#listItem\",\"name\":\"Espiritismo em Foco, por Rog\\u00e9rio Coelho\"},\"previousItem\":{\"@type\":\"ListItem\",\"@id\":\"https:\\\/\\\/anoticiaonline.com.br\\\/site#listItem\",\"name\":\"Home\"}},{\"@type\":\"ListItem\",\"@id\":\"https:\\\/\\\/anoticiaonline.com.br\\\/site\\\/categoria\\\/colunistas\\\/espiritismo-em-foco-de-rogerio-coelho\\\/#listItem\",\"position\":3,\"name\":\"Espiritismo em Foco, por Rog\\u00e9rio Coelho\",\"item\":\"https:\\\/\\\/anoticiaonline.com.br\\\/site\\\/categoria\\\/colunistas\\\/espiritismo-em-foco-de-rogerio-coelho\\\/\",\"nextItem\":{\"@type\":\"ListItem\",\"@id\":\"https:\\\/\\\/anoticiaonline.com.br\\\/site\\\/a-pedra-angular\\\/#listItem\",\"name\":\"A pedra angular\"},\"previousItem\":{\"@type\":\"ListItem\",\"@id\":\"https:\\\/\\\/anoticiaonline.com.br\\\/site\\\/categoria\\\/colunistas\\\/#listItem\",\"name\":\"Colunistas\"}},{\"@type\":\"ListItem\",\"@id\":\"https:\\\/\\\/anoticiaonline.com.br\\\/site\\\/a-pedra-angular\\\/#listItem\",\"position\":4,\"name\":\"A pedra angular\",\"previousItem\":{\"@type\":\"ListItem\",\"@id\":\"https:\\\/\\\/anoticiaonline.com.br\\\/site\\\/categoria\\\/colunistas\\\/espiritismo-em-foco-de-rogerio-coelho\\\/#listItem\",\"name\":\"Espiritismo em Foco, por Rog\\u00e9rio Coelho\"}}]},{\"@type\":\"Organization\",\"@id\":\"https:\\\/\\\/anoticiaonline.com.br\\\/site\\\/#organization\",\"name\":\"A Not\\u00edcia Online\",\"description\":\"Noticias de Muria\\u00e9 e regi\\u00e3o\",\"url\":\"https:\\\/\\\/anoticiaonline.com.br\\\/site\\\/\",\"logo\":{\"@type\":\"ImageObject\",\"url\":\"https:\\\/\\\/scontent-gig4-1.xx.fbcdn.net\\\/v\\\/t39.30808-1\\\/270437624_4564083193639691_6907940295614233970_n.jpg?stp=dst-jpg_s200x200_tt6&_nc_cat=111&ccb=1-7&_nc_sid=f907e8&_nc_ohc=SM1wRlP3lJwQ7kNvwEPuBYA&_nc_oc=AdnqrjDN_BNjSSHWO-GbkIWH6fkGMLw4bqvL_NH6e2wMveX7G-rP2dAqsDSq1mJMOaY&_nc_zt=24&_nc_ht=scontent-gig4-1.xx&_nc_gid=AoBFJeGrT1hVaew_6rchkQ&oh=00_AfX7QmFGhQhG2jAllVgXCiM1ZrWgvtp80-Bfppyexh1QEg&oe=689E923C\",\"@id\":\"https:\\\/\\\/anoticiaonline.com.br\\\/site\\\/a-pedra-angular\\\/#organizationLogo\"},\"image\":{\"@id\":\"https:\\\/\\\/anoticiaonline.com.br\\\/site\\\/a-pedra-angular\\\/#organizationLogo\"}},{\"@type\":\"Person\",\"@id\":\"https:\\\/\\\/anoticiaonline.com.br\\\/site\\\/author\\\/juliana\\\/#author\",\"url\":\"https:\\\/\\\/anoticiaonline.com.br\\\/site\\\/author\\\/juliana\\\/\",\"name\":\"Juliana Laviola\",\"image\":{\"@type\":\"ImageObject\",\"@id\":\"https:\\\/\\\/anoticiaonline.com.br\\\/site\\\/a-pedra-angular\\\/#authorImage\",\"url\":\"https:\\\/\\\/secure.gravatar.com\\\/avatar\\\/b8d45f5c699b100dfaf0e543582f38f38bf94cb7ae3a5e9abf8d891a34773335?s=96&d=mm&r=g\",\"width\":96,\"height\":96,\"caption\":\"Juliana Laviola\"}},{\"@type\":\"WebPage\",\"@id\":\"https:\\\/\\\/anoticiaonline.com.br\\\/site\\\/a-pedra-angular\\\/#webpage\",\"url\":\"https:\\\/\\\/anoticiaonline.com.br\\\/site\\\/a-pedra-angular\\\/\",\"name\":\"A pedra angular - A Not\\u00edcia Online\",\"description\":\"O Reino do C\\u00e9u ser\\u00e1 dado a uma na\\u00e7\\u00e3o que d\\u00ea os seus frutos \\\"N\\u00e3o lestes jamais isto nas Escrituras: a pedra que os edificadores rejeitaram se tornou a principal pedra do \\u00e2ngulo?\\\" - Jesus. (Mt., 21:42) Se Jesus chegasse \\u00e0 Terra nos dias de hoje, encontraria pela frente os mesmos \\\"edificadores\\\" a rejeitar a\",\"inLanguage\":\"pt-BR\",\"isPartOf\":{\"@id\":\"https:\\\/\\\/anoticiaonline.com.br\\\/site\\\/#website\"},\"breadcrumb\":{\"@id\":\"https:\\\/\\\/anoticiaonline.com.br\\\/site\\\/a-pedra-angular\\\/#breadcrumblist\"},\"author\":{\"@id\":\"https:\\\/\\\/anoticiaonline.com.br\\\/site\\\/author\\\/juliana\\\/#author\"},\"creator\":{\"@id\":\"https:\\\/\\\/anoticiaonline.com.br\\\/site\\\/author\\\/juliana\\\/#author\"},\"datePublished\":\"2016-09-12T09:05:21-03:00\",\"dateModified\":\"2016-09-12T09:05:21-03:00\"},{\"@type\":\"WebSite\",\"@id\":\"https:\\\/\\\/anoticiaonline.com.br\\\/site\\\/#website\",\"url\":\"https:\\\/\\\/anoticiaonline.com.br\\\/site\\\/\",\"name\":\"A Not\\u00edcia Online\",\"description\":\"Noticias de Muria\\u00e9 e regi\\u00e3o\",\"inLanguage\":\"pt-BR\",\"publisher\":{\"@id\":\"https:\\\/\\\/anoticiaonline.com.br\\\/site\\\/#organization\"}}]}\n\t\t<\/script>\n\t\t<!-- All in One SEO -->\n\n","aioseo_head_json":{"title":"A pedra angular - A Not\u00edcia Online","description":"O Reino do C\u00e9u ser\u00e1 dado a uma na\u00e7\u00e3o que d\u00ea os seus frutos \"N\u00e3o lestes jamais isto nas Escrituras: a pedra que os edificadores rejeitaram se tornou a principal pedra do \u00e2ngulo?\" - Jesus. (Mt., 21:42) Se Jesus chegasse \u00e0 Terra nos dias de hoje, encontraria pela frente os mesmos \"edificadores\" a rejeitar a","canonical_url":"https:\/\/anoticiaonline.com.br\/site\/a-pedra-angular\/","robots":"max-image-preview:large","keywords":"","webmasterTools":{"miscellaneous":""},"schema":{"@context":"https:\/\/schema.org","@graph":[{"@type":"BlogPosting","@id":"https:\/\/anoticiaonline.com.br\/site\/a-pedra-angular\/#blogposting","name":"A pedra angular - A Not\u00edcia Online","headline":"A pedra angular","author":{"@id":"https:\/\/anoticiaonline.com.br\/site\/author\/juliana\/#author"},"publisher":{"@id":"https:\/\/anoticiaonline.com.br\/site\/#organization"},"image":{"@type":"ImageObject","url":"https:\/\/scontent-gig4-1.xx.fbcdn.net\/v\/t39.30808-1\/270437624_4564083193639691_6907940295614233970_n.jpg?stp=dst-jpg_s200x200_tt6&_nc_cat=111&ccb=1-7&_nc_sid=f907e8&_nc_ohc=SM1wRlP3lJwQ7kNvwEPuBYA&_nc_oc=AdnqrjDN_BNjSSHWO-GbkIWH6fkGMLw4bqvL_NH6e2wMveX7G-rP2dAqsDSq1mJMOaY&_nc_zt=24&_nc_ht=scontent-gig4-1.xx&_nc_gid=AoBFJeGrT1hVaew_6rchkQ&oh=00_AfX7QmFGhQhG2jAllVgXCiM1ZrWgvtp80-Bfppyexh1QEg&oe=689E923C","@id":"https:\/\/anoticiaonline.com.br\/site\/#articleImage"},"datePublished":"2016-09-12T09:05:21-03:00","dateModified":"2016-09-12T09:05:21-03:00","inLanguage":"pt-BR","mainEntityOfPage":{"@id":"https:\/\/anoticiaonline.com.br\/site\/a-pedra-angular\/#webpage"},"isPartOf":{"@id":"https:\/\/anoticiaonline.com.br\/site\/a-pedra-angular\/#webpage"},"articleSection":"Espiritismo em Foco, por Rog\u00e9rio Coelho"},{"@type":"BreadcrumbList","@id":"https:\/\/anoticiaonline.com.br\/site\/a-pedra-angular\/#breadcrumblist","itemListElement":[{"@type":"ListItem","@id":"https:\/\/anoticiaonline.com.br\/site#listItem","position":1,"name":"Home","item":"https:\/\/anoticiaonline.com.br\/site","nextItem":{"@type":"ListItem","@id":"https:\/\/anoticiaonline.com.br\/site\/categoria\/colunistas\/#listItem","name":"Colunistas"}},{"@type":"ListItem","@id":"https:\/\/anoticiaonline.com.br\/site\/categoria\/colunistas\/#listItem","position":2,"name":"Colunistas","item":"https:\/\/anoticiaonline.com.br\/site\/categoria\/colunistas\/","nextItem":{"@type":"ListItem","@id":"https:\/\/anoticiaonline.com.br\/site\/categoria\/colunistas\/espiritismo-em-foco-de-rogerio-coelho\/#listItem","name":"Espiritismo em Foco, por Rog\u00e9rio Coelho"},"previousItem":{"@type":"ListItem","@id":"https:\/\/anoticiaonline.com.br\/site#listItem","name":"Home"}},{"@type":"ListItem","@id":"https:\/\/anoticiaonline.com.br\/site\/categoria\/colunistas\/espiritismo-em-foco-de-rogerio-coelho\/#listItem","position":3,"name":"Espiritismo em Foco, por Rog\u00e9rio Coelho","item":"https:\/\/anoticiaonline.com.br\/site\/categoria\/colunistas\/espiritismo-em-foco-de-rogerio-coelho\/","nextItem":{"@type":"ListItem","@id":"https:\/\/anoticiaonline.com.br\/site\/a-pedra-angular\/#listItem","name":"A pedra angular"},"previousItem":{"@type":"ListItem","@id":"https:\/\/anoticiaonline.com.br\/site\/categoria\/colunistas\/#listItem","name":"Colunistas"}},{"@type":"ListItem","@id":"https:\/\/anoticiaonline.com.br\/site\/a-pedra-angular\/#listItem","position":4,"name":"A pedra angular","previousItem":{"@type":"ListItem","@id":"https:\/\/anoticiaonline.com.br\/site\/categoria\/colunistas\/espiritismo-em-foco-de-rogerio-coelho\/#listItem","name":"Espiritismo em Foco, por Rog\u00e9rio Coelho"}}]},{"@type":"Organization","@id":"https:\/\/anoticiaonline.com.br\/site\/#organization","name":"A Not\u00edcia Online","description":"Noticias de Muria\u00e9 e regi\u00e3o","url":"https:\/\/anoticiaonline.com.br\/site\/","logo":{"@type":"ImageObject","url":"https:\/\/scontent-gig4-1.xx.fbcdn.net\/v\/t39.30808-1\/270437624_4564083193639691_6907940295614233970_n.jpg?stp=dst-jpg_s200x200_tt6&_nc_cat=111&ccb=1-7&_nc_sid=f907e8&_nc_ohc=SM1wRlP3lJwQ7kNvwEPuBYA&_nc_oc=AdnqrjDN_BNjSSHWO-GbkIWH6fkGMLw4bqvL_NH6e2wMveX7G-rP2dAqsDSq1mJMOaY&_nc_zt=24&_nc_ht=scontent-gig4-1.xx&_nc_gid=AoBFJeGrT1hVaew_6rchkQ&oh=00_AfX7QmFGhQhG2jAllVgXCiM1ZrWgvtp80-Bfppyexh1QEg&oe=689E923C","@id":"https:\/\/anoticiaonline.com.br\/site\/a-pedra-angular\/#organizationLogo"},"image":{"@id":"https:\/\/anoticiaonline.com.br\/site\/a-pedra-angular\/#organizationLogo"}},{"@type":"Person","@id":"https:\/\/anoticiaonline.com.br\/site\/author\/juliana\/#author","url":"https:\/\/anoticiaonline.com.br\/site\/author\/juliana\/","name":"Juliana Laviola","image":{"@type":"ImageObject","@id":"https:\/\/anoticiaonline.com.br\/site\/a-pedra-angular\/#authorImage","url":"https:\/\/secure.gravatar.com\/avatar\/b8d45f5c699b100dfaf0e543582f38f38bf94cb7ae3a5e9abf8d891a34773335?s=96&d=mm&r=g","width":96,"height":96,"caption":"Juliana Laviola"}},{"@type":"WebPage","@id":"https:\/\/anoticiaonline.com.br\/site\/a-pedra-angular\/#webpage","url":"https:\/\/anoticiaonline.com.br\/site\/a-pedra-angular\/","name":"A pedra angular - A Not\u00edcia Online","description":"O Reino do C\u00e9u ser\u00e1 dado a uma na\u00e7\u00e3o que d\u00ea os seus frutos \"N\u00e3o lestes jamais isto nas Escrituras: a pedra que os edificadores rejeitaram se tornou a principal pedra do \u00e2ngulo?\" - Jesus. (Mt., 21:42) Se Jesus chegasse \u00e0 Terra nos dias de hoje, encontraria pela frente os mesmos \"edificadores\" a rejeitar a","inLanguage":"pt-BR","isPartOf":{"@id":"https:\/\/anoticiaonline.com.br\/site\/#website"},"breadcrumb":{"@id":"https:\/\/anoticiaonline.com.br\/site\/a-pedra-angular\/#breadcrumblist"},"author":{"@id":"https:\/\/anoticiaonline.com.br\/site\/author\/juliana\/#author"},"creator":{"@id":"https:\/\/anoticiaonline.com.br\/site\/author\/juliana\/#author"},"datePublished":"2016-09-12T09:05:21-03:00","dateModified":"2016-09-12T09:05:21-03:00"},{"@type":"WebSite","@id":"https:\/\/anoticiaonline.com.br\/site\/#website","url":"https:\/\/anoticiaonline.com.br\/site\/","name":"A Not\u00edcia Online","description":"Noticias de Muria\u00e9 e regi\u00e3o","inLanguage":"pt-BR","publisher":{"@id":"https:\/\/anoticiaonline.com.br\/site\/#organization"}}]},"og:locale":"pt_BR","og:site_name":"A Not\u00edcia Online - Noticias de Muria\u00e9 e regi\u00e3o","og:type":"article","og:title":"A pedra angular - A Not\u00edcia Online","og:description":"O Reino do C\u00e9u ser\u00e1 dado a uma na\u00e7\u00e3o que d\u00ea os seus frutos &quot;N\u00e3o lestes jamais isto nas Escrituras: a pedra que os edificadores rejeitaram se tornou a principal pedra do \u00e2ngulo?&quot; - Jesus. (Mt., 21:42) Se Jesus chegasse \u00e0 Terra nos dias de hoje, encontraria pela frente os mesmos &quot;edificadores&quot; a rejeitar a","og:url":"https:\/\/anoticiaonline.com.br\/site\/a-pedra-angular\/","og:image":"https:\/\/scontent-gig4-1.xx.fbcdn.net\/v\/t39.30808-1\/270437624_4564083193639691_6907940295614233970_n.jpg?stp=dst-jpg_s200x200_tt6&#038;_nc_cat=111&#038;ccb=1-7&#038;_nc_sid=f907e8&#038;_nc_ohc=SM1wRlP3lJwQ7kNvwEPuBYA&#038;_nc_oc=AdnqrjDN_BNjSSHWO-GbkIWH6fkGMLw4bqvL_NH6e2wMveX7G-rP2dAqsDSq1mJMOaY&#038;_nc_zt=24&#038;_nc_ht=scontent-gig4-1.xx&#038;_nc_gid=AoBFJeGrT1hVaew_6rchkQ&#038;oh=00_AfX7QmFGhQhG2jAllVgXCiM1ZrWgvtp80-Bfppyexh1QEg&#038;oe=689E923C","og:image:secure_url":"https:\/\/scontent-gig4-1.xx.fbcdn.net\/v\/t39.30808-1\/270437624_4564083193639691_6907940295614233970_n.jpg?stp=dst-jpg_s200x200_tt6&#038;_nc_cat=111&#038;ccb=1-7&#038;_nc_sid=f907e8&#038;_nc_ohc=SM1wRlP3lJwQ7kNvwEPuBYA&#038;_nc_oc=AdnqrjDN_BNjSSHWO-GbkIWH6fkGMLw4bqvL_NH6e2wMveX7G-rP2dAqsDSq1mJMOaY&#038;_nc_zt=24&#038;_nc_ht=scontent-gig4-1.xx&#038;_nc_gid=AoBFJeGrT1hVaew_6rchkQ&#038;oh=00_AfX7QmFGhQhG2jAllVgXCiM1ZrWgvtp80-Bfppyexh1QEg&#038;oe=689E923C","article:published_time":"2016-09-12T12:05:21+00:00","article:modified_time":"2016-09-12T12:05:21+00:00","twitter:card":"summary_large_image","twitter:title":"A pedra angular - A Not\u00edcia Online","twitter:description":"O Reino do C\u00e9u ser\u00e1 dado a uma na\u00e7\u00e3o que d\u00ea os seus frutos &quot;N\u00e3o lestes jamais isto nas Escrituras: a pedra que os edificadores rejeitaram se tornou a principal pedra do \u00e2ngulo?&quot; - Jesus. (Mt., 21:42) Se Jesus chegasse \u00e0 Terra nos dias de hoje, encontraria pela frente os mesmos &quot;edificadores&quot; a rejeitar a","twitter:image":"https:\/\/scontent-gig4-1.xx.fbcdn.net\/v\/t39.30808-1\/270437624_4564083193639691_6907940295614233970_n.jpg?stp=dst-jpg_s200x200_tt6&_nc_cat=111&ccb=1-7&_nc_sid=f907e8&_nc_ohc=SM1wRlP3lJwQ7kNvwEPuBYA&_nc_oc=AdnqrjDN_BNjSSHWO-GbkIWH6fkGMLw4bqvL_NH6e2wMveX7G-rP2dAqsDSq1mJMOaY&_nc_zt=24&_nc_ht=scontent-gig4-1.xx&_nc_gid=AoBFJeGrT1hVaew_6rchkQ&oh=00_AfX7QmFGhQhG2jAllVgXCiM1ZrWgvtp80-Bfppyexh1QEg&oe=689E923C"},"aioseo_meta_data":{"post_id":"18644","title":null,"description":null,"keywords":null,"keyphrases":null,"primary_term":null,"canonical_url":null,"og_title":null,"og_description":null,"og_object_type":"default","og_image_type":"default","og_image_url":null,"og_image_width":null,"og_image_height":null,"og_image_custom_url":null,"og_image_custom_fields":null,"og_video":null,"og_custom_url":null,"og_article_section":null,"og_article_tags":null,"twitter_use_og":false,"twitter_card":"default","twitter_image_type":"default","twitter_image_url":null,"twitter_image_custom_url":null,"twitter_image_custom_fields":null,"twitter_title":null,"twitter_description":null,"schema":{"blockGraphs":[],"customGraphs":[],"default":{"data":{"Article":[],"Course":[],"Dataset":[],"FAQPage":[],"Movie":[],"Person":[],"Product":[],"ProductReview":[],"Car":[],"Recipe":[],"Service":[],"SoftwareApplication":[],"WebPage":[]},"graphName":"","isEnabled":true},"graphs":[]},"schema_type":"default","schema_type_options":null,"pillar_content":false,"robots_default":true,"robots_noindex":false,"robots_noarchive":false,"robots_nosnippet":false,"robots_nofollow":false,"robots_noimageindex":false,"robots_noodp":false,"robots_notranslate":false,"robots_max_snippet":null,"robots_max_videopreview":null,"robots_max_imagepreview":"large","priority":null,"frequency":null,"local_seo":null,"breadcrumb_settings":null,"limit_modified_date":false,"ai":null,"created":"2025-08-16 16:46:39","updated":"2025-08-16 16:46:39","focus_keyword":null,"additional_keywords":null,"truseo_locale":null,"seo_analyzer_scan_date":null},"aioseo_breadcrumb":"<div class=\"aioseo-breadcrumbs\"><span class=\"aioseo-breadcrumb\">\n\t\t\t<a href=\"https:\/\/anoticiaonline.com.br\/site\" title=\"Home\">Home<\/a>\n\t\t<\/span><span class=\"aioseo-breadcrumb-separator\">&raquo;<\/span><span class=\"aioseo-breadcrumb\">\n\t\t\t<a href=\"https:\/\/anoticiaonline.com.br\/site\/categoria\/colunistas\/\" title=\"Colunistas\">Colunistas<\/a>\n\t\t<\/span><span class=\"aioseo-breadcrumb-separator\">&raquo;<\/span><span class=\"aioseo-breadcrumb\">\n\t\t\t<a href=\"https:\/\/anoticiaonline.com.br\/site\/categoria\/colunistas\/espiritismo-em-foco-de-rogerio-coelho\/\" title=\"Espiritismo em Foco, por Rog\u00e9rio Coelho\">Espiritismo em Foco, por Rog\u00e9rio Coelho<\/a>\n\t\t<\/span><span class=\"aioseo-breadcrumb-separator\">&raquo;<\/span><span class=\"aioseo-breadcrumb\">\n\t\t\tA pedra angular\n\t\t<\/span><\/div>","aioseo_breadcrumb_json":[{"label":"Home","link":"https:\/\/anoticiaonline.com.br\/site"},{"label":"Colunistas","link":"https:\/\/anoticiaonline.com.br\/site\/categoria\/colunistas\/"},{"label":"Espiritismo em Foco, por Rog\u00e9rio Coelho","link":"https:\/\/anoticiaonline.com.br\/site\/categoria\/colunistas\/espiritismo-em-foco-de-rogerio-coelho\/"},{"label":"A pedra angular","link":"https:\/\/anoticiaonline.com.br\/site\/a-pedra-angular\/"}],"views":128,"_links":{"self":[{"href":"https:\/\/anoticiaonline.com.br\/site\/wp-json\/wp\/v2\/posts\/18644","targetHints":{"allow":["GET"]}}],"collection":[{"href":"https:\/\/anoticiaonline.com.br\/site\/wp-json\/wp\/v2\/posts"}],"about":[{"href":"https:\/\/anoticiaonline.com.br\/site\/wp-json\/wp\/v2\/types\/post"}],"author":[{"embeddable":true,"href":"https:\/\/anoticiaonline.com.br\/site\/wp-json\/wp\/v2\/users\/2"}],"replies":[{"embeddable":true,"href":"https:\/\/anoticiaonline.com.br\/site\/wp-json\/wp\/v2\/comments?post=18644"}],"version-history":[{"count":0,"href":"https:\/\/anoticiaonline.com.br\/site\/wp-json\/wp\/v2\/posts\/18644\/revisions"}],"wp:attachment":[{"href":"https:\/\/anoticiaonline.com.br\/site\/wp-json\/wp\/v2\/media?parent=18644"}],"wp:term":[{"taxonomy":"category","embeddable":true,"href":"https:\/\/anoticiaonline.com.br\/site\/wp-json\/wp\/v2\/categories?post=18644"},{"taxonomy":"post_tag","embeddable":true,"href":"https:\/\/anoticiaonline.com.br\/site\/wp-json\/wp\/v2\/tags?post=18644"}],"curies":[{"name":"wp","href":"https:\/\/api.w.org\/{rel}","templated":true}]}}