{"id":18307,"date":"2016-09-05T18:47:23","date_gmt":"2016-09-05T21:47:23","guid":{"rendered":"http:\/\/anoticiaonline.com.br\/site\/?p=18307"},"modified":"2016-09-05T18:48:21","modified_gmt":"2016-09-05T21:48:21","slug":"justica-indefere-37-candidaturas-a-vereador-em-muriae","status":"publish","type":"post","link":"https:\/\/anoticiaonline.com.br\/site\/justica-indefere-37-candidaturas-a-vereador-em-muriae\/","title":{"rendered":"Justi\u00e7a indefere 37 candidaturas a vereador em Muria\u00e9"},"content":{"rendered":"<p><a href=\"https:\/\/anoticiaonline.com.br\/site\/wp-content\/uploads\/2016\/07\/eleicoes2016.jpg\"><img fetchpriority=\"high\" decoding=\"async\" class=\" size-medium wp-image-16233 alignleft\" src=\"https:\/\/anoticiaonline.com.br\/site\/wp-content\/uploads\/2016\/07\/eleicoes2016-300x188.jpg\" alt=\"eleicoes2016\" width=\"300\" height=\"188\" srcset=\"https:\/\/anoticiaonline.com.br\/site\/wp-content\/uploads\/2016\/07\/eleicoes2016-300x188.jpg 300w, https:\/\/anoticiaonline.com.br\/site\/wp-content\/uploads\/2016\/07\/eleicoes2016.jpg 600w\" sizes=\"(max-width: 300px) 100vw, 300px\" \/><\/a>A Justi\u00e7a Eleitoral indeferiu 37 candidaturas ao cargo de vereador nas elei\u00e7\u00f5es 2016 em Muria\u00e9. Dois atuais vereadores est\u00e3o na lista \u2013 David Lacerda e Reinaldo Dornelas, ambos do Democratas (DEM). Os dados constam no portal do Tribunal Superior Eleitoral (TSE)\u00a0 &#8211; www.tse.jus.br &#8211; e est\u00e3o dispon\u00edveis aos eleitores. A decis\u00e3o cabe recurso.<\/p>\n<p>Trinta e quatro candidatos indeferidos s\u00e3o da coliga\u00e7\u00e3o \u201cChegou a Hora de Mudar\u201d, sendo 26 do DEM e oito do Partido Trabalhista Nacional (PTN). Em rela\u00e7\u00e3o a esses dois partidos, a principal restri\u00e7\u00e3o \u00e9 o n\u00e3o cumprimento da norma legal de que mulheres representem 30% do total de candidaturas.<\/p>\n<p>Os outros dois nomes indeferidos s\u00e3o da alian\u00e7a \u201cPor uma Muria\u00e9 Renovada\u201d &#8211; um do Partido Ecol\u00f3gico Nacional (PEN) e outro do Partido Trabalhista do Brasil (PT do B) -, al\u00e9m de um candidato da coliga\u00e7\u00e3o \u201cDesperta Muria\u00e9\u201d, filiado ao Partido da Rep\u00fablica (PR).<\/p>\n<p>\u201cInapto\u201d \u00e9 a condi\u00e7\u00e3o de um candidato sem habilita\u00e7\u00e3o para ser votado. J\u00e1 \u201cindeferido\u201d \u00e9 atribu\u00eddo ao candidato que n\u00e3o reuniu as condi\u00e7\u00f5es necess\u00e1rias ao registro. Vale ressaltar que a decis\u00e3o ainda cabe recurso.<\/p>\n<p><strong>REN\u00daNCIA \u2013<\/strong> At\u00e9 da data da pesquisa ao STE, quatro candidatos desistiram de concorrer no pleito do pr\u00f3ximo dia 2 de outubro. S\u00e3o eles: Ailton Lopes de Avila, Elizangela Pires de Oliveira, Gilcimar de Moraes Seco (do PSC) e Milcrelismar Elpidio da Silva (PTB).<\/p>\n<p><strong>Confira a lista das candidaturas indeferidas, atualizada em 5 de setembro,\u00a0 \u00e0s 17h35min:<\/strong><\/p>\n<p><strong>Coliga\u00e7\u00e3o &#8220;Chegou a Hora de Mudar&#8221;:<\/strong><br \/>\n<strong>Candidatos do DEM<\/strong><br \/>\nCarl\u00e3o &#8211; Carlos Roberto Menezes de Araujo<br \/>\nCelinha do Caramujo &#8211; Celia Leoncio<br \/>\nCelsinho &#8211; Celso Ricardo de Oliveira<br \/>\nCinderela &#8211; Rosseline Carlos Pereira<br \/>\nDaniel &#8211; Daniel Junio da Silva<br \/>\nDavid Lacerda &#8211; David Pinheiro de Lacerda<br \/>\nDebson Santos Radialista &#8211; Debson de Oliveira Santos<br \/>\nDelsinho &#8211; Delson Lucio Amaro de Andrade<br \/>\nGutemberg &#8211; Gutemberg Costa<br \/>\nHenrique Varella &#8211; Henrique Caldas Varella<br \/>\nIrinea &#8211; Distak Emo\u00e7\u00f5es &#8211; Irinea Floripes do Espirito Santo<br \/>\nIvan Laia &#8211; Ivan Ferreira de Laia<br \/>\nJose Carlos da Farmacia &#8211; Jose Carlos da Silva<br \/>\nKezia Magalhaes &#8211; Kezia Pires Magalhaes<br \/>\nLeila Vargas Rangel &#8211; Leila Vargas Rangel<br \/>\nLelei &#8211; Vanderlei Luiz Lopes<br \/>\nMarc\u00e3o do Bras\u00e3o &#8211; Marcos Vinicio de Paula Olimpio<br \/>\nMarquinho Cerqueira &#8211; Marcos Roberto Cerqueira<br \/>\nMayara Lanusse &#8211; Mayara Lanusse Barbosa Silva<br \/>\nMizael Varela &#8211; Mizael de Assis Varela Filho<br \/>\nOdilon Braga &#8211; Odilon Fructuoso Braga<br \/>\nProfessor J\u00falio Simbra &#8211; J\u00falio Cesar Simbra Soares<br \/>\nProfessora Edilena Ferrarez &#8211; Edilena Ferrarez Senra Costa e Silva<br \/>\nReinaldo Dornelas &#8211; Reinaldo Dornelas<br \/>\nSargento Gusman &#8211; Vladmir Ramos Gusman<br \/>\nZ\u00e9 Wilson &#8211; Jose Wilson Martins<\/p>\n<p><strong>Coliga\u00e7\u00e3o &#8220;Chegou a Hora de Mudar&#8221;: <\/strong><br \/>\n<strong>Candidatos do PTN<\/strong><br \/>\nCreuza Mudesto &#8211; Creuza Maria de Jesus Mudesto<br \/>\nForim Wellington &#8211; Forim Francisco de Assis Silva<br \/>\nIolanda Madriaga Landinha &#8211; Iolanda Oliveira Henriques Madriaga<br \/>\nLuiz Paulo da Farmacia &#8211; Luiz Paulo Nassorinto Rodrigues<br \/>\nMamao do Lavador &#8211; Walter Guilherme Silva<br \/>\nMarcia Motorista de Onibus &#8211; Marcia Maria Santos Mota<br \/>\nNeide Vieira &#8211; Neide Vieira Ferreira da Silva<br \/>\nPaulinho Construtor &#8211; Paulo Sergio Costa de Oliveira<\/p>\n<p><strong>Coliga\u00e7\u00e3o \u201cPor uma Muria\u00e9 Renovada\u201d:<\/strong><br \/>\nMarisa &#8211; Marisa Maria de Almeida (PEN)<br \/>\nM\u00e1rio Lorete &#8211; M\u00e1rio Vaz Lorete (PT DO B)<\/p>\n<p><strong>Coliga\u00e7\u00e3o \u201cDesperta Muria\u00e9\u201d:<\/strong><br \/>\nM\u00e1rio L\u00facio Vaz &#8211; M\u00e1rio L\u00facio Vaz (PR)<br \/>\n&nbsp;<\/p>\n<p>&nbsp;<\/p>\n<p>&nbsp;<\/p>\n<p>&nbsp;<\/p>\n<p>&nbsp;<\/p>\n<p>&nbsp;<\/p>\n<p>&nbsp;<\/p>\n","protected":false},"excerpt":{"rendered":"<p>A Justi\u00e7a Eleitoral indeferiu 37 candidaturas ao cargo de vereador nas elei\u00e7\u00f5es 2016 em Muria\u00e9. Dois atuais vereadores est\u00e3o na lista \u2013 David Lacerda e Reinaldo Dornelas, ambos do Democratas (DEM). Os dados constam no portal do Tribunal Superior Eleitoral (TSE)\u00a0 &#8211; www.tse.jus.br &#8211; e est\u00e3o dispon\u00edveis aos eleitores. A decis\u00e3o cabe recurso. Trinta e &#8230; <a title=\"Justi\u00e7a indefere 37 candidaturas a vereador em Muria\u00e9\" class=\"read-more\" href=\"https:\/\/anoticiaonline.com.br\/site\/justica-indefere-37-candidaturas-a-vereador-em-muriae\/\" aria-label=\"Read more about Justi\u00e7a indefere 37 candidaturas a vereador em Muria\u00e9\">Ler mais<\/a><\/p>\n","protected":false},"author":2,"featured_media":16233,"comment_status":"open","ping_status":"open","sticky":false,"template":"","format":"standard","meta":{"_acf_changed":false,"_monsterinsights_skip_tracking":false,"footnotes":""},"categories":[30],"tags":[3],"class_list":["post-18307","post","type-post","status-publish","format-standard","has-post-thumbnail","hentry","category-muriae","tag-slide"],"acf":[],"aioseo_notices":[],"aioseo_head":"\n\t\t<!-- All in One SEO 5.0.0.1 - aioseo.com -->\n\t<meta name=\"description\" content=\"A Justi\u00e7a Eleitoral indeferiu 37 candidaturas ao cargo de vereador nas elei\u00e7\u00f5es 2016 em Muria\u00e9. Dois atuais vereadores est\u00e3o na lista \u2013 David Lacerda e Reinaldo Dornelas, ambos do Democratas (DEM). Os dados constam no portal do Tribunal Superior Eleitoral (TSE) - www.tse.jus.br - e est\u00e3o dispon\u00edveis aos eleitores. A decis\u00e3o cabe recurso. Trinta e\" \/>\n\t<meta name=\"robots\" content=\"max-image-preview:large\" \/>\n\t<meta name=\"author\" content=\"Juliana Laviola\"\/>\n\t<link rel=\"canonical\" href=\"https:\/\/anoticiaonline.com.br\/site\/justica-indefere-37-candidaturas-a-vereador-em-muriae\/\" \/>\n\t<meta name=\"generator\" content=\"All in One SEO (AIOSEO) 5.0.0.1\" \/>\n\t\t<meta property=\"og:locale\" content=\"pt_BR\" \/>\n\t\t<meta property=\"og:site_name\" content=\"A Not\u00edcia Online - Noticias de Muria\u00e9 e regi\u00e3o\" \/>\n\t\t<meta property=\"og:type\" content=\"article\" \/>\n\t\t<meta property=\"og:title\" content=\"Justi\u00e7a indefere 37 candidaturas a vereador em Muria\u00e9 - A Not\u00edcia Online\" \/>\n\t\t<meta property=\"og:description\" content=\"A Justi\u00e7a Eleitoral indeferiu 37 candidaturas ao cargo de vereador nas elei\u00e7\u00f5es 2016 em Muria\u00e9. Dois atuais vereadores est\u00e3o na lista \u2013 David Lacerda e Reinaldo Dornelas, ambos do Democratas (DEM). Os dados constam no portal do Tribunal Superior Eleitoral (TSE) - www.tse.jus.br - e est\u00e3o dispon\u00edveis aos eleitores. A decis\u00e3o cabe recurso. Trinta e\" \/>\n\t\t<meta property=\"og:url\" content=\"https:\/\/anoticiaonline.com.br\/site\/justica-indefere-37-candidaturas-a-vereador-em-muriae\/\" \/>\n\t\t<meta property=\"og:image\" content=\"https:\/\/scontent-gig4-1.xx.fbcdn.net\/v\/t39.30808-1\/270437624_4564083193639691_6907940295614233970_n.jpg?stp=dst-jpg_s200x200_tt6&#038;_nc_cat=111&#038;ccb=1-7&#038;_nc_sid=f907e8&#038;_nc_ohc=SM1wRlP3lJwQ7kNvwEPuBYA&#038;_nc_oc=AdnqrjDN_BNjSSHWO-GbkIWH6fkGMLw4bqvL_NH6e2wMveX7G-rP2dAqsDSq1mJMOaY&#038;_nc_zt=24&#038;_nc_ht=scontent-gig4-1.xx&#038;_nc_gid=AoBFJeGrT1hVaew_6rchkQ&#038;oh=00_AfX7QmFGhQhG2jAllVgXCiM1ZrWgvtp80-Bfppyexh1QEg&#038;oe=689E923C\" \/>\n\t\t<meta property=\"og:image:secure_url\" content=\"https:\/\/scontent-gig4-1.xx.fbcdn.net\/v\/t39.30808-1\/270437624_4564083193639691_6907940295614233970_n.jpg?stp=dst-jpg_s200x200_tt6&#038;_nc_cat=111&#038;ccb=1-7&#038;_nc_sid=f907e8&#038;_nc_ohc=SM1wRlP3lJwQ7kNvwEPuBYA&#038;_nc_oc=AdnqrjDN_BNjSSHWO-GbkIWH6fkGMLw4bqvL_NH6e2wMveX7G-rP2dAqsDSq1mJMOaY&#038;_nc_zt=24&#038;_nc_ht=scontent-gig4-1.xx&#038;_nc_gid=AoBFJeGrT1hVaew_6rchkQ&#038;oh=00_AfX7QmFGhQhG2jAllVgXCiM1ZrWgvtp80-Bfppyexh1QEg&#038;oe=689E923C\" \/>\n\t\t<meta property=\"article:published_time\" content=\"2016-09-05T21:47:23+00:00\" \/>\n\t\t<meta property=\"article:modified_time\" content=\"2016-09-05T21:48:21+00:00\" \/>\n\t\t<meta name=\"twitter:card\" content=\"summary_large_image\" \/>\n\t\t<meta name=\"twitter:title\" content=\"Justi\u00e7a indefere 37 candidaturas a vereador em Muria\u00e9 - A Not\u00edcia Online\" \/>\n\t\t<meta name=\"twitter:description\" content=\"A Justi\u00e7a Eleitoral indeferiu 37 candidaturas ao cargo de vereador nas elei\u00e7\u00f5es 2016 em Muria\u00e9. Dois atuais vereadores est\u00e3o na lista \u2013 David Lacerda e Reinaldo Dornelas, ambos do Democratas (DEM). Os dados constam no portal do Tribunal Superior Eleitoral (TSE) - www.tse.jus.br - e est\u00e3o dispon\u00edveis aos eleitores. A decis\u00e3o cabe recurso. Trinta e\" \/>\n\t\t<meta name=\"twitter:image\" content=\"https:\/\/scontent-gig4-1.xx.fbcdn.net\/v\/t39.30808-1\/270437624_4564083193639691_6907940295614233970_n.jpg?stp=dst-jpg_s200x200_tt6&amp;_nc_cat=111&amp;ccb=1-7&amp;_nc_sid=f907e8&amp;_nc_ohc=SM1wRlP3lJwQ7kNvwEPuBYA&amp;_nc_oc=AdnqrjDN_BNjSSHWO-GbkIWH6fkGMLw4bqvL_NH6e2wMveX7G-rP2dAqsDSq1mJMOaY&amp;_nc_zt=24&amp;_nc_ht=scontent-gig4-1.xx&amp;_nc_gid=AoBFJeGrT1hVaew_6rchkQ&amp;oh=00_AfX7QmFGhQhG2jAllVgXCiM1ZrWgvtp80-Bfppyexh1QEg&amp;oe=689E923C\" \/>\n\t\t<script type=\"application\/ld+json\" class=\"aioseo-schema\">\n\t\t\t{\"@context\":\"https:\\\/\\\/schema.org\",\"@graph\":[{\"@type\":\"BlogPosting\",\"@id\":\"https:\\\/\\\/anoticiaonline.com.br\\\/site\\\/justica-indefere-37-candidaturas-a-vereador-em-muriae\\\/#blogposting\",\"name\":\"Justi\\u00e7a indefere 37 candidaturas a vereador em Muria\\u00e9 - A Not\\u00edcia Online\",\"headline\":\"Justi\\u00e7a indefere 37 candidaturas a vereador em Muria\\u00e9\",\"author\":{\"@id\":\"https:\\\/\\\/anoticiaonline.com.br\\\/site\\\/author\\\/juliana\\\/#author\"},\"publisher\":{\"@id\":\"https:\\\/\\\/anoticiaonline.com.br\\\/site\\\/#organization\"},\"image\":{\"@type\":\"ImageObject\",\"url\":\"https:\\\/\\\/anoticiaonline.com.br\\\/site\\\/wp-content\\\/uploads\\\/2016\\\/07\\\/eleicoes2016.jpg\",\"width\":600,\"height\":376},\"datePublished\":\"2016-09-05T18:47:23-03:00\",\"dateModified\":\"2016-09-05T18:48:21-03:00\",\"inLanguage\":\"pt-BR\",\"commentCount\":2,\"mainEntityOfPage\":{\"@id\":\"https:\\\/\\\/anoticiaonline.com.br\\\/site\\\/justica-indefere-37-candidaturas-a-vereador-em-muriae\\\/#webpage\"},\"isPartOf\":{\"@id\":\"https:\\\/\\\/anoticiaonline.com.br\\\/site\\\/justica-indefere-37-candidaturas-a-vereador-em-muriae\\\/#webpage\"},\"articleSection\":\"Blog, slide\"},{\"@type\":\"BreadcrumbList\",\"@id\":\"https:\\\/\\\/anoticiaonline.com.br\\\/site\\\/justica-indefere-37-candidaturas-a-vereador-em-muriae\\\/#breadcrumblist\",\"itemListElement\":[{\"@type\":\"ListItem\",\"@id\":\"https:\\\/\\\/anoticiaonline.com.br\\\/site#listItem\",\"position\":1,\"name\":\"Home\",\"item\":\"https:\\\/\\\/anoticiaonline.com.br\\\/site\",\"nextItem\":{\"@type\":\"ListItem\",\"@id\":\"https:\\\/\\\/anoticiaonline.com.br\\\/site\\\/categoria\\\/muriae\\\/#listItem\",\"name\":\"Blog\"}},{\"@type\":\"ListItem\",\"@id\":\"https:\\\/\\\/anoticiaonline.com.br\\\/site\\\/categoria\\\/muriae\\\/#listItem\",\"position\":2,\"name\":\"Blog\",\"item\":\"https:\\\/\\\/anoticiaonline.com.br\\\/site\\\/categoria\\\/muriae\\\/\",\"nextItem\":{\"@type\":\"ListItem\",\"@id\":\"https:\\\/\\\/anoticiaonline.com.br\\\/site\\\/justica-indefere-37-candidaturas-a-vereador-em-muriae\\\/#listItem\",\"name\":\"Justi\\u00e7a indefere 37 candidaturas a vereador em Muria\\u00e9\"},\"previousItem\":{\"@type\":\"ListItem\",\"@id\":\"https:\\\/\\\/anoticiaonline.com.br\\\/site#listItem\",\"name\":\"Home\"}},{\"@type\":\"ListItem\",\"@id\":\"https:\\\/\\\/anoticiaonline.com.br\\\/site\\\/justica-indefere-37-candidaturas-a-vereador-em-muriae\\\/#listItem\",\"position\":3,\"name\":\"Justi\\u00e7a indefere 37 candidaturas a vereador em Muria\\u00e9\",\"previousItem\":{\"@type\":\"ListItem\",\"@id\":\"https:\\\/\\\/anoticiaonline.com.br\\\/site\\\/categoria\\\/muriae\\\/#listItem\",\"name\":\"Blog\"}}]},{\"@type\":\"Organization\",\"@id\":\"https:\\\/\\\/anoticiaonline.com.br\\\/site\\\/#organization\",\"name\":\"A Not\\u00edcia Online\",\"description\":\"Noticias de Muria\\u00e9 e regi\\u00e3o\",\"url\":\"https:\\\/\\\/anoticiaonline.com.br\\\/site\\\/\",\"logo\":{\"@type\":\"ImageObject\",\"url\":\"https:\\\/\\\/scontent-gig4-1.xx.fbcdn.net\\\/v\\\/t39.30808-1\\\/270437624_4564083193639691_6907940295614233970_n.jpg?stp=dst-jpg_s200x200_tt6&_nc_cat=111&ccb=1-7&_nc_sid=f907e8&_nc_ohc=SM1wRlP3lJwQ7kNvwEPuBYA&_nc_oc=AdnqrjDN_BNjSSHWO-GbkIWH6fkGMLw4bqvL_NH6e2wMveX7G-rP2dAqsDSq1mJMOaY&_nc_zt=24&_nc_ht=scontent-gig4-1.xx&_nc_gid=AoBFJeGrT1hVaew_6rchkQ&oh=00_AfX7QmFGhQhG2jAllVgXCiM1ZrWgvtp80-Bfppyexh1QEg&oe=689E923C\",\"@id\":\"https:\\\/\\\/anoticiaonline.com.br\\\/site\\\/justica-indefere-37-candidaturas-a-vereador-em-muriae\\\/#organizationLogo\"},\"image\":{\"@id\":\"https:\\\/\\\/anoticiaonline.com.br\\\/site\\\/justica-indefere-37-candidaturas-a-vereador-em-muriae\\\/#organizationLogo\"}},{\"@type\":\"Person\",\"@id\":\"https:\\\/\\\/anoticiaonline.com.br\\\/site\\\/author\\\/juliana\\\/#author\",\"url\":\"https:\\\/\\\/anoticiaonline.com.br\\\/site\\\/author\\\/juliana\\\/\",\"name\":\"Juliana Laviola\",\"image\":{\"@type\":\"ImageObject\",\"@id\":\"https:\\\/\\\/anoticiaonline.com.br\\\/site\\\/justica-indefere-37-candidaturas-a-vereador-em-muriae\\\/#authorImage\",\"url\":\"https:\\\/\\\/secure.gravatar.com\\\/avatar\\\/b8d45f5c699b100dfaf0e543582f38f38bf94cb7ae3a5e9abf8d891a34773335?s=96&d=mm&r=g\",\"width\":96,\"height\":96,\"caption\":\"Juliana Laviola\"}},{\"@type\":\"WebPage\",\"@id\":\"https:\\\/\\\/anoticiaonline.com.br\\\/site\\\/justica-indefere-37-candidaturas-a-vereador-em-muriae\\\/#webpage\",\"url\":\"https:\\\/\\\/anoticiaonline.com.br\\\/site\\\/justica-indefere-37-candidaturas-a-vereador-em-muriae\\\/\",\"name\":\"Justi\\u00e7a indefere 37 candidaturas a vereador em Muria\\u00e9 - A Not\\u00edcia Online\",\"description\":\"A Justi\\u00e7a Eleitoral indeferiu 37 candidaturas ao cargo de vereador nas elei\\u00e7\\u00f5es 2016 em Muria\\u00e9. Dois atuais vereadores est\\u00e3o na lista \\u2013 David Lacerda e Reinaldo Dornelas, ambos do Democratas (DEM). Os dados constam no portal do Tribunal Superior Eleitoral (TSE) - www.tse.jus.br - e est\\u00e3o dispon\\u00edveis aos eleitores. A decis\\u00e3o cabe recurso. Trinta e\",\"inLanguage\":\"pt-BR\",\"isPartOf\":{\"@id\":\"https:\\\/\\\/anoticiaonline.com.br\\\/site\\\/#website\"},\"breadcrumb\":{\"@id\":\"https:\\\/\\\/anoticiaonline.com.br\\\/site\\\/justica-indefere-37-candidaturas-a-vereador-em-muriae\\\/#breadcrumblist\"},\"author\":{\"@id\":\"https:\\\/\\\/anoticiaonline.com.br\\\/site\\\/author\\\/juliana\\\/#author\"},\"creator\":{\"@id\":\"https:\\\/\\\/anoticiaonline.com.br\\\/site\\\/author\\\/juliana\\\/#author\"},\"image\":{\"@type\":\"ImageObject\",\"url\":\"https:\\\/\\\/anoticiaonline.com.br\\\/site\\\/wp-content\\\/uploads\\\/2016\\\/07\\\/eleicoes2016.jpg\",\"@id\":\"https:\\\/\\\/anoticiaonline.com.br\\\/site\\\/justica-indefere-37-candidaturas-a-vereador-em-muriae\\\/#mainImage\",\"width\":600,\"height\":376},\"primaryImageOfPage\":{\"@id\":\"https:\\\/\\\/anoticiaonline.com.br\\\/site\\\/justica-indefere-37-candidaturas-a-vereador-em-muriae\\\/#mainImage\"},\"datePublished\":\"2016-09-05T18:47:23-03:00\",\"dateModified\":\"2016-09-05T18:48:21-03:00\"},{\"@type\":\"WebSite\",\"@id\":\"https:\\\/\\\/anoticiaonline.com.br\\\/site\\\/#website\",\"url\":\"https:\\\/\\\/anoticiaonline.com.br\\\/site\\\/\",\"name\":\"A Not\\u00edcia Online\",\"description\":\"Noticias de Muria\\u00e9 e regi\\u00e3o\",\"inLanguage\":\"pt-BR\",\"publisher\":{\"@id\":\"https:\\\/\\\/anoticiaonline.com.br\\\/site\\\/#organization\"}}]}\n\t\t<\/script>\n\t\t<!-- All in One SEO -->\n\n","aioseo_head_json":{"title":"Justi\u00e7a indefere 37 candidaturas a vereador em Muria\u00e9 - A Not\u00edcia Online","description":"A Justi\u00e7a Eleitoral indeferiu 37 candidaturas ao cargo de vereador nas elei\u00e7\u00f5es 2016 em Muria\u00e9. Dois atuais vereadores est\u00e3o na lista \u2013 David Lacerda e Reinaldo Dornelas, ambos do Democratas (DEM). Os dados constam no portal do Tribunal Superior Eleitoral (TSE) - www.tse.jus.br - e est\u00e3o dispon\u00edveis aos eleitores. A decis\u00e3o cabe recurso. Trinta e","canonical_url":"https:\/\/anoticiaonline.com.br\/site\/justica-indefere-37-candidaturas-a-vereador-em-muriae\/","robots":"max-image-preview:large","keywords":"","webmasterTools":{"miscellaneous":""},"schema":{"@context":"https:\/\/schema.org","@graph":[{"@type":"BlogPosting","@id":"https:\/\/anoticiaonline.com.br\/site\/justica-indefere-37-candidaturas-a-vereador-em-muriae\/#blogposting","name":"Justi\u00e7a indefere 37 candidaturas a vereador em Muria\u00e9 - A Not\u00edcia Online","headline":"Justi\u00e7a indefere 37 candidaturas a vereador em Muria\u00e9","author":{"@id":"https:\/\/anoticiaonline.com.br\/site\/author\/juliana\/#author"},"publisher":{"@id":"https:\/\/anoticiaonline.com.br\/site\/#organization"},"image":{"@type":"ImageObject","url":"https:\/\/anoticiaonline.com.br\/site\/wp-content\/uploads\/2016\/07\/eleicoes2016.jpg","width":600,"height":376},"datePublished":"2016-09-05T18:47:23-03:00","dateModified":"2016-09-05T18:48:21-03:00","inLanguage":"pt-BR","commentCount":2,"mainEntityOfPage":{"@id":"https:\/\/anoticiaonline.com.br\/site\/justica-indefere-37-candidaturas-a-vereador-em-muriae\/#webpage"},"isPartOf":{"@id":"https:\/\/anoticiaonline.com.br\/site\/justica-indefere-37-candidaturas-a-vereador-em-muriae\/#webpage"},"articleSection":"Blog, slide"},{"@type":"BreadcrumbList","@id":"https:\/\/anoticiaonline.com.br\/site\/justica-indefere-37-candidaturas-a-vereador-em-muriae\/#breadcrumblist","itemListElement":[{"@type":"ListItem","@id":"https:\/\/anoticiaonline.com.br\/site#listItem","position":1,"name":"Home","item":"https:\/\/anoticiaonline.com.br\/site","nextItem":{"@type":"ListItem","@id":"https:\/\/anoticiaonline.com.br\/site\/categoria\/muriae\/#listItem","name":"Blog"}},{"@type":"ListItem","@id":"https:\/\/anoticiaonline.com.br\/site\/categoria\/muriae\/#listItem","position":2,"name":"Blog","item":"https:\/\/anoticiaonline.com.br\/site\/categoria\/muriae\/","nextItem":{"@type":"ListItem","@id":"https:\/\/anoticiaonline.com.br\/site\/justica-indefere-37-candidaturas-a-vereador-em-muriae\/#listItem","name":"Justi\u00e7a indefere 37 candidaturas a vereador em Muria\u00e9"},"previousItem":{"@type":"ListItem","@id":"https:\/\/anoticiaonline.com.br\/site#listItem","name":"Home"}},{"@type":"ListItem","@id":"https:\/\/anoticiaonline.com.br\/site\/justica-indefere-37-candidaturas-a-vereador-em-muriae\/#listItem","position":3,"name":"Justi\u00e7a indefere 37 candidaturas a vereador em Muria\u00e9","previousItem":{"@type":"ListItem","@id":"https:\/\/anoticiaonline.com.br\/site\/categoria\/muriae\/#listItem","name":"Blog"}}]},{"@type":"Organization","@id":"https:\/\/anoticiaonline.com.br\/site\/#organization","name":"A Not\u00edcia Online","description":"Noticias de Muria\u00e9 e regi\u00e3o","url":"https:\/\/anoticiaonline.com.br\/site\/","logo":{"@type":"ImageObject","url":"https:\/\/scontent-gig4-1.xx.fbcdn.net\/v\/t39.30808-1\/270437624_4564083193639691_6907940295614233970_n.jpg?stp=dst-jpg_s200x200_tt6&_nc_cat=111&ccb=1-7&_nc_sid=f907e8&_nc_ohc=SM1wRlP3lJwQ7kNvwEPuBYA&_nc_oc=AdnqrjDN_BNjSSHWO-GbkIWH6fkGMLw4bqvL_NH6e2wMveX7G-rP2dAqsDSq1mJMOaY&_nc_zt=24&_nc_ht=scontent-gig4-1.xx&_nc_gid=AoBFJeGrT1hVaew_6rchkQ&oh=00_AfX7QmFGhQhG2jAllVgXCiM1ZrWgvtp80-Bfppyexh1QEg&oe=689E923C","@id":"https:\/\/anoticiaonline.com.br\/site\/justica-indefere-37-candidaturas-a-vereador-em-muriae\/#organizationLogo"},"image":{"@id":"https:\/\/anoticiaonline.com.br\/site\/justica-indefere-37-candidaturas-a-vereador-em-muriae\/#organizationLogo"}},{"@type":"Person","@id":"https:\/\/anoticiaonline.com.br\/site\/author\/juliana\/#author","url":"https:\/\/anoticiaonline.com.br\/site\/author\/juliana\/","name":"Juliana Laviola","image":{"@type":"ImageObject","@id":"https:\/\/anoticiaonline.com.br\/site\/justica-indefere-37-candidaturas-a-vereador-em-muriae\/#authorImage","url":"https:\/\/secure.gravatar.com\/avatar\/b8d45f5c699b100dfaf0e543582f38f38bf94cb7ae3a5e9abf8d891a34773335?s=96&d=mm&r=g","width":96,"height":96,"caption":"Juliana Laviola"}},{"@type":"WebPage","@id":"https:\/\/anoticiaonline.com.br\/site\/justica-indefere-37-candidaturas-a-vereador-em-muriae\/#webpage","url":"https:\/\/anoticiaonline.com.br\/site\/justica-indefere-37-candidaturas-a-vereador-em-muriae\/","name":"Justi\u00e7a indefere 37 candidaturas a vereador em Muria\u00e9 - A Not\u00edcia Online","description":"A Justi\u00e7a Eleitoral indeferiu 37 candidaturas ao cargo de vereador nas elei\u00e7\u00f5es 2016 em Muria\u00e9. Dois atuais vereadores est\u00e3o na lista \u2013 David Lacerda e Reinaldo Dornelas, ambos do Democratas (DEM). Os dados constam no portal do Tribunal Superior Eleitoral (TSE) - www.tse.jus.br - e est\u00e3o dispon\u00edveis aos eleitores. A decis\u00e3o cabe recurso. Trinta e","inLanguage":"pt-BR","isPartOf":{"@id":"https:\/\/anoticiaonline.com.br\/site\/#website"},"breadcrumb":{"@id":"https:\/\/anoticiaonline.com.br\/site\/justica-indefere-37-candidaturas-a-vereador-em-muriae\/#breadcrumblist"},"author":{"@id":"https:\/\/anoticiaonline.com.br\/site\/author\/juliana\/#author"},"creator":{"@id":"https:\/\/anoticiaonline.com.br\/site\/author\/juliana\/#author"},"image":{"@type":"ImageObject","url":"https:\/\/anoticiaonline.com.br\/site\/wp-content\/uploads\/2016\/07\/eleicoes2016.jpg","@id":"https:\/\/anoticiaonline.com.br\/site\/justica-indefere-37-candidaturas-a-vereador-em-muriae\/#mainImage","width":600,"height":376},"primaryImageOfPage":{"@id":"https:\/\/anoticiaonline.com.br\/site\/justica-indefere-37-candidaturas-a-vereador-em-muriae\/#mainImage"},"datePublished":"2016-09-05T18:47:23-03:00","dateModified":"2016-09-05T18:48:21-03:00"},{"@type":"WebSite","@id":"https:\/\/anoticiaonline.com.br\/site\/#website","url":"https:\/\/anoticiaonline.com.br\/site\/","name":"A Not\u00edcia Online","description":"Noticias de Muria\u00e9 e regi\u00e3o","inLanguage":"pt-BR","publisher":{"@id":"https:\/\/anoticiaonline.com.br\/site\/#organization"}}]},"og:locale":"pt_BR","og:site_name":"A Not\u00edcia Online - Noticias de Muria\u00e9 e regi\u00e3o","og:type":"article","og:title":"Justi\u00e7a indefere 37 candidaturas a vereador em Muria\u00e9 - A Not\u00edcia Online","og:description":"A Justi\u00e7a Eleitoral indeferiu 37 candidaturas ao cargo de vereador nas elei\u00e7\u00f5es 2016 em Muria\u00e9. Dois atuais vereadores est\u00e3o na lista \u2013 David Lacerda e Reinaldo Dornelas, ambos do Democratas (DEM). Os dados constam no portal do Tribunal Superior Eleitoral (TSE) - www.tse.jus.br - e est\u00e3o dispon\u00edveis aos eleitores. A decis\u00e3o cabe recurso. Trinta e","og:url":"https:\/\/anoticiaonline.com.br\/site\/justica-indefere-37-candidaturas-a-vereador-em-muriae\/","og:image":"https:\/\/scontent-gig4-1.xx.fbcdn.net\/v\/t39.30808-1\/270437624_4564083193639691_6907940295614233970_n.jpg?stp=dst-jpg_s200x200_tt6&#038;_nc_cat=111&#038;ccb=1-7&#038;_nc_sid=f907e8&#038;_nc_ohc=SM1wRlP3lJwQ7kNvwEPuBYA&#038;_nc_oc=AdnqrjDN_BNjSSHWO-GbkIWH6fkGMLw4bqvL_NH6e2wMveX7G-rP2dAqsDSq1mJMOaY&#038;_nc_zt=24&#038;_nc_ht=scontent-gig4-1.xx&#038;_nc_gid=AoBFJeGrT1hVaew_6rchkQ&#038;oh=00_AfX7QmFGhQhG2jAllVgXCiM1ZrWgvtp80-Bfppyexh1QEg&#038;oe=689E923C","og:image:secure_url":"https:\/\/scontent-gig4-1.xx.fbcdn.net\/v\/t39.30808-1\/270437624_4564083193639691_6907940295614233970_n.jpg?stp=dst-jpg_s200x200_tt6&#038;_nc_cat=111&#038;ccb=1-7&#038;_nc_sid=f907e8&#038;_nc_ohc=SM1wRlP3lJwQ7kNvwEPuBYA&#038;_nc_oc=AdnqrjDN_BNjSSHWO-GbkIWH6fkGMLw4bqvL_NH6e2wMveX7G-rP2dAqsDSq1mJMOaY&#038;_nc_zt=24&#038;_nc_ht=scontent-gig4-1.xx&#038;_nc_gid=AoBFJeGrT1hVaew_6rchkQ&#038;oh=00_AfX7QmFGhQhG2jAllVgXCiM1ZrWgvtp80-Bfppyexh1QEg&#038;oe=689E923C","article:published_time":"2016-09-05T21:47:23+00:00","article:modified_time":"2016-09-05T21:48:21+00:00","twitter:card":"summary_large_image","twitter:title":"Justi\u00e7a indefere 37 candidaturas a vereador em Muria\u00e9 - A Not\u00edcia Online","twitter:description":"A Justi\u00e7a Eleitoral indeferiu 37 candidaturas ao cargo de vereador nas elei\u00e7\u00f5es 2016 em Muria\u00e9. Dois atuais vereadores est\u00e3o na lista \u2013 David Lacerda e Reinaldo Dornelas, ambos do Democratas (DEM). Os dados constam no portal do Tribunal Superior Eleitoral (TSE) - www.tse.jus.br - e est\u00e3o dispon\u00edveis aos eleitores. A decis\u00e3o cabe recurso. Trinta e","twitter:image":"https:\/\/scontent-gig4-1.xx.fbcdn.net\/v\/t39.30808-1\/270437624_4564083193639691_6907940295614233970_n.jpg?stp=dst-jpg_s200x200_tt6&_nc_cat=111&ccb=1-7&_nc_sid=f907e8&_nc_ohc=SM1wRlP3lJwQ7kNvwEPuBYA&_nc_oc=AdnqrjDN_BNjSSHWO-GbkIWH6fkGMLw4bqvL_NH6e2wMveX7G-rP2dAqsDSq1mJMOaY&_nc_zt=24&_nc_ht=scontent-gig4-1.xx&_nc_gid=AoBFJeGrT1hVaew_6rchkQ&oh=00_AfX7QmFGhQhG2jAllVgXCiM1ZrWgvtp80-Bfppyexh1QEg&oe=689E923C"},"aioseo_meta_data":{"post_id":"18307","title":null,"description":null,"keywords":null,"keyphrases":null,"primary_term":null,"canonical_url":null,"og_title":null,"og_description":null,"og_object_type":"default","og_image_type":"default","og_image_url":null,"og_image_width":null,"og_image_height":null,"og_image_custom_url":null,"og_image_custom_fields":null,"og_video":null,"og_custom_url":null,"og_article_section":null,"og_article_tags":null,"twitter_use_og":false,"twitter_card":"default","twitter_image_type":"default","twitter_image_url":null,"twitter_image_custom_url":null,"twitter_image_custom_fields":null,"twitter_title":null,"twitter_description":null,"schema":{"blockGraphs":[],"customGraphs":[],"default":{"data":{"Article":[],"Course":[],"Dataset":[],"FAQPage":[],"Movie":[],"Person":[],"Product":[],"ProductReview":[],"Car":[],"Recipe":[],"Service":[],"SoftwareApplication":[],"WebPage":[]},"graphName":"","isEnabled":true},"graphs":[]},"schema_type":"default","schema_type_options":null,"pillar_content":false,"robots_default":true,"robots_noindex":false,"robots_noarchive":false,"robots_nosnippet":false,"robots_nofollow":false,"robots_noimageindex":false,"robots_noodp":false,"robots_notranslate":false,"robots_max_snippet":null,"robots_max_videopreview":null,"robots_max_imagepreview":"large","priority":null,"frequency":null,"local_seo":null,"breadcrumb_settings":null,"limit_modified_date":false,"ai":null,"created":"2025-08-16 16:43:23","updated":"2025-08-16 16:43:23","focus_keyword":null,"additional_keywords":null,"truseo_locale":null,"seo_analyzer_scan_date":null},"aioseo_breadcrumb":"<div class=\"aioseo-breadcrumbs\"><span class=\"aioseo-breadcrumb\">\n\t\t\t<a href=\"https:\/\/anoticiaonline.com.br\/site\" title=\"Home\">Home<\/a>\n\t\t<\/span><span class=\"aioseo-breadcrumb-separator\">&raquo;<\/span><span class=\"aioseo-breadcrumb\">\n\t\t\t<a href=\"https:\/\/anoticiaonline.com.br\/site\/categoria\/muriae\/\" title=\"Blog\">Blog<\/a>\n\t\t<\/span><span class=\"aioseo-breadcrumb-separator\">&raquo;<\/span><span class=\"aioseo-breadcrumb\">\n\t\t\tJusti\u00e7a indefere 37 candidaturas a vereador em Muria\u00e9\n\t\t<\/span><\/div>","aioseo_breadcrumb_json":[{"label":"Home","link":"https:\/\/anoticiaonline.com.br\/site"},{"label":"Blog","link":"https:\/\/anoticiaonline.com.br\/site\/categoria\/muriae\/"},{"label":"Justi\u00e7a indefere 37 candidaturas a vereador em Muria\u00e9","link":"https:\/\/anoticiaonline.com.br\/site\/justica-indefere-37-candidaturas-a-vereador-em-muriae\/"}],"views":223,"_links":{"self":[{"href":"https:\/\/anoticiaonline.com.br\/site\/wp-json\/wp\/v2\/posts\/18307","targetHints":{"allow":["GET"]}}],"collection":[{"href":"https:\/\/anoticiaonline.com.br\/site\/wp-json\/wp\/v2\/posts"}],"about":[{"href":"https:\/\/anoticiaonline.com.br\/site\/wp-json\/wp\/v2\/types\/post"}],"author":[{"embeddable":true,"href":"https:\/\/anoticiaonline.com.br\/site\/wp-json\/wp\/v2\/users\/2"}],"replies":[{"embeddable":true,"href":"https:\/\/anoticiaonline.com.br\/site\/wp-json\/wp\/v2\/comments?post=18307"}],"version-history":[{"count":0,"href":"https:\/\/anoticiaonline.com.br\/site\/wp-json\/wp\/v2\/posts\/18307\/revisions"}],"wp:featuredmedia":[{"embeddable":true,"href":"https:\/\/anoticiaonline.com.br\/site\/wp-json\/wp\/v2\/media\/16233"}],"wp:attachment":[{"href":"https:\/\/anoticiaonline.com.br\/site\/wp-json\/wp\/v2\/media?parent=18307"}],"wp:term":[{"taxonomy":"category","embeddable":true,"href":"https:\/\/anoticiaonline.com.br\/site\/wp-json\/wp\/v2\/categories?post=18307"},{"taxonomy":"post_tag","embeddable":true,"href":"https:\/\/anoticiaonline.com.br\/site\/wp-json\/wp\/v2\/tags?post=18307"}],"curies":[{"name":"wp","href":"https:\/\/api.w.org\/{rel}","templated":true}]}}