{"id":18125,"date":"2016-08-30T15:07:25","date_gmt":"2016-08-30T18:07:25","guid":{"rendered":"http:\/\/anoticiaonline.com.br\/site\/?p=18125"},"modified":"2016-08-30T15:07:25","modified_gmt":"2016-08-30T18:07:25","slug":"2o-pelotao-do-corpo-de-bombeiros-tem-novo-comandante-2","status":"publish","type":"post","link":"https:\/\/anoticiaonline.com.br\/site\/2o-pelotao-do-corpo-de-bombeiros-tem-novo-comandante-2\/","title":{"rendered":"2\u00ba Pelot\u00e3o do Corpo de Bombeiros tem novo comandante"},"content":{"rendered":"<figure id=\"attachment_18126\" aria-describedby=\"caption-attachment-18126\" style=\"width: 290px\" class=\"wp-caption alignleft\"><a href=\"https:\/\/anoticiaonline.com.br\/site\/wp-content\/uploads\/2016\/08\/2\u00ba-Pelot\u00e3o-do-Corpo-de-Bombeiros-tem-novo-comandante.jpg\"><img fetchpriority=\"high\" decoding=\"async\" class=\"size-medium wp-image-18126\" src=\"https:\/\/anoticiaonline.com.br\/site\/wp-content\/uploads\/2016\/08\/2\u00ba-Pelot\u00e3o-do-Corpo-de-Bombeiros-tem-novo-comandante-300x298.jpg\" alt=\"Tenente Dornellas e tenente Da Silva \" width=\"300\" height=\"298\" srcset=\"https:\/\/anoticiaonline.com.br\/site\/wp-content\/uploads\/2016\/08\/2\u00ba-Pelot\u00e3o-do-Corpo-de-Bombeiros-tem-novo-comandante-300x298.jpg 300w, https:\/\/anoticiaonline.com.br\/site\/wp-content\/uploads\/2016\/08\/2\u00ba-Pelot\u00e3o-do-Corpo-de-Bombeiros-tem-novo-comandante-150x150.jpg 150w, https:\/\/anoticiaonline.com.br\/site\/wp-content\/uploads\/2016\/08\/2\u00ba-Pelot\u00e3o-do-Corpo-de-Bombeiros-tem-novo-comandante-144x144.jpg 144w, https:\/\/anoticiaonline.com.br\/site\/wp-content\/uploads\/2016\/08\/2\u00ba-Pelot\u00e3o-do-Corpo-de-Bombeiros-tem-novo-comandante.jpg 640w\" sizes=\"(max-width: 300px) 100vw, 300px\" \/><\/a><figcaption id=\"caption-attachment-18126\" class=\"wp-caption-text\">Tenente Dornellas e tenente Da Silva<\/figcaption><\/figure>\n<p>O 2\u00ba Pelot\u00e3o do Corpo de Bombeiros, localizado no G\u00e1vea, tem novo comandante. O tenente Jorge Dornellas dos Santos J\u00fanior, que veio do 9\u00ba Batalh\u00e3o de Bombeiros Militar, em Varginha, substitui o tenente Evandro da Silva, que exerceu o cargo durante dois anos e foi transferido para o 4\u00ba Batalh\u00e3o, em Juiz de Fora.<\/p>\n<p>Natural de Ub\u00e1, o novo comandante est\u00e1 na corpora\u00e7\u00e3o desde 2012, por\u00e9m ingressou na carreira militar em 2007, atuando primeiramente na Pol\u00edcia Militar. \u201cVenho motivado e com vontade pr\u00f3pria de estar aqui\u201d, afirma.<\/p>\n<p>O tenente Dornellas conta, ainda, que chega a Muria\u00e9 com a proposta de um trabalho conjunto com a popula\u00e7\u00e3o, de aproxima\u00e7\u00e3o com os munic\u00edpios de abrang\u00eancia do Pelot\u00e3o e com os \u00f3rg\u00e3os de Defesa Civil. \u201cVou tentar atender a popula\u00e7\u00e3o da melhor maneira poss\u00edvel. Procurarei tamb\u00e9m me aproximar dos munic\u00edpios atendidos pelo 2\u00ba Pelot\u00e3o e dos \u00f3rg\u00e3os de Defesa Civil, para dar uma sensa\u00e7\u00e3o de seguran\u00e7a e tamb\u00e9m estabelecer a seguran\u00e7a. J\u00e1 quanto \u00e0s atividades de bombeiro, vamos fazer muitos treinamentos, rapel e atividades espec\u00edficas da profiss\u00e3o\u201d, salienta.<\/p>\n<p>O tenente Da Silva, que atuar\u00e1 na Assessoria de Comunica\u00e7\u00e3o Social do 4\u00ba Batalh\u00e3o, afirma que deixa o cargo com a sensa\u00e7\u00e3o de dever cumprido. \u201cTer comandado o 2\u00ba Pelot\u00e3o foi uma grata satisfa\u00e7\u00e3o. Saio daqui com a certeza de dever cumprido. Deixo um legado a ser seguido pelo comandante que entra e um saldo positivo. O Pelot\u00e3o tem crescido e conseguido apresentar um bom trabalho \u00e0 comunidade\u201d, afirma.<\/p>\n","protected":false},"excerpt":{"rendered":"<p>O 2\u00ba Pelot\u00e3o do Corpo de Bombeiros, localizado no G\u00e1vea, tem novo comandante. O tenente Jorge Dornellas dos Santos J\u00fanior, que veio do 9\u00ba Batalh\u00e3o de Bombeiros Militar, em Varginha, substitui o tenente Evandro da Silva, que exerceu o cargo durante dois anos e foi transferido para o 4\u00ba Batalh\u00e3o, em Juiz de Fora. Natural &#8230; <a title=\"2\u00ba Pelot\u00e3o do Corpo de Bombeiros tem novo comandante\" class=\"read-more\" href=\"https:\/\/anoticiaonline.com.br\/site\/2o-pelotao-do-corpo-de-bombeiros-tem-novo-comandante-2\/\" aria-label=\"Read more about 2\u00ba Pelot\u00e3o do Corpo de Bombeiros tem novo comandante\">Ler mais<\/a><\/p>\n","protected":false},"author":2,"featured_media":18126,"comment_status":"open","ping_status":"open","sticky":false,"template":"","format":"standard","meta":{"_acf_changed":false,"_monsterinsights_skip_tracking":false,"footnotes":""},"categories":[30],"tags":[3],"class_list":["post-18125","post","type-post","status-publish","format-standard","has-post-thumbnail","hentry","category-muriae","tag-slide"],"acf":[],"aioseo_notices":[],"aioseo_head":"\n\t\t<!-- All in One SEO 5.0.0.1 - aioseo.com -->\n\t<meta name=\"description\" content=\"O 2\u00ba Pelot\u00e3o do Corpo de Bombeiros, localizado no G\u00e1vea, tem novo comandante. O tenente Jorge Dornellas dos Santos J\u00fanior, que veio do 9\u00ba Batalh\u00e3o de Bombeiros Militar, em Varginha, substitui o tenente Evandro da Silva, que exerceu o cargo durante dois anos e foi transferido para o 4\u00ba Batalh\u00e3o, em Juiz de Fora. Natural\" \/>\n\t<meta name=\"robots\" content=\"max-image-preview:large\" \/>\n\t<meta name=\"author\" content=\"Juliana Laviola\"\/>\n\t<link rel=\"canonical\" href=\"https:\/\/anoticiaonline.com.br\/site\/2o-pelotao-do-corpo-de-bombeiros-tem-novo-comandante-2\/\" \/>\n\t<meta name=\"generator\" content=\"All in One SEO (AIOSEO) 5.0.0.1\" \/>\n\t\t<meta property=\"og:locale\" content=\"pt_BR\" \/>\n\t\t<meta property=\"og:site_name\" content=\"A Not\u00edcia Online - Noticias de Muria\u00e9 e regi\u00e3o\" \/>\n\t\t<meta property=\"og:type\" content=\"article\" \/>\n\t\t<meta property=\"og:title\" content=\"2\u00ba Pelot\u00e3o do Corpo de Bombeiros tem novo comandante - A Not\u00edcia Online\" \/>\n\t\t<meta property=\"og:description\" content=\"O 2\u00ba Pelot\u00e3o do Corpo de Bombeiros, localizado no G\u00e1vea, tem novo comandante. O tenente Jorge Dornellas dos Santos J\u00fanior, que veio do 9\u00ba Batalh\u00e3o de Bombeiros Militar, em Varginha, substitui o tenente Evandro da Silva, que exerceu o cargo durante dois anos e foi transferido para o 4\u00ba Batalh\u00e3o, em Juiz de Fora. Natural\" \/>\n\t\t<meta property=\"og:url\" content=\"https:\/\/anoticiaonline.com.br\/site\/2o-pelotao-do-corpo-de-bombeiros-tem-novo-comandante-2\/\" \/>\n\t\t<meta property=\"og:image\" content=\"https:\/\/scontent-gig4-1.xx.fbcdn.net\/v\/t39.30808-1\/270437624_4564083193639691_6907940295614233970_n.jpg?stp=dst-jpg_s200x200_tt6&#038;_nc_cat=111&#038;ccb=1-7&#038;_nc_sid=f907e8&#038;_nc_ohc=SM1wRlP3lJwQ7kNvwEPuBYA&#038;_nc_oc=AdnqrjDN_BNjSSHWO-GbkIWH6fkGMLw4bqvL_NH6e2wMveX7G-rP2dAqsDSq1mJMOaY&#038;_nc_zt=24&#038;_nc_ht=scontent-gig4-1.xx&#038;_nc_gid=AoBFJeGrT1hVaew_6rchkQ&#038;oh=00_AfX7QmFGhQhG2jAllVgXCiM1ZrWgvtp80-Bfppyexh1QEg&#038;oe=689E923C\" \/>\n\t\t<meta property=\"og:image:secure_url\" content=\"https:\/\/scontent-gig4-1.xx.fbcdn.net\/v\/t39.30808-1\/270437624_4564083193639691_6907940295614233970_n.jpg?stp=dst-jpg_s200x200_tt6&#038;_nc_cat=111&#038;ccb=1-7&#038;_nc_sid=f907e8&#038;_nc_ohc=SM1wRlP3lJwQ7kNvwEPuBYA&#038;_nc_oc=AdnqrjDN_BNjSSHWO-GbkIWH6fkGMLw4bqvL_NH6e2wMveX7G-rP2dAqsDSq1mJMOaY&#038;_nc_zt=24&#038;_nc_ht=scontent-gig4-1.xx&#038;_nc_gid=AoBFJeGrT1hVaew_6rchkQ&#038;oh=00_AfX7QmFGhQhG2jAllVgXCiM1ZrWgvtp80-Bfppyexh1QEg&#038;oe=689E923C\" \/>\n\t\t<meta property=\"article:published_time\" content=\"2016-08-30T18:07:25+00:00\" \/>\n\t\t<meta property=\"article:modified_time\" content=\"2016-08-30T18:07:25+00:00\" \/>\n\t\t<meta name=\"twitter:card\" content=\"summary_large_image\" \/>\n\t\t<meta name=\"twitter:title\" content=\"2\u00ba Pelot\u00e3o do Corpo de Bombeiros tem novo comandante - A Not\u00edcia Online\" \/>\n\t\t<meta name=\"twitter:description\" content=\"O 2\u00ba Pelot\u00e3o do Corpo de Bombeiros, localizado no G\u00e1vea, tem novo comandante. O tenente Jorge Dornellas dos Santos J\u00fanior, que veio do 9\u00ba Batalh\u00e3o de Bombeiros Militar, em Varginha, substitui o tenente Evandro da Silva, que exerceu o cargo durante dois anos e foi transferido para o 4\u00ba Batalh\u00e3o, em Juiz de Fora. Natural\" \/>\n\t\t<meta name=\"twitter:image\" content=\"https:\/\/scontent-gig4-1.xx.fbcdn.net\/v\/t39.30808-1\/270437624_4564083193639691_6907940295614233970_n.jpg?stp=dst-jpg_s200x200_tt6&amp;_nc_cat=111&amp;ccb=1-7&amp;_nc_sid=f907e8&amp;_nc_ohc=SM1wRlP3lJwQ7kNvwEPuBYA&amp;_nc_oc=AdnqrjDN_BNjSSHWO-GbkIWH6fkGMLw4bqvL_NH6e2wMveX7G-rP2dAqsDSq1mJMOaY&amp;_nc_zt=24&amp;_nc_ht=scontent-gig4-1.xx&amp;_nc_gid=AoBFJeGrT1hVaew_6rchkQ&amp;oh=00_AfX7QmFGhQhG2jAllVgXCiM1ZrWgvtp80-Bfppyexh1QEg&amp;oe=689E923C\" \/>\n\t\t<script type=\"application\/ld+json\" class=\"aioseo-schema\">\n\t\t\t{\"@context\":\"https:\\\/\\\/schema.org\",\"@graph\":[{\"@type\":\"BlogPosting\",\"@id\":\"https:\\\/\\\/anoticiaonline.com.br\\\/site\\\/2o-pelotao-do-corpo-de-bombeiros-tem-novo-comandante-2\\\/#blogposting\",\"name\":\"2\\u00ba Pelot\\u00e3o do Corpo de Bombeiros tem novo comandante - A Not\\u00edcia Online\",\"headline\":\"2\\u00ba Pelot\\u00e3o do Corpo de Bombeiros tem novo comandante\",\"author\":{\"@id\":\"https:\\\/\\\/anoticiaonline.com.br\\\/site\\\/author\\\/juliana\\\/#author\"},\"publisher\":{\"@id\":\"https:\\\/\\\/anoticiaonline.com.br\\\/site\\\/#organization\"},\"image\":{\"@type\":\"ImageObject\",\"url\":\"https:\\\/\\\/anoticiaonline.com.br\\\/site\\\/wp-content\\\/uploads\\\/2016\\\/08\\\/2\\u00ba-Pelot\\u00e3o-do-Corpo-de-Bombeiros-tem-novo-comandante.jpg\",\"width\":640,\"height\":635,\"caption\":\"Tenente Dornellas e tenente Da Silva\"},\"datePublished\":\"2016-08-30T15:07:25-03:00\",\"dateModified\":\"2016-08-30T15:07:25-03:00\",\"inLanguage\":\"pt-BR\",\"mainEntityOfPage\":{\"@id\":\"https:\\\/\\\/anoticiaonline.com.br\\\/site\\\/2o-pelotao-do-corpo-de-bombeiros-tem-novo-comandante-2\\\/#webpage\"},\"isPartOf\":{\"@id\":\"https:\\\/\\\/anoticiaonline.com.br\\\/site\\\/2o-pelotao-do-corpo-de-bombeiros-tem-novo-comandante-2\\\/#webpage\"},\"articleSection\":\"Blog, slide\"},{\"@type\":\"BreadcrumbList\",\"@id\":\"https:\\\/\\\/anoticiaonline.com.br\\\/site\\\/2o-pelotao-do-corpo-de-bombeiros-tem-novo-comandante-2\\\/#breadcrumblist\",\"itemListElement\":[{\"@type\":\"ListItem\",\"@id\":\"https:\\\/\\\/anoticiaonline.com.br\\\/site#listItem\",\"position\":1,\"name\":\"Home\",\"item\":\"https:\\\/\\\/anoticiaonline.com.br\\\/site\",\"nextItem\":{\"@type\":\"ListItem\",\"@id\":\"https:\\\/\\\/anoticiaonline.com.br\\\/site\\\/categoria\\\/muriae\\\/#listItem\",\"name\":\"Blog\"}},{\"@type\":\"ListItem\",\"@id\":\"https:\\\/\\\/anoticiaonline.com.br\\\/site\\\/categoria\\\/muriae\\\/#listItem\",\"position\":2,\"name\":\"Blog\",\"item\":\"https:\\\/\\\/anoticiaonline.com.br\\\/site\\\/categoria\\\/muriae\\\/\",\"nextItem\":{\"@type\":\"ListItem\",\"@id\":\"https:\\\/\\\/anoticiaonline.com.br\\\/site\\\/2o-pelotao-do-corpo-de-bombeiros-tem-novo-comandante-2\\\/#listItem\",\"name\":\"2\\u00ba Pelot\\u00e3o do Corpo de Bombeiros tem novo comandante\"},\"previousItem\":{\"@type\":\"ListItem\",\"@id\":\"https:\\\/\\\/anoticiaonline.com.br\\\/site#listItem\",\"name\":\"Home\"}},{\"@type\":\"ListItem\",\"@id\":\"https:\\\/\\\/anoticiaonline.com.br\\\/site\\\/2o-pelotao-do-corpo-de-bombeiros-tem-novo-comandante-2\\\/#listItem\",\"position\":3,\"name\":\"2\\u00ba Pelot\\u00e3o do Corpo de Bombeiros tem novo comandante\",\"previousItem\":{\"@type\":\"ListItem\",\"@id\":\"https:\\\/\\\/anoticiaonline.com.br\\\/site\\\/categoria\\\/muriae\\\/#listItem\",\"name\":\"Blog\"}}]},{\"@type\":\"Organization\",\"@id\":\"https:\\\/\\\/anoticiaonline.com.br\\\/site\\\/#organization\",\"name\":\"A Not\\u00edcia Online\",\"description\":\"Noticias de Muria\\u00e9 e regi\\u00e3o\",\"url\":\"https:\\\/\\\/anoticiaonline.com.br\\\/site\\\/\",\"logo\":{\"@type\":\"ImageObject\",\"url\":\"https:\\\/\\\/scontent-gig4-1.xx.fbcdn.net\\\/v\\\/t39.30808-1\\\/270437624_4564083193639691_6907940295614233970_n.jpg?stp=dst-jpg_s200x200_tt6&_nc_cat=111&ccb=1-7&_nc_sid=f907e8&_nc_ohc=SM1wRlP3lJwQ7kNvwEPuBYA&_nc_oc=AdnqrjDN_BNjSSHWO-GbkIWH6fkGMLw4bqvL_NH6e2wMveX7G-rP2dAqsDSq1mJMOaY&_nc_zt=24&_nc_ht=scontent-gig4-1.xx&_nc_gid=AoBFJeGrT1hVaew_6rchkQ&oh=00_AfX7QmFGhQhG2jAllVgXCiM1ZrWgvtp80-Bfppyexh1QEg&oe=689E923C\",\"@id\":\"https:\\\/\\\/anoticiaonline.com.br\\\/site\\\/2o-pelotao-do-corpo-de-bombeiros-tem-novo-comandante-2\\\/#organizationLogo\"},\"image\":{\"@id\":\"https:\\\/\\\/anoticiaonline.com.br\\\/site\\\/2o-pelotao-do-corpo-de-bombeiros-tem-novo-comandante-2\\\/#organizationLogo\"}},{\"@type\":\"Person\",\"@id\":\"https:\\\/\\\/anoticiaonline.com.br\\\/site\\\/author\\\/juliana\\\/#author\",\"url\":\"https:\\\/\\\/anoticiaonline.com.br\\\/site\\\/author\\\/juliana\\\/\",\"name\":\"Juliana Laviola\",\"image\":{\"@type\":\"ImageObject\",\"@id\":\"https:\\\/\\\/anoticiaonline.com.br\\\/site\\\/2o-pelotao-do-corpo-de-bombeiros-tem-novo-comandante-2\\\/#authorImage\",\"url\":\"https:\\\/\\\/secure.gravatar.com\\\/avatar\\\/b8d45f5c699b100dfaf0e543582f38f38bf94cb7ae3a5e9abf8d891a34773335?s=96&d=mm&r=g\",\"width\":96,\"height\":96,\"caption\":\"Juliana Laviola\"}},{\"@type\":\"WebPage\",\"@id\":\"https:\\\/\\\/anoticiaonline.com.br\\\/site\\\/2o-pelotao-do-corpo-de-bombeiros-tem-novo-comandante-2\\\/#webpage\",\"url\":\"https:\\\/\\\/anoticiaonline.com.br\\\/site\\\/2o-pelotao-do-corpo-de-bombeiros-tem-novo-comandante-2\\\/\",\"name\":\"2\\u00ba Pelot\\u00e3o do Corpo de Bombeiros tem novo comandante - A Not\\u00edcia Online\",\"description\":\"O 2\\u00ba Pelot\\u00e3o do Corpo de Bombeiros, localizado no G\\u00e1vea, tem novo comandante. O tenente Jorge Dornellas dos Santos J\\u00fanior, que veio do 9\\u00ba Batalh\\u00e3o de Bombeiros Militar, em Varginha, substitui o tenente Evandro da Silva, que exerceu o cargo durante dois anos e foi transferido para o 4\\u00ba Batalh\\u00e3o, em Juiz de Fora. Natural\",\"inLanguage\":\"pt-BR\",\"isPartOf\":{\"@id\":\"https:\\\/\\\/anoticiaonline.com.br\\\/site\\\/#website\"},\"breadcrumb\":{\"@id\":\"https:\\\/\\\/anoticiaonline.com.br\\\/site\\\/2o-pelotao-do-corpo-de-bombeiros-tem-novo-comandante-2\\\/#breadcrumblist\"},\"author\":{\"@id\":\"https:\\\/\\\/anoticiaonline.com.br\\\/site\\\/author\\\/juliana\\\/#author\"},\"creator\":{\"@id\":\"https:\\\/\\\/anoticiaonline.com.br\\\/site\\\/author\\\/juliana\\\/#author\"},\"image\":{\"@type\":\"ImageObject\",\"url\":\"https:\\\/\\\/anoticiaonline.com.br\\\/site\\\/wp-content\\\/uploads\\\/2016\\\/08\\\/2\\u00ba-Pelot\\u00e3o-do-Corpo-de-Bombeiros-tem-novo-comandante.jpg\",\"@id\":\"https:\\\/\\\/anoticiaonline.com.br\\\/site\\\/2o-pelotao-do-corpo-de-bombeiros-tem-novo-comandante-2\\\/#mainImage\",\"width\":640,\"height\":635,\"caption\":\"Tenente Dornellas e tenente Da Silva\"},\"primaryImageOfPage\":{\"@id\":\"https:\\\/\\\/anoticiaonline.com.br\\\/site\\\/2o-pelotao-do-corpo-de-bombeiros-tem-novo-comandante-2\\\/#mainImage\"},\"datePublished\":\"2016-08-30T15:07:25-03:00\",\"dateModified\":\"2016-08-30T15:07:25-03:00\"},{\"@type\":\"WebSite\",\"@id\":\"https:\\\/\\\/anoticiaonline.com.br\\\/site\\\/#website\",\"url\":\"https:\\\/\\\/anoticiaonline.com.br\\\/site\\\/\",\"name\":\"A Not\\u00edcia Online\",\"description\":\"Noticias de Muria\\u00e9 e regi\\u00e3o\",\"inLanguage\":\"pt-BR\",\"publisher\":{\"@id\":\"https:\\\/\\\/anoticiaonline.com.br\\\/site\\\/#organization\"}}]}\n\t\t<\/script>\n\t\t<!-- All in One SEO -->\n\n","aioseo_head_json":{"title":"2\u00ba Pelot\u00e3o do Corpo de Bombeiros tem novo comandante - A Not\u00edcia Online","description":"O 2\u00ba Pelot\u00e3o do Corpo de Bombeiros, localizado no G\u00e1vea, tem novo comandante. O tenente Jorge Dornellas dos Santos J\u00fanior, que veio do 9\u00ba Batalh\u00e3o de Bombeiros Militar, em Varginha, substitui o tenente Evandro da Silva, que exerceu o cargo durante dois anos e foi transferido para o 4\u00ba Batalh\u00e3o, em Juiz de Fora. Natural","canonical_url":"https:\/\/anoticiaonline.com.br\/site\/2o-pelotao-do-corpo-de-bombeiros-tem-novo-comandante-2\/","robots":"max-image-preview:large","keywords":"","webmasterTools":{"miscellaneous":""},"schema":{"@context":"https:\/\/schema.org","@graph":[{"@type":"BlogPosting","@id":"https:\/\/anoticiaonline.com.br\/site\/2o-pelotao-do-corpo-de-bombeiros-tem-novo-comandante-2\/#blogposting","name":"2\u00ba Pelot\u00e3o do Corpo de Bombeiros tem novo comandante - A Not\u00edcia Online","headline":"2\u00ba Pelot\u00e3o do Corpo de Bombeiros tem novo comandante","author":{"@id":"https:\/\/anoticiaonline.com.br\/site\/author\/juliana\/#author"},"publisher":{"@id":"https:\/\/anoticiaonline.com.br\/site\/#organization"},"image":{"@type":"ImageObject","url":"https:\/\/anoticiaonline.com.br\/site\/wp-content\/uploads\/2016\/08\/2\u00ba-Pelot\u00e3o-do-Corpo-de-Bombeiros-tem-novo-comandante.jpg","width":640,"height":635,"caption":"Tenente Dornellas e tenente Da Silva"},"datePublished":"2016-08-30T15:07:25-03:00","dateModified":"2016-08-30T15:07:25-03:00","inLanguage":"pt-BR","mainEntityOfPage":{"@id":"https:\/\/anoticiaonline.com.br\/site\/2o-pelotao-do-corpo-de-bombeiros-tem-novo-comandante-2\/#webpage"},"isPartOf":{"@id":"https:\/\/anoticiaonline.com.br\/site\/2o-pelotao-do-corpo-de-bombeiros-tem-novo-comandante-2\/#webpage"},"articleSection":"Blog, slide"},{"@type":"BreadcrumbList","@id":"https:\/\/anoticiaonline.com.br\/site\/2o-pelotao-do-corpo-de-bombeiros-tem-novo-comandante-2\/#breadcrumblist","itemListElement":[{"@type":"ListItem","@id":"https:\/\/anoticiaonline.com.br\/site#listItem","position":1,"name":"Home","item":"https:\/\/anoticiaonline.com.br\/site","nextItem":{"@type":"ListItem","@id":"https:\/\/anoticiaonline.com.br\/site\/categoria\/muriae\/#listItem","name":"Blog"}},{"@type":"ListItem","@id":"https:\/\/anoticiaonline.com.br\/site\/categoria\/muriae\/#listItem","position":2,"name":"Blog","item":"https:\/\/anoticiaonline.com.br\/site\/categoria\/muriae\/","nextItem":{"@type":"ListItem","@id":"https:\/\/anoticiaonline.com.br\/site\/2o-pelotao-do-corpo-de-bombeiros-tem-novo-comandante-2\/#listItem","name":"2\u00ba Pelot\u00e3o do Corpo de Bombeiros tem novo comandante"},"previousItem":{"@type":"ListItem","@id":"https:\/\/anoticiaonline.com.br\/site#listItem","name":"Home"}},{"@type":"ListItem","@id":"https:\/\/anoticiaonline.com.br\/site\/2o-pelotao-do-corpo-de-bombeiros-tem-novo-comandante-2\/#listItem","position":3,"name":"2\u00ba Pelot\u00e3o do Corpo de Bombeiros tem novo comandante","previousItem":{"@type":"ListItem","@id":"https:\/\/anoticiaonline.com.br\/site\/categoria\/muriae\/#listItem","name":"Blog"}}]},{"@type":"Organization","@id":"https:\/\/anoticiaonline.com.br\/site\/#organization","name":"A Not\u00edcia Online","description":"Noticias de Muria\u00e9 e regi\u00e3o","url":"https:\/\/anoticiaonline.com.br\/site\/","logo":{"@type":"ImageObject","url":"https:\/\/scontent-gig4-1.xx.fbcdn.net\/v\/t39.30808-1\/270437624_4564083193639691_6907940295614233970_n.jpg?stp=dst-jpg_s200x200_tt6&_nc_cat=111&ccb=1-7&_nc_sid=f907e8&_nc_ohc=SM1wRlP3lJwQ7kNvwEPuBYA&_nc_oc=AdnqrjDN_BNjSSHWO-GbkIWH6fkGMLw4bqvL_NH6e2wMveX7G-rP2dAqsDSq1mJMOaY&_nc_zt=24&_nc_ht=scontent-gig4-1.xx&_nc_gid=AoBFJeGrT1hVaew_6rchkQ&oh=00_AfX7QmFGhQhG2jAllVgXCiM1ZrWgvtp80-Bfppyexh1QEg&oe=689E923C","@id":"https:\/\/anoticiaonline.com.br\/site\/2o-pelotao-do-corpo-de-bombeiros-tem-novo-comandante-2\/#organizationLogo"},"image":{"@id":"https:\/\/anoticiaonline.com.br\/site\/2o-pelotao-do-corpo-de-bombeiros-tem-novo-comandante-2\/#organizationLogo"}},{"@type":"Person","@id":"https:\/\/anoticiaonline.com.br\/site\/author\/juliana\/#author","url":"https:\/\/anoticiaonline.com.br\/site\/author\/juliana\/","name":"Juliana Laviola","image":{"@type":"ImageObject","@id":"https:\/\/anoticiaonline.com.br\/site\/2o-pelotao-do-corpo-de-bombeiros-tem-novo-comandante-2\/#authorImage","url":"https:\/\/secure.gravatar.com\/avatar\/b8d45f5c699b100dfaf0e543582f38f38bf94cb7ae3a5e9abf8d891a34773335?s=96&d=mm&r=g","width":96,"height":96,"caption":"Juliana Laviola"}},{"@type":"WebPage","@id":"https:\/\/anoticiaonline.com.br\/site\/2o-pelotao-do-corpo-de-bombeiros-tem-novo-comandante-2\/#webpage","url":"https:\/\/anoticiaonline.com.br\/site\/2o-pelotao-do-corpo-de-bombeiros-tem-novo-comandante-2\/","name":"2\u00ba Pelot\u00e3o do Corpo de Bombeiros tem novo comandante - A Not\u00edcia Online","description":"O 2\u00ba Pelot\u00e3o do Corpo de Bombeiros, localizado no G\u00e1vea, tem novo comandante. O tenente Jorge Dornellas dos Santos J\u00fanior, que veio do 9\u00ba Batalh\u00e3o de Bombeiros Militar, em Varginha, substitui o tenente Evandro da Silva, que exerceu o cargo durante dois anos e foi transferido para o 4\u00ba Batalh\u00e3o, em Juiz de Fora. Natural","inLanguage":"pt-BR","isPartOf":{"@id":"https:\/\/anoticiaonline.com.br\/site\/#website"},"breadcrumb":{"@id":"https:\/\/anoticiaonline.com.br\/site\/2o-pelotao-do-corpo-de-bombeiros-tem-novo-comandante-2\/#breadcrumblist"},"author":{"@id":"https:\/\/anoticiaonline.com.br\/site\/author\/juliana\/#author"},"creator":{"@id":"https:\/\/anoticiaonline.com.br\/site\/author\/juliana\/#author"},"image":{"@type":"ImageObject","url":"https:\/\/anoticiaonline.com.br\/site\/wp-content\/uploads\/2016\/08\/2\u00ba-Pelot\u00e3o-do-Corpo-de-Bombeiros-tem-novo-comandante.jpg","@id":"https:\/\/anoticiaonline.com.br\/site\/2o-pelotao-do-corpo-de-bombeiros-tem-novo-comandante-2\/#mainImage","width":640,"height":635,"caption":"Tenente Dornellas e tenente Da Silva"},"primaryImageOfPage":{"@id":"https:\/\/anoticiaonline.com.br\/site\/2o-pelotao-do-corpo-de-bombeiros-tem-novo-comandante-2\/#mainImage"},"datePublished":"2016-08-30T15:07:25-03:00","dateModified":"2016-08-30T15:07:25-03:00"},{"@type":"WebSite","@id":"https:\/\/anoticiaonline.com.br\/site\/#website","url":"https:\/\/anoticiaonline.com.br\/site\/","name":"A Not\u00edcia Online","description":"Noticias de Muria\u00e9 e regi\u00e3o","inLanguage":"pt-BR","publisher":{"@id":"https:\/\/anoticiaonline.com.br\/site\/#organization"}}]},"og:locale":"pt_BR","og:site_name":"A Not\u00edcia Online - Noticias de Muria\u00e9 e regi\u00e3o","og:type":"article","og:title":"2\u00ba Pelot\u00e3o do Corpo de Bombeiros tem novo comandante - A Not\u00edcia Online","og:description":"O 2\u00ba Pelot\u00e3o do Corpo de Bombeiros, localizado no G\u00e1vea, tem novo comandante. O tenente Jorge Dornellas dos Santos J\u00fanior, que veio do 9\u00ba Batalh\u00e3o de Bombeiros Militar, em Varginha, substitui o tenente Evandro da Silva, que exerceu o cargo durante dois anos e foi transferido para o 4\u00ba Batalh\u00e3o, em Juiz de Fora. Natural","og:url":"https:\/\/anoticiaonline.com.br\/site\/2o-pelotao-do-corpo-de-bombeiros-tem-novo-comandante-2\/","og:image":"https:\/\/scontent-gig4-1.xx.fbcdn.net\/v\/t39.30808-1\/270437624_4564083193639691_6907940295614233970_n.jpg?stp=dst-jpg_s200x200_tt6&#038;_nc_cat=111&#038;ccb=1-7&#038;_nc_sid=f907e8&#038;_nc_ohc=SM1wRlP3lJwQ7kNvwEPuBYA&#038;_nc_oc=AdnqrjDN_BNjSSHWO-GbkIWH6fkGMLw4bqvL_NH6e2wMveX7G-rP2dAqsDSq1mJMOaY&#038;_nc_zt=24&#038;_nc_ht=scontent-gig4-1.xx&#038;_nc_gid=AoBFJeGrT1hVaew_6rchkQ&#038;oh=00_AfX7QmFGhQhG2jAllVgXCiM1ZrWgvtp80-Bfppyexh1QEg&#038;oe=689E923C","og:image:secure_url":"https:\/\/scontent-gig4-1.xx.fbcdn.net\/v\/t39.30808-1\/270437624_4564083193639691_6907940295614233970_n.jpg?stp=dst-jpg_s200x200_tt6&#038;_nc_cat=111&#038;ccb=1-7&#038;_nc_sid=f907e8&#038;_nc_ohc=SM1wRlP3lJwQ7kNvwEPuBYA&#038;_nc_oc=AdnqrjDN_BNjSSHWO-GbkIWH6fkGMLw4bqvL_NH6e2wMveX7G-rP2dAqsDSq1mJMOaY&#038;_nc_zt=24&#038;_nc_ht=scontent-gig4-1.xx&#038;_nc_gid=AoBFJeGrT1hVaew_6rchkQ&#038;oh=00_AfX7QmFGhQhG2jAllVgXCiM1ZrWgvtp80-Bfppyexh1QEg&#038;oe=689E923C","article:published_time":"2016-08-30T18:07:25+00:00","article:modified_time":"2016-08-30T18:07:25+00:00","twitter:card":"summary_large_image","twitter:title":"2\u00ba Pelot\u00e3o do Corpo de Bombeiros tem novo comandante - A Not\u00edcia Online","twitter:description":"O 2\u00ba Pelot\u00e3o do Corpo de Bombeiros, localizado no G\u00e1vea, tem novo comandante. O tenente Jorge Dornellas dos Santos J\u00fanior, que veio do 9\u00ba Batalh\u00e3o de Bombeiros Militar, em Varginha, substitui o tenente Evandro da Silva, que exerceu o cargo durante dois anos e foi transferido para o 4\u00ba Batalh\u00e3o, em Juiz de Fora. Natural","twitter:image":"https:\/\/scontent-gig4-1.xx.fbcdn.net\/v\/t39.30808-1\/270437624_4564083193639691_6907940295614233970_n.jpg?stp=dst-jpg_s200x200_tt6&_nc_cat=111&ccb=1-7&_nc_sid=f907e8&_nc_ohc=SM1wRlP3lJwQ7kNvwEPuBYA&_nc_oc=AdnqrjDN_BNjSSHWO-GbkIWH6fkGMLw4bqvL_NH6e2wMveX7G-rP2dAqsDSq1mJMOaY&_nc_zt=24&_nc_ht=scontent-gig4-1.xx&_nc_gid=AoBFJeGrT1hVaew_6rchkQ&oh=00_AfX7QmFGhQhG2jAllVgXCiM1ZrWgvtp80-Bfppyexh1QEg&oe=689E923C"},"aioseo_meta_data":{"post_id":"18125","title":null,"description":null,"keywords":null,"keyphrases":null,"primary_term":null,"canonical_url":null,"og_title":null,"og_description":null,"og_object_type":"default","og_image_type":"default","og_image_url":null,"og_image_width":null,"og_image_height":null,"og_image_custom_url":null,"og_image_custom_fields":null,"og_video":null,"og_custom_url":null,"og_article_section":null,"og_article_tags":null,"twitter_use_og":false,"twitter_card":"default","twitter_image_type":"default","twitter_image_url":null,"twitter_image_custom_url":null,"twitter_image_custom_fields":null,"twitter_title":null,"twitter_description":null,"schema":{"blockGraphs":[],"customGraphs":[],"default":{"data":{"Article":[],"Course":[],"Dataset":[],"FAQPage":[],"Movie":[],"Person":[],"Product":[],"ProductReview":[],"Car":[],"Recipe":[],"Service":[],"SoftwareApplication":[],"WebPage":[]},"graphName":"","isEnabled":true},"graphs":[]},"schema_type":"default","schema_type_options":null,"pillar_content":false,"robots_default":true,"robots_noindex":false,"robots_noarchive":false,"robots_nosnippet":false,"robots_nofollow":false,"robots_noimageindex":false,"robots_noodp":false,"robots_notranslate":false,"robots_max_snippet":null,"robots_max_videopreview":null,"robots_max_imagepreview":"large","priority":null,"frequency":null,"local_seo":null,"breadcrumb_settings":null,"limit_modified_date":false,"ai":null,"created":"2025-08-16 16:41:24","updated":"2025-08-16 16:41:24","focus_keyword":null,"additional_keywords":null,"truseo_locale":null,"seo_analyzer_scan_date":null},"aioseo_breadcrumb":"<div class=\"aioseo-breadcrumbs\"><span class=\"aioseo-breadcrumb\">\n\t\t\t<a href=\"https:\/\/anoticiaonline.com.br\/site\" title=\"Home\">Home<\/a>\n\t\t<\/span><span class=\"aioseo-breadcrumb-separator\">&raquo;<\/span><span class=\"aioseo-breadcrumb\">\n\t\t\t<a href=\"https:\/\/anoticiaonline.com.br\/site\/categoria\/muriae\/\" title=\"Blog\">Blog<\/a>\n\t\t<\/span><span class=\"aioseo-breadcrumb-separator\">&raquo;<\/span><span class=\"aioseo-breadcrumb\">\n\t\t\t2\u00ba Pelot\u00e3o do Corpo de Bombeiros tem novo comandante\n\t\t<\/span><\/div>","aioseo_breadcrumb_json":[{"label":"Home","link":"https:\/\/anoticiaonline.com.br\/site"},{"label":"Blog","link":"https:\/\/anoticiaonline.com.br\/site\/categoria\/muriae\/"},{"label":"2\u00ba Pelot\u00e3o do Corpo de Bombeiros tem novo comandante","link":"https:\/\/anoticiaonline.com.br\/site\/2o-pelotao-do-corpo-de-bombeiros-tem-novo-comandante-2\/"}],"views":183,"_links":{"self":[{"href":"https:\/\/anoticiaonline.com.br\/site\/wp-json\/wp\/v2\/posts\/18125","targetHints":{"allow":["GET"]}}],"collection":[{"href":"https:\/\/anoticiaonline.com.br\/site\/wp-json\/wp\/v2\/posts"}],"about":[{"href":"https:\/\/anoticiaonline.com.br\/site\/wp-json\/wp\/v2\/types\/post"}],"author":[{"embeddable":true,"href":"https:\/\/anoticiaonline.com.br\/site\/wp-json\/wp\/v2\/users\/2"}],"replies":[{"embeddable":true,"href":"https:\/\/anoticiaonline.com.br\/site\/wp-json\/wp\/v2\/comments?post=18125"}],"version-history":[{"count":0,"href":"https:\/\/anoticiaonline.com.br\/site\/wp-json\/wp\/v2\/posts\/18125\/revisions"}],"wp:featuredmedia":[{"embeddable":true,"href":"https:\/\/anoticiaonline.com.br\/site\/wp-json\/wp\/v2\/media\/18126"}],"wp:attachment":[{"href":"https:\/\/anoticiaonline.com.br\/site\/wp-json\/wp\/v2\/media?parent=18125"}],"wp:term":[{"taxonomy":"category","embeddable":true,"href":"https:\/\/anoticiaonline.com.br\/site\/wp-json\/wp\/v2\/categories?post=18125"},{"taxonomy":"post_tag","embeddable":true,"href":"https:\/\/anoticiaonline.com.br\/site\/wp-json\/wp\/v2\/tags?post=18125"}],"curies":[{"name":"wp","href":"https:\/\/api.w.org\/{rel}","templated":true}]}}