{"id":18022,"date":"2016-08-30T10:31:30","date_gmt":"2016-08-30T13:31:30","guid":{"rendered":"http:\/\/anoticiaonline.com.br\/site\/?p=18022"},"modified":"2016-08-30T10:31:30","modified_gmt":"2016-08-30T13:31:30","slug":"sindicato-dos-servidores-publicos-de-muriae-e-regiao-realiza-eleicao-da-nova-diretoria-ate-quinta-feira-1o","status":"publish","type":"post","link":"https:\/\/anoticiaonline.com.br\/site\/sindicato-dos-servidores-publicos-de-muriae-e-regiao-realiza-eleicao-da-nova-diretoria-ate-quinta-feira-1o\/","title":{"rendered":"Sindicato dos Servidores P\u00fablicos de Muria\u00e9 e Regi\u00e3o realiza elei\u00e7\u00e3o da nova diretoria at\u00e9 quinta-feira (1\u00ba)"},"content":{"rendered":"<p><a href=\"https:\/\/anoticiaonline.com.br\/site\/wp-content\/uploads\/2016\/08\/DSC_0369.jpg\"><img fetchpriority=\"high\" decoding=\"async\" class=\" size-medium wp-image-18023 alignleft\" src=\"https:\/\/anoticiaonline.com.br\/site\/wp-content\/uploads\/2016\/08\/DSC_0369-300x200.jpg\" alt=\"DSC_0369\" width=\"300\" height=\"200\" srcset=\"https:\/\/anoticiaonline.com.br\/site\/wp-content\/uploads\/2016\/08\/DSC_0369-300x200.jpg 300w, https:\/\/anoticiaonline.com.br\/site\/wp-content\/uploads\/2016\/08\/DSC_0369.jpg 640w\" sizes=\"(max-width: 300px) 100vw, 300px\" \/><\/a>Come\u00e7ou nesta ter\u00e7a-feira (30) e prossegue at\u00e9 quinta-feira (1\u00ba) a elei\u00e7\u00e3o da nova diretoria do Sindicato dos Servidores P\u00fablicos de Muria\u00e9 e Regi\u00e3o. Apenas uma chapa foi registrada para concorrer ao pleito, a qual tem \u00e0 frente o atual presidente, Ronaldo Alvarenga, que exerce a fun\u00e7\u00e3o h\u00e1 13 anos.<\/p>\n<p>Aproximadamente 1.600 servidores est\u00e3o aptos a votar. H\u00e1 uma urna fixa no sindicato e uma urna itinerante percorrendo os setores de trabalho, uma forma de oferecer maior comodidade aos votantes, os quais n\u00e3o ter\u00e3o de se preocupar caso n\u00e3o seja poss\u00edvel irem ao sindicato para a vota\u00e7\u00e3o.<\/p>\n<p>O sindicato convida os sindicalizados a participarem da elei\u00e7\u00e3o.<\/p>\n<p><img decoding=\"async\" class=\"ngg_displayed_gallery mceItem\" src=\"https:\/\/anoticiaonline.com.br\/site\/nextgen-attach_to_post\/preview\/id--18052\" alt=\"\" \/><\/p>\n","protected":false},"excerpt":{"rendered":"<p>Come\u00e7ou nesta ter\u00e7a-feira (30) e prossegue at\u00e9 quinta-feira (1\u00ba) a elei\u00e7\u00e3o da nova diretoria do Sindicato dos Servidores P\u00fablicos de Muria\u00e9 e Regi\u00e3o. Apenas uma chapa foi registrada para concorrer ao pleito, a qual tem \u00e0 frente o atual presidente, Ronaldo Alvarenga, que exerce a fun\u00e7\u00e3o h\u00e1 13 anos. Aproximadamente 1.600 servidores est\u00e3o aptos a &#8230; <a title=\"Sindicato dos Servidores P\u00fablicos de Muria\u00e9 e Regi\u00e3o realiza elei\u00e7\u00e3o da nova diretoria at\u00e9 quinta-feira (1\u00ba)\" class=\"read-more\" href=\"https:\/\/anoticiaonline.com.br\/site\/sindicato-dos-servidores-publicos-de-muriae-e-regiao-realiza-eleicao-da-nova-diretoria-ate-quinta-feira-1o\/\" aria-label=\"Read more about Sindicato dos Servidores P\u00fablicos de Muria\u00e9 e Regi\u00e3o realiza elei\u00e7\u00e3o da nova diretoria at\u00e9 quinta-feira (1\u00ba)\">Ler mais<\/a><\/p>\n","protected":false},"author":2,"featured_media":18023,"comment_status":"open","ping_status":"open","sticky":false,"template":"","format":"standard","meta":{"_acf_changed":false,"_monsterinsights_skip_tracking":false,"footnotes":""},"categories":[30],"tags":[3],"class_list":["post-18022","post","type-post","status-publish","format-standard","has-post-thumbnail","hentry","category-muriae","tag-slide"],"acf":[],"aioseo_notices":[],"aioseo_head":"\n\t\t<!-- All in One SEO 5.0.0.1 - aioseo.com -->\n\t<meta name=\"description\" content=\"Come\u00e7ou nesta ter\u00e7a-feira (30) e prossegue at\u00e9 quinta-feira (1\u00ba) a elei\u00e7\u00e3o da nova diretoria do Sindicato dos Servidores P\u00fablicos de Muria\u00e9 e Regi\u00e3o. Apenas uma chapa foi registrada para concorrer ao pleito, a qual tem \u00e0 frente o atual presidente, Ronaldo Alvarenga, que exerce a fun\u00e7\u00e3o h\u00e1 13 anos. Aproximadamente 1.600 servidores est\u00e3o aptos a\" \/>\n\t<meta name=\"robots\" content=\"max-image-preview:large\" \/>\n\t<meta name=\"author\" content=\"Juliana Laviola\"\/>\n\t<link rel=\"canonical\" href=\"https:\/\/anoticiaonline.com.br\/site\/sindicato-dos-servidores-publicos-de-muriae-e-regiao-realiza-eleicao-da-nova-diretoria-ate-quinta-feira-1o\/\" \/>\n\t<meta name=\"generator\" content=\"All in One SEO (AIOSEO) 5.0.0.1\" \/>\n\t\t<meta property=\"og:locale\" content=\"pt_BR\" \/>\n\t\t<meta property=\"og:site_name\" content=\"A Not\u00edcia Online - Noticias de Muria\u00e9 e regi\u00e3o\" \/>\n\t\t<meta property=\"og:type\" content=\"article\" \/>\n\t\t<meta property=\"og:title\" content=\"Sindicato dos Servidores P\u00fablicos de Muria\u00e9 e Regi\u00e3o realiza elei\u00e7\u00e3o da nova diretoria at\u00e9 quinta-feira (1\u00ba) - A Not\u00edcia Online\" \/>\n\t\t<meta property=\"og:description\" content=\"Come\u00e7ou nesta ter\u00e7a-feira (30) e prossegue at\u00e9 quinta-feira (1\u00ba) a elei\u00e7\u00e3o da nova diretoria do Sindicato dos Servidores P\u00fablicos de Muria\u00e9 e Regi\u00e3o. Apenas uma chapa foi registrada para concorrer ao pleito, a qual tem \u00e0 frente o atual presidente, Ronaldo Alvarenga, que exerce a fun\u00e7\u00e3o h\u00e1 13 anos. Aproximadamente 1.600 servidores est\u00e3o aptos a\" \/>\n\t\t<meta property=\"og:url\" content=\"https:\/\/anoticiaonline.com.br\/site\/sindicato-dos-servidores-publicos-de-muriae-e-regiao-realiza-eleicao-da-nova-diretoria-ate-quinta-feira-1o\/\" \/>\n\t\t<meta property=\"og:image\" content=\"https:\/\/scontent-gig4-1.xx.fbcdn.net\/v\/t39.30808-1\/270437624_4564083193639691_6907940295614233970_n.jpg?stp=dst-jpg_s200x200_tt6&#038;_nc_cat=111&#038;ccb=1-7&#038;_nc_sid=f907e8&#038;_nc_ohc=SM1wRlP3lJwQ7kNvwEPuBYA&#038;_nc_oc=AdnqrjDN_BNjSSHWO-GbkIWH6fkGMLw4bqvL_NH6e2wMveX7G-rP2dAqsDSq1mJMOaY&#038;_nc_zt=24&#038;_nc_ht=scontent-gig4-1.xx&#038;_nc_gid=AoBFJeGrT1hVaew_6rchkQ&#038;oh=00_AfX7QmFGhQhG2jAllVgXCiM1ZrWgvtp80-Bfppyexh1QEg&#038;oe=689E923C\" \/>\n\t\t<meta property=\"og:image:secure_url\" content=\"https:\/\/scontent-gig4-1.xx.fbcdn.net\/v\/t39.30808-1\/270437624_4564083193639691_6907940295614233970_n.jpg?stp=dst-jpg_s200x200_tt6&#038;_nc_cat=111&#038;ccb=1-7&#038;_nc_sid=f907e8&#038;_nc_ohc=SM1wRlP3lJwQ7kNvwEPuBYA&#038;_nc_oc=AdnqrjDN_BNjSSHWO-GbkIWH6fkGMLw4bqvL_NH6e2wMveX7G-rP2dAqsDSq1mJMOaY&#038;_nc_zt=24&#038;_nc_ht=scontent-gig4-1.xx&#038;_nc_gid=AoBFJeGrT1hVaew_6rchkQ&#038;oh=00_AfX7QmFGhQhG2jAllVgXCiM1ZrWgvtp80-Bfppyexh1QEg&#038;oe=689E923C\" \/>\n\t\t<meta property=\"article:published_time\" content=\"2016-08-30T13:31:30+00:00\" \/>\n\t\t<meta property=\"article:modified_time\" content=\"2016-08-30T13:31:30+00:00\" \/>\n\t\t<meta name=\"twitter:card\" content=\"summary_large_image\" \/>\n\t\t<meta name=\"twitter:title\" content=\"Sindicato dos Servidores P\u00fablicos de Muria\u00e9 e Regi\u00e3o realiza elei\u00e7\u00e3o da nova diretoria at\u00e9 quinta-feira (1\u00ba) - A Not\u00edcia Online\" \/>\n\t\t<meta name=\"twitter:description\" content=\"Come\u00e7ou nesta ter\u00e7a-feira (30) e prossegue at\u00e9 quinta-feira (1\u00ba) a elei\u00e7\u00e3o da nova diretoria do Sindicato dos Servidores P\u00fablicos de Muria\u00e9 e Regi\u00e3o. Apenas uma chapa foi registrada para concorrer ao pleito, a qual tem \u00e0 frente o atual presidente, Ronaldo Alvarenga, que exerce a fun\u00e7\u00e3o h\u00e1 13 anos. Aproximadamente 1.600 servidores est\u00e3o aptos a\" \/>\n\t\t<meta name=\"twitter:image\" content=\"https:\/\/scontent-gig4-1.xx.fbcdn.net\/v\/t39.30808-1\/270437624_4564083193639691_6907940295614233970_n.jpg?stp=dst-jpg_s200x200_tt6&amp;_nc_cat=111&amp;ccb=1-7&amp;_nc_sid=f907e8&amp;_nc_ohc=SM1wRlP3lJwQ7kNvwEPuBYA&amp;_nc_oc=AdnqrjDN_BNjSSHWO-GbkIWH6fkGMLw4bqvL_NH6e2wMveX7G-rP2dAqsDSq1mJMOaY&amp;_nc_zt=24&amp;_nc_ht=scontent-gig4-1.xx&amp;_nc_gid=AoBFJeGrT1hVaew_6rchkQ&amp;oh=00_AfX7QmFGhQhG2jAllVgXCiM1ZrWgvtp80-Bfppyexh1QEg&amp;oe=689E923C\" \/>\n\t\t<script type=\"application\/ld+json\" class=\"aioseo-schema\">\n\t\t\t{\"@context\":\"https:\\\/\\\/schema.org\",\"@graph\":[{\"@type\":\"BlogPosting\",\"@id\":\"https:\\\/\\\/anoticiaonline.com.br\\\/site\\\/sindicato-dos-servidores-publicos-de-muriae-e-regiao-realiza-eleicao-da-nova-diretoria-ate-quinta-feira-1o\\\/#blogposting\",\"name\":\"Sindicato dos Servidores P\\u00fablicos de Muria\\u00e9 e Regi\\u00e3o realiza elei\\u00e7\\u00e3o da nova diretoria at\\u00e9 quinta-feira (1\\u00ba) - A Not\\u00edcia Online\",\"headline\":\"Sindicato dos Servidores P\\u00fablicos de Muria\\u00e9 e Regi\\u00e3o realiza elei\\u00e7\\u00e3o da nova diretoria at\\u00e9 quinta-feira (1\\u00ba)\",\"author\":{\"@id\":\"https:\\\/\\\/anoticiaonline.com.br\\\/site\\\/author\\\/juliana\\\/#author\"},\"publisher\":{\"@id\":\"https:\\\/\\\/anoticiaonline.com.br\\\/site\\\/#organization\"},\"image\":{\"@type\":\"ImageObject\",\"url\":\"https:\\\/\\\/anoticiaonline.com.br\\\/site\\\/wp-content\\\/uploads\\\/2016\\\/08\\\/DSC_0369.jpg\",\"width\":640,\"height\":427},\"datePublished\":\"2016-08-30T10:31:30-03:00\",\"dateModified\":\"2016-08-30T10:31:30-03:00\",\"inLanguage\":\"pt-BR\",\"mainEntityOfPage\":{\"@id\":\"https:\\\/\\\/anoticiaonline.com.br\\\/site\\\/sindicato-dos-servidores-publicos-de-muriae-e-regiao-realiza-eleicao-da-nova-diretoria-ate-quinta-feira-1o\\\/#webpage\"},\"isPartOf\":{\"@id\":\"https:\\\/\\\/anoticiaonline.com.br\\\/site\\\/sindicato-dos-servidores-publicos-de-muriae-e-regiao-realiza-eleicao-da-nova-diretoria-ate-quinta-feira-1o\\\/#webpage\"},\"articleSection\":\"Blog, slide\"},{\"@type\":\"BreadcrumbList\",\"@id\":\"https:\\\/\\\/anoticiaonline.com.br\\\/site\\\/sindicato-dos-servidores-publicos-de-muriae-e-regiao-realiza-eleicao-da-nova-diretoria-ate-quinta-feira-1o\\\/#breadcrumblist\",\"itemListElement\":[{\"@type\":\"ListItem\",\"@id\":\"https:\\\/\\\/anoticiaonline.com.br\\\/site#listItem\",\"position\":1,\"name\":\"Home\",\"item\":\"https:\\\/\\\/anoticiaonline.com.br\\\/site\",\"nextItem\":{\"@type\":\"ListItem\",\"@id\":\"https:\\\/\\\/anoticiaonline.com.br\\\/site\\\/categoria\\\/muriae\\\/#listItem\",\"name\":\"Blog\"}},{\"@type\":\"ListItem\",\"@id\":\"https:\\\/\\\/anoticiaonline.com.br\\\/site\\\/categoria\\\/muriae\\\/#listItem\",\"position\":2,\"name\":\"Blog\",\"item\":\"https:\\\/\\\/anoticiaonline.com.br\\\/site\\\/categoria\\\/muriae\\\/\",\"nextItem\":{\"@type\":\"ListItem\",\"@id\":\"https:\\\/\\\/anoticiaonline.com.br\\\/site\\\/sindicato-dos-servidores-publicos-de-muriae-e-regiao-realiza-eleicao-da-nova-diretoria-ate-quinta-feira-1o\\\/#listItem\",\"name\":\"Sindicato dos Servidores P\\u00fablicos de Muria\\u00e9 e Regi\\u00e3o realiza elei\\u00e7\\u00e3o da nova diretoria at\\u00e9 quinta-feira (1\\u00ba)\"},\"previousItem\":{\"@type\":\"ListItem\",\"@id\":\"https:\\\/\\\/anoticiaonline.com.br\\\/site#listItem\",\"name\":\"Home\"}},{\"@type\":\"ListItem\",\"@id\":\"https:\\\/\\\/anoticiaonline.com.br\\\/site\\\/sindicato-dos-servidores-publicos-de-muriae-e-regiao-realiza-eleicao-da-nova-diretoria-ate-quinta-feira-1o\\\/#listItem\",\"position\":3,\"name\":\"Sindicato dos Servidores P\\u00fablicos de Muria\\u00e9 e Regi\\u00e3o realiza elei\\u00e7\\u00e3o da nova diretoria at\\u00e9 quinta-feira (1\\u00ba)\",\"previousItem\":{\"@type\":\"ListItem\",\"@id\":\"https:\\\/\\\/anoticiaonline.com.br\\\/site\\\/categoria\\\/muriae\\\/#listItem\",\"name\":\"Blog\"}}]},{\"@type\":\"Organization\",\"@id\":\"https:\\\/\\\/anoticiaonline.com.br\\\/site\\\/#organization\",\"name\":\"A Not\\u00edcia Online\",\"description\":\"Noticias de Muria\\u00e9 e regi\\u00e3o\",\"url\":\"https:\\\/\\\/anoticiaonline.com.br\\\/site\\\/\",\"logo\":{\"@type\":\"ImageObject\",\"url\":\"https:\\\/\\\/scontent-gig4-1.xx.fbcdn.net\\\/v\\\/t39.30808-1\\\/270437624_4564083193639691_6907940295614233970_n.jpg?stp=dst-jpg_s200x200_tt6&_nc_cat=111&ccb=1-7&_nc_sid=f907e8&_nc_ohc=SM1wRlP3lJwQ7kNvwEPuBYA&_nc_oc=AdnqrjDN_BNjSSHWO-GbkIWH6fkGMLw4bqvL_NH6e2wMveX7G-rP2dAqsDSq1mJMOaY&_nc_zt=24&_nc_ht=scontent-gig4-1.xx&_nc_gid=AoBFJeGrT1hVaew_6rchkQ&oh=00_AfX7QmFGhQhG2jAllVgXCiM1ZrWgvtp80-Bfppyexh1QEg&oe=689E923C\",\"@id\":\"https:\\\/\\\/anoticiaonline.com.br\\\/site\\\/sindicato-dos-servidores-publicos-de-muriae-e-regiao-realiza-eleicao-da-nova-diretoria-ate-quinta-feira-1o\\\/#organizationLogo\"},\"image\":{\"@id\":\"https:\\\/\\\/anoticiaonline.com.br\\\/site\\\/sindicato-dos-servidores-publicos-de-muriae-e-regiao-realiza-eleicao-da-nova-diretoria-ate-quinta-feira-1o\\\/#organizationLogo\"}},{\"@type\":\"Person\",\"@id\":\"https:\\\/\\\/anoticiaonline.com.br\\\/site\\\/author\\\/juliana\\\/#author\",\"url\":\"https:\\\/\\\/anoticiaonline.com.br\\\/site\\\/author\\\/juliana\\\/\",\"name\":\"Juliana Laviola\",\"image\":{\"@type\":\"ImageObject\",\"@id\":\"https:\\\/\\\/anoticiaonline.com.br\\\/site\\\/sindicato-dos-servidores-publicos-de-muriae-e-regiao-realiza-eleicao-da-nova-diretoria-ate-quinta-feira-1o\\\/#authorImage\",\"url\":\"https:\\\/\\\/secure.gravatar.com\\\/avatar\\\/b8d45f5c699b100dfaf0e543582f38f38bf94cb7ae3a5e9abf8d891a34773335?s=96&d=mm&r=g\",\"width\":96,\"height\":96,\"caption\":\"Juliana Laviola\"}},{\"@type\":\"WebPage\",\"@id\":\"https:\\\/\\\/anoticiaonline.com.br\\\/site\\\/sindicato-dos-servidores-publicos-de-muriae-e-regiao-realiza-eleicao-da-nova-diretoria-ate-quinta-feira-1o\\\/#webpage\",\"url\":\"https:\\\/\\\/anoticiaonline.com.br\\\/site\\\/sindicato-dos-servidores-publicos-de-muriae-e-regiao-realiza-eleicao-da-nova-diretoria-ate-quinta-feira-1o\\\/\",\"name\":\"Sindicato dos Servidores P\\u00fablicos de Muria\\u00e9 e Regi\\u00e3o realiza elei\\u00e7\\u00e3o da nova diretoria at\\u00e9 quinta-feira (1\\u00ba) - A Not\\u00edcia Online\",\"description\":\"Come\\u00e7ou nesta ter\\u00e7a-feira (30) e prossegue at\\u00e9 quinta-feira (1\\u00ba) a elei\\u00e7\\u00e3o da nova diretoria do Sindicato dos Servidores P\\u00fablicos de Muria\\u00e9 e Regi\\u00e3o. Apenas uma chapa foi registrada para concorrer ao pleito, a qual tem \\u00e0 frente o atual presidente, Ronaldo Alvarenga, que exerce a fun\\u00e7\\u00e3o h\\u00e1 13 anos. Aproximadamente 1.600 servidores est\\u00e3o aptos a\",\"inLanguage\":\"pt-BR\",\"isPartOf\":{\"@id\":\"https:\\\/\\\/anoticiaonline.com.br\\\/site\\\/#website\"},\"breadcrumb\":{\"@id\":\"https:\\\/\\\/anoticiaonline.com.br\\\/site\\\/sindicato-dos-servidores-publicos-de-muriae-e-regiao-realiza-eleicao-da-nova-diretoria-ate-quinta-feira-1o\\\/#breadcrumblist\"},\"author\":{\"@id\":\"https:\\\/\\\/anoticiaonline.com.br\\\/site\\\/author\\\/juliana\\\/#author\"},\"creator\":{\"@id\":\"https:\\\/\\\/anoticiaonline.com.br\\\/site\\\/author\\\/juliana\\\/#author\"},\"image\":{\"@type\":\"ImageObject\",\"url\":\"https:\\\/\\\/anoticiaonline.com.br\\\/site\\\/wp-content\\\/uploads\\\/2016\\\/08\\\/DSC_0369.jpg\",\"@id\":\"https:\\\/\\\/anoticiaonline.com.br\\\/site\\\/sindicato-dos-servidores-publicos-de-muriae-e-regiao-realiza-eleicao-da-nova-diretoria-ate-quinta-feira-1o\\\/#mainImage\",\"width\":640,\"height\":427},\"primaryImageOfPage\":{\"@id\":\"https:\\\/\\\/anoticiaonline.com.br\\\/site\\\/sindicato-dos-servidores-publicos-de-muriae-e-regiao-realiza-eleicao-da-nova-diretoria-ate-quinta-feira-1o\\\/#mainImage\"},\"datePublished\":\"2016-08-30T10:31:30-03:00\",\"dateModified\":\"2016-08-30T10:31:30-03:00\"},{\"@type\":\"WebSite\",\"@id\":\"https:\\\/\\\/anoticiaonline.com.br\\\/site\\\/#website\",\"url\":\"https:\\\/\\\/anoticiaonline.com.br\\\/site\\\/\",\"name\":\"A Not\\u00edcia Online\",\"description\":\"Noticias de Muria\\u00e9 e regi\\u00e3o\",\"inLanguage\":\"pt-BR\",\"publisher\":{\"@id\":\"https:\\\/\\\/anoticiaonline.com.br\\\/site\\\/#organization\"}}]}\n\t\t<\/script>\n\t\t<!-- All in One SEO -->\n\n","aioseo_head_json":{"title":"Sindicato dos Servidores P\u00fablicos de Muria\u00e9 e Regi\u00e3o realiza elei\u00e7\u00e3o da nova diretoria at\u00e9 quinta-feira (1\u00ba) - A Not\u00edcia Online","description":"Come\u00e7ou nesta ter\u00e7a-feira (30) e prossegue at\u00e9 quinta-feira (1\u00ba) a elei\u00e7\u00e3o da nova diretoria do Sindicato dos Servidores P\u00fablicos de Muria\u00e9 e Regi\u00e3o. Apenas uma chapa foi registrada para concorrer ao pleito, a qual tem \u00e0 frente o atual presidente, Ronaldo Alvarenga, que exerce a fun\u00e7\u00e3o h\u00e1 13 anos. Aproximadamente 1.600 servidores est\u00e3o aptos a","canonical_url":"https:\/\/anoticiaonline.com.br\/site\/sindicato-dos-servidores-publicos-de-muriae-e-regiao-realiza-eleicao-da-nova-diretoria-ate-quinta-feira-1o\/","robots":"max-image-preview:large","keywords":"","webmasterTools":{"miscellaneous":""},"schema":{"@context":"https:\/\/schema.org","@graph":[{"@type":"BlogPosting","@id":"https:\/\/anoticiaonline.com.br\/site\/sindicato-dos-servidores-publicos-de-muriae-e-regiao-realiza-eleicao-da-nova-diretoria-ate-quinta-feira-1o\/#blogposting","name":"Sindicato dos Servidores P\u00fablicos de Muria\u00e9 e Regi\u00e3o realiza elei\u00e7\u00e3o da nova diretoria at\u00e9 quinta-feira (1\u00ba) - A Not\u00edcia Online","headline":"Sindicato dos Servidores P\u00fablicos de Muria\u00e9 e Regi\u00e3o realiza elei\u00e7\u00e3o da nova diretoria at\u00e9 quinta-feira (1\u00ba)","author":{"@id":"https:\/\/anoticiaonline.com.br\/site\/author\/juliana\/#author"},"publisher":{"@id":"https:\/\/anoticiaonline.com.br\/site\/#organization"},"image":{"@type":"ImageObject","url":"https:\/\/anoticiaonline.com.br\/site\/wp-content\/uploads\/2016\/08\/DSC_0369.jpg","width":640,"height":427},"datePublished":"2016-08-30T10:31:30-03:00","dateModified":"2016-08-30T10:31:30-03:00","inLanguage":"pt-BR","mainEntityOfPage":{"@id":"https:\/\/anoticiaonline.com.br\/site\/sindicato-dos-servidores-publicos-de-muriae-e-regiao-realiza-eleicao-da-nova-diretoria-ate-quinta-feira-1o\/#webpage"},"isPartOf":{"@id":"https:\/\/anoticiaonline.com.br\/site\/sindicato-dos-servidores-publicos-de-muriae-e-regiao-realiza-eleicao-da-nova-diretoria-ate-quinta-feira-1o\/#webpage"},"articleSection":"Blog, slide"},{"@type":"BreadcrumbList","@id":"https:\/\/anoticiaonline.com.br\/site\/sindicato-dos-servidores-publicos-de-muriae-e-regiao-realiza-eleicao-da-nova-diretoria-ate-quinta-feira-1o\/#breadcrumblist","itemListElement":[{"@type":"ListItem","@id":"https:\/\/anoticiaonline.com.br\/site#listItem","position":1,"name":"Home","item":"https:\/\/anoticiaonline.com.br\/site","nextItem":{"@type":"ListItem","@id":"https:\/\/anoticiaonline.com.br\/site\/categoria\/muriae\/#listItem","name":"Blog"}},{"@type":"ListItem","@id":"https:\/\/anoticiaonline.com.br\/site\/categoria\/muriae\/#listItem","position":2,"name":"Blog","item":"https:\/\/anoticiaonline.com.br\/site\/categoria\/muriae\/","nextItem":{"@type":"ListItem","@id":"https:\/\/anoticiaonline.com.br\/site\/sindicato-dos-servidores-publicos-de-muriae-e-regiao-realiza-eleicao-da-nova-diretoria-ate-quinta-feira-1o\/#listItem","name":"Sindicato dos Servidores P\u00fablicos de Muria\u00e9 e Regi\u00e3o realiza elei\u00e7\u00e3o da nova diretoria at\u00e9 quinta-feira (1\u00ba)"},"previousItem":{"@type":"ListItem","@id":"https:\/\/anoticiaonline.com.br\/site#listItem","name":"Home"}},{"@type":"ListItem","@id":"https:\/\/anoticiaonline.com.br\/site\/sindicato-dos-servidores-publicos-de-muriae-e-regiao-realiza-eleicao-da-nova-diretoria-ate-quinta-feira-1o\/#listItem","position":3,"name":"Sindicato dos Servidores P\u00fablicos de Muria\u00e9 e Regi\u00e3o realiza elei\u00e7\u00e3o da nova diretoria at\u00e9 quinta-feira (1\u00ba)","previousItem":{"@type":"ListItem","@id":"https:\/\/anoticiaonline.com.br\/site\/categoria\/muriae\/#listItem","name":"Blog"}}]},{"@type":"Organization","@id":"https:\/\/anoticiaonline.com.br\/site\/#organization","name":"A Not\u00edcia Online","description":"Noticias de Muria\u00e9 e regi\u00e3o","url":"https:\/\/anoticiaonline.com.br\/site\/","logo":{"@type":"ImageObject","url":"https:\/\/scontent-gig4-1.xx.fbcdn.net\/v\/t39.30808-1\/270437624_4564083193639691_6907940295614233970_n.jpg?stp=dst-jpg_s200x200_tt6&_nc_cat=111&ccb=1-7&_nc_sid=f907e8&_nc_ohc=SM1wRlP3lJwQ7kNvwEPuBYA&_nc_oc=AdnqrjDN_BNjSSHWO-GbkIWH6fkGMLw4bqvL_NH6e2wMveX7G-rP2dAqsDSq1mJMOaY&_nc_zt=24&_nc_ht=scontent-gig4-1.xx&_nc_gid=AoBFJeGrT1hVaew_6rchkQ&oh=00_AfX7QmFGhQhG2jAllVgXCiM1ZrWgvtp80-Bfppyexh1QEg&oe=689E923C","@id":"https:\/\/anoticiaonline.com.br\/site\/sindicato-dos-servidores-publicos-de-muriae-e-regiao-realiza-eleicao-da-nova-diretoria-ate-quinta-feira-1o\/#organizationLogo"},"image":{"@id":"https:\/\/anoticiaonline.com.br\/site\/sindicato-dos-servidores-publicos-de-muriae-e-regiao-realiza-eleicao-da-nova-diretoria-ate-quinta-feira-1o\/#organizationLogo"}},{"@type":"Person","@id":"https:\/\/anoticiaonline.com.br\/site\/author\/juliana\/#author","url":"https:\/\/anoticiaonline.com.br\/site\/author\/juliana\/","name":"Juliana Laviola","image":{"@type":"ImageObject","@id":"https:\/\/anoticiaonline.com.br\/site\/sindicato-dos-servidores-publicos-de-muriae-e-regiao-realiza-eleicao-da-nova-diretoria-ate-quinta-feira-1o\/#authorImage","url":"https:\/\/secure.gravatar.com\/avatar\/b8d45f5c699b100dfaf0e543582f38f38bf94cb7ae3a5e9abf8d891a34773335?s=96&d=mm&r=g","width":96,"height":96,"caption":"Juliana Laviola"}},{"@type":"WebPage","@id":"https:\/\/anoticiaonline.com.br\/site\/sindicato-dos-servidores-publicos-de-muriae-e-regiao-realiza-eleicao-da-nova-diretoria-ate-quinta-feira-1o\/#webpage","url":"https:\/\/anoticiaonline.com.br\/site\/sindicato-dos-servidores-publicos-de-muriae-e-regiao-realiza-eleicao-da-nova-diretoria-ate-quinta-feira-1o\/","name":"Sindicato dos Servidores P\u00fablicos de Muria\u00e9 e Regi\u00e3o realiza elei\u00e7\u00e3o da nova diretoria at\u00e9 quinta-feira (1\u00ba) - A Not\u00edcia Online","description":"Come\u00e7ou nesta ter\u00e7a-feira (30) e prossegue at\u00e9 quinta-feira (1\u00ba) a elei\u00e7\u00e3o da nova diretoria do Sindicato dos Servidores P\u00fablicos de Muria\u00e9 e Regi\u00e3o. Apenas uma chapa foi registrada para concorrer ao pleito, a qual tem \u00e0 frente o atual presidente, Ronaldo Alvarenga, que exerce a fun\u00e7\u00e3o h\u00e1 13 anos. Aproximadamente 1.600 servidores est\u00e3o aptos a","inLanguage":"pt-BR","isPartOf":{"@id":"https:\/\/anoticiaonline.com.br\/site\/#website"},"breadcrumb":{"@id":"https:\/\/anoticiaonline.com.br\/site\/sindicato-dos-servidores-publicos-de-muriae-e-regiao-realiza-eleicao-da-nova-diretoria-ate-quinta-feira-1o\/#breadcrumblist"},"author":{"@id":"https:\/\/anoticiaonline.com.br\/site\/author\/juliana\/#author"},"creator":{"@id":"https:\/\/anoticiaonline.com.br\/site\/author\/juliana\/#author"},"image":{"@type":"ImageObject","url":"https:\/\/anoticiaonline.com.br\/site\/wp-content\/uploads\/2016\/08\/DSC_0369.jpg","@id":"https:\/\/anoticiaonline.com.br\/site\/sindicato-dos-servidores-publicos-de-muriae-e-regiao-realiza-eleicao-da-nova-diretoria-ate-quinta-feira-1o\/#mainImage","width":640,"height":427},"primaryImageOfPage":{"@id":"https:\/\/anoticiaonline.com.br\/site\/sindicato-dos-servidores-publicos-de-muriae-e-regiao-realiza-eleicao-da-nova-diretoria-ate-quinta-feira-1o\/#mainImage"},"datePublished":"2016-08-30T10:31:30-03:00","dateModified":"2016-08-30T10:31:30-03:00"},{"@type":"WebSite","@id":"https:\/\/anoticiaonline.com.br\/site\/#website","url":"https:\/\/anoticiaonline.com.br\/site\/","name":"A Not\u00edcia Online","description":"Noticias de Muria\u00e9 e regi\u00e3o","inLanguage":"pt-BR","publisher":{"@id":"https:\/\/anoticiaonline.com.br\/site\/#organization"}}]},"og:locale":"pt_BR","og:site_name":"A Not\u00edcia Online - Noticias de Muria\u00e9 e regi\u00e3o","og:type":"article","og:title":"Sindicato dos Servidores P\u00fablicos de Muria\u00e9 e Regi\u00e3o realiza elei\u00e7\u00e3o da nova diretoria at\u00e9 quinta-feira (1\u00ba) - A Not\u00edcia Online","og:description":"Come\u00e7ou nesta ter\u00e7a-feira (30) e prossegue at\u00e9 quinta-feira (1\u00ba) a elei\u00e7\u00e3o da nova diretoria do Sindicato dos Servidores P\u00fablicos de Muria\u00e9 e Regi\u00e3o. Apenas uma chapa foi registrada para concorrer ao pleito, a qual tem \u00e0 frente o atual presidente, Ronaldo Alvarenga, que exerce a fun\u00e7\u00e3o h\u00e1 13 anos. Aproximadamente 1.600 servidores est\u00e3o aptos a","og:url":"https:\/\/anoticiaonline.com.br\/site\/sindicato-dos-servidores-publicos-de-muriae-e-regiao-realiza-eleicao-da-nova-diretoria-ate-quinta-feira-1o\/","og:image":"https:\/\/scontent-gig4-1.xx.fbcdn.net\/v\/t39.30808-1\/270437624_4564083193639691_6907940295614233970_n.jpg?stp=dst-jpg_s200x200_tt6&#038;_nc_cat=111&#038;ccb=1-7&#038;_nc_sid=f907e8&#038;_nc_ohc=SM1wRlP3lJwQ7kNvwEPuBYA&#038;_nc_oc=AdnqrjDN_BNjSSHWO-GbkIWH6fkGMLw4bqvL_NH6e2wMveX7G-rP2dAqsDSq1mJMOaY&#038;_nc_zt=24&#038;_nc_ht=scontent-gig4-1.xx&#038;_nc_gid=AoBFJeGrT1hVaew_6rchkQ&#038;oh=00_AfX7QmFGhQhG2jAllVgXCiM1ZrWgvtp80-Bfppyexh1QEg&#038;oe=689E923C","og:image:secure_url":"https:\/\/scontent-gig4-1.xx.fbcdn.net\/v\/t39.30808-1\/270437624_4564083193639691_6907940295614233970_n.jpg?stp=dst-jpg_s200x200_tt6&#038;_nc_cat=111&#038;ccb=1-7&#038;_nc_sid=f907e8&#038;_nc_ohc=SM1wRlP3lJwQ7kNvwEPuBYA&#038;_nc_oc=AdnqrjDN_BNjSSHWO-GbkIWH6fkGMLw4bqvL_NH6e2wMveX7G-rP2dAqsDSq1mJMOaY&#038;_nc_zt=24&#038;_nc_ht=scontent-gig4-1.xx&#038;_nc_gid=AoBFJeGrT1hVaew_6rchkQ&#038;oh=00_AfX7QmFGhQhG2jAllVgXCiM1ZrWgvtp80-Bfppyexh1QEg&#038;oe=689E923C","article:published_time":"2016-08-30T13:31:30+00:00","article:modified_time":"2016-08-30T13:31:30+00:00","twitter:card":"summary_large_image","twitter:title":"Sindicato dos Servidores P\u00fablicos de Muria\u00e9 e Regi\u00e3o realiza elei\u00e7\u00e3o da nova diretoria at\u00e9 quinta-feira (1\u00ba) - A Not\u00edcia Online","twitter:description":"Come\u00e7ou nesta ter\u00e7a-feira (30) e prossegue at\u00e9 quinta-feira (1\u00ba) a elei\u00e7\u00e3o da nova diretoria do Sindicato dos Servidores P\u00fablicos de Muria\u00e9 e Regi\u00e3o. Apenas uma chapa foi registrada para concorrer ao pleito, a qual tem \u00e0 frente o atual presidente, Ronaldo Alvarenga, que exerce a fun\u00e7\u00e3o h\u00e1 13 anos. Aproximadamente 1.600 servidores est\u00e3o aptos a","twitter:image":"https:\/\/scontent-gig4-1.xx.fbcdn.net\/v\/t39.30808-1\/270437624_4564083193639691_6907940295614233970_n.jpg?stp=dst-jpg_s200x200_tt6&_nc_cat=111&ccb=1-7&_nc_sid=f907e8&_nc_ohc=SM1wRlP3lJwQ7kNvwEPuBYA&_nc_oc=AdnqrjDN_BNjSSHWO-GbkIWH6fkGMLw4bqvL_NH6e2wMveX7G-rP2dAqsDSq1mJMOaY&_nc_zt=24&_nc_ht=scontent-gig4-1.xx&_nc_gid=AoBFJeGrT1hVaew_6rchkQ&oh=00_AfX7QmFGhQhG2jAllVgXCiM1ZrWgvtp80-Bfppyexh1QEg&oe=689E923C"},"aioseo_meta_data":{"post_id":"18022","title":null,"description":null,"keywords":null,"keyphrases":null,"primary_term":null,"canonical_url":null,"og_title":null,"og_description":null,"og_object_type":"default","og_image_type":"default","og_image_url":null,"og_image_width":null,"og_image_height":null,"og_image_custom_url":null,"og_image_custom_fields":null,"og_video":null,"og_custom_url":null,"og_article_section":null,"og_article_tags":null,"twitter_use_og":false,"twitter_card":"default","twitter_image_type":"default","twitter_image_url":null,"twitter_image_custom_url":null,"twitter_image_custom_fields":null,"twitter_title":null,"twitter_description":null,"schema":{"blockGraphs":[],"customGraphs":[],"default":{"data":{"Article":[],"Course":[],"Dataset":[],"FAQPage":[],"Movie":[],"Person":[],"Product":[],"ProductReview":[],"Car":[],"Recipe":[],"Service":[],"SoftwareApplication":[],"WebPage":[]},"graphName":"","isEnabled":true},"graphs":[]},"schema_type":"default","schema_type_options":null,"pillar_content":false,"robots_default":true,"robots_noindex":false,"robots_noarchive":false,"robots_nosnippet":false,"robots_nofollow":false,"robots_noimageindex":false,"robots_noodp":false,"robots_notranslate":false,"robots_max_snippet":null,"robots_max_videopreview":null,"robots_max_imagepreview":"large","priority":null,"frequency":null,"local_seo":null,"breadcrumb_settings":null,"limit_modified_date":false,"ai":null,"created":"2025-08-16 16:41:24","updated":"2025-08-16 16:41:24","focus_keyword":null,"additional_keywords":null,"truseo_locale":null,"seo_analyzer_scan_date":null},"aioseo_breadcrumb":"<div class=\"aioseo-breadcrumbs\"><span class=\"aioseo-breadcrumb\">\n\t\t\t<a href=\"https:\/\/anoticiaonline.com.br\/site\" title=\"Home\">Home<\/a>\n\t\t<\/span><span class=\"aioseo-breadcrumb-separator\">&raquo;<\/span><span class=\"aioseo-breadcrumb\">\n\t\t\t<a href=\"https:\/\/anoticiaonline.com.br\/site\/categoria\/muriae\/\" title=\"Blog\">Blog<\/a>\n\t\t<\/span><span class=\"aioseo-breadcrumb-separator\">&raquo;<\/span><span class=\"aioseo-breadcrumb\">\n\t\t\tSindicato dos Servidores P\u00fablicos de Muria\u00e9 e Regi\u00e3o realiza elei\u00e7\u00e3o da nova diretoria at\u00e9 quinta-feira (1\u00ba)\n\t\t<\/span><\/div>","aioseo_breadcrumb_json":[{"label":"Home","link":"https:\/\/anoticiaonline.com.br\/site"},{"label":"Blog","link":"https:\/\/anoticiaonline.com.br\/site\/categoria\/muriae\/"},{"label":"Sindicato dos Servidores P\u00fablicos de Muria\u00e9 e Regi\u00e3o realiza elei\u00e7\u00e3o da nova diretoria at\u00e9 quinta-feira (1\u00ba)","link":"https:\/\/anoticiaonline.com.br\/site\/sindicato-dos-servidores-publicos-de-muriae-e-regiao-realiza-eleicao-da-nova-diretoria-ate-quinta-feira-1o\/"}],"views":146,"_links":{"self":[{"href":"https:\/\/anoticiaonline.com.br\/site\/wp-json\/wp\/v2\/posts\/18022","targetHints":{"allow":["GET"]}}],"collection":[{"href":"https:\/\/anoticiaonline.com.br\/site\/wp-json\/wp\/v2\/posts"}],"about":[{"href":"https:\/\/anoticiaonline.com.br\/site\/wp-json\/wp\/v2\/types\/post"}],"author":[{"embeddable":true,"href":"https:\/\/anoticiaonline.com.br\/site\/wp-json\/wp\/v2\/users\/2"}],"replies":[{"embeddable":true,"href":"https:\/\/anoticiaonline.com.br\/site\/wp-json\/wp\/v2\/comments?post=18022"}],"version-history":[{"count":0,"href":"https:\/\/anoticiaonline.com.br\/site\/wp-json\/wp\/v2\/posts\/18022\/revisions"}],"wp:featuredmedia":[{"embeddable":true,"href":"https:\/\/anoticiaonline.com.br\/site\/wp-json\/wp\/v2\/media\/18023"}],"wp:attachment":[{"href":"https:\/\/anoticiaonline.com.br\/site\/wp-json\/wp\/v2\/media?parent=18022"}],"wp:term":[{"taxonomy":"category","embeddable":true,"href":"https:\/\/anoticiaonline.com.br\/site\/wp-json\/wp\/v2\/categories?post=18022"},{"taxonomy":"post_tag","embeddable":true,"href":"https:\/\/anoticiaonline.com.br\/site\/wp-json\/wp\/v2\/tags?post=18022"}],"curies":[{"name":"wp","href":"https:\/\/api.w.org\/{rel}","templated":true}]}}