{"id":18019,"date":"2016-08-30T08:42:26","date_gmt":"2016-08-30T11:42:26","guid":{"rendered":"http:\/\/anoticiaonline.com.br\/site\/?p=18019"},"modified":"2016-08-30T08:42:26","modified_gmt":"2016-08-30T11:42:26","slug":"policia-civil-prende-dois-por-suspeita-de-participacao-em-quadrilha-de-furto-de-animais","status":"publish","type":"post","link":"https:\/\/anoticiaonline.com.br\/site\/policia-civil-prende-dois-por-suspeita-de-participacao-em-quadrilha-de-furto-de-animais\/","title":{"rendered":"Pol\u00edcia Civil prende dois por suspeita de participa\u00e7\u00e3o em quadrilha de furto de animais"},"content":{"rendered":"<p><a href=\"https:\/\/anoticiaonline.com.br\/site\/wp-content\/uploads\/2016\/08\/Pol\u00edcia-Civil-prende-dois-por-suspeita-de-participa\u00e7\u00e3o-em-quadrilha-de-furto-de-animais.jpg\"><img fetchpriority=\"high\" decoding=\"async\" class=\" size-medium wp-image-18020 alignleft\" src=\"https:\/\/anoticiaonline.com.br\/site\/wp-content\/uploads\/2016\/08\/Pol\u00edcia-Civil-prende-dois-por-suspeita-de-participa\u00e7\u00e3o-em-quadrilha-de-furto-de-animais-300x221.jpg\" alt=\"Pol\u00edcia Civil prende dois por suspeita de participa\u00e7\u00e3o em quadrilha de furto de animais\" width=\"300\" height=\"221\" srcset=\"https:\/\/anoticiaonline.com.br\/site\/wp-content\/uploads\/2016\/08\/Pol\u00edcia-Civil-prende-dois-por-suspeita-de-participa\u00e7\u00e3o-em-quadrilha-de-furto-de-animais-300x221.jpg 300w, https:\/\/anoticiaonline.com.br\/site\/wp-content\/uploads\/2016\/08\/Pol\u00edcia-Civil-prende-dois-por-suspeita-de-participa\u00e7\u00e3o-em-quadrilha-de-furto-de-animais.jpg 640w\" sizes=\"(max-width: 300px) 100vw, 300px\" \/><\/a>A Pol\u00edcia Civil de Muria\u00e9, atrav\u00e9s da 32\u00aa Delegacia, cumpriu na manh\u00e3\u00a0 de segunda-feira (29), no bairro S\u00e3o Joaquim dois mandados de pris\u00e3o tempor\u00e1ria em desfavor de F.A.C, 23 anos e J.S.S, de 40 anos. Um terceiro envolvido n\u00e3o foi localizado e encontra-se foragido.<\/p>\n<p>Ap\u00f3s investiga\u00e7\u00f5es, a pol\u00edcia identificou que tr\u00eas indiv\u00edduos, sendo pelo menos dois com participa\u00e7\u00e3o no tr\u00e1fico de drogas, fariam parte de uma quadrilha que estaria furtando animais na regi\u00e3o de Muria\u00e9. Na casa de um dos suspeitos ainda foi localizado documento de ve\u00edculos sem assinatura do delegado e placas de ve\u00edculos diversos.<\/p>\n<p>A opera\u00e7\u00e3o ainda contou com a ajuda do Corpo de Bombeiros, pois em uma das casas havia tr\u00eas c\u00e3es que precisaram ser dominados.<\/p>\n","protected":false},"excerpt":{"rendered":"<p>A Pol\u00edcia Civil de Muria\u00e9, atrav\u00e9s da 32\u00aa Delegacia, cumpriu na manh\u00e3\u00a0 de segunda-feira (29), no bairro S\u00e3o Joaquim dois mandados de pris\u00e3o tempor\u00e1ria em desfavor de F.A.C, 23 anos e J.S.S, de 40 anos. Um terceiro envolvido n\u00e3o foi localizado e encontra-se foragido. Ap\u00f3s investiga\u00e7\u00f5es, a pol\u00edcia identificou que tr\u00eas indiv\u00edduos, sendo pelo menos &#8230; <a title=\"Pol\u00edcia Civil prende dois por suspeita de participa\u00e7\u00e3o em quadrilha de furto de animais\" class=\"read-more\" href=\"https:\/\/anoticiaonline.com.br\/site\/policia-civil-prende-dois-por-suspeita-de-participacao-em-quadrilha-de-furto-de-animais\/\" aria-label=\"Read more about Pol\u00edcia Civil prende dois por suspeita de participa\u00e7\u00e3o em quadrilha de furto de animais\">Ler mais<\/a><\/p>\n","protected":false},"author":2,"featured_media":18020,"comment_status":"open","ping_status":"open","sticky":false,"template":"","format":"standard","meta":{"_acf_changed":false,"_monsterinsights_skip_tracking":false,"footnotes":""},"categories":[30],"tags":[3],"class_list":["post-18019","post","type-post","status-publish","format-standard","has-post-thumbnail","hentry","category-muriae","tag-slide"],"acf":[],"aioseo_notices":[],"aioseo_head":"\n\t\t<!-- All in One SEO 5.0.0.1 - aioseo.com -->\n\t<meta name=\"description\" content=\"A Pol\u00edcia Civil de Muria\u00e9, atrav\u00e9s da 32\u00aa Delegacia, cumpriu na manh\u00e3 de segunda-feira (29), no bairro S\u00e3o Joaquim dois mandados de pris\u00e3o tempor\u00e1ria em desfavor de F.A.C, 23 anos e J.S.S, de 40 anos. Um terceiro envolvido n\u00e3o foi localizado e encontra-se foragido. Ap\u00f3s investiga\u00e7\u00f5es, a pol\u00edcia identificou que tr\u00eas indiv\u00edduos, sendo pelo menos\" \/>\n\t<meta name=\"robots\" content=\"max-image-preview:large\" \/>\n\t<meta name=\"author\" content=\"Juliana Laviola\"\/>\n\t<link rel=\"canonical\" href=\"https:\/\/anoticiaonline.com.br\/site\/policia-civil-prende-dois-por-suspeita-de-participacao-em-quadrilha-de-furto-de-animais\/\" \/>\n\t<meta name=\"generator\" content=\"All in One SEO (AIOSEO) 5.0.0.1\" \/>\n\t\t<meta property=\"og:locale\" content=\"pt_BR\" \/>\n\t\t<meta property=\"og:site_name\" content=\"A Not\u00edcia Online - Noticias de Muria\u00e9 e regi\u00e3o\" \/>\n\t\t<meta property=\"og:type\" content=\"article\" \/>\n\t\t<meta property=\"og:title\" content=\"Pol\u00edcia Civil prende dois por suspeita de participa\u00e7\u00e3o em quadrilha de furto de animais - A Not\u00edcia Online\" \/>\n\t\t<meta property=\"og:description\" content=\"A Pol\u00edcia Civil de Muria\u00e9, atrav\u00e9s da 32\u00aa Delegacia, cumpriu na manh\u00e3 de segunda-feira (29), no bairro S\u00e3o Joaquim dois mandados de pris\u00e3o tempor\u00e1ria em desfavor de F.A.C, 23 anos e J.S.S, de 40 anos. Um terceiro envolvido n\u00e3o foi localizado e encontra-se foragido. Ap\u00f3s investiga\u00e7\u00f5es, a pol\u00edcia identificou que tr\u00eas indiv\u00edduos, sendo pelo menos\" \/>\n\t\t<meta property=\"og:url\" content=\"https:\/\/anoticiaonline.com.br\/site\/policia-civil-prende-dois-por-suspeita-de-participacao-em-quadrilha-de-furto-de-animais\/\" \/>\n\t\t<meta property=\"og:image\" content=\"https:\/\/scontent-gig4-1.xx.fbcdn.net\/v\/t39.30808-1\/270437624_4564083193639691_6907940295614233970_n.jpg?stp=dst-jpg_s200x200_tt6&#038;_nc_cat=111&#038;ccb=1-7&#038;_nc_sid=f907e8&#038;_nc_ohc=SM1wRlP3lJwQ7kNvwEPuBYA&#038;_nc_oc=AdnqrjDN_BNjSSHWO-GbkIWH6fkGMLw4bqvL_NH6e2wMveX7G-rP2dAqsDSq1mJMOaY&#038;_nc_zt=24&#038;_nc_ht=scontent-gig4-1.xx&#038;_nc_gid=AoBFJeGrT1hVaew_6rchkQ&#038;oh=00_AfX7QmFGhQhG2jAllVgXCiM1ZrWgvtp80-Bfppyexh1QEg&#038;oe=689E923C\" \/>\n\t\t<meta property=\"og:image:secure_url\" content=\"https:\/\/scontent-gig4-1.xx.fbcdn.net\/v\/t39.30808-1\/270437624_4564083193639691_6907940295614233970_n.jpg?stp=dst-jpg_s200x200_tt6&#038;_nc_cat=111&#038;ccb=1-7&#038;_nc_sid=f907e8&#038;_nc_ohc=SM1wRlP3lJwQ7kNvwEPuBYA&#038;_nc_oc=AdnqrjDN_BNjSSHWO-GbkIWH6fkGMLw4bqvL_NH6e2wMveX7G-rP2dAqsDSq1mJMOaY&#038;_nc_zt=24&#038;_nc_ht=scontent-gig4-1.xx&#038;_nc_gid=AoBFJeGrT1hVaew_6rchkQ&#038;oh=00_AfX7QmFGhQhG2jAllVgXCiM1ZrWgvtp80-Bfppyexh1QEg&#038;oe=689E923C\" \/>\n\t\t<meta property=\"article:published_time\" content=\"2016-08-30T11:42:26+00:00\" \/>\n\t\t<meta property=\"article:modified_time\" content=\"2016-08-30T11:42:26+00:00\" \/>\n\t\t<meta name=\"twitter:card\" content=\"summary_large_image\" \/>\n\t\t<meta name=\"twitter:title\" content=\"Pol\u00edcia Civil prende dois por suspeita de participa\u00e7\u00e3o em quadrilha de furto de animais - A Not\u00edcia Online\" \/>\n\t\t<meta name=\"twitter:description\" content=\"A Pol\u00edcia Civil de Muria\u00e9, atrav\u00e9s da 32\u00aa Delegacia, cumpriu na manh\u00e3 de segunda-feira (29), no bairro S\u00e3o Joaquim dois mandados de pris\u00e3o tempor\u00e1ria em desfavor de F.A.C, 23 anos e J.S.S, de 40 anos. Um terceiro envolvido n\u00e3o foi localizado e encontra-se foragido. Ap\u00f3s investiga\u00e7\u00f5es, a pol\u00edcia identificou que tr\u00eas indiv\u00edduos, sendo pelo menos\" \/>\n\t\t<meta name=\"twitter:image\" content=\"https:\/\/scontent-gig4-1.xx.fbcdn.net\/v\/t39.30808-1\/270437624_4564083193639691_6907940295614233970_n.jpg?stp=dst-jpg_s200x200_tt6&amp;_nc_cat=111&amp;ccb=1-7&amp;_nc_sid=f907e8&amp;_nc_ohc=SM1wRlP3lJwQ7kNvwEPuBYA&amp;_nc_oc=AdnqrjDN_BNjSSHWO-GbkIWH6fkGMLw4bqvL_NH6e2wMveX7G-rP2dAqsDSq1mJMOaY&amp;_nc_zt=24&amp;_nc_ht=scontent-gig4-1.xx&amp;_nc_gid=AoBFJeGrT1hVaew_6rchkQ&amp;oh=00_AfX7QmFGhQhG2jAllVgXCiM1ZrWgvtp80-Bfppyexh1QEg&amp;oe=689E923C\" \/>\n\t\t<script type=\"application\/ld+json\" class=\"aioseo-schema\">\n\t\t\t{\"@context\":\"https:\\\/\\\/schema.org\",\"@graph\":[{\"@type\":\"BlogPosting\",\"@id\":\"https:\\\/\\\/anoticiaonline.com.br\\\/site\\\/policia-civil-prende-dois-por-suspeita-de-participacao-em-quadrilha-de-furto-de-animais\\\/#blogposting\",\"name\":\"Pol\\u00edcia Civil prende dois por suspeita de participa\\u00e7\\u00e3o em quadrilha de furto de animais - A Not\\u00edcia Online\",\"headline\":\"Pol\\u00edcia Civil prende dois por suspeita de participa\\u00e7\\u00e3o em quadrilha de furto de animais\",\"author\":{\"@id\":\"https:\\\/\\\/anoticiaonline.com.br\\\/site\\\/author\\\/juliana\\\/#author\"},\"publisher\":{\"@id\":\"https:\\\/\\\/anoticiaonline.com.br\\\/site\\\/#organization\"},\"image\":{\"@type\":\"ImageObject\",\"url\":\"https:\\\/\\\/anoticiaonline.com.br\\\/site\\\/wp-content\\\/uploads\\\/2016\\\/08\\\/Pol\\u00edcia-Civil-prende-dois-por-suspeita-de-participa\\u00e7\\u00e3o-em-quadrilha-de-furto-de-animais.jpg\",\"width\":640,\"height\":470},\"datePublished\":\"2016-08-30T08:42:26-03:00\",\"dateModified\":\"2016-08-30T08:42:26-03:00\",\"inLanguage\":\"pt-BR\",\"mainEntityOfPage\":{\"@id\":\"https:\\\/\\\/anoticiaonline.com.br\\\/site\\\/policia-civil-prende-dois-por-suspeita-de-participacao-em-quadrilha-de-furto-de-animais\\\/#webpage\"},\"isPartOf\":{\"@id\":\"https:\\\/\\\/anoticiaonline.com.br\\\/site\\\/policia-civil-prende-dois-por-suspeita-de-participacao-em-quadrilha-de-furto-de-animais\\\/#webpage\"},\"articleSection\":\"Blog, slide\"},{\"@type\":\"BreadcrumbList\",\"@id\":\"https:\\\/\\\/anoticiaonline.com.br\\\/site\\\/policia-civil-prende-dois-por-suspeita-de-participacao-em-quadrilha-de-furto-de-animais\\\/#breadcrumblist\",\"itemListElement\":[{\"@type\":\"ListItem\",\"@id\":\"https:\\\/\\\/anoticiaonline.com.br\\\/site#listItem\",\"position\":1,\"name\":\"Home\",\"item\":\"https:\\\/\\\/anoticiaonline.com.br\\\/site\",\"nextItem\":{\"@type\":\"ListItem\",\"@id\":\"https:\\\/\\\/anoticiaonline.com.br\\\/site\\\/categoria\\\/muriae\\\/#listItem\",\"name\":\"Blog\"}},{\"@type\":\"ListItem\",\"@id\":\"https:\\\/\\\/anoticiaonline.com.br\\\/site\\\/categoria\\\/muriae\\\/#listItem\",\"position\":2,\"name\":\"Blog\",\"item\":\"https:\\\/\\\/anoticiaonline.com.br\\\/site\\\/categoria\\\/muriae\\\/\",\"nextItem\":{\"@type\":\"ListItem\",\"@id\":\"https:\\\/\\\/anoticiaonline.com.br\\\/site\\\/policia-civil-prende-dois-por-suspeita-de-participacao-em-quadrilha-de-furto-de-animais\\\/#listItem\",\"name\":\"Pol\\u00edcia Civil prende dois por suspeita de participa\\u00e7\\u00e3o em quadrilha de furto de animais\"},\"previousItem\":{\"@type\":\"ListItem\",\"@id\":\"https:\\\/\\\/anoticiaonline.com.br\\\/site#listItem\",\"name\":\"Home\"}},{\"@type\":\"ListItem\",\"@id\":\"https:\\\/\\\/anoticiaonline.com.br\\\/site\\\/policia-civil-prende-dois-por-suspeita-de-participacao-em-quadrilha-de-furto-de-animais\\\/#listItem\",\"position\":3,\"name\":\"Pol\\u00edcia Civil prende dois por suspeita de participa\\u00e7\\u00e3o em quadrilha de furto de animais\",\"previousItem\":{\"@type\":\"ListItem\",\"@id\":\"https:\\\/\\\/anoticiaonline.com.br\\\/site\\\/categoria\\\/muriae\\\/#listItem\",\"name\":\"Blog\"}}]},{\"@type\":\"Organization\",\"@id\":\"https:\\\/\\\/anoticiaonline.com.br\\\/site\\\/#organization\",\"name\":\"A Not\\u00edcia Online\",\"description\":\"Noticias de Muria\\u00e9 e regi\\u00e3o\",\"url\":\"https:\\\/\\\/anoticiaonline.com.br\\\/site\\\/\",\"logo\":{\"@type\":\"ImageObject\",\"url\":\"https:\\\/\\\/scontent-gig4-1.xx.fbcdn.net\\\/v\\\/t39.30808-1\\\/270437624_4564083193639691_6907940295614233970_n.jpg?stp=dst-jpg_s200x200_tt6&_nc_cat=111&ccb=1-7&_nc_sid=f907e8&_nc_ohc=SM1wRlP3lJwQ7kNvwEPuBYA&_nc_oc=AdnqrjDN_BNjSSHWO-GbkIWH6fkGMLw4bqvL_NH6e2wMveX7G-rP2dAqsDSq1mJMOaY&_nc_zt=24&_nc_ht=scontent-gig4-1.xx&_nc_gid=AoBFJeGrT1hVaew_6rchkQ&oh=00_AfX7QmFGhQhG2jAllVgXCiM1ZrWgvtp80-Bfppyexh1QEg&oe=689E923C\",\"@id\":\"https:\\\/\\\/anoticiaonline.com.br\\\/site\\\/policia-civil-prende-dois-por-suspeita-de-participacao-em-quadrilha-de-furto-de-animais\\\/#organizationLogo\"},\"image\":{\"@id\":\"https:\\\/\\\/anoticiaonline.com.br\\\/site\\\/policia-civil-prende-dois-por-suspeita-de-participacao-em-quadrilha-de-furto-de-animais\\\/#organizationLogo\"}},{\"@type\":\"Person\",\"@id\":\"https:\\\/\\\/anoticiaonline.com.br\\\/site\\\/author\\\/juliana\\\/#author\",\"url\":\"https:\\\/\\\/anoticiaonline.com.br\\\/site\\\/author\\\/juliana\\\/\",\"name\":\"Juliana Laviola\",\"image\":{\"@type\":\"ImageObject\",\"@id\":\"https:\\\/\\\/anoticiaonline.com.br\\\/site\\\/policia-civil-prende-dois-por-suspeita-de-participacao-em-quadrilha-de-furto-de-animais\\\/#authorImage\",\"url\":\"https:\\\/\\\/secure.gravatar.com\\\/avatar\\\/b8d45f5c699b100dfaf0e543582f38f38bf94cb7ae3a5e9abf8d891a34773335?s=96&d=mm&r=g\",\"width\":96,\"height\":96,\"caption\":\"Juliana Laviola\"}},{\"@type\":\"WebPage\",\"@id\":\"https:\\\/\\\/anoticiaonline.com.br\\\/site\\\/policia-civil-prende-dois-por-suspeita-de-participacao-em-quadrilha-de-furto-de-animais\\\/#webpage\",\"url\":\"https:\\\/\\\/anoticiaonline.com.br\\\/site\\\/policia-civil-prende-dois-por-suspeita-de-participacao-em-quadrilha-de-furto-de-animais\\\/\",\"name\":\"Pol\\u00edcia Civil prende dois por suspeita de participa\\u00e7\\u00e3o em quadrilha de furto de animais - A Not\\u00edcia Online\",\"description\":\"A Pol\\u00edcia Civil de Muria\\u00e9, atrav\\u00e9s da 32\\u00aa Delegacia, cumpriu na manh\\u00e3 de segunda-feira (29), no bairro S\\u00e3o Joaquim dois mandados de pris\\u00e3o tempor\\u00e1ria em desfavor de F.A.C, 23 anos e J.S.S, de 40 anos. Um terceiro envolvido n\\u00e3o foi localizado e encontra-se foragido. Ap\\u00f3s investiga\\u00e7\\u00f5es, a pol\\u00edcia identificou que tr\\u00eas indiv\\u00edduos, sendo pelo menos\",\"inLanguage\":\"pt-BR\",\"isPartOf\":{\"@id\":\"https:\\\/\\\/anoticiaonline.com.br\\\/site\\\/#website\"},\"breadcrumb\":{\"@id\":\"https:\\\/\\\/anoticiaonline.com.br\\\/site\\\/policia-civil-prende-dois-por-suspeita-de-participacao-em-quadrilha-de-furto-de-animais\\\/#breadcrumblist\"},\"author\":{\"@id\":\"https:\\\/\\\/anoticiaonline.com.br\\\/site\\\/author\\\/juliana\\\/#author\"},\"creator\":{\"@id\":\"https:\\\/\\\/anoticiaonline.com.br\\\/site\\\/author\\\/juliana\\\/#author\"},\"image\":{\"@type\":\"ImageObject\",\"url\":\"https:\\\/\\\/anoticiaonline.com.br\\\/site\\\/wp-content\\\/uploads\\\/2016\\\/08\\\/Pol\\u00edcia-Civil-prende-dois-por-suspeita-de-participa\\u00e7\\u00e3o-em-quadrilha-de-furto-de-animais.jpg\",\"@id\":\"https:\\\/\\\/anoticiaonline.com.br\\\/site\\\/policia-civil-prende-dois-por-suspeita-de-participacao-em-quadrilha-de-furto-de-animais\\\/#mainImage\",\"width\":640,\"height\":470},\"primaryImageOfPage\":{\"@id\":\"https:\\\/\\\/anoticiaonline.com.br\\\/site\\\/policia-civil-prende-dois-por-suspeita-de-participacao-em-quadrilha-de-furto-de-animais\\\/#mainImage\"},\"datePublished\":\"2016-08-30T08:42:26-03:00\",\"dateModified\":\"2016-08-30T08:42:26-03:00\"},{\"@type\":\"WebSite\",\"@id\":\"https:\\\/\\\/anoticiaonline.com.br\\\/site\\\/#website\",\"url\":\"https:\\\/\\\/anoticiaonline.com.br\\\/site\\\/\",\"name\":\"A Not\\u00edcia Online\",\"description\":\"Noticias de Muria\\u00e9 e regi\\u00e3o\",\"inLanguage\":\"pt-BR\",\"publisher\":{\"@id\":\"https:\\\/\\\/anoticiaonline.com.br\\\/site\\\/#organization\"}}]}\n\t\t<\/script>\n\t\t<!-- All in One SEO -->\n\n","aioseo_head_json":{"title":"Pol\u00edcia Civil prende dois por suspeita de participa\u00e7\u00e3o em quadrilha de furto de animais - A Not\u00edcia Online","description":"A Pol\u00edcia Civil de Muria\u00e9, atrav\u00e9s da 32\u00aa Delegacia, cumpriu na manh\u00e3 de segunda-feira (29), no bairro S\u00e3o Joaquim dois mandados de pris\u00e3o tempor\u00e1ria em desfavor de F.A.C, 23 anos e J.S.S, de 40 anos. Um terceiro envolvido n\u00e3o foi localizado e encontra-se foragido. Ap\u00f3s investiga\u00e7\u00f5es, a pol\u00edcia identificou que tr\u00eas indiv\u00edduos, sendo pelo menos","canonical_url":"https:\/\/anoticiaonline.com.br\/site\/policia-civil-prende-dois-por-suspeita-de-participacao-em-quadrilha-de-furto-de-animais\/","robots":"max-image-preview:large","keywords":"","webmasterTools":{"miscellaneous":""},"schema":{"@context":"https:\/\/schema.org","@graph":[{"@type":"BlogPosting","@id":"https:\/\/anoticiaonline.com.br\/site\/policia-civil-prende-dois-por-suspeita-de-participacao-em-quadrilha-de-furto-de-animais\/#blogposting","name":"Pol\u00edcia Civil prende dois por suspeita de participa\u00e7\u00e3o em quadrilha de furto de animais - A Not\u00edcia Online","headline":"Pol\u00edcia Civil prende dois por suspeita de participa\u00e7\u00e3o em quadrilha de furto de animais","author":{"@id":"https:\/\/anoticiaonline.com.br\/site\/author\/juliana\/#author"},"publisher":{"@id":"https:\/\/anoticiaonline.com.br\/site\/#organization"},"image":{"@type":"ImageObject","url":"https:\/\/anoticiaonline.com.br\/site\/wp-content\/uploads\/2016\/08\/Pol\u00edcia-Civil-prende-dois-por-suspeita-de-participa\u00e7\u00e3o-em-quadrilha-de-furto-de-animais.jpg","width":640,"height":470},"datePublished":"2016-08-30T08:42:26-03:00","dateModified":"2016-08-30T08:42:26-03:00","inLanguage":"pt-BR","mainEntityOfPage":{"@id":"https:\/\/anoticiaonline.com.br\/site\/policia-civil-prende-dois-por-suspeita-de-participacao-em-quadrilha-de-furto-de-animais\/#webpage"},"isPartOf":{"@id":"https:\/\/anoticiaonline.com.br\/site\/policia-civil-prende-dois-por-suspeita-de-participacao-em-quadrilha-de-furto-de-animais\/#webpage"},"articleSection":"Blog, slide"},{"@type":"BreadcrumbList","@id":"https:\/\/anoticiaonline.com.br\/site\/policia-civil-prende-dois-por-suspeita-de-participacao-em-quadrilha-de-furto-de-animais\/#breadcrumblist","itemListElement":[{"@type":"ListItem","@id":"https:\/\/anoticiaonline.com.br\/site#listItem","position":1,"name":"Home","item":"https:\/\/anoticiaonline.com.br\/site","nextItem":{"@type":"ListItem","@id":"https:\/\/anoticiaonline.com.br\/site\/categoria\/muriae\/#listItem","name":"Blog"}},{"@type":"ListItem","@id":"https:\/\/anoticiaonline.com.br\/site\/categoria\/muriae\/#listItem","position":2,"name":"Blog","item":"https:\/\/anoticiaonline.com.br\/site\/categoria\/muriae\/","nextItem":{"@type":"ListItem","@id":"https:\/\/anoticiaonline.com.br\/site\/policia-civil-prende-dois-por-suspeita-de-participacao-em-quadrilha-de-furto-de-animais\/#listItem","name":"Pol\u00edcia Civil prende dois por suspeita de participa\u00e7\u00e3o em quadrilha de furto de animais"},"previousItem":{"@type":"ListItem","@id":"https:\/\/anoticiaonline.com.br\/site#listItem","name":"Home"}},{"@type":"ListItem","@id":"https:\/\/anoticiaonline.com.br\/site\/policia-civil-prende-dois-por-suspeita-de-participacao-em-quadrilha-de-furto-de-animais\/#listItem","position":3,"name":"Pol\u00edcia Civil prende dois por suspeita de participa\u00e7\u00e3o em quadrilha de furto de animais","previousItem":{"@type":"ListItem","@id":"https:\/\/anoticiaonline.com.br\/site\/categoria\/muriae\/#listItem","name":"Blog"}}]},{"@type":"Organization","@id":"https:\/\/anoticiaonline.com.br\/site\/#organization","name":"A Not\u00edcia Online","description":"Noticias de Muria\u00e9 e regi\u00e3o","url":"https:\/\/anoticiaonline.com.br\/site\/","logo":{"@type":"ImageObject","url":"https:\/\/scontent-gig4-1.xx.fbcdn.net\/v\/t39.30808-1\/270437624_4564083193639691_6907940295614233970_n.jpg?stp=dst-jpg_s200x200_tt6&_nc_cat=111&ccb=1-7&_nc_sid=f907e8&_nc_ohc=SM1wRlP3lJwQ7kNvwEPuBYA&_nc_oc=AdnqrjDN_BNjSSHWO-GbkIWH6fkGMLw4bqvL_NH6e2wMveX7G-rP2dAqsDSq1mJMOaY&_nc_zt=24&_nc_ht=scontent-gig4-1.xx&_nc_gid=AoBFJeGrT1hVaew_6rchkQ&oh=00_AfX7QmFGhQhG2jAllVgXCiM1ZrWgvtp80-Bfppyexh1QEg&oe=689E923C","@id":"https:\/\/anoticiaonline.com.br\/site\/policia-civil-prende-dois-por-suspeita-de-participacao-em-quadrilha-de-furto-de-animais\/#organizationLogo"},"image":{"@id":"https:\/\/anoticiaonline.com.br\/site\/policia-civil-prende-dois-por-suspeita-de-participacao-em-quadrilha-de-furto-de-animais\/#organizationLogo"}},{"@type":"Person","@id":"https:\/\/anoticiaonline.com.br\/site\/author\/juliana\/#author","url":"https:\/\/anoticiaonline.com.br\/site\/author\/juliana\/","name":"Juliana Laviola","image":{"@type":"ImageObject","@id":"https:\/\/anoticiaonline.com.br\/site\/policia-civil-prende-dois-por-suspeita-de-participacao-em-quadrilha-de-furto-de-animais\/#authorImage","url":"https:\/\/secure.gravatar.com\/avatar\/b8d45f5c699b100dfaf0e543582f38f38bf94cb7ae3a5e9abf8d891a34773335?s=96&d=mm&r=g","width":96,"height":96,"caption":"Juliana Laviola"}},{"@type":"WebPage","@id":"https:\/\/anoticiaonline.com.br\/site\/policia-civil-prende-dois-por-suspeita-de-participacao-em-quadrilha-de-furto-de-animais\/#webpage","url":"https:\/\/anoticiaonline.com.br\/site\/policia-civil-prende-dois-por-suspeita-de-participacao-em-quadrilha-de-furto-de-animais\/","name":"Pol\u00edcia Civil prende dois por suspeita de participa\u00e7\u00e3o em quadrilha de furto de animais - A Not\u00edcia Online","description":"A Pol\u00edcia Civil de Muria\u00e9, atrav\u00e9s da 32\u00aa Delegacia, cumpriu na manh\u00e3 de segunda-feira (29), no bairro S\u00e3o Joaquim dois mandados de pris\u00e3o tempor\u00e1ria em desfavor de F.A.C, 23 anos e J.S.S, de 40 anos. Um terceiro envolvido n\u00e3o foi localizado e encontra-se foragido. Ap\u00f3s investiga\u00e7\u00f5es, a pol\u00edcia identificou que tr\u00eas indiv\u00edduos, sendo pelo menos","inLanguage":"pt-BR","isPartOf":{"@id":"https:\/\/anoticiaonline.com.br\/site\/#website"},"breadcrumb":{"@id":"https:\/\/anoticiaonline.com.br\/site\/policia-civil-prende-dois-por-suspeita-de-participacao-em-quadrilha-de-furto-de-animais\/#breadcrumblist"},"author":{"@id":"https:\/\/anoticiaonline.com.br\/site\/author\/juliana\/#author"},"creator":{"@id":"https:\/\/anoticiaonline.com.br\/site\/author\/juliana\/#author"},"image":{"@type":"ImageObject","url":"https:\/\/anoticiaonline.com.br\/site\/wp-content\/uploads\/2016\/08\/Pol\u00edcia-Civil-prende-dois-por-suspeita-de-participa\u00e7\u00e3o-em-quadrilha-de-furto-de-animais.jpg","@id":"https:\/\/anoticiaonline.com.br\/site\/policia-civil-prende-dois-por-suspeita-de-participacao-em-quadrilha-de-furto-de-animais\/#mainImage","width":640,"height":470},"primaryImageOfPage":{"@id":"https:\/\/anoticiaonline.com.br\/site\/policia-civil-prende-dois-por-suspeita-de-participacao-em-quadrilha-de-furto-de-animais\/#mainImage"},"datePublished":"2016-08-30T08:42:26-03:00","dateModified":"2016-08-30T08:42:26-03:00"},{"@type":"WebSite","@id":"https:\/\/anoticiaonline.com.br\/site\/#website","url":"https:\/\/anoticiaonline.com.br\/site\/","name":"A Not\u00edcia Online","description":"Noticias de Muria\u00e9 e regi\u00e3o","inLanguage":"pt-BR","publisher":{"@id":"https:\/\/anoticiaonline.com.br\/site\/#organization"}}]},"og:locale":"pt_BR","og:site_name":"A Not\u00edcia Online - Noticias de Muria\u00e9 e regi\u00e3o","og:type":"article","og:title":"Pol\u00edcia Civil prende dois por suspeita de participa\u00e7\u00e3o em quadrilha de furto de animais - A Not\u00edcia Online","og:description":"A Pol\u00edcia Civil de Muria\u00e9, atrav\u00e9s da 32\u00aa Delegacia, cumpriu na manh\u00e3 de segunda-feira (29), no bairro S\u00e3o Joaquim dois mandados de pris\u00e3o tempor\u00e1ria em desfavor de F.A.C, 23 anos e J.S.S, de 40 anos. Um terceiro envolvido n\u00e3o foi localizado e encontra-se foragido. Ap\u00f3s investiga\u00e7\u00f5es, a pol\u00edcia identificou que tr\u00eas indiv\u00edduos, sendo pelo menos","og:url":"https:\/\/anoticiaonline.com.br\/site\/policia-civil-prende-dois-por-suspeita-de-participacao-em-quadrilha-de-furto-de-animais\/","og:image":"https:\/\/scontent-gig4-1.xx.fbcdn.net\/v\/t39.30808-1\/270437624_4564083193639691_6907940295614233970_n.jpg?stp=dst-jpg_s200x200_tt6&#038;_nc_cat=111&#038;ccb=1-7&#038;_nc_sid=f907e8&#038;_nc_ohc=SM1wRlP3lJwQ7kNvwEPuBYA&#038;_nc_oc=AdnqrjDN_BNjSSHWO-GbkIWH6fkGMLw4bqvL_NH6e2wMveX7G-rP2dAqsDSq1mJMOaY&#038;_nc_zt=24&#038;_nc_ht=scontent-gig4-1.xx&#038;_nc_gid=AoBFJeGrT1hVaew_6rchkQ&#038;oh=00_AfX7QmFGhQhG2jAllVgXCiM1ZrWgvtp80-Bfppyexh1QEg&#038;oe=689E923C","og:image:secure_url":"https:\/\/scontent-gig4-1.xx.fbcdn.net\/v\/t39.30808-1\/270437624_4564083193639691_6907940295614233970_n.jpg?stp=dst-jpg_s200x200_tt6&#038;_nc_cat=111&#038;ccb=1-7&#038;_nc_sid=f907e8&#038;_nc_ohc=SM1wRlP3lJwQ7kNvwEPuBYA&#038;_nc_oc=AdnqrjDN_BNjSSHWO-GbkIWH6fkGMLw4bqvL_NH6e2wMveX7G-rP2dAqsDSq1mJMOaY&#038;_nc_zt=24&#038;_nc_ht=scontent-gig4-1.xx&#038;_nc_gid=AoBFJeGrT1hVaew_6rchkQ&#038;oh=00_AfX7QmFGhQhG2jAllVgXCiM1ZrWgvtp80-Bfppyexh1QEg&#038;oe=689E923C","article:published_time":"2016-08-30T11:42:26+00:00","article:modified_time":"2016-08-30T11:42:26+00:00","twitter:card":"summary_large_image","twitter:title":"Pol\u00edcia Civil prende dois por suspeita de participa\u00e7\u00e3o em quadrilha de furto de animais - A Not\u00edcia Online","twitter:description":"A Pol\u00edcia Civil de Muria\u00e9, atrav\u00e9s da 32\u00aa Delegacia, cumpriu na manh\u00e3 de segunda-feira (29), no bairro S\u00e3o Joaquim dois mandados de pris\u00e3o tempor\u00e1ria em desfavor de F.A.C, 23 anos e J.S.S, de 40 anos. Um terceiro envolvido n\u00e3o foi localizado e encontra-se foragido. Ap\u00f3s investiga\u00e7\u00f5es, a pol\u00edcia identificou que tr\u00eas indiv\u00edduos, sendo pelo menos","twitter:image":"https:\/\/scontent-gig4-1.xx.fbcdn.net\/v\/t39.30808-1\/270437624_4564083193639691_6907940295614233970_n.jpg?stp=dst-jpg_s200x200_tt6&_nc_cat=111&ccb=1-7&_nc_sid=f907e8&_nc_ohc=SM1wRlP3lJwQ7kNvwEPuBYA&_nc_oc=AdnqrjDN_BNjSSHWO-GbkIWH6fkGMLw4bqvL_NH6e2wMveX7G-rP2dAqsDSq1mJMOaY&_nc_zt=24&_nc_ht=scontent-gig4-1.xx&_nc_gid=AoBFJeGrT1hVaew_6rchkQ&oh=00_AfX7QmFGhQhG2jAllVgXCiM1ZrWgvtp80-Bfppyexh1QEg&oe=689E923C"},"aioseo_meta_data":{"post_id":"18019","title":null,"description":null,"keywords":null,"keyphrases":null,"primary_term":null,"canonical_url":null,"og_title":null,"og_description":null,"og_object_type":"default","og_image_type":"default","og_image_url":null,"og_image_width":null,"og_image_height":null,"og_image_custom_url":null,"og_image_custom_fields":null,"og_video":null,"og_custom_url":null,"og_article_section":null,"og_article_tags":null,"twitter_use_og":false,"twitter_card":"default","twitter_image_type":"default","twitter_image_url":null,"twitter_image_custom_url":null,"twitter_image_custom_fields":null,"twitter_title":null,"twitter_description":null,"schema":{"blockGraphs":[],"customGraphs":[],"default":{"data":{"Article":[],"Course":[],"Dataset":[],"FAQPage":[],"Movie":[],"Person":[],"Product":[],"ProductReview":[],"Car":[],"Recipe":[],"Service":[],"SoftwareApplication":[],"WebPage":[]},"graphName":"","isEnabled":true},"graphs":[]},"schema_type":"default","schema_type_options":null,"pillar_content":false,"robots_default":true,"robots_noindex":false,"robots_noarchive":false,"robots_nosnippet":false,"robots_nofollow":false,"robots_noimageindex":false,"robots_noodp":false,"robots_notranslate":false,"robots_max_snippet":null,"robots_max_videopreview":null,"robots_max_imagepreview":"large","priority":null,"frequency":null,"local_seo":null,"breadcrumb_settings":null,"limit_modified_date":false,"ai":null,"created":"2025-08-16 16:41:24","updated":"2025-08-16 16:41:24","focus_keyword":null,"additional_keywords":null,"truseo_locale":null,"seo_analyzer_scan_date":null},"aioseo_breadcrumb":"<div class=\"aioseo-breadcrumbs\"><span class=\"aioseo-breadcrumb\">\n\t\t\t<a href=\"https:\/\/anoticiaonline.com.br\/site\" title=\"Home\">Home<\/a>\n\t\t<\/span><span class=\"aioseo-breadcrumb-separator\">&raquo;<\/span><span class=\"aioseo-breadcrumb\">\n\t\t\t<a href=\"https:\/\/anoticiaonline.com.br\/site\/categoria\/muriae\/\" title=\"Blog\">Blog<\/a>\n\t\t<\/span><span class=\"aioseo-breadcrumb-separator\">&raquo;<\/span><span class=\"aioseo-breadcrumb\">\n\t\t\tPol\u00edcia Civil prende dois por suspeita de participa\u00e7\u00e3o em quadrilha de furto de animais\n\t\t<\/span><\/div>","aioseo_breadcrumb_json":[{"label":"Home","link":"https:\/\/anoticiaonline.com.br\/site"},{"label":"Blog","link":"https:\/\/anoticiaonline.com.br\/site\/categoria\/muriae\/"},{"label":"Pol\u00edcia Civil prende dois por suspeita de participa\u00e7\u00e3o em quadrilha de furto de animais","link":"https:\/\/anoticiaonline.com.br\/site\/policia-civil-prende-dois-por-suspeita-de-participacao-em-quadrilha-de-furto-de-animais\/"}],"views":166,"_links":{"self":[{"href":"https:\/\/anoticiaonline.com.br\/site\/wp-json\/wp\/v2\/posts\/18019","targetHints":{"allow":["GET"]}}],"collection":[{"href":"https:\/\/anoticiaonline.com.br\/site\/wp-json\/wp\/v2\/posts"}],"about":[{"href":"https:\/\/anoticiaonline.com.br\/site\/wp-json\/wp\/v2\/types\/post"}],"author":[{"embeddable":true,"href":"https:\/\/anoticiaonline.com.br\/site\/wp-json\/wp\/v2\/users\/2"}],"replies":[{"embeddable":true,"href":"https:\/\/anoticiaonline.com.br\/site\/wp-json\/wp\/v2\/comments?post=18019"}],"version-history":[{"count":0,"href":"https:\/\/anoticiaonline.com.br\/site\/wp-json\/wp\/v2\/posts\/18019\/revisions"}],"wp:featuredmedia":[{"embeddable":true,"href":"https:\/\/anoticiaonline.com.br\/site\/wp-json\/wp\/v2\/media\/18020"}],"wp:attachment":[{"href":"https:\/\/anoticiaonline.com.br\/site\/wp-json\/wp\/v2\/media?parent=18019"}],"wp:term":[{"taxonomy":"category","embeddable":true,"href":"https:\/\/anoticiaonline.com.br\/site\/wp-json\/wp\/v2\/categories?post=18019"},{"taxonomy":"post_tag","embeddable":true,"href":"https:\/\/anoticiaonline.com.br\/site\/wp-json\/wp\/v2\/tags?post=18019"}],"curies":[{"name":"wp","href":"https:\/\/api.w.org\/{rel}","templated":true}]}}