{"id":17410,"date":"2016-08-29T12:38:04","date_gmt":"2016-08-29T15:38:04","guid":{"rendered":"http:\/\/anoticiaonline.com.br\/site\/?p=17410"},"modified":"2016-08-29T14:54:31","modified_gmt":"2016-08-29T17:54:31","slug":"jornal-a-noticia-comemora-10-anos","status":"publish","type":"post","link":"https:\/\/anoticiaonline.com.br\/site\/jornal-a-noticia-comemora-10-anos\/","title":{"rendered":"Jornal A NOT\u00cdCIA comemora 10 anos"},"content":{"rendered":"<p><a href=\"https:\/\/anoticiaonline.com.br\/site\/wp-content\/uploads\/2016\/08\/DSC_07742.jpg\"><img fetchpriority=\"high\" decoding=\"async\" class=\" size-medium wp-image-17413 alignleft\" src=\"https:\/\/anoticiaonline.com.br\/site\/wp-content\/uploads\/2016\/08\/DSC_07742-300x203.jpg\" alt=\"DSC_0774\" width=\"300\" height=\"203\" srcset=\"https:\/\/anoticiaonline.com.br\/site\/wp-content\/uploads\/2016\/08\/DSC_07742-300x203.jpg 300w, https:\/\/anoticiaonline.com.br\/site\/wp-content\/uploads\/2016\/08\/DSC_07742.jpg 640w\" sizes=\"(max-width: 300px) 100vw, 300px\" \/><\/a>O Jornal A NOT\u00cdCIA comemorou seus 10 anos de funda\u00e7\u00e3o com atividades para a popula\u00e7\u00e3o na Pra\u00e7a Jo\u00e3o Pinheiro, Centro, no s\u00e1bado (27). H\u00e1 uma d\u00e9cada no mercado, a empresa se solidificou entre os melhores peri\u00f3dicos da cidade, com conte\u00fado de qualidade e circula\u00e7\u00e3o em diversos munic\u00edpios da Zona da Mata.<\/p>\n<p>Em parceria com empresas e institui\u00e7\u00f5es de Muria\u00e9, foram ofertados diversos servi\u00e7os, como aferi\u00e7\u00e3o de press\u00e3o arterial, teste de glicemia e dicas de alimenta\u00e7\u00e3o saud\u00e1vel, al\u00e9m de brincadeiras, pintura facial, aula de dan\u00e7a, apresenta\u00e7\u00e3o de muaythai, sorteio de brindes, pula-pula e distribui\u00e7\u00e3o de pipoca, algod\u00e3o-doce, cachorro-quente, bolo e refrigerante.<\/p>\n<p>De propriedade da jornalista, publicit\u00e1ria e empres\u00e1ria Juliana Couri Guedes Laviola, a primeira edi\u00e7\u00e3o do A NOT\u00cdCIA foi publicada no dia 5 de agosto de 2006. Desde ent\u00e3o, o seman\u00e1rio, com um trabalho s\u00e9rio, \u00e9tico, imparcial e de qualidade, registrando os fatos que acontecem na cidade e regi\u00e3o, se consolidou no mercado e se tornou um dos principais ve\u00edculos de comunica\u00e7\u00e3o da regi\u00e3o.<\/p>\n<p>A equipe \u00e9 formada, al\u00e9m da diretora-propriet\u00e1ria Juliana Laviola, pela jornalista Gabriela Marquito (editora-chefe), Renata Souza, Credian Borges, Marcele Souza (corretoras de marketing) e Leandro Bebiano (diagrama\u00e7\u00e3o), al\u00e9m dos colunistas Francisco Laviola, Adellunar Marge, Carlito Gravel, padre C\u00edcero Machado e Jos\u00e9 J\u00fanior Lima e do colaborador Carlos Vieira.<\/p>\n<p>\u201cConsolidados no mercado, queremos crescer ainda mais, levando sempre ao leitor informa\u00e7\u00e3o de qualidade, completa, imparcial e diversificada e prestar um atendimento personalizado aos nossos anunciantes. Obrigada a todos que contribuem e contribu\u00edram para o sucesso do A NOT\u00cdCIA\u201d, afirma Juliana Laviola.<\/p>\n<p><strong>O A NOT\u00cdCIA agradece aos parceiros do anivers\u00e1rio de 10 anos:<\/strong><br \/>\nUnifaminas, Sesc, CDL, Mix Lanches, C\u00e2mara de Dirigentes Lojistas (CDL), Joan Joias, Papelaria Top, Comercial 3C, Uaitec, Hospital S\u00e3o Paulo, Sindicato dos Servidores P\u00fablicos de Muria\u00e9 e Regi\u00e3o, Fundo Previdenci\u00e1rio dos Servidores P\u00fablicos de Muria\u00e9 (Muria\u00e9-Prev), La Castro Festas, Ateli\u00ea Marisa C. Souza, Produtos Safira, Roma Alimentos, V\u00eddeo Cl\u00ednica, Pernambucanas, Restaurante da Charretinha, Turma da Lua, Centro de Desenvolvimento Econ\u00f4mico, Social e Cultural de Muria\u00e9 e Regi\u00e3o (Condesc), Serra do Sol Churrascaria,\u00a0 Site Silvan Alves, Hakuna Batata, Arte &amp; Cozinha, Bio Est\u00e9tica, Auto Posto Nacional, Passoap\u00e9, Cristiane Tureta,\u00a0 Casa das Meias, Academia Thai Fighters, Supermercado e Padaria Louren\u00e7o, Supermercado Arma\u00e7\u00e3o, Churrascaria e Pizzaria Bras\u00e3o, Latic\u00ednios Preferido,\u00a0 Fruto Proibido, Bate Bocas, Off Cell e P\u00e3es Dona Beth.<\/p>\n<p>&nbsp;<\/p>\n<p><img decoding=\"async\" class=\"ngg_displayed_gallery mceItem\" src=\"https:\/\/anoticiaonline.com.br\/site\/nextgen-attach_to_post\/preview\/id--17971\" alt=\"\" \/><\/p>\n","protected":false},"excerpt":{"rendered":"<p>O Jornal A NOT\u00cdCIA comemorou seus 10 anos de funda\u00e7\u00e3o com atividades para a popula\u00e7\u00e3o na Pra\u00e7a Jo\u00e3o Pinheiro, Centro, no s\u00e1bado (27). H\u00e1 uma d\u00e9cada no mercado, a empresa se solidificou entre os melhores peri\u00f3dicos da cidade, com conte\u00fado de qualidade e circula\u00e7\u00e3o em diversos munic\u00edpios da Zona da Mata. Em parceria com empresas &#8230; <a title=\"Jornal A NOT\u00cdCIA comemora 10 anos\" class=\"read-more\" href=\"https:\/\/anoticiaonline.com.br\/site\/jornal-a-noticia-comemora-10-anos\/\" aria-label=\"Read more about Jornal A NOT\u00cdCIA comemora 10 anos\">Ler mais<\/a><\/p>\n","protected":false},"author":2,"featured_media":17413,"comment_status":"open","ping_status":"open","sticky":false,"template":"","format":"standard","meta":{"_acf_changed":false,"_monsterinsights_skip_tracking":false,"footnotes":""},"categories":[30],"tags":[3],"class_list":["post-17410","post","type-post","status-publish","format-standard","has-post-thumbnail","hentry","category-muriae","tag-slide"],"acf":[],"aioseo_notices":[],"aioseo_head":"\n\t\t<!-- All in One SEO 5.0.0.1 - aioseo.com -->\n\t<meta name=\"description\" content=\"O Jornal A NOT\u00cdCIA comemorou seus 10 anos de funda\u00e7\u00e3o com atividades para a popula\u00e7\u00e3o na Pra\u00e7a Jo\u00e3o Pinheiro, Centro, no s\u00e1bado (27). H\u00e1 uma d\u00e9cada no mercado, a empresa se solidificou entre os melhores peri\u00f3dicos da cidade, com conte\u00fado de qualidade e circula\u00e7\u00e3o em diversos munic\u00edpios da Zona da Mata. Em parceria com empresas\" \/>\n\t<meta name=\"robots\" content=\"max-image-preview:large\" \/>\n\t<meta name=\"author\" content=\"Juliana Laviola\"\/>\n\t<link rel=\"canonical\" href=\"https:\/\/anoticiaonline.com.br\/site\/jornal-a-noticia-comemora-10-anos\/\" \/>\n\t<meta name=\"generator\" content=\"All in One SEO (AIOSEO) 5.0.0.1\" \/>\n\t\t<meta property=\"og:locale\" content=\"pt_BR\" \/>\n\t\t<meta property=\"og:site_name\" content=\"A Not\u00edcia Online - Noticias de Muria\u00e9 e regi\u00e3o\" \/>\n\t\t<meta property=\"og:type\" content=\"article\" \/>\n\t\t<meta property=\"og:title\" content=\"Jornal A NOT\u00cdCIA comemora 10 anos - A Not\u00edcia Online\" \/>\n\t\t<meta property=\"og:description\" content=\"O Jornal A NOT\u00cdCIA comemorou seus 10 anos de funda\u00e7\u00e3o com atividades para a popula\u00e7\u00e3o na Pra\u00e7a Jo\u00e3o Pinheiro, Centro, no s\u00e1bado (27). H\u00e1 uma d\u00e9cada no mercado, a empresa se solidificou entre os melhores peri\u00f3dicos da cidade, com conte\u00fado de qualidade e circula\u00e7\u00e3o em diversos munic\u00edpios da Zona da Mata. Em parceria com empresas\" \/>\n\t\t<meta property=\"og:url\" content=\"https:\/\/anoticiaonline.com.br\/site\/jornal-a-noticia-comemora-10-anos\/\" \/>\n\t\t<meta property=\"og:image\" content=\"https:\/\/scontent-gig4-1.xx.fbcdn.net\/v\/t39.30808-1\/270437624_4564083193639691_6907940295614233970_n.jpg?stp=dst-jpg_s200x200_tt6&#038;_nc_cat=111&#038;ccb=1-7&#038;_nc_sid=f907e8&#038;_nc_ohc=SM1wRlP3lJwQ7kNvwEPuBYA&#038;_nc_oc=AdnqrjDN_BNjSSHWO-GbkIWH6fkGMLw4bqvL_NH6e2wMveX7G-rP2dAqsDSq1mJMOaY&#038;_nc_zt=24&#038;_nc_ht=scontent-gig4-1.xx&#038;_nc_gid=AoBFJeGrT1hVaew_6rchkQ&#038;oh=00_AfX7QmFGhQhG2jAllVgXCiM1ZrWgvtp80-Bfppyexh1QEg&#038;oe=689E923C\" \/>\n\t\t<meta property=\"og:image:secure_url\" content=\"https:\/\/scontent-gig4-1.xx.fbcdn.net\/v\/t39.30808-1\/270437624_4564083193639691_6907940295614233970_n.jpg?stp=dst-jpg_s200x200_tt6&#038;_nc_cat=111&#038;ccb=1-7&#038;_nc_sid=f907e8&#038;_nc_ohc=SM1wRlP3lJwQ7kNvwEPuBYA&#038;_nc_oc=AdnqrjDN_BNjSSHWO-GbkIWH6fkGMLw4bqvL_NH6e2wMveX7G-rP2dAqsDSq1mJMOaY&#038;_nc_zt=24&#038;_nc_ht=scontent-gig4-1.xx&#038;_nc_gid=AoBFJeGrT1hVaew_6rchkQ&#038;oh=00_AfX7QmFGhQhG2jAllVgXCiM1ZrWgvtp80-Bfppyexh1QEg&#038;oe=689E923C\" \/>\n\t\t<meta property=\"article:published_time\" content=\"2016-08-29T15:38:04+00:00\" \/>\n\t\t<meta property=\"article:modified_time\" content=\"2016-08-29T17:54:31+00:00\" \/>\n\t\t<meta name=\"twitter:card\" content=\"summary_large_image\" \/>\n\t\t<meta name=\"twitter:title\" content=\"Jornal A NOT\u00cdCIA comemora 10 anos - A Not\u00edcia Online\" \/>\n\t\t<meta name=\"twitter:description\" content=\"O Jornal A NOT\u00cdCIA comemorou seus 10 anos de funda\u00e7\u00e3o com atividades para a popula\u00e7\u00e3o na Pra\u00e7a Jo\u00e3o Pinheiro, Centro, no s\u00e1bado (27). H\u00e1 uma d\u00e9cada no mercado, a empresa se solidificou entre os melhores peri\u00f3dicos da cidade, com conte\u00fado de qualidade e circula\u00e7\u00e3o em diversos munic\u00edpios da Zona da Mata. Em parceria com empresas\" \/>\n\t\t<meta name=\"twitter:image\" content=\"https:\/\/scontent-gig4-1.xx.fbcdn.net\/v\/t39.30808-1\/270437624_4564083193639691_6907940295614233970_n.jpg?stp=dst-jpg_s200x200_tt6&amp;_nc_cat=111&amp;ccb=1-7&amp;_nc_sid=f907e8&amp;_nc_ohc=SM1wRlP3lJwQ7kNvwEPuBYA&amp;_nc_oc=AdnqrjDN_BNjSSHWO-GbkIWH6fkGMLw4bqvL_NH6e2wMveX7G-rP2dAqsDSq1mJMOaY&amp;_nc_zt=24&amp;_nc_ht=scontent-gig4-1.xx&amp;_nc_gid=AoBFJeGrT1hVaew_6rchkQ&amp;oh=00_AfX7QmFGhQhG2jAllVgXCiM1ZrWgvtp80-Bfppyexh1QEg&amp;oe=689E923C\" \/>\n\t\t<script type=\"application\/ld+json\" class=\"aioseo-schema\">\n\t\t\t{\"@context\":\"https:\\\/\\\/schema.org\",\"@graph\":[{\"@type\":\"BlogPosting\",\"@id\":\"https:\\\/\\\/anoticiaonline.com.br\\\/site\\\/jornal-a-noticia-comemora-10-anos\\\/#blogposting\",\"name\":\"Jornal A NOT\\u00cdCIA comemora 10 anos - A Not\\u00edcia Online\",\"headline\":\"Jornal A NOT\\u00cdCIA comemora 10 anos\",\"author\":{\"@id\":\"https:\\\/\\\/anoticiaonline.com.br\\\/site\\\/author\\\/juliana\\\/#author\"},\"publisher\":{\"@id\":\"https:\\\/\\\/anoticiaonline.com.br\\\/site\\\/#organization\"},\"image\":{\"@type\":\"ImageObject\",\"url\":\"https:\\\/\\\/anoticiaonline.com.br\\\/site\\\/wp-content\\\/uploads\\\/2016\\\/08\\\/DSC_07742.jpg\",\"width\":640,\"height\":434},\"datePublished\":\"2016-08-29T12:38:04-03:00\",\"dateModified\":\"2016-08-29T14:54:31-03:00\",\"inLanguage\":\"pt-BR\",\"mainEntityOfPage\":{\"@id\":\"https:\\\/\\\/anoticiaonline.com.br\\\/site\\\/jornal-a-noticia-comemora-10-anos\\\/#webpage\"},\"isPartOf\":{\"@id\":\"https:\\\/\\\/anoticiaonline.com.br\\\/site\\\/jornal-a-noticia-comemora-10-anos\\\/#webpage\"},\"articleSection\":\"Blog, slide\"},{\"@type\":\"BreadcrumbList\",\"@id\":\"https:\\\/\\\/anoticiaonline.com.br\\\/site\\\/jornal-a-noticia-comemora-10-anos\\\/#breadcrumblist\",\"itemListElement\":[{\"@type\":\"ListItem\",\"@id\":\"https:\\\/\\\/anoticiaonline.com.br\\\/site#listItem\",\"position\":1,\"name\":\"Home\",\"item\":\"https:\\\/\\\/anoticiaonline.com.br\\\/site\",\"nextItem\":{\"@type\":\"ListItem\",\"@id\":\"https:\\\/\\\/anoticiaonline.com.br\\\/site\\\/categoria\\\/muriae\\\/#listItem\",\"name\":\"Blog\"}},{\"@type\":\"ListItem\",\"@id\":\"https:\\\/\\\/anoticiaonline.com.br\\\/site\\\/categoria\\\/muriae\\\/#listItem\",\"position\":2,\"name\":\"Blog\",\"item\":\"https:\\\/\\\/anoticiaonline.com.br\\\/site\\\/categoria\\\/muriae\\\/\",\"nextItem\":{\"@type\":\"ListItem\",\"@id\":\"https:\\\/\\\/anoticiaonline.com.br\\\/site\\\/jornal-a-noticia-comemora-10-anos\\\/#listItem\",\"name\":\"Jornal A NOT\\u00cdCIA comemora 10 anos\"},\"previousItem\":{\"@type\":\"ListItem\",\"@id\":\"https:\\\/\\\/anoticiaonline.com.br\\\/site#listItem\",\"name\":\"Home\"}},{\"@type\":\"ListItem\",\"@id\":\"https:\\\/\\\/anoticiaonline.com.br\\\/site\\\/jornal-a-noticia-comemora-10-anos\\\/#listItem\",\"position\":3,\"name\":\"Jornal A NOT\\u00cdCIA comemora 10 anos\",\"previousItem\":{\"@type\":\"ListItem\",\"@id\":\"https:\\\/\\\/anoticiaonline.com.br\\\/site\\\/categoria\\\/muriae\\\/#listItem\",\"name\":\"Blog\"}}]},{\"@type\":\"Organization\",\"@id\":\"https:\\\/\\\/anoticiaonline.com.br\\\/site\\\/#organization\",\"name\":\"A Not\\u00edcia Online\",\"description\":\"Noticias de Muria\\u00e9 e regi\\u00e3o\",\"url\":\"https:\\\/\\\/anoticiaonline.com.br\\\/site\\\/\",\"logo\":{\"@type\":\"ImageObject\",\"url\":\"https:\\\/\\\/scontent-gig4-1.xx.fbcdn.net\\\/v\\\/t39.30808-1\\\/270437624_4564083193639691_6907940295614233970_n.jpg?stp=dst-jpg_s200x200_tt6&_nc_cat=111&ccb=1-7&_nc_sid=f907e8&_nc_ohc=SM1wRlP3lJwQ7kNvwEPuBYA&_nc_oc=AdnqrjDN_BNjSSHWO-GbkIWH6fkGMLw4bqvL_NH6e2wMveX7G-rP2dAqsDSq1mJMOaY&_nc_zt=24&_nc_ht=scontent-gig4-1.xx&_nc_gid=AoBFJeGrT1hVaew_6rchkQ&oh=00_AfX7QmFGhQhG2jAllVgXCiM1ZrWgvtp80-Bfppyexh1QEg&oe=689E923C\",\"@id\":\"https:\\\/\\\/anoticiaonline.com.br\\\/site\\\/jornal-a-noticia-comemora-10-anos\\\/#organizationLogo\"},\"image\":{\"@id\":\"https:\\\/\\\/anoticiaonline.com.br\\\/site\\\/jornal-a-noticia-comemora-10-anos\\\/#organizationLogo\"}},{\"@type\":\"Person\",\"@id\":\"https:\\\/\\\/anoticiaonline.com.br\\\/site\\\/author\\\/juliana\\\/#author\",\"url\":\"https:\\\/\\\/anoticiaonline.com.br\\\/site\\\/author\\\/juliana\\\/\",\"name\":\"Juliana Laviola\",\"image\":{\"@type\":\"ImageObject\",\"@id\":\"https:\\\/\\\/anoticiaonline.com.br\\\/site\\\/jornal-a-noticia-comemora-10-anos\\\/#authorImage\",\"url\":\"https:\\\/\\\/secure.gravatar.com\\\/avatar\\\/b8d45f5c699b100dfaf0e543582f38f38bf94cb7ae3a5e9abf8d891a34773335?s=96&d=mm&r=g\",\"width\":96,\"height\":96,\"caption\":\"Juliana Laviola\"}},{\"@type\":\"WebPage\",\"@id\":\"https:\\\/\\\/anoticiaonline.com.br\\\/site\\\/jornal-a-noticia-comemora-10-anos\\\/#webpage\",\"url\":\"https:\\\/\\\/anoticiaonline.com.br\\\/site\\\/jornal-a-noticia-comemora-10-anos\\\/\",\"name\":\"Jornal A NOT\\u00cdCIA comemora 10 anos - A Not\\u00edcia Online\",\"description\":\"O Jornal A NOT\\u00cdCIA comemorou seus 10 anos de funda\\u00e7\\u00e3o com atividades para a popula\\u00e7\\u00e3o na Pra\\u00e7a Jo\\u00e3o Pinheiro, Centro, no s\\u00e1bado (27). H\\u00e1 uma d\\u00e9cada no mercado, a empresa se solidificou entre os melhores peri\\u00f3dicos da cidade, com conte\\u00fado de qualidade e circula\\u00e7\\u00e3o em diversos munic\\u00edpios da Zona da Mata. Em parceria com empresas\",\"inLanguage\":\"pt-BR\",\"isPartOf\":{\"@id\":\"https:\\\/\\\/anoticiaonline.com.br\\\/site\\\/#website\"},\"breadcrumb\":{\"@id\":\"https:\\\/\\\/anoticiaonline.com.br\\\/site\\\/jornal-a-noticia-comemora-10-anos\\\/#breadcrumblist\"},\"author\":{\"@id\":\"https:\\\/\\\/anoticiaonline.com.br\\\/site\\\/author\\\/juliana\\\/#author\"},\"creator\":{\"@id\":\"https:\\\/\\\/anoticiaonline.com.br\\\/site\\\/author\\\/juliana\\\/#author\"},\"image\":{\"@type\":\"ImageObject\",\"url\":\"https:\\\/\\\/anoticiaonline.com.br\\\/site\\\/wp-content\\\/uploads\\\/2016\\\/08\\\/DSC_07742.jpg\",\"@id\":\"https:\\\/\\\/anoticiaonline.com.br\\\/site\\\/jornal-a-noticia-comemora-10-anos\\\/#mainImage\",\"width\":640,\"height\":434},\"primaryImageOfPage\":{\"@id\":\"https:\\\/\\\/anoticiaonline.com.br\\\/site\\\/jornal-a-noticia-comemora-10-anos\\\/#mainImage\"},\"datePublished\":\"2016-08-29T12:38:04-03:00\",\"dateModified\":\"2016-08-29T14:54:31-03:00\"},{\"@type\":\"WebSite\",\"@id\":\"https:\\\/\\\/anoticiaonline.com.br\\\/site\\\/#website\",\"url\":\"https:\\\/\\\/anoticiaonline.com.br\\\/site\\\/\",\"name\":\"A Not\\u00edcia Online\",\"description\":\"Noticias de Muria\\u00e9 e regi\\u00e3o\",\"inLanguage\":\"pt-BR\",\"publisher\":{\"@id\":\"https:\\\/\\\/anoticiaonline.com.br\\\/site\\\/#organization\"}}]}\n\t\t<\/script>\n\t\t<!-- All in One SEO -->\n\n","aioseo_head_json":{"title":"Jornal A NOT\u00cdCIA comemora 10 anos - A Not\u00edcia Online","description":"O Jornal A NOT\u00cdCIA comemorou seus 10 anos de funda\u00e7\u00e3o com atividades para a popula\u00e7\u00e3o na Pra\u00e7a Jo\u00e3o Pinheiro, Centro, no s\u00e1bado (27). H\u00e1 uma d\u00e9cada no mercado, a empresa se solidificou entre os melhores peri\u00f3dicos da cidade, com conte\u00fado de qualidade e circula\u00e7\u00e3o em diversos munic\u00edpios da Zona da Mata. Em parceria com empresas","canonical_url":"https:\/\/anoticiaonline.com.br\/site\/jornal-a-noticia-comemora-10-anos\/","robots":"max-image-preview:large","keywords":"","webmasterTools":{"miscellaneous":""},"schema":{"@context":"https:\/\/schema.org","@graph":[{"@type":"BlogPosting","@id":"https:\/\/anoticiaonline.com.br\/site\/jornal-a-noticia-comemora-10-anos\/#blogposting","name":"Jornal A NOT\u00cdCIA comemora 10 anos - A Not\u00edcia Online","headline":"Jornal A NOT\u00cdCIA comemora 10 anos","author":{"@id":"https:\/\/anoticiaonline.com.br\/site\/author\/juliana\/#author"},"publisher":{"@id":"https:\/\/anoticiaonline.com.br\/site\/#organization"},"image":{"@type":"ImageObject","url":"https:\/\/anoticiaonline.com.br\/site\/wp-content\/uploads\/2016\/08\/DSC_07742.jpg","width":640,"height":434},"datePublished":"2016-08-29T12:38:04-03:00","dateModified":"2016-08-29T14:54:31-03:00","inLanguage":"pt-BR","mainEntityOfPage":{"@id":"https:\/\/anoticiaonline.com.br\/site\/jornal-a-noticia-comemora-10-anos\/#webpage"},"isPartOf":{"@id":"https:\/\/anoticiaonline.com.br\/site\/jornal-a-noticia-comemora-10-anos\/#webpage"},"articleSection":"Blog, slide"},{"@type":"BreadcrumbList","@id":"https:\/\/anoticiaonline.com.br\/site\/jornal-a-noticia-comemora-10-anos\/#breadcrumblist","itemListElement":[{"@type":"ListItem","@id":"https:\/\/anoticiaonline.com.br\/site#listItem","position":1,"name":"Home","item":"https:\/\/anoticiaonline.com.br\/site","nextItem":{"@type":"ListItem","@id":"https:\/\/anoticiaonline.com.br\/site\/categoria\/muriae\/#listItem","name":"Blog"}},{"@type":"ListItem","@id":"https:\/\/anoticiaonline.com.br\/site\/categoria\/muriae\/#listItem","position":2,"name":"Blog","item":"https:\/\/anoticiaonline.com.br\/site\/categoria\/muriae\/","nextItem":{"@type":"ListItem","@id":"https:\/\/anoticiaonline.com.br\/site\/jornal-a-noticia-comemora-10-anos\/#listItem","name":"Jornal A NOT\u00cdCIA comemora 10 anos"},"previousItem":{"@type":"ListItem","@id":"https:\/\/anoticiaonline.com.br\/site#listItem","name":"Home"}},{"@type":"ListItem","@id":"https:\/\/anoticiaonline.com.br\/site\/jornal-a-noticia-comemora-10-anos\/#listItem","position":3,"name":"Jornal A NOT\u00cdCIA comemora 10 anos","previousItem":{"@type":"ListItem","@id":"https:\/\/anoticiaonline.com.br\/site\/categoria\/muriae\/#listItem","name":"Blog"}}]},{"@type":"Organization","@id":"https:\/\/anoticiaonline.com.br\/site\/#organization","name":"A Not\u00edcia Online","description":"Noticias de Muria\u00e9 e regi\u00e3o","url":"https:\/\/anoticiaonline.com.br\/site\/","logo":{"@type":"ImageObject","url":"https:\/\/scontent-gig4-1.xx.fbcdn.net\/v\/t39.30808-1\/270437624_4564083193639691_6907940295614233970_n.jpg?stp=dst-jpg_s200x200_tt6&_nc_cat=111&ccb=1-7&_nc_sid=f907e8&_nc_ohc=SM1wRlP3lJwQ7kNvwEPuBYA&_nc_oc=AdnqrjDN_BNjSSHWO-GbkIWH6fkGMLw4bqvL_NH6e2wMveX7G-rP2dAqsDSq1mJMOaY&_nc_zt=24&_nc_ht=scontent-gig4-1.xx&_nc_gid=AoBFJeGrT1hVaew_6rchkQ&oh=00_AfX7QmFGhQhG2jAllVgXCiM1ZrWgvtp80-Bfppyexh1QEg&oe=689E923C","@id":"https:\/\/anoticiaonline.com.br\/site\/jornal-a-noticia-comemora-10-anos\/#organizationLogo"},"image":{"@id":"https:\/\/anoticiaonline.com.br\/site\/jornal-a-noticia-comemora-10-anos\/#organizationLogo"}},{"@type":"Person","@id":"https:\/\/anoticiaonline.com.br\/site\/author\/juliana\/#author","url":"https:\/\/anoticiaonline.com.br\/site\/author\/juliana\/","name":"Juliana Laviola","image":{"@type":"ImageObject","@id":"https:\/\/anoticiaonline.com.br\/site\/jornal-a-noticia-comemora-10-anos\/#authorImage","url":"https:\/\/secure.gravatar.com\/avatar\/b8d45f5c699b100dfaf0e543582f38f38bf94cb7ae3a5e9abf8d891a34773335?s=96&d=mm&r=g","width":96,"height":96,"caption":"Juliana Laviola"}},{"@type":"WebPage","@id":"https:\/\/anoticiaonline.com.br\/site\/jornal-a-noticia-comemora-10-anos\/#webpage","url":"https:\/\/anoticiaonline.com.br\/site\/jornal-a-noticia-comemora-10-anos\/","name":"Jornal A NOT\u00cdCIA comemora 10 anos - A Not\u00edcia Online","description":"O Jornal A NOT\u00cdCIA comemorou seus 10 anos de funda\u00e7\u00e3o com atividades para a popula\u00e7\u00e3o na Pra\u00e7a Jo\u00e3o Pinheiro, Centro, no s\u00e1bado (27). H\u00e1 uma d\u00e9cada no mercado, a empresa se solidificou entre os melhores peri\u00f3dicos da cidade, com conte\u00fado de qualidade e circula\u00e7\u00e3o em diversos munic\u00edpios da Zona da Mata. Em parceria com empresas","inLanguage":"pt-BR","isPartOf":{"@id":"https:\/\/anoticiaonline.com.br\/site\/#website"},"breadcrumb":{"@id":"https:\/\/anoticiaonline.com.br\/site\/jornal-a-noticia-comemora-10-anos\/#breadcrumblist"},"author":{"@id":"https:\/\/anoticiaonline.com.br\/site\/author\/juliana\/#author"},"creator":{"@id":"https:\/\/anoticiaonline.com.br\/site\/author\/juliana\/#author"},"image":{"@type":"ImageObject","url":"https:\/\/anoticiaonline.com.br\/site\/wp-content\/uploads\/2016\/08\/DSC_07742.jpg","@id":"https:\/\/anoticiaonline.com.br\/site\/jornal-a-noticia-comemora-10-anos\/#mainImage","width":640,"height":434},"primaryImageOfPage":{"@id":"https:\/\/anoticiaonline.com.br\/site\/jornal-a-noticia-comemora-10-anos\/#mainImage"},"datePublished":"2016-08-29T12:38:04-03:00","dateModified":"2016-08-29T14:54:31-03:00"},{"@type":"WebSite","@id":"https:\/\/anoticiaonline.com.br\/site\/#website","url":"https:\/\/anoticiaonline.com.br\/site\/","name":"A Not\u00edcia Online","description":"Noticias de Muria\u00e9 e regi\u00e3o","inLanguage":"pt-BR","publisher":{"@id":"https:\/\/anoticiaonline.com.br\/site\/#organization"}}]},"og:locale":"pt_BR","og:site_name":"A Not\u00edcia Online - Noticias de Muria\u00e9 e regi\u00e3o","og:type":"article","og:title":"Jornal A NOT\u00cdCIA comemora 10 anos - A Not\u00edcia Online","og:description":"O Jornal A NOT\u00cdCIA comemorou seus 10 anos de funda\u00e7\u00e3o com atividades para a popula\u00e7\u00e3o na Pra\u00e7a Jo\u00e3o Pinheiro, Centro, no s\u00e1bado (27). H\u00e1 uma d\u00e9cada no mercado, a empresa se solidificou entre os melhores peri\u00f3dicos da cidade, com conte\u00fado de qualidade e circula\u00e7\u00e3o em diversos munic\u00edpios da Zona da Mata. Em parceria com empresas","og:url":"https:\/\/anoticiaonline.com.br\/site\/jornal-a-noticia-comemora-10-anos\/","og:image":"https:\/\/scontent-gig4-1.xx.fbcdn.net\/v\/t39.30808-1\/270437624_4564083193639691_6907940295614233970_n.jpg?stp=dst-jpg_s200x200_tt6&#038;_nc_cat=111&#038;ccb=1-7&#038;_nc_sid=f907e8&#038;_nc_ohc=SM1wRlP3lJwQ7kNvwEPuBYA&#038;_nc_oc=AdnqrjDN_BNjSSHWO-GbkIWH6fkGMLw4bqvL_NH6e2wMveX7G-rP2dAqsDSq1mJMOaY&#038;_nc_zt=24&#038;_nc_ht=scontent-gig4-1.xx&#038;_nc_gid=AoBFJeGrT1hVaew_6rchkQ&#038;oh=00_AfX7QmFGhQhG2jAllVgXCiM1ZrWgvtp80-Bfppyexh1QEg&#038;oe=689E923C","og:image:secure_url":"https:\/\/scontent-gig4-1.xx.fbcdn.net\/v\/t39.30808-1\/270437624_4564083193639691_6907940295614233970_n.jpg?stp=dst-jpg_s200x200_tt6&#038;_nc_cat=111&#038;ccb=1-7&#038;_nc_sid=f907e8&#038;_nc_ohc=SM1wRlP3lJwQ7kNvwEPuBYA&#038;_nc_oc=AdnqrjDN_BNjSSHWO-GbkIWH6fkGMLw4bqvL_NH6e2wMveX7G-rP2dAqsDSq1mJMOaY&#038;_nc_zt=24&#038;_nc_ht=scontent-gig4-1.xx&#038;_nc_gid=AoBFJeGrT1hVaew_6rchkQ&#038;oh=00_AfX7QmFGhQhG2jAllVgXCiM1ZrWgvtp80-Bfppyexh1QEg&#038;oe=689E923C","article:published_time":"2016-08-29T15:38:04+00:00","article:modified_time":"2016-08-29T17:54:31+00:00","twitter:card":"summary_large_image","twitter:title":"Jornal A NOT\u00cdCIA comemora 10 anos - A Not\u00edcia Online","twitter:description":"O Jornal A NOT\u00cdCIA comemorou seus 10 anos de funda\u00e7\u00e3o com atividades para a popula\u00e7\u00e3o na Pra\u00e7a Jo\u00e3o Pinheiro, Centro, no s\u00e1bado (27). H\u00e1 uma d\u00e9cada no mercado, a empresa se solidificou entre os melhores peri\u00f3dicos da cidade, com conte\u00fado de qualidade e circula\u00e7\u00e3o em diversos munic\u00edpios da Zona da Mata. Em parceria com empresas","twitter:image":"https:\/\/scontent-gig4-1.xx.fbcdn.net\/v\/t39.30808-1\/270437624_4564083193639691_6907940295614233970_n.jpg?stp=dst-jpg_s200x200_tt6&_nc_cat=111&ccb=1-7&_nc_sid=f907e8&_nc_ohc=SM1wRlP3lJwQ7kNvwEPuBYA&_nc_oc=AdnqrjDN_BNjSSHWO-GbkIWH6fkGMLw4bqvL_NH6e2wMveX7G-rP2dAqsDSq1mJMOaY&_nc_zt=24&_nc_ht=scontent-gig4-1.xx&_nc_gid=AoBFJeGrT1hVaew_6rchkQ&oh=00_AfX7QmFGhQhG2jAllVgXCiM1ZrWgvtp80-Bfppyexh1QEg&oe=689E923C"},"aioseo_meta_data":{"post_id":"17410","title":null,"description":null,"keywords":null,"keyphrases":null,"primary_term":null,"canonical_url":null,"og_title":null,"og_description":null,"og_object_type":"default","og_image_type":"default","og_image_url":null,"og_image_width":null,"og_image_height":null,"og_image_custom_url":null,"og_image_custom_fields":null,"og_video":null,"og_custom_url":null,"og_article_section":null,"og_article_tags":null,"twitter_use_og":false,"twitter_card":"default","twitter_image_type":"default","twitter_image_url":null,"twitter_image_custom_url":null,"twitter_image_custom_fields":null,"twitter_title":null,"twitter_description":null,"schema":{"blockGraphs":[],"customGraphs":[],"default":{"data":{"Article":[],"Course":[],"Dataset":[],"FAQPage":[],"Movie":[],"Person":[],"Product":[],"ProductReview":[],"Car":[],"Recipe":[],"Service":[],"SoftwareApplication":[],"WebPage":[]},"graphName":"","isEnabled":true},"graphs":[]},"schema_type":"default","schema_type_options":null,"pillar_content":false,"robots_default":true,"robots_noindex":false,"robots_noarchive":false,"robots_nosnippet":false,"robots_nofollow":false,"robots_noimageindex":false,"robots_noodp":false,"robots_notranslate":false,"robots_max_snippet":null,"robots_max_videopreview":null,"robots_max_imagepreview":"large","priority":null,"frequency":null,"local_seo":null,"breadcrumb_settings":null,"limit_modified_date":false,"ai":null,"created":"2025-08-16 16:41:24","updated":"2025-08-16 16:41:24","focus_keyword":null,"additional_keywords":null,"truseo_locale":null,"seo_analyzer_scan_date":null},"aioseo_breadcrumb":"<div class=\"aioseo-breadcrumbs\"><span class=\"aioseo-breadcrumb\">\n\t\t\t<a href=\"https:\/\/anoticiaonline.com.br\/site\" title=\"Home\">Home<\/a>\n\t\t<\/span><span class=\"aioseo-breadcrumb-separator\">&raquo;<\/span><span class=\"aioseo-breadcrumb\">\n\t\t\t<a href=\"https:\/\/anoticiaonline.com.br\/site\/categoria\/muriae\/\" title=\"Blog\">Blog<\/a>\n\t\t<\/span><span class=\"aioseo-breadcrumb-separator\">&raquo;<\/span><span class=\"aioseo-breadcrumb\">\n\t\t\tJornal A NOT\u00cdCIA comemora 10 anos\n\t\t<\/span><\/div>","aioseo_breadcrumb_json":[{"label":"Home","link":"https:\/\/anoticiaonline.com.br\/site"},{"label":"Blog","link":"https:\/\/anoticiaonline.com.br\/site\/categoria\/muriae\/"},{"label":"Jornal A NOT\u00cdCIA comemora 10 anos","link":"https:\/\/anoticiaonline.com.br\/site\/jornal-a-noticia-comemora-10-anos\/"}],"views":733,"_links":{"self":[{"href":"https:\/\/anoticiaonline.com.br\/site\/wp-json\/wp\/v2\/posts\/17410","targetHints":{"allow":["GET"]}}],"collection":[{"href":"https:\/\/anoticiaonline.com.br\/site\/wp-json\/wp\/v2\/posts"}],"about":[{"href":"https:\/\/anoticiaonline.com.br\/site\/wp-json\/wp\/v2\/types\/post"}],"author":[{"embeddable":true,"href":"https:\/\/anoticiaonline.com.br\/site\/wp-json\/wp\/v2\/users\/2"}],"replies":[{"embeddable":true,"href":"https:\/\/anoticiaonline.com.br\/site\/wp-json\/wp\/v2\/comments?post=17410"}],"version-history":[{"count":0,"href":"https:\/\/anoticiaonline.com.br\/site\/wp-json\/wp\/v2\/posts\/17410\/revisions"}],"wp:featuredmedia":[{"embeddable":true,"href":"https:\/\/anoticiaonline.com.br\/site\/wp-json\/wp\/v2\/media\/17413"}],"wp:attachment":[{"href":"https:\/\/anoticiaonline.com.br\/site\/wp-json\/wp\/v2\/media?parent=17410"}],"wp:term":[{"taxonomy":"category","embeddable":true,"href":"https:\/\/anoticiaonline.com.br\/site\/wp-json\/wp\/v2\/categories?post=17410"},{"taxonomy":"post_tag","embeddable":true,"href":"https:\/\/anoticiaonline.com.br\/site\/wp-json\/wp\/v2\/tags?post=17410"}],"curies":[{"name":"wp","href":"https:\/\/api.w.org\/{rel}","templated":true}]}}