{"id":17404,"date":"2016-08-29T10:08:29","date_gmt":"2016-08-29T13:08:29","guid":{"rendered":"http:\/\/anoticiaonline.com.br\/site\/?p=17404"},"modified":"2016-08-29T10:08:29","modified_gmt":"2016-08-29T13:08:29","slug":"policia-civil-comemora-10-anos-da-lei-maria-da-penha-com-mobilizacao-na-praca-joao-pinheiro","status":"publish","type":"post","link":"https:\/\/anoticiaonline.com.br\/site\/policia-civil-comemora-10-anos-da-lei-maria-da-penha-com-mobilizacao-na-praca-joao-pinheiro\/","title":{"rendered":"Pol\u00edcia Civil comemora 10 anos da Lei Maria da Penha com mobiliza\u00e7\u00e3o na Pra\u00e7a Jo\u00e3o Pinheiro"},"content":{"rendered":"<p><a href=\"https:\/\/anoticiaonline.com.br\/site\/wp-content\/uploads\/2016\/08\/DSC01702.jpg\"><img fetchpriority=\"high\" decoding=\"async\" class=\" size-medium wp-image-17405 alignleft\" src=\"https:\/\/anoticiaonline.com.br\/site\/wp-content\/uploads\/2016\/08\/DSC01702-300x218.jpg\" alt=\"DSC01702\" width=\"300\" height=\"218\" srcset=\"https:\/\/anoticiaonline.com.br\/site\/wp-content\/uploads\/2016\/08\/DSC01702-300x218.jpg 300w, https:\/\/anoticiaonline.com.br\/site\/wp-content\/uploads\/2016\/08\/DSC01702.jpg 640w\" sizes=\"(max-width: 300px) 100vw, 300px\" \/><\/a>A Pol\u00edcia Civil realizou um evento em comemora\u00e7\u00e3o aos 10 anos da cria\u00e7\u00e3o da Lei Maria da Penha (11.340\/2006), com mobiliza\u00e7\u00e3o na Pra\u00e7a Jo\u00e3o Pinheiro, no Centro. Na tarde da \u00faltima quinta-feira (25), os servidores distribu\u00edram panfletos informativos, esclareceram d\u00favidas e chamaram a aten\u00e7\u00e3o da comunidade para a efetividade da lei com rela\u00e7\u00e3o ao deferimento de medidas em favor das v\u00edtimas.<\/p>\n<p>A inten\u00e7\u00e3o foi levar \u00e0 discuss\u00e3o o fato de que milhares de mulheres s\u00e3o agredidas todos os dias por seus companheiros e at\u00e9 mesmo familiares, e que tal crime est\u00e1 presente em toda a sociedade, atingindo os mais diferentes n\u00edveis sociais, idades, ra\u00e7as e configurando grave amea\u00e7a \u00e0 integridade f\u00edsica e mental das v\u00edtimas.<\/p>\n<p>A Lei Maria da Penha trata da rela\u00e7\u00e3o de g\u00eanero, na qual os autores se valem do fato de se tratar de um ser do sexo feminino, aparentemente fr\u00e1gil e incapaz de resistir \u00e0s agress\u00f5es. Eles tamb\u00e9m se aproveitam da vergonha e do medo que elas sentem, o que acaba por retardar a busca por ajuda, como \u00e9 o caso de Maria da Penha Maia Fernandes, figura emblem\u00e1tica da viol\u00eancia dom\u00e9stica que sofreu durante 23 anos, foi v\u00edtima de tentativa de assassinato e ficou\u00a0 parapl\u00e9gica.\u00a0\u00a0 \u00a0 Hoje, ela \u00e9 l\u00edder de movimentos de defesa dos direitos das mulheres.<\/p>\n<p>A lei alterou o C\u00f3digo Penal, possibilitando que os agressores de mulheres em \u00e2mbito dom\u00e9stico ou familiar sejam presos em flagrante ou tenham sua pris\u00e3o preventiva decretada. Ela prev\u00ea medidas que v\u00e3o desde a remo\u00e7\u00e3o do agressor do domic\u00edlio \u00e0 proibi\u00e7\u00e3o de sua aproxima\u00e7\u00e3o da mulher agredida. Segundo dados do Instituto de Pesquisa Econ\u00f4mica Aplicada (IPEA), o n\u00famero de mulheres mortas dentro de casa se manteve est\u00e1vel desde 2006, mas seria hoje cerca de 10% maior sem a aplica\u00e7\u00e3o da lei.<\/p>\n<p><a href=\"https:\/\/anoticiaonline.com.br\/site\/wp-content\/uploads\/2016\/08\/DSC01705.jpg\"><img decoding=\"async\" class=\" size-medium wp-image-17406 alignleft\" src=\"https:\/\/anoticiaonline.com.br\/site\/wp-content\/uploads\/2016\/08\/DSC01705-300x214.jpg\" alt=\"DSC01705\" width=\"300\" height=\"214\" srcset=\"https:\/\/anoticiaonline.com.br\/site\/wp-content\/uploads\/2016\/08\/DSC01705-300x214.jpg 300w, https:\/\/anoticiaonline.com.br\/site\/wp-content\/uploads\/2016\/08\/DSC01705.jpg 640w\" sizes=\"(max-width: 300px) 100vw, 300px\" \/><\/a>Durante o evento, tamb\u00e9m foi discutido o Projeto de Lei da C\u00e2mara n\u00b0 7, ou PLC 07, que disp\u00f5e sobre o direito da v\u00edtima de ter atendimento policial e pericial especializado, ininterrupto e prestado, preferencialmente, por servidores do sexo feminino. Ele prev\u00ea ao delegado de pol\u00edcia colocar a mulher sob imediata medida protetiva, podendo o juiz homologar ou n\u00e3o. De acordo com o mesmo, a medida diminuir\u00e1 o risco do agressor voltar a agredir a v\u00edtima, enquanto esta espera por uma determina\u00e7\u00e3o judicial. Aprovado pela Comiss\u00e3o de Constitui\u00e7\u00e3o e Justi\u00e7a em 29 de junho deste ano, o projeto foi proposto pelo deputado S\u00e9rgio Vidigal (PDT-ES) e aguarda vota\u00e7\u00e3o no Senado.<\/p>\n","protected":false},"excerpt":{"rendered":"<p>A Pol\u00edcia Civil realizou um evento em comemora\u00e7\u00e3o aos 10 anos da cria\u00e7\u00e3o da Lei Maria da Penha (11.340\/2006), com mobiliza\u00e7\u00e3o na Pra\u00e7a Jo\u00e3o Pinheiro, no Centro. Na tarde da \u00faltima quinta-feira (25), os servidores distribu\u00edram panfletos informativos, esclareceram d\u00favidas e chamaram a aten\u00e7\u00e3o da comunidade para a efetividade da lei com rela\u00e7\u00e3o ao deferimento &#8230; <a title=\"Pol\u00edcia Civil comemora 10 anos da Lei Maria da Penha com mobiliza\u00e7\u00e3o na Pra\u00e7a Jo\u00e3o Pinheiro\" class=\"read-more\" href=\"https:\/\/anoticiaonline.com.br\/site\/policia-civil-comemora-10-anos-da-lei-maria-da-penha-com-mobilizacao-na-praca-joao-pinheiro\/\" aria-label=\"Read more about Pol\u00edcia Civil comemora 10 anos da Lei Maria da Penha com mobiliza\u00e7\u00e3o na Pra\u00e7a Jo\u00e3o Pinheiro\">Ler mais<\/a><\/p>\n","protected":false},"author":2,"featured_media":17405,"comment_status":"open","ping_status":"open","sticky":false,"template":"","format":"standard","meta":{"_acf_changed":false,"_monsterinsights_skip_tracking":false,"footnotes":""},"categories":[30],"tags":[3],"class_list":["post-17404","post","type-post","status-publish","format-standard","has-post-thumbnail","hentry","category-muriae","tag-slide"],"acf":[],"aioseo_notices":[],"aioseo_head":"\n\t\t<!-- All in One SEO 5.0.0.1 - aioseo.com -->\n\t<meta name=\"description\" content=\"A Pol\u00edcia Civil realizou um evento em comemora\u00e7\u00e3o aos 10 anos da cria\u00e7\u00e3o da Lei Maria da Penha (11.340\/2006), com mobiliza\u00e7\u00e3o na Pra\u00e7a Jo\u00e3o Pinheiro, no Centro. Na tarde da \u00faltima quinta-feira (25), os servidores distribu\u00edram panfletos informativos, esclareceram d\u00favidas e chamaram a aten\u00e7\u00e3o da comunidade para a efetividade da lei com rela\u00e7\u00e3o ao deferimento\" \/>\n\t<meta name=\"robots\" content=\"max-image-preview:large\" \/>\n\t<meta name=\"author\" content=\"Juliana Laviola\"\/>\n\t<link rel=\"canonical\" href=\"https:\/\/anoticiaonline.com.br\/site\/policia-civil-comemora-10-anos-da-lei-maria-da-penha-com-mobilizacao-na-praca-joao-pinheiro\/\" \/>\n\t<meta name=\"generator\" content=\"All in One SEO (AIOSEO) 5.0.0.1\" \/>\n\t\t<meta property=\"og:locale\" content=\"pt_BR\" \/>\n\t\t<meta property=\"og:site_name\" content=\"A Not\u00edcia Online - Noticias de Muria\u00e9 e regi\u00e3o\" \/>\n\t\t<meta property=\"og:type\" content=\"article\" \/>\n\t\t<meta property=\"og:title\" content=\"Pol\u00edcia Civil comemora 10 anos da Lei Maria da Penha com mobiliza\u00e7\u00e3o na Pra\u00e7a Jo\u00e3o Pinheiro - A Not\u00edcia Online\" \/>\n\t\t<meta property=\"og:description\" content=\"A Pol\u00edcia Civil realizou um evento em comemora\u00e7\u00e3o aos 10 anos da cria\u00e7\u00e3o da Lei Maria da Penha (11.340\/2006), com mobiliza\u00e7\u00e3o na Pra\u00e7a Jo\u00e3o Pinheiro, no Centro. Na tarde da \u00faltima quinta-feira (25), os servidores distribu\u00edram panfletos informativos, esclareceram d\u00favidas e chamaram a aten\u00e7\u00e3o da comunidade para a efetividade da lei com rela\u00e7\u00e3o ao deferimento\" \/>\n\t\t<meta property=\"og:url\" content=\"https:\/\/anoticiaonline.com.br\/site\/policia-civil-comemora-10-anos-da-lei-maria-da-penha-com-mobilizacao-na-praca-joao-pinheiro\/\" \/>\n\t\t<meta property=\"og:image\" content=\"https:\/\/scontent-gig4-1.xx.fbcdn.net\/v\/t39.30808-1\/270437624_4564083193639691_6907940295614233970_n.jpg?stp=dst-jpg_s200x200_tt6&#038;_nc_cat=111&#038;ccb=1-7&#038;_nc_sid=f907e8&#038;_nc_ohc=SM1wRlP3lJwQ7kNvwEPuBYA&#038;_nc_oc=AdnqrjDN_BNjSSHWO-GbkIWH6fkGMLw4bqvL_NH6e2wMveX7G-rP2dAqsDSq1mJMOaY&#038;_nc_zt=24&#038;_nc_ht=scontent-gig4-1.xx&#038;_nc_gid=AoBFJeGrT1hVaew_6rchkQ&#038;oh=00_AfX7QmFGhQhG2jAllVgXCiM1ZrWgvtp80-Bfppyexh1QEg&#038;oe=689E923C\" \/>\n\t\t<meta property=\"og:image:secure_url\" content=\"https:\/\/scontent-gig4-1.xx.fbcdn.net\/v\/t39.30808-1\/270437624_4564083193639691_6907940295614233970_n.jpg?stp=dst-jpg_s200x200_tt6&#038;_nc_cat=111&#038;ccb=1-7&#038;_nc_sid=f907e8&#038;_nc_ohc=SM1wRlP3lJwQ7kNvwEPuBYA&#038;_nc_oc=AdnqrjDN_BNjSSHWO-GbkIWH6fkGMLw4bqvL_NH6e2wMveX7G-rP2dAqsDSq1mJMOaY&#038;_nc_zt=24&#038;_nc_ht=scontent-gig4-1.xx&#038;_nc_gid=AoBFJeGrT1hVaew_6rchkQ&#038;oh=00_AfX7QmFGhQhG2jAllVgXCiM1ZrWgvtp80-Bfppyexh1QEg&#038;oe=689E923C\" \/>\n\t\t<meta property=\"article:published_time\" content=\"2016-08-29T13:08:29+00:00\" \/>\n\t\t<meta property=\"article:modified_time\" content=\"2016-08-29T13:08:29+00:00\" \/>\n\t\t<meta name=\"twitter:card\" content=\"summary_large_image\" \/>\n\t\t<meta name=\"twitter:title\" content=\"Pol\u00edcia Civil comemora 10 anos da Lei Maria da Penha com mobiliza\u00e7\u00e3o na Pra\u00e7a Jo\u00e3o Pinheiro - A Not\u00edcia Online\" \/>\n\t\t<meta name=\"twitter:description\" content=\"A Pol\u00edcia Civil realizou um evento em comemora\u00e7\u00e3o aos 10 anos da cria\u00e7\u00e3o da Lei Maria da Penha (11.340\/2006), com mobiliza\u00e7\u00e3o na Pra\u00e7a Jo\u00e3o Pinheiro, no Centro. Na tarde da \u00faltima quinta-feira (25), os servidores distribu\u00edram panfletos informativos, esclareceram d\u00favidas e chamaram a aten\u00e7\u00e3o da comunidade para a efetividade da lei com rela\u00e7\u00e3o ao deferimento\" \/>\n\t\t<meta name=\"twitter:image\" content=\"https:\/\/scontent-gig4-1.xx.fbcdn.net\/v\/t39.30808-1\/270437624_4564083193639691_6907940295614233970_n.jpg?stp=dst-jpg_s200x200_tt6&amp;_nc_cat=111&amp;ccb=1-7&amp;_nc_sid=f907e8&amp;_nc_ohc=SM1wRlP3lJwQ7kNvwEPuBYA&amp;_nc_oc=AdnqrjDN_BNjSSHWO-GbkIWH6fkGMLw4bqvL_NH6e2wMveX7G-rP2dAqsDSq1mJMOaY&amp;_nc_zt=24&amp;_nc_ht=scontent-gig4-1.xx&amp;_nc_gid=AoBFJeGrT1hVaew_6rchkQ&amp;oh=00_AfX7QmFGhQhG2jAllVgXCiM1ZrWgvtp80-Bfppyexh1QEg&amp;oe=689E923C\" \/>\n\t\t<script type=\"application\/ld+json\" class=\"aioseo-schema\">\n\t\t\t{\"@context\":\"https:\\\/\\\/schema.org\",\"@graph\":[{\"@type\":\"BlogPosting\",\"@id\":\"https:\\\/\\\/anoticiaonline.com.br\\\/site\\\/policia-civil-comemora-10-anos-da-lei-maria-da-penha-com-mobilizacao-na-praca-joao-pinheiro\\\/#blogposting\",\"name\":\"Pol\\u00edcia Civil comemora 10 anos da Lei Maria da Penha com mobiliza\\u00e7\\u00e3o na Pra\\u00e7a Jo\\u00e3o Pinheiro - A Not\\u00edcia Online\",\"headline\":\"Pol\\u00edcia Civil comemora 10 anos da Lei Maria da Penha com mobiliza\\u00e7\\u00e3o na Pra\\u00e7a Jo\\u00e3o Pinheiro\",\"author\":{\"@id\":\"https:\\\/\\\/anoticiaonline.com.br\\\/site\\\/author\\\/juliana\\\/#author\"},\"publisher\":{\"@id\":\"https:\\\/\\\/anoticiaonline.com.br\\\/site\\\/#organization\"},\"image\":{\"@type\":\"ImageObject\",\"url\":\"https:\\\/\\\/anoticiaonline.com.br\\\/site\\\/wp-content\\\/uploads\\\/2016\\\/08\\\/DSC01702.jpg\",\"width\":640,\"height\":465},\"datePublished\":\"2016-08-29T10:08:29-03:00\",\"dateModified\":\"2016-08-29T10:08:29-03:00\",\"inLanguage\":\"pt-BR\",\"mainEntityOfPage\":{\"@id\":\"https:\\\/\\\/anoticiaonline.com.br\\\/site\\\/policia-civil-comemora-10-anos-da-lei-maria-da-penha-com-mobilizacao-na-praca-joao-pinheiro\\\/#webpage\"},\"isPartOf\":{\"@id\":\"https:\\\/\\\/anoticiaonline.com.br\\\/site\\\/policia-civil-comemora-10-anos-da-lei-maria-da-penha-com-mobilizacao-na-praca-joao-pinheiro\\\/#webpage\"},\"articleSection\":\"Blog, slide\"},{\"@type\":\"BreadcrumbList\",\"@id\":\"https:\\\/\\\/anoticiaonline.com.br\\\/site\\\/policia-civil-comemora-10-anos-da-lei-maria-da-penha-com-mobilizacao-na-praca-joao-pinheiro\\\/#breadcrumblist\",\"itemListElement\":[{\"@type\":\"ListItem\",\"@id\":\"https:\\\/\\\/anoticiaonline.com.br\\\/site#listItem\",\"position\":1,\"name\":\"Home\",\"item\":\"https:\\\/\\\/anoticiaonline.com.br\\\/site\",\"nextItem\":{\"@type\":\"ListItem\",\"@id\":\"https:\\\/\\\/anoticiaonline.com.br\\\/site\\\/categoria\\\/muriae\\\/#listItem\",\"name\":\"Blog\"}},{\"@type\":\"ListItem\",\"@id\":\"https:\\\/\\\/anoticiaonline.com.br\\\/site\\\/categoria\\\/muriae\\\/#listItem\",\"position\":2,\"name\":\"Blog\",\"item\":\"https:\\\/\\\/anoticiaonline.com.br\\\/site\\\/categoria\\\/muriae\\\/\",\"nextItem\":{\"@type\":\"ListItem\",\"@id\":\"https:\\\/\\\/anoticiaonline.com.br\\\/site\\\/policia-civil-comemora-10-anos-da-lei-maria-da-penha-com-mobilizacao-na-praca-joao-pinheiro\\\/#listItem\",\"name\":\"Pol\\u00edcia Civil comemora 10 anos da Lei Maria da Penha com mobiliza\\u00e7\\u00e3o na Pra\\u00e7a Jo\\u00e3o Pinheiro\"},\"previousItem\":{\"@type\":\"ListItem\",\"@id\":\"https:\\\/\\\/anoticiaonline.com.br\\\/site#listItem\",\"name\":\"Home\"}},{\"@type\":\"ListItem\",\"@id\":\"https:\\\/\\\/anoticiaonline.com.br\\\/site\\\/policia-civil-comemora-10-anos-da-lei-maria-da-penha-com-mobilizacao-na-praca-joao-pinheiro\\\/#listItem\",\"position\":3,\"name\":\"Pol\\u00edcia Civil comemora 10 anos da Lei Maria da Penha com mobiliza\\u00e7\\u00e3o na Pra\\u00e7a Jo\\u00e3o Pinheiro\",\"previousItem\":{\"@type\":\"ListItem\",\"@id\":\"https:\\\/\\\/anoticiaonline.com.br\\\/site\\\/categoria\\\/muriae\\\/#listItem\",\"name\":\"Blog\"}}]},{\"@type\":\"Organization\",\"@id\":\"https:\\\/\\\/anoticiaonline.com.br\\\/site\\\/#organization\",\"name\":\"A Not\\u00edcia Online\",\"description\":\"Noticias de Muria\\u00e9 e regi\\u00e3o\",\"url\":\"https:\\\/\\\/anoticiaonline.com.br\\\/site\\\/\",\"logo\":{\"@type\":\"ImageObject\",\"url\":\"https:\\\/\\\/scontent-gig4-1.xx.fbcdn.net\\\/v\\\/t39.30808-1\\\/270437624_4564083193639691_6907940295614233970_n.jpg?stp=dst-jpg_s200x200_tt6&_nc_cat=111&ccb=1-7&_nc_sid=f907e8&_nc_ohc=SM1wRlP3lJwQ7kNvwEPuBYA&_nc_oc=AdnqrjDN_BNjSSHWO-GbkIWH6fkGMLw4bqvL_NH6e2wMveX7G-rP2dAqsDSq1mJMOaY&_nc_zt=24&_nc_ht=scontent-gig4-1.xx&_nc_gid=AoBFJeGrT1hVaew_6rchkQ&oh=00_AfX7QmFGhQhG2jAllVgXCiM1ZrWgvtp80-Bfppyexh1QEg&oe=689E923C\",\"@id\":\"https:\\\/\\\/anoticiaonline.com.br\\\/site\\\/policia-civil-comemora-10-anos-da-lei-maria-da-penha-com-mobilizacao-na-praca-joao-pinheiro\\\/#organizationLogo\"},\"image\":{\"@id\":\"https:\\\/\\\/anoticiaonline.com.br\\\/site\\\/policia-civil-comemora-10-anos-da-lei-maria-da-penha-com-mobilizacao-na-praca-joao-pinheiro\\\/#organizationLogo\"}},{\"@type\":\"Person\",\"@id\":\"https:\\\/\\\/anoticiaonline.com.br\\\/site\\\/author\\\/juliana\\\/#author\",\"url\":\"https:\\\/\\\/anoticiaonline.com.br\\\/site\\\/author\\\/juliana\\\/\",\"name\":\"Juliana Laviola\",\"image\":{\"@type\":\"ImageObject\",\"@id\":\"https:\\\/\\\/anoticiaonline.com.br\\\/site\\\/policia-civil-comemora-10-anos-da-lei-maria-da-penha-com-mobilizacao-na-praca-joao-pinheiro\\\/#authorImage\",\"url\":\"https:\\\/\\\/secure.gravatar.com\\\/avatar\\\/b8d45f5c699b100dfaf0e543582f38f38bf94cb7ae3a5e9abf8d891a34773335?s=96&d=mm&r=g\",\"width\":96,\"height\":96,\"caption\":\"Juliana Laviola\"}},{\"@type\":\"WebPage\",\"@id\":\"https:\\\/\\\/anoticiaonline.com.br\\\/site\\\/policia-civil-comemora-10-anos-da-lei-maria-da-penha-com-mobilizacao-na-praca-joao-pinheiro\\\/#webpage\",\"url\":\"https:\\\/\\\/anoticiaonline.com.br\\\/site\\\/policia-civil-comemora-10-anos-da-lei-maria-da-penha-com-mobilizacao-na-praca-joao-pinheiro\\\/\",\"name\":\"Pol\\u00edcia Civil comemora 10 anos da Lei Maria da Penha com mobiliza\\u00e7\\u00e3o na Pra\\u00e7a Jo\\u00e3o Pinheiro - A Not\\u00edcia Online\",\"description\":\"A Pol\\u00edcia Civil realizou um evento em comemora\\u00e7\\u00e3o aos 10 anos da cria\\u00e7\\u00e3o da Lei Maria da Penha (11.340\\\/2006), com mobiliza\\u00e7\\u00e3o na Pra\\u00e7a Jo\\u00e3o Pinheiro, no Centro. Na tarde da \\u00faltima quinta-feira (25), os servidores distribu\\u00edram panfletos informativos, esclareceram d\\u00favidas e chamaram a aten\\u00e7\\u00e3o da comunidade para a efetividade da lei com rela\\u00e7\\u00e3o ao deferimento\",\"inLanguage\":\"pt-BR\",\"isPartOf\":{\"@id\":\"https:\\\/\\\/anoticiaonline.com.br\\\/site\\\/#website\"},\"breadcrumb\":{\"@id\":\"https:\\\/\\\/anoticiaonline.com.br\\\/site\\\/policia-civil-comemora-10-anos-da-lei-maria-da-penha-com-mobilizacao-na-praca-joao-pinheiro\\\/#breadcrumblist\"},\"author\":{\"@id\":\"https:\\\/\\\/anoticiaonline.com.br\\\/site\\\/author\\\/juliana\\\/#author\"},\"creator\":{\"@id\":\"https:\\\/\\\/anoticiaonline.com.br\\\/site\\\/author\\\/juliana\\\/#author\"},\"image\":{\"@type\":\"ImageObject\",\"url\":\"https:\\\/\\\/anoticiaonline.com.br\\\/site\\\/wp-content\\\/uploads\\\/2016\\\/08\\\/DSC01702.jpg\",\"@id\":\"https:\\\/\\\/anoticiaonline.com.br\\\/site\\\/policia-civil-comemora-10-anos-da-lei-maria-da-penha-com-mobilizacao-na-praca-joao-pinheiro\\\/#mainImage\",\"width\":640,\"height\":465},\"primaryImageOfPage\":{\"@id\":\"https:\\\/\\\/anoticiaonline.com.br\\\/site\\\/policia-civil-comemora-10-anos-da-lei-maria-da-penha-com-mobilizacao-na-praca-joao-pinheiro\\\/#mainImage\"},\"datePublished\":\"2016-08-29T10:08:29-03:00\",\"dateModified\":\"2016-08-29T10:08:29-03:00\"},{\"@type\":\"WebSite\",\"@id\":\"https:\\\/\\\/anoticiaonline.com.br\\\/site\\\/#website\",\"url\":\"https:\\\/\\\/anoticiaonline.com.br\\\/site\\\/\",\"name\":\"A Not\\u00edcia Online\",\"description\":\"Noticias de Muria\\u00e9 e regi\\u00e3o\",\"inLanguage\":\"pt-BR\",\"publisher\":{\"@id\":\"https:\\\/\\\/anoticiaonline.com.br\\\/site\\\/#organization\"}}]}\n\t\t<\/script>\n\t\t<!-- All in One SEO -->\n\n","aioseo_head_json":{"title":"Pol\u00edcia Civil comemora 10 anos da Lei Maria da Penha com mobiliza\u00e7\u00e3o na Pra\u00e7a Jo\u00e3o Pinheiro - A Not\u00edcia Online","description":"A Pol\u00edcia Civil realizou um evento em comemora\u00e7\u00e3o aos 10 anos da cria\u00e7\u00e3o da Lei Maria da Penha (11.340\/2006), com mobiliza\u00e7\u00e3o na Pra\u00e7a Jo\u00e3o Pinheiro, no Centro. Na tarde da \u00faltima quinta-feira (25), os servidores distribu\u00edram panfletos informativos, esclareceram d\u00favidas e chamaram a aten\u00e7\u00e3o da comunidade para a efetividade da lei com rela\u00e7\u00e3o ao deferimento","canonical_url":"https:\/\/anoticiaonline.com.br\/site\/policia-civil-comemora-10-anos-da-lei-maria-da-penha-com-mobilizacao-na-praca-joao-pinheiro\/","robots":"max-image-preview:large","keywords":"","webmasterTools":{"miscellaneous":""},"schema":{"@context":"https:\/\/schema.org","@graph":[{"@type":"BlogPosting","@id":"https:\/\/anoticiaonline.com.br\/site\/policia-civil-comemora-10-anos-da-lei-maria-da-penha-com-mobilizacao-na-praca-joao-pinheiro\/#blogposting","name":"Pol\u00edcia Civil comemora 10 anos da Lei Maria da Penha com mobiliza\u00e7\u00e3o na Pra\u00e7a Jo\u00e3o Pinheiro - A Not\u00edcia Online","headline":"Pol\u00edcia Civil comemora 10 anos da Lei Maria da Penha com mobiliza\u00e7\u00e3o na Pra\u00e7a Jo\u00e3o Pinheiro","author":{"@id":"https:\/\/anoticiaonline.com.br\/site\/author\/juliana\/#author"},"publisher":{"@id":"https:\/\/anoticiaonline.com.br\/site\/#organization"},"image":{"@type":"ImageObject","url":"https:\/\/anoticiaonline.com.br\/site\/wp-content\/uploads\/2016\/08\/DSC01702.jpg","width":640,"height":465},"datePublished":"2016-08-29T10:08:29-03:00","dateModified":"2016-08-29T10:08:29-03:00","inLanguage":"pt-BR","mainEntityOfPage":{"@id":"https:\/\/anoticiaonline.com.br\/site\/policia-civil-comemora-10-anos-da-lei-maria-da-penha-com-mobilizacao-na-praca-joao-pinheiro\/#webpage"},"isPartOf":{"@id":"https:\/\/anoticiaonline.com.br\/site\/policia-civil-comemora-10-anos-da-lei-maria-da-penha-com-mobilizacao-na-praca-joao-pinheiro\/#webpage"},"articleSection":"Blog, slide"},{"@type":"BreadcrumbList","@id":"https:\/\/anoticiaonline.com.br\/site\/policia-civil-comemora-10-anos-da-lei-maria-da-penha-com-mobilizacao-na-praca-joao-pinheiro\/#breadcrumblist","itemListElement":[{"@type":"ListItem","@id":"https:\/\/anoticiaonline.com.br\/site#listItem","position":1,"name":"Home","item":"https:\/\/anoticiaonline.com.br\/site","nextItem":{"@type":"ListItem","@id":"https:\/\/anoticiaonline.com.br\/site\/categoria\/muriae\/#listItem","name":"Blog"}},{"@type":"ListItem","@id":"https:\/\/anoticiaonline.com.br\/site\/categoria\/muriae\/#listItem","position":2,"name":"Blog","item":"https:\/\/anoticiaonline.com.br\/site\/categoria\/muriae\/","nextItem":{"@type":"ListItem","@id":"https:\/\/anoticiaonline.com.br\/site\/policia-civil-comemora-10-anos-da-lei-maria-da-penha-com-mobilizacao-na-praca-joao-pinheiro\/#listItem","name":"Pol\u00edcia Civil comemora 10 anos da Lei Maria da Penha com mobiliza\u00e7\u00e3o na Pra\u00e7a Jo\u00e3o Pinheiro"},"previousItem":{"@type":"ListItem","@id":"https:\/\/anoticiaonline.com.br\/site#listItem","name":"Home"}},{"@type":"ListItem","@id":"https:\/\/anoticiaonline.com.br\/site\/policia-civil-comemora-10-anos-da-lei-maria-da-penha-com-mobilizacao-na-praca-joao-pinheiro\/#listItem","position":3,"name":"Pol\u00edcia Civil comemora 10 anos da Lei Maria da Penha com mobiliza\u00e7\u00e3o na Pra\u00e7a Jo\u00e3o Pinheiro","previousItem":{"@type":"ListItem","@id":"https:\/\/anoticiaonline.com.br\/site\/categoria\/muriae\/#listItem","name":"Blog"}}]},{"@type":"Organization","@id":"https:\/\/anoticiaonline.com.br\/site\/#organization","name":"A Not\u00edcia Online","description":"Noticias de Muria\u00e9 e regi\u00e3o","url":"https:\/\/anoticiaonline.com.br\/site\/","logo":{"@type":"ImageObject","url":"https:\/\/scontent-gig4-1.xx.fbcdn.net\/v\/t39.30808-1\/270437624_4564083193639691_6907940295614233970_n.jpg?stp=dst-jpg_s200x200_tt6&_nc_cat=111&ccb=1-7&_nc_sid=f907e8&_nc_ohc=SM1wRlP3lJwQ7kNvwEPuBYA&_nc_oc=AdnqrjDN_BNjSSHWO-GbkIWH6fkGMLw4bqvL_NH6e2wMveX7G-rP2dAqsDSq1mJMOaY&_nc_zt=24&_nc_ht=scontent-gig4-1.xx&_nc_gid=AoBFJeGrT1hVaew_6rchkQ&oh=00_AfX7QmFGhQhG2jAllVgXCiM1ZrWgvtp80-Bfppyexh1QEg&oe=689E923C","@id":"https:\/\/anoticiaonline.com.br\/site\/policia-civil-comemora-10-anos-da-lei-maria-da-penha-com-mobilizacao-na-praca-joao-pinheiro\/#organizationLogo"},"image":{"@id":"https:\/\/anoticiaonline.com.br\/site\/policia-civil-comemora-10-anos-da-lei-maria-da-penha-com-mobilizacao-na-praca-joao-pinheiro\/#organizationLogo"}},{"@type":"Person","@id":"https:\/\/anoticiaonline.com.br\/site\/author\/juliana\/#author","url":"https:\/\/anoticiaonline.com.br\/site\/author\/juliana\/","name":"Juliana Laviola","image":{"@type":"ImageObject","@id":"https:\/\/anoticiaonline.com.br\/site\/policia-civil-comemora-10-anos-da-lei-maria-da-penha-com-mobilizacao-na-praca-joao-pinheiro\/#authorImage","url":"https:\/\/secure.gravatar.com\/avatar\/b8d45f5c699b100dfaf0e543582f38f38bf94cb7ae3a5e9abf8d891a34773335?s=96&d=mm&r=g","width":96,"height":96,"caption":"Juliana Laviola"}},{"@type":"WebPage","@id":"https:\/\/anoticiaonline.com.br\/site\/policia-civil-comemora-10-anos-da-lei-maria-da-penha-com-mobilizacao-na-praca-joao-pinheiro\/#webpage","url":"https:\/\/anoticiaonline.com.br\/site\/policia-civil-comemora-10-anos-da-lei-maria-da-penha-com-mobilizacao-na-praca-joao-pinheiro\/","name":"Pol\u00edcia Civil comemora 10 anos da Lei Maria da Penha com mobiliza\u00e7\u00e3o na Pra\u00e7a Jo\u00e3o Pinheiro - A Not\u00edcia Online","description":"A Pol\u00edcia Civil realizou um evento em comemora\u00e7\u00e3o aos 10 anos da cria\u00e7\u00e3o da Lei Maria da Penha (11.340\/2006), com mobiliza\u00e7\u00e3o na Pra\u00e7a Jo\u00e3o Pinheiro, no Centro. Na tarde da \u00faltima quinta-feira (25), os servidores distribu\u00edram panfletos informativos, esclareceram d\u00favidas e chamaram a aten\u00e7\u00e3o da comunidade para a efetividade da lei com rela\u00e7\u00e3o ao deferimento","inLanguage":"pt-BR","isPartOf":{"@id":"https:\/\/anoticiaonline.com.br\/site\/#website"},"breadcrumb":{"@id":"https:\/\/anoticiaonline.com.br\/site\/policia-civil-comemora-10-anos-da-lei-maria-da-penha-com-mobilizacao-na-praca-joao-pinheiro\/#breadcrumblist"},"author":{"@id":"https:\/\/anoticiaonline.com.br\/site\/author\/juliana\/#author"},"creator":{"@id":"https:\/\/anoticiaonline.com.br\/site\/author\/juliana\/#author"},"image":{"@type":"ImageObject","url":"https:\/\/anoticiaonline.com.br\/site\/wp-content\/uploads\/2016\/08\/DSC01702.jpg","@id":"https:\/\/anoticiaonline.com.br\/site\/policia-civil-comemora-10-anos-da-lei-maria-da-penha-com-mobilizacao-na-praca-joao-pinheiro\/#mainImage","width":640,"height":465},"primaryImageOfPage":{"@id":"https:\/\/anoticiaonline.com.br\/site\/policia-civil-comemora-10-anos-da-lei-maria-da-penha-com-mobilizacao-na-praca-joao-pinheiro\/#mainImage"},"datePublished":"2016-08-29T10:08:29-03:00","dateModified":"2016-08-29T10:08:29-03:00"},{"@type":"WebSite","@id":"https:\/\/anoticiaonline.com.br\/site\/#website","url":"https:\/\/anoticiaonline.com.br\/site\/","name":"A Not\u00edcia Online","description":"Noticias de Muria\u00e9 e regi\u00e3o","inLanguage":"pt-BR","publisher":{"@id":"https:\/\/anoticiaonline.com.br\/site\/#organization"}}]},"og:locale":"pt_BR","og:site_name":"A Not\u00edcia Online - Noticias de Muria\u00e9 e regi\u00e3o","og:type":"article","og:title":"Pol\u00edcia Civil comemora 10 anos da Lei Maria da Penha com mobiliza\u00e7\u00e3o na Pra\u00e7a Jo\u00e3o Pinheiro - A Not\u00edcia Online","og:description":"A Pol\u00edcia Civil realizou um evento em comemora\u00e7\u00e3o aos 10 anos da cria\u00e7\u00e3o da Lei Maria da Penha (11.340\/2006), com mobiliza\u00e7\u00e3o na Pra\u00e7a Jo\u00e3o Pinheiro, no Centro. Na tarde da \u00faltima quinta-feira (25), os servidores distribu\u00edram panfletos informativos, esclareceram d\u00favidas e chamaram a aten\u00e7\u00e3o da comunidade para a efetividade da lei com rela\u00e7\u00e3o ao deferimento","og:url":"https:\/\/anoticiaonline.com.br\/site\/policia-civil-comemora-10-anos-da-lei-maria-da-penha-com-mobilizacao-na-praca-joao-pinheiro\/","og:image":"https:\/\/scontent-gig4-1.xx.fbcdn.net\/v\/t39.30808-1\/270437624_4564083193639691_6907940295614233970_n.jpg?stp=dst-jpg_s200x200_tt6&#038;_nc_cat=111&#038;ccb=1-7&#038;_nc_sid=f907e8&#038;_nc_ohc=SM1wRlP3lJwQ7kNvwEPuBYA&#038;_nc_oc=AdnqrjDN_BNjSSHWO-GbkIWH6fkGMLw4bqvL_NH6e2wMveX7G-rP2dAqsDSq1mJMOaY&#038;_nc_zt=24&#038;_nc_ht=scontent-gig4-1.xx&#038;_nc_gid=AoBFJeGrT1hVaew_6rchkQ&#038;oh=00_AfX7QmFGhQhG2jAllVgXCiM1ZrWgvtp80-Bfppyexh1QEg&#038;oe=689E923C","og:image:secure_url":"https:\/\/scontent-gig4-1.xx.fbcdn.net\/v\/t39.30808-1\/270437624_4564083193639691_6907940295614233970_n.jpg?stp=dst-jpg_s200x200_tt6&#038;_nc_cat=111&#038;ccb=1-7&#038;_nc_sid=f907e8&#038;_nc_ohc=SM1wRlP3lJwQ7kNvwEPuBYA&#038;_nc_oc=AdnqrjDN_BNjSSHWO-GbkIWH6fkGMLw4bqvL_NH6e2wMveX7G-rP2dAqsDSq1mJMOaY&#038;_nc_zt=24&#038;_nc_ht=scontent-gig4-1.xx&#038;_nc_gid=AoBFJeGrT1hVaew_6rchkQ&#038;oh=00_AfX7QmFGhQhG2jAllVgXCiM1ZrWgvtp80-Bfppyexh1QEg&#038;oe=689E923C","article:published_time":"2016-08-29T13:08:29+00:00","article:modified_time":"2016-08-29T13:08:29+00:00","twitter:card":"summary_large_image","twitter:title":"Pol\u00edcia Civil comemora 10 anos da Lei Maria da Penha com mobiliza\u00e7\u00e3o na Pra\u00e7a Jo\u00e3o Pinheiro - A Not\u00edcia Online","twitter:description":"A Pol\u00edcia Civil realizou um evento em comemora\u00e7\u00e3o aos 10 anos da cria\u00e7\u00e3o da Lei Maria da Penha (11.340\/2006), com mobiliza\u00e7\u00e3o na Pra\u00e7a Jo\u00e3o Pinheiro, no Centro. Na tarde da \u00faltima quinta-feira (25), os servidores distribu\u00edram panfletos informativos, esclareceram d\u00favidas e chamaram a aten\u00e7\u00e3o da comunidade para a efetividade da lei com rela\u00e7\u00e3o ao deferimento","twitter:image":"https:\/\/scontent-gig4-1.xx.fbcdn.net\/v\/t39.30808-1\/270437624_4564083193639691_6907940295614233970_n.jpg?stp=dst-jpg_s200x200_tt6&_nc_cat=111&ccb=1-7&_nc_sid=f907e8&_nc_ohc=SM1wRlP3lJwQ7kNvwEPuBYA&_nc_oc=AdnqrjDN_BNjSSHWO-GbkIWH6fkGMLw4bqvL_NH6e2wMveX7G-rP2dAqsDSq1mJMOaY&_nc_zt=24&_nc_ht=scontent-gig4-1.xx&_nc_gid=AoBFJeGrT1hVaew_6rchkQ&oh=00_AfX7QmFGhQhG2jAllVgXCiM1ZrWgvtp80-Bfppyexh1QEg&oe=689E923C"},"aioseo_meta_data":{"post_id":"17404","title":null,"description":null,"keywords":null,"keyphrases":null,"primary_term":null,"canonical_url":null,"og_title":null,"og_description":null,"og_object_type":"default","og_image_type":"default","og_image_url":null,"og_image_width":null,"og_image_height":null,"og_image_custom_url":null,"og_image_custom_fields":null,"og_video":null,"og_custom_url":null,"og_article_section":null,"og_article_tags":null,"twitter_use_og":false,"twitter_card":"default","twitter_image_type":"default","twitter_image_url":null,"twitter_image_custom_url":null,"twitter_image_custom_fields":null,"twitter_title":null,"twitter_description":null,"schema":{"blockGraphs":[],"customGraphs":[],"default":{"data":{"Article":[],"Course":[],"Dataset":[],"FAQPage":[],"Movie":[],"Person":[],"Product":[],"ProductReview":[],"Car":[],"Recipe":[],"Service":[],"SoftwareApplication":[],"WebPage":[]},"graphName":"","isEnabled":true},"graphs":[]},"schema_type":"default","schema_type_options":null,"pillar_content":false,"robots_default":true,"robots_noindex":false,"robots_noarchive":false,"robots_nosnippet":false,"robots_nofollow":false,"robots_noimageindex":false,"robots_noodp":false,"robots_notranslate":false,"robots_max_snippet":null,"robots_max_videopreview":null,"robots_max_imagepreview":"large","priority":null,"frequency":null,"local_seo":null,"breadcrumb_settings":null,"limit_modified_date":false,"ai":null,"created":"2025-08-16 16:41:24","updated":"2025-08-16 16:41:24","focus_keyword":null,"additional_keywords":null,"truseo_locale":null,"seo_analyzer_scan_date":null},"aioseo_breadcrumb":"<div class=\"aioseo-breadcrumbs\"><span class=\"aioseo-breadcrumb\">\n\t\t\t<a href=\"https:\/\/anoticiaonline.com.br\/site\" title=\"Home\">Home<\/a>\n\t\t<\/span><span class=\"aioseo-breadcrumb-separator\">&raquo;<\/span><span class=\"aioseo-breadcrumb\">\n\t\t\t<a href=\"https:\/\/anoticiaonline.com.br\/site\/categoria\/muriae\/\" title=\"Blog\">Blog<\/a>\n\t\t<\/span><span class=\"aioseo-breadcrumb-separator\">&raquo;<\/span><span class=\"aioseo-breadcrumb\">\n\t\t\tPol\u00edcia Civil comemora 10 anos da Lei Maria da Penha com mobiliza\u00e7\u00e3o na Pra\u00e7a Jo\u00e3o Pinheiro\n\t\t<\/span><\/div>","aioseo_breadcrumb_json":[{"label":"Home","link":"https:\/\/anoticiaonline.com.br\/site"},{"label":"Blog","link":"https:\/\/anoticiaonline.com.br\/site\/categoria\/muriae\/"},{"label":"Pol\u00edcia Civil comemora 10 anos da Lei Maria da Penha com mobiliza\u00e7\u00e3o na Pra\u00e7a Jo\u00e3o Pinheiro","link":"https:\/\/anoticiaonline.com.br\/site\/policia-civil-comemora-10-anos-da-lei-maria-da-penha-com-mobilizacao-na-praca-joao-pinheiro\/"}],"views":143,"_links":{"self":[{"href":"https:\/\/anoticiaonline.com.br\/site\/wp-json\/wp\/v2\/posts\/17404","targetHints":{"allow":["GET"]}}],"collection":[{"href":"https:\/\/anoticiaonline.com.br\/site\/wp-json\/wp\/v2\/posts"}],"about":[{"href":"https:\/\/anoticiaonline.com.br\/site\/wp-json\/wp\/v2\/types\/post"}],"author":[{"embeddable":true,"href":"https:\/\/anoticiaonline.com.br\/site\/wp-json\/wp\/v2\/users\/2"}],"replies":[{"embeddable":true,"href":"https:\/\/anoticiaonline.com.br\/site\/wp-json\/wp\/v2\/comments?post=17404"}],"version-history":[{"count":0,"href":"https:\/\/anoticiaonline.com.br\/site\/wp-json\/wp\/v2\/posts\/17404\/revisions"}],"wp:featuredmedia":[{"embeddable":true,"href":"https:\/\/anoticiaonline.com.br\/site\/wp-json\/wp\/v2\/media\/17405"}],"wp:attachment":[{"href":"https:\/\/anoticiaonline.com.br\/site\/wp-json\/wp\/v2\/media?parent=17404"}],"wp:term":[{"taxonomy":"category","embeddable":true,"href":"https:\/\/anoticiaonline.com.br\/site\/wp-json\/wp\/v2\/categories?post=17404"},{"taxonomy":"post_tag","embeddable":true,"href":"https:\/\/anoticiaonline.com.br\/site\/wp-json\/wp\/v2\/tags?post=17404"}],"curies":[{"name":"wp","href":"https:\/\/api.w.org\/{rel}","templated":true}]}}