{"id":17399,"date":"2016-08-29T09:11:42","date_gmt":"2016-08-29T12:11:42","guid":{"rendered":"http:\/\/anoticiaonline.com.br\/site\/?p=17399"},"modified":"2016-08-29T09:12:35","modified_gmt":"2016-08-29T12:12:35","slug":"bombeiros-investem-na-capacitacao-dos-agentes-penitenciarios","status":"publish","type":"post","link":"https:\/\/anoticiaonline.com.br\/site\/bombeiros-investem-na-capacitacao-dos-agentes-penitenciarios\/","title":{"rendered":"Corpo de Bombeiros investe na capacita\u00e7\u00e3o dos agentes penitenci\u00e1rios"},"content":{"rendered":"<p><a href=\"https:\/\/anoticiaonline.com.br\/site\/wp-content\/uploads\/2016\/08\/Foto-03.jpg\"><img decoding=\"async\" class=\" size-medium wp-image-17401 alignleft\" src=\"https:\/\/anoticiaonline.com.br\/site\/wp-content\/uploads\/2016\/08\/Foto-03-300x161.jpg\" alt=\"Foto 03\" width=\"300\" height=\"161\" srcset=\"https:\/\/anoticiaonline.com.br\/site\/wp-content\/uploads\/2016\/08\/Foto-03-300x161.jpg 300w, https:\/\/anoticiaonline.com.br\/site\/wp-content\/uploads\/2016\/08\/Foto-03.jpg 640w\" sizes=\"(max-width: 300px) 100vw, 300px\" \/><\/a>Em raz\u00e3o do constante crescimento da popula\u00e7\u00e3o carcer\u00e1ria e consequentemente o aumento dos riscos inerentes \u00e0s atividades penitenci\u00e1rias, o 2\u00ba Pelot\u00e3o de Bombeiros Militar em Muria\u00e9 realizou um treinamento com os agentes penitenci\u00e1rios que atuam no Grupo de Interven\u00e7\u00f5es R\u00e1pidas (GIR) da Penitenci\u00e1ria Dr. Manoel Martins Lisboa J\u00fanior.<\/p>\n<p>Ao todo, cerca de 20 agentes foram capacitados pelo Corpo de Bombeiros para atuar nos casos de subvers\u00e3o da ordem e da disciplina no interior do sistema prisional. Com uma carga hor\u00e1ria de 16 horas\/aula e instru\u00e7\u00f5es te\u00f3ricas e pr\u00e1ticas voltadas para a realidade enfrentada pelos profissionais, o treinamento foi dividido em dois m\u00f3dulos \u2013 primeiros-socorros e combate a inc\u00eandio.<\/p>\n<p><a href=\"https:\/\/anoticiaonline.com.br\/site\/wp-content\/uploads\/2016\/08\/Foto-01.jpg\"><img fetchpriority=\"high\" decoding=\"async\" class=\" size-medium wp-image-17400 alignleft\" src=\"https:\/\/anoticiaonline.com.br\/site\/wp-content\/uploads\/2016\/08\/Foto-01-300x210.jpg\" alt=\"Foto 01\" width=\"300\" height=\"210\" srcset=\"https:\/\/anoticiaonline.com.br\/site\/wp-content\/uploads\/2016\/08\/Foto-01-300x210.jpg 300w, https:\/\/anoticiaonline.com.br\/site\/wp-content\/uploads\/2016\/08\/Foto-01.jpg 640w\" sizes=\"(max-width: 300px) 100vw, 300px\" \/><\/a>O 2\u00ba Pelot\u00e3o realizou, em junho, um treinamento com os militares do Tiro de Guerra do Ex\u00e9rcito Brasileiro, capacitando aproximadamente 90 atiradores. \u201cA\u00e7\u00f5es como essas visam aumentar a dissemina\u00e7\u00e3o da cultura de preven\u00e7\u00e3o do Corpo de Bombeiros, levando informa\u00e7\u00e3o ao maior n\u00famero de pessoas poss\u00edvel, permitindo que tenham condi\u00e7\u00f5es de agir com seguran\u00e7a e resguardar sua integridade f\u00edsica frente a uma situa\u00e7\u00e3o adversa at\u00e9 a chegada dos Bombeiros\u201d, afirma o comandante da fra\u00e7\u00e3o, tenente Evandro da Silva.<\/p>\n","protected":false},"excerpt":{"rendered":"<p>Em raz\u00e3o do constante crescimento da popula\u00e7\u00e3o carcer\u00e1ria e consequentemente o aumento dos riscos inerentes \u00e0s atividades penitenci\u00e1rias, o 2\u00ba Pelot\u00e3o de Bombeiros Militar em Muria\u00e9 realizou um treinamento com os agentes penitenci\u00e1rios que atuam no Grupo de Interven\u00e7\u00f5es R\u00e1pidas (GIR) da Penitenci\u00e1ria Dr. Manoel Martins Lisboa J\u00fanior. Ao todo, cerca de 20 agentes foram &#8230; <a title=\"Corpo de Bombeiros investe na capacita\u00e7\u00e3o dos agentes penitenci\u00e1rios\" class=\"read-more\" href=\"https:\/\/anoticiaonline.com.br\/site\/bombeiros-investem-na-capacitacao-dos-agentes-penitenciarios\/\" aria-label=\"Read more about Corpo de Bombeiros investe na capacita\u00e7\u00e3o dos agentes penitenci\u00e1rios\">Ler mais<\/a><\/p>\n","protected":false},"author":2,"featured_media":17401,"comment_status":"open","ping_status":"open","sticky":false,"template":"","format":"standard","meta":{"_acf_changed":false,"_monsterinsights_skip_tracking":false,"footnotes":""},"categories":[30],"tags":[3],"class_list":["post-17399","post","type-post","status-publish","format-standard","has-post-thumbnail","hentry","category-muriae","tag-slide"],"acf":[],"aioseo_notices":[],"aioseo_head":"\n\t\t<!-- All in One SEO 5.0.0.1 - aioseo.com -->\n\t<meta name=\"description\" content=\"Em raz\u00e3o do constante crescimento da popula\u00e7\u00e3o carcer\u00e1ria e consequentemente o aumento dos riscos inerentes \u00e0s atividades penitenci\u00e1rias, o 2\u00ba Pelot\u00e3o de Bombeiros Militar em Muria\u00e9 realizou um treinamento com os agentes penitenci\u00e1rios que atuam no Grupo de Interven\u00e7\u00f5es R\u00e1pidas (GIR) da Penitenci\u00e1ria Dr. Manoel Martins Lisboa J\u00fanior. Ao todo, cerca de 20 agentes foram\" \/>\n\t<meta name=\"robots\" content=\"max-image-preview:large\" \/>\n\t<meta name=\"author\" content=\"Juliana Laviola\"\/>\n\t<link rel=\"canonical\" href=\"https:\/\/anoticiaonline.com.br\/site\/bombeiros-investem-na-capacitacao-dos-agentes-penitenciarios\/\" \/>\n\t<meta name=\"generator\" content=\"All in One SEO (AIOSEO) 5.0.0.1\" \/>\n\t\t<meta property=\"og:locale\" content=\"pt_BR\" \/>\n\t\t<meta property=\"og:site_name\" content=\"A Not\u00edcia Online - Noticias de Muria\u00e9 e regi\u00e3o\" \/>\n\t\t<meta property=\"og:type\" content=\"article\" \/>\n\t\t<meta property=\"og:title\" content=\"Corpo de Bombeiros investe na capacita\u00e7\u00e3o dos agentes penitenci\u00e1rios - A Not\u00edcia Online\" \/>\n\t\t<meta property=\"og:description\" content=\"Em raz\u00e3o do constante crescimento da popula\u00e7\u00e3o carcer\u00e1ria e consequentemente o aumento dos riscos inerentes \u00e0s atividades penitenci\u00e1rias, o 2\u00ba Pelot\u00e3o de Bombeiros Militar em Muria\u00e9 realizou um treinamento com os agentes penitenci\u00e1rios que atuam no Grupo de Interven\u00e7\u00f5es R\u00e1pidas (GIR) da Penitenci\u00e1ria Dr. Manoel Martins Lisboa J\u00fanior. Ao todo, cerca de 20 agentes foram\" \/>\n\t\t<meta property=\"og:url\" content=\"https:\/\/anoticiaonline.com.br\/site\/bombeiros-investem-na-capacitacao-dos-agentes-penitenciarios\/\" \/>\n\t\t<meta property=\"og:image\" content=\"https:\/\/scontent-gig4-1.xx.fbcdn.net\/v\/t39.30808-1\/270437624_4564083193639691_6907940295614233970_n.jpg?stp=dst-jpg_s200x200_tt6&#038;_nc_cat=111&#038;ccb=1-7&#038;_nc_sid=f907e8&#038;_nc_ohc=SM1wRlP3lJwQ7kNvwEPuBYA&#038;_nc_oc=AdnqrjDN_BNjSSHWO-GbkIWH6fkGMLw4bqvL_NH6e2wMveX7G-rP2dAqsDSq1mJMOaY&#038;_nc_zt=24&#038;_nc_ht=scontent-gig4-1.xx&#038;_nc_gid=AoBFJeGrT1hVaew_6rchkQ&#038;oh=00_AfX7QmFGhQhG2jAllVgXCiM1ZrWgvtp80-Bfppyexh1QEg&#038;oe=689E923C\" \/>\n\t\t<meta property=\"og:image:secure_url\" content=\"https:\/\/scontent-gig4-1.xx.fbcdn.net\/v\/t39.30808-1\/270437624_4564083193639691_6907940295614233970_n.jpg?stp=dst-jpg_s200x200_tt6&#038;_nc_cat=111&#038;ccb=1-7&#038;_nc_sid=f907e8&#038;_nc_ohc=SM1wRlP3lJwQ7kNvwEPuBYA&#038;_nc_oc=AdnqrjDN_BNjSSHWO-GbkIWH6fkGMLw4bqvL_NH6e2wMveX7G-rP2dAqsDSq1mJMOaY&#038;_nc_zt=24&#038;_nc_ht=scontent-gig4-1.xx&#038;_nc_gid=AoBFJeGrT1hVaew_6rchkQ&#038;oh=00_AfX7QmFGhQhG2jAllVgXCiM1ZrWgvtp80-Bfppyexh1QEg&#038;oe=689E923C\" \/>\n\t\t<meta property=\"article:published_time\" content=\"2016-08-29T12:11:42+00:00\" \/>\n\t\t<meta property=\"article:modified_time\" content=\"2016-08-29T12:12:35+00:00\" \/>\n\t\t<meta name=\"twitter:card\" content=\"summary_large_image\" \/>\n\t\t<meta name=\"twitter:title\" content=\"Corpo de Bombeiros investe na capacita\u00e7\u00e3o dos agentes penitenci\u00e1rios - A Not\u00edcia Online\" \/>\n\t\t<meta name=\"twitter:description\" content=\"Em raz\u00e3o do constante crescimento da popula\u00e7\u00e3o carcer\u00e1ria e consequentemente o aumento dos riscos inerentes \u00e0s atividades penitenci\u00e1rias, o 2\u00ba Pelot\u00e3o de Bombeiros Militar em Muria\u00e9 realizou um treinamento com os agentes penitenci\u00e1rios que atuam no Grupo de Interven\u00e7\u00f5es R\u00e1pidas (GIR) da Penitenci\u00e1ria Dr. Manoel Martins Lisboa J\u00fanior. Ao todo, cerca de 20 agentes foram\" \/>\n\t\t<meta name=\"twitter:image\" content=\"https:\/\/scontent-gig4-1.xx.fbcdn.net\/v\/t39.30808-1\/270437624_4564083193639691_6907940295614233970_n.jpg?stp=dst-jpg_s200x200_tt6&amp;_nc_cat=111&amp;ccb=1-7&amp;_nc_sid=f907e8&amp;_nc_ohc=SM1wRlP3lJwQ7kNvwEPuBYA&amp;_nc_oc=AdnqrjDN_BNjSSHWO-GbkIWH6fkGMLw4bqvL_NH6e2wMveX7G-rP2dAqsDSq1mJMOaY&amp;_nc_zt=24&amp;_nc_ht=scontent-gig4-1.xx&amp;_nc_gid=AoBFJeGrT1hVaew_6rchkQ&amp;oh=00_AfX7QmFGhQhG2jAllVgXCiM1ZrWgvtp80-Bfppyexh1QEg&amp;oe=689E923C\" \/>\n\t\t<script type=\"application\/ld+json\" class=\"aioseo-schema\">\n\t\t\t{\"@context\":\"https:\\\/\\\/schema.org\",\"@graph\":[{\"@type\":\"BlogPosting\",\"@id\":\"https:\\\/\\\/anoticiaonline.com.br\\\/site\\\/bombeiros-investem-na-capacitacao-dos-agentes-penitenciarios\\\/#blogposting\",\"name\":\"Corpo de Bombeiros investe na capacita\\u00e7\\u00e3o dos agentes penitenci\\u00e1rios - A Not\\u00edcia Online\",\"headline\":\"Corpo de Bombeiros investe na capacita\\u00e7\\u00e3o dos agentes penitenci\\u00e1rios\",\"author\":{\"@id\":\"https:\\\/\\\/anoticiaonline.com.br\\\/site\\\/author\\\/juliana\\\/#author\"},\"publisher\":{\"@id\":\"https:\\\/\\\/anoticiaonline.com.br\\\/site\\\/#organization\"},\"image\":{\"@type\":\"ImageObject\",\"url\":\"https:\\\/\\\/anoticiaonline.com.br\\\/site\\\/wp-content\\\/uploads\\\/2016\\\/08\\\/Foto-03.jpg\",\"width\":640,\"height\":343},\"datePublished\":\"2016-08-29T09:11:42-03:00\",\"dateModified\":\"2016-08-29T09:12:35-03:00\",\"inLanguage\":\"pt-BR\",\"mainEntityOfPage\":{\"@id\":\"https:\\\/\\\/anoticiaonline.com.br\\\/site\\\/bombeiros-investem-na-capacitacao-dos-agentes-penitenciarios\\\/#webpage\"},\"isPartOf\":{\"@id\":\"https:\\\/\\\/anoticiaonline.com.br\\\/site\\\/bombeiros-investem-na-capacitacao-dos-agentes-penitenciarios\\\/#webpage\"},\"articleSection\":\"Blog, slide\"},{\"@type\":\"BreadcrumbList\",\"@id\":\"https:\\\/\\\/anoticiaonline.com.br\\\/site\\\/bombeiros-investem-na-capacitacao-dos-agentes-penitenciarios\\\/#breadcrumblist\",\"itemListElement\":[{\"@type\":\"ListItem\",\"@id\":\"https:\\\/\\\/anoticiaonline.com.br\\\/site#listItem\",\"position\":1,\"name\":\"Home\",\"item\":\"https:\\\/\\\/anoticiaonline.com.br\\\/site\",\"nextItem\":{\"@type\":\"ListItem\",\"@id\":\"https:\\\/\\\/anoticiaonline.com.br\\\/site\\\/categoria\\\/muriae\\\/#listItem\",\"name\":\"Blog\"}},{\"@type\":\"ListItem\",\"@id\":\"https:\\\/\\\/anoticiaonline.com.br\\\/site\\\/categoria\\\/muriae\\\/#listItem\",\"position\":2,\"name\":\"Blog\",\"item\":\"https:\\\/\\\/anoticiaonline.com.br\\\/site\\\/categoria\\\/muriae\\\/\",\"nextItem\":{\"@type\":\"ListItem\",\"@id\":\"https:\\\/\\\/anoticiaonline.com.br\\\/site\\\/bombeiros-investem-na-capacitacao-dos-agentes-penitenciarios\\\/#listItem\",\"name\":\"Corpo de Bombeiros investe na capacita\\u00e7\\u00e3o dos agentes penitenci\\u00e1rios\"},\"previousItem\":{\"@type\":\"ListItem\",\"@id\":\"https:\\\/\\\/anoticiaonline.com.br\\\/site#listItem\",\"name\":\"Home\"}},{\"@type\":\"ListItem\",\"@id\":\"https:\\\/\\\/anoticiaonline.com.br\\\/site\\\/bombeiros-investem-na-capacitacao-dos-agentes-penitenciarios\\\/#listItem\",\"position\":3,\"name\":\"Corpo de Bombeiros investe na capacita\\u00e7\\u00e3o dos agentes penitenci\\u00e1rios\",\"previousItem\":{\"@type\":\"ListItem\",\"@id\":\"https:\\\/\\\/anoticiaonline.com.br\\\/site\\\/categoria\\\/muriae\\\/#listItem\",\"name\":\"Blog\"}}]},{\"@type\":\"Organization\",\"@id\":\"https:\\\/\\\/anoticiaonline.com.br\\\/site\\\/#organization\",\"name\":\"A Not\\u00edcia Online\",\"description\":\"Noticias de Muria\\u00e9 e regi\\u00e3o\",\"url\":\"https:\\\/\\\/anoticiaonline.com.br\\\/site\\\/\",\"logo\":{\"@type\":\"ImageObject\",\"url\":\"https:\\\/\\\/scontent-gig4-1.xx.fbcdn.net\\\/v\\\/t39.30808-1\\\/270437624_4564083193639691_6907940295614233970_n.jpg?stp=dst-jpg_s200x200_tt6&_nc_cat=111&ccb=1-7&_nc_sid=f907e8&_nc_ohc=SM1wRlP3lJwQ7kNvwEPuBYA&_nc_oc=AdnqrjDN_BNjSSHWO-GbkIWH6fkGMLw4bqvL_NH6e2wMveX7G-rP2dAqsDSq1mJMOaY&_nc_zt=24&_nc_ht=scontent-gig4-1.xx&_nc_gid=AoBFJeGrT1hVaew_6rchkQ&oh=00_AfX7QmFGhQhG2jAllVgXCiM1ZrWgvtp80-Bfppyexh1QEg&oe=689E923C\",\"@id\":\"https:\\\/\\\/anoticiaonline.com.br\\\/site\\\/bombeiros-investem-na-capacitacao-dos-agentes-penitenciarios\\\/#organizationLogo\"},\"image\":{\"@id\":\"https:\\\/\\\/anoticiaonline.com.br\\\/site\\\/bombeiros-investem-na-capacitacao-dos-agentes-penitenciarios\\\/#organizationLogo\"}},{\"@type\":\"Person\",\"@id\":\"https:\\\/\\\/anoticiaonline.com.br\\\/site\\\/author\\\/juliana\\\/#author\",\"url\":\"https:\\\/\\\/anoticiaonline.com.br\\\/site\\\/author\\\/juliana\\\/\",\"name\":\"Juliana Laviola\",\"image\":{\"@type\":\"ImageObject\",\"@id\":\"https:\\\/\\\/anoticiaonline.com.br\\\/site\\\/bombeiros-investem-na-capacitacao-dos-agentes-penitenciarios\\\/#authorImage\",\"url\":\"https:\\\/\\\/secure.gravatar.com\\\/avatar\\\/b8d45f5c699b100dfaf0e543582f38f38bf94cb7ae3a5e9abf8d891a34773335?s=96&d=mm&r=g\",\"width\":96,\"height\":96,\"caption\":\"Juliana Laviola\"}},{\"@type\":\"WebPage\",\"@id\":\"https:\\\/\\\/anoticiaonline.com.br\\\/site\\\/bombeiros-investem-na-capacitacao-dos-agentes-penitenciarios\\\/#webpage\",\"url\":\"https:\\\/\\\/anoticiaonline.com.br\\\/site\\\/bombeiros-investem-na-capacitacao-dos-agentes-penitenciarios\\\/\",\"name\":\"Corpo de Bombeiros investe na capacita\\u00e7\\u00e3o dos agentes penitenci\\u00e1rios - A Not\\u00edcia Online\",\"description\":\"Em raz\\u00e3o do constante crescimento da popula\\u00e7\\u00e3o carcer\\u00e1ria e consequentemente o aumento dos riscos inerentes \\u00e0s atividades penitenci\\u00e1rias, o 2\\u00ba Pelot\\u00e3o de Bombeiros Militar em Muria\\u00e9 realizou um treinamento com os agentes penitenci\\u00e1rios que atuam no Grupo de Interven\\u00e7\\u00f5es R\\u00e1pidas (GIR) da Penitenci\\u00e1ria Dr. Manoel Martins Lisboa J\\u00fanior. Ao todo, cerca de 20 agentes foram\",\"inLanguage\":\"pt-BR\",\"isPartOf\":{\"@id\":\"https:\\\/\\\/anoticiaonline.com.br\\\/site\\\/#website\"},\"breadcrumb\":{\"@id\":\"https:\\\/\\\/anoticiaonline.com.br\\\/site\\\/bombeiros-investem-na-capacitacao-dos-agentes-penitenciarios\\\/#breadcrumblist\"},\"author\":{\"@id\":\"https:\\\/\\\/anoticiaonline.com.br\\\/site\\\/author\\\/juliana\\\/#author\"},\"creator\":{\"@id\":\"https:\\\/\\\/anoticiaonline.com.br\\\/site\\\/author\\\/juliana\\\/#author\"},\"image\":{\"@type\":\"ImageObject\",\"url\":\"https:\\\/\\\/anoticiaonline.com.br\\\/site\\\/wp-content\\\/uploads\\\/2016\\\/08\\\/Foto-03.jpg\",\"@id\":\"https:\\\/\\\/anoticiaonline.com.br\\\/site\\\/bombeiros-investem-na-capacitacao-dos-agentes-penitenciarios\\\/#mainImage\",\"width\":640,\"height\":343},\"primaryImageOfPage\":{\"@id\":\"https:\\\/\\\/anoticiaonline.com.br\\\/site\\\/bombeiros-investem-na-capacitacao-dos-agentes-penitenciarios\\\/#mainImage\"},\"datePublished\":\"2016-08-29T09:11:42-03:00\",\"dateModified\":\"2016-08-29T09:12:35-03:00\"},{\"@type\":\"WebSite\",\"@id\":\"https:\\\/\\\/anoticiaonline.com.br\\\/site\\\/#website\",\"url\":\"https:\\\/\\\/anoticiaonline.com.br\\\/site\\\/\",\"name\":\"A Not\\u00edcia Online\",\"description\":\"Noticias de Muria\\u00e9 e regi\\u00e3o\",\"inLanguage\":\"pt-BR\",\"publisher\":{\"@id\":\"https:\\\/\\\/anoticiaonline.com.br\\\/site\\\/#organization\"}}]}\n\t\t<\/script>\n\t\t<!-- All in One SEO -->\n\n","aioseo_head_json":{"title":"Corpo de Bombeiros investe na capacita\u00e7\u00e3o dos agentes penitenci\u00e1rios - A Not\u00edcia Online","description":"Em raz\u00e3o do constante crescimento da popula\u00e7\u00e3o carcer\u00e1ria e consequentemente o aumento dos riscos inerentes \u00e0s atividades penitenci\u00e1rias, o 2\u00ba Pelot\u00e3o de Bombeiros Militar em Muria\u00e9 realizou um treinamento com os agentes penitenci\u00e1rios que atuam no Grupo de Interven\u00e7\u00f5es R\u00e1pidas (GIR) da Penitenci\u00e1ria Dr. Manoel Martins Lisboa J\u00fanior. Ao todo, cerca de 20 agentes foram","canonical_url":"https:\/\/anoticiaonline.com.br\/site\/bombeiros-investem-na-capacitacao-dos-agentes-penitenciarios\/","robots":"max-image-preview:large","keywords":"","webmasterTools":{"miscellaneous":""},"schema":{"@context":"https:\/\/schema.org","@graph":[{"@type":"BlogPosting","@id":"https:\/\/anoticiaonline.com.br\/site\/bombeiros-investem-na-capacitacao-dos-agentes-penitenciarios\/#blogposting","name":"Corpo de Bombeiros investe na capacita\u00e7\u00e3o dos agentes penitenci\u00e1rios - A Not\u00edcia Online","headline":"Corpo de Bombeiros investe na capacita\u00e7\u00e3o dos agentes penitenci\u00e1rios","author":{"@id":"https:\/\/anoticiaonline.com.br\/site\/author\/juliana\/#author"},"publisher":{"@id":"https:\/\/anoticiaonline.com.br\/site\/#organization"},"image":{"@type":"ImageObject","url":"https:\/\/anoticiaonline.com.br\/site\/wp-content\/uploads\/2016\/08\/Foto-03.jpg","width":640,"height":343},"datePublished":"2016-08-29T09:11:42-03:00","dateModified":"2016-08-29T09:12:35-03:00","inLanguage":"pt-BR","mainEntityOfPage":{"@id":"https:\/\/anoticiaonline.com.br\/site\/bombeiros-investem-na-capacitacao-dos-agentes-penitenciarios\/#webpage"},"isPartOf":{"@id":"https:\/\/anoticiaonline.com.br\/site\/bombeiros-investem-na-capacitacao-dos-agentes-penitenciarios\/#webpage"},"articleSection":"Blog, slide"},{"@type":"BreadcrumbList","@id":"https:\/\/anoticiaonline.com.br\/site\/bombeiros-investem-na-capacitacao-dos-agentes-penitenciarios\/#breadcrumblist","itemListElement":[{"@type":"ListItem","@id":"https:\/\/anoticiaonline.com.br\/site#listItem","position":1,"name":"Home","item":"https:\/\/anoticiaonline.com.br\/site","nextItem":{"@type":"ListItem","@id":"https:\/\/anoticiaonline.com.br\/site\/categoria\/muriae\/#listItem","name":"Blog"}},{"@type":"ListItem","@id":"https:\/\/anoticiaonline.com.br\/site\/categoria\/muriae\/#listItem","position":2,"name":"Blog","item":"https:\/\/anoticiaonline.com.br\/site\/categoria\/muriae\/","nextItem":{"@type":"ListItem","@id":"https:\/\/anoticiaonline.com.br\/site\/bombeiros-investem-na-capacitacao-dos-agentes-penitenciarios\/#listItem","name":"Corpo de Bombeiros investe na capacita\u00e7\u00e3o dos agentes penitenci\u00e1rios"},"previousItem":{"@type":"ListItem","@id":"https:\/\/anoticiaonline.com.br\/site#listItem","name":"Home"}},{"@type":"ListItem","@id":"https:\/\/anoticiaonline.com.br\/site\/bombeiros-investem-na-capacitacao-dos-agentes-penitenciarios\/#listItem","position":3,"name":"Corpo de Bombeiros investe na capacita\u00e7\u00e3o dos agentes penitenci\u00e1rios","previousItem":{"@type":"ListItem","@id":"https:\/\/anoticiaonline.com.br\/site\/categoria\/muriae\/#listItem","name":"Blog"}}]},{"@type":"Organization","@id":"https:\/\/anoticiaonline.com.br\/site\/#organization","name":"A Not\u00edcia Online","description":"Noticias de Muria\u00e9 e regi\u00e3o","url":"https:\/\/anoticiaonline.com.br\/site\/","logo":{"@type":"ImageObject","url":"https:\/\/scontent-gig4-1.xx.fbcdn.net\/v\/t39.30808-1\/270437624_4564083193639691_6907940295614233970_n.jpg?stp=dst-jpg_s200x200_tt6&_nc_cat=111&ccb=1-7&_nc_sid=f907e8&_nc_ohc=SM1wRlP3lJwQ7kNvwEPuBYA&_nc_oc=AdnqrjDN_BNjSSHWO-GbkIWH6fkGMLw4bqvL_NH6e2wMveX7G-rP2dAqsDSq1mJMOaY&_nc_zt=24&_nc_ht=scontent-gig4-1.xx&_nc_gid=AoBFJeGrT1hVaew_6rchkQ&oh=00_AfX7QmFGhQhG2jAllVgXCiM1ZrWgvtp80-Bfppyexh1QEg&oe=689E923C","@id":"https:\/\/anoticiaonline.com.br\/site\/bombeiros-investem-na-capacitacao-dos-agentes-penitenciarios\/#organizationLogo"},"image":{"@id":"https:\/\/anoticiaonline.com.br\/site\/bombeiros-investem-na-capacitacao-dos-agentes-penitenciarios\/#organizationLogo"}},{"@type":"Person","@id":"https:\/\/anoticiaonline.com.br\/site\/author\/juliana\/#author","url":"https:\/\/anoticiaonline.com.br\/site\/author\/juliana\/","name":"Juliana Laviola","image":{"@type":"ImageObject","@id":"https:\/\/anoticiaonline.com.br\/site\/bombeiros-investem-na-capacitacao-dos-agentes-penitenciarios\/#authorImage","url":"https:\/\/secure.gravatar.com\/avatar\/b8d45f5c699b100dfaf0e543582f38f38bf94cb7ae3a5e9abf8d891a34773335?s=96&d=mm&r=g","width":96,"height":96,"caption":"Juliana Laviola"}},{"@type":"WebPage","@id":"https:\/\/anoticiaonline.com.br\/site\/bombeiros-investem-na-capacitacao-dos-agentes-penitenciarios\/#webpage","url":"https:\/\/anoticiaonline.com.br\/site\/bombeiros-investem-na-capacitacao-dos-agentes-penitenciarios\/","name":"Corpo de Bombeiros investe na capacita\u00e7\u00e3o dos agentes penitenci\u00e1rios - A Not\u00edcia Online","description":"Em raz\u00e3o do constante crescimento da popula\u00e7\u00e3o carcer\u00e1ria e consequentemente o aumento dos riscos inerentes \u00e0s atividades penitenci\u00e1rias, o 2\u00ba Pelot\u00e3o de Bombeiros Militar em Muria\u00e9 realizou um treinamento com os agentes penitenci\u00e1rios que atuam no Grupo de Interven\u00e7\u00f5es R\u00e1pidas (GIR) da Penitenci\u00e1ria Dr. Manoel Martins Lisboa J\u00fanior. Ao todo, cerca de 20 agentes foram","inLanguage":"pt-BR","isPartOf":{"@id":"https:\/\/anoticiaonline.com.br\/site\/#website"},"breadcrumb":{"@id":"https:\/\/anoticiaonline.com.br\/site\/bombeiros-investem-na-capacitacao-dos-agentes-penitenciarios\/#breadcrumblist"},"author":{"@id":"https:\/\/anoticiaonline.com.br\/site\/author\/juliana\/#author"},"creator":{"@id":"https:\/\/anoticiaonline.com.br\/site\/author\/juliana\/#author"},"image":{"@type":"ImageObject","url":"https:\/\/anoticiaonline.com.br\/site\/wp-content\/uploads\/2016\/08\/Foto-03.jpg","@id":"https:\/\/anoticiaonline.com.br\/site\/bombeiros-investem-na-capacitacao-dos-agentes-penitenciarios\/#mainImage","width":640,"height":343},"primaryImageOfPage":{"@id":"https:\/\/anoticiaonline.com.br\/site\/bombeiros-investem-na-capacitacao-dos-agentes-penitenciarios\/#mainImage"},"datePublished":"2016-08-29T09:11:42-03:00","dateModified":"2016-08-29T09:12:35-03:00"},{"@type":"WebSite","@id":"https:\/\/anoticiaonline.com.br\/site\/#website","url":"https:\/\/anoticiaonline.com.br\/site\/","name":"A Not\u00edcia Online","description":"Noticias de Muria\u00e9 e regi\u00e3o","inLanguage":"pt-BR","publisher":{"@id":"https:\/\/anoticiaonline.com.br\/site\/#organization"}}]},"og:locale":"pt_BR","og:site_name":"A Not\u00edcia Online - Noticias de Muria\u00e9 e regi\u00e3o","og:type":"article","og:title":"Corpo de Bombeiros investe na capacita\u00e7\u00e3o dos agentes penitenci\u00e1rios - A Not\u00edcia Online","og:description":"Em raz\u00e3o do constante crescimento da popula\u00e7\u00e3o carcer\u00e1ria e consequentemente o aumento dos riscos inerentes \u00e0s atividades penitenci\u00e1rias, o 2\u00ba Pelot\u00e3o de Bombeiros Militar em Muria\u00e9 realizou um treinamento com os agentes penitenci\u00e1rios que atuam no Grupo de Interven\u00e7\u00f5es R\u00e1pidas (GIR) da Penitenci\u00e1ria Dr. Manoel Martins Lisboa J\u00fanior. Ao todo, cerca de 20 agentes foram","og:url":"https:\/\/anoticiaonline.com.br\/site\/bombeiros-investem-na-capacitacao-dos-agentes-penitenciarios\/","og:image":"https:\/\/scontent-gig4-1.xx.fbcdn.net\/v\/t39.30808-1\/270437624_4564083193639691_6907940295614233970_n.jpg?stp=dst-jpg_s200x200_tt6&#038;_nc_cat=111&#038;ccb=1-7&#038;_nc_sid=f907e8&#038;_nc_ohc=SM1wRlP3lJwQ7kNvwEPuBYA&#038;_nc_oc=AdnqrjDN_BNjSSHWO-GbkIWH6fkGMLw4bqvL_NH6e2wMveX7G-rP2dAqsDSq1mJMOaY&#038;_nc_zt=24&#038;_nc_ht=scontent-gig4-1.xx&#038;_nc_gid=AoBFJeGrT1hVaew_6rchkQ&#038;oh=00_AfX7QmFGhQhG2jAllVgXCiM1ZrWgvtp80-Bfppyexh1QEg&#038;oe=689E923C","og:image:secure_url":"https:\/\/scontent-gig4-1.xx.fbcdn.net\/v\/t39.30808-1\/270437624_4564083193639691_6907940295614233970_n.jpg?stp=dst-jpg_s200x200_tt6&#038;_nc_cat=111&#038;ccb=1-7&#038;_nc_sid=f907e8&#038;_nc_ohc=SM1wRlP3lJwQ7kNvwEPuBYA&#038;_nc_oc=AdnqrjDN_BNjSSHWO-GbkIWH6fkGMLw4bqvL_NH6e2wMveX7G-rP2dAqsDSq1mJMOaY&#038;_nc_zt=24&#038;_nc_ht=scontent-gig4-1.xx&#038;_nc_gid=AoBFJeGrT1hVaew_6rchkQ&#038;oh=00_AfX7QmFGhQhG2jAllVgXCiM1ZrWgvtp80-Bfppyexh1QEg&#038;oe=689E923C","article:published_time":"2016-08-29T12:11:42+00:00","article:modified_time":"2016-08-29T12:12:35+00:00","twitter:card":"summary_large_image","twitter:title":"Corpo de Bombeiros investe na capacita\u00e7\u00e3o dos agentes penitenci\u00e1rios - A Not\u00edcia Online","twitter:description":"Em raz\u00e3o do constante crescimento da popula\u00e7\u00e3o carcer\u00e1ria e consequentemente o aumento dos riscos inerentes \u00e0s atividades penitenci\u00e1rias, o 2\u00ba Pelot\u00e3o de Bombeiros Militar em Muria\u00e9 realizou um treinamento com os agentes penitenci\u00e1rios que atuam no Grupo de Interven\u00e7\u00f5es R\u00e1pidas (GIR) da Penitenci\u00e1ria Dr. Manoel Martins Lisboa J\u00fanior. Ao todo, cerca de 20 agentes foram","twitter:image":"https:\/\/scontent-gig4-1.xx.fbcdn.net\/v\/t39.30808-1\/270437624_4564083193639691_6907940295614233970_n.jpg?stp=dst-jpg_s200x200_tt6&_nc_cat=111&ccb=1-7&_nc_sid=f907e8&_nc_ohc=SM1wRlP3lJwQ7kNvwEPuBYA&_nc_oc=AdnqrjDN_BNjSSHWO-GbkIWH6fkGMLw4bqvL_NH6e2wMveX7G-rP2dAqsDSq1mJMOaY&_nc_zt=24&_nc_ht=scontent-gig4-1.xx&_nc_gid=AoBFJeGrT1hVaew_6rchkQ&oh=00_AfX7QmFGhQhG2jAllVgXCiM1ZrWgvtp80-Bfppyexh1QEg&oe=689E923C"},"aioseo_meta_data":{"post_id":"17399","title":null,"description":null,"keywords":null,"keyphrases":null,"primary_term":null,"canonical_url":null,"og_title":null,"og_description":null,"og_object_type":"default","og_image_type":"default","og_image_url":null,"og_image_width":null,"og_image_height":null,"og_image_custom_url":null,"og_image_custom_fields":null,"og_video":null,"og_custom_url":null,"og_article_section":null,"og_article_tags":null,"twitter_use_og":false,"twitter_card":"default","twitter_image_type":"default","twitter_image_url":null,"twitter_image_custom_url":null,"twitter_image_custom_fields":null,"twitter_title":null,"twitter_description":null,"schema":{"blockGraphs":[],"customGraphs":[],"default":{"data":{"Article":[],"Course":[],"Dataset":[],"FAQPage":[],"Movie":[],"Person":[],"Product":[],"ProductReview":[],"Car":[],"Recipe":[],"Service":[],"SoftwareApplication":[],"WebPage":[]},"graphName":"","isEnabled":true},"graphs":[]},"schema_type":"default","schema_type_options":null,"pillar_content":false,"robots_default":true,"robots_noindex":false,"robots_noarchive":false,"robots_nosnippet":false,"robots_nofollow":false,"robots_noimageindex":false,"robots_noodp":false,"robots_notranslate":false,"robots_max_snippet":null,"robots_max_videopreview":null,"robots_max_imagepreview":"large","priority":null,"frequency":null,"local_seo":null,"breadcrumb_settings":null,"limit_modified_date":false,"ai":null,"created":"2025-08-16 16:41:24","updated":"2025-08-16 16:41:24","focus_keyword":null,"additional_keywords":null,"truseo_locale":null,"seo_analyzer_scan_date":null},"aioseo_breadcrumb":"<div class=\"aioseo-breadcrumbs\"><span class=\"aioseo-breadcrumb\">\n\t\t\t<a href=\"https:\/\/anoticiaonline.com.br\/site\" title=\"Home\">Home<\/a>\n\t\t<\/span><span class=\"aioseo-breadcrumb-separator\">&raquo;<\/span><span class=\"aioseo-breadcrumb\">\n\t\t\t<a href=\"https:\/\/anoticiaonline.com.br\/site\/categoria\/muriae\/\" title=\"Blog\">Blog<\/a>\n\t\t<\/span><span class=\"aioseo-breadcrumb-separator\">&raquo;<\/span><span class=\"aioseo-breadcrumb\">\n\t\t\tCorpo de Bombeiros investe na capacita\u00e7\u00e3o dos agentes penitenci\u00e1rios\n\t\t<\/span><\/div>","aioseo_breadcrumb_json":[{"label":"Home","link":"https:\/\/anoticiaonline.com.br\/site"},{"label":"Blog","link":"https:\/\/anoticiaonline.com.br\/site\/categoria\/muriae\/"},{"label":"Corpo de Bombeiros investe na capacita\u00e7\u00e3o dos agentes penitenci\u00e1rios","link":"https:\/\/anoticiaonline.com.br\/site\/bombeiros-investem-na-capacitacao-dos-agentes-penitenciarios\/"}],"views":147,"_links":{"self":[{"href":"https:\/\/anoticiaonline.com.br\/site\/wp-json\/wp\/v2\/posts\/17399","targetHints":{"allow":["GET"]}}],"collection":[{"href":"https:\/\/anoticiaonline.com.br\/site\/wp-json\/wp\/v2\/posts"}],"about":[{"href":"https:\/\/anoticiaonline.com.br\/site\/wp-json\/wp\/v2\/types\/post"}],"author":[{"embeddable":true,"href":"https:\/\/anoticiaonline.com.br\/site\/wp-json\/wp\/v2\/users\/2"}],"replies":[{"embeddable":true,"href":"https:\/\/anoticiaonline.com.br\/site\/wp-json\/wp\/v2\/comments?post=17399"}],"version-history":[{"count":0,"href":"https:\/\/anoticiaonline.com.br\/site\/wp-json\/wp\/v2\/posts\/17399\/revisions"}],"wp:featuredmedia":[{"embeddable":true,"href":"https:\/\/anoticiaonline.com.br\/site\/wp-json\/wp\/v2\/media\/17401"}],"wp:attachment":[{"href":"https:\/\/anoticiaonline.com.br\/site\/wp-json\/wp\/v2\/media?parent=17399"}],"wp:term":[{"taxonomy":"category","embeddable":true,"href":"https:\/\/anoticiaonline.com.br\/site\/wp-json\/wp\/v2\/categories?post=17399"},{"taxonomy":"post_tag","embeddable":true,"href":"https:\/\/anoticiaonline.com.br\/site\/wp-json\/wp\/v2\/tags?post=17399"}],"curies":[{"name":"wp","href":"https:\/\/api.w.org\/{rel}","templated":true}]}}