{"id":17179,"date":"2016-08-23T09:03:41","date_gmt":"2016-08-23T12:03:41","guid":{"rendered":"http:\/\/anoticiaonline.com.br\/site\/?p=17179"},"modified":"2016-08-23T09:03:41","modified_gmt":"2016-08-23T12:03:41","slug":"publicado-o-edital-para-o-concurso-para-soldado-da-pmmg","status":"publish","type":"post","link":"https:\/\/anoticiaonline.com.br\/site\/publicado-o-edital-para-o-concurso-para-soldado-da-pmmg\/","title":{"rendered":"Publicado o edital para o concurso para soldado da PMMG"},"content":{"rendered":"<p><a href=\"https:\/\/anoticiaonline.com.br\/site\/wp-content\/uploads\/2016\/08\/PM.jpg\"><img fetchpriority=\"high\" decoding=\"async\" class=\" size-medium wp-image-17180 alignleft\" src=\"https:\/\/anoticiaonline.com.br\/site\/wp-content\/uploads\/2016\/08\/PM-300x266.jpg\" alt=\"PM\" width=\"300\" height=\"266\" \/><\/a>O edital de concurso p\u00fablico para a Pol\u00edcia Militar do Estado de Minas Gerais foi divulgado. Desta vez, o certame prover\u00e1 429 oportunidades para o cargo de soldado 2\u00aa classe, sendo 386 para candidatos do sexo masculino e outras 43 para o feminino.<\/p>\n<p>As vagas s\u00e3o remanescentes do concurso realizado ano passado e ser\u00e3o preenchidas na regi\u00e3o metropolitana de Belo Horizonte, al\u00e9m das Regi\u00f5es do Interior do Estado (17\u00aa e 18\u00aa RPM), que compreendem os munic\u00edpios de Pouso Alegre e Po\u00e7os de Caldas. A organiza\u00e7\u00e3o ficar\u00e1 a cargo do Centro de Recrutamento e Sele\u00e7\u00e3o do \u00f3rg\u00e3o, o CRS.<\/p>\n<p>Para participar, \u00e9 preciso ter o n\u00edvel superior completo, ser brasileiro, estar quite com as obriga\u00e7\u00f5es eleitorais e militares, ter entre 18 e 30 anos de idade na data da inclus\u00e3o, prevista para o dia 3 de julho de 2017, possuir idoneidade moral, ter altura m\u00ednima de 1,60, sanidade f\u00edsica e mental, aptid\u00e3o f\u00edsica, ser aprovado em avalia\u00e7\u00e3o psicol\u00f3gica e n\u00e3o apresentar tatuagem vis\u00edvel quando em uso dos diversos uniformes da Pol\u00edcia Militar.<\/p>\n<p>O vencimento inicial oferecido ser\u00e1 de R$ 3.278,74 mensais, para carga hor\u00e1ria de 40 horas semanais. O regime de contrata\u00e7\u00e3o \u00e9 o estatut\u00e1rio.<\/p>\n<p>Os interessados dever\u00e3o se inscrever entre 21 de outubro e 19 de novembro, no site da PMMG (www.policiamilitar.mg.gov.br). A taxa de inscri\u00e7\u00e3o custa R$ 122,95. Os pedidos de isen\u00e7\u00e3o s\u00e3o destinados aos candidatos que, por limita\u00e7\u00e3o financeira, n\u00e3o puderem arcar com o pagamento das taxas e devem ser feitos nos dias 24 e 25 de outubro. A comprova\u00e7\u00e3o ser\u00e1 feita atrav\u00e9s de declara\u00e7\u00e3o pr\u00f3pria que apresente situa\u00e7\u00e3o de baixa renda, junto com c\u00f3pia da carteira de trabalho. A an\u00e1lise dos pedidos aceitos ser\u00e1 divulgada no dia 9 de novembro.<\/p>\n<p>O certame ser\u00e1 constitu\u00eddo pelas seguintes etapas: exame objetivo, composto por 40 quest\u00f5es, distribu\u00eddas pelas disciplinas de L\u00edngua Portuguesa, Direito Penal, Direito Constitucional, No\u00e7\u00f5es de Direito Penal Militar, No\u00e7\u00f5es de Estat\u00edsticas, Direitos Humanos e Legisla\u00e7\u00e3o Extravagante; reda\u00e7\u00e3o, exames de sa\u00fade (preliminares e complementares), teste de capacita\u00e7\u00e3o f\u00edsica, avalia\u00e7\u00f5es psicol\u00f3gicas e exame toxicol\u00f3gico. A fase de provas (objetiva e dissertativa) est\u00e1 prevista para o dia 8 de janeiro de 2017, das 8h30min \u00e0s 12h30min, sendo aplicada em Belo Horizonte, Pouso Alegre e Po\u00e7os de Caldas.<\/p>\n<p>A prova objetiva ter\u00e1 valor de cem pontos e ser\u00e1 elaborada com quest\u00f5es de m\u00faltipla escolha, contendo cada quest\u00e3o quatro alternativas de resposta, devendo ser marcada apenas uma delas, no valor de 2,5 pontos cada quest\u00e3o.<\/p>\n<p>O concurso tem validade de 30 dias, podendo ser prorrogado por uma \u00fanica vez.<\/p>\n","protected":false},"excerpt":{"rendered":"<p>O edital de concurso p\u00fablico para a Pol\u00edcia Militar do Estado de Minas Gerais foi divulgado. Desta vez, o certame prover\u00e1 429 oportunidades para o cargo de soldado 2\u00aa classe, sendo 386 para candidatos do sexo masculino e outras 43 para o feminino. As vagas s\u00e3o remanescentes do concurso realizado ano passado e ser\u00e3o preenchidas &#8230; <a title=\"Publicado o edital para o concurso para soldado da PMMG\" class=\"read-more\" href=\"https:\/\/anoticiaonline.com.br\/site\/publicado-o-edital-para-o-concurso-para-soldado-da-pmmg\/\" aria-label=\"Read more about Publicado o edital para o concurso para soldado da PMMG\">Ler mais<\/a><\/p>\n","protected":false},"author":2,"featured_media":17180,"comment_status":"open","ping_status":"open","sticky":false,"template":"","format":"standard","meta":{"_acf_changed":false,"_monsterinsights_skip_tracking":false,"footnotes":""},"categories":[1],"tags":[3],"class_list":["post-17179","post","type-post","status-publish","format-standard","has-post-thumbnail","hentry","category-gerais","tag-slide"],"acf":[],"aioseo_notices":[],"aioseo_head":"\n\t\t<!-- All in One SEO 5.0.0.1 - aioseo.com -->\n\t<meta name=\"description\" content=\"O edital de concurso p\u00fablico para a Pol\u00edcia Militar do Estado de Minas Gerais foi divulgado. Desta vez, o certame prover\u00e1 429 oportunidades para o cargo de soldado 2\u00aa classe, sendo 386 para candidatos do sexo masculino e outras 43 para o feminino. As vagas s\u00e3o remanescentes do concurso realizado ano passado e ser\u00e3o preenchidas\" \/>\n\t<meta name=\"robots\" content=\"max-image-preview:large\" \/>\n\t<meta name=\"author\" content=\"Juliana Laviola\"\/>\n\t<link rel=\"canonical\" href=\"https:\/\/anoticiaonline.com.br\/site\/publicado-o-edital-para-o-concurso-para-soldado-da-pmmg\/\" \/>\n\t<meta name=\"generator\" content=\"All in One SEO (AIOSEO) 5.0.0.1\" \/>\n\t\t<meta property=\"og:locale\" content=\"pt_BR\" \/>\n\t\t<meta property=\"og:site_name\" content=\"A Not\u00edcia Online - Noticias de Muria\u00e9 e regi\u00e3o\" \/>\n\t\t<meta property=\"og:type\" content=\"article\" \/>\n\t\t<meta property=\"og:title\" content=\"Publicado o edital para o concurso para soldado da PMMG - A Not\u00edcia Online\" \/>\n\t\t<meta property=\"og:description\" content=\"O edital de concurso p\u00fablico para a Pol\u00edcia Militar do Estado de Minas Gerais foi divulgado. Desta vez, o certame prover\u00e1 429 oportunidades para o cargo de soldado 2\u00aa classe, sendo 386 para candidatos do sexo masculino e outras 43 para o feminino. As vagas s\u00e3o remanescentes do concurso realizado ano passado e ser\u00e3o preenchidas\" \/>\n\t\t<meta property=\"og:url\" content=\"https:\/\/anoticiaonline.com.br\/site\/publicado-o-edital-para-o-concurso-para-soldado-da-pmmg\/\" \/>\n\t\t<meta property=\"og:image\" content=\"https:\/\/scontent-gig4-1.xx.fbcdn.net\/v\/t39.30808-1\/270437624_4564083193639691_6907940295614233970_n.jpg?stp=dst-jpg_s200x200_tt6&#038;_nc_cat=111&#038;ccb=1-7&#038;_nc_sid=f907e8&#038;_nc_ohc=SM1wRlP3lJwQ7kNvwEPuBYA&#038;_nc_oc=AdnqrjDN_BNjSSHWO-GbkIWH6fkGMLw4bqvL_NH6e2wMveX7G-rP2dAqsDSq1mJMOaY&#038;_nc_zt=24&#038;_nc_ht=scontent-gig4-1.xx&#038;_nc_gid=AoBFJeGrT1hVaew_6rchkQ&#038;oh=00_AfX7QmFGhQhG2jAllVgXCiM1ZrWgvtp80-Bfppyexh1QEg&#038;oe=689E923C\" \/>\n\t\t<meta property=\"og:image:secure_url\" content=\"https:\/\/scontent-gig4-1.xx.fbcdn.net\/v\/t39.30808-1\/270437624_4564083193639691_6907940295614233970_n.jpg?stp=dst-jpg_s200x200_tt6&#038;_nc_cat=111&#038;ccb=1-7&#038;_nc_sid=f907e8&#038;_nc_ohc=SM1wRlP3lJwQ7kNvwEPuBYA&#038;_nc_oc=AdnqrjDN_BNjSSHWO-GbkIWH6fkGMLw4bqvL_NH6e2wMveX7G-rP2dAqsDSq1mJMOaY&#038;_nc_zt=24&#038;_nc_ht=scontent-gig4-1.xx&#038;_nc_gid=AoBFJeGrT1hVaew_6rchkQ&#038;oh=00_AfX7QmFGhQhG2jAllVgXCiM1ZrWgvtp80-Bfppyexh1QEg&#038;oe=689E923C\" \/>\n\t\t<meta property=\"article:published_time\" content=\"2016-08-23T12:03:41+00:00\" \/>\n\t\t<meta property=\"article:modified_time\" content=\"2016-08-23T12:03:41+00:00\" \/>\n\t\t<meta name=\"twitter:card\" content=\"summary_large_image\" \/>\n\t\t<meta name=\"twitter:title\" content=\"Publicado o edital para o concurso para soldado da PMMG - A Not\u00edcia Online\" \/>\n\t\t<meta name=\"twitter:description\" content=\"O edital de concurso p\u00fablico para a Pol\u00edcia Militar do Estado de Minas Gerais foi divulgado. Desta vez, o certame prover\u00e1 429 oportunidades para o cargo de soldado 2\u00aa classe, sendo 386 para candidatos do sexo masculino e outras 43 para o feminino. As vagas s\u00e3o remanescentes do concurso realizado ano passado e ser\u00e3o preenchidas\" \/>\n\t\t<meta name=\"twitter:image\" content=\"https:\/\/scontent-gig4-1.xx.fbcdn.net\/v\/t39.30808-1\/270437624_4564083193639691_6907940295614233970_n.jpg?stp=dst-jpg_s200x200_tt6&amp;_nc_cat=111&amp;ccb=1-7&amp;_nc_sid=f907e8&amp;_nc_ohc=SM1wRlP3lJwQ7kNvwEPuBYA&amp;_nc_oc=AdnqrjDN_BNjSSHWO-GbkIWH6fkGMLw4bqvL_NH6e2wMveX7G-rP2dAqsDSq1mJMOaY&amp;_nc_zt=24&amp;_nc_ht=scontent-gig4-1.xx&amp;_nc_gid=AoBFJeGrT1hVaew_6rchkQ&amp;oh=00_AfX7QmFGhQhG2jAllVgXCiM1ZrWgvtp80-Bfppyexh1QEg&amp;oe=689E923C\" \/>\n\t\t<script type=\"application\/ld+json\" class=\"aioseo-schema\">\n\t\t\t{\"@context\":\"https:\\\/\\\/schema.org\",\"@graph\":[{\"@type\":\"BlogPosting\",\"@id\":\"https:\\\/\\\/anoticiaonline.com.br\\\/site\\\/publicado-o-edital-para-o-concurso-para-soldado-da-pmmg\\\/#blogposting\",\"name\":\"Publicado o edital para o concurso para soldado da PMMG - A Not\\u00edcia Online\",\"headline\":\"Publicado o edital para o concurso para soldado da PMMG\",\"author\":{\"@id\":\"https:\\\/\\\/anoticiaonline.com.br\\\/site\\\/author\\\/juliana\\\/#author\"},\"publisher\":{\"@id\":\"https:\\\/\\\/anoticiaonline.com.br\\\/site\\\/#organization\"},\"image\":{\"@type\":\"ImageObject\",\"url\":\"https:\\\/\\\/anoticiaonline.com.br\\\/site\\\/wp-content\\\/uploads\\\/2016\\\/08\\\/PM.jpg\",\"width\":640,\"height\":566},\"datePublished\":\"2016-08-23T09:03:41-03:00\",\"dateModified\":\"2016-08-23T09:03:41-03:00\",\"inLanguage\":\"pt-BR\",\"mainEntityOfPage\":{\"@id\":\"https:\\\/\\\/anoticiaonline.com.br\\\/site\\\/publicado-o-edital-para-o-concurso-para-soldado-da-pmmg\\\/#webpage\"},\"isPartOf\":{\"@id\":\"https:\\\/\\\/anoticiaonline.com.br\\\/site\\\/publicado-o-edital-para-o-concurso-para-soldado-da-pmmg\\\/#webpage\"},\"articleSection\":\"Gerais, slide\"},{\"@type\":\"BreadcrumbList\",\"@id\":\"https:\\\/\\\/anoticiaonline.com.br\\\/site\\\/publicado-o-edital-para-o-concurso-para-soldado-da-pmmg\\\/#breadcrumblist\",\"itemListElement\":[{\"@type\":\"ListItem\",\"@id\":\"https:\\\/\\\/anoticiaonline.com.br\\\/site#listItem\",\"position\":1,\"name\":\"Home\",\"item\":\"https:\\\/\\\/anoticiaonline.com.br\\\/site\",\"nextItem\":{\"@type\":\"ListItem\",\"@id\":\"https:\\\/\\\/anoticiaonline.com.br\\\/site\\\/categoria\\\/gerais\\\/#listItem\",\"name\":\"Gerais\"}},{\"@type\":\"ListItem\",\"@id\":\"https:\\\/\\\/anoticiaonline.com.br\\\/site\\\/categoria\\\/gerais\\\/#listItem\",\"position\":2,\"name\":\"Gerais\",\"item\":\"https:\\\/\\\/anoticiaonline.com.br\\\/site\\\/categoria\\\/gerais\\\/\",\"nextItem\":{\"@type\":\"ListItem\",\"@id\":\"https:\\\/\\\/anoticiaonline.com.br\\\/site\\\/publicado-o-edital-para-o-concurso-para-soldado-da-pmmg\\\/#listItem\",\"name\":\"Publicado o edital para o concurso para soldado da PMMG\"},\"previousItem\":{\"@type\":\"ListItem\",\"@id\":\"https:\\\/\\\/anoticiaonline.com.br\\\/site#listItem\",\"name\":\"Home\"}},{\"@type\":\"ListItem\",\"@id\":\"https:\\\/\\\/anoticiaonline.com.br\\\/site\\\/publicado-o-edital-para-o-concurso-para-soldado-da-pmmg\\\/#listItem\",\"position\":3,\"name\":\"Publicado o edital para o concurso para soldado da PMMG\",\"previousItem\":{\"@type\":\"ListItem\",\"@id\":\"https:\\\/\\\/anoticiaonline.com.br\\\/site\\\/categoria\\\/gerais\\\/#listItem\",\"name\":\"Gerais\"}}]},{\"@type\":\"Organization\",\"@id\":\"https:\\\/\\\/anoticiaonline.com.br\\\/site\\\/#organization\",\"name\":\"A Not\\u00edcia Online\",\"description\":\"Noticias de Muria\\u00e9 e regi\\u00e3o\",\"url\":\"https:\\\/\\\/anoticiaonline.com.br\\\/site\\\/\",\"logo\":{\"@type\":\"ImageObject\",\"url\":\"https:\\\/\\\/scontent-gig4-1.xx.fbcdn.net\\\/v\\\/t39.30808-1\\\/270437624_4564083193639691_6907940295614233970_n.jpg?stp=dst-jpg_s200x200_tt6&_nc_cat=111&ccb=1-7&_nc_sid=f907e8&_nc_ohc=SM1wRlP3lJwQ7kNvwEPuBYA&_nc_oc=AdnqrjDN_BNjSSHWO-GbkIWH6fkGMLw4bqvL_NH6e2wMveX7G-rP2dAqsDSq1mJMOaY&_nc_zt=24&_nc_ht=scontent-gig4-1.xx&_nc_gid=AoBFJeGrT1hVaew_6rchkQ&oh=00_AfX7QmFGhQhG2jAllVgXCiM1ZrWgvtp80-Bfppyexh1QEg&oe=689E923C\",\"@id\":\"https:\\\/\\\/anoticiaonline.com.br\\\/site\\\/publicado-o-edital-para-o-concurso-para-soldado-da-pmmg\\\/#organizationLogo\"},\"image\":{\"@id\":\"https:\\\/\\\/anoticiaonline.com.br\\\/site\\\/publicado-o-edital-para-o-concurso-para-soldado-da-pmmg\\\/#organizationLogo\"}},{\"@type\":\"Person\",\"@id\":\"https:\\\/\\\/anoticiaonline.com.br\\\/site\\\/author\\\/juliana\\\/#author\",\"url\":\"https:\\\/\\\/anoticiaonline.com.br\\\/site\\\/author\\\/juliana\\\/\",\"name\":\"Juliana Laviola\",\"image\":{\"@type\":\"ImageObject\",\"@id\":\"https:\\\/\\\/anoticiaonline.com.br\\\/site\\\/publicado-o-edital-para-o-concurso-para-soldado-da-pmmg\\\/#authorImage\",\"url\":\"https:\\\/\\\/secure.gravatar.com\\\/avatar\\\/b8d45f5c699b100dfaf0e543582f38f38bf94cb7ae3a5e9abf8d891a34773335?s=96&d=mm&r=g\",\"width\":96,\"height\":96,\"caption\":\"Juliana Laviola\"}},{\"@type\":\"WebPage\",\"@id\":\"https:\\\/\\\/anoticiaonline.com.br\\\/site\\\/publicado-o-edital-para-o-concurso-para-soldado-da-pmmg\\\/#webpage\",\"url\":\"https:\\\/\\\/anoticiaonline.com.br\\\/site\\\/publicado-o-edital-para-o-concurso-para-soldado-da-pmmg\\\/\",\"name\":\"Publicado o edital para o concurso para soldado da PMMG - A Not\\u00edcia Online\",\"description\":\"O edital de concurso p\\u00fablico para a Pol\\u00edcia Militar do Estado de Minas Gerais foi divulgado. Desta vez, o certame prover\\u00e1 429 oportunidades para o cargo de soldado 2\\u00aa classe, sendo 386 para candidatos do sexo masculino e outras 43 para o feminino. As vagas s\\u00e3o remanescentes do concurso realizado ano passado e ser\\u00e3o preenchidas\",\"inLanguage\":\"pt-BR\",\"isPartOf\":{\"@id\":\"https:\\\/\\\/anoticiaonline.com.br\\\/site\\\/#website\"},\"breadcrumb\":{\"@id\":\"https:\\\/\\\/anoticiaonline.com.br\\\/site\\\/publicado-o-edital-para-o-concurso-para-soldado-da-pmmg\\\/#breadcrumblist\"},\"author\":{\"@id\":\"https:\\\/\\\/anoticiaonline.com.br\\\/site\\\/author\\\/juliana\\\/#author\"},\"creator\":{\"@id\":\"https:\\\/\\\/anoticiaonline.com.br\\\/site\\\/author\\\/juliana\\\/#author\"},\"image\":{\"@type\":\"ImageObject\",\"url\":\"https:\\\/\\\/anoticiaonline.com.br\\\/site\\\/wp-content\\\/uploads\\\/2016\\\/08\\\/PM.jpg\",\"@id\":\"https:\\\/\\\/anoticiaonline.com.br\\\/site\\\/publicado-o-edital-para-o-concurso-para-soldado-da-pmmg\\\/#mainImage\",\"width\":640,\"height\":566},\"primaryImageOfPage\":{\"@id\":\"https:\\\/\\\/anoticiaonline.com.br\\\/site\\\/publicado-o-edital-para-o-concurso-para-soldado-da-pmmg\\\/#mainImage\"},\"datePublished\":\"2016-08-23T09:03:41-03:00\",\"dateModified\":\"2016-08-23T09:03:41-03:00\"},{\"@type\":\"WebSite\",\"@id\":\"https:\\\/\\\/anoticiaonline.com.br\\\/site\\\/#website\",\"url\":\"https:\\\/\\\/anoticiaonline.com.br\\\/site\\\/\",\"name\":\"A Not\\u00edcia Online\",\"description\":\"Noticias de Muria\\u00e9 e regi\\u00e3o\",\"inLanguage\":\"pt-BR\",\"publisher\":{\"@id\":\"https:\\\/\\\/anoticiaonline.com.br\\\/site\\\/#organization\"}}]}\n\t\t<\/script>\n\t\t<!-- All in One SEO -->\n\n","aioseo_head_json":{"title":"Publicado o edital para o concurso para soldado da PMMG - A Not\u00edcia Online","description":"O edital de concurso p\u00fablico para a Pol\u00edcia Militar do Estado de Minas Gerais foi divulgado. Desta vez, o certame prover\u00e1 429 oportunidades para o cargo de soldado 2\u00aa classe, sendo 386 para candidatos do sexo masculino e outras 43 para o feminino. As vagas s\u00e3o remanescentes do concurso realizado ano passado e ser\u00e3o preenchidas","canonical_url":"https:\/\/anoticiaonline.com.br\/site\/publicado-o-edital-para-o-concurso-para-soldado-da-pmmg\/","robots":"max-image-preview:large","keywords":"","webmasterTools":{"miscellaneous":""},"schema":{"@context":"https:\/\/schema.org","@graph":[{"@type":"BlogPosting","@id":"https:\/\/anoticiaonline.com.br\/site\/publicado-o-edital-para-o-concurso-para-soldado-da-pmmg\/#blogposting","name":"Publicado o edital para o concurso para soldado da PMMG - A Not\u00edcia Online","headline":"Publicado o edital para o concurso para soldado da PMMG","author":{"@id":"https:\/\/anoticiaonline.com.br\/site\/author\/juliana\/#author"},"publisher":{"@id":"https:\/\/anoticiaonline.com.br\/site\/#organization"},"image":{"@type":"ImageObject","url":"https:\/\/anoticiaonline.com.br\/site\/wp-content\/uploads\/2016\/08\/PM.jpg","width":640,"height":566},"datePublished":"2016-08-23T09:03:41-03:00","dateModified":"2016-08-23T09:03:41-03:00","inLanguage":"pt-BR","mainEntityOfPage":{"@id":"https:\/\/anoticiaonline.com.br\/site\/publicado-o-edital-para-o-concurso-para-soldado-da-pmmg\/#webpage"},"isPartOf":{"@id":"https:\/\/anoticiaonline.com.br\/site\/publicado-o-edital-para-o-concurso-para-soldado-da-pmmg\/#webpage"},"articleSection":"Gerais, slide"},{"@type":"BreadcrumbList","@id":"https:\/\/anoticiaonline.com.br\/site\/publicado-o-edital-para-o-concurso-para-soldado-da-pmmg\/#breadcrumblist","itemListElement":[{"@type":"ListItem","@id":"https:\/\/anoticiaonline.com.br\/site#listItem","position":1,"name":"Home","item":"https:\/\/anoticiaonline.com.br\/site","nextItem":{"@type":"ListItem","@id":"https:\/\/anoticiaonline.com.br\/site\/categoria\/gerais\/#listItem","name":"Gerais"}},{"@type":"ListItem","@id":"https:\/\/anoticiaonline.com.br\/site\/categoria\/gerais\/#listItem","position":2,"name":"Gerais","item":"https:\/\/anoticiaonline.com.br\/site\/categoria\/gerais\/","nextItem":{"@type":"ListItem","@id":"https:\/\/anoticiaonline.com.br\/site\/publicado-o-edital-para-o-concurso-para-soldado-da-pmmg\/#listItem","name":"Publicado o edital para o concurso para soldado da PMMG"},"previousItem":{"@type":"ListItem","@id":"https:\/\/anoticiaonline.com.br\/site#listItem","name":"Home"}},{"@type":"ListItem","@id":"https:\/\/anoticiaonline.com.br\/site\/publicado-o-edital-para-o-concurso-para-soldado-da-pmmg\/#listItem","position":3,"name":"Publicado o edital para o concurso para soldado da PMMG","previousItem":{"@type":"ListItem","@id":"https:\/\/anoticiaonline.com.br\/site\/categoria\/gerais\/#listItem","name":"Gerais"}}]},{"@type":"Organization","@id":"https:\/\/anoticiaonline.com.br\/site\/#organization","name":"A Not\u00edcia Online","description":"Noticias de Muria\u00e9 e regi\u00e3o","url":"https:\/\/anoticiaonline.com.br\/site\/","logo":{"@type":"ImageObject","url":"https:\/\/scontent-gig4-1.xx.fbcdn.net\/v\/t39.30808-1\/270437624_4564083193639691_6907940295614233970_n.jpg?stp=dst-jpg_s200x200_tt6&_nc_cat=111&ccb=1-7&_nc_sid=f907e8&_nc_ohc=SM1wRlP3lJwQ7kNvwEPuBYA&_nc_oc=AdnqrjDN_BNjSSHWO-GbkIWH6fkGMLw4bqvL_NH6e2wMveX7G-rP2dAqsDSq1mJMOaY&_nc_zt=24&_nc_ht=scontent-gig4-1.xx&_nc_gid=AoBFJeGrT1hVaew_6rchkQ&oh=00_AfX7QmFGhQhG2jAllVgXCiM1ZrWgvtp80-Bfppyexh1QEg&oe=689E923C","@id":"https:\/\/anoticiaonline.com.br\/site\/publicado-o-edital-para-o-concurso-para-soldado-da-pmmg\/#organizationLogo"},"image":{"@id":"https:\/\/anoticiaonline.com.br\/site\/publicado-o-edital-para-o-concurso-para-soldado-da-pmmg\/#organizationLogo"}},{"@type":"Person","@id":"https:\/\/anoticiaonline.com.br\/site\/author\/juliana\/#author","url":"https:\/\/anoticiaonline.com.br\/site\/author\/juliana\/","name":"Juliana Laviola","image":{"@type":"ImageObject","@id":"https:\/\/anoticiaonline.com.br\/site\/publicado-o-edital-para-o-concurso-para-soldado-da-pmmg\/#authorImage","url":"https:\/\/secure.gravatar.com\/avatar\/b8d45f5c699b100dfaf0e543582f38f38bf94cb7ae3a5e9abf8d891a34773335?s=96&d=mm&r=g","width":96,"height":96,"caption":"Juliana Laviola"}},{"@type":"WebPage","@id":"https:\/\/anoticiaonline.com.br\/site\/publicado-o-edital-para-o-concurso-para-soldado-da-pmmg\/#webpage","url":"https:\/\/anoticiaonline.com.br\/site\/publicado-o-edital-para-o-concurso-para-soldado-da-pmmg\/","name":"Publicado o edital para o concurso para soldado da PMMG - A Not\u00edcia Online","description":"O edital de concurso p\u00fablico para a Pol\u00edcia Militar do Estado de Minas Gerais foi divulgado. Desta vez, o certame prover\u00e1 429 oportunidades para o cargo de soldado 2\u00aa classe, sendo 386 para candidatos do sexo masculino e outras 43 para o feminino. As vagas s\u00e3o remanescentes do concurso realizado ano passado e ser\u00e3o preenchidas","inLanguage":"pt-BR","isPartOf":{"@id":"https:\/\/anoticiaonline.com.br\/site\/#website"},"breadcrumb":{"@id":"https:\/\/anoticiaonline.com.br\/site\/publicado-o-edital-para-o-concurso-para-soldado-da-pmmg\/#breadcrumblist"},"author":{"@id":"https:\/\/anoticiaonline.com.br\/site\/author\/juliana\/#author"},"creator":{"@id":"https:\/\/anoticiaonline.com.br\/site\/author\/juliana\/#author"},"image":{"@type":"ImageObject","url":"https:\/\/anoticiaonline.com.br\/site\/wp-content\/uploads\/2016\/08\/PM.jpg","@id":"https:\/\/anoticiaonline.com.br\/site\/publicado-o-edital-para-o-concurso-para-soldado-da-pmmg\/#mainImage","width":640,"height":566},"primaryImageOfPage":{"@id":"https:\/\/anoticiaonline.com.br\/site\/publicado-o-edital-para-o-concurso-para-soldado-da-pmmg\/#mainImage"},"datePublished":"2016-08-23T09:03:41-03:00","dateModified":"2016-08-23T09:03:41-03:00"},{"@type":"WebSite","@id":"https:\/\/anoticiaonline.com.br\/site\/#website","url":"https:\/\/anoticiaonline.com.br\/site\/","name":"A Not\u00edcia Online","description":"Noticias de Muria\u00e9 e regi\u00e3o","inLanguage":"pt-BR","publisher":{"@id":"https:\/\/anoticiaonline.com.br\/site\/#organization"}}]},"og:locale":"pt_BR","og:site_name":"A Not\u00edcia Online - Noticias de Muria\u00e9 e regi\u00e3o","og:type":"article","og:title":"Publicado o edital para o concurso para soldado da PMMG - A Not\u00edcia Online","og:description":"O edital de concurso p\u00fablico para a Pol\u00edcia Militar do Estado de Minas Gerais foi divulgado. Desta vez, o certame prover\u00e1 429 oportunidades para o cargo de soldado 2\u00aa classe, sendo 386 para candidatos do sexo masculino e outras 43 para o feminino. As vagas s\u00e3o remanescentes do concurso realizado ano passado e ser\u00e3o preenchidas","og:url":"https:\/\/anoticiaonline.com.br\/site\/publicado-o-edital-para-o-concurso-para-soldado-da-pmmg\/","og:image":"https:\/\/scontent-gig4-1.xx.fbcdn.net\/v\/t39.30808-1\/270437624_4564083193639691_6907940295614233970_n.jpg?stp=dst-jpg_s200x200_tt6&#038;_nc_cat=111&#038;ccb=1-7&#038;_nc_sid=f907e8&#038;_nc_ohc=SM1wRlP3lJwQ7kNvwEPuBYA&#038;_nc_oc=AdnqrjDN_BNjSSHWO-GbkIWH6fkGMLw4bqvL_NH6e2wMveX7G-rP2dAqsDSq1mJMOaY&#038;_nc_zt=24&#038;_nc_ht=scontent-gig4-1.xx&#038;_nc_gid=AoBFJeGrT1hVaew_6rchkQ&#038;oh=00_AfX7QmFGhQhG2jAllVgXCiM1ZrWgvtp80-Bfppyexh1QEg&#038;oe=689E923C","og:image:secure_url":"https:\/\/scontent-gig4-1.xx.fbcdn.net\/v\/t39.30808-1\/270437624_4564083193639691_6907940295614233970_n.jpg?stp=dst-jpg_s200x200_tt6&#038;_nc_cat=111&#038;ccb=1-7&#038;_nc_sid=f907e8&#038;_nc_ohc=SM1wRlP3lJwQ7kNvwEPuBYA&#038;_nc_oc=AdnqrjDN_BNjSSHWO-GbkIWH6fkGMLw4bqvL_NH6e2wMveX7G-rP2dAqsDSq1mJMOaY&#038;_nc_zt=24&#038;_nc_ht=scontent-gig4-1.xx&#038;_nc_gid=AoBFJeGrT1hVaew_6rchkQ&#038;oh=00_AfX7QmFGhQhG2jAllVgXCiM1ZrWgvtp80-Bfppyexh1QEg&#038;oe=689E923C","article:published_time":"2016-08-23T12:03:41+00:00","article:modified_time":"2016-08-23T12:03:41+00:00","twitter:card":"summary_large_image","twitter:title":"Publicado o edital para o concurso para soldado da PMMG - A Not\u00edcia Online","twitter:description":"O edital de concurso p\u00fablico para a Pol\u00edcia Militar do Estado de Minas Gerais foi divulgado. Desta vez, o certame prover\u00e1 429 oportunidades para o cargo de soldado 2\u00aa classe, sendo 386 para candidatos do sexo masculino e outras 43 para o feminino. As vagas s\u00e3o remanescentes do concurso realizado ano passado e ser\u00e3o preenchidas","twitter:image":"https:\/\/scontent-gig4-1.xx.fbcdn.net\/v\/t39.30808-1\/270437624_4564083193639691_6907940295614233970_n.jpg?stp=dst-jpg_s200x200_tt6&_nc_cat=111&ccb=1-7&_nc_sid=f907e8&_nc_ohc=SM1wRlP3lJwQ7kNvwEPuBYA&_nc_oc=AdnqrjDN_BNjSSHWO-GbkIWH6fkGMLw4bqvL_NH6e2wMveX7G-rP2dAqsDSq1mJMOaY&_nc_zt=24&_nc_ht=scontent-gig4-1.xx&_nc_gid=AoBFJeGrT1hVaew_6rchkQ&oh=00_AfX7QmFGhQhG2jAllVgXCiM1ZrWgvtp80-Bfppyexh1QEg&oe=689E923C"},"aioseo_meta_data":{"post_id":"17179","title":null,"description":null,"keywords":null,"keyphrases":null,"primary_term":null,"canonical_url":null,"og_title":null,"og_description":null,"og_object_type":"default","og_image_type":"default","og_image_url":null,"og_image_width":null,"og_image_height":null,"og_image_custom_url":null,"og_image_custom_fields":null,"og_video":null,"og_custom_url":null,"og_article_section":null,"og_article_tags":null,"twitter_use_og":false,"twitter_card":"default","twitter_image_type":"default","twitter_image_url":null,"twitter_image_custom_url":null,"twitter_image_custom_fields":null,"twitter_title":null,"twitter_description":null,"schema":{"blockGraphs":[],"customGraphs":[],"default":{"data":{"Article":[],"Course":[],"Dataset":[],"FAQPage":[],"Movie":[],"Person":[],"Product":[],"ProductReview":[],"Car":[],"Recipe":[],"Service":[],"SoftwareApplication":[],"WebPage":[]},"graphName":"","isEnabled":true},"graphs":[]},"schema_type":"default","schema_type_options":null,"pillar_content":false,"robots_default":true,"robots_noindex":false,"robots_noarchive":false,"robots_nosnippet":false,"robots_nofollow":false,"robots_noimageindex":false,"robots_noodp":false,"robots_notranslate":false,"robots_max_snippet":null,"robots_max_videopreview":null,"robots_max_imagepreview":"large","priority":null,"frequency":null,"local_seo":null,"breadcrumb_settings":null,"limit_modified_date":false,"ai":null,"created":"2025-08-16 16:39:32","updated":"2025-08-16 16:39:32","focus_keyword":null,"additional_keywords":null,"truseo_locale":null,"seo_analyzer_scan_date":null},"aioseo_breadcrumb":"<div class=\"aioseo-breadcrumbs\"><span class=\"aioseo-breadcrumb\">\n\t\t\t<a href=\"https:\/\/anoticiaonline.com.br\/site\" title=\"Home\">Home<\/a>\n\t\t<\/span><span class=\"aioseo-breadcrumb-separator\">&raquo;<\/span><span class=\"aioseo-breadcrumb\">\n\t\t\t<a href=\"https:\/\/anoticiaonline.com.br\/site\/categoria\/gerais\/\" title=\"Gerais\">Gerais<\/a>\n\t\t<\/span><span class=\"aioseo-breadcrumb-separator\">&raquo;<\/span><span class=\"aioseo-breadcrumb\">\n\t\t\tPublicado o edital para o concurso para soldado da PMMG\n\t\t<\/span><\/div>","aioseo_breadcrumb_json":[{"label":"Home","link":"https:\/\/anoticiaonline.com.br\/site"},{"label":"Gerais","link":"https:\/\/anoticiaonline.com.br\/site\/categoria\/gerais\/"},{"label":"Publicado o edital para o concurso para soldado da PMMG","link":"https:\/\/anoticiaonline.com.br\/site\/publicado-o-edital-para-o-concurso-para-soldado-da-pmmg\/"}],"views":150,"_links":{"self":[{"href":"https:\/\/anoticiaonline.com.br\/site\/wp-json\/wp\/v2\/posts\/17179","targetHints":{"allow":["GET"]}}],"collection":[{"href":"https:\/\/anoticiaonline.com.br\/site\/wp-json\/wp\/v2\/posts"}],"about":[{"href":"https:\/\/anoticiaonline.com.br\/site\/wp-json\/wp\/v2\/types\/post"}],"author":[{"embeddable":true,"href":"https:\/\/anoticiaonline.com.br\/site\/wp-json\/wp\/v2\/users\/2"}],"replies":[{"embeddable":true,"href":"https:\/\/anoticiaonline.com.br\/site\/wp-json\/wp\/v2\/comments?post=17179"}],"version-history":[{"count":0,"href":"https:\/\/anoticiaonline.com.br\/site\/wp-json\/wp\/v2\/posts\/17179\/revisions"}],"wp:featuredmedia":[{"embeddable":true,"href":"https:\/\/anoticiaonline.com.br\/site\/wp-json\/wp\/v2\/media\/17180"}],"wp:attachment":[{"href":"https:\/\/anoticiaonline.com.br\/site\/wp-json\/wp\/v2\/media?parent=17179"}],"wp:term":[{"taxonomy":"category","embeddable":true,"href":"https:\/\/anoticiaonline.com.br\/site\/wp-json\/wp\/v2\/categories?post=17179"},{"taxonomy":"post_tag","embeddable":true,"href":"https:\/\/anoticiaonline.com.br\/site\/wp-json\/wp\/v2\/tags?post=17179"}],"curies":[{"name":"wp","href":"https:\/\/api.w.org\/{rel}","templated":true}]}}