{"id":16952,"date":"2016-08-18T18:40:05","date_gmt":"2016-08-18T21:40:05","guid":{"rendered":"http:\/\/anoticiaonline.com.br\/site\/?p=16952"},"modified":"2016-08-18T18:50:22","modified_gmt":"2016-08-18T21:50:22","slug":"em-noite-de-glamour-garota-polmel-e-eleita","status":"publish","type":"post","link":"https:\/\/anoticiaonline.com.br\/site\/em-noite-de-glamour-garota-polmel-e-eleita\/","title":{"rendered":"Em noite de glamour, Garota Polmel \u00e9 eleita"},"content":{"rendered":"<p><a href=\"https:\/\/anoticiaonline.com.br\/site\/wp-content\/uploads\/2016\/08\/DSC00925.jpg\"><img fetchpriority=\"high\" decoding=\"async\" class=\" size-medium wp-image-16953 alignleft\" src=\"https:\/\/anoticiaonline.com.br\/site\/wp-content\/uploads\/2016\/08\/DSC00925-300x236.jpg\" alt=\"DSC00925\" width=\"300\" height=\"236\" srcset=\"https:\/\/anoticiaonline.com.br\/site\/wp-content\/uploads\/2016\/08\/DSC00925-300x236.jpg 300w, https:\/\/anoticiaonline.com.br\/site\/wp-content\/uploads\/2016\/08\/DSC00925.jpg 640w\" sizes=\"(max-width: 300px) 100vw, 300px\" \/><\/a>Em uma noite de charme, glamour e beleza, o Bazar Polmel elegeu a Garota Polmel. Luana Cristina Vieira, de 17 anos, natural de Miradouro, foi a melhor, segundo o parecer dos jurados, nos quesitos carisma, beleza e fotogenia e venceu o concurso. Ela representar\u00e1 a marca em todas as a\u00e7\u00f5es comerciais da empresa, tendo um acompanhamento profissional do trabalho da sua imagem.<\/p>\n<p>Treze garotas, das cidades de Miradouro, Pedra Dourada, Vieiras, Carangola e Muria\u00e9, participaram do concurso, cuja final aconteceu na noite de s\u00e1bado (13), no Trevo Art, em Miradouro, quando foi realizado o desfile com as garotas selecionadas e conhecida a vencedora. \u201cSer a Garota Polmel e representar a loja \u00e9 muito gratificante. N\u00e3o esperava ganhar. Tinha muitas meninas lindas concorrendo \u00e0 vaga. Ter sido escolhida foi um presente de Deus na minha vida. Estou muito feliz em ser a Garota Polmel\u201d, afirma Luana.<\/p>\n<p>Al\u00e9m do desfile feminino, houve tamb\u00e9m desfiles infantis dos filhos dos funcion\u00e1rios da empresa e desfiles masculinos, todos, \u00e9 claro, vestindo looks que podem ser encontrados nas lojas Bazar Polmel. Tamb\u00e9m foram feitas homenagens surpresa a funcion\u00e1rios e aos fundadores da empresa, Paulo Onofre de Lima e sua esposa, Solange da Matta Silva e Lima.<\/p>\n<figure id=\"attachment_16954\" aria-describedby=\"caption-attachment-16954\" style=\"width: 290px\" class=\"wp-caption alignleft\"><a href=\"https:\/\/anoticiaonline.com.br\/site\/wp-content\/uploads\/2016\/08\/DSC00885.jpg\"><img decoding=\"async\" class=\"size-medium wp-image-16954\" src=\"https:\/\/anoticiaonline.com.br\/site\/wp-content\/uploads\/2016\/08\/DSC00885-300x275.jpg\" alt=\"Luana Cristina Vieira, de 17 anos, \u00e9 a Garota Polmel\" width=\"300\" height=\"275\" srcset=\"https:\/\/anoticiaonline.com.br\/site\/wp-content\/uploads\/2016\/08\/DSC00885-300x275.jpg 300w, https:\/\/anoticiaonline.com.br\/site\/wp-content\/uploads\/2016\/08\/DSC00885.jpg 640w\" sizes=\"(max-width: 300px) 100vw, 300px\" \/><\/a><figcaption id=\"caption-attachment-16954\" class=\"wp-caption-text\">Luana Cristina Vieira, de 17 anos, \u00e9 a Garota Polmel<\/figcaption><\/figure>\n<p>\u201cEste concurso foi excelente em todos os sentidos: comercial e social. Agregou muito valor e serviu para mostrar a evolu\u00e7\u00e3o que o Bazar Polmel vem tendo nos \u00faltimos tempos\u201d, avalia o diretor-geral das lojas Bazar Polmel, Paulo Henrique Lima.<\/p>\n<p>Fundada em Miradouro, em 3 de abril de 1980 &#8211; portanto, h\u00e1 36 anos -, o Bazar Polmel \u00e9 a loja mais completa da regi\u00e3o. Oferece todas as novidades em roupas, cal\u00e7ados e acess\u00f3rios. Al\u00e9m disso, o Bazar Polmel tem tudo em m\u00f3veis, eletrotrodom\u00e9sticos, artigos para cama\/mesa\/banho, papelaria, brinquedos, utilidades dom\u00e9sticas, artigos de pesca, aviamentos, celulares e muito mais. \u201cConvidamos a todos para conhecer o \u2018Nosso espa\u00e7o, Mais conforto\u2019 e conferir todas as novidades\u201d, finaliza Paulo Henrique.<\/p>\n<p><img decoding=\"async\" class=\"ngg_displayed_gallery mceItem\" src=\"https:\/\/anoticiaonline.com.br\/site\/nextgen-attach_to_post\/preview\/id--17141\" alt=\"\" \/><\/p>\n","protected":false},"excerpt":{"rendered":"<p>Em uma noite de charme, glamour e beleza, o Bazar Polmel elegeu a Garota Polmel. Luana Cristina Vieira, de 17 anos, natural de Miradouro, foi a melhor, segundo o parecer dos jurados, nos quesitos carisma, beleza e fotogenia e venceu o concurso. Ela representar\u00e1 a marca em todas as a\u00e7\u00f5es comerciais da empresa, tendo um &#8230; <a title=\"Em noite de glamour, Garota Polmel \u00e9 eleita\" class=\"read-more\" href=\"https:\/\/anoticiaonline.com.br\/site\/em-noite-de-glamour-garota-polmel-e-eleita\/\" aria-label=\"Read more about Em noite de glamour, Garota Polmel \u00e9 eleita\">Ler mais<\/a><\/p>\n","protected":false},"author":2,"featured_media":16953,"comment_status":"open","ping_status":"open","sticky":false,"template":"","format":"standard","meta":{"_acf_changed":false,"_monsterinsights_skip_tracking":false,"footnotes":""},"categories":[24],"tags":[],"class_list":["post-16952","post","type-post","status-publish","format-standard","has-post-thumbnail","hentry","category-eventos"],"acf":[],"aioseo_notices":[],"aioseo_head":"\n\t\t<!-- All in One SEO 5.0.0.1 - aioseo.com -->\n\t<meta name=\"description\" content=\"Em uma noite de charme, glamour e beleza, o Bazar Polmel elegeu a Garota Polmel. Luana Cristina Vieira, de 17 anos, natural de Miradouro, foi a melhor, segundo o parecer dos jurados, nos quesitos carisma, beleza e fotogenia e venceu o concurso. Ela representar\u00e1 a marca em todas as a\u00e7\u00f5es comerciais da empresa, tendo um\" \/>\n\t<meta name=\"robots\" content=\"max-image-preview:large\" \/>\n\t<meta name=\"author\" content=\"Juliana Laviola\"\/>\n\t<link rel=\"canonical\" href=\"https:\/\/anoticiaonline.com.br\/site\/em-noite-de-glamour-garota-polmel-e-eleita\/\" \/>\n\t<meta name=\"generator\" content=\"All in One SEO (AIOSEO) 5.0.0.1\" \/>\n\t\t<meta property=\"og:locale\" content=\"pt_BR\" \/>\n\t\t<meta property=\"og:site_name\" content=\"A Not\u00edcia Online - Noticias de Muria\u00e9 e regi\u00e3o\" \/>\n\t\t<meta property=\"og:type\" content=\"article\" \/>\n\t\t<meta property=\"og:title\" content=\"Em noite de glamour, Garota Polmel \u00e9 eleita - A Not\u00edcia Online\" \/>\n\t\t<meta property=\"og:description\" content=\"Em uma noite de charme, glamour e beleza, o Bazar Polmel elegeu a Garota Polmel. Luana Cristina Vieira, de 17 anos, natural de Miradouro, foi a melhor, segundo o parecer dos jurados, nos quesitos carisma, beleza e fotogenia e venceu o concurso. Ela representar\u00e1 a marca em todas as a\u00e7\u00f5es comerciais da empresa, tendo um\" \/>\n\t\t<meta property=\"og:url\" content=\"https:\/\/anoticiaonline.com.br\/site\/em-noite-de-glamour-garota-polmel-e-eleita\/\" \/>\n\t\t<meta property=\"og:image\" content=\"https:\/\/scontent-gig4-1.xx.fbcdn.net\/v\/t39.30808-1\/270437624_4564083193639691_6907940295614233970_n.jpg?stp=dst-jpg_s200x200_tt6&#038;_nc_cat=111&#038;ccb=1-7&#038;_nc_sid=f907e8&#038;_nc_ohc=SM1wRlP3lJwQ7kNvwEPuBYA&#038;_nc_oc=AdnqrjDN_BNjSSHWO-GbkIWH6fkGMLw4bqvL_NH6e2wMveX7G-rP2dAqsDSq1mJMOaY&#038;_nc_zt=24&#038;_nc_ht=scontent-gig4-1.xx&#038;_nc_gid=AoBFJeGrT1hVaew_6rchkQ&#038;oh=00_AfX7QmFGhQhG2jAllVgXCiM1ZrWgvtp80-Bfppyexh1QEg&#038;oe=689E923C\" \/>\n\t\t<meta property=\"og:image:secure_url\" content=\"https:\/\/scontent-gig4-1.xx.fbcdn.net\/v\/t39.30808-1\/270437624_4564083193639691_6907940295614233970_n.jpg?stp=dst-jpg_s200x200_tt6&#038;_nc_cat=111&#038;ccb=1-7&#038;_nc_sid=f907e8&#038;_nc_ohc=SM1wRlP3lJwQ7kNvwEPuBYA&#038;_nc_oc=AdnqrjDN_BNjSSHWO-GbkIWH6fkGMLw4bqvL_NH6e2wMveX7G-rP2dAqsDSq1mJMOaY&#038;_nc_zt=24&#038;_nc_ht=scontent-gig4-1.xx&#038;_nc_gid=AoBFJeGrT1hVaew_6rchkQ&#038;oh=00_AfX7QmFGhQhG2jAllVgXCiM1ZrWgvtp80-Bfppyexh1QEg&#038;oe=689E923C\" \/>\n\t\t<meta property=\"article:published_time\" content=\"2016-08-18T21:40:05+00:00\" \/>\n\t\t<meta property=\"article:modified_time\" content=\"2016-08-18T21:50:22+00:00\" \/>\n\t\t<meta name=\"twitter:card\" content=\"summary_large_image\" \/>\n\t\t<meta name=\"twitter:title\" content=\"Em noite de glamour, Garota Polmel \u00e9 eleita - A Not\u00edcia Online\" \/>\n\t\t<meta name=\"twitter:description\" content=\"Em uma noite de charme, glamour e beleza, o Bazar Polmel elegeu a Garota Polmel. Luana Cristina Vieira, de 17 anos, natural de Miradouro, foi a melhor, segundo o parecer dos jurados, nos quesitos carisma, beleza e fotogenia e venceu o concurso. Ela representar\u00e1 a marca em todas as a\u00e7\u00f5es comerciais da empresa, tendo um\" \/>\n\t\t<meta name=\"twitter:image\" content=\"https:\/\/scontent-gig4-1.xx.fbcdn.net\/v\/t39.30808-1\/270437624_4564083193639691_6907940295614233970_n.jpg?stp=dst-jpg_s200x200_tt6&amp;_nc_cat=111&amp;ccb=1-7&amp;_nc_sid=f907e8&amp;_nc_ohc=SM1wRlP3lJwQ7kNvwEPuBYA&amp;_nc_oc=AdnqrjDN_BNjSSHWO-GbkIWH6fkGMLw4bqvL_NH6e2wMveX7G-rP2dAqsDSq1mJMOaY&amp;_nc_zt=24&amp;_nc_ht=scontent-gig4-1.xx&amp;_nc_gid=AoBFJeGrT1hVaew_6rchkQ&amp;oh=00_AfX7QmFGhQhG2jAllVgXCiM1ZrWgvtp80-Bfppyexh1QEg&amp;oe=689E923C\" \/>\n\t\t<script type=\"application\/ld+json\" class=\"aioseo-schema\">\n\t\t\t{\"@context\":\"https:\\\/\\\/schema.org\",\"@graph\":[{\"@type\":\"BlogPosting\",\"@id\":\"https:\\\/\\\/anoticiaonline.com.br\\\/site\\\/em-noite-de-glamour-garota-polmel-e-eleita\\\/#blogposting\",\"name\":\"Em noite de glamour, Garota Polmel \\u00e9 eleita - A Not\\u00edcia Online\",\"headline\":\"Em noite de glamour, Garota Polmel \\u00e9 eleita\",\"author\":{\"@id\":\"https:\\\/\\\/anoticiaonline.com.br\\\/site\\\/author\\\/juliana\\\/#author\"},\"publisher\":{\"@id\":\"https:\\\/\\\/anoticiaonline.com.br\\\/site\\\/#organization\"},\"image\":{\"@type\":\"ImageObject\",\"url\":\"https:\\\/\\\/anoticiaonline.com.br\\\/site\\\/wp-content\\\/uploads\\\/2016\\\/08\\\/DSC00925.jpg\",\"width\":640,\"height\":503},\"datePublished\":\"2016-08-18T18:40:05-03:00\",\"dateModified\":\"2016-08-18T18:50:22-03:00\",\"inLanguage\":\"pt-BR\",\"mainEntityOfPage\":{\"@id\":\"https:\\\/\\\/anoticiaonline.com.br\\\/site\\\/em-noite-de-glamour-garota-polmel-e-eleita\\\/#webpage\"},\"isPartOf\":{\"@id\":\"https:\\\/\\\/anoticiaonline.com.br\\\/site\\\/em-noite-de-glamour-garota-polmel-e-eleita\\\/#webpage\"},\"articleSection\":\"Eventos\"},{\"@type\":\"BreadcrumbList\",\"@id\":\"https:\\\/\\\/anoticiaonline.com.br\\\/site\\\/em-noite-de-glamour-garota-polmel-e-eleita\\\/#breadcrumblist\",\"itemListElement\":[{\"@type\":\"ListItem\",\"@id\":\"https:\\\/\\\/anoticiaonline.com.br\\\/site#listItem\",\"position\":1,\"name\":\"Home\",\"item\":\"https:\\\/\\\/anoticiaonline.com.br\\\/site\",\"nextItem\":{\"@type\":\"ListItem\",\"@id\":\"https:\\\/\\\/anoticiaonline.com.br\\\/site\\\/categoria\\\/eventos\\\/#listItem\",\"name\":\"Eventos\"}},{\"@type\":\"ListItem\",\"@id\":\"https:\\\/\\\/anoticiaonline.com.br\\\/site\\\/categoria\\\/eventos\\\/#listItem\",\"position\":2,\"name\":\"Eventos\",\"item\":\"https:\\\/\\\/anoticiaonline.com.br\\\/site\\\/categoria\\\/eventos\\\/\",\"nextItem\":{\"@type\":\"ListItem\",\"@id\":\"https:\\\/\\\/anoticiaonline.com.br\\\/site\\\/em-noite-de-glamour-garota-polmel-e-eleita\\\/#listItem\",\"name\":\"Em noite de glamour, Garota Polmel \\u00e9 eleita\"},\"previousItem\":{\"@type\":\"ListItem\",\"@id\":\"https:\\\/\\\/anoticiaonline.com.br\\\/site#listItem\",\"name\":\"Home\"}},{\"@type\":\"ListItem\",\"@id\":\"https:\\\/\\\/anoticiaonline.com.br\\\/site\\\/em-noite-de-glamour-garota-polmel-e-eleita\\\/#listItem\",\"position\":3,\"name\":\"Em noite de glamour, Garota Polmel \\u00e9 eleita\",\"previousItem\":{\"@type\":\"ListItem\",\"@id\":\"https:\\\/\\\/anoticiaonline.com.br\\\/site\\\/categoria\\\/eventos\\\/#listItem\",\"name\":\"Eventos\"}}]},{\"@type\":\"Organization\",\"@id\":\"https:\\\/\\\/anoticiaonline.com.br\\\/site\\\/#organization\",\"name\":\"A Not\\u00edcia Online\",\"description\":\"Noticias de Muria\\u00e9 e regi\\u00e3o\",\"url\":\"https:\\\/\\\/anoticiaonline.com.br\\\/site\\\/\",\"logo\":{\"@type\":\"ImageObject\",\"url\":\"https:\\\/\\\/scontent-gig4-1.xx.fbcdn.net\\\/v\\\/t39.30808-1\\\/270437624_4564083193639691_6907940295614233970_n.jpg?stp=dst-jpg_s200x200_tt6&_nc_cat=111&ccb=1-7&_nc_sid=f907e8&_nc_ohc=SM1wRlP3lJwQ7kNvwEPuBYA&_nc_oc=AdnqrjDN_BNjSSHWO-GbkIWH6fkGMLw4bqvL_NH6e2wMveX7G-rP2dAqsDSq1mJMOaY&_nc_zt=24&_nc_ht=scontent-gig4-1.xx&_nc_gid=AoBFJeGrT1hVaew_6rchkQ&oh=00_AfX7QmFGhQhG2jAllVgXCiM1ZrWgvtp80-Bfppyexh1QEg&oe=689E923C\",\"@id\":\"https:\\\/\\\/anoticiaonline.com.br\\\/site\\\/em-noite-de-glamour-garota-polmel-e-eleita\\\/#organizationLogo\"},\"image\":{\"@id\":\"https:\\\/\\\/anoticiaonline.com.br\\\/site\\\/em-noite-de-glamour-garota-polmel-e-eleita\\\/#organizationLogo\"}},{\"@type\":\"Person\",\"@id\":\"https:\\\/\\\/anoticiaonline.com.br\\\/site\\\/author\\\/juliana\\\/#author\",\"url\":\"https:\\\/\\\/anoticiaonline.com.br\\\/site\\\/author\\\/juliana\\\/\",\"name\":\"Juliana Laviola\",\"image\":{\"@type\":\"ImageObject\",\"@id\":\"https:\\\/\\\/anoticiaonline.com.br\\\/site\\\/em-noite-de-glamour-garota-polmel-e-eleita\\\/#authorImage\",\"url\":\"https:\\\/\\\/secure.gravatar.com\\\/avatar\\\/b8d45f5c699b100dfaf0e543582f38f38bf94cb7ae3a5e9abf8d891a34773335?s=96&d=mm&r=g\",\"width\":96,\"height\":96,\"caption\":\"Juliana Laviola\"}},{\"@type\":\"WebPage\",\"@id\":\"https:\\\/\\\/anoticiaonline.com.br\\\/site\\\/em-noite-de-glamour-garota-polmel-e-eleita\\\/#webpage\",\"url\":\"https:\\\/\\\/anoticiaonline.com.br\\\/site\\\/em-noite-de-glamour-garota-polmel-e-eleita\\\/\",\"name\":\"Em noite de glamour, Garota Polmel \\u00e9 eleita - A Not\\u00edcia Online\",\"description\":\"Em uma noite de charme, glamour e beleza, o Bazar Polmel elegeu a Garota Polmel. Luana Cristina Vieira, de 17 anos, natural de Miradouro, foi a melhor, segundo o parecer dos jurados, nos quesitos carisma, beleza e fotogenia e venceu o concurso. Ela representar\\u00e1 a marca em todas as a\\u00e7\\u00f5es comerciais da empresa, tendo um\",\"inLanguage\":\"pt-BR\",\"isPartOf\":{\"@id\":\"https:\\\/\\\/anoticiaonline.com.br\\\/site\\\/#website\"},\"breadcrumb\":{\"@id\":\"https:\\\/\\\/anoticiaonline.com.br\\\/site\\\/em-noite-de-glamour-garota-polmel-e-eleita\\\/#breadcrumblist\"},\"author\":{\"@id\":\"https:\\\/\\\/anoticiaonline.com.br\\\/site\\\/author\\\/juliana\\\/#author\"},\"creator\":{\"@id\":\"https:\\\/\\\/anoticiaonline.com.br\\\/site\\\/author\\\/juliana\\\/#author\"},\"image\":{\"@type\":\"ImageObject\",\"url\":\"https:\\\/\\\/anoticiaonline.com.br\\\/site\\\/wp-content\\\/uploads\\\/2016\\\/08\\\/DSC00925.jpg\",\"@id\":\"https:\\\/\\\/anoticiaonline.com.br\\\/site\\\/em-noite-de-glamour-garota-polmel-e-eleita\\\/#mainImage\",\"width\":640,\"height\":503},\"primaryImageOfPage\":{\"@id\":\"https:\\\/\\\/anoticiaonline.com.br\\\/site\\\/em-noite-de-glamour-garota-polmel-e-eleita\\\/#mainImage\"},\"datePublished\":\"2016-08-18T18:40:05-03:00\",\"dateModified\":\"2016-08-18T18:50:22-03:00\"},{\"@type\":\"WebSite\",\"@id\":\"https:\\\/\\\/anoticiaonline.com.br\\\/site\\\/#website\",\"url\":\"https:\\\/\\\/anoticiaonline.com.br\\\/site\\\/\",\"name\":\"A Not\\u00edcia Online\",\"description\":\"Noticias de Muria\\u00e9 e regi\\u00e3o\",\"inLanguage\":\"pt-BR\",\"publisher\":{\"@id\":\"https:\\\/\\\/anoticiaonline.com.br\\\/site\\\/#organization\"}}]}\n\t\t<\/script>\n\t\t<!-- All in One SEO -->\n\n","aioseo_head_json":{"title":"Em noite de glamour, Garota Polmel \u00e9 eleita - A Not\u00edcia Online","description":"Em uma noite de charme, glamour e beleza, o Bazar Polmel elegeu a Garota Polmel. Luana Cristina Vieira, de 17 anos, natural de Miradouro, foi a melhor, segundo o parecer dos jurados, nos quesitos carisma, beleza e fotogenia e venceu o concurso. Ela representar\u00e1 a marca em todas as a\u00e7\u00f5es comerciais da empresa, tendo um","canonical_url":"https:\/\/anoticiaonline.com.br\/site\/em-noite-de-glamour-garota-polmel-e-eleita\/","robots":"max-image-preview:large","keywords":"","webmasterTools":{"miscellaneous":""},"schema":{"@context":"https:\/\/schema.org","@graph":[{"@type":"BlogPosting","@id":"https:\/\/anoticiaonline.com.br\/site\/em-noite-de-glamour-garota-polmel-e-eleita\/#blogposting","name":"Em noite de glamour, Garota Polmel \u00e9 eleita - A Not\u00edcia Online","headline":"Em noite de glamour, Garota Polmel \u00e9 eleita","author":{"@id":"https:\/\/anoticiaonline.com.br\/site\/author\/juliana\/#author"},"publisher":{"@id":"https:\/\/anoticiaonline.com.br\/site\/#organization"},"image":{"@type":"ImageObject","url":"https:\/\/anoticiaonline.com.br\/site\/wp-content\/uploads\/2016\/08\/DSC00925.jpg","width":640,"height":503},"datePublished":"2016-08-18T18:40:05-03:00","dateModified":"2016-08-18T18:50:22-03:00","inLanguage":"pt-BR","mainEntityOfPage":{"@id":"https:\/\/anoticiaonline.com.br\/site\/em-noite-de-glamour-garota-polmel-e-eleita\/#webpage"},"isPartOf":{"@id":"https:\/\/anoticiaonline.com.br\/site\/em-noite-de-glamour-garota-polmel-e-eleita\/#webpage"},"articleSection":"Eventos"},{"@type":"BreadcrumbList","@id":"https:\/\/anoticiaonline.com.br\/site\/em-noite-de-glamour-garota-polmel-e-eleita\/#breadcrumblist","itemListElement":[{"@type":"ListItem","@id":"https:\/\/anoticiaonline.com.br\/site#listItem","position":1,"name":"Home","item":"https:\/\/anoticiaonline.com.br\/site","nextItem":{"@type":"ListItem","@id":"https:\/\/anoticiaonline.com.br\/site\/categoria\/eventos\/#listItem","name":"Eventos"}},{"@type":"ListItem","@id":"https:\/\/anoticiaonline.com.br\/site\/categoria\/eventos\/#listItem","position":2,"name":"Eventos","item":"https:\/\/anoticiaonline.com.br\/site\/categoria\/eventos\/","nextItem":{"@type":"ListItem","@id":"https:\/\/anoticiaonline.com.br\/site\/em-noite-de-glamour-garota-polmel-e-eleita\/#listItem","name":"Em noite de glamour, Garota Polmel \u00e9 eleita"},"previousItem":{"@type":"ListItem","@id":"https:\/\/anoticiaonline.com.br\/site#listItem","name":"Home"}},{"@type":"ListItem","@id":"https:\/\/anoticiaonline.com.br\/site\/em-noite-de-glamour-garota-polmel-e-eleita\/#listItem","position":3,"name":"Em noite de glamour, Garota Polmel \u00e9 eleita","previousItem":{"@type":"ListItem","@id":"https:\/\/anoticiaonline.com.br\/site\/categoria\/eventos\/#listItem","name":"Eventos"}}]},{"@type":"Organization","@id":"https:\/\/anoticiaonline.com.br\/site\/#organization","name":"A Not\u00edcia Online","description":"Noticias de Muria\u00e9 e regi\u00e3o","url":"https:\/\/anoticiaonline.com.br\/site\/","logo":{"@type":"ImageObject","url":"https:\/\/scontent-gig4-1.xx.fbcdn.net\/v\/t39.30808-1\/270437624_4564083193639691_6907940295614233970_n.jpg?stp=dst-jpg_s200x200_tt6&_nc_cat=111&ccb=1-7&_nc_sid=f907e8&_nc_ohc=SM1wRlP3lJwQ7kNvwEPuBYA&_nc_oc=AdnqrjDN_BNjSSHWO-GbkIWH6fkGMLw4bqvL_NH6e2wMveX7G-rP2dAqsDSq1mJMOaY&_nc_zt=24&_nc_ht=scontent-gig4-1.xx&_nc_gid=AoBFJeGrT1hVaew_6rchkQ&oh=00_AfX7QmFGhQhG2jAllVgXCiM1ZrWgvtp80-Bfppyexh1QEg&oe=689E923C","@id":"https:\/\/anoticiaonline.com.br\/site\/em-noite-de-glamour-garota-polmel-e-eleita\/#organizationLogo"},"image":{"@id":"https:\/\/anoticiaonline.com.br\/site\/em-noite-de-glamour-garota-polmel-e-eleita\/#organizationLogo"}},{"@type":"Person","@id":"https:\/\/anoticiaonline.com.br\/site\/author\/juliana\/#author","url":"https:\/\/anoticiaonline.com.br\/site\/author\/juliana\/","name":"Juliana Laviola","image":{"@type":"ImageObject","@id":"https:\/\/anoticiaonline.com.br\/site\/em-noite-de-glamour-garota-polmel-e-eleita\/#authorImage","url":"https:\/\/secure.gravatar.com\/avatar\/b8d45f5c699b100dfaf0e543582f38f38bf94cb7ae3a5e9abf8d891a34773335?s=96&d=mm&r=g","width":96,"height":96,"caption":"Juliana Laviola"}},{"@type":"WebPage","@id":"https:\/\/anoticiaonline.com.br\/site\/em-noite-de-glamour-garota-polmel-e-eleita\/#webpage","url":"https:\/\/anoticiaonline.com.br\/site\/em-noite-de-glamour-garota-polmel-e-eleita\/","name":"Em noite de glamour, Garota Polmel \u00e9 eleita - A Not\u00edcia Online","description":"Em uma noite de charme, glamour e beleza, o Bazar Polmel elegeu a Garota Polmel. Luana Cristina Vieira, de 17 anos, natural de Miradouro, foi a melhor, segundo o parecer dos jurados, nos quesitos carisma, beleza e fotogenia e venceu o concurso. Ela representar\u00e1 a marca em todas as a\u00e7\u00f5es comerciais da empresa, tendo um","inLanguage":"pt-BR","isPartOf":{"@id":"https:\/\/anoticiaonline.com.br\/site\/#website"},"breadcrumb":{"@id":"https:\/\/anoticiaonline.com.br\/site\/em-noite-de-glamour-garota-polmel-e-eleita\/#breadcrumblist"},"author":{"@id":"https:\/\/anoticiaonline.com.br\/site\/author\/juliana\/#author"},"creator":{"@id":"https:\/\/anoticiaonline.com.br\/site\/author\/juliana\/#author"},"image":{"@type":"ImageObject","url":"https:\/\/anoticiaonline.com.br\/site\/wp-content\/uploads\/2016\/08\/DSC00925.jpg","@id":"https:\/\/anoticiaonline.com.br\/site\/em-noite-de-glamour-garota-polmel-e-eleita\/#mainImage","width":640,"height":503},"primaryImageOfPage":{"@id":"https:\/\/anoticiaonline.com.br\/site\/em-noite-de-glamour-garota-polmel-e-eleita\/#mainImage"},"datePublished":"2016-08-18T18:40:05-03:00","dateModified":"2016-08-18T18:50:22-03:00"},{"@type":"WebSite","@id":"https:\/\/anoticiaonline.com.br\/site\/#website","url":"https:\/\/anoticiaonline.com.br\/site\/","name":"A Not\u00edcia Online","description":"Noticias de Muria\u00e9 e regi\u00e3o","inLanguage":"pt-BR","publisher":{"@id":"https:\/\/anoticiaonline.com.br\/site\/#organization"}}]},"og:locale":"pt_BR","og:site_name":"A Not\u00edcia Online - Noticias de Muria\u00e9 e regi\u00e3o","og:type":"article","og:title":"Em noite de glamour, Garota Polmel \u00e9 eleita - A Not\u00edcia Online","og:description":"Em uma noite de charme, glamour e beleza, o Bazar Polmel elegeu a Garota Polmel. Luana Cristina Vieira, de 17 anos, natural de Miradouro, foi a melhor, segundo o parecer dos jurados, nos quesitos carisma, beleza e fotogenia e venceu o concurso. Ela representar\u00e1 a marca em todas as a\u00e7\u00f5es comerciais da empresa, tendo um","og:url":"https:\/\/anoticiaonline.com.br\/site\/em-noite-de-glamour-garota-polmel-e-eleita\/","og:image":"https:\/\/scontent-gig4-1.xx.fbcdn.net\/v\/t39.30808-1\/270437624_4564083193639691_6907940295614233970_n.jpg?stp=dst-jpg_s200x200_tt6&#038;_nc_cat=111&#038;ccb=1-7&#038;_nc_sid=f907e8&#038;_nc_ohc=SM1wRlP3lJwQ7kNvwEPuBYA&#038;_nc_oc=AdnqrjDN_BNjSSHWO-GbkIWH6fkGMLw4bqvL_NH6e2wMveX7G-rP2dAqsDSq1mJMOaY&#038;_nc_zt=24&#038;_nc_ht=scontent-gig4-1.xx&#038;_nc_gid=AoBFJeGrT1hVaew_6rchkQ&#038;oh=00_AfX7QmFGhQhG2jAllVgXCiM1ZrWgvtp80-Bfppyexh1QEg&#038;oe=689E923C","og:image:secure_url":"https:\/\/scontent-gig4-1.xx.fbcdn.net\/v\/t39.30808-1\/270437624_4564083193639691_6907940295614233970_n.jpg?stp=dst-jpg_s200x200_tt6&#038;_nc_cat=111&#038;ccb=1-7&#038;_nc_sid=f907e8&#038;_nc_ohc=SM1wRlP3lJwQ7kNvwEPuBYA&#038;_nc_oc=AdnqrjDN_BNjSSHWO-GbkIWH6fkGMLw4bqvL_NH6e2wMveX7G-rP2dAqsDSq1mJMOaY&#038;_nc_zt=24&#038;_nc_ht=scontent-gig4-1.xx&#038;_nc_gid=AoBFJeGrT1hVaew_6rchkQ&#038;oh=00_AfX7QmFGhQhG2jAllVgXCiM1ZrWgvtp80-Bfppyexh1QEg&#038;oe=689E923C","article:published_time":"2016-08-18T21:40:05+00:00","article:modified_time":"2016-08-18T21:50:22+00:00","twitter:card":"summary_large_image","twitter:title":"Em noite de glamour, Garota Polmel \u00e9 eleita - A Not\u00edcia Online","twitter:description":"Em uma noite de charme, glamour e beleza, o Bazar Polmel elegeu a Garota Polmel. Luana Cristina Vieira, de 17 anos, natural de Miradouro, foi a melhor, segundo o parecer dos jurados, nos quesitos carisma, beleza e fotogenia e venceu o concurso. Ela representar\u00e1 a marca em todas as a\u00e7\u00f5es comerciais da empresa, tendo um","twitter:image":"https:\/\/scontent-gig4-1.xx.fbcdn.net\/v\/t39.30808-1\/270437624_4564083193639691_6907940295614233970_n.jpg?stp=dst-jpg_s200x200_tt6&_nc_cat=111&ccb=1-7&_nc_sid=f907e8&_nc_ohc=SM1wRlP3lJwQ7kNvwEPuBYA&_nc_oc=AdnqrjDN_BNjSSHWO-GbkIWH6fkGMLw4bqvL_NH6e2wMveX7G-rP2dAqsDSq1mJMOaY&_nc_zt=24&_nc_ht=scontent-gig4-1.xx&_nc_gid=AoBFJeGrT1hVaew_6rchkQ&oh=00_AfX7QmFGhQhG2jAllVgXCiM1ZrWgvtp80-Bfppyexh1QEg&oe=689E923C"},"aioseo_meta_data":{"post_id":"16952","title":null,"description":null,"keywords":null,"keyphrases":null,"primary_term":null,"canonical_url":null,"og_title":null,"og_description":null,"og_object_type":"default","og_image_type":"default","og_image_url":null,"og_image_width":null,"og_image_height":null,"og_image_custom_url":null,"og_image_custom_fields":null,"og_video":null,"og_custom_url":null,"og_article_section":null,"og_article_tags":null,"twitter_use_og":false,"twitter_card":"default","twitter_image_type":"default","twitter_image_url":null,"twitter_image_custom_url":null,"twitter_image_custom_fields":null,"twitter_title":null,"twitter_description":null,"schema":{"blockGraphs":[],"customGraphs":[],"default":{"data":{"Article":[],"Course":[],"Dataset":[],"FAQPage":[],"Movie":[],"Person":[],"Product":[],"ProductReview":[],"Car":[],"Recipe":[],"Service":[],"SoftwareApplication":[],"WebPage":[]},"graphName":"","isEnabled":true},"graphs":[]},"schema_type":"default","schema_type_options":null,"pillar_content":false,"robots_default":true,"robots_noindex":false,"robots_noarchive":false,"robots_nosnippet":false,"robots_nofollow":false,"robots_noimageindex":false,"robots_noodp":false,"robots_notranslate":false,"robots_max_snippet":null,"robots_max_videopreview":null,"robots_max_imagepreview":"large","priority":null,"frequency":null,"local_seo":null,"breadcrumb_settings":null,"limit_modified_date":false,"ai":null,"created":"2025-08-16 16:38:19","updated":"2025-08-16 16:38:19","focus_keyword":null,"additional_keywords":null,"truseo_locale":null,"seo_analyzer_scan_date":null},"aioseo_breadcrumb":"<div class=\"aioseo-breadcrumbs\"><span class=\"aioseo-breadcrumb\">\n\t\t\t<a href=\"https:\/\/anoticiaonline.com.br\/site\" title=\"Home\">Home<\/a>\n\t\t<\/span><span class=\"aioseo-breadcrumb-separator\">&raquo;<\/span><span class=\"aioseo-breadcrumb\">\n\t\t\t<a href=\"https:\/\/anoticiaonline.com.br\/site\/categoria\/eventos\/\" title=\"Eventos\">Eventos<\/a>\n\t\t<\/span><span class=\"aioseo-breadcrumb-separator\">&raquo;<\/span><span class=\"aioseo-breadcrumb\">\n\t\t\tEm noite de glamour, Garota Polmel \u00e9 eleita\n\t\t<\/span><\/div>","aioseo_breadcrumb_json":[{"label":"Home","link":"https:\/\/anoticiaonline.com.br\/site"},{"label":"Eventos","link":"https:\/\/anoticiaonline.com.br\/site\/categoria\/eventos\/"},{"label":"Em noite de glamour, Garota Polmel \u00e9 eleita","link":"https:\/\/anoticiaonline.com.br\/site\/em-noite-de-glamour-garota-polmel-e-eleita\/"}],"views":139,"_links":{"self":[{"href":"https:\/\/anoticiaonline.com.br\/site\/wp-json\/wp\/v2\/posts\/16952","targetHints":{"allow":["GET"]}}],"collection":[{"href":"https:\/\/anoticiaonline.com.br\/site\/wp-json\/wp\/v2\/posts"}],"about":[{"href":"https:\/\/anoticiaonline.com.br\/site\/wp-json\/wp\/v2\/types\/post"}],"author":[{"embeddable":true,"href":"https:\/\/anoticiaonline.com.br\/site\/wp-json\/wp\/v2\/users\/2"}],"replies":[{"embeddable":true,"href":"https:\/\/anoticiaonline.com.br\/site\/wp-json\/wp\/v2\/comments?post=16952"}],"version-history":[{"count":0,"href":"https:\/\/anoticiaonline.com.br\/site\/wp-json\/wp\/v2\/posts\/16952\/revisions"}],"wp:featuredmedia":[{"embeddable":true,"href":"https:\/\/anoticiaonline.com.br\/site\/wp-json\/wp\/v2\/media\/16953"}],"wp:attachment":[{"href":"https:\/\/anoticiaonline.com.br\/site\/wp-json\/wp\/v2\/media?parent=16952"}],"wp:term":[{"taxonomy":"category","embeddable":true,"href":"https:\/\/anoticiaonline.com.br\/site\/wp-json\/wp\/v2\/categories?post=16952"},{"taxonomy":"post_tag","embeddable":true,"href":"https:\/\/anoticiaonline.com.br\/site\/wp-json\/wp\/v2\/tags?post=16952"}],"curies":[{"name":"wp","href":"https:\/\/api.w.org\/{rel}","templated":true}]}}