{"id":16931,"date":"2016-08-18T09:19:10","date_gmt":"2016-08-18T12:19:10","guid":{"rendered":"http:\/\/anoticiaonline.com.br\/site\/?p=16931"},"modified":"2016-08-18T09:19:10","modified_gmt":"2016-08-18T12:19:10","slug":"esquadrao-suicida-e-a-lenda-de-tarzan-estao-em-exibicao-no-cine-veredas","status":"publish","type":"post","link":"https:\/\/anoticiaonline.com.br\/site\/esquadrao-suicida-e-a-lenda-de-tarzan-estao-em-exibicao-no-cine-veredas\/","title":{"rendered":"\u201cEsquadr\u00e3o Suicida\u201d e \u201cA lenda de Tarzan\u201d est\u00e3o em exibi\u00e7\u00e3o no Cine Veredas"},"content":{"rendered":"<p><a href=\"https:\/\/anoticiaonline.com.br\/site\/wp-content\/uploads\/2016\/08\/Programa\u00e7\u00e3o-18-a-24-de-Agosto-Divulga\u00e7\u00e3o.jpg\"><img fetchpriority=\"high\" decoding=\"async\" class=\" size-medium wp-image-16932 alignleft\" src=\"https:\/\/anoticiaonline.com.br\/site\/wp-content\/uploads\/2016\/08\/Programa\u00e7\u00e3o-18-a-24-de-Agosto-Divulga\u00e7\u00e3o-300x212.jpg\" alt=\"Programa\u00e7\u00e3o  18 a 24 de Agosto- Divulga\u00e7\u00e3o\" width=\"300\" height=\"212\" srcset=\"https:\/\/anoticiaonline.com.br\/site\/wp-content\/uploads\/2016\/08\/Programa\u00e7\u00e3o-18-a-24-de-Agosto-Divulga\u00e7\u00e3o-300x212.jpg 300w, https:\/\/anoticiaonline.com.br\/site\/wp-content\/uploads\/2016\/08\/Programa\u00e7\u00e3o-18-a-24-de-Agosto-Divulga\u00e7\u00e3o.jpg 640w\" sizes=\"(max-width: 300px) 100vw, 300px\" \/><\/a>\u201cA lenda de Tarzan\u201d est\u00e1 em cartaz no Cine Veredas. O filme tem sess\u00f5es todos os dias, \u00e0s 20h40min. No s\u00e1bado e domingo, as sess\u00f5es s\u00e3o \u00e0s 16h30min.<\/p>\n<p>O cinema muriaeense tamb\u00e9m est\u00e1 exibindo \u201cEsquadr\u00e3o Suicida\u201d. O longa tem sess\u00e3o todos os dias, \u00e0s 18h30min.<\/p>\n<p>O pre\u00e7o da entrada inteira custa R$ 14,00 e a meia, R$ 7,00. O Cine Veredas informa que s\u00f3 aceita 15 cortesias por sess\u00e3o. Mais informa\u00e7\u00f5es podem ser obtidas pelo telefone 8865-6528.<\/p>\n<p><strong>SINOPSE DE \u201cA LENDA DE TARZAN\u201d \u2013<\/strong> O filme \u00e9 uma reeleitura da cl\u00e1ssica lenda de Tarzan, na qual um pequeno garoto \u00f3rf\u00e3o \u00e9 criado na selva e mais tarde tenta se adaptar \u00e0 vida entre os humanos. Na d\u00e9cada de 30, Tarzan, aclimatado \u00e0 vida em Londres em conjunto com sua esposa Jane, \u00e9 chamado para retornar \u00e0 selva onde passou a maior parte da sua vida, onde servir\u00e1 como um emiss\u00e1rio do Parlamento Brit\u00e2nico.<\/p>\n","protected":false},"excerpt":{"rendered":"<p>\u201cA lenda de Tarzan\u201d est\u00e1 em cartaz no Cine Veredas. O filme tem sess\u00f5es todos os dias, \u00e0s 20h40min. No s\u00e1bado e domingo, as sess\u00f5es s\u00e3o \u00e0s 16h30min. O cinema muriaeense tamb\u00e9m est\u00e1 exibindo \u201cEsquadr\u00e3o Suicida\u201d. O longa tem sess\u00e3o todos os dias, \u00e0s 18h30min. O pre\u00e7o da entrada inteira custa R$ 14,00 e a &#8230; <a title=\"\u201cEsquadr\u00e3o Suicida\u201d e \u201cA lenda de Tarzan\u201d est\u00e3o em exibi\u00e7\u00e3o no Cine Veredas\" class=\"read-more\" href=\"https:\/\/anoticiaonline.com.br\/site\/esquadrao-suicida-e-a-lenda-de-tarzan-estao-em-exibicao-no-cine-veredas\/\" aria-label=\"Read more about \u201cEsquadr\u00e3o Suicida\u201d e \u201cA lenda de Tarzan\u201d est\u00e3o em exibi\u00e7\u00e3o no Cine Veredas\">Ler mais<\/a><\/p>\n","protected":false},"author":2,"featured_media":16932,"comment_status":"open","ping_status":"open","sticky":false,"template":"","format":"standard","meta":{"_acf_changed":false,"_monsterinsights_skip_tracking":false,"footnotes":""},"categories":[37],"tags":[],"class_list":["post-16931","post","type-post","status-publish","format-standard","has-post-thumbnail","hentry","category-filmes"],"acf":[],"aioseo_notices":[],"aioseo_head":"\n\t\t<!-- All in One SEO 5.0.0.1 - aioseo.com -->\n\t<meta name=\"description\" content=\"\u201cA lenda de Tarzan\u201d est\u00e1 em cartaz no Cine Veredas. O filme tem sess\u00f5es todos os dias, \u00e0s 20h40min. No s\u00e1bado e domingo, as sess\u00f5es s\u00e3o \u00e0s 16h30min. O cinema muriaeense tamb\u00e9m est\u00e1 exibindo \u201cEsquadr\u00e3o Suicida\u201d. O longa tem sess\u00e3o todos os dias, \u00e0s 18h30min. O pre\u00e7o da entrada inteira custa R$ 14,00 e a\" \/>\n\t<meta name=\"robots\" content=\"max-image-preview:large\" \/>\n\t<meta name=\"author\" content=\"Juliana Laviola\"\/>\n\t<link rel=\"canonical\" href=\"https:\/\/anoticiaonline.com.br\/site\/esquadrao-suicida-e-a-lenda-de-tarzan-estao-em-exibicao-no-cine-veredas\/\" \/>\n\t<meta name=\"generator\" content=\"All in One SEO (AIOSEO) 5.0.0.1\" \/>\n\t\t<meta property=\"og:locale\" content=\"pt_BR\" \/>\n\t\t<meta property=\"og:site_name\" content=\"A Not\u00edcia Online - Noticias de Muria\u00e9 e regi\u00e3o\" \/>\n\t\t<meta property=\"og:type\" content=\"article\" \/>\n\t\t<meta property=\"og:title\" content=\"\u201cEsquadr\u00e3o Suicida\u201d e \u201cA lenda de Tarzan\u201d est\u00e3o em exibi\u00e7\u00e3o no Cine Veredas - A Not\u00edcia Online\" \/>\n\t\t<meta property=\"og:description\" content=\"\u201cA lenda de Tarzan\u201d est\u00e1 em cartaz no Cine Veredas. O filme tem sess\u00f5es todos os dias, \u00e0s 20h40min. No s\u00e1bado e domingo, as sess\u00f5es s\u00e3o \u00e0s 16h30min. O cinema muriaeense tamb\u00e9m est\u00e1 exibindo \u201cEsquadr\u00e3o Suicida\u201d. O longa tem sess\u00e3o todos os dias, \u00e0s 18h30min. O pre\u00e7o da entrada inteira custa R$ 14,00 e a\" \/>\n\t\t<meta property=\"og:url\" content=\"https:\/\/anoticiaonline.com.br\/site\/esquadrao-suicida-e-a-lenda-de-tarzan-estao-em-exibicao-no-cine-veredas\/\" \/>\n\t\t<meta property=\"og:image\" content=\"https:\/\/scontent-gig4-1.xx.fbcdn.net\/v\/t39.30808-1\/270437624_4564083193639691_6907940295614233970_n.jpg?stp=dst-jpg_s200x200_tt6&#038;_nc_cat=111&#038;ccb=1-7&#038;_nc_sid=f907e8&#038;_nc_ohc=SM1wRlP3lJwQ7kNvwEPuBYA&#038;_nc_oc=AdnqrjDN_BNjSSHWO-GbkIWH6fkGMLw4bqvL_NH6e2wMveX7G-rP2dAqsDSq1mJMOaY&#038;_nc_zt=24&#038;_nc_ht=scontent-gig4-1.xx&#038;_nc_gid=AoBFJeGrT1hVaew_6rchkQ&#038;oh=00_AfX7QmFGhQhG2jAllVgXCiM1ZrWgvtp80-Bfppyexh1QEg&#038;oe=689E923C\" \/>\n\t\t<meta property=\"og:image:secure_url\" content=\"https:\/\/scontent-gig4-1.xx.fbcdn.net\/v\/t39.30808-1\/270437624_4564083193639691_6907940295614233970_n.jpg?stp=dst-jpg_s200x200_tt6&#038;_nc_cat=111&#038;ccb=1-7&#038;_nc_sid=f907e8&#038;_nc_ohc=SM1wRlP3lJwQ7kNvwEPuBYA&#038;_nc_oc=AdnqrjDN_BNjSSHWO-GbkIWH6fkGMLw4bqvL_NH6e2wMveX7G-rP2dAqsDSq1mJMOaY&#038;_nc_zt=24&#038;_nc_ht=scontent-gig4-1.xx&#038;_nc_gid=AoBFJeGrT1hVaew_6rchkQ&#038;oh=00_AfX7QmFGhQhG2jAllVgXCiM1ZrWgvtp80-Bfppyexh1QEg&#038;oe=689E923C\" \/>\n\t\t<meta property=\"article:published_time\" content=\"2016-08-18T12:19:10+00:00\" \/>\n\t\t<meta property=\"article:modified_time\" content=\"2016-08-18T12:19:10+00:00\" \/>\n\t\t<meta name=\"twitter:card\" content=\"summary_large_image\" \/>\n\t\t<meta name=\"twitter:title\" content=\"\u201cEsquadr\u00e3o Suicida\u201d e \u201cA lenda de Tarzan\u201d est\u00e3o em exibi\u00e7\u00e3o no Cine Veredas - A Not\u00edcia Online\" \/>\n\t\t<meta name=\"twitter:description\" content=\"\u201cA lenda de Tarzan\u201d est\u00e1 em cartaz no Cine Veredas. O filme tem sess\u00f5es todos os dias, \u00e0s 20h40min. No s\u00e1bado e domingo, as sess\u00f5es s\u00e3o \u00e0s 16h30min. O cinema muriaeense tamb\u00e9m est\u00e1 exibindo \u201cEsquadr\u00e3o Suicida\u201d. O longa tem sess\u00e3o todos os dias, \u00e0s 18h30min. O pre\u00e7o da entrada inteira custa R$ 14,00 e a\" \/>\n\t\t<meta name=\"twitter:image\" content=\"https:\/\/scontent-gig4-1.xx.fbcdn.net\/v\/t39.30808-1\/270437624_4564083193639691_6907940295614233970_n.jpg?stp=dst-jpg_s200x200_tt6&amp;_nc_cat=111&amp;ccb=1-7&amp;_nc_sid=f907e8&amp;_nc_ohc=SM1wRlP3lJwQ7kNvwEPuBYA&amp;_nc_oc=AdnqrjDN_BNjSSHWO-GbkIWH6fkGMLw4bqvL_NH6e2wMveX7G-rP2dAqsDSq1mJMOaY&amp;_nc_zt=24&amp;_nc_ht=scontent-gig4-1.xx&amp;_nc_gid=AoBFJeGrT1hVaew_6rchkQ&amp;oh=00_AfX7QmFGhQhG2jAllVgXCiM1ZrWgvtp80-Bfppyexh1QEg&amp;oe=689E923C\" \/>\n\t\t<script type=\"application\/ld+json\" class=\"aioseo-schema\">\n\t\t\t{\"@context\":\"https:\\\/\\\/schema.org\",\"@graph\":[{\"@type\":\"BlogPosting\",\"@id\":\"https:\\\/\\\/anoticiaonline.com.br\\\/site\\\/esquadrao-suicida-e-a-lenda-de-tarzan-estao-em-exibicao-no-cine-veredas\\\/#blogposting\",\"name\":\"\\u201cEsquadr\\u00e3o Suicida\\u201d e \\u201cA lenda de Tarzan\\u201d est\\u00e3o em exibi\\u00e7\\u00e3o no Cine Veredas - A Not\\u00edcia Online\",\"headline\":\"\\u201cEsquadr\\u00e3o Suicida\\u201d e \\u201cA lenda de Tarzan\\u201d est\\u00e3o em exibi\\u00e7\\u00e3o no Cine Veredas\",\"author\":{\"@id\":\"https:\\\/\\\/anoticiaonline.com.br\\\/site\\\/author\\\/juliana\\\/#author\"},\"publisher\":{\"@id\":\"https:\\\/\\\/anoticiaonline.com.br\\\/site\\\/#organization\"},\"image\":{\"@type\":\"ImageObject\",\"url\":\"https:\\\/\\\/anoticiaonline.com.br\\\/site\\\/wp-content\\\/uploads\\\/2016\\\/08\\\/Programa\\u00e7\\u00e3o-18-a-24-de-Agosto-Divulga\\u00e7\\u00e3o.jpg\",\"width\":640,\"height\":453},\"datePublished\":\"2016-08-18T09:19:10-03:00\",\"dateModified\":\"2016-08-18T09:19:10-03:00\",\"inLanguage\":\"pt-BR\",\"mainEntityOfPage\":{\"@id\":\"https:\\\/\\\/anoticiaonline.com.br\\\/site\\\/esquadrao-suicida-e-a-lenda-de-tarzan-estao-em-exibicao-no-cine-veredas\\\/#webpage\"},\"isPartOf\":{\"@id\":\"https:\\\/\\\/anoticiaonline.com.br\\\/site\\\/esquadrao-suicida-e-a-lenda-de-tarzan-estao-em-exibicao-no-cine-veredas\\\/#webpage\"},\"articleSection\":\"Filmes\"},{\"@type\":\"BreadcrumbList\",\"@id\":\"https:\\\/\\\/anoticiaonline.com.br\\\/site\\\/esquadrao-suicida-e-a-lenda-de-tarzan-estao-em-exibicao-no-cine-veredas\\\/#breadcrumblist\",\"itemListElement\":[{\"@type\":\"ListItem\",\"@id\":\"https:\\\/\\\/anoticiaonline.com.br\\\/site#listItem\",\"position\":1,\"name\":\"Home\",\"item\":\"https:\\\/\\\/anoticiaonline.com.br\\\/site\",\"nextItem\":{\"@type\":\"ListItem\",\"@id\":\"https:\\\/\\\/anoticiaonline.com.br\\\/site\\\/categoria\\\/colunistas\\\/#listItem\",\"name\":\"Colunistas\"}},{\"@type\":\"ListItem\",\"@id\":\"https:\\\/\\\/anoticiaonline.com.br\\\/site\\\/categoria\\\/colunistas\\\/#listItem\",\"position\":2,\"name\":\"Colunistas\",\"item\":\"https:\\\/\\\/anoticiaonline.com.br\\\/site\\\/categoria\\\/colunistas\\\/\",\"nextItem\":{\"@type\":\"ListItem\",\"@id\":\"https:\\\/\\\/anoticiaonline.com.br\\\/site\\\/categoria\\\/colunistas\\\/filmes\\\/#listItem\",\"name\":\"Filmes\"},\"previousItem\":{\"@type\":\"ListItem\",\"@id\":\"https:\\\/\\\/anoticiaonline.com.br\\\/site#listItem\",\"name\":\"Home\"}},{\"@type\":\"ListItem\",\"@id\":\"https:\\\/\\\/anoticiaonline.com.br\\\/site\\\/categoria\\\/colunistas\\\/filmes\\\/#listItem\",\"position\":3,\"name\":\"Filmes\",\"item\":\"https:\\\/\\\/anoticiaonline.com.br\\\/site\\\/categoria\\\/colunistas\\\/filmes\\\/\",\"nextItem\":{\"@type\":\"ListItem\",\"@id\":\"https:\\\/\\\/anoticiaonline.com.br\\\/site\\\/esquadrao-suicida-e-a-lenda-de-tarzan-estao-em-exibicao-no-cine-veredas\\\/#listItem\",\"name\":\"\\u201cEsquadr\\u00e3o Suicida\\u201d e \\u201cA lenda de Tarzan\\u201d est\\u00e3o em exibi\\u00e7\\u00e3o no Cine Veredas\"},\"previousItem\":{\"@type\":\"ListItem\",\"@id\":\"https:\\\/\\\/anoticiaonline.com.br\\\/site\\\/categoria\\\/colunistas\\\/#listItem\",\"name\":\"Colunistas\"}},{\"@type\":\"ListItem\",\"@id\":\"https:\\\/\\\/anoticiaonline.com.br\\\/site\\\/esquadrao-suicida-e-a-lenda-de-tarzan-estao-em-exibicao-no-cine-veredas\\\/#listItem\",\"position\":4,\"name\":\"\\u201cEsquadr\\u00e3o Suicida\\u201d e \\u201cA lenda de Tarzan\\u201d est\\u00e3o em exibi\\u00e7\\u00e3o no Cine Veredas\",\"previousItem\":{\"@type\":\"ListItem\",\"@id\":\"https:\\\/\\\/anoticiaonline.com.br\\\/site\\\/categoria\\\/colunistas\\\/filmes\\\/#listItem\",\"name\":\"Filmes\"}}]},{\"@type\":\"Organization\",\"@id\":\"https:\\\/\\\/anoticiaonline.com.br\\\/site\\\/#organization\",\"name\":\"A Not\\u00edcia Online\",\"description\":\"Noticias de Muria\\u00e9 e regi\\u00e3o\",\"url\":\"https:\\\/\\\/anoticiaonline.com.br\\\/site\\\/\",\"logo\":{\"@type\":\"ImageObject\",\"url\":\"https:\\\/\\\/scontent-gig4-1.xx.fbcdn.net\\\/v\\\/t39.30808-1\\\/270437624_4564083193639691_6907940295614233970_n.jpg?stp=dst-jpg_s200x200_tt6&_nc_cat=111&ccb=1-7&_nc_sid=f907e8&_nc_ohc=SM1wRlP3lJwQ7kNvwEPuBYA&_nc_oc=AdnqrjDN_BNjSSHWO-GbkIWH6fkGMLw4bqvL_NH6e2wMveX7G-rP2dAqsDSq1mJMOaY&_nc_zt=24&_nc_ht=scontent-gig4-1.xx&_nc_gid=AoBFJeGrT1hVaew_6rchkQ&oh=00_AfX7QmFGhQhG2jAllVgXCiM1ZrWgvtp80-Bfppyexh1QEg&oe=689E923C\",\"@id\":\"https:\\\/\\\/anoticiaonline.com.br\\\/site\\\/esquadrao-suicida-e-a-lenda-de-tarzan-estao-em-exibicao-no-cine-veredas\\\/#organizationLogo\"},\"image\":{\"@id\":\"https:\\\/\\\/anoticiaonline.com.br\\\/site\\\/esquadrao-suicida-e-a-lenda-de-tarzan-estao-em-exibicao-no-cine-veredas\\\/#organizationLogo\"}},{\"@type\":\"Person\",\"@id\":\"https:\\\/\\\/anoticiaonline.com.br\\\/site\\\/author\\\/juliana\\\/#author\",\"url\":\"https:\\\/\\\/anoticiaonline.com.br\\\/site\\\/author\\\/juliana\\\/\",\"name\":\"Juliana Laviola\",\"image\":{\"@type\":\"ImageObject\",\"@id\":\"https:\\\/\\\/anoticiaonline.com.br\\\/site\\\/esquadrao-suicida-e-a-lenda-de-tarzan-estao-em-exibicao-no-cine-veredas\\\/#authorImage\",\"url\":\"https:\\\/\\\/secure.gravatar.com\\\/avatar\\\/b8d45f5c699b100dfaf0e543582f38f38bf94cb7ae3a5e9abf8d891a34773335?s=96&d=mm&r=g\",\"width\":96,\"height\":96,\"caption\":\"Juliana Laviola\"}},{\"@type\":\"WebPage\",\"@id\":\"https:\\\/\\\/anoticiaonline.com.br\\\/site\\\/esquadrao-suicida-e-a-lenda-de-tarzan-estao-em-exibicao-no-cine-veredas\\\/#webpage\",\"url\":\"https:\\\/\\\/anoticiaonline.com.br\\\/site\\\/esquadrao-suicida-e-a-lenda-de-tarzan-estao-em-exibicao-no-cine-veredas\\\/\",\"name\":\"\\u201cEsquadr\\u00e3o Suicida\\u201d e \\u201cA lenda de Tarzan\\u201d est\\u00e3o em exibi\\u00e7\\u00e3o no Cine Veredas - A Not\\u00edcia Online\",\"description\":\"\\u201cA lenda de Tarzan\\u201d est\\u00e1 em cartaz no Cine Veredas. O filme tem sess\\u00f5es todos os dias, \\u00e0s 20h40min. No s\\u00e1bado e domingo, as sess\\u00f5es s\\u00e3o \\u00e0s 16h30min. O cinema muriaeense tamb\\u00e9m est\\u00e1 exibindo \\u201cEsquadr\\u00e3o Suicida\\u201d. O longa tem sess\\u00e3o todos os dias, \\u00e0s 18h30min. O pre\\u00e7o da entrada inteira custa R$ 14,00 e a\",\"inLanguage\":\"pt-BR\",\"isPartOf\":{\"@id\":\"https:\\\/\\\/anoticiaonline.com.br\\\/site\\\/#website\"},\"breadcrumb\":{\"@id\":\"https:\\\/\\\/anoticiaonline.com.br\\\/site\\\/esquadrao-suicida-e-a-lenda-de-tarzan-estao-em-exibicao-no-cine-veredas\\\/#breadcrumblist\"},\"author\":{\"@id\":\"https:\\\/\\\/anoticiaonline.com.br\\\/site\\\/author\\\/juliana\\\/#author\"},\"creator\":{\"@id\":\"https:\\\/\\\/anoticiaonline.com.br\\\/site\\\/author\\\/juliana\\\/#author\"},\"image\":{\"@type\":\"ImageObject\",\"url\":\"https:\\\/\\\/anoticiaonline.com.br\\\/site\\\/wp-content\\\/uploads\\\/2016\\\/08\\\/Programa\\u00e7\\u00e3o-18-a-24-de-Agosto-Divulga\\u00e7\\u00e3o.jpg\",\"@id\":\"https:\\\/\\\/anoticiaonline.com.br\\\/site\\\/esquadrao-suicida-e-a-lenda-de-tarzan-estao-em-exibicao-no-cine-veredas\\\/#mainImage\",\"width\":640,\"height\":453},\"primaryImageOfPage\":{\"@id\":\"https:\\\/\\\/anoticiaonline.com.br\\\/site\\\/esquadrao-suicida-e-a-lenda-de-tarzan-estao-em-exibicao-no-cine-veredas\\\/#mainImage\"},\"datePublished\":\"2016-08-18T09:19:10-03:00\",\"dateModified\":\"2016-08-18T09:19:10-03:00\"},{\"@type\":\"WebSite\",\"@id\":\"https:\\\/\\\/anoticiaonline.com.br\\\/site\\\/#website\",\"url\":\"https:\\\/\\\/anoticiaonline.com.br\\\/site\\\/\",\"name\":\"A Not\\u00edcia Online\",\"description\":\"Noticias de Muria\\u00e9 e regi\\u00e3o\",\"inLanguage\":\"pt-BR\",\"publisher\":{\"@id\":\"https:\\\/\\\/anoticiaonline.com.br\\\/site\\\/#organization\"}}]}\n\t\t<\/script>\n\t\t<!-- All in One SEO -->\n\n","aioseo_head_json":{"title":"\u201cEsquadr\u00e3o Suicida\u201d e \u201cA lenda de Tarzan\u201d est\u00e3o em exibi\u00e7\u00e3o no Cine Veredas - A Not\u00edcia Online","description":"\u201cA lenda de Tarzan\u201d est\u00e1 em cartaz no Cine Veredas. O filme tem sess\u00f5es todos os dias, \u00e0s 20h40min. No s\u00e1bado e domingo, as sess\u00f5es s\u00e3o \u00e0s 16h30min. O cinema muriaeense tamb\u00e9m est\u00e1 exibindo \u201cEsquadr\u00e3o Suicida\u201d. O longa tem sess\u00e3o todos os dias, \u00e0s 18h30min. O pre\u00e7o da entrada inteira custa R$ 14,00 e a","canonical_url":"https:\/\/anoticiaonline.com.br\/site\/esquadrao-suicida-e-a-lenda-de-tarzan-estao-em-exibicao-no-cine-veredas\/","robots":"max-image-preview:large","keywords":"","webmasterTools":{"miscellaneous":""},"schema":{"@context":"https:\/\/schema.org","@graph":[{"@type":"BlogPosting","@id":"https:\/\/anoticiaonline.com.br\/site\/esquadrao-suicida-e-a-lenda-de-tarzan-estao-em-exibicao-no-cine-veredas\/#blogposting","name":"\u201cEsquadr\u00e3o Suicida\u201d e \u201cA lenda de Tarzan\u201d est\u00e3o em exibi\u00e7\u00e3o no Cine Veredas - A Not\u00edcia Online","headline":"\u201cEsquadr\u00e3o Suicida\u201d e \u201cA lenda de Tarzan\u201d est\u00e3o em exibi\u00e7\u00e3o no Cine Veredas","author":{"@id":"https:\/\/anoticiaonline.com.br\/site\/author\/juliana\/#author"},"publisher":{"@id":"https:\/\/anoticiaonline.com.br\/site\/#organization"},"image":{"@type":"ImageObject","url":"https:\/\/anoticiaonline.com.br\/site\/wp-content\/uploads\/2016\/08\/Programa\u00e7\u00e3o-18-a-24-de-Agosto-Divulga\u00e7\u00e3o.jpg","width":640,"height":453},"datePublished":"2016-08-18T09:19:10-03:00","dateModified":"2016-08-18T09:19:10-03:00","inLanguage":"pt-BR","mainEntityOfPage":{"@id":"https:\/\/anoticiaonline.com.br\/site\/esquadrao-suicida-e-a-lenda-de-tarzan-estao-em-exibicao-no-cine-veredas\/#webpage"},"isPartOf":{"@id":"https:\/\/anoticiaonline.com.br\/site\/esquadrao-suicida-e-a-lenda-de-tarzan-estao-em-exibicao-no-cine-veredas\/#webpage"},"articleSection":"Filmes"},{"@type":"BreadcrumbList","@id":"https:\/\/anoticiaonline.com.br\/site\/esquadrao-suicida-e-a-lenda-de-tarzan-estao-em-exibicao-no-cine-veredas\/#breadcrumblist","itemListElement":[{"@type":"ListItem","@id":"https:\/\/anoticiaonline.com.br\/site#listItem","position":1,"name":"Home","item":"https:\/\/anoticiaonline.com.br\/site","nextItem":{"@type":"ListItem","@id":"https:\/\/anoticiaonline.com.br\/site\/categoria\/colunistas\/#listItem","name":"Colunistas"}},{"@type":"ListItem","@id":"https:\/\/anoticiaonline.com.br\/site\/categoria\/colunistas\/#listItem","position":2,"name":"Colunistas","item":"https:\/\/anoticiaonline.com.br\/site\/categoria\/colunistas\/","nextItem":{"@type":"ListItem","@id":"https:\/\/anoticiaonline.com.br\/site\/categoria\/colunistas\/filmes\/#listItem","name":"Filmes"},"previousItem":{"@type":"ListItem","@id":"https:\/\/anoticiaonline.com.br\/site#listItem","name":"Home"}},{"@type":"ListItem","@id":"https:\/\/anoticiaonline.com.br\/site\/categoria\/colunistas\/filmes\/#listItem","position":3,"name":"Filmes","item":"https:\/\/anoticiaonline.com.br\/site\/categoria\/colunistas\/filmes\/","nextItem":{"@type":"ListItem","@id":"https:\/\/anoticiaonline.com.br\/site\/esquadrao-suicida-e-a-lenda-de-tarzan-estao-em-exibicao-no-cine-veredas\/#listItem","name":"\u201cEsquadr\u00e3o Suicida\u201d e \u201cA lenda de Tarzan\u201d est\u00e3o em exibi\u00e7\u00e3o no Cine Veredas"},"previousItem":{"@type":"ListItem","@id":"https:\/\/anoticiaonline.com.br\/site\/categoria\/colunistas\/#listItem","name":"Colunistas"}},{"@type":"ListItem","@id":"https:\/\/anoticiaonline.com.br\/site\/esquadrao-suicida-e-a-lenda-de-tarzan-estao-em-exibicao-no-cine-veredas\/#listItem","position":4,"name":"\u201cEsquadr\u00e3o Suicida\u201d e \u201cA lenda de Tarzan\u201d est\u00e3o em exibi\u00e7\u00e3o no Cine Veredas","previousItem":{"@type":"ListItem","@id":"https:\/\/anoticiaonline.com.br\/site\/categoria\/colunistas\/filmes\/#listItem","name":"Filmes"}}]},{"@type":"Organization","@id":"https:\/\/anoticiaonline.com.br\/site\/#organization","name":"A Not\u00edcia Online","description":"Noticias de Muria\u00e9 e regi\u00e3o","url":"https:\/\/anoticiaonline.com.br\/site\/","logo":{"@type":"ImageObject","url":"https:\/\/scontent-gig4-1.xx.fbcdn.net\/v\/t39.30808-1\/270437624_4564083193639691_6907940295614233970_n.jpg?stp=dst-jpg_s200x200_tt6&_nc_cat=111&ccb=1-7&_nc_sid=f907e8&_nc_ohc=SM1wRlP3lJwQ7kNvwEPuBYA&_nc_oc=AdnqrjDN_BNjSSHWO-GbkIWH6fkGMLw4bqvL_NH6e2wMveX7G-rP2dAqsDSq1mJMOaY&_nc_zt=24&_nc_ht=scontent-gig4-1.xx&_nc_gid=AoBFJeGrT1hVaew_6rchkQ&oh=00_AfX7QmFGhQhG2jAllVgXCiM1ZrWgvtp80-Bfppyexh1QEg&oe=689E923C","@id":"https:\/\/anoticiaonline.com.br\/site\/esquadrao-suicida-e-a-lenda-de-tarzan-estao-em-exibicao-no-cine-veredas\/#organizationLogo"},"image":{"@id":"https:\/\/anoticiaonline.com.br\/site\/esquadrao-suicida-e-a-lenda-de-tarzan-estao-em-exibicao-no-cine-veredas\/#organizationLogo"}},{"@type":"Person","@id":"https:\/\/anoticiaonline.com.br\/site\/author\/juliana\/#author","url":"https:\/\/anoticiaonline.com.br\/site\/author\/juliana\/","name":"Juliana Laviola","image":{"@type":"ImageObject","@id":"https:\/\/anoticiaonline.com.br\/site\/esquadrao-suicida-e-a-lenda-de-tarzan-estao-em-exibicao-no-cine-veredas\/#authorImage","url":"https:\/\/secure.gravatar.com\/avatar\/b8d45f5c699b100dfaf0e543582f38f38bf94cb7ae3a5e9abf8d891a34773335?s=96&d=mm&r=g","width":96,"height":96,"caption":"Juliana Laviola"}},{"@type":"WebPage","@id":"https:\/\/anoticiaonline.com.br\/site\/esquadrao-suicida-e-a-lenda-de-tarzan-estao-em-exibicao-no-cine-veredas\/#webpage","url":"https:\/\/anoticiaonline.com.br\/site\/esquadrao-suicida-e-a-lenda-de-tarzan-estao-em-exibicao-no-cine-veredas\/","name":"\u201cEsquadr\u00e3o Suicida\u201d e \u201cA lenda de Tarzan\u201d est\u00e3o em exibi\u00e7\u00e3o no Cine Veredas - A Not\u00edcia Online","description":"\u201cA lenda de Tarzan\u201d est\u00e1 em cartaz no Cine Veredas. O filme tem sess\u00f5es todos os dias, \u00e0s 20h40min. No s\u00e1bado e domingo, as sess\u00f5es s\u00e3o \u00e0s 16h30min. O cinema muriaeense tamb\u00e9m est\u00e1 exibindo \u201cEsquadr\u00e3o Suicida\u201d. O longa tem sess\u00e3o todos os dias, \u00e0s 18h30min. O pre\u00e7o da entrada inteira custa R$ 14,00 e a","inLanguage":"pt-BR","isPartOf":{"@id":"https:\/\/anoticiaonline.com.br\/site\/#website"},"breadcrumb":{"@id":"https:\/\/anoticiaonline.com.br\/site\/esquadrao-suicida-e-a-lenda-de-tarzan-estao-em-exibicao-no-cine-veredas\/#breadcrumblist"},"author":{"@id":"https:\/\/anoticiaonline.com.br\/site\/author\/juliana\/#author"},"creator":{"@id":"https:\/\/anoticiaonline.com.br\/site\/author\/juliana\/#author"},"image":{"@type":"ImageObject","url":"https:\/\/anoticiaonline.com.br\/site\/wp-content\/uploads\/2016\/08\/Programa\u00e7\u00e3o-18-a-24-de-Agosto-Divulga\u00e7\u00e3o.jpg","@id":"https:\/\/anoticiaonline.com.br\/site\/esquadrao-suicida-e-a-lenda-de-tarzan-estao-em-exibicao-no-cine-veredas\/#mainImage","width":640,"height":453},"primaryImageOfPage":{"@id":"https:\/\/anoticiaonline.com.br\/site\/esquadrao-suicida-e-a-lenda-de-tarzan-estao-em-exibicao-no-cine-veredas\/#mainImage"},"datePublished":"2016-08-18T09:19:10-03:00","dateModified":"2016-08-18T09:19:10-03:00"},{"@type":"WebSite","@id":"https:\/\/anoticiaonline.com.br\/site\/#website","url":"https:\/\/anoticiaonline.com.br\/site\/","name":"A Not\u00edcia Online","description":"Noticias de Muria\u00e9 e regi\u00e3o","inLanguage":"pt-BR","publisher":{"@id":"https:\/\/anoticiaonline.com.br\/site\/#organization"}}]},"og:locale":"pt_BR","og:site_name":"A Not\u00edcia Online - Noticias de Muria\u00e9 e regi\u00e3o","og:type":"article","og:title":"\u201cEsquadr\u00e3o Suicida\u201d e \u201cA lenda de Tarzan\u201d est\u00e3o em exibi\u00e7\u00e3o no Cine Veredas - A Not\u00edcia Online","og:description":"\u201cA lenda de Tarzan\u201d est\u00e1 em cartaz no Cine Veredas. O filme tem sess\u00f5es todos os dias, \u00e0s 20h40min. No s\u00e1bado e domingo, as sess\u00f5es s\u00e3o \u00e0s 16h30min. O cinema muriaeense tamb\u00e9m est\u00e1 exibindo \u201cEsquadr\u00e3o Suicida\u201d. O longa tem sess\u00e3o todos os dias, \u00e0s 18h30min. O pre\u00e7o da entrada inteira custa R$ 14,00 e a","og:url":"https:\/\/anoticiaonline.com.br\/site\/esquadrao-suicida-e-a-lenda-de-tarzan-estao-em-exibicao-no-cine-veredas\/","og:image":"https:\/\/scontent-gig4-1.xx.fbcdn.net\/v\/t39.30808-1\/270437624_4564083193639691_6907940295614233970_n.jpg?stp=dst-jpg_s200x200_tt6&#038;_nc_cat=111&#038;ccb=1-7&#038;_nc_sid=f907e8&#038;_nc_ohc=SM1wRlP3lJwQ7kNvwEPuBYA&#038;_nc_oc=AdnqrjDN_BNjSSHWO-GbkIWH6fkGMLw4bqvL_NH6e2wMveX7G-rP2dAqsDSq1mJMOaY&#038;_nc_zt=24&#038;_nc_ht=scontent-gig4-1.xx&#038;_nc_gid=AoBFJeGrT1hVaew_6rchkQ&#038;oh=00_AfX7QmFGhQhG2jAllVgXCiM1ZrWgvtp80-Bfppyexh1QEg&#038;oe=689E923C","og:image:secure_url":"https:\/\/scontent-gig4-1.xx.fbcdn.net\/v\/t39.30808-1\/270437624_4564083193639691_6907940295614233970_n.jpg?stp=dst-jpg_s200x200_tt6&#038;_nc_cat=111&#038;ccb=1-7&#038;_nc_sid=f907e8&#038;_nc_ohc=SM1wRlP3lJwQ7kNvwEPuBYA&#038;_nc_oc=AdnqrjDN_BNjSSHWO-GbkIWH6fkGMLw4bqvL_NH6e2wMveX7G-rP2dAqsDSq1mJMOaY&#038;_nc_zt=24&#038;_nc_ht=scontent-gig4-1.xx&#038;_nc_gid=AoBFJeGrT1hVaew_6rchkQ&#038;oh=00_AfX7QmFGhQhG2jAllVgXCiM1ZrWgvtp80-Bfppyexh1QEg&#038;oe=689E923C","article:published_time":"2016-08-18T12:19:10+00:00","article:modified_time":"2016-08-18T12:19:10+00:00","twitter:card":"summary_large_image","twitter:title":"\u201cEsquadr\u00e3o Suicida\u201d e \u201cA lenda de Tarzan\u201d est\u00e3o em exibi\u00e7\u00e3o no Cine Veredas - A Not\u00edcia Online","twitter:description":"\u201cA lenda de Tarzan\u201d est\u00e1 em cartaz no Cine Veredas. O filme tem sess\u00f5es todos os dias, \u00e0s 20h40min. No s\u00e1bado e domingo, as sess\u00f5es s\u00e3o \u00e0s 16h30min. O cinema muriaeense tamb\u00e9m est\u00e1 exibindo \u201cEsquadr\u00e3o Suicida\u201d. O longa tem sess\u00e3o todos os dias, \u00e0s 18h30min. O pre\u00e7o da entrada inteira custa R$ 14,00 e a","twitter:image":"https:\/\/scontent-gig4-1.xx.fbcdn.net\/v\/t39.30808-1\/270437624_4564083193639691_6907940295614233970_n.jpg?stp=dst-jpg_s200x200_tt6&_nc_cat=111&ccb=1-7&_nc_sid=f907e8&_nc_ohc=SM1wRlP3lJwQ7kNvwEPuBYA&_nc_oc=AdnqrjDN_BNjSSHWO-GbkIWH6fkGMLw4bqvL_NH6e2wMveX7G-rP2dAqsDSq1mJMOaY&_nc_zt=24&_nc_ht=scontent-gig4-1.xx&_nc_gid=AoBFJeGrT1hVaew_6rchkQ&oh=00_AfX7QmFGhQhG2jAllVgXCiM1ZrWgvtp80-Bfppyexh1QEg&oe=689E923C"},"aioseo_meta_data":{"post_id":"16931","title":null,"description":null,"keywords":null,"keyphrases":null,"primary_term":null,"canonical_url":null,"og_title":null,"og_description":null,"og_object_type":"default","og_image_type":"default","og_image_url":null,"og_image_width":null,"og_image_height":null,"og_image_custom_url":null,"og_image_custom_fields":null,"og_video":null,"og_custom_url":null,"og_article_section":null,"og_article_tags":null,"twitter_use_og":false,"twitter_card":"default","twitter_image_type":"default","twitter_image_url":null,"twitter_image_custom_url":null,"twitter_image_custom_fields":null,"twitter_title":null,"twitter_description":null,"schema":{"blockGraphs":[],"customGraphs":[],"default":{"data":{"Article":[],"Course":[],"Dataset":[],"FAQPage":[],"Movie":[],"Person":[],"Product":[],"ProductReview":[],"Car":[],"Recipe":[],"Service":[],"SoftwareApplication":[],"WebPage":[]},"graphName":"","isEnabled":true},"graphs":[]},"schema_type":"default","schema_type_options":null,"pillar_content":false,"robots_default":true,"robots_noindex":false,"robots_noarchive":false,"robots_nosnippet":false,"robots_nofollow":false,"robots_noimageindex":false,"robots_noodp":false,"robots_notranslate":false,"robots_max_snippet":null,"robots_max_videopreview":null,"robots_max_imagepreview":"large","priority":null,"frequency":null,"local_seo":null,"breadcrumb_settings":null,"limit_modified_date":false,"ai":null,"created":"2025-08-16 16:38:19","updated":"2025-08-16 16:38:19","focus_keyword":null,"additional_keywords":null,"truseo_locale":null,"seo_analyzer_scan_date":null},"aioseo_breadcrumb":"<div class=\"aioseo-breadcrumbs\"><span class=\"aioseo-breadcrumb\">\n\t\t\t<a href=\"https:\/\/anoticiaonline.com.br\/site\" title=\"Home\">Home<\/a>\n\t\t<\/span><span class=\"aioseo-breadcrumb-separator\">&raquo;<\/span><span class=\"aioseo-breadcrumb\">\n\t\t\t<a href=\"https:\/\/anoticiaonline.com.br\/site\/categoria\/colunistas\/\" title=\"Colunistas\">Colunistas<\/a>\n\t\t<\/span><span class=\"aioseo-breadcrumb-separator\">&raquo;<\/span><span class=\"aioseo-breadcrumb\">\n\t\t\t<a href=\"https:\/\/anoticiaonline.com.br\/site\/categoria\/colunistas\/filmes\/\" title=\"Filmes\">Filmes<\/a>\n\t\t<\/span><span class=\"aioseo-breadcrumb-separator\">&raquo;<\/span><span class=\"aioseo-breadcrumb\">\n\t\t\t\u201cEsquadr\u00e3o Suicida\u201d e \u201cA lenda de Tarzan\u201d est\u00e3o em exibi\u00e7\u00e3o no Cine Veredas\n\t\t<\/span><\/div>","aioseo_breadcrumb_json":[{"label":"Home","link":"https:\/\/anoticiaonline.com.br\/site"},{"label":"Colunistas","link":"https:\/\/anoticiaonline.com.br\/site\/categoria\/colunistas\/"},{"label":"Filmes","link":"https:\/\/anoticiaonline.com.br\/site\/categoria\/colunistas\/filmes\/"},{"label":"\u201cEsquadr\u00e3o Suicida\u201d e \u201cA lenda de Tarzan\u201d est\u00e3o em exibi\u00e7\u00e3o no Cine Veredas","link":"https:\/\/anoticiaonline.com.br\/site\/esquadrao-suicida-e-a-lenda-de-tarzan-estao-em-exibicao-no-cine-veredas\/"}],"views":119,"_links":{"self":[{"href":"https:\/\/anoticiaonline.com.br\/site\/wp-json\/wp\/v2\/posts\/16931","targetHints":{"allow":["GET"]}}],"collection":[{"href":"https:\/\/anoticiaonline.com.br\/site\/wp-json\/wp\/v2\/posts"}],"about":[{"href":"https:\/\/anoticiaonline.com.br\/site\/wp-json\/wp\/v2\/types\/post"}],"author":[{"embeddable":true,"href":"https:\/\/anoticiaonline.com.br\/site\/wp-json\/wp\/v2\/users\/2"}],"replies":[{"embeddable":true,"href":"https:\/\/anoticiaonline.com.br\/site\/wp-json\/wp\/v2\/comments?post=16931"}],"version-history":[{"count":0,"href":"https:\/\/anoticiaonline.com.br\/site\/wp-json\/wp\/v2\/posts\/16931\/revisions"}],"wp:featuredmedia":[{"embeddable":true,"href":"https:\/\/anoticiaonline.com.br\/site\/wp-json\/wp\/v2\/media\/16932"}],"wp:attachment":[{"href":"https:\/\/anoticiaonline.com.br\/site\/wp-json\/wp\/v2\/media?parent=16931"}],"wp:term":[{"taxonomy":"category","embeddable":true,"href":"https:\/\/anoticiaonline.com.br\/site\/wp-json\/wp\/v2\/categories?post=16931"},{"taxonomy":"post_tag","embeddable":true,"href":"https:\/\/anoticiaonline.com.br\/site\/wp-json\/wp\/v2\/tags?post=16931"}],"curies":[{"name":"wp","href":"https:\/\/api.w.org\/{rel}","templated":true}]}}