{"id":16918,"date":"2016-08-17T14:57:50","date_gmt":"2016-08-17T17:57:50","guid":{"rendered":"http:\/\/anoticiaonline.com.br\/site\/?p=16918"},"modified":"2016-08-17T14:57:50","modified_gmt":"2016-08-17T17:57:50","slug":"iniciados-os-voos-do-projeto-de-integracao-regional-aerea","status":"publish","type":"post","link":"https:\/\/anoticiaonline.com.br\/site\/iniciados-os-voos-do-projeto-de-integracao-regional-aerea\/","title":{"rendered":"Iniciados os voos do projeto de integra\u00e7\u00e3o regional a\u00e9rea"},"content":{"rendered":"<figure id=\"attachment_16919\" aria-describedby=\"caption-attachment-16919\" style=\"width: 290px\" class=\"wp-caption alignleft\"><a href=\"https:\/\/anoticiaonline.com.br\/site\/wp-content\/uploads\/2016\/08\/Iniciados-os-voos-do-projeto-de-integra\u00e7\u00e3o-regional-a\u00e9rea.jpg\"><img fetchpriority=\"high\" decoding=\"async\" class=\"size-medium wp-image-16919\" src=\"https:\/\/anoticiaonline.com.br\/site\/wp-content\/uploads\/2016\/08\/Iniciados-os-voos-do-projeto-de-integra\u00e7\u00e3o-regional-a\u00e9rea-300x246.jpg\" alt=\"Foto: Divulga\u00e7\u00e3o\/Codemig\" width=\"300\" height=\"246\" srcset=\"https:\/\/anoticiaonline.com.br\/site\/wp-content\/uploads\/2016\/08\/Iniciados-os-voos-do-projeto-de-integra\u00e7\u00e3o-regional-a\u00e9rea-300x246.jpg 300w, https:\/\/anoticiaonline.com.br\/site\/wp-content\/uploads\/2016\/08\/Iniciados-os-voos-do-projeto-de-integra\u00e7\u00e3o-regional-a\u00e9rea.jpg 640w\" sizes=\"(max-width: 300px) 100vw, 300px\" \/><\/a><figcaption id=\"caption-attachment-16919\" class=\"wp-caption-text\">Foto: Divulga\u00e7\u00e3o\/Codemig<\/figcaption><\/figure>\n<p>O governo de Minas Gerais, por meio da Companhia de Desenvolvimento Econ\u00f4mico de Minas Gerais (Codemig) e da Secretaria de Estado de Transportes e Obras P\u00fablicas (Setop), iniciou nesta quarta-feira (17) a implementa\u00e7\u00e3o do Projeto de Integra\u00e7\u00e3o Regional de Minas Gerais &#8211; Modal A\u00e9reo (Pirma).<\/p>\n<p>A partir de agora, ser\u00e3o oferecidos 60 voos por semana, sem escalas, ligando o Aeroporto da Pampulha, em Belo Horizonte, a 12 cidades do interior: Curvelo, Diamantina, Divin\u00f3polis, Juiz de Fora, Muria\u00e9, Patos de Minas, Ponte Nova, S\u00e3o Jo\u00e3o del-Rei, Te\u00f3filo Otoni, Ub\u00e1, Varginha e Vi\u00e7osa.<\/p>\n<p>O voo inaugural realizado nesta quarta-feira levou autoridades e representantes institucionais \u00e0 cidade de S\u00e3o Jo\u00e3o del-Rei, em um percurso de aproximadamente meia hora. Entre os passageiros estavam o presidente da Codemig, Marco Ant\u00f4nio Castello Branco, a diretora de Fomento \u00e0 Ind\u00fastria Criativa da Codemig, Fernanda Machado, o presidente da Fiemg, Olavo Machado J\u00fanior, e o presidente da Federaminas, Em\u00edlio Parolini.<\/p>\n<p>O presidente da Codemig destacou a import\u00e2ncia da avia\u00e7\u00e3o regional para o desenvolvimento de diversos territ\u00f3rios de Minas Gerais: \u201c\u00c9 uma iniciativa in\u00e9dita do Governo do Estado para estimular neg\u00f3cios e dinamizar a economia dessas regi\u00f5es. O transporte a\u00e9reo \u00e9 sempre um fator de transforma\u00e7\u00e3o\u201d, salienta Castello Branco.<\/p>\n<p>O primeiro passageiro a embarcar em um voo do Pirma foi o m\u00e9dico pediatra Paulo Henrique Corr\u00eaa. Ele tem a fotografia como hobby e aproveitou a oportunidade de visitar S\u00e3o Jo\u00e3o del-Rei, indo e voltando no mesmo dia, para fazer fotos na cidade hist\u00f3rica. \u201cEu adorei a ideia dos voos para o interior e j\u00e1 estou programando a pr\u00f3xima viagem, que ser\u00e1 para Diamantina\u201d, afirma.<\/p>\n<p>As vendas dos vouchers de voo s\u00e3o feitas pelo site www.voeminasgerais.com.br. Em m\u00e9dia, cada voo cobrir\u00e1 200 quil\u00f4metros, ter\u00e1 dura\u00e7\u00e3o de 40 minutos e custar\u00e1 cerca de R$ 300,00 por passageiro.<\/p>\n<p>As viagens s\u00e3o oferecidas em avi\u00f5es de pequeno porte, modelo Cessna Grand Caravan 208 B, homologados pela Ag\u00eancia Nacional de Avia\u00e7\u00e3o Civil (Anac) para o transporte de at\u00e9 nove passageiros. A companhia a\u00e9rea que presta o servi\u00e7o \u00e9 a Two T\u00e1xi A\u00e9reo, vencedora da licita\u00e7\u00e3o realizada pela Codemig.<\/p>\n<p>As rotas e frequ\u00eancias dos voos foram definidas preferencialmente para cidades n\u00e3o atendidas pela avia\u00e7\u00e3o regular e a partir de uma pesquisa de mercado, que ouviu 2.100 pessoas em 31 munic\u00edpios do estado, para identificar a demanda pelo transporte a\u00e9reo nessas localidades.<\/p>\n<p>Em uma segunda etapa, confirmada a sustentabilidade t\u00e9cnica e econ\u00f4mica do projeto, poder\u00e3o ser inclu\u00eddas novas localidades e ampliada a frequ\u00eancia dos voos.<\/p>\n<p>O uso de aeronaves de pequeno porte para o transporte de passageiros e cargas \u00e9 usual na regi\u00e3o Norte do Brasil. Em Minas Gerais, a Codemig est\u00e1 investindo no empreendimento para estimular a cultura da avia\u00e7\u00e3o regional, com potencial para se tornar uma opera\u00e7\u00e3o sustent\u00e1vel, capaz de fomentar o turismo e os neg\u00f3cios em todas as regi\u00f5es do estado.<\/p>\n<p><strong>PIRMA E AVIA\u00c7\u00c3O &#8211;<\/strong> O Projeto de Integra\u00e7\u00e3o Regional de Minas Gerais &#8211; Modal A\u00e9reo busca fomentar os neg\u00f3cios regionais, desenvolver o turismo e facilitar o deslocamento de moradores do interior a Belo Horizonte, permitindo que tenham acesso r\u00e1pido a eventos e servi\u00e7os dispon\u00edveis na capital.<\/p>\n<p>Para Minas Gerais, que possui uma \u00e1rea total de quase 600 mil quil\u00f4metros quadrados, o investimento na regionaliza\u00e7\u00e3o por meio do transporte a\u00e9reo \u00e9 estrat\u00e9gico e contribui para a redu\u00e7\u00e3o das desigualdades nos 17 territ\u00f3rios de desenvolvimento definidos pelo governo do estado.<\/p>\n<p>Segundo informa\u00e7\u00f5es da Anac, Minas Gerais conta atualmente com 121 aer\u00f3dromos privados e 86 p\u00fablicos. A administra\u00e7\u00e3o, manuten\u00e7\u00e3o e explora\u00e7\u00e3o dos aer\u00f3dromos p\u00fablicos s\u00e3o atribui\u00e7\u00f5es da Uni\u00e3o.<\/p>\n<p>A Setop vem trabalhando em processos de delega\u00e7\u00e3o Uni\u00e3o-Estado, possibilitando investimentos do Governo estadual em reformas, melhorias e posterior delega\u00e7\u00e3o aos munic\u00edpios ou empresas para opera\u00e7\u00e3o e manuten\u00e7\u00e3o.<\/p>\n","protected":false},"excerpt":{"rendered":"<p>O governo de Minas Gerais, por meio da Companhia de Desenvolvimento Econ\u00f4mico de Minas Gerais (Codemig) e da Secretaria de Estado de Transportes e Obras P\u00fablicas (Setop), iniciou nesta quarta-feira (17) a implementa\u00e7\u00e3o do Projeto de Integra\u00e7\u00e3o Regional de Minas Gerais &#8211; Modal A\u00e9reo (Pirma). A partir de agora, ser\u00e3o oferecidos 60 voos por semana, &#8230; <a title=\"Iniciados os voos do projeto de integra\u00e7\u00e3o regional a\u00e9rea\" class=\"read-more\" href=\"https:\/\/anoticiaonline.com.br\/site\/iniciados-os-voos-do-projeto-de-integracao-regional-aerea\/\" aria-label=\"Read more about Iniciados os voos do projeto de integra\u00e7\u00e3o regional a\u00e9rea\">Ler mais<\/a><\/p>\n","protected":false},"author":2,"featured_media":16919,"comment_status":"open","ping_status":"open","sticky":false,"template":"","format":"standard","meta":{"_acf_changed":false,"_monsterinsights_skip_tracking":false,"footnotes":""},"categories":[1],"tags":[3],"class_list":["post-16918","post","type-post","status-publish","format-standard","has-post-thumbnail","hentry","category-gerais","tag-slide"],"acf":[],"aioseo_notices":[],"aioseo_head":"\n\t\t<!-- All in One SEO 5.0.0.1 - aioseo.com -->\n\t<meta name=\"description\" content=\"O governo de Minas Gerais, por meio da Companhia de Desenvolvimento Econ\u00f4mico de Minas Gerais (Codemig) e da Secretaria de Estado de Transportes e Obras P\u00fablicas (Setop), iniciou nesta quarta-feira (17) a implementa\u00e7\u00e3o do Projeto de Integra\u00e7\u00e3o Regional de Minas Gerais - Modal A\u00e9reo (Pirma). A partir de agora, ser\u00e3o oferecidos 60 voos por semana,\" \/>\n\t<meta name=\"robots\" content=\"max-image-preview:large\" \/>\n\t<meta name=\"author\" content=\"Juliana Laviola\"\/>\n\t<link rel=\"canonical\" href=\"https:\/\/anoticiaonline.com.br\/site\/iniciados-os-voos-do-projeto-de-integracao-regional-aerea\/\" \/>\n\t<meta name=\"generator\" content=\"All in One SEO (AIOSEO) 5.0.0.1\" \/>\n\t\t<meta property=\"og:locale\" content=\"pt_BR\" \/>\n\t\t<meta property=\"og:site_name\" content=\"A Not\u00edcia Online - Noticias de Muria\u00e9 e regi\u00e3o\" \/>\n\t\t<meta property=\"og:type\" content=\"article\" \/>\n\t\t<meta property=\"og:title\" content=\"Iniciados os voos do projeto de integra\u00e7\u00e3o regional a\u00e9rea - A Not\u00edcia Online\" \/>\n\t\t<meta property=\"og:description\" content=\"O governo de Minas Gerais, por meio da Companhia de Desenvolvimento Econ\u00f4mico de Minas Gerais (Codemig) e da Secretaria de Estado de Transportes e Obras P\u00fablicas (Setop), iniciou nesta quarta-feira (17) a implementa\u00e7\u00e3o do Projeto de Integra\u00e7\u00e3o Regional de Minas Gerais - Modal A\u00e9reo (Pirma). A partir de agora, ser\u00e3o oferecidos 60 voos por semana,\" \/>\n\t\t<meta property=\"og:url\" content=\"https:\/\/anoticiaonline.com.br\/site\/iniciados-os-voos-do-projeto-de-integracao-regional-aerea\/\" \/>\n\t\t<meta property=\"og:image\" content=\"https:\/\/scontent-gig4-1.xx.fbcdn.net\/v\/t39.30808-1\/270437624_4564083193639691_6907940295614233970_n.jpg?stp=dst-jpg_s200x200_tt6&#038;_nc_cat=111&#038;ccb=1-7&#038;_nc_sid=f907e8&#038;_nc_ohc=SM1wRlP3lJwQ7kNvwEPuBYA&#038;_nc_oc=AdnqrjDN_BNjSSHWO-GbkIWH6fkGMLw4bqvL_NH6e2wMveX7G-rP2dAqsDSq1mJMOaY&#038;_nc_zt=24&#038;_nc_ht=scontent-gig4-1.xx&#038;_nc_gid=AoBFJeGrT1hVaew_6rchkQ&#038;oh=00_AfX7QmFGhQhG2jAllVgXCiM1ZrWgvtp80-Bfppyexh1QEg&#038;oe=689E923C\" \/>\n\t\t<meta property=\"og:image:secure_url\" content=\"https:\/\/scontent-gig4-1.xx.fbcdn.net\/v\/t39.30808-1\/270437624_4564083193639691_6907940295614233970_n.jpg?stp=dst-jpg_s200x200_tt6&#038;_nc_cat=111&#038;ccb=1-7&#038;_nc_sid=f907e8&#038;_nc_ohc=SM1wRlP3lJwQ7kNvwEPuBYA&#038;_nc_oc=AdnqrjDN_BNjSSHWO-GbkIWH6fkGMLw4bqvL_NH6e2wMveX7G-rP2dAqsDSq1mJMOaY&#038;_nc_zt=24&#038;_nc_ht=scontent-gig4-1.xx&#038;_nc_gid=AoBFJeGrT1hVaew_6rchkQ&#038;oh=00_AfX7QmFGhQhG2jAllVgXCiM1ZrWgvtp80-Bfppyexh1QEg&#038;oe=689E923C\" \/>\n\t\t<meta property=\"article:published_time\" content=\"2016-08-17T17:57:50+00:00\" \/>\n\t\t<meta property=\"article:modified_time\" content=\"2016-08-17T17:57:50+00:00\" \/>\n\t\t<meta name=\"twitter:card\" content=\"summary_large_image\" \/>\n\t\t<meta name=\"twitter:title\" content=\"Iniciados os voos do projeto de integra\u00e7\u00e3o regional a\u00e9rea - A Not\u00edcia Online\" \/>\n\t\t<meta name=\"twitter:description\" content=\"O governo de Minas Gerais, por meio da Companhia de Desenvolvimento Econ\u00f4mico de Minas Gerais (Codemig) e da Secretaria de Estado de Transportes e Obras P\u00fablicas (Setop), iniciou nesta quarta-feira (17) a implementa\u00e7\u00e3o do Projeto de Integra\u00e7\u00e3o Regional de Minas Gerais - Modal A\u00e9reo (Pirma). A partir de agora, ser\u00e3o oferecidos 60 voos por semana,\" \/>\n\t\t<meta name=\"twitter:image\" content=\"https:\/\/scontent-gig4-1.xx.fbcdn.net\/v\/t39.30808-1\/270437624_4564083193639691_6907940295614233970_n.jpg?stp=dst-jpg_s200x200_tt6&amp;_nc_cat=111&amp;ccb=1-7&amp;_nc_sid=f907e8&amp;_nc_ohc=SM1wRlP3lJwQ7kNvwEPuBYA&amp;_nc_oc=AdnqrjDN_BNjSSHWO-GbkIWH6fkGMLw4bqvL_NH6e2wMveX7G-rP2dAqsDSq1mJMOaY&amp;_nc_zt=24&amp;_nc_ht=scontent-gig4-1.xx&amp;_nc_gid=AoBFJeGrT1hVaew_6rchkQ&amp;oh=00_AfX7QmFGhQhG2jAllVgXCiM1ZrWgvtp80-Bfppyexh1QEg&amp;oe=689E923C\" \/>\n\t\t<script type=\"application\/ld+json\" class=\"aioseo-schema\">\n\t\t\t{\"@context\":\"https:\\\/\\\/schema.org\",\"@graph\":[{\"@type\":\"BlogPosting\",\"@id\":\"https:\\\/\\\/anoticiaonline.com.br\\\/site\\\/iniciados-os-voos-do-projeto-de-integracao-regional-aerea\\\/#blogposting\",\"name\":\"Iniciados os voos do projeto de integra\\u00e7\\u00e3o regional a\\u00e9rea - A Not\\u00edcia Online\",\"headline\":\"Iniciados os voos do projeto de integra\\u00e7\\u00e3o regional a\\u00e9rea\",\"author\":{\"@id\":\"https:\\\/\\\/anoticiaonline.com.br\\\/site\\\/author\\\/juliana\\\/#author\"},\"publisher\":{\"@id\":\"https:\\\/\\\/anoticiaonline.com.br\\\/site\\\/#organization\"},\"image\":{\"@type\":\"ImageObject\",\"url\":\"https:\\\/\\\/anoticiaonline.com.br\\\/site\\\/wp-content\\\/uploads\\\/2016\\\/08\\\/Iniciados-os-voos-do-projeto-de-integra\\u00e7\\u00e3o-regional-a\\u00e9rea.jpg\",\"width\":640,\"height\":524,\"caption\":\"Foto: Divulga\\u00e7\\u00e3o\\\/Codemig\"},\"datePublished\":\"2016-08-17T14:57:50-03:00\",\"dateModified\":\"2016-08-17T14:57:50-03:00\",\"inLanguage\":\"pt-BR\",\"mainEntityOfPage\":{\"@id\":\"https:\\\/\\\/anoticiaonline.com.br\\\/site\\\/iniciados-os-voos-do-projeto-de-integracao-regional-aerea\\\/#webpage\"},\"isPartOf\":{\"@id\":\"https:\\\/\\\/anoticiaonline.com.br\\\/site\\\/iniciados-os-voos-do-projeto-de-integracao-regional-aerea\\\/#webpage\"},\"articleSection\":\"Gerais, slide\"},{\"@type\":\"BreadcrumbList\",\"@id\":\"https:\\\/\\\/anoticiaonline.com.br\\\/site\\\/iniciados-os-voos-do-projeto-de-integracao-regional-aerea\\\/#breadcrumblist\",\"itemListElement\":[{\"@type\":\"ListItem\",\"@id\":\"https:\\\/\\\/anoticiaonline.com.br\\\/site#listItem\",\"position\":1,\"name\":\"Home\",\"item\":\"https:\\\/\\\/anoticiaonline.com.br\\\/site\",\"nextItem\":{\"@type\":\"ListItem\",\"@id\":\"https:\\\/\\\/anoticiaonline.com.br\\\/site\\\/categoria\\\/gerais\\\/#listItem\",\"name\":\"Gerais\"}},{\"@type\":\"ListItem\",\"@id\":\"https:\\\/\\\/anoticiaonline.com.br\\\/site\\\/categoria\\\/gerais\\\/#listItem\",\"position\":2,\"name\":\"Gerais\",\"item\":\"https:\\\/\\\/anoticiaonline.com.br\\\/site\\\/categoria\\\/gerais\\\/\",\"nextItem\":{\"@type\":\"ListItem\",\"@id\":\"https:\\\/\\\/anoticiaonline.com.br\\\/site\\\/iniciados-os-voos-do-projeto-de-integracao-regional-aerea\\\/#listItem\",\"name\":\"Iniciados os voos do projeto de integra\\u00e7\\u00e3o regional a\\u00e9rea\"},\"previousItem\":{\"@type\":\"ListItem\",\"@id\":\"https:\\\/\\\/anoticiaonline.com.br\\\/site#listItem\",\"name\":\"Home\"}},{\"@type\":\"ListItem\",\"@id\":\"https:\\\/\\\/anoticiaonline.com.br\\\/site\\\/iniciados-os-voos-do-projeto-de-integracao-regional-aerea\\\/#listItem\",\"position\":3,\"name\":\"Iniciados os voos do projeto de integra\\u00e7\\u00e3o regional a\\u00e9rea\",\"previousItem\":{\"@type\":\"ListItem\",\"@id\":\"https:\\\/\\\/anoticiaonline.com.br\\\/site\\\/categoria\\\/gerais\\\/#listItem\",\"name\":\"Gerais\"}}]},{\"@type\":\"Organization\",\"@id\":\"https:\\\/\\\/anoticiaonline.com.br\\\/site\\\/#organization\",\"name\":\"A Not\\u00edcia Online\",\"description\":\"Noticias de Muria\\u00e9 e regi\\u00e3o\",\"url\":\"https:\\\/\\\/anoticiaonline.com.br\\\/site\\\/\",\"logo\":{\"@type\":\"ImageObject\",\"url\":\"https:\\\/\\\/scontent-gig4-1.xx.fbcdn.net\\\/v\\\/t39.30808-1\\\/270437624_4564083193639691_6907940295614233970_n.jpg?stp=dst-jpg_s200x200_tt6&_nc_cat=111&ccb=1-7&_nc_sid=f907e8&_nc_ohc=SM1wRlP3lJwQ7kNvwEPuBYA&_nc_oc=AdnqrjDN_BNjSSHWO-GbkIWH6fkGMLw4bqvL_NH6e2wMveX7G-rP2dAqsDSq1mJMOaY&_nc_zt=24&_nc_ht=scontent-gig4-1.xx&_nc_gid=AoBFJeGrT1hVaew_6rchkQ&oh=00_AfX7QmFGhQhG2jAllVgXCiM1ZrWgvtp80-Bfppyexh1QEg&oe=689E923C\",\"@id\":\"https:\\\/\\\/anoticiaonline.com.br\\\/site\\\/iniciados-os-voos-do-projeto-de-integracao-regional-aerea\\\/#organizationLogo\"},\"image\":{\"@id\":\"https:\\\/\\\/anoticiaonline.com.br\\\/site\\\/iniciados-os-voos-do-projeto-de-integracao-regional-aerea\\\/#organizationLogo\"}},{\"@type\":\"Person\",\"@id\":\"https:\\\/\\\/anoticiaonline.com.br\\\/site\\\/author\\\/juliana\\\/#author\",\"url\":\"https:\\\/\\\/anoticiaonline.com.br\\\/site\\\/author\\\/juliana\\\/\",\"name\":\"Juliana Laviola\",\"image\":{\"@type\":\"ImageObject\",\"@id\":\"https:\\\/\\\/anoticiaonline.com.br\\\/site\\\/iniciados-os-voos-do-projeto-de-integracao-regional-aerea\\\/#authorImage\",\"url\":\"https:\\\/\\\/secure.gravatar.com\\\/avatar\\\/b8d45f5c699b100dfaf0e543582f38f38bf94cb7ae3a5e9abf8d891a34773335?s=96&d=mm&r=g\",\"width\":96,\"height\":96,\"caption\":\"Juliana Laviola\"}},{\"@type\":\"WebPage\",\"@id\":\"https:\\\/\\\/anoticiaonline.com.br\\\/site\\\/iniciados-os-voos-do-projeto-de-integracao-regional-aerea\\\/#webpage\",\"url\":\"https:\\\/\\\/anoticiaonline.com.br\\\/site\\\/iniciados-os-voos-do-projeto-de-integracao-regional-aerea\\\/\",\"name\":\"Iniciados os voos do projeto de integra\\u00e7\\u00e3o regional a\\u00e9rea - A Not\\u00edcia Online\",\"description\":\"O governo de Minas Gerais, por meio da Companhia de Desenvolvimento Econ\\u00f4mico de Minas Gerais (Codemig) e da Secretaria de Estado de Transportes e Obras P\\u00fablicas (Setop), iniciou nesta quarta-feira (17) a implementa\\u00e7\\u00e3o do Projeto de Integra\\u00e7\\u00e3o Regional de Minas Gerais - Modal A\\u00e9reo (Pirma). A partir de agora, ser\\u00e3o oferecidos 60 voos por semana,\",\"inLanguage\":\"pt-BR\",\"isPartOf\":{\"@id\":\"https:\\\/\\\/anoticiaonline.com.br\\\/site\\\/#website\"},\"breadcrumb\":{\"@id\":\"https:\\\/\\\/anoticiaonline.com.br\\\/site\\\/iniciados-os-voos-do-projeto-de-integracao-regional-aerea\\\/#breadcrumblist\"},\"author\":{\"@id\":\"https:\\\/\\\/anoticiaonline.com.br\\\/site\\\/author\\\/juliana\\\/#author\"},\"creator\":{\"@id\":\"https:\\\/\\\/anoticiaonline.com.br\\\/site\\\/author\\\/juliana\\\/#author\"},\"image\":{\"@type\":\"ImageObject\",\"url\":\"https:\\\/\\\/anoticiaonline.com.br\\\/site\\\/wp-content\\\/uploads\\\/2016\\\/08\\\/Iniciados-os-voos-do-projeto-de-integra\\u00e7\\u00e3o-regional-a\\u00e9rea.jpg\",\"@id\":\"https:\\\/\\\/anoticiaonline.com.br\\\/site\\\/iniciados-os-voos-do-projeto-de-integracao-regional-aerea\\\/#mainImage\",\"width\":640,\"height\":524,\"caption\":\"Foto: Divulga\\u00e7\\u00e3o\\\/Codemig\"},\"primaryImageOfPage\":{\"@id\":\"https:\\\/\\\/anoticiaonline.com.br\\\/site\\\/iniciados-os-voos-do-projeto-de-integracao-regional-aerea\\\/#mainImage\"},\"datePublished\":\"2016-08-17T14:57:50-03:00\",\"dateModified\":\"2016-08-17T14:57:50-03:00\"},{\"@type\":\"WebSite\",\"@id\":\"https:\\\/\\\/anoticiaonline.com.br\\\/site\\\/#website\",\"url\":\"https:\\\/\\\/anoticiaonline.com.br\\\/site\\\/\",\"name\":\"A Not\\u00edcia Online\",\"description\":\"Noticias de Muria\\u00e9 e regi\\u00e3o\",\"inLanguage\":\"pt-BR\",\"publisher\":{\"@id\":\"https:\\\/\\\/anoticiaonline.com.br\\\/site\\\/#organization\"}}]}\n\t\t<\/script>\n\t\t<!-- All in One SEO -->\n\n","aioseo_head_json":{"title":"Iniciados os voos do projeto de integra\u00e7\u00e3o regional a\u00e9rea - A Not\u00edcia Online","description":"O governo de Minas Gerais, por meio da Companhia de Desenvolvimento Econ\u00f4mico de Minas Gerais (Codemig) e da Secretaria de Estado de Transportes e Obras P\u00fablicas (Setop), iniciou nesta quarta-feira (17) a implementa\u00e7\u00e3o do Projeto de Integra\u00e7\u00e3o Regional de Minas Gerais - Modal A\u00e9reo (Pirma). A partir de agora, ser\u00e3o oferecidos 60 voos por semana,","canonical_url":"https:\/\/anoticiaonline.com.br\/site\/iniciados-os-voos-do-projeto-de-integracao-regional-aerea\/","robots":"max-image-preview:large","keywords":"","webmasterTools":{"miscellaneous":""},"schema":{"@context":"https:\/\/schema.org","@graph":[{"@type":"BlogPosting","@id":"https:\/\/anoticiaonline.com.br\/site\/iniciados-os-voos-do-projeto-de-integracao-regional-aerea\/#blogposting","name":"Iniciados os voos do projeto de integra\u00e7\u00e3o regional a\u00e9rea - A Not\u00edcia Online","headline":"Iniciados os voos do projeto de integra\u00e7\u00e3o regional a\u00e9rea","author":{"@id":"https:\/\/anoticiaonline.com.br\/site\/author\/juliana\/#author"},"publisher":{"@id":"https:\/\/anoticiaonline.com.br\/site\/#organization"},"image":{"@type":"ImageObject","url":"https:\/\/anoticiaonline.com.br\/site\/wp-content\/uploads\/2016\/08\/Iniciados-os-voos-do-projeto-de-integra\u00e7\u00e3o-regional-a\u00e9rea.jpg","width":640,"height":524,"caption":"Foto: Divulga\u00e7\u00e3o\/Codemig"},"datePublished":"2016-08-17T14:57:50-03:00","dateModified":"2016-08-17T14:57:50-03:00","inLanguage":"pt-BR","mainEntityOfPage":{"@id":"https:\/\/anoticiaonline.com.br\/site\/iniciados-os-voos-do-projeto-de-integracao-regional-aerea\/#webpage"},"isPartOf":{"@id":"https:\/\/anoticiaonline.com.br\/site\/iniciados-os-voos-do-projeto-de-integracao-regional-aerea\/#webpage"},"articleSection":"Gerais, slide"},{"@type":"BreadcrumbList","@id":"https:\/\/anoticiaonline.com.br\/site\/iniciados-os-voos-do-projeto-de-integracao-regional-aerea\/#breadcrumblist","itemListElement":[{"@type":"ListItem","@id":"https:\/\/anoticiaonline.com.br\/site#listItem","position":1,"name":"Home","item":"https:\/\/anoticiaonline.com.br\/site","nextItem":{"@type":"ListItem","@id":"https:\/\/anoticiaonline.com.br\/site\/categoria\/gerais\/#listItem","name":"Gerais"}},{"@type":"ListItem","@id":"https:\/\/anoticiaonline.com.br\/site\/categoria\/gerais\/#listItem","position":2,"name":"Gerais","item":"https:\/\/anoticiaonline.com.br\/site\/categoria\/gerais\/","nextItem":{"@type":"ListItem","@id":"https:\/\/anoticiaonline.com.br\/site\/iniciados-os-voos-do-projeto-de-integracao-regional-aerea\/#listItem","name":"Iniciados os voos do projeto de integra\u00e7\u00e3o regional a\u00e9rea"},"previousItem":{"@type":"ListItem","@id":"https:\/\/anoticiaonline.com.br\/site#listItem","name":"Home"}},{"@type":"ListItem","@id":"https:\/\/anoticiaonline.com.br\/site\/iniciados-os-voos-do-projeto-de-integracao-regional-aerea\/#listItem","position":3,"name":"Iniciados os voos do projeto de integra\u00e7\u00e3o regional a\u00e9rea","previousItem":{"@type":"ListItem","@id":"https:\/\/anoticiaonline.com.br\/site\/categoria\/gerais\/#listItem","name":"Gerais"}}]},{"@type":"Organization","@id":"https:\/\/anoticiaonline.com.br\/site\/#organization","name":"A Not\u00edcia Online","description":"Noticias de Muria\u00e9 e regi\u00e3o","url":"https:\/\/anoticiaonline.com.br\/site\/","logo":{"@type":"ImageObject","url":"https:\/\/scontent-gig4-1.xx.fbcdn.net\/v\/t39.30808-1\/270437624_4564083193639691_6907940295614233970_n.jpg?stp=dst-jpg_s200x200_tt6&_nc_cat=111&ccb=1-7&_nc_sid=f907e8&_nc_ohc=SM1wRlP3lJwQ7kNvwEPuBYA&_nc_oc=AdnqrjDN_BNjSSHWO-GbkIWH6fkGMLw4bqvL_NH6e2wMveX7G-rP2dAqsDSq1mJMOaY&_nc_zt=24&_nc_ht=scontent-gig4-1.xx&_nc_gid=AoBFJeGrT1hVaew_6rchkQ&oh=00_AfX7QmFGhQhG2jAllVgXCiM1ZrWgvtp80-Bfppyexh1QEg&oe=689E923C","@id":"https:\/\/anoticiaonline.com.br\/site\/iniciados-os-voos-do-projeto-de-integracao-regional-aerea\/#organizationLogo"},"image":{"@id":"https:\/\/anoticiaonline.com.br\/site\/iniciados-os-voos-do-projeto-de-integracao-regional-aerea\/#organizationLogo"}},{"@type":"Person","@id":"https:\/\/anoticiaonline.com.br\/site\/author\/juliana\/#author","url":"https:\/\/anoticiaonline.com.br\/site\/author\/juliana\/","name":"Juliana Laviola","image":{"@type":"ImageObject","@id":"https:\/\/anoticiaonline.com.br\/site\/iniciados-os-voos-do-projeto-de-integracao-regional-aerea\/#authorImage","url":"https:\/\/secure.gravatar.com\/avatar\/b8d45f5c699b100dfaf0e543582f38f38bf94cb7ae3a5e9abf8d891a34773335?s=96&d=mm&r=g","width":96,"height":96,"caption":"Juliana Laviola"}},{"@type":"WebPage","@id":"https:\/\/anoticiaonline.com.br\/site\/iniciados-os-voos-do-projeto-de-integracao-regional-aerea\/#webpage","url":"https:\/\/anoticiaonline.com.br\/site\/iniciados-os-voos-do-projeto-de-integracao-regional-aerea\/","name":"Iniciados os voos do projeto de integra\u00e7\u00e3o regional a\u00e9rea - A Not\u00edcia Online","description":"O governo de Minas Gerais, por meio da Companhia de Desenvolvimento Econ\u00f4mico de Minas Gerais (Codemig) e da Secretaria de Estado de Transportes e Obras P\u00fablicas (Setop), iniciou nesta quarta-feira (17) a implementa\u00e7\u00e3o do Projeto de Integra\u00e7\u00e3o Regional de Minas Gerais - Modal A\u00e9reo (Pirma). A partir de agora, ser\u00e3o oferecidos 60 voos por semana,","inLanguage":"pt-BR","isPartOf":{"@id":"https:\/\/anoticiaonline.com.br\/site\/#website"},"breadcrumb":{"@id":"https:\/\/anoticiaonline.com.br\/site\/iniciados-os-voos-do-projeto-de-integracao-regional-aerea\/#breadcrumblist"},"author":{"@id":"https:\/\/anoticiaonline.com.br\/site\/author\/juliana\/#author"},"creator":{"@id":"https:\/\/anoticiaonline.com.br\/site\/author\/juliana\/#author"},"image":{"@type":"ImageObject","url":"https:\/\/anoticiaonline.com.br\/site\/wp-content\/uploads\/2016\/08\/Iniciados-os-voos-do-projeto-de-integra\u00e7\u00e3o-regional-a\u00e9rea.jpg","@id":"https:\/\/anoticiaonline.com.br\/site\/iniciados-os-voos-do-projeto-de-integracao-regional-aerea\/#mainImage","width":640,"height":524,"caption":"Foto: Divulga\u00e7\u00e3o\/Codemig"},"primaryImageOfPage":{"@id":"https:\/\/anoticiaonline.com.br\/site\/iniciados-os-voos-do-projeto-de-integracao-regional-aerea\/#mainImage"},"datePublished":"2016-08-17T14:57:50-03:00","dateModified":"2016-08-17T14:57:50-03:00"},{"@type":"WebSite","@id":"https:\/\/anoticiaonline.com.br\/site\/#website","url":"https:\/\/anoticiaonline.com.br\/site\/","name":"A Not\u00edcia Online","description":"Noticias de Muria\u00e9 e regi\u00e3o","inLanguage":"pt-BR","publisher":{"@id":"https:\/\/anoticiaonline.com.br\/site\/#organization"}}]},"og:locale":"pt_BR","og:site_name":"A Not\u00edcia Online - Noticias de Muria\u00e9 e regi\u00e3o","og:type":"article","og:title":"Iniciados os voos do projeto de integra\u00e7\u00e3o regional a\u00e9rea - A Not\u00edcia Online","og:description":"O governo de Minas Gerais, por meio da Companhia de Desenvolvimento Econ\u00f4mico de Minas Gerais (Codemig) e da Secretaria de Estado de Transportes e Obras P\u00fablicas (Setop), iniciou nesta quarta-feira (17) a implementa\u00e7\u00e3o do Projeto de Integra\u00e7\u00e3o Regional de Minas Gerais - Modal A\u00e9reo (Pirma). A partir de agora, ser\u00e3o oferecidos 60 voos por semana,","og:url":"https:\/\/anoticiaonline.com.br\/site\/iniciados-os-voos-do-projeto-de-integracao-regional-aerea\/","og:image":"https:\/\/scontent-gig4-1.xx.fbcdn.net\/v\/t39.30808-1\/270437624_4564083193639691_6907940295614233970_n.jpg?stp=dst-jpg_s200x200_tt6&#038;_nc_cat=111&#038;ccb=1-7&#038;_nc_sid=f907e8&#038;_nc_ohc=SM1wRlP3lJwQ7kNvwEPuBYA&#038;_nc_oc=AdnqrjDN_BNjSSHWO-GbkIWH6fkGMLw4bqvL_NH6e2wMveX7G-rP2dAqsDSq1mJMOaY&#038;_nc_zt=24&#038;_nc_ht=scontent-gig4-1.xx&#038;_nc_gid=AoBFJeGrT1hVaew_6rchkQ&#038;oh=00_AfX7QmFGhQhG2jAllVgXCiM1ZrWgvtp80-Bfppyexh1QEg&#038;oe=689E923C","og:image:secure_url":"https:\/\/scontent-gig4-1.xx.fbcdn.net\/v\/t39.30808-1\/270437624_4564083193639691_6907940295614233970_n.jpg?stp=dst-jpg_s200x200_tt6&#038;_nc_cat=111&#038;ccb=1-7&#038;_nc_sid=f907e8&#038;_nc_ohc=SM1wRlP3lJwQ7kNvwEPuBYA&#038;_nc_oc=AdnqrjDN_BNjSSHWO-GbkIWH6fkGMLw4bqvL_NH6e2wMveX7G-rP2dAqsDSq1mJMOaY&#038;_nc_zt=24&#038;_nc_ht=scontent-gig4-1.xx&#038;_nc_gid=AoBFJeGrT1hVaew_6rchkQ&#038;oh=00_AfX7QmFGhQhG2jAllVgXCiM1ZrWgvtp80-Bfppyexh1QEg&#038;oe=689E923C","article:published_time":"2016-08-17T17:57:50+00:00","article:modified_time":"2016-08-17T17:57:50+00:00","twitter:card":"summary_large_image","twitter:title":"Iniciados os voos do projeto de integra\u00e7\u00e3o regional a\u00e9rea - A Not\u00edcia Online","twitter:description":"O governo de Minas Gerais, por meio da Companhia de Desenvolvimento Econ\u00f4mico de Minas Gerais (Codemig) e da Secretaria de Estado de Transportes e Obras P\u00fablicas (Setop), iniciou nesta quarta-feira (17) a implementa\u00e7\u00e3o do Projeto de Integra\u00e7\u00e3o Regional de Minas Gerais - Modal A\u00e9reo (Pirma). A partir de agora, ser\u00e3o oferecidos 60 voos por semana,","twitter:image":"https:\/\/scontent-gig4-1.xx.fbcdn.net\/v\/t39.30808-1\/270437624_4564083193639691_6907940295614233970_n.jpg?stp=dst-jpg_s200x200_tt6&_nc_cat=111&ccb=1-7&_nc_sid=f907e8&_nc_ohc=SM1wRlP3lJwQ7kNvwEPuBYA&_nc_oc=AdnqrjDN_BNjSSHWO-GbkIWH6fkGMLw4bqvL_NH6e2wMveX7G-rP2dAqsDSq1mJMOaY&_nc_zt=24&_nc_ht=scontent-gig4-1.xx&_nc_gid=AoBFJeGrT1hVaew_6rchkQ&oh=00_AfX7QmFGhQhG2jAllVgXCiM1ZrWgvtp80-Bfppyexh1QEg&oe=689E923C"},"aioseo_meta_data":{"post_id":"16918","title":null,"description":null,"keywords":null,"keyphrases":null,"primary_term":null,"canonical_url":null,"og_title":null,"og_description":null,"og_object_type":"default","og_image_type":"default","og_image_url":null,"og_image_width":null,"og_image_height":null,"og_image_custom_url":null,"og_image_custom_fields":null,"og_video":null,"og_custom_url":null,"og_article_section":null,"og_article_tags":null,"twitter_use_og":false,"twitter_card":"default","twitter_image_type":"default","twitter_image_url":null,"twitter_image_custom_url":null,"twitter_image_custom_fields":null,"twitter_title":null,"twitter_description":null,"schema":{"blockGraphs":[],"customGraphs":[],"default":{"data":{"Article":[],"Course":[],"Dataset":[],"FAQPage":[],"Movie":[],"Person":[],"Product":[],"ProductReview":[],"Car":[],"Recipe":[],"Service":[],"SoftwareApplication":[],"WebPage":[]},"graphName":"","isEnabled":true},"graphs":[]},"schema_type":"default","schema_type_options":null,"pillar_content":false,"robots_default":true,"robots_noindex":false,"robots_noarchive":false,"robots_nosnippet":false,"robots_nofollow":false,"robots_noimageindex":false,"robots_noodp":false,"robots_notranslate":false,"robots_max_snippet":null,"robots_max_videopreview":null,"robots_max_imagepreview":"large","priority":null,"frequency":null,"local_seo":null,"breadcrumb_settings":null,"limit_modified_date":false,"ai":null,"created":"2025-08-16 16:37:43","updated":"2025-08-16 16:37:43","focus_keyword":null,"additional_keywords":null,"truseo_locale":null,"seo_analyzer_scan_date":null},"aioseo_breadcrumb":"<div class=\"aioseo-breadcrumbs\"><span class=\"aioseo-breadcrumb\">\n\t\t\t<a href=\"https:\/\/anoticiaonline.com.br\/site\" title=\"Home\">Home<\/a>\n\t\t<\/span><span class=\"aioseo-breadcrumb-separator\">&raquo;<\/span><span class=\"aioseo-breadcrumb\">\n\t\t\t<a href=\"https:\/\/anoticiaonline.com.br\/site\/categoria\/gerais\/\" title=\"Gerais\">Gerais<\/a>\n\t\t<\/span><span class=\"aioseo-breadcrumb-separator\">&raquo;<\/span><span class=\"aioseo-breadcrumb\">\n\t\t\tIniciados os voos do projeto de integra\u00e7\u00e3o regional a\u00e9rea\n\t\t<\/span><\/div>","aioseo_breadcrumb_json":[{"label":"Home","link":"https:\/\/anoticiaonline.com.br\/site"},{"label":"Gerais","link":"https:\/\/anoticiaonline.com.br\/site\/categoria\/gerais\/"},{"label":"Iniciados os voos do projeto de integra\u00e7\u00e3o regional a\u00e9rea","link":"https:\/\/anoticiaonline.com.br\/site\/iniciados-os-voos-do-projeto-de-integracao-regional-aerea\/"}],"views":139,"_links":{"self":[{"href":"https:\/\/anoticiaonline.com.br\/site\/wp-json\/wp\/v2\/posts\/16918","targetHints":{"allow":["GET"]}}],"collection":[{"href":"https:\/\/anoticiaonline.com.br\/site\/wp-json\/wp\/v2\/posts"}],"about":[{"href":"https:\/\/anoticiaonline.com.br\/site\/wp-json\/wp\/v2\/types\/post"}],"author":[{"embeddable":true,"href":"https:\/\/anoticiaonline.com.br\/site\/wp-json\/wp\/v2\/users\/2"}],"replies":[{"embeddable":true,"href":"https:\/\/anoticiaonline.com.br\/site\/wp-json\/wp\/v2\/comments?post=16918"}],"version-history":[{"count":0,"href":"https:\/\/anoticiaonline.com.br\/site\/wp-json\/wp\/v2\/posts\/16918\/revisions"}],"wp:featuredmedia":[{"embeddable":true,"href":"https:\/\/anoticiaonline.com.br\/site\/wp-json\/wp\/v2\/media\/16919"}],"wp:attachment":[{"href":"https:\/\/anoticiaonline.com.br\/site\/wp-json\/wp\/v2\/media?parent=16918"}],"wp:term":[{"taxonomy":"category","embeddable":true,"href":"https:\/\/anoticiaonline.com.br\/site\/wp-json\/wp\/v2\/categories?post=16918"},{"taxonomy":"post_tag","embeddable":true,"href":"https:\/\/anoticiaonline.com.br\/site\/wp-json\/wp\/v2\/tags?post=16918"}],"curies":[{"name":"wp","href":"https:\/\/api.w.org\/{rel}","templated":true}]}}