{"id":16880,"date":"2016-08-15T09:15:02","date_gmt":"2016-08-15T12:15:02","guid":{"rendered":"http:\/\/anoticiaonline.com.br\/site\/?p=16880"},"modified":"2016-08-15T09:15:02","modified_gmt":"2016-08-15T12:15:02","slug":"cobrindo-a-multidao-de-pecados","status":"publish","type":"post","link":"https:\/\/anoticiaonline.com.br\/site\/cobrindo-a-multidao-de-pecados\/","title":{"rendered":"Cobrindo a multid\u00e3o de pecados!"},"content":{"rendered":"<p><strong>O amor \u00e9 fonte inexaur\u00edvel de b\u00ean\u00e7\u00e3os e medicamento eficaz para curar feridas<\/strong><\/p>\n<p><em>\u201c\u00c9 sabido que podemos evoluir pela dor ou pelo amor, todavia, \u00e9 quase\u00a0 invariavelmente certo aprendermos atrav\u00e9s da dor, a pr\u00e1tica do amor\u201d. &#8211; V\u00e2nia Pereira Nunes<\/em><\/p>\n<p>A &#8220;Pedra Filosofal&#8221; que na Idade M\u00e9dia a alquimia considerava &#8220;milagrosa&#8221; para a cura de todos os males \u2012 na verdade \u2012 existe: \u00e9 o amor!&#8230;<\/p>\n<p>Jesus o propagou em prosa e atos, sendo, emp\u00f3s, seguido por v\u00e1rios vexil\u00e1rios desse sentimento maior que deixaram na Terra as suas pegadas luminosas&#8230;<\/p>\n<p>O amor \u00e9 o resumo e a base da filosofia crist\u00e3. Os disc\u00edpulos do Cristo assimilaram t\u00e3o bem essa realidade que Sim\u00e3o Pedro chegou a afirmar : \u201co amor\u00a0 cobre\u00a0 a multid\u00e3o de pecados&#8221;. J\u00e1 Paulo de Tarso declarou ser o amor algo mais excelente do que a f\u00e9 e a esperan\u00e7a&#8230;<\/p>\n<p>Joanna de \u00c2ngelis, a nobre Mentora Espiritual do m\u00e9dium baiano Divaldo Pereira Franco afirma\u00a0 estar &#8220;(&#8230;) no amor a causa primeira de todas as coisas, porquanto\u00a0 a\u00a0 Cria\u00e7\u00e3o \u00e9 um ato de amor. No amor se\u00a0 iniciam\u00a0 e findam todas as ambi\u00e7\u00f5es, encontrando-se respostas para todas\u00a0 as situa\u00e7\u00f5es da problem\u00e1tica moral e humana&#8221;, acrescentando em outra oportunidade\u00a0 que &#8220;o amor \u00e9 fonte inexaur\u00edvel de b\u00ean\u00e7\u00e3os e medicamento eficaz para curar as feridas do sentimento\u201d.<\/p>\n<p>A sabedoria e o amor s\u00e3o as duas asas\u00a0 da reden\u00e7\u00e3o espiritual \u2012 diz Emmanuel \u2012 e completa : &#8220;sem\u00a0 sabedoria n\u00e3o h\u00e1 caminho, sem amor n\u00e3o h\u00e1 luz!&#8230;&#8221;<\/p>\n<p>Coerente com este Benfeitor aduz Meimei (Esp\u00edrito) : \u201cs\u00f3 o amor atravessa as paredes compactas do c\u00e1rcere em que a ignor\u00e2ncia se agrilhoa \u00e0 mis\u00e9ria, conduzindo aos antros sombrios de nossos velhos d\u00e9bitos a santificante claridade da liberta\u00e7\u00e3o\u201d.<\/p>\n<p>Estudemos a Doutrina dos Esp\u00edritos em profundidade para melhor alcan\u00e7armos o verdadeiro \u201cesp\u00edrito\u201d do Evangelho ensinado por Jesus, que se traduz nas mais variadas express\u00f5es do amor incondicional. S\u00f3 assim poderemos compreender o porqu\u00ea de, j\u00e1 velhinho e sem for\u00e7as para mais largas fun\u00e7\u00f5es na Seara do Mestre, insistir o \u201cDisc\u00edpulo Amado\u201d :\u201cmeus filhinhos, amai-vos uns aos outros\u201d, e tamb\u00e9m o motivo pelo qual Jesus proclamou:\u201cque vos ameis uns aos outros, assim como eu vos amei\u201d.\u00a0\u00a0\u00a0\u00a0\u00a0\u00a0\u00a0\u00a0\u00a0\u00a0\u00a0\u00a0\u00a0\u00a0\u00a0\u00a0\u00a0\u00a0\u00a0\u00a0\u00a0\u00a0\u00a0\u00a0\u00a0\u00a0\u00a0 \u25a0<\/p>\n","protected":false},"excerpt":{"rendered":"<p>O amor \u00e9 fonte inexaur\u00edvel de b\u00ean\u00e7\u00e3os e medicamento eficaz para curar feridas \u201c\u00c9 sabido que podemos evoluir pela dor ou pelo amor, todavia, \u00e9 quase\u00a0 invariavelmente certo aprendermos atrav\u00e9s da dor, a pr\u00e1tica do amor\u201d. &#8211; V\u00e2nia Pereira Nunes A &#8220;Pedra Filosofal&#8221; que na Idade M\u00e9dia a alquimia considerava &#8220;milagrosa&#8221; para a cura de &#8230; <a title=\"Cobrindo a multid\u00e3o de pecados!\" class=\"read-more\" href=\"https:\/\/anoticiaonline.com.br\/site\/cobrindo-a-multidao-de-pecados\/\" aria-label=\"Read more about Cobrindo a multid\u00e3o de pecados!\">Ler mais<\/a><\/p>\n","protected":false},"author":2,"featured_media":0,"comment_status":"open","ping_status":"open","sticky":false,"template":"","format":"standard","meta":{"_acf_changed":false,"_monsterinsights_skip_tracking":false,"footnotes":""},"categories":[44],"tags":[],"class_list":["post-16880","post","type-post","status-publish","format-standard","hentry","category-espiritismo-em-foco-de-rogerio-coelho"],"acf":[],"aioseo_notices":[],"aioseo_head":"\n\t\t<!-- All in One SEO 5.0.0.1 - aioseo.com -->\n\t<meta name=\"description\" content=\"O amor \u00e9 fonte inexaur\u00edvel de b\u00ean\u00e7\u00e3os e medicamento eficaz para curar feridas \u201c\u00c9 sabido que podemos evoluir pela dor ou pelo amor, todavia, \u00e9 quase invariavelmente certo aprendermos atrav\u00e9s da dor, a pr\u00e1tica do amor\u201d. - V\u00e2nia Pereira Nunes A &quot;Pedra Filosofal&quot; que na Idade M\u00e9dia a alquimia considerava &quot;milagrosa&quot; para a cura de\" \/>\n\t<meta name=\"robots\" content=\"max-image-preview:large\" \/>\n\t<meta name=\"author\" content=\"Juliana Laviola\"\/>\n\t<link rel=\"canonical\" href=\"https:\/\/anoticiaonline.com.br\/site\/cobrindo-a-multidao-de-pecados\/\" \/>\n\t<meta name=\"generator\" content=\"All in One SEO (AIOSEO) 5.0.0.1\" \/>\n\t\t<meta property=\"og:locale\" content=\"pt_BR\" \/>\n\t\t<meta property=\"og:site_name\" content=\"A Not\u00edcia Online - Noticias de Muria\u00e9 e regi\u00e3o\" \/>\n\t\t<meta property=\"og:type\" content=\"article\" \/>\n\t\t<meta property=\"og:title\" content=\"Cobrindo a multid\u00e3o de pecados! - A Not\u00edcia Online\" \/>\n\t\t<meta property=\"og:description\" content=\"O amor \u00e9 fonte inexaur\u00edvel de b\u00ean\u00e7\u00e3os e medicamento eficaz para curar feridas \u201c\u00c9 sabido que podemos evoluir pela dor ou pelo amor, todavia, \u00e9 quase invariavelmente certo aprendermos atrav\u00e9s da dor, a pr\u00e1tica do amor\u201d. - V\u00e2nia Pereira Nunes A &quot;Pedra Filosofal&quot; que na Idade M\u00e9dia a alquimia considerava &quot;milagrosa&quot; para a cura de\" \/>\n\t\t<meta property=\"og:url\" content=\"https:\/\/anoticiaonline.com.br\/site\/cobrindo-a-multidao-de-pecados\/\" \/>\n\t\t<meta property=\"og:image\" content=\"https:\/\/scontent-gig4-1.xx.fbcdn.net\/v\/t39.30808-1\/270437624_4564083193639691_6907940295614233970_n.jpg?stp=dst-jpg_s200x200_tt6&#038;_nc_cat=111&#038;ccb=1-7&#038;_nc_sid=f907e8&#038;_nc_ohc=SM1wRlP3lJwQ7kNvwEPuBYA&#038;_nc_oc=AdnqrjDN_BNjSSHWO-GbkIWH6fkGMLw4bqvL_NH6e2wMveX7G-rP2dAqsDSq1mJMOaY&#038;_nc_zt=24&#038;_nc_ht=scontent-gig4-1.xx&#038;_nc_gid=AoBFJeGrT1hVaew_6rchkQ&#038;oh=00_AfX7QmFGhQhG2jAllVgXCiM1ZrWgvtp80-Bfppyexh1QEg&#038;oe=689E923C\" \/>\n\t\t<meta property=\"og:image:secure_url\" content=\"https:\/\/scontent-gig4-1.xx.fbcdn.net\/v\/t39.30808-1\/270437624_4564083193639691_6907940295614233970_n.jpg?stp=dst-jpg_s200x200_tt6&#038;_nc_cat=111&#038;ccb=1-7&#038;_nc_sid=f907e8&#038;_nc_ohc=SM1wRlP3lJwQ7kNvwEPuBYA&#038;_nc_oc=AdnqrjDN_BNjSSHWO-GbkIWH6fkGMLw4bqvL_NH6e2wMveX7G-rP2dAqsDSq1mJMOaY&#038;_nc_zt=24&#038;_nc_ht=scontent-gig4-1.xx&#038;_nc_gid=AoBFJeGrT1hVaew_6rchkQ&#038;oh=00_AfX7QmFGhQhG2jAllVgXCiM1ZrWgvtp80-Bfppyexh1QEg&#038;oe=689E923C\" \/>\n\t\t<meta property=\"article:published_time\" content=\"2016-08-15T12:15:02+00:00\" \/>\n\t\t<meta property=\"article:modified_time\" content=\"2016-08-15T12:15:02+00:00\" \/>\n\t\t<meta name=\"twitter:card\" content=\"summary_large_image\" \/>\n\t\t<meta name=\"twitter:title\" content=\"Cobrindo a multid\u00e3o de pecados! - A Not\u00edcia Online\" \/>\n\t\t<meta name=\"twitter:description\" content=\"O amor \u00e9 fonte inexaur\u00edvel de b\u00ean\u00e7\u00e3os e medicamento eficaz para curar feridas \u201c\u00c9 sabido que podemos evoluir pela dor ou pelo amor, todavia, \u00e9 quase invariavelmente certo aprendermos atrav\u00e9s da dor, a pr\u00e1tica do amor\u201d. - V\u00e2nia Pereira Nunes A &quot;Pedra Filosofal&quot; que na Idade M\u00e9dia a alquimia considerava &quot;milagrosa&quot; para a cura de\" \/>\n\t\t<meta name=\"twitter:image\" content=\"https:\/\/scontent-gig4-1.xx.fbcdn.net\/v\/t39.30808-1\/270437624_4564083193639691_6907940295614233970_n.jpg?stp=dst-jpg_s200x200_tt6&amp;_nc_cat=111&amp;ccb=1-7&amp;_nc_sid=f907e8&amp;_nc_ohc=SM1wRlP3lJwQ7kNvwEPuBYA&amp;_nc_oc=AdnqrjDN_BNjSSHWO-GbkIWH6fkGMLw4bqvL_NH6e2wMveX7G-rP2dAqsDSq1mJMOaY&amp;_nc_zt=24&amp;_nc_ht=scontent-gig4-1.xx&amp;_nc_gid=AoBFJeGrT1hVaew_6rchkQ&amp;oh=00_AfX7QmFGhQhG2jAllVgXCiM1ZrWgvtp80-Bfppyexh1QEg&amp;oe=689E923C\" \/>\n\t\t<script type=\"application\/ld+json\" class=\"aioseo-schema\">\n\t\t\t{\"@context\":\"https:\\\/\\\/schema.org\",\"@graph\":[{\"@type\":\"BlogPosting\",\"@id\":\"https:\\\/\\\/anoticiaonline.com.br\\\/site\\\/cobrindo-a-multidao-de-pecados\\\/#blogposting\",\"name\":\"Cobrindo a multid\\u00e3o de pecados! - A Not\\u00edcia Online\",\"headline\":\"Cobrindo a multid\\u00e3o de pecados!\",\"author\":{\"@id\":\"https:\\\/\\\/anoticiaonline.com.br\\\/site\\\/author\\\/juliana\\\/#author\"},\"publisher\":{\"@id\":\"https:\\\/\\\/anoticiaonline.com.br\\\/site\\\/#organization\"},\"image\":{\"@type\":\"ImageObject\",\"url\":\"https:\\\/\\\/scontent-gig4-1.xx.fbcdn.net\\\/v\\\/t39.30808-1\\\/270437624_4564083193639691_6907940295614233970_n.jpg?stp=dst-jpg_s200x200_tt6&_nc_cat=111&ccb=1-7&_nc_sid=f907e8&_nc_ohc=SM1wRlP3lJwQ7kNvwEPuBYA&_nc_oc=AdnqrjDN_BNjSSHWO-GbkIWH6fkGMLw4bqvL_NH6e2wMveX7G-rP2dAqsDSq1mJMOaY&_nc_zt=24&_nc_ht=scontent-gig4-1.xx&_nc_gid=AoBFJeGrT1hVaew_6rchkQ&oh=00_AfX7QmFGhQhG2jAllVgXCiM1ZrWgvtp80-Bfppyexh1QEg&oe=689E923C\",\"@id\":\"https:\\\/\\\/anoticiaonline.com.br\\\/site\\\/#articleImage\"},\"datePublished\":\"2016-08-15T09:15:02-03:00\",\"dateModified\":\"2016-08-15T09:15:02-03:00\",\"inLanguage\":\"pt-BR\",\"mainEntityOfPage\":{\"@id\":\"https:\\\/\\\/anoticiaonline.com.br\\\/site\\\/cobrindo-a-multidao-de-pecados\\\/#webpage\"},\"isPartOf\":{\"@id\":\"https:\\\/\\\/anoticiaonline.com.br\\\/site\\\/cobrindo-a-multidao-de-pecados\\\/#webpage\"},\"articleSection\":\"Espiritismo em Foco, por Rog\\u00e9rio Coelho\"},{\"@type\":\"BreadcrumbList\",\"@id\":\"https:\\\/\\\/anoticiaonline.com.br\\\/site\\\/cobrindo-a-multidao-de-pecados\\\/#breadcrumblist\",\"itemListElement\":[{\"@type\":\"ListItem\",\"@id\":\"https:\\\/\\\/anoticiaonline.com.br\\\/site#listItem\",\"position\":1,\"name\":\"Home\",\"item\":\"https:\\\/\\\/anoticiaonline.com.br\\\/site\",\"nextItem\":{\"@type\":\"ListItem\",\"@id\":\"https:\\\/\\\/anoticiaonline.com.br\\\/site\\\/categoria\\\/colunistas\\\/#listItem\",\"name\":\"Colunistas\"}},{\"@type\":\"ListItem\",\"@id\":\"https:\\\/\\\/anoticiaonline.com.br\\\/site\\\/categoria\\\/colunistas\\\/#listItem\",\"position\":2,\"name\":\"Colunistas\",\"item\":\"https:\\\/\\\/anoticiaonline.com.br\\\/site\\\/categoria\\\/colunistas\\\/\",\"nextItem\":{\"@type\":\"ListItem\",\"@id\":\"https:\\\/\\\/anoticiaonline.com.br\\\/site\\\/categoria\\\/colunistas\\\/espiritismo-em-foco-de-rogerio-coelho\\\/#listItem\",\"name\":\"Espiritismo em Foco, por Rog\\u00e9rio Coelho\"},\"previousItem\":{\"@type\":\"ListItem\",\"@id\":\"https:\\\/\\\/anoticiaonline.com.br\\\/site#listItem\",\"name\":\"Home\"}},{\"@type\":\"ListItem\",\"@id\":\"https:\\\/\\\/anoticiaonline.com.br\\\/site\\\/categoria\\\/colunistas\\\/espiritismo-em-foco-de-rogerio-coelho\\\/#listItem\",\"position\":3,\"name\":\"Espiritismo em Foco, por Rog\\u00e9rio Coelho\",\"item\":\"https:\\\/\\\/anoticiaonline.com.br\\\/site\\\/categoria\\\/colunistas\\\/espiritismo-em-foco-de-rogerio-coelho\\\/\",\"nextItem\":{\"@type\":\"ListItem\",\"@id\":\"https:\\\/\\\/anoticiaonline.com.br\\\/site\\\/cobrindo-a-multidao-de-pecados\\\/#listItem\",\"name\":\"Cobrindo a multid\\u00e3o de pecados!\"},\"previousItem\":{\"@type\":\"ListItem\",\"@id\":\"https:\\\/\\\/anoticiaonline.com.br\\\/site\\\/categoria\\\/colunistas\\\/#listItem\",\"name\":\"Colunistas\"}},{\"@type\":\"ListItem\",\"@id\":\"https:\\\/\\\/anoticiaonline.com.br\\\/site\\\/cobrindo-a-multidao-de-pecados\\\/#listItem\",\"position\":4,\"name\":\"Cobrindo a multid\\u00e3o de pecados!\",\"previousItem\":{\"@type\":\"ListItem\",\"@id\":\"https:\\\/\\\/anoticiaonline.com.br\\\/site\\\/categoria\\\/colunistas\\\/espiritismo-em-foco-de-rogerio-coelho\\\/#listItem\",\"name\":\"Espiritismo em Foco, por Rog\\u00e9rio Coelho\"}}]},{\"@type\":\"Organization\",\"@id\":\"https:\\\/\\\/anoticiaonline.com.br\\\/site\\\/#organization\",\"name\":\"A Not\\u00edcia Online\",\"description\":\"Noticias de Muria\\u00e9 e regi\\u00e3o\",\"url\":\"https:\\\/\\\/anoticiaonline.com.br\\\/site\\\/\",\"logo\":{\"@type\":\"ImageObject\",\"url\":\"https:\\\/\\\/scontent-gig4-1.xx.fbcdn.net\\\/v\\\/t39.30808-1\\\/270437624_4564083193639691_6907940295614233970_n.jpg?stp=dst-jpg_s200x200_tt6&_nc_cat=111&ccb=1-7&_nc_sid=f907e8&_nc_ohc=SM1wRlP3lJwQ7kNvwEPuBYA&_nc_oc=AdnqrjDN_BNjSSHWO-GbkIWH6fkGMLw4bqvL_NH6e2wMveX7G-rP2dAqsDSq1mJMOaY&_nc_zt=24&_nc_ht=scontent-gig4-1.xx&_nc_gid=AoBFJeGrT1hVaew_6rchkQ&oh=00_AfX7QmFGhQhG2jAllVgXCiM1ZrWgvtp80-Bfppyexh1QEg&oe=689E923C\",\"@id\":\"https:\\\/\\\/anoticiaonline.com.br\\\/site\\\/cobrindo-a-multidao-de-pecados\\\/#organizationLogo\"},\"image\":{\"@id\":\"https:\\\/\\\/anoticiaonline.com.br\\\/site\\\/cobrindo-a-multidao-de-pecados\\\/#organizationLogo\"}},{\"@type\":\"Person\",\"@id\":\"https:\\\/\\\/anoticiaonline.com.br\\\/site\\\/author\\\/juliana\\\/#author\",\"url\":\"https:\\\/\\\/anoticiaonline.com.br\\\/site\\\/author\\\/juliana\\\/\",\"name\":\"Juliana Laviola\",\"image\":{\"@type\":\"ImageObject\",\"@id\":\"https:\\\/\\\/anoticiaonline.com.br\\\/site\\\/cobrindo-a-multidao-de-pecados\\\/#authorImage\",\"url\":\"https:\\\/\\\/secure.gravatar.com\\\/avatar\\\/b8d45f5c699b100dfaf0e543582f38f38bf94cb7ae3a5e9abf8d891a34773335?s=96&d=mm&r=g\",\"width\":96,\"height\":96,\"caption\":\"Juliana Laviola\"}},{\"@type\":\"WebPage\",\"@id\":\"https:\\\/\\\/anoticiaonline.com.br\\\/site\\\/cobrindo-a-multidao-de-pecados\\\/#webpage\",\"url\":\"https:\\\/\\\/anoticiaonline.com.br\\\/site\\\/cobrindo-a-multidao-de-pecados\\\/\",\"name\":\"Cobrindo a multid\\u00e3o de pecados! - A Not\\u00edcia Online\",\"description\":\"O amor \\u00e9 fonte inexaur\\u00edvel de b\\u00ean\\u00e7\\u00e3os e medicamento eficaz para curar feridas \\u201c\\u00c9 sabido que podemos evoluir pela dor ou pelo amor, todavia, \\u00e9 quase invariavelmente certo aprendermos atrav\\u00e9s da dor, a pr\\u00e1tica do amor\\u201d. - V\\u00e2nia Pereira Nunes A \\\"Pedra Filosofal\\\" que na Idade M\\u00e9dia a alquimia considerava \\\"milagrosa\\\" para a cura de\",\"inLanguage\":\"pt-BR\",\"isPartOf\":{\"@id\":\"https:\\\/\\\/anoticiaonline.com.br\\\/site\\\/#website\"},\"breadcrumb\":{\"@id\":\"https:\\\/\\\/anoticiaonline.com.br\\\/site\\\/cobrindo-a-multidao-de-pecados\\\/#breadcrumblist\"},\"author\":{\"@id\":\"https:\\\/\\\/anoticiaonline.com.br\\\/site\\\/author\\\/juliana\\\/#author\"},\"creator\":{\"@id\":\"https:\\\/\\\/anoticiaonline.com.br\\\/site\\\/author\\\/juliana\\\/#author\"},\"datePublished\":\"2016-08-15T09:15:02-03:00\",\"dateModified\":\"2016-08-15T09:15:02-03:00\"},{\"@type\":\"WebSite\",\"@id\":\"https:\\\/\\\/anoticiaonline.com.br\\\/site\\\/#website\",\"url\":\"https:\\\/\\\/anoticiaonline.com.br\\\/site\\\/\",\"name\":\"A Not\\u00edcia Online\",\"description\":\"Noticias de Muria\\u00e9 e regi\\u00e3o\",\"inLanguage\":\"pt-BR\",\"publisher\":{\"@id\":\"https:\\\/\\\/anoticiaonline.com.br\\\/site\\\/#organization\"}}]}\n\t\t<\/script>\n\t\t<!-- All in One SEO -->\n\n","aioseo_head_json":{"title":"Cobrindo a multid\u00e3o de pecados! - A Not\u00edcia Online","description":"O amor \u00e9 fonte inexaur\u00edvel de b\u00ean\u00e7\u00e3os e medicamento eficaz para curar feridas \u201c\u00c9 sabido que podemos evoluir pela dor ou pelo amor, todavia, \u00e9 quase invariavelmente certo aprendermos atrav\u00e9s da dor, a pr\u00e1tica do amor\u201d. - V\u00e2nia Pereira Nunes A \"Pedra Filosofal\" que na Idade M\u00e9dia a alquimia considerava \"milagrosa\" para a cura de","canonical_url":"https:\/\/anoticiaonline.com.br\/site\/cobrindo-a-multidao-de-pecados\/","robots":"max-image-preview:large","keywords":"","webmasterTools":{"miscellaneous":""},"schema":{"@context":"https:\/\/schema.org","@graph":[{"@type":"BlogPosting","@id":"https:\/\/anoticiaonline.com.br\/site\/cobrindo-a-multidao-de-pecados\/#blogposting","name":"Cobrindo a multid\u00e3o de pecados! - A Not\u00edcia Online","headline":"Cobrindo a multid\u00e3o de pecados!","author":{"@id":"https:\/\/anoticiaonline.com.br\/site\/author\/juliana\/#author"},"publisher":{"@id":"https:\/\/anoticiaonline.com.br\/site\/#organization"},"image":{"@type":"ImageObject","url":"https:\/\/scontent-gig4-1.xx.fbcdn.net\/v\/t39.30808-1\/270437624_4564083193639691_6907940295614233970_n.jpg?stp=dst-jpg_s200x200_tt6&_nc_cat=111&ccb=1-7&_nc_sid=f907e8&_nc_ohc=SM1wRlP3lJwQ7kNvwEPuBYA&_nc_oc=AdnqrjDN_BNjSSHWO-GbkIWH6fkGMLw4bqvL_NH6e2wMveX7G-rP2dAqsDSq1mJMOaY&_nc_zt=24&_nc_ht=scontent-gig4-1.xx&_nc_gid=AoBFJeGrT1hVaew_6rchkQ&oh=00_AfX7QmFGhQhG2jAllVgXCiM1ZrWgvtp80-Bfppyexh1QEg&oe=689E923C","@id":"https:\/\/anoticiaonline.com.br\/site\/#articleImage"},"datePublished":"2016-08-15T09:15:02-03:00","dateModified":"2016-08-15T09:15:02-03:00","inLanguage":"pt-BR","mainEntityOfPage":{"@id":"https:\/\/anoticiaonline.com.br\/site\/cobrindo-a-multidao-de-pecados\/#webpage"},"isPartOf":{"@id":"https:\/\/anoticiaonline.com.br\/site\/cobrindo-a-multidao-de-pecados\/#webpage"},"articleSection":"Espiritismo em Foco, por Rog\u00e9rio Coelho"},{"@type":"BreadcrumbList","@id":"https:\/\/anoticiaonline.com.br\/site\/cobrindo-a-multidao-de-pecados\/#breadcrumblist","itemListElement":[{"@type":"ListItem","@id":"https:\/\/anoticiaonline.com.br\/site#listItem","position":1,"name":"Home","item":"https:\/\/anoticiaonline.com.br\/site","nextItem":{"@type":"ListItem","@id":"https:\/\/anoticiaonline.com.br\/site\/categoria\/colunistas\/#listItem","name":"Colunistas"}},{"@type":"ListItem","@id":"https:\/\/anoticiaonline.com.br\/site\/categoria\/colunistas\/#listItem","position":2,"name":"Colunistas","item":"https:\/\/anoticiaonline.com.br\/site\/categoria\/colunistas\/","nextItem":{"@type":"ListItem","@id":"https:\/\/anoticiaonline.com.br\/site\/categoria\/colunistas\/espiritismo-em-foco-de-rogerio-coelho\/#listItem","name":"Espiritismo em Foco, por Rog\u00e9rio Coelho"},"previousItem":{"@type":"ListItem","@id":"https:\/\/anoticiaonline.com.br\/site#listItem","name":"Home"}},{"@type":"ListItem","@id":"https:\/\/anoticiaonline.com.br\/site\/categoria\/colunistas\/espiritismo-em-foco-de-rogerio-coelho\/#listItem","position":3,"name":"Espiritismo em Foco, por Rog\u00e9rio Coelho","item":"https:\/\/anoticiaonline.com.br\/site\/categoria\/colunistas\/espiritismo-em-foco-de-rogerio-coelho\/","nextItem":{"@type":"ListItem","@id":"https:\/\/anoticiaonline.com.br\/site\/cobrindo-a-multidao-de-pecados\/#listItem","name":"Cobrindo a multid\u00e3o de pecados!"},"previousItem":{"@type":"ListItem","@id":"https:\/\/anoticiaonline.com.br\/site\/categoria\/colunistas\/#listItem","name":"Colunistas"}},{"@type":"ListItem","@id":"https:\/\/anoticiaonline.com.br\/site\/cobrindo-a-multidao-de-pecados\/#listItem","position":4,"name":"Cobrindo a multid\u00e3o de pecados!","previousItem":{"@type":"ListItem","@id":"https:\/\/anoticiaonline.com.br\/site\/categoria\/colunistas\/espiritismo-em-foco-de-rogerio-coelho\/#listItem","name":"Espiritismo em Foco, por Rog\u00e9rio Coelho"}}]},{"@type":"Organization","@id":"https:\/\/anoticiaonline.com.br\/site\/#organization","name":"A Not\u00edcia Online","description":"Noticias de Muria\u00e9 e regi\u00e3o","url":"https:\/\/anoticiaonline.com.br\/site\/","logo":{"@type":"ImageObject","url":"https:\/\/scontent-gig4-1.xx.fbcdn.net\/v\/t39.30808-1\/270437624_4564083193639691_6907940295614233970_n.jpg?stp=dst-jpg_s200x200_tt6&_nc_cat=111&ccb=1-7&_nc_sid=f907e8&_nc_ohc=SM1wRlP3lJwQ7kNvwEPuBYA&_nc_oc=AdnqrjDN_BNjSSHWO-GbkIWH6fkGMLw4bqvL_NH6e2wMveX7G-rP2dAqsDSq1mJMOaY&_nc_zt=24&_nc_ht=scontent-gig4-1.xx&_nc_gid=AoBFJeGrT1hVaew_6rchkQ&oh=00_AfX7QmFGhQhG2jAllVgXCiM1ZrWgvtp80-Bfppyexh1QEg&oe=689E923C","@id":"https:\/\/anoticiaonline.com.br\/site\/cobrindo-a-multidao-de-pecados\/#organizationLogo"},"image":{"@id":"https:\/\/anoticiaonline.com.br\/site\/cobrindo-a-multidao-de-pecados\/#organizationLogo"}},{"@type":"Person","@id":"https:\/\/anoticiaonline.com.br\/site\/author\/juliana\/#author","url":"https:\/\/anoticiaonline.com.br\/site\/author\/juliana\/","name":"Juliana Laviola","image":{"@type":"ImageObject","@id":"https:\/\/anoticiaonline.com.br\/site\/cobrindo-a-multidao-de-pecados\/#authorImage","url":"https:\/\/secure.gravatar.com\/avatar\/b8d45f5c699b100dfaf0e543582f38f38bf94cb7ae3a5e9abf8d891a34773335?s=96&d=mm&r=g","width":96,"height":96,"caption":"Juliana Laviola"}},{"@type":"WebPage","@id":"https:\/\/anoticiaonline.com.br\/site\/cobrindo-a-multidao-de-pecados\/#webpage","url":"https:\/\/anoticiaonline.com.br\/site\/cobrindo-a-multidao-de-pecados\/","name":"Cobrindo a multid\u00e3o de pecados! - A Not\u00edcia Online","description":"O amor \u00e9 fonte inexaur\u00edvel de b\u00ean\u00e7\u00e3os e medicamento eficaz para curar feridas \u201c\u00c9 sabido que podemos evoluir pela dor ou pelo amor, todavia, \u00e9 quase invariavelmente certo aprendermos atrav\u00e9s da dor, a pr\u00e1tica do amor\u201d. - V\u00e2nia Pereira Nunes A \"Pedra Filosofal\" que na Idade M\u00e9dia a alquimia considerava \"milagrosa\" para a cura de","inLanguage":"pt-BR","isPartOf":{"@id":"https:\/\/anoticiaonline.com.br\/site\/#website"},"breadcrumb":{"@id":"https:\/\/anoticiaonline.com.br\/site\/cobrindo-a-multidao-de-pecados\/#breadcrumblist"},"author":{"@id":"https:\/\/anoticiaonline.com.br\/site\/author\/juliana\/#author"},"creator":{"@id":"https:\/\/anoticiaonline.com.br\/site\/author\/juliana\/#author"},"datePublished":"2016-08-15T09:15:02-03:00","dateModified":"2016-08-15T09:15:02-03:00"},{"@type":"WebSite","@id":"https:\/\/anoticiaonline.com.br\/site\/#website","url":"https:\/\/anoticiaonline.com.br\/site\/","name":"A Not\u00edcia Online","description":"Noticias de Muria\u00e9 e regi\u00e3o","inLanguage":"pt-BR","publisher":{"@id":"https:\/\/anoticiaonline.com.br\/site\/#organization"}}]},"og:locale":"pt_BR","og:site_name":"A Not\u00edcia Online - Noticias de Muria\u00e9 e regi\u00e3o","og:type":"article","og:title":"Cobrindo a multid\u00e3o de pecados! - A Not\u00edcia Online","og:description":"O amor \u00e9 fonte inexaur\u00edvel de b\u00ean\u00e7\u00e3os e medicamento eficaz para curar feridas \u201c\u00c9 sabido que podemos evoluir pela dor ou pelo amor, todavia, \u00e9 quase invariavelmente certo aprendermos atrav\u00e9s da dor, a pr\u00e1tica do amor\u201d. - V\u00e2nia Pereira Nunes A &quot;Pedra Filosofal&quot; que na Idade M\u00e9dia a alquimia considerava &quot;milagrosa&quot; para a cura de","og:url":"https:\/\/anoticiaonline.com.br\/site\/cobrindo-a-multidao-de-pecados\/","og:image":"https:\/\/scontent-gig4-1.xx.fbcdn.net\/v\/t39.30808-1\/270437624_4564083193639691_6907940295614233970_n.jpg?stp=dst-jpg_s200x200_tt6&#038;_nc_cat=111&#038;ccb=1-7&#038;_nc_sid=f907e8&#038;_nc_ohc=SM1wRlP3lJwQ7kNvwEPuBYA&#038;_nc_oc=AdnqrjDN_BNjSSHWO-GbkIWH6fkGMLw4bqvL_NH6e2wMveX7G-rP2dAqsDSq1mJMOaY&#038;_nc_zt=24&#038;_nc_ht=scontent-gig4-1.xx&#038;_nc_gid=AoBFJeGrT1hVaew_6rchkQ&#038;oh=00_AfX7QmFGhQhG2jAllVgXCiM1ZrWgvtp80-Bfppyexh1QEg&#038;oe=689E923C","og:image:secure_url":"https:\/\/scontent-gig4-1.xx.fbcdn.net\/v\/t39.30808-1\/270437624_4564083193639691_6907940295614233970_n.jpg?stp=dst-jpg_s200x200_tt6&#038;_nc_cat=111&#038;ccb=1-7&#038;_nc_sid=f907e8&#038;_nc_ohc=SM1wRlP3lJwQ7kNvwEPuBYA&#038;_nc_oc=AdnqrjDN_BNjSSHWO-GbkIWH6fkGMLw4bqvL_NH6e2wMveX7G-rP2dAqsDSq1mJMOaY&#038;_nc_zt=24&#038;_nc_ht=scontent-gig4-1.xx&#038;_nc_gid=AoBFJeGrT1hVaew_6rchkQ&#038;oh=00_AfX7QmFGhQhG2jAllVgXCiM1ZrWgvtp80-Bfppyexh1QEg&#038;oe=689E923C","article:published_time":"2016-08-15T12:15:02+00:00","article:modified_time":"2016-08-15T12:15:02+00:00","twitter:card":"summary_large_image","twitter:title":"Cobrindo a multid\u00e3o de pecados! - A Not\u00edcia Online","twitter:description":"O amor \u00e9 fonte inexaur\u00edvel de b\u00ean\u00e7\u00e3os e medicamento eficaz para curar feridas \u201c\u00c9 sabido que podemos evoluir pela dor ou pelo amor, todavia, \u00e9 quase invariavelmente certo aprendermos atrav\u00e9s da dor, a pr\u00e1tica do amor\u201d. - V\u00e2nia Pereira Nunes A &quot;Pedra Filosofal&quot; que na Idade M\u00e9dia a alquimia considerava &quot;milagrosa&quot; para a cura de","twitter:image":"https:\/\/scontent-gig4-1.xx.fbcdn.net\/v\/t39.30808-1\/270437624_4564083193639691_6907940295614233970_n.jpg?stp=dst-jpg_s200x200_tt6&_nc_cat=111&ccb=1-7&_nc_sid=f907e8&_nc_ohc=SM1wRlP3lJwQ7kNvwEPuBYA&_nc_oc=AdnqrjDN_BNjSSHWO-GbkIWH6fkGMLw4bqvL_NH6e2wMveX7G-rP2dAqsDSq1mJMOaY&_nc_zt=24&_nc_ht=scontent-gig4-1.xx&_nc_gid=AoBFJeGrT1hVaew_6rchkQ&oh=00_AfX7QmFGhQhG2jAllVgXCiM1ZrWgvtp80-Bfppyexh1QEg&oe=689E923C"},"aioseo_meta_data":{"post_id":"16880","title":null,"description":null,"keywords":null,"keyphrases":null,"primary_term":null,"canonical_url":null,"og_title":null,"og_description":null,"og_object_type":"default","og_image_type":"default","og_image_url":null,"og_image_width":null,"og_image_height":null,"og_image_custom_url":null,"og_image_custom_fields":null,"og_video":null,"og_custom_url":null,"og_article_section":null,"og_article_tags":null,"twitter_use_og":false,"twitter_card":"default","twitter_image_type":"default","twitter_image_url":null,"twitter_image_custom_url":null,"twitter_image_custom_fields":null,"twitter_title":null,"twitter_description":null,"schema":{"blockGraphs":[],"customGraphs":[],"default":{"data":{"Article":[],"Course":[],"Dataset":[],"FAQPage":[],"Movie":[],"Person":[],"Product":[],"ProductReview":[],"Car":[],"Recipe":[],"Service":[],"SoftwareApplication":[],"WebPage":[]},"graphName":"","isEnabled":true},"graphs":[]},"schema_type":"default","schema_type_options":null,"pillar_content":false,"robots_default":true,"robots_noindex":false,"robots_noarchive":false,"robots_nosnippet":false,"robots_nofollow":false,"robots_noimageindex":false,"robots_noodp":false,"robots_notranslate":false,"robots_max_snippet":null,"robots_max_videopreview":null,"robots_max_imagepreview":"large","priority":null,"frequency":null,"local_seo":null,"breadcrumb_settings":null,"limit_modified_date":false,"ai":null,"created":"2025-08-16 16:36:18","updated":"2025-08-16 16:36:18","focus_keyword":null,"additional_keywords":null,"truseo_locale":null,"seo_analyzer_scan_date":null},"aioseo_breadcrumb":"<div class=\"aioseo-breadcrumbs\"><span class=\"aioseo-breadcrumb\">\n\t\t\t<a href=\"https:\/\/anoticiaonline.com.br\/site\" title=\"Home\">Home<\/a>\n\t\t<\/span><span class=\"aioseo-breadcrumb-separator\">&raquo;<\/span><span class=\"aioseo-breadcrumb\">\n\t\t\t<a href=\"https:\/\/anoticiaonline.com.br\/site\/categoria\/colunistas\/\" title=\"Colunistas\">Colunistas<\/a>\n\t\t<\/span><span class=\"aioseo-breadcrumb-separator\">&raquo;<\/span><span class=\"aioseo-breadcrumb\">\n\t\t\t<a href=\"https:\/\/anoticiaonline.com.br\/site\/categoria\/colunistas\/espiritismo-em-foco-de-rogerio-coelho\/\" title=\"Espiritismo em Foco, por Rog\u00e9rio Coelho\">Espiritismo em Foco, por Rog\u00e9rio Coelho<\/a>\n\t\t<\/span><span class=\"aioseo-breadcrumb-separator\">&raquo;<\/span><span class=\"aioseo-breadcrumb\">\n\t\t\tCobrindo a multid\u00e3o de pecados!\n\t\t<\/span><\/div>","aioseo_breadcrumb_json":[{"label":"Home","link":"https:\/\/anoticiaonline.com.br\/site"},{"label":"Colunistas","link":"https:\/\/anoticiaonline.com.br\/site\/categoria\/colunistas\/"},{"label":"Espiritismo em Foco, por Rog\u00e9rio Coelho","link":"https:\/\/anoticiaonline.com.br\/site\/categoria\/colunistas\/espiritismo-em-foco-de-rogerio-coelho\/"},{"label":"Cobrindo a multid\u00e3o de pecados!","link":"https:\/\/anoticiaonline.com.br\/site\/cobrindo-a-multidao-de-pecados\/"}],"views":152,"_links":{"self":[{"href":"https:\/\/anoticiaonline.com.br\/site\/wp-json\/wp\/v2\/posts\/16880","targetHints":{"allow":["GET"]}}],"collection":[{"href":"https:\/\/anoticiaonline.com.br\/site\/wp-json\/wp\/v2\/posts"}],"about":[{"href":"https:\/\/anoticiaonline.com.br\/site\/wp-json\/wp\/v2\/types\/post"}],"author":[{"embeddable":true,"href":"https:\/\/anoticiaonline.com.br\/site\/wp-json\/wp\/v2\/users\/2"}],"replies":[{"embeddable":true,"href":"https:\/\/anoticiaonline.com.br\/site\/wp-json\/wp\/v2\/comments?post=16880"}],"version-history":[{"count":0,"href":"https:\/\/anoticiaonline.com.br\/site\/wp-json\/wp\/v2\/posts\/16880\/revisions"}],"wp:attachment":[{"href":"https:\/\/anoticiaonline.com.br\/site\/wp-json\/wp\/v2\/media?parent=16880"}],"wp:term":[{"taxonomy":"category","embeddable":true,"href":"https:\/\/anoticiaonline.com.br\/site\/wp-json\/wp\/v2\/categories?post=16880"},{"taxonomy":"post_tag","embeddable":true,"href":"https:\/\/anoticiaonline.com.br\/site\/wp-json\/wp\/v2\/tags?post=16880"}],"curies":[{"name":"wp","href":"https:\/\/api.w.org\/{rel}","templated":true}]}}