{"id":16847,"date":"2016-08-11T19:37:04","date_gmt":"2016-08-11T22:37:04","guid":{"rendered":"http:\/\/anoticiaonline.com.br\/site\/?p=16847"},"modified":"2016-08-11T19:37:04","modified_gmt":"2016-08-11T22:37:04","slug":"curso-com-profissionais-renomados-aborda-mitos-e-verdades-sobre-o-emagrecimento-com-saude-e-disposicao","status":"publish","type":"post","link":"https:\/\/anoticiaonline.com.br\/site\/curso-com-profissionais-renomados-aborda-mitos-e-verdades-sobre-o-emagrecimento-com-saude-e-disposicao\/","title":{"rendered":"Curso com profissionais renomados aborda mitos e verdades sobre o emagrecimento com sa\u00fade e disposi\u00e7\u00e3o"},"content":{"rendered":"<p><a href=\"https:\/\/anoticiaonline.com.br\/site\/wp-content\/uploads\/2016\/08\/DSC_0306.jpg\"><img fetchpriority=\"high\" decoding=\"async\" class=\" size-medium wp-image-16848 alignleft\" src=\"https:\/\/anoticiaonline.com.br\/site\/wp-content\/uploads\/2016\/08\/DSC_0306-300x190.jpg\" alt=\"DSC_0306\" width=\"300\" height=\"190\" srcset=\"https:\/\/anoticiaonline.com.br\/site\/wp-content\/uploads\/2016\/08\/DSC_0306-300x190.jpg 300w, https:\/\/anoticiaonline.com.br\/site\/wp-content\/uploads\/2016\/08\/DSC_0306.jpg 640w\" sizes=\"(max-width: 300px) 100vw, 300px\" \/><\/a>O emagrecimento com sa\u00fade e disposi\u00e7\u00e3o foi o assunto principal abordado durante um curso que reuniu nutricionistas e profissionais de Educa\u00e7\u00e3o F\u00edsica no s\u00e1bado (6), no Teatro Municipal Belmira Villas Boas.<\/p>\n<p>O encontro, dividido em duas etapas, foi repassado pelo renomado Guto Galamba e pela coordenadora de Nutri\u00e7\u00e3o da Unifaminas, Denise Feliz Quint\u00e3o.<\/p>\n<p>A primeira palestra foi ministrada pela nutricionista Denise Quint\u00e3o, que falou sobre a epidemiologia da obesidade e suas causas. \u201cDentre as causas, muitos n\u00e3o conhecem informa\u00e7\u00f5es que est\u00e3o sendo divulgadas na atualidade, como por exemplo, a rela\u00e7\u00e3o do c\u00e1lcio com o emagrecimento. Quando a pessoa consome baixa quantidade de c\u00e1lcio ativa a vitamina D, que aumenta a lipog\u00eanese no tecido adiposo. Temos tamb\u00e9m trabalhado bastante com as bact\u00e9rias da flora intestinal\u201d, conta.<\/p>\n<p>Denise, que \u00e9 graduada em Nutri\u00e7\u00e3o e mestre em Ci\u00eancias da Nutri\u00e7\u00e3o pela Universidade Federal de Vi\u00e7osa (UFV) e especialista em Nutri\u00e7\u00e3o Esportiva pela Universidade Gama Filho (UGF), tamb\u00e9m abordou sobre fitoter\u00e1picos, alimentos funcionais e sobre o ado\u00e7ante.<\/p>\n<p>A segunda palestra foi ministrada pelo renomado Guto Galamba, que \u00e9 graduado em licenciatura plena em Educa\u00e7\u00e3o F\u00edsica pela Universidade Federal de Pernambuco (UFPE) e especialista no tratamento da obesidade e especialista em emagrecimento pela Universidade Gama Filho (UGF). O especialista procurou desmistificar alguns conceitos criados pelo senso comum, os quais s\u00e3o passados, segundo ele, como sustent\u00e1veis e verdadeiros. \u201cA ideia foi \u2018quebrar\u2019 esses mitos, mostrar por que eles cresceram tanto e o motivo pelo qual eles s\u00e3o incorretos para o emagrecimento sustent\u00e1vel\u201d, afirma. O especialista tamb\u00e9m elogiou a participa\u00e7\u00e3o dos profissionais muriaeenses no evento. \u201cA participa\u00e7\u00e3o dos profissionais da cidade foi muito boa. As pessoas estavam interessadas, de fato. Elas j\u00e1 sabiam o que eu ia falar, o que mostra que elas est\u00e3o estudando\u201d, conta.<\/p>\n<p>Os organizadores do curso, Thiago Reis (profissional de Educa\u00e7\u00e3o F\u00edsica e estudante de Nutri\u00e7\u00e3o, ambos os cursos pela Unifaminas), Giovane Oliveira e William Fernandes (estudantes do 6\u00aa per\u00edodo de Educa\u00e7\u00e3o F\u00edsica da Unifaminas), contam que a iniciativa de realizar o encontro surgiu pela demanda que os profissionais da cidade t\u00eam em rela\u00e7\u00e3o a eventos como este. \u201cPercebemos que Muria\u00e9 tem p\u00fablico para este tipo de evento. Os profissionais da cidade necessitam de cursos como este\u201d, afirmam, agradecendo aos patrocinadores do encontro.<\/p>\n<p>A nutricionista Fernanda Freitas Can\u00eado, uma das propriet\u00e1rias da Nutrir Mais, uma das empresas patrocinadoras do evento, ressalta a import\u00e2ncia de se proporcionar mais conhecimento e promover a troca de informa\u00e7\u00f5es de profissionais renomados do ramo com os profissionais da cidade. \u201cTemos a inten\u00e7\u00e3o de patrocinar, divulgar e trazer pessoas de extrema qualifica\u00e7\u00e3o para aprimorar os conhecimentos dos profissionais da cidade; proporcionar palestras com cases de sucessos, workshops, semin\u00e1rios, contribuindo, assim, para o crescimento destes profissionais e, consequentemente, melhorando cada vez mais os servi\u00e7os ofertados por eles. Todos ficaram muito satisfeitos com o que nos foi passado\u201d, afirma.<\/p>\n<p><img decoding=\"async\" class=\"ngg_displayed_gallery mceItem\" src=\"https:\/\/anoticiaonline.com.br\/site\/nextgen-attach_to_post\/preview\/id--16869\" alt=\"\" \/><\/p>\n","protected":false},"excerpt":{"rendered":"<p>O emagrecimento com sa\u00fade e disposi\u00e7\u00e3o foi o assunto principal abordado durante um curso que reuniu nutricionistas e profissionais de Educa\u00e7\u00e3o F\u00edsica no s\u00e1bado (6), no Teatro Municipal Belmira Villas Boas. O encontro, dividido em duas etapas, foi repassado pelo renomado Guto Galamba e pela coordenadora de Nutri\u00e7\u00e3o da Unifaminas, Denise Feliz Quint\u00e3o. A primeira &#8230; <a title=\"Curso com profissionais renomados aborda mitos e verdades sobre o emagrecimento com sa\u00fade e disposi\u00e7\u00e3o\" class=\"read-more\" href=\"https:\/\/anoticiaonline.com.br\/site\/curso-com-profissionais-renomados-aborda-mitos-e-verdades-sobre-o-emagrecimento-com-saude-e-disposicao\/\" aria-label=\"Read more about Curso com profissionais renomados aborda mitos e verdades sobre o emagrecimento com sa\u00fade e disposi\u00e7\u00e3o\">Ler mais<\/a><\/p>\n","protected":false},"author":2,"featured_media":16848,"comment_status":"open","ping_status":"open","sticky":false,"template":"","format":"standard","meta":{"_acf_changed":false,"_monsterinsights_skip_tracking":false,"footnotes":""},"categories":[30],"tags":[3],"class_list":["post-16847","post","type-post","status-publish","format-standard","has-post-thumbnail","hentry","category-muriae","tag-slide"],"acf":[],"aioseo_notices":[],"aioseo_head":"\n\t\t<!-- All in One SEO 5.0.0.1 - aioseo.com -->\n\t<meta name=\"description\" content=\"O emagrecimento com sa\u00fade e disposi\u00e7\u00e3o foi o assunto principal abordado durante um curso que reuniu nutricionistas e profissionais de Educa\u00e7\u00e3o F\u00edsica no s\u00e1bado (6), no Teatro Municipal Belmira Villas Boas. O encontro, dividido em duas etapas, foi repassado pelo renomado Guto Galamba e pela coordenadora de Nutri\u00e7\u00e3o da Unifaminas, Denise Feliz Quint\u00e3o. A primeira\" \/>\n\t<meta name=\"robots\" content=\"max-image-preview:large\" \/>\n\t<meta name=\"author\" content=\"Juliana Laviola\"\/>\n\t<link rel=\"canonical\" href=\"https:\/\/anoticiaonline.com.br\/site\/curso-com-profissionais-renomados-aborda-mitos-e-verdades-sobre-o-emagrecimento-com-saude-e-disposicao\/\" \/>\n\t<meta name=\"generator\" content=\"All in One SEO (AIOSEO) 5.0.0.1\" \/>\n\t\t<meta property=\"og:locale\" content=\"pt_BR\" \/>\n\t\t<meta property=\"og:site_name\" content=\"A Not\u00edcia Online - Noticias de Muria\u00e9 e regi\u00e3o\" \/>\n\t\t<meta property=\"og:type\" content=\"article\" \/>\n\t\t<meta property=\"og:title\" content=\"Curso com profissionais renomados aborda mitos e verdades sobre o emagrecimento com sa\u00fade e disposi\u00e7\u00e3o - A Not\u00edcia Online\" \/>\n\t\t<meta property=\"og:description\" content=\"O emagrecimento com sa\u00fade e disposi\u00e7\u00e3o foi o assunto principal abordado durante um curso que reuniu nutricionistas e profissionais de Educa\u00e7\u00e3o F\u00edsica no s\u00e1bado (6), no Teatro Municipal Belmira Villas Boas. O encontro, dividido em duas etapas, foi repassado pelo renomado Guto Galamba e pela coordenadora de Nutri\u00e7\u00e3o da Unifaminas, Denise Feliz Quint\u00e3o. A primeira\" \/>\n\t\t<meta property=\"og:url\" content=\"https:\/\/anoticiaonline.com.br\/site\/curso-com-profissionais-renomados-aborda-mitos-e-verdades-sobre-o-emagrecimento-com-saude-e-disposicao\/\" \/>\n\t\t<meta property=\"og:image\" content=\"https:\/\/scontent-gig4-1.xx.fbcdn.net\/v\/t39.30808-1\/270437624_4564083193639691_6907940295614233970_n.jpg?stp=dst-jpg_s200x200_tt6&#038;_nc_cat=111&#038;ccb=1-7&#038;_nc_sid=f907e8&#038;_nc_ohc=SM1wRlP3lJwQ7kNvwEPuBYA&#038;_nc_oc=AdnqrjDN_BNjSSHWO-GbkIWH6fkGMLw4bqvL_NH6e2wMveX7G-rP2dAqsDSq1mJMOaY&#038;_nc_zt=24&#038;_nc_ht=scontent-gig4-1.xx&#038;_nc_gid=AoBFJeGrT1hVaew_6rchkQ&#038;oh=00_AfX7QmFGhQhG2jAllVgXCiM1ZrWgvtp80-Bfppyexh1QEg&#038;oe=689E923C\" \/>\n\t\t<meta property=\"og:image:secure_url\" content=\"https:\/\/scontent-gig4-1.xx.fbcdn.net\/v\/t39.30808-1\/270437624_4564083193639691_6907940295614233970_n.jpg?stp=dst-jpg_s200x200_tt6&#038;_nc_cat=111&#038;ccb=1-7&#038;_nc_sid=f907e8&#038;_nc_ohc=SM1wRlP3lJwQ7kNvwEPuBYA&#038;_nc_oc=AdnqrjDN_BNjSSHWO-GbkIWH6fkGMLw4bqvL_NH6e2wMveX7G-rP2dAqsDSq1mJMOaY&#038;_nc_zt=24&#038;_nc_ht=scontent-gig4-1.xx&#038;_nc_gid=AoBFJeGrT1hVaew_6rchkQ&#038;oh=00_AfX7QmFGhQhG2jAllVgXCiM1ZrWgvtp80-Bfppyexh1QEg&#038;oe=689E923C\" \/>\n\t\t<meta property=\"article:published_time\" content=\"2016-08-11T22:37:04+00:00\" \/>\n\t\t<meta property=\"article:modified_time\" content=\"2016-08-11T22:37:04+00:00\" \/>\n\t\t<meta name=\"twitter:card\" content=\"summary_large_image\" \/>\n\t\t<meta name=\"twitter:title\" content=\"Curso com profissionais renomados aborda mitos e verdades sobre o emagrecimento com sa\u00fade e disposi\u00e7\u00e3o - A Not\u00edcia Online\" \/>\n\t\t<meta name=\"twitter:description\" content=\"O emagrecimento com sa\u00fade e disposi\u00e7\u00e3o foi o assunto principal abordado durante um curso que reuniu nutricionistas e profissionais de Educa\u00e7\u00e3o F\u00edsica no s\u00e1bado (6), no Teatro Municipal Belmira Villas Boas. O encontro, dividido em duas etapas, foi repassado pelo renomado Guto Galamba e pela coordenadora de Nutri\u00e7\u00e3o da Unifaminas, Denise Feliz Quint\u00e3o. A primeira\" \/>\n\t\t<meta name=\"twitter:image\" content=\"https:\/\/scontent-gig4-1.xx.fbcdn.net\/v\/t39.30808-1\/270437624_4564083193639691_6907940295614233970_n.jpg?stp=dst-jpg_s200x200_tt6&amp;_nc_cat=111&amp;ccb=1-7&amp;_nc_sid=f907e8&amp;_nc_ohc=SM1wRlP3lJwQ7kNvwEPuBYA&amp;_nc_oc=AdnqrjDN_BNjSSHWO-GbkIWH6fkGMLw4bqvL_NH6e2wMveX7G-rP2dAqsDSq1mJMOaY&amp;_nc_zt=24&amp;_nc_ht=scontent-gig4-1.xx&amp;_nc_gid=AoBFJeGrT1hVaew_6rchkQ&amp;oh=00_AfX7QmFGhQhG2jAllVgXCiM1ZrWgvtp80-Bfppyexh1QEg&amp;oe=689E923C\" \/>\n\t\t<script type=\"application\/ld+json\" class=\"aioseo-schema\">\n\t\t\t{\"@context\":\"https:\\\/\\\/schema.org\",\"@graph\":[{\"@type\":\"BlogPosting\",\"@id\":\"https:\\\/\\\/anoticiaonline.com.br\\\/site\\\/curso-com-profissionais-renomados-aborda-mitos-e-verdades-sobre-o-emagrecimento-com-saude-e-disposicao\\\/#blogposting\",\"name\":\"Curso com profissionais renomados aborda mitos e verdades sobre o emagrecimento com sa\\u00fade e disposi\\u00e7\\u00e3o - A Not\\u00edcia Online\",\"headline\":\"Curso com profissionais renomados aborda mitos e verdades sobre o emagrecimento com sa\\u00fade e disposi\\u00e7\\u00e3o\",\"author\":{\"@id\":\"https:\\\/\\\/anoticiaonline.com.br\\\/site\\\/author\\\/juliana\\\/#author\"},\"publisher\":{\"@id\":\"https:\\\/\\\/anoticiaonline.com.br\\\/site\\\/#organization\"},\"image\":{\"@type\":\"ImageObject\",\"url\":\"https:\\\/\\\/anoticiaonline.com.br\\\/site\\\/wp-content\\\/uploads\\\/2016\\\/08\\\/DSC_0306.jpg\",\"width\":640,\"height\":406},\"datePublished\":\"2016-08-11T19:37:04-03:00\",\"dateModified\":\"2016-08-11T19:37:04-03:00\",\"inLanguage\":\"pt-BR\",\"mainEntityOfPage\":{\"@id\":\"https:\\\/\\\/anoticiaonline.com.br\\\/site\\\/curso-com-profissionais-renomados-aborda-mitos-e-verdades-sobre-o-emagrecimento-com-saude-e-disposicao\\\/#webpage\"},\"isPartOf\":{\"@id\":\"https:\\\/\\\/anoticiaonline.com.br\\\/site\\\/curso-com-profissionais-renomados-aborda-mitos-e-verdades-sobre-o-emagrecimento-com-saude-e-disposicao\\\/#webpage\"},\"articleSection\":\"Blog, slide\"},{\"@type\":\"BreadcrumbList\",\"@id\":\"https:\\\/\\\/anoticiaonline.com.br\\\/site\\\/curso-com-profissionais-renomados-aborda-mitos-e-verdades-sobre-o-emagrecimento-com-saude-e-disposicao\\\/#breadcrumblist\",\"itemListElement\":[{\"@type\":\"ListItem\",\"@id\":\"https:\\\/\\\/anoticiaonline.com.br\\\/site#listItem\",\"position\":1,\"name\":\"Home\",\"item\":\"https:\\\/\\\/anoticiaonline.com.br\\\/site\",\"nextItem\":{\"@type\":\"ListItem\",\"@id\":\"https:\\\/\\\/anoticiaonline.com.br\\\/site\\\/categoria\\\/muriae\\\/#listItem\",\"name\":\"Blog\"}},{\"@type\":\"ListItem\",\"@id\":\"https:\\\/\\\/anoticiaonline.com.br\\\/site\\\/categoria\\\/muriae\\\/#listItem\",\"position\":2,\"name\":\"Blog\",\"item\":\"https:\\\/\\\/anoticiaonline.com.br\\\/site\\\/categoria\\\/muriae\\\/\",\"nextItem\":{\"@type\":\"ListItem\",\"@id\":\"https:\\\/\\\/anoticiaonline.com.br\\\/site\\\/curso-com-profissionais-renomados-aborda-mitos-e-verdades-sobre-o-emagrecimento-com-saude-e-disposicao\\\/#listItem\",\"name\":\"Curso com profissionais renomados aborda mitos e verdades sobre o emagrecimento com sa\\u00fade e disposi\\u00e7\\u00e3o\"},\"previousItem\":{\"@type\":\"ListItem\",\"@id\":\"https:\\\/\\\/anoticiaonline.com.br\\\/site#listItem\",\"name\":\"Home\"}},{\"@type\":\"ListItem\",\"@id\":\"https:\\\/\\\/anoticiaonline.com.br\\\/site\\\/curso-com-profissionais-renomados-aborda-mitos-e-verdades-sobre-o-emagrecimento-com-saude-e-disposicao\\\/#listItem\",\"position\":3,\"name\":\"Curso com profissionais renomados aborda mitos e verdades sobre o emagrecimento com sa\\u00fade e disposi\\u00e7\\u00e3o\",\"previousItem\":{\"@type\":\"ListItem\",\"@id\":\"https:\\\/\\\/anoticiaonline.com.br\\\/site\\\/categoria\\\/muriae\\\/#listItem\",\"name\":\"Blog\"}}]},{\"@type\":\"Organization\",\"@id\":\"https:\\\/\\\/anoticiaonline.com.br\\\/site\\\/#organization\",\"name\":\"A Not\\u00edcia Online\",\"description\":\"Noticias de Muria\\u00e9 e regi\\u00e3o\",\"url\":\"https:\\\/\\\/anoticiaonline.com.br\\\/site\\\/\",\"logo\":{\"@type\":\"ImageObject\",\"url\":\"https:\\\/\\\/scontent-gig4-1.xx.fbcdn.net\\\/v\\\/t39.30808-1\\\/270437624_4564083193639691_6907940295614233970_n.jpg?stp=dst-jpg_s200x200_tt6&_nc_cat=111&ccb=1-7&_nc_sid=f907e8&_nc_ohc=SM1wRlP3lJwQ7kNvwEPuBYA&_nc_oc=AdnqrjDN_BNjSSHWO-GbkIWH6fkGMLw4bqvL_NH6e2wMveX7G-rP2dAqsDSq1mJMOaY&_nc_zt=24&_nc_ht=scontent-gig4-1.xx&_nc_gid=AoBFJeGrT1hVaew_6rchkQ&oh=00_AfX7QmFGhQhG2jAllVgXCiM1ZrWgvtp80-Bfppyexh1QEg&oe=689E923C\",\"@id\":\"https:\\\/\\\/anoticiaonline.com.br\\\/site\\\/curso-com-profissionais-renomados-aborda-mitos-e-verdades-sobre-o-emagrecimento-com-saude-e-disposicao\\\/#organizationLogo\"},\"image\":{\"@id\":\"https:\\\/\\\/anoticiaonline.com.br\\\/site\\\/curso-com-profissionais-renomados-aborda-mitos-e-verdades-sobre-o-emagrecimento-com-saude-e-disposicao\\\/#organizationLogo\"}},{\"@type\":\"Person\",\"@id\":\"https:\\\/\\\/anoticiaonline.com.br\\\/site\\\/author\\\/juliana\\\/#author\",\"url\":\"https:\\\/\\\/anoticiaonline.com.br\\\/site\\\/author\\\/juliana\\\/\",\"name\":\"Juliana Laviola\",\"image\":{\"@type\":\"ImageObject\",\"@id\":\"https:\\\/\\\/anoticiaonline.com.br\\\/site\\\/curso-com-profissionais-renomados-aborda-mitos-e-verdades-sobre-o-emagrecimento-com-saude-e-disposicao\\\/#authorImage\",\"url\":\"https:\\\/\\\/secure.gravatar.com\\\/avatar\\\/b8d45f5c699b100dfaf0e543582f38f38bf94cb7ae3a5e9abf8d891a34773335?s=96&d=mm&r=g\",\"width\":96,\"height\":96,\"caption\":\"Juliana Laviola\"}},{\"@type\":\"WebPage\",\"@id\":\"https:\\\/\\\/anoticiaonline.com.br\\\/site\\\/curso-com-profissionais-renomados-aborda-mitos-e-verdades-sobre-o-emagrecimento-com-saude-e-disposicao\\\/#webpage\",\"url\":\"https:\\\/\\\/anoticiaonline.com.br\\\/site\\\/curso-com-profissionais-renomados-aborda-mitos-e-verdades-sobre-o-emagrecimento-com-saude-e-disposicao\\\/\",\"name\":\"Curso com profissionais renomados aborda mitos e verdades sobre o emagrecimento com sa\\u00fade e disposi\\u00e7\\u00e3o - A Not\\u00edcia Online\",\"description\":\"O emagrecimento com sa\\u00fade e disposi\\u00e7\\u00e3o foi o assunto principal abordado durante um curso que reuniu nutricionistas e profissionais de Educa\\u00e7\\u00e3o F\\u00edsica no s\\u00e1bado (6), no Teatro Municipal Belmira Villas Boas. O encontro, dividido em duas etapas, foi repassado pelo renomado Guto Galamba e pela coordenadora de Nutri\\u00e7\\u00e3o da Unifaminas, Denise Feliz Quint\\u00e3o. A primeira\",\"inLanguage\":\"pt-BR\",\"isPartOf\":{\"@id\":\"https:\\\/\\\/anoticiaonline.com.br\\\/site\\\/#website\"},\"breadcrumb\":{\"@id\":\"https:\\\/\\\/anoticiaonline.com.br\\\/site\\\/curso-com-profissionais-renomados-aborda-mitos-e-verdades-sobre-o-emagrecimento-com-saude-e-disposicao\\\/#breadcrumblist\"},\"author\":{\"@id\":\"https:\\\/\\\/anoticiaonline.com.br\\\/site\\\/author\\\/juliana\\\/#author\"},\"creator\":{\"@id\":\"https:\\\/\\\/anoticiaonline.com.br\\\/site\\\/author\\\/juliana\\\/#author\"},\"image\":{\"@type\":\"ImageObject\",\"url\":\"https:\\\/\\\/anoticiaonline.com.br\\\/site\\\/wp-content\\\/uploads\\\/2016\\\/08\\\/DSC_0306.jpg\",\"@id\":\"https:\\\/\\\/anoticiaonline.com.br\\\/site\\\/curso-com-profissionais-renomados-aborda-mitos-e-verdades-sobre-o-emagrecimento-com-saude-e-disposicao\\\/#mainImage\",\"width\":640,\"height\":406},\"primaryImageOfPage\":{\"@id\":\"https:\\\/\\\/anoticiaonline.com.br\\\/site\\\/curso-com-profissionais-renomados-aborda-mitos-e-verdades-sobre-o-emagrecimento-com-saude-e-disposicao\\\/#mainImage\"},\"datePublished\":\"2016-08-11T19:37:04-03:00\",\"dateModified\":\"2016-08-11T19:37:04-03:00\"},{\"@type\":\"WebSite\",\"@id\":\"https:\\\/\\\/anoticiaonline.com.br\\\/site\\\/#website\",\"url\":\"https:\\\/\\\/anoticiaonline.com.br\\\/site\\\/\",\"name\":\"A Not\\u00edcia Online\",\"description\":\"Noticias de Muria\\u00e9 e regi\\u00e3o\",\"inLanguage\":\"pt-BR\",\"publisher\":{\"@id\":\"https:\\\/\\\/anoticiaonline.com.br\\\/site\\\/#organization\"}}]}\n\t\t<\/script>\n\t\t<!-- All in One SEO -->\n\n","aioseo_head_json":{"title":"Curso com profissionais renomados aborda mitos e verdades sobre o emagrecimento com sa\u00fade e disposi\u00e7\u00e3o - A Not\u00edcia Online","description":"O emagrecimento com sa\u00fade e disposi\u00e7\u00e3o foi o assunto principal abordado durante um curso que reuniu nutricionistas e profissionais de Educa\u00e7\u00e3o F\u00edsica no s\u00e1bado (6), no Teatro Municipal Belmira Villas Boas. O encontro, dividido em duas etapas, foi repassado pelo renomado Guto Galamba e pela coordenadora de Nutri\u00e7\u00e3o da Unifaminas, Denise Feliz Quint\u00e3o. A primeira","canonical_url":"https:\/\/anoticiaonline.com.br\/site\/curso-com-profissionais-renomados-aborda-mitos-e-verdades-sobre-o-emagrecimento-com-saude-e-disposicao\/","robots":"max-image-preview:large","keywords":"","webmasterTools":{"miscellaneous":""},"schema":{"@context":"https:\/\/schema.org","@graph":[{"@type":"BlogPosting","@id":"https:\/\/anoticiaonline.com.br\/site\/curso-com-profissionais-renomados-aborda-mitos-e-verdades-sobre-o-emagrecimento-com-saude-e-disposicao\/#blogposting","name":"Curso com profissionais renomados aborda mitos e verdades sobre o emagrecimento com sa\u00fade e disposi\u00e7\u00e3o - A Not\u00edcia Online","headline":"Curso com profissionais renomados aborda mitos e verdades sobre o emagrecimento com sa\u00fade e disposi\u00e7\u00e3o","author":{"@id":"https:\/\/anoticiaonline.com.br\/site\/author\/juliana\/#author"},"publisher":{"@id":"https:\/\/anoticiaonline.com.br\/site\/#organization"},"image":{"@type":"ImageObject","url":"https:\/\/anoticiaonline.com.br\/site\/wp-content\/uploads\/2016\/08\/DSC_0306.jpg","width":640,"height":406},"datePublished":"2016-08-11T19:37:04-03:00","dateModified":"2016-08-11T19:37:04-03:00","inLanguage":"pt-BR","mainEntityOfPage":{"@id":"https:\/\/anoticiaonline.com.br\/site\/curso-com-profissionais-renomados-aborda-mitos-e-verdades-sobre-o-emagrecimento-com-saude-e-disposicao\/#webpage"},"isPartOf":{"@id":"https:\/\/anoticiaonline.com.br\/site\/curso-com-profissionais-renomados-aborda-mitos-e-verdades-sobre-o-emagrecimento-com-saude-e-disposicao\/#webpage"},"articleSection":"Blog, slide"},{"@type":"BreadcrumbList","@id":"https:\/\/anoticiaonline.com.br\/site\/curso-com-profissionais-renomados-aborda-mitos-e-verdades-sobre-o-emagrecimento-com-saude-e-disposicao\/#breadcrumblist","itemListElement":[{"@type":"ListItem","@id":"https:\/\/anoticiaonline.com.br\/site#listItem","position":1,"name":"Home","item":"https:\/\/anoticiaonline.com.br\/site","nextItem":{"@type":"ListItem","@id":"https:\/\/anoticiaonline.com.br\/site\/categoria\/muriae\/#listItem","name":"Blog"}},{"@type":"ListItem","@id":"https:\/\/anoticiaonline.com.br\/site\/categoria\/muriae\/#listItem","position":2,"name":"Blog","item":"https:\/\/anoticiaonline.com.br\/site\/categoria\/muriae\/","nextItem":{"@type":"ListItem","@id":"https:\/\/anoticiaonline.com.br\/site\/curso-com-profissionais-renomados-aborda-mitos-e-verdades-sobre-o-emagrecimento-com-saude-e-disposicao\/#listItem","name":"Curso com profissionais renomados aborda mitos e verdades sobre o emagrecimento com sa\u00fade e disposi\u00e7\u00e3o"},"previousItem":{"@type":"ListItem","@id":"https:\/\/anoticiaonline.com.br\/site#listItem","name":"Home"}},{"@type":"ListItem","@id":"https:\/\/anoticiaonline.com.br\/site\/curso-com-profissionais-renomados-aborda-mitos-e-verdades-sobre-o-emagrecimento-com-saude-e-disposicao\/#listItem","position":3,"name":"Curso com profissionais renomados aborda mitos e verdades sobre o emagrecimento com sa\u00fade e disposi\u00e7\u00e3o","previousItem":{"@type":"ListItem","@id":"https:\/\/anoticiaonline.com.br\/site\/categoria\/muriae\/#listItem","name":"Blog"}}]},{"@type":"Organization","@id":"https:\/\/anoticiaonline.com.br\/site\/#organization","name":"A Not\u00edcia Online","description":"Noticias de Muria\u00e9 e regi\u00e3o","url":"https:\/\/anoticiaonline.com.br\/site\/","logo":{"@type":"ImageObject","url":"https:\/\/scontent-gig4-1.xx.fbcdn.net\/v\/t39.30808-1\/270437624_4564083193639691_6907940295614233970_n.jpg?stp=dst-jpg_s200x200_tt6&_nc_cat=111&ccb=1-7&_nc_sid=f907e8&_nc_ohc=SM1wRlP3lJwQ7kNvwEPuBYA&_nc_oc=AdnqrjDN_BNjSSHWO-GbkIWH6fkGMLw4bqvL_NH6e2wMveX7G-rP2dAqsDSq1mJMOaY&_nc_zt=24&_nc_ht=scontent-gig4-1.xx&_nc_gid=AoBFJeGrT1hVaew_6rchkQ&oh=00_AfX7QmFGhQhG2jAllVgXCiM1ZrWgvtp80-Bfppyexh1QEg&oe=689E923C","@id":"https:\/\/anoticiaonline.com.br\/site\/curso-com-profissionais-renomados-aborda-mitos-e-verdades-sobre-o-emagrecimento-com-saude-e-disposicao\/#organizationLogo"},"image":{"@id":"https:\/\/anoticiaonline.com.br\/site\/curso-com-profissionais-renomados-aborda-mitos-e-verdades-sobre-o-emagrecimento-com-saude-e-disposicao\/#organizationLogo"}},{"@type":"Person","@id":"https:\/\/anoticiaonline.com.br\/site\/author\/juliana\/#author","url":"https:\/\/anoticiaonline.com.br\/site\/author\/juliana\/","name":"Juliana Laviola","image":{"@type":"ImageObject","@id":"https:\/\/anoticiaonline.com.br\/site\/curso-com-profissionais-renomados-aborda-mitos-e-verdades-sobre-o-emagrecimento-com-saude-e-disposicao\/#authorImage","url":"https:\/\/secure.gravatar.com\/avatar\/b8d45f5c699b100dfaf0e543582f38f38bf94cb7ae3a5e9abf8d891a34773335?s=96&d=mm&r=g","width":96,"height":96,"caption":"Juliana Laviola"}},{"@type":"WebPage","@id":"https:\/\/anoticiaonline.com.br\/site\/curso-com-profissionais-renomados-aborda-mitos-e-verdades-sobre-o-emagrecimento-com-saude-e-disposicao\/#webpage","url":"https:\/\/anoticiaonline.com.br\/site\/curso-com-profissionais-renomados-aborda-mitos-e-verdades-sobre-o-emagrecimento-com-saude-e-disposicao\/","name":"Curso com profissionais renomados aborda mitos e verdades sobre o emagrecimento com sa\u00fade e disposi\u00e7\u00e3o - A Not\u00edcia Online","description":"O emagrecimento com sa\u00fade e disposi\u00e7\u00e3o foi o assunto principal abordado durante um curso que reuniu nutricionistas e profissionais de Educa\u00e7\u00e3o F\u00edsica no s\u00e1bado (6), no Teatro Municipal Belmira Villas Boas. O encontro, dividido em duas etapas, foi repassado pelo renomado Guto Galamba e pela coordenadora de Nutri\u00e7\u00e3o da Unifaminas, Denise Feliz Quint\u00e3o. A primeira","inLanguage":"pt-BR","isPartOf":{"@id":"https:\/\/anoticiaonline.com.br\/site\/#website"},"breadcrumb":{"@id":"https:\/\/anoticiaonline.com.br\/site\/curso-com-profissionais-renomados-aborda-mitos-e-verdades-sobre-o-emagrecimento-com-saude-e-disposicao\/#breadcrumblist"},"author":{"@id":"https:\/\/anoticiaonline.com.br\/site\/author\/juliana\/#author"},"creator":{"@id":"https:\/\/anoticiaonline.com.br\/site\/author\/juliana\/#author"},"image":{"@type":"ImageObject","url":"https:\/\/anoticiaonline.com.br\/site\/wp-content\/uploads\/2016\/08\/DSC_0306.jpg","@id":"https:\/\/anoticiaonline.com.br\/site\/curso-com-profissionais-renomados-aborda-mitos-e-verdades-sobre-o-emagrecimento-com-saude-e-disposicao\/#mainImage","width":640,"height":406},"primaryImageOfPage":{"@id":"https:\/\/anoticiaonline.com.br\/site\/curso-com-profissionais-renomados-aborda-mitos-e-verdades-sobre-o-emagrecimento-com-saude-e-disposicao\/#mainImage"},"datePublished":"2016-08-11T19:37:04-03:00","dateModified":"2016-08-11T19:37:04-03:00"},{"@type":"WebSite","@id":"https:\/\/anoticiaonline.com.br\/site\/#website","url":"https:\/\/anoticiaonline.com.br\/site\/","name":"A Not\u00edcia Online","description":"Noticias de Muria\u00e9 e regi\u00e3o","inLanguage":"pt-BR","publisher":{"@id":"https:\/\/anoticiaonline.com.br\/site\/#organization"}}]},"og:locale":"pt_BR","og:site_name":"A Not\u00edcia Online - Noticias de Muria\u00e9 e regi\u00e3o","og:type":"article","og:title":"Curso com profissionais renomados aborda mitos e verdades sobre o emagrecimento com sa\u00fade e disposi\u00e7\u00e3o - A Not\u00edcia Online","og:description":"O emagrecimento com sa\u00fade e disposi\u00e7\u00e3o foi o assunto principal abordado durante um curso que reuniu nutricionistas e profissionais de Educa\u00e7\u00e3o F\u00edsica no s\u00e1bado (6), no Teatro Municipal Belmira Villas Boas. O encontro, dividido em duas etapas, foi repassado pelo renomado Guto Galamba e pela coordenadora de Nutri\u00e7\u00e3o da Unifaminas, Denise Feliz Quint\u00e3o. A primeira","og:url":"https:\/\/anoticiaonline.com.br\/site\/curso-com-profissionais-renomados-aborda-mitos-e-verdades-sobre-o-emagrecimento-com-saude-e-disposicao\/","og:image":"https:\/\/scontent-gig4-1.xx.fbcdn.net\/v\/t39.30808-1\/270437624_4564083193639691_6907940295614233970_n.jpg?stp=dst-jpg_s200x200_tt6&#038;_nc_cat=111&#038;ccb=1-7&#038;_nc_sid=f907e8&#038;_nc_ohc=SM1wRlP3lJwQ7kNvwEPuBYA&#038;_nc_oc=AdnqrjDN_BNjSSHWO-GbkIWH6fkGMLw4bqvL_NH6e2wMveX7G-rP2dAqsDSq1mJMOaY&#038;_nc_zt=24&#038;_nc_ht=scontent-gig4-1.xx&#038;_nc_gid=AoBFJeGrT1hVaew_6rchkQ&#038;oh=00_AfX7QmFGhQhG2jAllVgXCiM1ZrWgvtp80-Bfppyexh1QEg&#038;oe=689E923C","og:image:secure_url":"https:\/\/scontent-gig4-1.xx.fbcdn.net\/v\/t39.30808-1\/270437624_4564083193639691_6907940295614233970_n.jpg?stp=dst-jpg_s200x200_tt6&#038;_nc_cat=111&#038;ccb=1-7&#038;_nc_sid=f907e8&#038;_nc_ohc=SM1wRlP3lJwQ7kNvwEPuBYA&#038;_nc_oc=AdnqrjDN_BNjSSHWO-GbkIWH6fkGMLw4bqvL_NH6e2wMveX7G-rP2dAqsDSq1mJMOaY&#038;_nc_zt=24&#038;_nc_ht=scontent-gig4-1.xx&#038;_nc_gid=AoBFJeGrT1hVaew_6rchkQ&#038;oh=00_AfX7QmFGhQhG2jAllVgXCiM1ZrWgvtp80-Bfppyexh1QEg&#038;oe=689E923C","article:published_time":"2016-08-11T22:37:04+00:00","article:modified_time":"2016-08-11T22:37:04+00:00","twitter:card":"summary_large_image","twitter:title":"Curso com profissionais renomados aborda mitos e verdades sobre o emagrecimento com sa\u00fade e disposi\u00e7\u00e3o - A Not\u00edcia Online","twitter:description":"O emagrecimento com sa\u00fade e disposi\u00e7\u00e3o foi o assunto principal abordado durante um curso que reuniu nutricionistas e profissionais de Educa\u00e7\u00e3o F\u00edsica no s\u00e1bado (6), no Teatro Municipal Belmira Villas Boas. O encontro, dividido em duas etapas, foi repassado pelo renomado Guto Galamba e pela coordenadora de Nutri\u00e7\u00e3o da Unifaminas, Denise Feliz Quint\u00e3o. A primeira","twitter:image":"https:\/\/scontent-gig4-1.xx.fbcdn.net\/v\/t39.30808-1\/270437624_4564083193639691_6907940295614233970_n.jpg?stp=dst-jpg_s200x200_tt6&_nc_cat=111&ccb=1-7&_nc_sid=f907e8&_nc_ohc=SM1wRlP3lJwQ7kNvwEPuBYA&_nc_oc=AdnqrjDN_BNjSSHWO-GbkIWH6fkGMLw4bqvL_NH6e2wMveX7G-rP2dAqsDSq1mJMOaY&_nc_zt=24&_nc_ht=scontent-gig4-1.xx&_nc_gid=AoBFJeGrT1hVaew_6rchkQ&oh=00_AfX7QmFGhQhG2jAllVgXCiM1ZrWgvtp80-Bfppyexh1QEg&oe=689E923C"},"aioseo_meta_data":{"post_id":"16847","title":null,"description":null,"keywords":null,"keyphrases":null,"primary_term":null,"canonical_url":null,"og_title":null,"og_description":null,"og_object_type":"default","og_image_type":"default","og_image_url":null,"og_image_width":null,"og_image_height":null,"og_image_custom_url":null,"og_image_custom_fields":null,"og_video":null,"og_custom_url":null,"og_article_section":null,"og_article_tags":null,"twitter_use_og":false,"twitter_card":"default","twitter_image_type":"default","twitter_image_url":null,"twitter_image_custom_url":null,"twitter_image_custom_fields":null,"twitter_title":null,"twitter_description":null,"schema":{"blockGraphs":[],"customGraphs":[],"default":{"data":{"Article":[],"Course":[],"Dataset":[],"FAQPage":[],"Movie":[],"Person":[],"Product":[],"ProductReview":[],"Car":[],"Recipe":[],"Service":[],"SoftwareApplication":[],"WebPage":[]},"graphName":"","isEnabled":true},"graphs":[]},"schema_type":"default","schema_type_options":null,"pillar_content":false,"robots_default":true,"robots_noindex":false,"robots_noarchive":false,"robots_nosnippet":false,"robots_nofollow":false,"robots_noimageindex":false,"robots_noodp":false,"robots_notranslate":false,"robots_max_snippet":null,"robots_max_videopreview":null,"robots_max_imagepreview":"large","priority":null,"frequency":null,"local_seo":null,"breadcrumb_settings":null,"limit_modified_date":false,"ai":null,"created":"2025-08-16 16:36:18","updated":"2025-08-16 16:36:18","focus_keyword":null,"additional_keywords":null,"truseo_locale":null,"seo_analyzer_scan_date":null},"aioseo_breadcrumb":"<div class=\"aioseo-breadcrumbs\"><span class=\"aioseo-breadcrumb\">\n\t\t\t<a href=\"https:\/\/anoticiaonline.com.br\/site\" title=\"Home\">Home<\/a>\n\t\t<\/span><span class=\"aioseo-breadcrumb-separator\">&raquo;<\/span><span class=\"aioseo-breadcrumb\">\n\t\t\t<a href=\"https:\/\/anoticiaonline.com.br\/site\/categoria\/muriae\/\" title=\"Blog\">Blog<\/a>\n\t\t<\/span><span class=\"aioseo-breadcrumb-separator\">&raquo;<\/span><span class=\"aioseo-breadcrumb\">\n\t\t\tCurso com profissionais renomados aborda mitos e verdades sobre o emagrecimento com sa\u00fade e disposi\u00e7\u00e3o\n\t\t<\/span><\/div>","aioseo_breadcrumb_json":[{"label":"Home","link":"https:\/\/anoticiaonline.com.br\/site"},{"label":"Blog","link":"https:\/\/anoticiaonline.com.br\/site\/categoria\/muriae\/"},{"label":"Curso com profissionais renomados aborda mitos e verdades sobre o emagrecimento com sa\u00fade e disposi\u00e7\u00e3o","link":"https:\/\/anoticiaonline.com.br\/site\/curso-com-profissionais-renomados-aborda-mitos-e-verdades-sobre-o-emagrecimento-com-saude-e-disposicao\/"}],"views":203,"_links":{"self":[{"href":"https:\/\/anoticiaonline.com.br\/site\/wp-json\/wp\/v2\/posts\/16847","targetHints":{"allow":["GET"]}}],"collection":[{"href":"https:\/\/anoticiaonline.com.br\/site\/wp-json\/wp\/v2\/posts"}],"about":[{"href":"https:\/\/anoticiaonline.com.br\/site\/wp-json\/wp\/v2\/types\/post"}],"author":[{"embeddable":true,"href":"https:\/\/anoticiaonline.com.br\/site\/wp-json\/wp\/v2\/users\/2"}],"replies":[{"embeddable":true,"href":"https:\/\/anoticiaonline.com.br\/site\/wp-json\/wp\/v2\/comments?post=16847"}],"version-history":[{"count":0,"href":"https:\/\/anoticiaonline.com.br\/site\/wp-json\/wp\/v2\/posts\/16847\/revisions"}],"wp:featuredmedia":[{"embeddable":true,"href":"https:\/\/anoticiaonline.com.br\/site\/wp-json\/wp\/v2\/media\/16848"}],"wp:attachment":[{"href":"https:\/\/anoticiaonline.com.br\/site\/wp-json\/wp\/v2\/media?parent=16847"}],"wp:term":[{"taxonomy":"category","embeddable":true,"href":"https:\/\/anoticiaonline.com.br\/site\/wp-json\/wp\/v2\/categories?post=16847"},{"taxonomy":"post_tag","embeddable":true,"href":"https:\/\/anoticiaonline.com.br\/site\/wp-json\/wp\/v2\/tags?post=16847"}],"curies":[{"name":"wp","href":"https:\/\/api.w.org\/{rel}","templated":true}]}}