{"id":16471,"date":"2016-08-08T09:48:34","date_gmt":"2016-08-08T12:48:34","guid":{"rendered":"http:\/\/anoticiaonline.com.br\/site\/?p=16471"},"modified":"2016-08-08T09:48:34","modified_gmt":"2016-08-08T12:48:34","slug":"congresso-pre-geraforte-e-sucesso-em-muriae","status":"publish","type":"post","link":"https:\/\/anoticiaonline.com.br\/site\/congresso-pre-geraforte-e-sucesso-em-muriae\/","title":{"rendered":"Congresso \u201cPr\u00e9-Geraforte\u201d \u00e9 sucesso em Muria\u00e9"},"content":{"rendered":"<p><a href=\"https:\/\/anoticiaonline.com.br\/site\/wp-content\/uploads\/2016\/08\/DSC_0585.jpg\"><img fetchpriority=\"high\" decoding=\"async\" class=\" size-medium wp-image-16472 alignleft\" src=\"https:\/\/anoticiaonline.com.br\/site\/wp-content\/uploads\/2016\/08\/DSC_0585-300x199.jpg\" alt=\"DSC_0585\" width=\"300\" height=\"199\" srcset=\"https:\/\/anoticiaonline.com.br\/site\/wp-content\/uploads\/2016\/08\/DSC_0585-300x199.jpg 300w, https:\/\/anoticiaonline.com.br\/site\/wp-content\/uploads\/2016\/08\/DSC_0585.jpg 640w\" sizes=\"(max-width: 300px) 100vw, 300px\" \/><\/a>O \u201cPr\u00e9-Geraforte\u201d, congresso de jovens da Igreja do Evangelho Quadrangular, reuniu centenas de jovens para louvar e conhecer mais sobre os projetos de Cristo. O encontro aconteceu no s\u00e1bado e domingo (30 e 31), no S\u00edtio Eben\u00e9zer (S\u00edtio da Quadrangular).<\/p>\n<p>Durante o encontro, foram realizadas prega\u00e7\u00f5es do Evangelho e apresenta\u00e7\u00f5es musicais dos minist\u00e9rios de louvor da IEQ do Planalto e da 4\u00aa IEQ de Leopoldina e da Banda J. Black.<\/p>\n<p>O coordenador Estadual de Jovens do Minist\u00e9rio Quadrangular, pastor Rafael Genaro, de Belo Horizonte, enfatiza a import\u00e2ncia do trabalho realizado com os jovens. \u201c\u00c9 muito importante trabalhar com jovens, pois estamos lidando com o futuro da na\u00e7\u00e3o, da igreja e com os futuros formadores de opini\u00e3o, talvez representantes em v\u00e1rios setores do pa\u00eds. Quando esses jovens s\u00e3o instru\u00eddos e est\u00e3o pr\u00f3ximos daquilo que vai lhes proporcionar crescimento, \u00e9 muito gratificante. \u00c9 um trabalho \u00e1rduo, mas muito gratificante\u201d, afirma.<\/p>\n<p>O coordenador Regional e Distrital de Jovens da Igreja do Evangelho Quadrangular, Simpl\u00edcio Jos\u00e9 Braga, organizador do evento, completa que o intuito do congresso \u00e9 levar aos jovens a ess\u00eancia do verdadeiro crist\u00e3o. \u201cO objetivo \u00e9 levar a eles o formato do car\u00e1ter de Cristo. As coisas mundanas t\u00eam ocupado muito a mente dos jovens e n\u00f3s tentamos busc\u00e1-los para a presen\u00e7a de Deus\u201d, frisa.<\/p>\n<p>O encontro reuniu cerca de 550 jovens de toda a regi\u00e3o. Em sua prega\u00e7\u00e3o, o pastor Dody Felipe da Silva Fernandes, da IEQ do bairro Dornelas II (parte alta), destacou a import\u00e2ncia dos jovens seguirem os ensinamentos de Cristo. \u201cProcuramos passar para os jovens uma realidade diferente da que o mundo passa para eles, e dizer a esses jovens que Deus tem para eles uma proposta melhor, na qual eles ser\u00e3o mais felizes do que nas coisas que o mundo oferece. Este evento tamb\u00e9m foi uma oportunidade para eles reverem seus pr\u00f3prios conceitos\u201d, diz.<\/p>\n<p>O pastor Leleco, da Igreja Metodista, que em sua prega\u00e7\u00e3o usou uma linguagem din\u00e2mica e voltada para os jovens, atraindo a aten\u00e7\u00e3o do p\u00fablico, faz um bala\u00e7o positivo do encontro. \u201cNesta manh\u00e3, vimos jovens sendo restaurados, quebrantados; feridas sendo curadas. Mais do que isso: jovens gerando em seus cora\u00e7\u00f5es um desejo maior pelo c\u00e9u\u201d, considera.<\/p>\n<p>O \u201cPr\u00e9-Geraforte\u201d antecede o \u201cGeraforte\u201d, que acontece a n\u00edvel estadual; este ano, ser\u00e1 realizado entre os dias 16 e 18 de setembro, em BH.<\/p>\n<p><img decoding=\"async\" class=\"ngg_displayed_gallery mceItem\" src=\"https:\/\/anoticiaonline.com.br\/site\/nextgen-attach_to_post\/preview\/id--16517\" alt=\"\" \/><\/p>\n","protected":false},"excerpt":{"rendered":"<p>O \u201cPr\u00e9-Geraforte\u201d, congresso de jovens da Igreja do Evangelho Quadrangular, reuniu centenas de jovens para louvar e conhecer mais sobre os projetos de Cristo. O encontro aconteceu no s\u00e1bado e domingo (30 e 31), no S\u00edtio Eben\u00e9zer (S\u00edtio da Quadrangular). Durante o encontro, foram realizadas prega\u00e7\u00f5es do Evangelho e apresenta\u00e7\u00f5es musicais dos minist\u00e9rios de louvor &#8230; <a title=\"Congresso \u201cPr\u00e9-Geraforte\u201d \u00e9 sucesso em Muria\u00e9\" class=\"read-more\" href=\"https:\/\/anoticiaonline.com.br\/site\/congresso-pre-geraforte-e-sucesso-em-muriae\/\" aria-label=\"Read more about Congresso \u201cPr\u00e9-Geraforte\u201d \u00e9 sucesso em Muria\u00e9\">Ler mais<\/a><\/p>\n","protected":false},"author":2,"featured_media":16472,"comment_status":"open","ping_status":"open","sticky":false,"template":"","format":"standard","meta":{"_acf_changed":false,"_monsterinsights_skip_tracking":false,"footnotes":""},"categories":[24],"tags":[3],"class_list":["post-16471","post","type-post","status-publish","format-standard","has-post-thumbnail","hentry","category-eventos","tag-slide"],"acf":[],"aioseo_notices":[],"aioseo_head":"\n\t\t<!-- All in One SEO 5.0.0.1 - aioseo.com -->\n\t<meta name=\"description\" content=\"O \u201cPr\u00e9-Geraforte\u201d, congresso de jovens da Igreja do Evangelho Quadrangular, reuniu centenas de jovens para louvar e conhecer mais sobre os projetos de Cristo. O encontro aconteceu no s\u00e1bado e domingo (30 e 31), no S\u00edtio Eben\u00e9zer (S\u00edtio da Quadrangular). Durante o encontro, foram realizadas prega\u00e7\u00f5es do Evangelho e apresenta\u00e7\u00f5es musicais dos minist\u00e9rios de louvor\" \/>\n\t<meta name=\"robots\" content=\"max-image-preview:large\" \/>\n\t<meta name=\"author\" content=\"Juliana Laviola\"\/>\n\t<link rel=\"canonical\" href=\"https:\/\/anoticiaonline.com.br\/site\/congresso-pre-geraforte-e-sucesso-em-muriae\/\" \/>\n\t<meta name=\"generator\" content=\"All in One SEO (AIOSEO) 5.0.0.1\" \/>\n\t\t<meta property=\"og:locale\" content=\"pt_BR\" \/>\n\t\t<meta property=\"og:site_name\" content=\"A Not\u00edcia Online - Noticias de Muria\u00e9 e regi\u00e3o\" \/>\n\t\t<meta property=\"og:type\" content=\"article\" \/>\n\t\t<meta property=\"og:title\" content=\"Congresso \u201cPr\u00e9-Geraforte\u201d \u00e9 sucesso em Muria\u00e9 - A Not\u00edcia Online\" \/>\n\t\t<meta property=\"og:description\" content=\"O \u201cPr\u00e9-Geraforte\u201d, congresso de jovens da Igreja do Evangelho Quadrangular, reuniu centenas de jovens para louvar e conhecer mais sobre os projetos de Cristo. O encontro aconteceu no s\u00e1bado e domingo (30 e 31), no S\u00edtio Eben\u00e9zer (S\u00edtio da Quadrangular). Durante o encontro, foram realizadas prega\u00e7\u00f5es do Evangelho e apresenta\u00e7\u00f5es musicais dos minist\u00e9rios de louvor\" \/>\n\t\t<meta property=\"og:url\" content=\"https:\/\/anoticiaonline.com.br\/site\/congresso-pre-geraforte-e-sucesso-em-muriae\/\" \/>\n\t\t<meta property=\"og:image\" content=\"https:\/\/scontent-gig4-1.xx.fbcdn.net\/v\/t39.30808-1\/270437624_4564083193639691_6907940295614233970_n.jpg?stp=dst-jpg_s200x200_tt6&#038;_nc_cat=111&#038;ccb=1-7&#038;_nc_sid=f907e8&#038;_nc_ohc=SM1wRlP3lJwQ7kNvwEPuBYA&#038;_nc_oc=AdnqrjDN_BNjSSHWO-GbkIWH6fkGMLw4bqvL_NH6e2wMveX7G-rP2dAqsDSq1mJMOaY&#038;_nc_zt=24&#038;_nc_ht=scontent-gig4-1.xx&#038;_nc_gid=AoBFJeGrT1hVaew_6rchkQ&#038;oh=00_AfX7QmFGhQhG2jAllVgXCiM1ZrWgvtp80-Bfppyexh1QEg&#038;oe=689E923C\" \/>\n\t\t<meta property=\"og:image:secure_url\" content=\"https:\/\/scontent-gig4-1.xx.fbcdn.net\/v\/t39.30808-1\/270437624_4564083193639691_6907940295614233970_n.jpg?stp=dst-jpg_s200x200_tt6&#038;_nc_cat=111&#038;ccb=1-7&#038;_nc_sid=f907e8&#038;_nc_ohc=SM1wRlP3lJwQ7kNvwEPuBYA&#038;_nc_oc=AdnqrjDN_BNjSSHWO-GbkIWH6fkGMLw4bqvL_NH6e2wMveX7G-rP2dAqsDSq1mJMOaY&#038;_nc_zt=24&#038;_nc_ht=scontent-gig4-1.xx&#038;_nc_gid=AoBFJeGrT1hVaew_6rchkQ&#038;oh=00_AfX7QmFGhQhG2jAllVgXCiM1ZrWgvtp80-Bfppyexh1QEg&#038;oe=689E923C\" \/>\n\t\t<meta property=\"article:published_time\" content=\"2016-08-08T12:48:34+00:00\" \/>\n\t\t<meta property=\"article:modified_time\" content=\"2016-08-08T12:48:34+00:00\" \/>\n\t\t<meta name=\"twitter:card\" content=\"summary_large_image\" \/>\n\t\t<meta name=\"twitter:title\" content=\"Congresso \u201cPr\u00e9-Geraforte\u201d \u00e9 sucesso em Muria\u00e9 - A Not\u00edcia Online\" \/>\n\t\t<meta name=\"twitter:description\" content=\"O \u201cPr\u00e9-Geraforte\u201d, congresso de jovens da Igreja do Evangelho Quadrangular, reuniu centenas de jovens para louvar e conhecer mais sobre os projetos de Cristo. O encontro aconteceu no s\u00e1bado e domingo (30 e 31), no S\u00edtio Eben\u00e9zer (S\u00edtio da Quadrangular). Durante o encontro, foram realizadas prega\u00e7\u00f5es do Evangelho e apresenta\u00e7\u00f5es musicais dos minist\u00e9rios de louvor\" \/>\n\t\t<meta name=\"twitter:image\" content=\"https:\/\/scontent-gig4-1.xx.fbcdn.net\/v\/t39.30808-1\/270437624_4564083193639691_6907940295614233970_n.jpg?stp=dst-jpg_s200x200_tt6&amp;_nc_cat=111&amp;ccb=1-7&amp;_nc_sid=f907e8&amp;_nc_ohc=SM1wRlP3lJwQ7kNvwEPuBYA&amp;_nc_oc=AdnqrjDN_BNjSSHWO-GbkIWH6fkGMLw4bqvL_NH6e2wMveX7G-rP2dAqsDSq1mJMOaY&amp;_nc_zt=24&amp;_nc_ht=scontent-gig4-1.xx&amp;_nc_gid=AoBFJeGrT1hVaew_6rchkQ&amp;oh=00_AfX7QmFGhQhG2jAllVgXCiM1ZrWgvtp80-Bfppyexh1QEg&amp;oe=689E923C\" \/>\n\t\t<script type=\"application\/ld+json\" class=\"aioseo-schema\">\n\t\t\t{\"@context\":\"https:\\\/\\\/schema.org\",\"@graph\":[{\"@type\":\"BlogPosting\",\"@id\":\"https:\\\/\\\/anoticiaonline.com.br\\\/site\\\/congresso-pre-geraforte-e-sucesso-em-muriae\\\/#blogposting\",\"name\":\"Congresso \\u201cPr\\u00e9-Geraforte\\u201d \\u00e9 sucesso em Muria\\u00e9 - A Not\\u00edcia Online\",\"headline\":\"Congresso \\u201cPr\\u00e9-Geraforte\\u201d \\u00e9 sucesso em Muria\\u00e9\",\"author\":{\"@id\":\"https:\\\/\\\/anoticiaonline.com.br\\\/site\\\/author\\\/juliana\\\/#author\"},\"publisher\":{\"@id\":\"https:\\\/\\\/anoticiaonline.com.br\\\/site\\\/#organization\"},\"image\":{\"@type\":\"ImageObject\",\"url\":\"https:\\\/\\\/anoticiaonline.com.br\\\/site\\\/wp-content\\\/uploads\\\/2016\\\/08\\\/DSC_0585.jpg\",\"width\":640,\"height\":424},\"datePublished\":\"2016-08-08T09:48:34-03:00\",\"dateModified\":\"2016-08-08T09:48:34-03:00\",\"inLanguage\":\"pt-BR\",\"mainEntityOfPage\":{\"@id\":\"https:\\\/\\\/anoticiaonline.com.br\\\/site\\\/congresso-pre-geraforte-e-sucesso-em-muriae\\\/#webpage\"},\"isPartOf\":{\"@id\":\"https:\\\/\\\/anoticiaonline.com.br\\\/site\\\/congresso-pre-geraforte-e-sucesso-em-muriae\\\/#webpage\"},\"articleSection\":\"Eventos, slide\"},{\"@type\":\"BreadcrumbList\",\"@id\":\"https:\\\/\\\/anoticiaonline.com.br\\\/site\\\/congresso-pre-geraforte-e-sucesso-em-muriae\\\/#breadcrumblist\",\"itemListElement\":[{\"@type\":\"ListItem\",\"@id\":\"https:\\\/\\\/anoticiaonline.com.br\\\/site#listItem\",\"position\":1,\"name\":\"Home\",\"item\":\"https:\\\/\\\/anoticiaonline.com.br\\\/site\",\"nextItem\":{\"@type\":\"ListItem\",\"@id\":\"https:\\\/\\\/anoticiaonline.com.br\\\/site\\\/categoria\\\/eventos\\\/#listItem\",\"name\":\"Eventos\"}},{\"@type\":\"ListItem\",\"@id\":\"https:\\\/\\\/anoticiaonline.com.br\\\/site\\\/categoria\\\/eventos\\\/#listItem\",\"position\":2,\"name\":\"Eventos\",\"item\":\"https:\\\/\\\/anoticiaonline.com.br\\\/site\\\/categoria\\\/eventos\\\/\",\"nextItem\":{\"@type\":\"ListItem\",\"@id\":\"https:\\\/\\\/anoticiaonline.com.br\\\/site\\\/congresso-pre-geraforte-e-sucesso-em-muriae\\\/#listItem\",\"name\":\"Congresso \\u201cPr\\u00e9-Geraforte\\u201d \\u00e9 sucesso em Muria\\u00e9\"},\"previousItem\":{\"@type\":\"ListItem\",\"@id\":\"https:\\\/\\\/anoticiaonline.com.br\\\/site#listItem\",\"name\":\"Home\"}},{\"@type\":\"ListItem\",\"@id\":\"https:\\\/\\\/anoticiaonline.com.br\\\/site\\\/congresso-pre-geraforte-e-sucesso-em-muriae\\\/#listItem\",\"position\":3,\"name\":\"Congresso \\u201cPr\\u00e9-Geraforte\\u201d \\u00e9 sucesso em Muria\\u00e9\",\"previousItem\":{\"@type\":\"ListItem\",\"@id\":\"https:\\\/\\\/anoticiaonline.com.br\\\/site\\\/categoria\\\/eventos\\\/#listItem\",\"name\":\"Eventos\"}}]},{\"@type\":\"Organization\",\"@id\":\"https:\\\/\\\/anoticiaonline.com.br\\\/site\\\/#organization\",\"name\":\"A Not\\u00edcia Online\",\"description\":\"Noticias de Muria\\u00e9 e regi\\u00e3o\",\"url\":\"https:\\\/\\\/anoticiaonline.com.br\\\/site\\\/\",\"logo\":{\"@type\":\"ImageObject\",\"url\":\"https:\\\/\\\/scontent-gig4-1.xx.fbcdn.net\\\/v\\\/t39.30808-1\\\/270437624_4564083193639691_6907940295614233970_n.jpg?stp=dst-jpg_s200x200_tt6&_nc_cat=111&ccb=1-7&_nc_sid=f907e8&_nc_ohc=SM1wRlP3lJwQ7kNvwEPuBYA&_nc_oc=AdnqrjDN_BNjSSHWO-GbkIWH6fkGMLw4bqvL_NH6e2wMveX7G-rP2dAqsDSq1mJMOaY&_nc_zt=24&_nc_ht=scontent-gig4-1.xx&_nc_gid=AoBFJeGrT1hVaew_6rchkQ&oh=00_AfX7QmFGhQhG2jAllVgXCiM1ZrWgvtp80-Bfppyexh1QEg&oe=689E923C\",\"@id\":\"https:\\\/\\\/anoticiaonline.com.br\\\/site\\\/congresso-pre-geraforte-e-sucesso-em-muriae\\\/#organizationLogo\"},\"image\":{\"@id\":\"https:\\\/\\\/anoticiaonline.com.br\\\/site\\\/congresso-pre-geraforte-e-sucesso-em-muriae\\\/#organizationLogo\"}},{\"@type\":\"Person\",\"@id\":\"https:\\\/\\\/anoticiaonline.com.br\\\/site\\\/author\\\/juliana\\\/#author\",\"url\":\"https:\\\/\\\/anoticiaonline.com.br\\\/site\\\/author\\\/juliana\\\/\",\"name\":\"Juliana Laviola\",\"image\":{\"@type\":\"ImageObject\",\"@id\":\"https:\\\/\\\/anoticiaonline.com.br\\\/site\\\/congresso-pre-geraforte-e-sucesso-em-muriae\\\/#authorImage\",\"url\":\"https:\\\/\\\/secure.gravatar.com\\\/avatar\\\/b8d45f5c699b100dfaf0e543582f38f38bf94cb7ae3a5e9abf8d891a34773335?s=96&d=mm&r=g\",\"width\":96,\"height\":96,\"caption\":\"Juliana Laviola\"}},{\"@type\":\"WebPage\",\"@id\":\"https:\\\/\\\/anoticiaonline.com.br\\\/site\\\/congresso-pre-geraforte-e-sucesso-em-muriae\\\/#webpage\",\"url\":\"https:\\\/\\\/anoticiaonline.com.br\\\/site\\\/congresso-pre-geraforte-e-sucesso-em-muriae\\\/\",\"name\":\"Congresso \\u201cPr\\u00e9-Geraforte\\u201d \\u00e9 sucesso em Muria\\u00e9 - A Not\\u00edcia Online\",\"description\":\"O \\u201cPr\\u00e9-Geraforte\\u201d, congresso de jovens da Igreja do Evangelho Quadrangular, reuniu centenas de jovens para louvar e conhecer mais sobre os projetos de Cristo. O encontro aconteceu no s\\u00e1bado e domingo (30 e 31), no S\\u00edtio Eben\\u00e9zer (S\\u00edtio da Quadrangular). Durante o encontro, foram realizadas prega\\u00e7\\u00f5es do Evangelho e apresenta\\u00e7\\u00f5es musicais dos minist\\u00e9rios de louvor\",\"inLanguage\":\"pt-BR\",\"isPartOf\":{\"@id\":\"https:\\\/\\\/anoticiaonline.com.br\\\/site\\\/#website\"},\"breadcrumb\":{\"@id\":\"https:\\\/\\\/anoticiaonline.com.br\\\/site\\\/congresso-pre-geraforte-e-sucesso-em-muriae\\\/#breadcrumblist\"},\"author\":{\"@id\":\"https:\\\/\\\/anoticiaonline.com.br\\\/site\\\/author\\\/juliana\\\/#author\"},\"creator\":{\"@id\":\"https:\\\/\\\/anoticiaonline.com.br\\\/site\\\/author\\\/juliana\\\/#author\"},\"image\":{\"@type\":\"ImageObject\",\"url\":\"https:\\\/\\\/anoticiaonline.com.br\\\/site\\\/wp-content\\\/uploads\\\/2016\\\/08\\\/DSC_0585.jpg\",\"@id\":\"https:\\\/\\\/anoticiaonline.com.br\\\/site\\\/congresso-pre-geraforte-e-sucesso-em-muriae\\\/#mainImage\",\"width\":640,\"height\":424},\"primaryImageOfPage\":{\"@id\":\"https:\\\/\\\/anoticiaonline.com.br\\\/site\\\/congresso-pre-geraforte-e-sucesso-em-muriae\\\/#mainImage\"},\"datePublished\":\"2016-08-08T09:48:34-03:00\",\"dateModified\":\"2016-08-08T09:48:34-03:00\"},{\"@type\":\"WebSite\",\"@id\":\"https:\\\/\\\/anoticiaonline.com.br\\\/site\\\/#website\",\"url\":\"https:\\\/\\\/anoticiaonline.com.br\\\/site\\\/\",\"name\":\"A Not\\u00edcia Online\",\"description\":\"Noticias de Muria\\u00e9 e regi\\u00e3o\",\"inLanguage\":\"pt-BR\",\"publisher\":{\"@id\":\"https:\\\/\\\/anoticiaonline.com.br\\\/site\\\/#organization\"}}]}\n\t\t<\/script>\n\t\t<!-- All in One SEO -->\n\n","aioseo_head_json":{"title":"Congresso \u201cPr\u00e9-Geraforte\u201d \u00e9 sucesso em Muria\u00e9 - A Not\u00edcia Online","description":"O \u201cPr\u00e9-Geraforte\u201d, congresso de jovens da Igreja do Evangelho Quadrangular, reuniu centenas de jovens para louvar e conhecer mais sobre os projetos de Cristo. O encontro aconteceu no s\u00e1bado e domingo (30 e 31), no S\u00edtio Eben\u00e9zer (S\u00edtio da Quadrangular). Durante o encontro, foram realizadas prega\u00e7\u00f5es do Evangelho e apresenta\u00e7\u00f5es musicais dos minist\u00e9rios de louvor","canonical_url":"https:\/\/anoticiaonline.com.br\/site\/congresso-pre-geraforte-e-sucesso-em-muriae\/","robots":"max-image-preview:large","keywords":"","webmasterTools":{"miscellaneous":""},"schema":{"@context":"https:\/\/schema.org","@graph":[{"@type":"BlogPosting","@id":"https:\/\/anoticiaonline.com.br\/site\/congresso-pre-geraforte-e-sucesso-em-muriae\/#blogposting","name":"Congresso \u201cPr\u00e9-Geraforte\u201d \u00e9 sucesso em Muria\u00e9 - A Not\u00edcia Online","headline":"Congresso \u201cPr\u00e9-Geraforte\u201d \u00e9 sucesso em Muria\u00e9","author":{"@id":"https:\/\/anoticiaonline.com.br\/site\/author\/juliana\/#author"},"publisher":{"@id":"https:\/\/anoticiaonline.com.br\/site\/#organization"},"image":{"@type":"ImageObject","url":"https:\/\/anoticiaonline.com.br\/site\/wp-content\/uploads\/2016\/08\/DSC_0585.jpg","width":640,"height":424},"datePublished":"2016-08-08T09:48:34-03:00","dateModified":"2016-08-08T09:48:34-03:00","inLanguage":"pt-BR","mainEntityOfPage":{"@id":"https:\/\/anoticiaonline.com.br\/site\/congresso-pre-geraforte-e-sucesso-em-muriae\/#webpage"},"isPartOf":{"@id":"https:\/\/anoticiaonline.com.br\/site\/congresso-pre-geraforte-e-sucesso-em-muriae\/#webpage"},"articleSection":"Eventos, slide"},{"@type":"BreadcrumbList","@id":"https:\/\/anoticiaonline.com.br\/site\/congresso-pre-geraforte-e-sucesso-em-muriae\/#breadcrumblist","itemListElement":[{"@type":"ListItem","@id":"https:\/\/anoticiaonline.com.br\/site#listItem","position":1,"name":"Home","item":"https:\/\/anoticiaonline.com.br\/site","nextItem":{"@type":"ListItem","@id":"https:\/\/anoticiaonline.com.br\/site\/categoria\/eventos\/#listItem","name":"Eventos"}},{"@type":"ListItem","@id":"https:\/\/anoticiaonline.com.br\/site\/categoria\/eventos\/#listItem","position":2,"name":"Eventos","item":"https:\/\/anoticiaonline.com.br\/site\/categoria\/eventos\/","nextItem":{"@type":"ListItem","@id":"https:\/\/anoticiaonline.com.br\/site\/congresso-pre-geraforte-e-sucesso-em-muriae\/#listItem","name":"Congresso \u201cPr\u00e9-Geraforte\u201d \u00e9 sucesso em Muria\u00e9"},"previousItem":{"@type":"ListItem","@id":"https:\/\/anoticiaonline.com.br\/site#listItem","name":"Home"}},{"@type":"ListItem","@id":"https:\/\/anoticiaonline.com.br\/site\/congresso-pre-geraforte-e-sucesso-em-muriae\/#listItem","position":3,"name":"Congresso \u201cPr\u00e9-Geraforte\u201d \u00e9 sucesso em Muria\u00e9","previousItem":{"@type":"ListItem","@id":"https:\/\/anoticiaonline.com.br\/site\/categoria\/eventos\/#listItem","name":"Eventos"}}]},{"@type":"Organization","@id":"https:\/\/anoticiaonline.com.br\/site\/#organization","name":"A Not\u00edcia Online","description":"Noticias de Muria\u00e9 e regi\u00e3o","url":"https:\/\/anoticiaonline.com.br\/site\/","logo":{"@type":"ImageObject","url":"https:\/\/scontent-gig4-1.xx.fbcdn.net\/v\/t39.30808-1\/270437624_4564083193639691_6907940295614233970_n.jpg?stp=dst-jpg_s200x200_tt6&_nc_cat=111&ccb=1-7&_nc_sid=f907e8&_nc_ohc=SM1wRlP3lJwQ7kNvwEPuBYA&_nc_oc=AdnqrjDN_BNjSSHWO-GbkIWH6fkGMLw4bqvL_NH6e2wMveX7G-rP2dAqsDSq1mJMOaY&_nc_zt=24&_nc_ht=scontent-gig4-1.xx&_nc_gid=AoBFJeGrT1hVaew_6rchkQ&oh=00_AfX7QmFGhQhG2jAllVgXCiM1ZrWgvtp80-Bfppyexh1QEg&oe=689E923C","@id":"https:\/\/anoticiaonline.com.br\/site\/congresso-pre-geraforte-e-sucesso-em-muriae\/#organizationLogo"},"image":{"@id":"https:\/\/anoticiaonline.com.br\/site\/congresso-pre-geraforte-e-sucesso-em-muriae\/#organizationLogo"}},{"@type":"Person","@id":"https:\/\/anoticiaonline.com.br\/site\/author\/juliana\/#author","url":"https:\/\/anoticiaonline.com.br\/site\/author\/juliana\/","name":"Juliana Laviola","image":{"@type":"ImageObject","@id":"https:\/\/anoticiaonline.com.br\/site\/congresso-pre-geraforte-e-sucesso-em-muriae\/#authorImage","url":"https:\/\/secure.gravatar.com\/avatar\/b8d45f5c699b100dfaf0e543582f38f38bf94cb7ae3a5e9abf8d891a34773335?s=96&d=mm&r=g","width":96,"height":96,"caption":"Juliana Laviola"}},{"@type":"WebPage","@id":"https:\/\/anoticiaonline.com.br\/site\/congresso-pre-geraforte-e-sucesso-em-muriae\/#webpage","url":"https:\/\/anoticiaonline.com.br\/site\/congresso-pre-geraforte-e-sucesso-em-muriae\/","name":"Congresso \u201cPr\u00e9-Geraforte\u201d \u00e9 sucesso em Muria\u00e9 - A Not\u00edcia Online","description":"O \u201cPr\u00e9-Geraforte\u201d, congresso de jovens da Igreja do Evangelho Quadrangular, reuniu centenas de jovens para louvar e conhecer mais sobre os projetos de Cristo. O encontro aconteceu no s\u00e1bado e domingo (30 e 31), no S\u00edtio Eben\u00e9zer (S\u00edtio da Quadrangular). Durante o encontro, foram realizadas prega\u00e7\u00f5es do Evangelho e apresenta\u00e7\u00f5es musicais dos minist\u00e9rios de louvor","inLanguage":"pt-BR","isPartOf":{"@id":"https:\/\/anoticiaonline.com.br\/site\/#website"},"breadcrumb":{"@id":"https:\/\/anoticiaonline.com.br\/site\/congresso-pre-geraforte-e-sucesso-em-muriae\/#breadcrumblist"},"author":{"@id":"https:\/\/anoticiaonline.com.br\/site\/author\/juliana\/#author"},"creator":{"@id":"https:\/\/anoticiaonline.com.br\/site\/author\/juliana\/#author"},"image":{"@type":"ImageObject","url":"https:\/\/anoticiaonline.com.br\/site\/wp-content\/uploads\/2016\/08\/DSC_0585.jpg","@id":"https:\/\/anoticiaonline.com.br\/site\/congresso-pre-geraforte-e-sucesso-em-muriae\/#mainImage","width":640,"height":424},"primaryImageOfPage":{"@id":"https:\/\/anoticiaonline.com.br\/site\/congresso-pre-geraforte-e-sucesso-em-muriae\/#mainImage"},"datePublished":"2016-08-08T09:48:34-03:00","dateModified":"2016-08-08T09:48:34-03:00"},{"@type":"WebSite","@id":"https:\/\/anoticiaonline.com.br\/site\/#website","url":"https:\/\/anoticiaonline.com.br\/site\/","name":"A Not\u00edcia Online","description":"Noticias de Muria\u00e9 e regi\u00e3o","inLanguage":"pt-BR","publisher":{"@id":"https:\/\/anoticiaonline.com.br\/site\/#organization"}}]},"og:locale":"pt_BR","og:site_name":"A Not\u00edcia Online - Noticias de Muria\u00e9 e regi\u00e3o","og:type":"article","og:title":"Congresso \u201cPr\u00e9-Geraforte\u201d \u00e9 sucesso em Muria\u00e9 - A Not\u00edcia Online","og:description":"O \u201cPr\u00e9-Geraforte\u201d, congresso de jovens da Igreja do Evangelho Quadrangular, reuniu centenas de jovens para louvar e conhecer mais sobre os projetos de Cristo. O encontro aconteceu no s\u00e1bado e domingo (30 e 31), no S\u00edtio Eben\u00e9zer (S\u00edtio da Quadrangular). Durante o encontro, foram realizadas prega\u00e7\u00f5es do Evangelho e apresenta\u00e7\u00f5es musicais dos minist\u00e9rios de louvor","og:url":"https:\/\/anoticiaonline.com.br\/site\/congresso-pre-geraforte-e-sucesso-em-muriae\/","og:image":"https:\/\/scontent-gig4-1.xx.fbcdn.net\/v\/t39.30808-1\/270437624_4564083193639691_6907940295614233970_n.jpg?stp=dst-jpg_s200x200_tt6&#038;_nc_cat=111&#038;ccb=1-7&#038;_nc_sid=f907e8&#038;_nc_ohc=SM1wRlP3lJwQ7kNvwEPuBYA&#038;_nc_oc=AdnqrjDN_BNjSSHWO-GbkIWH6fkGMLw4bqvL_NH6e2wMveX7G-rP2dAqsDSq1mJMOaY&#038;_nc_zt=24&#038;_nc_ht=scontent-gig4-1.xx&#038;_nc_gid=AoBFJeGrT1hVaew_6rchkQ&#038;oh=00_AfX7QmFGhQhG2jAllVgXCiM1ZrWgvtp80-Bfppyexh1QEg&#038;oe=689E923C","og:image:secure_url":"https:\/\/scontent-gig4-1.xx.fbcdn.net\/v\/t39.30808-1\/270437624_4564083193639691_6907940295614233970_n.jpg?stp=dst-jpg_s200x200_tt6&#038;_nc_cat=111&#038;ccb=1-7&#038;_nc_sid=f907e8&#038;_nc_ohc=SM1wRlP3lJwQ7kNvwEPuBYA&#038;_nc_oc=AdnqrjDN_BNjSSHWO-GbkIWH6fkGMLw4bqvL_NH6e2wMveX7G-rP2dAqsDSq1mJMOaY&#038;_nc_zt=24&#038;_nc_ht=scontent-gig4-1.xx&#038;_nc_gid=AoBFJeGrT1hVaew_6rchkQ&#038;oh=00_AfX7QmFGhQhG2jAllVgXCiM1ZrWgvtp80-Bfppyexh1QEg&#038;oe=689E923C","article:published_time":"2016-08-08T12:48:34+00:00","article:modified_time":"2016-08-08T12:48:34+00:00","twitter:card":"summary_large_image","twitter:title":"Congresso \u201cPr\u00e9-Geraforte\u201d \u00e9 sucesso em Muria\u00e9 - A Not\u00edcia Online","twitter:description":"O \u201cPr\u00e9-Geraforte\u201d, congresso de jovens da Igreja do Evangelho Quadrangular, reuniu centenas de jovens para louvar e conhecer mais sobre os projetos de Cristo. O encontro aconteceu no s\u00e1bado e domingo (30 e 31), no S\u00edtio Eben\u00e9zer (S\u00edtio da Quadrangular). Durante o encontro, foram realizadas prega\u00e7\u00f5es do Evangelho e apresenta\u00e7\u00f5es musicais dos minist\u00e9rios de louvor","twitter:image":"https:\/\/scontent-gig4-1.xx.fbcdn.net\/v\/t39.30808-1\/270437624_4564083193639691_6907940295614233970_n.jpg?stp=dst-jpg_s200x200_tt6&_nc_cat=111&ccb=1-7&_nc_sid=f907e8&_nc_ohc=SM1wRlP3lJwQ7kNvwEPuBYA&_nc_oc=AdnqrjDN_BNjSSHWO-GbkIWH6fkGMLw4bqvL_NH6e2wMveX7G-rP2dAqsDSq1mJMOaY&_nc_zt=24&_nc_ht=scontent-gig4-1.xx&_nc_gid=AoBFJeGrT1hVaew_6rchkQ&oh=00_AfX7QmFGhQhG2jAllVgXCiM1ZrWgvtp80-Bfppyexh1QEg&oe=689E923C"},"aioseo_meta_data":{"post_id":"16471","title":null,"description":null,"keywords":null,"keyphrases":null,"primary_term":null,"canonical_url":null,"og_title":null,"og_description":null,"og_object_type":"default","og_image_type":"default","og_image_url":null,"og_image_width":null,"og_image_height":null,"og_image_custom_url":null,"og_image_custom_fields":null,"og_video":null,"og_custom_url":null,"og_article_section":null,"og_article_tags":null,"twitter_use_og":false,"twitter_card":"default","twitter_image_type":"default","twitter_image_url":null,"twitter_image_custom_url":null,"twitter_image_custom_fields":null,"twitter_title":null,"twitter_description":null,"schema":{"blockGraphs":[],"customGraphs":[],"default":{"data":{"Article":[],"Course":[],"Dataset":[],"FAQPage":[],"Movie":[],"Person":[],"Product":[],"ProductReview":[],"Car":[],"Recipe":[],"Service":[],"SoftwareApplication":[],"WebPage":[]},"graphName":"","isEnabled":true},"graphs":[]},"schema_type":"default","schema_type_options":null,"pillar_content":false,"robots_default":true,"robots_noindex":false,"robots_noarchive":false,"robots_nosnippet":false,"robots_nofollow":false,"robots_noimageindex":false,"robots_noodp":false,"robots_notranslate":false,"robots_max_snippet":null,"robots_max_videopreview":null,"robots_max_imagepreview":"large","priority":null,"frequency":null,"local_seo":null,"breadcrumb_settings":null,"limit_modified_date":false,"ai":null,"created":"2025-08-16 16:34:58","updated":"2025-08-16 16:34:58","focus_keyword":null,"additional_keywords":null,"truseo_locale":null,"seo_analyzer_scan_date":null},"aioseo_breadcrumb":"<div class=\"aioseo-breadcrumbs\"><span class=\"aioseo-breadcrumb\">\n\t\t\t<a href=\"https:\/\/anoticiaonline.com.br\/site\" title=\"Home\">Home<\/a>\n\t\t<\/span><span class=\"aioseo-breadcrumb-separator\">&raquo;<\/span><span class=\"aioseo-breadcrumb\">\n\t\t\t<a href=\"https:\/\/anoticiaonline.com.br\/site\/categoria\/eventos\/\" title=\"Eventos\">Eventos<\/a>\n\t\t<\/span><span class=\"aioseo-breadcrumb-separator\">&raquo;<\/span><span class=\"aioseo-breadcrumb\">\n\t\t\tCongresso \u201cPr\u00e9-Geraforte\u201d \u00e9 sucesso em Muria\u00e9\n\t\t<\/span><\/div>","aioseo_breadcrumb_json":[{"label":"Home","link":"https:\/\/anoticiaonline.com.br\/site"},{"label":"Eventos","link":"https:\/\/anoticiaonline.com.br\/site\/categoria\/eventos\/"},{"label":"Congresso \u201cPr\u00e9-Geraforte\u201d \u00e9 sucesso em Muria\u00e9","link":"https:\/\/anoticiaonline.com.br\/site\/congresso-pre-geraforte-e-sucesso-em-muriae\/"}],"views":153,"_links":{"self":[{"href":"https:\/\/anoticiaonline.com.br\/site\/wp-json\/wp\/v2\/posts\/16471","targetHints":{"allow":["GET"]}}],"collection":[{"href":"https:\/\/anoticiaonline.com.br\/site\/wp-json\/wp\/v2\/posts"}],"about":[{"href":"https:\/\/anoticiaonline.com.br\/site\/wp-json\/wp\/v2\/types\/post"}],"author":[{"embeddable":true,"href":"https:\/\/anoticiaonline.com.br\/site\/wp-json\/wp\/v2\/users\/2"}],"replies":[{"embeddable":true,"href":"https:\/\/anoticiaonline.com.br\/site\/wp-json\/wp\/v2\/comments?post=16471"}],"version-history":[{"count":0,"href":"https:\/\/anoticiaonline.com.br\/site\/wp-json\/wp\/v2\/posts\/16471\/revisions"}],"wp:featuredmedia":[{"embeddable":true,"href":"https:\/\/anoticiaonline.com.br\/site\/wp-json\/wp\/v2\/media\/16472"}],"wp:attachment":[{"href":"https:\/\/anoticiaonline.com.br\/site\/wp-json\/wp\/v2\/media?parent=16471"}],"wp:term":[{"taxonomy":"category","embeddable":true,"href":"https:\/\/anoticiaonline.com.br\/site\/wp-json\/wp\/v2\/categories?post=16471"},{"taxonomy":"post_tag","embeddable":true,"href":"https:\/\/anoticiaonline.com.br\/site\/wp-json\/wp\/v2\/tags?post=16471"}],"curies":[{"name":"wp","href":"https:\/\/api.w.org\/{rel}","templated":true}]}}