{"id":16404,"date":"2016-08-04T18:25:50","date_gmt":"2016-08-04T21:25:50","guid":{"rendered":"http:\/\/anoticiaonline.com.br\/site\/?p=16404"},"modified":"2016-08-04T18:25:50","modified_gmt":"2016-08-04T21:25:50","slug":"projeto-escola-de-samba-unidos-do-santa-terezinha-participa-da-semana-cultural-de-vieiras","status":"publish","type":"post","link":"https:\/\/anoticiaonline.com.br\/site\/projeto-escola-de-samba-unidos-do-santa-terezinha-participa-da-semana-cultural-de-vieiras\/","title":{"rendered":"Projeto Escola de Samba Unidos do Santa Terezinha participa da Semana Cultural de Vieiras"},"content":{"rendered":"<p><a href=\"https:\/\/anoticiaonline.com.br\/site\/wp-content\/uploads\/2016\/08\/IMG-20160802-WA0068.jpg\"><img fetchpriority=\"high\" decoding=\"async\" class=\" size-medium wp-image-16405 alignleft\" src=\"https:\/\/anoticiaonline.com.br\/site\/wp-content\/uploads\/2016\/08\/IMG-20160802-WA0068-300x172.jpg\" alt=\"IMG-20160802-WA0068\" width=\"300\" height=\"172\" srcset=\"https:\/\/anoticiaonline.com.br\/site\/wp-content\/uploads\/2016\/08\/IMG-20160802-WA0068-300x172.jpg 300w, https:\/\/anoticiaonline.com.br\/site\/wp-content\/uploads\/2016\/08\/IMG-20160802-WA0068.jpg 640w\" sizes=\"(max-width: 300px) 100vw, 300px\" \/><\/a>Quarenta crian\u00e7as participantes do Projeto Escola de Samba Unidos do Santa Terezinha se apresentaram na sexta edi\u00e7\u00e3o da Semana Cultural de Vieiras. No domingo (31), os pequenos mostraram que est\u00e3o afinados quando o assunto \u00e9 samba, tocando e cantando v\u00e1rias m\u00fasicas e enredos de carnaval.<\/p>\n<p>O projeto existe h\u00e1 quatro anos \u2013 h\u00e1 tr\u00eas anos consecutivos \u00e9 beneficiado pela Lei Municipal de Incentivo ao Esporte, Lazer e Turismo Alcyr Pires Vermelho. \u201cO projeto tem dado certo e alcan\u00e7ado excelentes resultados. Prova disso \u00e9 ter sido aprovado pela lei por tr\u00eas vezes consecutivas\u201d, afirma o proponente do projeto, Cl\u00e1udio Roberto Ventura, agradecendo aos professores Pedro Roque (Pedr\u00e3o) e Carlos Roberto (Betinho) e a colaboradora Zelinha.<\/p>\n<p>Atualmente, 60 crian\u00e7as fazem parte do \u201cEscola de Samba Unidos do Santa Terezinha\u201d. Nele, os pequenos aprendem a tocar samba e outros ritmos. Todas as crian\u00e7as participam do carnaval de Muria\u00e9, desfilando na Escola de Samba Unidos do Santa Terezinha. As que se destacam mais na bateria tocam o instrumento durante o desfile da escola. J\u00e1 as que ainda n\u00e3o est\u00e3o totalmente afinadas desfilam em alas da escola de samba.<\/p>\n<p>Os ensaios acontecem \u00e0s ter\u00e7as e quintas-feiras, das 18h30min \u00e0s 20h, no Centro Social Urbano (CSU).<\/p>\n<p><img decoding=\"async\" class=\"ngg_displayed_gallery mceItem\" src=\"https:\/\/anoticiaonline.com.br\/site\/nextgen-attach_to_post\/preview\/id--16438\" alt=\"\" \/><\/p>\n","protected":false},"excerpt":{"rendered":"<p>Quarenta crian\u00e7as participantes do Projeto Escola de Samba Unidos do Santa Terezinha se apresentaram na sexta edi\u00e7\u00e3o da Semana Cultural de Vieiras. No domingo (31), os pequenos mostraram que est\u00e3o afinados quando o assunto \u00e9 samba, tocando e cantando v\u00e1rias m\u00fasicas e enredos de carnaval. O projeto existe h\u00e1 quatro anos \u2013 h\u00e1 tr\u00eas anos &#8230; <a title=\"Projeto Escola de Samba Unidos do Santa Terezinha participa da Semana Cultural de Vieiras\" class=\"read-more\" href=\"https:\/\/anoticiaonline.com.br\/site\/projeto-escola-de-samba-unidos-do-santa-terezinha-participa-da-semana-cultural-de-vieiras\/\" aria-label=\"Read more about Projeto Escola de Samba Unidos do Santa Terezinha participa da Semana Cultural de Vieiras\">Ler mais<\/a><\/p>\n","protected":false},"author":2,"featured_media":16405,"comment_status":"open","ping_status":"open","sticky":false,"template":"","format":"standard","meta":{"_acf_changed":false,"_monsterinsights_skip_tracking":false,"footnotes":""},"categories":[30],"tags":[3],"class_list":["post-16404","post","type-post","status-publish","format-standard","has-post-thumbnail","hentry","category-muriae","tag-slide"],"acf":[],"aioseo_notices":[],"aioseo_head":"\n\t\t<!-- All in One SEO 5.0.0.1 - aioseo.com -->\n\t<meta name=\"description\" content=\"Quarenta crian\u00e7as participantes do Projeto Escola de Samba Unidos do Santa Terezinha se apresentaram na sexta edi\u00e7\u00e3o da Semana Cultural de Vieiras. No domingo (31), os pequenos mostraram que est\u00e3o afinados quando o assunto \u00e9 samba, tocando e cantando v\u00e1rias m\u00fasicas e enredos de carnaval. O projeto existe h\u00e1 quatro anos \u2013 h\u00e1 tr\u00eas anos\" \/>\n\t<meta name=\"robots\" content=\"max-image-preview:large\" \/>\n\t<meta name=\"author\" content=\"Juliana Laviola\"\/>\n\t<link rel=\"canonical\" href=\"https:\/\/anoticiaonline.com.br\/site\/projeto-escola-de-samba-unidos-do-santa-terezinha-participa-da-semana-cultural-de-vieiras\/\" \/>\n\t<meta name=\"generator\" content=\"All in One SEO (AIOSEO) 5.0.0.1\" \/>\n\t\t<meta property=\"og:locale\" content=\"pt_BR\" \/>\n\t\t<meta property=\"og:site_name\" content=\"A Not\u00edcia Online - Noticias de Muria\u00e9 e regi\u00e3o\" \/>\n\t\t<meta property=\"og:type\" content=\"article\" \/>\n\t\t<meta property=\"og:title\" content=\"Projeto Escola de Samba Unidos do Santa Terezinha participa da Semana Cultural de Vieiras - A Not\u00edcia Online\" \/>\n\t\t<meta property=\"og:description\" content=\"Quarenta crian\u00e7as participantes do Projeto Escola de Samba Unidos do Santa Terezinha se apresentaram na sexta edi\u00e7\u00e3o da Semana Cultural de Vieiras. No domingo (31), os pequenos mostraram que est\u00e3o afinados quando o assunto \u00e9 samba, tocando e cantando v\u00e1rias m\u00fasicas e enredos de carnaval. O projeto existe h\u00e1 quatro anos \u2013 h\u00e1 tr\u00eas anos\" \/>\n\t\t<meta property=\"og:url\" content=\"https:\/\/anoticiaonline.com.br\/site\/projeto-escola-de-samba-unidos-do-santa-terezinha-participa-da-semana-cultural-de-vieiras\/\" \/>\n\t\t<meta property=\"og:image\" content=\"https:\/\/scontent-gig4-1.xx.fbcdn.net\/v\/t39.30808-1\/270437624_4564083193639691_6907940295614233970_n.jpg?stp=dst-jpg_s200x200_tt6&#038;_nc_cat=111&#038;ccb=1-7&#038;_nc_sid=f907e8&#038;_nc_ohc=SM1wRlP3lJwQ7kNvwEPuBYA&#038;_nc_oc=AdnqrjDN_BNjSSHWO-GbkIWH6fkGMLw4bqvL_NH6e2wMveX7G-rP2dAqsDSq1mJMOaY&#038;_nc_zt=24&#038;_nc_ht=scontent-gig4-1.xx&#038;_nc_gid=AoBFJeGrT1hVaew_6rchkQ&#038;oh=00_AfX7QmFGhQhG2jAllVgXCiM1ZrWgvtp80-Bfppyexh1QEg&#038;oe=689E923C\" \/>\n\t\t<meta property=\"og:image:secure_url\" content=\"https:\/\/scontent-gig4-1.xx.fbcdn.net\/v\/t39.30808-1\/270437624_4564083193639691_6907940295614233970_n.jpg?stp=dst-jpg_s200x200_tt6&#038;_nc_cat=111&#038;ccb=1-7&#038;_nc_sid=f907e8&#038;_nc_ohc=SM1wRlP3lJwQ7kNvwEPuBYA&#038;_nc_oc=AdnqrjDN_BNjSSHWO-GbkIWH6fkGMLw4bqvL_NH6e2wMveX7G-rP2dAqsDSq1mJMOaY&#038;_nc_zt=24&#038;_nc_ht=scontent-gig4-1.xx&#038;_nc_gid=AoBFJeGrT1hVaew_6rchkQ&#038;oh=00_AfX7QmFGhQhG2jAllVgXCiM1ZrWgvtp80-Bfppyexh1QEg&#038;oe=689E923C\" \/>\n\t\t<meta property=\"article:published_time\" content=\"2016-08-04T21:25:50+00:00\" \/>\n\t\t<meta property=\"article:modified_time\" content=\"2016-08-04T21:25:50+00:00\" \/>\n\t\t<meta name=\"twitter:card\" content=\"summary_large_image\" \/>\n\t\t<meta name=\"twitter:title\" content=\"Projeto Escola de Samba Unidos do Santa Terezinha participa da Semana Cultural de Vieiras - A Not\u00edcia Online\" \/>\n\t\t<meta name=\"twitter:description\" content=\"Quarenta crian\u00e7as participantes do Projeto Escola de Samba Unidos do Santa Terezinha se apresentaram na sexta edi\u00e7\u00e3o da Semana Cultural de Vieiras. No domingo (31), os pequenos mostraram que est\u00e3o afinados quando o assunto \u00e9 samba, tocando e cantando v\u00e1rias m\u00fasicas e enredos de carnaval. O projeto existe h\u00e1 quatro anos \u2013 h\u00e1 tr\u00eas anos\" \/>\n\t\t<meta name=\"twitter:image\" content=\"https:\/\/scontent-gig4-1.xx.fbcdn.net\/v\/t39.30808-1\/270437624_4564083193639691_6907940295614233970_n.jpg?stp=dst-jpg_s200x200_tt6&amp;_nc_cat=111&amp;ccb=1-7&amp;_nc_sid=f907e8&amp;_nc_ohc=SM1wRlP3lJwQ7kNvwEPuBYA&amp;_nc_oc=AdnqrjDN_BNjSSHWO-GbkIWH6fkGMLw4bqvL_NH6e2wMveX7G-rP2dAqsDSq1mJMOaY&amp;_nc_zt=24&amp;_nc_ht=scontent-gig4-1.xx&amp;_nc_gid=AoBFJeGrT1hVaew_6rchkQ&amp;oh=00_AfX7QmFGhQhG2jAllVgXCiM1ZrWgvtp80-Bfppyexh1QEg&amp;oe=689E923C\" \/>\n\t\t<script type=\"application\/ld+json\" class=\"aioseo-schema\">\n\t\t\t{\"@context\":\"https:\\\/\\\/schema.org\",\"@graph\":[{\"@type\":\"BlogPosting\",\"@id\":\"https:\\\/\\\/anoticiaonline.com.br\\\/site\\\/projeto-escola-de-samba-unidos-do-santa-terezinha-participa-da-semana-cultural-de-vieiras\\\/#blogposting\",\"name\":\"Projeto Escola de Samba Unidos do Santa Terezinha participa da Semana Cultural de Vieiras - A Not\\u00edcia Online\",\"headline\":\"Projeto Escola de Samba Unidos do Santa Terezinha participa da Semana Cultural de Vieiras\",\"author\":{\"@id\":\"https:\\\/\\\/anoticiaonline.com.br\\\/site\\\/author\\\/juliana\\\/#author\"},\"publisher\":{\"@id\":\"https:\\\/\\\/anoticiaonline.com.br\\\/site\\\/#organization\"},\"image\":{\"@type\":\"ImageObject\",\"url\":\"https:\\\/\\\/anoticiaonline.com.br\\\/site\\\/wp-content\\\/uploads\\\/2016\\\/08\\\/IMG-20160802-WA0068.jpg\",\"width\":640,\"height\":366},\"datePublished\":\"2016-08-04T18:25:50-03:00\",\"dateModified\":\"2016-08-04T18:25:50-03:00\",\"inLanguage\":\"pt-BR\",\"mainEntityOfPage\":{\"@id\":\"https:\\\/\\\/anoticiaonline.com.br\\\/site\\\/projeto-escola-de-samba-unidos-do-santa-terezinha-participa-da-semana-cultural-de-vieiras\\\/#webpage\"},\"isPartOf\":{\"@id\":\"https:\\\/\\\/anoticiaonline.com.br\\\/site\\\/projeto-escola-de-samba-unidos-do-santa-terezinha-participa-da-semana-cultural-de-vieiras\\\/#webpage\"},\"articleSection\":\"Blog, slide\"},{\"@type\":\"BreadcrumbList\",\"@id\":\"https:\\\/\\\/anoticiaonline.com.br\\\/site\\\/projeto-escola-de-samba-unidos-do-santa-terezinha-participa-da-semana-cultural-de-vieiras\\\/#breadcrumblist\",\"itemListElement\":[{\"@type\":\"ListItem\",\"@id\":\"https:\\\/\\\/anoticiaonline.com.br\\\/site#listItem\",\"position\":1,\"name\":\"Home\",\"item\":\"https:\\\/\\\/anoticiaonline.com.br\\\/site\",\"nextItem\":{\"@type\":\"ListItem\",\"@id\":\"https:\\\/\\\/anoticiaonline.com.br\\\/site\\\/categoria\\\/muriae\\\/#listItem\",\"name\":\"Blog\"}},{\"@type\":\"ListItem\",\"@id\":\"https:\\\/\\\/anoticiaonline.com.br\\\/site\\\/categoria\\\/muriae\\\/#listItem\",\"position\":2,\"name\":\"Blog\",\"item\":\"https:\\\/\\\/anoticiaonline.com.br\\\/site\\\/categoria\\\/muriae\\\/\",\"nextItem\":{\"@type\":\"ListItem\",\"@id\":\"https:\\\/\\\/anoticiaonline.com.br\\\/site\\\/projeto-escola-de-samba-unidos-do-santa-terezinha-participa-da-semana-cultural-de-vieiras\\\/#listItem\",\"name\":\"Projeto Escola de Samba Unidos do Santa Terezinha participa da Semana Cultural de Vieiras\"},\"previousItem\":{\"@type\":\"ListItem\",\"@id\":\"https:\\\/\\\/anoticiaonline.com.br\\\/site#listItem\",\"name\":\"Home\"}},{\"@type\":\"ListItem\",\"@id\":\"https:\\\/\\\/anoticiaonline.com.br\\\/site\\\/projeto-escola-de-samba-unidos-do-santa-terezinha-participa-da-semana-cultural-de-vieiras\\\/#listItem\",\"position\":3,\"name\":\"Projeto Escola de Samba Unidos do Santa Terezinha participa da Semana Cultural de Vieiras\",\"previousItem\":{\"@type\":\"ListItem\",\"@id\":\"https:\\\/\\\/anoticiaonline.com.br\\\/site\\\/categoria\\\/muriae\\\/#listItem\",\"name\":\"Blog\"}}]},{\"@type\":\"Organization\",\"@id\":\"https:\\\/\\\/anoticiaonline.com.br\\\/site\\\/#organization\",\"name\":\"A Not\\u00edcia Online\",\"description\":\"Noticias de Muria\\u00e9 e regi\\u00e3o\",\"url\":\"https:\\\/\\\/anoticiaonline.com.br\\\/site\\\/\",\"logo\":{\"@type\":\"ImageObject\",\"url\":\"https:\\\/\\\/scontent-gig4-1.xx.fbcdn.net\\\/v\\\/t39.30808-1\\\/270437624_4564083193639691_6907940295614233970_n.jpg?stp=dst-jpg_s200x200_tt6&_nc_cat=111&ccb=1-7&_nc_sid=f907e8&_nc_ohc=SM1wRlP3lJwQ7kNvwEPuBYA&_nc_oc=AdnqrjDN_BNjSSHWO-GbkIWH6fkGMLw4bqvL_NH6e2wMveX7G-rP2dAqsDSq1mJMOaY&_nc_zt=24&_nc_ht=scontent-gig4-1.xx&_nc_gid=AoBFJeGrT1hVaew_6rchkQ&oh=00_AfX7QmFGhQhG2jAllVgXCiM1ZrWgvtp80-Bfppyexh1QEg&oe=689E923C\",\"@id\":\"https:\\\/\\\/anoticiaonline.com.br\\\/site\\\/projeto-escola-de-samba-unidos-do-santa-terezinha-participa-da-semana-cultural-de-vieiras\\\/#organizationLogo\"},\"image\":{\"@id\":\"https:\\\/\\\/anoticiaonline.com.br\\\/site\\\/projeto-escola-de-samba-unidos-do-santa-terezinha-participa-da-semana-cultural-de-vieiras\\\/#organizationLogo\"}},{\"@type\":\"Person\",\"@id\":\"https:\\\/\\\/anoticiaonline.com.br\\\/site\\\/author\\\/juliana\\\/#author\",\"url\":\"https:\\\/\\\/anoticiaonline.com.br\\\/site\\\/author\\\/juliana\\\/\",\"name\":\"Juliana Laviola\",\"image\":{\"@type\":\"ImageObject\",\"@id\":\"https:\\\/\\\/anoticiaonline.com.br\\\/site\\\/projeto-escola-de-samba-unidos-do-santa-terezinha-participa-da-semana-cultural-de-vieiras\\\/#authorImage\",\"url\":\"https:\\\/\\\/secure.gravatar.com\\\/avatar\\\/b8d45f5c699b100dfaf0e543582f38f38bf94cb7ae3a5e9abf8d891a34773335?s=96&d=mm&r=g\",\"width\":96,\"height\":96,\"caption\":\"Juliana Laviola\"}},{\"@type\":\"WebPage\",\"@id\":\"https:\\\/\\\/anoticiaonline.com.br\\\/site\\\/projeto-escola-de-samba-unidos-do-santa-terezinha-participa-da-semana-cultural-de-vieiras\\\/#webpage\",\"url\":\"https:\\\/\\\/anoticiaonline.com.br\\\/site\\\/projeto-escola-de-samba-unidos-do-santa-terezinha-participa-da-semana-cultural-de-vieiras\\\/\",\"name\":\"Projeto Escola de Samba Unidos do Santa Terezinha participa da Semana Cultural de Vieiras - A Not\\u00edcia Online\",\"description\":\"Quarenta crian\\u00e7as participantes do Projeto Escola de Samba Unidos do Santa Terezinha se apresentaram na sexta edi\\u00e7\\u00e3o da Semana Cultural de Vieiras. No domingo (31), os pequenos mostraram que est\\u00e3o afinados quando o assunto \\u00e9 samba, tocando e cantando v\\u00e1rias m\\u00fasicas e enredos de carnaval. O projeto existe h\\u00e1 quatro anos \\u2013 h\\u00e1 tr\\u00eas anos\",\"inLanguage\":\"pt-BR\",\"isPartOf\":{\"@id\":\"https:\\\/\\\/anoticiaonline.com.br\\\/site\\\/#website\"},\"breadcrumb\":{\"@id\":\"https:\\\/\\\/anoticiaonline.com.br\\\/site\\\/projeto-escola-de-samba-unidos-do-santa-terezinha-participa-da-semana-cultural-de-vieiras\\\/#breadcrumblist\"},\"author\":{\"@id\":\"https:\\\/\\\/anoticiaonline.com.br\\\/site\\\/author\\\/juliana\\\/#author\"},\"creator\":{\"@id\":\"https:\\\/\\\/anoticiaonline.com.br\\\/site\\\/author\\\/juliana\\\/#author\"},\"image\":{\"@type\":\"ImageObject\",\"url\":\"https:\\\/\\\/anoticiaonline.com.br\\\/site\\\/wp-content\\\/uploads\\\/2016\\\/08\\\/IMG-20160802-WA0068.jpg\",\"@id\":\"https:\\\/\\\/anoticiaonline.com.br\\\/site\\\/projeto-escola-de-samba-unidos-do-santa-terezinha-participa-da-semana-cultural-de-vieiras\\\/#mainImage\",\"width\":640,\"height\":366},\"primaryImageOfPage\":{\"@id\":\"https:\\\/\\\/anoticiaonline.com.br\\\/site\\\/projeto-escola-de-samba-unidos-do-santa-terezinha-participa-da-semana-cultural-de-vieiras\\\/#mainImage\"},\"datePublished\":\"2016-08-04T18:25:50-03:00\",\"dateModified\":\"2016-08-04T18:25:50-03:00\"},{\"@type\":\"WebSite\",\"@id\":\"https:\\\/\\\/anoticiaonline.com.br\\\/site\\\/#website\",\"url\":\"https:\\\/\\\/anoticiaonline.com.br\\\/site\\\/\",\"name\":\"A Not\\u00edcia Online\",\"description\":\"Noticias de Muria\\u00e9 e regi\\u00e3o\",\"inLanguage\":\"pt-BR\",\"publisher\":{\"@id\":\"https:\\\/\\\/anoticiaonline.com.br\\\/site\\\/#organization\"}}]}\n\t\t<\/script>\n\t\t<!-- All in One SEO -->\n\n","aioseo_head_json":{"title":"Projeto Escola de Samba Unidos do Santa Terezinha participa da Semana Cultural de Vieiras - A Not\u00edcia Online","description":"Quarenta crian\u00e7as participantes do Projeto Escola de Samba Unidos do Santa Terezinha se apresentaram na sexta edi\u00e7\u00e3o da Semana Cultural de Vieiras. No domingo (31), os pequenos mostraram que est\u00e3o afinados quando o assunto \u00e9 samba, tocando e cantando v\u00e1rias m\u00fasicas e enredos de carnaval. O projeto existe h\u00e1 quatro anos \u2013 h\u00e1 tr\u00eas anos","canonical_url":"https:\/\/anoticiaonline.com.br\/site\/projeto-escola-de-samba-unidos-do-santa-terezinha-participa-da-semana-cultural-de-vieiras\/","robots":"max-image-preview:large","keywords":"","webmasterTools":{"miscellaneous":""},"schema":{"@context":"https:\/\/schema.org","@graph":[{"@type":"BlogPosting","@id":"https:\/\/anoticiaonline.com.br\/site\/projeto-escola-de-samba-unidos-do-santa-terezinha-participa-da-semana-cultural-de-vieiras\/#blogposting","name":"Projeto Escola de Samba Unidos do Santa Terezinha participa da Semana Cultural de Vieiras - A Not\u00edcia Online","headline":"Projeto Escola de Samba Unidos do Santa Terezinha participa da Semana Cultural de Vieiras","author":{"@id":"https:\/\/anoticiaonline.com.br\/site\/author\/juliana\/#author"},"publisher":{"@id":"https:\/\/anoticiaonline.com.br\/site\/#organization"},"image":{"@type":"ImageObject","url":"https:\/\/anoticiaonline.com.br\/site\/wp-content\/uploads\/2016\/08\/IMG-20160802-WA0068.jpg","width":640,"height":366},"datePublished":"2016-08-04T18:25:50-03:00","dateModified":"2016-08-04T18:25:50-03:00","inLanguage":"pt-BR","mainEntityOfPage":{"@id":"https:\/\/anoticiaonline.com.br\/site\/projeto-escola-de-samba-unidos-do-santa-terezinha-participa-da-semana-cultural-de-vieiras\/#webpage"},"isPartOf":{"@id":"https:\/\/anoticiaonline.com.br\/site\/projeto-escola-de-samba-unidos-do-santa-terezinha-participa-da-semana-cultural-de-vieiras\/#webpage"},"articleSection":"Blog, slide"},{"@type":"BreadcrumbList","@id":"https:\/\/anoticiaonline.com.br\/site\/projeto-escola-de-samba-unidos-do-santa-terezinha-participa-da-semana-cultural-de-vieiras\/#breadcrumblist","itemListElement":[{"@type":"ListItem","@id":"https:\/\/anoticiaonline.com.br\/site#listItem","position":1,"name":"Home","item":"https:\/\/anoticiaonline.com.br\/site","nextItem":{"@type":"ListItem","@id":"https:\/\/anoticiaonline.com.br\/site\/categoria\/muriae\/#listItem","name":"Blog"}},{"@type":"ListItem","@id":"https:\/\/anoticiaonline.com.br\/site\/categoria\/muriae\/#listItem","position":2,"name":"Blog","item":"https:\/\/anoticiaonline.com.br\/site\/categoria\/muriae\/","nextItem":{"@type":"ListItem","@id":"https:\/\/anoticiaonline.com.br\/site\/projeto-escola-de-samba-unidos-do-santa-terezinha-participa-da-semana-cultural-de-vieiras\/#listItem","name":"Projeto Escola de Samba Unidos do Santa Terezinha participa da Semana Cultural de Vieiras"},"previousItem":{"@type":"ListItem","@id":"https:\/\/anoticiaonline.com.br\/site#listItem","name":"Home"}},{"@type":"ListItem","@id":"https:\/\/anoticiaonline.com.br\/site\/projeto-escola-de-samba-unidos-do-santa-terezinha-participa-da-semana-cultural-de-vieiras\/#listItem","position":3,"name":"Projeto Escola de Samba Unidos do Santa Terezinha participa da Semana Cultural de Vieiras","previousItem":{"@type":"ListItem","@id":"https:\/\/anoticiaonline.com.br\/site\/categoria\/muriae\/#listItem","name":"Blog"}}]},{"@type":"Organization","@id":"https:\/\/anoticiaonline.com.br\/site\/#organization","name":"A Not\u00edcia Online","description":"Noticias de Muria\u00e9 e regi\u00e3o","url":"https:\/\/anoticiaonline.com.br\/site\/","logo":{"@type":"ImageObject","url":"https:\/\/scontent-gig4-1.xx.fbcdn.net\/v\/t39.30808-1\/270437624_4564083193639691_6907940295614233970_n.jpg?stp=dst-jpg_s200x200_tt6&_nc_cat=111&ccb=1-7&_nc_sid=f907e8&_nc_ohc=SM1wRlP3lJwQ7kNvwEPuBYA&_nc_oc=AdnqrjDN_BNjSSHWO-GbkIWH6fkGMLw4bqvL_NH6e2wMveX7G-rP2dAqsDSq1mJMOaY&_nc_zt=24&_nc_ht=scontent-gig4-1.xx&_nc_gid=AoBFJeGrT1hVaew_6rchkQ&oh=00_AfX7QmFGhQhG2jAllVgXCiM1ZrWgvtp80-Bfppyexh1QEg&oe=689E923C","@id":"https:\/\/anoticiaonline.com.br\/site\/projeto-escola-de-samba-unidos-do-santa-terezinha-participa-da-semana-cultural-de-vieiras\/#organizationLogo"},"image":{"@id":"https:\/\/anoticiaonline.com.br\/site\/projeto-escola-de-samba-unidos-do-santa-terezinha-participa-da-semana-cultural-de-vieiras\/#organizationLogo"}},{"@type":"Person","@id":"https:\/\/anoticiaonline.com.br\/site\/author\/juliana\/#author","url":"https:\/\/anoticiaonline.com.br\/site\/author\/juliana\/","name":"Juliana Laviola","image":{"@type":"ImageObject","@id":"https:\/\/anoticiaonline.com.br\/site\/projeto-escola-de-samba-unidos-do-santa-terezinha-participa-da-semana-cultural-de-vieiras\/#authorImage","url":"https:\/\/secure.gravatar.com\/avatar\/b8d45f5c699b100dfaf0e543582f38f38bf94cb7ae3a5e9abf8d891a34773335?s=96&d=mm&r=g","width":96,"height":96,"caption":"Juliana Laviola"}},{"@type":"WebPage","@id":"https:\/\/anoticiaonline.com.br\/site\/projeto-escola-de-samba-unidos-do-santa-terezinha-participa-da-semana-cultural-de-vieiras\/#webpage","url":"https:\/\/anoticiaonline.com.br\/site\/projeto-escola-de-samba-unidos-do-santa-terezinha-participa-da-semana-cultural-de-vieiras\/","name":"Projeto Escola de Samba Unidos do Santa Terezinha participa da Semana Cultural de Vieiras - A Not\u00edcia Online","description":"Quarenta crian\u00e7as participantes do Projeto Escola de Samba Unidos do Santa Terezinha se apresentaram na sexta edi\u00e7\u00e3o da Semana Cultural de Vieiras. No domingo (31), os pequenos mostraram que est\u00e3o afinados quando o assunto \u00e9 samba, tocando e cantando v\u00e1rias m\u00fasicas e enredos de carnaval. O projeto existe h\u00e1 quatro anos \u2013 h\u00e1 tr\u00eas anos","inLanguage":"pt-BR","isPartOf":{"@id":"https:\/\/anoticiaonline.com.br\/site\/#website"},"breadcrumb":{"@id":"https:\/\/anoticiaonline.com.br\/site\/projeto-escola-de-samba-unidos-do-santa-terezinha-participa-da-semana-cultural-de-vieiras\/#breadcrumblist"},"author":{"@id":"https:\/\/anoticiaonline.com.br\/site\/author\/juliana\/#author"},"creator":{"@id":"https:\/\/anoticiaonline.com.br\/site\/author\/juliana\/#author"},"image":{"@type":"ImageObject","url":"https:\/\/anoticiaonline.com.br\/site\/wp-content\/uploads\/2016\/08\/IMG-20160802-WA0068.jpg","@id":"https:\/\/anoticiaonline.com.br\/site\/projeto-escola-de-samba-unidos-do-santa-terezinha-participa-da-semana-cultural-de-vieiras\/#mainImage","width":640,"height":366},"primaryImageOfPage":{"@id":"https:\/\/anoticiaonline.com.br\/site\/projeto-escola-de-samba-unidos-do-santa-terezinha-participa-da-semana-cultural-de-vieiras\/#mainImage"},"datePublished":"2016-08-04T18:25:50-03:00","dateModified":"2016-08-04T18:25:50-03:00"},{"@type":"WebSite","@id":"https:\/\/anoticiaonline.com.br\/site\/#website","url":"https:\/\/anoticiaonline.com.br\/site\/","name":"A Not\u00edcia Online","description":"Noticias de Muria\u00e9 e regi\u00e3o","inLanguage":"pt-BR","publisher":{"@id":"https:\/\/anoticiaonline.com.br\/site\/#organization"}}]},"og:locale":"pt_BR","og:site_name":"A Not\u00edcia Online - Noticias de Muria\u00e9 e regi\u00e3o","og:type":"article","og:title":"Projeto Escola de Samba Unidos do Santa Terezinha participa da Semana Cultural de Vieiras - A Not\u00edcia Online","og:description":"Quarenta crian\u00e7as participantes do Projeto Escola de Samba Unidos do Santa Terezinha se apresentaram na sexta edi\u00e7\u00e3o da Semana Cultural de Vieiras. No domingo (31), os pequenos mostraram que est\u00e3o afinados quando o assunto \u00e9 samba, tocando e cantando v\u00e1rias m\u00fasicas e enredos de carnaval. O projeto existe h\u00e1 quatro anos \u2013 h\u00e1 tr\u00eas anos","og:url":"https:\/\/anoticiaonline.com.br\/site\/projeto-escola-de-samba-unidos-do-santa-terezinha-participa-da-semana-cultural-de-vieiras\/","og:image":"https:\/\/scontent-gig4-1.xx.fbcdn.net\/v\/t39.30808-1\/270437624_4564083193639691_6907940295614233970_n.jpg?stp=dst-jpg_s200x200_tt6&#038;_nc_cat=111&#038;ccb=1-7&#038;_nc_sid=f907e8&#038;_nc_ohc=SM1wRlP3lJwQ7kNvwEPuBYA&#038;_nc_oc=AdnqrjDN_BNjSSHWO-GbkIWH6fkGMLw4bqvL_NH6e2wMveX7G-rP2dAqsDSq1mJMOaY&#038;_nc_zt=24&#038;_nc_ht=scontent-gig4-1.xx&#038;_nc_gid=AoBFJeGrT1hVaew_6rchkQ&#038;oh=00_AfX7QmFGhQhG2jAllVgXCiM1ZrWgvtp80-Bfppyexh1QEg&#038;oe=689E923C","og:image:secure_url":"https:\/\/scontent-gig4-1.xx.fbcdn.net\/v\/t39.30808-1\/270437624_4564083193639691_6907940295614233970_n.jpg?stp=dst-jpg_s200x200_tt6&#038;_nc_cat=111&#038;ccb=1-7&#038;_nc_sid=f907e8&#038;_nc_ohc=SM1wRlP3lJwQ7kNvwEPuBYA&#038;_nc_oc=AdnqrjDN_BNjSSHWO-GbkIWH6fkGMLw4bqvL_NH6e2wMveX7G-rP2dAqsDSq1mJMOaY&#038;_nc_zt=24&#038;_nc_ht=scontent-gig4-1.xx&#038;_nc_gid=AoBFJeGrT1hVaew_6rchkQ&#038;oh=00_AfX7QmFGhQhG2jAllVgXCiM1ZrWgvtp80-Bfppyexh1QEg&#038;oe=689E923C","article:published_time":"2016-08-04T21:25:50+00:00","article:modified_time":"2016-08-04T21:25:50+00:00","twitter:card":"summary_large_image","twitter:title":"Projeto Escola de Samba Unidos do Santa Terezinha participa da Semana Cultural de Vieiras - A Not\u00edcia Online","twitter:description":"Quarenta crian\u00e7as participantes do Projeto Escola de Samba Unidos do Santa Terezinha se apresentaram na sexta edi\u00e7\u00e3o da Semana Cultural de Vieiras. No domingo (31), os pequenos mostraram que est\u00e3o afinados quando o assunto \u00e9 samba, tocando e cantando v\u00e1rias m\u00fasicas e enredos de carnaval. O projeto existe h\u00e1 quatro anos \u2013 h\u00e1 tr\u00eas anos","twitter:image":"https:\/\/scontent-gig4-1.xx.fbcdn.net\/v\/t39.30808-1\/270437624_4564083193639691_6907940295614233970_n.jpg?stp=dst-jpg_s200x200_tt6&_nc_cat=111&ccb=1-7&_nc_sid=f907e8&_nc_ohc=SM1wRlP3lJwQ7kNvwEPuBYA&_nc_oc=AdnqrjDN_BNjSSHWO-GbkIWH6fkGMLw4bqvL_NH6e2wMveX7G-rP2dAqsDSq1mJMOaY&_nc_zt=24&_nc_ht=scontent-gig4-1.xx&_nc_gid=AoBFJeGrT1hVaew_6rchkQ&oh=00_AfX7QmFGhQhG2jAllVgXCiM1ZrWgvtp80-Bfppyexh1QEg&oe=689E923C"},"aioseo_meta_data":{"post_id":"16404","title":null,"description":null,"keywords":null,"keyphrases":null,"primary_term":null,"canonical_url":null,"og_title":null,"og_description":null,"og_object_type":"default","og_image_type":"default","og_image_url":null,"og_image_width":null,"og_image_height":null,"og_image_custom_url":null,"og_image_custom_fields":null,"og_video":null,"og_custom_url":null,"og_article_section":null,"og_article_tags":null,"twitter_use_og":false,"twitter_card":"default","twitter_image_type":"default","twitter_image_url":null,"twitter_image_custom_url":null,"twitter_image_custom_fields":null,"twitter_title":null,"twitter_description":null,"schema":{"blockGraphs":[],"customGraphs":[],"default":{"data":{"Article":[],"Course":[],"Dataset":[],"FAQPage":[],"Movie":[],"Person":[],"Product":[],"ProductReview":[],"Car":[],"Recipe":[],"Service":[],"SoftwareApplication":[],"WebPage":[]},"graphName":"","isEnabled":true},"graphs":[]},"schema_type":"default","schema_type_options":null,"pillar_content":false,"robots_default":true,"robots_noindex":false,"robots_noarchive":false,"robots_nosnippet":false,"robots_nofollow":false,"robots_noimageindex":false,"robots_noodp":false,"robots_notranslate":false,"robots_max_snippet":null,"robots_max_videopreview":null,"robots_max_imagepreview":"large","priority":null,"frequency":null,"local_seo":null,"breadcrumb_settings":null,"limit_modified_date":false,"ai":null,"created":"2025-08-16 16:34:58","updated":"2025-08-16 16:34:58","focus_keyword":null,"additional_keywords":null,"truseo_locale":null,"seo_analyzer_scan_date":null},"aioseo_breadcrumb":"<div class=\"aioseo-breadcrumbs\"><span class=\"aioseo-breadcrumb\">\n\t\t\t<a href=\"https:\/\/anoticiaonline.com.br\/site\" title=\"Home\">Home<\/a>\n\t\t<\/span><span class=\"aioseo-breadcrumb-separator\">&raquo;<\/span><span class=\"aioseo-breadcrumb\">\n\t\t\t<a href=\"https:\/\/anoticiaonline.com.br\/site\/categoria\/muriae\/\" title=\"Blog\">Blog<\/a>\n\t\t<\/span><span class=\"aioseo-breadcrumb-separator\">&raquo;<\/span><span class=\"aioseo-breadcrumb\">\n\t\t\tProjeto Escola de Samba Unidos do Santa Terezinha participa da Semana Cultural de Vieiras\n\t\t<\/span><\/div>","aioseo_breadcrumb_json":[{"label":"Home","link":"https:\/\/anoticiaonline.com.br\/site"},{"label":"Blog","link":"https:\/\/anoticiaonline.com.br\/site\/categoria\/muriae\/"},{"label":"Projeto Escola de Samba Unidos do Santa Terezinha participa da Semana Cultural de Vieiras","link":"https:\/\/anoticiaonline.com.br\/site\/projeto-escola-de-samba-unidos-do-santa-terezinha-participa-da-semana-cultural-de-vieiras\/"}],"views":152,"_links":{"self":[{"href":"https:\/\/anoticiaonline.com.br\/site\/wp-json\/wp\/v2\/posts\/16404","targetHints":{"allow":["GET"]}}],"collection":[{"href":"https:\/\/anoticiaonline.com.br\/site\/wp-json\/wp\/v2\/posts"}],"about":[{"href":"https:\/\/anoticiaonline.com.br\/site\/wp-json\/wp\/v2\/types\/post"}],"author":[{"embeddable":true,"href":"https:\/\/anoticiaonline.com.br\/site\/wp-json\/wp\/v2\/users\/2"}],"replies":[{"embeddable":true,"href":"https:\/\/anoticiaonline.com.br\/site\/wp-json\/wp\/v2\/comments?post=16404"}],"version-history":[{"count":0,"href":"https:\/\/anoticiaonline.com.br\/site\/wp-json\/wp\/v2\/posts\/16404\/revisions"}],"wp:featuredmedia":[{"embeddable":true,"href":"https:\/\/anoticiaonline.com.br\/site\/wp-json\/wp\/v2\/media\/16405"}],"wp:attachment":[{"href":"https:\/\/anoticiaonline.com.br\/site\/wp-json\/wp\/v2\/media?parent=16404"}],"wp:term":[{"taxonomy":"category","embeddable":true,"href":"https:\/\/anoticiaonline.com.br\/site\/wp-json\/wp\/v2\/categories?post=16404"},{"taxonomy":"post_tag","embeddable":true,"href":"https:\/\/anoticiaonline.com.br\/site\/wp-json\/wp\/v2\/tags?post=16404"}],"curies":[{"name":"wp","href":"https:\/\/api.w.org\/{rel}","templated":true}]}}