{"id":16250,"date":"2016-08-01T17:27:47","date_gmt":"2016-08-01T20:27:47","guid":{"rendered":"http:\/\/anoticiaonline.com.br\/site\/?p=16250"},"modified":"2016-08-04T22:48:31","modified_gmt":"2016-08-05T01:48:31","slug":"escritor-muriaeense-participa-de-encontro-cultural-nas-olimpiadas","status":"publish","type":"post","link":"https:\/\/anoticiaonline.com.br\/site\/escritor-muriaeense-participa-de-encontro-cultural-nas-olimpiadas\/","title":{"rendered":"Escritor muriaeense participa de encontro cultural nas Olimp\u00edadas"},"content":{"rendered":"<figure id=\"attachment_16251\" aria-describedby=\"caption-attachment-16251\" style=\"width: 290px\" class=\"wp-caption alignleft\"><a href=\"https:\/\/anoticiaonline.com.br\/site\/wp-content\/uploads\/2016\/08\/S\u00e9rgio-Rodrigues.jpg\"><img fetchpriority=\"high\" decoding=\"async\" class=\"size-medium wp-image-16251\" src=\"https:\/\/anoticiaonline.com.br\/site\/wp-content\/uploads\/2016\/08\/S\u00e9rgio-Rodrigues-300x292.jpg\" alt=\"Foto: Divulga\u00e7\u00e3o\" width=\"300\" height=\"292\" srcset=\"https:\/\/anoticiaonline.com.br\/site\/wp-content\/uploads\/2016\/08\/S\u00e9rgio-Rodrigues-300x292.jpg 300w, https:\/\/anoticiaonline.com.br\/site\/wp-content\/uploads\/2016\/08\/S\u00e9rgio-Rodrigues.jpg 640w\" sizes=\"(max-width: 300px) 100vw, 300px\" \/><\/a><figcaption id=\"caption-attachment-16251\" class=\"wp-caption-text\">Foto: Divulga\u00e7\u00e3o<\/figcaption><\/figure>\n<p>O escritor, jornalista e cr\u00edtico liter\u00e1rio muriaeense, S\u00e9rgio Rodrigues, participar\u00e1 de um encontro entre autores do Pr\u00eamio Jabuti e seus leitores na pr\u00f3xima quarta-feira (13), no espa\u00e7o localizado na rec\u00e9m-revitalizada Pra\u00e7a Mau\u00e1, no Rio de Janeiro. Criada pela C\u00e2mara Brasileira do Livro (CBL), a s\u00e9rie de encontros \u201cJabuti entre autores e leitores\u201d, em parceria com a Ag\u00eancia Brasileira de Promo\u00e7\u00e3o e Exporta\u00e7\u00f5es e Investimentos Brasileiros (Apex-Brasil), levar\u00e1, al\u00e9m de S\u00e9rgio Rodrigues, os escritores Edney Silvestre, Miriam Leit\u00e3o e Ruy Castro para dois bate-papos (dias 13 e 14) com o p\u00fablico, mediados pelo editor de livros Carlos Andreazza, na Casa Brasil \u2013 espa\u00e7o de promo\u00e7\u00e3o do Brasil no Rio durante o per\u00edodo das Ol\u00edmpiadas. Os papos versar\u00e3o sobre futebol, literatura e a literatura brasileira da atualidade.<\/p>\n<p>O projeto, que j\u00e1 teve outras 11 edi\u00e7\u00f5es de sucesso em S\u00e3o Paulo, chega \u00e0 sua primeira sess\u00e3o in\u00e9dita no Rio de Janeiro, mantendo seu objetivo de tornar o pr\u00eamio, suas obras e autores mais conhecidos, al\u00e9m de estimular a leitura e despertar interesse do p\u00fablico pelos mais variados g\u00eaneros liter\u00e1rios. Ap\u00f3s o encontro, os autores autografar\u00e3o suas obras, as quais estar\u00e3o dispon\u00edveis para venda no local do evento.<\/p>\n<p>S\u00e9rgio Rodrigues, que \u00e9 autor de diversos livros, foi finalista em 2014 na categoria Romance, com a obra \u201cO Drible\u201d. No evento, ele fala sobre a \u201cLiteratura e futebol do Brasil para o mundo\u201d, \u00e0s 16 horas. O muriaeense tamb\u00e9m foi editor-executivo da revista eletr\u00f4nica &#8220;NoM\u00ednimo&#8221;. \u00c9 colunista di\u00e1rio do site da revista Veja, na qual assina as colunas &#8220;Todoprosa&#8221;, sobre literatura e &#8220;Sobre Palavras&#8221;, sobre a l\u00edngua portuguesa. Pelo conjunto da obra, recebeu o Pr\u00eamio de Cultura do Estado do Rio de Janeiro 2011 na categoria Literatura.<\/p>\n","protected":false},"excerpt":{"rendered":"<p>O escritor, jornalista e cr\u00edtico liter\u00e1rio muriaeense, S\u00e9rgio Rodrigues, participar\u00e1 de um encontro entre autores do Pr\u00eamio Jabuti e seus leitores na pr\u00f3xima quarta-feira (13), no espa\u00e7o localizado na rec\u00e9m-revitalizada Pra\u00e7a Mau\u00e1, no Rio de Janeiro. Criada pela C\u00e2mara Brasileira do Livro (CBL), a s\u00e9rie de encontros \u201cJabuti entre autores e leitores\u201d, em parceria com &#8230; <a title=\"Escritor muriaeense participa de encontro cultural nas Olimp\u00edadas\" class=\"read-more\" href=\"https:\/\/anoticiaonline.com.br\/site\/escritor-muriaeense-participa-de-encontro-cultural-nas-olimpiadas\/\" aria-label=\"Read more about Escritor muriaeense participa de encontro cultural nas Olimp\u00edadas\">Ler mais<\/a><\/p>\n","protected":false},"author":2,"featured_media":16251,"comment_status":"open","ping_status":"open","sticky":false,"template":"","format":"standard","meta":{"_acf_changed":false,"_monsterinsights_skip_tracking":false,"footnotes":""},"categories":[30],"tags":[3],"class_list":["post-16250","post","type-post","status-publish","format-standard","has-post-thumbnail","hentry","category-muriae","tag-slide"],"acf":[],"aioseo_notices":[],"aioseo_head":"\n\t\t<!-- All in One SEO 5.0.0.1 - aioseo.com -->\n\t<meta name=\"description\" content=\"O escritor, jornalista e cr\u00edtico liter\u00e1rio muriaeense, S\u00e9rgio Rodrigues, participar\u00e1 de um encontro entre autores do Pr\u00eamio Jabuti e seus leitores na pr\u00f3xima quarta-feira (13), no espa\u00e7o localizado na rec\u00e9m-revitalizada Pra\u00e7a Mau\u00e1, no Rio de Janeiro. Criada pela C\u00e2mara Brasileira do Livro (CBL), a s\u00e9rie de encontros \u201cJabuti entre autores e leitores\u201d, em parceria com\" \/>\n\t<meta name=\"robots\" content=\"max-image-preview:large\" \/>\n\t<meta name=\"author\" content=\"Juliana Laviola\"\/>\n\t<link rel=\"canonical\" href=\"https:\/\/anoticiaonline.com.br\/site\/escritor-muriaeense-participa-de-encontro-cultural-nas-olimpiadas\/\" \/>\n\t<meta name=\"generator\" content=\"All in One SEO (AIOSEO) 5.0.0.1\" \/>\n\t\t<meta property=\"og:locale\" content=\"pt_BR\" \/>\n\t\t<meta property=\"og:site_name\" content=\"A Not\u00edcia Online - Noticias de Muria\u00e9 e regi\u00e3o\" \/>\n\t\t<meta property=\"og:type\" content=\"article\" \/>\n\t\t<meta property=\"og:title\" content=\"Escritor muriaeense participa de encontro cultural nas Olimp\u00edadas - A Not\u00edcia Online\" \/>\n\t\t<meta property=\"og:description\" content=\"O escritor, jornalista e cr\u00edtico liter\u00e1rio muriaeense, S\u00e9rgio Rodrigues, participar\u00e1 de um encontro entre autores do Pr\u00eamio Jabuti e seus leitores na pr\u00f3xima quarta-feira (13), no espa\u00e7o localizado na rec\u00e9m-revitalizada Pra\u00e7a Mau\u00e1, no Rio de Janeiro. Criada pela C\u00e2mara Brasileira do Livro (CBL), a s\u00e9rie de encontros \u201cJabuti entre autores e leitores\u201d, em parceria com\" \/>\n\t\t<meta property=\"og:url\" content=\"https:\/\/anoticiaonline.com.br\/site\/escritor-muriaeense-participa-de-encontro-cultural-nas-olimpiadas\/\" \/>\n\t\t<meta property=\"og:image\" content=\"https:\/\/scontent-gig4-1.xx.fbcdn.net\/v\/t39.30808-1\/270437624_4564083193639691_6907940295614233970_n.jpg?stp=dst-jpg_s200x200_tt6&#038;_nc_cat=111&#038;ccb=1-7&#038;_nc_sid=f907e8&#038;_nc_ohc=SM1wRlP3lJwQ7kNvwEPuBYA&#038;_nc_oc=AdnqrjDN_BNjSSHWO-GbkIWH6fkGMLw4bqvL_NH6e2wMveX7G-rP2dAqsDSq1mJMOaY&#038;_nc_zt=24&#038;_nc_ht=scontent-gig4-1.xx&#038;_nc_gid=AoBFJeGrT1hVaew_6rchkQ&#038;oh=00_AfX7QmFGhQhG2jAllVgXCiM1ZrWgvtp80-Bfppyexh1QEg&#038;oe=689E923C\" \/>\n\t\t<meta property=\"og:image:secure_url\" content=\"https:\/\/scontent-gig4-1.xx.fbcdn.net\/v\/t39.30808-1\/270437624_4564083193639691_6907940295614233970_n.jpg?stp=dst-jpg_s200x200_tt6&#038;_nc_cat=111&#038;ccb=1-7&#038;_nc_sid=f907e8&#038;_nc_ohc=SM1wRlP3lJwQ7kNvwEPuBYA&#038;_nc_oc=AdnqrjDN_BNjSSHWO-GbkIWH6fkGMLw4bqvL_NH6e2wMveX7G-rP2dAqsDSq1mJMOaY&#038;_nc_zt=24&#038;_nc_ht=scontent-gig4-1.xx&#038;_nc_gid=AoBFJeGrT1hVaew_6rchkQ&#038;oh=00_AfX7QmFGhQhG2jAllVgXCiM1ZrWgvtp80-Bfppyexh1QEg&#038;oe=689E923C\" \/>\n\t\t<meta property=\"article:published_time\" content=\"2016-08-01T20:27:47+00:00\" \/>\n\t\t<meta property=\"article:modified_time\" content=\"2016-08-05T01:48:31+00:00\" \/>\n\t\t<meta name=\"twitter:card\" content=\"summary_large_image\" \/>\n\t\t<meta name=\"twitter:title\" content=\"Escritor muriaeense participa de encontro cultural nas Olimp\u00edadas - A Not\u00edcia Online\" \/>\n\t\t<meta name=\"twitter:description\" content=\"O escritor, jornalista e cr\u00edtico liter\u00e1rio muriaeense, S\u00e9rgio Rodrigues, participar\u00e1 de um encontro entre autores do Pr\u00eamio Jabuti e seus leitores na pr\u00f3xima quarta-feira (13), no espa\u00e7o localizado na rec\u00e9m-revitalizada Pra\u00e7a Mau\u00e1, no Rio de Janeiro. Criada pela C\u00e2mara Brasileira do Livro (CBL), a s\u00e9rie de encontros \u201cJabuti entre autores e leitores\u201d, em parceria com\" \/>\n\t\t<meta name=\"twitter:image\" content=\"https:\/\/scontent-gig4-1.xx.fbcdn.net\/v\/t39.30808-1\/270437624_4564083193639691_6907940295614233970_n.jpg?stp=dst-jpg_s200x200_tt6&amp;_nc_cat=111&amp;ccb=1-7&amp;_nc_sid=f907e8&amp;_nc_ohc=SM1wRlP3lJwQ7kNvwEPuBYA&amp;_nc_oc=AdnqrjDN_BNjSSHWO-GbkIWH6fkGMLw4bqvL_NH6e2wMveX7G-rP2dAqsDSq1mJMOaY&amp;_nc_zt=24&amp;_nc_ht=scontent-gig4-1.xx&amp;_nc_gid=AoBFJeGrT1hVaew_6rchkQ&amp;oh=00_AfX7QmFGhQhG2jAllVgXCiM1ZrWgvtp80-Bfppyexh1QEg&amp;oe=689E923C\" \/>\n\t\t<script type=\"application\/ld+json\" class=\"aioseo-schema\">\n\t\t\t{\"@context\":\"https:\\\/\\\/schema.org\",\"@graph\":[{\"@type\":\"BlogPosting\",\"@id\":\"https:\\\/\\\/anoticiaonline.com.br\\\/site\\\/escritor-muriaeense-participa-de-encontro-cultural-nas-olimpiadas\\\/#blogposting\",\"name\":\"Escritor muriaeense participa de encontro cultural nas Olimp\\u00edadas - A Not\\u00edcia Online\",\"headline\":\"Escritor muriaeense participa de encontro cultural nas Olimp\\u00edadas\",\"author\":{\"@id\":\"https:\\\/\\\/anoticiaonline.com.br\\\/site\\\/author\\\/juliana\\\/#author\"},\"publisher\":{\"@id\":\"https:\\\/\\\/anoticiaonline.com.br\\\/site\\\/#organization\"},\"image\":{\"@type\":\"ImageObject\",\"url\":\"https:\\\/\\\/anoticiaonline.com.br\\\/site\\\/wp-content\\\/uploads\\\/2016\\\/08\\\/S\\u00e9rgio-Rodrigues.jpg\",\"width\":640,\"height\":623,\"caption\":\"Foto: Divulga\\u00e7\\u00e3o\"},\"datePublished\":\"2016-08-01T17:27:47-03:00\",\"dateModified\":\"2016-08-04T22:48:31-03:00\",\"inLanguage\":\"pt-BR\",\"mainEntityOfPage\":{\"@id\":\"https:\\\/\\\/anoticiaonline.com.br\\\/site\\\/escritor-muriaeense-participa-de-encontro-cultural-nas-olimpiadas\\\/#webpage\"},\"isPartOf\":{\"@id\":\"https:\\\/\\\/anoticiaonline.com.br\\\/site\\\/escritor-muriaeense-participa-de-encontro-cultural-nas-olimpiadas\\\/#webpage\"},\"articleSection\":\"Blog, slide\"},{\"@type\":\"BreadcrumbList\",\"@id\":\"https:\\\/\\\/anoticiaonline.com.br\\\/site\\\/escritor-muriaeense-participa-de-encontro-cultural-nas-olimpiadas\\\/#breadcrumblist\",\"itemListElement\":[{\"@type\":\"ListItem\",\"@id\":\"https:\\\/\\\/anoticiaonline.com.br\\\/site#listItem\",\"position\":1,\"name\":\"Home\",\"item\":\"https:\\\/\\\/anoticiaonline.com.br\\\/site\",\"nextItem\":{\"@type\":\"ListItem\",\"@id\":\"https:\\\/\\\/anoticiaonline.com.br\\\/site\\\/categoria\\\/muriae\\\/#listItem\",\"name\":\"Blog\"}},{\"@type\":\"ListItem\",\"@id\":\"https:\\\/\\\/anoticiaonline.com.br\\\/site\\\/categoria\\\/muriae\\\/#listItem\",\"position\":2,\"name\":\"Blog\",\"item\":\"https:\\\/\\\/anoticiaonline.com.br\\\/site\\\/categoria\\\/muriae\\\/\",\"nextItem\":{\"@type\":\"ListItem\",\"@id\":\"https:\\\/\\\/anoticiaonline.com.br\\\/site\\\/escritor-muriaeense-participa-de-encontro-cultural-nas-olimpiadas\\\/#listItem\",\"name\":\"Escritor muriaeense participa de encontro cultural nas Olimp\\u00edadas\"},\"previousItem\":{\"@type\":\"ListItem\",\"@id\":\"https:\\\/\\\/anoticiaonline.com.br\\\/site#listItem\",\"name\":\"Home\"}},{\"@type\":\"ListItem\",\"@id\":\"https:\\\/\\\/anoticiaonline.com.br\\\/site\\\/escritor-muriaeense-participa-de-encontro-cultural-nas-olimpiadas\\\/#listItem\",\"position\":3,\"name\":\"Escritor muriaeense participa de encontro cultural nas Olimp\\u00edadas\",\"previousItem\":{\"@type\":\"ListItem\",\"@id\":\"https:\\\/\\\/anoticiaonline.com.br\\\/site\\\/categoria\\\/muriae\\\/#listItem\",\"name\":\"Blog\"}}]},{\"@type\":\"Organization\",\"@id\":\"https:\\\/\\\/anoticiaonline.com.br\\\/site\\\/#organization\",\"name\":\"A Not\\u00edcia Online\",\"description\":\"Noticias de Muria\\u00e9 e regi\\u00e3o\",\"url\":\"https:\\\/\\\/anoticiaonline.com.br\\\/site\\\/\",\"logo\":{\"@type\":\"ImageObject\",\"url\":\"https:\\\/\\\/scontent-gig4-1.xx.fbcdn.net\\\/v\\\/t39.30808-1\\\/270437624_4564083193639691_6907940295614233970_n.jpg?stp=dst-jpg_s200x200_tt6&_nc_cat=111&ccb=1-7&_nc_sid=f907e8&_nc_ohc=SM1wRlP3lJwQ7kNvwEPuBYA&_nc_oc=AdnqrjDN_BNjSSHWO-GbkIWH6fkGMLw4bqvL_NH6e2wMveX7G-rP2dAqsDSq1mJMOaY&_nc_zt=24&_nc_ht=scontent-gig4-1.xx&_nc_gid=AoBFJeGrT1hVaew_6rchkQ&oh=00_AfX7QmFGhQhG2jAllVgXCiM1ZrWgvtp80-Bfppyexh1QEg&oe=689E923C\",\"@id\":\"https:\\\/\\\/anoticiaonline.com.br\\\/site\\\/escritor-muriaeense-participa-de-encontro-cultural-nas-olimpiadas\\\/#organizationLogo\"},\"image\":{\"@id\":\"https:\\\/\\\/anoticiaonline.com.br\\\/site\\\/escritor-muriaeense-participa-de-encontro-cultural-nas-olimpiadas\\\/#organizationLogo\"}},{\"@type\":\"Person\",\"@id\":\"https:\\\/\\\/anoticiaonline.com.br\\\/site\\\/author\\\/juliana\\\/#author\",\"url\":\"https:\\\/\\\/anoticiaonline.com.br\\\/site\\\/author\\\/juliana\\\/\",\"name\":\"Juliana Laviola\",\"image\":{\"@type\":\"ImageObject\",\"@id\":\"https:\\\/\\\/anoticiaonline.com.br\\\/site\\\/escritor-muriaeense-participa-de-encontro-cultural-nas-olimpiadas\\\/#authorImage\",\"url\":\"https:\\\/\\\/secure.gravatar.com\\\/avatar\\\/b8d45f5c699b100dfaf0e543582f38f38bf94cb7ae3a5e9abf8d891a34773335?s=96&d=mm&r=g\",\"width\":96,\"height\":96,\"caption\":\"Juliana Laviola\"}},{\"@type\":\"WebPage\",\"@id\":\"https:\\\/\\\/anoticiaonline.com.br\\\/site\\\/escritor-muriaeense-participa-de-encontro-cultural-nas-olimpiadas\\\/#webpage\",\"url\":\"https:\\\/\\\/anoticiaonline.com.br\\\/site\\\/escritor-muriaeense-participa-de-encontro-cultural-nas-olimpiadas\\\/\",\"name\":\"Escritor muriaeense participa de encontro cultural nas Olimp\\u00edadas - A Not\\u00edcia Online\",\"description\":\"O escritor, jornalista e cr\\u00edtico liter\\u00e1rio muriaeense, S\\u00e9rgio Rodrigues, participar\\u00e1 de um encontro entre autores do Pr\\u00eamio Jabuti e seus leitores na pr\\u00f3xima quarta-feira (13), no espa\\u00e7o localizado na rec\\u00e9m-revitalizada Pra\\u00e7a Mau\\u00e1, no Rio de Janeiro. Criada pela C\\u00e2mara Brasileira do Livro (CBL), a s\\u00e9rie de encontros \\u201cJabuti entre autores e leitores\\u201d, em parceria com\",\"inLanguage\":\"pt-BR\",\"isPartOf\":{\"@id\":\"https:\\\/\\\/anoticiaonline.com.br\\\/site\\\/#website\"},\"breadcrumb\":{\"@id\":\"https:\\\/\\\/anoticiaonline.com.br\\\/site\\\/escritor-muriaeense-participa-de-encontro-cultural-nas-olimpiadas\\\/#breadcrumblist\"},\"author\":{\"@id\":\"https:\\\/\\\/anoticiaonline.com.br\\\/site\\\/author\\\/juliana\\\/#author\"},\"creator\":{\"@id\":\"https:\\\/\\\/anoticiaonline.com.br\\\/site\\\/author\\\/juliana\\\/#author\"},\"image\":{\"@type\":\"ImageObject\",\"url\":\"https:\\\/\\\/anoticiaonline.com.br\\\/site\\\/wp-content\\\/uploads\\\/2016\\\/08\\\/S\\u00e9rgio-Rodrigues.jpg\",\"@id\":\"https:\\\/\\\/anoticiaonline.com.br\\\/site\\\/escritor-muriaeense-participa-de-encontro-cultural-nas-olimpiadas\\\/#mainImage\",\"width\":640,\"height\":623,\"caption\":\"Foto: Divulga\\u00e7\\u00e3o\"},\"primaryImageOfPage\":{\"@id\":\"https:\\\/\\\/anoticiaonline.com.br\\\/site\\\/escritor-muriaeense-participa-de-encontro-cultural-nas-olimpiadas\\\/#mainImage\"},\"datePublished\":\"2016-08-01T17:27:47-03:00\",\"dateModified\":\"2016-08-04T22:48:31-03:00\"},{\"@type\":\"WebSite\",\"@id\":\"https:\\\/\\\/anoticiaonline.com.br\\\/site\\\/#website\",\"url\":\"https:\\\/\\\/anoticiaonline.com.br\\\/site\\\/\",\"name\":\"A Not\\u00edcia Online\",\"description\":\"Noticias de Muria\\u00e9 e regi\\u00e3o\",\"inLanguage\":\"pt-BR\",\"publisher\":{\"@id\":\"https:\\\/\\\/anoticiaonline.com.br\\\/site\\\/#organization\"}}]}\n\t\t<\/script>\n\t\t<!-- All in One SEO -->\n\n","aioseo_head_json":{"title":"Escritor muriaeense participa de encontro cultural nas Olimp\u00edadas - A Not\u00edcia Online","description":"O escritor, jornalista e cr\u00edtico liter\u00e1rio muriaeense, S\u00e9rgio Rodrigues, participar\u00e1 de um encontro entre autores do Pr\u00eamio Jabuti e seus leitores na pr\u00f3xima quarta-feira (13), no espa\u00e7o localizado na rec\u00e9m-revitalizada Pra\u00e7a Mau\u00e1, no Rio de Janeiro. Criada pela C\u00e2mara Brasileira do Livro (CBL), a s\u00e9rie de encontros \u201cJabuti entre autores e leitores\u201d, em parceria com","canonical_url":"https:\/\/anoticiaonline.com.br\/site\/escritor-muriaeense-participa-de-encontro-cultural-nas-olimpiadas\/","robots":"max-image-preview:large","keywords":"","webmasterTools":{"miscellaneous":""},"schema":{"@context":"https:\/\/schema.org","@graph":[{"@type":"BlogPosting","@id":"https:\/\/anoticiaonline.com.br\/site\/escritor-muriaeense-participa-de-encontro-cultural-nas-olimpiadas\/#blogposting","name":"Escritor muriaeense participa de encontro cultural nas Olimp\u00edadas - A Not\u00edcia Online","headline":"Escritor muriaeense participa de encontro cultural nas Olimp\u00edadas","author":{"@id":"https:\/\/anoticiaonline.com.br\/site\/author\/juliana\/#author"},"publisher":{"@id":"https:\/\/anoticiaonline.com.br\/site\/#organization"},"image":{"@type":"ImageObject","url":"https:\/\/anoticiaonline.com.br\/site\/wp-content\/uploads\/2016\/08\/S\u00e9rgio-Rodrigues.jpg","width":640,"height":623,"caption":"Foto: Divulga\u00e7\u00e3o"},"datePublished":"2016-08-01T17:27:47-03:00","dateModified":"2016-08-04T22:48:31-03:00","inLanguage":"pt-BR","mainEntityOfPage":{"@id":"https:\/\/anoticiaonline.com.br\/site\/escritor-muriaeense-participa-de-encontro-cultural-nas-olimpiadas\/#webpage"},"isPartOf":{"@id":"https:\/\/anoticiaonline.com.br\/site\/escritor-muriaeense-participa-de-encontro-cultural-nas-olimpiadas\/#webpage"},"articleSection":"Blog, slide"},{"@type":"BreadcrumbList","@id":"https:\/\/anoticiaonline.com.br\/site\/escritor-muriaeense-participa-de-encontro-cultural-nas-olimpiadas\/#breadcrumblist","itemListElement":[{"@type":"ListItem","@id":"https:\/\/anoticiaonline.com.br\/site#listItem","position":1,"name":"Home","item":"https:\/\/anoticiaonline.com.br\/site","nextItem":{"@type":"ListItem","@id":"https:\/\/anoticiaonline.com.br\/site\/categoria\/muriae\/#listItem","name":"Blog"}},{"@type":"ListItem","@id":"https:\/\/anoticiaonline.com.br\/site\/categoria\/muriae\/#listItem","position":2,"name":"Blog","item":"https:\/\/anoticiaonline.com.br\/site\/categoria\/muriae\/","nextItem":{"@type":"ListItem","@id":"https:\/\/anoticiaonline.com.br\/site\/escritor-muriaeense-participa-de-encontro-cultural-nas-olimpiadas\/#listItem","name":"Escritor muriaeense participa de encontro cultural nas Olimp\u00edadas"},"previousItem":{"@type":"ListItem","@id":"https:\/\/anoticiaonline.com.br\/site#listItem","name":"Home"}},{"@type":"ListItem","@id":"https:\/\/anoticiaonline.com.br\/site\/escritor-muriaeense-participa-de-encontro-cultural-nas-olimpiadas\/#listItem","position":3,"name":"Escritor muriaeense participa de encontro cultural nas Olimp\u00edadas","previousItem":{"@type":"ListItem","@id":"https:\/\/anoticiaonline.com.br\/site\/categoria\/muriae\/#listItem","name":"Blog"}}]},{"@type":"Organization","@id":"https:\/\/anoticiaonline.com.br\/site\/#organization","name":"A Not\u00edcia Online","description":"Noticias de Muria\u00e9 e regi\u00e3o","url":"https:\/\/anoticiaonline.com.br\/site\/","logo":{"@type":"ImageObject","url":"https:\/\/scontent-gig4-1.xx.fbcdn.net\/v\/t39.30808-1\/270437624_4564083193639691_6907940295614233970_n.jpg?stp=dst-jpg_s200x200_tt6&_nc_cat=111&ccb=1-7&_nc_sid=f907e8&_nc_ohc=SM1wRlP3lJwQ7kNvwEPuBYA&_nc_oc=AdnqrjDN_BNjSSHWO-GbkIWH6fkGMLw4bqvL_NH6e2wMveX7G-rP2dAqsDSq1mJMOaY&_nc_zt=24&_nc_ht=scontent-gig4-1.xx&_nc_gid=AoBFJeGrT1hVaew_6rchkQ&oh=00_AfX7QmFGhQhG2jAllVgXCiM1ZrWgvtp80-Bfppyexh1QEg&oe=689E923C","@id":"https:\/\/anoticiaonline.com.br\/site\/escritor-muriaeense-participa-de-encontro-cultural-nas-olimpiadas\/#organizationLogo"},"image":{"@id":"https:\/\/anoticiaonline.com.br\/site\/escritor-muriaeense-participa-de-encontro-cultural-nas-olimpiadas\/#organizationLogo"}},{"@type":"Person","@id":"https:\/\/anoticiaonline.com.br\/site\/author\/juliana\/#author","url":"https:\/\/anoticiaonline.com.br\/site\/author\/juliana\/","name":"Juliana Laviola","image":{"@type":"ImageObject","@id":"https:\/\/anoticiaonline.com.br\/site\/escritor-muriaeense-participa-de-encontro-cultural-nas-olimpiadas\/#authorImage","url":"https:\/\/secure.gravatar.com\/avatar\/b8d45f5c699b100dfaf0e543582f38f38bf94cb7ae3a5e9abf8d891a34773335?s=96&d=mm&r=g","width":96,"height":96,"caption":"Juliana Laviola"}},{"@type":"WebPage","@id":"https:\/\/anoticiaonline.com.br\/site\/escritor-muriaeense-participa-de-encontro-cultural-nas-olimpiadas\/#webpage","url":"https:\/\/anoticiaonline.com.br\/site\/escritor-muriaeense-participa-de-encontro-cultural-nas-olimpiadas\/","name":"Escritor muriaeense participa de encontro cultural nas Olimp\u00edadas - A Not\u00edcia Online","description":"O escritor, jornalista e cr\u00edtico liter\u00e1rio muriaeense, S\u00e9rgio Rodrigues, participar\u00e1 de um encontro entre autores do Pr\u00eamio Jabuti e seus leitores na pr\u00f3xima quarta-feira (13), no espa\u00e7o localizado na rec\u00e9m-revitalizada Pra\u00e7a Mau\u00e1, no Rio de Janeiro. Criada pela C\u00e2mara Brasileira do Livro (CBL), a s\u00e9rie de encontros \u201cJabuti entre autores e leitores\u201d, em parceria com","inLanguage":"pt-BR","isPartOf":{"@id":"https:\/\/anoticiaonline.com.br\/site\/#website"},"breadcrumb":{"@id":"https:\/\/anoticiaonline.com.br\/site\/escritor-muriaeense-participa-de-encontro-cultural-nas-olimpiadas\/#breadcrumblist"},"author":{"@id":"https:\/\/anoticiaonline.com.br\/site\/author\/juliana\/#author"},"creator":{"@id":"https:\/\/anoticiaonline.com.br\/site\/author\/juliana\/#author"},"image":{"@type":"ImageObject","url":"https:\/\/anoticiaonline.com.br\/site\/wp-content\/uploads\/2016\/08\/S\u00e9rgio-Rodrigues.jpg","@id":"https:\/\/anoticiaonline.com.br\/site\/escritor-muriaeense-participa-de-encontro-cultural-nas-olimpiadas\/#mainImage","width":640,"height":623,"caption":"Foto: Divulga\u00e7\u00e3o"},"primaryImageOfPage":{"@id":"https:\/\/anoticiaonline.com.br\/site\/escritor-muriaeense-participa-de-encontro-cultural-nas-olimpiadas\/#mainImage"},"datePublished":"2016-08-01T17:27:47-03:00","dateModified":"2016-08-04T22:48:31-03:00"},{"@type":"WebSite","@id":"https:\/\/anoticiaonline.com.br\/site\/#website","url":"https:\/\/anoticiaonline.com.br\/site\/","name":"A Not\u00edcia Online","description":"Noticias de Muria\u00e9 e regi\u00e3o","inLanguage":"pt-BR","publisher":{"@id":"https:\/\/anoticiaonline.com.br\/site\/#organization"}}]},"og:locale":"pt_BR","og:site_name":"A Not\u00edcia Online - Noticias de Muria\u00e9 e regi\u00e3o","og:type":"article","og:title":"Escritor muriaeense participa de encontro cultural nas Olimp\u00edadas - A Not\u00edcia Online","og:description":"O escritor, jornalista e cr\u00edtico liter\u00e1rio muriaeense, S\u00e9rgio Rodrigues, participar\u00e1 de um encontro entre autores do Pr\u00eamio Jabuti e seus leitores na pr\u00f3xima quarta-feira (13), no espa\u00e7o localizado na rec\u00e9m-revitalizada Pra\u00e7a Mau\u00e1, no Rio de Janeiro. Criada pela C\u00e2mara Brasileira do Livro (CBL), a s\u00e9rie de encontros \u201cJabuti entre autores e leitores\u201d, em parceria com","og:url":"https:\/\/anoticiaonline.com.br\/site\/escritor-muriaeense-participa-de-encontro-cultural-nas-olimpiadas\/","og:image":"https:\/\/scontent-gig4-1.xx.fbcdn.net\/v\/t39.30808-1\/270437624_4564083193639691_6907940295614233970_n.jpg?stp=dst-jpg_s200x200_tt6&#038;_nc_cat=111&#038;ccb=1-7&#038;_nc_sid=f907e8&#038;_nc_ohc=SM1wRlP3lJwQ7kNvwEPuBYA&#038;_nc_oc=AdnqrjDN_BNjSSHWO-GbkIWH6fkGMLw4bqvL_NH6e2wMveX7G-rP2dAqsDSq1mJMOaY&#038;_nc_zt=24&#038;_nc_ht=scontent-gig4-1.xx&#038;_nc_gid=AoBFJeGrT1hVaew_6rchkQ&#038;oh=00_AfX7QmFGhQhG2jAllVgXCiM1ZrWgvtp80-Bfppyexh1QEg&#038;oe=689E923C","og:image:secure_url":"https:\/\/scontent-gig4-1.xx.fbcdn.net\/v\/t39.30808-1\/270437624_4564083193639691_6907940295614233970_n.jpg?stp=dst-jpg_s200x200_tt6&#038;_nc_cat=111&#038;ccb=1-7&#038;_nc_sid=f907e8&#038;_nc_ohc=SM1wRlP3lJwQ7kNvwEPuBYA&#038;_nc_oc=AdnqrjDN_BNjSSHWO-GbkIWH6fkGMLw4bqvL_NH6e2wMveX7G-rP2dAqsDSq1mJMOaY&#038;_nc_zt=24&#038;_nc_ht=scontent-gig4-1.xx&#038;_nc_gid=AoBFJeGrT1hVaew_6rchkQ&#038;oh=00_AfX7QmFGhQhG2jAllVgXCiM1ZrWgvtp80-Bfppyexh1QEg&#038;oe=689E923C","article:published_time":"2016-08-01T20:27:47+00:00","article:modified_time":"2016-08-05T01:48:31+00:00","twitter:card":"summary_large_image","twitter:title":"Escritor muriaeense participa de encontro cultural nas Olimp\u00edadas - A Not\u00edcia Online","twitter:description":"O escritor, jornalista e cr\u00edtico liter\u00e1rio muriaeense, S\u00e9rgio Rodrigues, participar\u00e1 de um encontro entre autores do Pr\u00eamio Jabuti e seus leitores na pr\u00f3xima quarta-feira (13), no espa\u00e7o localizado na rec\u00e9m-revitalizada Pra\u00e7a Mau\u00e1, no Rio de Janeiro. Criada pela C\u00e2mara Brasileira do Livro (CBL), a s\u00e9rie de encontros \u201cJabuti entre autores e leitores\u201d, em parceria com","twitter:image":"https:\/\/scontent-gig4-1.xx.fbcdn.net\/v\/t39.30808-1\/270437624_4564083193639691_6907940295614233970_n.jpg?stp=dst-jpg_s200x200_tt6&_nc_cat=111&ccb=1-7&_nc_sid=f907e8&_nc_ohc=SM1wRlP3lJwQ7kNvwEPuBYA&_nc_oc=AdnqrjDN_BNjSSHWO-GbkIWH6fkGMLw4bqvL_NH6e2wMveX7G-rP2dAqsDSq1mJMOaY&_nc_zt=24&_nc_ht=scontent-gig4-1.xx&_nc_gid=AoBFJeGrT1hVaew_6rchkQ&oh=00_AfX7QmFGhQhG2jAllVgXCiM1ZrWgvtp80-Bfppyexh1QEg&oe=689E923C"},"aioseo_meta_data":{"post_id":"16250","title":null,"description":null,"keywords":null,"keyphrases":null,"primary_term":null,"canonical_url":null,"og_title":null,"og_description":null,"og_object_type":"default","og_image_type":"default","og_image_url":null,"og_image_width":null,"og_image_height":null,"og_image_custom_url":null,"og_image_custom_fields":null,"og_video":null,"og_custom_url":null,"og_article_section":null,"og_article_tags":null,"twitter_use_og":false,"twitter_card":"default","twitter_image_type":"default","twitter_image_url":null,"twitter_image_custom_url":null,"twitter_image_custom_fields":null,"twitter_title":null,"twitter_description":null,"schema":{"blockGraphs":[],"customGraphs":[],"default":{"data":{"Article":[],"Course":[],"Dataset":[],"FAQPage":[],"Movie":[],"Person":[],"Product":[],"ProductReview":[],"Car":[],"Recipe":[],"Service":[],"SoftwareApplication":[],"WebPage":[]},"graphName":"","isEnabled":true},"graphs":[]},"schema_type":"default","schema_type_options":null,"pillar_content":false,"robots_default":true,"robots_noindex":false,"robots_noarchive":false,"robots_nosnippet":false,"robots_nofollow":false,"robots_noimageindex":false,"robots_noodp":false,"robots_notranslate":false,"robots_max_snippet":null,"robots_max_videopreview":null,"robots_max_imagepreview":"large","priority":null,"frequency":null,"local_seo":null,"breadcrumb_settings":null,"limit_modified_date":false,"ai":null,"created":"2025-08-16 16:32:32","updated":"2025-08-16 16:32:32","focus_keyword":null,"additional_keywords":null,"truseo_locale":null,"seo_analyzer_scan_date":null},"aioseo_breadcrumb":"<div class=\"aioseo-breadcrumbs\"><span class=\"aioseo-breadcrumb\">\n\t\t\t<a href=\"https:\/\/anoticiaonline.com.br\/site\" title=\"Home\">Home<\/a>\n\t\t<\/span><span class=\"aioseo-breadcrumb-separator\">&raquo;<\/span><span class=\"aioseo-breadcrumb\">\n\t\t\t<a href=\"https:\/\/anoticiaonline.com.br\/site\/categoria\/muriae\/\" title=\"Blog\">Blog<\/a>\n\t\t<\/span><span class=\"aioseo-breadcrumb-separator\">&raquo;<\/span><span class=\"aioseo-breadcrumb\">\n\t\t\tEscritor muriaeense participa de encontro cultural nas Olimp\u00edadas\n\t\t<\/span><\/div>","aioseo_breadcrumb_json":[{"label":"Home","link":"https:\/\/anoticiaonline.com.br\/site"},{"label":"Blog","link":"https:\/\/anoticiaonline.com.br\/site\/categoria\/muriae\/"},{"label":"Escritor muriaeense participa de encontro cultural nas Olimp\u00edadas","link":"https:\/\/anoticiaonline.com.br\/site\/escritor-muriaeense-participa-de-encontro-cultural-nas-olimpiadas\/"}],"views":147,"_links":{"self":[{"href":"https:\/\/anoticiaonline.com.br\/site\/wp-json\/wp\/v2\/posts\/16250","targetHints":{"allow":["GET"]}}],"collection":[{"href":"https:\/\/anoticiaonline.com.br\/site\/wp-json\/wp\/v2\/posts"}],"about":[{"href":"https:\/\/anoticiaonline.com.br\/site\/wp-json\/wp\/v2\/types\/post"}],"author":[{"embeddable":true,"href":"https:\/\/anoticiaonline.com.br\/site\/wp-json\/wp\/v2\/users\/2"}],"replies":[{"embeddable":true,"href":"https:\/\/anoticiaonline.com.br\/site\/wp-json\/wp\/v2\/comments?post=16250"}],"version-history":[{"count":0,"href":"https:\/\/anoticiaonline.com.br\/site\/wp-json\/wp\/v2\/posts\/16250\/revisions"}],"wp:featuredmedia":[{"embeddable":true,"href":"https:\/\/anoticiaonline.com.br\/site\/wp-json\/wp\/v2\/media\/16251"}],"wp:attachment":[{"href":"https:\/\/anoticiaonline.com.br\/site\/wp-json\/wp\/v2\/media?parent=16250"}],"wp:term":[{"taxonomy":"category","embeddable":true,"href":"https:\/\/anoticiaonline.com.br\/site\/wp-json\/wp\/v2\/categories?post=16250"},{"taxonomy":"post_tag","embeddable":true,"href":"https:\/\/anoticiaonline.com.br\/site\/wp-json\/wp\/v2\/tags?post=16250"}],"curies":[{"name":"wp","href":"https:\/\/api.w.org\/{rel}","templated":true}]}}