{"id":16247,"date":"2016-08-01T15:44:01","date_gmt":"2016-08-01T18:44:01","guid":{"rendered":"http:\/\/anoticiaonline.com.br\/site\/?p=16247"},"modified":"2016-08-01T15:44:01","modified_gmt":"2016-08-01T18:44:01","slug":"candidatos-a-figurantes-para-filme-nacional-que-sera-rodado-em-muriae-ja-podem-se-cadastrar","status":"publish","type":"post","link":"https:\/\/anoticiaonline.com.br\/site\/candidatos-a-figurantes-para-filme-nacional-que-sera-rodado-em-muriae-ja-podem-se-cadastrar\/","title":{"rendered":"Candidatos a figurantes para filme nacional que ser\u00e1 rodado em Muria\u00e9 j\u00e1 podem se cadastrar"},"content":{"rendered":"<p><a href=\"https:\/\/anoticiaonline.com.br\/site\/wp-content\/uploads\/2016\/08\/Candidatos-a-figurantes-para-filme-nacional-que-ser\u00e1-rodado-em-Muria\u00e9-j\u00e1-podem-se-cadastrar.jpg\"><img fetchpriority=\"high\" decoding=\"async\" class=\" size-medium wp-image-16248 alignleft\" src=\"https:\/\/anoticiaonline.com.br\/site\/wp-content\/uploads\/2016\/08\/Candidatos-a-figurantes-para-filme-nacional-que-ser\u00e1-rodado-em-Muria\u00e9-j\u00e1-podem-se-cadastrar-300x267.jpg\" alt=\"Candidatos a figurantes para filme nacional que ser\u00e1 rodado em Muria\u00e9 j\u00e1 podem se cadastrar\" width=\"300\" height=\"267\" srcset=\"https:\/\/anoticiaonline.com.br\/site\/wp-content\/uploads\/2016\/08\/Candidatos-a-figurantes-para-filme-nacional-que-ser\u00e1-rodado-em-Muria\u00e9-j\u00e1-podem-se-cadastrar-300x267.jpg 300w, https:\/\/anoticiaonline.com.br\/site\/wp-content\/uploads\/2016\/08\/Candidatos-a-figurantes-para-filme-nacional-que-ser\u00e1-rodado-em-Muria\u00e9-j\u00e1-podem-se-cadastrar.jpg 600w\" sizes=\"(max-width: 300px) 100vw, 300px\" \/><\/a>Os interessados em se candidatar a uma vaga como figurante do longa nacional que ser\u00e1 rodado em Muria\u00e9, \u201cVai na bola, Glanderson\u201d, j\u00e1 podem fazer suas inscri\u00e7\u00f5es. O filme, cujo roteiro \u00e9 de Helio de la Pe\u00f1a e dire\u00e7\u00e3o de Jeferson De, ser\u00e1 filmado na cidade em agosto e setembro. O elenco \u00e9 formado por Ailton Gra\u00e7a (Ventania), L\u00e1zaro Ramos (Uranus) e Juan Paiva (Glanderson).<\/p>\n<p>Em Muria\u00e9, os pontos de loca\u00e7\u00f5es s\u00e3o os bairros S\u00e3o Joaquim e Ros\u00e1rio, as duas feiras do produtor rural, o Camel\u00f3dromo Municipal e o sem\u00e1foro do Centro.<\/p>\n<p>As filmagens ser\u00e3o realizadas tamb\u00e9m em mais duas cidades &#8211; Rio de Janeiro e S\u00e3o Paulo. O filme ser\u00e1 finalizado em mar\u00e7o de 2017.<\/p>\n<p>Podem se inscrever como figurantes pessoas de todas as idades. As inscri\u00e7\u00f5es s\u00e3o gratuitas e os selecionados receber\u00e3o cach\u00ea pela participa\u00e7\u00e3o.<\/p>\n<p>O cadastro est\u00e1 sendo feito na escola de idiomas Wizard, que est\u00e1 localizada na Rua Coronel Domiciano Rodrigues, 12, sobreloja, Centro. Mais informa\u00e7\u00f5es podem ser obtidas pelos telefones 3722-2862, 98833-2188, 98508-0208, 98821-8332 e 98844-4140.<\/p>\n<p><strong>SINOPSE &#8211;<\/strong> Paulo Ventania (Ailton Gra\u00e7a), o principal personagem do filme, acaba de deixar o \u00faltimo de seus diversos empregos. Sem uma forma\u00e7\u00e3o definida, ele busca uma forma de sobreviver com dignidade. Vislumbra, no papel de empres\u00e1rio de jogador de futebol, a chance de mudar sua vida. Embora tenha jogado bola no passado, Ventania est\u00e1 afastado deste universo. Ainda assim, acredita que pode ser bem sucedido, afinal, o Brasil \u00e9 \u201cpa\u00eds do futebol\u201d.<\/p>\n<p>Percorrendo o sub\u00farbio carioca, Ventania descobre Glanderson (Juan Paiva), um garoto que sonha ser jogador, mas n\u00e3o teve oportunidade. Glanderson tem uma caracter\u00edstica f\u00edsica marcante: ele n\u00e3o possui dois dedos do p\u00e9. O aspecto \u00e9 tratado com naturalidade na hist\u00f3ria, sem preconceitos ou comisera\u00e7\u00e3o.<\/p>\n<p>Ventania acredita no talento do jovem e se empenha em alavancar sua carreira. Improvisando treinamentos, arriscando contatos, desenhando projetos, Ventania exp\u00f5e seu car\u00e1ter empreendedor e sua criatividade.<\/p>\n<p>Os equ\u00edvocos e trope\u00e7os dessa caminhada d\u00e3o a gra\u00e7a da hist\u00f3ria e criam identifica\u00e7\u00e3o com o espectador.<\/p>\n<p>No decorrer desta trajet\u00f3ria, o p\u00fablico ter\u00e1 a oportunidade de conhecer aspectos da vida na periferia, um pouco das pessoas que ali habitam, seus conflitos e seus sonhos. A identifica\u00e7\u00e3o com a dupla e a gra\u00e7a das suas trapalhadas, muitas vezes involunt\u00e1rias, s\u00e3o trunfos que prometem chamar a aten\u00e7\u00e3o do p\u00fablico.<\/p>\n","protected":false},"excerpt":{"rendered":"<p>Os interessados em se candidatar a uma vaga como figurante do longa nacional que ser\u00e1 rodado em Muria\u00e9, \u201cVai na bola, Glanderson\u201d, j\u00e1 podem fazer suas inscri\u00e7\u00f5es. O filme, cujo roteiro \u00e9 de Helio de la Pe\u00f1a e dire\u00e7\u00e3o de Jeferson De, ser\u00e1 filmado na cidade em agosto e setembro. O elenco \u00e9 formado por &#8230; <a title=\"Candidatos a figurantes para filme nacional que ser\u00e1 rodado em Muria\u00e9 j\u00e1 podem se cadastrar\" class=\"read-more\" href=\"https:\/\/anoticiaonline.com.br\/site\/candidatos-a-figurantes-para-filme-nacional-que-sera-rodado-em-muriae-ja-podem-se-cadastrar\/\" aria-label=\"Read more about Candidatos a figurantes para filme nacional que ser\u00e1 rodado em Muria\u00e9 j\u00e1 podem se cadastrar\">Ler mais<\/a><\/p>\n","protected":false},"author":2,"featured_media":16248,"comment_status":"open","ping_status":"open","sticky":false,"template":"","format":"standard","meta":{"_acf_changed":false,"_monsterinsights_skip_tracking":false,"footnotes":""},"categories":[30],"tags":[3],"class_list":["post-16247","post","type-post","status-publish","format-standard","has-post-thumbnail","hentry","category-muriae","tag-slide"],"acf":[],"aioseo_notices":[],"aioseo_head":"\n\t\t<!-- All in One SEO 5.0.0.1 - aioseo.com -->\n\t<meta name=\"description\" content=\"Os interessados em se candidatar a uma vaga como figurante do longa nacional que ser\u00e1 rodado em Muria\u00e9, \u201cVai na bola, Glanderson\u201d, j\u00e1 podem fazer suas inscri\u00e7\u00f5es. O filme, cujo roteiro \u00e9 de Helio de la Pe\u00f1a e dire\u00e7\u00e3o de Jeferson De, ser\u00e1 filmado na cidade em agosto e setembro. O elenco \u00e9 formado por\" \/>\n\t<meta name=\"robots\" content=\"max-image-preview:large\" \/>\n\t<meta name=\"author\" content=\"Juliana Laviola\"\/>\n\t<link rel=\"canonical\" href=\"https:\/\/anoticiaonline.com.br\/site\/candidatos-a-figurantes-para-filme-nacional-que-sera-rodado-em-muriae-ja-podem-se-cadastrar\/\" \/>\n\t<meta name=\"generator\" content=\"All in One SEO (AIOSEO) 5.0.0.1\" \/>\n\t\t<meta property=\"og:locale\" content=\"pt_BR\" \/>\n\t\t<meta property=\"og:site_name\" content=\"A Not\u00edcia Online - Noticias de Muria\u00e9 e regi\u00e3o\" \/>\n\t\t<meta property=\"og:type\" content=\"article\" \/>\n\t\t<meta property=\"og:title\" content=\"Candidatos a figurantes para filme nacional que ser\u00e1 rodado em Muria\u00e9 j\u00e1 podem se cadastrar - A Not\u00edcia Online\" \/>\n\t\t<meta property=\"og:description\" content=\"Os interessados em se candidatar a uma vaga como figurante do longa nacional que ser\u00e1 rodado em Muria\u00e9, \u201cVai na bola, Glanderson\u201d, j\u00e1 podem fazer suas inscri\u00e7\u00f5es. O filme, cujo roteiro \u00e9 de Helio de la Pe\u00f1a e dire\u00e7\u00e3o de Jeferson De, ser\u00e1 filmado na cidade em agosto e setembro. O elenco \u00e9 formado por\" \/>\n\t\t<meta property=\"og:url\" content=\"https:\/\/anoticiaonline.com.br\/site\/candidatos-a-figurantes-para-filme-nacional-que-sera-rodado-em-muriae-ja-podem-se-cadastrar\/\" \/>\n\t\t<meta property=\"og:image\" content=\"https:\/\/scontent-gig4-1.xx.fbcdn.net\/v\/t39.30808-1\/270437624_4564083193639691_6907940295614233970_n.jpg?stp=dst-jpg_s200x200_tt6&#038;_nc_cat=111&#038;ccb=1-7&#038;_nc_sid=f907e8&#038;_nc_ohc=SM1wRlP3lJwQ7kNvwEPuBYA&#038;_nc_oc=AdnqrjDN_BNjSSHWO-GbkIWH6fkGMLw4bqvL_NH6e2wMveX7G-rP2dAqsDSq1mJMOaY&#038;_nc_zt=24&#038;_nc_ht=scontent-gig4-1.xx&#038;_nc_gid=AoBFJeGrT1hVaew_6rchkQ&#038;oh=00_AfX7QmFGhQhG2jAllVgXCiM1ZrWgvtp80-Bfppyexh1QEg&#038;oe=689E923C\" \/>\n\t\t<meta property=\"og:image:secure_url\" content=\"https:\/\/scontent-gig4-1.xx.fbcdn.net\/v\/t39.30808-1\/270437624_4564083193639691_6907940295614233970_n.jpg?stp=dst-jpg_s200x200_tt6&#038;_nc_cat=111&#038;ccb=1-7&#038;_nc_sid=f907e8&#038;_nc_ohc=SM1wRlP3lJwQ7kNvwEPuBYA&#038;_nc_oc=AdnqrjDN_BNjSSHWO-GbkIWH6fkGMLw4bqvL_NH6e2wMveX7G-rP2dAqsDSq1mJMOaY&#038;_nc_zt=24&#038;_nc_ht=scontent-gig4-1.xx&#038;_nc_gid=AoBFJeGrT1hVaew_6rchkQ&#038;oh=00_AfX7QmFGhQhG2jAllVgXCiM1ZrWgvtp80-Bfppyexh1QEg&#038;oe=689E923C\" \/>\n\t\t<meta property=\"article:published_time\" content=\"2016-08-01T18:44:01+00:00\" \/>\n\t\t<meta property=\"article:modified_time\" content=\"2016-08-01T18:44:01+00:00\" \/>\n\t\t<meta name=\"twitter:card\" content=\"summary_large_image\" \/>\n\t\t<meta name=\"twitter:title\" content=\"Candidatos a figurantes para filme nacional que ser\u00e1 rodado em Muria\u00e9 j\u00e1 podem se cadastrar - A Not\u00edcia Online\" \/>\n\t\t<meta name=\"twitter:description\" content=\"Os interessados em se candidatar a uma vaga como figurante do longa nacional que ser\u00e1 rodado em Muria\u00e9, \u201cVai na bola, Glanderson\u201d, j\u00e1 podem fazer suas inscri\u00e7\u00f5es. O filme, cujo roteiro \u00e9 de Helio de la Pe\u00f1a e dire\u00e7\u00e3o de Jeferson De, ser\u00e1 filmado na cidade em agosto e setembro. O elenco \u00e9 formado por\" \/>\n\t\t<meta name=\"twitter:image\" content=\"https:\/\/scontent-gig4-1.xx.fbcdn.net\/v\/t39.30808-1\/270437624_4564083193639691_6907940295614233970_n.jpg?stp=dst-jpg_s200x200_tt6&amp;_nc_cat=111&amp;ccb=1-7&amp;_nc_sid=f907e8&amp;_nc_ohc=SM1wRlP3lJwQ7kNvwEPuBYA&amp;_nc_oc=AdnqrjDN_BNjSSHWO-GbkIWH6fkGMLw4bqvL_NH6e2wMveX7G-rP2dAqsDSq1mJMOaY&amp;_nc_zt=24&amp;_nc_ht=scontent-gig4-1.xx&amp;_nc_gid=AoBFJeGrT1hVaew_6rchkQ&amp;oh=00_AfX7QmFGhQhG2jAllVgXCiM1ZrWgvtp80-Bfppyexh1QEg&amp;oe=689E923C\" \/>\n\t\t<script type=\"application\/ld+json\" class=\"aioseo-schema\">\n\t\t\t{\"@context\":\"https:\\\/\\\/schema.org\",\"@graph\":[{\"@type\":\"BlogPosting\",\"@id\":\"https:\\\/\\\/anoticiaonline.com.br\\\/site\\\/candidatos-a-figurantes-para-filme-nacional-que-sera-rodado-em-muriae-ja-podem-se-cadastrar\\\/#blogposting\",\"name\":\"Candidatos a figurantes para filme nacional que ser\\u00e1 rodado em Muria\\u00e9 j\\u00e1 podem se cadastrar - A Not\\u00edcia Online\",\"headline\":\"Candidatos a figurantes para filme nacional que ser\\u00e1 rodado em Muria\\u00e9 j\\u00e1 podem se cadastrar\",\"author\":{\"@id\":\"https:\\\/\\\/anoticiaonline.com.br\\\/site\\\/author\\\/juliana\\\/#author\"},\"publisher\":{\"@id\":\"https:\\\/\\\/anoticiaonline.com.br\\\/site\\\/#organization\"},\"image\":{\"@type\":\"ImageObject\",\"url\":\"https:\\\/\\\/anoticiaonline.com.br\\\/site\\\/wp-content\\\/uploads\\\/2016\\\/08\\\/Candidatos-a-figurantes-para-filme-nacional-que-ser\\u00e1-rodado-em-Muria\\u00e9-j\\u00e1-podem-se-cadastrar.jpg\",\"width\":600,\"height\":533},\"datePublished\":\"2016-08-01T15:44:01-03:00\",\"dateModified\":\"2016-08-01T15:44:01-03:00\",\"inLanguage\":\"pt-BR\",\"mainEntityOfPage\":{\"@id\":\"https:\\\/\\\/anoticiaonline.com.br\\\/site\\\/candidatos-a-figurantes-para-filme-nacional-que-sera-rodado-em-muriae-ja-podem-se-cadastrar\\\/#webpage\"},\"isPartOf\":{\"@id\":\"https:\\\/\\\/anoticiaonline.com.br\\\/site\\\/candidatos-a-figurantes-para-filme-nacional-que-sera-rodado-em-muriae-ja-podem-se-cadastrar\\\/#webpage\"},\"articleSection\":\"Blog, slide\"},{\"@type\":\"BreadcrumbList\",\"@id\":\"https:\\\/\\\/anoticiaonline.com.br\\\/site\\\/candidatos-a-figurantes-para-filme-nacional-que-sera-rodado-em-muriae-ja-podem-se-cadastrar\\\/#breadcrumblist\",\"itemListElement\":[{\"@type\":\"ListItem\",\"@id\":\"https:\\\/\\\/anoticiaonline.com.br\\\/site#listItem\",\"position\":1,\"name\":\"Home\",\"item\":\"https:\\\/\\\/anoticiaonline.com.br\\\/site\",\"nextItem\":{\"@type\":\"ListItem\",\"@id\":\"https:\\\/\\\/anoticiaonline.com.br\\\/site\\\/categoria\\\/muriae\\\/#listItem\",\"name\":\"Blog\"}},{\"@type\":\"ListItem\",\"@id\":\"https:\\\/\\\/anoticiaonline.com.br\\\/site\\\/categoria\\\/muriae\\\/#listItem\",\"position\":2,\"name\":\"Blog\",\"item\":\"https:\\\/\\\/anoticiaonline.com.br\\\/site\\\/categoria\\\/muriae\\\/\",\"nextItem\":{\"@type\":\"ListItem\",\"@id\":\"https:\\\/\\\/anoticiaonline.com.br\\\/site\\\/candidatos-a-figurantes-para-filme-nacional-que-sera-rodado-em-muriae-ja-podem-se-cadastrar\\\/#listItem\",\"name\":\"Candidatos a figurantes para filme nacional que ser\\u00e1 rodado em Muria\\u00e9 j\\u00e1 podem se cadastrar\"},\"previousItem\":{\"@type\":\"ListItem\",\"@id\":\"https:\\\/\\\/anoticiaonline.com.br\\\/site#listItem\",\"name\":\"Home\"}},{\"@type\":\"ListItem\",\"@id\":\"https:\\\/\\\/anoticiaonline.com.br\\\/site\\\/candidatos-a-figurantes-para-filme-nacional-que-sera-rodado-em-muriae-ja-podem-se-cadastrar\\\/#listItem\",\"position\":3,\"name\":\"Candidatos a figurantes para filme nacional que ser\\u00e1 rodado em Muria\\u00e9 j\\u00e1 podem se cadastrar\",\"previousItem\":{\"@type\":\"ListItem\",\"@id\":\"https:\\\/\\\/anoticiaonline.com.br\\\/site\\\/categoria\\\/muriae\\\/#listItem\",\"name\":\"Blog\"}}]},{\"@type\":\"Organization\",\"@id\":\"https:\\\/\\\/anoticiaonline.com.br\\\/site\\\/#organization\",\"name\":\"A Not\\u00edcia Online\",\"description\":\"Noticias de Muria\\u00e9 e regi\\u00e3o\",\"url\":\"https:\\\/\\\/anoticiaonline.com.br\\\/site\\\/\",\"logo\":{\"@type\":\"ImageObject\",\"url\":\"https:\\\/\\\/scontent-gig4-1.xx.fbcdn.net\\\/v\\\/t39.30808-1\\\/270437624_4564083193639691_6907940295614233970_n.jpg?stp=dst-jpg_s200x200_tt6&_nc_cat=111&ccb=1-7&_nc_sid=f907e8&_nc_ohc=SM1wRlP3lJwQ7kNvwEPuBYA&_nc_oc=AdnqrjDN_BNjSSHWO-GbkIWH6fkGMLw4bqvL_NH6e2wMveX7G-rP2dAqsDSq1mJMOaY&_nc_zt=24&_nc_ht=scontent-gig4-1.xx&_nc_gid=AoBFJeGrT1hVaew_6rchkQ&oh=00_AfX7QmFGhQhG2jAllVgXCiM1ZrWgvtp80-Bfppyexh1QEg&oe=689E923C\",\"@id\":\"https:\\\/\\\/anoticiaonline.com.br\\\/site\\\/candidatos-a-figurantes-para-filme-nacional-que-sera-rodado-em-muriae-ja-podem-se-cadastrar\\\/#organizationLogo\"},\"image\":{\"@id\":\"https:\\\/\\\/anoticiaonline.com.br\\\/site\\\/candidatos-a-figurantes-para-filme-nacional-que-sera-rodado-em-muriae-ja-podem-se-cadastrar\\\/#organizationLogo\"}},{\"@type\":\"Person\",\"@id\":\"https:\\\/\\\/anoticiaonline.com.br\\\/site\\\/author\\\/juliana\\\/#author\",\"url\":\"https:\\\/\\\/anoticiaonline.com.br\\\/site\\\/author\\\/juliana\\\/\",\"name\":\"Juliana Laviola\",\"image\":{\"@type\":\"ImageObject\",\"@id\":\"https:\\\/\\\/anoticiaonline.com.br\\\/site\\\/candidatos-a-figurantes-para-filme-nacional-que-sera-rodado-em-muriae-ja-podem-se-cadastrar\\\/#authorImage\",\"url\":\"https:\\\/\\\/secure.gravatar.com\\\/avatar\\\/b8d45f5c699b100dfaf0e543582f38f38bf94cb7ae3a5e9abf8d891a34773335?s=96&d=mm&r=g\",\"width\":96,\"height\":96,\"caption\":\"Juliana Laviola\"}},{\"@type\":\"WebPage\",\"@id\":\"https:\\\/\\\/anoticiaonline.com.br\\\/site\\\/candidatos-a-figurantes-para-filme-nacional-que-sera-rodado-em-muriae-ja-podem-se-cadastrar\\\/#webpage\",\"url\":\"https:\\\/\\\/anoticiaonline.com.br\\\/site\\\/candidatos-a-figurantes-para-filme-nacional-que-sera-rodado-em-muriae-ja-podem-se-cadastrar\\\/\",\"name\":\"Candidatos a figurantes para filme nacional que ser\\u00e1 rodado em Muria\\u00e9 j\\u00e1 podem se cadastrar - A Not\\u00edcia Online\",\"description\":\"Os interessados em se candidatar a uma vaga como figurante do longa nacional que ser\\u00e1 rodado em Muria\\u00e9, \\u201cVai na bola, Glanderson\\u201d, j\\u00e1 podem fazer suas inscri\\u00e7\\u00f5es. O filme, cujo roteiro \\u00e9 de Helio de la Pe\\u00f1a e dire\\u00e7\\u00e3o de Jeferson De, ser\\u00e1 filmado na cidade em agosto e setembro. O elenco \\u00e9 formado por\",\"inLanguage\":\"pt-BR\",\"isPartOf\":{\"@id\":\"https:\\\/\\\/anoticiaonline.com.br\\\/site\\\/#website\"},\"breadcrumb\":{\"@id\":\"https:\\\/\\\/anoticiaonline.com.br\\\/site\\\/candidatos-a-figurantes-para-filme-nacional-que-sera-rodado-em-muriae-ja-podem-se-cadastrar\\\/#breadcrumblist\"},\"author\":{\"@id\":\"https:\\\/\\\/anoticiaonline.com.br\\\/site\\\/author\\\/juliana\\\/#author\"},\"creator\":{\"@id\":\"https:\\\/\\\/anoticiaonline.com.br\\\/site\\\/author\\\/juliana\\\/#author\"},\"image\":{\"@type\":\"ImageObject\",\"url\":\"https:\\\/\\\/anoticiaonline.com.br\\\/site\\\/wp-content\\\/uploads\\\/2016\\\/08\\\/Candidatos-a-figurantes-para-filme-nacional-que-ser\\u00e1-rodado-em-Muria\\u00e9-j\\u00e1-podem-se-cadastrar.jpg\",\"@id\":\"https:\\\/\\\/anoticiaonline.com.br\\\/site\\\/candidatos-a-figurantes-para-filme-nacional-que-sera-rodado-em-muriae-ja-podem-se-cadastrar\\\/#mainImage\",\"width\":600,\"height\":533},\"primaryImageOfPage\":{\"@id\":\"https:\\\/\\\/anoticiaonline.com.br\\\/site\\\/candidatos-a-figurantes-para-filme-nacional-que-sera-rodado-em-muriae-ja-podem-se-cadastrar\\\/#mainImage\"},\"datePublished\":\"2016-08-01T15:44:01-03:00\",\"dateModified\":\"2016-08-01T15:44:01-03:00\"},{\"@type\":\"WebSite\",\"@id\":\"https:\\\/\\\/anoticiaonline.com.br\\\/site\\\/#website\",\"url\":\"https:\\\/\\\/anoticiaonline.com.br\\\/site\\\/\",\"name\":\"A Not\\u00edcia Online\",\"description\":\"Noticias de Muria\\u00e9 e regi\\u00e3o\",\"inLanguage\":\"pt-BR\",\"publisher\":{\"@id\":\"https:\\\/\\\/anoticiaonline.com.br\\\/site\\\/#organization\"}}]}\n\t\t<\/script>\n\t\t<!-- All in One SEO -->\n\n","aioseo_head_json":{"title":"Candidatos a figurantes para filme nacional que ser\u00e1 rodado em Muria\u00e9 j\u00e1 podem se cadastrar - A Not\u00edcia Online","description":"Os interessados em se candidatar a uma vaga como figurante do longa nacional que ser\u00e1 rodado em Muria\u00e9, \u201cVai na bola, Glanderson\u201d, j\u00e1 podem fazer suas inscri\u00e7\u00f5es. O filme, cujo roteiro \u00e9 de Helio de la Pe\u00f1a e dire\u00e7\u00e3o de Jeferson De, ser\u00e1 filmado na cidade em agosto e setembro. O elenco \u00e9 formado por","canonical_url":"https:\/\/anoticiaonline.com.br\/site\/candidatos-a-figurantes-para-filme-nacional-que-sera-rodado-em-muriae-ja-podem-se-cadastrar\/","robots":"max-image-preview:large","keywords":"","webmasterTools":{"miscellaneous":""},"schema":{"@context":"https:\/\/schema.org","@graph":[{"@type":"BlogPosting","@id":"https:\/\/anoticiaonline.com.br\/site\/candidatos-a-figurantes-para-filme-nacional-que-sera-rodado-em-muriae-ja-podem-se-cadastrar\/#blogposting","name":"Candidatos a figurantes para filme nacional que ser\u00e1 rodado em Muria\u00e9 j\u00e1 podem se cadastrar - A Not\u00edcia Online","headline":"Candidatos a figurantes para filme nacional que ser\u00e1 rodado em Muria\u00e9 j\u00e1 podem se cadastrar","author":{"@id":"https:\/\/anoticiaonline.com.br\/site\/author\/juliana\/#author"},"publisher":{"@id":"https:\/\/anoticiaonline.com.br\/site\/#organization"},"image":{"@type":"ImageObject","url":"https:\/\/anoticiaonline.com.br\/site\/wp-content\/uploads\/2016\/08\/Candidatos-a-figurantes-para-filme-nacional-que-ser\u00e1-rodado-em-Muria\u00e9-j\u00e1-podem-se-cadastrar.jpg","width":600,"height":533},"datePublished":"2016-08-01T15:44:01-03:00","dateModified":"2016-08-01T15:44:01-03:00","inLanguage":"pt-BR","mainEntityOfPage":{"@id":"https:\/\/anoticiaonline.com.br\/site\/candidatos-a-figurantes-para-filme-nacional-que-sera-rodado-em-muriae-ja-podem-se-cadastrar\/#webpage"},"isPartOf":{"@id":"https:\/\/anoticiaonline.com.br\/site\/candidatos-a-figurantes-para-filme-nacional-que-sera-rodado-em-muriae-ja-podem-se-cadastrar\/#webpage"},"articleSection":"Blog, slide"},{"@type":"BreadcrumbList","@id":"https:\/\/anoticiaonline.com.br\/site\/candidatos-a-figurantes-para-filme-nacional-que-sera-rodado-em-muriae-ja-podem-se-cadastrar\/#breadcrumblist","itemListElement":[{"@type":"ListItem","@id":"https:\/\/anoticiaonline.com.br\/site#listItem","position":1,"name":"Home","item":"https:\/\/anoticiaonline.com.br\/site","nextItem":{"@type":"ListItem","@id":"https:\/\/anoticiaonline.com.br\/site\/categoria\/muriae\/#listItem","name":"Blog"}},{"@type":"ListItem","@id":"https:\/\/anoticiaonline.com.br\/site\/categoria\/muriae\/#listItem","position":2,"name":"Blog","item":"https:\/\/anoticiaonline.com.br\/site\/categoria\/muriae\/","nextItem":{"@type":"ListItem","@id":"https:\/\/anoticiaonline.com.br\/site\/candidatos-a-figurantes-para-filme-nacional-que-sera-rodado-em-muriae-ja-podem-se-cadastrar\/#listItem","name":"Candidatos a figurantes para filme nacional que ser\u00e1 rodado em Muria\u00e9 j\u00e1 podem se cadastrar"},"previousItem":{"@type":"ListItem","@id":"https:\/\/anoticiaonline.com.br\/site#listItem","name":"Home"}},{"@type":"ListItem","@id":"https:\/\/anoticiaonline.com.br\/site\/candidatos-a-figurantes-para-filme-nacional-que-sera-rodado-em-muriae-ja-podem-se-cadastrar\/#listItem","position":3,"name":"Candidatos a figurantes para filme nacional que ser\u00e1 rodado em Muria\u00e9 j\u00e1 podem se cadastrar","previousItem":{"@type":"ListItem","@id":"https:\/\/anoticiaonline.com.br\/site\/categoria\/muriae\/#listItem","name":"Blog"}}]},{"@type":"Organization","@id":"https:\/\/anoticiaonline.com.br\/site\/#organization","name":"A Not\u00edcia Online","description":"Noticias de Muria\u00e9 e regi\u00e3o","url":"https:\/\/anoticiaonline.com.br\/site\/","logo":{"@type":"ImageObject","url":"https:\/\/scontent-gig4-1.xx.fbcdn.net\/v\/t39.30808-1\/270437624_4564083193639691_6907940295614233970_n.jpg?stp=dst-jpg_s200x200_tt6&_nc_cat=111&ccb=1-7&_nc_sid=f907e8&_nc_ohc=SM1wRlP3lJwQ7kNvwEPuBYA&_nc_oc=AdnqrjDN_BNjSSHWO-GbkIWH6fkGMLw4bqvL_NH6e2wMveX7G-rP2dAqsDSq1mJMOaY&_nc_zt=24&_nc_ht=scontent-gig4-1.xx&_nc_gid=AoBFJeGrT1hVaew_6rchkQ&oh=00_AfX7QmFGhQhG2jAllVgXCiM1ZrWgvtp80-Bfppyexh1QEg&oe=689E923C","@id":"https:\/\/anoticiaonline.com.br\/site\/candidatos-a-figurantes-para-filme-nacional-que-sera-rodado-em-muriae-ja-podem-se-cadastrar\/#organizationLogo"},"image":{"@id":"https:\/\/anoticiaonline.com.br\/site\/candidatos-a-figurantes-para-filme-nacional-que-sera-rodado-em-muriae-ja-podem-se-cadastrar\/#organizationLogo"}},{"@type":"Person","@id":"https:\/\/anoticiaonline.com.br\/site\/author\/juliana\/#author","url":"https:\/\/anoticiaonline.com.br\/site\/author\/juliana\/","name":"Juliana Laviola","image":{"@type":"ImageObject","@id":"https:\/\/anoticiaonline.com.br\/site\/candidatos-a-figurantes-para-filme-nacional-que-sera-rodado-em-muriae-ja-podem-se-cadastrar\/#authorImage","url":"https:\/\/secure.gravatar.com\/avatar\/b8d45f5c699b100dfaf0e543582f38f38bf94cb7ae3a5e9abf8d891a34773335?s=96&d=mm&r=g","width":96,"height":96,"caption":"Juliana Laviola"}},{"@type":"WebPage","@id":"https:\/\/anoticiaonline.com.br\/site\/candidatos-a-figurantes-para-filme-nacional-que-sera-rodado-em-muriae-ja-podem-se-cadastrar\/#webpage","url":"https:\/\/anoticiaonline.com.br\/site\/candidatos-a-figurantes-para-filme-nacional-que-sera-rodado-em-muriae-ja-podem-se-cadastrar\/","name":"Candidatos a figurantes para filme nacional que ser\u00e1 rodado em Muria\u00e9 j\u00e1 podem se cadastrar - A Not\u00edcia Online","description":"Os interessados em se candidatar a uma vaga como figurante do longa nacional que ser\u00e1 rodado em Muria\u00e9, \u201cVai na bola, Glanderson\u201d, j\u00e1 podem fazer suas inscri\u00e7\u00f5es. O filme, cujo roteiro \u00e9 de Helio de la Pe\u00f1a e dire\u00e7\u00e3o de Jeferson De, ser\u00e1 filmado na cidade em agosto e setembro. O elenco \u00e9 formado por","inLanguage":"pt-BR","isPartOf":{"@id":"https:\/\/anoticiaonline.com.br\/site\/#website"},"breadcrumb":{"@id":"https:\/\/anoticiaonline.com.br\/site\/candidatos-a-figurantes-para-filme-nacional-que-sera-rodado-em-muriae-ja-podem-se-cadastrar\/#breadcrumblist"},"author":{"@id":"https:\/\/anoticiaonline.com.br\/site\/author\/juliana\/#author"},"creator":{"@id":"https:\/\/anoticiaonline.com.br\/site\/author\/juliana\/#author"},"image":{"@type":"ImageObject","url":"https:\/\/anoticiaonline.com.br\/site\/wp-content\/uploads\/2016\/08\/Candidatos-a-figurantes-para-filme-nacional-que-ser\u00e1-rodado-em-Muria\u00e9-j\u00e1-podem-se-cadastrar.jpg","@id":"https:\/\/anoticiaonline.com.br\/site\/candidatos-a-figurantes-para-filme-nacional-que-sera-rodado-em-muriae-ja-podem-se-cadastrar\/#mainImage","width":600,"height":533},"primaryImageOfPage":{"@id":"https:\/\/anoticiaonline.com.br\/site\/candidatos-a-figurantes-para-filme-nacional-que-sera-rodado-em-muriae-ja-podem-se-cadastrar\/#mainImage"},"datePublished":"2016-08-01T15:44:01-03:00","dateModified":"2016-08-01T15:44:01-03:00"},{"@type":"WebSite","@id":"https:\/\/anoticiaonline.com.br\/site\/#website","url":"https:\/\/anoticiaonline.com.br\/site\/","name":"A Not\u00edcia Online","description":"Noticias de Muria\u00e9 e regi\u00e3o","inLanguage":"pt-BR","publisher":{"@id":"https:\/\/anoticiaonline.com.br\/site\/#organization"}}]},"og:locale":"pt_BR","og:site_name":"A Not\u00edcia Online - Noticias de Muria\u00e9 e regi\u00e3o","og:type":"article","og:title":"Candidatos a figurantes para filme nacional que ser\u00e1 rodado em Muria\u00e9 j\u00e1 podem se cadastrar - A Not\u00edcia Online","og:description":"Os interessados em se candidatar a uma vaga como figurante do longa nacional que ser\u00e1 rodado em Muria\u00e9, \u201cVai na bola, Glanderson\u201d, j\u00e1 podem fazer suas inscri\u00e7\u00f5es. O filme, cujo roteiro \u00e9 de Helio de la Pe\u00f1a e dire\u00e7\u00e3o de Jeferson De, ser\u00e1 filmado na cidade em agosto e setembro. O elenco \u00e9 formado por","og:url":"https:\/\/anoticiaonline.com.br\/site\/candidatos-a-figurantes-para-filme-nacional-que-sera-rodado-em-muriae-ja-podem-se-cadastrar\/","og:image":"https:\/\/scontent-gig4-1.xx.fbcdn.net\/v\/t39.30808-1\/270437624_4564083193639691_6907940295614233970_n.jpg?stp=dst-jpg_s200x200_tt6&#038;_nc_cat=111&#038;ccb=1-7&#038;_nc_sid=f907e8&#038;_nc_ohc=SM1wRlP3lJwQ7kNvwEPuBYA&#038;_nc_oc=AdnqrjDN_BNjSSHWO-GbkIWH6fkGMLw4bqvL_NH6e2wMveX7G-rP2dAqsDSq1mJMOaY&#038;_nc_zt=24&#038;_nc_ht=scontent-gig4-1.xx&#038;_nc_gid=AoBFJeGrT1hVaew_6rchkQ&#038;oh=00_AfX7QmFGhQhG2jAllVgXCiM1ZrWgvtp80-Bfppyexh1QEg&#038;oe=689E923C","og:image:secure_url":"https:\/\/scontent-gig4-1.xx.fbcdn.net\/v\/t39.30808-1\/270437624_4564083193639691_6907940295614233970_n.jpg?stp=dst-jpg_s200x200_tt6&#038;_nc_cat=111&#038;ccb=1-7&#038;_nc_sid=f907e8&#038;_nc_ohc=SM1wRlP3lJwQ7kNvwEPuBYA&#038;_nc_oc=AdnqrjDN_BNjSSHWO-GbkIWH6fkGMLw4bqvL_NH6e2wMveX7G-rP2dAqsDSq1mJMOaY&#038;_nc_zt=24&#038;_nc_ht=scontent-gig4-1.xx&#038;_nc_gid=AoBFJeGrT1hVaew_6rchkQ&#038;oh=00_AfX7QmFGhQhG2jAllVgXCiM1ZrWgvtp80-Bfppyexh1QEg&#038;oe=689E923C","article:published_time":"2016-08-01T18:44:01+00:00","article:modified_time":"2016-08-01T18:44:01+00:00","twitter:card":"summary_large_image","twitter:title":"Candidatos a figurantes para filme nacional que ser\u00e1 rodado em Muria\u00e9 j\u00e1 podem se cadastrar - A Not\u00edcia Online","twitter:description":"Os interessados em se candidatar a uma vaga como figurante do longa nacional que ser\u00e1 rodado em Muria\u00e9, \u201cVai na bola, Glanderson\u201d, j\u00e1 podem fazer suas inscri\u00e7\u00f5es. O filme, cujo roteiro \u00e9 de Helio de la Pe\u00f1a e dire\u00e7\u00e3o de Jeferson De, ser\u00e1 filmado na cidade em agosto e setembro. O elenco \u00e9 formado por","twitter:image":"https:\/\/scontent-gig4-1.xx.fbcdn.net\/v\/t39.30808-1\/270437624_4564083193639691_6907940295614233970_n.jpg?stp=dst-jpg_s200x200_tt6&_nc_cat=111&ccb=1-7&_nc_sid=f907e8&_nc_ohc=SM1wRlP3lJwQ7kNvwEPuBYA&_nc_oc=AdnqrjDN_BNjSSHWO-GbkIWH6fkGMLw4bqvL_NH6e2wMveX7G-rP2dAqsDSq1mJMOaY&_nc_zt=24&_nc_ht=scontent-gig4-1.xx&_nc_gid=AoBFJeGrT1hVaew_6rchkQ&oh=00_AfX7QmFGhQhG2jAllVgXCiM1ZrWgvtp80-Bfppyexh1QEg&oe=689E923C"},"aioseo_meta_data":{"post_id":"16247","title":null,"description":null,"keywords":null,"keyphrases":null,"primary_term":null,"canonical_url":null,"og_title":null,"og_description":null,"og_object_type":"default","og_image_type":"default","og_image_url":null,"og_image_width":null,"og_image_height":null,"og_image_custom_url":null,"og_image_custom_fields":null,"og_video":null,"og_custom_url":null,"og_article_section":null,"og_article_tags":null,"twitter_use_og":false,"twitter_card":"default","twitter_image_type":"default","twitter_image_url":null,"twitter_image_custom_url":null,"twitter_image_custom_fields":null,"twitter_title":null,"twitter_description":null,"schema":{"blockGraphs":[],"customGraphs":[],"default":{"data":{"Article":[],"Course":[],"Dataset":[],"FAQPage":[],"Movie":[],"Person":[],"Product":[],"ProductReview":[],"Car":[],"Recipe":[],"Service":[],"SoftwareApplication":[],"WebPage":[]},"graphName":"","isEnabled":true},"graphs":[]},"schema_type":"default","schema_type_options":null,"pillar_content":false,"robots_default":true,"robots_noindex":false,"robots_noarchive":false,"robots_nosnippet":false,"robots_nofollow":false,"robots_noimageindex":false,"robots_noodp":false,"robots_notranslate":false,"robots_max_snippet":null,"robots_max_videopreview":null,"robots_max_imagepreview":"large","priority":null,"frequency":null,"local_seo":null,"breadcrumb_settings":null,"limit_modified_date":false,"ai":null,"created":"2025-08-16 16:32:32","updated":"2025-08-16 16:32:32","focus_keyword":null,"additional_keywords":null,"truseo_locale":null,"seo_analyzer_scan_date":null},"aioseo_breadcrumb":"<div class=\"aioseo-breadcrumbs\"><span class=\"aioseo-breadcrumb\">\n\t\t\t<a href=\"https:\/\/anoticiaonline.com.br\/site\" title=\"Home\">Home<\/a>\n\t\t<\/span><span class=\"aioseo-breadcrumb-separator\">&raquo;<\/span><span class=\"aioseo-breadcrumb\">\n\t\t\t<a href=\"https:\/\/anoticiaonline.com.br\/site\/categoria\/muriae\/\" title=\"Blog\">Blog<\/a>\n\t\t<\/span><span class=\"aioseo-breadcrumb-separator\">&raquo;<\/span><span class=\"aioseo-breadcrumb\">\n\t\t\tCandidatos a figurantes para filme nacional que ser\u00e1 rodado em Muria\u00e9 j\u00e1 podem se cadastrar\n\t\t<\/span><\/div>","aioseo_breadcrumb_json":[{"label":"Home","link":"https:\/\/anoticiaonline.com.br\/site"},{"label":"Blog","link":"https:\/\/anoticiaonline.com.br\/site\/categoria\/muriae\/"},{"label":"Candidatos a figurantes para filme nacional que ser\u00e1 rodado em Muria\u00e9 j\u00e1 podem se cadastrar","link":"https:\/\/anoticiaonline.com.br\/site\/candidatos-a-figurantes-para-filme-nacional-que-sera-rodado-em-muriae-ja-podem-se-cadastrar\/"}],"views":174,"_links":{"self":[{"href":"https:\/\/anoticiaonline.com.br\/site\/wp-json\/wp\/v2\/posts\/16247","targetHints":{"allow":["GET"]}}],"collection":[{"href":"https:\/\/anoticiaonline.com.br\/site\/wp-json\/wp\/v2\/posts"}],"about":[{"href":"https:\/\/anoticiaonline.com.br\/site\/wp-json\/wp\/v2\/types\/post"}],"author":[{"embeddable":true,"href":"https:\/\/anoticiaonline.com.br\/site\/wp-json\/wp\/v2\/users\/2"}],"replies":[{"embeddable":true,"href":"https:\/\/anoticiaonline.com.br\/site\/wp-json\/wp\/v2\/comments?post=16247"}],"version-history":[{"count":0,"href":"https:\/\/anoticiaonline.com.br\/site\/wp-json\/wp\/v2\/posts\/16247\/revisions"}],"wp:featuredmedia":[{"embeddable":true,"href":"https:\/\/anoticiaonline.com.br\/site\/wp-json\/wp\/v2\/media\/16248"}],"wp:attachment":[{"href":"https:\/\/anoticiaonline.com.br\/site\/wp-json\/wp\/v2\/media?parent=16247"}],"wp:term":[{"taxonomy":"category","embeddable":true,"href":"https:\/\/anoticiaonline.com.br\/site\/wp-json\/wp\/v2\/categories?post=16247"},{"taxonomy":"post_tag","embeddable":true,"href":"https:\/\/anoticiaonline.com.br\/site\/wp-json\/wp\/v2\/tags?post=16247"}],"curies":[{"name":"wp","href":"https:\/\/api.w.org\/{rel}","templated":true}]}}