{"id":16063,"date":"2016-07-28T21:03:23","date_gmt":"2016-07-29T00:03:23","guid":{"rendered":"http:\/\/anoticiaonline.com.br\/site\/?p=16063"},"modified":"2016-07-28T22:01:47","modified_gmt":"2016-07-29T01:01:47","slug":"paroquia-santa-cruz-promove-festa-em-prol-de-duas-comunidades","status":"publish","type":"post","link":"https:\/\/anoticiaonline.com.br\/site\/paroquia-santa-cruz-promove-festa-em-prol-de-duas-comunidades\/","title":{"rendered":"Par\u00f3quia Santa Cruz promove festa em prol de duas comunidades"},"content":{"rendered":"<p><a href=\"https:\/\/anoticiaonline.com.br\/site\/wp-content\/uploads\/2016\/07\/DSC_0737.jpg\"><img fetchpriority=\"high\" decoding=\"async\" class=\" size-medium wp-image-16065 alignleft\" src=\"https:\/\/anoticiaonline.com.br\/site\/wp-content\/uploads\/2016\/07\/DSC_0737-300x199.jpg\" alt=\"DSC_0737\" width=\"300\" height=\"199\" srcset=\"https:\/\/anoticiaonline.com.br\/site\/wp-content\/uploads\/2016\/07\/DSC_0737-300x199.jpg 300w, https:\/\/anoticiaonline.com.br\/site\/wp-content\/uploads\/2016\/07\/DSC_0737.jpg 640w\" sizes=\"(max-width: 300px) 100vw, 300px\" \/><\/a>A \u201cFesta da Fraternidade\u201d, promovida pela Par\u00f3quia Santa Cruz, do bairro Safira, reuniu centenas de pessoas em uma noite de solidariedade. O evento, organizado pelas oito comunidades pertencentes \u00e0 par\u00f3quia, teve o objetivo de ajudar duas comunidades em seus projetos: S\u00e3o Jos\u00e9 Oper\u00e1rio e Bom Pastor, esta \u00faltima localizada no bairro Primavera.<\/p>\n<p>A festa, que aconteceu na noite da \u00faltima sexta-feira (22), em um s\u00edtio, teve barracas com comidas e bebidas t\u00edpicas, brincadeiras, bingo e leil\u00e3o. O show de Jo\u00e3o Paulo &amp; Banda animou os presentes, colocando muita gente na pista de dan\u00e7a.<\/p>\n<p>De acordo com o coordenador da \u201cS\u00e3o Jos\u00e9 Oper\u00e1rio\u201d, Jo\u00e3o Batista dos Santos Lima, o valor recebido pela comunidade a qual representa ser\u00e1 destinado para a reconstru\u00e7\u00e3o de muros, que vai se transformar em um sal\u00e3o de festas com capacidade de lota\u00e7\u00e3o para 600 pessoas. \u201cSer\u00e1 o maior sal\u00e3o de festas da Igreja Cat\u00f3lica da regi\u00e3o\u201d, anuncia.<\/p>\n<p>A vice-coordenadora da \u201cBom Pastor\u201d, Maria Aparecida Ferreira, conta que a parte do lucro da festa que compete \u00e0 sua comunidade ser\u00e1 revertida para a reforma da estrutura da igreja, como o rebaixamento de teto e a troca de janelas e portas. \u201cVamos usar esse valor para realizar esta obra. Nossa igreja precisa desta reforma\u201d, afirma.<\/p>\n<p>O p\u00e1roco da Par\u00f3quia Santa Cruz, Jos\u00e9 Ricardo Zonta, destaca que a festa promove a uni\u00e3o entre as comunidades e \u00e9 um momento de confraterniza\u00e7\u00e3o e de solidariedade a estas duas comunidades da par\u00f3quia. \u201cAgrade\u00e7o a presen\u00e7a de todos que compareceram \u00e0 festa e aqueles que doaram seu trabalho para que este evento fosse um sucesso\u201d, diz.<\/p>\n<p><img decoding=\"async\" class=\"ngg_displayed_gallery mceItem\" src=\"https:\/\/anoticiaonline.com.br\/site\/nextgen-attach_to_post\/preview\/id--16222\" alt=\"\" \/><\/p>\n","protected":false},"excerpt":{"rendered":"<p>A \u201cFesta da Fraternidade\u201d, promovida pela Par\u00f3quia Santa Cruz, do bairro Safira, reuniu centenas de pessoas em uma noite de solidariedade. O evento, organizado pelas oito comunidades pertencentes \u00e0 par\u00f3quia, teve o objetivo de ajudar duas comunidades em seus projetos: S\u00e3o Jos\u00e9 Oper\u00e1rio e Bom Pastor, esta \u00faltima localizada no bairro Primavera. A festa, que &#8230; <a title=\"Par\u00f3quia Santa Cruz promove festa em prol de duas comunidades\" class=\"read-more\" href=\"https:\/\/anoticiaonline.com.br\/site\/paroquia-santa-cruz-promove-festa-em-prol-de-duas-comunidades\/\" aria-label=\"Read more about Par\u00f3quia Santa Cruz promove festa em prol de duas comunidades\">Ler mais<\/a><\/p>\n","protected":false},"author":2,"featured_media":16065,"comment_status":"open","ping_status":"open","sticky":false,"template":"","format":"standard","meta":{"_acf_changed":false,"_monsterinsights_skip_tracking":false,"footnotes":""},"categories":[24],"tags":[],"class_list":["post-16063","post","type-post","status-publish","format-standard","has-post-thumbnail","hentry","category-eventos"],"acf":[],"aioseo_notices":[],"aioseo_head":"\n\t\t<!-- All in One SEO 5.0.0.1 - aioseo.com -->\n\t<meta name=\"description\" content=\"A \u201cFesta da Fraternidade\u201d, promovida pela Par\u00f3quia Santa Cruz, do bairro Safira, reuniu centenas de pessoas em uma noite de solidariedade. O evento, organizado pelas oito comunidades pertencentes \u00e0 par\u00f3quia, teve o objetivo de ajudar duas comunidades em seus projetos: S\u00e3o Jos\u00e9 Oper\u00e1rio e Bom Pastor, esta \u00faltima localizada no bairro Primavera. A festa, que\" \/>\n\t<meta name=\"robots\" content=\"max-image-preview:large\" \/>\n\t<meta name=\"author\" content=\"Juliana Laviola\"\/>\n\t<link rel=\"canonical\" href=\"https:\/\/anoticiaonline.com.br\/site\/paroquia-santa-cruz-promove-festa-em-prol-de-duas-comunidades\/\" \/>\n\t<meta name=\"generator\" content=\"All in One SEO (AIOSEO) 5.0.0.1\" \/>\n\t\t<meta property=\"og:locale\" content=\"pt_BR\" \/>\n\t\t<meta property=\"og:site_name\" content=\"A Not\u00edcia Online - Noticias de Muria\u00e9 e regi\u00e3o\" \/>\n\t\t<meta property=\"og:type\" content=\"article\" \/>\n\t\t<meta property=\"og:title\" content=\"Par\u00f3quia Santa Cruz promove festa em prol de duas comunidades - A Not\u00edcia Online\" \/>\n\t\t<meta property=\"og:description\" content=\"A \u201cFesta da Fraternidade\u201d, promovida pela Par\u00f3quia Santa Cruz, do bairro Safira, reuniu centenas de pessoas em uma noite de solidariedade. O evento, organizado pelas oito comunidades pertencentes \u00e0 par\u00f3quia, teve o objetivo de ajudar duas comunidades em seus projetos: S\u00e3o Jos\u00e9 Oper\u00e1rio e Bom Pastor, esta \u00faltima localizada no bairro Primavera. A festa, que\" \/>\n\t\t<meta property=\"og:url\" content=\"https:\/\/anoticiaonline.com.br\/site\/paroquia-santa-cruz-promove-festa-em-prol-de-duas-comunidades\/\" \/>\n\t\t<meta property=\"og:image\" content=\"https:\/\/scontent-gig4-1.xx.fbcdn.net\/v\/t39.30808-1\/270437624_4564083193639691_6907940295614233970_n.jpg?stp=dst-jpg_s200x200_tt6&#038;_nc_cat=111&#038;ccb=1-7&#038;_nc_sid=f907e8&#038;_nc_ohc=SM1wRlP3lJwQ7kNvwEPuBYA&#038;_nc_oc=AdnqrjDN_BNjSSHWO-GbkIWH6fkGMLw4bqvL_NH6e2wMveX7G-rP2dAqsDSq1mJMOaY&#038;_nc_zt=24&#038;_nc_ht=scontent-gig4-1.xx&#038;_nc_gid=AoBFJeGrT1hVaew_6rchkQ&#038;oh=00_AfX7QmFGhQhG2jAllVgXCiM1ZrWgvtp80-Bfppyexh1QEg&#038;oe=689E923C\" \/>\n\t\t<meta property=\"og:image:secure_url\" content=\"https:\/\/scontent-gig4-1.xx.fbcdn.net\/v\/t39.30808-1\/270437624_4564083193639691_6907940295614233970_n.jpg?stp=dst-jpg_s200x200_tt6&#038;_nc_cat=111&#038;ccb=1-7&#038;_nc_sid=f907e8&#038;_nc_ohc=SM1wRlP3lJwQ7kNvwEPuBYA&#038;_nc_oc=AdnqrjDN_BNjSSHWO-GbkIWH6fkGMLw4bqvL_NH6e2wMveX7G-rP2dAqsDSq1mJMOaY&#038;_nc_zt=24&#038;_nc_ht=scontent-gig4-1.xx&#038;_nc_gid=AoBFJeGrT1hVaew_6rchkQ&#038;oh=00_AfX7QmFGhQhG2jAllVgXCiM1ZrWgvtp80-Bfppyexh1QEg&#038;oe=689E923C\" \/>\n\t\t<meta property=\"article:published_time\" content=\"2016-07-29T00:03:23+00:00\" \/>\n\t\t<meta property=\"article:modified_time\" content=\"2016-07-29T01:01:47+00:00\" \/>\n\t\t<meta name=\"twitter:card\" content=\"summary_large_image\" \/>\n\t\t<meta name=\"twitter:title\" content=\"Par\u00f3quia Santa Cruz promove festa em prol de duas comunidades - A Not\u00edcia Online\" \/>\n\t\t<meta name=\"twitter:description\" content=\"A \u201cFesta da Fraternidade\u201d, promovida pela Par\u00f3quia Santa Cruz, do bairro Safira, reuniu centenas de pessoas em uma noite de solidariedade. O evento, organizado pelas oito comunidades pertencentes \u00e0 par\u00f3quia, teve o objetivo de ajudar duas comunidades em seus projetos: S\u00e3o Jos\u00e9 Oper\u00e1rio e Bom Pastor, esta \u00faltima localizada no bairro Primavera. A festa, que\" \/>\n\t\t<meta name=\"twitter:image\" content=\"https:\/\/scontent-gig4-1.xx.fbcdn.net\/v\/t39.30808-1\/270437624_4564083193639691_6907940295614233970_n.jpg?stp=dst-jpg_s200x200_tt6&amp;_nc_cat=111&amp;ccb=1-7&amp;_nc_sid=f907e8&amp;_nc_ohc=SM1wRlP3lJwQ7kNvwEPuBYA&amp;_nc_oc=AdnqrjDN_BNjSSHWO-GbkIWH6fkGMLw4bqvL_NH6e2wMveX7G-rP2dAqsDSq1mJMOaY&amp;_nc_zt=24&amp;_nc_ht=scontent-gig4-1.xx&amp;_nc_gid=AoBFJeGrT1hVaew_6rchkQ&amp;oh=00_AfX7QmFGhQhG2jAllVgXCiM1ZrWgvtp80-Bfppyexh1QEg&amp;oe=689E923C\" \/>\n\t\t<script type=\"application\/ld+json\" class=\"aioseo-schema\">\n\t\t\t{\"@context\":\"https:\\\/\\\/schema.org\",\"@graph\":[{\"@type\":\"BlogPosting\",\"@id\":\"https:\\\/\\\/anoticiaonline.com.br\\\/site\\\/paroquia-santa-cruz-promove-festa-em-prol-de-duas-comunidades\\\/#blogposting\",\"name\":\"Par\\u00f3quia Santa Cruz promove festa em prol de duas comunidades - A Not\\u00edcia Online\",\"headline\":\"Par\\u00f3quia Santa Cruz promove festa em prol de duas comunidades\",\"author\":{\"@id\":\"https:\\\/\\\/anoticiaonline.com.br\\\/site\\\/author\\\/juliana\\\/#author\"},\"publisher\":{\"@id\":\"https:\\\/\\\/anoticiaonline.com.br\\\/site\\\/#organization\"},\"image\":{\"@type\":\"ImageObject\",\"url\":\"https:\\\/\\\/anoticiaonline.com.br\\\/site\\\/wp-content\\\/uploads\\\/2016\\\/07\\\/DSC_0737.jpg\",\"width\":640,\"height\":424},\"datePublished\":\"2016-07-28T21:03:23-03:00\",\"dateModified\":\"2016-07-28T22:01:47-03:00\",\"inLanguage\":\"pt-BR\",\"mainEntityOfPage\":{\"@id\":\"https:\\\/\\\/anoticiaonline.com.br\\\/site\\\/paroquia-santa-cruz-promove-festa-em-prol-de-duas-comunidades\\\/#webpage\"},\"isPartOf\":{\"@id\":\"https:\\\/\\\/anoticiaonline.com.br\\\/site\\\/paroquia-santa-cruz-promove-festa-em-prol-de-duas-comunidades\\\/#webpage\"},\"articleSection\":\"Eventos\"},{\"@type\":\"BreadcrumbList\",\"@id\":\"https:\\\/\\\/anoticiaonline.com.br\\\/site\\\/paroquia-santa-cruz-promove-festa-em-prol-de-duas-comunidades\\\/#breadcrumblist\",\"itemListElement\":[{\"@type\":\"ListItem\",\"@id\":\"https:\\\/\\\/anoticiaonline.com.br\\\/site#listItem\",\"position\":1,\"name\":\"Home\",\"item\":\"https:\\\/\\\/anoticiaonline.com.br\\\/site\",\"nextItem\":{\"@type\":\"ListItem\",\"@id\":\"https:\\\/\\\/anoticiaonline.com.br\\\/site\\\/categoria\\\/eventos\\\/#listItem\",\"name\":\"Eventos\"}},{\"@type\":\"ListItem\",\"@id\":\"https:\\\/\\\/anoticiaonline.com.br\\\/site\\\/categoria\\\/eventos\\\/#listItem\",\"position\":2,\"name\":\"Eventos\",\"item\":\"https:\\\/\\\/anoticiaonline.com.br\\\/site\\\/categoria\\\/eventos\\\/\",\"nextItem\":{\"@type\":\"ListItem\",\"@id\":\"https:\\\/\\\/anoticiaonline.com.br\\\/site\\\/paroquia-santa-cruz-promove-festa-em-prol-de-duas-comunidades\\\/#listItem\",\"name\":\"Par\\u00f3quia Santa Cruz promove festa em prol de duas comunidades\"},\"previousItem\":{\"@type\":\"ListItem\",\"@id\":\"https:\\\/\\\/anoticiaonline.com.br\\\/site#listItem\",\"name\":\"Home\"}},{\"@type\":\"ListItem\",\"@id\":\"https:\\\/\\\/anoticiaonline.com.br\\\/site\\\/paroquia-santa-cruz-promove-festa-em-prol-de-duas-comunidades\\\/#listItem\",\"position\":3,\"name\":\"Par\\u00f3quia Santa Cruz promove festa em prol de duas comunidades\",\"previousItem\":{\"@type\":\"ListItem\",\"@id\":\"https:\\\/\\\/anoticiaonline.com.br\\\/site\\\/categoria\\\/eventos\\\/#listItem\",\"name\":\"Eventos\"}}]},{\"@type\":\"Organization\",\"@id\":\"https:\\\/\\\/anoticiaonline.com.br\\\/site\\\/#organization\",\"name\":\"A Not\\u00edcia Online\",\"description\":\"Noticias de Muria\\u00e9 e regi\\u00e3o\",\"url\":\"https:\\\/\\\/anoticiaonline.com.br\\\/site\\\/\",\"logo\":{\"@type\":\"ImageObject\",\"url\":\"https:\\\/\\\/scontent-gig4-1.xx.fbcdn.net\\\/v\\\/t39.30808-1\\\/270437624_4564083193639691_6907940295614233970_n.jpg?stp=dst-jpg_s200x200_tt6&_nc_cat=111&ccb=1-7&_nc_sid=f907e8&_nc_ohc=SM1wRlP3lJwQ7kNvwEPuBYA&_nc_oc=AdnqrjDN_BNjSSHWO-GbkIWH6fkGMLw4bqvL_NH6e2wMveX7G-rP2dAqsDSq1mJMOaY&_nc_zt=24&_nc_ht=scontent-gig4-1.xx&_nc_gid=AoBFJeGrT1hVaew_6rchkQ&oh=00_AfX7QmFGhQhG2jAllVgXCiM1ZrWgvtp80-Bfppyexh1QEg&oe=689E923C\",\"@id\":\"https:\\\/\\\/anoticiaonline.com.br\\\/site\\\/paroquia-santa-cruz-promove-festa-em-prol-de-duas-comunidades\\\/#organizationLogo\"},\"image\":{\"@id\":\"https:\\\/\\\/anoticiaonline.com.br\\\/site\\\/paroquia-santa-cruz-promove-festa-em-prol-de-duas-comunidades\\\/#organizationLogo\"}},{\"@type\":\"Person\",\"@id\":\"https:\\\/\\\/anoticiaonline.com.br\\\/site\\\/author\\\/juliana\\\/#author\",\"url\":\"https:\\\/\\\/anoticiaonline.com.br\\\/site\\\/author\\\/juliana\\\/\",\"name\":\"Juliana Laviola\",\"image\":{\"@type\":\"ImageObject\",\"@id\":\"https:\\\/\\\/anoticiaonline.com.br\\\/site\\\/paroquia-santa-cruz-promove-festa-em-prol-de-duas-comunidades\\\/#authorImage\",\"url\":\"https:\\\/\\\/secure.gravatar.com\\\/avatar\\\/b8d45f5c699b100dfaf0e543582f38f38bf94cb7ae3a5e9abf8d891a34773335?s=96&d=mm&r=g\",\"width\":96,\"height\":96,\"caption\":\"Juliana Laviola\"}},{\"@type\":\"WebPage\",\"@id\":\"https:\\\/\\\/anoticiaonline.com.br\\\/site\\\/paroquia-santa-cruz-promove-festa-em-prol-de-duas-comunidades\\\/#webpage\",\"url\":\"https:\\\/\\\/anoticiaonline.com.br\\\/site\\\/paroquia-santa-cruz-promove-festa-em-prol-de-duas-comunidades\\\/\",\"name\":\"Par\\u00f3quia Santa Cruz promove festa em prol de duas comunidades - A Not\\u00edcia Online\",\"description\":\"A \\u201cFesta da Fraternidade\\u201d, promovida pela Par\\u00f3quia Santa Cruz, do bairro Safira, reuniu centenas de pessoas em uma noite de solidariedade. O evento, organizado pelas oito comunidades pertencentes \\u00e0 par\\u00f3quia, teve o objetivo de ajudar duas comunidades em seus projetos: S\\u00e3o Jos\\u00e9 Oper\\u00e1rio e Bom Pastor, esta \\u00faltima localizada no bairro Primavera. A festa, que\",\"inLanguage\":\"pt-BR\",\"isPartOf\":{\"@id\":\"https:\\\/\\\/anoticiaonline.com.br\\\/site\\\/#website\"},\"breadcrumb\":{\"@id\":\"https:\\\/\\\/anoticiaonline.com.br\\\/site\\\/paroquia-santa-cruz-promove-festa-em-prol-de-duas-comunidades\\\/#breadcrumblist\"},\"author\":{\"@id\":\"https:\\\/\\\/anoticiaonline.com.br\\\/site\\\/author\\\/juliana\\\/#author\"},\"creator\":{\"@id\":\"https:\\\/\\\/anoticiaonline.com.br\\\/site\\\/author\\\/juliana\\\/#author\"},\"image\":{\"@type\":\"ImageObject\",\"url\":\"https:\\\/\\\/anoticiaonline.com.br\\\/site\\\/wp-content\\\/uploads\\\/2016\\\/07\\\/DSC_0737.jpg\",\"@id\":\"https:\\\/\\\/anoticiaonline.com.br\\\/site\\\/paroquia-santa-cruz-promove-festa-em-prol-de-duas-comunidades\\\/#mainImage\",\"width\":640,\"height\":424},\"primaryImageOfPage\":{\"@id\":\"https:\\\/\\\/anoticiaonline.com.br\\\/site\\\/paroquia-santa-cruz-promove-festa-em-prol-de-duas-comunidades\\\/#mainImage\"},\"datePublished\":\"2016-07-28T21:03:23-03:00\",\"dateModified\":\"2016-07-28T22:01:47-03:00\"},{\"@type\":\"WebSite\",\"@id\":\"https:\\\/\\\/anoticiaonline.com.br\\\/site\\\/#website\",\"url\":\"https:\\\/\\\/anoticiaonline.com.br\\\/site\\\/\",\"name\":\"A Not\\u00edcia Online\",\"description\":\"Noticias de Muria\\u00e9 e regi\\u00e3o\",\"inLanguage\":\"pt-BR\",\"publisher\":{\"@id\":\"https:\\\/\\\/anoticiaonline.com.br\\\/site\\\/#organization\"}}]}\n\t\t<\/script>\n\t\t<!-- All in One SEO -->\n\n","aioseo_head_json":{"title":"Par\u00f3quia Santa Cruz promove festa em prol de duas comunidades - A Not\u00edcia Online","description":"A \u201cFesta da Fraternidade\u201d, promovida pela Par\u00f3quia Santa Cruz, do bairro Safira, reuniu centenas de pessoas em uma noite de solidariedade. O evento, organizado pelas oito comunidades pertencentes \u00e0 par\u00f3quia, teve o objetivo de ajudar duas comunidades em seus projetos: S\u00e3o Jos\u00e9 Oper\u00e1rio e Bom Pastor, esta \u00faltima localizada no bairro Primavera. A festa, que","canonical_url":"https:\/\/anoticiaonline.com.br\/site\/paroquia-santa-cruz-promove-festa-em-prol-de-duas-comunidades\/","robots":"max-image-preview:large","keywords":"","webmasterTools":{"miscellaneous":""},"schema":{"@context":"https:\/\/schema.org","@graph":[{"@type":"BlogPosting","@id":"https:\/\/anoticiaonline.com.br\/site\/paroquia-santa-cruz-promove-festa-em-prol-de-duas-comunidades\/#blogposting","name":"Par\u00f3quia Santa Cruz promove festa em prol de duas comunidades - A Not\u00edcia Online","headline":"Par\u00f3quia Santa Cruz promove festa em prol de duas comunidades","author":{"@id":"https:\/\/anoticiaonline.com.br\/site\/author\/juliana\/#author"},"publisher":{"@id":"https:\/\/anoticiaonline.com.br\/site\/#organization"},"image":{"@type":"ImageObject","url":"https:\/\/anoticiaonline.com.br\/site\/wp-content\/uploads\/2016\/07\/DSC_0737.jpg","width":640,"height":424},"datePublished":"2016-07-28T21:03:23-03:00","dateModified":"2016-07-28T22:01:47-03:00","inLanguage":"pt-BR","mainEntityOfPage":{"@id":"https:\/\/anoticiaonline.com.br\/site\/paroquia-santa-cruz-promove-festa-em-prol-de-duas-comunidades\/#webpage"},"isPartOf":{"@id":"https:\/\/anoticiaonline.com.br\/site\/paroquia-santa-cruz-promove-festa-em-prol-de-duas-comunidades\/#webpage"},"articleSection":"Eventos"},{"@type":"BreadcrumbList","@id":"https:\/\/anoticiaonline.com.br\/site\/paroquia-santa-cruz-promove-festa-em-prol-de-duas-comunidades\/#breadcrumblist","itemListElement":[{"@type":"ListItem","@id":"https:\/\/anoticiaonline.com.br\/site#listItem","position":1,"name":"Home","item":"https:\/\/anoticiaonline.com.br\/site","nextItem":{"@type":"ListItem","@id":"https:\/\/anoticiaonline.com.br\/site\/categoria\/eventos\/#listItem","name":"Eventos"}},{"@type":"ListItem","@id":"https:\/\/anoticiaonline.com.br\/site\/categoria\/eventos\/#listItem","position":2,"name":"Eventos","item":"https:\/\/anoticiaonline.com.br\/site\/categoria\/eventos\/","nextItem":{"@type":"ListItem","@id":"https:\/\/anoticiaonline.com.br\/site\/paroquia-santa-cruz-promove-festa-em-prol-de-duas-comunidades\/#listItem","name":"Par\u00f3quia Santa Cruz promove festa em prol de duas comunidades"},"previousItem":{"@type":"ListItem","@id":"https:\/\/anoticiaonline.com.br\/site#listItem","name":"Home"}},{"@type":"ListItem","@id":"https:\/\/anoticiaonline.com.br\/site\/paroquia-santa-cruz-promove-festa-em-prol-de-duas-comunidades\/#listItem","position":3,"name":"Par\u00f3quia Santa Cruz promove festa em prol de duas comunidades","previousItem":{"@type":"ListItem","@id":"https:\/\/anoticiaonline.com.br\/site\/categoria\/eventos\/#listItem","name":"Eventos"}}]},{"@type":"Organization","@id":"https:\/\/anoticiaonline.com.br\/site\/#organization","name":"A Not\u00edcia Online","description":"Noticias de Muria\u00e9 e regi\u00e3o","url":"https:\/\/anoticiaonline.com.br\/site\/","logo":{"@type":"ImageObject","url":"https:\/\/scontent-gig4-1.xx.fbcdn.net\/v\/t39.30808-1\/270437624_4564083193639691_6907940295614233970_n.jpg?stp=dst-jpg_s200x200_tt6&_nc_cat=111&ccb=1-7&_nc_sid=f907e8&_nc_ohc=SM1wRlP3lJwQ7kNvwEPuBYA&_nc_oc=AdnqrjDN_BNjSSHWO-GbkIWH6fkGMLw4bqvL_NH6e2wMveX7G-rP2dAqsDSq1mJMOaY&_nc_zt=24&_nc_ht=scontent-gig4-1.xx&_nc_gid=AoBFJeGrT1hVaew_6rchkQ&oh=00_AfX7QmFGhQhG2jAllVgXCiM1ZrWgvtp80-Bfppyexh1QEg&oe=689E923C","@id":"https:\/\/anoticiaonline.com.br\/site\/paroquia-santa-cruz-promove-festa-em-prol-de-duas-comunidades\/#organizationLogo"},"image":{"@id":"https:\/\/anoticiaonline.com.br\/site\/paroquia-santa-cruz-promove-festa-em-prol-de-duas-comunidades\/#organizationLogo"}},{"@type":"Person","@id":"https:\/\/anoticiaonline.com.br\/site\/author\/juliana\/#author","url":"https:\/\/anoticiaonline.com.br\/site\/author\/juliana\/","name":"Juliana Laviola","image":{"@type":"ImageObject","@id":"https:\/\/anoticiaonline.com.br\/site\/paroquia-santa-cruz-promove-festa-em-prol-de-duas-comunidades\/#authorImage","url":"https:\/\/secure.gravatar.com\/avatar\/b8d45f5c699b100dfaf0e543582f38f38bf94cb7ae3a5e9abf8d891a34773335?s=96&d=mm&r=g","width":96,"height":96,"caption":"Juliana Laviola"}},{"@type":"WebPage","@id":"https:\/\/anoticiaonline.com.br\/site\/paroquia-santa-cruz-promove-festa-em-prol-de-duas-comunidades\/#webpage","url":"https:\/\/anoticiaonline.com.br\/site\/paroquia-santa-cruz-promove-festa-em-prol-de-duas-comunidades\/","name":"Par\u00f3quia Santa Cruz promove festa em prol de duas comunidades - A Not\u00edcia Online","description":"A \u201cFesta da Fraternidade\u201d, promovida pela Par\u00f3quia Santa Cruz, do bairro Safira, reuniu centenas de pessoas em uma noite de solidariedade. O evento, organizado pelas oito comunidades pertencentes \u00e0 par\u00f3quia, teve o objetivo de ajudar duas comunidades em seus projetos: S\u00e3o Jos\u00e9 Oper\u00e1rio e Bom Pastor, esta \u00faltima localizada no bairro Primavera. A festa, que","inLanguage":"pt-BR","isPartOf":{"@id":"https:\/\/anoticiaonline.com.br\/site\/#website"},"breadcrumb":{"@id":"https:\/\/anoticiaonline.com.br\/site\/paroquia-santa-cruz-promove-festa-em-prol-de-duas-comunidades\/#breadcrumblist"},"author":{"@id":"https:\/\/anoticiaonline.com.br\/site\/author\/juliana\/#author"},"creator":{"@id":"https:\/\/anoticiaonline.com.br\/site\/author\/juliana\/#author"},"image":{"@type":"ImageObject","url":"https:\/\/anoticiaonline.com.br\/site\/wp-content\/uploads\/2016\/07\/DSC_0737.jpg","@id":"https:\/\/anoticiaonline.com.br\/site\/paroquia-santa-cruz-promove-festa-em-prol-de-duas-comunidades\/#mainImage","width":640,"height":424},"primaryImageOfPage":{"@id":"https:\/\/anoticiaonline.com.br\/site\/paroquia-santa-cruz-promove-festa-em-prol-de-duas-comunidades\/#mainImage"},"datePublished":"2016-07-28T21:03:23-03:00","dateModified":"2016-07-28T22:01:47-03:00"},{"@type":"WebSite","@id":"https:\/\/anoticiaonline.com.br\/site\/#website","url":"https:\/\/anoticiaonline.com.br\/site\/","name":"A Not\u00edcia Online","description":"Noticias de Muria\u00e9 e regi\u00e3o","inLanguage":"pt-BR","publisher":{"@id":"https:\/\/anoticiaonline.com.br\/site\/#organization"}}]},"og:locale":"pt_BR","og:site_name":"A Not\u00edcia Online - Noticias de Muria\u00e9 e regi\u00e3o","og:type":"article","og:title":"Par\u00f3quia Santa Cruz promove festa em prol de duas comunidades - A Not\u00edcia Online","og:description":"A \u201cFesta da Fraternidade\u201d, promovida pela Par\u00f3quia Santa Cruz, do bairro Safira, reuniu centenas de pessoas em uma noite de solidariedade. O evento, organizado pelas oito comunidades pertencentes \u00e0 par\u00f3quia, teve o objetivo de ajudar duas comunidades em seus projetos: S\u00e3o Jos\u00e9 Oper\u00e1rio e Bom Pastor, esta \u00faltima localizada no bairro Primavera. A festa, que","og:url":"https:\/\/anoticiaonline.com.br\/site\/paroquia-santa-cruz-promove-festa-em-prol-de-duas-comunidades\/","og:image":"https:\/\/scontent-gig4-1.xx.fbcdn.net\/v\/t39.30808-1\/270437624_4564083193639691_6907940295614233970_n.jpg?stp=dst-jpg_s200x200_tt6&#038;_nc_cat=111&#038;ccb=1-7&#038;_nc_sid=f907e8&#038;_nc_ohc=SM1wRlP3lJwQ7kNvwEPuBYA&#038;_nc_oc=AdnqrjDN_BNjSSHWO-GbkIWH6fkGMLw4bqvL_NH6e2wMveX7G-rP2dAqsDSq1mJMOaY&#038;_nc_zt=24&#038;_nc_ht=scontent-gig4-1.xx&#038;_nc_gid=AoBFJeGrT1hVaew_6rchkQ&#038;oh=00_AfX7QmFGhQhG2jAllVgXCiM1ZrWgvtp80-Bfppyexh1QEg&#038;oe=689E923C","og:image:secure_url":"https:\/\/scontent-gig4-1.xx.fbcdn.net\/v\/t39.30808-1\/270437624_4564083193639691_6907940295614233970_n.jpg?stp=dst-jpg_s200x200_tt6&#038;_nc_cat=111&#038;ccb=1-7&#038;_nc_sid=f907e8&#038;_nc_ohc=SM1wRlP3lJwQ7kNvwEPuBYA&#038;_nc_oc=AdnqrjDN_BNjSSHWO-GbkIWH6fkGMLw4bqvL_NH6e2wMveX7G-rP2dAqsDSq1mJMOaY&#038;_nc_zt=24&#038;_nc_ht=scontent-gig4-1.xx&#038;_nc_gid=AoBFJeGrT1hVaew_6rchkQ&#038;oh=00_AfX7QmFGhQhG2jAllVgXCiM1ZrWgvtp80-Bfppyexh1QEg&#038;oe=689E923C","article:published_time":"2016-07-29T00:03:23+00:00","article:modified_time":"2016-07-29T01:01:47+00:00","twitter:card":"summary_large_image","twitter:title":"Par\u00f3quia Santa Cruz promove festa em prol de duas comunidades - A Not\u00edcia Online","twitter:description":"A \u201cFesta da Fraternidade\u201d, promovida pela Par\u00f3quia Santa Cruz, do bairro Safira, reuniu centenas de pessoas em uma noite de solidariedade. O evento, organizado pelas oito comunidades pertencentes \u00e0 par\u00f3quia, teve o objetivo de ajudar duas comunidades em seus projetos: S\u00e3o Jos\u00e9 Oper\u00e1rio e Bom Pastor, esta \u00faltima localizada no bairro Primavera. A festa, que","twitter:image":"https:\/\/scontent-gig4-1.xx.fbcdn.net\/v\/t39.30808-1\/270437624_4564083193639691_6907940295614233970_n.jpg?stp=dst-jpg_s200x200_tt6&_nc_cat=111&ccb=1-7&_nc_sid=f907e8&_nc_ohc=SM1wRlP3lJwQ7kNvwEPuBYA&_nc_oc=AdnqrjDN_BNjSSHWO-GbkIWH6fkGMLw4bqvL_NH6e2wMveX7G-rP2dAqsDSq1mJMOaY&_nc_zt=24&_nc_ht=scontent-gig4-1.xx&_nc_gid=AoBFJeGrT1hVaew_6rchkQ&oh=00_AfX7QmFGhQhG2jAllVgXCiM1ZrWgvtp80-Bfppyexh1QEg&oe=689E923C"},"aioseo_meta_data":{"post_id":"16063","title":null,"description":null,"keywords":null,"keyphrases":null,"primary_term":null,"canonical_url":null,"og_title":null,"og_description":null,"og_object_type":"default","og_image_type":"default","og_image_url":null,"og_image_width":null,"og_image_height":null,"og_image_custom_url":null,"og_image_custom_fields":null,"og_video":null,"og_custom_url":null,"og_article_section":null,"og_article_tags":null,"twitter_use_og":false,"twitter_card":"default","twitter_image_type":"default","twitter_image_url":null,"twitter_image_custom_url":null,"twitter_image_custom_fields":null,"twitter_title":null,"twitter_description":null,"schema":{"blockGraphs":[],"customGraphs":[],"default":{"data":{"Article":[],"Course":[],"Dataset":[],"FAQPage":[],"Movie":[],"Person":[],"Product":[],"ProductReview":[],"Car":[],"Recipe":[],"Service":[],"SoftwareApplication":[],"WebPage":[]},"graphName":"","isEnabled":true},"graphs":[]},"schema_type":"default","schema_type_options":null,"pillar_content":false,"robots_default":true,"robots_noindex":false,"robots_noarchive":false,"robots_nosnippet":false,"robots_nofollow":false,"robots_noimageindex":false,"robots_noodp":false,"robots_notranslate":false,"robots_max_snippet":null,"robots_max_videopreview":null,"robots_max_imagepreview":"large","priority":null,"frequency":null,"local_seo":null,"breadcrumb_settings":null,"limit_modified_date":false,"ai":null,"created":"2025-08-16 16:30:22","updated":"2025-08-16 16:30:22","focus_keyword":null,"additional_keywords":null,"truseo_locale":null,"seo_analyzer_scan_date":null},"aioseo_breadcrumb":"<div class=\"aioseo-breadcrumbs\"><span class=\"aioseo-breadcrumb\">\n\t\t\t<a href=\"https:\/\/anoticiaonline.com.br\/site\" title=\"Home\">Home<\/a>\n\t\t<\/span><span class=\"aioseo-breadcrumb-separator\">&raquo;<\/span><span class=\"aioseo-breadcrumb\">\n\t\t\t<a href=\"https:\/\/anoticiaonline.com.br\/site\/categoria\/eventos\/\" title=\"Eventos\">Eventos<\/a>\n\t\t<\/span><span class=\"aioseo-breadcrumb-separator\">&raquo;<\/span><span class=\"aioseo-breadcrumb\">\n\t\t\tPar\u00f3quia Santa Cruz promove festa em prol de duas comunidades\n\t\t<\/span><\/div>","aioseo_breadcrumb_json":[{"label":"Home","link":"https:\/\/anoticiaonline.com.br\/site"},{"label":"Eventos","link":"https:\/\/anoticiaonline.com.br\/site\/categoria\/eventos\/"},{"label":"Par\u00f3quia Santa Cruz promove festa em prol de duas comunidades","link":"https:\/\/anoticiaonline.com.br\/site\/paroquia-santa-cruz-promove-festa-em-prol-de-duas-comunidades\/"}],"views":137,"_links":{"self":[{"href":"https:\/\/anoticiaonline.com.br\/site\/wp-json\/wp\/v2\/posts\/16063","targetHints":{"allow":["GET"]}}],"collection":[{"href":"https:\/\/anoticiaonline.com.br\/site\/wp-json\/wp\/v2\/posts"}],"about":[{"href":"https:\/\/anoticiaonline.com.br\/site\/wp-json\/wp\/v2\/types\/post"}],"author":[{"embeddable":true,"href":"https:\/\/anoticiaonline.com.br\/site\/wp-json\/wp\/v2\/users\/2"}],"replies":[{"embeddable":true,"href":"https:\/\/anoticiaonline.com.br\/site\/wp-json\/wp\/v2\/comments?post=16063"}],"version-history":[{"count":0,"href":"https:\/\/anoticiaonline.com.br\/site\/wp-json\/wp\/v2\/posts\/16063\/revisions"}],"wp:featuredmedia":[{"embeddable":true,"href":"https:\/\/anoticiaonline.com.br\/site\/wp-json\/wp\/v2\/media\/16065"}],"wp:attachment":[{"href":"https:\/\/anoticiaonline.com.br\/site\/wp-json\/wp\/v2\/media?parent=16063"}],"wp:term":[{"taxonomy":"category","embeddable":true,"href":"https:\/\/anoticiaonline.com.br\/site\/wp-json\/wp\/v2\/categories?post=16063"},{"taxonomy":"post_tag","embeddable":true,"href":"https:\/\/anoticiaonline.com.br\/site\/wp-json\/wp\/v2\/tags?post=16063"}],"curies":[{"name":"wp","href":"https:\/\/api.w.org\/{rel}","templated":true}]}}