{"id":15649,"date":"2016-07-28T11:56:56","date_gmt":"2016-07-28T14:56:56","guid":{"rendered":"http:\/\/anoticiaonline.com.br\/site\/?p=15649"},"modified":"2016-07-28T11:56:56","modified_gmt":"2016-07-28T14:56:56","slug":"marcos-guarino-e-confirmado-como-vice-de-grego","status":"publish","type":"post","link":"https:\/\/anoticiaonline.com.br\/site\/marcos-guarino-e-confirmado-como-vice-de-grego\/","title":{"rendered":"Marcos Guarino \u00e9 confirmado como vice de Grego"},"content":{"rendered":"<figure id=\"attachment_15650\" aria-describedby=\"caption-attachment-15650\" style=\"width: 290px\" class=\"wp-caption alignleft\"><a href=\"https:\/\/anoticiaonline.com.br\/site\/wp-content\/uploads\/2016\/07\/DSC09410_620x465.jpg\"><img fetchpriority=\"high\" decoding=\"async\" class=\"wp-image-15650 size-medium\" src=\"https:\/\/anoticiaonline.com.br\/site\/wp-content\/uploads\/2016\/07\/DSC09410_620x465-300x225.jpg\" alt=\"DSC09410_620x465\" width=\"300\" height=\"225\" srcset=\"https:\/\/anoticiaonline.com.br\/site\/wp-content\/uploads\/2016\/07\/DSC09410_620x465-300x225.jpg 300w, https:\/\/anoticiaonline.com.br\/site\/wp-content\/uploads\/2016\/07\/DSC09410_620x465.jpg 620w\" sizes=\"(max-width: 300px) 100vw, 300px\" \/><\/a><figcaption id=\"caption-attachment-15650\" class=\"wp-caption-text\">Marcos Guarino, Lael Varella e Grego<\/figcaption><\/figure>\n<p>O m\u00e9dico pediatra Marcos Guarino de Oliveira teve seu nome confirmado como vice-prefeito na chapa que tem o empres\u00e1rio Grego (DEM) como pr\u00e9-candidato ao cargo de prefeito de Muria\u00e9. O nome do m\u00e9dico, que foi secret\u00e1rio municipal de Sa\u00fade por oito anos, foi confirmado durante um encontro de lideran\u00e7as realizado pelo diret\u00f3rio do Democratas de Muria\u00e9, que aconteceu na noite de quarta-feira (27), em seu consult\u00f3rio, no Centro.<\/p>\n<p>Segundo informa\u00e7\u00f5es internas, o nome de Marcos Guarino j\u00e1 era um consenso entre todos os partidos que v\u00e3o formar a coliga\u00e7\u00e3o do DEM.<\/p>\n<p><a href=\"https:\/\/anoticiaonline.com.br\/site\/wp-content\/uploads\/2016\/07\/IMG-20160728-WA0018.jpg\"><img decoding=\"async\" class=\" size-medium wp-image-15651 alignleft\" src=\"https:\/\/anoticiaonline.com.br\/site\/wp-content\/uploads\/2016\/07\/IMG-20160728-WA0018-300x208.jpg\" alt=\"IMG-20160728-WA0018\" width=\"300\" height=\"208\" srcset=\"https:\/\/anoticiaonline.com.br\/site\/wp-content\/uploads\/2016\/07\/IMG-20160728-WA0018-300x208.jpg 300w, https:\/\/anoticiaonline.com.br\/site\/wp-content\/uploads\/2016\/07\/IMG-20160728-WA0018.jpg 640w\" sizes=\"(max-width: 300px) 100vw, 300px\" \/><\/a>O encontro contou com a presen\u00e7a de lideran\u00e7as do DEM e demais partidos que ir\u00e3o formar a coliga\u00e7\u00e3o em apoio \u00e0 chapa, como os deputados Federal e Estadual, respectivamente Misael Varella (DEM) e Dr. Wilson Batista (PSD), o ex-deputado Federal e hoje suplente de senador, Lael Varella (DEM), o empres\u00e1rio Grego, o presidente do PSD municipal, Wander Garcia, vereadores e pr\u00e9-candidatos a vereador.<\/p>\n<p>A conven\u00e7\u00e3o dos partidos aliados, DEM, PSB, PTN, PPS, PROS, PSD SD e PSL ser\u00e1 realizada neste s\u00e1bado (30), \u00e0s 9h, na C\u00e2mara.<\/p>\n","protected":false},"excerpt":{"rendered":"<p>O m\u00e9dico pediatra Marcos Guarino de Oliveira teve seu nome confirmado como vice-prefeito na chapa que tem o empres\u00e1rio Grego (DEM) como pr\u00e9-candidato ao cargo de prefeito de Muria\u00e9. O nome do m\u00e9dico, que foi secret\u00e1rio municipal de Sa\u00fade por oito anos, foi confirmado durante um encontro de lideran\u00e7as realizado pelo diret\u00f3rio do Democratas de &#8230; <a title=\"Marcos Guarino \u00e9 confirmado como vice de Grego\" class=\"read-more\" href=\"https:\/\/anoticiaonline.com.br\/site\/marcos-guarino-e-confirmado-como-vice-de-grego\/\" aria-label=\"Read more about Marcos Guarino \u00e9 confirmado como vice de Grego\">Ler mais<\/a><\/p>\n","protected":false},"author":2,"featured_media":15650,"comment_status":"open","ping_status":"open","sticky":false,"template":"","format":"standard","meta":{"_acf_changed":false,"_monsterinsights_skip_tracking":false,"footnotes":""},"categories":[30],"tags":[3],"class_list":["post-15649","post","type-post","status-publish","format-standard","has-post-thumbnail","hentry","category-muriae","tag-slide"],"acf":[],"aioseo_notices":[],"aioseo_head":"\n\t\t<!-- All in One SEO 5.0.0.1 - aioseo.com -->\n\t<meta name=\"description\" content=\"O m\u00e9dico pediatra Marcos Guarino de Oliveira teve seu nome confirmado como vice-prefeito na chapa que tem o empres\u00e1rio Grego (DEM) como pr\u00e9-candidato ao cargo de prefeito de Muria\u00e9. O nome do m\u00e9dico, que foi secret\u00e1rio municipal de Sa\u00fade por oito anos, foi confirmado durante um encontro de lideran\u00e7as realizado pelo diret\u00f3rio do Democratas de\" \/>\n\t<meta name=\"robots\" content=\"max-image-preview:large\" \/>\n\t<meta name=\"author\" content=\"Juliana Laviola\"\/>\n\t<link rel=\"canonical\" href=\"https:\/\/anoticiaonline.com.br\/site\/marcos-guarino-e-confirmado-como-vice-de-grego\/\" \/>\n\t<meta name=\"generator\" content=\"All in One SEO (AIOSEO) 5.0.0.1\" \/>\n\t\t<meta property=\"og:locale\" content=\"pt_BR\" \/>\n\t\t<meta property=\"og:site_name\" content=\"A Not\u00edcia Online - Noticias de Muria\u00e9 e regi\u00e3o\" \/>\n\t\t<meta property=\"og:type\" content=\"article\" \/>\n\t\t<meta property=\"og:title\" content=\"Marcos Guarino \u00e9 confirmado como vice de Grego - A Not\u00edcia Online\" \/>\n\t\t<meta property=\"og:description\" content=\"O m\u00e9dico pediatra Marcos Guarino de Oliveira teve seu nome confirmado como vice-prefeito na chapa que tem o empres\u00e1rio Grego (DEM) como pr\u00e9-candidato ao cargo de prefeito de Muria\u00e9. O nome do m\u00e9dico, que foi secret\u00e1rio municipal de Sa\u00fade por oito anos, foi confirmado durante um encontro de lideran\u00e7as realizado pelo diret\u00f3rio do Democratas de\" \/>\n\t\t<meta property=\"og:url\" content=\"https:\/\/anoticiaonline.com.br\/site\/marcos-guarino-e-confirmado-como-vice-de-grego\/\" \/>\n\t\t<meta property=\"og:image\" content=\"https:\/\/scontent-gig4-1.xx.fbcdn.net\/v\/t39.30808-1\/270437624_4564083193639691_6907940295614233970_n.jpg?stp=dst-jpg_s200x200_tt6&#038;_nc_cat=111&#038;ccb=1-7&#038;_nc_sid=f907e8&#038;_nc_ohc=SM1wRlP3lJwQ7kNvwEPuBYA&#038;_nc_oc=AdnqrjDN_BNjSSHWO-GbkIWH6fkGMLw4bqvL_NH6e2wMveX7G-rP2dAqsDSq1mJMOaY&#038;_nc_zt=24&#038;_nc_ht=scontent-gig4-1.xx&#038;_nc_gid=AoBFJeGrT1hVaew_6rchkQ&#038;oh=00_AfX7QmFGhQhG2jAllVgXCiM1ZrWgvtp80-Bfppyexh1QEg&#038;oe=689E923C\" \/>\n\t\t<meta property=\"og:image:secure_url\" content=\"https:\/\/scontent-gig4-1.xx.fbcdn.net\/v\/t39.30808-1\/270437624_4564083193639691_6907940295614233970_n.jpg?stp=dst-jpg_s200x200_tt6&#038;_nc_cat=111&#038;ccb=1-7&#038;_nc_sid=f907e8&#038;_nc_ohc=SM1wRlP3lJwQ7kNvwEPuBYA&#038;_nc_oc=AdnqrjDN_BNjSSHWO-GbkIWH6fkGMLw4bqvL_NH6e2wMveX7G-rP2dAqsDSq1mJMOaY&#038;_nc_zt=24&#038;_nc_ht=scontent-gig4-1.xx&#038;_nc_gid=AoBFJeGrT1hVaew_6rchkQ&#038;oh=00_AfX7QmFGhQhG2jAllVgXCiM1ZrWgvtp80-Bfppyexh1QEg&#038;oe=689E923C\" \/>\n\t\t<meta property=\"article:published_time\" content=\"2016-07-28T14:56:56+00:00\" \/>\n\t\t<meta property=\"article:modified_time\" content=\"2016-07-28T14:56:56+00:00\" \/>\n\t\t<meta name=\"twitter:card\" content=\"summary_large_image\" \/>\n\t\t<meta name=\"twitter:title\" content=\"Marcos Guarino \u00e9 confirmado como vice de Grego - A Not\u00edcia Online\" \/>\n\t\t<meta name=\"twitter:description\" content=\"O m\u00e9dico pediatra Marcos Guarino de Oliveira teve seu nome confirmado como vice-prefeito na chapa que tem o empres\u00e1rio Grego (DEM) como pr\u00e9-candidato ao cargo de prefeito de Muria\u00e9. O nome do m\u00e9dico, que foi secret\u00e1rio municipal de Sa\u00fade por oito anos, foi confirmado durante um encontro de lideran\u00e7as realizado pelo diret\u00f3rio do Democratas de\" \/>\n\t\t<meta name=\"twitter:image\" content=\"https:\/\/scontent-gig4-1.xx.fbcdn.net\/v\/t39.30808-1\/270437624_4564083193639691_6907940295614233970_n.jpg?stp=dst-jpg_s200x200_tt6&amp;_nc_cat=111&amp;ccb=1-7&amp;_nc_sid=f907e8&amp;_nc_ohc=SM1wRlP3lJwQ7kNvwEPuBYA&amp;_nc_oc=AdnqrjDN_BNjSSHWO-GbkIWH6fkGMLw4bqvL_NH6e2wMveX7G-rP2dAqsDSq1mJMOaY&amp;_nc_zt=24&amp;_nc_ht=scontent-gig4-1.xx&amp;_nc_gid=AoBFJeGrT1hVaew_6rchkQ&amp;oh=00_AfX7QmFGhQhG2jAllVgXCiM1ZrWgvtp80-Bfppyexh1QEg&amp;oe=689E923C\" \/>\n\t\t<script type=\"application\/ld+json\" class=\"aioseo-schema\">\n\t\t\t{\"@context\":\"https:\\\/\\\/schema.org\",\"@graph\":[{\"@type\":\"BlogPosting\",\"@id\":\"https:\\\/\\\/anoticiaonline.com.br\\\/site\\\/marcos-guarino-e-confirmado-como-vice-de-grego\\\/#blogposting\",\"name\":\"Marcos Guarino \\u00e9 confirmado como vice de Grego - A Not\\u00edcia Online\",\"headline\":\"Marcos Guarino \\u00e9 confirmado como vice de Grego\",\"author\":{\"@id\":\"https:\\\/\\\/anoticiaonline.com.br\\\/site\\\/author\\\/juliana\\\/#author\"},\"publisher\":{\"@id\":\"https:\\\/\\\/anoticiaonline.com.br\\\/site\\\/#organization\"},\"image\":{\"@type\":\"ImageObject\",\"url\":\"https:\\\/\\\/anoticiaonline.com.br\\\/site\\\/wp-content\\\/uploads\\\/2016\\\/07\\\/DSC09410_620x465.jpg\",\"width\":620,\"height\":465},\"datePublished\":\"2016-07-28T11:56:56-03:00\",\"dateModified\":\"2016-07-28T11:56:56-03:00\",\"inLanguage\":\"pt-BR\",\"mainEntityOfPage\":{\"@id\":\"https:\\\/\\\/anoticiaonline.com.br\\\/site\\\/marcos-guarino-e-confirmado-como-vice-de-grego\\\/#webpage\"},\"isPartOf\":{\"@id\":\"https:\\\/\\\/anoticiaonline.com.br\\\/site\\\/marcos-guarino-e-confirmado-como-vice-de-grego\\\/#webpage\"},\"articleSection\":\"Blog, slide\"},{\"@type\":\"BreadcrumbList\",\"@id\":\"https:\\\/\\\/anoticiaonline.com.br\\\/site\\\/marcos-guarino-e-confirmado-como-vice-de-grego\\\/#breadcrumblist\",\"itemListElement\":[{\"@type\":\"ListItem\",\"@id\":\"https:\\\/\\\/anoticiaonline.com.br\\\/site#listItem\",\"position\":1,\"name\":\"Home\",\"item\":\"https:\\\/\\\/anoticiaonline.com.br\\\/site\",\"nextItem\":{\"@type\":\"ListItem\",\"@id\":\"https:\\\/\\\/anoticiaonline.com.br\\\/site\\\/categoria\\\/muriae\\\/#listItem\",\"name\":\"Blog\"}},{\"@type\":\"ListItem\",\"@id\":\"https:\\\/\\\/anoticiaonline.com.br\\\/site\\\/categoria\\\/muriae\\\/#listItem\",\"position\":2,\"name\":\"Blog\",\"item\":\"https:\\\/\\\/anoticiaonline.com.br\\\/site\\\/categoria\\\/muriae\\\/\",\"nextItem\":{\"@type\":\"ListItem\",\"@id\":\"https:\\\/\\\/anoticiaonline.com.br\\\/site\\\/marcos-guarino-e-confirmado-como-vice-de-grego\\\/#listItem\",\"name\":\"Marcos Guarino \\u00e9 confirmado como vice de Grego\"},\"previousItem\":{\"@type\":\"ListItem\",\"@id\":\"https:\\\/\\\/anoticiaonline.com.br\\\/site#listItem\",\"name\":\"Home\"}},{\"@type\":\"ListItem\",\"@id\":\"https:\\\/\\\/anoticiaonline.com.br\\\/site\\\/marcos-guarino-e-confirmado-como-vice-de-grego\\\/#listItem\",\"position\":3,\"name\":\"Marcos Guarino \\u00e9 confirmado como vice de Grego\",\"previousItem\":{\"@type\":\"ListItem\",\"@id\":\"https:\\\/\\\/anoticiaonline.com.br\\\/site\\\/categoria\\\/muriae\\\/#listItem\",\"name\":\"Blog\"}}]},{\"@type\":\"Organization\",\"@id\":\"https:\\\/\\\/anoticiaonline.com.br\\\/site\\\/#organization\",\"name\":\"A Not\\u00edcia Online\",\"description\":\"Noticias de Muria\\u00e9 e regi\\u00e3o\",\"url\":\"https:\\\/\\\/anoticiaonline.com.br\\\/site\\\/\",\"logo\":{\"@type\":\"ImageObject\",\"url\":\"https:\\\/\\\/scontent-gig4-1.xx.fbcdn.net\\\/v\\\/t39.30808-1\\\/270437624_4564083193639691_6907940295614233970_n.jpg?stp=dst-jpg_s200x200_tt6&_nc_cat=111&ccb=1-7&_nc_sid=f907e8&_nc_ohc=SM1wRlP3lJwQ7kNvwEPuBYA&_nc_oc=AdnqrjDN_BNjSSHWO-GbkIWH6fkGMLw4bqvL_NH6e2wMveX7G-rP2dAqsDSq1mJMOaY&_nc_zt=24&_nc_ht=scontent-gig4-1.xx&_nc_gid=AoBFJeGrT1hVaew_6rchkQ&oh=00_AfX7QmFGhQhG2jAllVgXCiM1ZrWgvtp80-Bfppyexh1QEg&oe=689E923C\",\"@id\":\"https:\\\/\\\/anoticiaonline.com.br\\\/site\\\/marcos-guarino-e-confirmado-como-vice-de-grego\\\/#organizationLogo\"},\"image\":{\"@id\":\"https:\\\/\\\/anoticiaonline.com.br\\\/site\\\/marcos-guarino-e-confirmado-como-vice-de-grego\\\/#organizationLogo\"}},{\"@type\":\"Person\",\"@id\":\"https:\\\/\\\/anoticiaonline.com.br\\\/site\\\/author\\\/juliana\\\/#author\",\"url\":\"https:\\\/\\\/anoticiaonline.com.br\\\/site\\\/author\\\/juliana\\\/\",\"name\":\"Juliana Laviola\",\"image\":{\"@type\":\"ImageObject\",\"@id\":\"https:\\\/\\\/anoticiaonline.com.br\\\/site\\\/marcos-guarino-e-confirmado-como-vice-de-grego\\\/#authorImage\",\"url\":\"https:\\\/\\\/secure.gravatar.com\\\/avatar\\\/b8d45f5c699b100dfaf0e543582f38f38bf94cb7ae3a5e9abf8d891a34773335?s=96&d=mm&r=g\",\"width\":96,\"height\":96,\"caption\":\"Juliana Laviola\"}},{\"@type\":\"WebPage\",\"@id\":\"https:\\\/\\\/anoticiaonline.com.br\\\/site\\\/marcos-guarino-e-confirmado-como-vice-de-grego\\\/#webpage\",\"url\":\"https:\\\/\\\/anoticiaonline.com.br\\\/site\\\/marcos-guarino-e-confirmado-como-vice-de-grego\\\/\",\"name\":\"Marcos Guarino \\u00e9 confirmado como vice de Grego - A Not\\u00edcia Online\",\"description\":\"O m\\u00e9dico pediatra Marcos Guarino de Oliveira teve seu nome confirmado como vice-prefeito na chapa que tem o empres\\u00e1rio Grego (DEM) como pr\\u00e9-candidato ao cargo de prefeito de Muria\\u00e9. O nome do m\\u00e9dico, que foi secret\\u00e1rio municipal de Sa\\u00fade por oito anos, foi confirmado durante um encontro de lideran\\u00e7as realizado pelo diret\\u00f3rio do Democratas de\",\"inLanguage\":\"pt-BR\",\"isPartOf\":{\"@id\":\"https:\\\/\\\/anoticiaonline.com.br\\\/site\\\/#website\"},\"breadcrumb\":{\"@id\":\"https:\\\/\\\/anoticiaonline.com.br\\\/site\\\/marcos-guarino-e-confirmado-como-vice-de-grego\\\/#breadcrumblist\"},\"author\":{\"@id\":\"https:\\\/\\\/anoticiaonline.com.br\\\/site\\\/author\\\/juliana\\\/#author\"},\"creator\":{\"@id\":\"https:\\\/\\\/anoticiaonline.com.br\\\/site\\\/author\\\/juliana\\\/#author\"},\"image\":{\"@type\":\"ImageObject\",\"url\":\"https:\\\/\\\/anoticiaonline.com.br\\\/site\\\/wp-content\\\/uploads\\\/2016\\\/07\\\/DSC09410_620x465.jpg\",\"@id\":\"https:\\\/\\\/anoticiaonline.com.br\\\/site\\\/marcos-guarino-e-confirmado-como-vice-de-grego\\\/#mainImage\",\"width\":620,\"height\":465},\"primaryImageOfPage\":{\"@id\":\"https:\\\/\\\/anoticiaonline.com.br\\\/site\\\/marcos-guarino-e-confirmado-como-vice-de-grego\\\/#mainImage\"},\"datePublished\":\"2016-07-28T11:56:56-03:00\",\"dateModified\":\"2016-07-28T11:56:56-03:00\"},{\"@type\":\"WebSite\",\"@id\":\"https:\\\/\\\/anoticiaonline.com.br\\\/site\\\/#website\",\"url\":\"https:\\\/\\\/anoticiaonline.com.br\\\/site\\\/\",\"name\":\"A Not\\u00edcia Online\",\"description\":\"Noticias de Muria\\u00e9 e regi\\u00e3o\",\"inLanguage\":\"pt-BR\",\"publisher\":{\"@id\":\"https:\\\/\\\/anoticiaonline.com.br\\\/site\\\/#organization\"}}]}\n\t\t<\/script>\n\t\t<!-- All in One SEO -->\n\n","aioseo_head_json":{"title":"Marcos Guarino \u00e9 confirmado como vice de Grego - A Not\u00edcia Online","description":"O m\u00e9dico pediatra Marcos Guarino de Oliveira teve seu nome confirmado como vice-prefeito na chapa que tem o empres\u00e1rio Grego (DEM) como pr\u00e9-candidato ao cargo de prefeito de Muria\u00e9. O nome do m\u00e9dico, que foi secret\u00e1rio municipal de Sa\u00fade por oito anos, foi confirmado durante um encontro de lideran\u00e7as realizado pelo diret\u00f3rio do Democratas de","canonical_url":"https:\/\/anoticiaonline.com.br\/site\/marcos-guarino-e-confirmado-como-vice-de-grego\/","robots":"max-image-preview:large","keywords":"","webmasterTools":{"miscellaneous":""},"schema":{"@context":"https:\/\/schema.org","@graph":[{"@type":"BlogPosting","@id":"https:\/\/anoticiaonline.com.br\/site\/marcos-guarino-e-confirmado-como-vice-de-grego\/#blogposting","name":"Marcos Guarino \u00e9 confirmado como vice de Grego - A Not\u00edcia Online","headline":"Marcos Guarino \u00e9 confirmado como vice de Grego","author":{"@id":"https:\/\/anoticiaonline.com.br\/site\/author\/juliana\/#author"},"publisher":{"@id":"https:\/\/anoticiaonline.com.br\/site\/#organization"},"image":{"@type":"ImageObject","url":"https:\/\/anoticiaonline.com.br\/site\/wp-content\/uploads\/2016\/07\/DSC09410_620x465.jpg","width":620,"height":465},"datePublished":"2016-07-28T11:56:56-03:00","dateModified":"2016-07-28T11:56:56-03:00","inLanguage":"pt-BR","mainEntityOfPage":{"@id":"https:\/\/anoticiaonline.com.br\/site\/marcos-guarino-e-confirmado-como-vice-de-grego\/#webpage"},"isPartOf":{"@id":"https:\/\/anoticiaonline.com.br\/site\/marcos-guarino-e-confirmado-como-vice-de-grego\/#webpage"},"articleSection":"Blog, slide"},{"@type":"BreadcrumbList","@id":"https:\/\/anoticiaonline.com.br\/site\/marcos-guarino-e-confirmado-como-vice-de-grego\/#breadcrumblist","itemListElement":[{"@type":"ListItem","@id":"https:\/\/anoticiaonline.com.br\/site#listItem","position":1,"name":"Home","item":"https:\/\/anoticiaonline.com.br\/site","nextItem":{"@type":"ListItem","@id":"https:\/\/anoticiaonline.com.br\/site\/categoria\/muriae\/#listItem","name":"Blog"}},{"@type":"ListItem","@id":"https:\/\/anoticiaonline.com.br\/site\/categoria\/muriae\/#listItem","position":2,"name":"Blog","item":"https:\/\/anoticiaonline.com.br\/site\/categoria\/muriae\/","nextItem":{"@type":"ListItem","@id":"https:\/\/anoticiaonline.com.br\/site\/marcos-guarino-e-confirmado-como-vice-de-grego\/#listItem","name":"Marcos Guarino \u00e9 confirmado como vice de Grego"},"previousItem":{"@type":"ListItem","@id":"https:\/\/anoticiaonline.com.br\/site#listItem","name":"Home"}},{"@type":"ListItem","@id":"https:\/\/anoticiaonline.com.br\/site\/marcos-guarino-e-confirmado-como-vice-de-grego\/#listItem","position":3,"name":"Marcos Guarino \u00e9 confirmado como vice de Grego","previousItem":{"@type":"ListItem","@id":"https:\/\/anoticiaonline.com.br\/site\/categoria\/muriae\/#listItem","name":"Blog"}}]},{"@type":"Organization","@id":"https:\/\/anoticiaonline.com.br\/site\/#organization","name":"A Not\u00edcia Online","description":"Noticias de Muria\u00e9 e regi\u00e3o","url":"https:\/\/anoticiaonline.com.br\/site\/","logo":{"@type":"ImageObject","url":"https:\/\/scontent-gig4-1.xx.fbcdn.net\/v\/t39.30808-1\/270437624_4564083193639691_6907940295614233970_n.jpg?stp=dst-jpg_s200x200_tt6&_nc_cat=111&ccb=1-7&_nc_sid=f907e8&_nc_ohc=SM1wRlP3lJwQ7kNvwEPuBYA&_nc_oc=AdnqrjDN_BNjSSHWO-GbkIWH6fkGMLw4bqvL_NH6e2wMveX7G-rP2dAqsDSq1mJMOaY&_nc_zt=24&_nc_ht=scontent-gig4-1.xx&_nc_gid=AoBFJeGrT1hVaew_6rchkQ&oh=00_AfX7QmFGhQhG2jAllVgXCiM1ZrWgvtp80-Bfppyexh1QEg&oe=689E923C","@id":"https:\/\/anoticiaonline.com.br\/site\/marcos-guarino-e-confirmado-como-vice-de-grego\/#organizationLogo"},"image":{"@id":"https:\/\/anoticiaonline.com.br\/site\/marcos-guarino-e-confirmado-como-vice-de-grego\/#organizationLogo"}},{"@type":"Person","@id":"https:\/\/anoticiaonline.com.br\/site\/author\/juliana\/#author","url":"https:\/\/anoticiaonline.com.br\/site\/author\/juliana\/","name":"Juliana Laviola","image":{"@type":"ImageObject","@id":"https:\/\/anoticiaonline.com.br\/site\/marcos-guarino-e-confirmado-como-vice-de-grego\/#authorImage","url":"https:\/\/secure.gravatar.com\/avatar\/b8d45f5c699b100dfaf0e543582f38f38bf94cb7ae3a5e9abf8d891a34773335?s=96&d=mm&r=g","width":96,"height":96,"caption":"Juliana Laviola"}},{"@type":"WebPage","@id":"https:\/\/anoticiaonline.com.br\/site\/marcos-guarino-e-confirmado-como-vice-de-grego\/#webpage","url":"https:\/\/anoticiaonline.com.br\/site\/marcos-guarino-e-confirmado-como-vice-de-grego\/","name":"Marcos Guarino \u00e9 confirmado como vice de Grego - A Not\u00edcia Online","description":"O m\u00e9dico pediatra Marcos Guarino de Oliveira teve seu nome confirmado como vice-prefeito na chapa que tem o empres\u00e1rio Grego (DEM) como pr\u00e9-candidato ao cargo de prefeito de Muria\u00e9. O nome do m\u00e9dico, que foi secret\u00e1rio municipal de Sa\u00fade por oito anos, foi confirmado durante um encontro de lideran\u00e7as realizado pelo diret\u00f3rio do Democratas de","inLanguage":"pt-BR","isPartOf":{"@id":"https:\/\/anoticiaonline.com.br\/site\/#website"},"breadcrumb":{"@id":"https:\/\/anoticiaonline.com.br\/site\/marcos-guarino-e-confirmado-como-vice-de-grego\/#breadcrumblist"},"author":{"@id":"https:\/\/anoticiaonline.com.br\/site\/author\/juliana\/#author"},"creator":{"@id":"https:\/\/anoticiaonline.com.br\/site\/author\/juliana\/#author"},"image":{"@type":"ImageObject","url":"https:\/\/anoticiaonline.com.br\/site\/wp-content\/uploads\/2016\/07\/DSC09410_620x465.jpg","@id":"https:\/\/anoticiaonline.com.br\/site\/marcos-guarino-e-confirmado-como-vice-de-grego\/#mainImage","width":620,"height":465},"primaryImageOfPage":{"@id":"https:\/\/anoticiaonline.com.br\/site\/marcos-guarino-e-confirmado-como-vice-de-grego\/#mainImage"},"datePublished":"2016-07-28T11:56:56-03:00","dateModified":"2016-07-28T11:56:56-03:00"},{"@type":"WebSite","@id":"https:\/\/anoticiaonline.com.br\/site\/#website","url":"https:\/\/anoticiaonline.com.br\/site\/","name":"A Not\u00edcia Online","description":"Noticias de Muria\u00e9 e regi\u00e3o","inLanguage":"pt-BR","publisher":{"@id":"https:\/\/anoticiaonline.com.br\/site\/#organization"}}]},"og:locale":"pt_BR","og:site_name":"A Not\u00edcia Online - Noticias de Muria\u00e9 e regi\u00e3o","og:type":"article","og:title":"Marcos Guarino \u00e9 confirmado como vice de Grego - A Not\u00edcia Online","og:description":"O m\u00e9dico pediatra Marcos Guarino de Oliveira teve seu nome confirmado como vice-prefeito na chapa que tem o empres\u00e1rio Grego (DEM) como pr\u00e9-candidato ao cargo de prefeito de Muria\u00e9. O nome do m\u00e9dico, que foi secret\u00e1rio municipal de Sa\u00fade por oito anos, foi confirmado durante um encontro de lideran\u00e7as realizado pelo diret\u00f3rio do Democratas de","og:url":"https:\/\/anoticiaonline.com.br\/site\/marcos-guarino-e-confirmado-como-vice-de-grego\/","og:image":"https:\/\/scontent-gig4-1.xx.fbcdn.net\/v\/t39.30808-1\/270437624_4564083193639691_6907940295614233970_n.jpg?stp=dst-jpg_s200x200_tt6&#038;_nc_cat=111&#038;ccb=1-7&#038;_nc_sid=f907e8&#038;_nc_ohc=SM1wRlP3lJwQ7kNvwEPuBYA&#038;_nc_oc=AdnqrjDN_BNjSSHWO-GbkIWH6fkGMLw4bqvL_NH6e2wMveX7G-rP2dAqsDSq1mJMOaY&#038;_nc_zt=24&#038;_nc_ht=scontent-gig4-1.xx&#038;_nc_gid=AoBFJeGrT1hVaew_6rchkQ&#038;oh=00_AfX7QmFGhQhG2jAllVgXCiM1ZrWgvtp80-Bfppyexh1QEg&#038;oe=689E923C","og:image:secure_url":"https:\/\/scontent-gig4-1.xx.fbcdn.net\/v\/t39.30808-1\/270437624_4564083193639691_6907940295614233970_n.jpg?stp=dst-jpg_s200x200_tt6&#038;_nc_cat=111&#038;ccb=1-7&#038;_nc_sid=f907e8&#038;_nc_ohc=SM1wRlP3lJwQ7kNvwEPuBYA&#038;_nc_oc=AdnqrjDN_BNjSSHWO-GbkIWH6fkGMLw4bqvL_NH6e2wMveX7G-rP2dAqsDSq1mJMOaY&#038;_nc_zt=24&#038;_nc_ht=scontent-gig4-1.xx&#038;_nc_gid=AoBFJeGrT1hVaew_6rchkQ&#038;oh=00_AfX7QmFGhQhG2jAllVgXCiM1ZrWgvtp80-Bfppyexh1QEg&#038;oe=689E923C","article:published_time":"2016-07-28T14:56:56+00:00","article:modified_time":"2016-07-28T14:56:56+00:00","twitter:card":"summary_large_image","twitter:title":"Marcos Guarino \u00e9 confirmado como vice de Grego - A Not\u00edcia Online","twitter:description":"O m\u00e9dico pediatra Marcos Guarino de Oliveira teve seu nome confirmado como vice-prefeito na chapa que tem o empres\u00e1rio Grego (DEM) como pr\u00e9-candidato ao cargo de prefeito de Muria\u00e9. O nome do m\u00e9dico, que foi secret\u00e1rio municipal de Sa\u00fade por oito anos, foi confirmado durante um encontro de lideran\u00e7as realizado pelo diret\u00f3rio do Democratas de","twitter:image":"https:\/\/scontent-gig4-1.xx.fbcdn.net\/v\/t39.30808-1\/270437624_4564083193639691_6907940295614233970_n.jpg?stp=dst-jpg_s200x200_tt6&_nc_cat=111&ccb=1-7&_nc_sid=f907e8&_nc_ohc=SM1wRlP3lJwQ7kNvwEPuBYA&_nc_oc=AdnqrjDN_BNjSSHWO-GbkIWH6fkGMLw4bqvL_NH6e2wMveX7G-rP2dAqsDSq1mJMOaY&_nc_zt=24&_nc_ht=scontent-gig4-1.xx&_nc_gid=AoBFJeGrT1hVaew_6rchkQ&oh=00_AfX7QmFGhQhG2jAllVgXCiM1ZrWgvtp80-Bfppyexh1QEg&oe=689E923C"},"aioseo_meta_data":{"post_id":"15649","title":null,"description":null,"keywords":null,"keyphrases":null,"primary_term":null,"canonical_url":null,"og_title":null,"og_description":null,"og_object_type":"default","og_image_type":"default","og_image_url":null,"og_image_width":null,"og_image_height":null,"og_image_custom_url":null,"og_image_custom_fields":null,"og_video":null,"og_custom_url":null,"og_article_section":null,"og_article_tags":null,"twitter_use_og":false,"twitter_card":"default","twitter_image_type":"default","twitter_image_url":null,"twitter_image_custom_url":null,"twitter_image_custom_fields":null,"twitter_title":null,"twitter_description":null,"schema":{"blockGraphs":[],"customGraphs":[],"default":{"data":{"Article":[],"Course":[],"Dataset":[],"FAQPage":[],"Movie":[],"Person":[],"Product":[],"ProductReview":[],"Car":[],"Recipe":[],"Service":[],"SoftwareApplication":[],"WebPage":[]},"graphName":"","isEnabled":true},"graphs":[]},"schema_type":"default","schema_type_options":null,"pillar_content":false,"robots_default":true,"robots_noindex":false,"robots_noarchive":false,"robots_nosnippet":false,"robots_nofollow":false,"robots_noimageindex":false,"robots_noodp":false,"robots_notranslate":false,"robots_max_snippet":null,"robots_max_videopreview":null,"robots_max_imagepreview":"large","priority":null,"frequency":null,"local_seo":null,"breadcrumb_settings":null,"limit_modified_date":false,"ai":null,"created":"2025-08-16 16:30:22","updated":"2025-08-16 16:30:22","focus_keyword":null,"additional_keywords":null,"truseo_locale":null,"seo_analyzer_scan_date":null},"aioseo_breadcrumb":"<div class=\"aioseo-breadcrumbs\"><span class=\"aioseo-breadcrumb\">\n\t\t\t<a href=\"https:\/\/anoticiaonline.com.br\/site\" title=\"Home\">Home<\/a>\n\t\t<\/span><span class=\"aioseo-breadcrumb-separator\">&raquo;<\/span><span class=\"aioseo-breadcrumb\">\n\t\t\t<a href=\"https:\/\/anoticiaonline.com.br\/site\/categoria\/muriae\/\" title=\"Blog\">Blog<\/a>\n\t\t<\/span><span class=\"aioseo-breadcrumb-separator\">&raquo;<\/span><span class=\"aioseo-breadcrumb\">\n\t\t\tMarcos Guarino \u00e9 confirmado como vice de Grego\n\t\t<\/span><\/div>","aioseo_breadcrumb_json":[{"label":"Home","link":"https:\/\/anoticiaonline.com.br\/site"},{"label":"Blog","link":"https:\/\/anoticiaonline.com.br\/site\/categoria\/muriae\/"},{"label":"Marcos Guarino \u00e9 confirmado como vice de Grego","link":"https:\/\/anoticiaonline.com.br\/site\/marcos-guarino-e-confirmado-como-vice-de-grego\/"}],"views":195,"_links":{"self":[{"href":"https:\/\/anoticiaonline.com.br\/site\/wp-json\/wp\/v2\/posts\/15649","targetHints":{"allow":["GET"]}}],"collection":[{"href":"https:\/\/anoticiaonline.com.br\/site\/wp-json\/wp\/v2\/posts"}],"about":[{"href":"https:\/\/anoticiaonline.com.br\/site\/wp-json\/wp\/v2\/types\/post"}],"author":[{"embeddable":true,"href":"https:\/\/anoticiaonline.com.br\/site\/wp-json\/wp\/v2\/users\/2"}],"replies":[{"embeddable":true,"href":"https:\/\/anoticiaonline.com.br\/site\/wp-json\/wp\/v2\/comments?post=15649"}],"version-history":[{"count":0,"href":"https:\/\/anoticiaonline.com.br\/site\/wp-json\/wp\/v2\/posts\/15649\/revisions"}],"wp:featuredmedia":[{"embeddable":true,"href":"https:\/\/anoticiaonline.com.br\/site\/wp-json\/wp\/v2\/media\/15650"}],"wp:attachment":[{"href":"https:\/\/anoticiaonline.com.br\/site\/wp-json\/wp\/v2\/media?parent=15649"}],"wp:term":[{"taxonomy":"category","embeddable":true,"href":"https:\/\/anoticiaonline.com.br\/site\/wp-json\/wp\/v2\/categories?post=15649"},{"taxonomy":"post_tag","embeddable":true,"href":"https:\/\/anoticiaonline.com.br\/site\/wp-json\/wp\/v2\/tags?post=15649"}],"curies":[{"name":"wp","href":"https:\/\/api.w.org\/{rel}","templated":true}]}}