{"id":15529,"date":"2016-07-26T14:44:20","date_gmt":"2016-07-26T17:44:20","guid":{"rendered":"http:\/\/anoticiaonline.com.br\/site\/?p=15529"},"modified":"2016-07-26T14:44:20","modified_gmt":"2016-07-26T17:44:20","slug":"abertas-as-inscricoes-para-a-corrida-da-fogueira","status":"publish","type":"post","link":"https:\/\/anoticiaonline.com.br\/site\/abertas-as-inscricoes-para-a-corrida-da-fogueira\/","title":{"rendered":"Abertas as inscri\u00e7\u00f5es para a Corrida da Fogueira"},"content":{"rendered":"<p><a href=\"https:\/\/anoticiaonline.com.br\/site\/wp-content\/uploads\/2016\/07\/CARTAZ-F-2-60\u00aa-Corrida-da-Fogueira-2016.jpg\"><img fetchpriority=\"high\" decoding=\"async\" class=\" size-medium wp-image-15530 alignleft\" src=\"https:\/\/anoticiaonline.com.br\/site\/wp-content\/uploads\/2016\/07\/CARTAZ-F-2-60\u00aa-Corrida-da-Fogueira-2016-300x248.jpg\" alt=\"CARTAZ F-2 - 60\u00aa Corrida da Fogueira - 2016\" width=\"300\" height=\"248\" srcset=\"https:\/\/anoticiaonline.com.br\/site\/wp-content\/uploads\/2016\/07\/CARTAZ-F-2-60\u00aa-Corrida-da-Fogueira-2016-300x248.jpg 300w, https:\/\/anoticiaonline.com.br\/site\/wp-content\/uploads\/2016\/07\/CARTAZ-F-2-60\u00aa-Corrida-da-Fogueira-2016.jpg 640w\" sizes=\"(max-width: 300px) 100vw, 300px\" \/><\/a>As inscri\u00e7\u00f5es para a tradicional Corrida da Fogueira, que acontece no dia 14 de agosto, est\u00e3o abertas e podem ser realizadas na Secretaria Municipal de Esportes, Lazer e Juventude at\u00e9 o dia 12 do pr\u00f3ximo m\u00eas. J\u00e1 os atletas de fora da cidade podem se inscrever no local da prova.<\/p>\n<p>Haver\u00e1 premia\u00e7\u00e3o em dinheiro, trof\u00e9us e medalhas &#8211; o valor total das premia\u00e7\u00f5es \u00e9 de R$ 5 mil. O valor cobrado pela inscri\u00e7\u00e3o \u00e9 de R$ 30,00.<\/p>\n<p>A concentra\u00e7\u00e3o acontecer\u00e1 \u00e0s 8h30min na Pra\u00e7a Jo\u00e3o Pinheiro, Centro (em frente ao Grande Hotel Muriahe). A largada para o percurso de 8 km ser\u00e1 \u00e0s 9h. \u00c0s 9h10min acontece a largada para a Corrida dos Gar\u00e7ons, uma novidade deste ano.<\/p>\n<p>O evento esportivo, que em 2016 completa sua 60\u00aa edi\u00e7\u00e3o, \u00e9 tradicional em toda a regi\u00e3o, atraindo atletas de diversos estados.<\/p>\n<p>Mais informa\u00e7\u00f5es podem ser obtidas pelo telefone (32) 3729-3017 ou pelo email selj@muriae.mg.gov.br. A SELJ est\u00e1 localizada no Complexo Poliesportivo Gilberto Tanuz Braz, no bairro S\u00e3o Pedro.<\/p>\n","protected":false},"excerpt":{"rendered":"<p>As inscri\u00e7\u00f5es para a tradicional Corrida da Fogueira, que acontece no dia 14 de agosto, est\u00e3o abertas e podem ser realizadas na Secretaria Municipal de Esportes, Lazer e Juventude at\u00e9 o dia 12 do pr\u00f3ximo m\u00eas. J\u00e1 os atletas de fora da cidade podem se inscrever no local da prova. Haver\u00e1 premia\u00e7\u00e3o em dinheiro, trof\u00e9us &#8230; <a title=\"Abertas as inscri\u00e7\u00f5es para a Corrida da Fogueira\" class=\"read-more\" href=\"https:\/\/anoticiaonline.com.br\/site\/abertas-as-inscricoes-para-a-corrida-da-fogueira\/\" aria-label=\"Read more about Abertas as inscri\u00e7\u00f5es para a Corrida da Fogueira\">Ler mais<\/a><\/p>\n","protected":false},"author":2,"featured_media":15530,"comment_status":"open","ping_status":"open","sticky":false,"template":"","format":"standard","meta":{"_acf_changed":false,"_monsterinsights_skip_tracking":false,"footnotes":""},"categories":[29],"tags":[3],"class_list":["post-15529","post","type-post","status-publish","format-standard","has-post-thumbnail","hentry","category-esporte","tag-slide"],"acf":[],"aioseo_notices":[],"aioseo_head":"\n\t\t<!-- All in One SEO 5.0.0.1 - aioseo.com -->\n\t<meta name=\"description\" content=\"As inscri\u00e7\u00f5es para a tradicional Corrida da Fogueira, que acontece no dia 14 de agosto, est\u00e3o abertas e podem ser realizadas na Secretaria Municipal de Esportes, Lazer e Juventude at\u00e9 o dia 12 do pr\u00f3ximo m\u00eas. J\u00e1 os atletas de fora da cidade podem se inscrever no local da prova. Haver\u00e1 premia\u00e7\u00e3o em dinheiro, trof\u00e9us\" \/>\n\t<meta name=\"robots\" content=\"max-image-preview:large\" \/>\n\t<meta name=\"author\" content=\"Juliana Laviola\"\/>\n\t<link rel=\"canonical\" href=\"https:\/\/anoticiaonline.com.br\/site\/abertas-as-inscricoes-para-a-corrida-da-fogueira\/\" \/>\n\t<meta name=\"generator\" content=\"All in One SEO (AIOSEO) 5.0.0.1\" \/>\n\t\t<meta property=\"og:locale\" content=\"pt_BR\" \/>\n\t\t<meta property=\"og:site_name\" content=\"A Not\u00edcia Online - Noticias de Muria\u00e9 e regi\u00e3o\" \/>\n\t\t<meta property=\"og:type\" content=\"article\" \/>\n\t\t<meta property=\"og:title\" content=\"Abertas as inscri\u00e7\u00f5es para a Corrida da Fogueira - A Not\u00edcia Online\" \/>\n\t\t<meta property=\"og:description\" content=\"As inscri\u00e7\u00f5es para a tradicional Corrida da Fogueira, que acontece no dia 14 de agosto, est\u00e3o abertas e podem ser realizadas na Secretaria Municipal de Esportes, Lazer e Juventude at\u00e9 o dia 12 do pr\u00f3ximo m\u00eas. J\u00e1 os atletas de fora da cidade podem se inscrever no local da prova. Haver\u00e1 premia\u00e7\u00e3o em dinheiro, trof\u00e9us\" \/>\n\t\t<meta property=\"og:url\" content=\"https:\/\/anoticiaonline.com.br\/site\/abertas-as-inscricoes-para-a-corrida-da-fogueira\/\" \/>\n\t\t<meta property=\"og:image\" content=\"https:\/\/scontent-gig4-1.xx.fbcdn.net\/v\/t39.30808-1\/270437624_4564083193639691_6907940295614233970_n.jpg?stp=dst-jpg_s200x200_tt6&#038;_nc_cat=111&#038;ccb=1-7&#038;_nc_sid=f907e8&#038;_nc_ohc=SM1wRlP3lJwQ7kNvwEPuBYA&#038;_nc_oc=AdnqrjDN_BNjSSHWO-GbkIWH6fkGMLw4bqvL_NH6e2wMveX7G-rP2dAqsDSq1mJMOaY&#038;_nc_zt=24&#038;_nc_ht=scontent-gig4-1.xx&#038;_nc_gid=AoBFJeGrT1hVaew_6rchkQ&#038;oh=00_AfX7QmFGhQhG2jAllVgXCiM1ZrWgvtp80-Bfppyexh1QEg&#038;oe=689E923C\" \/>\n\t\t<meta property=\"og:image:secure_url\" content=\"https:\/\/scontent-gig4-1.xx.fbcdn.net\/v\/t39.30808-1\/270437624_4564083193639691_6907940295614233970_n.jpg?stp=dst-jpg_s200x200_tt6&#038;_nc_cat=111&#038;ccb=1-7&#038;_nc_sid=f907e8&#038;_nc_ohc=SM1wRlP3lJwQ7kNvwEPuBYA&#038;_nc_oc=AdnqrjDN_BNjSSHWO-GbkIWH6fkGMLw4bqvL_NH6e2wMveX7G-rP2dAqsDSq1mJMOaY&#038;_nc_zt=24&#038;_nc_ht=scontent-gig4-1.xx&#038;_nc_gid=AoBFJeGrT1hVaew_6rchkQ&#038;oh=00_AfX7QmFGhQhG2jAllVgXCiM1ZrWgvtp80-Bfppyexh1QEg&#038;oe=689E923C\" \/>\n\t\t<meta property=\"article:published_time\" content=\"2016-07-26T17:44:20+00:00\" \/>\n\t\t<meta property=\"article:modified_time\" content=\"2016-07-26T17:44:20+00:00\" \/>\n\t\t<meta name=\"twitter:card\" content=\"summary_large_image\" \/>\n\t\t<meta name=\"twitter:title\" content=\"Abertas as inscri\u00e7\u00f5es para a Corrida da Fogueira - A Not\u00edcia Online\" \/>\n\t\t<meta name=\"twitter:description\" content=\"As inscri\u00e7\u00f5es para a tradicional Corrida da Fogueira, que acontece no dia 14 de agosto, est\u00e3o abertas e podem ser realizadas na Secretaria Municipal de Esportes, Lazer e Juventude at\u00e9 o dia 12 do pr\u00f3ximo m\u00eas. J\u00e1 os atletas de fora da cidade podem se inscrever no local da prova. Haver\u00e1 premia\u00e7\u00e3o em dinheiro, trof\u00e9us\" \/>\n\t\t<meta name=\"twitter:image\" content=\"https:\/\/scontent-gig4-1.xx.fbcdn.net\/v\/t39.30808-1\/270437624_4564083193639691_6907940295614233970_n.jpg?stp=dst-jpg_s200x200_tt6&amp;_nc_cat=111&amp;ccb=1-7&amp;_nc_sid=f907e8&amp;_nc_ohc=SM1wRlP3lJwQ7kNvwEPuBYA&amp;_nc_oc=AdnqrjDN_BNjSSHWO-GbkIWH6fkGMLw4bqvL_NH6e2wMveX7G-rP2dAqsDSq1mJMOaY&amp;_nc_zt=24&amp;_nc_ht=scontent-gig4-1.xx&amp;_nc_gid=AoBFJeGrT1hVaew_6rchkQ&amp;oh=00_AfX7QmFGhQhG2jAllVgXCiM1ZrWgvtp80-Bfppyexh1QEg&amp;oe=689E923C\" \/>\n\t\t<script type=\"application\/ld+json\" class=\"aioseo-schema\">\n\t\t\t{\"@context\":\"https:\\\/\\\/schema.org\",\"@graph\":[{\"@type\":\"BlogPosting\",\"@id\":\"https:\\\/\\\/anoticiaonline.com.br\\\/site\\\/abertas-as-inscricoes-para-a-corrida-da-fogueira\\\/#blogposting\",\"name\":\"Abertas as inscri\\u00e7\\u00f5es para a Corrida da Fogueira - A Not\\u00edcia Online\",\"headline\":\"Abertas as inscri\\u00e7\\u00f5es para a Corrida da Fogueira\",\"author\":{\"@id\":\"https:\\\/\\\/anoticiaonline.com.br\\\/site\\\/author\\\/juliana\\\/#author\"},\"publisher\":{\"@id\":\"https:\\\/\\\/anoticiaonline.com.br\\\/site\\\/#organization\"},\"image\":{\"@type\":\"ImageObject\",\"url\":\"https:\\\/\\\/anoticiaonline.com.br\\\/site\\\/wp-content\\\/uploads\\\/2016\\\/07\\\/CARTAZ-F-2-60\\u00aa-Corrida-da-Fogueira-2016.jpg\",\"width\":640,\"height\":529},\"datePublished\":\"2016-07-26T14:44:20-03:00\",\"dateModified\":\"2016-07-26T14:44:20-03:00\",\"inLanguage\":\"pt-BR\",\"mainEntityOfPage\":{\"@id\":\"https:\\\/\\\/anoticiaonline.com.br\\\/site\\\/abertas-as-inscricoes-para-a-corrida-da-fogueira\\\/#webpage\"},\"isPartOf\":{\"@id\":\"https:\\\/\\\/anoticiaonline.com.br\\\/site\\\/abertas-as-inscricoes-para-a-corrida-da-fogueira\\\/#webpage\"},\"articleSection\":\"Esporte, slide\"},{\"@type\":\"BreadcrumbList\",\"@id\":\"https:\\\/\\\/anoticiaonline.com.br\\\/site\\\/abertas-as-inscricoes-para-a-corrida-da-fogueira\\\/#breadcrumblist\",\"itemListElement\":[{\"@type\":\"ListItem\",\"@id\":\"https:\\\/\\\/anoticiaonline.com.br\\\/site#listItem\",\"position\":1,\"name\":\"Home\",\"item\":\"https:\\\/\\\/anoticiaonline.com.br\\\/site\",\"nextItem\":{\"@type\":\"ListItem\",\"@id\":\"https:\\\/\\\/anoticiaonline.com.br\\\/site\\\/categoria\\\/esporte\\\/#listItem\",\"name\":\"Esporte\"}},{\"@type\":\"ListItem\",\"@id\":\"https:\\\/\\\/anoticiaonline.com.br\\\/site\\\/categoria\\\/esporte\\\/#listItem\",\"position\":2,\"name\":\"Esporte\",\"item\":\"https:\\\/\\\/anoticiaonline.com.br\\\/site\\\/categoria\\\/esporte\\\/\",\"nextItem\":{\"@type\":\"ListItem\",\"@id\":\"https:\\\/\\\/anoticiaonline.com.br\\\/site\\\/abertas-as-inscricoes-para-a-corrida-da-fogueira\\\/#listItem\",\"name\":\"Abertas as inscri\\u00e7\\u00f5es para a Corrida da Fogueira\"},\"previousItem\":{\"@type\":\"ListItem\",\"@id\":\"https:\\\/\\\/anoticiaonline.com.br\\\/site#listItem\",\"name\":\"Home\"}},{\"@type\":\"ListItem\",\"@id\":\"https:\\\/\\\/anoticiaonline.com.br\\\/site\\\/abertas-as-inscricoes-para-a-corrida-da-fogueira\\\/#listItem\",\"position\":3,\"name\":\"Abertas as inscri\\u00e7\\u00f5es para a Corrida da Fogueira\",\"previousItem\":{\"@type\":\"ListItem\",\"@id\":\"https:\\\/\\\/anoticiaonline.com.br\\\/site\\\/categoria\\\/esporte\\\/#listItem\",\"name\":\"Esporte\"}}]},{\"@type\":\"Organization\",\"@id\":\"https:\\\/\\\/anoticiaonline.com.br\\\/site\\\/#organization\",\"name\":\"A Not\\u00edcia Online\",\"description\":\"Noticias de Muria\\u00e9 e regi\\u00e3o\",\"url\":\"https:\\\/\\\/anoticiaonline.com.br\\\/site\\\/\",\"logo\":{\"@type\":\"ImageObject\",\"url\":\"https:\\\/\\\/scontent-gig4-1.xx.fbcdn.net\\\/v\\\/t39.30808-1\\\/270437624_4564083193639691_6907940295614233970_n.jpg?stp=dst-jpg_s200x200_tt6&_nc_cat=111&ccb=1-7&_nc_sid=f907e8&_nc_ohc=SM1wRlP3lJwQ7kNvwEPuBYA&_nc_oc=AdnqrjDN_BNjSSHWO-GbkIWH6fkGMLw4bqvL_NH6e2wMveX7G-rP2dAqsDSq1mJMOaY&_nc_zt=24&_nc_ht=scontent-gig4-1.xx&_nc_gid=AoBFJeGrT1hVaew_6rchkQ&oh=00_AfX7QmFGhQhG2jAllVgXCiM1ZrWgvtp80-Bfppyexh1QEg&oe=689E923C\",\"@id\":\"https:\\\/\\\/anoticiaonline.com.br\\\/site\\\/abertas-as-inscricoes-para-a-corrida-da-fogueira\\\/#organizationLogo\"},\"image\":{\"@id\":\"https:\\\/\\\/anoticiaonline.com.br\\\/site\\\/abertas-as-inscricoes-para-a-corrida-da-fogueira\\\/#organizationLogo\"}},{\"@type\":\"Person\",\"@id\":\"https:\\\/\\\/anoticiaonline.com.br\\\/site\\\/author\\\/juliana\\\/#author\",\"url\":\"https:\\\/\\\/anoticiaonline.com.br\\\/site\\\/author\\\/juliana\\\/\",\"name\":\"Juliana Laviola\",\"image\":{\"@type\":\"ImageObject\",\"@id\":\"https:\\\/\\\/anoticiaonline.com.br\\\/site\\\/abertas-as-inscricoes-para-a-corrida-da-fogueira\\\/#authorImage\",\"url\":\"https:\\\/\\\/secure.gravatar.com\\\/avatar\\\/b8d45f5c699b100dfaf0e543582f38f38bf94cb7ae3a5e9abf8d891a34773335?s=96&d=mm&r=g\",\"width\":96,\"height\":96,\"caption\":\"Juliana Laviola\"}},{\"@type\":\"WebPage\",\"@id\":\"https:\\\/\\\/anoticiaonline.com.br\\\/site\\\/abertas-as-inscricoes-para-a-corrida-da-fogueira\\\/#webpage\",\"url\":\"https:\\\/\\\/anoticiaonline.com.br\\\/site\\\/abertas-as-inscricoes-para-a-corrida-da-fogueira\\\/\",\"name\":\"Abertas as inscri\\u00e7\\u00f5es para a Corrida da Fogueira - A Not\\u00edcia Online\",\"description\":\"As inscri\\u00e7\\u00f5es para a tradicional Corrida da Fogueira, que acontece no dia 14 de agosto, est\\u00e3o abertas e podem ser realizadas na Secretaria Municipal de Esportes, Lazer e Juventude at\\u00e9 o dia 12 do pr\\u00f3ximo m\\u00eas. J\\u00e1 os atletas de fora da cidade podem se inscrever no local da prova. Haver\\u00e1 premia\\u00e7\\u00e3o em dinheiro, trof\\u00e9us\",\"inLanguage\":\"pt-BR\",\"isPartOf\":{\"@id\":\"https:\\\/\\\/anoticiaonline.com.br\\\/site\\\/#website\"},\"breadcrumb\":{\"@id\":\"https:\\\/\\\/anoticiaonline.com.br\\\/site\\\/abertas-as-inscricoes-para-a-corrida-da-fogueira\\\/#breadcrumblist\"},\"author\":{\"@id\":\"https:\\\/\\\/anoticiaonline.com.br\\\/site\\\/author\\\/juliana\\\/#author\"},\"creator\":{\"@id\":\"https:\\\/\\\/anoticiaonline.com.br\\\/site\\\/author\\\/juliana\\\/#author\"},\"image\":{\"@type\":\"ImageObject\",\"url\":\"https:\\\/\\\/anoticiaonline.com.br\\\/site\\\/wp-content\\\/uploads\\\/2016\\\/07\\\/CARTAZ-F-2-60\\u00aa-Corrida-da-Fogueira-2016.jpg\",\"@id\":\"https:\\\/\\\/anoticiaonline.com.br\\\/site\\\/abertas-as-inscricoes-para-a-corrida-da-fogueira\\\/#mainImage\",\"width\":640,\"height\":529},\"primaryImageOfPage\":{\"@id\":\"https:\\\/\\\/anoticiaonline.com.br\\\/site\\\/abertas-as-inscricoes-para-a-corrida-da-fogueira\\\/#mainImage\"},\"datePublished\":\"2016-07-26T14:44:20-03:00\",\"dateModified\":\"2016-07-26T14:44:20-03:00\"},{\"@type\":\"WebSite\",\"@id\":\"https:\\\/\\\/anoticiaonline.com.br\\\/site\\\/#website\",\"url\":\"https:\\\/\\\/anoticiaonline.com.br\\\/site\\\/\",\"name\":\"A Not\\u00edcia Online\",\"description\":\"Noticias de Muria\\u00e9 e regi\\u00e3o\",\"inLanguage\":\"pt-BR\",\"publisher\":{\"@id\":\"https:\\\/\\\/anoticiaonline.com.br\\\/site\\\/#organization\"}}]}\n\t\t<\/script>\n\t\t<!-- All in One SEO -->\n\n","aioseo_head_json":{"title":"Abertas as inscri\u00e7\u00f5es para a Corrida da Fogueira - A Not\u00edcia Online","description":"As inscri\u00e7\u00f5es para a tradicional Corrida da Fogueira, que acontece no dia 14 de agosto, est\u00e3o abertas e podem ser realizadas na Secretaria Municipal de Esportes, Lazer e Juventude at\u00e9 o dia 12 do pr\u00f3ximo m\u00eas. J\u00e1 os atletas de fora da cidade podem se inscrever no local da prova. Haver\u00e1 premia\u00e7\u00e3o em dinheiro, trof\u00e9us","canonical_url":"https:\/\/anoticiaonline.com.br\/site\/abertas-as-inscricoes-para-a-corrida-da-fogueira\/","robots":"max-image-preview:large","keywords":"","webmasterTools":{"miscellaneous":""},"schema":{"@context":"https:\/\/schema.org","@graph":[{"@type":"BlogPosting","@id":"https:\/\/anoticiaonline.com.br\/site\/abertas-as-inscricoes-para-a-corrida-da-fogueira\/#blogposting","name":"Abertas as inscri\u00e7\u00f5es para a Corrida da Fogueira - A Not\u00edcia Online","headline":"Abertas as inscri\u00e7\u00f5es para a Corrida da Fogueira","author":{"@id":"https:\/\/anoticiaonline.com.br\/site\/author\/juliana\/#author"},"publisher":{"@id":"https:\/\/anoticiaonline.com.br\/site\/#organization"},"image":{"@type":"ImageObject","url":"https:\/\/anoticiaonline.com.br\/site\/wp-content\/uploads\/2016\/07\/CARTAZ-F-2-60\u00aa-Corrida-da-Fogueira-2016.jpg","width":640,"height":529},"datePublished":"2016-07-26T14:44:20-03:00","dateModified":"2016-07-26T14:44:20-03:00","inLanguage":"pt-BR","mainEntityOfPage":{"@id":"https:\/\/anoticiaonline.com.br\/site\/abertas-as-inscricoes-para-a-corrida-da-fogueira\/#webpage"},"isPartOf":{"@id":"https:\/\/anoticiaonline.com.br\/site\/abertas-as-inscricoes-para-a-corrida-da-fogueira\/#webpage"},"articleSection":"Esporte, slide"},{"@type":"BreadcrumbList","@id":"https:\/\/anoticiaonline.com.br\/site\/abertas-as-inscricoes-para-a-corrida-da-fogueira\/#breadcrumblist","itemListElement":[{"@type":"ListItem","@id":"https:\/\/anoticiaonline.com.br\/site#listItem","position":1,"name":"Home","item":"https:\/\/anoticiaonline.com.br\/site","nextItem":{"@type":"ListItem","@id":"https:\/\/anoticiaonline.com.br\/site\/categoria\/esporte\/#listItem","name":"Esporte"}},{"@type":"ListItem","@id":"https:\/\/anoticiaonline.com.br\/site\/categoria\/esporte\/#listItem","position":2,"name":"Esporte","item":"https:\/\/anoticiaonline.com.br\/site\/categoria\/esporte\/","nextItem":{"@type":"ListItem","@id":"https:\/\/anoticiaonline.com.br\/site\/abertas-as-inscricoes-para-a-corrida-da-fogueira\/#listItem","name":"Abertas as inscri\u00e7\u00f5es para a Corrida da Fogueira"},"previousItem":{"@type":"ListItem","@id":"https:\/\/anoticiaonline.com.br\/site#listItem","name":"Home"}},{"@type":"ListItem","@id":"https:\/\/anoticiaonline.com.br\/site\/abertas-as-inscricoes-para-a-corrida-da-fogueira\/#listItem","position":3,"name":"Abertas as inscri\u00e7\u00f5es para a Corrida da Fogueira","previousItem":{"@type":"ListItem","@id":"https:\/\/anoticiaonline.com.br\/site\/categoria\/esporte\/#listItem","name":"Esporte"}}]},{"@type":"Organization","@id":"https:\/\/anoticiaonline.com.br\/site\/#organization","name":"A Not\u00edcia Online","description":"Noticias de Muria\u00e9 e regi\u00e3o","url":"https:\/\/anoticiaonline.com.br\/site\/","logo":{"@type":"ImageObject","url":"https:\/\/scontent-gig4-1.xx.fbcdn.net\/v\/t39.30808-1\/270437624_4564083193639691_6907940295614233970_n.jpg?stp=dst-jpg_s200x200_tt6&_nc_cat=111&ccb=1-7&_nc_sid=f907e8&_nc_ohc=SM1wRlP3lJwQ7kNvwEPuBYA&_nc_oc=AdnqrjDN_BNjSSHWO-GbkIWH6fkGMLw4bqvL_NH6e2wMveX7G-rP2dAqsDSq1mJMOaY&_nc_zt=24&_nc_ht=scontent-gig4-1.xx&_nc_gid=AoBFJeGrT1hVaew_6rchkQ&oh=00_AfX7QmFGhQhG2jAllVgXCiM1ZrWgvtp80-Bfppyexh1QEg&oe=689E923C","@id":"https:\/\/anoticiaonline.com.br\/site\/abertas-as-inscricoes-para-a-corrida-da-fogueira\/#organizationLogo"},"image":{"@id":"https:\/\/anoticiaonline.com.br\/site\/abertas-as-inscricoes-para-a-corrida-da-fogueira\/#organizationLogo"}},{"@type":"Person","@id":"https:\/\/anoticiaonline.com.br\/site\/author\/juliana\/#author","url":"https:\/\/anoticiaonline.com.br\/site\/author\/juliana\/","name":"Juliana Laviola","image":{"@type":"ImageObject","@id":"https:\/\/anoticiaonline.com.br\/site\/abertas-as-inscricoes-para-a-corrida-da-fogueira\/#authorImage","url":"https:\/\/secure.gravatar.com\/avatar\/b8d45f5c699b100dfaf0e543582f38f38bf94cb7ae3a5e9abf8d891a34773335?s=96&d=mm&r=g","width":96,"height":96,"caption":"Juliana Laviola"}},{"@type":"WebPage","@id":"https:\/\/anoticiaonline.com.br\/site\/abertas-as-inscricoes-para-a-corrida-da-fogueira\/#webpage","url":"https:\/\/anoticiaonline.com.br\/site\/abertas-as-inscricoes-para-a-corrida-da-fogueira\/","name":"Abertas as inscri\u00e7\u00f5es para a Corrida da Fogueira - A Not\u00edcia Online","description":"As inscri\u00e7\u00f5es para a tradicional Corrida da Fogueira, que acontece no dia 14 de agosto, est\u00e3o abertas e podem ser realizadas na Secretaria Municipal de Esportes, Lazer e Juventude at\u00e9 o dia 12 do pr\u00f3ximo m\u00eas. J\u00e1 os atletas de fora da cidade podem se inscrever no local da prova. Haver\u00e1 premia\u00e7\u00e3o em dinheiro, trof\u00e9us","inLanguage":"pt-BR","isPartOf":{"@id":"https:\/\/anoticiaonline.com.br\/site\/#website"},"breadcrumb":{"@id":"https:\/\/anoticiaonline.com.br\/site\/abertas-as-inscricoes-para-a-corrida-da-fogueira\/#breadcrumblist"},"author":{"@id":"https:\/\/anoticiaonline.com.br\/site\/author\/juliana\/#author"},"creator":{"@id":"https:\/\/anoticiaonline.com.br\/site\/author\/juliana\/#author"},"image":{"@type":"ImageObject","url":"https:\/\/anoticiaonline.com.br\/site\/wp-content\/uploads\/2016\/07\/CARTAZ-F-2-60\u00aa-Corrida-da-Fogueira-2016.jpg","@id":"https:\/\/anoticiaonline.com.br\/site\/abertas-as-inscricoes-para-a-corrida-da-fogueira\/#mainImage","width":640,"height":529},"primaryImageOfPage":{"@id":"https:\/\/anoticiaonline.com.br\/site\/abertas-as-inscricoes-para-a-corrida-da-fogueira\/#mainImage"},"datePublished":"2016-07-26T14:44:20-03:00","dateModified":"2016-07-26T14:44:20-03:00"},{"@type":"WebSite","@id":"https:\/\/anoticiaonline.com.br\/site\/#website","url":"https:\/\/anoticiaonline.com.br\/site\/","name":"A Not\u00edcia Online","description":"Noticias de Muria\u00e9 e regi\u00e3o","inLanguage":"pt-BR","publisher":{"@id":"https:\/\/anoticiaonline.com.br\/site\/#organization"}}]},"og:locale":"pt_BR","og:site_name":"A Not\u00edcia Online - Noticias de Muria\u00e9 e regi\u00e3o","og:type":"article","og:title":"Abertas as inscri\u00e7\u00f5es para a Corrida da Fogueira - A Not\u00edcia Online","og:description":"As inscri\u00e7\u00f5es para a tradicional Corrida da Fogueira, que acontece no dia 14 de agosto, est\u00e3o abertas e podem ser realizadas na Secretaria Municipal de Esportes, Lazer e Juventude at\u00e9 o dia 12 do pr\u00f3ximo m\u00eas. J\u00e1 os atletas de fora da cidade podem se inscrever no local da prova. Haver\u00e1 premia\u00e7\u00e3o em dinheiro, trof\u00e9us","og:url":"https:\/\/anoticiaonline.com.br\/site\/abertas-as-inscricoes-para-a-corrida-da-fogueira\/","og:image":"https:\/\/scontent-gig4-1.xx.fbcdn.net\/v\/t39.30808-1\/270437624_4564083193639691_6907940295614233970_n.jpg?stp=dst-jpg_s200x200_tt6&#038;_nc_cat=111&#038;ccb=1-7&#038;_nc_sid=f907e8&#038;_nc_ohc=SM1wRlP3lJwQ7kNvwEPuBYA&#038;_nc_oc=AdnqrjDN_BNjSSHWO-GbkIWH6fkGMLw4bqvL_NH6e2wMveX7G-rP2dAqsDSq1mJMOaY&#038;_nc_zt=24&#038;_nc_ht=scontent-gig4-1.xx&#038;_nc_gid=AoBFJeGrT1hVaew_6rchkQ&#038;oh=00_AfX7QmFGhQhG2jAllVgXCiM1ZrWgvtp80-Bfppyexh1QEg&#038;oe=689E923C","og:image:secure_url":"https:\/\/scontent-gig4-1.xx.fbcdn.net\/v\/t39.30808-1\/270437624_4564083193639691_6907940295614233970_n.jpg?stp=dst-jpg_s200x200_tt6&#038;_nc_cat=111&#038;ccb=1-7&#038;_nc_sid=f907e8&#038;_nc_ohc=SM1wRlP3lJwQ7kNvwEPuBYA&#038;_nc_oc=AdnqrjDN_BNjSSHWO-GbkIWH6fkGMLw4bqvL_NH6e2wMveX7G-rP2dAqsDSq1mJMOaY&#038;_nc_zt=24&#038;_nc_ht=scontent-gig4-1.xx&#038;_nc_gid=AoBFJeGrT1hVaew_6rchkQ&#038;oh=00_AfX7QmFGhQhG2jAllVgXCiM1ZrWgvtp80-Bfppyexh1QEg&#038;oe=689E923C","article:published_time":"2016-07-26T17:44:20+00:00","article:modified_time":"2016-07-26T17:44:20+00:00","twitter:card":"summary_large_image","twitter:title":"Abertas as inscri\u00e7\u00f5es para a Corrida da Fogueira - A Not\u00edcia Online","twitter:description":"As inscri\u00e7\u00f5es para a tradicional Corrida da Fogueira, que acontece no dia 14 de agosto, est\u00e3o abertas e podem ser realizadas na Secretaria Municipal de Esportes, Lazer e Juventude at\u00e9 o dia 12 do pr\u00f3ximo m\u00eas. J\u00e1 os atletas de fora da cidade podem se inscrever no local da prova. Haver\u00e1 premia\u00e7\u00e3o em dinheiro, trof\u00e9us","twitter:image":"https:\/\/scontent-gig4-1.xx.fbcdn.net\/v\/t39.30808-1\/270437624_4564083193639691_6907940295614233970_n.jpg?stp=dst-jpg_s200x200_tt6&_nc_cat=111&ccb=1-7&_nc_sid=f907e8&_nc_ohc=SM1wRlP3lJwQ7kNvwEPuBYA&_nc_oc=AdnqrjDN_BNjSSHWO-GbkIWH6fkGMLw4bqvL_NH6e2wMveX7G-rP2dAqsDSq1mJMOaY&_nc_zt=24&_nc_ht=scontent-gig4-1.xx&_nc_gid=AoBFJeGrT1hVaew_6rchkQ&oh=00_AfX7QmFGhQhG2jAllVgXCiM1ZrWgvtp80-Bfppyexh1QEg&oe=689E923C"},"aioseo_meta_data":{"post_id":"15529","title":null,"description":null,"keywords":null,"keyphrases":null,"primary_term":null,"canonical_url":null,"og_title":null,"og_description":null,"og_object_type":"default","og_image_type":"default","og_image_url":null,"og_image_width":null,"og_image_height":null,"og_image_custom_url":null,"og_image_custom_fields":null,"og_video":null,"og_custom_url":null,"og_article_section":null,"og_article_tags":null,"twitter_use_og":false,"twitter_card":"default","twitter_image_type":"default","twitter_image_url":null,"twitter_image_custom_url":null,"twitter_image_custom_fields":null,"twitter_title":null,"twitter_description":null,"schema":{"blockGraphs":[],"customGraphs":[],"default":{"data":{"Article":[],"Course":[],"Dataset":[],"FAQPage":[],"Movie":[],"Person":[],"Product":[],"ProductReview":[],"Car":[],"Recipe":[],"Service":[],"SoftwareApplication":[],"WebPage":[]},"graphName":"","isEnabled":true},"graphs":[]},"schema_type":"default","schema_type_options":null,"pillar_content":false,"robots_default":true,"robots_noindex":false,"robots_noarchive":false,"robots_nosnippet":false,"robots_nofollow":false,"robots_noimageindex":false,"robots_noodp":false,"robots_notranslate":false,"robots_max_snippet":null,"robots_max_videopreview":null,"robots_max_imagepreview":"large","priority":null,"frequency":null,"local_seo":null,"breadcrumb_settings":null,"limit_modified_date":false,"ai":null,"created":"2025-08-16 16:29:26","updated":"2025-08-16 16:29:26","focus_keyword":null,"additional_keywords":null,"truseo_locale":null,"seo_analyzer_scan_date":null},"aioseo_breadcrumb":"<div class=\"aioseo-breadcrumbs\"><span class=\"aioseo-breadcrumb\">\n\t\t\t<a href=\"https:\/\/anoticiaonline.com.br\/site\" title=\"Home\">Home<\/a>\n\t\t<\/span><span class=\"aioseo-breadcrumb-separator\">&raquo;<\/span><span class=\"aioseo-breadcrumb\">\n\t\t\t<a href=\"https:\/\/anoticiaonline.com.br\/site\/categoria\/esporte\/\" title=\"Esporte\">Esporte<\/a>\n\t\t<\/span><span class=\"aioseo-breadcrumb-separator\">&raquo;<\/span><span class=\"aioseo-breadcrumb\">\n\t\t\tAbertas as inscri\u00e7\u00f5es para a Corrida da Fogueira\n\t\t<\/span><\/div>","aioseo_breadcrumb_json":[{"label":"Home","link":"https:\/\/anoticiaonline.com.br\/site"},{"label":"Esporte","link":"https:\/\/anoticiaonline.com.br\/site\/categoria\/esporte\/"},{"label":"Abertas as inscri\u00e7\u00f5es para a Corrida da Fogueira","link":"https:\/\/anoticiaonline.com.br\/site\/abertas-as-inscricoes-para-a-corrida-da-fogueira\/"}],"views":117,"_links":{"self":[{"href":"https:\/\/anoticiaonline.com.br\/site\/wp-json\/wp\/v2\/posts\/15529","targetHints":{"allow":["GET"]}}],"collection":[{"href":"https:\/\/anoticiaonline.com.br\/site\/wp-json\/wp\/v2\/posts"}],"about":[{"href":"https:\/\/anoticiaonline.com.br\/site\/wp-json\/wp\/v2\/types\/post"}],"author":[{"embeddable":true,"href":"https:\/\/anoticiaonline.com.br\/site\/wp-json\/wp\/v2\/users\/2"}],"replies":[{"embeddable":true,"href":"https:\/\/anoticiaonline.com.br\/site\/wp-json\/wp\/v2\/comments?post=15529"}],"version-history":[{"count":0,"href":"https:\/\/anoticiaonline.com.br\/site\/wp-json\/wp\/v2\/posts\/15529\/revisions"}],"wp:featuredmedia":[{"embeddable":true,"href":"https:\/\/anoticiaonline.com.br\/site\/wp-json\/wp\/v2\/media\/15530"}],"wp:attachment":[{"href":"https:\/\/anoticiaonline.com.br\/site\/wp-json\/wp\/v2\/media?parent=15529"}],"wp:term":[{"taxonomy":"category","embeddable":true,"href":"https:\/\/anoticiaonline.com.br\/site\/wp-json\/wp\/v2\/categories?post=15529"},{"taxonomy":"post_tag","embeddable":true,"href":"https:\/\/anoticiaonline.com.br\/site\/wp-json\/wp\/v2\/tags?post=15529"}],"curies":[{"name":"wp","href":"https:\/\/api.w.org\/{rel}","templated":true}]}}