{"id":15499,"date":"2016-07-21T23:10:20","date_gmt":"2016-07-22T02:10:20","guid":{"rendered":"http:\/\/anoticiaonline.com.br\/site\/?p=15499"},"modified":"2016-07-21T23:10:20","modified_gmt":"2016-07-22T02:10:20","slug":"a-dona-olivia","status":"publish","type":"post","link":"https:\/\/anoticiaonline.com.br\/site\/a-dona-olivia\/","title":{"rendered":"\u00c0 Dona Ol\u00edvia"},"content":{"rendered":"<p>Naqueles idos das d\u00e9cadas de 20 e 30, o frio devia ser mais intenso l\u00e1 pelas bandas do Canteiro, naquele alto de serra de estradas barrentas, onde a condu\u00e7\u00e3o, al\u00e9m dos carros de bois, eram os lombos de cavalos e de burros de andadura lenta e compassada.<\/p>\n<p>Naqueles tempos, que j\u00e1 se perdem na mem\u00f3ria, a menina Ol\u00edvia Isabel j\u00e1 meditava os seus sonhos, embalando em seus magros bra\u00e7os de crian\u00e7a aquelas bonecas de pano recheadas de palha de milho e vestidas de retalhos coloridos, da cor dos sonhos da menina, que ela mesma costurava. Nascia a sua voca\u00e7\u00e3o de costureira e estilista, que faria sucesso d\u00e9cadas depois, com a sua m\u00e1quina Singer. O som do pedal daquela m\u00e1quina, que a acompanharia por longos anos, soava como m\u00fasica em seus ouvidos, fazendo jus ao pr\u00f3prio nome da m\u00e1quina.<\/p>\n<p>O of\u00edcio de costureira na jovem Ol\u00edvia transcendia a fun\u00e7\u00e3o de apenas costurar e projetava-se no campo da arte e da criatividade. Tornou-se refer\u00eancia na sua profiss\u00e3o. As linhas multicoloridas transitavam dos carret\u00e9is e da carretilha para a agulha Simanco e iam unindo as partes do tecido e a obra ia tomando forma. N\u00e3o era um simples of\u00edcio para a jovem senhora Ol\u00edvia, era o seu trabalho \u00e1rduo para o sustento e forma\u00e7\u00e3o da fam\u00edlia: dois casais de filhos sob a sua responsabilidade.<\/p>\n<p>Inteligente e criativa, Ol\u00edvia acompanhava os rumos que lhe apontava a modernidade. Sua m\u00e1quina agora j\u00e1 possu\u00eda um pequeno farol que iluminava o caminho trilhado pela agulha quando o seu trabalho avan\u00e7ava noite adentro para cumprir os prazos de entrega. Depois, quando as suas pernas j\u00e1 sentiam o peso daquele pesado pedal gradeado, adaptou um motor \u00e0 sua Singer. Agora, a agulha deslizava mais r\u00e1pida sobre o tecido, deixando atr\u00e1s de si os tecidos unidos na precis\u00e3o geom\u00e9trica da costura. Assim foi a vida de Ol\u00edvia, mulher lutadora, destemida, costureira de m\u00e3o cheia, que ainda acumulava todas as outras fun\u00e7\u00f5es dom\u00e9sticas que a vida e os filhos lhe exigiam.<\/p>\n<p>O trabalho nunca lhe aborrecia o esp\u00edrito. Seu g\u00eanio sempre am\u00e1vel e as suas atitudes gentis, embora sempre firmes, faziam-na respeitada por seu largo c\u00edrculo de amigos. Explicava o seu bom relacionamento humano com uma frase objetiva que lhe servia de norte: \u201cO mundo \u00e9 largo&#8230; tem lugar pra todo mundo\u201d.<\/p>\n<p>Diversas vezes me confidenciou que gostava muito de pol\u00edtica e em per\u00edodo eleitoral acompanhava com interesse o desenrolar das disputas. Com o seu temperamento calmo e a sua imensa capacidade de cativar pessoas, teria feito sucesso na carreira pol\u00edtica.<\/p>\n<p>No \u00faltimo dia 18, poucos dias depois de completar 90 anos, mal iniciava a madrugada, a Dona Ol\u00edvia encantou-se, como fazem as almas boas. Quis partir antes que o sol nascesse, ainda sob o brilho das estrelas, para conhecer um mundo novo. Aqui neste planeta largo, que tem lugar para todos, ela j\u00e1 cumprira o seu papel. J\u00e1 fizera vestimentas de anjos para tantas coroa\u00e7\u00f5es. Agora iria empreender uma nova aventura: queria fazer vestimentas de anjos e arcanjos de verdade e, quem sabe, criar at\u00e9 modelos novos para os anjos dos novos tempos.\u00a0 Ser\u00e1 que na outra dimens\u00e3o encontrar\u00e1 uma Singer t\u00e3o boa como a sua? Ah&#8230;, se n\u00e3o tiver, n\u00e3o tem import\u00e2ncia, faz as costuras \u00e0 m\u00e3o mesmo. Afinal, agora n\u00e3o ter\u00e1 mais pressa, pois ter\u00e1 toda a eternidade de tempo \u00e0 sua frente.<\/p>\n<p>Boa viagem, Dona Ol\u00edvia. Em nossos cora\u00e7\u00f5es ficar\u00e3o as suas lembran\u00e7as e uma imensa saudade de voc\u00ea&#8230;!<\/p>\n","protected":false},"excerpt":{"rendered":"<p>Naqueles idos das d\u00e9cadas de 20 e 30, o frio devia ser mais intenso l\u00e1 pelas bandas do Canteiro, naquele alto de serra de estradas barrentas, onde a condu\u00e7\u00e3o, al\u00e9m dos carros de bois, eram os lombos de cavalos e de burros de andadura lenta e compassada. Naqueles tempos, que j\u00e1 se perdem na mem\u00f3ria, &#8230; <a title=\"\u00c0 Dona Ol\u00edvia\" class=\"read-more\" href=\"https:\/\/anoticiaonline.com.br\/site\/a-dona-olivia\/\" aria-label=\"Read more about \u00c0 Dona Ol\u00edvia\">Ler mais<\/a><\/p>\n","protected":false},"author":2,"featured_media":0,"comment_status":"open","ping_status":"open","sticky":false,"template":"","format":"standard","meta":{"_acf_changed":false,"_monsterinsights_skip_tracking":false,"footnotes":""},"categories":[36],"tags":[],"class_list":["post-15499","post","type-post","status-publish","format-standard","hentry","category-logos-adellunar-marge"],"acf":[],"aioseo_notices":[],"aioseo_head":"\n\t\t<!-- All in One SEO 5.0.0.1 - aioseo.com -->\n\t<meta name=\"description\" content=\"Naqueles idos das d\u00e9cadas de 20 e 30, o frio devia ser mais intenso l\u00e1 pelas bandas do Canteiro, naquele alto de serra de estradas barrentas, onde a condu\u00e7\u00e3o, al\u00e9m dos carros de bois, eram os lombos de cavalos e de burros de andadura lenta e compassada. Naqueles tempos, que j\u00e1 se perdem na mem\u00f3ria,\" \/>\n\t<meta name=\"robots\" content=\"max-image-preview:large\" \/>\n\t<meta name=\"author\" content=\"Juliana Laviola\"\/>\n\t<link rel=\"canonical\" href=\"https:\/\/anoticiaonline.com.br\/site\/a-dona-olivia\/\" \/>\n\t<meta name=\"generator\" content=\"All in One SEO (AIOSEO) 5.0.0.1\" \/>\n\t\t<meta property=\"og:locale\" content=\"pt_BR\" \/>\n\t\t<meta property=\"og:site_name\" content=\"A Not\u00edcia Online - Noticias de Muria\u00e9 e regi\u00e3o\" \/>\n\t\t<meta property=\"og:type\" content=\"article\" \/>\n\t\t<meta property=\"og:title\" content=\"\u00c0 Dona Ol\u00edvia - A Not\u00edcia Online\" \/>\n\t\t<meta property=\"og:description\" content=\"Naqueles idos das d\u00e9cadas de 20 e 30, o frio devia ser mais intenso l\u00e1 pelas bandas do Canteiro, naquele alto de serra de estradas barrentas, onde a condu\u00e7\u00e3o, al\u00e9m dos carros de bois, eram os lombos de cavalos e de burros de andadura lenta e compassada. Naqueles tempos, que j\u00e1 se perdem na mem\u00f3ria,\" \/>\n\t\t<meta property=\"og:url\" content=\"https:\/\/anoticiaonline.com.br\/site\/a-dona-olivia\/\" \/>\n\t\t<meta property=\"og:image\" content=\"https:\/\/scontent-gig4-1.xx.fbcdn.net\/v\/t39.30808-1\/270437624_4564083193639691_6907940295614233970_n.jpg?stp=dst-jpg_s200x200_tt6&#038;_nc_cat=111&#038;ccb=1-7&#038;_nc_sid=f907e8&#038;_nc_ohc=SM1wRlP3lJwQ7kNvwEPuBYA&#038;_nc_oc=AdnqrjDN_BNjSSHWO-GbkIWH6fkGMLw4bqvL_NH6e2wMveX7G-rP2dAqsDSq1mJMOaY&#038;_nc_zt=24&#038;_nc_ht=scontent-gig4-1.xx&#038;_nc_gid=AoBFJeGrT1hVaew_6rchkQ&#038;oh=00_AfX7QmFGhQhG2jAllVgXCiM1ZrWgvtp80-Bfppyexh1QEg&#038;oe=689E923C\" \/>\n\t\t<meta property=\"og:image:secure_url\" content=\"https:\/\/scontent-gig4-1.xx.fbcdn.net\/v\/t39.30808-1\/270437624_4564083193639691_6907940295614233970_n.jpg?stp=dst-jpg_s200x200_tt6&#038;_nc_cat=111&#038;ccb=1-7&#038;_nc_sid=f907e8&#038;_nc_ohc=SM1wRlP3lJwQ7kNvwEPuBYA&#038;_nc_oc=AdnqrjDN_BNjSSHWO-GbkIWH6fkGMLw4bqvL_NH6e2wMveX7G-rP2dAqsDSq1mJMOaY&#038;_nc_zt=24&#038;_nc_ht=scontent-gig4-1.xx&#038;_nc_gid=AoBFJeGrT1hVaew_6rchkQ&#038;oh=00_AfX7QmFGhQhG2jAllVgXCiM1ZrWgvtp80-Bfppyexh1QEg&#038;oe=689E923C\" \/>\n\t\t<meta property=\"article:published_time\" content=\"2016-07-22T02:10:20+00:00\" \/>\n\t\t<meta property=\"article:modified_time\" content=\"2016-07-22T02:10:20+00:00\" \/>\n\t\t<meta name=\"twitter:card\" content=\"summary_large_image\" \/>\n\t\t<meta name=\"twitter:title\" content=\"\u00c0 Dona Ol\u00edvia - A Not\u00edcia Online\" \/>\n\t\t<meta name=\"twitter:description\" content=\"Naqueles idos das d\u00e9cadas de 20 e 30, o frio devia ser mais intenso l\u00e1 pelas bandas do Canteiro, naquele alto de serra de estradas barrentas, onde a condu\u00e7\u00e3o, al\u00e9m dos carros de bois, eram os lombos de cavalos e de burros de andadura lenta e compassada. Naqueles tempos, que j\u00e1 se perdem na mem\u00f3ria,\" \/>\n\t\t<meta name=\"twitter:image\" content=\"https:\/\/scontent-gig4-1.xx.fbcdn.net\/v\/t39.30808-1\/270437624_4564083193639691_6907940295614233970_n.jpg?stp=dst-jpg_s200x200_tt6&amp;_nc_cat=111&amp;ccb=1-7&amp;_nc_sid=f907e8&amp;_nc_ohc=SM1wRlP3lJwQ7kNvwEPuBYA&amp;_nc_oc=AdnqrjDN_BNjSSHWO-GbkIWH6fkGMLw4bqvL_NH6e2wMveX7G-rP2dAqsDSq1mJMOaY&amp;_nc_zt=24&amp;_nc_ht=scontent-gig4-1.xx&amp;_nc_gid=AoBFJeGrT1hVaew_6rchkQ&amp;oh=00_AfX7QmFGhQhG2jAllVgXCiM1ZrWgvtp80-Bfppyexh1QEg&amp;oe=689E923C\" \/>\n\t\t<script type=\"application\/ld+json\" class=\"aioseo-schema\">\n\t\t\t{\"@context\":\"https:\\\/\\\/schema.org\",\"@graph\":[{\"@type\":\"BlogPosting\",\"@id\":\"https:\\\/\\\/anoticiaonline.com.br\\\/site\\\/a-dona-olivia\\\/#blogposting\",\"name\":\"\\u00c0 Dona Ol\\u00edvia - A Not\\u00edcia Online\",\"headline\":\"\\u00c0 Dona Ol\\u00edvia\",\"author\":{\"@id\":\"https:\\\/\\\/anoticiaonline.com.br\\\/site\\\/author\\\/juliana\\\/#author\"},\"publisher\":{\"@id\":\"https:\\\/\\\/anoticiaonline.com.br\\\/site\\\/#organization\"},\"image\":{\"@type\":\"ImageObject\",\"url\":\"https:\\\/\\\/scontent-gig4-1.xx.fbcdn.net\\\/v\\\/t39.30808-1\\\/270437624_4564083193639691_6907940295614233970_n.jpg?stp=dst-jpg_s200x200_tt6&_nc_cat=111&ccb=1-7&_nc_sid=f907e8&_nc_ohc=SM1wRlP3lJwQ7kNvwEPuBYA&_nc_oc=AdnqrjDN_BNjSSHWO-GbkIWH6fkGMLw4bqvL_NH6e2wMveX7G-rP2dAqsDSq1mJMOaY&_nc_zt=24&_nc_ht=scontent-gig4-1.xx&_nc_gid=AoBFJeGrT1hVaew_6rchkQ&oh=00_AfX7QmFGhQhG2jAllVgXCiM1ZrWgvtp80-Bfppyexh1QEg&oe=689E923C\",\"@id\":\"https:\\\/\\\/anoticiaonline.com.br\\\/site\\\/#articleImage\"},\"datePublished\":\"2016-07-21T23:10:20-03:00\",\"dateModified\":\"2016-07-21T23:10:20-03:00\",\"inLanguage\":\"pt-BR\",\"mainEntityOfPage\":{\"@id\":\"https:\\\/\\\/anoticiaonline.com.br\\\/site\\\/a-dona-olivia\\\/#webpage\"},\"isPartOf\":{\"@id\":\"https:\\\/\\\/anoticiaonline.com.br\\\/site\\\/a-dona-olivia\\\/#webpage\"},\"articleSection\":\"Logos - Adellunar Marge\"},{\"@type\":\"BreadcrumbList\",\"@id\":\"https:\\\/\\\/anoticiaonline.com.br\\\/site\\\/a-dona-olivia\\\/#breadcrumblist\",\"itemListElement\":[{\"@type\":\"ListItem\",\"@id\":\"https:\\\/\\\/anoticiaonline.com.br\\\/site#listItem\",\"position\":1,\"name\":\"Home\",\"item\":\"https:\\\/\\\/anoticiaonline.com.br\\\/site\",\"nextItem\":{\"@type\":\"ListItem\",\"@id\":\"https:\\\/\\\/anoticiaonline.com.br\\\/site\\\/categoria\\\/colunistas\\\/#listItem\",\"name\":\"Colunistas\"}},{\"@type\":\"ListItem\",\"@id\":\"https:\\\/\\\/anoticiaonline.com.br\\\/site\\\/categoria\\\/colunistas\\\/#listItem\",\"position\":2,\"name\":\"Colunistas\",\"item\":\"https:\\\/\\\/anoticiaonline.com.br\\\/site\\\/categoria\\\/colunistas\\\/\",\"nextItem\":{\"@type\":\"ListItem\",\"@id\":\"https:\\\/\\\/anoticiaonline.com.br\\\/site\\\/categoria\\\/colunistas\\\/logos-adellunar-marge\\\/#listItem\",\"name\":\"Logos - Adellunar Marge\"},\"previousItem\":{\"@type\":\"ListItem\",\"@id\":\"https:\\\/\\\/anoticiaonline.com.br\\\/site#listItem\",\"name\":\"Home\"}},{\"@type\":\"ListItem\",\"@id\":\"https:\\\/\\\/anoticiaonline.com.br\\\/site\\\/categoria\\\/colunistas\\\/logos-adellunar-marge\\\/#listItem\",\"position\":3,\"name\":\"Logos - Adellunar Marge\",\"item\":\"https:\\\/\\\/anoticiaonline.com.br\\\/site\\\/categoria\\\/colunistas\\\/logos-adellunar-marge\\\/\",\"nextItem\":{\"@type\":\"ListItem\",\"@id\":\"https:\\\/\\\/anoticiaonline.com.br\\\/site\\\/a-dona-olivia\\\/#listItem\",\"name\":\"\\u00c0 Dona Ol\\u00edvia\"},\"previousItem\":{\"@type\":\"ListItem\",\"@id\":\"https:\\\/\\\/anoticiaonline.com.br\\\/site\\\/categoria\\\/colunistas\\\/#listItem\",\"name\":\"Colunistas\"}},{\"@type\":\"ListItem\",\"@id\":\"https:\\\/\\\/anoticiaonline.com.br\\\/site\\\/a-dona-olivia\\\/#listItem\",\"position\":4,\"name\":\"\\u00c0 Dona Ol\\u00edvia\",\"previousItem\":{\"@type\":\"ListItem\",\"@id\":\"https:\\\/\\\/anoticiaonline.com.br\\\/site\\\/categoria\\\/colunistas\\\/logos-adellunar-marge\\\/#listItem\",\"name\":\"Logos - Adellunar Marge\"}}]},{\"@type\":\"Organization\",\"@id\":\"https:\\\/\\\/anoticiaonline.com.br\\\/site\\\/#organization\",\"name\":\"A Not\\u00edcia Online\",\"description\":\"Noticias de Muria\\u00e9 e regi\\u00e3o\",\"url\":\"https:\\\/\\\/anoticiaonline.com.br\\\/site\\\/\",\"logo\":{\"@type\":\"ImageObject\",\"url\":\"https:\\\/\\\/scontent-gig4-1.xx.fbcdn.net\\\/v\\\/t39.30808-1\\\/270437624_4564083193639691_6907940295614233970_n.jpg?stp=dst-jpg_s200x200_tt6&_nc_cat=111&ccb=1-7&_nc_sid=f907e8&_nc_ohc=SM1wRlP3lJwQ7kNvwEPuBYA&_nc_oc=AdnqrjDN_BNjSSHWO-GbkIWH6fkGMLw4bqvL_NH6e2wMveX7G-rP2dAqsDSq1mJMOaY&_nc_zt=24&_nc_ht=scontent-gig4-1.xx&_nc_gid=AoBFJeGrT1hVaew_6rchkQ&oh=00_AfX7QmFGhQhG2jAllVgXCiM1ZrWgvtp80-Bfppyexh1QEg&oe=689E923C\",\"@id\":\"https:\\\/\\\/anoticiaonline.com.br\\\/site\\\/a-dona-olivia\\\/#organizationLogo\"},\"image\":{\"@id\":\"https:\\\/\\\/anoticiaonline.com.br\\\/site\\\/a-dona-olivia\\\/#organizationLogo\"}},{\"@type\":\"Person\",\"@id\":\"https:\\\/\\\/anoticiaonline.com.br\\\/site\\\/author\\\/juliana\\\/#author\",\"url\":\"https:\\\/\\\/anoticiaonline.com.br\\\/site\\\/author\\\/juliana\\\/\",\"name\":\"Juliana Laviola\",\"image\":{\"@type\":\"ImageObject\",\"@id\":\"https:\\\/\\\/anoticiaonline.com.br\\\/site\\\/a-dona-olivia\\\/#authorImage\",\"url\":\"https:\\\/\\\/secure.gravatar.com\\\/avatar\\\/b8d45f5c699b100dfaf0e543582f38f38bf94cb7ae3a5e9abf8d891a34773335?s=96&d=mm&r=g\",\"width\":96,\"height\":96,\"caption\":\"Juliana Laviola\"}},{\"@type\":\"WebPage\",\"@id\":\"https:\\\/\\\/anoticiaonline.com.br\\\/site\\\/a-dona-olivia\\\/#webpage\",\"url\":\"https:\\\/\\\/anoticiaonline.com.br\\\/site\\\/a-dona-olivia\\\/\",\"name\":\"\\u00c0 Dona Ol\\u00edvia - A Not\\u00edcia Online\",\"description\":\"Naqueles idos das d\\u00e9cadas de 20 e 30, o frio devia ser mais intenso l\\u00e1 pelas bandas do Canteiro, naquele alto de serra de estradas barrentas, onde a condu\\u00e7\\u00e3o, al\\u00e9m dos carros de bois, eram os lombos de cavalos e de burros de andadura lenta e compassada. Naqueles tempos, que j\\u00e1 se perdem na mem\\u00f3ria,\",\"inLanguage\":\"pt-BR\",\"isPartOf\":{\"@id\":\"https:\\\/\\\/anoticiaonline.com.br\\\/site\\\/#website\"},\"breadcrumb\":{\"@id\":\"https:\\\/\\\/anoticiaonline.com.br\\\/site\\\/a-dona-olivia\\\/#breadcrumblist\"},\"author\":{\"@id\":\"https:\\\/\\\/anoticiaonline.com.br\\\/site\\\/author\\\/juliana\\\/#author\"},\"creator\":{\"@id\":\"https:\\\/\\\/anoticiaonline.com.br\\\/site\\\/author\\\/juliana\\\/#author\"},\"datePublished\":\"2016-07-21T23:10:20-03:00\",\"dateModified\":\"2016-07-21T23:10:20-03:00\"},{\"@type\":\"WebSite\",\"@id\":\"https:\\\/\\\/anoticiaonline.com.br\\\/site\\\/#website\",\"url\":\"https:\\\/\\\/anoticiaonline.com.br\\\/site\\\/\",\"name\":\"A Not\\u00edcia Online\",\"description\":\"Noticias de Muria\\u00e9 e regi\\u00e3o\",\"inLanguage\":\"pt-BR\",\"publisher\":{\"@id\":\"https:\\\/\\\/anoticiaonline.com.br\\\/site\\\/#organization\"}}]}\n\t\t<\/script>\n\t\t<!-- All in One SEO -->\n\n","aioseo_head_json":{"title":"\u00c0 Dona Ol\u00edvia - A Not\u00edcia Online","description":"Naqueles idos das d\u00e9cadas de 20 e 30, o frio devia ser mais intenso l\u00e1 pelas bandas do Canteiro, naquele alto de serra de estradas barrentas, onde a condu\u00e7\u00e3o, al\u00e9m dos carros de bois, eram os lombos de cavalos e de burros de andadura lenta e compassada. Naqueles tempos, que j\u00e1 se perdem na mem\u00f3ria,","canonical_url":"https:\/\/anoticiaonline.com.br\/site\/a-dona-olivia\/","robots":"max-image-preview:large","keywords":"","webmasterTools":{"miscellaneous":""},"schema":{"@context":"https:\/\/schema.org","@graph":[{"@type":"BlogPosting","@id":"https:\/\/anoticiaonline.com.br\/site\/a-dona-olivia\/#blogposting","name":"\u00c0 Dona Ol\u00edvia - A Not\u00edcia Online","headline":"\u00c0 Dona Ol\u00edvia","author":{"@id":"https:\/\/anoticiaonline.com.br\/site\/author\/juliana\/#author"},"publisher":{"@id":"https:\/\/anoticiaonline.com.br\/site\/#organization"},"image":{"@type":"ImageObject","url":"https:\/\/scontent-gig4-1.xx.fbcdn.net\/v\/t39.30808-1\/270437624_4564083193639691_6907940295614233970_n.jpg?stp=dst-jpg_s200x200_tt6&_nc_cat=111&ccb=1-7&_nc_sid=f907e8&_nc_ohc=SM1wRlP3lJwQ7kNvwEPuBYA&_nc_oc=AdnqrjDN_BNjSSHWO-GbkIWH6fkGMLw4bqvL_NH6e2wMveX7G-rP2dAqsDSq1mJMOaY&_nc_zt=24&_nc_ht=scontent-gig4-1.xx&_nc_gid=AoBFJeGrT1hVaew_6rchkQ&oh=00_AfX7QmFGhQhG2jAllVgXCiM1ZrWgvtp80-Bfppyexh1QEg&oe=689E923C","@id":"https:\/\/anoticiaonline.com.br\/site\/#articleImage"},"datePublished":"2016-07-21T23:10:20-03:00","dateModified":"2016-07-21T23:10:20-03:00","inLanguage":"pt-BR","mainEntityOfPage":{"@id":"https:\/\/anoticiaonline.com.br\/site\/a-dona-olivia\/#webpage"},"isPartOf":{"@id":"https:\/\/anoticiaonline.com.br\/site\/a-dona-olivia\/#webpage"},"articleSection":"Logos - Adellunar Marge"},{"@type":"BreadcrumbList","@id":"https:\/\/anoticiaonline.com.br\/site\/a-dona-olivia\/#breadcrumblist","itemListElement":[{"@type":"ListItem","@id":"https:\/\/anoticiaonline.com.br\/site#listItem","position":1,"name":"Home","item":"https:\/\/anoticiaonline.com.br\/site","nextItem":{"@type":"ListItem","@id":"https:\/\/anoticiaonline.com.br\/site\/categoria\/colunistas\/#listItem","name":"Colunistas"}},{"@type":"ListItem","@id":"https:\/\/anoticiaonline.com.br\/site\/categoria\/colunistas\/#listItem","position":2,"name":"Colunistas","item":"https:\/\/anoticiaonline.com.br\/site\/categoria\/colunistas\/","nextItem":{"@type":"ListItem","@id":"https:\/\/anoticiaonline.com.br\/site\/categoria\/colunistas\/logos-adellunar-marge\/#listItem","name":"Logos - Adellunar Marge"},"previousItem":{"@type":"ListItem","@id":"https:\/\/anoticiaonline.com.br\/site#listItem","name":"Home"}},{"@type":"ListItem","@id":"https:\/\/anoticiaonline.com.br\/site\/categoria\/colunistas\/logos-adellunar-marge\/#listItem","position":3,"name":"Logos - Adellunar Marge","item":"https:\/\/anoticiaonline.com.br\/site\/categoria\/colunistas\/logos-adellunar-marge\/","nextItem":{"@type":"ListItem","@id":"https:\/\/anoticiaonline.com.br\/site\/a-dona-olivia\/#listItem","name":"\u00c0 Dona Ol\u00edvia"},"previousItem":{"@type":"ListItem","@id":"https:\/\/anoticiaonline.com.br\/site\/categoria\/colunistas\/#listItem","name":"Colunistas"}},{"@type":"ListItem","@id":"https:\/\/anoticiaonline.com.br\/site\/a-dona-olivia\/#listItem","position":4,"name":"\u00c0 Dona Ol\u00edvia","previousItem":{"@type":"ListItem","@id":"https:\/\/anoticiaonline.com.br\/site\/categoria\/colunistas\/logos-adellunar-marge\/#listItem","name":"Logos - Adellunar Marge"}}]},{"@type":"Organization","@id":"https:\/\/anoticiaonline.com.br\/site\/#organization","name":"A Not\u00edcia Online","description":"Noticias de Muria\u00e9 e regi\u00e3o","url":"https:\/\/anoticiaonline.com.br\/site\/","logo":{"@type":"ImageObject","url":"https:\/\/scontent-gig4-1.xx.fbcdn.net\/v\/t39.30808-1\/270437624_4564083193639691_6907940295614233970_n.jpg?stp=dst-jpg_s200x200_tt6&_nc_cat=111&ccb=1-7&_nc_sid=f907e8&_nc_ohc=SM1wRlP3lJwQ7kNvwEPuBYA&_nc_oc=AdnqrjDN_BNjSSHWO-GbkIWH6fkGMLw4bqvL_NH6e2wMveX7G-rP2dAqsDSq1mJMOaY&_nc_zt=24&_nc_ht=scontent-gig4-1.xx&_nc_gid=AoBFJeGrT1hVaew_6rchkQ&oh=00_AfX7QmFGhQhG2jAllVgXCiM1ZrWgvtp80-Bfppyexh1QEg&oe=689E923C","@id":"https:\/\/anoticiaonline.com.br\/site\/a-dona-olivia\/#organizationLogo"},"image":{"@id":"https:\/\/anoticiaonline.com.br\/site\/a-dona-olivia\/#organizationLogo"}},{"@type":"Person","@id":"https:\/\/anoticiaonline.com.br\/site\/author\/juliana\/#author","url":"https:\/\/anoticiaonline.com.br\/site\/author\/juliana\/","name":"Juliana Laviola","image":{"@type":"ImageObject","@id":"https:\/\/anoticiaonline.com.br\/site\/a-dona-olivia\/#authorImage","url":"https:\/\/secure.gravatar.com\/avatar\/b8d45f5c699b100dfaf0e543582f38f38bf94cb7ae3a5e9abf8d891a34773335?s=96&d=mm&r=g","width":96,"height":96,"caption":"Juliana Laviola"}},{"@type":"WebPage","@id":"https:\/\/anoticiaonline.com.br\/site\/a-dona-olivia\/#webpage","url":"https:\/\/anoticiaonline.com.br\/site\/a-dona-olivia\/","name":"\u00c0 Dona Ol\u00edvia - A Not\u00edcia Online","description":"Naqueles idos das d\u00e9cadas de 20 e 30, o frio devia ser mais intenso l\u00e1 pelas bandas do Canteiro, naquele alto de serra de estradas barrentas, onde a condu\u00e7\u00e3o, al\u00e9m dos carros de bois, eram os lombos de cavalos e de burros de andadura lenta e compassada. Naqueles tempos, que j\u00e1 se perdem na mem\u00f3ria,","inLanguage":"pt-BR","isPartOf":{"@id":"https:\/\/anoticiaonline.com.br\/site\/#website"},"breadcrumb":{"@id":"https:\/\/anoticiaonline.com.br\/site\/a-dona-olivia\/#breadcrumblist"},"author":{"@id":"https:\/\/anoticiaonline.com.br\/site\/author\/juliana\/#author"},"creator":{"@id":"https:\/\/anoticiaonline.com.br\/site\/author\/juliana\/#author"},"datePublished":"2016-07-21T23:10:20-03:00","dateModified":"2016-07-21T23:10:20-03:00"},{"@type":"WebSite","@id":"https:\/\/anoticiaonline.com.br\/site\/#website","url":"https:\/\/anoticiaonline.com.br\/site\/","name":"A Not\u00edcia Online","description":"Noticias de Muria\u00e9 e regi\u00e3o","inLanguage":"pt-BR","publisher":{"@id":"https:\/\/anoticiaonline.com.br\/site\/#organization"}}]},"og:locale":"pt_BR","og:site_name":"A Not\u00edcia Online - Noticias de Muria\u00e9 e regi\u00e3o","og:type":"article","og:title":"\u00c0 Dona Ol\u00edvia - A Not\u00edcia Online","og:description":"Naqueles idos das d\u00e9cadas de 20 e 30, o frio devia ser mais intenso l\u00e1 pelas bandas do Canteiro, naquele alto de serra de estradas barrentas, onde a condu\u00e7\u00e3o, al\u00e9m dos carros de bois, eram os lombos de cavalos e de burros de andadura lenta e compassada. Naqueles tempos, que j\u00e1 se perdem na mem\u00f3ria,","og:url":"https:\/\/anoticiaonline.com.br\/site\/a-dona-olivia\/","og:image":"https:\/\/scontent-gig4-1.xx.fbcdn.net\/v\/t39.30808-1\/270437624_4564083193639691_6907940295614233970_n.jpg?stp=dst-jpg_s200x200_tt6&#038;_nc_cat=111&#038;ccb=1-7&#038;_nc_sid=f907e8&#038;_nc_ohc=SM1wRlP3lJwQ7kNvwEPuBYA&#038;_nc_oc=AdnqrjDN_BNjSSHWO-GbkIWH6fkGMLw4bqvL_NH6e2wMveX7G-rP2dAqsDSq1mJMOaY&#038;_nc_zt=24&#038;_nc_ht=scontent-gig4-1.xx&#038;_nc_gid=AoBFJeGrT1hVaew_6rchkQ&#038;oh=00_AfX7QmFGhQhG2jAllVgXCiM1ZrWgvtp80-Bfppyexh1QEg&#038;oe=689E923C","og:image:secure_url":"https:\/\/scontent-gig4-1.xx.fbcdn.net\/v\/t39.30808-1\/270437624_4564083193639691_6907940295614233970_n.jpg?stp=dst-jpg_s200x200_tt6&#038;_nc_cat=111&#038;ccb=1-7&#038;_nc_sid=f907e8&#038;_nc_ohc=SM1wRlP3lJwQ7kNvwEPuBYA&#038;_nc_oc=AdnqrjDN_BNjSSHWO-GbkIWH6fkGMLw4bqvL_NH6e2wMveX7G-rP2dAqsDSq1mJMOaY&#038;_nc_zt=24&#038;_nc_ht=scontent-gig4-1.xx&#038;_nc_gid=AoBFJeGrT1hVaew_6rchkQ&#038;oh=00_AfX7QmFGhQhG2jAllVgXCiM1ZrWgvtp80-Bfppyexh1QEg&#038;oe=689E923C","article:published_time":"2016-07-22T02:10:20+00:00","article:modified_time":"2016-07-22T02:10:20+00:00","twitter:card":"summary_large_image","twitter:title":"\u00c0 Dona Ol\u00edvia - A Not\u00edcia Online","twitter:description":"Naqueles idos das d\u00e9cadas de 20 e 30, o frio devia ser mais intenso l\u00e1 pelas bandas do Canteiro, naquele alto de serra de estradas barrentas, onde a condu\u00e7\u00e3o, al\u00e9m dos carros de bois, eram os lombos de cavalos e de burros de andadura lenta e compassada. Naqueles tempos, que j\u00e1 se perdem na mem\u00f3ria,","twitter:image":"https:\/\/scontent-gig4-1.xx.fbcdn.net\/v\/t39.30808-1\/270437624_4564083193639691_6907940295614233970_n.jpg?stp=dst-jpg_s200x200_tt6&_nc_cat=111&ccb=1-7&_nc_sid=f907e8&_nc_ohc=SM1wRlP3lJwQ7kNvwEPuBYA&_nc_oc=AdnqrjDN_BNjSSHWO-GbkIWH6fkGMLw4bqvL_NH6e2wMveX7G-rP2dAqsDSq1mJMOaY&_nc_zt=24&_nc_ht=scontent-gig4-1.xx&_nc_gid=AoBFJeGrT1hVaew_6rchkQ&oh=00_AfX7QmFGhQhG2jAllVgXCiM1ZrWgvtp80-Bfppyexh1QEg&oe=689E923C"},"aioseo_meta_data":{"post_id":"15499","title":null,"description":null,"keywords":null,"keyphrases":null,"primary_term":null,"canonical_url":null,"og_title":null,"og_description":null,"og_object_type":"default","og_image_type":"default","og_image_url":null,"og_image_width":null,"og_image_height":null,"og_image_custom_url":null,"og_image_custom_fields":null,"og_video":null,"og_custom_url":null,"og_article_section":null,"og_article_tags":null,"twitter_use_og":false,"twitter_card":"default","twitter_image_type":"default","twitter_image_url":null,"twitter_image_custom_url":null,"twitter_image_custom_fields":null,"twitter_title":null,"twitter_description":null,"schema":{"blockGraphs":[],"customGraphs":[],"default":{"data":{"Article":[],"Course":[],"Dataset":[],"FAQPage":[],"Movie":[],"Person":[],"Product":[],"ProductReview":[],"Car":[],"Recipe":[],"Service":[],"SoftwareApplication":[],"WebPage":[]},"graphName":"","isEnabled":true},"graphs":[]},"schema_type":"default","schema_type_options":null,"pillar_content":false,"robots_default":true,"robots_noindex":false,"robots_noarchive":false,"robots_nosnippet":false,"robots_nofollow":false,"robots_noimageindex":false,"robots_noodp":false,"robots_notranslate":false,"robots_max_snippet":null,"robots_max_videopreview":null,"robots_max_imagepreview":"large","priority":null,"frequency":null,"local_seo":null,"breadcrumb_settings":null,"limit_modified_date":false,"ai":null,"created":"2025-08-16 16:28:28","updated":"2025-08-16 16:28:28","focus_keyword":null,"additional_keywords":null,"truseo_locale":null,"seo_analyzer_scan_date":null},"aioseo_breadcrumb":"<div class=\"aioseo-breadcrumbs\"><span class=\"aioseo-breadcrumb\">\n\t\t\t<a href=\"https:\/\/anoticiaonline.com.br\/site\" title=\"Home\">Home<\/a>\n\t\t<\/span><span class=\"aioseo-breadcrumb-separator\">&raquo;<\/span><span class=\"aioseo-breadcrumb\">\n\t\t\t<a href=\"https:\/\/anoticiaonline.com.br\/site\/categoria\/colunistas\/\" title=\"Colunistas\">Colunistas<\/a>\n\t\t<\/span><span class=\"aioseo-breadcrumb-separator\">&raquo;<\/span><span class=\"aioseo-breadcrumb\">\n\t\t\t<a href=\"https:\/\/anoticiaonline.com.br\/site\/categoria\/colunistas\/logos-adellunar-marge\/\" title=\"Logos - Adellunar Marge\">Logos - Adellunar Marge<\/a>\n\t\t<\/span><span class=\"aioseo-breadcrumb-separator\">&raquo;<\/span><span class=\"aioseo-breadcrumb\">\n\t\t\t\u00c0 Dona Ol\u00edvia\n\t\t<\/span><\/div>","aioseo_breadcrumb_json":[{"label":"Home","link":"https:\/\/anoticiaonline.com.br\/site"},{"label":"Colunistas","link":"https:\/\/anoticiaonline.com.br\/site\/categoria\/colunistas\/"},{"label":"Logos - Adellunar Marge","link":"https:\/\/anoticiaonline.com.br\/site\/categoria\/colunistas\/logos-adellunar-marge\/"},{"label":"\u00c0 Dona Ol\u00edvia","link":"https:\/\/anoticiaonline.com.br\/site\/a-dona-olivia\/"}],"views":158,"_links":{"self":[{"href":"https:\/\/anoticiaonline.com.br\/site\/wp-json\/wp\/v2\/posts\/15499","targetHints":{"allow":["GET"]}}],"collection":[{"href":"https:\/\/anoticiaonline.com.br\/site\/wp-json\/wp\/v2\/posts"}],"about":[{"href":"https:\/\/anoticiaonline.com.br\/site\/wp-json\/wp\/v2\/types\/post"}],"author":[{"embeddable":true,"href":"https:\/\/anoticiaonline.com.br\/site\/wp-json\/wp\/v2\/users\/2"}],"replies":[{"embeddable":true,"href":"https:\/\/anoticiaonline.com.br\/site\/wp-json\/wp\/v2\/comments?post=15499"}],"version-history":[{"count":0,"href":"https:\/\/anoticiaonline.com.br\/site\/wp-json\/wp\/v2\/posts\/15499\/revisions"}],"wp:attachment":[{"href":"https:\/\/anoticiaonline.com.br\/site\/wp-json\/wp\/v2\/media?parent=15499"}],"wp:term":[{"taxonomy":"category","embeddable":true,"href":"https:\/\/anoticiaonline.com.br\/site\/wp-json\/wp\/v2\/categories?post=15499"},{"taxonomy":"post_tag","embeddable":true,"href":"https:\/\/anoticiaonline.com.br\/site\/wp-json\/wp\/v2\/tags?post=15499"}],"curies":[{"name":"wp","href":"https:\/\/api.w.org\/{rel}","templated":true}]}}