{"id":15347,"date":"2016-07-21T12:12:37","date_gmt":"2016-07-21T15:12:37","guid":{"rendered":"http:\/\/anoticiaonline.com.br\/site\/?p=15347"},"modified":"2016-07-21T23:09:11","modified_gmt":"2016-07-22T02:09:11","slug":"iniciado-o-projeto-de-qualificacao-e-ampliacao-do-ambulatorio-de-diagnostico-e-estadiamento-do-cancer-na-fundacao","status":"publish","type":"post","link":"https:\/\/anoticiaonline.com.br\/site\/iniciado-o-projeto-de-qualificacao-e-ampliacao-do-ambulatorio-de-diagnostico-e-estadiamento-do-cancer-na-fundacao\/","title":{"rendered":"Iniciado o Projeto de Qualifica\u00e7\u00e3o e Amplia\u00e7\u00e3o do Ambulat\u00f3rio de Diagn\u00f3stico e Estadiamento do C\u00e2ncer da Funda\u00e7\u00e3o"},"content":{"rendered":"<p><a href=\"https:\/\/anoticiaonline.com.br\/site\/wp-content\/uploads\/2016\/07\/Iniciado-o-Projeto-de-Qualifica\u00e7\u00e3o-e-Amplia\u00e7\u00e3o-do-Ambulat\u00f3rio-de-Diagn\u00f3stico-e-Estadiamento-do-C\u00e2ncer-na-Funda\u00e7\u00e3o-Cristiano-Varella.jpg\"><img fetchpriority=\"high\" decoding=\"async\" class=\" size-medium wp-image-15348 alignleft\" src=\"https:\/\/anoticiaonline.com.br\/site\/wp-content\/uploads\/2016\/07\/Iniciado-o-Projeto-de-Qualifica\u00e7\u00e3o-e-Amplia\u00e7\u00e3o-do-Ambulat\u00f3rio-de-Diagn\u00f3stico-e-Estadiamento-do-C\u00e2ncer-na-Funda\u00e7\u00e3o-Cristiano-Varella-300x197.jpg\" alt=\"Iniciado o Projeto de Qualifica\u00e7\u00e3o e Amplia\u00e7\u00e3o do Ambulat\u00f3rio de Diagn\u00f3stico e Estadiamento do C\u00e2ncer na Funda\u00e7\u00e3o Cristiano Varella\" width=\"300\" height=\"197\" srcset=\"https:\/\/anoticiaonline.com.br\/site\/wp-content\/uploads\/2016\/07\/Iniciado-o-Projeto-de-Qualifica\u00e7\u00e3o-e-Amplia\u00e7\u00e3o-do-Ambulat\u00f3rio-de-Diagn\u00f3stico-e-Estadiamento-do-C\u00e2ncer-na-Funda\u00e7\u00e3o-Cristiano-Varella-300x197.jpg 300w, https:\/\/anoticiaonline.com.br\/site\/wp-content\/uploads\/2016\/07\/Iniciado-o-Projeto-de-Qualifica\u00e7\u00e3o-e-Amplia\u00e7\u00e3o-do-Ambulat\u00f3rio-de-Diagn\u00f3stico-e-Estadiamento-do-C\u00e2ncer-na-Funda\u00e7\u00e3o-Cristiano-Varella.jpg 640w\" sizes=\"(max-width: 300px) 100vw, 300px\" \/><\/a>A Funda\u00e7\u00e3o Cristiano Varella iniciou mais um Projeto do Programa Nacional de Apoio \u00e0 Aten\u00e7\u00e3o Oncol\u00f3gica (Pronon), em parceria com o Minist\u00e9rio da Sa\u00fade e a iniciativa privada. O projeto tem como objetivo a amplia\u00e7\u00e3o do acesso ao diagn\u00f3stico e estadiamento do c\u00e2ncer, o que contribuir\u00e1, ainda mais, segundo o hospital,\u00a0 para o cumprimento do prazo de 60 dias para in\u00edcio do tratamento oncol\u00f3gico dos pacientes do SUS.<\/p>\n<p>O projeto, que teve in\u00edcio na Funda\u00e7\u00e3o Cristiano Varella no dia 1\u00ba de julho, resulta em um aumento de 434 exames semanais, contrata\u00e7\u00e3o de novos profissionais, aquisi\u00e7\u00e3o de medicamentos e equipamentos, somando um investimento de R$ 4.055.236,08, com dura\u00e7\u00e3o de 15 meses.<\/p>\n<p>O paciente tem acesso ao projeto atrav\u00e9s do servi\u00e7o social da institui\u00e7\u00e3o, e as autoriza\u00e7\u00f5es s\u00e3o assinadas pelo diretor administrativo, S\u00e9rgio Dias Henriques.<\/p>\n<p>O primeiro exame concedido com o projeto no hospital foi a bi\u00f3psia de pr\u00f3stata sob analgesia para um paciente de Rodeiro.<\/p>\n","protected":false},"excerpt":{"rendered":"<p>A Funda\u00e7\u00e3o Cristiano Varella iniciou mais um Projeto do Programa Nacional de Apoio \u00e0 Aten\u00e7\u00e3o Oncol\u00f3gica (Pronon), em parceria com o Minist\u00e9rio da Sa\u00fade e a iniciativa privada. O projeto tem como objetivo a amplia\u00e7\u00e3o do acesso ao diagn\u00f3stico e estadiamento do c\u00e2ncer, o que contribuir\u00e1, ainda mais, segundo o hospital,\u00a0 para o cumprimento do &#8230; <a title=\"Iniciado o Projeto de Qualifica\u00e7\u00e3o e Amplia\u00e7\u00e3o do Ambulat\u00f3rio de Diagn\u00f3stico e Estadiamento do C\u00e2ncer da Funda\u00e7\u00e3o\" class=\"read-more\" href=\"https:\/\/anoticiaonline.com.br\/site\/iniciado-o-projeto-de-qualificacao-e-ampliacao-do-ambulatorio-de-diagnostico-e-estadiamento-do-cancer-na-fundacao\/\" aria-label=\"Read more about Iniciado o Projeto de Qualifica\u00e7\u00e3o e Amplia\u00e7\u00e3o do Ambulat\u00f3rio de Diagn\u00f3stico e Estadiamento do C\u00e2ncer da Funda\u00e7\u00e3o\">Ler mais<\/a><\/p>\n","protected":false},"author":2,"featured_media":15348,"comment_status":"open","ping_status":"open","sticky":false,"template":"","format":"standard","meta":{"_acf_changed":false,"_monsterinsights_skip_tracking":false,"footnotes":""},"categories":[30],"tags":[3],"class_list":["post-15347","post","type-post","status-publish","format-standard","has-post-thumbnail","hentry","category-muriae","tag-slide"],"acf":[],"aioseo_notices":[],"aioseo_head":"\n\t\t<!-- All in One SEO 5.0.0.1 - aioseo.com -->\n\t<meta name=\"description\" content=\"A Funda\u00e7\u00e3o Cristiano Varella iniciou mais um Projeto do Programa Nacional de Apoio \u00e0 Aten\u00e7\u00e3o Oncol\u00f3gica (Pronon), em parceria com o Minist\u00e9rio da Sa\u00fade e a iniciativa privada. O projeto tem como objetivo a amplia\u00e7\u00e3o do acesso ao diagn\u00f3stico e estadiamento do c\u00e2ncer, o que contribuir\u00e1, ainda mais, segundo o hospital, para o cumprimento do\" \/>\n\t<meta name=\"robots\" content=\"max-image-preview:large\" \/>\n\t<meta name=\"author\" content=\"Juliana Laviola\"\/>\n\t<link rel=\"canonical\" href=\"https:\/\/anoticiaonline.com.br\/site\/iniciado-o-projeto-de-qualificacao-e-ampliacao-do-ambulatorio-de-diagnostico-e-estadiamento-do-cancer-na-fundacao\/\" \/>\n\t<meta name=\"generator\" content=\"All in One SEO (AIOSEO) 5.0.0.1\" \/>\n\t\t<meta property=\"og:locale\" content=\"pt_BR\" \/>\n\t\t<meta property=\"og:site_name\" content=\"A Not\u00edcia Online - Noticias de Muria\u00e9 e regi\u00e3o\" \/>\n\t\t<meta property=\"og:type\" content=\"article\" \/>\n\t\t<meta property=\"og:title\" content=\"Iniciado o Projeto de Qualifica\u00e7\u00e3o e Amplia\u00e7\u00e3o do Ambulat\u00f3rio de Diagn\u00f3stico e Estadiamento do C\u00e2ncer da Funda\u00e7\u00e3o - A Not\u00edcia Online\" \/>\n\t\t<meta property=\"og:description\" content=\"A Funda\u00e7\u00e3o Cristiano Varella iniciou mais um Projeto do Programa Nacional de Apoio \u00e0 Aten\u00e7\u00e3o Oncol\u00f3gica (Pronon), em parceria com o Minist\u00e9rio da Sa\u00fade e a iniciativa privada. O projeto tem como objetivo a amplia\u00e7\u00e3o do acesso ao diagn\u00f3stico e estadiamento do c\u00e2ncer, o que contribuir\u00e1, ainda mais, segundo o hospital, para o cumprimento do\" \/>\n\t\t<meta property=\"og:url\" content=\"https:\/\/anoticiaonline.com.br\/site\/iniciado-o-projeto-de-qualificacao-e-ampliacao-do-ambulatorio-de-diagnostico-e-estadiamento-do-cancer-na-fundacao\/\" \/>\n\t\t<meta property=\"og:image\" content=\"https:\/\/scontent-gig4-1.xx.fbcdn.net\/v\/t39.30808-1\/270437624_4564083193639691_6907940295614233970_n.jpg?stp=dst-jpg_s200x200_tt6&#038;_nc_cat=111&#038;ccb=1-7&#038;_nc_sid=f907e8&#038;_nc_ohc=SM1wRlP3lJwQ7kNvwEPuBYA&#038;_nc_oc=AdnqrjDN_BNjSSHWO-GbkIWH6fkGMLw4bqvL_NH6e2wMveX7G-rP2dAqsDSq1mJMOaY&#038;_nc_zt=24&#038;_nc_ht=scontent-gig4-1.xx&#038;_nc_gid=AoBFJeGrT1hVaew_6rchkQ&#038;oh=00_AfX7QmFGhQhG2jAllVgXCiM1ZrWgvtp80-Bfppyexh1QEg&#038;oe=689E923C\" \/>\n\t\t<meta property=\"og:image:secure_url\" content=\"https:\/\/scontent-gig4-1.xx.fbcdn.net\/v\/t39.30808-1\/270437624_4564083193639691_6907940295614233970_n.jpg?stp=dst-jpg_s200x200_tt6&#038;_nc_cat=111&#038;ccb=1-7&#038;_nc_sid=f907e8&#038;_nc_ohc=SM1wRlP3lJwQ7kNvwEPuBYA&#038;_nc_oc=AdnqrjDN_BNjSSHWO-GbkIWH6fkGMLw4bqvL_NH6e2wMveX7G-rP2dAqsDSq1mJMOaY&#038;_nc_zt=24&#038;_nc_ht=scontent-gig4-1.xx&#038;_nc_gid=AoBFJeGrT1hVaew_6rchkQ&#038;oh=00_AfX7QmFGhQhG2jAllVgXCiM1ZrWgvtp80-Bfppyexh1QEg&#038;oe=689E923C\" \/>\n\t\t<meta property=\"article:published_time\" content=\"2016-07-21T15:12:37+00:00\" \/>\n\t\t<meta property=\"article:modified_time\" content=\"2016-07-22T02:09:11+00:00\" \/>\n\t\t<meta name=\"twitter:card\" content=\"summary_large_image\" \/>\n\t\t<meta name=\"twitter:title\" content=\"Iniciado o Projeto de Qualifica\u00e7\u00e3o e Amplia\u00e7\u00e3o do Ambulat\u00f3rio de Diagn\u00f3stico e Estadiamento do C\u00e2ncer da Funda\u00e7\u00e3o - A Not\u00edcia Online\" \/>\n\t\t<meta name=\"twitter:description\" content=\"A Funda\u00e7\u00e3o Cristiano Varella iniciou mais um Projeto do Programa Nacional de Apoio \u00e0 Aten\u00e7\u00e3o Oncol\u00f3gica (Pronon), em parceria com o Minist\u00e9rio da Sa\u00fade e a iniciativa privada. O projeto tem como objetivo a amplia\u00e7\u00e3o do acesso ao diagn\u00f3stico e estadiamento do c\u00e2ncer, o que contribuir\u00e1, ainda mais, segundo o hospital, para o cumprimento do\" \/>\n\t\t<meta name=\"twitter:image\" content=\"https:\/\/scontent-gig4-1.xx.fbcdn.net\/v\/t39.30808-1\/270437624_4564083193639691_6907940295614233970_n.jpg?stp=dst-jpg_s200x200_tt6&amp;_nc_cat=111&amp;ccb=1-7&amp;_nc_sid=f907e8&amp;_nc_ohc=SM1wRlP3lJwQ7kNvwEPuBYA&amp;_nc_oc=AdnqrjDN_BNjSSHWO-GbkIWH6fkGMLw4bqvL_NH6e2wMveX7G-rP2dAqsDSq1mJMOaY&amp;_nc_zt=24&amp;_nc_ht=scontent-gig4-1.xx&amp;_nc_gid=AoBFJeGrT1hVaew_6rchkQ&amp;oh=00_AfX7QmFGhQhG2jAllVgXCiM1ZrWgvtp80-Bfppyexh1QEg&amp;oe=689E923C\" \/>\n\t\t<script type=\"application\/ld+json\" class=\"aioseo-schema\">\n\t\t\t{\"@context\":\"https:\\\/\\\/schema.org\",\"@graph\":[{\"@type\":\"BlogPosting\",\"@id\":\"https:\\\/\\\/anoticiaonline.com.br\\\/site\\\/iniciado-o-projeto-de-qualificacao-e-ampliacao-do-ambulatorio-de-diagnostico-e-estadiamento-do-cancer-na-fundacao\\\/#blogposting\",\"name\":\"Iniciado o Projeto de Qualifica\\u00e7\\u00e3o e Amplia\\u00e7\\u00e3o do Ambulat\\u00f3rio de Diagn\\u00f3stico e Estadiamento do C\\u00e2ncer da Funda\\u00e7\\u00e3o - A Not\\u00edcia Online\",\"headline\":\"Iniciado o Projeto de Qualifica\\u00e7\\u00e3o e Amplia\\u00e7\\u00e3o do Ambulat\\u00f3rio de Diagn\\u00f3stico e Estadiamento do C\\u00e2ncer da Funda\\u00e7\\u00e3o\",\"author\":{\"@id\":\"https:\\\/\\\/anoticiaonline.com.br\\\/site\\\/author\\\/juliana\\\/#author\"},\"publisher\":{\"@id\":\"https:\\\/\\\/anoticiaonline.com.br\\\/site\\\/#organization\"},\"image\":{\"@type\":\"ImageObject\",\"url\":\"https:\\\/\\\/anoticiaonline.com.br\\\/site\\\/wp-content\\\/uploads\\\/2016\\\/07\\\/Iniciado-o-Projeto-de-Qualifica\\u00e7\\u00e3o-e-Amplia\\u00e7\\u00e3o-do-Ambulat\\u00f3rio-de-Diagn\\u00f3stico-e-Estadiamento-do-C\\u00e2ncer-na-Funda\\u00e7\\u00e3o-Cristiano-Varella.jpg\",\"width\":640,\"height\":421},\"datePublished\":\"2016-07-21T12:12:37-03:00\",\"dateModified\":\"2016-07-21T23:09:11-03:00\",\"inLanguage\":\"pt-BR\",\"mainEntityOfPage\":{\"@id\":\"https:\\\/\\\/anoticiaonline.com.br\\\/site\\\/iniciado-o-projeto-de-qualificacao-e-ampliacao-do-ambulatorio-de-diagnostico-e-estadiamento-do-cancer-na-fundacao\\\/#webpage\"},\"isPartOf\":{\"@id\":\"https:\\\/\\\/anoticiaonline.com.br\\\/site\\\/iniciado-o-projeto-de-qualificacao-e-ampliacao-do-ambulatorio-de-diagnostico-e-estadiamento-do-cancer-na-fundacao\\\/#webpage\"},\"articleSection\":\"Blog, slide\"},{\"@type\":\"BreadcrumbList\",\"@id\":\"https:\\\/\\\/anoticiaonline.com.br\\\/site\\\/iniciado-o-projeto-de-qualificacao-e-ampliacao-do-ambulatorio-de-diagnostico-e-estadiamento-do-cancer-na-fundacao\\\/#breadcrumblist\",\"itemListElement\":[{\"@type\":\"ListItem\",\"@id\":\"https:\\\/\\\/anoticiaonline.com.br\\\/site#listItem\",\"position\":1,\"name\":\"Home\",\"item\":\"https:\\\/\\\/anoticiaonline.com.br\\\/site\",\"nextItem\":{\"@type\":\"ListItem\",\"@id\":\"https:\\\/\\\/anoticiaonline.com.br\\\/site\\\/categoria\\\/muriae\\\/#listItem\",\"name\":\"Blog\"}},{\"@type\":\"ListItem\",\"@id\":\"https:\\\/\\\/anoticiaonline.com.br\\\/site\\\/categoria\\\/muriae\\\/#listItem\",\"position\":2,\"name\":\"Blog\",\"item\":\"https:\\\/\\\/anoticiaonline.com.br\\\/site\\\/categoria\\\/muriae\\\/\",\"nextItem\":{\"@type\":\"ListItem\",\"@id\":\"https:\\\/\\\/anoticiaonline.com.br\\\/site\\\/iniciado-o-projeto-de-qualificacao-e-ampliacao-do-ambulatorio-de-diagnostico-e-estadiamento-do-cancer-na-fundacao\\\/#listItem\",\"name\":\"Iniciado o Projeto de Qualifica\\u00e7\\u00e3o e Amplia\\u00e7\\u00e3o do Ambulat\\u00f3rio de Diagn\\u00f3stico e Estadiamento do C\\u00e2ncer da Funda\\u00e7\\u00e3o\"},\"previousItem\":{\"@type\":\"ListItem\",\"@id\":\"https:\\\/\\\/anoticiaonline.com.br\\\/site#listItem\",\"name\":\"Home\"}},{\"@type\":\"ListItem\",\"@id\":\"https:\\\/\\\/anoticiaonline.com.br\\\/site\\\/iniciado-o-projeto-de-qualificacao-e-ampliacao-do-ambulatorio-de-diagnostico-e-estadiamento-do-cancer-na-fundacao\\\/#listItem\",\"position\":3,\"name\":\"Iniciado o Projeto de Qualifica\\u00e7\\u00e3o e Amplia\\u00e7\\u00e3o do Ambulat\\u00f3rio de Diagn\\u00f3stico e Estadiamento do C\\u00e2ncer da Funda\\u00e7\\u00e3o\",\"previousItem\":{\"@type\":\"ListItem\",\"@id\":\"https:\\\/\\\/anoticiaonline.com.br\\\/site\\\/categoria\\\/muriae\\\/#listItem\",\"name\":\"Blog\"}}]},{\"@type\":\"Organization\",\"@id\":\"https:\\\/\\\/anoticiaonline.com.br\\\/site\\\/#organization\",\"name\":\"A Not\\u00edcia Online\",\"description\":\"Noticias de Muria\\u00e9 e regi\\u00e3o\",\"url\":\"https:\\\/\\\/anoticiaonline.com.br\\\/site\\\/\",\"logo\":{\"@type\":\"ImageObject\",\"url\":\"https:\\\/\\\/scontent-gig4-1.xx.fbcdn.net\\\/v\\\/t39.30808-1\\\/270437624_4564083193639691_6907940295614233970_n.jpg?stp=dst-jpg_s200x200_tt6&_nc_cat=111&ccb=1-7&_nc_sid=f907e8&_nc_ohc=SM1wRlP3lJwQ7kNvwEPuBYA&_nc_oc=AdnqrjDN_BNjSSHWO-GbkIWH6fkGMLw4bqvL_NH6e2wMveX7G-rP2dAqsDSq1mJMOaY&_nc_zt=24&_nc_ht=scontent-gig4-1.xx&_nc_gid=AoBFJeGrT1hVaew_6rchkQ&oh=00_AfX7QmFGhQhG2jAllVgXCiM1ZrWgvtp80-Bfppyexh1QEg&oe=689E923C\",\"@id\":\"https:\\\/\\\/anoticiaonline.com.br\\\/site\\\/iniciado-o-projeto-de-qualificacao-e-ampliacao-do-ambulatorio-de-diagnostico-e-estadiamento-do-cancer-na-fundacao\\\/#organizationLogo\"},\"image\":{\"@id\":\"https:\\\/\\\/anoticiaonline.com.br\\\/site\\\/iniciado-o-projeto-de-qualificacao-e-ampliacao-do-ambulatorio-de-diagnostico-e-estadiamento-do-cancer-na-fundacao\\\/#organizationLogo\"}},{\"@type\":\"Person\",\"@id\":\"https:\\\/\\\/anoticiaonline.com.br\\\/site\\\/author\\\/juliana\\\/#author\",\"url\":\"https:\\\/\\\/anoticiaonline.com.br\\\/site\\\/author\\\/juliana\\\/\",\"name\":\"Juliana Laviola\",\"image\":{\"@type\":\"ImageObject\",\"@id\":\"https:\\\/\\\/anoticiaonline.com.br\\\/site\\\/iniciado-o-projeto-de-qualificacao-e-ampliacao-do-ambulatorio-de-diagnostico-e-estadiamento-do-cancer-na-fundacao\\\/#authorImage\",\"url\":\"https:\\\/\\\/secure.gravatar.com\\\/avatar\\\/b8d45f5c699b100dfaf0e543582f38f38bf94cb7ae3a5e9abf8d891a34773335?s=96&d=mm&r=g\",\"width\":96,\"height\":96,\"caption\":\"Juliana Laviola\"}},{\"@type\":\"WebPage\",\"@id\":\"https:\\\/\\\/anoticiaonline.com.br\\\/site\\\/iniciado-o-projeto-de-qualificacao-e-ampliacao-do-ambulatorio-de-diagnostico-e-estadiamento-do-cancer-na-fundacao\\\/#webpage\",\"url\":\"https:\\\/\\\/anoticiaonline.com.br\\\/site\\\/iniciado-o-projeto-de-qualificacao-e-ampliacao-do-ambulatorio-de-diagnostico-e-estadiamento-do-cancer-na-fundacao\\\/\",\"name\":\"Iniciado o Projeto de Qualifica\\u00e7\\u00e3o e Amplia\\u00e7\\u00e3o do Ambulat\\u00f3rio de Diagn\\u00f3stico e Estadiamento do C\\u00e2ncer da Funda\\u00e7\\u00e3o - A Not\\u00edcia Online\",\"description\":\"A Funda\\u00e7\\u00e3o Cristiano Varella iniciou mais um Projeto do Programa Nacional de Apoio \\u00e0 Aten\\u00e7\\u00e3o Oncol\\u00f3gica (Pronon), em parceria com o Minist\\u00e9rio da Sa\\u00fade e a iniciativa privada. O projeto tem como objetivo a amplia\\u00e7\\u00e3o do acesso ao diagn\\u00f3stico e estadiamento do c\\u00e2ncer, o que contribuir\\u00e1, ainda mais, segundo o hospital, para o cumprimento do\",\"inLanguage\":\"pt-BR\",\"isPartOf\":{\"@id\":\"https:\\\/\\\/anoticiaonline.com.br\\\/site\\\/#website\"},\"breadcrumb\":{\"@id\":\"https:\\\/\\\/anoticiaonline.com.br\\\/site\\\/iniciado-o-projeto-de-qualificacao-e-ampliacao-do-ambulatorio-de-diagnostico-e-estadiamento-do-cancer-na-fundacao\\\/#breadcrumblist\"},\"author\":{\"@id\":\"https:\\\/\\\/anoticiaonline.com.br\\\/site\\\/author\\\/juliana\\\/#author\"},\"creator\":{\"@id\":\"https:\\\/\\\/anoticiaonline.com.br\\\/site\\\/author\\\/juliana\\\/#author\"},\"image\":{\"@type\":\"ImageObject\",\"url\":\"https:\\\/\\\/anoticiaonline.com.br\\\/site\\\/wp-content\\\/uploads\\\/2016\\\/07\\\/Iniciado-o-Projeto-de-Qualifica\\u00e7\\u00e3o-e-Amplia\\u00e7\\u00e3o-do-Ambulat\\u00f3rio-de-Diagn\\u00f3stico-e-Estadiamento-do-C\\u00e2ncer-na-Funda\\u00e7\\u00e3o-Cristiano-Varella.jpg\",\"@id\":\"https:\\\/\\\/anoticiaonline.com.br\\\/site\\\/iniciado-o-projeto-de-qualificacao-e-ampliacao-do-ambulatorio-de-diagnostico-e-estadiamento-do-cancer-na-fundacao\\\/#mainImage\",\"width\":640,\"height\":421},\"primaryImageOfPage\":{\"@id\":\"https:\\\/\\\/anoticiaonline.com.br\\\/site\\\/iniciado-o-projeto-de-qualificacao-e-ampliacao-do-ambulatorio-de-diagnostico-e-estadiamento-do-cancer-na-fundacao\\\/#mainImage\"},\"datePublished\":\"2016-07-21T12:12:37-03:00\",\"dateModified\":\"2016-07-21T23:09:11-03:00\"},{\"@type\":\"WebSite\",\"@id\":\"https:\\\/\\\/anoticiaonline.com.br\\\/site\\\/#website\",\"url\":\"https:\\\/\\\/anoticiaonline.com.br\\\/site\\\/\",\"name\":\"A Not\\u00edcia Online\",\"description\":\"Noticias de Muria\\u00e9 e regi\\u00e3o\",\"inLanguage\":\"pt-BR\",\"publisher\":{\"@id\":\"https:\\\/\\\/anoticiaonline.com.br\\\/site\\\/#organization\"}}]}\n\t\t<\/script>\n\t\t<!-- All in One SEO -->\n\n","aioseo_head_json":{"title":"Iniciado o Projeto de Qualifica\u00e7\u00e3o e Amplia\u00e7\u00e3o do Ambulat\u00f3rio de Diagn\u00f3stico e Estadiamento do C\u00e2ncer da Funda\u00e7\u00e3o - A Not\u00edcia Online","description":"A Funda\u00e7\u00e3o Cristiano Varella iniciou mais um Projeto do Programa Nacional de Apoio \u00e0 Aten\u00e7\u00e3o Oncol\u00f3gica (Pronon), em parceria com o Minist\u00e9rio da Sa\u00fade e a iniciativa privada. O projeto tem como objetivo a amplia\u00e7\u00e3o do acesso ao diagn\u00f3stico e estadiamento do c\u00e2ncer, o que contribuir\u00e1, ainda mais, segundo o hospital, para o cumprimento do","canonical_url":"https:\/\/anoticiaonline.com.br\/site\/iniciado-o-projeto-de-qualificacao-e-ampliacao-do-ambulatorio-de-diagnostico-e-estadiamento-do-cancer-na-fundacao\/","robots":"max-image-preview:large","keywords":"","webmasterTools":{"miscellaneous":""},"schema":{"@context":"https:\/\/schema.org","@graph":[{"@type":"BlogPosting","@id":"https:\/\/anoticiaonline.com.br\/site\/iniciado-o-projeto-de-qualificacao-e-ampliacao-do-ambulatorio-de-diagnostico-e-estadiamento-do-cancer-na-fundacao\/#blogposting","name":"Iniciado o Projeto de Qualifica\u00e7\u00e3o e Amplia\u00e7\u00e3o do Ambulat\u00f3rio de Diagn\u00f3stico e Estadiamento do C\u00e2ncer da Funda\u00e7\u00e3o - A Not\u00edcia Online","headline":"Iniciado o Projeto de Qualifica\u00e7\u00e3o e Amplia\u00e7\u00e3o do Ambulat\u00f3rio de Diagn\u00f3stico e Estadiamento do C\u00e2ncer da Funda\u00e7\u00e3o","author":{"@id":"https:\/\/anoticiaonline.com.br\/site\/author\/juliana\/#author"},"publisher":{"@id":"https:\/\/anoticiaonline.com.br\/site\/#organization"},"image":{"@type":"ImageObject","url":"https:\/\/anoticiaonline.com.br\/site\/wp-content\/uploads\/2016\/07\/Iniciado-o-Projeto-de-Qualifica\u00e7\u00e3o-e-Amplia\u00e7\u00e3o-do-Ambulat\u00f3rio-de-Diagn\u00f3stico-e-Estadiamento-do-C\u00e2ncer-na-Funda\u00e7\u00e3o-Cristiano-Varella.jpg","width":640,"height":421},"datePublished":"2016-07-21T12:12:37-03:00","dateModified":"2016-07-21T23:09:11-03:00","inLanguage":"pt-BR","mainEntityOfPage":{"@id":"https:\/\/anoticiaonline.com.br\/site\/iniciado-o-projeto-de-qualificacao-e-ampliacao-do-ambulatorio-de-diagnostico-e-estadiamento-do-cancer-na-fundacao\/#webpage"},"isPartOf":{"@id":"https:\/\/anoticiaonline.com.br\/site\/iniciado-o-projeto-de-qualificacao-e-ampliacao-do-ambulatorio-de-diagnostico-e-estadiamento-do-cancer-na-fundacao\/#webpage"},"articleSection":"Blog, slide"},{"@type":"BreadcrumbList","@id":"https:\/\/anoticiaonline.com.br\/site\/iniciado-o-projeto-de-qualificacao-e-ampliacao-do-ambulatorio-de-diagnostico-e-estadiamento-do-cancer-na-fundacao\/#breadcrumblist","itemListElement":[{"@type":"ListItem","@id":"https:\/\/anoticiaonline.com.br\/site#listItem","position":1,"name":"Home","item":"https:\/\/anoticiaonline.com.br\/site","nextItem":{"@type":"ListItem","@id":"https:\/\/anoticiaonline.com.br\/site\/categoria\/muriae\/#listItem","name":"Blog"}},{"@type":"ListItem","@id":"https:\/\/anoticiaonline.com.br\/site\/categoria\/muriae\/#listItem","position":2,"name":"Blog","item":"https:\/\/anoticiaonline.com.br\/site\/categoria\/muriae\/","nextItem":{"@type":"ListItem","@id":"https:\/\/anoticiaonline.com.br\/site\/iniciado-o-projeto-de-qualificacao-e-ampliacao-do-ambulatorio-de-diagnostico-e-estadiamento-do-cancer-na-fundacao\/#listItem","name":"Iniciado o Projeto de Qualifica\u00e7\u00e3o e Amplia\u00e7\u00e3o do Ambulat\u00f3rio de Diagn\u00f3stico e Estadiamento do C\u00e2ncer da Funda\u00e7\u00e3o"},"previousItem":{"@type":"ListItem","@id":"https:\/\/anoticiaonline.com.br\/site#listItem","name":"Home"}},{"@type":"ListItem","@id":"https:\/\/anoticiaonline.com.br\/site\/iniciado-o-projeto-de-qualificacao-e-ampliacao-do-ambulatorio-de-diagnostico-e-estadiamento-do-cancer-na-fundacao\/#listItem","position":3,"name":"Iniciado o Projeto de Qualifica\u00e7\u00e3o e Amplia\u00e7\u00e3o do Ambulat\u00f3rio de Diagn\u00f3stico e Estadiamento do C\u00e2ncer da Funda\u00e7\u00e3o","previousItem":{"@type":"ListItem","@id":"https:\/\/anoticiaonline.com.br\/site\/categoria\/muriae\/#listItem","name":"Blog"}}]},{"@type":"Organization","@id":"https:\/\/anoticiaonline.com.br\/site\/#organization","name":"A Not\u00edcia Online","description":"Noticias de Muria\u00e9 e regi\u00e3o","url":"https:\/\/anoticiaonline.com.br\/site\/","logo":{"@type":"ImageObject","url":"https:\/\/scontent-gig4-1.xx.fbcdn.net\/v\/t39.30808-1\/270437624_4564083193639691_6907940295614233970_n.jpg?stp=dst-jpg_s200x200_tt6&_nc_cat=111&ccb=1-7&_nc_sid=f907e8&_nc_ohc=SM1wRlP3lJwQ7kNvwEPuBYA&_nc_oc=AdnqrjDN_BNjSSHWO-GbkIWH6fkGMLw4bqvL_NH6e2wMveX7G-rP2dAqsDSq1mJMOaY&_nc_zt=24&_nc_ht=scontent-gig4-1.xx&_nc_gid=AoBFJeGrT1hVaew_6rchkQ&oh=00_AfX7QmFGhQhG2jAllVgXCiM1ZrWgvtp80-Bfppyexh1QEg&oe=689E923C","@id":"https:\/\/anoticiaonline.com.br\/site\/iniciado-o-projeto-de-qualificacao-e-ampliacao-do-ambulatorio-de-diagnostico-e-estadiamento-do-cancer-na-fundacao\/#organizationLogo"},"image":{"@id":"https:\/\/anoticiaonline.com.br\/site\/iniciado-o-projeto-de-qualificacao-e-ampliacao-do-ambulatorio-de-diagnostico-e-estadiamento-do-cancer-na-fundacao\/#organizationLogo"}},{"@type":"Person","@id":"https:\/\/anoticiaonline.com.br\/site\/author\/juliana\/#author","url":"https:\/\/anoticiaonline.com.br\/site\/author\/juliana\/","name":"Juliana Laviola","image":{"@type":"ImageObject","@id":"https:\/\/anoticiaonline.com.br\/site\/iniciado-o-projeto-de-qualificacao-e-ampliacao-do-ambulatorio-de-diagnostico-e-estadiamento-do-cancer-na-fundacao\/#authorImage","url":"https:\/\/secure.gravatar.com\/avatar\/b8d45f5c699b100dfaf0e543582f38f38bf94cb7ae3a5e9abf8d891a34773335?s=96&d=mm&r=g","width":96,"height":96,"caption":"Juliana Laviola"}},{"@type":"WebPage","@id":"https:\/\/anoticiaonline.com.br\/site\/iniciado-o-projeto-de-qualificacao-e-ampliacao-do-ambulatorio-de-diagnostico-e-estadiamento-do-cancer-na-fundacao\/#webpage","url":"https:\/\/anoticiaonline.com.br\/site\/iniciado-o-projeto-de-qualificacao-e-ampliacao-do-ambulatorio-de-diagnostico-e-estadiamento-do-cancer-na-fundacao\/","name":"Iniciado o Projeto de Qualifica\u00e7\u00e3o e Amplia\u00e7\u00e3o do Ambulat\u00f3rio de Diagn\u00f3stico e Estadiamento do C\u00e2ncer da Funda\u00e7\u00e3o - A Not\u00edcia Online","description":"A Funda\u00e7\u00e3o Cristiano Varella iniciou mais um Projeto do Programa Nacional de Apoio \u00e0 Aten\u00e7\u00e3o Oncol\u00f3gica (Pronon), em parceria com o Minist\u00e9rio da Sa\u00fade e a iniciativa privada. O projeto tem como objetivo a amplia\u00e7\u00e3o do acesso ao diagn\u00f3stico e estadiamento do c\u00e2ncer, o que contribuir\u00e1, ainda mais, segundo o hospital, para o cumprimento do","inLanguage":"pt-BR","isPartOf":{"@id":"https:\/\/anoticiaonline.com.br\/site\/#website"},"breadcrumb":{"@id":"https:\/\/anoticiaonline.com.br\/site\/iniciado-o-projeto-de-qualificacao-e-ampliacao-do-ambulatorio-de-diagnostico-e-estadiamento-do-cancer-na-fundacao\/#breadcrumblist"},"author":{"@id":"https:\/\/anoticiaonline.com.br\/site\/author\/juliana\/#author"},"creator":{"@id":"https:\/\/anoticiaonline.com.br\/site\/author\/juliana\/#author"},"image":{"@type":"ImageObject","url":"https:\/\/anoticiaonline.com.br\/site\/wp-content\/uploads\/2016\/07\/Iniciado-o-Projeto-de-Qualifica\u00e7\u00e3o-e-Amplia\u00e7\u00e3o-do-Ambulat\u00f3rio-de-Diagn\u00f3stico-e-Estadiamento-do-C\u00e2ncer-na-Funda\u00e7\u00e3o-Cristiano-Varella.jpg","@id":"https:\/\/anoticiaonline.com.br\/site\/iniciado-o-projeto-de-qualificacao-e-ampliacao-do-ambulatorio-de-diagnostico-e-estadiamento-do-cancer-na-fundacao\/#mainImage","width":640,"height":421},"primaryImageOfPage":{"@id":"https:\/\/anoticiaonline.com.br\/site\/iniciado-o-projeto-de-qualificacao-e-ampliacao-do-ambulatorio-de-diagnostico-e-estadiamento-do-cancer-na-fundacao\/#mainImage"},"datePublished":"2016-07-21T12:12:37-03:00","dateModified":"2016-07-21T23:09:11-03:00"},{"@type":"WebSite","@id":"https:\/\/anoticiaonline.com.br\/site\/#website","url":"https:\/\/anoticiaonline.com.br\/site\/","name":"A Not\u00edcia Online","description":"Noticias de Muria\u00e9 e regi\u00e3o","inLanguage":"pt-BR","publisher":{"@id":"https:\/\/anoticiaonline.com.br\/site\/#organization"}}]},"og:locale":"pt_BR","og:site_name":"A Not\u00edcia Online - Noticias de Muria\u00e9 e regi\u00e3o","og:type":"article","og:title":"Iniciado o Projeto de Qualifica\u00e7\u00e3o e Amplia\u00e7\u00e3o do Ambulat\u00f3rio de Diagn\u00f3stico e Estadiamento do C\u00e2ncer da Funda\u00e7\u00e3o - A Not\u00edcia Online","og:description":"A Funda\u00e7\u00e3o Cristiano Varella iniciou mais um Projeto do Programa Nacional de Apoio \u00e0 Aten\u00e7\u00e3o Oncol\u00f3gica (Pronon), em parceria com o Minist\u00e9rio da Sa\u00fade e a iniciativa privada. O projeto tem como objetivo a amplia\u00e7\u00e3o do acesso ao diagn\u00f3stico e estadiamento do c\u00e2ncer, o que contribuir\u00e1, ainda mais, segundo o hospital, para o cumprimento do","og:url":"https:\/\/anoticiaonline.com.br\/site\/iniciado-o-projeto-de-qualificacao-e-ampliacao-do-ambulatorio-de-diagnostico-e-estadiamento-do-cancer-na-fundacao\/","og:image":"https:\/\/scontent-gig4-1.xx.fbcdn.net\/v\/t39.30808-1\/270437624_4564083193639691_6907940295614233970_n.jpg?stp=dst-jpg_s200x200_tt6&#038;_nc_cat=111&#038;ccb=1-7&#038;_nc_sid=f907e8&#038;_nc_ohc=SM1wRlP3lJwQ7kNvwEPuBYA&#038;_nc_oc=AdnqrjDN_BNjSSHWO-GbkIWH6fkGMLw4bqvL_NH6e2wMveX7G-rP2dAqsDSq1mJMOaY&#038;_nc_zt=24&#038;_nc_ht=scontent-gig4-1.xx&#038;_nc_gid=AoBFJeGrT1hVaew_6rchkQ&#038;oh=00_AfX7QmFGhQhG2jAllVgXCiM1ZrWgvtp80-Bfppyexh1QEg&#038;oe=689E923C","og:image:secure_url":"https:\/\/scontent-gig4-1.xx.fbcdn.net\/v\/t39.30808-1\/270437624_4564083193639691_6907940295614233970_n.jpg?stp=dst-jpg_s200x200_tt6&#038;_nc_cat=111&#038;ccb=1-7&#038;_nc_sid=f907e8&#038;_nc_ohc=SM1wRlP3lJwQ7kNvwEPuBYA&#038;_nc_oc=AdnqrjDN_BNjSSHWO-GbkIWH6fkGMLw4bqvL_NH6e2wMveX7G-rP2dAqsDSq1mJMOaY&#038;_nc_zt=24&#038;_nc_ht=scontent-gig4-1.xx&#038;_nc_gid=AoBFJeGrT1hVaew_6rchkQ&#038;oh=00_AfX7QmFGhQhG2jAllVgXCiM1ZrWgvtp80-Bfppyexh1QEg&#038;oe=689E923C","article:published_time":"2016-07-21T15:12:37+00:00","article:modified_time":"2016-07-22T02:09:11+00:00","twitter:card":"summary_large_image","twitter:title":"Iniciado o Projeto de Qualifica\u00e7\u00e3o e Amplia\u00e7\u00e3o do Ambulat\u00f3rio de Diagn\u00f3stico e Estadiamento do C\u00e2ncer da Funda\u00e7\u00e3o - A Not\u00edcia Online","twitter:description":"A Funda\u00e7\u00e3o Cristiano Varella iniciou mais um Projeto do Programa Nacional de Apoio \u00e0 Aten\u00e7\u00e3o Oncol\u00f3gica (Pronon), em parceria com o Minist\u00e9rio da Sa\u00fade e a iniciativa privada. O projeto tem como objetivo a amplia\u00e7\u00e3o do acesso ao diagn\u00f3stico e estadiamento do c\u00e2ncer, o que contribuir\u00e1, ainda mais, segundo o hospital, para o cumprimento do","twitter:image":"https:\/\/scontent-gig4-1.xx.fbcdn.net\/v\/t39.30808-1\/270437624_4564083193639691_6907940295614233970_n.jpg?stp=dst-jpg_s200x200_tt6&_nc_cat=111&ccb=1-7&_nc_sid=f907e8&_nc_ohc=SM1wRlP3lJwQ7kNvwEPuBYA&_nc_oc=AdnqrjDN_BNjSSHWO-GbkIWH6fkGMLw4bqvL_NH6e2wMveX7G-rP2dAqsDSq1mJMOaY&_nc_zt=24&_nc_ht=scontent-gig4-1.xx&_nc_gid=AoBFJeGrT1hVaew_6rchkQ&oh=00_AfX7QmFGhQhG2jAllVgXCiM1ZrWgvtp80-Bfppyexh1QEg&oe=689E923C"},"aioseo_meta_data":{"post_id":"15347","title":null,"description":null,"keywords":null,"keyphrases":null,"primary_term":null,"canonical_url":null,"og_title":null,"og_description":null,"og_object_type":"default","og_image_type":"default","og_image_url":null,"og_image_width":null,"og_image_height":null,"og_image_custom_url":null,"og_image_custom_fields":null,"og_video":null,"og_custom_url":null,"og_article_section":null,"og_article_tags":null,"twitter_use_og":false,"twitter_card":"default","twitter_image_type":"default","twitter_image_url":null,"twitter_image_custom_url":null,"twitter_image_custom_fields":null,"twitter_title":null,"twitter_description":null,"schema":{"blockGraphs":[],"customGraphs":[],"default":{"data":{"Article":[],"Course":[],"Dataset":[],"FAQPage":[],"Movie":[],"Person":[],"Product":[],"ProductReview":[],"Car":[],"Recipe":[],"Service":[],"SoftwareApplication":[],"WebPage":[]},"graphName":"","isEnabled":true},"graphs":[]},"schema_type":"default","schema_type_options":null,"pillar_content":false,"robots_default":true,"robots_noindex":false,"robots_noarchive":false,"robots_nosnippet":false,"robots_nofollow":false,"robots_noimageindex":false,"robots_noodp":false,"robots_notranslate":false,"robots_max_snippet":null,"robots_max_videopreview":null,"robots_max_imagepreview":"large","priority":null,"frequency":null,"local_seo":null,"breadcrumb_settings":null,"limit_modified_date":false,"ai":null,"created":"2025-08-16 16:28:28","updated":"2025-08-16 16:28:28","focus_keyword":null,"additional_keywords":null,"truseo_locale":null,"seo_analyzer_scan_date":null},"aioseo_breadcrumb":"<div class=\"aioseo-breadcrumbs\"><span class=\"aioseo-breadcrumb\">\n\t\t\t<a href=\"https:\/\/anoticiaonline.com.br\/site\" title=\"Home\">Home<\/a>\n\t\t<\/span><span class=\"aioseo-breadcrumb-separator\">&raquo;<\/span><span class=\"aioseo-breadcrumb\">\n\t\t\t<a href=\"https:\/\/anoticiaonline.com.br\/site\/categoria\/muriae\/\" title=\"Blog\">Blog<\/a>\n\t\t<\/span><span class=\"aioseo-breadcrumb-separator\">&raquo;<\/span><span class=\"aioseo-breadcrumb\">\n\t\t\tIniciado o Projeto de Qualifica\u00e7\u00e3o e Amplia\u00e7\u00e3o do Ambulat\u00f3rio de Diagn\u00f3stico e Estadiamento do C\u00e2ncer da Funda\u00e7\u00e3o\n\t\t<\/span><\/div>","aioseo_breadcrumb_json":[{"label":"Home","link":"https:\/\/anoticiaonline.com.br\/site"},{"label":"Blog","link":"https:\/\/anoticiaonline.com.br\/site\/categoria\/muriae\/"},{"label":"Iniciado o Projeto de Qualifica\u00e7\u00e3o e Amplia\u00e7\u00e3o do Ambulat\u00f3rio de Diagn\u00f3stico e Estadiamento do C\u00e2ncer da Funda\u00e7\u00e3o","link":"https:\/\/anoticiaonline.com.br\/site\/iniciado-o-projeto-de-qualificacao-e-ampliacao-do-ambulatorio-de-diagnostico-e-estadiamento-do-cancer-na-fundacao\/"}],"views":136,"_links":{"self":[{"href":"https:\/\/anoticiaonline.com.br\/site\/wp-json\/wp\/v2\/posts\/15347","targetHints":{"allow":["GET"]}}],"collection":[{"href":"https:\/\/anoticiaonline.com.br\/site\/wp-json\/wp\/v2\/posts"}],"about":[{"href":"https:\/\/anoticiaonline.com.br\/site\/wp-json\/wp\/v2\/types\/post"}],"author":[{"embeddable":true,"href":"https:\/\/anoticiaonline.com.br\/site\/wp-json\/wp\/v2\/users\/2"}],"replies":[{"embeddable":true,"href":"https:\/\/anoticiaonline.com.br\/site\/wp-json\/wp\/v2\/comments?post=15347"}],"version-history":[{"count":0,"href":"https:\/\/anoticiaonline.com.br\/site\/wp-json\/wp\/v2\/posts\/15347\/revisions"}],"wp:featuredmedia":[{"embeddable":true,"href":"https:\/\/anoticiaonline.com.br\/site\/wp-json\/wp\/v2\/media\/15348"}],"wp:attachment":[{"href":"https:\/\/anoticiaonline.com.br\/site\/wp-json\/wp\/v2\/media?parent=15347"}],"wp:term":[{"taxonomy":"category","embeddable":true,"href":"https:\/\/anoticiaonline.com.br\/site\/wp-json\/wp\/v2\/categories?post=15347"},{"taxonomy":"post_tag","embeddable":true,"href":"https:\/\/anoticiaonline.com.br\/site\/wp-json\/wp\/v2\/tags?post=15347"}],"curies":[{"name":"wp","href":"https:\/\/api.w.org\/{rel}","templated":true}]}}