{"id":15338,"date":"2016-07-21T10:34:17","date_gmt":"2016-07-21T13:34:17","guid":{"rendered":"http:\/\/anoticiaonline.com.br\/site\/?p=15338"},"modified":"2016-07-21T10:34:17","modified_gmt":"2016-07-21T13:34:17","slug":"sociarte-46","status":"publish","type":"post","link":"https:\/\/anoticiaonline.com.br\/site\/sociarte-46\/","title":{"rendered":"Sociarte:"},"content":{"rendered":"<p><strong>Edi\u00e7\u00e3o 497, de 22 de julho de 2016<\/strong><\/p>\n<p>&nbsp;<\/p>\n<p>&nbsp;<\/p>\n<p><a href=\"https:\/\/anoticiaonline.com.br\/site\/wp-content\/uploads\/2016\/07\/Novo-rotariano.jpg\"><img fetchpriority=\"high\" decoding=\"async\" class=\"alignnone size-medium wp-image-15339\" src=\"https:\/\/anoticiaonline.com.br\/site\/wp-content\/uploads\/2016\/07\/Novo-rotariano-225x300.jpg\" alt=\"Novo rotariano\" width=\"225\" height=\"300\" srcset=\"https:\/\/anoticiaonline.com.br\/site\/wp-content\/uploads\/2016\/07\/Novo-rotariano-225x300.jpg 225w, https:\/\/anoticiaonline.com.br\/site\/wp-content\/uploads\/2016\/07\/Novo-rotariano.jpg 480w\" sizes=\"(max-width: 225px) 100vw, 225px\" \/><\/a><br \/>\n<strong>Novo rotariano<\/strong><\/p>\n<p>O jornalista Greg\u00f3rio Jos\u00e9 \u00e9 o novo membro do Rotary Club Muria\u00e9 Norte. Ele foi empossado no dia 7 deste m\u00eas, durante solenidade realizada na Casa da Amizade, quando tamb\u00e9m aconteceu a posse da nova diretoria do clube de servi\u00e7o. Greg\u00f3rio, parab\u00e9ns, com desejos de muito sucesso neste novo projeto em trabalhar, juntamente com os demais companheiros, em prol da comunidade muriaeense.<\/p>\n<p>&nbsp;<\/p>\n<p>&nbsp;<\/p>\n<p><a href=\"https:\/\/anoticiaonline.com.br\/site\/wp-content\/uploads\/2016\/07\/4-anos-de-Heitor.jpg\"><img decoding=\"async\" class=\"alignnone size-medium wp-image-15340\" src=\"https:\/\/anoticiaonline.com.br\/site\/wp-content\/uploads\/2016\/07\/4-anos-de-Heitor-202x300.jpg\" alt=\"4 anos de Heitor\" width=\"202\" height=\"300\" srcset=\"https:\/\/anoticiaonline.com.br\/site\/wp-content\/uploads\/2016\/07\/4-anos-de-Heitor-202x300.jpg 202w, https:\/\/anoticiaonline.com.br\/site\/wp-content\/uploads\/2016\/07\/4-anos-de-Heitor.jpg 430w\" sizes=\"(max-width: 202px) 100vw, 202px\" \/><\/a><br \/>\n<strong>4 anos de Heitor<\/strong><\/p>\n<p>Os 4 anos de Heitor Rodrigues Nunes, filho de Wederson e L\u00facia, foram comemorados com amiguinhos da Escola Pinguinho de Gente e familiares, durante uma festa, que aconteceu no dia 11, na escola. Muitos vivas para o Heitor! (Foto Central)<\/p>\n<p>&nbsp;<\/p>\n<p>&nbsp;<\/p>\n<p><a href=\"https:\/\/anoticiaonline.com.br\/site\/wp-content\/uploads\/2016\/07\/1-aninho-de-Isaac.jpg\"><img decoding=\"async\" class=\"alignnone size-medium wp-image-15341\" src=\"https:\/\/anoticiaonline.com.br\/site\/wp-content\/uploads\/2016\/07\/1-aninho-de-Isaac-300x200.jpg\" alt=\"1 aninho de Isaac\" width=\"300\" height=\"200\" srcset=\"https:\/\/anoticiaonline.com.br\/site\/wp-content\/uploads\/2016\/07\/1-aninho-de-Isaac-300x200.jpg 300w, https:\/\/anoticiaonline.com.br\/site\/wp-content\/uploads\/2016\/07\/1-aninho-de-Isaac.jpg 640w\" sizes=\"(max-width: 300px) 100vw, 300px\" \/><\/a><br \/>\n<strong>1 aninho de Isaac<\/strong><\/p>\n<p>Ainda em tempo de registrar a comemora\u00e7\u00e3o do 1\u00ba aninho de Isaac. A festa, que aconteceu no dia 11 de junho, no Espa\u00e7o Nobre, no bairro Santana, foi marcada por muita alegria e anima\u00e7\u00e3o. O aniversariante recebe os parab\u00e9ns dos pais, Carlos e Lucilda e das irm\u00e3s. Que Isaac cres\u00e7a com muita sa\u00fade! (Foto Central)<\/p>\n<p>&nbsp;<\/p>\n<p>&nbsp;<\/p>\n<p><a href=\"https:\/\/anoticiaonline.com.br\/site\/wp-content\/uploads\/2016\/07\/15-anos-de-Davi.jpg\"><img loading=\"lazy\" decoding=\"async\" class=\"alignnone size-medium wp-image-15342\" src=\"https:\/\/anoticiaonline.com.br\/site\/wp-content\/uploads\/2016\/07\/15-anos-de-Davi-300x220.jpg\" alt=\"15 anos  de Davi\" width=\"300\" height=\"220\" srcset=\"https:\/\/anoticiaonline.com.br\/site\/wp-content\/uploads\/2016\/07\/15-anos-de-Davi-300x220.jpg 300w, https:\/\/anoticiaonline.com.br\/site\/wp-content\/uploads\/2016\/07\/15-anos-de-Davi.jpg 640w\" sizes=\"(max-width: 300px) 100vw, 300px\" \/><\/a><br \/>\n<strong>15 anos\u00a0 de Davi<\/strong><\/p>\n<p>Amigos e familiares estiveram presentes no S\u00edtio Gerais, no dia 10, para comemorar, juntamente com Davi, a chegada de seus 15 anos. O aniversariante recebe os parab\u00e9ns dos pais, Marcelo Amaro Souza e Andr\u00e9a Limongi Amaro e das irm\u00e3s Maria Luiza e Maria Fernanda. Felicidades! (Foto Kennedy)<\/p>\n<p>&nbsp;<\/p>\n<p>&nbsp;<\/p>\n<p><a href=\"https:\/\/anoticiaonline.com.br\/site\/wp-content\/uploads\/2016\/07\/2-anos-de-Lucas.jpg\"><img loading=\"lazy\" decoding=\"async\" class=\"alignnone size-medium wp-image-15343\" src=\"https:\/\/anoticiaonline.com.br\/site\/wp-content\/uploads\/2016\/07\/2-anos-de-Lucas-300x225.jpg\" alt=\"2 anos de Lucas\" width=\"300\" height=\"225\" srcset=\"https:\/\/anoticiaonline.com.br\/site\/wp-content\/uploads\/2016\/07\/2-anos-de-Lucas-300x225.jpg 300w, https:\/\/anoticiaonline.com.br\/site\/wp-content\/uploads\/2016\/07\/2-anos-de-Lucas.jpg 640w\" sizes=\"(max-width: 300px) 100vw, 300px\" \/><\/a><br \/>\n<strong>2 anos de Lucas<\/strong><\/p>\n<p>S\u00e1bado (16) foi dia de comemorar os 2 aninhos do fofucho Lucas Miranda Bebiano, segundo filho de Leandro Bebiano e Juliana Miranda. A festa, que reuniu familiares e amiguinhos, aconteceu em sua resid\u00eancia, na Barra. O aniversariante recebe os parab\u00e9ns dos pais, da irm\u00e3 Giovana e da equipe do A NOT\u00cdCIA.<\/p>\n<p>&nbsp;<\/p>\n<p>&nbsp;<\/p>\n<p><a href=\"https:\/\/anoticiaonline.com.br\/site\/wp-content\/uploads\/2016\/07\/Niver-duplo.jpg\"><img loading=\"lazy\" decoding=\"async\" class=\"alignnone size-medium wp-image-15344\" src=\"https:\/\/anoticiaonline.com.br\/site\/wp-content\/uploads\/2016\/07\/Niver-duplo-253x300.jpg\" alt=\"Niver duplo\" width=\"253\" height=\"300\" srcset=\"https:\/\/anoticiaonline.com.br\/site\/wp-content\/uploads\/2016\/07\/Niver-duplo-253x300.jpg 253w, https:\/\/anoticiaonline.com.br\/site\/wp-content\/uploads\/2016\/07\/Niver-duplo.jpg 540w\" sizes=\"(max-width: 253px) 100vw, 253px\" \/><\/a><br \/>\n<strong>Niver duplo<\/strong><\/p>\n<p>Elas s\u00e3o muito amigas, mas muito amigas mesmo. Como se n\u00e3o bastasse essa forte amizade no dia a dia, Jordana e Luiza tamb\u00e9m comemoraram a chegada de seus 15 anos em conjunto, durante uma festa surpresa organizada pelas m\u00e3es, que aconteceu no dia 12, no Torre Fest, e que contou com a presen\u00e7a de familiares e amigos do Col\u00e9gio Equipe. Jordana e Luiza recebem os parab\u00e9ns dos pais, respectivamente Gleidson Jos\u00e9 Jacinto e Anielle e Oscar e Luciene. (Foto Central)<\/p>\n<p>&nbsp;<\/p>\n<p>&nbsp;<\/p>\n<p><a href=\"https:\/\/anoticiaonline.com.br\/site\/wp-content\/uploads\/2016\/07\/Enlace-de-Vict\u00f3ria-e-Bruno.jpg\"><img loading=\"lazy\" decoding=\"async\" class=\"alignnone size-medium wp-image-15345\" src=\"https:\/\/anoticiaonline.com.br\/site\/wp-content\/uploads\/2016\/07\/Enlace-de-Vict\u00f3ria-e-Bruno-202x300.jpg\" alt=\"Enlace de Vict\u00f3ria e Bruno\" width=\"202\" height=\"300\" srcset=\"https:\/\/anoticiaonline.com.br\/site\/wp-content\/uploads\/2016\/07\/Enlace-de-Vict\u00f3ria-e-Bruno-202x300.jpg 202w, https:\/\/anoticiaonline.com.br\/site\/wp-content\/uploads\/2016\/07\/Enlace-de-Vict\u00f3ria-e-Bruno.jpg 430w\" sizes=\"(max-width: 202px) 100vw, 202px\" \/><\/a><br \/>\n<strong>Enlace de Vict\u00f3ria e Bruno<\/strong><\/p>\n<p>Vict\u00f3ria e Bruno trocaram alian\u00e7as no s\u00e1bado (16), durante cerim\u00f4nia realizada na Igreja do Evangelho Quadrangular do Porto. Logo ap\u00f3s, os noivos recepcionaram os convidados com um jantar na creche do bairro. Muitas felicidades ao casal nessa nova etapa da vida a dois que se inicia. (Foto Central)<\/p>\n","protected":false},"excerpt":{"rendered":"<p>Edi\u00e7\u00e3o 497, de 22 de julho de 2016 &nbsp; &nbsp; Novo rotariano O jornalista Greg\u00f3rio Jos\u00e9 \u00e9 o novo membro do Rotary Club Muria\u00e9 Norte. Ele foi empossado no dia 7 deste m\u00eas, durante solenidade realizada na Casa da Amizade, quando tamb\u00e9m aconteceu a posse da nova diretoria do clube de servi\u00e7o. Greg\u00f3rio, parab\u00e9ns, com &#8230; <a title=\"Sociarte:\" class=\"read-more\" href=\"https:\/\/anoticiaonline.com.br\/site\/sociarte-46\/\" aria-label=\"Read more about Sociarte:\">Ler mais<\/a><\/p>\n","protected":false},"author":2,"featured_media":0,"comment_status":"open","ping_status":"open","sticky":false,"template":"","format":"standard","meta":{"_acf_changed":false,"_monsterinsights_skip_tracking":false,"footnotes":""},"categories":[38],"tags":[],"class_list":["post-15338","post","type-post","status-publish","format-standard","hentry","category-sociarte"],"acf":[],"aioseo_notices":[],"aioseo_head":"\n\t\t<!-- All in One SEO 5.0.0.1 - aioseo.com -->\n\t<meta name=\"description\" content=\"Edi\u00e7\u00e3o 497, de 22 de julho de 2016 Novo rotariano O jornalista Greg\u00f3rio Jos\u00e9 \u00e9 o novo membro do Rotary Club Muria\u00e9 Norte. Ele foi empossado no dia 7 deste m\u00eas, durante solenidade realizada na Casa da Amizade, quando tamb\u00e9m aconteceu a posse da nova diretoria do clube de servi\u00e7o. Greg\u00f3rio, parab\u00e9ns, com\" \/>\n\t<meta name=\"robots\" content=\"max-image-preview:large\" \/>\n\t<meta name=\"author\" content=\"Juliana Laviola\"\/>\n\t<link rel=\"canonical\" href=\"https:\/\/anoticiaonline.com.br\/site\/sociarte-46\/\" \/>\n\t<meta name=\"generator\" content=\"All in One SEO (AIOSEO) 5.0.0.1\" \/>\n\t\t<meta property=\"og:locale\" content=\"pt_BR\" \/>\n\t\t<meta property=\"og:site_name\" content=\"A Not\u00edcia Online - Noticias de Muria\u00e9 e regi\u00e3o\" \/>\n\t\t<meta property=\"og:type\" content=\"article\" \/>\n\t\t<meta property=\"og:title\" content=\"Sociarte: - A Not\u00edcia Online\" \/>\n\t\t<meta property=\"og:description\" content=\"Edi\u00e7\u00e3o 497, de 22 de julho de 2016 Novo rotariano O jornalista Greg\u00f3rio Jos\u00e9 \u00e9 o novo membro do Rotary Club Muria\u00e9 Norte. Ele foi empossado no dia 7 deste m\u00eas, durante solenidade realizada na Casa da Amizade, quando tamb\u00e9m aconteceu a posse da nova diretoria do clube de servi\u00e7o. Greg\u00f3rio, parab\u00e9ns, com\" \/>\n\t\t<meta property=\"og:url\" content=\"https:\/\/anoticiaonline.com.br\/site\/sociarte-46\/\" \/>\n\t\t<meta property=\"og:image\" content=\"https:\/\/scontent-gig4-1.xx.fbcdn.net\/v\/t39.30808-1\/270437624_4564083193639691_6907940295614233970_n.jpg?stp=dst-jpg_s200x200_tt6&#038;_nc_cat=111&#038;ccb=1-7&#038;_nc_sid=f907e8&#038;_nc_ohc=SM1wRlP3lJwQ7kNvwEPuBYA&#038;_nc_oc=AdnqrjDN_BNjSSHWO-GbkIWH6fkGMLw4bqvL_NH6e2wMveX7G-rP2dAqsDSq1mJMOaY&#038;_nc_zt=24&#038;_nc_ht=scontent-gig4-1.xx&#038;_nc_gid=AoBFJeGrT1hVaew_6rchkQ&#038;oh=00_AfX7QmFGhQhG2jAllVgXCiM1ZrWgvtp80-Bfppyexh1QEg&#038;oe=689E923C\" \/>\n\t\t<meta property=\"og:image:secure_url\" content=\"https:\/\/scontent-gig4-1.xx.fbcdn.net\/v\/t39.30808-1\/270437624_4564083193639691_6907940295614233970_n.jpg?stp=dst-jpg_s200x200_tt6&#038;_nc_cat=111&#038;ccb=1-7&#038;_nc_sid=f907e8&#038;_nc_ohc=SM1wRlP3lJwQ7kNvwEPuBYA&#038;_nc_oc=AdnqrjDN_BNjSSHWO-GbkIWH6fkGMLw4bqvL_NH6e2wMveX7G-rP2dAqsDSq1mJMOaY&#038;_nc_zt=24&#038;_nc_ht=scontent-gig4-1.xx&#038;_nc_gid=AoBFJeGrT1hVaew_6rchkQ&#038;oh=00_AfX7QmFGhQhG2jAllVgXCiM1ZrWgvtp80-Bfppyexh1QEg&#038;oe=689E923C\" \/>\n\t\t<meta property=\"article:published_time\" content=\"2016-07-21T13:34:17+00:00\" \/>\n\t\t<meta property=\"article:modified_time\" content=\"2016-07-21T13:34:17+00:00\" \/>\n\t\t<meta name=\"twitter:card\" content=\"summary_large_image\" \/>\n\t\t<meta name=\"twitter:title\" content=\"Sociarte: - A Not\u00edcia Online\" \/>\n\t\t<meta name=\"twitter:description\" content=\"Edi\u00e7\u00e3o 497, de 22 de julho de 2016 Novo rotariano O jornalista Greg\u00f3rio Jos\u00e9 \u00e9 o novo membro do Rotary Club Muria\u00e9 Norte. Ele foi empossado no dia 7 deste m\u00eas, durante solenidade realizada na Casa da Amizade, quando tamb\u00e9m aconteceu a posse da nova diretoria do clube de servi\u00e7o. Greg\u00f3rio, parab\u00e9ns, com\" \/>\n\t\t<meta name=\"twitter:image\" content=\"https:\/\/scontent-gig4-1.xx.fbcdn.net\/v\/t39.30808-1\/270437624_4564083193639691_6907940295614233970_n.jpg?stp=dst-jpg_s200x200_tt6&amp;_nc_cat=111&amp;ccb=1-7&amp;_nc_sid=f907e8&amp;_nc_ohc=SM1wRlP3lJwQ7kNvwEPuBYA&amp;_nc_oc=AdnqrjDN_BNjSSHWO-GbkIWH6fkGMLw4bqvL_NH6e2wMveX7G-rP2dAqsDSq1mJMOaY&amp;_nc_zt=24&amp;_nc_ht=scontent-gig4-1.xx&amp;_nc_gid=AoBFJeGrT1hVaew_6rchkQ&amp;oh=00_AfX7QmFGhQhG2jAllVgXCiM1ZrWgvtp80-Bfppyexh1QEg&amp;oe=689E923C\" \/>\n\t\t<script type=\"application\/ld+json\" class=\"aioseo-schema\">\n\t\t\t{\"@context\":\"https:\\\/\\\/schema.org\",\"@graph\":[{\"@type\":\"BlogPosting\",\"@id\":\"https:\\\/\\\/anoticiaonline.com.br\\\/site\\\/sociarte-46\\\/#blogposting\",\"name\":\"Sociarte: - A Not\\u00edcia Online\",\"headline\":\"Sociarte:\",\"author\":{\"@id\":\"https:\\\/\\\/anoticiaonline.com.br\\\/site\\\/author\\\/juliana\\\/#author\"},\"publisher\":{\"@id\":\"https:\\\/\\\/anoticiaonline.com.br\\\/site\\\/#organization\"},\"image\":{\"@type\":\"ImageObject\",\"url\":\"http:\\\/\\\/anoticiaonline.com.br\\\/site\\\/wp-content\\\/uploads\\\/2016\\\/07\\\/Novo-rotariano-225x300.jpg\",\"@id\":\"https:\\\/\\\/anoticiaonline.com.br\\\/site\\\/sociarte-46\\\/#articleImage\"},\"datePublished\":\"2016-07-21T10:34:17-03:00\",\"dateModified\":\"2016-07-21T10:34:17-03:00\",\"inLanguage\":\"pt-BR\",\"mainEntityOfPage\":{\"@id\":\"https:\\\/\\\/anoticiaonline.com.br\\\/site\\\/sociarte-46\\\/#webpage\"},\"isPartOf\":{\"@id\":\"https:\\\/\\\/anoticiaonline.com.br\\\/site\\\/sociarte-46\\\/#webpage\"},\"articleSection\":\"Sociarte\"},{\"@type\":\"BreadcrumbList\",\"@id\":\"https:\\\/\\\/anoticiaonline.com.br\\\/site\\\/sociarte-46\\\/#breadcrumblist\",\"itemListElement\":[{\"@type\":\"ListItem\",\"@id\":\"https:\\\/\\\/anoticiaonline.com.br\\\/site#listItem\",\"position\":1,\"name\":\"Home\",\"item\":\"https:\\\/\\\/anoticiaonline.com.br\\\/site\",\"nextItem\":{\"@type\":\"ListItem\",\"@id\":\"https:\\\/\\\/anoticiaonline.com.br\\\/site\\\/categoria\\\/colunistas\\\/#listItem\",\"name\":\"Colunistas\"}},{\"@type\":\"ListItem\",\"@id\":\"https:\\\/\\\/anoticiaonline.com.br\\\/site\\\/categoria\\\/colunistas\\\/#listItem\",\"position\":2,\"name\":\"Colunistas\",\"item\":\"https:\\\/\\\/anoticiaonline.com.br\\\/site\\\/categoria\\\/colunistas\\\/\",\"nextItem\":{\"@type\":\"ListItem\",\"@id\":\"https:\\\/\\\/anoticiaonline.com.br\\\/site\\\/categoria\\\/colunistas\\\/sociarte\\\/#listItem\",\"name\":\"Sociarte\"},\"previousItem\":{\"@type\":\"ListItem\",\"@id\":\"https:\\\/\\\/anoticiaonline.com.br\\\/site#listItem\",\"name\":\"Home\"}},{\"@type\":\"ListItem\",\"@id\":\"https:\\\/\\\/anoticiaonline.com.br\\\/site\\\/categoria\\\/colunistas\\\/sociarte\\\/#listItem\",\"position\":3,\"name\":\"Sociarte\",\"item\":\"https:\\\/\\\/anoticiaonline.com.br\\\/site\\\/categoria\\\/colunistas\\\/sociarte\\\/\",\"nextItem\":{\"@type\":\"ListItem\",\"@id\":\"https:\\\/\\\/anoticiaonline.com.br\\\/site\\\/sociarte-46\\\/#listItem\",\"name\":\"Sociarte:\"},\"previousItem\":{\"@type\":\"ListItem\",\"@id\":\"https:\\\/\\\/anoticiaonline.com.br\\\/site\\\/categoria\\\/colunistas\\\/#listItem\",\"name\":\"Colunistas\"}},{\"@type\":\"ListItem\",\"@id\":\"https:\\\/\\\/anoticiaonline.com.br\\\/site\\\/sociarte-46\\\/#listItem\",\"position\":4,\"name\":\"Sociarte:\",\"previousItem\":{\"@type\":\"ListItem\",\"@id\":\"https:\\\/\\\/anoticiaonline.com.br\\\/site\\\/categoria\\\/colunistas\\\/sociarte\\\/#listItem\",\"name\":\"Sociarte\"}}]},{\"@type\":\"Organization\",\"@id\":\"https:\\\/\\\/anoticiaonline.com.br\\\/site\\\/#organization\",\"name\":\"A Not\\u00edcia Online\",\"description\":\"Noticias de Muria\\u00e9 e regi\\u00e3o\",\"url\":\"https:\\\/\\\/anoticiaonline.com.br\\\/site\\\/\",\"logo\":{\"@type\":\"ImageObject\",\"url\":\"https:\\\/\\\/scontent-gig4-1.xx.fbcdn.net\\\/v\\\/t39.30808-1\\\/270437624_4564083193639691_6907940295614233970_n.jpg?stp=dst-jpg_s200x200_tt6&_nc_cat=111&ccb=1-7&_nc_sid=f907e8&_nc_ohc=SM1wRlP3lJwQ7kNvwEPuBYA&_nc_oc=AdnqrjDN_BNjSSHWO-GbkIWH6fkGMLw4bqvL_NH6e2wMveX7G-rP2dAqsDSq1mJMOaY&_nc_zt=24&_nc_ht=scontent-gig4-1.xx&_nc_gid=AoBFJeGrT1hVaew_6rchkQ&oh=00_AfX7QmFGhQhG2jAllVgXCiM1ZrWgvtp80-Bfppyexh1QEg&oe=689E923C\",\"@id\":\"https:\\\/\\\/anoticiaonline.com.br\\\/site\\\/sociarte-46\\\/#organizationLogo\"},\"image\":{\"@id\":\"https:\\\/\\\/anoticiaonline.com.br\\\/site\\\/sociarte-46\\\/#organizationLogo\"}},{\"@type\":\"Person\",\"@id\":\"https:\\\/\\\/anoticiaonline.com.br\\\/site\\\/author\\\/juliana\\\/#author\",\"url\":\"https:\\\/\\\/anoticiaonline.com.br\\\/site\\\/author\\\/juliana\\\/\",\"name\":\"Juliana Laviola\",\"image\":{\"@type\":\"ImageObject\",\"@id\":\"https:\\\/\\\/anoticiaonline.com.br\\\/site\\\/sociarte-46\\\/#authorImage\",\"url\":\"https:\\\/\\\/secure.gravatar.com\\\/avatar\\\/b8d45f5c699b100dfaf0e543582f38f38bf94cb7ae3a5e9abf8d891a34773335?s=96&d=mm&r=g\",\"width\":96,\"height\":96,\"caption\":\"Juliana Laviola\"}},{\"@type\":\"WebPage\",\"@id\":\"https:\\\/\\\/anoticiaonline.com.br\\\/site\\\/sociarte-46\\\/#webpage\",\"url\":\"https:\\\/\\\/anoticiaonline.com.br\\\/site\\\/sociarte-46\\\/\",\"name\":\"Sociarte: - A Not\\u00edcia Online\",\"description\":\"Edi\\u00e7\\u00e3o 497, de 22 de julho de 2016 Novo rotariano O jornalista Greg\\u00f3rio Jos\\u00e9 \\u00e9 o novo membro do Rotary Club Muria\\u00e9 Norte. Ele foi empossado no dia 7 deste m\\u00eas, durante solenidade realizada na Casa da Amizade, quando tamb\\u00e9m aconteceu a posse da nova diretoria do clube de servi\\u00e7o. Greg\\u00f3rio, parab\\u00e9ns, com\",\"inLanguage\":\"pt-BR\",\"isPartOf\":{\"@id\":\"https:\\\/\\\/anoticiaonline.com.br\\\/site\\\/#website\"},\"breadcrumb\":{\"@id\":\"https:\\\/\\\/anoticiaonline.com.br\\\/site\\\/sociarte-46\\\/#breadcrumblist\"},\"author\":{\"@id\":\"https:\\\/\\\/anoticiaonline.com.br\\\/site\\\/author\\\/juliana\\\/#author\"},\"creator\":{\"@id\":\"https:\\\/\\\/anoticiaonline.com.br\\\/site\\\/author\\\/juliana\\\/#author\"},\"datePublished\":\"2016-07-21T10:34:17-03:00\",\"dateModified\":\"2016-07-21T10:34:17-03:00\"},{\"@type\":\"WebSite\",\"@id\":\"https:\\\/\\\/anoticiaonline.com.br\\\/site\\\/#website\",\"url\":\"https:\\\/\\\/anoticiaonline.com.br\\\/site\\\/\",\"name\":\"A Not\\u00edcia Online\",\"description\":\"Noticias de Muria\\u00e9 e regi\\u00e3o\",\"inLanguage\":\"pt-BR\",\"publisher\":{\"@id\":\"https:\\\/\\\/anoticiaonline.com.br\\\/site\\\/#organization\"}}]}\n\t\t<\/script>\n\t\t<!-- All in One SEO -->\n\n","aioseo_head_json":{"title":"Sociarte: - A Not\u00edcia Online","description":"Edi\u00e7\u00e3o 497, de 22 de julho de 2016 Novo rotariano O jornalista Greg\u00f3rio Jos\u00e9 \u00e9 o novo membro do Rotary Club Muria\u00e9 Norte. Ele foi empossado no dia 7 deste m\u00eas, durante solenidade realizada na Casa da Amizade, quando tamb\u00e9m aconteceu a posse da nova diretoria do clube de servi\u00e7o. Greg\u00f3rio, parab\u00e9ns, com","canonical_url":"https:\/\/anoticiaonline.com.br\/site\/sociarte-46\/","robots":"max-image-preview:large","keywords":"","webmasterTools":{"miscellaneous":""},"schema":{"@context":"https:\/\/schema.org","@graph":[{"@type":"BlogPosting","@id":"https:\/\/anoticiaonline.com.br\/site\/sociarte-46\/#blogposting","name":"Sociarte: - A Not\u00edcia Online","headline":"Sociarte:","author":{"@id":"https:\/\/anoticiaonline.com.br\/site\/author\/juliana\/#author"},"publisher":{"@id":"https:\/\/anoticiaonline.com.br\/site\/#organization"},"image":{"@type":"ImageObject","url":"http:\/\/anoticiaonline.com.br\/site\/wp-content\/uploads\/2016\/07\/Novo-rotariano-225x300.jpg","@id":"https:\/\/anoticiaonline.com.br\/site\/sociarte-46\/#articleImage"},"datePublished":"2016-07-21T10:34:17-03:00","dateModified":"2016-07-21T10:34:17-03:00","inLanguage":"pt-BR","mainEntityOfPage":{"@id":"https:\/\/anoticiaonline.com.br\/site\/sociarte-46\/#webpage"},"isPartOf":{"@id":"https:\/\/anoticiaonline.com.br\/site\/sociarte-46\/#webpage"},"articleSection":"Sociarte"},{"@type":"BreadcrumbList","@id":"https:\/\/anoticiaonline.com.br\/site\/sociarte-46\/#breadcrumblist","itemListElement":[{"@type":"ListItem","@id":"https:\/\/anoticiaonline.com.br\/site#listItem","position":1,"name":"Home","item":"https:\/\/anoticiaonline.com.br\/site","nextItem":{"@type":"ListItem","@id":"https:\/\/anoticiaonline.com.br\/site\/categoria\/colunistas\/#listItem","name":"Colunistas"}},{"@type":"ListItem","@id":"https:\/\/anoticiaonline.com.br\/site\/categoria\/colunistas\/#listItem","position":2,"name":"Colunistas","item":"https:\/\/anoticiaonline.com.br\/site\/categoria\/colunistas\/","nextItem":{"@type":"ListItem","@id":"https:\/\/anoticiaonline.com.br\/site\/categoria\/colunistas\/sociarte\/#listItem","name":"Sociarte"},"previousItem":{"@type":"ListItem","@id":"https:\/\/anoticiaonline.com.br\/site#listItem","name":"Home"}},{"@type":"ListItem","@id":"https:\/\/anoticiaonline.com.br\/site\/categoria\/colunistas\/sociarte\/#listItem","position":3,"name":"Sociarte","item":"https:\/\/anoticiaonline.com.br\/site\/categoria\/colunistas\/sociarte\/","nextItem":{"@type":"ListItem","@id":"https:\/\/anoticiaonline.com.br\/site\/sociarte-46\/#listItem","name":"Sociarte:"},"previousItem":{"@type":"ListItem","@id":"https:\/\/anoticiaonline.com.br\/site\/categoria\/colunistas\/#listItem","name":"Colunistas"}},{"@type":"ListItem","@id":"https:\/\/anoticiaonline.com.br\/site\/sociarte-46\/#listItem","position":4,"name":"Sociarte:","previousItem":{"@type":"ListItem","@id":"https:\/\/anoticiaonline.com.br\/site\/categoria\/colunistas\/sociarte\/#listItem","name":"Sociarte"}}]},{"@type":"Organization","@id":"https:\/\/anoticiaonline.com.br\/site\/#organization","name":"A Not\u00edcia Online","description":"Noticias de Muria\u00e9 e regi\u00e3o","url":"https:\/\/anoticiaonline.com.br\/site\/","logo":{"@type":"ImageObject","url":"https:\/\/scontent-gig4-1.xx.fbcdn.net\/v\/t39.30808-1\/270437624_4564083193639691_6907940295614233970_n.jpg?stp=dst-jpg_s200x200_tt6&_nc_cat=111&ccb=1-7&_nc_sid=f907e8&_nc_ohc=SM1wRlP3lJwQ7kNvwEPuBYA&_nc_oc=AdnqrjDN_BNjSSHWO-GbkIWH6fkGMLw4bqvL_NH6e2wMveX7G-rP2dAqsDSq1mJMOaY&_nc_zt=24&_nc_ht=scontent-gig4-1.xx&_nc_gid=AoBFJeGrT1hVaew_6rchkQ&oh=00_AfX7QmFGhQhG2jAllVgXCiM1ZrWgvtp80-Bfppyexh1QEg&oe=689E923C","@id":"https:\/\/anoticiaonline.com.br\/site\/sociarte-46\/#organizationLogo"},"image":{"@id":"https:\/\/anoticiaonline.com.br\/site\/sociarte-46\/#organizationLogo"}},{"@type":"Person","@id":"https:\/\/anoticiaonline.com.br\/site\/author\/juliana\/#author","url":"https:\/\/anoticiaonline.com.br\/site\/author\/juliana\/","name":"Juliana Laviola","image":{"@type":"ImageObject","@id":"https:\/\/anoticiaonline.com.br\/site\/sociarte-46\/#authorImage","url":"https:\/\/secure.gravatar.com\/avatar\/b8d45f5c699b100dfaf0e543582f38f38bf94cb7ae3a5e9abf8d891a34773335?s=96&d=mm&r=g","width":96,"height":96,"caption":"Juliana Laviola"}},{"@type":"WebPage","@id":"https:\/\/anoticiaonline.com.br\/site\/sociarte-46\/#webpage","url":"https:\/\/anoticiaonline.com.br\/site\/sociarte-46\/","name":"Sociarte: - A Not\u00edcia Online","description":"Edi\u00e7\u00e3o 497, de 22 de julho de 2016 Novo rotariano O jornalista Greg\u00f3rio Jos\u00e9 \u00e9 o novo membro do Rotary Club Muria\u00e9 Norte. Ele foi empossado no dia 7 deste m\u00eas, durante solenidade realizada na Casa da Amizade, quando tamb\u00e9m aconteceu a posse da nova diretoria do clube de servi\u00e7o. Greg\u00f3rio, parab\u00e9ns, com","inLanguage":"pt-BR","isPartOf":{"@id":"https:\/\/anoticiaonline.com.br\/site\/#website"},"breadcrumb":{"@id":"https:\/\/anoticiaonline.com.br\/site\/sociarte-46\/#breadcrumblist"},"author":{"@id":"https:\/\/anoticiaonline.com.br\/site\/author\/juliana\/#author"},"creator":{"@id":"https:\/\/anoticiaonline.com.br\/site\/author\/juliana\/#author"},"datePublished":"2016-07-21T10:34:17-03:00","dateModified":"2016-07-21T10:34:17-03:00"},{"@type":"WebSite","@id":"https:\/\/anoticiaonline.com.br\/site\/#website","url":"https:\/\/anoticiaonline.com.br\/site\/","name":"A Not\u00edcia Online","description":"Noticias de Muria\u00e9 e regi\u00e3o","inLanguage":"pt-BR","publisher":{"@id":"https:\/\/anoticiaonline.com.br\/site\/#organization"}}]},"og:locale":"pt_BR","og:site_name":"A Not\u00edcia Online - Noticias de Muria\u00e9 e regi\u00e3o","og:type":"article","og:title":"Sociarte: - A Not\u00edcia Online","og:description":"Edi\u00e7\u00e3o 497, de 22 de julho de 2016 Novo rotariano O jornalista Greg\u00f3rio Jos\u00e9 \u00e9 o novo membro do Rotary Club Muria\u00e9 Norte. Ele foi empossado no dia 7 deste m\u00eas, durante solenidade realizada na Casa da Amizade, quando tamb\u00e9m aconteceu a posse da nova diretoria do clube de servi\u00e7o. Greg\u00f3rio, parab\u00e9ns, com","og:url":"https:\/\/anoticiaonline.com.br\/site\/sociarte-46\/","og:image":"https:\/\/scontent-gig4-1.xx.fbcdn.net\/v\/t39.30808-1\/270437624_4564083193639691_6907940295614233970_n.jpg?stp=dst-jpg_s200x200_tt6&#038;_nc_cat=111&#038;ccb=1-7&#038;_nc_sid=f907e8&#038;_nc_ohc=SM1wRlP3lJwQ7kNvwEPuBYA&#038;_nc_oc=AdnqrjDN_BNjSSHWO-GbkIWH6fkGMLw4bqvL_NH6e2wMveX7G-rP2dAqsDSq1mJMOaY&#038;_nc_zt=24&#038;_nc_ht=scontent-gig4-1.xx&#038;_nc_gid=AoBFJeGrT1hVaew_6rchkQ&#038;oh=00_AfX7QmFGhQhG2jAllVgXCiM1ZrWgvtp80-Bfppyexh1QEg&#038;oe=689E923C","og:image:secure_url":"https:\/\/scontent-gig4-1.xx.fbcdn.net\/v\/t39.30808-1\/270437624_4564083193639691_6907940295614233970_n.jpg?stp=dst-jpg_s200x200_tt6&#038;_nc_cat=111&#038;ccb=1-7&#038;_nc_sid=f907e8&#038;_nc_ohc=SM1wRlP3lJwQ7kNvwEPuBYA&#038;_nc_oc=AdnqrjDN_BNjSSHWO-GbkIWH6fkGMLw4bqvL_NH6e2wMveX7G-rP2dAqsDSq1mJMOaY&#038;_nc_zt=24&#038;_nc_ht=scontent-gig4-1.xx&#038;_nc_gid=AoBFJeGrT1hVaew_6rchkQ&#038;oh=00_AfX7QmFGhQhG2jAllVgXCiM1ZrWgvtp80-Bfppyexh1QEg&#038;oe=689E923C","article:published_time":"2016-07-21T13:34:17+00:00","article:modified_time":"2016-07-21T13:34:17+00:00","twitter:card":"summary_large_image","twitter:title":"Sociarte: - A Not\u00edcia Online","twitter:description":"Edi\u00e7\u00e3o 497, de 22 de julho de 2016 Novo rotariano O jornalista Greg\u00f3rio Jos\u00e9 \u00e9 o novo membro do Rotary Club Muria\u00e9 Norte. Ele foi empossado no dia 7 deste m\u00eas, durante solenidade realizada na Casa da Amizade, quando tamb\u00e9m aconteceu a posse da nova diretoria do clube de servi\u00e7o. Greg\u00f3rio, parab\u00e9ns, com","twitter:image":"https:\/\/scontent-gig4-1.xx.fbcdn.net\/v\/t39.30808-1\/270437624_4564083193639691_6907940295614233970_n.jpg?stp=dst-jpg_s200x200_tt6&_nc_cat=111&ccb=1-7&_nc_sid=f907e8&_nc_ohc=SM1wRlP3lJwQ7kNvwEPuBYA&_nc_oc=AdnqrjDN_BNjSSHWO-GbkIWH6fkGMLw4bqvL_NH6e2wMveX7G-rP2dAqsDSq1mJMOaY&_nc_zt=24&_nc_ht=scontent-gig4-1.xx&_nc_gid=AoBFJeGrT1hVaew_6rchkQ&oh=00_AfX7QmFGhQhG2jAllVgXCiM1ZrWgvtp80-Bfppyexh1QEg&oe=689E923C"},"aioseo_meta_data":{"post_id":"15338","title":null,"description":null,"keywords":null,"keyphrases":null,"primary_term":null,"canonical_url":null,"og_title":null,"og_description":null,"og_object_type":"default","og_image_type":"default","og_image_url":null,"og_image_width":null,"og_image_height":null,"og_image_custom_url":null,"og_image_custom_fields":null,"og_video":null,"og_custom_url":null,"og_article_section":null,"og_article_tags":null,"twitter_use_og":false,"twitter_card":"default","twitter_image_type":"default","twitter_image_url":null,"twitter_image_custom_url":null,"twitter_image_custom_fields":null,"twitter_title":null,"twitter_description":null,"schema":{"blockGraphs":[],"customGraphs":[],"default":{"data":{"Article":[],"Course":[],"Dataset":[],"FAQPage":[],"Movie":[],"Person":[],"Product":[],"ProductReview":[],"Car":[],"Recipe":[],"Service":[],"SoftwareApplication":[],"WebPage":[]},"graphName":"","isEnabled":true},"graphs":[]},"schema_type":"default","schema_type_options":null,"pillar_content":false,"robots_default":true,"robots_noindex":false,"robots_noarchive":false,"robots_nosnippet":false,"robots_nofollow":false,"robots_noimageindex":false,"robots_noodp":false,"robots_notranslate":false,"robots_max_snippet":null,"robots_max_videopreview":null,"robots_max_imagepreview":"large","priority":null,"frequency":null,"local_seo":null,"breadcrumb_settings":null,"limit_modified_date":false,"ai":null,"created":"2025-08-16 16:28:28","updated":"2025-08-16 16:28:28","focus_keyword":null,"additional_keywords":null,"truseo_locale":null,"seo_analyzer_scan_date":null},"aioseo_breadcrumb":"<div class=\"aioseo-breadcrumbs\"><span class=\"aioseo-breadcrumb\">\n\t\t\t<a href=\"https:\/\/anoticiaonline.com.br\/site\" title=\"Home\">Home<\/a>\n\t\t<\/span><span class=\"aioseo-breadcrumb-separator\">&raquo;<\/span><span class=\"aioseo-breadcrumb\">\n\t\t\t<a href=\"https:\/\/anoticiaonline.com.br\/site\/categoria\/colunistas\/\" title=\"Colunistas\">Colunistas<\/a>\n\t\t<\/span><span class=\"aioseo-breadcrumb-separator\">&raquo;<\/span><span class=\"aioseo-breadcrumb\">\n\t\t\t<a href=\"https:\/\/anoticiaonline.com.br\/site\/categoria\/colunistas\/sociarte\/\" title=\"Sociarte\">Sociarte<\/a>\n\t\t<\/span><span class=\"aioseo-breadcrumb-separator\">&raquo;<\/span><span class=\"aioseo-breadcrumb\">\n\t\t\tSociarte:\n\t\t<\/span><\/div>","aioseo_breadcrumb_json":[{"label":"Home","link":"https:\/\/anoticiaonline.com.br\/site"},{"label":"Colunistas","link":"https:\/\/anoticiaonline.com.br\/site\/categoria\/colunistas\/"},{"label":"Sociarte","link":"https:\/\/anoticiaonline.com.br\/site\/categoria\/colunistas\/sociarte\/"},{"label":"Sociarte:","link":"https:\/\/anoticiaonline.com.br\/site\/sociarte-46\/"}],"views":115,"_links":{"self":[{"href":"https:\/\/anoticiaonline.com.br\/site\/wp-json\/wp\/v2\/posts\/15338","targetHints":{"allow":["GET"]}}],"collection":[{"href":"https:\/\/anoticiaonline.com.br\/site\/wp-json\/wp\/v2\/posts"}],"about":[{"href":"https:\/\/anoticiaonline.com.br\/site\/wp-json\/wp\/v2\/types\/post"}],"author":[{"embeddable":true,"href":"https:\/\/anoticiaonline.com.br\/site\/wp-json\/wp\/v2\/users\/2"}],"replies":[{"embeddable":true,"href":"https:\/\/anoticiaonline.com.br\/site\/wp-json\/wp\/v2\/comments?post=15338"}],"version-history":[{"count":0,"href":"https:\/\/anoticiaonline.com.br\/site\/wp-json\/wp\/v2\/posts\/15338\/revisions"}],"wp:attachment":[{"href":"https:\/\/anoticiaonline.com.br\/site\/wp-json\/wp\/v2\/media?parent=15338"}],"wp:term":[{"taxonomy":"category","embeddable":true,"href":"https:\/\/anoticiaonline.com.br\/site\/wp-json\/wp\/v2\/categories?post=15338"},{"taxonomy":"post_tag","embeddable":true,"href":"https:\/\/anoticiaonline.com.br\/site\/wp-json\/wp\/v2\/tags?post=15338"}],"curies":[{"name":"wp","href":"https:\/\/api.w.org\/{rel}","templated":true}]}}