{"id":15325,"date":"2016-07-20T11:09:11","date_gmt":"2016-07-20T14:09:11","guid":{"rendered":"http:\/\/anoticiaonline.com.br\/site\/?p=15325"},"modified":"2016-07-20T11:09:11","modified_gmt":"2016-07-20T14:09:11","slug":"jovens-acusados-por-tentativa-de-homicidio-em-2014-sao-absolvidos-por-juri-popular","status":"publish","type":"post","link":"https:\/\/anoticiaonline.com.br\/site\/jovens-acusados-por-tentativa-de-homicidio-em-2014-sao-absolvidos-por-juri-popular\/","title":{"rendered":"Jovens acusados por tentativa de homic\u00eddio em 2014 s\u00e3o absolvidos por j\u00fari popular"},"content":{"rendered":"<p><a href=\"https:\/\/anoticiaonline.com.br\/site\/wp-content\/uploads\/2016\/07\/Jovens-acusados-por-tentativa-de-homic\u00eddio-em-2014-s\u00e3o-absolvidos-por-j\u00fari-popular.jpg\"><img fetchpriority=\"high\" decoding=\"async\" class=\" size-medium wp-image-15326 alignleft\" src=\"https:\/\/anoticiaonline.com.br\/site\/wp-content\/uploads\/2016\/07\/Jovens-acusados-por-tentativa-de-homic\u00eddio-em-2014-s\u00e3o-absolvidos-por-j\u00fari-popular-300x265.jpg\" alt=\"Jovens acusados por tentativa de homic\u00eddio em 2014 s\u00e3o absolvidos por j\u00fari popular\" width=\"300\" height=\"265\" srcset=\"https:\/\/anoticiaonline.com.br\/site\/wp-content\/uploads\/2016\/07\/Jovens-acusados-por-tentativa-de-homic\u00eddio-em-2014-s\u00e3o-absolvidos-por-j\u00fari-popular-300x265.jpg 300w, https:\/\/anoticiaonline.com.br\/site\/wp-content\/uploads\/2016\/07\/Jovens-acusados-por-tentativa-de-homic\u00eddio-em-2014-s\u00e3o-absolvidos-por-j\u00fari-popular.jpg 640w\" sizes=\"(max-width: 300px) 100vw, 300px\" \/><\/a>Dois jovens, acusados de tentativa de homic\u00eddio contra cinco pessoas em 2014, foram absolvidos pelo j\u00fari popular, durante julgamento realizado na ter\u00e7a-feira (19), no F\u00f3rum Tabeli\u00e3o Pacheco de Medeiros. O caso aconteceu em janeiro daquele ano, na Rua Sime\u00e3o Feres, na Barra, e nenhuma das supostas cinco v\u00edtimas foi ferida.<\/p>\n<p>O Corpo de Senten\u00e7a, formado por seis homens e uma mulher, acatou a tese da defesa, que pedia a absolvi\u00e7\u00e3o, essencialmente por falta de provas. Entre os argumentos usados pela defesa est\u00e3o a falta de provas sobre a materialidade do crime, a aus\u00eancia de elementos materiais, como proj\u00e9teis, fragmentos dos mesmos e marcas de tiros, e a n\u00e3o realiza\u00e7\u00e3o de per\u00edcia no local do fato.<\/p>\n<p>O advogado de um dos r\u00e9us, Ailton Torres Neves, considera o resultado do julgamento \u201csatisfat\u00f3rio\u201d. \u201cFoi satisfat\u00f3rio, porque foi feito justi\u00e7a. O inqu\u00e9rito policial foi muito mal elaborado e n\u00e3o fizeram pol\u00edcia t\u00e9cnica. Os jurados fizeram justi\u00e7a, absolvendo o meu cliente por um crime que n\u00e3o aconteceu\u201d, afirma. Por\u00e9m, o jovem que ele defendeu continua recluso, pois est\u00e1 preso por ordem da Justi\u00e7a, respondendo por um suposto envolvimento em um caso de tr\u00e1fico de drogas. Segundo seu advogado, ele tamb\u00e9m \u00e9 inocente neste crime. \u201cEle foi preso em uma resid\u00eancia, na qual o propriet\u00e1rio assumiu todo o risco\u201d, afirma.<\/p>\n<p>J\u00e1 o outro jovem teve a liberdade decretada. \u201cEstamos indo embora com a sensa\u00e7\u00e3o de que, realmente, a justi\u00e7a foi feita. O Conselho de Senten\u00e7a acolheu a nossa tese, que foi sustentada desde o in\u00edcio, desde a pris\u00e3o em flagrante\u201d, conta o advogado do outro r\u00e9u, Ricardo Couri.<\/p>\n<p>A promotora Jackeliny Rangel, que pediu pela condena\u00e7\u00e3o dos re\u00fas, explica que a senten\u00e7a n\u00e3o cabe recurso. \u201cA Lei Processual diz que somente \u00e9 poss\u00edvel recorrer nestes casos quando o julgamento for manifestamente contr\u00e1rio \u00e0 prova dos autos, o que n\u00e3o \u00e9 o caso. Haviam duas teses embasadas nos argumentos que existiam nos autos. Foi escolhida uma tese, a tese da defesa. Por isso n\u00e3o h\u00e1 a possibilidade de recurso por parte do Minist\u00e9rio P\u00fablico\u201d, explica.<\/p>\n<p>O julgamento, que come\u00e7ou pouco depois das 9h, terminou \u00e0s 18h, quando a senten\u00e7a foi lida pelo juiz da Vara Criminal da Comarca de Muria\u00e9, Maur\u00edcio Pirozi.<\/p>\n","protected":false},"excerpt":{"rendered":"<p>Dois jovens, acusados de tentativa de homic\u00eddio contra cinco pessoas em 2014, foram absolvidos pelo j\u00fari popular, durante julgamento realizado na ter\u00e7a-feira (19), no F\u00f3rum Tabeli\u00e3o Pacheco de Medeiros. O caso aconteceu em janeiro daquele ano, na Rua Sime\u00e3o Feres, na Barra, e nenhuma das supostas cinco v\u00edtimas foi ferida. O Corpo de Senten\u00e7a, formado &#8230; <a title=\"Jovens acusados por tentativa de homic\u00eddio em 2014 s\u00e3o absolvidos por j\u00fari popular\" class=\"read-more\" href=\"https:\/\/anoticiaonline.com.br\/site\/jovens-acusados-por-tentativa-de-homicidio-em-2014-sao-absolvidos-por-juri-popular\/\" aria-label=\"Read more about Jovens acusados por tentativa de homic\u00eddio em 2014 s\u00e3o absolvidos por j\u00fari popular\">Ler mais<\/a><\/p>\n","protected":false},"author":2,"featured_media":15326,"comment_status":"open","ping_status":"open","sticky":false,"template":"","format":"standard","meta":{"_acf_changed":false,"_monsterinsights_skip_tracking":false,"footnotes":""},"categories":[30],"tags":[3],"class_list":["post-15325","post","type-post","status-publish","format-standard","has-post-thumbnail","hentry","category-muriae","tag-slide"],"acf":[],"aioseo_notices":[],"aioseo_head":"\n\t\t<!-- All in One SEO 5.0.0.1 - aioseo.com -->\n\t<meta name=\"description\" content=\"Dois jovens, acusados de tentativa de homic\u00eddio contra cinco pessoas em 2014, foram absolvidos pelo j\u00fari popular, durante julgamento realizado na ter\u00e7a-feira (19), no F\u00f3rum Tabeli\u00e3o Pacheco de Medeiros. O caso aconteceu em janeiro daquele ano, na Rua Sime\u00e3o Feres, na Barra, e nenhuma das supostas cinco v\u00edtimas foi ferida. O Corpo de Senten\u00e7a, formado\" \/>\n\t<meta name=\"robots\" content=\"max-image-preview:large\" \/>\n\t<meta name=\"author\" content=\"Juliana Laviola\"\/>\n\t<link rel=\"canonical\" href=\"https:\/\/anoticiaonline.com.br\/site\/jovens-acusados-por-tentativa-de-homicidio-em-2014-sao-absolvidos-por-juri-popular\/\" \/>\n\t<meta name=\"generator\" content=\"All in One SEO (AIOSEO) 5.0.0.1\" \/>\n\t\t<meta property=\"og:locale\" content=\"pt_BR\" \/>\n\t\t<meta property=\"og:site_name\" content=\"A Not\u00edcia Online - Noticias de Muria\u00e9 e regi\u00e3o\" \/>\n\t\t<meta property=\"og:type\" content=\"article\" \/>\n\t\t<meta property=\"og:title\" content=\"Jovens acusados por tentativa de homic\u00eddio em 2014 s\u00e3o absolvidos por j\u00fari popular - A Not\u00edcia Online\" \/>\n\t\t<meta property=\"og:description\" content=\"Dois jovens, acusados de tentativa de homic\u00eddio contra cinco pessoas em 2014, foram absolvidos pelo j\u00fari popular, durante julgamento realizado na ter\u00e7a-feira (19), no F\u00f3rum Tabeli\u00e3o Pacheco de Medeiros. O caso aconteceu em janeiro daquele ano, na Rua Sime\u00e3o Feres, na Barra, e nenhuma das supostas cinco v\u00edtimas foi ferida. O Corpo de Senten\u00e7a, formado\" \/>\n\t\t<meta property=\"og:url\" content=\"https:\/\/anoticiaonline.com.br\/site\/jovens-acusados-por-tentativa-de-homicidio-em-2014-sao-absolvidos-por-juri-popular\/\" \/>\n\t\t<meta property=\"og:image\" content=\"https:\/\/scontent-gig4-1.xx.fbcdn.net\/v\/t39.30808-1\/270437624_4564083193639691_6907940295614233970_n.jpg?stp=dst-jpg_s200x200_tt6&#038;_nc_cat=111&#038;ccb=1-7&#038;_nc_sid=f907e8&#038;_nc_ohc=SM1wRlP3lJwQ7kNvwEPuBYA&#038;_nc_oc=AdnqrjDN_BNjSSHWO-GbkIWH6fkGMLw4bqvL_NH6e2wMveX7G-rP2dAqsDSq1mJMOaY&#038;_nc_zt=24&#038;_nc_ht=scontent-gig4-1.xx&#038;_nc_gid=AoBFJeGrT1hVaew_6rchkQ&#038;oh=00_AfX7QmFGhQhG2jAllVgXCiM1ZrWgvtp80-Bfppyexh1QEg&#038;oe=689E923C\" \/>\n\t\t<meta property=\"og:image:secure_url\" content=\"https:\/\/scontent-gig4-1.xx.fbcdn.net\/v\/t39.30808-1\/270437624_4564083193639691_6907940295614233970_n.jpg?stp=dst-jpg_s200x200_tt6&#038;_nc_cat=111&#038;ccb=1-7&#038;_nc_sid=f907e8&#038;_nc_ohc=SM1wRlP3lJwQ7kNvwEPuBYA&#038;_nc_oc=AdnqrjDN_BNjSSHWO-GbkIWH6fkGMLw4bqvL_NH6e2wMveX7G-rP2dAqsDSq1mJMOaY&#038;_nc_zt=24&#038;_nc_ht=scontent-gig4-1.xx&#038;_nc_gid=AoBFJeGrT1hVaew_6rchkQ&#038;oh=00_AfX7QmFGhQhG2jAllVgXCiM1ZrWgvtp80-Bfppyexh1QEg&#038;oe=689E923C\" \/>\n\t\t<meta property=\"article:published_time\" content=\"2016-07-20T14:09:11+00:00\" \/>\n\t\t<meta property=\"article:modified_time\" content=\"2016-07-20T14:09:11+00:00\" \/>\n\t\t<meta name=\"twitter:card\" content=\"summary_large_image\" \/>\n\t\t<meta name=\"twitter:title\" content=\"Jovens acusados por tentativa de homic\u00eddio em 2014 s\u00e3o absolvidos por j\u00fari popular - A Not\u00edcia Online\" \/>\n\t\t<meta name=\"twitter:description\" content=\"Dois jovens, acusados de tentativa de homic\u00eddio contra cinco pessoas em 2014, foram absolvidos pelo j\u00fari popular, durante julgamento realizado na ter\u00e7a-feira (19), no F\u00f3rum Tabeli\u00e3o Pacheco de Medeiros. O caso aconteceu em janeiro daquele ano, na Rua Sime\u00e3o Feres, na Barra, e nenhuma das supostas cinco v\u00edtimas foi ferida. O Corpo de Senten\u00e7a, formado\" \/>\n\t\t<meta name=\"twitter:image\" content=\"https:\/\/scontent-gig4-1.xx.fbcdn.net\/v\/t39.30808-1\/270437624_4564083193639691_6907940295614233970_n.jpg?stp=dst-jpg_s200x200_tt6&amp;_nc_cat=111&amp;ccb=1-7&amp;_nc_sid=f907e8&amp;_nc_ohc=SM1wRlP3lJwQ7kNvwEPuBYA&amp;_nc_oc=AdnqrjDN_BNjSSHWO-GbkIWH6fkGMLw4bqvL_NH6e2wMveX7G-rP2dAqsDSq1mJMOaY&amp;_nc_zt=24&amp;_nc_ht=scontent-gig4-1.xx&amp;_nc_gid=AoBFJeGrT1hVaew_6rchkQ&amp;oh=00_AfX7QmFGhQhG2jAllVgXCiM1ZrWgvtp80-Bfppyexh1QEg&amp;oe=689E923C\" \/>\n\t\t<script type=\"application\/ld+json\" class=\"aioseo-schema\">\n\t\t\t{\"@context\":\"https:\\\/\\\/schema.org\",\"@graph\":[{\"@type\":\"BlogPosting\",\"@id\":\"https:\\\/\\\/anoticiaonline.com.br\\\/site\\\/jovens-acusados-por-tentativa-de-homicidio-em-2014-sao-absolvidos-por-juri-popular\\\/#blogposting\",\"name\":\"Jovens acusados por tentativa de homic\\u00eddio em 2014 s\\u00e3o absolvidos por j\\u00fari popular - A Not\\u00edcia Online\",\"headline\":\"Jovens acusados por tentativa de homic\\u00eddio em 2014 s\\u00e3o absolvidos por j\\u00fari popular\",\"author\":{\"@id\":\"https:\\\/\\\/anoticiaonline.com.br\\\/site\\\/author\\\/juliana\\\/#author\"},\"publisher\":{\"@id\":\"https:\\\/\\\/anoticiaonline.com.br\\\/site\\\/#organization\"},\"image\":{\"@type\":\"ImageObject\",\"url\":\"https:\\\/\\\/anoticiaonline.com.br\\\/site\\\/wp-content\\\/uploads\\\/2016\\\/07\\\/Jovens-acusados-por-tentativa-de-homic\\u00eddio-em-2014-s\\u00e3o-absolvidos-por-j\\u00fari-popular.jpg\",\"width\":640,\"height\":565},\"datePublished\":\"2016-07-20T11:09:11-03:00\",\"dateModified\":\"2016-07-20T11:09:11-03:00\",\"inLanguage\":\"pt-BR\",\"mainEntityOfPage\":{\"@id\":\"https:\\\/\\\/anoticiaonline.com.br\\\/site\\\/jovens-acusados-por-tentativa-de-homicidio-em-2014-sao-absolvidos-por-juri-popular\\\/#webpage\"},\"isPartOf\":{\"@id\":\"https:\\\/\\\/anoticiaonline.com.br\\\/site\\\/jovens-acusados-por-tentativa-de-homicidio-em-2014-sao-absolvidos-por-juri-popular\\\/#webpage\"},\"articleSection\":\"Blog, slide\"},{\"@type\":\"BreadcrumbList\",\"@id\":\"https:\\\/\\\/anoticiaonline.com.br\\\/site\\\/jovens-acusados-por-tentativa-de-homicidio-em-2014-sao-absolvidos-por-juri-popular\\\/#breadcrumblist\",\"itemListElement\":[{\"@type\":\"ListItem\",\"@id\":\"https:\\\/\\\/anoticiaonline.com.br\\\/site#listItem\",\"position\":1,\"name\":\"Home\",\"item\":\"https:\\\/\\\/anoticiaonline.com.br\\\/site\",\"nextItem\":{\"@type\":\"ListItem\",\"@id\":\"https:\\\/\\\/anoticiaonline.com.br\\\/site\\\/categoria\\\/muriae\\\/#listItem\",\"name\":\"Blog\"}},{\"@type\":\"ListItem\",\"@id\":\"https:\\\/\\\/anoticiaonline.com.br\\\/site\\\/categoria\\\/muriae\\\/#listItem\",\"position\":2,\"name\":\"Blog\",\"item\":\"https:\\\/\\\/anoticiaonline.com.br\\\/site\\\/categoria\\\/muriae\\\/\",\"nextItem\":{\"@type\":\"ListItem\",\"@id\":\"https:\\\/\\\/anoticiaonline.com.br\\\/site\\\/jovens-acusados-por-tentativa-de-homicidio-em-2014-sao-absolvidos-por-juri-popular\\\/#listItem\",\"name\":\"Jovens acusados por tentativa de homic\\u00eddio em 2014 s\\u00e3o absolvidos por j\\u00fari popular\"},\"previousItem\":{\"@type\":\"ListItem\",\"@id\":\"https:\\\/\\\/anoticiaonline.com.br\\\/site#listItem\",\"name\":\"Home\"}},{\"@type\":\"ListItem\",\"@id\":\"https:\\\/\\\/anoticiaonline.com.br\\\/site\\\/jovens-acusados-por-tentativa-de-homicidio-em-2014-sao-absolvidos-por-juri-popular\\\/#listItem\",\"position\":3,\"name\":\"Jovens acusados por tentativa de homic\\u00eddio em 2014 s\\u00e3o absolvidos por j\\u00fari popular\",\"previousItem\":{\"@type\":\"ListItem\",\"@id\":\"https:\\\/\\\/anoticiaonline.com.br\\\/site\\\/categoria\\\/muriae\\\/#listItem\",\"name\":\"Blog\"}}]},{\"@type\":\"Organization\",\"@id\":\"https:\\\/\\\/anoticiaonline.com.br\\\/site\\\/#organization\",\"name\":\"A Not\\u00edcia Online\",\"description\":\"Noticias de Muria\\u00e9 e regi\\u00e3o\",\"url\":\"https:\\\/\\\/anoticiaonline.com.br\\\/site\\\/\",\"logo\":{\"@type\":\"ImageObject\",\"url\":\"https:\\\/\\\/scontent-gig4-1.xx.fbcdn.net\\\/v\\\/t39.30808-1\\\/270437624_4564083193639691_6907940295614233970_n.jpg?stp=dst-jpg_s200x200_tt6&_nc_cat=111&ccb=1-7&_nc_sid=f907e8&_nc_ohc=SM1wRlP3lJwQ7kNvwEPuBYA&_nc_oc=AdnqrjDN_BNjSSHWO-GbkIWH6fkGMLw4bqvL_NH6e2wMveX7G-rP2dAqsDSq1mJMOaY&_nc_zt=24&_nc_ht=scontent-gig4-1.xx&_nc_gid=AoBFJeGrT1hVaew_6rchkQ&oh=00_AfX7QmFGhQhG2jAllVgXCiM1ZrWgvtp80-Bfppyexh1QEg&oe=689E923C\",\"@id\":\"https:\\\/\\\/anoticiaonline.com.br\\\/site\\\/jovens-acusados-por-tentativa-de-homicidio-em-2014-sao-absolvidos-por-juri-popular\\\/#organizationLogo\"},\"image\":{\"@id\":\"https:\\\/\\\/anoticiaonline.com.br\\\/site\\\/jovens-acusados-por-tentativa-de-homicidio-em-2014-sao-absolvidos-por-juri-popular\\\/#organizationLogo\"}},{\"@type\":\"Person\",\"@id\":\"https:\\\/\\\/anoticiaonline.com.br\\\/site\\\/author\\\/juliana\\\/#author\",\"url\":\"https:\\\/\\\/anoticiaonline.com.br\\\/site\\\/author\\\/juliana\\\/\",\"name\":\"Juliana Laviola\",\"image\":{\"@type\":\"ImageObject\",\"@id\":\"https:\\\/\\\/anoticiaonline.com.br\\\/site\\\/jovens-acusados-por-tentativa-de-homicidio-em-2014-sao-absolvidos-por-juri-popular\\\/#authorImage\",\"url\":\"https:\\\/\\\/secure.gravatar.com\\\/avatar\\\/b8d45f5c699b100dfaf0e543582f38f38bf94cb7ae3a5e9abf8d891a34773335?s=96&d=mm&r=g\",\"width\":96,\"height\":96,\"caption\":\"Juliana Laviola\"}},{\"@type\":\"WebPage\",\"@id\":\"https:\\\/\\\/anoticiaonline.com.br\\\/site\\\/jovens-acusados-por-tentativa-de-homicidio-em-2014-sao-absolvidos-por-juri-popular\\\/#webpage\",\"url\":\"https:\\\/\\\/anoticiaonline.com.br\\\/site\\\/jovens-acusados-por-tentativa-de-homicidio-em-2014-sao-absolvidos-por-juri-popular\\\/\",\"name\":\"Jovens acusados por tentativa de homic\\u00eddio em 2014 s\\u00e3o absolvidos por j\\u00fari popular - A Not\\u00edcia Online\",\"description\":\"Dois jovens, acusados de tentativa de homic\\u00eddio contra cinco pessoas em 2014, foram absolvidos pelo j\\u00fari popular, durante julgamento realizado na ter\\u00e7a-feira (19), no F\\u00f3rum Tabeli\\u00e3o Pacheco de Medeiros. O caso aconteceu em janeiro daquele ano, na Rua Sime\\u00e3o Feres, na Barra, e nenhuma das supostas cinco v\\u00edtimas foi ferida. O Corpo de Senten\\u00e7a, formado\",\"inLanguage\":\"pt-BR\",\"isPartOf\":{\"@id\":\"https:\\\/\\\/anoticiaonline.com.br\\\/site\\\/#website\"},\"breadcrumb\":{\"@id\":\"https:\\\/\\\/anoticiaonline.com.br\\\/site\\\/jovens-acusados-por-tentativa-de-homicidio-em-2014-sao-absolvidos-por-juri-popular\\\/#breadcrumblist\"},\"author\":{\"@id\":\"https:\\\/\\\/anoticiaonline.com.br\\\/site\\\/author\\\/juliana\\\/#author\"},\"creator\":{\"@id\":\"https:\\\/\\\/anoticiaonline.com.br\\\/site\\\/author\\\/juliana\\\/#author\"},\"image\":{\"@type\":\"ImageObject\",\"url\":\"https:\\\/\\\/anoticiaonline.com.br\\\/site\\\/wp-content\\\/uploads\\\/2016\\\/07\\\/Jovens-acusados-por-tentativa-de-homic\\u00eddio-em-2014-s\\u00e3o-absolvidos-por-j\\u00fari-popular.jpg\",\"@id\":\"https:\\\/\\\/anoticiaonline.com.br\\\/site\\\/jovens-acusados-por-tentativa-de-homicidio-em-2014-sao-absolvidos-por-juri-popular\\\/#mainImage\",\"width\":640,\"height\":565},\"primaryImageOfPage\":{\"@id\":\"https:\\\/\\\/anoticiaonline.com.br\\\/site\\\/jovens-acusados-por-tentativa-de-homicidio-em-2014-sao-absolvidos-por-juri-popular\\\/#mainImage\"},\"datePublished\":\"2016-07-20T11:09:11-03:00\",\"dateModified\":\"2016-07-20T11:09:11-03:00\"},{\"@type\":\"WebSite\",\"@id\":\"https:\\\/\\\/anoticiaonline.com.br\\\/site\\\/#website\",\"url\":\"https:\\\/\\\/anoticiaonline.com.br\\\/site\\\/\",\"name\":\"A Not\\u00edcia Online\",\"description\":\"Noticias de Muria\\u00e9 e regi\\u00e3o\",\"inLanguage\":\"pt-BR\",\"publisher\":{\"@id\":\"https:\\\/\\\/anoticiaonline.com.br\\\/site\\\/#organization\"}}]}\n\t\t<\/script>\n\t\t<!-- All in One SEO -->\n\n","aioseo_head_json":{"title":"Jovens acusados por tentativa de homic\u00eddio em 2014 s\u00e3o absolvidos por j\u00fari popular - A Not\u00edcia Online","description":"Dois jovens, acusados de tentativa de homic\u00eddio contra cinco pessoas em 2014, foram absolvidos pelo j\u00fari popular, durante julgamento realizado na ter\u00e7a-feira (19), no F\u00f3rum Tabeli\u00e3o Pacheco de Medeiros. O caso aconteceu em janeiro daquele ano, na Rua Sime\u00e3o Feres, na Barra, e nenhuma das supostas cinco v\u00edtimas foi ferida. O Corpo de Senten\u00e7a, formado","canonical_url":"https:\/\/anoticiaonline.com.br\/site\/jovens-acusados-por-tentativa-de-homicidio-em-2014-sao-absolvidos-por-juri-popular\/","robots":"max-image-preview:large","keywords":"","webmasterTools":{"miscellaneous":""},"schema":{"@context":"https:\/\/schema.org","@graph":[{"@type":"BlogPosting","@id":"https:\/\/anoticiaonline.com.br\/site\/jovens-acusados-por-tentativa-de-homicidio-em-2014-sao-absolvidos-por-juri-popular\/#blogposting","name":"Jovens acusados por tentativa de homic\u00eddio em 2014 s\u00e3o absolvidos por j\u00fari popular - A Not\u00edcia Online","headline":"Jovens acusados por tentativa de homic\u00eddio em 2014 s\u00e3o absolvidos por j\u00fari popular","author":{"@id":"https:\/\/anoticiaonline.com.br\/site\/author\/juliana\/#author"},"publisher":{"@id":"https:\/\/anoticiaonline.com.br\/site\/#organization"},"image":{"@type":"ImageObject","url":"https:\/\/anoticiaonline.com.br\/site\/wp-content\/uploads\/2016\/07\/Jovens-acusados-por-tentativa-de-homic\u00eddio-em-2014-s\u00e3o-absolvidos-por-j\u00fari-popular.jpg","width":640,"height":565},"datePublished":"2016-07-20T11:09:11-03:00","dateModified":"2016-07-20T11:09:11-03:00","inLanguage":"pt-BR","mainEntityOfPage":{"@id":"https:\/\/anoticiaonline.com.br\/site\/jovens-acusados-por-tentativa-de-homicidio-em-2014-sao-absolvidos-por-juri-popular\/#webpage"},"isPartOf":{"@id":"https:\/\/anoticiaonline.com.br\/site\/jovens-acusados-por-tentativa-de-homicidio-em-2014-sao-absolvidos-por-juri-popular\/#webpage"},"articleSection":"Blog, slide"},{"@type":"BreadcrumbList","@id":"https:\/\/anoticiaonline.com.br\/site\/jovens-acusados-por-tentativa-de-homicidio-em-2014-sao-absolvidos-por-juri-popular\/#breadcrumblist","itemListElement":[{"@type":"ListItem","@id":"https:\/\/anoticiaonline.com.br\/site#listItem","position":1,"name":"Home","item":"https:\/\/anoticiaonline.com.br\/site","nextItem":{"@type":"ListItem","@id":"https:\/\/anoticiaonline.com.br\/site\/categoria\/muriae\/#listItem","name":"Blog"}},{"@type":"ListItem","@id":"https:\/\/anoticiaonline.com.br\/site\/categoria\/muriae\/#listItem","position":2,"name":"Blog","item":"https:\/\/anoticiaonline.com.br\/site\/categoria\/muriae\/","nextItem":{"@type":"ListItem","@id":"https:\/\/anoticiaonline.com.br\/site\/jovens-acusados-por-tentativa-de-homicidio-em-2014-sao-absolvidos-por-juri-popular\/#listItem","name":"Jovens acusados por tentativa de homic\u00eddio em 2014 s\u00e3o absolvidos por j\u00fari popular"},"previousItem":{"@type":"ListItem","@id":"https:\/\/anoticiaonline.com.br\/site#listItem","name":"Home"}},{"@type":"ListItem","@id":"https:\/\/anoticiaonline.com.br\/site\/jovens-acusados-por-tentativa-de-homicidio-em-2014-sao-absolvidos-por-juri-popular\/#listItem","position":3,"name":"Jovens acusados por tentativa de homic\u00eddio em 2014 s\u00e3o absolvidos por j\u00fari popular","previousItem":{"@type":"ListItem","@id":"https:\/\/anoticiaonline.com.br\/site\/categoria\/muriae\/#listItem","name":"Blog"}}]},{"@type":"Organization","@id":"https:\/\/anoticiaonline.com.br\/site\/#organization","name":"A Not\u00edcia Online","description":"Noticias de Muria\u00e9 e regi\u00e3o","url":"https:\/\/anoticiaonline.com.br\/site\/","logo":{"@type":"ImageObject","url":"https:\/\/scontent-gig4-1.xx.fbcdn.net\/v\/t39.30808-1\/270437624_4564083193639691_6907940295614233970_n.jpg?stp=dst-jpg_s200x200_tt6&_nc_cat=111&ccb=1-7&_nc_sid=f907e8&_nc_ohc=SM1wRlP3lJwQ7kNvwEPuBYA&_nc_oc=AdnqrjDN_BNjSSHWO-GbkIWH6fkGMLw4bqvL_NH6e2wMveX7G-rP2dAqsDSq1mJMOaY&_nc_zt=24&_nc_ht=scontent-gig4-1.xx&_nc_gid=AoBFJeGrT1hVaew_6rchkQ&oh=00_AfX7QmFGhQhG2jAllVgXCiM1ZrWgvtp80-Bfppyexh1QEg&oe=689E923C","@id":"https:\/\/anoticiaonline.com.br\/site\/jovens-acusados-por-tentativa-de-homicidio-em-2014-sao-absolvidos-por-juri-popular\/#organizationLogo"},"image":{"@id":"https:\/\/anoticiaonline.com.br\/site\/jovens-acusados-por-tentativa-de-homicidio-em-2014-sao-absolvidos-por-juri-popular\/#organizationLogo"}},{"@type":"Person","@id":"https:\/\/anoticiaonline.com.br\/site\/author\/juliana\/#author","url":"https:\/\/anoticiaonline.com.br\/site\/author\/juliana\/","name":"Juliana Laviola","image":{"@type":"ImageObject","@id":"https:\/\/anoticiaonline.com.br\/site\/jovens-acusados-por-tentativa-de-homicidio-em-2014-sao-absolvidos-por-juri-popular\/#authorImage","url":"https:\/\/secure.gravatar.com\/avatar\/b8d45f5c699b100dfaf0e543582f38f38bf94cb7ae3a5e9abf8d891a34773335?s=96&d=mm&r=g","width":96,"height":96,"caption":"Juliana Laviola"}},{"@type":"WebPage","@id":"https:\/\/anoticiaonline.com.br\/site\/jovens-acusados-por-tentativa-de-homicidio-em-2014-sao-absolvidos-por-juri-popular\/#webpage","url":"https:\/\/anoticiaonline.com.br\/site\/jovens-acusados-por-tentativa-de-homicidio-em-2014-sao-absolvidos-por-juri-popular\/","name":"Jovens acusados por tentativa de homic\u00eddio em 2014 s\u00e3o absolvidos por j\u00fari popular - A Not\u00edcia Online","description":"Dois jovens, acusados de tentativa de homic\u00eddio contra cinco pessoas em 2014, foram absolvidos pelo j\u00fari popular, durante julgamento realizado na ter\u00e7a-feira (19), no F\u00f3rum Tabeli\u00e3o Pacheco de Medeiros. O caso aconteceu em janeiro daquele ano, na Rua Sime\u00e3o Feres, na Barra, e nenhuma das supostas cinco v\u00edtimas foi ferida. O Corpo de Senten\u00e7a, formado","inLanguage":"pt-BR","isPartOf":{"@id":"https:\/\/anoticiaonline.com.br\/site\/#website"},"breadcrumb":{"@id":"https:\/\/anoticiaonline.com.br\/site\/jovens-acusados-por-tentativa-de-homicidio-em-2014-sao-absolvidos-por-juri-popular\/#breadcrumblist"},"author":{"@id":"https:\/\/anoticiaonline.com.br\/site\/author\/juliana\/#author"},"creator":{"@id":"https:\/\/anoticiaonline.com.br\/site\/author\/juliana\/#author"},"image":{"@type":"ImageObject","url":"https:\/\/anoticiaonline.com.br\/site\/wp-content\/uploads\/2016\/07\/Jovens-acusados-por-tentativa-de-homic\u00eddio-em-2014-s\u00e3o-absolvidos-por-j\u00fari-popular.jpg","@id":"https:\/\/anoticiaonline.com.br\/site\/jovens-acusados-por-tentativa-de-homicidio-em-2014-sao-absolvidos-por-juri-popular\/#mainImage","width":640,"height":565},"primaryImageOfPage":{"@id":"https:\/\/anoticiaonline.com.br\/site\/jovens-acusados-por-tentativa-de-homicidio-em-2014-sao-absolvidos-por-juri-popular\/#mainImage"},"datePublished":"2016-07-20T11:09:11-03:00","dateModified":"2016-07-20T11:09:11-03:00"},{"@type":"WebSite","@id":"https:\/\/anoticiaonline.com.br\/site\/#website","url":"https:\/\/anoticiaonline.com.br\/site\/","name":"A Not\u00edcia Online","description":"Noticias de Muria\u00e9 e regi\u00e3o","inLanguage":"pt-BR","publisher":{"@id":"https:\/\/anoticiaonline.com.br\/site\/#organization"}}]},"og:locale":"pt_BR","og:site_name":"A Not\u00edcia Online - Noticias de Muria\u00e9 e regi\u00e3o","og:type":"article","og:title":"Jovens acusados por tentativa de homic\u00eddio em 2014 s\u00e3o absolvidos por j\u00fari popular - A Not\u00edcia Online","og:description":"Dois jovens, acusados de tentativa de homic\u00eddio contra cinco pessoas em 2014, foram absolvidos pelo j\u00fari popular, durante julgamento realizado na ter\u00e7a-feira (19), no F\u00f3rum Tabeli\u00e3o Pacheco de Medeiros. O caso aconteceu em janeiro daquele ano, na Rua Sime\u00e3o Feres, na Barra, e nenhuma das supostas cinco v\u00edtimas foi ferida. O Corpo de Senten\u00e7a, formado","og:url":"https:\/\/anoticiaonline.com.br\/site\/jovens-acusados-por-tentativa-de-homicidio-em-2014-sao-absolvidos-por-juri-popular\/","og:image":"https:\/\/scontent-gig4-1.xx.fbcdn.net\/v\/t39.30808-1\/270437624_4564083193639691_6907940295614233970_n.jpg?stp=dst-jpg_s200x200_tt6&#038;_nc_cat=111&#038;ccb=1-7&#038;_nc_sid=f907e8&#038;_nc_ohc=SM1wRlP3lJwQ7kNvwEPuBYA&#038;_nc_oc=AdnqrjDN_BNjSSHWO-GbkIWH6fkGMLw4bqvL_NH6e2wMveX7G-rP2dAqsDSq1mJMOaY&#038;_nc_zt=24&#038;_nc_ht=scontent-gig4-1.xx&#038;_nc_gid=AoBFJeGrT1hVaew_6rchkQ&#038;oh=00_AfX7QmFGhQhG2jAllVgXCiM1ZrWgvtp80-Bfppyexh1QEg&#038;oe=689E923C","og:image:secure_url":"https:\/\/scontent-gig4-1.xx.fbcdn.net\/v\/t39.30808-1\/270437624_4564083193639691_6907940295614233970_n.jpg?stp=dst-jpg_s200x200_tt6&#038;_nc_cat=111&#038;ccb=1-7&#038;_nc_sid=f907e8&#038;_nc_ohc=SM1wRlP3lJwQ7kNvwEPuBYA&#038;_nc_oc=AdnqrjDN_BNjSSHWO-GbkIWH6fkGMLw4bqvL_NH6e2wMveX7G-rP2dAqsDSq1mJMOaY&#038;_nc_zt=24&#038;_nc_ht=scontent-gig4-1.xx&#038;_nc_gid=AoBFJeGrT1hVaew_6rchkQ&#038;oh=00_AfX7QmFGhQhG2jAllVgXCiM1ZrWgvtp80-Bfppyexh1QEg&#038;oe=689E923C","article:published_time":"2016-07-20T14:09:11+00:00","article:modified_time":"2016-07-20T14:09:11+00:00","twitter:card":"summary_large_image","twitter:title":"Jovens acusados por tentativa de homic\u00eddio em 2014 s\u00e3o absolvidos por j\u00fari popular - A Not\u00edcia Online","twitter:description":"Dois jovens, acusados de tentativa de homic\u00eddio contra cinco pessoas em 2014, foram absolvidos pelo j\u00fari popular, durante julgamento realizado na ter\u00e7a-feira (19), no F\u00f3rum Tabeli\u00e3o Pacheco de Medeiros. O caso aconteceu em janeiro daquele ano, na Rua Sime\u00e3o Feres, na Barra, e nenhuma das supostas cinco v\u00edtimas foi ferida. O Corpo de Senten\u00e7a, formado","twitter:image":"https:\/\/scontent-gig4-1.xx.fbcdn.net\/v\/t39.30808-1\/270437624_4564083193639691_6907940295614233970_n.jpg?stp=dst-jpg_s200x200_tt6&_nc_cat=111&ccb=1-7&_nc_sid=f907e8&_nc_ohc=SM1wRlP3lJwQ7kNvwEPuBYA&_nc_oc=AdnqrjDN_BNjSSHWO-GbkIWH6fkGMLw4bqvL_NH6e2wMveX7G-rP2dAqsDSq1mJMOaY&_nc_zt=24&_nc_ht=scontent-gig4-1.xx&_nc_gid=AoBFJeGrT1hVaew_6rchkQ&oh=00_AfX7QmFGhQhG2jAllVgXCiM1ZrWgvtp80-Bfppyexh1QEg&oe=689E923C"},"aioseo_meta_data":{"post_id":"15325","title":null,"description":null,"keywords":null,"keyphrases":null,"primary_term":null,"canonical_url":null,"og_title":null,"og_description":null,"og_object_type":"default","og_image_type":"default","og_image_url":null,"og_image_width":null,"og_image_height":null,"og_image_custom_url":null,"og_image_custom_fields":null,"og_video":null,"og_custom_url":null,"og_article_section":null,"og_article_tags":null,"twitter_use_og":false,"twitter_card":"default","twitter_image_type":"default","twitter_image_url":null,"twitter_image_custom_url":null,"twitter_image_custom_fields":null,"twitter_title":null,"twitter_description":null,"schema":{"blockGraphs":[],"customGraphs":[],"default":{"data":{"Article":[],"Course":[],"Dataset":[],"FAQPage":[],"Movie":[],"Person":[],"Product":[],"ProductReview":[],"Car":[],"Recipe":[],"Service":[],"SoftwareApplication":[],"WebPage":[]},"graphName":"","isEnabled":true},"graphs":[]},"schema_type":"default","schema_type_options":null,"pillar_content":false,"robots_default":true,"robots_noindex":false,"robots_noarchive":false,"robots_nosnippet":false,"robots_nofollow":false,"robots_noimageindex":false,"robots_noodp":false,"robots_notranslate":false,"robots_max_snippet":null,"robots_max_videopreview":null,"robots_max_imagepreview":"large","priority":null,"frequency":null,"local_seo":null,"breadcrumb_settings":null,"limit_modified_date":false,"ai":null,"created":"2025-08-16 16:27:35","updated":"2025-08-16 16:27:35","focus_keyword":null,"additional_keywords":null,"truseo_locale":null,"seo_analyzer_scan_date":null},"aioseo_breadcrumb":"<div class=\"aioseo-breadcrumbs\"><span class=\"aioseo-breadcrumb\">\n\t\t\t<a href=\"https:\/\/anoticiaonline.com.br\/site\" title=\"Home\">Home<\/a>\n\t\t<\/span><span class=\"aioseo-breadcrumb-separator\">&raquo;<\/span><span class=\"aioseo-breadcrumb\">\n\t\t\t<a href=\"https:\/\/anoticiaonline.com.br\/site\/categoria\/muriae\/\" title=\"Blog\">Blog<\/a>\n\t\t<\/span><span class=\"aioseo-breadcrumb-separator\">&raquo;<\/span><span class=\"aioseo-breadcrumb\">\n\t\t\tJovens acusados por tentativa de homic\u00eddio em 2014 s\u00e3o absolvidos por j\u00fari popular\n\t\t<\/span><\/div>","aioseo_breadcrumb_json":[{"label":"Home","link":"https:\/\/anoticiaonline.com.br\/site"},{"label":"Blog","link":"https:\/\/anoticiaonline.com.br\/site\/categoria\/muriae\/"},{"label":"Jovens acusados por tentativa de homic\u00eddio em 2014 s\u00e3o absolvidos por j\u00fari popular","link":"https:\/\/anoticiaonline.com.br\/site\/jovens-acusados-por-tentativa-de-homicidio-em-2014-sao-absolvidos-por-juri-popular\/"}],"views":162,"_links":{"self":[{"href":"https:\/\/anoticiaonline.com.br\/site\/wp-json\/wp\/v2\/posts\/15325","targetHints":{"allow":["GET"]}}],"collection":[{"href":"https:\/\/anoticiaonline.com.br\/site\/wp-json\/wp\/v2\/posts"}],"about":[{"href":"https:\/\/anoticiaonline.com.br\/site\/wp-json\/wp\/v2\/types\/post"}],"author":[{"embeddable":true,"href":"https:\/\/anoticiaonline.com.br\/site\/wp-json\/wp\/v2\/users\/2"}],"replies":[{"embeddable":true,"href":"https:\/\/anoticiaonline.com.br\/site\/wp-json\/wp\/v2\/comments?post=15325"}],"version-history":[{"count":0,"href":"https:\/\/anoticiaonline.com.br\/site\/wp-json\/wp\/v2\/posts\/15325\/revisions"}],"wp:featuredmedia":[{"embeddable":true,"href":"https:\/\/anoticiaonline.com.br\/site\/wp-json\/wp\/v2\/media\/15326"}],"wp:attachment":[{"href":"https:\/\/anoticiaonline.com.br\/site\/wp-json\/wp\/v2\/media?parent=15325"}],"wp:term":[{"taxonomy":"category","embeddable":true,"href":"https:\/\/anoticiaonline.com.br\/site\/wp-json\/wp\/v2\/categories?post=15325"},{"taxonomy":"post_tag","embeddable":true,"href":"https:\/\/anoticiaonline.com.br\/site\/wp-json\/wp\/v2\/tags?post=15325"}],"curies":[{"name":"wp","href":"https:\/\/api.w.org\/{rel}","templated":true}]}}