{"id":15294,"date":"2016-07-19T15:40:55","date_gmt":"2016-07-19T18:40:55","guid":{"rendered":"http:\/\/anoticiaonline.com.br\/site\/?p=15294"},"modified":"2016-07-19T15:40:55","modified_gmt":"2016-07-19T18:40:55","slug":"muriae-esta-entre-os-municipios-beneficiados-com-voos-fretados","status":"publish","type":"post","link":"https:\/\/anoticiaonline.com.br\/site\/muriae-esta-entre-os-municipios-beneficiados-com-voos-fretados\/","title":{"rendered":"Muria\u00e9 est\u00e1 entre os munic\u00edpios beneficiados com voos fretados"},"content":{"rendered":"<figure id=\"attachment_15295\" aria-describedby=\"caption-attachment-15295\" style=\"width: 290px\" class=\"wp-caption alignleft\"><a href=\"https:\/\/anoticiaonline.com.br\/site\/wp-content\/uploads\/2016\/07\/AviaoCodemig.jpg\"><img fetchpriority=\"high\" decoding=\"async\" class=\"size-medium wp-image-15295\" src=\"https:\/\/anoticiaonline.com.br\/site\/wp-content\/uploads\/2016\/07\/AviaoCodemig-300x203.jpg\" alt=\"Divulga\u00e7\u00e3o\/Codemig\" width=\"300\" height=\"203\" srcset=\"https:\/\/anoticiaonline.com.br\/site\/wp-content\/uploads\/2016\/07\/AviaoCodemig-300x203.jpg 300w, https:\/\/anoticiaonline.com.br\/site\/wp-content\/uploads\/2016\/07\/AviaoCodemig.jpg 640w\" sizes=\"(max-width: 300px) 100vw, 300px\" \/><\/a><figcaption id=\"caption-attachment-15295\" class=\"wp-caption-text\">Divulga\u00e7\u00e3o\/Codemig<\/figcaption><\/figure>\n<p>Muria\u00e9 ter\u00e1 voos fretados para Belo Horizonte a partir da segunda quinzena do m\u00eas de agosto. O munic\u00edpio est\u00e1 entre as 12 cidades listadas na fase inicial do Projeto de Integra\u00e7\u00e3o Regional de Minas Gerais &#8211; Modal A\u00e9reo (Pirma), desenvolvida pelo Governo do Estado, por meio da Companhia de Desenvolvimento Econ\u00f4mico de Minas Gerais (Codemig) e da Secretaria de Estado de Transportes e Obras P\u00fablicas (Setop).<\/p>\n<p>A partir da segunda quinzena do pr\u00f3ximo m\u00eas, os 12 munic\u00edpios da primeira fase do projeto &#8211; Curvelo, Diamantina, Divin\u00f3polis, Juiz de Fora, Muria\u00e9, Patos de Minas, Ponte Nova, S\u00e3o Jo\u00e3o del Rei, Te\u00f3filo Otoni, Ub\u00e1, Varginha e Vi\u00e7osa &#8211; passar\u00e3o a contar com voos fretados para a capital.<\/p>\n<p>Essa iniciativa in\u00e9dita responde \u00e0s diretrizes estrat\u00e9gicas do plano de governo de levar a\u00e7\u00f5es de desenvolvimento econ\u00f4mico aos diversos territ\u00f3rios de Minas Gerais.<\/p>\n<p>Para tornar vi\u00e1vel a interliga\u00e7\u00e3o a\u00e9rea do interior com Belo Horizonte, a Codemig realizou pesquisa de mercado ouvindo 2.100 pessoas em 31 munic\u00edpios, verificou a aceita\u00e7\u00e3o do emprego de avi\u00f5es monomotores de baixo custo operacional e assumiu o risco econ\u00f4mico do empreendimento, afretando aeronaves para o transporte n\u00e3o regular de passageiros e cargas.<\/p>\n<p>A vencedora da licita\u00e7\u00e3o p\u00fablica na modalidade de Ata de Registro de Pre\u00e7os foi a empresa Two Taxi A\u00e9reo Ltda., que opera desde 2001 avi\u00f5es Cessna Grand Caravan 208 B, homologados atualmente pela Anac para o transporte de nove passageiros.<\/p>\n<p>Para a venda dos assentos de cada voo, a Codemig licitou a opera\u00e7\u00e3o de e-commerce. Os vouchers poder\u00e3o ser adquiridos por meio de aplicativos para tablets e smartphones ou pelo site www.voeminasgerais.com.br.<\/p>\n<p>Na primeira fase do Pirma, ser\u00e3o 60 voos semanais ligando o interior \u00e0 capital. Cada voo cobrir\u00e1 em m\u00e9dia 200 km, ter\u00e1 dura\u00e7\u00e3o de 40 minutos e custar\u00e1 cerca de R$ 300,00 por passageiro.<\/p>\n<p>As rotas e frequ\u00eancias dos voos foram definidas preferencialmente para cidades n\u00e3o atendidas pela avia\u00e7\u00e3o regular, tomando-se como refer\u00eancia a demanda de passageiros em fun\u00e7\u00e3o do pre\u00e7o do voucher.<\/p>\n<p>Em uma segunda etapa, confirmada a sustentabilidade t\u00e9cnica e econ\u00f4mica do projeto, ser\u00e3o inclu\u00eddas novas localidades, al\u00e9m de aumentada a frequ\u00eancia dos voos.<\/p>\n<p><strong>O PROJETO &#8211;<\/strong> O projeto visa fomentar os neg\u00f3cios regionais, desenvolver o turismo e facilitar o deslocamento de moradores do interior a Belo Horizonte, permitindo que tenham acesso r\u00e1pido a eventos e servi\u00e7os dispon\u00edveis na capital.<\/p>\n<p>Para Minas Gerais, que possui uma \u00e1rea total de quase 600 mil quil\u00f4metros quadrados, o investimento na regionaliza\u00e7\u00e3o por meio do transporte a\u00e9reo \u00e9 estrat\u00e9gico e indispens\u00e1vel para atender \u00e0 meta de redu\u00e7\u00e3o das desigualdades nos 17 territ\u00f3rios de desenvolvimento criados pelo Governo do Estado.<\/p>\n<p><strong>AEROPORTOS &#8211;<\/strong> Segundo informa\u00e7\u00f5es da Ag\u00eancia Nacional de Avia\u00e7\u00e3o Civil, Minas Gerais conta atualmente com 121 aer\u00f3dromos privados e 86 p\u00fablicos. A administra\u00e7\u00e3o, manuten\u00e7\u00e3o e explora\u00e7\u00e3o dos aer\u00f3dromos p\u00fablicos s\u00e3o atribui\u00e7\u00f5es da Uni\u00e3o.<\/p>\n<p>Por\u00e9m, a Setop vem trabalhando em processos de delega\u00e7\u00e3o Uni\u00e3o\u2013Estado, possibilitando investimentos do Governo Estadual em reformas e melhorias, e posterior delega\u00e7\u00e3o aos munic\u00edpios ou empresas, para opera\u00e7\u00e3o e manuten\u00e7\u00e3o.<\/p>\n","protected":false},"excerpt":{"rendered":"<p>Muria\u00e9 ter\u00e1 voos fretados para Belo Horizonte a partir da segunda quinzena do m\u00eas de agosto. O munic\u00edpio est\u00e1 entre as 12 cidades listadas na fase inicial do Projeto de Integra\u00e7\u00e3o Regional de Minas Gerais &#8211; Modal A\u00e9reo (Pirma), desenvolvida pelo Governo do Estado, por meio da Companhia de Desenvolvimento Econ\u00f4mico de Minas Gerais (Codemig) &#8230; <a title=\"Muria\u00e9 est\u00e1 entre os munic\u00edpios beneficiados com voos fretados\" class=\"read-more\" href=\"https:\/\/anoticiaonline.com.br\/site\/muriae-esta-entre-os-municipios-beneficiados-com-voos-fretados\/\" aria-label=\"Read more about Muria\u00e9 est\u00e1 entre os munic\u00edpios beneficiados com voos fretados\">Ler mais<\/a><\/p>\n","protected":false},"author":2,"featured_media":15295,"comment_status":"open","ping_status":"open","sticky":false,"template":"","format":"standard","meta":{"_acf_changed":false,"_monsterinsights_skip_tracking":false,"footnotes":""},"categories":[30],"tags":[3],"class_list":["post-15294","post","type-post","status-publish","format-standard","has-post-thumbnail","hentry","category-muriae","tag-slide"],"acf":[],"aioseo_notices":[],"aioseo_head":"\n\t\t<!-- All in One SEO 5.0.0.1 - aioseo.com -->\n\t<meta name=\"description\" content=\"Muria\u00e9 ter\u00e1 voos fretados para Belo Horizonte a partir da segunda quinzena do m\u00eas de agosto. O munic\u00edpio est\u00e1 entre as 12 cidades listadas na fase inicial do Projeto de Integra\u00e7\u00e3o Regional de Minas Gerais - Modal A\u00e9reo (Pirma), desenvolvida pelo Governo do Estado, por meio da Companhia de Desenvolvimento Econ\u00f4mico de Minas Gerais (Codemig)\" \/>\n\t<meta name=\"robots\" content=\"max-image-preview:large\" \/>\n\t<meta name=\"author\" content=\"Juliana Laviola\"\/>\n\t<link rel=\"canonical\" href=\"https:\/\/anoticiaonline.com.br\/site\/muriae-esta-entre-os-municipios-beneficiados-com-voos-fretados\/\" \/>\n\t<meta name=\"generator\" content=\"All in One SEO (AIOSEO) 5.0.0.1\" \/>\n\t\t<meta property=\"og:locale\" content=\"pt_BR\" \/>\n\t\t<meta property=\"og:site_name\" content=\"A Not\u00edcia Online - Noticias de Muria\u00e9 e regi\u00e3o\" \/>\n\t\t<meta property=\"og:type\" content=\"article\" \/>\n\t\t<meta property=\"og:title\" content=\"Muria\u00e9 est\u00e1 entre os munic\u00edpios beneficiados com voos fretados - A Not\u00edcia Online\" \/>\n\t\t<meta property=\"og:description\" content=\"Muria\u00e9 ter\u00e1 voos fretados para Belo Horizonte a partir da segunda quinzena do m\u00eas de agosto. O munic\u00edpio est\u00e1 entre as 12 cidades listadas na fase inicial do Projeto de Integra\u00e7\u00e3o Regional de Minas Gerais - Modal A\u00e9reo (Pirma), desenvolvida pelo Governo do Estado, por meio da Companhia de Desenvolvimento Econ\u00f4mico de Minas Gerais (Codemig)\" \/>\n\t\t<meta property=\"og:url\" content=\"https:\/\/anoticiaonline.com.br\/site\/muriae-esta-entre-os-municipios-beneficiados-com-voos-fretados\/\" \/>\n\t\t<meta property=\"og:image\" content=\"https:\/\/scontent-gig4-1.xx.fbcdn.net\/v\/t39.30808-1\/270437624_4564083193639691_6907940295614233970_n.jpg?stp=dst-jpg_s200x200_tt6&#038;_nc_cat=111&#038;ccb=1-7&#038;_nc_sid=f907e8&#038;_nc_ohc=SM1wRlP3lJwQ7kNvwEPuBYA&#038;_nc_oc=AdnqrjDN_BNjSSHWO-GbkIWH6fkGMLw4bqvL_NH6e2wMveX7G-rP2dAqsDSq1mJMOaY&#038;_nc_zt=24&#038;_nc_ht=scontent-gig4-1.xx&#038;_nc_gid=AoBFJeGrT1hVaew_6rchkQ&#038;oh=00_AfX7QmFGhQhG2jAllVgXCiM1ZrWgvtp80-Bfppyexh1QEg&#038;oe=689E923C\" \/>\n\t\t<meta property=\"og:image:secure_url\" content=\"https:\/\/scontent-gig4-1.xx.fbcdn.net\/v\/t39.30808-1\/270437624_4564083193639691_6907940295614233970_n.jpg?stp=dst-jpg_s200x200_tt6&#038;_nc_cat=111&#038;ccb=1-7&#038;_nc_sid=f907e8&#038;_nc_ohc=SM1wRlP3lJwQ7kNvwEPuBYA&#038;_nc_oc=AdnqrjDN_BNjSSHWO-GbkIWH6fkGMLw4bqvL_NH6e2wMveX7G-rP2dAqsDSq1mJMOaY&#038;_nc_zt=24&#038;_nc_ht=scontent-gig4-1.xx&#038;_nc_gid=AoBFJeGrT1hVaew_6rchkQ&#038;oh=00_AfX7QmFGhQhG2jAllVgXCiM1ZrWgvtp80-Bfppyexh1QEg&#038;oe=689E923C\" \/>\n\t\t<meta property=\"article:published_time\" content=\"2016-07-19T18:40:55+00:00\" \/>\n\t\t<meta property=\"article:modified_time\" content=\"2016-07-19T18:40:55+00:00\" \/>\n\t\t<meta name=\"twitter:card\" content=\"summary_large_image\" \/>\n\t\t<meta name=\"twitter:title\" content=\"Muria\u00e9 est\u00e1 entre os munic\u00edpios beneficiados com voos fretados - A Not\u00edcia Online\" \/>\n\t\t<meta name=\"twitter:description\" content=\"Muria\u00e9 ter\u00e1 voos fretados para Belo Horizonte a partir da segunda quinzena do m\u00eas de agosto. O munic\u00edpio est\u00e1 entre as 12 cidades listadas na fase inicial do Projeto de Integra\u00e7\u00e3o Regional de Minas Gerais - Modal A\u00e9reo (Pirma), desenvolvida pelo Governo do Estado, por meio da Companhia de Desenvolvimento Econ\u00f4mico de Minas Gerais (Codemig)\" \/>\n\t\t<meta name=\"twitter:image\" content=\"https:\/\/scontent-gig4-1.xx.fbcdn.net\/v\/t39.30808-1\/270437624_4564083193639691_6907940295614233970_n.jpg?stp=dst-jpg_s200x200_tt6&amp;_nc_cat=111&amp;ccb=1-7&amp;_nc_sid=f907e8&amp;_nc_ohc=SM1wRlP3lJwQ7kNvwEPuBYA&amp;_nc_oc=AdnqrjDN_BNjSSHWO-GbkIWH6fkGMLw4bqvL_NH6e2wMveX7G-rP2dAqsDSq1mJMOaY&amp;_nc_zt=24&amp;_nc_ht=scontent-gig4-1.xx&amp;_nc_gid=AoBFJeGrT1hVaew_6rchkQ&amp;oh=00_AfX7QmFGhQhG2jAllVgXCiM1ZrWgvtp80-Bfppyexh1QEg&amp;oe=689E923C\" \/>\n\t\t<script type=\"application\/ld+json\" class=\"aioseo-schema\">\n\t\t\t{\"@context\":\"https:\\\/\\\/schema.org\",\"@graph\":[{\"@type\":\"BlogPosting\",\"@id\":\"https:\\\/\\\/anoticiaonline.com.br\\\/site\\\/muriae-esta-entre-os-municipios-beneficiados-com-voos-fretados\\\/#blogposting\",\"name\":\"Muria\\u00e9 est\\u00e1 entre os munic\\u00edpios beneficiados com voos fretados - A Not\\u00edcia Online\",\"headline\":\"Muria\\u00e9 est\\u00e1 entre os munic\\u00edpios beneficiados com voos fretados\",\"author\":{\"@id\":\"https:\\\/\\\/anoticiaonline.com.br\\\/site\\\/author\\\/juliana\\\/#author\"},\"publisher\":{\"@id\":\"https:\\\/\\\/anoticiaonline.com.br\\\/site\\\/#organization\"},\"image\":{\"@type\":\"ImageObject\",\"url\":\"https:\\\/\\\/anoticiaonline.com.br\\\/site\\\/wp-content\\\/uploads\\\/2016\\\/07\\\/AviaoCodemig.jpg\",\"width\":640,\"height\":432,\"caption\":\"Divulga\\u00e7\\u00e3o\\\/Codemig\"},\"datePublished\":\"2016-07-19T15:40:55-03:00\",\"dateModified\":\"2016-07-19T15:40:55-03:00\",\"inLanguage\":\"pt-BR\",\"mainEntityOfPage\":{\"@id\":\"https:\\\/\\\/anoticiaonline.com.br\\\/site\\\/muriae-esta-entre-os-municipios-beneficiados-com-voos-fretados\\\/#webpage\"},\"isPartOf\":{\"@id\":\"https:\\\/\\\/anoticiaonline.com.br\\\/site\\\/muriae-esta-entre-os-municipios-beneficiados-com-voos-fretados\\\/#webpage\"},\"articleSection\":\"Blog, slide\"},{\"@type\":\"BreadcrumbList\",\"@id\":\"https:\\\/\\\/anoticiaonline.com.br\\\/site\\\/muriae-esta-entre-os-municipios-beneficiados-com-voos-fretados\\\/#breadcrumblist\",\"itemListElement\":[{\"@type\":\"ListItem\",\"@id\":\"https:\\\/\\\/anoticiaonline.com.br\\\/site#listItem\",\"position\":1,\"name\":\"Home\",\"item\":\"https:\\\/\\\/anoticiaonline.com.br\\\/site\",\"nextItem\":{\"@type\":\"ListItem\",\"@id\":\"https:\\\/\\\/anoticiaonline.com.br\\\/site\\\/categoria\\\/muriae\\\/#listItem\",\"name\":\"Blog\"}},{\"@type\":\"ListItem\",\"@id\":\"https:\\\/\\\/anoticiaonline.com.br\\\/site\\\/categoria\\\/muriae\\\/#listItem\",\"position\":2,\"name\":\"Blog\",\"item\":\"https:\\\/\\\/anoticiaonline.com.br\\\/site\\\/categoria\\\/muriae\\\/\",\"nextItem\":{\"@type\":\"ListItem\",\"@id\":\"https:\\\/\\\/anoticiaonline.com.br\\\/site\\\/muriae-esta-entre-os-municipios-beneficiados-com-voos-fretados\\\/#listItem\",\"name\":\"Muria\\u00e9 est\\u00e1 entre os munic\\u00edpios beneficiados com voos fretados\"},\"previousItem\":{\"@type\":\"ListItem\",\"@id\":\"https:\\\/\\\/anoticiaonline.com.br\\\/site#listItem\",\"name\":\"Home\"}},{\"@type\":\"ListItem\",\"@id\":\"https:\\\/\\\/anoticiaonline.com.br\\\/site\\\/muriae-esta-entre-os-municipios-beneficiados-com-voos-fretados\\\/#listItem\",\"position\":3,\"name\":\"Muria\\u00e9 est\\u00e1 entre os munic\\u00edpios beneficiados com voos fretados\",\"previousItem\":{\"@type\":\"ListItem\",\"@id\":\"https:\\\/\\\/anoticiaonline.com.br\\\/site\\\/categoria\\\/muriae\\\/#listItem\",\"name\":\"Blog\"}}]},{\"@type\":\"Organization\",\"@id\":\"https:\\\/\\\/anoticiaonline.com.br\\\/site\\\/#organization\",\"name\":\"A Not\\u00edcia Online\",\"description\":\"Noticias de Muria\\u00e9 e regi\\u00e3o\",\"url\":\"https:\\\/\\\/anoticiaonline.com.br\\\/site\\\/\",\"logo\":{\"@type\":\"ImageObject\",\"url\":\"https:\\\/\\\/scontent-gig4-1.xx.fbcdn.net\\\/v\\\/t39.30808-1\\\/270437624_4564083193639691_6907940295614233970_n.jpg?stp=dst-jpg_s200x200_tt6&_nc_cat=111&ccb=1-7&_nc_sid=f907e8&_nc_ohc=SM1wRlP3lJwQ7kNvwEPuBYA&_nc_oc=AdnqrjDN_BNjSSHWO-GbkIWH6fkGMLw4bqvL_NH6e2wMveX7G-rP2dAqsDSq1mJMOaY&_nc_zt=24&_nc_ht=scontent-gig4-1.xx&_nc_gid=AoBFJeGrT1hVaew_6rchkQ&oh=00_AfX7QmFGhQhG2jAllVgXCiM1ZrWgvtp80-Bfppyexh1QEg&oe=689E923C\",\"@id\":\"https:\\\/\\\/anoticiaonline.com.br\\\/site\\\/muriae-esta-entre-os-municipios-beneficiados-com-voos-fretados\\\/#organizationLogo\"},\"image\":{\"@id\":\"https:\\\/\\\/anoticiaonline.com.br\\\/site\\\/muriae-esta-entre-os-municipios-beneficiados-com-voos-fretados\\\/#organizationLogo\"}},{\"@type\":\"Person\",\"@id\":\"https:\\\/\\\/anoticiaonline.com.br\\\/site\\\/author\\\/juliana\\\/#author\",\"url\":\"https:\\\/\\\/anoticiaonline.com.br\\\/site\\\/author\\\/juliana\\\/\",\"name\":\"Juliana Laviola\",\"image\":{\"@type\":\"ImageObject\",\"@id\":\"https:\\\/\\\/anoticiaonline.com.br\\\/site\\\/muriae-esta-entre-os-municipios-beneficiados-com-voos-fretados\\\/#authorImage\",\"url\":\"https:\\\/\\\/secure.gravatar.com\\\/avatar\\\/b8d45f5c699b100dfaf0e543582f38f38bf94cb7ae3a5e9abf8d891a34773335?s=96&d=mm&r=g\",\"width\":96,\"height\":96,\"caption\":\"Juliana Laviola\"}},{\"@type\":\"WebPage\",\"@id\":\"https:\\\/\\\/anoticiaonline.com.br\\\/site\\\/muriae-esta-entre-os-municipios-beneficiados-com-voos-fretados\\\/#webpage\",\"url\":\"https:\\\/\\\/anoticiaonline.com.br\\\/site\\\/muriae-esta-entre-os-municipios-beneficiados-com-voos-fretados\\\/\",\"name\":\"Muria\\u00e9 est\\u00e1 entre os munic\\u00edpios beneficiados com voos fretados - A Not\\u00edcia Online\",\"description\":\"Muria\\u00e9 ter\\u00e1 voos fretados para Belo Horizonte a partir da segunda quinzena do m\\u00eas de agosto. O munic\\u00edpio est\\u00e1 entre as 12 cidades listadas na fase inicial do Projeto de Integra\\u00e7\\u00e3o Regional de Minas Gerais - Modal A\\u00e9reo (Pirma), desenvolvida pelo Governo do Estado, por meio da Companhia de Desenvolvimento Econ\\u00f4mico de Minas Gerais (Codemig)\",\"inLanguage\":\"pt-BR\",\"isPartOf\":{\"@id\":\"https:\\\/\\\/anoticiaonline.com.br\\\/site\\\/#website\"},\"breadcrumb\":{\"@id\":\"https:\\\/\\\/anoticiaonline.com.br\\\/site\\\/muriae-esta-entre-os-municipios-beneficiados-com-voos-fretados\\\/#breadcrumblist\"},\"author\":{\"@id\":\"https:\\\/\\\/anoticiaonline.com.br\\\/site\\\/author\\\/juliana\\\/#author\"},\"creator\":{\"@id\":\"https:\\\/\\\/anoticiaonline.com.br\\\/site\\\/author\\\/juliana\\\/#author\"},\"image\":{\"@type\":\"ImageObject\",\"url\":\"https:\\\/\\\/anoticiaonline.com.br\\\/site\\\/wp-content\\\/uploads\\\/2016\\\/07\\\/AviaoCodemig.jpg\",\"@id\":\"https:\\\/\\\/anoticiaonline.com.br\\\/site\\\/muriae-esta-entre-os-municipios-beneficiados-com-voos-fretados\\\/#mainImage\",\"width\":640,\"height\":432,\"caption\":\"Divulga\\u00e7\\u00e3o\\\/Codemig\"},\"primaryImageOfPage\":{\"@id\":\"https:\\\/\\\/anoticiaonline.com.br\\\/site\\\/muriae-esta-entre-os-municipios-beneficiados-com-voos-fretados\\\/#mainImage\"},\"datePublished\":\"2016-07-19T15:40:55-03:00\",\"dateModified\":\"2016-07-19T15:40:55-03:00\"},{\"@type\":\"WebSite\",\"@id\":\"https:\\\/\\\/anoticiaonline.com.br\\\/site\\\/#website\",\"url\":\"https:\\\/\\\/anoticiaonline.com.br\\\/site\\\/\",\"name\":\"A Not\\u00edcia Online\",\"description\":\"Noticias de Muria\\u00e9 e regi\\u00e3o\",\"inLanguage\":\"pt-BR\",\"publisher\":{\"@id\":\"https:\\\/\\\/anoticiaonline.com.br\\\/site\\\/#organization\"}}]}\n\t\t<\/script>\n\t\t<!-- All in One SEO -->\n\n","aioseo_head_json":{"title":"Muria\u00e9 est\u00e1 entre os munic\u00edpios beneficiados com voos fretados - A Not\u00edcia Online","description":"Muria\u00e9 ter\u00e1 voos fretados para Belo Horizonte a partir da segunda quinzena do m\u00eas de agosto. O munic\u00edpio est\u00e1 entre as 12 cidades listadas na fase inicial do Projeto de Integra\u00e7\u00e3o Regional de Minas Gerais - Modal A\u00e9reo (Pirma), desenvolvida pelo Governo do Estado, por meio da Companhia de Desenvolvimento Econ\u00f4mico de Minas Gerais (Codemig)","canonical_url":"https:\/\/anoticiaonline.com.br\/site\/muriae-esta-entre-os-municipios-beneficiados-com-voos-fretados\/","robots":"max-image-preview:large","keywords":"","webmasterTools":{"miscellaneous":""},"schema":{"@context":"https:\/\/schema.org","@graph":[{"@type":"BlogPosting","@id":"https:\/\/anoticiaonline.com.br\/site\/muriae-esta-entre-os-municipios-beneficiados-com-voos-fretados\/#blogposting","name":"Muria\u00e9 est\u00e1 entre os munic\u00edpios beneficiados com voos fretados - A Not\u00edcia Online","headline":"Muria\u00e9 est\u00e1 entre os munic\u00edpios beneficiados com voos fretados","author":{"@id":"https:\/\/anoticiaonline.com.br\/site\/author\/juliana\/#author"},"publisher":{"@id":"https:\/\/anoticiaonline.com.br\/site\/#organization"},"image":{"@type":"ImageObject","url":"https:\/\/anoticiaonline.com.br\/site\/wp-content\/uploads\/2016\/07\/AviaoCodemig.jpg","width":640,"height":432,"caption":"Divulga\u00e7\u00e3o\/Codemig"},"datePublished":"2016-07-19T15:40:55-03:00","dateModified":"2016-07-19T15:40:55-03:00","inLanguage":"pt-BR","mainEntityOfPage":{"@id":"https:\/\/anoticiaonline.com.br\/site\/muriae-esta-entre-os-municipios-beneficiados-com-voos-fretados\/#webpage"},"isPartOf":{"@id":"https:\/\/anoticiaonline.com.br\/site\/muriae-esta-entre-os-municipios-beneficiados-com-voos-fretados\/#webpage"},"articleSection":"Blog, slide"},{"@type":"BreadcrumbList","@id":"https:\/\/anoticiaonline.com.br\/site\/muriae-esta-entre-os-municipios-beneficiados-com-voos-fretados\/#breadcrumblist","itemListElement":[{"@type":"ListItem","@id":"https:\/\/anoticiaonline.com.br\/site#listItem","position":1,"name":"Home","item":"https:\/\/anoticiaonline.com.br\/site","nextItem":{"@type":"ListItem","@id":"https:\/\/anoticiaonline.com.br\/site\/categoria\/muriae\/#listItem","name":"Blog"}},{"@type":"ListItem","@id":"https:\/\/anoticiaonline.com.br\/site\/categoria\/muriae\/#listItem","position":2,"name":"Blog","item":"https:\/\/anoticiaonline.com.br\/site\/categoria\/muriae\/","nextItem":{"@type":"ListItem","@id":"https:\/\/anoticiaonline.com.br\/site\/muriae-esta-entre-os-municipios-beneficiados-com-voos-fretados\/#listItem","name":"Muria\u00e9 est\u00e1 entre os munic\u00edpios beneficiados com voos fretados"},"previousItem":{"@type":"ListItem","@id":"https:\/\/anoticiaonline.com.br\/site#listItem","name":"Home"}},{"@type":"ListItem","@id":"https:\/\/anoticiaonline.com.br\/site\/muriae-esta-entre-os-municipios-beneficiados-com-voos-fretados\/#listItem","position":3,"name":"Muria\u00e9 est\u00e1 entre os munic\u00edpios beneficiados com voos fretados","previousItem":{"@type":"ListItem","@id":"https:\/\/anoticiaonline.com.br\/site\/categoria\/muriae\/#listItem","name":"Blog"}}]},{"@type":"Organization","@id":"https:\/\/anoticiaonline.com.br\/site\/#organization","name":"A Not\u00edcia Online","description":"Noticias de Muria\u00e9 e regi\u00e3o","url":"https:\/\/anoticiaonline.com.br\/site\/","logo":{"@type":"ImageObject","url":"https:\/\/scontent-gig4-1.xx.fbcdn.net\/v\/t39.30808-1\/270437624_4564083193639691_6907940295614233970_n.jpg?stp=dst-jpg_s200x200_tt6&_nc_cat=111&ccb=1-7&_nc_sid=f907e8&_nc_ohc=SM1wRlP3lJwQ7kNvwEPuBYA&_nc_oc=AdnqrjDN_BNjSSHWO-GbkIWH6fkGMLw4bqvL_NH6e2wMveX7G-rP2dAqsDSq1mJMOaY&_nc_zt=24&_nc_ht=scontent-gig4-1.xx&_nc_gid=AoBFJeGrT1hVaew_6rchkQ&oh=00_AfX7QmFGhQhG2jAllVgXCiM1ZrWgvtp80-Bfppyexh1QEg&oe=689E923C","@id":"https:\/\/anoticiaonline.com.br\/site\/muriae-esta-entre-os-municipios-beneficiados-com-voos-fretados\/#organizationLogo"},"image":{"@id":"https:\/\/anoticiaonline.com.br\/site\/muriae-esta-entre-os-municipios-beneficiados-com-voos-fretados\/#organizationLogo"}},{"@type":"Person","@id":"https:\/\/anoticiaonline.com.br\/site\/author\/juliana\/#author","url":"https:\/\/anoticiaonline.com.br\/site\/author\/juliana\/","name":"Juliana Laviola","image":{"@type":"ImageObject","@id":"https:\/\/anoticiaonline.com.br\/site\/muriae-esta-entre-os-municipios-beneficiados-com-voos-fretados\/#authorImage","url":"https:\/\/secure.gravatar.com\/avatar\/b8d45f5c699b100dfaf0e543582f38f38bf94cb7ae3a5e9abf8d891a34773335?s=96&d=mm&r=g","width":96,"height":96,"caption":"Juliana Laviola"}},{"@type":"WebPage","@id":"https:\/\/anoticiaonline.com.br\/site\/muriae-esta-entre-os-municipios-beneficiados-com-voos-fretados\/#webpage","url":"https:\/\/anoticiaonline.com.br\/site\/muriae-esta-entre-os-municipios-beneficiados-com-voos-fretados\/","name":"Muria\u00e9 est\u00e1 entre os munic\u00edpios beneficiados com voos fretados - A Not\u00edcia Online","description":"Muria\u00e9 ter\u00e1 voos fretados para Belo Horizonte a partir da segunda quinzena do m\u00eas de agosto. O munic\u00edpio est\u00e1 entre as 12 cidades listadas na fase inicial do Projeto de Integra\u00e7\u00e3o Regional de Minas Gerais - Modal A\u00e9reo (Pirma), desenvolvida pelo Governo do Estado, por meio da Companhia de Desenvolvimento Econ\u00f4mico de Minas Gerais (Codemig)","inLanguage":"pt-BR","isPartOf":{"@id":"https:\/\/anoticiaonline.com.br\/site\/#website"},"breadcrumb":{"@id":"https:\/\/anoticiaonline.com.br\/site\/muriae-esta-entre-os-municipios-beneficiados-com-voos-fretados\/#breadcrumblist"},"author":{"@id":"https:\/\/anoticiaonline.com.br\/site\/author\/juliana\/#author"},"creator":{"@id":"https:\/\/anoticiaonline.com.br\/site\/author\/juliana\/#author"},"image":{"@type":"ImageObject","url":"https:\/\/anoticiaonline.com.br\/site\/wp-content\/uploads\/2016\/07\/AviaoCodemig.jpg","@id":"https:\/\/anoticiaonline.com.br\/site\/muriae-esta-entre-os-municipios-beneficiados-com-voos-fretados\/#mainImage","width":640,"height":432,"caption":"Divulga\u00e7\u00e3o\/Codemig"},"primaryImageOfPage":{"@id":"https:\/\/anoticiaonline.com.br\/site\/muriae-esta-entre-os-municipios-beneficiados-com-voos-fretados\/#mainImage"},"datePublished":"2016-07-19T15:40:55-03:00","dateModified":"2016-07-19T15:40:55-03:00"},{"@type":"WebSite","@id":"https:\/\/anoticiaonline.com.br\/site\/#website","url":"https:\/\/anoticiaonline.com.br\/site\/","name":"A Not\u00edcia Online","description":"Noticias de Muria\u00e9 e regi\u00e3o","inLanguage":"pt-BR","publisher":{"@id":"https:\/\/anoticiaonline.com.br\/site\/#organization"}}]},"og:locale":"pt_BR","og:site_name":"A Not\u00edcia Online - Noticias de Muria\u00e9 e regi\u00e3o","og:type":"article","og:title":"Muria\u00e9 est\u00e1 entre os munic\u00edpios beneficiados com voos fretados - A Not\u00edcia Online","og:description":"Muria\u00e9 ter\u00e1 voos fretados para Belo Horizonte a partir da segunda quinzena do m\u00eas de agosto. O munic\u00edpio est\u00e1 entre as 12 cidades listadas na fase inicial do Projeto de Integra\u00e7\u00e3o Regional de Minas Gerais - Modal A\u00e9reo (Pirma), desenvolvida pelo Governo do Estado, por meio da Companhia de Desenvolvimento Econ\u00f4mico de Minas Gerais (Codemig)","og:url":"https:\/\/anoticiaonline.com.br\/site\/muriae-esta-entre-os-municipios-beneficiados-com-voos-fretados\/","og:image":"https:\/\/scontent-gig4-1.xx.fbcdn.net\/v\/t39.30808-1\/270437624_4564083193639691_6907940295614233970_n.jpg?stp=dst-jpg_s200x200_tt6&#038;_nc_cat=111&#038;ccb=1-7&#038;_nc_sid=f907e8&#038;_nc_ohc=SM1wRlP3lJwQ7kNvwEPuBYA&#038;_nc_oc=AdnqrjDN_BNjSSHWO-GbkIWH6fkGMLw4bqvL_NH6e2wMveX7G-rP2dAqsDSq1mJMOaY&#038;_nc_zt=24&#038;_nc_ht=scontent-gig4-1.xx&#038;_nc_gid=AoBFJeGrT1hVaew_6rchkQ&#038;oh=00_AfX7QmFGhQhG2jAllVgXCiM1ZrWgvtp80-Bfppyexh1QEg&#038;oe=689E923C","og:image:secure_url":"https:\/\/scontent-gig4-1.xx.fbcdn.net\/v\/t39.30808-1\/270437624_4564083193639691_6907940295614233970_n.jpg?stp=dst-jpg_s200x200_tt6&#038;_nc_cat=111&#038;ccb=1-7&#038;_nc_sid=f907e8&#038;_nc_ohc=SM1wRlP3lJwQ7kNvwEPuBYA&#038;_nc_oc=AdnqrjDN_BNjSSHWO-GbkIWH6fkGMLw4bqvL_NH6e2wMveX7G-rP2dAqsDSq1mJMOaY&#038;_nc_zt=24&#038;_nc_ht=scontent-gig4-1.xx&#038;_nc_gid=AoBFJeGrT1hVaew_6rchkQ&#038;oh=00_AfX7QmFGhQhG2jAllVgXCiM1ZrWgvtp80-Bfppyexh1QEg&#038;oe=689E923C","article:published_time":"2016-07-19T18:40:55+00:00","article:modified_time":"2016-07-19T18:40:55+00:00","twitter:card":"summary_large_image","twitter:title":"Muria\u00e9 est\u00e1 entre os munic\u00edpios beneficiados com voos fretados - A Not\u00edcia Online","twitter:description":"Muria\u00e9 ter\u00e1 voos fretados para Belo Horizonte a partir da segunda quinzena do m\u00eas de agosto. O munic\u00edpio est\u00e1 entre as 12 cidades listadas na fase inicial do Projeto de Integra\u00e7\u00e3o Regional de Minas Gerais - Modal A\u00e9reo (Pirma), desenvolvida pelo Governo do Estado, por meio da Companhia de Desenvolvimento Econ\u00f4mico de Minas Gerais (Codemig)","twitter:image":"https:\/\/scontent-gig4-1.xx.fbcdn.net\/v\/t39.30808-1\/270437624_4564083193639691_6907940295614233970_n.jpg?stp=dst-jpg_s200x200_tt6&_nc_cat=111&ccb=1-7&_nc_sid=f907e8&_nc_ohc=SM1wRlP3lJwQ7kNvwEPuBYA&_nc_oc=AdnqrjDN_BNjSSHWO-GbkIWH6fkGMLw4bqvL_NH6e2wMveX7G-rP2dAqsDSq1mJMOaY&_nc_zt=24&_nc_ht=scontent-gig4-1.xx&_nc_gid=AoBFJeGrT1hVaew_6rchkQ&oh=00_AfX7QmFGhQhG2jAllVgXCiM1ZrWgvtp80-Bfppyexh1QEg&oe=689E923C"},"aioseo_meta_data":{"post_id":"15294","title":null,"description":null,"keywords":null,"keyphrases":null,"primary_term":null,"canonical_url":null,"og_title":null,"og_description":null,"og_object_type":"default","og_image_type":"default","og_image_url":null,"og_image_width":null,"og_image_height":null,"og_image_custom_url":null,"og_image_custom_fields":null,"og_video":null,"og_custom_url":null,"og_article_section":null,"og_article_tags":null,"twitter_use_og":false,"twitter_card":"default","twitter_image_type":"default","twitter_image_url":null,"twitter_image_custom_url":null,"twitter_image_custom_fields":null,"twitter_title":null,"twitter_description":null,"schema":{"blockGraphs":[],"customGraphs":[],"default":{"data":{"Article":[],"Course":[],"Dataset":[],"FAQPage":[],"Movie":[],"Person":[],"Product":[],"ProductReview":[],"Car":[],"Recipe":[],"Service":[],"SoftwareApplication":[],"WebPage":[]},"graphName":"","isEnabled":true},"graphs":[]},"schema_type":"default","schema_type_options":null,"pillar_content":false,"robots_default":true,"robots_noindex":false,"robots_noarchive":false,"robots_nosnippet":false,"robots_nofollow":false,"robots_noimageindex":false,"robots_noodp":false,"robots_notranslate":false,"robots_max_snippet":null,"robots_max_videopreview":null,"robots_max_imagepreview":"large","priority":null,"frequency":null,"local_seo":null,"breadcrumb_settings":null,"limit_modified_date":false,"ai":null,"created":"2025-08-16 16:27:35","updated":"2025-08-16 16:27:35","focus_keyword":null,"additional_keywords":null,"truseo_locale":null,"seo_analyzer_scan_date":null},"aioseo_breadcrumb":"<div class=\"aioseo-breadcrumbs\"><span class=\"aioseo-breadcrumb\">\n\t\t\t<a href=\"https:\/\/anoticiaonline.com.br\/site\" title=\"Home\">Home<\/a>\n\t\t<\/span><span class=\"aioseo-breadcrumb-separator\">&raquo;<\/span><span class=\"aioseo-breadcrumb\">\n\t\t\t<a href=\"https:\/\/anoticiaonline.com.br\/site\/categoria\/muriae\/\" title=\"Blog\">Blog<\/a>\n\t\t<\/span><span class=\"aioseo-breadcrumb-separator\">&raquo;<\/span><span class=\"aioseo-breadcrumb\">\n\t\t\tMuria\u00e9 est\u00e1 entre os munic\u00edpios beneficiados com voos fretados\n\t\t<\/span><\/div>","aioseo_breadcrumb_json":[{"label":"Home","link":"https:\/\/anoticiaonline.com.br\/site"},{"label":"Blog","link":"https:\/\/anoticiaonline.com.br\/site\/categoria\/muriae\/"},{"label":"Muria\u00e9 est\u00e1 entre os munic\u00edpios beneficiados com voos fretados","link":"https:\/\/anoticiaonline.com.br\/site\/muriae-esta-entre-os-municipios-beneficiados-com-voos-fretados\/"}],"views":136,"_links":{"self":[{"href":"https:\/\/anoticiaonline.com.br\/site\/wp-json\/wp\/v2\/posts\/15294","targetHints":{"allow":["GET"]}}],"collection":[{"href":"https:\/\/anoticiaonline.com.br\/site\/wp-json\/wp\/v2\/posts"}],"about":[{"href":"https:\/\/anoticiaonline.com.br\/site\/wp-json\/wp\/v2\/types\/post"}],"author":[{"embeddable":true,"href":"https:\/\/anoticiaonline.com.br\/site\/wp-json\/wp\/v2\/users\/2"}],"replies":[{"embeddable":true,"href":"https:\/\/anoticiaonline.com.br\/site\/wp-json\/wp\/v2\/comments?post=15294"}],"version-history":[{"count":0,"href":"https:\/\/anoticiaonline.com.br\/site\/wp-json\/wp\/v2\/posts\/15294\/revisions"}],"wp:featuredmedia":[{"embeddable":true,"href":"https:\/\/anoticiaonline.com.br\/site\/wp-json\/wp\/v2\/media\/15295"}],"wp:attachment":[{"href":"https:\/\/anoticiaonline.com.br\/site\/wp-json\/wp\/v2\/media?parent=15294"}],"wp:term":[{"taxonomy":"category","embeddable":true,"href":"https:\/\/anoticiaonline.com.br\/site\/wp-json\/wp\/v2\/categories?post=15294"},{"taxonomy":"post_tag","embeddable":true,"href":"https:\/\/anoticiaonline.com.br\/site\/wp-json\/wp\/v2\/tags?post=15294"}],"curies":[{"name":"wp","href":"https:\/\/api.w.org\/{rel}","templated":true}]}}