{"id":15227,"date":"2016-07-14T20:00:34","date_gmt":"2016-07-14T23:00:34","guid":{"rendered":"http:\/\/anoticiaonline.com.br\/site\/?p=15227"},"modified":"2016-07-14T20:00:34","modified_gmt":"2016-07-14T23:00:34","slug":"candidato-despreparado-povo-mal-representado","status":"publish","type":"post","link":"https:\/\/anoticiaonline.com.br\/site\/candidato-despreparado-povo-mal-representado\/","title":{"rendered":"Candidato despreparado, povo mal representado"},"content":{"rendered":"<p>Neste ano acontecer\u00e3o as elei\u00e7\u00f5es municipais cuja data prevista no calend\u00e1rio eleitoral \u00e9 o dia 2 de outubro. Ser\u00e3o eleitos nos 5.570 munic\u00edpios brasileiros os prefeitos, vice-prefeitos e vereadores, que constituem a representatividade pol\u00edtica mais perto da popula\u00e7\u00e3o. Da\u00ed decorre a grande responsabilidade de todos os candidatos.<\/p>\n<p>\u00c0 medida que a data das elei\u00e7\u00f5es vai se aproximando, h\u00e1 uma tend\u00eancia natural de aquecimento da temperatura do pleito, com os candidatos procurando fazer o tradicional corpo a corpo, para que, com as sua propostas, possam lograr algum \u00eaxito no convencimento do eleitor. Nos dias que antecedem a elei\u00e7\u00e3o, vale tudo para conquistar a simpatia dos indecisos ou daqueles que ainda n\u00e3o se declaram e que podem ainda render mais algum votinho.<\/p>\n<p>A empolga\u00e7\u00e3o com a candidatura, o sonho de se tornar um representante do povo e at\u00e9 a demonstra\u00e7\u00e3o de despreparo apresentada por alguns postulantes aos cargos s\u00e3o ingredientes corriqueiros nas campanhas eleitorais.<\/p>\n<p>Na luta pelo voto, fica expl\u00edcito o despreparo de candidatos a vereadores, por exemplo, demonstrando que alguns deles n\u00e3o t\u00eam a exata no\u00e7\u00e3o das suas reais fun\u00e7\u00f5es, caso sejam eleitos para a C\u00e2mara municipal, e acabam prometendo fazer obras que s\u00e3o da compet\u00eancia do Poder Executivo, tais como cal\u00e7amentos, muros de arrimo, asfaltamento, extens\u00e3o de rua, esgoto e etc.<\/p>\n<p>Somente para dar um exemplo desse despreparo, um dia desses fui abordado na rua por um deles, que me disse ser pr\u00e9-candidato, mas que j\u00e1 estava trabalhando a sua candidatura, pois se encontrava com dificuldades financeiras e que precisava muito do cargo de vereador.<\/p>\n<p>Ora, um indiv\u00edduo como esse n\u00e3o tem nenhuma no\u00e7\u00e3o da nobreza do exerc\u00edcio da representatividade pol\u00edtica pleiteada e o quanto importante pode ser a sua conduta e a sua atua\u00e7\u00e3o no Poder Legislativo, n\u00e3o s\u00f3 como legislador, mas principalmente, como um efetivo fiscal dos atos do Poder Executivo.<\/p>\n<p>Vivemos num estado democr\u00e1tico de direito, e, consequentemente, faz parte da democracia a possibilidade de qualquer cidad\u00e3o candidatar-se aos cargos eletivos dispon\u00edveis, desde que ele cumpra alguns requisitos prescritos na legisla\u00e7\u00e3o, como idade m\u00ednima, ter reputa\u00e7\u00e3o ilibada, ser alfabetizado, estar em gozo de sua capacidade mental e outros mais.<\/p>\n<p>Mas tamb\u00e9m sou favor\u00e1vel a que, uma vez registrada a candidatura, os Tribunais Eleitorais ou os partidos se preocupassem em promover algum tipo de curso, mesmo que seja r\u00e1pido, n\u00e3o no sentido de capacitar totalmente o postulante, at\u00e9 porque isso seria imposs\u00edvel, mas, pelo menos, para que pudesse passar-lhe algumas informa\u00e7\u00f5es sobre as suas principais responsabilidades e quais seriam as suas atribui\u00e7\u00f5es nos cargos por eles postulados. Com essas informa\u00e7\u00f5es, certamente, ter\u00edamos pessoas mais bem preparadas para exercer a representatividade pol\u00edtica, pois candidato mal preparado \u00e9 sin\u00f4nimo de um povo mal representado.<\/p>\n","protected":false},"excerpt":{"rendered":"<p>Neste ano acontecer\u00e3o as elei\u00e7\u00f5es municipais cuja data prevista no calend\u00e1rio eleitoral \u00e9 o dia 2 de outubro. Ser\u00e3o eleitos nos 5.570 munic\u00edpios brasileiros os prefeitos, vice-prefeitos e vereadores, que constituem a representatividade pol\u00edtica mais perto da popula\u00e7\u00e3o. Da\u00ed decorre a grande responsabilidade de todos os candidatos. \u00c0 medida que a data das elei\u00e7\u00f5es vai &#8230; <a title=\"Candidato despreparado, povo mal representado\" class=\"read-more\" href=\"https:\/\/anoticiaonline.com.br\/site\/candidato-despreparado-povo-mal-representado\/\" aria-label=\"Read more about Candidato despreparado, povo mal representado\">Ler mais<\/a><\/p>\n","protected":false},"author":2,"featured_media":0,"comment_status":"open","ping_status":"open","sticky":false,"template":"","format":"standard","meta":{"_acf_changed":false,"_monsterinsights_skip_tracking":false,"footnotes":""},"categories":[33],"tags":[],"class_list":["post-15227","post","type-post","status-publish","format-standard","hentry","category-politica-e-atualidades-francisco-laviola"],"acf":[],"aioseo_notices":[],"aioseo_head":"\n\t\t<!-- All in One SEO 5.0.0.1 - aioseo.com -->\n\t<meta name=\"description\" content=\"Neste ano acontecer\u00e3o as elei\u00e7\u00f5es municipais cuja data prevista no calend\u00e1rio eleitoral \u00e9 o dia 2 de outubro. Ser\u00e3o eleitos nos 5.570 munic\u00edpios brasileiros os prefeitos, vice-prefeitos e vereadores, que constituem a representatividade pol\u00edtica mais perto da popula\u00e7\u00e3o. Da\u00ed decorre a grande responsabilidade de todos os candidatos. \u00c0 medida que a data das elei\u00e7\u00f5es vai\" \/>\n\t<meta name=\"robots\" content=\"max-image-preview:large\" \/>\n\t<meta name=\"author\" content=\"Juliana Laviola\"\/>\n\t<link rel=\"canonical\" href=\"https:\/\/anoticiaonline.com.br\/site\/candidato-despreparado-povo-mal-representado\/\" \/>\n\t<meta name=\"generator\" content=\"All in One SEO (AIOSEO) 5.0.0.1\" \/>\n\t\t<meta property=\"og:locale\" content=\"pt_BR\" \/>\n\t\t<meta property=\"og:site_name\" content=\"A Not\u00edcia Online - Noticias de Muria\u00e9 e regi\u00e3o\" \/>\n\t\t<meta property=\"og:type\" content=\"article\" \/>\n\t\t<meta property=\"og:title\" content=\"Candidato despreparado, povo mal representado - A Not\u00edcia Online\" \/>\n\t\t<meta property=\"og:description\" content=\"Neste ano acontecer\u00e3o as elei\u00e7\u00f5es municipais cuja data prevista no calend\u00e1rio eleitoral \u00e9 o dia 2 de outubro. Ser\u00e3o eleitos nos 5.570 munic\u00edpios brasileiros os prefeitos, vice-prefeitos e vereadores, que constituem a representatividade pol\u00edtica mais perto da popula\u00e7\u00e3o. Da\u00ed decorre a grande responsabilidade de todos os candidatos. \u00c0 medida que a data das elei\u00e7\u00f5es vai\" \/>\n\t\t<meta property=\"og:url\" content=\"https:\/\/anoticiaonline.com.br\/site\/candidato-despreparado-povo-mal-representado\/\" \/>\n\t\t<meta property=\"og:image\" content=\"https:\/\/scontent-gig4-1.xx.fbcdn.net\/v\/t39.30808-1\/270437624_4564083193639691_6907940295614233970_n.jpg?stp=dst-jpg_s200x200_tt6&#038;_nc_cat=111&#038;ccb=1-7&#038;_nc_sid=f907e8&#038;_nc_ohc=SM1wRlP3lJwQ7kNvwEPuBYA&#038;_nc_oc=AdnqrjDN_BNjSSHWO-GbkIWH6fkGMLw4bqvL_NH6e2wMveX7G-rP2dAqsDSq1mJMOaY&#038;_nc_zt=24&#038;_nc_ht=scontent-gig4-1.xx&#038;_nc_gid=AoBFJeGrT1hVaew_6rchkQ&#038;oh=00_AfX7QmFGhQhG2jAllVgXCiM1ZrWgvtp80-Bfppyexh1QEg&#038;oe=689E923C\" \/>\n\t\t<meta property=\"og:image:secure_url\" content=\"https:\/\/scontent-gig4-1.xx.fbcdn.net\/v\/t39.30808-1\/270437624_4564083193639691_6907940295614233970_n.jpg?stp=dst-jpg_s200x200_tt6&#038;_nc_cat=111&#038;ccb=1-7&#038;_nc_sid=f907e8&#038;_nc_ohc=SM1wRlP3lJwQ7kNvwEPuBYA&#038;_nc_oc=AdnqrjDN_BNjSSHWO-GbkIWH6fkGMLw4bqvL_NH6e2wMveX7G-rP2dAqsDSq1mJMOaY&#038;_nc_zt=24&#038;_nc_ht=scontent-gig4-1.xx&#038;_nc_gid=AoBFJeGrT1hVaew_6rchkQ&#038;oh=00_AfX7QmFGhQhG2jAllVgXCiM1ZrWgvtp80-Bfppyexh1QEg&#038;oe=689E923C\" \/>\n\t\t<meta property=\"article:published_time\" content=\"2016-07-14T23:00:34+00:00\" \/>\n\t\t<meta property=\"article:modified_time\" content=\"2016-07-14T23:00:34+00:00\" \/>\n\t\t<meta name=\"twitter:card\" content=\"summary_large_image\" \/>\n\t\t<meta name=\"twitter:title\" content=\"Candidato despreparado, povo mal representado - A Not\u00edcia Online\" \/>\n\t\t<meta name=\"twitter:description\" content=\"Neste ano acontecer\u00e3o as elei\u00e7\u00f5es municipais cuja data prevista no calend\u00e1rio eleitoral \u00e9 o dia 2 de outubro. Ser\u00e3o eleitos nos 5.570 munic\u00edpios brasileiros os prefeitos, vice-prefeitos e vereadores, que constituem a representatividade pol\u00edtica mais perto da popula\u00e7\u00e3o. Da\u00ed decorre a grande responsabilidade de todos os candidatos. \u00c0 medida que a data das elei\u00e7\u00f5es vai\" \/>\n\t\t<meta name=\"twitter:image\" content=\"https:\/\/scontent-gig4-1.xx.fbcdn.net\/v\/t39.30808-1\/270437624_4564083193639691_6907940295614233970_n.jpg?stp=dst-jpg_s200x200_tt6&amp;_nc_cat=111&amp;ccb=1-7&amp;_nc_sid=f907e8&amp;_nc_ohc=SM1wRlP3lJwQ7kNvwEPuBYA&amp;_nc_oc=AdnqrjDN_BNjSSHWO-GbkIWH6fkGMLw4bqvL_NH6e2wMveX7G-rP2dAqsDSq1mJMOaY&amp;_nc_zt=24&amp;_nc_ht=scontent-gig4-1.xx&amp;_nc_gid=AoBFJeGrT1hVaew_6rchkQ&amp;oh=00_AfX7QmFGhQhG2jAllVgXCiM1ZrWgvtp80-Bfppyexh1QEg&amp;oe=689E923C\" \/>\n\t\t<script type=\"application\/ld+json\" class=\"aioseo-schema\">\n\t\t\t{\"@context\":\"https:\\\/\\\/schema.org\",\"@graph\":[{\"@type\":\"BlogPosting\",\"@id\":\"https:\\\/\\\/anoticiaonline.com.br\\\/site\\\/candidato-despreparado-povo-mal-representado\\\/#blogposting\",\"name\":\"Candidato despreparado, povo mal representado - A Not\\u00edcia Online\",\"headline\":\"Candidato despreparado, povo mal representado\",\"author\":{\"@id\":\"https:\\\/\\\/anoticiaonline.com.br\\\/site\\\/author\\\/juliana\\\/#author\"},\"publisher\":{\"@id\":\"https:\\\/\\\/anoticiaonline.com.br\\\/site\\\/#organization\"},\"image\":{\"@type\":\"ImageObject\",\"url\":\"https:\\\/\\\/scontent-gig4-1.xx.fbcdn.net\\\/v\\\/t39.30808-1\\\/270437624_4564083193639691_6907940295614233970_n.jpg?stp=dst-jpg_s200x200_tt6&_nc_cat=111&ccb=1-7&_nc_sid=f907e8&_nc_ohc=SM1wRlP3lJwQ7kNvwEPuBYA&_nc_oc=AdnqrjDN_BNjSSHWO-GbkIWH6fkGMLw4bqvL_NH6e2wMveX7G-rP2dAqsDSq1mJMOaY&_nc_zt=24&_nc_ht=scontent-gig4-1.xx&_nc_gid=AoBFJeGrT1hVaew_6rchkQ&oh=00_AfX7QmFGhQhG2jAllVgXCiM1ZrWgvtp80-Bfppyexh1QEg&oe=689E923C\",\"@id\":\"https:\\\/\\\/anoticiaonline.com.br\\\/site\\\/#articleImage\"},\"datePublished\":\"2016-07-14T20:00:34-03:00\",\"dateModified\":\"2016-07-14T20:00:34-03:00\",\"inLanguage\":\"pt-BR\",\"mainEntityOfPage\":{\"@id\":\"https:\\\/\\\/anoticiaonline.com.br\\\/site\\\/candidato-despreparado-povo-mal-representado\\\/#webpage\"},\"isPartOf\":{\"@id\":\"https:\\\/\\\/anoticiaonline.com.br\\\/site\\\/candidato-despreparado-povo-mal-representado\\\/#webpage\"},\"articleSection\":\"Pol\\u00edtica e Atualidades - Francisco Laviola\"},{\"@type\":\"BreadcrumbList\",\"@id\":\"https:\\\/\\\/anoticiaonline.com.br\\\/site\\\/candidato-despreparado-povo-mal-representado\\\/#breadcrumblist\",\"itemListElement\":[{\"@type\":\"ListItem\",\"@id\":\"https:\\\/\\\/anoticiaonline.com.br\\\/site#listItem\",\"position\":1,\"name\":\"Home\",\"item\":\"https:\\\/\\\/anoticiaonline.com.br\\\/site\",\"nextItem\":{\"@type\":\"ListItem\",\"@id\":\"https:\\\/\\\/anoticiaonline.com.br\\\/site\\\/categoria\\\/colunistas\\\/#listItem\",\"name\":\"Colunistas\"}},{\"@type\":\"ListItem\",\"@id\":\"https:\\\/\\\/anoticiaonline.com.br\\\/site\\\/categoria\\\/colunistas\\\/#listItem\",\"position\":2,\"name\":\"Colunistas\",\"item\":\"https:\\\/\\\/anoticiaonline.com.br\\\/site\\\/categoria\\\/colunistas\\\/\",\"nextItem\":{\"@type\":\"ListItem\",\"@id\":\"https:\\\/\\\/anoticiaonline.com.br\\\/site\\\/categoria\\\/colunistas\\\/politica-e-atualidades-francisco-laviola\\\/#listItem\",\"name\":\"Pol\\u00edtica e Atualidades - Francisco Laviola\"},\"previousItem\":{\"@type\":\"ListItem\",\"@id\":\"https:\\\/\\\/anoticiaonline.com.br\\\/site#listItem\",\"name\":\"Home\"}},{\"@type\":\"ListItem\",\"@id\":\"https:\\\/\\\/anoticiaonline.com.br\\\/site\\\/categoria\\\/colunistas\\\/politica-e-atualidades-francisco-laviola\\\/#listItem\",\"position\":3,\"name\":\"Pol\\u00edtica e Atualidades - Francisco Laviola\",\"item\":\"https:\\\/\\\/anoticiaonline.com.br\\\/site\\\/categoria\\\/colunistas\\\/politica-e-atualidades-francisco-laviola\\\/\",\"nextItem\":{\"@type\":\"ListItem\",\"@id\":\"https:\\\/\\\/anoticiaonline.com.br\\\/site\\\/candidato-despreparado-povo-mal-representado\\\/#listItem\",\"name\":\"Candidato despreparado, povo mal representado\"},\"previousItem\":{\"@type\":\"ListItem\",\"@id\":\"https:\\\/\\\/anoticiaonline.com.br\\\/site\\\/categoria\\\/colunistas\\\/#listItem\",\"name\":\"Colunistas\"}},{\"@type\":\"ListItem\",\"@id\":\"https:\\\/\\\/anoticiaonline.com.br\\\/site\\\/candidato-despreparado-povo-mal-representado\\\/#listItem\",\"position\":4,\"name\":\"Candidato despreparado, povo mal representado\",\"previousItem\":{\"@type\":\"ListItem\",\"@id\":\"https:\\\/\\\/anoticiaonline.com.br\\\/site\\\/categoria\\\/colunistas\\\/politica-e-atualidades-francisco-laviola\\\/#listItem\",\"name\":\"Pol\\u00edtica e Atualidades - Francisco Laviola\"}}]},{\"@type\":\"Organization\",\"@id\":\"https:\\\/\\\/anoticiaonline.com.br\\\/site\\\/#organization\",\"name\":\"A Not\\u00edcia Online\",\"description\":\"Noticias de Muria\\u00e9 e regi\\u00e3o\",\"url\":\"https:\\\/\\\/anoticiaonline.com.br\\\/site\\\/\",\"logo\":{\"@type\":\"ImageObject\",\"url\":\"https:\\\/\\\/scontent-gig4-1.xx.fbcdn.net\\\/v\\\/t39.30808-1\\\/270437624_4564083193639691_6907940295614233970_n.jpg?stp=dst-jpg_s200x200_tt6&_nc_cat=111&ccb=1-7&_nc_sid=f907e8&_nc_ohc=SM1wRlP3lJwQ7kNvwEPuBYA&_nc_oc=AdnqrjDN_BNjSSHWO-GbkIWH6fkGMLw4bqvL_NH6e2wMveX7G-rP2dAqsDSq1mJMOaY&_nc_zt=24&_nc_ht=scontent-gig4-1.xx&_nc_gid=AoBFJeGrT1hVaew_6rchkQ&oh=00_AfX7QmFGhQhG2jAllVgXCiM1ZrWgvtp80-Bfppyexh1QEg&oe=689E923C\",\"@id\":\"https:\\\/\\\/anoticiaonline.com.br\\\/site\\\/candidato-despreparado-povo-mal-representado\\\/#organizationLogo\"},\"image\":{\"@id\":\"https:\\\/\\\/anoticiaonline.com.br\\\/site\\\/candidato-despreparado-povo-mal-representado\\\/#organizationLogo\"}},{\"@type\":\"Person\",\"@id\":\"https:\\\/\\\/anoticiaonline.com.br\\\/site\\\/author\\\/juliana\\\/#author\",\"url\":\"https:\\\/\\\/anoticiaonline.com.br\\\/site\\\/author\\\/juliana\\\/\",\"name\":\"Juliana Laviola\",\"image\":{\"@type\":\"ImageObject\",\"@id\":\"https:\\\/\\\/anoticiaonline.com.br\\\/site\\\/candidato-despreparado-povo-mal-representado\\\/#authorImage\",\"url\":\"https:\\\/\\\/secure.gravatar.com\\\/avatar\\\/b8d45f5c699b100dfaf0e543582f38f38bf94cb7ae3a5e9abf8d891a34773335?s=96&d=mm&r=g\",\"width\":96,\"height\":96,\"caption\":\"Juliana Laviola\"}},{\"@type\":\"WebPage\",\"@id\":\"https:\\\/\\\/anoticiaonline.com.br\\\/site\\\/candidato-despreparado-povo-mal-representado\\\/#webpage\",\"url\":\"https:\\\/\\\/anoticiaonline.com.br\\\/site\\\/candidato-despreparado-povo-mal-representado\\\/\",\"name\":\"Candidato despreparado, povo mal representado - A Not\\u00edcia Online\",\"description\":\"Neste ano acontecer\\u00e3o as elei\\u00e7\\u00f5es municipais cuja data prevista no calend\\u00e1rio eleitoral \\u00e9 o dia 2 de outubro. Ser\\u00e3o eleitos nos 5.570 munic\\u00edpios brasileiros os prefeitos, vice-prefeitos e vereadores, que constituem a representatividade pol\\u00edtica mais perto da popula\\u00e7\\u00e3o. Da\\u00ed decorre a grande responsabilidade de todos os candidatos. \\u00c0 medida que a data das elei\\u00e7\\u00f5es vai\",\"inLanguage\":\"pt-BR\",\"isPartOf\":{\"@id\":\"https:\\\/\\\/anoticiaonline.com.br\\\/site\\\/#website\"},\"breadcrumb\":{\"@id\":\"https:\\\/\\\/anoticiaonline.com.br\\\/site\\\/candidato-despreparado-povo-mal-representado\\\/#breadcrumblist\"},\"author\":{\"@id\":\"https:\\\/\\\/anoticiaonline.com.br\\\/site\\\/author\\\/juliana\\\/#author\"},\"creator\":{\"@id\":\"https:\\\/\\\/anoticiaonline.com.br\\\/site\\\/author\\\/juliana\\\/#author\"},\"datePublished\":\"2016-07-14T20:00:34-03:00\",\"dateModified\":\"2016-07-14T20:00:34-03:00\"},{\"@type\":\"WebSite\",\"@id\":\"https:\\\/\\\/anoticiaonline.com.br\\\/site\\\/#website\",\"url\":\"https:\\\/\\\/anoticiaonline.com.br\\\/site\\\/\",\"name\":\"A Not\\u00edcia Online\",\"description\":\"Noticias de Muria\\u00e9 e regi\\u00e3o\",\"inLanguage\":\"pt-BR\",\"publisher\":{\"@id\":\"https:\\\/\\\/anoticiaonline.com.br\\\/site\\\/#organization\"}}]}\n\t\t<\/script>\n\t\t<!-- All in One SEO -->\n\n","aioseo_head_json":{"title":"Candidato despreparado, povo mal representado - A Not\u00edcia Online","description":"Neste ano acontecer\u00e3o as elei\u00e7\u00f5es municipais cuja data prevista no calend\u00e1rio eleitoral \u00e9 o dia 2 de outubro. Ser\u00e3o eleitos nos 5.570 munic\u00edpios brasileiros os prefeitos, vice-prefeitos e vereadores, que constituem a representatividade pol\u00edtica mais perto da popula\u00e7\u00e3o. Da\u00ed decorre a grande responsabilidade de todos os candidatos. \u00c0 medida que a data das elei\u00e7\u00f5es vai","canonical_url":"https:\/\/anoticiaonline.com.br\/site\/candidato-despreparado-povo-mal-representado\/","robots":"max-image-preview:large","keywords":"","webmasterTools":{"miscellaneous":""},"schema":{"@context":"https:\/\/schema.org","@graph":[{"@type":"BlogPosting","@id":"https:\/\/anoticiaonline.com.br\/site\/candidato-despreparado-povo-mal-representado\/#blogposting","name":"Candidato despreparado, povo mal representado - A Not\u00edcia Online","headline":"Candidato despreparado, povo mal representado","author":{"@id":"https:\/\/anoticiaonline.com.br\/site\/author\/juliana\/#author"},"publisher":{"@id":"https:\/\/anoticiaonline.com.br\/site\/#organization"},"image":{"@type":"ImageObject","url":"https:\/\/scontent-gig4-1.xx.fbcdn.net\/v\/t39.30808-1\/270437624_4564083193639691_6907940295614233970_n.jpg?stp=dst-jpg_s200x200_tt6&_nc_cat=111&ccb=1-7&_nc_sid=f907e8&_nc_ohc=SM1wRlP3lJwQ7kNvwEPuBYA&_nc_oc=AdnqrjDN_BNjSSHWO-GbkIWH6fkGMLw4bqvL_NH6e2wMveX7G-rP2dAqsDSq1mJMOaY&_nc_zt=24&_nc_ht=scontent-gig4-1.xx&_nc_gid=AoBFJeGrT1hVaew_6rchkQ&oh=00_AfX7QmFGhQhG2jAllVgXCiM1ZrWgvtp80-Bfppyexh1QEg&oe=689E923C","@id":"https:\/\/anoticiaonline.com.br\/site\/#articleImage"},"datePublished":"2016-07-14T20:00:34-03:00","dateModified":"2016-07-14T20:00:34-03:00","inLanguage":"pt-BR","mainEntityOfPage":{"@id":"https:\/\/anoticiaonline.com.br\/site\/candidato-despreparado-povo-mal-representado\/#webpage"},"isPartOf":{"@id":"https:\/\/anoticiaonline.com.br\/site\/candidato-despreparado-povo-mal-representado\/#webpage"},"articleSection":"Pol\u00edtica e Atualidades - Francisco Laviola"},{"@type":"BreadcrumbList","@id":"https:\/\/anoticiaonline.com.br\/site\/candidato-despreparado-povo-mal-representado\/#breadcrumblist","itemListElement":[{"@type":"ListItem","@id":"https:\/\/anoticiaonline.com.br\/site#listItem","position":1,"name":"Home","item":"https:\/\/anoticiaonline.com.br\/site","nextItem":{"@type":"ListItem","@id":"https:\/\/anoticiaonline.com.br\/site\/categoria\/colunistas\/#listItem","name":"Colunistas"}},{"@type":"ListItem","@id":"https:\/\/anoticiaonline.com.br\/site\/categoria\/colunistas\/#listItem","position":2,"name":"Colunistas","item":"https:\/\/anoticiaonline.com.br\/site\/categoria\/colunistas\/","nextItem":{"@type":"ListItem","@id":"https:\/\/anoticiaonline.com.br\/site\/categoria\/colunistas\/politica-e-atualidades-francisco-laviola\/#listItem","name":"Pol\u00edtica e Atualidades - Francisco Laviola"},"previousItem":{"@type":"ListItem","@id":"https:\/\/anoticiaonline.com.br\/site#listItem","name":"Home"}},{"@type":"ListItem","@id":"https:\/\/anoticiaonline.com.br\/site\/categoria\/colunistas\/politica-e-atualidades-francisco-laviola\/#listItem","position":3,"name":"Pol\u00edtica e Atualidades - Francisco Laviola","item":"https:\/\/anoticiaonline.com.br\/site\/categoria\/colunistas\/politica-e-atualidades-francisco-laviola\/","nextItem":{"@type":"ListItem","@id":"https:\/\/anoticiaonline.com.br\/site\/candidato-despreparado-povo-mal-representado\/#listItem","name":"Candidato despreparado, povo mal representado"},"previousItem":{"@type":"ListItem","@id":"https:\/\/anoticiaonline.com.br\/site\/categoria\/colunistas\/#listItem","name":"Colunistas"}},{"@type":"ListItem","@id":"https:\/\/anoticiaonline.com.br\/site\/candidato-despreparado-povo-mal-representado\/#listItem","position":4,"name":"Candidato despreparado, povo mal representado","previousItem":{"@type":"ListItem","@id":"https:\/\/anoticiaonline.com.br\/site\/categoria\/colunistas\/politica-e-atualidades-francisco-laviola\/#listItem","name":"Pol\u00edtica e Atualidades - Francisco Laviola"}}]},{"@type":"Organization","@id":"https:\/\/anoticiaonline.com.br\/site\/#organization","name":"A Not\u00edcia Online","description":"Noticias de Muria\u00e9 e regi\u00e3o","url":"https:\/\/anoticiaonline.com.br\/site\/","logo":{"@type":"ImageObject","url":"https:\/\/scontent-gig4-1.xx.fbcdn.net\/v\/t39.30808-1\/270437624_4564083193639691_6907940295614233970_n.jpg?stp=dst-jpg_s200x200_tt6&_nc_cat=111&ccb=1-7&_nc_sid=f907e8&_nc_ohc=SM1wRlP3lJwQ7kNvwEPuBYA&_nc_oc=AdnqrjDN_BNjSSHWO-GbkIWH6fkGMLw4bqvL_NH6e2wMveX7G-rP2dAqsDSq1mJMOaY&_nc_zt=24&_nc_ht=scontent-gig4-1.xx&_nc_gid=AoBFJeGrT1hVaew_6rchkQ&oh=00_AfX7QmFGhQhG2jAllVgXCiM1ZrWgvtp80-Bfppyexh1QEg&oe=689E923C","@id":"https:\/\/anoticiaonline.com.br\/site\/candidato-despreparado-povo-mal-representado\/#organizationLogo"},"image":{"@id":"https:\/\/anoticiaonline.com.br\/site\/candidato-despreparado-povo-mal-representado\/#organizationLogo"}},{"@type":"Person","@id":"https:\/\/anoticiaonline.com.br\/site\/author\/juliana\/#author","url":"https:\/\/anoticiaonline.com.br\/site\/author\/juliana\/","name":"Juliana Laviola","image":{"@type":"ImageObject","@id":"https:\/\/anoticiaonline.com.br\/site\/candidato-despreparado-povo-mal-representado\/#authorImage","url":"https:\/\/secure.gravatar.com\/avatar\/b8d45f5c699b100dfaf0e543582f38f38bf94cb7ae3a5e9abf8d891a34773335?s=96&d=mm&r=g","width":96,"height":96,"caption":"Juliana Laviola"}},{"@type":"WebPage","@id":"https:\/\/anoticiaonline.com.br\/site\/candidato-despreparado-povo-mal-representado\/#webpage","url":"https:\/\/anoticiaonline.com.br\/site\/candidato-despreparado-povo-mal-representado\/","name":"Candidato despreparado, povo mal representado - A Not\u00edcia Online","description":"Neste ano acontecer\u00e3o as elei\u00e7\u00f5es municipais cuja data prevista no calend\u00e1rio eleitoral \u00e9 o dia 2 de outubro. Ser\u00e3o eleitos nos 5.570 munic\u00edpios brasileiros os prefeitos, vice-prefeitos e vereadores, que constituem a representatividade pol\u00edtica mais perto da popula\u00e7\u00e3o. Da\u00ed decorre a grande responsabilidade de todos os candidatos. \u00c0 medida que a data das elei\u00e7\u00f5es vai","inLanguage":"pt-BR","isPartOf":{"@id":"https:\/\/anoticiaonline.com.br\/site\/#website"},"breadcrumb":{"@id":"https:\/\/anoticiaonline.com.br\/site\/candidato-despreparado-povo-mal-representado\/#breadcrumblist"},"author":{"@id":"https:\/\/anoticiaonline.com.br\/site\/author\/juliana\/#author"},"creator":{"@id":"https:\/\/anoticiaonline.com.br\/site\/author\/juliana\/#author"},"datePublished":"2016-07-14T20:00:34-03:00","dateModified":"2016-07-14T20:00:34-03:00"},{"@type":"WebSite","@id":"https:\/\/anoticiaonline.com.br\/site\/#website","url":"https:\/\/anoticiaonline.com.br\/site\/","name":"A Not\u00edcia Online","description":"Noticias de Muria\u00e9 e regi\u00e3o","inLanguage":"pt-BR","publisher":{"@id":"https:\/\/anoticiaonline.com.br\/site\/#organization"}}]},"og:locale":"pt_BR","og:site_name":"A Not\u00edcia Online - Noticias de Muria\u00e9 e regi\u00e3o","og:type":"article","og:title":"Candidato despreparado, povo mal representado - A Not\u00edcia Online","og:description":"Neste ano acontecer\u00e3o as elei\u00e7\u00f5es municipais cuja data prevista no calend\u00e1rio eleitoral \u00e9 o dia 2 de outubro. Ser\u00e3o eleitos nos 5.570 munic\u00edpios brasileiros os prefeitos, vice-prefeitos e vereadores, que constituem a representatividade pol\u00edtica mais perto da popula\u00e7\u00e3o. Da\u00ed decorre a grande responsabilidade de todos os candidatos. \u00c0 medida que a data das elei\u00e7\u00f5es vai","og:url":"https:\/\/anoticiaonline.com.br\/site\/candidato-despreparado-povo-mal-representado\/","og:image":"https:\/\/scontent-gig4-1.xx.fbcdn.net\/v\/t39.30808-1\/270437624_4564083193639691_6907940295614233970_n.jpg?stp=dst-jpg_s200x200_tt6&#038;_nc_cat=111&#038;ccb=1-7&#038;_nc_sid=f907e8&#038;_nc_ohc=SM1wRlP3lJwQ7kNvwEPuBYA&#038;_nc_oc=AdnqrjDN_BNjSSHWO-GbkIWH6fkGMLw4bqvL_NH6e2wMveX7G-rP2dAqsDSq1mJMOaY&#038;_nc_zt=24&#038;_nc_ht=scontent-gig4-1.xx&#038;_nc_gid=AoBFJeGrT1hVaew_6rchkQ&#038;oh=00_AfX7QmFGhQhG2jAllVgXCiM1ZrWgvtp80-Bfppyexh1QEg&#038;oe=689E923C","og:image:secure_url":"https:\/\/scontent-gig4-1.xx.fbcdn.net\/v\/t39.30808-1\/270437624_4564083193639691_6907940295614233970_n.jpg?stp=dst-jpg_s200x200_tt6&#038;_nc_cat=111&#038;ccb=1-7&#038;_nc_sid=f907e8&#038;_nc_ohc=SM1wRlP3lJwQ7kNvwEPuBYA&#038;_nc_oc=AdnqrjDN_BNjSSHWO-GbkIWH6fkGMLw4bqvL_NH6e2wMveX7G-rP2dAqsDSq1mJMOaY&#038;_nc_zt=24&#038;_nc_ht=scontent-gig4-1.xx&#038;_nc_gid=AoBFJeGrT1hVaew_6rchkQ&#038;oh=00_AfX7QmFGhQhG2jAllVgXCiM1ZrWgvtp80-Bfppyexh1QEg&#038;oe=689E923C","article:published_time":"2016-07-14T23:00:34+00:00","article:modified_time":"2016-07-14T23:00:34+00:00","twitter:card":"summary_large_image","twitter:title":"Candidato despreparado, povo mal representado - A Not\u00edcia Online","twitter:description":"Neste ano acontecer\u00e3o as elei\u00e7\u00f5es municipais cuja data prevista no calend\u00e1rio eleitoral \u00e9 o dia 2 de outubro. Ser\u00e3o eleitos nos 5.570 munic\u00edpios brasileiros os prefeitos, vice-prefeitos e vereadores, que constituem a representatividade pol\u00edtica mais perto da popula\u00e7\u00e3o. Da\u00ed decorre a grande responsabilidade de todos os candidatos. \u00c0 medida que a data das elei\u00e7\u00f5es vai","twitter:image":"https:\/\/scontent-gig4-1.xx.fbcdn.net\/v\/t39.30808-1\/270437624_4564083193639691_6907940295614233970_n.jpg?stp=dst-jpg_s200x200_tt6&_nc_cat=111&ccb=1-7&_nc_sid=f907e8&_nc_ohc=SM1wRlP3lJwQ7kNvwEPuBYA&_nc_oc=AdnqrjDN_BNjSSHWO-GbkIWH6fkGMLw4bqvL_NH6e2wMveX7G-rP2dAqsDSq1mJMOaY&_nc_zt=24&_nc_ht=scontent-gig4-1.xx&_nc_gid=AoBFJeGrT1hVaew_6rchkQ&oh=00_AfX7QmFGhQhG2jAllVgXCiM1ZrWgvtp80-Bfppyexh1QEg&oe=689E923C"},"aioseo_meta_data":{"post_id":"15227","title":null,"description":null,"keywords":null,"keyphrases":null,"primary_term":null,"canonical_url":null,"og_title":null,"og_description":null,"og_object_type":"default","og_image_type":"default","og_image_url":null,"og_image_width":null,"og_image_height":null,"og_image_custom_url":null,"og_image_custom_fields":null,"og_video":null,"og_custom_url":null,"og_article_section":null,"og_article_tags":null,"twitter_use_og":false,"twitter_card":"default","twitter_image_type":"default","twitter_image_url":null,"twitter_image_custom_url":null,"twitter_image_custom_fields":null,"twitter_title":null,"twitter_description":null,"schema":{"blockGraphs":[],"customGraphs":[],"default":{"data":{"Article":[],"Course":[],"Dataset":[],"FAQPage":[],"Movie":[],"Person":[],"Product":[],"ProductReview":[],"Car":[],"Recipe":[],"Service":[],"SoftwareApplication":[],"WebPage":[]},"graphName":"","isEnabled":true},"graphs":[]},"schema_type":"default","schema_type_options":null,"pillar_content":false,"robots_default":true,"robots_noindex":false,"robots_noarchive":false,"robots_nosnippet":false,"robots_nofollow":false,"robots_noimageindex":false,"robots_noodp":false,"robots_notranslate":false,"robots_max_snippet":null,"robots_max_videopreview":null,"robots_max_imagepreview":"large","priority":null,"frequency":null,"local_seo":null,"breadcrumb_settings":null,"limit_modified_date":false,"ai":null,"created":"2025-08-16 16:25:25","updated":"2025-08-16 16:25:25","focus_keyword":null,"additional_keywords":null,"truseo_locale":null,"seo_analyzer_scan_date":null},"aioseo_breadcrumb":"<div class=\"aioseo-breadcrumbs\"><span class=\"aioseo-breadcrumb\">\n\t\t\t<a href=\"https:\/\/anoticiaonline.com.br\/site\" title=\"Home\">Home<\/a>\n\t\t<\/span><span class=\"aioseo-breadcrumb-separator\">&raquo;<\/span><span class=\"aioseo-breadcrumb\">\n\t\t\t<a href=\"https:\/\/anoticiaonline.com.br\/site\/categoria\/colunistas\/\" title=\"Colunistas\">Colunistas<\/a>\n\t\t<\/span><span class=\"aioseo-breadcrumb-separator\">&raquo;<\/span><span class=\"aioseo-breadcrumb\">\n\t\t\t<a href=\"https:\/\/anoticiaonline.com.br\/site\/categoria\/colunistas\/politica-e-atualidades-francisco-laviola\/\" title=\"Pol\u00edtica e Atualidades - Francisco Laviola\">Pol\u00edtica e Atualidades - Francisco Laviola<\/a>\n\t\t<\/span><span class=\"aioseo-breadcrumb-separator\">&raquo;<\/span><span class=\"aioseo-breadcrumb\">\n\t\t\tCandidato despreparado, povo mal representado\n\t\t<\/span><\/div>","aioseo_breadcrumb_json":[{"label":"Home","link":"https:\/\/anoticiaonline.com.br\/site"},{"label":"Colunistas","link":"https:\/\/anoticiaonline.com.br\/site\/categoria\/colunistas\/"},{"label":"Pol\u00edtica e Atualidades - Francisco Laviola","link":"https:\/\/anoticiaonline.com.br\/site\/categoria\/colunistas\/politica-e-atualidades-francisco-laviola\/"},{"label":"Candidato despreparado, povo mal representado","link":"https:\/\/anoticiaonline.com.br\/site\/candidato-despreparado-povo-mal-representado\/"}],"views":111,"_links":{"self":[{"href":"https:\/\/anoticiaonline.com.br\/site\/wp-json\/wp\/v2\/posts\/15227","targetHints":{"allow":["GET"]}}],"collection":[{"href":"https:\/\/anoticiaonline.com.br\/site\/wp-json\/wp\/v2\/posts"}],"about":[{"href":"https:\/\/anoticiaonline.com.br\/site\/wp-json\/wp\/v2\/types\/post"}],"author":[{"embeddable":true,"href":"https:\/\/anoticiaonline.com.br\/site\/wp-json\/wp\/v2\/users\/2"}],"replies":[{"embeddable":true,"href":"https:\/\/anoticiaonline.com.br\/site\/wp-json\/wp\/v2\/comments?post=15227"}],"version-history":[{"count":0,"href":"https:\/\/anoticiaonline.com.br\/site\/wp-json\/wp\/v2\/posts\/15227\/revisions"}],"wp:attachment":[{"href":"https:\/\/anoticiaonline.com.br\/site\/wp-json\/wp\/v2\/media?parent=15227"}],"wp:term":[{"taxonomy":"category","embeddable":true,"href":"https:\/\/anoticiaonline.com.br\/site\/wp-json\/wp\/v2\/categories?post=15227"},{"taxonomy":"post_tag","embeddable":true,"href":"https:\/\/anoticiaonline.com.br\/site\/wp-json\/wp\/v2\/tags?post=15227"}],"curies":[{"name":"wp","href":"https:\/\/api.w.org\/{rel}","templated":true}]}}