{"id":15103,"date":"2016-07-14T11:40:57","date_gmt":"2016-07-14T14:40:57","guid":{"rendered":"http:\/\/anoticiaonline.com.br\/site\/?p=15103"},"modified":"2016-07-14T11:40:57","modified_gmt":"2016-07-14T14:40:57","slug":"estado-registra-indice-de-97-de-comprovacao-da-vacinacao-do-rebanho-contra-febre-aftosa-em-maio","status":"publish","type":"post","link":"https:\/\/anoticiaonline.com.br\/site\/estado-registra-indice-de-97-de-comprovacao-da-vacinacao-do-rebanho-contra-febre-aftosa-em-maio\/","title":{"rendered":"Estado registra \u00edndice de 97% de comprova\u00e7\u00e3o da vacina\u00e7\u00e3o do rebanho contra febre aftosa em maio"},"content":{"rendered":"<figure id=\"attachment_15104\" aria-describedby=\"caption-attachment-15104\" style=\"width: 290px\" class=\"wp-caption alignleft\"><a href=\"https:\/\/anoticiaonline.com.br\/site\/wp-content\/uploads\/2016\/07\/bovinos_1.jpg\"><img fetchpriority=\"high\" decoding=\"async\" class=\"size-medium wp-image-15104\" src=\"https:\/\/anoticiaonline.com.br\/site\/wp-content\/uploads\/2016\/07\/bovinos_1-300x196.jpg\" alt=\"Foto: Divulga\u00e7\u00e3o\/IMA\" width=\"300\" height=\"196\" srcset=\"https:\/\/anoticiaonline.com.br\/site\/wp-content\/uploads\/2016\/07\/bovinos_1-300x196.jpg 300w, https:\/\/anoticiaonline.com.br\/site\/wp-content\/uploads\/2016\/07\/bovinos_1.jpg 640w\" sizes=\"(max-width: 300px) 100vw, 300px\" \/><\/a><figcaption id=\"caption-attachment-15104\" class=\"wp-caption-text\">Foto: Divulga\u00e7\u00e3o\/IMA<\/figcaption><\/figure>\n<p>Minas Gerais registrou em maio deste ano, durante a primeira etapa anual de vacina\u00e7\u00e3o de bovinos e bubalinos contra a febre aftosa, a imuniza\u00e7\u00e3o de 22.740.991 animais, o equivalente a 97,49% do seu plantel. Este percentual \u00e9 ligeiramente superior ao registrado na etapa de maio do ano passado, quando o estado contabilizou a vacina\u00e7\u00e3o de 96,8% do rebanho.<\/p>\n<p>Os resultados da etapa de maio foram considerados satisfat\u00f3rios pelo diretor-geral do Instituto Mineiro de Agropecu\u00e1ria (IMA), Marc\u00edlio de Sousa Magalh\u00e3es, com o argumento de que eles refletem o grau de conscientiza\u00e7\u00e3o e o compromisso dos produtores rurais de Minas com a vacina\u00e7\u00e3o de seus rebanhos.<\/p>\n<p>Marc\u00edlio Magalh\u00e3es lembra que Minas est\u00e1 h\u00e1 20 anos sem registro de focos de febre aftosa e ressalta que uma das condi\u00e7\u00f5es para o estado garantir o status de \u00e1rea livre com vacina\u00e7\u00e3o \u00e9 o cumprimento do calend\u00e1rio oficial de vacina\u00e7\u00e3o contra a doen\u00e7a. Essas condi\u00e7\u00f5es est\u00e3o contempladas no Programa Nacional de Erradica\u00e7\u00e3o e Preven\u00e7\u00e3o da Febre Aftosa (PNEFA), que emprega as defini\u00e7\u00f5es t\u00e9cnicas e cient\u00edficas estabelecidas por \u00f3rg\u00e3os e institui\u00e7\u00f5es internacionais dos quais o Brasil \u00e9 membro signat\u00e1rio, em especial a Organiza\u00e7\u00e3o Mundial de Sa\u00fade Animal (OIE).<\/p>\n<p>\u201cEssa \u00e9 uma condi\u00e7\u00e3o importante para o abastecimento dos mercados mineiro e brasileiro com os produtos da bovinocultura. Al\u00e9m disso, contribui para o desenvolvimento econ\u00f4mico e social do estado\u201d, pondera Magalh\u00e3es, lembrando que o status de \u00e1rea livre de aftosa com vacina\u00e7\u00e3o \u00e9 importante tamb\u00e9m para as vendas internacionais.<\/p>\n<p>Em 2015, o estado exportou cerca de 100 mil toneladas de carne bovina, com receita equivalente a quase US$ 400 milh\u00f5es, de acordo com dados do Minist\u00e9rio do Desenvolvimento, Ind\u00fastria e Com\u00e9rcio Exterior (MDIC) e da Secretaria de Estado de Agricultura, Pecu\u00e1ria e Abastecimento (Seapa).<\/p>\n<p><strong>INDICADORES IMPORTANTES &#8211;<\/strong> O diretor-geral do IMA argumenta que, al\u00e9m de viabilizar as exporta\u00e7\u00f5es de carne bovina, manter o rebanho mineiro livre de febre aftosa \u00e9 importante tamb\u00e9m para a\u00a0 produ\u00e7\u00e3o de leite.\u00a0 Minas possui o segundo maior rebanho de bovinos do Brasil, com aproximadamente 23,7 milh\u00f5es de animais, e ocupa a lideran\u00e7a nacional na produ\u00e7\u00e3o de leite, com quase 9,3 bilh\u00f5es de litros\/ano. \u201cA imuniza\u00e7\u00e3o dos rebanhos contra a febre aftosa \u00e9 fundamental para mantermos esses indicadores\u201d, diz.<\/p>\n<p>A vacina\u00e7\u00e3o de bovinos e bubalinos contra a febre aftosa \u00e9 obrigat\u00f3ria e deve ser realizada duas vezes por ano nas etapas de vacina\u00e7\u00e3o. Al\u00e9m da etapa de maio, quando devem ser vacinados todos os bovinos e bubalinos, independente da idade, em novembro devem ser imunizados aqueles com at\u00e9 dois anos de idade.<\/p>\n<p><strong>MINAS PECU\u00c1RIA &#8211;<\/strong> O secret\u00e1rio de\u00a0 Estado de Agricultura, Pecu\u00e1ria e Abastecimento, Jo\u00e3o Cruz Reis Filho, tamb\u00e9m considerou positivos os resultados da vacina\u00e7\u00e3o em maio, desempenho que, argumenta, contribui para a competitividade dos produtos da bovinocultura mineira, tanto no mercado interno como externo. O secret\u00e1rio lembra que, nesse sentido, est\u00e1 em andamento o Programa Minas Pecu\u00e1ria, iniciativa da Seapa, com a\u00e7\u00f5es voltadas justamente para a valoriza\u00e7\u00e3o da cadeia produtiva da bovinocultura de Minas.<\/p>\n","protected":false},"excerpt":{"rendered":"<p>Minas Gerais registrou em maio deste ano, durante a primeira etapa anual de vacina\u00e7\u00e3o de bovinos e bubalinos contra a febre aftosa, a imuniza\u00e7\u00e3o de 22.740.991 animais, o equivalente a 97,49% do seu plantel. Este percentual \u00e9 ligeiramente superior ao registrado na etapa de maio do ano passado, quando o estado contabilizou a vacina\u00e7\u00e3o de &#8230; <a title=\"Estado registra \u00edndice de 97% de comprova\u00e7\u00e3o da vacina\u00e7\u00e3o do rebanho contra febre aftosa em maio\" class=\"read-more\" href=\"https:\/\/anoticiaonline.com.br\/site\/estado-registra-indice-de-97-de-comprovacao-da-vacinacao-do-rebanho-contra-febre-aftosa-em-maio\/\" aria-label=\"Read more about Estado registra \u00edndice de 97% de comprova\u00e7\u00e3o da vacina\u00e7\u00e3o do rebanho contra febre aftosa em maio\">Ler mais<\/a><\/p>\n","protected":false},"author":2,"featured_media":15104,"comment_status":"open","ping_status":"open","sticky":false,"template":"","format":"standard","meta":{"_acf_changed":false,"_monsterinsights_skip_tracking":false,"footnotes":""},"categories":[1],"tags":[3],"class_list":["post-15103","post","type-post","status-publish","format-standard","has-post-thumbnail","hentry","category-gerais","tag-slide"],"acf":[],"aioseo_notices":[],"aioseo_head":"\n\t\t<!-- All in One SEO 5.0.0.1 - aioseo.com -->\n\t<meta name=\"description\" content=\"Minas Gerais registrou em maio deste ano, durante a primeira etapa anual de vacina\u00e7\u00e3o de bovinos e bubalinos contra a febre aftosa, a imuniza\u00e7\u00e3o de 22.740.991 animais, o equivalente a 97,49% do seu plantel. Este percentual \u00e9 ligeiramente superior ao registrado na etapa de maio do ano passado, quando o estado contabilizou a vacina\u00e7\u00e3o de\" \/>\n\t<meta name=\"robots\" content=\"max-image-preview:large\" \/>\n\t<meta name=\"author\" content=\"Juliana Laviola\"\/>\n\t<link rel=\"canonical\" href=\"https:\/\/anoticiaonline.com.br\/site\/estado-registra-indice-de-97-de-comprovacao-da-vacinacao-do-rebanho-contra-febre-aftosa-em-maio\/\" \/>\n\t<meta name=\"generator\" content=\"All in One SEO (AIOSEO) 5.0.0.1\" \/>\n\t\t<meta property=\"og:locale\" content=\"pt_BR\" \/>\n\t\t<meta property=\"og:site_name\" content=\"A Not\u00edcia Online - Noticias de Muria\u00e9 e regi\u00e3o\" \/>\n\t\t<meta property=\"og:type\" content=\"article\" \/>\n\t\t<meta property=\"og:title\" content=\"Estado registra \u00edndice de 97% de comprova\u00e7\u00e3o da vacina\u00e7\u00e3o do rebanho contra febre aftosa em maio - A Not\u00edcia Online\" \/>\n\t\t<meta property=\"og:description\" content=\"Minas Gerais registrou em maio deste ano, durante a primeira etapa anual de vacina\u00e7\u00e3o de bovinos e bubalinos contra a febre aftosa, a imuniza\u00e7\u00e3o de 22.740.991 animais, o equivalente a 97,49% do seu plantel. Este percentual \u00e9 ligeiramente superior ao registrado na etapa de maio do ano passado, quando o estado contabilizou a vacina\u00e7\u00e3o de\" \/>\n\t\t<meta property=\"og:url\" content=\"https:\/\/anoticiaonline.com.br\/site\/estado-registra-indice-de-97-de-comprovacao-da-vacinacao-do-rebanho-contra-febre-aftosa-em-maio\/\" \/>\n\t\t<meta property=\"og:image\" content=\"https:\/\/scontent-gig4-1.xx.fbcdn.net\/v\/t39.30808-1\/270437624_4564083193639691_6907940295614233970_n.jpg?stp=dst-jpg_s200x200_tt6&#038;_nc_cat=111&#038;ccb=1-7&#038;_nc_sid=f907e8&#038;_nc_ohc=SM1wRlP3lJwQ7kNvwEPuBYA&#038;_nc_oc=AdnqrjDN_BNjSSHWO-GbkIWH6fkGMLw4bqvL_NH6e2wMveX7G-rP2dAqsDSq1mJMOaY&#038;_nc_zt=24&#038;_nc_ht=scontent-gig4-1.xx&#038;_nc_gid=AoBFJeGrT1hVaew_6rchkQ&#038;oh=00_AfX7QmFGhQhG2jAllVgXCiM1ZrWgvtp80-Bfppyexh1QEg&#038;oe=689E923C\" \/>\n\t\t<meta property=\"og:image:secure_url\" content=\"https:\/\/scontent-gig4-1.xx.fbcdn.net\/v\/t39.30808-1\/270437624_4564083193639691_6907940295614233970_n.jpg?stp=dst-jpg_s200x200_tt6&#038;_nc_cat=111&#038;ccb=1-7&#038;_nc_sid=f907e8&#038;_nc_ohc=SM1wRlP3lJwQ7kNvwEPuBYA&#038;_nc_oc=AdnqrjDN_BNjSSHWO-GbkIWH6fkGMLw4bqvL_NH6e2wMveX7G-rP2dAqsDSq1mJMOaY&#038;_nc_zt=24&#038;_nc_ht=scontent-gig4-1.xx&#038;_nc_gid=AoBFJeGrT1hVaew_6rchkQ&#038;oh=00_AfX7QmFGhQhG2jAllVgXCiM1ZrWgvtp80-Bfppyexh1QEg&#038;oe=689E923C\" \/>\n\t\t<meta property=\"article:published_time\" content=\"2016-07-14T14:40:57+00:00\" \/>\n\t\t<meta property=\"article:modified_time\" content=\"2016-07-14T14:40:57+00:00\" \/>\n\t\t<meta name=\"twitter:card\" content=\"summary_large_image\" \/>\n\t\t<meta name=\"twitter:title\" content=\"Estado registra \u00edndice de 97% de comprova\u00e7\u00e3o da vacina\u00e7\u00e3o do rebanho contra febre aftosa em maio - A Not\u00edcia Online\" \/>\n\t\t<meta name=\"twitter:description\" content=\"Minas Gerais registrou em maio deste ano, durante a primeira etapa anual de vacina\u00e7\u00e3o de bovinos e bubalinos contra a febre aftosa, a imuniza\u00e7\u00e3o de 22.740.991 animais, o equivalente a 97,49% do seu plantel. Este percentual \u00e9 ligeiramente superior ao registrado na etapa de maio do ano passado, quando o estado contabilizou a vacina\u00e7\u00e3o de\" \/>\n\t\t<meta name=\"twitter:image\" content=\"https:\/\/scontent-gig4-1.xx.fbcdn.net\/v\/t39.30808-1\/270437624_4564083193639691_6907940295614233970_n.jpg?stp=dst-jpg_s200x200_tt6&amp;_nc_cat=111&amp;ccb=1-7&amp;_nc_sid=f907e8&amp;_nc_ohc=SM1wRlP3lJwQ7kNvwEPuBYA&amp;_nc_oc=AdnqrjDN_BNjSSHWO-GbkIWH6fkGMLw4bqvL_NH6e2wMveX7G-rP2dAqsDSq1mJMOaY&amp;_nc_zt=24&amp;_nc_ht=scontent-gig4-1.xx&amp;_nc_gid=AoBFJeGrT1hVaew_6rchkQ&amp;oh=00_AfX7QmFGhQhG2jAllVgXCiM1ZrWgvtp80-Bfppyexh1QEg&amp;oe=689E923C\" \/>\n\t\t<script type=\"application\/ld+json\" class=\"aioseo-schema\">\n\t\t\t{\"@context\":\"https:\\\/\\\/schema.org\",\"@graph\":[{\"@type\":\"BlogPosting\",\"@id\":\"https:\\\/\\\/anoticiaonline.com.br\\\/site\\\/estado-registra-indice-de-97-de-comprovacao-da-vacinacao-do-rebanho-contra-febre-aftosa-em-maio\\\/#blogposting\",\"name\":\"Estado registra \\u00edndice de 97% de comprova\\u00e7\\u00e3o da vacina\\u00e7\\u00e3o do rebanho contra febre aftosa em maio - A Not\\u00edcia Online\",\"headline\":\"Estado registra \\u00edndice de 97% de comprova\\u00e7\\u00e3o da vacina\\u00e7\\u00e3o do rebanho contra febre aftosa em maio\",\"author\":{\"@id\":\"https:\\\/\\\/anoticiaonline.com.br\\\/site\\\/author\\\/juliana\\\/#author\"},\"publisher\":{\"@id\":\"https:\\\/\\\/anoticiaonline.com.br\\\/site\\\/#organization\"},\"image\":{\"@type\":\"ImageObject\",\"url\":\"https:\\\/\\\/anoticiaonline.com.br\\\/site\\\/wp-content\\\/uploads\\\/2016\\\/07\\\/bovinos_1.jpg\",\"width\":640,\"height\":418,\"caption\":\"Foto: Divulga\\u00e7\\u00e3o\\\/IMA\"},\"datePublished\":\"2016-07-14T11:40:57-03:00\",\"dateModified\":\"2016-07-14T11:40:57-03:00\",\"inLanguage\":\"pt-BR\",\"mainEntityOfPage\":{\"@id\":\"https:\\\/\\\/anoticiaonline.com.br\\\/site\\\/estado-registra-indice-de-97-de-comprovacao-da-vacinacao-do-rebanho-contra-febre-aftosa-em-maio\\\/#webpage\"},\"isPartOf\":{\"@id\":\"https:\\\/\\\/anoticiaonline.com.br\\\/site\\\/estado-registra-indice-de-97-de-comprovacao-da-vacinacao-do-rebanho-contra-febre-aftosa-em-maio\\\/#webpage\"},\"articleSection\":\"Gerais, slide\"},{\"@type\":\"BreadcrumbList\",\"@id\":\"https:\\\/\\\/anoticiaonline.com.br\\\/site\\\/estado-registra-indice-de-97-de-comprovacao-da-vacinacao-do-rebanho-contra-febre-aftosa-em-maio\\\/#breadcrumblist\",\"itemListElement\":[{\"@type\":\"ListItem\",\"@id\":\"https:\\\/\\\/anoticiaonline.com.br\\\/site#listItem\",\"position\":1,\"name\":\"Home\",\"item\":\"https:\\\/\\\/anoticiaonline.com.br\\\/site\",\"nextItem\":{\"@type\":\"ListItem\",\"@id\":\"https:\\\/\\\/anoticiaonline.com.br\\\/site\\\/categoria\\\/gerais\\\/#listItem\",\"name\":\"Gerais\"}},{\"@type\":\"ListItem\",\"@id\":\"https:\\\/\\\/anoticiaonline.com.br\\\/site\\\/categoria\\\/gerais\\\/#listItem\",\"position\":2,\"name\":\"Gerais\",\"item\":\"https:\\\/\\\/anoticiaonline.com.br\\\/site\\\/categoria\\\/gerais\\\/\",\"nextItem\":{\"@type\":\"ListItem\",\"@id\":\"https:\\\/\\\/anoticiaonline.com.br\\\/site\\\/estado-registra-indice-de-97-de-comprovacao-da-vacinacao-do-rebanho-contra-febre-aftosa-em-maio\\\/#listItem\",\"name\":\"Estado registra \\u00edndice de 97% de comprova\\u00e7\\u00e3o da vacina\\u00e7\\u00e3o do rebanho contra febre aftosa em maio\"},\"previousItem\":{\"@type\":\"ListItem\",\"@id\":\"https:\\\/\\\/anoticiaonline.com.br\\\/site#listItem\",\"name\":\"Home\"}},{\"@type\":\"ListItem\",\"@id\":\"https:\\\/\\\/anoticiaonline.com.br\\\/site\\\/estado-registra-indice-de-97-de-comprovacao-da-vacinacao-do-rebanho-contra-febre-aftosa-em-maio\\\/#listItem\",\"position\":3,\"name\":\"Estado registra \\u00edndice de 97% de comprova\\u00e7\\u00e3o da vacina\\u00e7\\u00e3o do rebanho contra febre aftosa em maio\",\"previousItem\":{\"@type\":\"ListItem\",\"@id\":\"https:\\\/\\\/anoticiaonline.com.br\\\/site\\\/categoria\\\/gerais\\\/#listItem\",\"name\":\"Gerais\"}}]},{\"@type\":\"Organization\",\"@id\":\"https:\\\/\\\/anoticiaonline.com.br\\\/site\\\/#organization\",\"name\":\"A Not\\u00edcia Online\",\"description\":\"Noticias de Muria\\u00e9 e regi\\u00e3o\",\"url\":\"https:\\\/\\\/anoticiaonline.com.br\\\/site\\\/\",\"logo\":{\"@type\":\"ImageObject\",\"url\":\"https:\\\/\\\/scontent-gig4-1.xx.fbcdn.net\\\/v\\\/t39.30808-1\\\/270437624_4564083193639691_6907940295614233970_n.jpg?stp=dst-jpg_s200x200_tt6&_nc_cat=111&ccb=1-7&_nc_sid=f907e8&_nc_ohc=SM1wRlP3lJwQ7kNvwEPuBYA&_nc_oc=AdnqrjDN_BNjSSHWO-GbkIWH6fkGMLw4bqvL_NH6e2wMveX7G-rP2dAqsDSq1mJMOaY&_nc_zt=24&_nc_ht=scontent-gig4-1.xx&_nc_gid=AoBFJeGrT1hVaew_6rchkQ&oh=00_AfX7QmFGhQhG2jAllVgXCiM1ZrWgvtp80-Bfppyexh1QEg&oe=689E923C\",\"@id\":\"https:\\\/\\\/anoticiaonline.com.br\\\/site\\\/estado-registra-indice-de-97-de-comprovacao-da-vacinacao-do-rebanho-contra-febre-aftosa-em-maio\\\/#organizationLogo\"},\"image\":{\"@id\":\"https:\\\/\\\/anoticiaonline.com.br\\\/site\\\/estado-registra-indice-de-97-de-comprovacao-da-vacinacao-do-rebanho-contra-febre-aftosa-em-maio\\\/#organizationLogo\"}},{\"@type\":\"Person\",\"@id\":\"https:\\\/\\\/anoticiaonline.com.br\\\/site\\\/author\\\/juliana\\\/#author\",\"url\":\"https:\\\/\\\/anoticiaonline.com.br\\\/site\\\/author\\\/juliana\\\/\",\"name\":\"Juliana Laviola\",\"image\":{\"@type\":\"ImageObject\",\"@id\":\"https:\\\/\\\/anoticiaonline.com.br\\\/site\\\/estado-registra-indice-de-97-de-comprovacao-da-vacinacao-do-rebanho-contra-febre-aftosa-em-maio\\\/#authorImage\",\"url\":\"https:\\\/\\\/secure.gravatar.com\\\/avatar\\\/b8d45f5c699b100dfaf0e543582f38f38bf94cb7ae3a5e9abf8d891a34773335?s=96&d=mm&r=g\",\"width\":96,\"height\":96,\"caption\":\"Juliana Laviola\"}},{\"@type\":\"WebPage\",\"@id\":\"https:\\\/\\\/anoticiaonline.com.br\\\/site\\\/estado-registra-indice-de-97-de-comprovacao-da-vacinacao-do-rebanho-contra-febre-aftosa-em-maio\\\/#webpage\",\"url\":\"https:\\\/\\\/anoticiaonline.com.br\\\/site\\\/estado-registra-indice-de-97-de-comprovacao-da-vacinacao-do-rebanho-contra-febre-aftosa-em-maio\\\/\",\"name\":\"Estado registra \\u00edndice de 97% de comprova\\u00e7\\u00e3o da vacina\\u00e7\\u00e3o do rebanho contra febre aftosa em maio - A Not\\u00edcia Online\",\"description\":\"Minas Gerais registrou em maio deste ano, durante a primeira etapa anual de vacina\\u00e7\\u00e3o de bovinos e bubalinos contra a febre aftosa, a imuniza\\u00e7\\u00e3o de 22.740.991 animais, o equivalente a 97,49% do seu plantel. Este percentual \\u00e9 ligeiramente superior ao registrado na etapa de maio do ano passado, quando o estado contabilizou a vacina\\u00e7\\u00e3o de\",\"inLanguage\":\"pt-BR\",\"isPartOf\":{\"@id\":\"https:\\\/\\\/anoticiaonline.com.br\\\/site\\\/#website\"},\"breadcrumb\":{\"@id\":\"https:\\\/\\\/anoticiaonline.com.br\\\/site\\\/estado-registra-indice-de-97-de-comprovacao-da-vacinacao-do-rebanho-contra-febre-aftosa-em-maio\\\/#breadcrumblist\"},\"author\":{\"@id\":\"https:\\\/\\\/anoticiaonline.com.br\\\/site\\\/author\\\/juliana\\\/#author\"},\"creator\":{\"@id\":\"https:\\\/\\\/anoticiaonline.com.br\\\/site\\\/author\\\/juliana\\\/#author\"},\"image\":{\"@type\":\"ImageObject\",\"url\":\"https:\\\/\\\/anoticiaonline.com.br\\\/site\\\/wp-content\\\/uploads\\\/2016\\\/07\\\/bovinos_1.jpg\",\"@id\":\"https:\\\/\\\/anoticiaonline.com.br\\\/site\\\/estado-registra-indice-de-97-de-comprovacao-da-vacinacao-do-rebanho-contra-febre-aftosa-em-maio\\\/#mainImage\",\"width\":640,\"height\":418,\"caption\":\"Foto: Divulga\\u00e7\\u00e3o\\\/IMA\"},\"primaryImageOfPage\":{\"@id\":\"https:\\\/\\\/anoticiaonline.com.br\\\/site\\\/estado-registra-indice-de-97-de-comprovacao-da-vacinacao-do-rebanho-contra-febre-aftosa-em-maio\\\/#mainImage\"},\"datePublished\":\"2016-07-14T11:40:57-03:00\",\"dateModified\":\"2016-07-14T11:40:57-03:00\"},{\"@type\":\"WebSite\",\"@id\":\"https:\\\/\\\/anoticiaonline.com.br\\\/site\\\/#website\",\"url\":\"https:\\\/\\\/anoticiaonline.com.br\\\/site\\\/\",\"name\":\"A Not\\u00edcia Online\",\"description\":\"Noticias de Muria\\u00e9 e regi\\u00e3o\",\"inLanguage\":\"pt-BR\",\"publisher\":{\"@id\":\"https:\\\/\\\/anoticiaonline.com.br\\\/site\\\/#organization\"}}]}\n\t\t<\/script>\n\t\t<!-- All in One SEO -->\n\n","aioseo_head_json":{"title":"Estado registra \u00edndice de 97% de comprova\u00e7\u00e3o da vacina\u00e7\u00e3o do rebanho contra febre aftosa em maio - A Not\u00edcia Online","description":"Minas Gerais registrou em maio deste ano, durante a primeira etapa anual de vacina\u00e7\u00e3o de bovinos e bubalinos contra a febre aftosa, a imuniza\u00e7\u00e3o de 22.740.991 animais, o equivalente a 97,49% do seu plantel. Este percentual \u00e9 ligeiramente superior ao registrado na etapa de maio do ano passado, quando o estado contabilizou a vacina\u00e7\u00e3o de","canonical_url":"https:\/\/anoticiaonline.com.br\/site\/estado-registra-indice-de-97-de-comprovacao-da-vacinacao-do-rebanho-contra-febre-aftosa-em-maio\/","robots":"max-image-preview:large","keywords":"","webmasterTools":{"miscellaneous":""},"schema":{"@context":"https:\/\/schema.org","@graph":[{"@type":"BlogPosting","@id":"https:\/\/anoticiaonline.com.br\/site\/estado-registra-indice-de-97-de-comprovacao-da-vacinacao-do-rebanho-contra-febre-aftosa-em-maio\/#blogposting","name":"Estado registra \u00edndice de 97% de comprova\u00e7\u00e3o da vacina\u00e7\u00e3o do rebanho contra febre aftosa em maio - A Not\u00edcia Online","headline":"Estado registra \u00edndice de 97% de comprova\u00e7\u00e3o da vacina\u00e7\u00e3o do rebanho contra febre aftosa em maio","author":{"@id":"https:\/\/anoticiaonline.com.br\/site\/author\/juliana\/#author"},"publisher":{"@id":"https:\/\/anoticiaonline.com.br\/site\/#organization"},"image":{"@type":"ImageObject","url":"https:\/\/anoticiaonline.com.br\/site\/wp-content\/uploads\/2016\/07\/bovinos_1.jpg","width":640,"height":418,"caption":"Foto: Divulga\u00e7\u00e3o\/IMA"},"datePublished":"2016-07-14T11:40:57-03:00","dateModified":"2016-07-14T11:40:57-03:00","inLanguage":"pt-BR","mainEntityOfPage":{"@id":"https:\/\/anoticiaonline.com.br\/site\/estado-registra-indice-de-97-de-comprovacao-da-vacinacao-do-rebanho-contra-febre-aftosa-em-maio\/#webpage"},"isPartOf":{"@id":"https:\/\/anoticiaonline.com.br\/site\/estado-registra-indice-de-97-de-comprovacao-da-vacinacao-do-rebanho-contra-febre-aftosa-em-maio\/#webpage"},"articleSection":"Gerais, slide"},{"@type":"BreadcrumbList","@id":"https:\/\/anoticiaonline.com.br\/site\/estado-registra-indice-de-97-de-comprovacao-da-vacinacao-do-rebanho-contra-febre-aftosa-em-maio\/#breadcrumblist","itemListElement":[{"@type":"ListItem","@id":"https:\/\/anoticiaonline.com.br\/site#listItem","position":1,"name":"Home","item":"https:\/\/anoticiaonline.com.br\/site","nextItem":{"@type":"ListItem","@id":"https:\/\/anoticiaonline.com.br\/site\/categoria\/gerais\/#listItem","name":"Gerais"}},{"@type":"ListItem","@id":"https:\/\/anoticiaonline.com.br\/site\/categoria\/gerais\/#listItem","position":2,"name":"Gerais","item":"https:\/\/anoticiaonline.com.br\/site\/categoria\/gerais\/","nextItem":{"@type":"ListItem","@id":"https:\/\/anoticiaonline.com.br\/site\/estado-registra-indice-de-97-de-comprovacao-da-vacinacao-do-rebanho-contra-febre-aftosa-em-maio\/#listItem","name":"Estado registra \u00edndice de 97% de comprova\u00e7\u00e3o da vacina\u00e7\u00e3o do rebanho contra febre aftosa em maio"},"previousItem":{"@type":"ListItem","@id":"https:\/\/anoticiaonline.com.br\/site#listItem","name":"Home"}},{"@type":"ListItem","@id":"https:\/\/anoticiaonline.com.br\/site\/estado-registra-indice-de-97-de-comprovacao-da-vacinacao-do-rebanho-contra-febre-aftosa-em-maio\/#listItem","position":3,"name":"Estado registra \u00edndice de 97% de comprova\u00e7\u00e3o da vacina\u00e7\u00e3o do rebanho contra febre aftosa em maio","previousItem":{"@type":"ListItem","@id":"https:\/\/anoticiaonline.com.br\/site\/categoria\/gerais\/#listItem","name":"Gerais"}}]},{"@type":"Organization","@id":"https:\/\/anoticiaonline.com.br\/site\/#organization","name":"A Not\u00edcia Online","description":"Noticias de Muria\u00e9 e regi\u00e3o","url":"https:\/\/anoticiaonline.com.br\/site\/","logo":{"@type":"ImageObject","url":"https:\/\/scontent-gig4-1.xx.fbcdn.net\/v\/t39.30808-1\/270437624_4564083193639691_6907940295614233970_n.jpg?stp=dst-jpg_s200x200_tt6&_nc_cat=111&ccb=1-7&_nc_sid=f907e8&_nc_ohc=SM1wRlP3lJwQ7kNvwEPuBYA&_nc_oc=AdnqrjDN_BNjSSHWO-GbkIWH6fkGMLw4bqvL_NH6e2wMveX7G-rP2dAqsDSq1mJMOaY&_nc_zt=24&_nc_ht=scontent-gig4-1.xx&_nc_gid=AoBFJeGrT1hVaew_6rchkQ&oh=00_AfX7QmFGhQhG2jAllVgXCiM1ZrWgvtp80-Bfppyexh1QEg&oe=689E923C","@id":"https:\/\/anoticiaonline.com.br\/site\/estado-registra-indice-de-97-de-comprovacao-da-vacinacao-do-rebanho-contra-febre-aftosa-em-maio\/#organizationLogo"},"image":{"@id":"https:\/\/anoticiaonline.com.br\/site\/estado-registra-indice-de-97-de-comprovacao-da-vacinacao-do-rebanho-contra-febre-aftosa-em-maio\/#organizationLogo"}},{"@type":"Person","@id":"https:\/\/anoticiaonline.com.br\/site\/author\/juliana\/#author","url":"https:\/\/anoticiaonline.com.br\/site\/author\/juliana\/","name":"Juliana Laviola","image":{"@type":"ImageObject","@id":"https:\/\/anoticiaonline.com.br\/site\/estado-registra-indice-de-97-de-comprovacao-da-vacinacao-do-rebanho-contra-febre-aftosa-em-maio\/#authorImage","url":"https:\/\/secure.gravatar.com\/avatar\/b8d45f5c699b100dfaf0e543582f38f38bf94cb7ae3a5e9abf8d891a34773335?s=96&d=mm&r=g","width":96,"height":96,"caption":"Juliana Laviola"}},{"@type":"WebPage","@id":"https:\/\/anoticiaonline.com.br\/site\/estado-registra-indice-de-97-de-comprovacao-da-vacinacao-do-rebanho-contra-febre-aftosa-em-maio\/#webpage","url":"https:\/\/anoticiaonline.com.br\/site\/estado-registra-indice-de-97-de-comprovacao-da-vacinacao-do-rebanho-contra-febre-aftosa-em-maio\/","name":"Estado registra \u00edndice de 97% de comprova\u00e7\u00e3o da vacina\u00e7\u00e3o do rebanho contra febre aftosa em maio - A Not\u00edcia Online","description":"Minas Gerais registrou em maio deste ano, durante a primeira etapa anual de vacina\u00e7\u00e3o de bovinos e bubalinos contra a febre aftosa, a imuniza\u00e7\u00e3o de 22.740.991 animais, o equivalente a 97,49% do seu plantel. Este percentual \u00e9 ligeiramente superior ao registrado na etapa de maio do ano passado, quando o estado contabilizou a vacina\u00e7\u00e3o de","inLanguage":"pt-BR","isPartOf":{"@id":"https:\/\/anoticiaonline.com.br\/site\/#website"},"breadcrumb":{"@id":"https:\/\/anoticiaonline.com.br\/site\/estado-registra-indice-de-97-de-comprovacao-da-vacinacao-do-rebanho-contra-febre-aftosa-em-maio\/#breadcrumblist"},"author":{"@id":"https:\/\/anoticiaonline.com.br\/site\/author\/juliana\/#author"},"creator":{"@id":"https:\/\/anoticiaonline.com.br\/site\/author\/juliana\/#author"},"image":{"@type":"ImageObject","url":"https:\/\/anoticiaonline.com.br\/site\/wp-content\/uploads\/2016\/07\/bovinos_1.jpg","@id":"https:\/\/anoticiaonline.com.br\/site\/estado-registra-indice-de-97-de-comprovacao-da-vacinacao-do-rebanho-contra-febre-aftosa-em-maio\/#mainImage","width":640,"height":418,"caption":"Foto: Divulga\u00e7\u00e3o\/IMA"},"primaryImageOfPage":{"@id":"https:\/\/anoticiaonline.com.br\/site\/estado-registra-indice-de-97-de-comprovacao-da-vacinacao-do-rebanho-contra-febre-aftosa-em-maio\/#mainImage"},"datePublished":"2016-07-14T11:40:57-03:00","dateModified":"2016-07-14T11:40:57-03:00"},{"@type":"WebSite","@id":"https:\/\/anoticiaonline.com.br\/site\/#website","url":"https:\/\/anoticiaonline.com.br\/site\/","name":"A Not\u00edcia Online","description":"Noticias de Muria\u00e9 e regi\u00e3o","inLanguage":"pt-BR","publisher":{"@id":"https:\/\/anoticiaonline.com.br\/site\/#organization"}}]},"og:locale":"pt_BR","og:site_name":"A Not\u00edcia Online - Noticias de Muria\u00e9 e regi\u00e3o","og:type":"article","og:title":"Estado registra \u00edndice de 97% de comprova\u00e7\u00e3o da vacina\u00e7\u00e3o do rebanho contra febre aftosa em maio - A Not\u00edcia Online","og:description":"Minas Gerais registrou em maio deste ano, durante a primeira etapa anual de vacina\u00e7\u00e3o de bovinos e bubalinos contra a febre aftosa, a imuniza\u00e7\u00e3o de 22.740.991 animais, o equivalente a 97,49% do seu plantel. Este percentual \u00e9 ligeiramente superior ao registrado na etapa de maio do ano passado, quando o estado contabilizou a vacina\u00e7\u00e3o de","og:url":"https:\/\/anoticiaonline.com.br\/site\/estado-registra-indice-de-97-de-comprovacao-da-vacinacao-do-rebanho-contra-febre-aftosa-em-maio\/","og:image":"https:\/\/scontent-gig4-1.xx.fbcdn.net\/v\/t39.30808-1\/270437624_4564083193639691_6907940295614233970_n.jpg?stp=dst-jpg_s200x200_tt6&#038;_nc_cat=111&#038;ccb=1-7&#038;_nc_sid=f907e8&#038;_nc_ohc=SM1wRlP3lJwQ7kNvwEPuBYA&#038;_nc_oc=AdnqrjDN_BNjSSHWO-GbkIWH6fkGMLw4bqvL_NH6e2wMveX7G-rP2dAqsDSq1mJMOaY&#038;_nc_zt=24&#038;_nc_ht=scontent-gig4-1.xx&#038;_nc_gid=AoBFJeGrT1hVaew_6rchkQ&#038;oh=00_AfX7QmFGhQhG2jAllVgXCiM1ZrWgvtp80-Bfppyexh1QEg&#038;oe=689E923C","og:image:secure_url":"https:\/\/scontent-gig4-1.xx.fbcdn.net\/v\/t39.30808-1\/270437624_4564083193639691_6907940295614233970_n.jpg?stp=dst-jpg_s200x200_tt6&#038;_nc_cat=111&#038;ccb=1-7&#038;_nc_sid=f907e8&#038;_nc_ohc=SM1wRlP3lJwQ7kNvwEPuBYA&#038;_nc_oc=AdnqrjDN_BNjSSHWO-GbkIWH6fkGMLw4bqvL_NH6e2wMveX7G-rP2dAqsDSq1mJMOaY&#038;_nc_zt=24&#038;_nc_ht=scontent-gig4-1.xx&#038;_nc_gid=AoBFJeGrT1hVaew_6rchkQ&#038;oh=00_AfX7QmFGhQhG2jAllVgXCiM1ZrWgvtp80-Bfppyexh1QEg&#038;oe=689E923C","article:published_time":"2016-07-14T14:40:57+00:00","article:modified_time":"2016-07-14T14:40:57+00:00","twitter:card":"summary_large_image","twitter:title":"Estado registra \u00edndice de 97% de comprova\u00e7\u00e3o da vacina\u00e7\u00e3o do rebanho contra febre aftosa em maio - A Not\u00edcia Online","twitter:description":"Minas Gerais registrou em maio deste ano, durante a primeira etapa anual de vacina\u00e7\u00e3o de bovinos e bubalinos contra a febre aftosa, a imuniza\u00e7\u00e3o de 22.740.991 animais, o equivalente a 97,49% do seu plantel. Este percentual \u00e9 ligeiramente superior ao registrado na etapa de maio do ano passado, quando o estado contabilizou a vacina\u00e7\u00e3o de","twitter:image":"https:\/\/scontent-gig4-1.xx.fbcdn.net\/v\/t39.30808-1\/270437624_4564083193639691_6907940295614233970_n.jpg?stp=dst-jpg_s200x200_tt6&_nc_cat=111&ccb=1-7&_nc_sid=f907e8&_nc_ohc=SM1wRlP3lJwQ7kNvwEPuBYA&_nc_oc=AdnqrjDN_BNjSSHWO-GbkIWH6fkGMLw4bqvL_NH6e2wMveX7G-rP2dAqsDSq1mJMOaY&_nc_zt=24&_nc_ht=scontent-gig4-1.xx&_nc_gid=AoBFJeGrT1hVaew_6rchkQ&oh=00_AfX7QmFGhQhG2jAllVgXCiM1ZrWgvtp80-Bfppyexh1QEg&oe=689E923C"},"aioseo_meta_data":{"post_id":"15103","title":null,"description":null,"keywords":null,"keyphrases":null,"primary_term":null,"canonical_url":null,"og_title":null,"og_description":null,"og_object_type":"default","og_image_type":"default","og_image_url":null,"og_image_width":null,"og_image_height":null,"og_image_custom_url":null,"og_image_custom_fields":null,"og_video":null,"og_custom_url":null,"og_article_section":null,"og_article_tags":null,"twitter_use_og":false,"twitter_card":"default","twitter_image_type":"default","twitter_image_url":null,"twitter_image_custom_url":null,"twitter_image_custom_fields":null,"twitter_title":null,"twitter_description":null,"schema":{"blockGraphs":[],"customGraphs":[],"default":{"data":{"Article":[],"Course":[],"Dataset":[],"FAQPage":[],"Movie":[],"Person":[],"Product":[],"ProductReview":[],"Car":[],"Recipe":[],"Service":[],"SoftwareApplication":[],"WebPage":[]},"graphName":"","isEnabled":true},"graphs":[]},"schema_type":"default","schema_type_options":null,"pillar_content":false,"robots_default":true,"robots_noindex":false,"robots_noarchive":false,"robots_nosnippet":false,"robots_nofollow":false,"robots_noimageindex":false,"robots_noodp":false,"robots_notranslate":false,"robots_max_snippet":null,"robots_max_videopreview":null,"robots_max_imagepreview":"large","priority":null,"frequency":null,"local_seo":null,"breadcrumb_settings":null,"limit_modified_date":false,"ai":null,"created":"2025-08-16 16:24:38","updated":"2025-08-16 16:24:38","focus_keyword":null,"additional_keywords":null,"truseo_locale":null,"seo_analyzer_scan_date":null},"aioseo_breadcrumb":"<div class=\"aioseo-breadcrumbs\"><span class=\"aioseo-breadcrumb\">\n\t\t\t<a href=\"https:\/\/anoticiaonline.com.br\/site\" title=\"Home\">Home<\/a>\n\t\t<\/span><span class=\"aioseo-breadcrumb-separator\">&raquo;<\/span><span class=\"aioseo-breadcrumb\">\n\t\t\t<a href=\"https:\/\/anoticiaonline.com.br\/site\/categoria\/gerais\/\" title=\"Gerais\">Gerais<\/a>\n\t\t<\/span><span class=\"aioseo-breadcrumb-separator\">&raquo;<\/span><span class=\"aioseo-breadcrumb\">\n\t\t\tEstado registra \u00edndice de 97% de comprova\u00e7\u00e3o da vacina\u00e7\u00e3o do rebanho contra febre aftosa em maio\n\t\t<\/span><\/div>","aioseo_breadcrumb_json":[{"label":"Home","link":"https:\/\/anoticiaonline.com.br\/site"},{"label":"Gerais","link":"https:\/\/anoticiaonline.com.br\/site\/categoria\/gerais\/"},{"label":"Estado registra \u00edndice de 97% de comprova\u00e7\u00e3o da vacina\u00e7\u00e3o do rebanho contra febre aftosa em maio","link":"https:\/\/anoticiaonline.com.br\/site\/estado-registra-indice-de-97-de-comprovacao-da-vacinacao-do-rebanho-contra-febre-aftosa-em-maio\/"}],"views":154,"_links":{"self":[{"href":"https:\/\/anoticiaonline.com.br\/site\/wp-json\/wp\/v2\/posts\/15103","targetHints":{"allow":["GET"]}}],"collection":[{"href":"https:\/\/anoticiaonline.com.br\/site\/wp-json\/wp\/v2\/posts"}],"about":[{"href":"https:\/\/anoticiaonline.com.br\/site\/wp-json\/wp\/v2\/types\/post"}],"author":[{"embeddable":true,"href":"https:\/\/anoticiaonline.com.br\/site\/wp-json\/wp\/v2\/users\/2"}],"replies":[{"embeddable":true,"href":"https:\/\/anoticiaonline.com.br\/site\/wp-json\/wp\/v2\/comments?post=15103"}],"version-history":[{"count":0,"href":"https:\/\/anoticiaonline.com.br\/site\/wp-json\/wp\/v2\/posts\/15103\/revisions"}],"wp:featuredmedia":[{"embeddable":true,"href":"https:\/\/anoticiaonline.com.br\/site\/wp-json\/wp\/v2\/media\/15104"}],"wp:attachment":[{"href":"https:\/\/anoticiaonline.com.br\/site\/wp-json\/wp\/v2\/media?parent=15103"}],"wp:term":[{"taxonomy":"category","embeddable":true,"href":"https:\/\/anoticiaonline.com.br\/site\/wp-json\/wp\/v2\/categories?post=15103"},{"taxonomy":"post_tag","embeddable":true,"href":"https:\/\/anoticiaonline.com.br\/site\/wp-json\/wp\/v2\/tags?post=15103"}],"curies":[{"name":"wp","href":"https:\/\/api.w.org\/{rel}","templated":true}]}}