{"id":15098,"date":"2016-07-14T10:16:06","date_gmt":"2016-07-14T13:16:06","guid":{"rendered":"http:\/\/anoticiaonline.com.br\/site\/?p=15098"},"modified":"2016-07-14T10:16:06","modified_gmt":"2016-07-14T13:16:06","slug":"castracao-gratuita-de-caes-e-gatos-sera-feita-em-muriae-entre-os-dias-26-e-28","status":"publish","type":"post","link":"https:\/\/anoticiaonline.com.br\/site\/castracao-gratuita-de-caes-e-gatos-sera-feita-em-muriae-entre-os-dias-26-e-28\/","title":{"rendered":"Castra\u00e7\u00e3o gratuita de c\u00e3es e gatos ser\u00e1 feita em Muria\u00e9 entre os dias 26 e 28"},"content":{"rendered":"<p><a href=\"https:\/\/anoticiaonline.com.br\/site\/wp-content\/uploads\/2016\/07\/foto.jpg\"><img fetchpriority=\"high\" decoding=\"async\" class=\" size-medium wp-image-15099 alignleft\" src=\"https:\/\/anoticiaonline.com.br\/site\/wp-content\/uploads\/2016\/07\/foto-300x226.jpg\" alt=\"foto\" width=\"300\" height=\"226\" srcset=\"https:\/\/anoticiaonline.com.br\/site\/wp-content\/uploads\/2016\/07\/foto-300x226.jpg 300w, https:\/\/anoticiaonline.com.br\/site\/wp-content\/uploads\/2016\/07\/foto.jpg 600w\" sizes=\"(max-width: 300px) 100vw, 300px\" \/><\/a>Muria\u00e9 ter\u00e1 um dia de mutir\u00e3o para castra\u00e7\u00f5es gratuitas de c\u00e3es e gatos. Entre os dias 26 e 28 deste m\u00eas, o \u201cCastra M\u00f3vel\u201d (\u00f4nibus adaptado para realizar cirurgias de esteriliza\u00e7\u00e3o destes animais) estar\u00e1 na cidade, no sagu\u00e3o do Centro Administrativo, a partir de 8 horas, para a realiza\u00e7\u00e3o do servi\u00e7o.<\/p>\n<p>As pessoas interessadas em levarem seus animais precisam fazer a inscri\u00e7\u00e3o, que ocorrer\u00e1 na quarta-feira (20), a partir das 8h, no Centro Administrativo, e ser\u00e1 necess\u00e1rio ter em m\u00e3os, para preenchimento da ficha de pr\u00e9-cadastro, um documento de identifica\u00e7\u00e3o de quem estar\u00e1 acompanhando o animal no dia da castra\u00e7\u00e3o e um comprovante de resid\u00eancia. Cada pessoa ter\u00e1 o direito \u00e0 castra\u00e7\u00e3o de tr\u00eas animais, sendo um por dia.<\/p>\n<p>As vagas s\u00e3o limitadas. Ao todo, ser\u00e3o feitas 120 castra\u00e7\u00f5es.<\/p>\n","protected":false},"excerpt":{"rendered":"<p>Muria\u00e9 ter\u00e1 um dia de mutir\u00e3o para castra\u00e7\u00f5es gratuitas de c\u00e3es e gatos. Entre os dias 26 e 28 deste m\u00eas, o \u201cCastra M\u00f3vel\u201d (\u00f4nibus adaptado para realizar cirurgias de esteriliza\u00e7\u00e3o destes animais) estar\u00e1 na cidade, no sagu\u00e3o do Centro Administrativo, a partir de 8 horas, para a realiza\u00e7\u00e3o do servi\u00e7o. As pessoas interessadas em &#8230; <a title=\"Castra\u00e7\u00e3o gratuita de c\u00e3es e gatos ser\u00e1 feita em Muria\u00e9 entre os dias 26 e 28\" class=\"read-more\" href=\"https:\/\/anoticiaonline.com.br\/site\/castracao-gratuita-de-caes-e-gatos-sera-feita-em-muriae-entre-os-dias-26-e-28\/\" aria-label=\"Read more about Castra\u00e7\u00e3o gratuita de c\u00e3es e gatos ser\u00e1 feita em Muria\u00e9 entre os dias 26 e 28\">Ler mais<\/a><\/p>\n","protected":false},"author":2,"featured_media":15099,"comment_status":"open","ping_status":"open","sticky":false,"template":"","format":"standard","meta":{"_acf_changed":false,"_monsterinsights_skip_tracking":false,"footnotes":""},"categories":[30],"tags":[3],"class_list":["post-15098","post","type-post","status-publish","format-standard","has-post-thumbnail","hentry","category-muriae","tag-slide"],"acf":[],"aioseo_notices":[],"aioseo_head":"\n\t\t<!-- All in One SEO 5.0.0.1 - aioseo.com -->\n\t<meta name=\"description\" content=\"Muria\u00e9 ter\u00e1 um dia de mutir\u00e3o para castra\u00e7\u00f5es gratuitas de c\u00e3es e gatos. Entre os dias 26 e 28 deste m\u00eas, o \u201cCastra M\u00f3vel\u201d (\u00f4nibus adaptado para realizar cirurgias de esteriliza\u00e7\u00e3o destes animais) estar\u00e1 na cidade, no sagu\u00e3o do Centro Administrativo, a partir de 8 horas, para a realiza\u00e7\u00e3o do servi\u00e7o. As pessoas interessadas em\" \/>\n\t<meta name=\"robots\" content=\"max-image-preview:large\" \/>\n\t<meta name=\"author\" content=\"Juliana Laviola\"\/>\n\t<link rel=\"canonical\" href=\"https:\/\/anoticiaonline.com.br\/site\/castracao-gratuita-de-caes-e-gatos-sera-feita-em-muriae-entre-os-dias-26-e-28\/\" \/>\n\t<meta name=\"generator\" content=\"All in One SEO (AIOSEO) 5.0.0.1\" \/>\n\t\t<meta property=\"og:locale\" content=\"pt_BR\" \/>\n\t\t<meta property=\"og:site_name\" content=\"A Not\u00edcia Online - Noticias de Muria\u00e9 e regi\u00e3o\" \/>\n\t\t<meta property=\"og:type\" content=\"article\" \/>\n\t\t<meta property=\"og:title\" content=\"Castra\u00e7\u00e3o gratuita de c\u00e3es e gatos ser\u00e1 feita em Muria\u00e9 entre os dias 26 e 28 - A Not\u00edcia Online\" \/>\n\t\t<meta property=\"og:description\" content=\"Muria\u00e9 ter\u00e1 um dia de mutir\u00e3o para castra\u00e7\u00f5es gratuitas de c\u00e3es e gatos. Entre os dias 26 e 28 deste m\u00eas, o \u201cCastra M\u00f3vel\u201d (\u00f4nibus adaptado para realizar cirurgias de esteriliza\u00e7\u00e3o destes animais) estar\u00e1 na cidade, no sagu\u00e3o do Centro Administrativo, a partir de 8 horas, para a realiza\u00e7\u00e3o do servi\u00e7o. As pessoas interessadas em\" \/>\n\t\t<meta property=\"og:url\" content=\"https:\/\/anoticiaonline.com.br\/site\/castracao-gratuita-de-caes-e-gatos-sera-feita-em-muriae-entre-os-dias-26-e-28\/\" \/>\n\t\t<meta property=\"og:image\" content=\"https:\/\/scontent-gig4-1.xx.fbcdn.net\/v\/t39.30808-1\/270437624_4564083193639691_6907940295614233970_n.jpg?stp=dst-jpg_s200x200_tt6&#038;_nc_cat=111&#038;ccb=1-7&#038;_nc_sid=f907e8&#038;_nc_ohc=SM1wRlP3lJwQ7kNvwEPuBYA&#038;_nc_oc=AdnqrjDN_BNjSSHWO-GbkIWH6fkGMLw4bqvL_NH6e2wMveX7G-rP2dAqsDSq1mJMOaY&#038;_nc_zt=24&#038;_nc_ht=scontent-gig4-1.xx&#038;_nc_gid=AoBFJeGrT1hVaew_6rchkQ&#038;oh=00_AfX7QmFGhQhG2jAllVgXCiM1ZrWgvtp80-Bfppyexh1QEg&#038;oe=689E923C\" \/>\n\t\t<meta property=\"og:image:secure_url\" content=\"https:\/\/scontent-gig4-1.xx.fbcdn.net\/v\/t39.30808-1\/270437624_4564083193639691_6907940295614233970_n.jpg?stp=dst-jpg_s200x200_tt6&#038;_nc_cat=111&#038;ccb=1-7&#038;_nc_sid=f907e8&#038;_nc_ohc=SM1wRlP3lJwQ7kNvwEPuBYA&#038;_nc_oc=AdnqrjDN_BNjSSHWO-GbkIWH6fkGMLw4bqvL_NH6e2wMveX7G-rP2dAqsDSq1mJMOaY&#038;_nc_zt=24&#038;_nc_ht=scontent-gig4-1.xx&#038;_nc_gid=AoBFJeGrT1hVaew_6rchkQ&#038;oh=00_AfX7QmFGhQhG2jAllVgXCiM1ZrWgvtp80-Bfppyexh1QEg&#038;oe=689E923C\" \/>\n\t\t<meta property=\"article:published_time\" content=\"2016-07-14T13:16:06+00:00\" \/>\n\t\t<meta property=\"article:modified_time\" content=\"2016-07-14T13:16:06+00:00\" \/>\n\t\t<meta name=\"twitter:card\" content=\"summary_large_image\" \/>\n\t\t<meta name=\"twitter:title\" content=\"Castra\u00e7\u00e3o gratuita de c\u00e3es e gatos ser\u00e1 feita em Muria\u00e9 entre os dias 26 e 28 - A Not\u00edcia Online\" \/>\n\t\t<meta name=\"twitter:description\" content=\"Muria\u00e9 ter\u00e1 um dia de mutir\u00e3o para castra\u00e7\u00f5es gratuitas de c\u00e3es e gatos. Entre os dias 26 e 28 deste m\u00eas, o \u201cCastra M\u00f3vel\u201d (\u00f4nibus adaptado para realizar cirurgias de esteriliza\u00e7\u00e3o destes animais) estar\u00e1 na cidade, no sagu\u00e3o do Centro Administrativo, a partir de 8 horas, para a realiza\u00e7\u00e3o do servi\u00e7o. As pessoas interessadas em\" \/>\n\t\t<meta name=\"twitter:image\" content=\"https:\/\/scontent-gig4-1.xx.fbcdn.net\/v\/t39.30808-1\/270437624_4564083193639691_6907940295614233970_n.jpg?stp=dst-jpg_s200x200_tt6&amp;_nc_cat=111&amp;ccb=1-7&amp;_nc_sid=f907e8&amp;_nc_ohc=SM1wRlP3lJwQ7kNvwEPuBYA&amp;_nc_oc=AdnqrjDN_BNjSSHWO-GbkIWH6fkGMLw4bqvL_NH6e2wMveX7G-rP2dAqsDSq1mJMOaY&amp;_nc_zt=24&amp;_nc_ht=scontent-gig4-1.xx&amp;_nc_gid=AoBFJeGrT1hVaew_6rchkQ&amp;oh=00_AfX7QmFGhQhG2jAllVgXCiM1ZrWgvtp80-Bfppyexh1QEg&amp;oe=689E923C\" \/>\n\t\t<script type=\"application\/ld+json\" class=\"aioseo-schema\">\n\t\t\t{\"@context\":\"https:\\\/\\\/schema.org\",\"@graph\":[{\"@type\":\"BlogPosting\",\"@id\":\"https:\\\/\\\/anoticiaonline.com.br\\\/site\\\/castracao-gratuita-de-caes-e-gatos-sera-feita-em-muriae-entre-os-dias-26-e-28\\\/#blogposting\",\"name\":\"Castra\\u00e7\\u00e3o gratuita de c\\u00e3es e gatos ser\\u00e1 feita em Muria\\u00e9 entre os dias 26 e 28 - A Not\\u00edcia Online\",\"headline\":\"Castra\\u00e7\\u00e3o gratuita de c\\u00e3es e gatos ser\\u00e1 feita em Muria\\u00e9 entre os dias 26 e 28\",\"author\":{\"@id\":\"https:\\\/\\\/anoticiaonline.com.br\\\/site\\\/author\\\/juliana\\\/#author\"},\"publisher\":{\"@id\":\"https:\\\/\\\/anoticiaonline.com.br\\\/site\\\/#organization\"},\"image\":{\"@type\":\"ImageObject\",\"url\":\"https:\\\/\\\/anoticiaonline.com.br\\\/site\\\/wp-content\\\/uploads\\\/2016\\\/07\\\/foto.jpg\",\"width\":600,\"height\":451},\"datePublished\":\"2016-07-14T10:16:06-03:00\",\"dateModified\":\"2016-07-14T10:16:06-03:00\",\"inLanguage\":\"pt-BR\",\"commentCount\":2,\"mainEntityOfPage\":{\"@id\":\"https:\\\/\\\/anoticiaonline.com.br\\\/site\\\/castracao-gratuita-de-caes-e-gatos-sera-feita-em-muriae-entre-os-dias-26-e-28\\\/#webpage\"},\"isPartOf\":{\"@id\":\"https:\\\/\\\/anoticiaonline.com.br\\\/site\\\/castracao-gratuita-de-caes-e-gatos-sera-feita-em-muriae-entre-os-dias-26-e-28\\\/#webpage\"},\"articleSection\":\"Blog, slide\"},{\"@type\":\"BreadcrumbList\",\"@id\":\"https:\\\/\\\/anoticiaonline.com.br\\\/site\\\/castracao-gratuita-de-caes-e-gatos-sera-feita-em-muriae-entre-os-dias-26-e-28\\\/#breadcrumblist\",\"itemListElement\":[{\"@type\":\"ListItem\",\"@id\":\"https:\\\/\\\/anoticiaonline.com.br\\\/site#listItem\",\"position\":1,\"name\":\"Home\",\"item\":\"https:\\\/\\\/anoticiaonline.com.br\\\/site\",\"nextItem\":{\"@type\":\"ListItem\",\"@id\":\"https:\\\/\\\/anoticiaonline.com.br\\\/site\\\/categoria\\\/muriae\\\/#listItem\",\"name\":\"Blog\"}},{\"@type\":\"ListItem\",\"@id\":\"https:\\\/\\\/anoticiaonline.com.br\\\/site\\\/categoria\\\/muriae\\\/#listItem\",\"position\":2,\"name\":\"Blog\",\"item\":\"https:\\\/\\\/anoticiaonline.com.br\\\/site\\\/categoria\\\/muriae\\\/\",\"nextItem\":{\"@type\":\"ListItem\",\"@id\":\"https:\\\/\\\/anoticiaonline.com.br\\\/site\\\/castracao-gratuita-de-caes-e-gatos-sera-feita-em-muriae-entre-os-dias-26-e-28\\\/#listItem\",\"name\":\"Castra\\u00e7\\u00e3o gratuita de c\\u00e3es e gatos ser\\u00e1 feita em Muria\\u00e9 entre os dias 26 e 28\"},\"previousItem\":{\"@type\":\"ListItem\",\"@id\":\"https:\\\/\\\/anoticiaonline.com.br\\\/site#listItem\",\"name\":\"Home\"}},{\"@type\":\"ListItem\",\"@id\":\"https:\\\/\\\/anoticiaonline.com.br\\\/site\\\/castracao-gratuita-de-caes-e-gatos-sera-feita-em-muriae-entre-os-dias-26-e-28\\\/#listItem\",\"position\":3,\"name\":\"Castra\\u00e7\\u00e3o gratuita de c\\u00e3es e gatos ser\\u00e1 feita em Muria\\u00e9 entre os dias 26 e 28\",\"previousItem\":{\"@type\":\"ListItem\",\"@id\":\"https:\\\/\\\/anoticiaonline.com.br\\\/site\\\/categoria\\\/muriae\\\/#listItem\",\"name\":\"Blog\"}}]},{\"@type\":\"Organization\",\"@id\":\"https:\\\/\\\/anoticiaonline.com.br\\\/site\\\/#organization\",\"name\":\"A Not\\u00edcia Online\",\"description\":\"Noticias de Muria\\u00e9 e regi\\u00e3o\",\"url\":\"https:\\\/\\\/anoticiaonline.com.br\\\/site\\\/\",\"logo\":{\"@type\":\"ImageObject\",\"url\":\"https:\\\/\\\/scontent-gig4-1.xx.fbcdn.net\\\/v\\\/t39.30808-1\\\/270437624_4564083193639691_6907940295614233970_n.jpg?stp=dst-jpg_s200x200_tt6&_nc_cat=111&ccb=1-7&_nc_sid=f907e8&_nc_ohc=SM1wRlP3lJwQ7kNvwEPuBYA&_nc_oc=AdnqrjDN_BNjSSHWO-GbkIWH6fkGMLw4bqvL_NH6e2wMveX7G-rP2dAqsDSq1mJMOaY&_nc_zt=24&_nc_ht=scontent-gig4-1.xx&_nc_gid=AoBFJeGrT1hVaew_6rchkQ&oh=00_AfX7QmFGhQhG2jAllVgXCiM1ZrWgvtp80-Bfppyexh1QEg&oe=689E923C\",\"@id\":\"https:\\\/\\\/anoticiaonline.com.br\\\/site\\\/castracao-gratuita-de-caes-e-gatos-sera-feita-em-muriae-entre-os-dias-26-e-28\\\/#organizationLogo\"},\"image\":{\"@id\":\"https:\\\/\\\/anoticiaonline.com.br\\\/site\\\/castracao-gratuita-de-caes-e-gatos-sera-feita-em-muriae-entre-os-dias-26-e-28\\\/#organizationLogo\"}},{\"@type\":\"Person\",\"@id\":\"https:\\\/\\\/anoticiaonline.com.br\\\/site\\\/author\\\/juliana\\\/#author\",\"url\":\"https:\\\/\\\/anoticiaonline.com.br\\\/site\\\/author\\\/juliana\\\/\",\"name\":\"Juliana Laviola\",\"image\":{\"@type\":\"ImageObject\",\"@id\":\"https:\\\/\\\/anoticiaonline.com.br\\\/site\\\/castracao-gratuita-de-caes-e-gatos-sera-feita-em-muriae-entre-os-dias-26-e-28\\\/#authorImage\",\"url\":\"https:\\\/\\\/secure.gravatar.com\\\/avatar\\\/b8d45f5c699b100dfaf0e543582f38f38bf94cb7ae3a5e9abf8d891a34773335?s=96&d=mm&r=g\",\"width\":96,\"height\":96,\"caption\":\"Juliana Laviola\"}},{\"@type\":\"WebPage\",\"@id\":\"https:\\\/\\\/anoticiaonline.com.br\\\/site\\\/castracao-gratuita-de-caes-e-gatos-sera-feita-em-muriae-entre-os-dias-26-e-28\\\/#webpage\",\"url\":\"https:\\\/\\\/anoticiaonline.com.br\\\/site\\\/castracao-gratuita-de-caes-e-gatos-sera-feita-em-muriae-entre-os-dias-26-e-28\\\/\",\"name\":\"Castra\\u00e7\\u00e3o gratuita de c\\u00e3es e gatos ser\\u00e1 feita em Muria\\u00e9 entre os dias 26 e 28 - A Not\\u00edcia Online\",\"description\":\"Muria\\u00e9 ter\\u00e1 um dia de mutir\\u00e3o para castra\\u00e7\\u00f5es gratuitas de c\\u00e3es e gatos. Entre os dias 26 e 28 deste m\\u00eas, o \\u201cCastra M\\u00f3vel\\u201d (\\u00f4nibus adaptado para realizar cirurgias de esteriliza\\u00e7\\u00e3o destes animais) estar\\u00e1 na cidade, no sagu\\u00e3o do Centro Administrativo, a partir de 8 horas, para a realiza\\u00e7\\u00e3o do servi\\u00e7o. As pessoas interessadas em\",\"inLanguage\":\"pt-BR\",\"isPartOf\":{\"@id\":\"https:\\\/\\\/anoticiaonline.com.br\\\/site\\\/#website\"},\"breadcrumb\":{\"@id\":\"https:\\\/\\\/anoticiaonline.com.br\\\/site\\\/castracao-gratuita-de-caes-e-gatos-sera-feita-em-muriae-entre-os-dias-26-e-28\\\/#breadcrumblist\"},\"author\":{\"@id\":\"https:\\\/\\\/anoticiaonline.com.br\\\/site\\\/author\\\/juliana\\\/#author\"},\"creator\":{\"@id\":\"https:\\\/\\\/anoticiaonline.com.br\\\/site\\\/author\\\/juliana\\\/#author\"},\"image\":{\"@type\":\"ImageObject\",\"url\":\"https:\\\/\\\/anoticiaonline.com.br\\\/site\\\/wp-content\\\/uploads\\\/2016\\\/07\\\/foto.jpg\",\"@id\":\"https:\\\/\\\/anoticiaonline.com.br\\\/site\\\/castracao-gratuita-de-caes-e-gatos-sera-feita-em-muriae-entre-os-dias-26-e-28\\\/#mainImage\",\"width\":600,\"height\":451},\"primaryImageOfPage\":{\"@id\":\"https:\\\/\\\/anoticiaonline.com.br\\\/site\\\/castracao-gratuita-de-caes-e-gatos-sera-feita-em-muriae-entre-os-dias-26-e-28\\\/#mainImage\"},\"datePublished\":\"2016-07-14T10:16:06-03:00\",\"dateModified\":\"2016-07-14T10:16:06-03:00\"},{\"@type\":\"WebSite\",\"@id\":\"https:\\\/\\\/anoticiaonline.com.br\\\/site\\\/#website\",\"url\":\"https:\\\/\\\/anoticiaonline.com.br\\\/site\\\/\",\"name\":\"A Not\\u00edcia Online\",\"description\":\"Noticias de Muria\\u00e9 e regi\\u00e3o\",\"inLanguage\":\"pt-BR\",\"publisher\":{\"@id\":\"https:\\\/\\\/anoticiaonline.com.br\\\/site\\\/#organization\"}}]}\n\t\t<\/script>\n\t\t<!-- All in One SEO -->\n\n","aioseo_head_json":{"title":"Castra\u00e7\u00e3o gratuita de c\u00e3es e gatos ser\u00e1 feita em Muria\u00e9 entre os dias 26 e 28 - A Not\u00edcia Online","description":"Muria\u00e9 ter\u00e1 um dia de mutir\u00e3o para castra\u00e7\u00f5es gratuitas de c\u00e3es e gatos. Entre os dias 26 e 28 deste m\u00eas, o \u201cCastra M\u00f3vel\u201d (\u00f4nibus adaptado para realizar cirurgias de esteriliza\u00e7\u00e3o destes animais) estar\u00e1 na cidade, no sagu\u00e3o do Centro Administrativo, a partir de 8 horas, para a realiza\u00e7\u00e3o do servi\u00e7o. As pessoas interessadas em","canonical_url":"https:\/\/anoticiaonline.com.br\/site\/castracao-gratuita-de-caes-e-gatos-sera-feita-em-muriae-entre-os-dias-26-e-28\/","robots":"max-image-preview:large","keywords":"","webmasterTools":{"miscellaneous":""},"schema":{"@context":"https:\/\/schema.org","@graph":[{"@type":"BlogPosting","@id":"https:\/\/anoticiaonline.com.br\/site\/castracao-gratuita-de-caes-e-gatos-sera-feita-em-muriae-entre-os-dias-26-e-28\/#blogposting","name":"Castra\u00e7\u00e3o gratuita de c\u00e3es e gatos ser\u00e1 feita em Muria\u00e9 entre os dias 26 e 28 - A Not\u00edcia Online","headline":"Castra\u00e7\u00e3o gratuita de c\u00e3es e gatos ser\u00e1 feita em Muria\u00e9 entre os dias 26 e 28","author":{"@id":"https:\/\/anoticiaonline.com.br\/site\/author\/juliana\/#author"},"publisher":{"@id":"https:\/\/anoticiaonline.com.br\/site\/#organization"},"image":{"@type":"ImageObject","url":"https:\/\/anoticiaonline.com.br\/site\/wp-content\/uploads\/2016\/07\/foto.jpg","width":600,"height":451},"datePublished":"2016-07-14T10:16:06-03:00","dateModified":"2016-07-14T10:16:06-03:00","inLanguage":"pt-BR","commentCount":2,"mainEntityOfPage":{"@id":"https:\/\/anoticiaonline.com.br\/site\/castracao-gratuita-de-caes-e-gatos-sera-feita-em-muriae-entre-os-dias-26-e-28\/#webpage"},"isPartOf":{"@id":"https:\/\/anoticiaonline.com.br\/site\/castracao-gratuita-de-caes-e-gatos-sera-feita-em-muriae-entre-os-dias-26-e-28\/#webpage"},"articleSection":"Blog, slide"},{"@type":"BreadcrumbList","@id":"https:\/\/anoticiaonline.com.br\/site\/castracao-gratuita-de-caes-e-gatos-sera-feita-em-muriae-entre-os-dias-26-e-28\/#breadcrumblist","itemListElement":[{"@type":"ListItem","@id":"https:\/\/anoticiaonline.com.br\/site#listItem","position":1,"name":"Home","item":"https:\/\/anoticiaonline.com.br\/site","nextItem":{"@type":"ListItem","@id":"https:\/\/anoticiaonline.com.br\/site\/categoria\/muriae\/#listItem","name":"Blog"}},{"@type":"ListItem","@id":"https:\/\/anoticiaonline.com.br\/site\/categoria\/muriae\/#listItem","position":2,"name":"Blog","item":"https:\/\/anoticiaonline.com.br\/site\/categoria\/muriae\/","nextItem":{"@type":"ListItem","@id":"https:\/\/anoticiaonline.com.br\/site\/castracao-gratuita-de-caes-e-gatos-sera-feita-em-muriae-entre-os-dias-26-e-28\/#listItem","name":"Castra\u00e7\u00e3o gratuita de c\u00e3es e gatos ser\u00e1 feita em Muria\u00e9 entre os dias 26 e 28"},"previousItem":{"@type":"ListItem","@id":"https:\/\/anoticiaonline.com.br\/site#listItem","name":"Home"}},{"@type":"ListItem","@id":"https:\/\/anoticiaonline.com.br\/site\/castracao-gratuita-de-caes-e-gatos-sera-feita-em-muriae-entre-os-dias-26-e-28\/#listItem","position":3,"name":"Castra\u00e7\u00e3o gratuita de c\u00e3es e gatos ser\u00e1 feita em Muria\u00e9 entre os dias 26 e 28","previousItem":{"@type":"ListItem","@id":"https:\/\/anoticiaonline.com.br\/site\/categoria\/muriae\/#listItem","name":"Blog"}}]},{"@type":"Organization","@id":"https:\/\/anoticiaonline.com.br\/site\/#organization","name":"A Not\u00edcia Online","description":"Noticias de Muria\u00e9 e regi\u00e3o","url":"https:\/\/anoticiaonline.com.br\/site\/","logo":{"@type":"ImageObject","url":"https:\/\/scontent-gig4-1.xx.fbcdn.net\/v\/t39.30808-1\/270437624_4564083193639691_6907940295614233970_n.jpg?stp=dst-jpg_s200x200_tt6&_nc_cat=111&ccb=1-7&_nc_sid=f907e8&_nc_ohc=SM1wRlP3lJwQ7kNvwEPuBYA&_nc_oc=AdnqrjDN_BNjSSHWO-GbkIWH6fkGMLw4bqvL_NH6e2wMveX7G-rP2dAqsDSq1mJMOaY&_nc_zt=24&_nc_ht=scontent-gig4-1.xx&_nc_gid=AoBFJeGrT1hVaew_6rchkQ&oh=00_AfX7QmFGhQhG2jAllVgXCiM1ZrWgvtp80-Bfppyexh1QEg&oe=689E923C","@id":"https:\/\/anoticiaonline.com.br\/site\/castracao-gratuita-de-caes-e-gatos-sera-feita-em-muriae-entre-os-dias-26-e-28\/#organizationLogo"},"image":{"@id":"https:\/\/anoticiaonline.com.br\/site\/castracao-gratuita-de-caes-e-gatos-sera-feita-em-muriae-entre-os-dias-26-e-28\/#organizationLogo"}},{"@type":"Person","@id":"https:\/\/anoticiaonline.com.br\/site\/author\/juliana\/#author","url":"https:\/\/anoticiaonline.com.br\/site\/author\/juliana\/","name":"Juliana Laviola","image":{"@type":"ImageObject","@id":"https:\/\/anoticiaonline.com.br\/site\/castracao-gratuita-de-caes-e-gatos-sera-feita-em-muriae-entre-os-dias-26-e-28\/#authorImage","url":"https:\/\/secure.gravatar.com\/avatar\/b8d45f5c699b100dfaf0e543582f38f38bf94cb7ae3a5e9abf8d891a34773335?s=96&d=mm&r=g","width":96,"height":96,"caption":"Juliana Laviola"}},{"@type":"WebPage","@id":"https:\/\/anoticiaonline.com.br\/site\/castracao-gratuita-de-caes-e-gatos-sera-feita-em-muriae-entre-os-dias-26-e-28\/#webpage","url":"https:\/\/anoticiaonline.com.br\/site\/castracao-gratuita-de-caes-e-gatos-sera-feita-em-muriae-entre-os-dias-26-e-28\/","name":"Castra\u00e7\u00e3o gratuita de c\u00e3es e gatos ser\u00e1 feita em Muria\u00e9 entre os dias 26 e 28 - A Not\u00edcia Online","description":"Muria\u00e9 ter\u00e1 um dia de mutir\u00e3o para castra\u00e7\u00f5es gratuitas de c\u00e3es e gatos. Entre os dias 26 e 28 deste m\u00eas, o \u201cCastra M\u00f3vel\u201d (\u00f4nibus adaptado para realizar cirurgias de esteriliza\u00e7\u00e3o destes animais) estar\u00e1 na cidade, no sagu\u00e3o do Centro Administrativo, a partir de 8 horas, para a realiza\u00e7\u00e3o do servi\u00e7o. As pessoas interessadas em","inLanguage":"pt-BR","isPartOf":{"@id":"https:\/\/anoticiaonline.com.br\/site\/#website"},"breadcrumb":{"@id":"https:\/\/anoticiaonline.com.br\/site\/castracao-gratuita-de-caes-e-gatos-sera-feita-em-muriae-entre-os-dias-26-e-28\/#breadcrumblist"},"author":{"@id":"https:\/\/anoticiaonline.com.br\/site\/author\/juliana\/#author"},"creator":{"@id":"https:\/\/anoticiaonline.com.br\/site\/author\/juliana\/#author"},"image":{"@type":"ImageObject","url":"https:\/\/anoticiaonline.com.br\/site\/wp-content\/uploads\/2016\/07\/foto.jpg","@id":"https:\/\/anoticiaonline.com.br\/site\/castracao-gratuita-de-caes-e-gatos-sera-feita-em-muriae-entre-os-dias-26-e-28\/#mainImage","width":600,"height":451},"primaryImageOfPage":{"@id":"https:\/\/anoticiaonline.com.br\/site\/castracao-gratuita-de-caes-e-gatos-sera-feita-em-muriae-entre-os-dias-26-e-28\/#mainImage"},"datePublished":"2016-07-14T10:16:06-03:00","dateModified":"2016-07-14T10:16:06-03:00"},{"@type":"WebSite","@id":"https:\/\/anoticiaonline.com.br\/site\/#website","url":"https:\/\/anoticiaonline.com.br\/site\/","name":"A Not\u00edcia Online","description":"Noticias de Muria\u00e9 e regi\u00e3o","inLanguage":"pt-BR","publisher":{"@id":"https:\/\/anoticiaonline.com.br\/site\/#organization"}}]},"og:locale":"pt_BR","og:site_name":"A Not\u00edcia Online - Noticias de Muria\u00e9 e regi\u00e3o","og:type":"article","og:title":"Castra\u00e7\u00e3o gratuita de c\u00e3es e gatos ser\u00e1 feita em Muria\u00e9 entre os dias 26 e 28 - A Not\u00edcia Online","og:description":"Muria\u00e9 ter\u00e1 um dia de mutir\u00e3o para castra\u00e7\u00f5es gratuitas de c\u00e3es e gatos. Entre os dias 26 e 28 deste m\u00eas, o \u201cCastra M\u00f3vel\u201d (\u00f4nibus adaptado para realizar cirurgias de esteriliza\u00e7\u00e3o destes animais) estar\u00e1 na cidade, no sagu\u00e3o do Centro Administrativo, a partir de 8 horas, para a realiza\u00e7\u00e3o do servi\u00e7o. As pessoas interessadas em","og:url":"https:\/\/anoticiaonline.com.br\/site\/castracao-gratuita-de-caes-e-gatos-sera-feita-em-muriae-entre-os-dias-26-e-28\/","og:image":"https:\/\/scontent-gig4-1.xx.fbcdn.net\/v\/t39.30808-1\/270437624_4564083193639691_6907940295614233970_n.jpg?stp=dst-jpg_s200x200_tt6&#038;_nc_cat=111&#038;ccb=1-7&#038;_nc_sid=f907e8&#038;_nc_ohc=SM1wRlP3lJwQ7kNvwEPuBYA&#038;_nc_oc=AdnqrjDN_BNjSSHWO-GbkIWH6fkGMLw4bqvL_NH6e2wMveX7G-rP2dAqsDSq1mJMOaY&#038;_nc_zt=24&#038;_nc_ht=scontent-gig4-1.xx&#038;_nc_gid=AoBFJeGrT1hVaew_6rchkQ&#038;oh=00_AfX7QmFGhQhG2jAllVgXCiM1ZrWgvtp80-Bfppyexh1QEg&#038;oe=689E923C","og:image:secure_url":"https:\/\/scontent-gig4-1.xx.fbcdn.net\/v\/t39.30808-1\/270437624_4564083193639691_6907940295614233970_n.jpg?stp=dst-jpg_s200x200_tt6&#038;_nc_cat=111&#038;ccb=1-7&#038;_nc_sid=f907e8&#038;_nc_ohc=SM1wRlP3lJwQ7kNvwEPuBYA&#038;_nc_oc=AdnqrjDN_BNjSSHWO-GbkIWH6fkGMLw4bqvL_NH6e2wMveX7G-rP2dAqsDSq1mJMOaY&#038;_nc_zt=24&#038;_nc_ht=scontent-gig4-1.xx&#038;_nc_gid=AoBFJeGrT1hVaew_6rchkQ&#038;oh=00_AfX7QmFGhQhG2jAllVgXCiM1ZrWgvtp80-Bfppyexh1QEg&#038;oe=689E923C","article:published_time":"2016-07-14T13:16:06+00:00","article:modified_time":"2016-07-14T13:16:06+00:00","twitter:card":"summary_large_image","twitter:title":"Castra\u00e7\u00e3o gratuita de c\u00e3es e gatos ser\u00e1 feita em Muria\u00e9 entre os dias 26 e 28 - A Not\u00edcia Online","twitter:description":"Muria\u00e9 ter\u00e1 um dia de mutir\u00e3o para castra\u00e7\u00f5es gratuitas de c\u00e3es e gatos. Entre os dias 26 e 28 deste m\u00eas, o \u201cCastra M\u00f3vel\u201d (\u00f4nibus adaptado para realizar cirurgias de esteriliza\u00e7\u00e3o destes animais) estar\u00e1 na cidade, no sagu\u00e3o do Centro Administrativo, a partir de 8 horas, para a realiza\u00e7\u00e3o do servi\u00e7o. As pessoas interessadas em","twitter:image":"https:\/\/scontent-gig4-1.xx.fbcdn.net\/v\/t39.30808-1\/270437624_4564083193639691_6907940295614233970_n.jpg?stp=dst-jpg_s200x200_tt6&_nc_cat=111&ccb=1-7&_nc_sid=f907e8&_nc_ohc=SM1wRlP3lJwQ7kNvwEPuBYA&_nc_oc=AdnqrjDN_BNjSSHWO-GbkIWH6fkGMLw4bqvL_NH6e2wMveX7G-rP2dAqsDSq1mJMOaY&_nc_zt=24&_nc_ht=scontent-gig4-1.xx&_nc_gid=AoBFJeGrT1hVaew_6rchkQ&oh=00_AfX7QmFGhQhG2jAllVgXCiM1ZrWgvtp80-Bfppyexh1QEg&oe=689E923C"},"aioseo_meta_data":{"post_id":"15098","title":null,"description":null,"keywords":null,"keyphrases":null,"primary_term":null,"canonical_url":null,"og_title":null,"og_description":null,"og_object_type":"default","og_image_type":"default","og_image_url":null,"og_image_width":null,"og_image_height":null,"og_image_custom_url":null,"og_image_custom_fields":null,"og_video":null,"og_custom_url":null,"og_article_section":null,"og_article_tags":null,"twitter_use_og":false,"twitter_card":"default","twitter_image_type":"default","twitter_image_url":null,"twitter_image_custom_url":null,"twitter_image_custom_fields":null,"twitter_title":null,"twitter_description":null,"schema":{"blockGraphs":[],"customGraphs":[],"default":{"data":{"Article":[],"Course":[],"Dataset":[],"FAQPage":[],"Movie":[],"Person":[],"Product":[],"ProductReview":[],"Car":[],"Recipe":[],"Service":[],"SoftwareApplication":[],"WebPage":[]},"graphName":"","isEnabled":true},"graphs":[]},"schema_type":"default","schema_type_options":null,"pillar_content":false,"robots_default":true,"robots_noindex":false,"robots_noarchive":false,"robots_nosnippet":false,"robots_nofollow":false,"robots_noimageindex":false,"robots_noodp":false,"robots_notranslate":false,"robots_max_snippet":null,"robots_max_videopreview":null,"robots_max_imagepreview":"large","priority":null,"frequency":null,"local_seo":null,"breadcrumb_settings":null,"limit_modified_date":false,"ai":null,"created":"2025-08-16 16:24:38","updated":"2025-08-16 16:24:38","focus_keyword":null,"additional_keywords":null,"truseo_locale":null,"seo_analyzer_scan_date":null},"aioseo_breadcrumb":"<div class=\"aioseo-breadcrumbs\"><span class=\"aioseo-breadcrumb\">\n\t\t\t<a href=\"https:\/\/anoticiaonline.com.br\/site\" title=\"Home\">Home<\/a>\n\t\t<\/span><span class=\"aioseo-breadcrumb-separator\">&raquo;<\/span><span class=\"aioseo-breadcrumb\">\n\t\t\t<a href=\"https:\/\/anoticiaonline.com.br\/site\/categoria\/muriae\/\" title=\"Blog\">Blog<\/a>\n\t\t<\/span><span class=\"aioseo-breadcrumb-separator\">&raquo;<\/span><span class=\"aioseo-breadcrumb\">\n\t\t\tCastra\u00e7\u00e3o gratuita de c\u00e3es e gatos ser\u00e1 feita em Muria\u00e9 entre os dias 26 e 28\n\t\t<\/span><\/div>","aioseo_breadcrumb_json":[{"label":"Home","link":"https:\/\/anoticiaonline.com.br\/site"},{"label":"Blog","link":"https:\/\/anoticiaonline.com.br\/site\/categoria\/muriae\/"},{"label":"Castra\u00e7\u00e3o gratuita de c\u00e3es e gatos ser\u00e1 feita em Muria\u00e9 entre os dias 26 e 28","link":"https:\/\/anoticiaonline.com.br\/site\/castracao-gratuita-de-caes-e-gatos-sera-feita-em-muriae-entre-os-dias-26-e-28\/"}],"views":342,"_links":{"self":[{"href":"https:\/\/anoticiaonline.com.br\/site\/wp-json\/wp\/v2\/posts\/15098","targetHints":{"allow":["GET"]}}],"collection":[{"href":"https:\/\/anoticiaonline.com.br\/site\/wp-json\/wp\/v2\/posts"}],"about":[{"href":"https:\/\/anoticiaonline.com.br\/site\/wp-json\/wp\/v2\/types\/post"}],"author":[{"embeddable":true,"href":"https:\/\/anoticiaonline.com.br\/site\/wp-json\/wp\/v2\/users\/2"}],"replies":[{"embeddable":true,"href":"https:\/\/anoticiaonline.com.br\/site\/wp-json\/wp\/v2\/comments?post=15098"}],"version-history":[{"count":0,"href":"https:\/\/anoticiaonline.com.br\/site\/wp-json\/wp\/v2\/posts\/15098\/revisions"}],"wp:featuredmedia":[{"embeddable":true,"href":"https:\/\/anoticiaonline.com.br\/site\/wp-json\/wp\/v2\/media\/15099"}],"wp:attachment":[{"href":"https:\/\/anoticiaonline.com.br\/site\/wp-json\/wp\/v2\/media?parent=15098"}],"wp:term":[{"taxonomy":"category","embeddable":true,"href":"https:\/\/anoticiaonline.com.br\/site\/wp-json\/wp\/v2\/categories?post=15098"},{"taxonomy":"post_tag","embeddable":true,"href":"https:\/\/anoticiaonline.com.br\/site\/wp-json\/wp\/v2\/tags?post=15098"}],"curies":[{"name":"wp","href":"https:\/\/api.w.org\/{rel}","templated":true}]}}