{"id":15077,"date":"2016-07-13T11:42:42","date_gmt":"2016-07-13T14:42:42","guid":{"rendered":"http:\/\/anoticiaonline.com.br\/site\/?p=15077"},"modified":"2016-07-13T11:47:52","modified_gmt":"2016-07-13T14:47:52","slug":"festival-de-inverno-e-fabel-acontecem-neste-final-de-semana-em-belisario","status":"publish","type":"post","link":"https:\/\/anoticiaonline.com.br\/site\/festival-de-inverno-e-fabel-acontecem-neste-final-de-semana-em-belisario\/","title":{"rendered":"Festival de Inverno e Fabel acontecem neste final de semana em Belis\u00e1rio"},"content":{"rendered":"<p><a href=\"https:\/\/anoticiaonline.com.br\/site\/wp-content\/uploads\/2016\/07\/Fabel1.jpg\"><img fetchpriority=\"high\" decoding=\"async\" class=\" size-medium wp-image-15080 alignleft\" src=\"https:\/\/anoticiaonline.com.br\/site\/wp-content\/uploads\/2016\/07\/Fabel1-300x273.jpg\" alt=\"Fabel\" width=\"300\" height=\"273\" srcset=\"https:\/\/anoticiaonline.com.br\/site\/wp-content\/uploads\/2016\/07\/Fabel1-300x273.jpg 300w, https:\/\/anoticiaonline.com.br\/site\/wp-content\/uploads\/2016\/07\/Fabel1.jpg 640w\" sizes=\"(max-width: 300px) 100vw, 300px\" \/><\/a>O primeiro Festival de Inverno e a 16\u00aa Feira da Amizade (Fabel) prometem agitar Belis\u00e1rio neste s\u00e1bado e domingo (16 e 17). A programa\u00e7\u00e3o inclui apresenta\u00e7\u00f5es de quadrilhas e de teatro, exibi\u00e7\u00e3o de filme e shows com Lauro Santiago e Banda, Carlos Magalh\u00e3es e Chico Lobo.<\/p>\n<p><strong>PROGRAMA\u00c7\u00c3O:<\/strong><br \/>\n<strong>S\u00e1bado (16):<\/strong><br \/>\n<strong>16h:<\/strong> Abertura da cinemateca da E. E. Pedro Vicente de Freitas \u2013 Polo de Audiovisual<br \/>\n<strong>17h:<\/strong> Exibi\u00e7\u00e3o do filme \u201cO Menino no Espelho\u201d<br \/>\n<strong>22h:<\/strong> Show com Lauro Santiago e Banda<br \/>\n<strong>0h:<\/strong> Show com Carlos Magalh\u00e3es<\/p>\n<p><strong>Domingo (17):<\/strong><br \/>\n<strong>15h:<\/strong> Apresenta\u00e7\u00e3o da Quadrilha da E. M. Professora Maria Am\u00e9lia Meireles Calais<br \/>\n<strong>15h30min:<\/strong> Apresenta\u00e7\u00e3o do Teatro Caipira da E. E. Pedro Vicente de Freitas \u2013 Casamento Caipira<br \/>\n<strong>16h:<\/strong> Apresenta\u00e7\u00e3o das Quadrilhas da E. E. Pedro Vicente de Freitas<br \/>\n<strong>17h:<\/strong> Apresenta\u00e7\u00e3o da Quadrilha da Terceira Idade de Ros\u00e1rio da Limeira<br \/>\n<strong>18h:<\/strong> Show com Chico Lobo<br \/>\n<strong>20h30min:<\/strong> Apresenta\u00e7\u00e3o dos violeiros de Belis\u00e1rio<\/p>\n","protected":false},"excerpt":{"rendered":"<p>O primeiro Festival de Inverno e a 16\u00aa Feira da Amizade (Fabel) prometem agitar Belis\u00e1rio neste s\u00e1bado e domingo (16 e 17). A programa\u00e7\u00e3o inclui apresenta\u00e7\u00f5es de quadrilhas e de teatro, exibi\u00e7\u00e3o de filme e shows com Lauro Santiago e Banda, Carlos Magalh\u00e3es e Chico Lobo. PROGRAMA\u00c7\u00c3O: S\u00e1bado (16): 16h: Abertura da cinemateca da E. &#8230; <a title=\"Festival de Inverno e Fabel acontecem neste final de semana em Belis\u00e1rio\" class=\"read-more\" href=\"https:\/\/anoticiaonline.com.br\/site\/festival-de-inverno-e-fabel-acontecem-neste-final-de-semana-em-belisario\/\" aria-label=\"Read more about Festival de Inverno e Fabel acontecem neste final de semana em Belis\u00e1rio\">Ler mais<\/a><\/p>\n","protected":false},"author":2,"featured_media":15080,"comment_status":"open","ping_status":"open","sticky":false,"template":"","format":"standard","meta":{"_acf_changed":false,"_monsterinsights_skip_tracking":false,"footnotes":""},"categories":[24],"tags":[3],"class_list":["post-15077","post","type-post","status-publish","format-standard","has-post-thumbnail","hentry","category-eventos","tag-slide"],"acf":[],"aioseo_notices":[],"aioseo_head":"\n\t\t<!-- All in One SEO 5.0.0.1 - aioseo.com -->\n\t<meta name=\"description\" content=\"O primeiro Festival de Inverno e a 16\u00aa Feira da Amizade (Fabel) prometem agitar Belis\u00e1rio neste s\u00e1bado e domingo (16 e 17). A programa\u00e7\u00e3o inclui apresenta\u00e7\u00f5es de quadrilhas e de teatro, exibi\u00e7\u00e3o de filme e shows com Lauro Santiago e Banda, Carlos Magalh\u00e3es e Chico Lobo. PROGRAMA\u00c7\u00c3O: S\u00e1bado (16): 16h: Abertura da cinemateca da E.\" \/>\n\t<meta name=\"robots\" content=\"max-image-preview:large\" \/>\n\t<meta name=\"author\" content=\"Juliana Laviola\"\/>\n\t<link rel=\"canonical\" href=\"https:\/\/anoticiaonline.com.br\/site\/festival-de-inverno-e-fabel-acontecem-neste-final-de-semana-em-belisario\/\" \/>\n\t<meta name=\"generator\" content=\"All in One SEO (AIOSEO) 5.0.0.1\" \/>\n\t\t<meta property=\"og:locale\" content=\"pt_BR\" \/>\n\t\t<meta property=\"og:site_name\" content=\"A Not\u00edcia Online - Noticias de Muria\u00e9 e regi\u00e3o\" \/>\n\t\t<meta property=\"og:type\" content=\"article\" \/>\n\t\t<meta property=\"og:title\" content=\"Festival de Inverno e Fabel acontecem neste final de semana em Belis\u00e1rio - A Not\u00edcia Online\" \/>\n\t\t<meta property=\"og:description\" content=\"O primeiro Festival de Inverno e a 16\u00aa Feira da Amizade (Fabel) prometem agitar Belis\u00e1rio neste s\u00e1bado e domingo (16 e 17). A programa\u00e7\u00e3o inclui apresenta\u00e7\u00f5es de quadrilhas e de teatro, exibi\u00e7\u00e3o de filme e shows com Lauro Santiago e Banda, Carlos Magalh\u00e3es e Chico Lobo. PROGRAMA\u00c7\u00c3O: S\u00e1bado (16): 16h: Abertura da cinemateca da E.\" \/>\n\t\t<meta property=\"og:url\" content=\"https:\/\/anoticiaonline.com.br\/site\/festival-de-inverno-e-fabel-acontecem-neste-final-de-semana-em-belisario\/\" \/>\n\t\t<meta property=\"og:image\" content=\"https:\/\/scontent-gig4-1.xx.fbcdn.net\/v\/t39.30808-1\/270437624_4564083193639691_6907940295614233970_n.jpg?stp=dst-jpg_s200x200_tt6&#038;_nc_cat=111&#038;ccb=1-7&#038;_nc_sid=f907e8&#038;_nc_ohc=SM1wRlP3lJwQ7kNvwEPuBYA&#038;_nc_oc=AdnqrjDN_BNjSSHWO-GbkIWH6fkGMLw4bqvL_NH6e2wMveX7G-rP2dAqsDSq1mJMOaY&#038;_nc_zt=24&#038;_nc_ht=scontent-gig4-1.xx&#038;_nc_gid=AoBFJeGrT1hVaew_6rchkQ&#038;oh=00_AfX7QmFGhQhG2jAllVgXCiM1ZrWgvtp80-Bfppyexh1QEg&#038;oe=689E923C\" \/>\n\t\t<meta property=\"og:image:secure_url\" content=\"https:\/\/scontent-gig4-1.xx.fbcdn.net\/v\/t39.30808-1\/270437624_4564083193639691_6907940295614233970_n.jpg?stp=dst-jpg_s200x200_tt6&#038;_nc_cat=111&#038;ccb=1-7&#038;_nc_sid=f907e8&#038;_nc_ohc=SM1wRlP3lJwQ7kNvwEPuBYA&#038;_nc_oc=AdnqrjDN_BNjSSHWO-GbkIWH6fkGMLw4bqvL_NH6e2wMveX7G-rP2dAqsDSq1mJMOaY&#038;_nc_zt=24&#038;_nc_ht=scontent-gig4-1.xx&#038;_nc_gid=AoBFJeGrT1hVaew_6rchkQ&#038;oh=00_AfX7QmFGhQhG2jAllVgXCiM1ZrWgvtp80-Bfppyexh1QEg&#038;oe=689E923C\" \/>\n\t\t<meta property=\"article:published_time\" content=\"2016-07-13T14:42:42+00:00\" \/>\n\t\t<meta property=\"article:modified_time\" content=\"2016-07-13T14:47:52+00:00\" \/>\n\t\t<meta name=\"twitter:card\" content=\"summary_large_image\" \/>\n\t\t<meta name=\"twitter:title\" content=\"Festival de Inverno e Fabel acontecem neste final de semana em Belis\u00e1rio - A Not\u00edcia Online\" \/>\n\t\t<meta name=\"twitter:description\" content=\"O primeiro Festival de Inverno e a 16\u00aa Feira da Amizade (Fabel) prometem agitar Belis\u00e1rio neste s\u00e1bado e domingo (16 e 17). A programa\u00e7\u00e3o inclui apresenta\u00e7\u00f5es de quadrilhas e de teatro, exibi\u00e7\u00e3o de filme e shows com Lauro Santiago e Banda, Carlos Magalh\u00e3es e Chico Lobo. PROGRAMA\u00c7\u00c3O: S\u00e1bado (16): 16h: Abertura da cinemateca da E.\" \/>\n\t\t<meta name=\"twitter:image\" content=\"https:\/\/scontent-gig4-1.xx.fbcdn.net\/v\/t39.30808-1\/270437624_4564083193639691_6907940295614233970_n.jpg?stp=dst-jpg_s200x200_tt6&amp;_nc_cat=111&amp;ccb=1-7&amp;_nc_sid=f907e8&amp;_nc_ohc=SM1wRlP3lJwQ7kNvwEPuBYA&amp;_nc_oc=AdnqrjDN_BNjSSHWO-GbkIWH6fkGMLw4bqvL_NH6e2wMveX7G-rP2dAqsDSq1mJMOaY&amp;_nc_zt=24&amp;_nc_ht=scontent-gig4-1.xx&amp;_nc_gid=AoBFJeGrT1hVaew_6rchkQ&amp;oh=00_AfX7QmFGhQhG2jAllVgXCiM1ZrWgvtp80-Bfppyexh1QEg&amp;oe=689E923C\" \/>\n\t\t<script type=\"application\/ld+json\" class=\"aioseo-schema\">\n\t\t\t{\"@context\":\"https:\\\/\\\/schema.org\",\"@graph\":[{\"@type\":\"BlogPosting\",\"@id\":\"https:\\\/\\\/anoticiaonline.com.br\\\/site\\\/festival-de-inverno-e-fabel-acontecem-neste-final-de-semana-em-belisario\\\/#blogposting\",\"name\":\"Festival de Inverno e Fabel acontecem neste final de semana em Belis\\u00e1rio - A Not\\u00edcia Online\",\"headline\":\"Festival de Inverno e Fabel acontecem neste final de semana em Belis\\u00e1rio\",\"author\":{\"@id\":\"https:\\\/\\\/anoticiaonline.com.br\\\/site\\\/author\\\/juliana\\\/#author\"},\"publisher\":{\"@id\":\"https:\\\/\\\/anoticiaonline.com.br\\\/site\\\/#organization\"},\"image\":{\"@type\":\"ImageObject\",\"url\":\"https:\\\/\\\/anoticiaonline.com.br\\\/site\\\/wp-content\\\/uploads\\\/2016\\\/07\\\/Fabel1.jpg\",\"width\":640,\"height\":582},\"datePublished\":\"2016-07-13T11:42:42-03:00\",\"dateModified\":\"2016-07-13T11:47:52-03:00\",\"inLanguage\":\"pt-BR\",\"mainEntityOfPage\":{\"@id\":\"https:\\\/\\\/anoticiaonline.com.br\\\/site\\\/festival-de-inverno-e-fabel-acontecem-neste-final-de-semana-em-belisario\\\/#webpage\"},\"isPartOf\":{\"@id\":\"https:\\\/\\\/anoticiaonline.com.br\\\/site\\\/festival-de-inverno-e-fabel-acontecem-neste-final-de-semana-em-belisario\\\/#webpage\"},\"articleSection\":\"Eventos, slide\"},{\"@type\":\"BreadcrumbList\",\"@id\":\"https:\\\/\\\/anoticiaonline.com.br\\\/site\\\/festival-de-inverno-e-fabel-acontecem-neste-final-de-semana-em-belisario\\\/#breadcrumblist\",\"itemListElement\":[{\"@type\":\"ListItem\",\"@id\":\"https:\\\/\\\/anoticiaonline.com.br\\\/site#listItem\",\"position\":1,\"name\":\"Home\",\"item\":\"https:\\\/\\\/anoticiaonline.com.br\\\/site\",\"nextItem\":{\"@type\":\"ListItem\",\"@id\":\"https:\\\/\\\/anoticiaonline.com.br\\\/site\\\/categoria\\\/eventos\\\/#listItem\",\"name\":\"Eventos\"}},{\"@type\":\"ListItem\",\"@id\":\"https:\\\/\\\/anoticiaonline.com.br\\\/site\\\/categoria\\\/eventos\\\/#listItem\",\"position\":2,\"name\":\"Eventos\",\"item\":\"https:\\\/\\\/anoticiaonline.com.br\\\/site\\\/categoria\\\/eventos\\\/\",\"nextItem\":{\"@type\":\"ListItem\",\"@id\":\"https:\\\/\\\/anoticiaonline.com.br\\\/site\\\/festival-de-inverno-e-fabel-acontecem-neste-final-de-semana-em-belisario\\\/#listItem\",\"name\":\"Festival de Inverno e Fabel acontecem neste final de semana em Belis\\u00e1rio\"},\"previousItem\":{\"@type\":\"ListItem\",\"@id\":\"https:\\\/\\\/anoticiaonline.com.br\\\/site#listItem\",\"name\":\"Home\"}},{\"@type\":\"ListItem\",\"@id\":\"https:\\\/\\\/anoticiaonline.com.br\\\/site\\\/festival-de-inverno-e-fabel-acontecem-neste-final-de-semana-em-belisario\\\/#listItem\",\"position\":3,\"name\":\"Festival de Inverno e Fabel acontecem neste final de semana em Belis\\u00e1rio\",\"previousItem\":{\"@type\":\"ListItem\",\"@id\":\"https:\\\/\\\/anoticiaonline.com.br\\\/site\\\/categoria\\\/eventos\\\/#listItem\",\"name\":\"Eventos\"}}]},{\"@type\":\"Organization\",\"@id\":\"https:\\\/\\\/anoticiaonline.com.br\\\/site\\\/#organization\",\"name\":\"A Not\\u00edcia Online\",\"description\":\"Noticias de Muria\\u00e9 e regi\\u00e3o\",\"url\":\"https:\\\/\\\/anoticiaonline.com.br\\\/site\\\/\",\"logo\":{\"@type\":\"ImageObject\",\"url\":\"https:\\\/\\\/scontent-gig4-1.xx.fbcdn.net\\\/v\\\/t39.30808-1\\\/270437624_4564083193639691_6907940295614233970_n.jpg?stp=dst-jpg_s200x200_tt6&_nc_cat=111&ccb=1-7&_nc_sid=f907e8&_nc_ohc=SM1wRlP3lJwQ7kNvwEPuBYA&_nc_oc=AdnqrjDN_BNjSSHWO-GbkIWH6fkGMLw4bqvL_NH6e2wMveX7G-rP2dAqsDSq1mJMOaY&_nc_zt=24&_nc_ht=scontent-gig4-1.xx&_nc_gid=AoBFJeGrT1hVaew_6rchkQ&oh=00_AfX7QmFGhQhG2jAllVgXCiM1ZrWgvtp80-Bfppyexh1QEg&oe=689E923C\",\"@id\":\"https:\\\/\\\/anoticiaonline.com.br\\\/site\\\/festival-de-inverno-e-fabel-acontecem-neste-final-de-semana-em-belisario\\\/#organizationLogo\"},\"image\":{\"@id\":\"https:\\\/\\\/anoticiaonline.com.br\\\/site\\\/festival-de-inverno-e-fabel-acontecem-neste-final-de-semana-em-belisario\\\/#organizationLogo\"}},{\"@type\":\"Person\",\"@id\":\"https:\\\/\\\/anoticiaonline.com.br\\\/site\\\/author\\\/juliana\\\/#author\",\"url\":\"https:\\\/\\\/anoticiaonline.com.br\\\/site\\\/author\\\/juliana\\\/\",\"name\":\"Juliana Laviola\",\"image\":{\"@type\":\"ImageObject\",\"@id\":\"https:\\\/\\\/anoticiaonline.com.br\\\/site\\\/festival-de-inverno-e-fabel-acontecem-neste-final-de-semana-em-belisario\\\/#authorImage\",\"url\":\"https:\\\/\\\/secure.gravatar.com\\\/avatar\\\/b8d45f5c699b100dfaf0e543582f38f38bf94cb7ae3a5e9abf8d891a34773335?s=96&d=mm&r=g\",\"width\":96,\"height\":96,\"caption\":\"Juliana Laviola\"}},{\"@type\":\"WebPage\",\"@id\":\"https:\\\/\\\/anoticiaonline.com.br\\\/site\\\/festival-de-inverno-e-fabel-acontecem-neste-final-de-semana-em-belisario\\\/#webpage\",\"url\":\"https:\\\/\\\/anoticiaonline.com.br\\\/site\\\/festival-de-inverno-e-fabel-acontecem-neste-final-de-semana-em-belisario\\\/\",\"name\":\"Festival de Inverno e Fabel acontecem neste final de semana em Belis\\u00e1rio - A Not\\u00edcia Online\",\"description\":\"O primeiro Festival de Inverno e a 16\\u00aa Feira da Amizade (Fabel) prometem agitar Belis\\u00e1rio neste s\\u00e1bado e domingo (16 e 17). A programa\\u00e7\\u00e3o inclui apresenta\\u00e7\\u00f5es de quadrilhas e de teatro, exibi\\u00e7\\u00e3o de filme e shows com Lauro Santiago e Banda, Carlos Magalh\\u00e3es e Chico Lobo. PROGRAMA\\u00c7\\u00c3O: S\\u00e1bado (16): 16h: Abertura da cinemateca da E.\",\"inLanguage\":\"pt-BR\",\"isPartOf\":{\"@id\":\"https:\\\/\\\/anoticiaonline.com.br\\\/site\\\/#website\"},\"breadcrumb\":{\"@id\":\"https:\\\/\\\/anoticiaonline.com.br\\\/site\\\/festival-de-inverno-e-fabel-acontecem-neste-final-de-semana-em-belisario\\\/#breadcrumblist\"},\"author\":{\"@id\":\"https:\\\/\\\/anoticiaonline.com.br\\\/site\\\/author\\\/juliana\\\/#author\"},\"creator\":{\"@id\":\"https:\\\/\\\/anoticiaonline.com.br\\\/site\\\/author\\\/juliana\\\/#author\"},\"image\":{\"@type\":\"ImageObject\",\"url\":\"https:\\\/\\\/anoticiaonline.com.br\\\/site\\\/wp-content\\\/uploads\\\/2016\\\/07\\\/Fabel1.jpg\",\"@id\":\"https:\\\/\\\/anoticiaonline.com.br\\\/site\\\/festival-de-inverno-e-fabel-acontecem-neste-final-de-semana-em-belisario\\\/#mainImage\",\"width\":640,\"height\":582},\"primaryImageOfPage\":{\"@id\":\"https:\\\/\\\/anoticiaonline.com.br\\\/site\\\/festival-de-inverno-e-fabel-acontecem-neste-final-de-semana-em-belisario\\\/#mainImage\"},\"datePublished\":\"2016-07-13T11:42:42-03:00\",\"dateModified\":\"2016-07-13T11:47:52-03:00\"},{\"@type\":\"WebSite\",\"@id\":\"https:\\\/\\\/anoticiaonline.com.br\\\/site\\\/#website\",\"url\":\"https:\\\/\\\/anoticiaonline.com.br\\\/site\\\/\",\"name\":\"A Not\\u00edcia Online\",\"description\":\"Noticias de Muria\\u00e9 e regi\\u00e3o\",\"inLanguage\":\"pt-BR\",\"publisher\":{\"@id\":\"https:\\\/\\\/anoticiaonline.com.br\\\/site\\\/#organization\"}}]}\n\t\t<\/script>\n\t\t<!-- All in One SEO -->\n\n","aioseo_head_json":{"title":"Festival de Inverno e Fabel acontecem neste final de semana em Belis\u00e1rio - A Not\u00edcia Online","description":"O primeiro Festival de Inverno e a 16\u00aa Feira da Amizade (Fabel) prometem agitar Belis\u00e1rio neste s\u00e1bado e domingo (16 e 17). A programa\u00e7\u00e3o inclui apresenta\u00e7\u00f5es de quadrilhas e de teatro, exibi\u00e7\u00e3o de filme e shows com Lauro Santiago e Banda, Carlos Magalh\u00e3es e Chico Lobo. PROGRAMA\u00c7\u00c3O: S\u00e1bado (16): 16h: Abertura da cinemateca da E.","canonical_url":"https:\/\/anoticiaonline.com.br\/site\/festival-de-inverno-e-fabel-acontecem-neste-final-de-semana-em-belisario\/","robots":"max-image-preview:large","keywords":"","webmasterTools":{"miscellaneous":""},"schema":{"@context":"https:\/\/schema.org","@graph":[{"@type":"BlogPosting","@id":"https:\/\/anoticiaonline.com.br\/site\/festival-de-inverno-e-fabel-acontecem-neste-final-de-semana-em-belisario\/#blogposting","name":"Festival de Inverno e Fabel acontecem neste final de semana em Belis\u00e1rio - A Not\u00edcia Online","headline":"Festival de Inverno e Fabel acontecem neste final de semana em Belis\u00e1rio","author":{"@id":"https:\/\/anoticiaonline.com.br\/site\/author\/juliana\/#author"},"publisher":{"@id":"https:\/\/anoticiaonline.com.br\/site\/#organization"},"image":{"@type":"ImageObject","url":"https:\/\/anoticiaonline.com.br\/site\/wp-content\/uploads\/2016\/07\/Fabel1.jpg","width":640,"height":582},"datePublished":"2016-07-13T11:42:42-03:00","dateModified":"2016-07-13T11:47:52-03:00","inLanguage":"pt-BR","mainEntityOfPage":{"@id":"https:\/\/anoticiaonline.com.br\/site\/festival-de-inverno-e-fabel-acontecem-neste-final-de-semana-em-belisario\/#webpage"},"isPartOf":{"@id":"https:\/\/anoticiaonline.com.br\/site\/festival-de-inverno-e-fabel-acontecem-neste-final-de-semana-em-belisario\/#webpage"},"articleSection":"Eventos, slide"},{"@type":"BreadcrumbList","@id":"https:\/\/anoticiaonline.com.br\/site\/festival-de-inverno-e-fabel-acontecem-neste-final-de-semana-em-belisario\/#breadcrumblist","itemListElement":[{"@type":"ListItem","@id":"https:\/\/anoticiaonline.com.br\/site#listItem","position":1,"name":"Home","item":"https:\/\/anoticiaonline.com.br\/site","nextItem":{"@type":"ListItem","@id":"https:\/\/anoticiaonline.com.br\/site\/categoria\/eventos\/#listItem","name":"Eventos"}},{"@type":"ListItem","@id":"https:\/\/anoticiaonline.com.br\/site\/categoria\/eventos\/#listItem","position":2,"name":"Eventos","item":"https:\/\/anoticiaonline.com.br\/site\/categoria\/eventos\/","nextItem":{"@type":"ListItem","@id":"https:\/\/anoticiaonline.com.br\/site\/festival-de-inverno-e-fabel-acontecem-neste-final-de-semana-em-belisario\/#listItem","name":"Festival de Inverno e Fabel acontecem neste final de semana em Belis\u00e1rio"},"previousItem":{"@type":"ListItem","@id":"https:\/\/anoticiaonline.com.br\/site#listItem","name":"Home"}},{"@type":"ListItem","@id":"https:\/\/anoticiaonline.com.br\/site\/festival-de-inverno-e-fabel-acontecem-neste-final-de-semana-em-belisario\/#listItem","position":3,"name":"Festival de Inverno e Fabel acontecem neste final de semana em Belis\u00e1rio","previousItem":{"@type":"ListItem","@id":"https:\/\/anoticiaonline.com.br\/site\/categoria\/eventos\/#listItem","name":"Eventos"}}]},{"@type":"Organization","@id":"https:\/\/anoticiaonline.com.br\/site\/#organization","name":"A Not\u00edcia Online","description":"Noticias de Muria\u00e9 e regi\u00e3o","url":"https:\/\/anoticiaonline.com.br\/site\/","logo":{"@type":"ImageObject","url":"https:\/\/scontent-gig4-1.xx.fbcdn.net\/v\/t39.30808-1\/270437624_4564083193639691_6907940295614233970_n.jpg?stp=dst-jpg_s200x200_tt6&_nc_cat=111&ccb=1-7&_nc_sid=f907e8&_nc_ohc=SM1wRlP3lJwQ7kNvwEPuBYA&_nc_oc=AdnqrjDN_BNjSSHWO-GbkIWH6fkGMLw4bqvL_NH6e2wMveX7G-rP2dAqsDSq1mJMOaY&_nc_zt=24&_nc_ht=scontent-gig4-1.xx&_nc_gid=AoBFJeGrT1hVaew_6rchkQ&oh=00_AfX7QmFGhQhG2jAllVgXCiM1ZrWgvtp80-Bfppyexh1QEg&oe=689E923C","@id":"https:\/\/anoticiaonline.com.br\/site\/festival-de-inverno-e-fabel-acontecem-neste-final-de-semana-em-belisario\/#organizationLogo"},"image":{"@id":"https:\/\/anoticiaonline.com.br\/site\/festival-de-inverno-e-fabel-acontecem-neste-final-de-semana-em-belisario\/#organizationLogo"}},{"@type":"Person","@id":"https:\/\/anoticiaonline.com.br\/site\/author\/juliana\/#author","url":"https:\/\/anoticiaonline.com.br\/site\/author\/juliana\/","name":"Juliana Laviola","image":{"@type":"ImageObject","@id":"https:\/\/anoticiaonline.com.br\/site\/festival-de-inverno-e-fabel-acontecem-neste-final-de-semana-em-belisario\/#authorImage","url":"https:\/\/secure.gravatar.com\/avatar\/b8d45f5c699b100dfaf0e543582f38f38bf94cb7ae3a5e9abf8d891a34773335?s=96&d=mm&r=g","width":96,"height":96,"caption":"Juliana Laviola"}},{"@type":"WebPage","@id":"https:\/\/anoticiaonline.com.br\/site\/festival-de-inverno-e-fabel-acontecem-neste-final-de-semana-em-belisario\/#webpage","url":"https:\/\/anoticiaonline.com.br\/site\/festival-de-inverno-e-fabel-acontecem-neste-final-de-semana-em-belisario\/","name":"Festival de Inverno e Fabel acontecem neste final de semana em Belis\u00e1rio - A Not\u00edcia Online","description":"O primeiro Festival de Inverno e a 16\u00aa Feira da Amizade (Fabel) prometem agitar Belis\u00e1rio neste s\u00e1bado e domingo (16 e 17). A programa\u00e7\u00e3o inclui apresenta\u00e7\u00f5es de quadrilhas e de teatro, exibi\u00e7\u00e3o de filme e shows com Lauro Santiago e Banda, Carlos Magalh\u00e3es e Chico Lobo. PROGRAMA\u00c7\u00c3O: S\u00e1bado (16): 16h: Abertura da cinemateca da E.","inLanguage":"pt-BR","isPartOf":{"@id":"https:\/\/anoticiaonline.com.br\/site\/#website"},"breadcrumb":{"@id":"https:\/\/anoticiaonline.com.br\/site\/festival-de-inverno-e-fabel-acontecem-neste-final-de-semana-em-belisario\/#breadcrumblist"},"author":{"@id":"https:\/\/anoticiaonline.com.br\/site\/author\/juliana\/#author"},"creator":{"@id":"https:\/\/anoticiaonline.com.br\/site\/author\/juliana\/#author"},"image":{"@type":"ImageObject","url":"https:\/\/anoticiaonline.com.br\/site\/wp-content\/uploads\/2016\/07\/Fabel1.jpg","@id":"https:\/\/anoticiaonline.com.br\/site\/festival-de-inverno-e-fabel-acontecem-neste-final-de-semana-em-belisario\/#mainImage","width":640,"height":582},"primaryImageOfPage":{"@id":"https:\/\/anoticiaonline.com.br\/site\/festival-de-inverno-e-fabel-acontecem-neste-final-de-semana-em-belisario\/#mainImage"},"datePublished":"2016-07-13T11:42:42-03:00","dateModified":"2016-07-13T11:47:52-03:00"},{"@type":"WebSite","@id":"https:\/\/anoticiaonline.com.br\/site\/#website","url":"https:\/\/anoticiaonline.com.br\/site\/","name":"A Not\u00edcia Online","description":"Noticias de Muria\u00e9 e regi\u00e3o","inLanguage":"pt-BR","publisher":{"@id":"https:\/\/anoticiaonline.com.br\/site\/#organization"}}]},"og:locale":"pt_BR","og:site_name":"A Not\u00edcia Online - Noticias de Muria\u00e9 e regi\u00e3o","og:type":"article","og:title":"Festival de Inverno e Fabel acontecem neste final de semana em Belis\u00e1rio - A Not\u00edcia Online","og:description":"O primeiro Festival de Inverno e a 16\u00aa Feira da Amizade (Fabel) prometem agitar Belis\u00e1rio neste s\u00e1bado e domingo (16 e 17). A programa\u00e7\u00e3o inclui apresenta\u00e7\u00f5es de quadrilhas e de teatro, exibi\u00e7\u00e3o de filme e shows com Lauro Santiago e Banda, Carlos Magalh\u00e3es e Chico Lobo. PROGRAMA\u00c7\u00c3O: S\u00e1bado (16): 16h: Abertura da cinemateca da E.","og:url":"https:\/\/anoticiaonline.com.br\/site\/festival-de-inverno-e-fabel-acontecem-neste-final-de-semana-em-belisario\/","og:image":"https:\/\/scontent-gig4-1.xx.fbcdn.net\/v\/t39.30808-1\/270437624_4564083193639691_6907940295614233970_n.jpg?stp=dst-jpg_s200x200_tt6&#038;_nc_cat=111&#038;ccb=1-7&#038;_nc_sid=f907e8&#038;_nc_ohc=SM1wRlP3lJwQ7kNvwEPuBYA&#038;_nc_oc=AdnqrjDN_BNjSSHWO-GbkIWH6fkGMLw4bqvL_NH6e2wMveX7G-rP2dAqsDSq1mJMOaY&#038;_nc_zt=24&#038;_nc_ht=scontent-gig4-1.xx&#038;_nc_gid=AoBFJeGrT1hVaew_6rchkQ&#038;oh=00_AfX7QmFGhQhG2jAllVgXCiM1ZrWgvtp80-Bfppyexh1QEg&#038;oe=689E923C","og:image:secure_url":"https:\/\/scontent-gig4-1.xx.fbcdn.net\/v\/t39.30808-1\/270437624_4564083193639691_6907940295614233970_n.jpg?stp=dst-jpg_s200x200_tt6&#038;_nc_cat=111&#038;ccb=1-7&#038;_nc_sid=f907e8&#038;_nc_ohc=SM1wRlP3lJwQ7kNvwEPuBYA&#038;_nc_oc=AdnqrjDN_BNjSSHWO-GbkIWH6fkGMLw4bqvL_NH6e2wMveX7G-rP2dAqsDSq1mJMOaY&#038;_nc_zt=24&#038;_nc_ht=scontent-gig4-1.xx&#038;_nc_gid=AoBFJeGrT1hVaew_6rchkQ&#038;oh=00_AfX7QmFGhQhG2jAllVgXCiM1ZrWgvtp80-Bfppyexh1QEg&#038;oe=689E923C","article:published_time":"2016-07-13T14:42:42+00:00","article:modified_time":"2016-07-13T14:47:52+00:00","twitter:card":"summary_large_image","twitter:title":"Festival de Inverno e Fabel acontecem neste final de semana em Belis\u00e1rio - A Not\u00edcia Online","twitter:description":"O primeiro Festival de Inverno e a 16\u00aa Feira da Amizade (Fabel) prometem agitar Belis\u00e1rio neste s\u00e1bado e domingo (16 e 17). A programa\u00e7\u00e3o inclui apresenta\u00e7\u00f5es de quadrilhas e de teatro, exibi\u00e7\u00e3o de filme e shows com Lauro Santiago e Banda, Carlos Magalh\u00e3es e Chico Lobo. PROGRAMA\u00c7\u00c3O: S\u00e1bado (16): 16h: Abertura da cinemateca da E.","twitter:image":"https:\/\/scontent-gig4-1.xx.fbcdn.net\/v\/t39.30808-1\/270437624_4564083193639691_6907940295614233970_n.jpg?stp=dst-jpg_s200x200_tt6&_nc_cat=111&ccb=1-7&_nc_sid=f907e8&_nc_ohc=SM1wRlP3lJwQ7kNvwEPuBYA&_nc_oc=AdnqrjDN_BNjSSHWO-GbkIWH6fkGMLw4bqvL_NH6e2wMveX7G-rP2dAqsDSq1mJMOaY&_nc_zt=24&_nc_ht=scontent-gig4-1.xx&_nc_gid=AoBFJeGrT1hVaew_6rchkQ&oh=00_AfX7QmFGhQhG2jAllVgXCiM1ZrWgvtp80-Bfppyexh1QEg&oe=689E923C"},"aioseo_meta_data":{"post_id":"15077","title":null,"description":null,"keywords":null,"keyphrases":null,"primary_term":null,"canonical_url":null,"og_title":null,"og_description":null,"og_object_type":"default","og_image_type":"default","og_image_url":null,"og_image_width":null,"og_image_height":null,"og_image_custom_url":null,"og_image_custom_fields":null,"og_video":null,"og_custom_url":null,"og_article_section":null,"og_article_tags":null,"twitter_use_og":false,"twitter_card":"default","twitter_image_type":"default","twitter_image_url":null,"twitter_image_custom_url":null,"twitter_image_custom_fields":null,"twitter_title":null,"twitter_description":null,"schema":{"blockGraphs":[],"customGraphs":[],"default":{"data":{"Article":[],"Course":[],"Dataset":[],"FAQPage":[],"Movie":[],"Person":[],"Product":[],"ProductReview":[],"Car":[],"Recipe":[],"Service":[],"SoftwareApplication":[],"WebPage":[]},"graphName":"","isEnabled":true},"graphs":[]},"schema_type":"default","schema_type_options":null,"pillar_content":false,"robots_default":true,"robots_noindex":false,"robots_noarchive":false,"robots_nosnippet":false,"robots_nofollow":false,"robots_noimageindex":false,"robots_noodp":false,"robots_notranslate":false,"robots_max_snippet":null,"robots_max_videopreview":null,"robots_max_imagepreview":"large","priority":null,"frequency":null,"local_seo":null,"breadcrumb_settings":null,"limit_modified_date":false,"ai":null,"created":"2025-08-16 16:24:38","updated":"2025-08-16 16:24:38","focus_keyword":null,"additional_keywords":null,"truseo_locale":null,"seo_analyzer_scan_date":null},"aioseo_breadcrumb":"<div class=\"aioseo-breadcrumbs\"><span class=\"aioseo-breadcrumb\">\n\t\t\t<a href=\"https:\/\/anoticiaonline.com.br\/site\" title=\"Home\">Home<\/a>\n\t\t<\/span><span class=\"aioseo-breadcrumb-separator\">&raquo;<\/span><span class=\"aioseo-breadcrumb\">\n\t\t\t<a href=\"https:\/\/anoticiaonline.com.br\/site\/categoria\/eventos\/\" title=\"Eventos\">Eventos<\/a>\n\t\t<\/span><span class=\"aioseo-breadcrumb-separator\">&raquo;<\/span><span class=\"aioseo-breadcrumb\">\n\t\t\tFestival de Inverno e Fabel acontecem neste final de semana em Belis\u00e1rio\n\t\t<\/span><\/div>","aioseo_breadcrumb_json":[{"label":"Home","link":"https:\/\/anoticiaonline.com.br\/site"},{"label":"Eventos","link":"https:\/\/anoticiaonline.com.br\/site\/categoria\/eventos\/"},{"label":"Festival de Inverno e Fabel acontecem neste final de semana em Belis\u00e1rio","link":"https:\/\/anoticiaonline.com.br\/site\/festival-de-inverno-e-fabel-acontecem-neste-final-de-semana-em-belisario\/"}],"views":134,"_links":{"self":[{"href":"https:\/\/anoticiaonline.com.br\/site\/wp-json\/wp\/v2\/posts\/15077","targetHints":{"allow":["GET"]}}],"collection":[{"href":"https:\/\/anoticiaonline.com.br\/site\/wp-json\/wp\/v2\/posts"}],"about":[{"href":"https:\/\/anoticiaonline.com.br\/site\/wp-json\/wp\/v2\/types\/post"}],"author":[{"embeddable":true,"href":"https:\/\/anoticiaonline.com.br\/site\/wp-json\/wp\/v2\/users\/2"}],"replies":[{"embeddable":true,"href":"https:\/\/anoticiaonline.com.br\/site\/wp-json\/wp\/v2\/comments?post=15077"}],"version-history":[{"count":0,"href":"https:\/\/anoticiaonline.com.br\/site\/wp-json\/wp\/v2\/posts\/15077\/revisions"}],"wp:featuredmedia":[{"embeddable":true,"href":"https:\/\/anoticiaonline.com.br\/site\/wp-json\/wp\/v2\/media\/15080"}],"wp:attachment":[{"href":"https:\/\/anoticiaonline.com.br\/site\/wp-json\/wp\/v2\/media?parent=15077"}],"wp:term":[{"taxonomy":"category","embeddable":true,"href":"https:\/\/anoticiaonline.com.br\/site\/wp-json\/wp\/v2\/categories?post=15077"},{"taxonomy":"post_tag","embeddable":true,"href":"https:\/\/anoticiaonline.com.br\/site\/wp-json\/wp\/v2\/tags?post=15077"}],"curies":[{"name":"wp","href":"https:\/\/api.w.org\/{rel}","templated":true}]}}