{"id":15012,"date":"2016-07-07T16:59:04","date_gmt":"2016-07-07T19:59:04","guid":{"rendered":"http:\/\/anoticiaonline.com.br\/site\/?p=15012"},"modified":"2016-07-07T17:01:45","modified_gmt":"2016-07-07T20:01:45","slug":"mestre-tailandes-ministra-seminario-de-muaythai-neste-sabado-em-muriae","status":"publish","type":"post","link":"https:\/\/anoticiaonline.com.br\/site\/mestre-tailandes-ministra-seminario-de-muaythai-neste-sabado-em-muriae\/","title":{"rendered":"Mestre tailand\u00eas ministra semin\u00e1rio de muaythai neste s\u00e1bado em Muria\u00e9"},"content":{"rendered":"<figure id=\"attachment_15013\" aria-describedby=\"caption-attachment-15013\" style=\"width: 290px\" class=\"wp-caption alignleft\"><a href=\"https:\/\/anoticiaonline.com.br\/site\/wp-content\/uploads\/2016\/07\/Gr\u00e3o-mestre-tailand\u00eas-de-Muaythai-ministra-semin\u00e1rio-em-Muria\u00e9.jpg\"><img decoding=\"async\" class=\"wp-image-15013 size-medium\" src=\"https:\/\/anoticiaonline.com.br\/site\/wp-content\/uploads\/2016\/07\/Gr\u00e3o-mestre-tailand\u00eas-de-Muaythai-ministra-semin\u00e1rio-em-Muria\u00e9-300x159.jpg\" alt=\"Pairojinoi (o primeiro da esquerda para a direita) durante semin\u00e1rio em Muria\u00e9 em 2015\" width=\"300\" height=\"159\" srcset=\"https:\/\/anoticiaonline.com.br\/site\/wp-content\/uploads\/2016\/07\/Gr\u00e3o-mestre-tailand\u00eas-de-Muaythai-ministra-semin\u00e1rio-em-Muria\u00e9-300x159.jpg 300w, https:\/\/anoticiaonline.com.br\/site\/wp-content\/uploads\/2016\/07\/Gr\u00e3o-mestre-tailand\u00eas-de-Muaythai-ministra-semin\u00e1rio-em-Muria\u00e9.jpg 640w\" sizes=\"(max-width: 300px) 100vw, 300px\" \/><\/a><figcaption id=\"caption-attachment-15013\" class=\"wp-caption-text\">Pairojinoi (o primeiro da esquerda para a direita) durante semin\u00e1rio em Muria\u00e9 em 2014<\/figcaption><\/figure>\n<p>O gr\u00e3o-mestre tailand\u00eas de muaythai, Pairojinoi, ministrar\u00e1 em Muria\u00e9, neste s\u00e1bado (9), um semin\u00e1rio t\u00e9cnico desta arte marcial. O evento, organizado pela Federa\u00e7\u00e3o de Muaythai Tradicional Mineira (FMTM), acontece na Academia Thai Fighters (cobertura do Shopping Vitrines), sede da Federa\u00e7\u00e3o, a partir das 9h.<\/p>\n<p>O mestre \u00e9 o presidente da PMIF (Pairojnoi Muaythai International Federation, na sigla em ingl\u00eas), entidade que visa padronizar o ensino do muaythai de forma pura, sem misturas ou influ\u00eancias de outras artes marciais.<\/p>\n<p>Pairojnoi, que viveu at\u00e9 os 36 anos de idade em um mosteiro, \u00e9 conhecido em toda a Tail\u00e2ndia (terra natal do muaythai) por ser o dono de tr\u00eas cintur\u00f5es de campe\u00e3o conquistados no Lumpinee Stadium (o maior gin\u00e1sio da Tail\u00e2ndia) \u2013 ganhou uma vez e defendeu o t\u00edtulo por duas vezes, conseguindo mant\u00ea-lo \u2013 e considerado uma \u201clenda viva\u201d do muaythai. Ele \u00e9 tamb\u00e9m protagonista da considerada \u201cLuta do S\u00e9culo\u201d pelos tailandeses e formador de um grande n\u00famero de campe\u00f5es naquele pa\u00eds. Tem mais de 400 lutas em sua carreira.<\/p>\n<p>A terceira edi\u00e7\u00e3o do Semin\u00e1rio Internacional de Muaythai ter\u00e1 dura\u00e7\u00e3o de seis horas e apresentar\u00e1 todas as t\u00e9cnicas da arte marcial tailandesa, especialmente cotoveladas, quedas, proje\u00e7\u00f5es, clinch, entre outros.<\/p>\n<p>Esta \u00e9 a terceira vez que Pairojnoi vem a Muria\u00e9. De acordo com o presidente da Federa\u00e7\u00e3o de Muaythai Mineira e secret\u00e1rio geral da PMF, Gilbert Almeida, a presen\u00e7a de Pairojnoi em Muria\u00e9 possibilita que os alunos \u201cbebam \u00e1gua direto da fonte\u201d. \u201cEle tem um grande curr\u00edculo e tem a mesma proje\u00e7\u00e3o na Tail\u00e2ndia que o Pel\u00e9 tem no Brasil, se formos comparar\u201d, afirma Gilbert.<\/p>\n","protected":false},"excerpt":{"rendered":"<p>O gr\u00e3o-mestre tailand\u00eas de muaythai, Pairojinoi, ministrar\u00e1 em Muria\u00e9, neste s\u00e1bado (9), um semin\u00e1rio t\u00e9cnico desta arte marcial. O evento, organizado pela Federa\u00e7\u00e3o de Muaythai Tradicional Mineira (FMTM), acontece na Academia Thai Fighters (cobertura do Shopping Vitrines), sede da Federa\u00e7\u00e3o, a partir das 9h. O mestre \u00e9 o presidente da PMIF (Pairojnoi Muaythai International Federation, &#8230; <a title=\"Mestre tailand\u00eas ministra semin\u00e1rio de muaythai neste s\u00e1bado em Muria\u00e9\" class=\"read-more\" href=\"https:\/\/anoticiaonline.com.br\/site\/mestre-tailandes-ministra-seminario-de-muaythai-neste-sabado-em-muriae\/\" aria-label=\"Read more about Mestre tailand\u00eas ministra semin\u00e1rio de muaythai neste s\u00e1bado em Muria\u00e9\">Ler mais<\/a><\/p>\n","protected":false},"author":2,"featured_media":15013,"comment_status":"open","ping_status":"open","sticky":false,"template":"","format":"standard","meta":{"_acf_changed":false,"_monsterinsights_skip_tracking":false,"footnotes":""},"categories":[29],"tags":[3],"class_list":["post-15012","post","type-post","status-publish","format-standard","has-post-thumbnail","hentry","category-esporte","tag-slide"],"acf":[],"aioseo_notices":[],"aioseo_head":"\n\t\t<!-- All in One SEO 5.0.0.1 - aioseo.com -->\n\t<meta name=\"description\" content=\"O gr\u00e3o-mestre tailand\u00eas de muaythai, Pairojinoi, ministrar\u00e1 em Muria\u00e9, neste s\u00e1bado (9), um semin\u00e1rio t\u00e9cnico desta arte marcial. O evento, organizado pela Federa\u00e7\u00e3o de Muaythai Tradicional Mineira (FMTM), acontece na Academia Thai Fighters (cobertura do Shopping Vitrines), sede da Federa\u00e7\u00e3o, a partir das 9h. O mestre \u00e9 o presidente da PMIF (Pairojnoi Muaythai International Federation,\" \/>\n\t<meta name=\"robots\" content=\"max-image-preview:large\" \/>\n\t<meta name=\"author\" content=\"Juliana Laviola\"\/>\n\t<link rel=\"canonical\" href=\"https:\/\/anoticiaonline.com.br\/site\/mestre-tailandes-ministra-seminario-de-muaythai-neste-sabado-em-muriae\/\" \/>\n\t<meta name=\"generator\" content=\"All in One SEO (AIOSEO) 5.0.0.1\" \/>\n\t\t<meta property=\"og:locale\" content=\"pt_BR\" \/>\n\t\t<meta property=\"og:site_name\" content=\"A Not\u00edcia Online - Noticias de Muria\u00e9 e regi\u00e3o\" \/>\n\t\t<meta property=\"og:type\" content=\"article\" \/>\n\t\t<meta property=\"og:title\" content=\"Mestre tailand\u00eas ministra semin\u00e1rio de muaythai neste s\u00e1bado em Muria\u00e9 - A Not\u00edcia Online\" \/>\n\t\t<meta property=\"og:description\" content=\"O gr\u00e3o-mestre tailand\u00eas de muaythai, Pairojinoi, ministrar\u00e1 em Muria\u00e9, neste s\u00e1bado (9), um semin\u00e1rio t\u00e9cnico desta arte marcial. O evento, organizado pela Federa\u00e7\u00e3o de Muaythai Tradicional Mineira (FMTM), acontece na Academia Thai Fighters (cobertura do Shopping Vitrines), sede da Federa\u00e7\u00e3o, a partir das 9h. O mestre \u00e9 o presidente da PMIF (Pairojnoi Muaythai International Federation,\" \/>\n\t\t<meta property=\"og:url\" content=\"https:\/\/anoticiaonline.com.br\/site\/mestre-tailandes-ministra-seminario-de-muaythai-neste-sabado-em-muriae\/\" \/>\n\t\t<meta property=\"og:image\" content=\"https:\/\/scontent-gig4-1.xx.fbcdn.net\/v\/t39.30808-1\/270437624_4564083193639691_6907940295614233970_n.jpg?stp=dst-jpg_s200x200_tt6&#038;_nc_cat=111&#038;ccb=1-7&#038;_nc_sid=f907e8&#038;_nc_ohc=SM1wRlP3lJwQ7kNvwEPuBYA&#038;_nc_oc=AdnqrjDN_BNjSSHWO-GbkIWH6fkGMLw4bqvL_NH6e2wMveX7G-rP2dAqsDSq1mJMOaY&#038;_nc_zt=24&#038;_nc_ht=scontent-gig4-1.xx&#038;_nc_gid=AoBFJeGrT1hVaew_6rchkQ&#038;oh=00_AfX7QmFGhQhG2jAllVgXCiM1ZrWgvtp80-Bfppyexh1QEg&#038;oe=689E923C\" \/>\n\t\t<meta property=\"og:image:secure_url\" content=\"https:\/\/scontent-gig4-1.xx.fbcdn.net\/v\/t39.30808-1\/270437624_4564083193639691_6907940295614233970_n.jpg?stp=dst-jpg_s200x200_tt6&#038;_nc_cat=111&#038;ccb=1-7&#038;_nc_sid=f907e8&#038;_nc_ohc=SM1wRlP3lJwQ7kNvwEPuBYA&#038;_nc_oc=AdnqrjDN_BNjSSHWO-GbkIWH6fkGMLw4bqvL_NH6e2wMveX7G-rP2dAqsDSq1mJMOaY&#038;_nc_zt=24&#038;_nc_ht=scontent-gig4-1.xx&#038;_nc_gid=AoBFJeGrT1hVaew_6rchkQ&#038;oh=00_AfX7QmFGhQhG2jAllVgXCiM1ZrWgvtp80-Bfppyexh1QEg&#038;oe=689E923C\" \/>\n\t\t<meta property=\"article:published_time\" content=\"2016-07-07T19:59:04+00:00\" \/>\n\t\t<meta property=\"article:modified_time\" content=\"2016-07-07T20:01:45+00:00\" \/>\n\t\t<meta name=\"twitter:card\" content=\"summary_large_image\" \/>\n\t\t<meta name=\"twitter:title\" content=\"Mestre tailand\u00eas ministra semin\u00e1rio de muaythai neste s\u00e1bado em Muria\u00e9 - A Not\u00edcia Online\" \/>\n\t\t<meta name=\"twitter:description\" content=\"O gr\u00e3o-mestre tailand\u00eas de muaythai, Pairojinoi, ministrar\u00e1 em Muria\u00e9, neste s\u00e1bado (9), um semin\u00e1rio t\u00e9cnico desta arte marcial. O evento, organizado pela Federa\u00e7\u00e3o de Muaythai Tradicional Mineira (FMTM), acontece na Academia Thai Fighters (cobertura do Shopping Vitrines), sede da Federa\u00e7\u00e3o, a partir das 9h. O mestre \u00e9 o presidente da PMIF (Pairojnoi Muaythai International Federation,\" \/>\n\t\t<meta name=\"twitter:image\" content=\"https:\/\/scontent-gig4-1.xx.fbcdn.net\/v\/t39.30808-1\/270437624_4564083193639691_6907940295614233970_n.jpg?stp=dst-jpg_s200x200_tt6&amp;_nc_cat=111&amp;ccb=1-7&amp;_nc_sid=f907e8&amp;_nc_ohc=SM1wRlP3lJwQ7kNvwEPuBYA&amp;_nc_oc=AdnqrjDN_BNjSSHWO-GbkIWH6fkGMLw4bqvL_NH6e2wMveX7G-rP2dAqsDSq1mJMOaY&amp;_nc_zt=24&amp;_nc_ht=scontent-gig4-1.xx&amp;_nc_gid=AoBFJeGrT1hVaew_6rchkQ&amp;oh=00_AfX7QmFGhQhG2jAllVgXCiM1ZrWgvtp80-Bfppyexh1QEg&amp;oe=689E923C\" \/>\n\t\t<script type=\"application\/ld+json\" class=\"aioseo-schema\">\n\t\t\t{\"@context\":\"https:\\\/\\\/schema.org\",\"@graph\":[{\"@type\":\"BlogPosting\",\"@id\":\"https:\\\/\\\/anoticiaonline.com.br\\\/site\\\/mestre-tailandes-ministra-seminario-de-muaythai-neste-sabado-em-muriae\\\/#blogposting\",\"name\":\"Mestre tailand\\u00eas ministra semin\\u00e1rio de muaythai neste s\\u00e1bado em Muria\\u00e9 - A Not\\u00edcia Online\",\"headline\":\"Mestre tailand\\u00eas ministra semin\\u00e1rio de muaythai neste s\\u00e1bado em Muria\\u00e9\",\"author\":{\"@id\":\"https:\\\/\\\/anoticiaonline.com.br\\\/site\\\/author\\\/juliana\\\/#author\"},\"publisher\":{\"@id\":\"https:\\\/\\\/anoticiaonline.com.br\\\/site\\\/#organization\"},\"image\":{\"@type\":\"ImageObject\",\"url\":\"https:\\\/\\\/anoticiaonline.com.br\\\/site\\\/wp-content\\\/uploads\\\/2016\\\/07\\\/Gr\\u00e3o-mestre-tailand\\u00eas-de-Muaythai-ministra-semin\\u00e1rio-em-Muria\\u00e9.jpg\",\"width\":640,\"height\":339,\"caption\":\"Pairojinoi (o primeiro da esquerda para a direita) durante semin\\u00e1rio em Muria\\u00e9 em 2015\"},\"datePublished\":\"2016-07-07T16:59:04-03:00\",\"dateModified\":\"2016-07-07T17:01:45-03:00\",\"inLanguage\":\"pt-BR\",\"mainEntityOfPage\":{\"@id\":\"https:\\\/\\\/anoticiaonline.com.br\\\/site\\\/mestre-tailandes-ministra-seminario-de-muaythai-neste-sabado-em-muriae\\\/#webpage\"},\"isPartOf\":{\"@id\":\"https:\\\/\\\/anoticiaonline.com.br\\\/site\\\/mestre-tailandes-ministra-seminario-de-muaythai-neste-sabado-em-muriae\\\/#webpage\"},\"articleSection\":\"Esporte, slide\"},{\"@type\":\"BreadcrumbList\",\"@id\":\"https:\\\/\\\/anoticiaonline.com.br\\\/site\\\/mestre-tailandes-ministra-seminario-de-muaythai-neste-sabado-em-muriae\\\/#breadcrumblist\",\"itemListElement\":[{\"@type\":\"ListItem\",\"@id\":\"https:\\\/\\\/anoticiaonline.com.br\\\/site#listItem\",\"position\":1,\"name\":\"Home\",\"item\":\"https:\\\/\\\/anoticiaonline.com.br\\\/site\",\"nextItem\":{\"@type\":\"ListItem\",\"@id\":\"https:\\\/\\\/anoticiaonline.com.br\\\/site\\\/categoria\\\/esporte\\\/#listItem\",\"name\":\"Esporte\"}},{\"@type\":\"ListItem\",\"@id\":\"https:\\\/\\\/anoticiaonline.com.br\\\/site\\\/categoria\\\/esporte\\\/#listItem\",\"position\":2,\"name\":\"Esporte\",\"item\":\"https:\\\/\\\/anoticiaonline.com.br\\\/site\\\/categoria\\\/esporte\\\/\",\"nextItem\":{\"@type\":\"ListItem\",\"@id\":\"https:\\\/\\\/anoticiaonline.com.br\\\/site\\\/mestre-tailandes-ministra-seminario-de-muaythai-neste-sabado-em-muriae\\\/#listItem\",\"name\":\"Mestre tailand\\u00eas ministra semin\\u00e1rio de muaythai neste s\\u00e1bado em Muria\\u00e9\"},\"previousItem\":{\"@type\":\"ListItem\",\"@id\":\"https:\\\/\\\/anoticiaonline.com.br\\\/site#listItem\",\"name\":\"Home\"}},{\"@type\":\"ListItem\",\"@id\":\"https:\\\/\\\/anoticiaonline.com.br\\\/site\\\/mestre-tailandes-ministra-seminario-de-muaythai-neste-sabado-em-muriae\\\/#listItem\",\"position\":3,\"name\":\"Mestre tailand\\u00eas ministra semin\\u00e1rio de muaythai neste s\\u00e1bado em Muria\\u00e9\",\"previousItem\":{\"@type\":\"ListItem\",\"@id\":\"https:\\\/\\\/anoticiaonline.com.br\\\/site\\\/categoria\\\/esporte\\\/#listItem\",\"name\":\"Esporte\"}}]},{\"@type\":\"Organization\",\"@id\":\"https:\\\/\\\/anoticiaonline.com.br\\\/site\\\/#organization\",\"name\":\"A Not\\u00edcia Online\",\"description\":\"Noticias de Muria\\u00e9 e regi\\u00e3o\",\"url\":\"https:\\\/\\\/anoticiaonline.com.br\\\/site\\\/\",\"logo\":{\"@type\":\"ImageObject\",\"url\":\"https:\\\/\\\/scontent-gig4-1.xx.fbcdn.net\\\/v\\\/t39.30808-1\\\/270437624_4564083193639691_6907940295614233970_n.jpg?stp=dst-jpg_s200x200_tt6&_nc_cat=111&ccb=1-7&_nc_sid=f907e8&_nc_ohc=SM1wRlP3lJwQ7kNvwEPuBYA&_nc_oc=AdnqrjDN_BNjSSHWO-GbkIWH6fkGMLw4bqvL_NH6e2wMveX7G-rP2dAqsDSq1mJMOaY&_nc_zt=24&_nc_ht=scontent-gig4-1.xx&_nc_gid=AoBFJeGrT1hVaew_6rchkQ&oh=00_AfX7QmFGhQhG2jAllVgXCiM1ZrWgvtp80-Bfppyexh1QEg&oe=689E923C\",\"@id\":\"https:\\\/\\\/anoticiaonline.com.br\\\/site\\\/mestre-tailandes-ministra-seminario-de-muaythai-neste-sabado-em-muriae\\\/#organizationLogo\"},\"image\":{\"@id\":\"https:\\\/\\\/anoticiaonline.com.br\\\/site\\\/mestre-tailandes-ministra-seminario-de-muaythai-neste-sabado-em-muriae\\\/#organizationLogo\"}},{\"@type\":\"Person\",\"@id\":\"https:\\\/\\\/anoticiaonline.com.br\\\/site\\\/author\\\/juliana\\\/#author\",\"url\":\"https:\\\/\\\/anoticiaonline.com.br\\\/site\\\/author\\\/juliana\\\/\",\"name\":\"Juliana Laviola\",\"image\":{\"@type\":\"ImageObject\",\"@id\":\"https:\\\/\\\/anoticiaonline.com.br\\\/site\\\/mestre-tailandes-ministra-seminario-de-muaythai-neste-sabado-em-muriae\\\/#authorImage\",\"url\":\"https:\\\/\\\/secure.gravatar.com\\\/avatar\\\/b8d45f5c699b100dfaf0e543582f38f38bf94cb7ae3a5e9abf8d891a34773335?s=96&d=mm&r=g\",\"width\":96,\"height\":96,\"caption\":\"Juliana Laviola\"}},{\"@type\":\"WebPage\",\"@id\":\"https:\\\/\\\/anoticiaonline.com.br\\\/site\\\/mestre-tailandes-ministra-seminario-de-muaythai-neste-sabado-em-muriae\\\/#webpage\",\"url\":\"https:\\\/\\\/anoticiaonline.com.br\\\/site\\\/mestre-tailandes-ministra-seminario-de-muaythai-neste-sabado-em-muriae\\\/\",\"name\":\"Mestre tailand\\u00eas ministra semin\\u00e1rio de muaythai neste s\\u00e1bado em Muria\\u00e9 - A Not\\u00edcia Online\",\"description\":\"O gr\\u00e3o-mestre tailand\\u00eas de muaythai, Pairojinoi, ministrar\\u00e1 em Muria\\u00e9, neste s\\u00e1bado (9), um semin\\u00e1rio t\\u00e9cnico desta arte marcial. O evento, organizado pela Federa\\u00e7\\u00e3o de Muaythai Tradicional Mineira (FMTM), acontece na Academia Thai Fighters (cobertura do Shopping Vitrines), sede da Federa\\u00e7\\u00e3o, a partir das 9h. O mestre \\u00e9 o presidente da PMIF (Pairojnoi Muaythai International Federation,\",\"inLanguage\":\"pt-BR\",\"isPartOf\":{\"@id\":\"https:\\\/\\\/anoticiaonline.com.br\\\/site\\\/#website\"},\"breadcrumb\":{\"@id\":\"https:\\\/\\\/anoticiaonline.com.br\\\/site\\\/mestre-tailandes-ministra-seminario-de-muaythai-neste-sabado-em-muriae\\\/#breadcrumblist\"},\"author\":{\"@id\":\"https:\\\/\\\/anoticiaonline.com.br\\\/site\\\/author\\\/juliana\\\/#author\"},\"creator\":{\"@id\":\"https:\\\/\\\/anoticiaonline.com.br\\\/site\\\/author\\\/juliana\\\/#author\"},\"image\":{\"@type\":\"ImageObject\",\"url\":\"https:\\\/\\\/anoticiaonline.com.br\\\/site\\\/wp-content\\\/uploads\\\/2016\\\/07\\\/Gr\\u00e3o-mestre-tailand\\u00eas-de-Muaythai-ministra-semin\\u00e1rio-em-Muria\\u00e9.jpg\",\"@id\":\"https:\\\/\\\/anoticiaonline.com.br\\\/site\\\/mestre-tailandes-ministra-seminario-de-muaythai-neste-sabado-em-muriae\\\/#mainImage\",\"width\":640,\"height\":339,\"caption\":\"Pairojinoi (o primeiro da esquerda para a direita) durante semin\\u00e1rio em Muria\\u00e9 em 2015\"},\"primaryImageOfPage\":{\"@id\":\"https:\\\/\\\/anoticiaonline.com.br\\\/site\\\/mestre-tailandes-ministra-seminario-de-muaythai-neste-sabado-em-muriae\\\/#mainImage\"},\"datePublished\":\"2016-07-07T16:59:04-03:00\",\"dateModified\":\"2016-07-07T17:01:45-03:00\"},{\"@type\":\"WebSite\",\"@id\":\"https:\\\/\\\/anoticiaonline.com.br\\\/site\\\/#website\",\"url\":\"https:\\\/\\\/anoticiaonline.com.br\\\/site\\\/\",\"name\":\"A Not\\u00edcia Online\",\"description\":\"Noticias de Muria\\u00e9 e regi\\u00e3o\",\"inLanguage\":\"pt-BR\",\"publisher\":{\"@id\":\"https:\\\/\\\/anoticiaonline.com.br\\\/site\\\/#organization\"}}]}\n\t\t<\/script>\n\t\t<!-- All in One SEO -->\n\n","aioseo_head_json":{"title":"Mestre tailand\u00eas ministra semin\u00e1rio de muaythai neste s\u00e1bado em Muria\u00e9 - A Not\u00edcia Online","description":"O gr\u00e3o-mestre tailand\u00eas de muaythai, Pairojinoi, ministrar\u00e1 em Muria\u00e9, neste s\u00e1bado (9), um semin\u00e1rio t\u00e9cnico desta arte marcial. O evento, organizado pela Federa\u00e7\u00e3o de Muaythai Tradicional Mineira (FMTM), acontece na Academia Thai Fighters (cobertura do Shopping Vitrines), sede da Federa\u00e7\u00e3o, a partir das 9h. O mestre \u00e9 o presidente da PMIF (Pairojnoi Muaythai International Federation,","canonical_url":"https:\/\/anoticiaonline.com.br\/site\/mestre-tailandes-ministra-seminario-de-muaythai-neste-sabado-em-muriae\/","robots":"max-image-preview:large","keywords":"","webmasterTools":{"miscellaneous":""},"schema":{"@context":"https:\/\/schema.org","@graph":[{"@type":"BlogPosting","@id":"https:\/\/anoticiaonline.com.br\/site\/mestre-tailandes-ministra-seminario-de-muaythai-neste-sabado-em-muriae\/#blogposting","name":"Mestre tailand\u00eas ministra semin\u00e1rio de muaythai neste s\u00e1bado em Muria\u00e9 - A Not\u00edcia Online","headline":"Mestre tailand\u00eas ministra semin\u00e1rio de muaythai neste s\u00e1bado em Muria\u00e9","author":{"@id":"https:\/\/anoticiaonline.com.br\/site\/author\/juliana\/#author"},"publisher":{"@id":"https:\/\/anoticiaonline.com.br\/site\/#organization"},"image":{"@type":"ImageObject","url":"https:\/\/anoticiaonline.com.br\/site\/wp-content\/uploads\/2016\/07\/Gr\u00e3o-mestre-tailand\u00eas-de-Muaythai-ministra-semin\u00e1rio-em-Muria\u00e9.jpg","width":640,"height":339,"caption":"Pairojinoi (o primeiro da esquerda para a direita) durante semin\u00e1rio em Muria\u00e9 em 2015"},"datePublished":"2016-07-07T16:59:04-03:00","dateModified":"2016-07-07T17:01:45-03:00","inLanguage":"pt-BR","mainEntityOfPage":{"@id":"https:\/\/anoticiaonline.com.br\/site\/mestre-tailandes-ministra-seminario-de-muaythai-neste-sabado-em-muriae\/#webpage"},"isPartOf":{"@id":"https:\/\/anoticiaonline.com.br\/site\/mestre-tailandes-ministra-seminario-de-muaythai-neste-sabado-em-muriae\/#webpage"},"articleSection":"Esporte, slide"},{"@type":"BreadcrumbList","@id":"https:\/\/anoticiaonline.com.br\/site\/mestre-tailandes-ministra-seminario-de-muaythai-neste-sabado-em-muriae\/#breadcrumblist","itemListElement":[{"@type":"ListItem","@id":"https:\/\/anoticiaonline.com.br\/site#listItem","position":1,"name":"Home","item":"https:\/\/anoticiaonline.com.br\/site","nextItem":{"@type":"ListItem","@id":"https:\/\/anoticiaonline.com.br\/site\/categoria\/esporte\/#listItem","name":"Esporte"}},{"@type":"ListItem","@id":"https:\/\/anoticiaonline.com.br\/site\/categoria\/esporte\/#listItem","position":2,"name":"Esporte","item":"https:\/\/anoticiaonline.com.br\/site\/categoria\/esporte\/","nextItem":{"@type":"ListItem","@id":"https:\/\/anoticiaonline.com.br\/site\/mestre-tailandes-ministra-seminario-de-muaythai-neste-sabado-em-muriae\/#listItem","name":"Mestre tailand\u00eas ministra semin\u00e1rio de muaythai neste s\u00e1bado em Muria\u00e9"},"previousItem":{"@type":"ListItem","@id":"https:\/\/anoticiaonline.com.br\/site#listItem","name":"Home"}},{"@type":"ListItem","@id":"https:\/\/anoticiaonline.com.br\/site\/mestre-tailandes-ministra-seminario-de-muaythai-neste-sabado-em-muriae\/#listItem","position":3,"name":"Mestre tailand\u00eas ministra semin\u00e1rio de muaythai neste s\u00e1bado em Muria\u00e9","previousItem":{"@type":"ListItem","@id":"https:\/\/anoticiaonline.com.br\/site\/categoria\/esporte\/#listItem","name":"Esporte"}}]},{"@type":"Organization","@id":"https:\/\/anoticiaonline.com.br\/site\/#organization","name":"A Not\u00edcia Online","description":"Noticias de Muria\u00e9 e regi\u00e3o","url":"https:\/\/anoticiaonline.com.br\/site\/","logo":{"@type":"ImageObject","url":"https:\/\/scontent-gig4-1.xx.fbcdn.net\/v\/t39.30808-1\/270437624_4564083193639691_6907940295614233970_n.jpg?stp=dst-jpg_s200x200_tt6&_nc_cat=111&ccb=1-7&_nc_sid=f907e8&_nc_ohc=SM1wRlP3lJwQ7kNvwEPuBYA&_nc_oc=AdnqrjDN_BNjSSHWO-GbkIWH6fkGMLw4bqvL_NH6e2wMveX7G-rP2dAqsDSq1mJMOaY&_nc_zt=24&_nc_ht=scontent-gig4-1.xx&_nc_gid=AoBFJeGrT1hVaew_6rchkQ&oh=00_AfX7QmFGhQhG2jAllVgXCiM1ZrWgvtp80-Bfppyexh1QEg&oe=689E923C","@id":"https:\/\/anoticiaonline.com.br\/site\/mestre-tailandes-ministra-seminario-de-muaythai-neste-sabado-em-muriae\/#organizationLogo"},"image":{"@id":"https:\/\/anoticiaonline.com.br\/site\/mestre-tailandes-ministra-seminario-de-muaythai-neste-sabado-em-muriae\/#organizationLogo"}},{"@type":"Person","@id":"https:\/\/anoticiaonline.com.br\/site\/author\/juliana\/#author","url":"https:\/\/anoticiaonline.com.br\/site\/author\/juliana\/","name":"Juliana Laviola","image":{"@type":"ImageObject","@id":"https:\/\/anoticiaonline.com.br\/site\/mestre-tailandes-ministra-seminario-de-muaythai-neste-sabado-em-muriae\/#authorImage","url":"https:\/\/secure.gravatar.com\/avatar\/b8d45f5c699b100dfaf0e543582f38f38bf94cb7ae3a5e9abf8d891a34773335?s=96&d=mm&r=g","width":96,"height":96,"caption":"Juliana Laviola"}},{"@type":"WebPage","@id":"https:\/\/anoticiaonline.com.br\/site\/mestre-tailandes-ministra-seminario-de-muaythai-neste-sabado-em-muriae\/#webpage","url":"https:\/\/anoticiaonline.com.br\/site\/mestre-tailandes-ministra-seminario-de-muaythai-neste-sabado-em-muriae\/","name":"Mestre tailand\u00eas ministra semin\u00e1rio de muaythai neste s\u00e1bado em Muria\u00e9 - A Not\u00edcia Online","description":"O gr\u00e3o-mestre tailand\u00eas de muaythai, Pairojinoi, ministrar\u00e1 em Muria\u00e9, neste s\u00e1bado (9), um semin\u00e1rio t\u00e9cnico desta arte marcial. O evento, organizado pela Federa\u00e7\u00e3o de Muaythai Tradicional Mineira (FMTM), acontece na Academia Thai Fighters (cobertura do Shopping Vitrines), sede da Federa\u00e7\u00e3o, a partir das 9h. O mestre \u00e9 o presidente da PMIF (Pairojnoi Muaythai International Federation,","inLanguage":"pt-BR","isPartOf":{"@id":"https:\/\/anoticiaonline.com.br\/site\/#website"},"breadcrumb":{"@id":"https:\/\/anoticiaonline.com.br\/site\/mestre-tailandes-ministra-seminario-de-muaythai-neste-sabado-em-muriae\/#breadcrumblist"},"author":{"@id":"https:\/\/anoticiaonline.com.br\/site\/author\/juliana\/#author"},"creator":{"@id":"https:\/\/anoticiaonline.com.br\/site\/author\/juliana\/#author"},"image":{"@type":"ImageObject","url":"https:\/\/anoticiaonline.com.br\/site\/wp-content\/uploads\/2016\/07\/Gr\u00e3o-mestre-tailand\u00eas-de-Muaythai-ministra-semin\u00e1rio-em-Muria\u00e9.jpg","@id":"https:\/\/anoticiaonline.com.br\/site\/mestre-tailandes-ministra-seminario-de-muaythai-neste-sabado-em-muriae\/#mainImage","width":640,"height":339,"caption":"Pairojinoi (o primeiro da esquerda para a direita) durante semin\u00e1rio em Muria\u00e9 em 2015"},"primaryImageOfPage":{"@id":"https:\/\/anoticiaonline.com.br\/site\/mestre-tailandes-ministra-seminario-de-muaythai-neste-sabado-em-muriae\/#mainImage"},"datePublished":"2016-07-07T16:59:04-03:00","dateModified":"2016-07-07T17:01:45-03:00"},{"@type":"WebSite","@id":"https:\/\/anoticiaonline.com.br\/site\/#website","url":"https:\/\/anoticiaonline.com.br\/site\/","name":"A Not\u00edcia Online","description":"Noticias de Muria\u00e9 e regi\u00e3o","inLanguage":"pt-BR","publisher":{"@id":"https:\/\/anoticiaonline.com.br\/site\/#organization"}}]},"og:locale":"pt_BR","og:site_name":"A Not\u00edcia Online - Noticias de Muria\u00e9 e regi\u00e3o","og:type":"article","og:title":"Mestre tailand\u00eas ministra semin\u00e1rio de muaythai neste s\u00e1bado em Muria\u00e9 - A Not\u00edcia Online","og:description":"O gr\u00e3o-mestre tailand\u00eas de muaythai, Pairojinoi, ministrar\u00e1 em Muria\u00e9, neste s\u00e1bado (9), um semin\u00e1rio t\u00e9cnico desta arte marcial. O evento, organizado pela Federa\u00e7\u00e3o de Muaythai Tradicional Mineira (FMTM), acontece na Academia Thai Fighters (cobertura do Shopping Vitrines), sede da Federa\u00e7\u00e3o, a partir das 9h. O mestre \u00e9 o presidente da PMIF (Pairojnoi Muaythai International Federation,","og:url":"https:\/\/anoticiaonline.com.br\/site\/mestre-tailandes-ministra-seminario-de-muaythai-neste-sabado-em-muriae\/","og:image":"https:\/\/scontent-gig4-1.xx.fbcdn.net\/v\/t39.30808-1\/270437624_4564083193639691_6907940295614233970_n.jpg?stp=dst-jpg_s200x200_tt6&#038;_nc_cat=111&#038;ccb=1-7&#038;_nc_sid=f907e8&#038;_nc_ohc=SM1wRlP3lJwQ7kNvwEPuBYA&#038;_nc_oc=AdnqrjDN_BNjSSHWO-GbkIWH6fkGMLw4bqvL_NH6e2wMveX7G-rP2dAqsDSq1mJMOaY&#038;_nc_zt=24&#038;_nc_ht=scontent-gig4-1.xx&#038;_nc_gid=AoBFJeGrT1hVaew_6rchkQ&#038;oh=00_AfX7QmFGhQhG2jAllVgXCiM1ZrWgvtp80-Bfppyexh1QEg&#038;oe=689E923C","og:image:secure_url":"https:\/\/scontent-gig4-1.xx.fbcdn.net\/v\/t39.30808-1\/270437624_4564083193639691_6907940295614233970_n.jpg?stp=dst-jpg_s200x200_tt6&#038;_nc_cat=111&#038;ccb=1-7&#038;_nc_sid=f907e8&#038;_nc_ohc=SM1wRlP3lJwQ7kNvwEPuBYA&#038;_nc_oc=AdnqrjDN_BNjSSHWO-GbkIWH6fkGMLw4bqvL_NH6e2wMveX7G-rP2dAqsDSq1mJMOaY&#038;_nc_zt=24&#038;_nc_ht=scontent-gig4-1.xx&#038;_nc_gid=AoBFJeGrT1hVaew_6rchkQ&#038;oh=00_AfX7QmFGhQhG2jAllVgXCiM1ZrWgvtp80-Bfppyexh1QEg&#038;oe=689E923C","article:published_time":"2016-07-07T19:59:04+00:00","article:modified_time":"2016-07-07T20:01:45+00:00","twitter:card":"summary_large_image","twitter:title":"Mestre tailand\u00eas ministra semin\u00e1rio de muaythai neste s\u00e1bado em Muria\u00e9 - A Not\u00edcia Online","twitter:description":"O gr\u00e3o-mestre tailand\u00eas de muaythai, Pairojinoi, ministrar\u00e1 em Muria\u00e9, neste s\u00e1bado (9), um semin\u00e1rio t\u00e9cnico desta arte marcial. O evento, organizado pela Federa\u00e7\u00e3o de Muaythai Tradicional Mineira (FMTM), acontece na Academia Thai Fighters (cobertura do Shopping Vitrines), sede da Federa\u00e7\u00e3o, a partir das 9h. O mestre \u00e9 o presidente da PMIF (Pairojnoi Muaythai International Federation,","twitter:image":"https:\/\/scontent-gig4-1.xx.fbcdn.net\/v\/t39.30808-1\/270437624_4564083193639691_6907940295614233970_n.jpg?stp=dst-jpg_s200x200_tt6&_nc_cat=111&ccb=1-7&_nc_sid=f907e8&_nc_ohc=SM1wRlP3lJwQ7kNvwEPuBYA&_nc_oc=AdnqrjDN_BNjSSHWO-GbkIWH6fkGMLw4bqvL_NH6e2wMveX7G-rP2dAqsDSq1mJMOaY&_nc_zt=24&_nc_ht=scontent-gig4-1.xx&_nc_gid=AoBFJeGrT1hVaew_6rchkQ&oh=00_AfX7QmFGhQhG2jAllVgXCiM1ZrWgvtp80-Bfppyexh1QEg&oe=689E923C"},"aioseo_meta_data":{"post_id":"15012","title":null,"description":null,"keywords":null,"keyphrases":null,"primary_term":null,"canonical_url":null,"og_title":null,"og_description":null,"og_object_type":"default","og_image_type":"default","og_image_url":null,"og_image_width":null,"og_image_height":null,"og_image_custom_url":null,"og_image_custom_fields":null,"og_video":null,"og_custom_url":null,"og_article_section":null,"og_article_tags":null,"twitter_use_og":false,"twitter_card":"default","twitter_image_type":"default","twitter_image_url":null,"twitter_image_custom_url":null,"twitter_image_custom_fields":null,"twitter_title":null,"twitter_description":null,"schema":{"blockGraphs":[],"customGraphs":[],"default":{"data":{"Article":[],"Course":[],"Dataset":[],"FAQPage":[],"Movie":[],"Person":[],"Product":[],"ProductReview":[],"Car":[],"Recipe":[],"Service":[],"SoftwareApplication":[],"WebPage":[]},"graphName":"","isEnabled":true},"graphs":[]},"schema_type":"default","schema_type_options":null,"pillar_content":false,"robots_default":true,"robots_noindex":false,"robots_noarchive":false,"robots_nosnippet":false,"robots_nofollow":false,"robots_noimageindex":false,"robots_noodp":false,"robots_notranslate":false,"robots_max_snippet":null,"robots_max_videopreview":null,"robots_max_imagepreview":"large","priority":null,"frequency":null,"local_seo":null,"breadcrumb_settings":null,"limit_modified_date":false,"ai":null,"created":"2025-08-16 16:22:39","updated":"2025-08-16 16:22:39","focus_keyword":null,"additional_keywords":null,"truseo_locale":null,"seo_analyzer_scan_date":null},"aioseo_breadcrumb":"<div class=\"aioseo-breadcrumbs\"><span class=\"aioseo-breadcrumb\">\n\t\t\t<a href=\"https:\/\/anoticiaonline.com.br\/site\" title=\"Home\">Home<\/a>\n\t\t<\/span><span class=\"aioseo-breadcrumb-separator\">&raquo;<\/span><span class=\"aioseo-breadcrumb\">\n\t\t\t<a href=\"https:\/\/anoticiaonline.com.br\/site\/categoria\/esporte\/\" title=\"Esporte\">Esporte<\/a>\n\t\t<\/span><span class=\"aioseo-breadcrumb-separator\">&raquo;<\/span><span class=\"aioseo-breadcrumb\">\n\t\t\tMestre tailand\u00eas ministra semin\u00e1rio de muaythai neste s\u00e1bado em Muria\u00e9\n\t\t<\/span><\/div>","aioseo_breadcrumb_json":[{"label":"Home","link":"https:\/\/anoticiaonline.com.br\/site"},{"label":"Esporte","link":"https:\/\/anoticiaonline.com.br\/site\/categoria\/esporte\/"},{"label":"Mestre tailand\u00eas ministra semin\u00e1rio de muaythai neste s\u00e1bado em Muria\u00e9","link":"https:\/\/anoticiaonline.com.br\/site\/mestre-tailandes-ministra-seminario-de-muaythai-neste-sabado-em-muriae\/"}],"views":123,"_links":{"self":[{"href":"https:\/\/anoticiaonline.com.br\/site\/wp-json\/wp\/v2\/posts\/15012","targetHints":{"allow":["GET"]}}],"collection":[{"href":"https:\/\/anoticiaonline.com.br\/site\/wp-json\/wp\/v2\/posts"}],"about":[{"href":"https:\/\/anoticiaonline.com.br\/site\/wp-json\/wp\/v2\/types\/post"}],"author":[{"embeddable":true,"href":"https:\/\/anoticiaonline.com.br\/site\/wp-json\/wp\/v2\/users\/2"}],"replies":[{"embeddable":true,"href":"https:\/\/anoticiaonline.com.br\/site\/wp-json\/wp\/v2\/comments?post=15012"}],"version-history":[{"count":0,"href":"https:\/\/anoticiaonline.com.br\/site\/wp-json\/wp\/v2\/posts\/15012\/revisions"}],"wp:featuredmedia":[{"embeddable":true,"href":"https:\/\/anoticiaonline.com.br\/site\/wp-json\/wp\/v2\/media\/15013"}],"wp:attachment":[{"href":"https:\/\/anoticiaonline.com.br\/site\/wp-json\/wp\/v2\/media?parent=15012"}],"wp:term":[{"taxonomy":"category","embeddable":true,"href":"https:\/\/anoticiaonline.com.br\/site\/wp-json\/wp\/v2\/categories?post=15012"},{"taxonomy":"post_tag","embeddable":true,"href":"https:\/\/anoticiaonline.com.br\/site\/wp-json\/wp\/v2\/tags?post=15012"}],"curies":[{"name":"wp","href":"https:\/\/api.w.org\/{rel}","templated":true}]}}