{"id":14977,"date":"2016-07-07T14:18:16","date_gmt":"2016-07-07T17:18:16","guid":{"rendered":"http:\/\/anoticiaonline.com.br\/site\/?p=14977"},"modified":"2016-07-07T14:18:16","modified_gmt":"2016-07-07T17:18:16","slug":"sociarte-44","status":"publish","type":"post","link":"https:\/\/anoticiaonline.com.br\/site\/sociarte-44\/","title":{"rendered":"Sociarte:"},"content":{"rendered":"<p><strong>Edi\u00e7\u00e3o 495, de 8 de julho de 2016<\/strong><\/p>\n<p>&nbsp;<\/p>\n<p>&nbsp;<\/p>\n<p><a href=\"https:\/\/anoticiaonline.com.br\/site\/wp-content\/uploads\/2016\/07\/Arrai\u00e1-do-Henrique.jpg\"><img fetchpriority=\"high\" decoding=\"async\" class=\"alignnone size-medium wp-image-14978\" src=\"https:\/\/anoticiaonline.com.br\/site\/wp-content\/uploads\/2016\/07\/Arrai\u00e1-do-Henrique-300x200.jpg\" alt=\"Arrai\u00e1 do Henrique\" width=\"300\" height=\"200\" srcset=\"https:\/\/anoticiaonline.com.br\/site\/wp-content\/uploads\/2016\/07\/Arrai\u00e1-do-Henrique-300x200.jpg 300w, https:\/\/anoticiaonline.com.br\/site\/wp-content\/uploads\/2016\/07\/Arrai\u00e1-do-Henrique-290x192.jpg 290w, https:\/\/anoticiaonline.com.br\/site\/wp-content\/uploads\/2016\/07\/Arrai\u00e1-do-Henrique.jpg 640w\" sizes=\"(max-width: 300px) 100vw, 300px\" \/><\/a><br \/>\n<strong>Arrai\u00e1 do Henrique<\/strong><\/p>\n<p>Em clima de S\u00e3o Jo\u00e3o foi comemorada a chegada da idade nova de Henrique Caetano Castro. O jovem, filho de Wilson Castro e Silvana, reuniu seus amigos e familiares para a festa, que aconteceu no dia 24 de junho, na ch\u00e1cara da fam\u00edlia, com todos a car\u00e1ter. Parab\u00e9ns, Henrique! (Foto Kennedy)<\/p>\n<p>&nbsp;<\/p>\n<p>&nbsp;<\/p>\n<p><a href=\"https:\/\/anoticiaonline.com.br\/site\/wp-content\/uploads\/2016\/07\/Batizado-de-Bruno.jpg\"><img decoding=\"async\" class=\"alignnone size-medium wp-image-14979\" src=\"https:\/\/anoticiaonline.com.br\/site\/wp-content\/uploads\/2016\/07\/Batizado-de-Bruno-246x300.jpg\" alt=\"Batizado de Bruno\" width=\"246\" height=\"300\" srcset=\"https:\/\/anoticiaonline.com.br\/site\/wp-content\/uploads\/2016\/07\/Batizado-de-Bruno-246x300.jpg 246w, https:\/\/anoticiaonline.com.br\/site\/wp-content\/uploads\/2016\/07\/Batizado-de-Bruno.jpg 525w\" sizes=\"(max-width: 246px) 100vw, 246px\" \/><\/a><br \/>\n<strong>Batizado de Bruno<\/strong><\/p>\n<p>Bruno Magalh\u00e3es Gusman, segundo filho do casal Tiago e Karina, recebeu o sacramento do Batismo durante cerim\u00f4nia realizada no domingo (3), na Par\u00f3quia S\u00e3o Paulo. Logo ap\u00f3s, foi servido um almo\u00e7o para padrinhos, familiares e amigos \u00edntimos na Casa de Festas Jo\u00e3o e Sinh\u00e1. Bruno tem como padrinhos Marcus Vin\u00edcius Fontaine e Ana Luiza Levate (Batismo), Rosane Gusman (Consagra\u00e7\u00e3o), Fernanda e Henrique Pollastri (Toalha) e Jo\u00e3o Vitor (Representa\u00e7\u00e3o). (Foto Kennedy)<\/p>\n<p>&nbsp;<\/p>\n<p>&nbsp;<\/p>\n<p><a href=\"https:\/\/anoticiaonline.com.br\/site\/wp-content\/uploads\/2016\/07\/Niver-de-Maria-Aparecida.jpg\"><img decoding=\"async\" class=\"alignnone size-medium wp-image-14980\" src=\"https:\/\/anoticiaonline.com.br\/site\/wp-content\/uploads\/2016\/07\/Niver-de-Maria-Aparecida-245x300.jpg\" alt=\"Niver de Maria Aparecida\" width=\"245\" height=\"300\" srcset=\"https:\/\/anoticiaonline.com.br\/site\/wp-content\/uploads\/2016\/07\/Niver-de-Maria-Aparecida-245x300.jpg 245w, https:\/\/anoticiaonline.com.br\/site\/wp-content\/uploads\/2016\/07\/Niver-de-Maria-Aparecida.jpg 522w\" sizes=\"(max-width: 245px) 100vw, 245px\" \/><\/a><br \/>\n<strong>Niver de Maria Aparecida<\/strong><\/p>\n<p>Maria Aparecida de Oliveira Marquito recebeu familiares em sua resid\u00eancia, no s\u00e1bado (2), para comemorar a chegada de seus 60 anos, que ser\u00e3o completados no dia 11. A aniversariante recebe os parab\u00e9ns dos filhos, Gabriela e Rafael, da nora Daiane e demais familiares. Muitos vivas para Maria Aparecida!<\/p>\n<p>&nbsp;<\/p>\n<p>&nbsp;<\/p>\n<p><a href=\"https:\/\/anoticiaonline.com.br\/site\/wp-content\/uploads\/2016\/07\/Quem-foi.jpg\"><img loading=\"lazy\" decoding=\"async\" class=\"alignnone size-medium wp-image-14981\" src=\"https:\/\/anoticiaonline.com.br\/site\/wp-content\/uploads\/2016\/07\/Quem-foi-225x300.jpg\" alt=\"Quem foi\" width=\"225\" height=\"300\" srcset=\"https:\/\/anoticiaonline.com.br\/site\/wp-content\/uploads\/2016\/07\/Quem-foi-225x300.jpg 225w, https:\/\/anoticiaonline.com.br\/site\/wp-content\/uploads\/2016\/07\/Quem-foi.jpg 480w\" sizes=\"(max-width: 225px) 100vw, 225px\" \/><\/a><br \/>\n<strong>Quem foi<\/strong><\/p>\n<p>O empres\u00e1rio Crist\u00f3v\u00e3o Jos\u00e9 Rabelo foi ao Pantanal entre os dias 26 de junho e 2 de julho. Acompanhado de amigos, Crist\u00f3v\u00e3o, que viaja ao Pantanal todos os anos, p\u00f4de curtir as belezas naturais daquela regi\u00e3o e fazer algo que \u00e9 um de seus hobbies: pescar.<\/p>\n<p>&nbsp;<\/p>\n<p>&nbsp;<\/p>\n<p><a href=\"https:\/\/anoticiaonline.com.br\/site\/wp-content\/uploads\/2016\/07\/14-anos-de-Isadora.jpg\"><img loading=\"lazy\" decoding=\"async\" class=\"alignnone size-medium wp-image-14982\" src=\"https:\/\/anoticiaonline.com.br\/site\/wp-content\/uploads\/2016\/07\/14-anos-de-Isadora-200x300.jpg\" alt=\"14 anos de Isadora\" width=\"200\" height=\"300\" srcset=\"https:\/\/anoticiaonline.com.br\/site\/wp-content\/uploads\/2016\/07\/14-anos-de-Isadora-200x300.jpg 200w, https:\/\/anoticiaonline.com.br\/site\/wp-content\/uploads\/2016\/07\/14-anos-de-Isadora.jpg 427w\" sizes=\"(max-width: 200px) 100vw, 200px\" \/><\/a><br \/>\n<strong>14 anos de Isadora<\/strong><\/p>\n<p>Os 14 anos de Isadora Henriques foram comemorados na segunda-feira (4), durante uma festa que teve como tema \u201cAnitta\u201d e foi realizada em sua resid\u00eancia, no bairro S\u00e3o Francisco. A aniversariante recebe os parab\u00e9ns dos pais, J\u00fanior Flores e Ana Paula e dos irm\u00e3os, Gabriela e Mateus. Felicidades mil, Isadora! (Foto Central)<\/p>\n<p>&nbsp;<\/p>\n<p>&nbsp;<\/p>\n<p><a href=\"https:\/\/anoticiaonline.com.br\/site\/wp-content\/uploads\/2016\/07\/2-anos-de-J\u00falia.jpg\"><img loading=\"lazy\" decoding=\"async\" class=\"alignnone size-medium wp-image-14983\" src=\"https:\/\/anoticiaonline.com.br\/site\/wp-content\/uploads\/2016\/07\/2-anos-de-J\u00falia-202x300.jpg\" alt=\"2 anos de J\u00falia\" width=\"202\" height=\"300\" srcset=\"https:\/\/anoticiaonline.com.br\/site\/wp-content\/uploads\/2016\/07\/2-anos-de-J\u00falia-202x300.jpg 202w, https:\/\/anoticiaonline.com.br\/site\/wp-content\/uploads\/2016\/07\/2-anos-de-J\u00falia.jpg 430w\" sizes=\"(max-width: 202px) 100vw, 202px\" \/><\/a><br \/>\n<strong>2 anos de J\u00falia<\/strong><\/p>\n<p>S\u00e1bado (2) foi dia de comemorar os 2 aninhos de J\u00falia Primo Madeira, primog\u00eanita do casal Claudinei Madeira e Joselaine Lima. A festa, que reuniu familiares e amiguinhos, foi realizada na Escola Municipal Cl\u00e9ria Ticon Carneiro, no bairro Santana. (Foto Central)<\/p>\n<p>&nbsp;<\/p>\n<p>&nbsp;<\/p>\n<p><a href=\"https:\/\/anoticiaonline.com.br\/site\/wp-content\/uploads\/2016\/07\/O-\u201csim\u201d-de-Carol-e-Gabriel.jpg\"><img loading=\"lazy\" decoding=\"async\" class=\"alignnone size-medium wp-image-14984\" src=\"https:\/\/anoticiaonline.com.br\/site\/wp-content\/uploads\/2016\/07\/O-\u201csim\u201d-de-Carol-e-Gabriel-300x275.jpg\" alt=\"O \u201csim\u201d de Carol e Gabriel\" width=\"300\" height=\"275\" srcset=\"https:\/\/anoticiaonline.com.br\/site\/wp-content\/uploads\/2016\/07\/O-\u201csim\u201d-de-Carol-e-Gabriel-300x275.jpg 300w, https:\/\/anoticiaonline.com.br\/site\/wp-content\/uploads\/2016\/07\/O-\u201csim\u201d-de-Carol-e-Gabriel.jpg 640w\" sizes=\"(max-width: 300px) 100vw, 300px\" \/><\/a><br \/>\n<strong>O \u201csim\u201d de Carol e Gabriel<\/strong><\/p>\n<p>Ana Caroline Placides e Gabriel Carvalho (Sancar Caminh\u00f5es) trocaram alian\u00e7as no s\u00e1bado (2), em cerim\u00f4nia realizada na Igreja Nossa Senhora do Divino Pranto. Logo ap\u00f3s, os noivos recepcionaram os convidados na Fazenda da Pedra. Ana Caroline \u00e9 filha de Walton Florentino da Cunha e de Rose Placides. O noivo \u00e9 filho de Eron Jos\u00e9 dos Santos Carvalho e Maria Concei\u00e7\u00e3o Aparecida Goulart Carvalho (Nem). Felicidades ao casal! (Arquivo pessoal\/Facebook)<\/p>\n","protected":false},"excerpt":{"rendered":"<p>Edi\u00e7\u00e3o 495, de 8 de julho de 2016 &nbsp; &nbsp; Arrai\u00e1 do Henrique Em clima de S\u00e3o Jo\u00e3o foi comemorada a chegada da idade nova de Henrique Caetano Castro. O jovem, filho de Wilson Castro e Silvana, reuniu seus amigos e familiares para a festa, que aconteceu no dia 24 de junho, na ch\u00e1cara da &#8230; <a title=\"Sociarte:\" class=\"read-more\" href=\"https:\/\/anoticiaonline.com.br\/site\/sociarte-44\/\" aria-label=\"Read more about Sociarte:\">Ler mais<\/a><\/p>\n","protected":false},"author":2,"featured_media":0,"comment_status":"open","ping_status":"open","sticky":false,"template":"","format":"standard","meta":{"_acf_changed":false,"_monsterinsights_skip_tracking":false,"footnotes":""},"categories":[38],"tags":[],"class_list":["post-14977","post","type-post","status-publish","format-standard","hentry","category-sociarte"],"acf":[],"aioseo_notices":[],"aioseo_head":"\n\t\t<!-- All in One SEO 5.0.0.1 - aioseo.com -->\n\t<meta name=\"description\" content=\"Edi\u00e7\u00e3o 495, de 8 de julho de 2016 Arrai\u00e1 do Henrique Em clima de S\u00e3o Jo\u00e3o foi comemorada a chegada da idade nova de Henrique Caetano Castro. O jovem, filho de Wilson Castro e Silvana, reuniu seus amigos e familiares para a festa, que aconteceu no dia 24 de junho, na ch\u00e1cara da\" \/>\n\t<meta name=\"robots\" content=\"max-image-preview:large\" \/>\n\t<meta name=\"author\" content=\"Juliana Laviola\"\/>\n\t<link rel=\"canonical\" href=\"https:\/\/anoticiaonline.com.br\/site\/sociarte-44\/\" \/>\n\t<meta name=\"generator\" content=\"All in One SEO (AIOSEO) 5.0.0.1\" \/>\n\t\t<meta property=\"og:locale\" content=\"pt_BR\" \/>\n\t\t<meta property=\"og:site_name\" content=\"A Not\u00edcia Online - Noticias de Muria\u00e9 e regi\u00e3o\" \/>\n\t\t<meta property=\"og:type\" content=\"article\" \/>\n\t\t<meta property=\"og:title\" content=\"Sociarte: - A Not\u00edcia Online\" \/>\n\t\t<meta property=\"og:description\" content=\"Edi\u00e7\u00e3o 495, de 8 de julho de 2016 Arrai\u00e1 do Henrique Em clima de S\u00e3o Jo\u00e3o foi comemorada a chegada da idade nova de Henrique Caetano Castro. O jovem, filho de Wilson Castro e Silvana, reuniu seus amigos e familiares para a festa, que aconteceu no dia 24 de junho, na ch\u00e1cara da\" \/>\n\t\t<meta property=\"og:url\" content=\"https:\/\/anoticiaonline.com.br\/site\/sociarte-44\/\" \/>\n\t\t<meta property=\"og:image\" content=\"https:\/\/scontent-gig4-1.xx.fbcdn.net\/v\/t39.30808-1\/270437624_4564083193639691_6907940295614233970_n.jpg?stp=dst-jpg_s200x200_tt6&#038;_nc_cat=111&#038;ccb=1-7&#038;_nc_sid=f907e8&#038;_nc_ohc=SM1wRlP3lJwQ7kNvwEPuBYA&#038;_nc_oc=AdnqrjDN_BNjSSHWO-GbkIWH6fkGMLw4bqvL_NH6e2wMveX7G-rP2dAqsDSq1mJMOaY&#038;_nc_zt=24&#038;_nc_ht=scontent-gig4-1.xx&#038;_nc_gid=AoBFJeGrT1hVaew_6rchkQ&#038;oh=00_AfX7QmFGhQhG2jAllVgXCiM1ZrWgvtp80-Bfppyexh1QEg&#038;oe=689E923C\" \/>\n\t\t<meta property=\"og:image:secure_url\" content=\"https:\/\/scontent-gig4-1.xx.fbcdn.net\/v\/t39.30808-1\/270437624_4564083193639691_6907940295614233970_n.jpg?stp=dst-jpg_s200x200_tt6&#038;_nc_cat=111&#038;ccb=1-7&#038;_nc_sid=f907e8&#038;_nc_ohc=SM1wRlP3lJwQ7kNvwEPuBYA&#038;_nc_oc=AdnqrjDN_BNjSSHWO-GbkIWH6fkGMLw4bqvL_NH6e2wMveX7G-rP2dAqsDSq1mJMOaY&#038;_nc_zt=24&#038;_nc_ht=scontent-gig4-1.xx&#038;_nc_gid=AoBFJeGrT1hVaew_6rchkQ&#038;oh=00_AfX7QmFGhQhG2jAllVgXCiM1ZrWgvtp80-Bfppyexh1QEg&#038;oe=689E923C\" \/>\n\t\t<meta property=\"article:published_time\" content=\"2016-07-07T17:18:16+00:00\" \/>\n\t\t<meta property=\"article:modified_time\" content=\"2016-07-07T17:18:16+00:00\" \/>\n\t\t<meta name=\"twitter:card\" content=\"summary_large_image\" \/>\n\t\t<meta name=\"twitter:title\" content=\"Sociarte: - A Not\u00edcia Online\" \/>\n\t\t<meta name=\"twitter:description\" content=\"Edi\u00e7\u00e3o 495, de 8 de julho de 2016 Arrai\u00e1 do Henrique Em clima de S\u00e3o Jo\u00e3o foi comemorada a chegada da idade nova de Henrique Caetano Castro. O jovem, filho de Wilson Castro e Silvana, reuniu seus amigos e familiares para a festa, que aconteceu no dia 24 de junho, na ch\u00e1cara da\" \/>\n\t\t<meta name=\"twitter:image\" content=\"https:\/\/scontent-gig4-1.xx.fbcdn.net\/v\/t39.30808-1\/270437624_4564083193639691_6907940295614233970_n.jpg?stp=dst-jpg_s200x200_tt6&amp;_nc_cat=111&amp;ccb=1-7&amp;_nc_sid=f907e8&amp;_nc_ohc=SM1wRlP3lJwQ7kNvwEPuBYA&amp;_nc_oc=AdnqrjDN_BNjSSHWO-GbkIWH6fkGMLw4bqvL_NH6e2wMveX7G-rP2dAqsDSq1mJMOaY&amp;_nc_zt=24&amp;_nc_ht=scontent-gig4-1.xx&amp;_nc_gid=AoBFJeGrT1hVaew_6rchkQ&amp;oh=00_AfX7QmFGhQhG2jAllVgXCiM1ZrWgvtp80-Bfppyexh1QEg&amp;oe=689E923C\" \/>\n\t\t<script type=\"application\/ld+json\" class=\"aioseo-schema\">\n\t\t\t{\"@context\":\"https:\\\/\\\/schema.org\",\"@graph\":[{\"@type\":\"BlogPosting\",\"@id\":\"https:\\\/\\\/anoticiaonline.com.br\\\/site\\\/sociarte-44\\\/#blogposting\",\"name\":\"Sociarte: - A Not\\u00edcia Online\",\"headline\":\"Sociarte:\",\"author\":{\"@id\":\"https:\\\/\\\/anoticiaonline.com.br\\\/site\\\/author\\\/juliana\\\/#author\"},\"publisher\":{\"@id\":\"https:\\\/\\\/anoticiaonline.com.br\\\/site\\\/#organization\"},\"image\":{\"@type\":\"ImageObject\",\"url\":\"http:\\\/\\\/anoticiaonline.com.br\\\/site\\\/wp-content\\\/uploads\\\/2016\\\/07\\\/Arrai\\u00e1-do-Henrique-300x200.jpg\",\"@id\":\"https:\\\/\\\/anoticiaonline.com.br\\\/site\\\/sociarte-44\\\/#articleImage\"},\"datePublished\":\"2016-07-07T14:18:16-03:00\",\"dateModified\":\"2016-07-07T14:18:16-03:00\",\"inLanguage\":\"pt-BR\",\"mainEntityOfPage\":{\"@id\":\"https:\\\/\\\/anoticiaonline.com.br\\\/site\\\/sociarte-44\\\/#webpage\"},\"isPartOf\":{\"@id\":\"https:\\\/\\\/anoticiaonline.com.br\\\/site\\\/sociarte-44\\\/#webpage\"},\"articleSection\":\"Sociarte\"},{\"@type\":\"BreadcrumbList\",\"@id\":\"https:\\\/\\\/anoticiaonline.com.br\\\/site\\\/sociarte-44\\\/#breadcrumblist\",\"itemListElement\":[{\"@type\":\"ListItem\",\"@id\":\"https:\\\/\\\/anoticiaonline.com.br\\\/site#listItem\",\"position\":1,\"name\":\"Home\",\"item\":\"https:\\\/\\\/anoticiaonline.com.br\\\/site\",\"nextItem\":{\"@type\":\"ListItem\",\"@id\":\"https:\\\/\\\/anoticiaonline.com.br\\\/site\\\/categoria\\\/colunistas\\\/#listItem\",\"name\":\"Colunistas\"}},{\"@type\":\"ListItem\",\"@id\":\"https:\\\/\\\/anoticiaonline.com.br\\\/site\\\/categoria\\\/colunistas\\\/#listItem\",\"position\":2,\"name\":\"Colunistas\",\"item\":\"https:\\\/\\\/anoticiaonline.com.br\\\/site\\\/categoria\\\/colunistas\\\/\",\"nextItem\":{\"@type\":\"ListItem\",\"@id\":\"https:\\\/\\\/anoticiaonline.com.br\\\/site\\\/categoria\\\/colunistas\\\/sociarte\\\/#listItem\",\"name\":\"Sociarte\"},\"previousItem\":{\"@type\":\"ListItem\",\"@id\":\"https:\\\/\\\/anoticiaonline.com.br\\\/site#listItem\",\"name\":\"Home\"}},{\"@type\":\"ListItem\",\"@id\":\"https:\\\/\\\/anoticiaonline.com.br\\\/site\\\/categoria\\\/colunistas\\\/sociarte\\\/#listItem\",\"position\":3,\"name\":\"Sociarte\",\"item\":\"https:\\\/\\\/anoticiaonline.com.br\\\/site\\\/categoria\\\/colunistas\\\/sociarte\\\/\",\"nextItem\":{\"@type\":\"ListItem\",\"@id\":\"https:\\\/\\\/anoticiaonline.com.br\\\/site\\\/sociarte-44\\\/#listItem\",\"name\":\"Sociarte:\"},\"previousItem\":{\"@type\":\"ListItem\",\"@id\":\"https:\\\/\\\/anoticiaonline.com.br\\\/site\\\/categoria\\\/colunistas\\\/#listItem\",\"name\":\"Colunistas\"}},{\"@type\":\"ListItem\",\"@id\":\"https:\\\/\\\/anoticiaonline.com.br\\\/site\\\/sociarte-44\\\/#listItem\",\"position\":4,\"name\":\"Sociarte:\",\"previousItem\":{\"@type\":\"ListItem\",\"@id\":\"https:\\\/\\\/anoticiaonline.com.br\\\/site\\\/categoria\\\/colunistas\\\/sociarte\\\/#listItem\",\"name\":\"Sociarte\"}}]},{\"@type\":\"Organization\",\"@id\":\"https:\\\/\\\/anoticiaonline.com.br\\\/site\\\/#organization\",\"name\":\"A Not\\u00edcia Online\",\"description\":\"Noticias de Muria\\u00e9 e regi\\u00e3o\",\"url\":\"https:\\\/\\\/anoticiaonline.com.br\\\/site\\\/\",\"logo\":{\"@type\":\"ImageObject\",\"url\":\"https:\\\/\\\/scontent-gig4-1.xx.fbcdn.net\\\/v\\\/t39.30808-1\\\/270437624_4564083193639691_6907940295614233970_n.jpg?stp=dst-jpg_s200x200_tt6&_nc_cat=111&ccb=1-7&_nc_sid=f907e8&_nc_ohc=SM1wRlP3lJwQ7kNvwEPuBYA&_nc_oc=AdnqrjDN_BNjSSHWO-GbkIWH6fkGMLw4bqvL_NH6e2wMveX7G-rP2dAqsDSq1mJMOaY&_nc_zt=24&_nc_ht=scontent-gig4-1.xx&_nc_gid=AoBFJeGrT1hVaew_6rchkQ&oh=00_AfX7QmFGhQhG2jAllVgXCiM1ZrWgvtp80-Bfppyexh1QEg&oe=689E923C\",\"@id\":\"https:\\\/\\\/anoticiaonline.com.br\\\/site\\\/sociarte-44\\\/#organizationLogo\"},\"image\":{\"@id\":\"https:\\\/\\\/anoticiaonline.com.br\\\/site\\\/sociarte-44\\\/#organizationLogo\"}},{\"@type\":\"Person\",\"@id\":\"https:\\\/\\\/anoticiaonline.com.br\\\/site\\\/author\\\/juliana\\\/#author\",\"url\":\"https:\\\/\\\/anoticiaonline.com.br\\\/site\\\/author\\\/juliana\\\/\",\"name\":\"Juliana Laviola\",\"image\":{\"@type\":\"ImageObject\",\"@id\":\"https:\\\/\\\/anoticiaonline.com.br\\\/site\\\/sociarte-44\\\/#authorImage\",\"url\":\"https:\\\/\\\/secure.gravatar.com\\\/avatar\\\/b8d45f5c699b100dfaf0e543582f38f38bf94cb7ae3a5e9abf8d891a34773335?s=96&d=mm&r=g\",\"width\":96,\"height\":96,\"caption\":\"Juliana Laviola\"}},{\"@type\":\"WebPage\",\"@id\":\"https:\\\/\\\/anoticiaonline.com.br\\\/site\\\/sociarte-44\\\/#webpage\",\"url\":\"https:\\\/\\\/anoticiaonline.com.br\\\/site\\\/sociarte-44\\\/\",\"name\":\"Sociarte: - A Not\\u00edcia Online\",\"description\":\"Edi\\u00e7\\u00e3o 495, de 8 de julho de 2016 Arrai\\u00e1 do Henrique Em clima de S\\u00e3o Jo\\u00e3o foi comemorada a chegada da idade nova de Henrique Caetano Castro. O jovem, filho de Wilson Castro e Silvana, reuniu seus amigos e familiares para a festa, que aconteceu no dia 24 de junho, na ch\\u00e1cara da\",\"inLanguage\":\"pt-BR\",\"isPartOf\":{\"@id\":\"https:\\\/\\\/anoticiaonline.com.br\\\/site\\\/#website\"},\"breadcrumb\":{\"@id\":\"https:\\\/\\\/anoticiaonline.com.br\\\/site\\\/sociarte-44\\\/#breadcrumblist\"},\"author\":{\"@id\":\"https:\\\/\\\/anoticiaonline.com.br\\\/site\\\/author\\\/juliana\\\/#author\"},\"creator\":{\"@id\":\"https:\\\/\\\/anoticiaonline.com.br\\\/site\\\/author\\\/juliana\\\/#author\"},\"datePublished\":\"2016-07-07T14:18:16-03:00\",\"dateModified\":\"2016-07-07T14:18:16-03:00\"},{\"@type\":\"WebSite\",\"@id\":\"https:\\\/\\\/anoticiaonline.com.br\\\/site\\\/#website\",\"url\":\"https:\\\/\\\/anoticiaonline.com.br\\\/site\\\/\",\"name\":\"A Not\\u00edcia Online\",\"description\":\"Noticias de Muria\\u00e9 e regi\\u00e3o\",\"inLanguage\":\"pt-BR\",\"publisher\":{\"@id\":\"https:\\\/\\\/anoticiaonline.com.br\\\/site\\\/#organization\"}}]}\n\t\t<\/script>\n\t\t<!-- All in One SEO -->\n\n","aioseo_head_json":{"title":"Sociarte: - A Not\u00edcia Online","description":"Edi\u00e7\u00e3o 495, de 8 de julho de 2016 Arrai\u00e1 do Henrique Em clima de S\u00e3o Jo\u00e3o foi comemorada a chegada da idade nova de Henrique Caetano Castro. O jovem, filho de Wilson Castro e Silvana, reuniu seus amigos e familiares para a festa, que aconteceu no dia 24 de junho, na ch\u00e1cara da","canonical_url":"https:\/\/anoticiaonline.com.br\/site\/sociarte-44\/","robots":"max-image-preview:large","keywords":"","webmasterTools":{"miscellaneous":""},"schema":{"@context":"https:\/\/schema.org","@graph":[{"@type":"BlogPosting","@id":"https:\/\/anoticiaonline.com.br\/site\/sociarte-44\/#blogposting","name":"Sociarte: - A Not\u00edcia Online","headline":"Sociarte:","author":{"@id":"https:\/\/anoticiaonline.com.br\/site\/author\/juliana\/#author"},"publisher":{"@id":"https:\/\/anoticiaonline.com.br\/site\/#organization"},"image":{"@type":"ImageObject","url":"http:\/\/anoticiaonline.com.br\/site\/wp-content\/uploads\/2016\/07\/Arrai\u00e1-do-Henrique-300x200.jpg","@id":"https:\/\/anoticiaonline.com.br\/site\/sociarte-44\/#articleImage"},"datePublished":"2016-07-07T14:18:16-03:00","dateModified":"2016-07-07T14:18:16-03:00","inLanguage":"pt-BR","mainEntityOfPage":{"@id":"https:\/\/anoticiaonline.com.br\/site\/sociarte-44\/#webpage"},"isPartOf":{"@id":"https:\/\/anoticiaonline.com.br\/site\/sociarte-44\/#webpage"},"articleSection":"Sociarte"},{"@type":"BreadcrumbList","@id":"https:\/\/anoticiaonline.com.br\/site\/sociarte-44\/#breadcrumblist","itemListElement":[{"@type":"ListItem","@id":"https:\/\/anoticiaonline.com.br\/site#listItem","position":1,"name":"Home","item":"https:\/\/anoticiaonline.com.br\/site","nextItem":{"@type":"ListItem","@id":"https:\/\/anoticiaonline.com.br\/site\/categoria\/colunistas\/#listItem","name":"Colunistas"}},{"@type":"ListItem","@id":"https:\/\/anoticiaonline.com.br\/site\/categoria\/colunistas\/#listItem","position":2,"name":"Colunistas","item":"https:\/\/anoticiaonline.com.br\/site\/categoria\/colunistas\/","nextItem":{"@type":"ListItem","@id":"https:\/\/anoticiaonline.com.br\/site\/categoria\/colunistas\/sociarte\/#listItem","name":"Sociarte"},"previousItem":{"@type":"ListItem","@id":"https:\/\/anoticiaonline.com.br\/site#listItem","name":"Home"}},{"@type":"ListItem","@id":"https:\/\/anoticiaonline.com.br\/site\/categoria\/colunistas\/sociarte\/#listItem","position":3,"name":"Sociarte","item":"https:\/\/anoticiaonline.com.br\/site\/categoria\/colunistas\/sociarte\/","nextItem":{"@type":"ListItem","@id":"https:\/\/anoticiaonline.com.br\/site\/sociarte-44\/#listItem","name":"Sociarte:"},"previousItem":{"@type":"ListItem","@id":"https:\/\/anoticiaonline.com.br\/site\/categoria\/colunistas\/#listItem","name":"Colunistas"}},{"@type":"ListItem","@id":"https:\/\/anoticiaonline.com.br\/site\/sociarte-44\/#listItem","position":4,"name":"Sociarte:","previousItem":{"@type":"ListItem","@id":"https:\/\/anoticiaonline.com.br\/site\/categoria\/colunistas\/sociarte\/#listItem","name":"Sociarte"}}]},{"@type":"Organization","@id":"https:\/\/anoticiaonline.com.br\/site\/#organization","name":"A Not\u00edcia Online","description":"Noticias de Muria\u00e9 e regi\u00e3o","url":"https:\/\/anoticiaonline.com.br\/site\/","logo":{"@type":"ImageObject","url":"https:\/\/scontent-gig4-1.xx.fbcdn.net\/v\/t39.30808-1\/270437624_4564083193639691_6907940295614233970_n.jpg?stp=dst-jpg_s200x200_tt6&_nc_cat=111&ccb=1-7&_nc_sid=f907e8&_nc_ohc=SM1wRlP3lJwQ7kNvwEPuBYA&_nc_oc=AdnqrjDN_BNjSSHWO-GbkIWH6fkGMLw4bqvL_NH6e2wMveX7G-rP2dAqsDSq1mJMOaY&_nc_zt=24&_nc_ht=scontent-gig4-1.xx&_nc_gid=AoBFJeGrT1hVaew_6rchkQ&oh=00_AfX7QmFGhQhG2jAllVgXCiM1ZrWgvtp80-Bfppyexh1QEg&oe=689E923C","@id":"https:\/\/anoticiaonline.com.br\/site\/sociarte-44\/#organizationLogo"},"image":{"@id":"https:\/\/anoticiaonline.com.br\/site\/sociarte-44\/#organizationLogo"}},{"@type":"Person","@id":"https:\/\/anoticiaonline.com.br\/site\/author\/juliana\/#author","url":"https:\/\/anoticiaonline.com.br\/site\/author\/juliana\/","name":"Juliana Laviola","image":{"@type":"ImageObject","@id":"https:\/\/anoticiaonline.com.br\/site\/sociarte-44\/#authorImage","url":"https:\/\/secure.gravatar.com\/avatar\/b8d45f5c699b100dfaf0e543582f38f38bf94cb7ae3a5e9abf8d891a34773335?s=96&d=mm&r=g","width":96,"height":96,"caption":"Juliana Laviola"}},{"@type":"WebPage","@id":"https:\/\/anoticiaonline.com.br\/site\/sociarte-44\/#webpage","url":"https:\/\/anoticiaonline.com.br\/site\/sociarte-44\/","name":"Sociarte: - A Not\u00edcia Online","description":"Edi\u00e7\u00e3o 495, de 8 de julho de 2016 Arrai\u00e1 do Henrique Em clima de S\u00e3o Jo\u00e3o foi comemorada a chegada da idade nova de Henrique Caetano Castro. O jovem, filho de Wilson Castro e Silvana, reuniu seus amigos e familiares para a festa, que aconteceu no dia 24 de junho, na ch\u00e1cara da","inLanguage":"pt-BR","isPartOf":{"@id":"https:\/\/anoticiaonline.com.br\/site\/#website"},"breadcrumb":{"@id":"https:\/\/anoticiaonline.com.br\/site\/sociarte-44\/#breadcrumblist"},"author":{"@id":"https:\/\/anoticiaonline.com.br\/site\/author\/juliana\/#author"},"creator":{"@id":"https:\/\/anoticiaonline.com.br\/site\/author\/juliana\/#author"},"datePublished":"2016-07-07T14:18:16-03:00","dateModified":"2016-07-07T14:18:16-03:00"},{"@type":"WebSite","@id":"https:\/\/anoticiaonline.com.br\/site\/#website","url":"https:\/\/anoticiaonline.com.br\/site\/","name":"A Not\u00edcia Online","description":"Noticias de Muria\u00e9 e regi\u00e3o","inLanguage":"pt-BR","publisher":{"@id":"https:\/\/anoticiaonline.com.br\/site\/#organization"}}]},"og:locale":"pt_BR","og:site_name":"A Not\u00edcia Online - Noticias de Muria\u00e9 e regi\u00e3o","og:type":"article","og:title":"Sociarte: - A Not\u00edcia Online","og:description":"Edi\u00e7\u00e3o 495, de 8 de julho de 2016 Arrai\u00e1 do Henrique Em clima de S\u00e3o Jo\u00e3o foi comemorada a chegada da idade nova de Henrique Caetano Castro. O jovem, filho de Wilson Castro e Silvana, reuniu seus amigos e familiares para a festa, que aconteceu no dia 24 de junho, na ch\u00e1cara da","og:url":"https:\/\/anoticiaonline.com.br\/site\/sociarte-44\/","og:image":"https:\/\/scontent-gig4-1.xx.fbcdn.net\/v\/t39.30808-1\/270437624_4564083193639691_6907940295614233970_n.jpg?stp=dst-jpg_s200x200_tt6&#038;_nc_cat=111&#038;ccb=1-7&#038;_nc_sid=f907e8&#038;_nc_ohc=SM1wRlP3lJwQ7kNvwEPuBYA&#038;_nc_oc=AdnqrjDN_BNjSSHWO-GbkIWH6fkGMLw4bqvL_NH6e2wMveX7G-rP2dAqsDSq1mJMOaY&#038;_nc_zt=24&#038;_nc_ht=scontent-gig4-1.xx&#038;_nc_gid=AoBFJeGrT1hVaew_6rchkQ&#038;oh=00_AfX7QmFGhQhG2jAllVgXCiM1ZrWgvtp80-Bfppyexh1QEg&#038;oe=689E923C","og:image:secure_url":"https:\/\/scontent-gig4-1.xx.fbcdn.net\/v\/t39.30808-1\/270437624_4564083193639691_6907940295614233970_n.jpg?stp=dst-jpg_s200x200_tt6&#038;_nc_cat=111&#038;ccb=1-7&#038;_nc_sid=f907e8&#038;_nc_ohc=SM1wRlP3lJwQ7kNvwEPuBYA&#038;_nc_oc=AdnqrjDN_BNjSSHWO-GbkIWH6fkGMLw4bqvL_NH6e2wMveX7G-rP2dAqsDSq1mJMOaY&#038;_nc_zt=24&#038;_nc_ht=scontent-gig4-1.xx&#038;_nc_gid=AoBFJeGrT1hVaew_6rchkQ&#038;oh=00_AfX7QmFGhQhG2jAllVgXCiM1ZrWgvtp80-Bfppyexh1QEg&#038;oe=689E923C","article:published_time":"2016-07-07T17:18:16+00:00","article:modified_time":"2016-07-07T17:18:16+00:00","twitter:card":"summary_large_image","twitter:title":"Sociarte: - A Not\u00edcia Online","twitter:description":"Edi\u00e7\u00e3o 495, de 8 de julho de 2016 Arrai\u00e1 do Henrique Em clima de S\u00e3o Jo\u00e3o foi comemorada a chegada da idade nova de Henrique Caetano Castro. O jovem, filho de Wilson Castro e Silvana, reuniu seus amigos e familiares para a festa, que aconteceu no dia 24 de junho, na ch\u00e1cara da","twitter:image":"https:\/\/scontent-gig4-1.xx.fbcdn.net\/v\/t39.30808-1\/270437624_4564083193639691_6907940295614233970_n.jpg?stp=dst-jpg_s200x200_tt6&_nc_cat=111&ccb=1-7&_nc_sid=f907e8&_nc_ohc=SM1wRlP3lJwQ7kNvwEPuBYA&_nc_oc=AdnqrjDN_BNjSSHWO-GbkIWH6fkGMLw4bqvL_NH6e2wMveX7G-rP2dAqsDSq1mJMOaY&_nc_zt=24&_nc_ht=scontent-gig4-1.xx&_nc_gid=AoBFJeGrT1hVaew_6rchkQ&oh=00_AfX7QmFGhQhG2jAllVgXCiM1ZrWgvtp80-Bfppyexh1QEg&oe=689E923C"},"aioseo_meta_data":{"post_id":"14977","title":null,"description":null,"keywords":null,"keyphrases":null,"primary_term":null,"canonical_url":null,"og_title":null,"og_description":null,"og_object_type":"default","og_image_type":"default","og_image_url":null,"og_image_width":null,"og_image_height":null,"og_image_custom_url":null,"og_image_custom_fields":null,"og_video":null,"og_custom_url":null,"og_article_section":null,"og_article_tags":null,"twitter_use_og":false,"twitter_card":"default","twitter_image_type":"default","twitter_image_url":null,"twitter_image_custom_url":null,"twitter_image_custom_fields":null,"twitter_title":null,"twitter_description":null,"schema":{"blockGraphs":[],"customGraphs":[],"default":{"data":{"Article":[],"Course":[],"Dataset":[],"FAQPage":[],"Movie":[],"Person":[],"Product":[],"ProductReview":[],"Car":[],"Recipe":[],"Service":[],"SoftwareApplication":[],"WebPage":[]},"graphName":"","isEnabled":true},"graphs":[]},"schema_type":"default","schema_type_options":null,"pillar_content":false,"robots_default":true,"robots_noindex":false,"robots_noarchive":false,"robots_nosnippet":false,"robots_nofollow":false,"robots_noimageindex":false,"robots_noodp":false,"robots_notranslate":false,"robots_max_snippet":null,"robots_max_videopreview":null,"robots_max_imagepreview":"large","priority":null,"frequency":null,"local_seo":null,"breadcrumb_settings":null,"limit_modified_date":false,"ai":null,"created":"2025-08-16 16:20:29","updated":"2025-08-16 16:20:29","focus_keyword":null,"additional_keywords":null,"truseo_locale":null,"seo_analyzer_scan_date":null},"aioseo_breadcrumb":"<div class=\"aioseo-breadcrumbs\"><span class=\"aioseo-breadcrumb\">\n\t\t\t<a href=\"https:\/\/anoticiaonline.com.br\/site\" title=\"Home\">Home<\/a>\n\t\t<\/span><span class=\"aioseo-breadcrumb-separator\">&raquo;<\/span><span class=\"aioseo-breadcrumb\">\n\t\t\t<a href=\"https:\/\/anoticiaonline.com.br\/site\/categoria\/colunistas\/\" title=\"Colunistas\">Colunistas<\/a>\n\t\t<\/span><span class=\"aioseo-breadcrumb-separator\">&raquo;<\/span><span class=\"aioseo-breadcrumb\">\n\t\t\t<a href=\"https:\/\/anoticiaonline.com.br\/site\/categoria\/colunistas\/sociarte\/\" title=\"Sociarte\">Sociarte<\/a>\n\t\t<\/span><span class=\"aioseo-breadcrumb-separator\">&raquo;<\/span><span class=\"aioseo-breadcrumb\">\n\t\t\tSociarte:\n\t\t<\/span><\/div>","aioseo_breadcrumb_json":[{"label":"Home","link":"https:\/\/anoticiaonline.com.br\/site"},{"label":"Colunistas","link":"https:\/\/anoticiaonline.com.br\/site\/categoria\/colunistas\/"},{"label":"Sociarte","link":"https:\/\/anoticiaonline.com.br\/site\/categoria\/colunistas\/sociarte\/"},{"label":"Sociarte:","link":"https:\/\/anoticiaonline.com.br\/site\/sociarte-44\/"}],"views":117,"_links":{"self":[{"href":"https:\/\/anoticiaonline.com.br\/site\/wp-json\/wp\/v2\/posts\/14977","targetHints":{"allow":["GET"]}}],"collection":[{"href":"https:\/\/anoticiaonline.com.br\/site\/wp-json\/wp\/v2\/posts"}],"about":[{"href":"https:\/\/anoticiaonline.com.br\/site\/wp-json\/wp\/v2\/types\/post"}],"author":[{"embeddable":true,"href":"https:\/\/anoticiaonline.com.br\/site\/wp-json\/wp\/v2\/users\/2"}],"replies":[{"embeddable":true,"href":"https:\/\/anoticiaonline.com.br\/site\/wp-json\/wp\/v2\/comments?post=14977"}],"version-history":[{"count":0,"href":"https:\/\/anoticiaonline.com.br\/site\/wp-json\/wp\/v2\/posts\/14977\/revisions"}],"wp:attachment":[{"href":"https:\/\/anoticiaonline.com.br\/site\/wp-json\/wp\/v2\/media?parent=14977"}],"wp:term":[{"taxonomy":"category","embeddable":true,"href":"https:\/\/anoticiaonline.com.br\/site\/wp-json\/wp\/v2\/categories?post=14977"},{"taxonomy":"post_tag","embeddable":true,"href":"https:\/\/anoticiaonline.com.br\/site\/wp-json\/wp\/v2\/tags?post=14977"}],"curies":[{"name":"wp","href":"https:\/\/api.w.org\/{rel}","templated":true}]}}