{"id":14964,"date":"2016-07-06T17:14:53","date_gmt":"2016-07-06T20:14:53","guid":{"rendered":"http:\/\/anoticiaonline.com.br\/site\/?p=14964"},"modified":"2016-07-06T17:22:10","modified_gmt":"2016-07-06T20:22:10","slug":"policia-civil-indicia-quatro-por-morte-de-jovem-na-estrada-do-ivai-em-marco","status":"publish","type":"post","link":"https:\/\/anoticiaonline.com.br\/site\/policia-civil-indicia-quatro-por-morte-de-jovem-na-estrada-do-ivai-em-marco\/","title":{"rendered":"Pol\u00edcia Civil indicia quatro por morte de jovem na estrada do Iva\u00ed, em mar\u00e7o"},"content":{"rendered":"<figure id=\"attachment_14965\" aria-describedby=\"caption-attachment-14965\" style=\"width: 290px\" class=\"wp-caption alignleft\"><a href=\"https:\/\/anoticiaonline.com.br\/site\/wp-content\/uploads\/2016\/07\/Pol\u00edcia-Civil-indicia-quatro-por-morte-de-jovem-na-estrada-do-Iva\u00ed-em-mar\u00e7o.jpg\"><img fetchpriority=\"high\" decoding=\"async\" class=\"size-medium wp-image-14965\" src=\"https:\/\/anoticiaonline.com.br\/site\/wp-content\/uploads\/2016\/07\/Pol\u00edcia-Civil-indicia-quatro-por-morte-de-jovem-na-estrada-do-Iva\u00ed-em-mar\u00e7o-300x230.jpg\" alt=\"Os quatro suspeitos foram apresentados na tarde de quarta-feira (6), na 4\u00aa DRPC \" width=\"300\" height=\"230\" srcset=\"https:\/\/anoticiaonline.com.br\/site\/wp-content\/uploads\/2016\/07\/Pol\u00edcia-Civil-indicia-quatro-por-morte-de-jovem-na-estrada-do-Iva\u00ed-em-mar\u00e7o-300x230.jpg 300w, https:\/\/anoticiaonline.com.br\/site\/wp-content\/uploads\/2016\/07\/Pol\u00edcia-Civil-indicia-quatro-por-morte-de-jovem-na-estrada-do-Iva\u00ed-em-mar\u00e7o.jpg 640w\" sizes=\"(max-width: 300px) 100vw, 300px\" \/><\/a><figcaption id=\"caption-attachment-14965\" class=\"wp-caption-text\">Os quatro suspeitos foram apresentados na tarde de quarta-feira (6), na 4\u00aa DRPC<\/figcaption><\/figure>\n<p>A Pol\u00edcia Civil de Muria\u00e9 indiciou quatro homens pela morte de Deyvison Ramos, de 17 anos, que foi morto a tiros no dia 26 de mar\u00e7o deste ano. Os suspeitos &#8211; C. E. C. A. (21 anos), P. H. B. L. (37 anos), W. F. M. (21 anos) e M. A. O. (26 anos) -, acusados de participa\u00e7\u00e3o no assassinato do adolescente, foram apresentados na tarde de quarta-feira (6), na sede da 4\u00aa DRPC.<\/p>\n<p>De acordo com o delegado titular da 32\u00aa Delegacia, Marcelo Aguiar, que representou pela pris\u00e3o tempor\u00e1ria dos suspeitos (cujo prazo \u00e9 de 30 dias, podendo ser prorrogada por mais 30), o crime teria sido motivado pelo envolvimento no tr\u00e1fico de drogas. \u201cA v\u00edtima estaria devendo droga para o poss\u00edvel dono da \u2018boca de fumo\u2019\u201d, conta. O corpo do jovem foi encontrado ca\u00eddo no meio da estrada de terra, j\u00e1 sem vida, com quatro perfura\u00e7\u00f5es provenientes de arma de fogo, pr\u00f3ximo \u00e0 comunidade do Iva\u00ed, distrito de Patroc\u00ednio do Muria\u00e9. Deyvison, que completaria 18 anos no dia 27, era natural de Espera Feliz, mas morava no bairro S\u00e3o Crist\u00f3v\u00e3o, em Muria\u00e9.<\/p>\n<figure id=\"attachment_14966\" aria-describedby=\"caption-attachment-14966\" style=\"width: 290px\" class=\"wp-caption alignleft\"><a href=\"https:\/\/anoticiaonline.com.br\/site\/wp-content\/uploads\/2016\/07\/Jovem-\u00e9-encontrado-morto-na-estrada-do-Iva\u00ed-2.jpg\"><img decoding=\"async\" class=\"wp-image-14966 size-medium\" src=\"https:\/\/anoticiaonline.com.br\/site\/wp-content\/uploads\/2016\/07\/Jovem-\u00e9-encontrado-morto-na-estrada-do-Iva\u00ed-2-300x283.jpg\" alt=\"Deyvison Ramos, de 17 anos, que foi morto a tiros no dia 26 de mar\u00e7o \" width=\"300\" height=\"283\" srcset=\"https:\/\/anoticiaonline.com.br\/site\/wp-content\/uploads\/2016\/07\/Jovem-\u00e9-encontrado-morto-na-estrada-do-Iva\u00ed-2-300x283.jpg 300w, https:\/\/anoticiaonline.com.br\/site\/wp-content\/uploads\/2016\/07\/Jovem-\u00e9-encontrado-morto-na-estrada-do-Iva\u00ed-2.jpg 500w\" sizes=\"(max-width: 300px) 100vw, 300px\" \/><\/a><figcaption id=\"caption-attachment-14966\" class=\"wp-caption-text\">Deyvison Ramos, de 17 anos, foi morto a tiros no dia 26 de mar\u00e7o (Foto: Arquivo\/Reprodu\u00e7\u00e3o Facebook)<\/figcaption><\/figure>\n<p>Ainda segundo o delegado, os envolvidos possuem diversas passagens policiais, como envolvimento em homic\u00eddios e tr\u00e1fico de drogas. Dois deles j\u00e1 estavam presos pelo envolvimento em outros crimes.<\/p>\n<p>O inqu\u00e9rito est\u00e1 em fase de finaliza\u00e7\u00e3o e deve ser conclu\u00eddo na pr\u00f3xima semana. \u201cVou finalizar o inqu\u00e9rito, fazer relat\u00f3rio e solicitar a pris\u00e3o preventiva dos quatro\u201d, informa Marcelo Aguiar.<\/p>\n","protected":false},"excerpt":{"rendered":"<p>A Pol\u00edcia Civil de Muria\u00e9 indiciou quatro homens pela morte de Deyvison Ramos, de 17 anos, que foi morto a tiros no dia 26 de mar\u00e7o deste ano. Os suspeitos &#8211; C. E. C. A. (21 anos), P. H. B. L. (37 anos), W. F. M. (21 anos) e M. A. O. (26 anos) -, &#8230; <a title=\"Pol\u00edcia Civil indicia quatro por morte de jovem na estrada do Iva\u00ed, em mar\u00e7o\" class=\"read-more\" href=\"https:\/\/anoticiaonline.com.br\/site\/policia-civil-indicia-quatro-por-morte-de-jovem-na-estrada-do-ivai-em-marco\/\" aria-label=\"Read more about Pol\u00edcia Civil indicia quatro por morte de jovem na estrada do Iva\u00ed, em mar\u00e7o\">Ler mais<\/a><\/p>\n","protected":false},"author":2,"featured_media":14965,"comment_status":"open","ping_status":"open","sticky":false,"template":"","format":"standard","meta":{"_acf_changed":false,"_monsterinsights_skip_tracking":false,"footnotes":""},"categories":[30],"tags":[3],"class_list":["post-14964","post","type-post","status-publish","format-standard","has-post-thumbnail","hentry","category-muriae","tag-slide"],"acf":[],"aioseo_notices":[],"aioseo_head":"\n\t\t<!-- All in One SEO 5.0.0.1 - aioseo.com -->\n\t<meta name=\"description\" content=\"A Pol\u00edcia Civil de Muria\u00e9 indiciou quatro homens pela morte de Deyvison Ramos, de 17 anos, que foi morto a tiros no dia 26 de mar\u00e7o deste ano. Os suspeitos - C. E. C. A. (21 anos), P. H. B. L. (37 anos), W. F. M. (21 anos) e M. A. O. (26 anos) -,\" \/>\n\t<meta name=\"robots\" content=\"max-image-preview:large\" \/>\n\t<meta name=\"author\" content=\"Juliana Laviola\"\/>\n\t<link rel=\"canonical\" href=\"https:\/\/anoticiaonline.com.br\/site\/policia-civil-indicia-quatro-por-morte-de-jovem-na-estrada-do-ivai-em-marco\/\" \/>\n\t<meta name=\"generator\" content=\"All in One SEO (AIOSEO) 5.0.0.1\" \/>\n\t\t<meta property=\"og:locale\" content=\"pt_BR\" \/>\n\t\t<meta property=\"og:site_name\" content=\"A Not\u00edcia Online - Noticias de Muria\u00e9 e regi\u00e3o\" \/>\n\t\t<meta property=\"og:type\" content=\"article\" \/>\n\t\t<meta property=\"og:title\" content=\"Pol\u00edcia Civil indicia quatro por morte de jovem na estrada do Iva\u00ed, em mar\u00e7o - A Not\u00edcia Online\" \/>\n\t\t<meta property=\"og:description\" content=\"A Pol\u00edcia Civil de Muria\u00e9 indiciou quatro homens pela morte de Deyvison Ramos, de 17 anos, que foi morto a tiros no dia 26 de mar\u00e7o deste ano. Os suspeitos - C. E. C. A. (21 anos), P. H. B. L. (37 anos), W. F. M. (21 anos) e M. A. O. (26 anos) -,\" \/>\n\t\t<meta property=\"og:url\" content=\"https:\/\/anoticiaonline.com.br\/site\/policia-civil-indicia-quatro-por-morte-de-jovem-na-estrada-do-ivai-em-marco\/\" \/>\n\t\t<meta property=\"og:image\" content=\"https:\/\/scontent-gig4-1.xx.fbcdn.net\/v\/t39.30808-1\/270437624_4564083193639691_6907940295614233970_n.jpg?stp=dst-jpg_s200x200_tt6&#038;_nc_cat=111&#038;ccb=1-7&#038;_nc_sid=f907e8&#038;_nc_ohc=SM1wRlP3lJwQ7kNvwEPuBYA&#038;_nc_oc=AdnqrjDN_BNjSSHWO-GbkIWH6fkGMLw4bqvL_NH6e2wMveX7G-rP2dAqsDSq1mJMOaY&#038;_nc_zt=24&#038;_nc_ht=scontent-gig4-1.xx&#038;_nc_gid=AoBFJeGrT1hVaew_6rchkQ&#038;oh=00_AfX7QmFGhQhG2jAllVgXCiM1ZrWgvtp80-Bfppyexh1QEg&#038;oe=689E923C\" \/>\n\t\t<meta property=\"og:image:secure_url\" content=\"https:\/\/scontent-gig4-1.xx.fbcdn.net\/v\/t39.30808-1\/270437624_4564083193639691_6907940295614233970_n.jpg?stp=dst-jpg_s200x200_tt6&#038;_nc_cat=111&#038;ccb=1-7&#038;_nc_sid=f907e8&#038;_nc_ohc=SM1wRlP3lJwQ7kNvwEPuBYA&#038;_nc_oc=AdnqrjDN_BNjSSHWO-GbkIWH6fkGMLw4bqvL_NH6e2wMveX7G-rP2dAqsDSq1mJMOaY&#038;_nc_zt=24&#038;_nc_ht=scontent-gig4-1.xx&#038;_nc_gid=AoBFJeGrT1hVaew_6rchkQ&#038;oh=00_AfX7QmFGhQhG2jAllVgXCiM1ZrWgvtp80-Bfppyexh1QEg&#038;oe=689E923C\" \/>\n\t\t<meta property=\"article:published_time\" content=\"2016-07-06T20:14:53+00:00\" \/>\n\t\t<meta property=\"article:modified_time\" content=\"2016-07-06T20:22:10+00:00\" \/>\n\t\t<meta name=\"twitter:card\" content=\"summary_large_image\" \/>\n\t\t<meta name=\"twitter:title\" content=\"Pol\u00edcia Civil indicia quatro por morte de jovem na estrada do Iva\u00ed, em mar\u00e7o - A Not\u00edcia Online\" \/>\n\t\t<meta name=\"twitter:description\" content=\"A Pol\u00edcia Civil de Muria\u00e9 indiciou quatro homens pela morte de Deyvison Ramos, de 17 anos, que foi morto a tiros no dia 26 de mar\u00e7o deste ano. Os suspeitos - C. E. C. A. (21 anos), P. H. B. L. (37 anos), W. F. M. (21 anos) e M. A. O. (26 anos) -,\" \/>\n\t\t<meta name=\"twitter:image\" content=\"https:\/\/scontent-gig4-1.xx.fbcdn.net\/v\/t39.30808-1\/270437624_4564083193639691_6907940295614233970_n.jpg?stp=dst-jpg_s200x200_tt6&amp;_nc_cat=111&amp;ccb=1-7&amp;_nc_sid=f907e8&amp;_nc_ohc=SM1wRlP3lJwQ7kNvwEPuBYA&amp;_nc_oc=AdnqrjDN_BNjSSHWO-GbkIWH6fkGMLw4bqvL_NH6e2wMveX7G-rP2dAqsDSq1mJMOaY&amp;_nc_zt=24&amp;_nc_ht=scontent-gig4-1.xx&amp;_nc_gid=AoBFJeGrT1hVaew_6rchkQ&amp;oh=00_AfX7QmFGhQhG2jAllVgXCiM1ZrWgvtp80-Bfppyexh1QEg&amp;oe=689E923C\" \/>\n\t\t<script type=\"application\/ld+json\" class=\"aioseo-schema\">\n\t\t\t{\"@context\":\"https:\\\/\\\/schema.org\",\"@graph\":[{\"@type\":\"BlogPosting\",\"@id\":\"https:\\\/\\\/anoticiaonline.com.br\\\/site\\\/policia-civil-indicia-quatro-por-morte-de-jovem-na-estrada-do-ivai-em-marco\\\/#blogposting\",\"name\":\"Pol\\u00edcia Civil indicia quatro por morte de jovem na estrada do Iva\\u00ed, em mar\\u00e7o - A Not\\u00edcia Online\",\"headline\":\"Pol\\u00edcia Civil indicia quatro por morte de jovem na estrada do Iva\\u00ed, em mar\\u00e7o\",\"author\":{\"@id\":\"https:\\\/\\\/anoticiaonline.com.br\\\/site\\\/author\\\/juliana\\\/#author\"},\"publisher\":{\"@id\":\"https:\\\/\\\/anoticiaonline.com.br\\\/site\\\/#organization\"},\"image\":{\"@type\":\"ImageObject\",\"url\":\"https:\\\/\\\/anoticiaonline.com.br\\\/site\\\/wp-content\\\/uploads\\\/2016\\\/07\\\/Pol\\u00edcia-Civil-indicia-quatro-por-morte-de-jovem-na-estrada-do-Iva\\u00ed-em-mar\\u00e7o.jpg\",\"width\":640,\"height\":490,\"caption\":\"Os quatro suspeitos foram apresentados na tarde de quarta-feira (6), na 4\\u00aa DRPC\"},\"datePublished\":\"2016-07-06T17:14:53-03:00\",\"dateModified\":\"2016-07-06T17:22:10-03:00\",\"inLanguage\":\"pt-BR\",\"mainEntityOfPage\":{\"@id\":\"https:\\\/\\\/anoticiaonline.com.br\\\/site\\\/policia-civil-indicia-quatro-por-morte-de-jovem-na-estrada-do-ivai-em-marco\\\/#webpage\"},\"isPartOf\":{\"@id\":\"https:\\\/\\\/anoticiaonline.com.br\\\/site\\\/policia-civil-indicia-quatro-por-morte-de-jovem-na-estrada-do-ivai-em-marco\\\/#webpage\"},\"articleSection\":\"Blog, slide\"},{\"@type\":\"BreadcrumbList\",\"@id\":\"https:\\\/\\\/anoticiaonline.com.br\\\/site\\\/policia-civil-indicia-quatro-por-morte-de-jovem-na-estrada-do-ivai-em-marco\\\/#breadcrumblist\",\"itemListElement\":[{\"@type\":\"ListItem\",\"@id\":\"https:\\\/\\\/anoticiaonline.com.br\\\/site#listItem\",\"position\":1,\"name\":\"Home\",\"item\":\"https:\\\/\\\/anoticiaonline.com.br\\\/site\",\"nextItem\":{\"@type\":\"ListItem\",\"@id\":\"https:\\\/\\\/anoticiaonline.com.br\\\/site\\\/categoria\\\/muriae\\\/#listItem\",\"name\":\"Blog\"}},{\"@type\":\"ListItem\",\"@id\":\"https:\\\/\\\/anoticiaonline.com.br\\\/site\\\/categoria\\\/muriae\\\/#listItem\",\"position\":2,\"name\":\"Blog\",\"item\":\"https:\\\/\\\/anoticiaonline.com.br\\\/site\\\/categoria\\\/muriae\\\/\",\"nextItem\":{\"@type\":\"ListItem\",\"@id\":\"https:\\\/\\\/anoticiaonline.com.br\\\/site\\\/policia-civil-indicia-quatro-por-morte-de-jovem-na-estrada-do-ivai-em-marco\\\/#listItem\",\"name\":\"Pol\\u00edcia Civil indicia quatro por morte de jovem na estrada do Iva\\u00ed, em mar\\u00e7o\"},\"previousItem\":{\"@type\":\"ListItem\",\"@id\":\"https:\\\/\\\/anoticiaonline.com.br\\\/site#listItem\",\"name\":\"Home\"}},{\"@type\":\"ListItem\",\"@id\":\"https:\\\/\\\/anoticiaonline.com.br\\\/site\\\/policia-civil-indicia-quatro-por-morte-de-jovem-na-estrada-do-ivai-em-marco\\\/#listItem\",\"position\":3,\"name\":\"Pol\\u00edcia Civil indicia quatro por morte de jovem na estrada do Iva\\u00ed, em mar\\u00e7o\",\"previousItem\":{\"@type\":\"ListItem\",\"@id\":\"https:\\\/\\\/anoticiaonline.com.br\\\/site\\\/categoria\\\/muriae\\\/#listItem\",\"name\":\"Blog\"}}]},{\"@type\":\"Organization\",\"@id\":\"https:\\\/\\\/anoticiaonline.com.br\\\/site\\\/#organization\",\"name\":\"A Not\\u00edcia Online\",\"description\":\"Noticias de Muria\\u00e9 e regi\\u00e3o\",\"url\":\"https:\\\/\\\/anoticiaonline.com.br\\\/site\\\/\",\"logo\":{\"@type\":\"ImageObject\",\"url\":\"https:\\\/\\\/scontent-gig4-1.xx.fbcdn.net\\\/v\\\/t39.30808-1\\\/270437624_4564083193639691_6907940295614233970_n.jpg?stp=dst-jpg_s200x200_tt6&_nc_cat=111&ccb=1-7&_nc_sid=f907e8&_nc_ohc=SM1wRlP3lJwQ7kNvwEPuBYA&_nc_oc=AdnqrjDN_BNjSSHWO-GbkIWH6fkGMLw4bqvL_NH6e2wMveX7G-rP2dAqsDSq1mJMOaY&_nc_zt=24&_nc_ht=scontent-gig4-1.xx&_nc_gid=AoBFJeGrT1hVaew_6rchkQ&oh=00_AfX7QmFGhQhG2jAllVgXCiM1ZrWgvtp80-Bfppyexh1QEg&oe=689E923C\",\"@id\":\"https:\\\/\\\/anoticiaonline.com.br\\\/site\\\/policia-civil-indicia-quatro-por-morte-de-jovem-na-estrada-do-ivai-em-marco\\\/#organizationLogo\"},\"image\":{\"@id\":\"https:\\\/\\\/anoticiaonline.com.br\\\/site\\\/policia-civil-indicia-quatro-por-morte-de-jovem-na-estrada-do-ivai-em-marco\\\/#organizationLogo\"}},{\"@type\":\"Person\",\"@id\":\"https:\\\/\\\/anoticiaonline.com.br\\\/site\\\/author\\\/juliana\\\/#author\",\"url\":\"https:\\\/\\\/anoticiaonline.com.br\\\/site\\\/author\\\/juliana\\\/\",\"name\":\"Juliana Laviola\",\"image\":{\"@type\":\"ImageObject\",\"@id\":\"https:\\\/\\\/anoticiaonline.com.br\\\/site\\\/policia-civil-indicia-quatro-por-morte-de-jovem-na-estrada-do-ivai-em-marco\\\/#authorImage\",\"url\":\"https:\\\/\\\/secure.gravatar.com\\\/avatar\\\/b8d45f5c699b100dfaf0e543582f38f38bf94cb7ae3a5e9abf8d891a34773335?s=96&d=mm&r=g\",\"width\":96,\"height\":96,\"caption\":\"Juliana Laviola\"}},{\"@type\":\"WebPage\",\"@id\":\"https:\\\/\\\/anoticiaonline.com.br\\\/site\\\/policia-civil-indicia-quatro-por-morte-de-jovem-na-estrada-do-ivai-em-marco\\\/#webpage\",\"url\":\"https:\\\/\\\/anoticiaonline.com.br\\\/site\\\/policia-civil-indicia-quatro-por-morte-de-jovem-na-estrada-do-ivai-em-marco\\\/\",\"name\":\"Pol\\u00edcia Civil indicia quatro por morte de jovem na estrada do Iva\\u00ed, em mar\\u00e7o - A Not\\u00edcia Online\",\"description\":\"A Pol\\u00edcia Civil de Muria\\u00e9 indiciou quatro homens pela morte de Deyvison Ramos, de 17 anos, que foi morto a tiros no dia 26 de mar\\u00e7o deste ano. Os suspeitos - C. E. C. A. (21 anos), P. H. B. L. (37 anos), W. F. M. (21 anos) e M. A. O. (26 anos) -,\",\"inLanguage\":\"pt-BR\",\"isPartOf\":{\"@id\":\"https:\\\/\\\/anoticiaonline.com.br\\\/site\\\/#website\"},\"breadcrumb\":{\"@id\":\"https:\\\/\\\/anoticiaonline.com.br\\\/site\\\/policia-civil-indicia-quatro-por-morte-de-jovem-na-estrada-do-ivai-em-marco\\\/#breadcrumblist\"},\"author\":{\"@id\":\"https:\\\/\\\/anoticiaonline.com.br\\\/site\\\/author\\\/juliana\\\/#author\"},\"creator\":{\"@id\":\"https:\\\/\\\/anoticiaonline.com.br\\\/site\\\/author\\\/juliana\\\/#author\"},\"image\":{\"@type\":\"ImageObject\",\"url\":\"https:\\\/\\\/anoticiaonline.com.br\\\/site\\\/wp-content\\\/uploads\\\/2016\\\/07\\\/Pol\\u00edcia-Civil-indicia-quatro-por-morte-de-jovem-na-estrada-do-Iva\\u00ed-em-mar\\u00e7o.jpg\",\"@id\":\"https:\\\/\\\/anoticiaonline.com.br\\\/site\\\/policia-civil-indicia-quatro-por-morte-de-jovem-na-estrada-do-ivai-em-marco\\\/#mainImage\",\"width\":640,\"height\":490,\"caption\":\"Os quatro suspeitos foram apresentados na tarde de quarta-feira (6), na 4\\u00aa DRPC\"},\"primaryImageOfPage\":{\"@id\":\"https:\\\/\\\/anoticiaonline.com.br\\\/site\\\/policia-civil-indicia-quatro-por-morte-de-jovem-na-estrada-do-ivai-em-marco\\\/#mainImage\"},\"datePublished\":\"2016-07-06T17:14:53-03:00\",\"dateModified\":\"2016-07-06T17:22:10-03:00\"},{\"@type\":\"WebSite\",\"@id\":\"https:\\\/\\\/anoticiaonline.com.br\\\/site\\\/#website\",\"url\":\"https:\\\/\\\/anoticiaonline.com.br\\\/site\\\/\",\"name\":\"A Not\\u00edcia Online\",\"description\":\"Noticias de Muria\\u00e9 e regi\\u00e3o\",\"inLanguage\":\"pt-BR\",\"publisher\":{\"@id\":\"https:\\\/\\\/anoticiaonline.com.br\\\/site\\\/#organization\"}}]}\n\t\t<\/script>\n\t\t<!-- All in One SEO -->\n\n","aioseo_head_json":{"title":"Pol\u00edcia Civil indicia quatro por morte de jovem na estrada do Iva\u00ed, em mar\u00e7o - A Not\u00edcia Online","description":"A Pol\u00edcia Civil de Muria\u00e9 indiciou quatro homens pela morte de Deyvison Ramos, de 17 anos, que foi morto a tiros no dia 26 de mar\u00e7o deste ano. Os suspeitos - C. E. C. A. (21 anos), P. H. B. L. (37 anos), W. F. M. (21 anos) e M. A. O. (26 anos) -,","canonical_url":"https:\/\/anoticiaonline.com.br\/site\/policia-civil-indicia-quatro-por-morte-de-jovem-na-estrada-do-ivai-em-marco\/","robots":"max-image-preview:large","keywords":"","webmasterTools":{"miscellaneous":""},"schema":{"@context":"https:\/\/schema.org","@graph":[{"@type":"BlogPosting","@id":"https:\/\/anoticiaonline.com.br\/site\/policia-civil-indicia-quatro-por-morte-de-jovem-na-estrada-do-ivai-em-marco\/#blogposting","name":"Pol\u00edcia Civil indicia quatro por morte de jovem na estrada do Iva\u00ed, em mar\u00e7o - A Not\u00edcia Online","headline":"Pol\u00edcia Civil indicia quatro por morte de jovem na estrada do Iva\u00ed, em mar\u00e7o","author":{"@id":"https:\/\/anoticiaonline.com.br\/site\/author\/juliana\/#author"},"publisher":{"@id":"https:\/\/anoticiaonline.com.br\/site\/#organization"},"image":{"@type":"ImageObject","url":"https:\/\/anoticiaonline.com.br\/site\/wp-content\/uploads\/2016\/07\/Pol\u00edcia-Civil-indicia-quatro-por-morte-de-jovem-na-estrada-do-Iva\u00ed-em-mar\u00e7o.jpg","width":640,"height":490,"caption":"Os quatro suspeitos foram apresentados na tarde de quarta-feira (6), na 4\u00aa DRPC"},"datePublished":"2016-07-06T17:14:53-03:00","dateModified":"2016-07-06T17:22:10-03:00","inLanguage":"pt-BR","mainEntityOfPage":{"@id":"https:\/\/anoticiaonline.com.br\/site\/policia-civil-indicia-quatro-por-morte-de-jovem-na-estrada-do-ivai-em-marco\/#webpage"},"isPartOf":{"@id":"https:\/\/anoticiaonline.com.br\/site\/policia-civil-indicia-quatro-por-morte-de-jovem-na-estrada-do-ivai-em-marco\/#webpage"},"articleSection":"Blog, slide"},{"@type":"BreadcrumbList","@id":"https:\/\/anoticiaonline.com.br\/site\/policia-civil-indicia-quatro-por-morte-de-jovem-na-estrada-do-ivai-em-marco\/#breadcrumblist","itemListElement":[{"@type":"ListItem","@id":"https:\/\/anoticiaonline.com.br\/site#listItem","position":1,"name":"Home","item":"https:\/\/anoticiaonline.com.br\/site","nextItem":{"@type":"ListItem","@id":"https:\/\/anoticiaonline.com.br\/site\/categoria\/muriae\/#listItem","name":"Blog"}},{"@type":"ListItem","@id":"https:\/\/anoticiaonline.com.br\/site\/categoria\/muriae\/#listItem","position":2,"name":"Blog","item":"https:\/\/anoticiaonline.com.br\/site\/categoria\/muriae\/","nextItem":{"@type":"ListItem","@id":"https:\/\/anoticiaonline.com.br\/site\/policia-civil-indicia-quatro-por-morte-de-jovem-na-estrada-do-ivai-em-marco\/#listItem","name":"Pol\u00edcia Civil indicia quatro por morte de jovem na estrada do Iva\u00ed, em mar\u00e7o"},"previousItem":{"@type":"ListItem","@id":"https:\/\/anoticiaonline.com.br\/site#listItem","name":"Home"}},{"@type":"ListItem","@id":"https:\/\/anoticiaonline.com.br\/site\/policia-civil-indicia-quatro-por-morte-de-jovem-na-estrada-do-ivai-em-marco\/#listItem","position":3,"name":"Pol\u00edcia Civil indicia quatro por morte de jovem na estrada do Iva\u00ed, em mar\u00e7o","previousItem":{"@type":"ListItem","@id":"https:\/\/anoticiaonline.com.br\/site\/categoria\/muriae\/#listItem","name":"Blog"}}]},{"@type":"Organization","@id":"https:\/\/anoticiaonline.com.br\/site\/#organization","name":"A Not\u00edcia Online","description":"Noticias de Muria\u00e9 e regi\u00e3o","url":"https:\/\/anoticiaonline.com.br\/site\/","logo":{"@type":"ImageObject","url":"https:\/\/scontent-gig4-1.xx.fbcdn.net\/v\/t39.30808-1\/270437624_4564083193639691_6907940295614233970_n.jpg?stp=dst-jpg_s200x200_tt6&_nc_cat=111&ccb=1-7&_nc_sid=f907e8&_nc_ohc=SM1wRlP3lJwQ7kNvwEPuBYA&_nc_oc=AdnqrjDN_BNjSSHWO-GbkIWH6fkGMLw4bqvL_NH6e2wMveX7G-rP2dAqsDSq1mJMOaY&_nc_zt=24&_nc_ht=scontent-gig4-1.xx&_nc_gid=AoBFJeGrT1hVaew_6rchkQ&oh=00_AfX7QmFGhQhG2jAllVgXCiM1ZrWgvtp80-Bfppyexh1QEg&oe=689E923C","@id":"https:\/\/anoticiaonline.com.br\/site\/policia-civil-indicia-quatro-por-morte-de-jovem-na-estrada-do-ivai-em-marco\/#organizationLogo"},"image":{"@id":"https:\/\/anoticiaonline.com.br\/site\/policia-civil-indicia-quatro-por-morte-de-jovem-na-estrada-do-ivai-em-marco\/#organizationLogo"}},{"@type":"Person","@id":"https:\/\/anoticiaonline.com.br\/site\/author\/juliana\/#author","url":"https:\/\/anoticiaonline.com.br\/site\/author\/juliana\/","name":"Juliana Laviola","image":{"@type":"ImageObject","@id":"https:\/\/anoticiaonline.com.br\/site\/policia-civil-indicia-quatro-por-morte-de-jovem-na-estrada-do-ivai-em-marco\/#authorImage","url":"https:\/\/secure.gravatar.com\/avatar\/b8d45f5c699b100dfaf0e543582f38f38bf94cb7ae3a5e9abf8d891a34773335?s=96&d=mm&r=g","width":96,"height":96,"caption":"Juliana Laviola"}},{"@type":"WebPage","@id":"https:\/\/anoticiaonline.com.br\/site\/policia-civil-indicia-quatro-por-morte-de-jovem-na-estrada-do-ivai-em-marco\/#webpage","url":"https:\/\/anoticiaonline.com.br\/site\/policia-civil-indicia-quatro-por-morte-de-jovem-na-estrada-do-ivai-em-marco\/","name":"Pol\u00edcia Civil indicia quatro por morte de jovem na estrada do Iva\u00ed, em mar\u00e7o - A Not\u00edcia Online","description":"A Pol\u00edcia Civil de Muria\u00e9 indiciou quatro homens pela morte de Deyvison Ramos, de 17 anos, que foi morto a tiros no dia 26 de mar\u00e7o deste ano. Os suspeitos - C. E. C. A. (21 anos), P. H. B. L. (37 anos), W. F. M. (21 anos) e M. A. O. (26 anos) -,","inLanguage":"pt-BR","isPartOf":{"@id":"https:\/\/anoticiaonline.com.br\/site\/#website"},"breadcrumb":{"@id":"https:\/\/anoticiaonline.com.br\/site\/policia-civil-indicia-quatro-por-morte-de-jovem-na-estrada-do-ivai-em-marco\/#breadcrumblist"},"author":{"@id":"https:\/\/anoticiaonline.com.br\/site\/author\/juliana\/#author"},"creator":{"@id":"https:\/\/anoticiaonline.com.br\/site\/author\/juliana\/#author"},"image":{"@type":"ImageObject","url":"https:\/\/anoticiaonline.com.br\/site\/wp-content\/uploads\/2016\/07\/Pol\u00edcia-Civil-indicia-quatro-por-morte-de-jovem-na-estrada-do-Iva\u00ed-em-mar\u00e7o.jpg","@id":"https:\/\/anoticiaonline.com.br\/site\/policia-civil-indicia-quatro-por-morte-de-jovem-na-estrada-do-ivai-em-marco\/#mainImage","width":640,"height":490,"caption":"Os quatro suspeitos foram apresentados na tarde de quarta-feira (6), na 4\u00aa DRPC"},"primaryImageOfPage":{"@id":"https:\/\/anoticiaonline.com.br\/site\/policia-civil-indicia-quatro-por-morte-de-jovem-na-estrada-do-ivai-em-marco\/#mainImage"},"datePublished":"2016-07-06T17:14:53-03:00","dateModified":"2016-07-06T17:22:10-03:00"},{"@type":"WebSite","@id":"https:\/\/anoticiaonline.com.br\/site\/#website","url":"https:\/\/anoticiaonline.com.br\/site\/","name":"A Not\u00edcia Online","description":"Noticias de Muria\u00e9 e regi\u00e3o","inLanguage":"pt-BR","publisher":{"@id":"https:\/\/anoticiaonline.com.br\/site\/#organization"}}]},"og:locale":"pt_BR","og:site_name":"A Not\u00edcia Online - Noticias de Muria\u00e9 e regi\u00e3o","og:type":"article","og:title":"Pol\u00edcia Civil indicia quatro por morte de jovem na estrada do Iva\u00ed, em mar\u00e7o - A Not\u00edcia Online","og:description":"A Pol\u00edcia Civil de Muria\u00e9 indiciou quatro homens pela morte de Deyvison Ramos, de 17 anos, que foi morto a tiros no dia 26 de mar\u00e7o deste ano. Os suspeitos - C. E. C. A. (21 anos), P. H. B. L. (37 anos), W. F. M. (21 anos) e M. A. O. (26 anos) -,","og:url":"https:\/\/anoticiaonline.com.br\/site\/policia-civil-indicia-quatro-por-morte-de-jovem-na-estrada-do-ivai-em-marco\/","og:image":"https:\/\/scontent-gig4-1.xx.fbcdn.net\/v\/t39.30808-1\/270437624_4564083193639691_6907940295614233970_n.jpg?stp=dst-jpg_s200x200_tt6&#038;_nc_cat=111&#038;ccb=1-7&#038;_nc_sid=f907e8&#038;_nc_ohc=SM1wRlP3lJwQ7kNvwEPuBYA&#038;_nc_oc=AdnqrjDN_BNjSSHWO-GbkIWH6fkGMLw4bqvL_NH6e2wMveX7G-rP2dAqsDSq1mJMOaY&#038;_nc_zt=24&#038;_nc_ht=scontent-gig4-1.xx&#038;_nc_gid=AoBFJeGrT1hVaew_6rchkQ&#038;oh=00_AfX7QmFGhQhG2jAllVgXCiM1ZrWgvtp80-Bfppyexh1QEg&#038;oe=689E923C","og:image:secure_url":"https:\/\/scontent-gig4-1.xx.fbcdn.net\/v\/t39.30808-1\/270437624_4564083193639691_6907940295614233970_n.jpg?stp=dst-jpg_s200x200_tt6&#038;_nc_cat=111&#038;ccb=1-7&#038;_nc_sid=f907e8&#038;_nc_ohc=SM1wRlP3lJwQ7kNvwEPuBYA&#038;_nc_oc=AdnqrjDN_BNjSSHWO-GbkIWH6fkGMLw4bqvL_NH6e2wMveX7G-rP2dAqsDSq1mJMOaY&#038;_nc_zt=24&#038;_nc_ht=scontent-gig4-1.xx&#038;_nc_gid=AoBFJeGrT1hVaew_6rchkQ&#038;oh=00_AfX7QmFGhQhG2jAllVgXCiM1ZrWgvtp80-Bfppyexh1QEg&#038;oe=689E923C","article:published_time":"2016-07-06T20:14:53+00:00","article:modified_time":"2016-07-06T20:22:10+00:00","twitter:card":"summary_large_image","twitter:title":"Pol\u00edcia Civil indicia quatro por morte de jovem na estrada do Iva\u00ed, em mar\u00e7o - A Not\u00edcia Online","twitter:description":"A Pol\u00edcia Civil de Muria\u00e9 indiciou quatro homens pela morte de Deyvison Ramos, de 17 anos, que foi morto a tiros no dia 26 de mar\u00e7o deste ano. Os suspeitos - C. E. C. A. (21 anos), P. H. B. L. (37 anos), W. F. M. (21 anos) e M. A. O. (26 anos) -,","twitter:image":"https:\/\/scontent-gig4-1.xx.fbcdn.net\/v\/t39.30808-1\/270437624_4564083193639691_6907940295614233970_n.jpg?stp=dst-jpg_s200x200_tt6&_nc_cat=111&ccb=1-7&_nc_sid=f907e8&_nc_ohc=SM1wRlP3lJwQ7kNvwEPuBYA&_nc_oc=AdnqrjDN_BNjSSHWO-GbkIWH6fkGMLw4bqvL_NH6e2wMveX7G-rP2dAqsDSq1mJMOaY&_nc_zt=24&_nc_ht=scontent-gig4-1.xx&_nc_gid=AoBFJeGrT1hVaew_6rchkQ&oh=00_AfX7QmFGhQhG2jAllVgXCiM1ZrWgvtp80-Bfppyexh1QEg&oe=689E923C"},"aioseo_meta_data":{"post_id":"14964","title":null,"description":null,"keywords":null,"keyphrases":null,"primary_term":null,"canonical_url":null,"og_title":null,"og_description":null,"og_object_type":"default","og_image_type":"default","og_image_url":null,"og_image_width":null,"og_image_height":null,"og_image_custom_url":null,"og_image_custom_fields":null,"og_video":null,"og_custom_url":null,"og_article_section":null,"og_article_tags":null,"twitter_use_og":false,"twitter_card":"default","twitter_image_type":"default","twitter_image_url":null,"twitter_image_custom_url":null,"twitter_image_custom_fields":null,"twitter_title":null,"twitter_description":null,"schema":{"blockGraphs":[],"customGraphs":[],"default":{"data":{"Article":[],"Course":[],"Dataset":[],"FAQPage":[],"Movie":[],"Person":[],"Product":[],"ProductReview":[],"Car":[],"Recipe":[],"Service":[],"SoftwareApplication":[],"WebPage":[]},"graphName":"","isEnabled":true},"graphs":[]},"schema_type":"default","schema_type_options":null,"pillar_content":false,"robots_default":true,"robots_noindex":false,"robots_noarchive":false,"robots_nosnippet":false,"robots_nofollow":false,"robots_noimageindex":false,"robots_noodp":false,"robots_notranslate":false,"robots_max_snippet":null,"robots_max_videopreview":null,"robots_max_imagepreview":"large","priority":null,"frequency":null,"local_seo":null,"breadcrumb_settings":null,"limit_modified_date":false,"ai":null,"created":"2025-08-16 16:20:29","updated":"2025-08-16 16:20:29","focus_keyword":null,"additional_keywords":null,"truseo_locale":null,"seo_analyzer_scan_date":null},"aioseo_breadcrumb":"<div class=\"aioseo-breadcrumbs\"><span class=\"aioseo-breadcrumb\">\n\t\t\t<a href=\"https:\/\/anoticiaonline.com.br\/site\" title=\"Home\">Home<\/a>\n\t\t<\/span><span class=\"aioseo-breadcrumb-separator\">&raquo;<\/span><span class=\"aioseo-breadcrumb\">\n\t\t\t<a href=\"https:\/\/anoticiaonline.com.br\/site\/categoria\/muriae\/\" title=\"Blog\">Blog<\/a>\n\t\t<\/span><span class=\"aioseo-breadcrumb-separator\">&raquo;<\/span><span class=\"aioseo-breadcrumb\">\n\t\t\tPol\u00edcia Civil indicia quatro por morte de jovem na estrada do Iva\u00ed, em mar\u00e7o\n\t\t<\/span><\/div>","aioseo_breadcrumb_json":[{"label":"Home","link":"https:\/\/anoticiaonline.com.br\/site"},{"label":"Blog","link":"https:\/\/anoticiaonline.com.br\/site\/categoria\/muriae\/"},{"label":"Pol\u00edcia Civil indicia quatro por morte de jovem na estrada do Iva\u00ed, em mar\u00e7o","link":"https:\/\/anoticiaonline.com.br\/site\/policia-civil-indicia-quatro-por-morte-de-jovem-na-estrada-do-ivai-em-marco\/"}],"views":132,"_links":{"self":[{"href":"https:\/\/anoticiaonline.com.br\/site\/wp-json\/wp\/v2\/posts\/14964","targetHints":{"allow":["GET"]}}],"collection":[{"href":"https:\/\/anoticiaonline.com.br\/site\/wp-json\/wp\/v2\/posts"}],"about":[{"href":"https:\/\/anoticiaonline.com.br\/site\/wp-json\/wp\/v2\/types\/post"}],"author":[{"embeddable":true,"href":"https:\/\/anoticiaonline.com.br\/site\/wp-json\/wp\/v2\/users\/2"}],"replies":[{"embeddable":true,"href":"https:\/\/anoticiaonline.com.br\/site\/wp-json\/wp\/v2\/comments?post=14964"}],"version-history":[{"count":0,"href":"https:\/\/anoticiaonline.com.br\/site\/wp-json\/wp\/v2\/posts\/14964\/revisions"}],"wp:featuredmedia":[{"embeddable":true,"href":"https:\/\/anoticiaonline.com.br\/site\/wp-json\/wp\/v2\/media\/14965"}],"wp:attachment":[{"href":"https:\/\/anoticiaonline.com.br\/site\/wp-json\/wp\/v2\/media?parent=14964"}],"wp:term":[{"taxonomy":"category","embeddable":true,"href":"https:\/\/anoticiaonline.com.br\/site\/wp-json\/wp\/v2\/categories?post=14964"},{"taxonomy":"post_tag","embeddable":true,"href":"https:\/\/anoticiaonline.com.br\/site\/wp-json\/wp\/v2\/tags?post=14964"}],"curies":[{"name":"wp","href":"https:\/\/api.w.org\/{rel}","templated":true}]}}