{"id":14895,"date":"2016-06-30T19:46:10","date_gmt":"2016-06-30T22:46:10","guid":{"rendered":"http:\/\/anoticiaonline.com.br\/site\/?p=14895"},"modified":"2016-06-30T21:01:27","modified_gmt":"2016-07-01T00:01:27","slug":"inaugurado-o-centro-de-atendimento-ao-usuario-do-demsur","status":"publish","type":"post","link":"https:\/\/anoticiaonline.com.br\/site\/inaugurado-o-centro-de-atendimento-ao-usuario-do-demsur\/","title":{"rendered":"Inaugurado o Centro de Atendimento ao Usu\u00e1rio do Demsur"},"content":{"rendered":"<figure id=\"attachment_14897\" aria-describedby=\"caption-attachment-14897\" style=\"width: 290px\" class=\"wp-caption alignleft\"><a href=\"https:\/\/anoticiaonline.com.br\/site\/wp-content\/uploads\/2016\/06\/DSC_0135.jpg\"><img fetchpriority=\"high\" decoding=\"async\" class=\"wp-image-14897 size-medium\" src=\"https:\/\/anoticiaonline.com.br\/site\/wp-content\/uploads\/2016\/06\/DSC_0135-300x188.jpg\" alt=\"DSC_0135\" width=\"300\" height=\"188\" srcset=\"https:\/\/anoticiaonline.com.br\/site\/wp-content\/uploads\/2016\/06\/DSC_0135-300x188.jpg 300w, https:\/\/anoticiaonline.com.br\/site\/wp-content\/uploads\/2016\/06\/DSC_0135.jpg 640w\" sizes=\"(max-width: 300px) 100vw, 300px\" \/><\/a><figcaption id=\"caption-attachment-14897\" class=\"wp-caption-text\">Fam\u00edlia do homenageado esteve presente<\/figcaption><\/figure>\n<p>Os usu\u00e1rios e os servidores do Departamento Municipal de Saneamento Urbano (Demsur) contam, agora, com uma nova estrutura de atendimento e de trabalho. A autarquia inaugurou, nesta quinta-feira (30), o Centro de Atendimento ao Usu\u00e1rio do Demsur \u201cCarlos Augusto Portilho Dornelas\u201d. Estiveram presentes na inaugura\u00e7\u00e3o autoridades e a fam\u00edlia do homenageado.<\/p>\n<p>Localizado ao lado do Centro Administrativo, o centro de atendimento abriga os setores de atendimento ao p\u00fablico, d\u00edvida ativa, servi\u00e7o social, arquivo e CPD e tamb\u00e9m a equipe de leituristas de hidr\u00f4metro.<\/p>\n<p>A estrutura, constru\u00edda com recursos pr\u00f3prios da autarquia, al\u00e9m de dinamizar todo o processo de atendimento, tem a acessibilidade como elemento essencial da mobilidade urbana. O novo centro possui uma ampla \u00e1rea, no n\u00edvel da rua, para que todos os usu\u00e1rios tenham o direito de ir e vir e para que os servidores tenham mais espa\u00e7o para desenvolver suas atividades.<\/p>\n<figure id=\"attachment_14897-2\" aria-describedby=\"caption-attachment-14897-2\" style=\"width: 290px\" class=\"wp-caption alignleft\"><a href=\"https:\/\/anoticiaonline.com.br\/site\/wp-content\/uploads\/2016\/06\/DSC_0135.jpg\"><img decoding=\"async\" class=\"size-medium wp-image-14897\" src=\"https:\/\/anoticiaonline.com.br\/site\/wp-content\/uploads\/2016\/06\/DSC_0135-300x188.jpg\" alt=\"Fam\u00edlia do homenageado com as autoridades\" width=\"300\" height=\"188\" srcset=\"https:\/\/anoticiaonline.com.br\/site\/wp-content\/uploads\/2016\/06\/DSC_0135-300x188.jpg 300w, https:\/\/anoticiaonline.com.br\/site\/wp-content\/uploads\/2016\/06\/DSC_0135.jpg 640w\" sizes=\"(max-width: 300px) 100vw, 300px\" \/><\/a><figcaption id=\"caption-attachment-14897-2\" class=\"wp-caption-text\">Fam\u00edlia do homenageado com as autoridades<\/figcaption><\/figure>\n<p><strong>O HOMENAGEADO \u2013<\/strong> O empres\u00e1rio Carlos Augusto Portilho Dornelas, que d\u00e1 nome ao Centro de Atendimento ao Usu\u00e1rio do Demsur, nasceu em Muria\u00e9 no dia 23 de janeiro de 1956. \u00c9 o segundo dos cinco filhos de Guilherme Miguel Dornelas e Let\u00edcia Portilho Dornelas.<\/p>\n<p>Desde pequeno carism\u00e1tico, foi apelidado de Cagute, e junto com os irm\u00e3os, Tarc\u00edsio, Rodolfo, Carmen e Juninho, sempre esteve acompanhando os empreendimentos do pai, Guilherme Dornelas.<\/p>\n<p>Formou-se em Ci\u00eancias da Computa\u00e7\u00e3o no Rio de Janeiro. Em 1981 casou-se com Maria Tereza Carneiro Lopes, com quem teve dois filhos, Elisa e Augusto.<\/p>\n<p>Ap\u00f3s trabalhar no Rio de Janeiro, retornou a Muria\u00e9 em 1986 com sua fam\u00edlia e se tornou diretor de marketing da Confec\u00e7\u00e3o Pinta Coruja. A qualidade e o diferencial dos produtos confeccionados e o empreendedorismo da fam\u00edlia ganhou notoriedade em todo o pa\u00eds e no exterior, projetando o nome de Muria\u00e9 para o mundo.<\/p>\n<p>A simpatia, dinamismo e efici\u00eancia do jovem empres\u00e1rio fizeram com que rapidamente al\u00e7asse novos voos: criou a confec\u00e7\u00e3o Marraia e, paralelamente, esteve \u00e0 frente da R\u00e1dio 98 FM.<\/p>\n<p>Cagute faleceu em julho de 2003, aos 48 anos de idade.<\/p>\n<p><img decoding=\"async\" class=\"ngg_displayed_gallery mceItem\" src=\"https:\/\/anoticiaonline.com.br\/site\/nextgen-attach_to_post\/preview\/id--14927\" alt=\"\" \/><\/p>\n","protected":false},"excerpt":{"rendered":"<p>Os usu\u00e1rios e os servidores do Departamento Municipal de Saneamento Urbano (Demsur) contam, agora, com uma nova estrutura de atendimento e de trabalho. A autarquia inaugurou, nesta quinta-feira (30), o Centro de Atendimento ao Usu\u00e1rio do Demsur \u201cCarlos Augusto Portilho Dornelas\u201d. Estiveram presentes na inaugura\u00e7\u00e3o autoridades e a fam\u00edlia do homenageado. Localizado ao lado do &#8230; <a title=\"Inaugurado o Centro de Atendimento ao Usu\u00e1rio do Demsur\" class=\"read-more\" href=\"https:\/\/anoticiaonline.com.br\/site\/inaugurado-o-centro-de-atendimento-ao-usuario-do-demsur\/\" aria-label=\"Read more about Inaugurado o Centro de Atendimento ao Usu\u00e1rio do Demsur\">Ler mais<\/a><\/p>\n","protected":false},"author":2,"featured_media":14896,"comment_status":"open","ping_status":"open","sticky":false,"template":"","format":"standard","meta":{"_acf_changed":false,"_monsterinsights_skip_tracking":false,"footnotes":""},"categories":[30],"tags":[3],"class_list":["post-14895","post","type-post","status-publish","format-standard","has-post-thumbnail","hentry","category-muriae","tag-slide"],"acf":[],"aioseo_notices":[],"aioseo_head":"\n\t\t<!-- All in One SEO 5.0.0.1 - aioseo.com -->\n\t<meta name=\"description\" content=\"Os usu\u00e1rios e os servidores do Departamento Municipal de Saneamento Urbano (Demsur) contam, agora, com uma nova estrutura de atendimento e de trabalho. A autarquia inaugurou, nesta quinta-feira (30), o Centro de Atendimento ao Usu\u00e1rio do Demsur \u201cCarlos Augusto Portilho Dornelas\u201d. Estiveram presentes na inaugura\u00e7\u00e3o autoridades e a fam\u00edlia do homenageado. Localizado ao lado do\" \/>\n\t<meta name=\"robots\" content=\"max-image-preview:large\" \/>\n\t<meta name=\"author\" content=\"Juliana Laviola\"\/>\n\t<link rel=\"canonical\" href=\"https:\/\/anoticiaonline.com.br\/site\/inaugurado-o-centro-de-atendimento-ao-usuario-do-demsur\/\" \/>\n\t<meta name=\"generator\" content=\"All in One SEO (AIOSEO) 5.0.0.1\" \/>\n\t\t<meta property=\"og:locale\" content=\"pt_BR\" \/>\n\t\t<meta property=\"og:site_name\" content=\"A Not\u00edcia Online - Noticias de Muria\u00e9 e regi\u00e3o\" \/>\n\t\t<meta property=\"og:type\" content=\"article\" \/>\n\t\t<meta property=\"og:title\" content=\"Inaugurado o Centro de Atendimento ao Usu\u00e1rio do Demsur - A Not\u00edcia Online\" \/>\n\t\t<meta property=\"og:description\" content=\"Os usu\u00e1rios e os servidores do Departamento Municipal de Saneamento Urbano (Demsur) contam, agora, com uma nova estrutura de atendimento e de trabalho. A autarquia inaugurou, nesta quinta-feira (30), o Centro de Atendimento ao Usu\u00e1rio do Demsur \u201cCarlos Augusto Portilho Dornelas\u201d. Estiveram presentes na inaugura\u00e7\u00e3o autoridades e a fam\u00edlia do homenageado. Localizado ao lado do\" \/>\n\t\t<meta property=\"og:url\" content=\"https:\/\/anoticiaonline.com.br\/site\/inaugurado-o-centro-de-atendimento-ao-usuario-do-demsur\/\" \/>\n\t\t<meta property=\"og:image\" content=\"https:\/\/scontent-gig4-1.xx.fbcdn.net\/v\/t39.30808-1\/270437624_4564083193639691_6907940295614233970_n.jpg?stp=dst-jpg_s200x200_tt6&#038;_nc_cat=111&#038;ccb=1-7&#038;_nc_sid=f907e8&#038;_nc_ohc=SM1wRlP3lJwQ7kNvwEPuBYA&#038;_nc_oc=AdnqrjDN_BNjSSHWO-GbkIWH6fkGMLw4bqvL_NH6e2wMveX7G-rP2dAqsDSq1mJMOaY&#038;_nc_zt=24&#038;_nc_ht=scontent-gig4-1.xx&#038;_nc_gid=AoBFJeGrT1hVaew_6rchkQ&#038;oh=00_AfX7QmFGhQhG2jAllVgXCiM1ZrWgvtp80-Bfppyexh1QEg&#038;oe=689E923C\" \/>\n\t\t<meta property=\"og:image:secure_url\" content=\"https:\/\/scontent-gig4-1.xx.fbcdn.net\/v\/t39.30808-1\/270437624_4564083193639691_6907940295614233970_n.jpg?stp=dst-jpg_s200x200_tt6&#038;_nc_cat=111&#038;ccb=1-7&#038;_nc_sid=f907e8&#038;_nc_ohc=SM1wRlP3lJwQ7kNvwEPuBYA&#038;_nc_oc=AdnqrjDN_BNjSSHWO-GbkIWH6fkGMLw4bqvL_NH6e2wMveX7G-rP2dAqsDSq1mJMOaY&#038;_nc_zt=24&#038;_nc_ht=scontent-gig4-1.xx&#038;_nc_gid=AoBFJeGrT1hVaew_6rchkQ&#038;oh=00_AfX7QmFGhQhG2jAllVgXCiM1ZrWgvtp80-Bfppyexh1QEg&#038;oe=689E923C\" \/>\n\t\t<meta property=\"article:published_time\" content=\"2016-06-30T22:46:10+00:00\" \/>\n\t\t<meta property=\"article:modified_time\" content=\"2016-07-01T00:01:27+00:00\" \/>\n\t\t<meta name=\"twitter:card\" content=\"summary_large_image\" \/>\n\t\t<meta name=\"twitter:title\" content=\"Inaugurado o Centro de Atendimento ao Usu\u00e1rio do Demsur - A Not\u00edcia Online\" \/>\n\t\t<meta name=\"twitter:description\" content=\"Os usu\u00e1rios e os servidores do Departamento Municipal de Saneamento Urbano (Demsur) contam, agora, com uma nova estrutura de atendimento e de trabalho. A autarquia inaugurou, nesta quinta-feira (30), o Centro de Atendimento ao Usu\u00e1rio do Demsur \u201cCarlos Augusto Portilho Dornelas\u201d. Estiveram presentes na inaugura\u00e7\u00e3o autoridades e a fam\u00edlia do homenageado. Localizado ao lado do\" \/>\n\t\t<meta name=\"twitter:image\" content=\"https:\/\/scontent-gig4-1.xx.fbcdn.net\/v\/t39.30808-1\/270437624_4564083193639691_6907940295614233970_n.jpg?stp=dst-jpg_s200x200_tt6&amp;_nc_cat=111&amp;ccb=1-7&amp;_nc_sid=f907e8&amp;_nc_ohc=SM1wRlP3lJwQ7kNvwEPuBYA&amp;_nc_oc=AdnqrjDN_BNjSSHWO-GbkIWH6fkGMLw4bqvL_NH6e2wMveX7G-rP2dAqsDSq1mJMOaY&amp;_nc_zt=24&amp;_nc_ht=scontent-gig4-1.xx&amp;_nc_gid=AoBFJeGrT1hVaew_6rchkQ&amp;oh=00_AfX7QmFGhQhG2jAllVgXCiM1ZrWgvtp80-Bfppyexh1QEg&amp;oe=689E923C\" \/>\n\t\t<script type=\"application\/ld+json\" class=\"aioseo-schema\">\n\t\t\t{\"@context\":\"https:\\\/\\\/schema.org\",\"@graph\":[{\"@type\":\"BlogPosting\",\"@id\":\"https:\\\/\\\/anoticiaonline.com.br\\\/site\\\/inaugurado-o-centro-de-atendimento-ao-usuario-do-demsur\\\/#blogposting\",\"name\":\"Inaugurado o Centro de Atendimento ao Usu\\u00e1rio do Demsur - A Not\\u00edcia Online\",\"headline\":\"Inaugurado o Centro de Atendimento ao Usu\\u00e1rio do Demsur\",\"author\":{\"@id\":\"https:\\\/\\\/anoticiaonline.com.br\\\/site\\\/author\\\/juliana\\\/#author\"},\"publisher\":{\"@id\":\"https:\\\/\\\/anoticiaonline.com.br\\\/site\\\/#organization\"},\"image\":{\"@type\":\"ImageObject\",\"url\":\"https:\\\/\\\/anoticiaonline.com.br\\\/site\\\/wp-content\\\/uploads\\\/2016\\\/06\\\/DSC_0127.jpg\",\"width\":640,\"height\":478},\"datePublished\":\"2016-06-30T19:46:10-03:00\",\"dateModified\":\"2016-06-30T21:01:27-03:00\",\"inLanguage\":\"pt-BR\",\"mainEntityOfPage\":{\"@id\":\"https:\\\/\\\/anoticiaonline.com.br\\\/site\\\/inaugurado-o-centro-de-atendimento-ao-usuario-do-demsur\\\/#webpage\"},\"isPartOf\":{\"@id\":\"https:\\\/\\\/anoticiaonline.com.br\\\/site\\\/inaugurado-o-centro-de-atendimento-ao-usuario-do-demsur\\\/#webpage\"},\"articleSection\":\"Blog, slide\"},{\"@type\":\"BreadcrumbList\",\"@id\":\"https:\\\/\\\/anoticiaonline.com.br\\\/site\\\/inaugurado-o-centro-de-atendimento-ao-usuario-do-demsur\\\/#breadcrumblist\",\"itemListElement\":[{\"@type\":\"ListItem\",\"@id\":\"https:\\\/\\\/anoticiaonline.com.br\\\/site#listItem\",\"position\":1,\"name\":\"Home\",\"item\":\"https:\\\/\\\/anoticiaonline.com.br\\\/site\",\"nextItem\":{\"@type\":\"ListItem\",\"@id\":\"https:\\\/\\\/anoticiaonline.com.br\\\/site\\\/categoria\\\/muriae\\\/#listItem\",\"name\":\"Blog\"}},{\"@type\":\"ListItem\",\"@id\":\"https:\\\/\\\/anoticiaonline.com.br\\\/site\\\/categoria\\\/muriae\\\/#listItem\",\"position\":2,\"name\":\"Blog\",\"item\":\"https:\\\/\\\/anoticiaonline.com.br\\\/site\\\/categoria\\\/muriae\\\/\",\"nextItem\":{\"@type\":\"ListItem\",\"@id\":\"https:\\\/\\\/anoticiaonline.com.br\\\/site\\\/inaugurado-o-centro-de-atendimento-ao-usuario-do-demsur\\\/#listItem\",\"name\":\"Inaugurado o Centro de Atendimento ao Usu\\u00e1rio do Demsur\"},\"previousItem\":{\"@type\":\"ListItem\",\"@id\":\"https:\\\/\\\/anoticiaonline.com.br\\\/site#listItem\",\"name\":\"Home\"}},{\"@type\":\"ListItem\",\"@id\":\"https:\\\/\\\/anoticiaonline.com.br\\\/site\\\/inaugurado-o-centro-de-atendimento-ao-usuario-do-demsur\\\/#listItem\",\"position\":3,\"name\":\"Inaugurado o Centro de Atendimento ao Usu\\u00e1rio do Demsur\",\"previousItem\":{\"@type\":\"ListItem\",\"@id\":\"https:\\\/\\\/anoticiaonline.com.br\\\/site\\\/categoria\\\/muriae\\\/#listItem\",\"name\":\"Blog\"}}]},{\"@type\":\"Organization\",\"@id\":\"https:\\\/\\\/anoticiaonline.com.br\\\/site\\\/#organization\",\"name\":\"A Not\\u00edcia Online\",\"description\":\"Noticias de Muria\\u00e9 e regi\\u00e3o\",\"url\":\"https:\\\/\\\/anoticiaonline.com.br\\\/site\\\/\",\"logo\":{\"@type\":\"ImageObject\",\"url\":\"https:\\\/\\\/scontent-gig4-1.xx.fbcdn.net\\\/v\\\/t39.30808-1\\\/270437624_4564083193639691_6907940295614233970_n.jpg?stp=dst-jpg_s200x200_tt6&_nc_cat=111&ccb=1-7&_nc_sid=f907e8&_nc_ohc=SM1wRlP3lJwQ7kNvwEPuBYA&_nc_oc=AdnqrjDN_BNjSSHWO-GbkIWH6fkGMLw4bqvL_NH6e2wMveX7G-rP2dAqsDSq1mJMOaY&_nc_zt=24&_nc_ht=scontent-gig4-1.xx&_nc_gid=AoBFJeGrT1hVaew_6rchkQ&oh=00_AfX7QmFGhQhG2jAllVgXCiM1ZrWgvtp80-Bfppyexh1QEg&oe=689E923C\",\"@id\":\"https:\\\/\\\/anoticiaonline.com.br\\\/site\\\/inaugurado-o-centro-de-atendimento-ao-usuario-do-demsur\\\/#organizationLogo\"},\"image\":{\"@id\":\"https:\\\/\\\/anoticiaonline.com.br\\\/site\\\/inaugurado-o-centro-de-atendimento-ao-usuario-do-demsur\\\/#organizationLogo\"}},{\"@type\":\"Person\",\"@id\":\"https:\\\/\\\/anoticiaonline.com.br\\\/site\\\/author\\\/juliana\\\/#author\",\"url\":\"https:\\\/\\\/anoticiaonline.com.br\\\/site\\\/author\\\/juliana\\\/\",\"name\":\"Juliana Laviola\",\"image\":{\"@type\":\"ImageObject\",\"@id\":\"https:\\\/\\\/anoticiaonline.com.br\\\/site\\\/inaugurado-o-centro-de-atendimento-ao-usuario-do-demsur\\\/#authorImage\",\"url\":\"https:\\\/\\\/secure.gravatar.com\\\/avatar\\\/b8d45f5c699b100dfaf0e543582f38f38bf94cb7ae3a5e9abf8d891a34773335?s=96&d=mm&r=g\",\"width\":96,\"height\":96,\"caption\":\"Juliana Laviola\"}},{\"@type\":\"WebPage\",\"@id\":\"https:\\\/\\\/anoticiaonline.com.br\\\/site\\\/inaugurado-o-centro-de-atendimento-ao-usuario-do-demsur\\\/#webpage\",\"url\":\"https:\\\/\\\/anoticiaonline.com.br\\\/site\\\/inaugurado-o-centro-de-atendimento-ao-usuario-do-demsur\\\/\",\"name\":\"Inaugurado o Centro de Atendimento ao Usu\\u00e1rio do Demsur - A Not\\u00edcia Online\",\"description\":\"Os usu\\u00e1rios e os servidores do Departamento Municipal de Saneamento Urbano (Demsur) contam, agora, com uma nova estrutura de atendimento e de trabalho. A autarquia inaugurou, nesta quinta-feira (30), o Centro de Atendimento ao Usu\\u00e1rio do Demsur \\u201cCarlos Augusto Portilho Dornelas\\u201d. Estiveram presentes na inaugura\\u00e7\\u00e3o autoridades e a fam\\u00edlia do homenageado. Localizado ao lado do\",\"inLanguage\":\"pt-BR\",\"isPartOf\":{\"@id\":\"https:\\\/\\\/anoticiaonline.com.br\\\/site\\\/#website\"},\"breadcrumb\":{\"@id\":\"https:\\\/\\\/anoticiaonline.com.br\\\/site\\\/inaugurado-o-centro-de-atendimento-ao-usuario-do-demsur\\\/#breadcrumblist\"},\"author\":{\"@id\":\"https:\\\/\\\/anoticiaonline.com.br\\\/site\\\/author\\\/juliana\\\/#author\"},\"creator\":{\"@id\":\"https:\\\/\\\/anoticiaonline.com.br\\\/site\\\/author\\\/juliana\\\/#author\"},\"image\":{\"@type\":\"ImageObject\",\"url\":\"https:\\\/\\\/anoticiaonline.com.br\\\/site\\\/wp-content\\\/uploads\\\/2016\\\/06\\\/DSC_0127.jpg\",\"@id\":\"https:\\\/\\\/anoticiaonline.com.br\\\/site\\\/inaugurado-o-centro-de-atendimento-ao-usuario-do-demsur\\\/#mainImage\",\"width\":640,\"height\":478},\"primaryImageOfPage\":{\"@id\":\"https:\\\/\\\/anoticiaonline.com.br\\\/site\\\/inaugurado-o-centro-de-atendimento-ao-usuario-do-demsur\\\/#mainImage\"},\"datePublished\":\"2016-06-30T19:46:10-03:00\",\"dateModified\":\"2016-06-30T21:01:27-03:00\"},{\"@type\":\"WebSite\",\"@id\":\"https:\\\/\\\/anoticiaonline.com.br\\\/site\\\/#website\",\"url\":\"https:\\\/\\\/anoticiaonline.com.br\\\/site\\\/\",\"name\":\"A Not\\u00edcia Online\",\"description\":\"Noticias de Muria\\u00e9 e regi\\u00e3o\",\"inLanguage\":\"pt-BR\",\"publisher\":{\"@id\":\"https:\\\/\\\/anoticiaonline.com.br\\\/site\\\/#organization\"}}]}\n\t\t<\/script>\n\t\t<!-- All in One SEO -->\n\n","aioseo_head_json":{"title":"Inaugurado o Centro de Atendimento ao Usu\u00e1rio do Demsur - A Not\u00edcia Online","description":"Os usu\u00e1rios e os servidores do Departamento Municipal de Saneamento Urbano (Demsur) contam, agora, com uma nova estrutura de atendimento e de trabalho. A autarquia inaugurou, nesta quinta-feira (30), o Centro de Atendimento ao Usu\u00e1rio do Demsur \u201cCarlos Augusto Portilho Dornelas\u201d. Estiveram presentes na inaugura\u00e7\u00e3o autoridades e a fam\u00edlia do homenageado. Localizado ao lado do","canonical_url":"https:\/\/anoticiaonline.com.br\/site\/inaugurado-o-centro-de-atendimento-ao-usuario-do-demsur\/","robots":"max-image-preview:large","keywords":"","webmasterTools":{"miscellaneous":""},"schema":{"@context":"https:\/\/schema.org","@graph":[{"@type":"BlogPosting","@id":"https:\/\/anoticiaonline.com.br\/site\/inaugurado-o-centro-de-atendimento-ao-usuario-do-demsur\/#blogposting","name":"Inaugurado o Centro de Atendimento ao Usu\u00e1rio do Demsur - A Not\u00edcia Online","headline":"Inaugurado o Centro de Atendimento ao Usu\u00e1rio do Demsur","author":{"@id":"https:\/\/anoticiaonline.com.br\/site\/author\/juliana\/#author"},"publisher":{"@id":"https:\/\/anoticiaonline.com.br\/site\/#organization"},"image":{"@type":"ImageObject","url":"https:\/\/anoticiaonline.com.br\/site\/wp-content\/uploads\/2016\/06\/DSC_0127.jpg","width":640,"height":478},"datePublished":"2016-06-30T19:46:10-03:00","dateModified":"2016-06-30T21:01:27-03:00","inLanguage":"pt-BR","mainEntityOfPage":{"@id":"https:\/\/anoticiaonline.com.br\/site\/inaugurado-o-centro-de-atendimento-ao-usuario-do-demsur\/#webpage"},"isPartOf":{"@id":"https:\/\/anoticiaonline.com.br\/site\/inaugurado-o-centro-de-atendimento-ao-usuario-do-demsur\/#webpage"},"articleSection":"Blog, slide"},{"@type":"BreadcrumbList","@id":"https:\/\/anoticiaonline.com.br\/site\/inaugurado-o-centro-de-atendimento-ao-usuario-do-demsur\/#breadcrumblist","itemListElement":[{"@type":"ListItem","@id":"https:\/\/anoticiaonline.com.br\/site#listItem","position":1,"name":"Home","item":"https:\/\/anoticiaonline.com.br\/site","nextItem":{"@type":"ListItem","@id":"https:\/\/anoticiaonline.com.br\/site\/categoria\/muriae\/#listItem","name":"Blog"}},{"@type":"ListItem","@id":"https:\/\/anoticiaonline.com.br\/site\/categoria\/muriae\/#listItem","position":2,"name":"Blog","item":"https:\/\/anoticiaonline.com.br\/site\/categoria\/muriae\/","nextItem":{"@type":"ListItem","@id":"https:\/\/anoticiaonline.com.br\/site\/inaugurado-o-centro-de-atendimento-ao-usuario-do-demsur\/#listItem","name":"Inaugurado o Centro de Atendimento ao Usu\u00e1rio do Demsur"},"previousItem":{"@type":"ListItem","@id":"https:\/\/anoticiaonline.com.br\/site#listItem","name":"Home"}},{"@type":"ListItem","@id":"https:\/\/anoticiaonline.com.br\/site\/inaugurado-o-centro-de-atendimento-ao-usuario-do-demsur\/#listItem","position":3,"name":"Inaugurado o Centro de Atendimento ao Usu\u00e1rio do Demsur","previousItem":{"@type":"ListItem","@id":"https:\/\/anoticiaonline.com.br\/site\/categoria\/muriae\/#listItem","name":"Blog"}}]},{"@type":"Organization","@id":"https:\/\/anoticiaonline.com.br\/site\/#organization","name":"A Not\u00edcia Online","description":"Noticias de Muria\u00e9 e regi\u00e3o","url":"https:\/\/anoticiaonline.com.br\/site\/","logo":{"@type":"ImageObject","url":"https:\/\/scontent-gig4-1.xx.fbcdn.net\/v\/t39.30808-1\/270437624_4564083193639691_6907940295614233970_n.jpg?stp=dst-jpg_s200x200_tt6&_nc_cat=111&ccb=1-7&_nc_sid=f907e8&_nc_ohc=SM1wRlP3lJwQ7kNvwEPuBYA&_nc_oc=AdnqrjDN_BNjSSHWO-GbkIWH6fkGMLw4bqvL_NH6e2wMveX7G-rP2dAqsDSq1mJMOaY&_nc_zt=24&_nc_ht=scontent-gig4-1.xx&_nc_gid=AoBFJeGrT1hVaew_6rchkQ&oh=00_AfX7QmFGhQhG2jAllVgXCiM1ZrWgvtp80-Bfppyexh1QEg&oe=689E923C","@id":"https:\/\/anoticiaonline.com.br\/site\/inaugurado-o-centro-de-atendimento-ao-usuario-do-demsur\/#organizationLogo"},"image":{"@id":"https:\/\/anoticiaonline.com.br\/site\/inaugurado-o-centro-de-atendimento-ao-usuario-do-demsur\/#organizationLogo"}},{"@type":"Person","@id":"https:\/\/anoticiaonline.com.br\/site\/author\/juliana\/#author","url":"https:\/\/anoticiaonline.com.br\/site\/author\/juliana\/","name":"Juliana Laviola","image":{"@type":"ImageObject","@id":"https:\/\/anoticiaonline.com.br\/site\/inaugurado-o-centro-de-atendimento-ao-usuario-do-demsur\/#authorImage","url":"https:\/\/secure.gravatar.com\/avatar\/b8d45f5c699b100dfaf0e543582f38f38bf94cb7ae3a5e9abf8d891a34773335?s=96&d=mm&r=g","width":96,"height":96,"caption":"Juliana Laviola"}},{"@type":"WebPage","@id":"https:\/\/anoticiaonline.com.br\/site\/inaugurado-o-centro-de-atendimento-ao-usuario-do-demsur\/#webpage","url":"https:\/\/anoticiaonline.com.br\/site\/inaugurado-o-centro-de-atendimento-ao-usuario-do-demsur\/","name":"Inaugurado o Centro de Atendimento ao Usu\u00e1rio do Demsur - A Not\u00edcia Online","description":"Os usu\u00e1rios e os servidores do Departamento Municipal de Saneamento Urbano (Demsur) contam, agora, com uma nova estrutura de atendimento e de trabalho. A autarquia inaugurou, nesta quinta-feira (30), o Centro de Atendimento ao Usu\u00e1rio do Demsur \u201cCarlos Augusto Portilho Dornelas\u201d. Estiveram presentes na inaugura\u00e7\u00e3o autoridades e a fam\u00edlia do homenageado. Localizado ao lado do","inLanguage":"pt-BR","isPartOf":{"@id":"https:\/\/anoticiaonline.com.br\/site\/#website"},"breadcrumb":{"@id":"https:\/\/anoticiaonline.com.br\/site\/inaugurado-o-centro-de-atendimento-ao-usuario-do-demsur\/#breadcrumblist"},"author":{"@id":"https:\/\/anoticiaonline.com.br\/site\/author\/juliana\/#author"},"creator":{"@id":"https:\/\/anoticiaonline.com.br\/site\/author\/juliana\/#author"},"image":{"@type":"ImageObject","url":"https:\/\/anoticiaonline.com.br\/site\/wp-content\/uploads\/2016\/06\/DSC_0127.jpg","@id":"https:\/\/anoticiaonline.com.br\/site\/inaugurado-o-centro-de-atendimento-ao-usuario-do-demsur\/#mainImage","width":640,"height":478},"primaryImageOfPage":{"@id":"https:\/\/anoticiaonline.com.br\/site\/inaugurado-o-centro-de-atendimento-ao-usuario-do-demsur\/#mainImage"},"datePublished":"2016-06-30T19:46:10-03:00","dateModified":"2016-06-30T21:01:27-03:00"},{"@type":"WebSite","@id":"https:\/\/anoticiaonline.com.br\/site\/#website","url":"https:\/\/anoticiaonline.com.br\/site\/","name":"A Not\u00edcia Online","description":"Noticias de Muria\u00e9 e regi\u00e3o","inLanguage":"pt-BR","publisher":{"@id":"https:\/\/anoticiaonline.com.br\/site\/#organization"}}]},"og:locale":"pt_BR","og:site_name":"A Not\u00edcia Online - Noticias de Muria\u00e9 e regi\u00e3o","og:type":"article","og:title":"Inaugurado o Centro de Atendimento ao Usu\u00e1rio do Demsur - A Not\u00edcia Online","og:description":"Os usu\u00e1rios e os servidores do Departamento Municipal de Saneamento Urbano (Demsur) contam, agora, com uma nova estrutura de atendimento e de trabalho. A autarquia inaugurou, nesta quinta-feira (30), o Centro de Atendimento ao Usu\u00e1rio do Demsur \u201cCarlos Augusto Portilho Dornelas\u201d. Estiveram presentes na inaugura\u00e7\u00e3o autoridades e a fam\u00edlia do homenageado. Localizado ao lado do","og:url":"https:\/\/anoticiaonline.com.br\/site\/inaugurado-o-centro-de-atendimento-ao-usuario-do-demsur\/","og:image":"https:\/\/scontent-gig4-1.xx.fbcdn.net\/v\/t39.30808-1\/270437624_4564083193639691_6907940295614233970_n.jpg?stp=dst-jpg_s200x200_tt6&#038;_nc_cat=111&#038;ccb=1-7&#038;_nc_sid=f907e8&#038;_nc_ohc=SM1wRlP3lJwQ7kNvwEPuBYA&#038;_nc_oc=AdnqrjDN_BNjSSHWO-GbkIWH6fkGMLw4bqvL_NH6e2wMveX7G-rP2dAqsDSq1mJMOaY&#038;_nc_zt=24&#038;_nc_ht=scontent-gig4-1.xx&#038;_nc_gid=AoBFJeGrT1hVaew_6rchkQ&#038;oh=00_AfX7QmFGhQhG2jAllVgXCiM1ZrWgvtp80-Bfppyexh1QEg&#038;oe=689E923C","og:image:secure_url":"https:\/\/scontent-gig4-1.xx.fbcdn.net\/v\/t39.30808-1\/270437624_4564083193639691_6907940295614233970_n.jpg?stp=dst-jpg_s200x200_tt6&#038;_nc_cat=111&#038;ccb=1-7&#038;_nc_sid=f907e8&#038;_nc_ohc=SM1wRlP3lJwQ7kNvwEPuBYA&#038;_nc_oc=AdnqrjDN_BNjSSHWO-GbkIWH6fkGMLw4bqvL_NH6e2wMveX7G-rP2dAqsDSq1mJMOaY&#038;_nc_zt=24&#038;_nc_ht=scontent-gig4-1.xx&#038;_nc_gid=AoBFJeGrT1hVaew_6rchkQ&#038;oh=00_AfX7QmFGhQhG2jAllVgXCiM1ZrWgvtp80-Bfppyexh1QEg&#038;oe=689E923C","article:published_time":"2016-06-30T22:46:10+00:00","article:modified_time":"2016-07-01T00:01:27+00:00","twitter:card":"summary_large_image","twitter:title":"Inaugurado o Centro de Atendimento ao Usu\u00e1rio do Demsur - A Not\u00edcia Online","twitter:description":"Os usu\u00e1rios e os servidores do Departamento Municipal de Saneamento Urbano (Demsur) contam, agora, com uma nova estrutura de atendimento e de trabalho. A autarquia inaugurou, nesta quinta-feira (30), o Centro de Atendimento ao Usu\u00e1rio do Demsur \u201cCarlos Augusto Portilho Dornelas\u201d. Estiveram presentes na inaugura\u00e7\u00e3o autoridades e a fam\u00edlia do homenageado. Localizado ao lado do","twitter:image":"https:\/\/scontent-gig4-1.xx.fbcdn.net\/v\/t39.30808-1\/270437624_4564083193639691_6907940295614233970_n.jpg?stp=dst-jpg_s200x200_tt6&_nc_cat=111&ccb=1-7&_nc_sid=f907e8&_nc_ohc=SM1wRlP3lJwQ7kNvwEPuBYA&_nc_oc=AdnqrjDN_BNjSSHWO-GbkIWH6fkGMLw4bqvL_NH6e2wMveX7G-rP2dAqsDSq1mJMOaY&_nc_zt=24&_nc_ht=scontent-gig4-1.xx&_nc_gid=AoBFJeGrT1hVaew_6rchkQ&oh=00_AfX7QmFGhQhG2jAllVgXCiM1ZrWgvtp80-Bfppyexh1QEg&oe=689E923C"},"aioseo_meta_data":{"post_id":"14895","title":null,"description":null,"keywords":null,"keyphrases":null,"primary_term":null,"canonical_url":null,"og_title":null,"og_description":null,"og_object_type":"default","og_image_type":"default","og_image_url":null,"og_image_width":null,"og_image_height":null,"og_image_custom_url":null,"og_image_custom_fields":null,"og_video":null,"og_custom_url":null,"og_article_section":null,"og_article_tags":null,"twitter_use_og":false,"twitter_card":"default","twitter_image_type":"default","twitter_image_url":null,"twitter_image_custom_url":null,"twitter_image_custom_fields":null,"twitter_title":null,"twitter_description":null,"schema":{"blockGraphs":[],"customGraphs":[],"default":{"data":{"Article":[],"Course":[],"Dataset":[],"FAQPage":[],"Movie":[],"Person":[],"Product":[],"ProductReview":[],"Car":[],"Recipe":[],"Service":[],"SoftwareApplication":[],"WebPage":[]},"graphName":"","isEnabled":true},"graphs":[]},"schema_type":"default","schema_type_options":null,"pillar_content":false,"robots_default":true,"robots_noindex":false,"robots_noarchive":false,"robots_nosnippet":false,"robots_nofollow":false,"robots_noimageindex":false,"robots_noodp":false,"robots_notranslate":false,"robots_max_snippet":null,"robots_max_videopreview":null,"robots_max_imagepreview":"large","priority":null,"frequency":null,"local_seo":null,"breadcrumb_settings":null,"limit_modified_date":false,"ai":null,"created":"2025-08-16 16:18:28","updated":"2025-08-16 16:18:28","focus_keyword":null,"additional_keywords":null,"truseo_locale":null,"seo_analyzer_scan_date":null},"aioseo_breadcrumb":"<div class=\"aioseo-breadcrumbs\"><span class=\"aioseo-breadcrumb\">\n\t\t\t<a href=\"https:\/\/anoticiaonline.com.br\/site\" title=\"Home\">Home<\/a>\n\t\t<\/span><span class=\"aioseo-breadcrumb-separator\">&raquo;<\/span><span class=\"aioseo-breadcrumb\">\n\t\t\t<a href=\"https:\/\/anoticiaonline.com.br\/site\/categoria\/muriae\/\" title=\"Blog\">Blog<\/a>\n\t\t<\/span><span class=\"aioseo-breadcrumb-separator\">&raquo;<\/span><span class=\"aioseo-breadcrumb\">\n\t\t\tInaugurado o Centro de Atendimento ao Usu\u00e1rio do Demsur\n\t\t<\/span><\/div>","aioseo_breadcrumb_json":[{"label":"Home","link":"https:\/\/anoticiaonline.com.br\/site"},{"label":"Blog","link":"https:\/\/anoticiaonline.com.br\/site\/categoria\/muriae\/"},{"label":"Inaugurado o Centro de Atendimento ao Usu\u00e1rio do Demsur","link":"https:\/\/anoticiaonline.com.br\/site\/inaugurado-o-centro-de-atendimento-ao-usuario-do-demsur\/"}],"views":164,"_links":{"self":[{"href":"https:\/\/anoticiaonline.com.br\/site\/wp-json\/wp\/v2\/posts\/14895","targetHints":{"allow":["GET"]}}],"collection":[{"href":"https:\/\/anoticiaonline.com.br\/site\/wp-json\/wp\/v2\/posts"}],"about":[{"href":"https:\/\/anoticiaonline.com.br\/site\/wp-json\/wp\/v2\/types\/post"}],"author":[{"embeddable":true,"href":"https:\/\/anoticiaonline.com.br\/site\/wp-json\/wp\/v2\/users\/2"}],"replies":[{"embeddable":true,"href":"https:\/\/anoticiaonline.com.br\/site\/wp-json\/wp\/v2\/comments?post=14895"}],"version-history":[{"count":0,"href":"https:\/\/anoticiaonline.com.br\/site\/wp-json\/wp\/v2\/posts\/14895\/revisions"}],"wp:featuredmedia":[{"embeddable":true,"href":"https:\/\/anoticiaonline.com.br\/site\/wp-json\/wp\/v2\/media\/14896"}],"wp:attachment":[{"href":"https:\/\/anoticiaonline.com.br\/site\/wp-json\/wp\/v2\/media?parent=14895"}],"wp:term":[{"taxonomy":"category","embeddable":true,"href":"https:\/\/anoticiaonline.com.br\/site\/wp-json\/wp\/v2\/categories?post=14895"},{"taxonomy":"post_tag","embeddable":true,"href":"https:\/\/anoticiaonline.com.br\/site\/wp-json\/wp\/v2\/tags?post=14895"}],"curies":[{"name":"wp","href":"https:\/\/api.w.org\/{rel}","templated":true}]}}