{"id":14859,"date":"2016-06-30T10:17:17","date_gmt":"2016-06-30T13:17:17","guid":{"rendered":"http:\/\/anoticiaonline.com.br\/site\/?p=14859"},"modified":"2016-06-30T10:17:17","modified_gmt":"2016-06-30T13:17:17","slug":"47o-bpm-recebe-posto-organico-coletivo","status":"publish","type":"post","link":"https:\/\/anoticiaonline.com.br\/site\/47o-bpm-recebe-posto-organico-coletivo\/","title":{"rendered":"47\u00ba BPM recebe Posto Org\u00e2nico Coletivo"},"content":{"rendered":"<p><a href=\"https:\/\/anoticiaonline.com.br\/site\/wp-content\/uploads\/2016\/06\/47\u00ba-BPM-recebe-Posto-Org\u00e2nico-Coletivo.jpg\"><img fetchpriority=\"high\" decoding=\"async\" class=\" size-medium wp-image-14860 alignleft\" src=\"https:\/\/anoticiaonline.com.br\/site\/wp-content\/uploads\/2016\/06\/47\u00ba-BPM-recebe-Posto-Org\u00e2nico-Coletivo-300x200.jpg\" alt=\"47\u00ba BPM recebe Posto Org\u00e2nico Coletivo\" width=\"300\" height=\"200\" srcset=\"https:\/\/anoticiaonline.com.br\/site\/wp-content\/uploads\/2016\/06\/47\u00ba-BPM-recebe-Posto-Org\u00e2nico-Coletivo-300x200.jpg 300w, https:\/\/anoticiaonline.com.br\/site\/wp-content\/uploads\/2016\/06\/47\u00ba-BPM-recebe-Posto-Org\u00e2nico-Coletivo-290x192.jpg 290w, https:\/\/anoticiaonline.com.br\/site\/wp-content\/uploads\/2016\/06\/47\u00ba-BPM-recebe-Posto-Org\u00e2nico-Coletivo.jpg 640w\" sizes=\"(max-width: 300px) 100vw, 300px\" \/><\/a>O 47\u00ba Batalh\u00e3o de Pol\u00edcia Militar \u00e9 um dos pontos do Posto Org\u00e2nico Coletivo (POC), que consiste em um modelo de abastecimento da frota de ve\u00edculos do estado, como Pol\u00edcia Militar, Pol\u00edcia Civil, Corpo de Bombeiros, Secretaria de Defesa Social (SEDS), entre outros.<\/p>\n<p>O POC come\u00e7ou a funcionar em Muria\u00e9 na ter\u00e7a-feira (28), ap\u00f3s receber a primeira carga de combust\u00edveis. Inicialmente ser\u00e3o disponibilizados gasolina e diesel para o abastecimento dos ve\u00edculos do estado, nos quais foram previamente instalados dispositivos eletr\u00f4nicos de controle, a fim de permitir maior seguran\u00e7a e acompanhamento dos abastecimentos realizados.<\/p>\n<p>Entre as vantagens da utiliza\u00e7\u00e3o do POC est\u00e3o a aquisi\u00e7\u00e3o de combust\u00edveis com valores mais baratos, gerando economia para o Estado, maior autonomia e seguran\u00e7a dos servidores p\u00fablicos dos diversos \u00f3rg\u00e3os estaduais que precisam realizar os abastecimentos e desburocratiza\u00e7\u00e3o dos abastecimentos, visto que o funcionamento do sistema \u00e9 totalmente online.<\/p>\n<p>\u201cTais vantagens possibilitar\u00e3o uma melhor presta\u00e7\u00e3o de servi\u00e7os \u00e0 comunidade muriaeense de v\u00e1rios \u00f3rg\u00e3os do estado, principalmente pela Pol\u00edcia Militar, que ter\u00e1 como intensificar os patrulhamentos preventivos nos bairros com maiores \u00edndices criminais, aumentando, assim, a sensa\u00e7\u00e3o de seguran\u00e7a de toda a popula\u00e7\u00e3o\u201d, afirma o comando do 47\u00ba BPM.<\/p>\n","protected":false},"excerpt":{"rendered":"<p>O 47\u00ba Batalh\u00e3o de Pol\u00edcia Militar \u00e9 um dos pontos do Posto Org\u00e2nico Coletivo (POC), que consiste em um modelo de abastecimento da frota de ve\u00edculos do estado, como Pol\u00edcia Militar, Pol\u00edcia Civil, Corpo de Bombeiros, Secretaria de Defesa Social (SEDS), entre outros. O POC come\u00e7ou a funcionar em Muria\u00e9 na ter\u00e7a-feira (28), ap\u00f3s receber &#8230; <a title=\"47\u00ba BPM recebe Posto Org\u00e2nico Coletivo\" class=\"read-more\" href=\"https:\/\/anoticiaonline.com.br\/site\/47o-bpm-recebe-posto-organico-coletivo\/\" aria-label=\"Read more about 47\u00ba BPM recebe Posto Org\u00e2nico Coletivo\">Ler mais<\/a><\/p>\n","protected":false},"author":2,"featured_media":14860,"comment_status":"open","ping_status":"open","sticky":false,"template":"","format":"standard","meta":{"_acf_changed":false,"_monsterinsights_skip_tracking":false,"footnotes":""},"categories":[30],"tags":[3],"class_list":["post-14859","post","type-post","status-publish","format-standard","has-post-thumbnail","hentry","category-muriae","tag-slide"],"acf":[],"aioseo_notices":[],"aioseo_head":"\n\t\t<!-- All in One SEO 5.0.0.1 - aioseo.com -->\n\t<meta name=\"description\" content=\"O 47\u00ba Batalh\u00e3o de Pol\u00edcia Militar \u00e9 um dos pontos do Posto Org\u00e2nico Coletivo (POC), que consiste em um modelo de abastecimento da frota de ve\u00edculos do estado, como Pol\u00edcia Militar, Pol\u00edcia Civil, Corpo de Bombeiros, Secretaria de Defesa Social (SEDS), entre outros. O POC come\u00e7ou a funcionar em Muria\u00e9 na ter\u00e7a-feira (28), ap\u00f3s receber\" \/>\n\t<meta name=\"robots\" content=\"max-image-preview:large\" \/>\n\t<meta name=\"author\" content=\"Juliana Laviola\"\/>\n\t<link rel=\"canonical\" href=\"https:\/\/anoticiaonline.com.br\/site\/47o-bpm-recebe-posto-organico-coletivo\/\" \/>\n\t<meta name=\"generator\" content=\"All in One SEO (AIOSEO) 5.0.0.1\" \/>\n\t\t<meta property=\"og:locale\" content=\"pt_BR\" \/>\n\t\t<meta property=\"og:site_name\" content=\"A Not\u00edcia Online - Noticias de Muria\u00e9 e regi\u00e3o\" \/>\n\t\t<meta property=\"og:type\" content=\"article\" \/>\n\t\t<meta property=\"og:title\" content=\"47\u00ba BPM recebe Posto Org\u00e2nico Coletivo - A Not\u00edcia Online\" \/>\n\t\t<meta property=\"og:description\" content=\"O 47\u00ba Batalh\u00e3o de Pol\u00edcia Militar \u00e9 um dos pontos do Posto Org\u00e2nico Coletivo (POC), que consiste em um modelo de abastecimento da frota de ve\u00edculos do estado, como Pol\u00edcia Militar, Pol\u00edcia Civil, Corpo de Bombeiros, Secretaria de Defesa Social (SEDS), entre outros. O POC come\u00e7ou a funcionar em Muria\u00e9 na ter\u00e7a-feira (28), ap\u00f3s receber\" \/>\n\t\t<meta property=\"og:url\" content=\"https:\/\/anoticiaonline.com.br\/site\/47o-bpm-recebe-posto-organico-coletivo\/\" \/>\n\t\t<meta property=\"og:image\" content=\"https:\/\/scontent-gig4-1.xx.fbcdn.net\/v\/t39.30808-1\/270437624_4564083193639691_6907940295614233970_n.jpg?stp=dst-jpg_s200x200_tt6&#038;_nc_cat=111&#038;ccb=1-7&#038;_nc_sid=f907e8&#038;_nc_ohc=SM1wRlP3lJwQ7kNvwEPuBYA&#038;_nc_oc=AdnqrjDN_BNjSSHWO-GbkIWH6fkGMLw4bqvL_NH6e2wMveX7G-rP2dAqsDSq1mJMOaY&#038;_nc_zt=24&#038;_nc_ht=scontent-gig4-1.xx&#038;_nc_gid=AoBFJeGrT1hVaew_6rchkQ&#038;oh=00_AfX7QmFGhQhG2jAllVgXCiM1ZrWgvtp80-Bfppyexh1QEg&#038;oe=689E923C\" \/>\n\t\t<meta property=\"og:image:secure_url\" content=\"https:\/\/scontent-gig4-1.xx.fbcdn.net\/v\/t39.30808-1\/270437624_4564083193639691_6907940295614233970_n.jpg?stp=dst-jpg_s200x200_tt6&#038;_nc_cat=111&#038;ccb=1-7&#038;_nc_sid=f907e8&#038;_nc_ohc=SM1wRlP3lJwQ7kNvwEPuBYA&#038;_nc_oc=AdnqrjDN_BNjSSHWO-GbkIWH6fkGMLw4bqvL_NH6e2wMveX7G-rP2dAqsDSq1mJMOaY&#038;_nc_zt=24&#038;_nc_ht=scontent-gig4-1.xx&#038;_nc_gid=AoBFJeGrT1hVaew_6rchkQ&#038;oh=00_AfX7QmFGhQhG2jAllVgXCiM1ZrWgvtp80-Bfppyexh1QEg&#038;oe=689E923C\" \/>\n\t\t<meta property=\"article:published_time\" content=\"2016-06-30T13:17:17+00:00\" \/>\n\t\t<meta property=\"article:modified_time\" content=\"2016-06-30T13:17:17+00:00\" \/>\n\t\t<meta name=\"twitter:card\" content=\"summary_large_image\" \/>\n\t\t<meta name=\"twitter:title\" content=\"47\u00ba BPM recebe Posto Org\u00e2nico Coletivo - A Not\u00edcia Online\" \/>\n\t\t<meta name=\"twitter:description\" content=\"O 47\u00ba Batalh\u00e3o de Pol\u00edcia Militar \u00e9 um dos pontos do Posto Org\u00e2nico Coletivo (POC), que consiste em um modelo de abastecimento da frota de ve\u00edculos do estado, como Pol\u00edcia Militar, Pol\u00edcia Civil, Corpo de Bombeiros, Secretaria de Defesa Social (SEDS), entre outros. O POC come\u00e7ou a funcionar em Muria\u00e9 na ter\u00e7a-feira (28), ap\u00f3s receber\" \/>\n\t\t<meta name=\"twitter:image\" content=\"https:\/\/scontent-gig4-1.xx.fbcdn.net\/v\/t39.30808-1\/270437624_4564083193639691_6907940295614233970_n.jpg?stp=dst-jpg_s200x200_tt6&amp;_nc_cat=111&amp;ccb=1-7&amp;_nc_sid=f907e8&amp;_nc_ohc=SM1wRlP3lJwQ7kNvwEPuBYA&amp;_nc_oc=AdnqrjDN_BNjSSHWO-GbkIWH6fkGMLw4bqvL_NH6e2wMveX7G-rP2dAqsDSq1mJMOaY&amp;_nc_zt=24&amp;_nc_ht=scontent-gig4-1.xx&amp;_nc_gid=AoBFJeGrT1hVaew_6rchkQ&amp;oh=00_AfX7QmFGhQhG2jAllVgXCiM1ZrWgvtp80-Bfppyexh1QEg&amp;oe=689E923C\" \/>\n\t\t<script type=\"application\/ld+json\" class=\"aioseo-schema\">\n\t\t\t{\"@context\":\"https:\\\/\\\/schema.org\",\"@graph\":[{\"@type\":\"BlogPosting\",\"@id\":\"https:\\\/\\\/anoticiaonline.com.br\\\/site\\\/47o-bpm-recebe-posto-organico-coletivo\\\/#blogposting\",\"name\":\"47\\u00ba BPM recebe Posto Org\\u00e2nico Coletivo - A Not\\u00edcia Online\",\"headline\":\"47\\u00ba BPM recebe Posto Org\\u00e2nico Coletivo\",\"author\":{\"@id\":\"https:\\\/\\\/anoticiaonline.com.br\\\/site\\\/author\\\/juliana\\\/#author\"},\"publisher\":{\"@id\":\"https:\\\/\\\/anoticiaonline.com.br\\\/site\\\/#organization\"},\"image\":{\"@type\":\"ImageObject\",\"url\":\"https:\\\/\\\/anoticiaonline.com.br\\\/site\\\/wp-content\\\/uploads\\\/2016\\\/06\\\/47\\u00ba-BPM-recebe-Posto-Org\\u00e2nico-Coletivo.jpg\",\"width\":640,\"height\":426},\"datePublished\":\"2016-06-30T10:17:17-03:00\",\"dateModified\":\"2016-06-30T10:17:17-03:00\",\"inLanguage\":\"pt-BR\",\"mainEntityOfPage\":{\"@id\":\"https:\\\/\\\/anoticiaonline.com.br\\\/site\\\/47o-bpm-recebe-posto-organico-coletivo\\\/#webpage\"},\"isPartOf\":{\"@id\":\"https:\\\/\\\/anoticiaonline.com.br\\\/site\\\/47o-bpm-recebe-posto-organico-coletivo\\\/#webpage\"},\"articleSection\":\"Blog, slide\"},{\"@type\":\"BreadcrumbList\",\"@id\":\"https:\\\/\\\/anoticiaonline.com.br\\\/site\\\/47o-bpm-recebe-posto-organico-coletivo\\\/#breadcrumblist\",\"itemListElement\":[{\"@type\":\"ListItem\",\"@id\":\"https:\\\/\\\/anoticiaonline.com.br\\\/site#listItem\",\"position\":1,\"name\":\"Home\",\"item\":\"https:\\\/\\\/anoticiaonline.com.br\\\/site\",\"nextItem\":{\"@type\":\"ListItem\",\"@id\":\"https:\\\/\\\/anoticiaonline.com.br\\\/site\\\/categoria\\\/muriae\\\/#listItem\",\"name\":\"Blog\"}},{\"@type\":\"ListItem\",\"@id\":\"https:\\\/\\\/anoticiaonline.com.br\\\/site\\\/categoria\\\/muriae\\\/#listItem\",\"position\":2,\"name\":\"Blog\",\"item\":\"https:\\\/\\\/anoticiaonline.com.br\\\/site\\\/categoria\\\/muriae\\\/\",\"nextItem\":{\"@type\":\"ListItem\",\"@id\":\"https:\\\/\\\/anoticiaonline.com.br\\\/site\\\/47o-bpm-recebe-posto-organico-coletivo\\\/#listItem\",\"name\":\"47\\u00ba BPM recebe Posto Org\\u00e2nico Coletivo\"},\"previousItem\":{\"@type\":\"ListItem\",\"@id\":\"https:\\\/\\\/anoticiaonline.com.br\\\/site#listItem\",\"name\":\"Home\"}},{\"@type\":\"ListItem\",\"@id\":\"https:\\\/\\\/anoticiaonline.com.br\\\/site\\\/47o-bpm-recebe-posto-organico-coletivo\\\/#listItem\",\"position\":3,\"name\":\"47\\u00ba BPM recebe Posto Org\\u00e2nico Coletivo\",\"previousItem\":{\"@type\":\"ListItem\",\"@id\":\"https:\\\/\\\/anoticiaonline.com.br\\\/site\\\/categoria\\\/muriae\\\/#listItem\",\"name\":\"Blog\"}}]},{\"@type\":\"Organization\",\"@id\":\"https:\\\/\\\/anoticiaonline.com.br\\\/site\\\/#organization\",\"name\":\"A Not\\u00edcia Online\",\"description\":\"Noticias de Muria\\u00e9 e regi\\u00e3o\",\"url\":\"https:\\\/\\\/anoticiaonline.com.br\\\/site\\\/\",\"logo\":{\"@type\":\"ImageObject\",\"url\":\"https:\\\/\\\/scontent-gig4-1.xx.fbcdn.net\\\/v\\\/t39.30808-1\\\/270437624_4564083193639691_6907940295614233970_n.jpg?stp=dst-jpg_s200x200_tt6&_nc_cat=111&ccb=1-7&_nc_sid=f907e8&_nc_ohc=SM1wRlP3lJwQ7kNvwEPuBYA&_nc_oc=AdnqrjDN_BNjSSHWO-GbkIWH6fkGMLw4bqvL_NH6e2wMveX7G-rP2dAqsDSq1mJMOaY&_nc_zt=24&_nc_ht=scontent-gig4-1.xx&_nc_gid=AoBFJeGrT1hVaew_6rchkQ&oh=00_AfX7QmFGhQhG2jAllVgXCiM1ZrWgvtp80-Bfppyexh1QEg&oe=689E923C\",\"@id\":\"https:\\\/\\\/anoticiaonline.com.br\\\/site\\\/47o-bpm-recebe-posto-organico-coletivo\\\/#organizationLogo\"},\"image\":{\"@id\":\"https:\\\/\\\/anoticiaonline.com.br\\\/site\\\/47o-bpm-recebe-posto-organico-coletivo\\\/#organizationLogo\"}},{\"@type\":\"Person\",\"@id\":\"https:\\\/\\\/anoticiaonline.com.br\\\/site\\\/author\\\/juliana\\\/#author\",\"url\":\"https:\\\/\\\/anoticiaonline.com.br\\\/site\\\/author\\\/juliana\\\/\",\"name\":\"Juliana Laviola\",\"image\":{\"@type\":\"ImageObject\",\"@id\":\"https:\\\/\\\/anoticiaonline.com.br\\\/site\\\/47o-bpm-recebe-posto-organico-coletivo\\\/#authorImage\",\"url\":\"https:\\\/\\\/secure.gravatar.com\\\/avatar\\\/b8d45f5c699b100dfaf0e543582f38f38bf94cb7ae3a5e9abf8d891a34773335?s=96&d=mm&r=g\",\"width\":96,\"height\":96,\"caption\":\"Juliana Laviola\"}},{\"@type\":\"WebPage\",\"@id\":\"https:\\\/\\\/anoticiaonline.com.br\\\/site\\\/47o-bpm-recebe-posto-organico-coletivo\\\/#webpage\",\"url\":\"https:\\\/\\\/anoticiaonline.com.br\\\/site\\\/47o-bpm-recebe-posto-organico-coletivo\\\/\",\"name\":\"47\\u00ba BPM recebe Posto Org\\u00e2nico Coletivo - A Not\\u00edcia Online\",\"description\":\"O 47\\u00ba Batalh\\u00e3o de Pol\\u00edcia Militar \\u00e9 um dos pontos do Posto Org\\u00e2nico Coletivo (POC), que consiste em um modelo de abastecimento da frota de ve\\u00edculos do estado, como Pol\\u00edcia Militar, Pol\\u00edcia Civil, Corpo de Bombeiros, Secretaria de Defesa Social (SEDS), entre outros. O POC come\\u00e7ou a funcionar em Muria\\u00e9 na ter\\u00e7a-feira (28), ap\\u00f3s receber\",\"inLanguage\":\"pt-BR\",\"isPartOf\":{\"@id\":\"https:\\\/\\\/anoticiaonline.com.br\\\/site\\\/#website\"},\"breadcrumb\":{\"@id\":\"https:\\\/\\\/anoticiaonline.com.br\\\/site\\\/47o-bpm-recebe-posto-organico-coletivo\\\/#breadcrumblist\"},\"author\":{\"@id\":\"https:\\\/\\\/anoticiaonline.com.br\\\/site\\\/author\\\/juliana\\\/#author\"},\"creator\":{\"@id\":\"https:\\\/\\\/anoticiaonline.com.br\\\/site\\\/author\\\/juliana\\\/#author\"},\"image\":{\"@type\":\"ImageObject\",\"url\":\"https:\\\/\\\/anoticiaonline.com.br\\\/site\\\/wp-content\\\/uploads\\\/2016\\\/06\\\/47\\u00ba-BPM-recebe-Posto-Org\\u00e2nico-Coletivo.jpg\",\"@id\":\"https:\\\/\\\/anoticiaonline.com.br\\\/site\\\/47o-bpm-recebe-posto-organico-coletivo\\\/#mainImage\",\"width\":640,\"height\":426},\"primaryImageOfPage\":{\"@id\":\"https:\\\/\\\/anoticiaonline.com.br\\\/site\\\/47o-bpm-recebe-posto-organico-coletivo\\\/#mainImage\"},\"datePublished\":\"2016-06-30T10:17:17-03:00\",\"dateModified\":\"2016-06-30T10:17:17-03:00\"},{\"@type\":\"WebSite\",\"@id\":\"https:\\\/\\\/anoticiaonline.com.br\\\/site\\\/#website\",\"url\":\"https:\\\/\\\/anoticiaonline.com.br\\\/site\\\/\",\"name\":\"A Not\\u00edcia Online\",\"description\":\"Noticias de Muria\\u00e9 e regi\\u00e3o\",\"inLanguage\":\"pt-BR\",\"publisher\":{\"@id\":\"https:\\\/\\\/anoticiaonline.com.br\\\/site\\\/#organization\"}}]}\n\t\t<\/script>\n\t\t<!-- All in One SEO -->\n\n","aioseo_head_json":{"title":"47\u00ba BPM recebe Posto Org\u00e2nico Coletivo - A Not\u00edcia Online","description":"O 47\u00ba Batalh\u00e3o de Pol\u00edcia Militar \u00e9 um dos pontos do Posto Org\u00e2nico Coletivo (POC), que consiste em um modelo de abastecimento da frota de ve\u00edculos do estado, como Pol\u00edcia Militar, Pol\u00edcia Civil, Corpo de Bombeiros, Secretaria de Defesa Social (SEDS), entre outros. O POC come\u00e7ou a funcionar em Muria\u00e9 na ter\u00e7a-feira (28), ap\u00f3s receber","canonical_url":"https:\/\/anoticiaonline.com.br\/site\/47o-bpm-recebe-posto-organico-coletivo\/","robots":"max-image-preview:large","keywords":"","webmasterTools":{"miscellaneous":""},"schema":{"@context":"https:\/\/schema.org","@graph":[{"@type":"BlogPosting","@id":"https:\/\/anoticiaonline.com.br\/site\/47o-bpm-recebe-posto-organico-coletivo\/#blogposting","name":"47\u00ba BPM recebe Posto Org\u00e2nico Coletivo - A Not\u00edcia Online","headline":"47\u00ba BPM recebe Posto Org\u00e2nico Coletivo","author":{"@id":"https:\/\/anoticiaonline.com.br\/site\/author\/juliana\/#author"},"publisher":{"@id":"https:\/\/anoticiaonline.com.br\/site\/#organization"},"image":{"@type":"ImageObject","url":"https:\/\/anoticiaonline.com.br\/site\/wp-content\/uploads\/2016\/06\/47\u00ba-BPM-recebe-Posto-Org\u00e2nico-Coletivo.jpg","width":640,"height":426},"datePublished":"2016-06-30T10:17:17-03:00","dateModified":"2016-06-30T10:17:17-03:00","inLanguage":"pt-BR","mainEntityOfPage":{"@id":"https:\/\/anoticiaonline.com.br\/site\/47o-bpm-recebe-posto-organico-coletivo\/#webpage"},"isPartOf":{"@id":"https:\/\/anoticiaonline.com.br\/site\/47o-bpm-recebe-posto-organico-coletivo\/#webpage"},"articleSection":"Blog, slide"},{"@type":"BreadcrumbList","@id":"https:\/\/anoticiaonline.com.br\/site\/47o-bpm-recebe-posto-organico-coletivo\/#breadcrumblist","itemListElement":[{"@type":"ListItem","@id":"https:\/\/anoticiaonline.com.br\/site#listItem","position":1,"name":"Home","item":"https:\/\/anoticiaonline.com.br\/site","nextItem":{"@type":"ListItem","@id":"https:\/\/anoticiaonline.com.br\/site\/categoria\/muriae\/#listItem","name":"Blog"}},{"@type":"ListItem","@id":"https:\/\/anoticiaonline.com.br\/site\/categoria\/muriae\/#listItem","position":2,"name":"Blog","item":"https:\/\/anoticiaonline.com.br\/site\/categoria\/muriae\/","nextItem":{"@type":"ListItem","@id":"https:\/\/anoticiaonline.com.br\/site\/47o-bpm-recebe-posto-organico-coletivo\/#listItem","name":"47\u00ba BPM recebe Posto Org\u00e2nico Coletivo"},"previousItem":{"@type":"ListItem","@id":"https:\/\/anoticiaonline.com.br\/site#listItem","name":"Home"}},{"@type":"ListItem","@id":"https:\/\/anoticiaonline.com.br\/site\/47o-bpm-recebe-posto-organico-coletivo\/#listItem","position":3,"name":"47\u00ba BPM recebe Posto Org\u00e2nico Coletivo","previousItem":{"@type":"ListItem","@id":"https:\/\/anoticiaonline.com.br\/site\/categoria\/muriae\/#listItem","name":"Blog"}}]},{"@type":"Organization","@id":"https:\/\/anoticiaonline.com.br\/site\/#organization","name":"A Not\u00edcia Online","description":"Noticias de Muria\u00e9 e regi\u00e3o","url":"https:\/\/anoticiaonline.com.br\/site\/","logo":{"@type":"ImageObject","url":"https:\/\/scontent-gig4-1.xx.fbcdn.net\/v\/t39.30808-1\/270437624_4564083193639691_6907940295614233970_n.jpg?stp=dst-jpg_s200x200_tt6&_nc_cat=111&ccb=1-7&_nc_sid=f907e8&_nc_ohc=SM1wRlP3lJwQ7kNvwEPuBYA&_nc_oc=AdnqrjDN_BNjSSHWO-GbkIWH6fkGMLw4bqvL_NH6e2wMveX7G-rP2dAqsDSq1mJMOaY&_nc_zt=24&_nc_ht=scontent-gig4-1.xx&_nc_gid=AoBFJeGrT1hVaew_6rchkQ&oh=00_AfX7QmFGhQhG2jAllVgXCiM1ZrWgvtp80-Bfppyexh1QEg&oe=689E923C","@id":"https:\/\/anoticiaonline.com.br\/site\/47o-bpm-recebe-posto-organico-coletivo\/#organizationLogo"},"image":{"@id":"https:\/\/anoticiaonline.com.br\/site\/47o-bpm-recebe-posto-organico-coletivo\/#organizationLogo"}},{"@type":"Person","@id":"https:\/\/anoticiaonline.com.br\/site\/author\/juliana\/#author","url":"https:\/\/anoticiaonline.com.br\/site\/author\/juliana\/","name":"Juliana Laviola","image":{"@type":"ImageObject","@id":"https:\/\/anoticiaonline.com.br\/site\/47o-bpm-recebe-posto-organico-coletivo\/#authorImage","url":"https:\/\/secure.gravatar.com\/avatar\/b8d45f5c699b100dfaf0e543582f38f38bf94cb7ae3a5e9abf8d891a34773335?s=96&d=mm&r=g","width":96,"height":96,"caption":"Juliana Laviola"}},{"@type":"WebPage","@id":"https:\/\/anoticiaonline.com.br\/site\/47o-bpm-recebe-posto-organico-coletivo\/#webpage","url":"https:\/\/anoticiaonline.com.br\/site\/47o-bpm-recebe-posto-organico-coletivo\/","name":"47\u00ba BPM recebe Posto Org\u00e2nico Coletivo - A Not\u00edcia Online","description":"O 47\u00ba Batalh\u00e3o de Pol\u00edcia Militar \u00e9 um dos pontos do Posto Org\u00e2nico Coletivo (POC), que consiste em um modelo de abastecimento da frota de ve\u00edculos do estado, como Pol\u00edcia Militar, Pol\u00edcia Civil, Corpo de Bombeiros, Secretaria de Defesa Social (SEDS), entre outros. O POC come\u00e7ou a funcionar em Muria\u00e9 na ter\u00e7a-feira (28), ap\u00f3s receber","inLanguage":"pt-BR","isPartOf":{"@id":"https:\/\/anoticiaonline.com.br\/site\/#website"},"breadcrumb":{"@id":"https:\/\/anoticiaonline.com.br\/site\/47o-bpm-recebe-posto-organico-coletivo\/#breadcrumblist"},"author":{"@id":"https:\/\/anoticiaonline.com.br\/site\/author\/juliana\/#author"},"creator":{"@id":"https:\/\/anoticiaonline.com.br\/site\/author\/juliana\/#author"},"image":{"@type":"ImageObject","url":"https:\/\/anoticiaonline.com.br\/site\/wp-content\/uploads\/2016\/06\/47\u00ba-BPM-recebe-Posto-Org\u00e2nico-Coletivo.jpg","@id":"https:\/\/anoticiaonline.com.br\/site\/47o-bpm-recebe-posto-organico-coletivo\/#mainImage","width":640,"height":426},"primaryImageOfPage":{"@id":"https:\/\/anoticiaonline.com.br\/site\/47o-bpm-recebe-posto-organico-coletivo\/#mainImage"},"datePublished":"2016-06-30T10:17:17-03:00","dateModified":"2016-06-30T10:17:17-03:00"},{"@type":"WebSite","@id":"https:\/\/anoticiaonline.com.br\/site\/#website","url":"https:\/\/anoticiaonline.com.br\/site\/","name":"A Not\u00edcia Online","description":"Noticias de Muria\u00e9 e regi\u00e3o","inLanguage":"pt-BR","publisher":{"@id":"https:\/\/anoticiaonline.com.br\/site\/#organization"}}]},"og:locale":"pt_BR","og:site_name":"A Not\u00edcia Online - Noticias de Muria\u00e9 e regi\u00e3o","og:type":"article","og:title":"47\u00ba BPM recebe Posto Org\u00e2nico Coletivo - A Not\u00edcia Online","og:description":"O 47\u00ba Batalh\u00e3o de Pol\u00edcia Militar \u00e9 um dos pontos do Posto Org\u00e2nico Coletivo (POC), que consiste em um modelo de abastecimento da frota de ve\u00edculos do estado, como Pol\u00edcia Militar, Pol\u00edcia Civil, Corpo de Bombeiros, Secretaria de Defesa Social (SEDS), entre outros. O POC come\u00e7ou a funcionar em Muria\u00e9 na ter\u00e7a-feira (28), ap\u00f3s receber","og:url":"https:\/\/anoticiaonline.com.br\/site\/47o-bpm-recebe-posto-organico-coletivo\/","og:image":"https:\/\/scontent-gig4-1.xx.fbcdn.net\/v\/t39.30808-1\/270437624_4564083193639691_6907940295614233970_n.jpg?stp=dst-jpg_s200x200_tt6&#038;_nc_cat=111&#038;ccb=1-7&#038;_nc_sid=f907e8&#038;_nc_ohc=SM1wRlP3lJwQ7kNvwEPuBYA&#038;_nc_oc=AdnqrjDN_BNjSSHWO-GbkIWH6fkGMLw4bqvL_NH6e2wMveX7G-rP2dAqsDSq1mJMOaY&#038;_nc_zt=24&#038;_nc_ht=scontent-gig4-1.xx&#038;_nc_gid=AoBFJeGrT1hVaew_6rchkQ&#038;oh=00_AfX7QmFGhQhG2jAllVgXCiM1ZrWgvtp80-Bfppyexh1QEg&#038;oe=689E923C","og:image:secure_url":"https:\/\/scontent-gig4-1.xx.fbcdn.net\/v\/t39.30808-1\/270437624_4564083193639691_6907940295614233970_n.jpg?stp=dst-jpg_s200x200_tt6&#038;_nc_cat=111&#038;ccb=1-7&#038;_nc_sid=f907e8&#038;_nc_ohc=SM1wRlP3lJwQ7kNvwEPuBYA&#038;_nc_oc=AdnqrjDN_BNjSSHWO-GbkIWH6fkGMLw4bqvL_NH6e2wMveX7G-rP2dAqsDSq1mJMOaY&#038;_nc_zt=24&#038;_nc_ht=scontent-gig4-1.xx&#038;_nc_gid=AoBFJeGrT1hVaew_6rchkQ&#038;oh=00_AfX7QmFGhQhG2jAllVgXCiM1ZrWgvtp80-Bfppyexh1QEg&#038;oe=689E923C","article:published_time":"2016-06-30T13:17:17+00:00","article:modified_time":"2016-06-30T13:17:17+00:00","twitter:card":"summary_large_image","twitter:title":"47\u00ba BPM recebe Posto Org\u00e2nico Coletivo - A Not\u00edcia Online","twitter:description":"O 47\u00ba Batalh\u00e3o de Pol\u00edcia Militar \u00e9 um dos pontos do Posto Org\u00e2nico Coletivo (POC), que consiste em um modelo de abastecimento da frota de ve\u00edculos do estado, como Pol\u00edcia Militar, Pol\u00edcia Civil, Corpo de Bombeiros, Secretaria de Defesa Social (SEDS), entre outros. O POC come\u00e7ou a funcionar em Muria\u00e9 na ter\u00e7a-feira (28), ap\u00f3s receber","twitter:image":"https:\/\/scontent-gig4-1.xx.fbcdn.net\/v\/t39.30808-1\/270437624_4564083193639691_6907940295614233970_n.jpg?stp=dst-jpg_s200x200_tt6&_nc_cat=111&ccb=1-7&_nc_sid=f907e8&_nc_ohc=SM1wRlP3lJwQ7kNvwEPuBYA&_nc_oc=AdnqrjDN_BNjSSHWO-GbkIWH6fkGMLw4bqvL_NH6e2wMveX7G-rP2dAqsDSq1mJMOaY&_nc_zt=24&_nc_ht=scontent-gig4-1.xx&_nc_gid=AoBFJeGrT1hVaew_6rchkQ&oh=00_AfX7QmFGhQhG2jAllVgXCiM1ZrWgvtp80-Bfppyexh1QEg&oe=689E923C"},"aioseo_meta_data":{"post_id":"14859","title":null,"description":null,"keywords":null,"keyphrases":null,"primary_term":null,"canonical_url":null,"og_title":null,"og_description":null,"og_object_type":"default","og_image_type":"default","og_image_url":null,"og_image_width":null,"og_image_height":null,"og_image_custom_url":null,"og_image_custom_fields":null,"og_video":null,"og_custom_url":null,"og_article_section":null,"og_article_tags":null,"twitter_use_og":false,"twitter_card":"default","twitter_image_type":"default","twitter_image_url":null,"twitter_image_custom_url":null,"twitter_image_custom_fields":null,"twitter_title":null,"twitter_description":null,"schema":{"blockGraphs":[],"customGraphs":[],"default":{"data":{"Article":[],"Course":[],"Dataset":[],"FAQPage":[],"Movie":[],"Person":[],"Product":[],"ProductReview":[],"Car":[],"Recipe":[],"Service":[],"SoftwareApplication":[],"WebPage":[]},"graphName":"","isEnabled":true},"graphs":[]},"schema_type":"default","schema_type_options":null,"pillar_content":false,"robots_default":true,"robots_noindex":false,"robots_noarchive":false,"robots_nosnippet":false,"robots_nofollow":false,"robots_noimageindex":false,"robots_noodp":false,"robots_notranslate":false,"robots_max_snippet":null,"robots_max_videopreview":null,"robots_max_imagepreview":"large","priority":null,"frequency":null,"local_seo":null,"breadcrumb_settings":null,"limit_modified_date":false,"ai":null,"created":"2025-08-16 16:18:28","updated":"2025-08-16 16:18:28","focus_keyword":null,"additional_keywords":null,"truseo_locale":null,"seo_analyzer_scan_date":null},"aioseo_breadcrumb":"<div class=\"aioseo-breadcrumbs\"><span class=\"aioseo-breadcrumb\">\n\t\t\t<a href=\"https:\/\/anoticiaonline.com.br\/site\" title=\"Home\">Home<\/a>\n\t\t<\/span><span class=\"aioseo-breadcrumb-separator\">&raquo;<\/span><span class=\"aioseo-breadcrumb\">\n\t\t\t<a href=\"https:\/\/anoticiaonline.com.br\/site\/categoria\/muriae\/\" title=\"Blog\">Blog<\/a>\n\t\t<\/span><span class=\"aioseo-breadcrumb-separator\">&raquo;<\/span><span class=\"aioseo-breadcrumb\">\n\t\t\t47\u00ba BPM recebe Posto Org\u00e2nico Coletivo\n\t\t<\/span><\/div>","aioseo_breadcrumb_json":[{"label":"Home","link":"https:\/\/anoticiaonline.com.br\/site"},{"label":"Blog","link":"https:\/\/anoticiaonline.com.br\/site\/categoria\/muriae\/"},{"label":"47\u00ba BPM recebe Posto Org\u00e2nico Coletivo","link":"https:\/\/anoticiaonline.com.br\/site\/47o-bpm-recebe-posto-organico-coletivo\/"}],"views":155,"_links":{"self":[{"href":"https:\/\/anoticiaonline.com.br\/site\/wp-json\/wp\/v2\/posts\/14859","targetHints":{"allow":["GET"]}}],"collection":[{"href":"https:\/\/anoticiaonline.com.br\/site\/wp-json\/wp\/v2\/posts"}],"about":[{"href":"https:\/\/anoticiaonline.com.br\/site\/wp-json\/wp\/v2\/types\/post"}],"author":[{"embeddable":true,"href":"https:\/\/anoticiaonline.com.br\/site\/wp-json\/wp\/v2\/users\/2"}],"replies":[{"embeddable":true,"href":"https:\/\/anoticiaonline.com.br\/site\/wp-json\/wp\/v2\/comments?post=14859"}],"version-history":[{"count":0,"href":"https:\/\/anoticiaonline.com.br\/site\/wp-json\/wp\/v2\/posts\/14859\/revisions"}],"wp:featuredmedia":[{"embeddable":true,"href":"https:\/\/anoticiaonline.com.br\/site\/wp-json\/wp\/v2\/media\/14860"}],"wp:attachment":[{"href":"https:\/\/anoticiaonline.com.br\/site\/wp-json\/wp\/v2\/media?parent=14859"}],"wp:term":[{"taxonomy":"category","embeddable":true,"href":"https:\/\/anoticiaonline.com.br\/site\/wp-json\/wp\/v2\/categories?post=14859"},{"taxonomy":"post_tag","embeddable":true,"href":"https:\/\/anoticiaonline.com.br\/site\/wp-json\/wp\/v2\/tags?post=14859"}],"curies":[{"name":"wp","href":"https:\/\/api.w.org\/{rel}","templated":true}]}}