{"id":14817,"date":"2016-06-27T09:42:05","date_gmt":"2016-06-27T12:42:05","guid":{"rendered":"http:\/\/anoticiaonline.com.br\/site\/?p=14817"},"modified":"2016-06-27T09:42:05","modified_gmt":"2016-06-27T12:42:05","slug":"policia-civil-prende-suspeito-de-ser-o-autor-de-roubos-na-cidade","status":"publish","type":"post","link":"https:\/\/anoticiaonline.com.br\/site\/policia-civil-prende-suspeito-de-ser-o-autor-de-roubos-na-cidade\/","title":{"rendered":"Pol\u00edcia Civil prende suspeito de ser o autor de roubos na cidade"},"content":{"rendered":"<p><a href=\"https:\/\/anoticiaonline.com.br\/site\/wp-content\/uploads\/2016\/06\/IMG-20160624-WA0052.jpg\"><img fetchpriority=\"high\" decoding=\"async\" class=\" size-medium wp-image-14818 alignleft\" src=\"https:\/\/anoticiaonline.com.br\/site\/wp-content\/uploads\/2016\/06\/IMG-20160624-WA0052-221x300.jpg\" alt=\"IMG-20160624-WA0052\" width=\"221\" height=\"300\" srcset=\"https:\/\/anoticiaonline.com.br\/site\/wp-content\/uploads\/2016\/06\/IMG-20160624-WA0052-221x300.jpg 221w, https:\/\/anoticiaonline.com.br\/site\/wp-content\/uploads\/2016\/06\/IMG-20160624-WA0052.jpg 472w\" sizes=\"(max-width: 221px) 100vw, 221px\" \/><\/a>A Pol\u00edcia Civil de Muria\u00e9, atrav\u00e9s da 32\u00aa Delegacia, em cumprimento a um mandado de pris\u00e3o tempor\u00e1ria, prendeu L. F. da R. Jr, de 24 anos, suspeito de ser o autor de roubos \u00e0 m\u00e3o armada na cidade.<\/p>\n<p>O mandado foi expedido, pois, em 6 de maio, o suspeito, com uma arma de fogo, teria rendido uma v\u00edtima de 42 anos e roubado sua motocicleta Honda XRE 300. As investiga\u00e7\u00f5es ainda demonstraram que o suspeito tamb\u00e9m teria participa\u00e7\u00e3o em outro roubo ocorrido em janeiro, quando dois criminosos roubaram uma moto Honda CB 300. Ap\u00f3s a pris\u00e3o, o suspeito confessou a autoria dos dois crimes citados.<\/p>\n<p>O fato que mais chamou a aten\u00e7\u00e3o dos policiais \u00e9 que uma das motocicletas roubadas seria utilizada por criminosos no cometimento de dois homic\u00eddios na cidade.<\/p>\n","protected":false},"excerpt":{"rendered":"<p>A Pol\u00edcia Civil de Muria\u00e9, atrav\u00e9s da 32\u00aa Delegacia, em cumprimento a um mandado de pris\u00e3o tempor\u00e1ria, prendeu L. F. da R. Jr, de 24 anos, suspeito de ser o autor de roubos \u00e0 m\u00e3o armada na cidade. O mandado foi expedido, pois, em 6 de maio, o suspeito, com uma arma de fogo, teria &#8230; <a title=\"Pol\u00edcia Civil prende suspeito de ser o autor de roubos na cidade\" class=\"read-more\" href=\"https:\/\/anoticiaonline.com.br\/site\/policia-civil-prende-suspeito-de-ser-o-autor-de-roubos-na-cidade\/\" aria-label=\"Read more about Pol\u00edcia Civil prende suspeito de ser o autor de roubos na cidade\">Ler mais<\/a><\/p>\n","protected":false},"author":2,"featured_media":14818,"comment_status":"open","ping_status":"open","sticky":false,"template":"","format":"standard","meta":{"_acf_changed":false,"_monsterinsights_skip_tracking":false,"footnotes":""},"categories":[30],"tags":[3],"class_list":["post-14817","post","type-post","status-publish","format-standard","has-post-thumbnail","hentry","category-muriae","tag-slide"],"acf":[],"aioseo_notices":[],"aioseo_head":"\n\t\t<!-- All in One SEO 5.0.0.1 - aioseo.com -->\n\t<meta name=\"description\" content=\"A Pol\u00edcia Civil de Muria\u00e9, atrav\u00e9s da 32\u00aa Delegacia, em cumprimento a um mandado de pris\u00e3o tempor\u00e1ria, prendeu L. F. da R. Jr, de 24 anos, suspeito de ser o autor de roubos \u00e0 m\u00e3o armada na cidade. O mandado foi expedido, pois, em 6 de maio, o suspeito, com uma arma de fogo, teria\" \/>\n\t<meta name=\"robots\" content=\"max-image-preview:large\" \/>\n\t<meta name=\"author\" content=\"Juliana Laviola\"\/>\n\t<link rel=\"canonical\" href=\"https:\/\/anoticiaonline.com.br\/site\/policia-civil-prende-suspeito-de-ser-o-autor-de-roubos-na-cidade\/\" \/>\n\t<meta name=\"generator\" content=\"All in One SEO (AIOSEO) 5.0.0.1\" \/>\n\t\t<meta property=\"og:locale\" content=\"pt_BR\" \/>\n\t\t<meta property=\"og:site_name\" content=\"A Not\u00edcia Online - Noticias de Muria\u00e9 e regi\u00e3o\" \/>\n\t\t<meta property=\"og:type\" content=\"article\" \/>\n\t\t<meta property=\"og:title\" content=\"Pol\u00edcia Civil prende suspeito de ser o autor de roubos na cidade - A Not\u00edcia Online\" \/>\n\t\t<meta property=\"og:description\" content=\"A Pol\u00edcia Civil de Muria\u00e9, atrav\u00e9s da 32\u00aa Delegacia, em cumprimento a um mandado de pris\u00e3o tempor\u00e1ria, prendeu L. F. da R. Jr, de 24 anos, suspeito de ser o autor de roubos \u00e0 m\u00e3o armada na cidade. O mandado foi expedido, pois, em 6 de maio, o suspeito, com uma arma de fogo, teria\" \/>\n\t\t<meta property=\"og:url\" content=\"https:\/\/anoticiaonline.com.br\/site\/policia-civil-prende-suspeito-de-ser-o-autor-de-roubos-na-cidade\/\" \/>\n\t\t<meta property=\"og:image\" content=\"https:\/\/scontent-gig4-1.xx.fbcdn.net\/v\/t39.30808-1\/270437624_4564083193639691_6907940295614233970_n.jpg?stp=dst-jpg_s200x200_tt6&#038;_nc_cat=111&#038;ccb=1-7&#038;_nc_sid=f907e8&#038;_nc_ohc=SM1wRlP3lJwQ7kNvwEPuBYA&#038;_nc_oc=AdnqrjDN_BNjSSHWO-GbkIWH6fkGMLw4bqvL_NH6e2wMveX7G-rP2dAqsDSq1mJMOaY&#038;_nc_zt=24&#038;_nc_ht=scontent-gig4-1.xx&#038;_nc_gid=AoBFJeGrT1hVaew_6rchkQ&#038;oh=00_AfX7QmFGhQhG2jAllVgXCiM1ZrWgvtp80-Bfppyexh1QEg&#038;oe=689E923C\" \/>\n\t\t<meta property=\"og:image:secure_url\" content=\"https:\/\/scontent-gig4-1.xx.fbcdn.net\/v\/t39.30808-1\/270437624_4564083193639691_6907940295614233970_n.jpg?stp=dst-jpg_s200x200_tt6&#038;_nc_cat=111&#038;ccb=1-7&#038;_nc_sid=f907e8&#038;_nc_ohc=SM1wRlP3lJwQ7kNvwEPuBYA&#038;_nc_oc=AdnqrjDN_BNjSSHWO-GbkIWH6fkGMLw4bqvL_NH6e2wMveX7G-rP2dAqsDSq1mJMOaY&#038;_nc_zt=24&#038;_nc_ht=scontent-gig4-1.xx&#038;_nc_gid=AoBFJeGrT1hVaew_6rchkQ&#038;oh=00_AfX7QmFGhQhG2jAllVgXCiM1ZrWgvtp80-Bfppyexh1QEg&#038;oe=689E923C\" \/>\n\t\t<meta property=\"article:published_time\" content=\"2016-06-27T12:42:05+00:00\" \/>\n\t\t<meta property=\"article:modified_time\" content=\"2016-06-27T12:42:05+00:00\" \/>\n\t\t<meta name=\"twitter:card\" content=\"summary_large_image\" \/>\n\t\t<meta name=\"twitter:title\" content=\"Pol\u00edcia Civil prende suspeito de ser o autor de roubos na cidade - A Not\u00edcia Online\" \/>\n\t\t<meta name=\"twitter:description\" content=\"A Pol\u00edcia Civil de Muria\u00e9, atrav\u00e9s da 32\u00aa Delegacia, em cumprimento a um mandado de pris\u00e3o tempor\u00e1ria, prendeu L. F. da R. Jr, de 24 anos, suspeito de ser o autor de roubos \u00e0 m\u00e3o armada na cidade. O mandado foi expedido, pois, em 6 de maio, o suspeito, com uma arma de fogo, teria\" \/>\n\t\t<meta name=\"twitter:image\" content=\"https:\/\/scontent-gig4-1.xx.fbcdn.net\/v\/t39.30808-1\/270437624_4564083193639691_6907940295614233970_n.jpg?stp=dst-jpg_s200x200_tt6&amp;_nc_cat=111&amp;ccb=1-7&amp;_nc_sid=f907e8&amp;_nc_ohc=SM1wRlP3lJwQ7kNvwEPuBYA&amp;_nc_oc=AdnqrjDN_BNjSSHWO-GbkIWH6fkGMLw4bqvL_NH6e2wMveX7G-rP2dAqsDSq1mJMOaY&amp;_nc_zt=24&amp;_nc_ht=scontent-gig4-1.xx&amp;_nc_gid=AoBFJeGrT1hVaew_6rchkQ&amp;oh=00_AfX7QmFGhQhG2jAllVgXCiM1ZrWgvtp80-Bfppyexh1QEg&amp;oe=689E923C\" \/>\n\t\t<script type=\"application\/ld+json\" class=\"aioseo-schema\">\n\t\t\t{\"@context\":\"https:\\\/\\\/schema.org\",\"@graph\":[{\"@type\":\"BlogPosting\",\"@id\":\"https:\\\/\\\/anoticiaonline.com.br\\\/site\\\/policia-civil-prende-suspeito-de-ser-o-autor-de-roubos-na-cidade\\\/#blogposting\",\"name\":\"Pol\\u00edcia Civil prende suspeito de ser o autor de roubos na cidade - A Not\\u00edcia Online\",\"headline\":\"Pol\\u00edcia Civil prende suspeito de ser o autor de roubos na cidade\",\"author\":{\"@id\":\"https:\\\/\\\/anoticiaonline.com.br\\\/site\\\/author\\\/juliana\\\/#author\"},\"publisher\":{\"@id\":\"https:\\\/\\\/anoticiaonline.com.br\\\/site\\\/#organization\"},\"image\":{\"@type\":\"ImageObject\",\"url\":\"https:\\\/\\\/anoticiaonline.com.br\\\/site\\\/wp-content\\\/uploads\\\/2016\\\/06\\\/IMG-20160624-WA0052.jpg\",\"width\":472,\"height\":640},\"datePublished\":\"2016-06-27T09:42:05-03:00\",\"dateModified\":\"2016-06-27T09:42:05-03:00\",\"inLanguage\":\"pt-BR\",\"mainEntityOfPage\":{\"@id\":\"https:\\\/\\\/anoticiaonline.com.br\\\/site\\\/policia-civil-prende-suspeito-de-ser-o-autor-de-roubos-na-cidade\\\/#webpage\"},\"isPartOf\":{\"@id\":\"https:\\\/\\\/anoticiaonline.com.br\\\/site\\\/policia-civil-prende-suspeito-de-ser-o-autor-de-roubos-na-cidade\\\/#webpage\"},\"articleSection\":\"Blog, slide\"},{\"@type\":\"BreadcrumbList\",\"@id\":\"https:\\\/\\\/anoticiaonline.com.br\\\/site\\\/policia-civil-prende-suspeito-de-ser-o-autor-de-roubos-na-cidade\\\/#breadcrumblist\",\"itemListElement\":[{\"@type\":\"ListItem\",\"@id\":\"https:\\\/\\\/anoticiaonline.com.br\\\/site#listItem\",\"position\":1,\"name\":\"Home\",\"item\":\"https:\\\/\\\/anoticiaonline.com.br\\\/site\",\"nextItem\":{\"@type\":\"ListItem\",\"@id\":\"https:\\\/\\\/anoticiaonline.com.br\\\/site\\\/categoria\\\/muriae\\\/#listItem\",\"name\":\"Blog\"}},{\"@type\":\"ListItem\",\"@id\":\"https:\\\/\\\/anoticiaonline.com.br\\\/site\\\/categoria\\\/muriae\\\/#listItem\",\"position\":2,\"name\":\"Blog\",\"item\":\"https:\\\/\\\/anoticiaonline.com.br\\\/site\\\/categoria\\\/muriae\\\/\",\"nextItem\":{\"@type\":\"ListItem\",\"@id\":\"https:\\\/\\\/anoticiaonline.com.br\\\/site\\\/policia-civil-prende-suspeito-de-ser-o-autor-de-roubos-na-cidade\\\/#listItem\",\"name\":\"Pol\\u00edcia Civil prende suspeito de ser o autor de roubos na cidade\"},\"previousItem\":{\"@type\":\"ListItem\",\"@id\":\"https:\\\/\\\/anoticiaonline.com.br\\\/site#listItem\",\"name\":\"Home\"}},{\"@type\":\"ListItem\",\"@id\":\"https:\\\/\\\/anoticiaonline.com.br\\\/site\\\/policia-civil-prende-suspeito-de-ser-o-autor-de-roubos-na-cidade\\\/#listItem\",\"position\":3,\"name\":\"Pol\\u00edcia Civil prende suspeito de ser o autor de roubos na cidade\",\"previousItem\":{\"@type\":\"ListItem\",\"@id\":\"https:\\\/\\\/anoticiaonline.com.br\\\/site\\\/categoria\\\/muriae\\\/#listItem\",\"name\":\"Blog\"}}]},{\"@type\":\"Organization\",\"@id\":\"https:\\\/\\\/anoticiaonline.com.br\\\/site\\\/#organization\",\"name\":\"A Not\\u00edcia Online\",\"description\":\"Noticias de Muria\\u00e9 e regi\\u00e3o\",\"url\":\"https:\\\/\\\/anoticiaonline.com.br\\\/site\\\/\",\"logo\":{\"@type\":\"ImageObject\",\"url\":\"https:\\\/\\\/scontent-gig4-1.xx.fbcdn.net\\\/v\\\/t39.30808-1\\\/270437624_4564083193639691_6907940295614233970_n.jpg?stp=dst-jpg_s200x200_tt6&_nc_cat=111&ccb=1-7&_nc_sid=f907e8&_nc_ohc=SM1wRlP3lJwQ7kNvwEPuBYA&_nc_oc=AdnqrjDN_BNjSSHWO-GbkIWH6fkGMLw4bqvL_NH6e2wMveX7G-rP2dAqsDSq1mJMOaY&_nc_zt=24&_nc_ht=scontent-gig4-1.xx&_nc_gid=AoBFJeGrT1hVaew_6rchkQ&oh=00_AfX7QmFGhQhG2jAllVgXCiM1ZrWgvtp80-Bfppyexh1QEg&oe=689E923C\",\"@id\":\"https:\\\/\\\/anoticiaonline.com.br\\\/site\\\/policia-civil-prende-suspeito-de-ser-o-autor-de-roubos-na-cidade\\\/#organizationLogo\"},\"image\":{\"@id\":\"https:\\\/\\\/anoticiaonline.com.br\\\/site\\\/policia-civil-prende-suspeito-de-ser-o-autor-de-roubos-na-cidade\\\/#organizationLogo\"}},{\"@type\":\"Person\",\"@id\":\"https:\\\/\\\/anoticiaonline.com.br\\\/site\\\/author\\\/juliana\\\/#author\",\"url\":\"https:\\\/\\\/anoticiaonline.com.br\\\/site\\\/author\\\/juliana\\\/\",\"name\":\"Juliana Laviola\",\"image\":{\"@type\":\"ImageObject\",\"@id\":\"https:\\\/\\\/anoticiaonline.com.br\\\/site\\\/policia-civil-prende-suspeito-de-ser-o-autor-de-roubos-na-cidade\\\/#authorImage\",\"url\":\"https:\\\/\\\/secure.gravatar.com\\\/avatar\\\/b8d45f5c699b100dfaf0e543582f38f38bf94cb7ae3a5e9abf8d891a34773335?s=96&d=mm&r=g\",\"width\":96,\"height\":96,\"caption\":\"Juliana Laviola\"}},{\"@type\":\"WebPage\",\"@id\":\"https:\\\/\\\/anoticiaonline.com.br\\\/site\\\/policia-civil-prende-suspeito-de-ser-o-autor-de-roubos-na-cidade\\\/#webpage\",\"url\":\"https:\\\/\\\/anoticiaonline.com.br\\\/site\\\/policia-civil-prende-suspeito-de-ser-o-autor-de-roubos-na-cidade\\\/\",\"name\":\"Pol\\u00edcia Civil prende suspeito de ser o autor de roubos na cidade - A Not\\u00edcia Online\",\"description\":\"A Pol\\u00edcia Civil de Muria\\u00e9, atrav\\u00e9s da 32\\u00aa Delegacia, em cumprimento a um mandado de pris\\u00e3o tempor\\u00e1ria, prendeu L. F. da R. Jr, de 24 anos, suspeito de ser o autor de roubos \\u00e0 m\\u00e3o armada na cidade. O mandado foi expedido, pois, em 6 de maio, o suspeito, com uma arma de fogo, teria\",\"inLanguage\":\"pt-BR\",\"isPartOf\":{\"@id\":\"https:\\\/\\\/anoticiaonline.com.br\\\/site\\\/#website\"},\"breadcrumb\":{\"@id\":\"https:\\\/\\\/anoticiaonline.com.br\\\/site\\\/policia-civil-prende-suspeito-de-ser-o-autor-de-roubos-na-cidade\\\/#breadcrumblist\"},\"author\":{\"@id\":\"https:\\\/\\\/anoticiaonline.com.br\\\/site\\\/author\\\/juliana\\\/#author\"},\"creator\":{\"@id\":\"https:\\\/\\\/anoticiaonline.com.br\\\/site\\\/author\\\/juliana\\\/#author\"},\"image\":{\"@type\":\"ImageObject\",\"url\":\"https:\\\/\\\/anoticiaonline.com.br\\\/site\\\/wp-content\\\/uploads\\\/2016\\\/06\\\/IMG-20160624-WA0052.jpg\",\"@id\":\"https:\\\/\\\/anoticiaonline.com.br\\\/site\\\/policia-civil-prende-suspeito-de-ser-o-autor-de-roubos-na-cidade\\\/#mainImage\",\"width\":472,\"height\":640},\"primaryImageOfPage\":{\"@id\":\"https:\\\/\\\/anoticiaonline.com.br\\\/site\\\/policia-civil-prende-suspeito-de-ser-o-autor-de-roubos-na-cidade\\\/#mainImage\"},\"datePublished\":\"2016-06-27T09:42:05-03:00\",\"dateModified\":\"2016-06-27T09:42:05-03:00\"},{\"@type\":\"WebSite\",\"@id\":\"https:\\\/\\\/anoticiaonline.com.br\\\/site\\\/#website\",\"url\":\"https:\\\/\\\/anoticiaonline.com.br\\\/site\\\/\",\"name\":\"A Not\\u00edcia Online\",\"description\":\"Noticias de Muria\\u00e9 e regi\\u00e3o\",\"inLanguage\":\"pt-BR\",\"publisher\":{\"@id\":\"https:\\\/\\\/anoticiaonline.com.br\\\/site\\\/#organization\"}}]}\n\t\t<\/script>\n\t\t<!-- All in One SEO -->\n\n","aioseo_head_json":{"title":"Pol\u00edcia Civil prende suspeito de ser o autor de roubos na cidade - A Not\u00edcia Online","description":"A Pol\u00edcia Civil de Muria\u00e9, atrav\u00e9s da 32\u00aa Delegacia, em cumprimento a um mandado de pris\u00e3o tempor\u00e1ria, prendeu L. F. da R. Jr, de 24 anos, suspeito de ser o autor de roubos \u00e0 m\u00e3o armada na cidade. O mandado foi expedido, pois, em 6 de maio, o suspeito, com uma arma de fogo, teria","canonical_url":"https:\/\/anoticiaonline.com.br\/site\/policia-civil-prende-suspeito-de-ser-o-autor-de-roubos-na-cidade\/","robots":"max-image-preview:large","keywords":"","webmasterTools":{"miscellaneous":""},"schema":{"@context":"https:\/\/schema.org","@graph":[{"@type":"BlogPosting","@id":"https:\/\/anoticiaonline.com.br\/site\/policia-civil-prende-suspeito-de-ser-o-autor-de-roubos-na-cidade\/#blogposting","name":"Pol\u00edcia Civil prende suspeito de ser o autor de roubos na cidade - A Not\u00edcia Online","headline":"Pol\u00edcia Civil prende suspeito de ser o autor de roubos na cidade","author":{"@id":"https:\/\/anoticiaonline.com.br\/site\/author\/juliana\/#author"},"publisher":{"@id":"https:\/\/anoticiaonline.com.br\/site\/#organization"},"image":{"@type":"ImageObject","url":"https:\/\/anoticiaonline.com.br\/site\/wp-content\/uploads\/2016\/06\/IMG-20160624-WA0052.jpg","width":472,"height":640},"datePublished":"2016-06-27T09:42:05-03:00","dateModified":"2016-06-27T09:42:05-03:00","inLanguage":"pt-BR","mainEntityOfPage":{"@id":"https:\/\/anoticiaonline.com.br\/site\/policia-civil-prende-suspeito-de-ser-o-autor-de-roubos-na-cidade\/#webpage"},"isPartOf":{"@id":"https:\/\/anoticiaonline.com.br\/site\/policia-civil-prende-suspeito-de-ser-o-autor-de-roubos-na-cidade\/#webpage"},"articleSection":"Blog, slide"},{"@type":"BreadcrumbList","@id":"https:\/\/anoticiaonline.com.br\/site\/policia-civil-prende-suspeito-de-ser-o-autor-de-roubos-na-cidade\/#breadcrumblist","itemListElement":[{"@type":"ListItem","@id":"https:\/\/anoticiaonline.com.br\/site#listItem","position":1,"name":"Home","item":"https:\/\/anoticiaonline.com.br\/site","nextItem":{"@type":"ListItem","@id":"https:\/\/anoticiaonline.com.br\/site\/categoria\/muriae\/#listItem","name":"Blog"}},{"@type":"ListItem","@id":"https:\/\/anoticiaonline.com.br\/site\/categoria\/muriae\/#listItem","position":2,"name":"Blog","item":"https:\/\/anoticiaonline.com.br\/site\/categoria\/muriae\/","nextItem":{"@type":"ListItem","@id":"https:\/\/anoticiaonline.com.br\/site\/policia-civil-prende-suspeito-de-ser-o-autor-de-roubos-na-cidade\/#listItem","name":"Pol\u00edcia Civil prende suspeito de ser o autor de roubos na cidade"},"previousItem":{"@type":"ListItem","@id":"https:\/\/anoticiaonline.com.br\/site#listItem","name":"Home"}},{"@type":"ListItem","@id":"https:\/\/anoticiaonline.com.br\/site\/policia-civil-prende-suspeito-de-ser-o-autor-de-roubos-na-cidade\/#listItem","position":3,"name":"Pol\u00edcia Civil prende suspeito de ser o autor de roubos na cidade","previousItem":{"@type":"ListItem","@id":"https:\/\/anoticiaonline.com.br\/site\/categoria\/muriae\/#listItem","name":"Blog"}}]},{"@type":"Organization","@id":"https:\/\/anoticiaonline.com.br\/site\/#organization","name":"A Not\u00edcia Online","description":"Noticias de Muria\u00e9 e regi\u00e3o","url":"https:\/\/anoticiaonline.com.br\/site\/","logo":{"@type":"ImageObject","url":"https:\/\/scontent-gig4-1.xx.fbcdn.net\/v\/t39.30808-1\/270437624_4564083193639691_6907940295614233970_n.jpg?stp=dst-jpg_s200x200_tt6&_nc_cat=111&ccb=1-7&_nc_sid=f907e8&_nc_ohc=SM1wRlP3lJwQ7kNvwEPuBYA&_nc_oc=AdnqrjDN_BNjSSHWO-GbkIWH6fkGMLw4bqvL_NH6e2wMveX7G-rP2dAqsDSq1mJMOaY&_nc_zt=24&_nc_ht=scontent-gig4-1.xx&_nc_gid=AoBFJeGrT1hVaew_6rchkQ&oh=00_AfX7QmFGhQhG2jAllVgXCiM1ZrWgvtp80-Bfppyexh1QEg&oe=689E923C","@id":"https:\/\/anoticiaonline.com.br\/site\/policia-civil-prende-suspeito-de-ser-o-autor-de-roubos-na-cidade\/#organizationLogo"},"image":{"@id":"https:\/\/anoticiaonline.com.br\/site\/policia-civil-prende-suspeito-de-ser-o-autor-de-roubos-na-cidade\/#organizationLogo"}},{"@type":"Person","@id":"https:\/\/anoticiaonline.com.br\/site\/author\/juliana\/#author","url":"https:\/\/anoticiaonline.com.br\/site\/author\/juliana\/","name":"Juliana Laviola","image":{"@type":"ImageObject","@id":"https:\/\/anoticiaonline.com.br\/site\/policia-civil-prende-suspeito-de-ser-o-autor-de-roubos-na-cidade\/#authorImage","url":"https:\/\/secure.gravatar.com\/avatar\/b8d45f5c699b100dfaf0e543582f38f38bf94cb7ae3a5e9abf8d891a34773335?s=96&d=mm&r=g","width":96,"height":96,"caption":"Juliana Laviola"}},{"@type":"WebPage","@id":"https:\/\/anoticiaonline.com.br\/site\/policia-civil-prende-suspeito-de-ser-o-autor-de-roubos-na-cidade\/#webpage","url":"https:\/\/anoticiaonline.com.br\/site\/policia-civil-prende-suspeito-de-ser-o-autor-de-roubos-na-cidade\/","name":"Pol\u00edcia Civil prende suspeito de ser o autor de roubos na cidade - A Not\u00edcia Online","description":"A Pol\u00edcia Civil de Muria\u00e9, atrav\u00e9s da 32\u00aa Delegacia, em cumprimento a um mandado de pris\u00e3o tempor\u00e1ria, prendeu L. F. da R. Jr, de 24 anos, suspeito de ser o autor de roubos \u00e0 m\u00e3o armada na cidade. O mandado foi expedido, pois, em 6 de maio, o suspeito, com uma arma de fogo, teria","inLanguage":"pt-BR","isPartOf":{"@id":"https:\/\/anoticiaonline.com.br\/site\/#website"},"breadcrumb":{"@id":"https:\/\/anoticiaonline.com.br\/site\/policia-civil-prende-suspeito-de-ser-o-autor-de-roubos-na-cidade\/#breadcrumblist"},"author":{"@id":"https:\/\/anoticiaonline.com.br\/site\/author\/juliana\/#author"},"creator":{"@id":"https:\/\/anoticiaonline.com.br\/site\/author\/juliana\/#author"},"image":{"@type":"ImageObject","url":"https:\/\/anoticiaonline.com.br\/site\/wp-content\/uploads\/2016\/06\/IMG-20160624-WA0052.jpg","@id":"https:\/\/anoticiaonline.com.br\/site\/policia-civil-prende-suspeito-de-ser-o-autor-de-roubos-na-cidade\/#mainImage","width":472,"height":640},"primaryImageOfPage":{"@id":"https:\/\/anoticiaonline.com.br\/site\/policia-civil-prende-suspeito-de-ser-o-autor-de-roubos-na-cidade\/#mainImage"},"datePublished":"2016-06-27T09:42:05-03:00","dateModified":"2016-06-27T09:42:05-03:00"},{"@type":"WebSite","@id":"https:\/\/anoticiaonline.com.br\/site\/#website","url":"https:\/\/anoticiaonline.com.br\/site\/","name":"A Not\u00edcia Online","description":"Noticias de Muria\u00e9 e regi\u00e3o","inLanguage":"pt-BR","publisher":{"@id":"https:\/\/anoticiaonline.com.br\/site\/#organization"}}]},"og:locale":"pt_BR","og:site_name":"A Not\u00edcia Online - Noticias de Muria\u00e9 e regi\u00e3o","og:type":"article","og:title":"Pol\u00edcia Civil prende suspeito de ser o autor de roubos na cidade - A Not\u00edcia Online","og:description":"A Pol\u00edcia Civil de Muria\u00e9, atrav\u00e9s da 32\u00aa Delegacia, em cumprimento a um mandado de pris\u00e3o tempor\u00e1ria, prendeu L. F. da R. Jr, de 24 anos, suspeito de ser o autor de roubos \u00e0 m\u00e3o armada na cidade. O mandado foi expedido, pois, em 6 de maio, o suspeito, com uma arma de fogo, teria","og:url":"https:\/\/anoticiaonline.com.br\/site\/policia-civil-prende-suspeito-de-ser-o-autor-de-roubos-na-cidade\/","og:image":"https:\/\/scontent-gig4-1.xx.fbcdn.net\/v\/t39.30808-1\/270437624_4564083193639691_6907940295614233970_n.jpg?stp=dst-jpg_s200x200_tt6&#038;_nc_cat=111&#038;ccb=1-7&#038;_nc_sid=f907e8&#038;_nc_ohc=SM1wRlP3lJwQ7kNvwEPuBYA&#038;_nc_oc=AdnqrjDN_BNjSSHWO-GbkIWH6fkGMLw4bqvL_NH6e2wMveX7G-rP2dAqsDSq1mJMOaY&#038;_nc_zt=24&#038;_nc_ht=scontent-gig4-1.xx&#038;_nc_gid=AoBFJeGrT1hVaew_6rchkQ&#038;oh=00_AfX7QmFGhQhG2jAllVgXCiM1ZrWgvtp80-Bfppyexh1QEg&#038;oe=689E923C","og:image:secure_url":"https:\/\/scontent-gig4-1.xx.fbcdn.net\/v\/t39.30808-1\/270437624_4564083193639691_6907940295614233970_n.jpg?stp=dst-jpg_s200x200_tt6&#038;_nc_cat=111&#038;ccb=1-7&#038;_nc_sid=f907e8&#038;_nc_ohc=SM1wRlP3lJwQ7kNvwEPuBYA&#038;_nc_oc=AdnqrjDN_BNjSSHWO-GbkIWH6fkGMLw4bqvL_NH6e2wMveX7G-rP2dAqsDSq1mJMOaY&#038;_nc_zt=24&#038;_nc_ht=scontent-gig4-1.xx&#038;_nc_gid=AoBFJeGrT1hVaew_6rchkQ&#038;oh=00_AfX7QmFGhQhG2jAllVgXCiM1ZrWgvtp80-Bfppyexh1QEg&#038;oe=689E923C","article:published_time":"2016-06-27T12:42:05+00:00","article:modified_time":"2016-06-27T12:42:05+00:00","twitter:card":"summary_large_image","twitter:title":"Pol\u00edcia Civil prende suspeito de ser o autor de roubos na cidade - A Not\u00edcia Online","twitter:description":"A Pol\u00edcia Civil de Muria\u00e9, atrav\u00e9s da 32\u00aa Delegacia, em cumprimento a um mandado de pris\u00e3o tempor\u00e1ria, prendeu L. F. da R. Jr, de 24 anos, suspeito de ser o autor de roubos \u00e0 m\u00e3o armada na cidade. O mandado foi expedido, pois, em 6 de maio, o suspeito, com uma arma de fogo, teria","twitter:image":"https:\/\/scontent-gig4-1.xx.fbcdn.net\/v\/t39.30808-1\/270437624_4564083193639691_6907940295614233970_n.jpg?stp=dst-jpg_s200x200_tt6&_nc_cat=111&ccb=1-7&_nc_sid=f907e8&_nc_ohc=SM1wRlP3lJwQ7kNvwEPuBYA&_nc_oc=AdnqrjDN_BNjSSHWO-GbkIWH6fkGMLw4bqvL_NH6e2wMveX7G-rP2dAqsDSq1mJMOaY&_nc_zt=24&_nc_ht=scontent-gig4-1.xx&_nc_gid=AoBFJeGrT1hVaew_6rchkQ&oh=00_AfX7QmFGhQhG2jAllVgXCiM1ZrWgvtp80-Bfppyexh1QEg&oe=689E923C"},"aioseo_meta_data":{"post_id":"14817","title":null,"description":null,"keywords":null,"keyphrases":null,"primary_term":null,"canonical_url":null,"og_title":null,"og_description":null,"og_object_type":"default","og_image_type":"default","og_image_url":null,"og_image_width":null,"og_image_height":null,"og_image_custom_url":null,"og_image_custom_fields":null,"og_video":null,"og_custom_url":null,"og_article_section":null,"og_article_tags":null,"twitter_use_og":false,"twitter_card":"default","twitter_image_type":"default","twitter_image_url":null,"twitter_image_custom_url":null,"twitter_image_custom_fields":null,"twitter_title":null,"twitter_description":null,"schema":{"blockGraphs":[],"customGraphs":[],"default":{"data":{"Article":[],"Course":[],"Dataset":[],"FAQPage":[],"Movie":[],"Person":[],"Product":[],"ProductReview":[],"Car":[],"Recipe":[],"Service":[],"SoftwareApplication":[],"WebPage":[]},"graphName":"","isEnabled":true},"graphs":[]},"schema_type":"default","schema_type_options":null,"pillar_content":false,"robots_default":true,"robots_noindex":false,"robots_noarchive":false,"robots_nosnippet":false,"robots_nofollow":false,"robots_noimageindex":false,"robots_noodp":false,"robots_notranslate":false,"robots_max_snippet":null,"robots_max_videopreview":null,"robots_max_imagepreview":"large","priority":null,"frequency":null,"local_seo":null,"breadcrumb_settings":null,"limit_modified_date":false,"ai":null,"created":"2025-08-16 16:14:34","updated":"2025-08-16 16:14:34","focus_keyword":null,"additional_keywords":null,"truseo_locale":null,"seo_analyzer_scan_date":null},"aioseo_breadcrumb":"<div class=\"aioseo-breadcrumbs\"><span class=\"aioseo-breadcrumb\">\n\t\t\t<a href=\"https:\/\/anoticiaonline.com.br\/site\" title=\"Home\">Home<\/a>\n\t\t<\/span><span class=\"aioseo-breadcrumb-separator\">&raquo;<\/span><span class=\"aioseo-breadcrumb\">\n\t\t\t<a href=\"https:\/\/anoticiaonline.com.br\/site\/categoria\/muriae\/\" title=\"Blog\">Blog<\/a>\n\t\t<\/span><span class=\"aioseo-breadcrumb-separator\">&raquo;<\/span><span class=\"aioseo-breadcrumb\">\n\t\t\tPol\u00edcia Civil prende suspeito de ser o autor de roubos na cidade\n\t\t<\/span><\/div>","aioseo_breadcrumb_json":[{"label":"Home","link":"https:\/\/anoticiaonline.com.br\/site"},{"label":"Blog","link":"https:\/\/anoticiaonline.com.br\/site\/categoria\/muriae\/"},{"label":"Pol\u00edcia Civil prende suspeito de ser o autor de roubos na cidade","link":"https:\/\/anoticiaonline.com.br\/site\/policia-civil-prende-suspeito-de-ser-o-autor-de-roubos-na-cidade\/"}],"views":145,"_links":{"self":[{"href":"https:\/\/anoticiaonline.com.br\/site\/wp-json\/wp\/v2\/posts\/14817","targetHints":{"allow":["GET"]}}],"collection":[{"href":"https:\/\/anoticiaonline.com.br\/site\/wp-json\/wp\/v2\/posts"}],"about":[{"href":"https:\/\/anoticiaonline.com.br\/site\/wp-json\/wp\/v2\/types\/post"}],"author":[{"embeddable":true,"href":"https:\/\/anoticiaonline.com.br\/site\/wp-json\/wp\/v2\/users\/2"}],"replies":[{"embeddable":true,"href":"https:\/\/anoticiaonline.com.br\/site\/wp-json\/wp\/v2\/comments?post=14817"}],"version-history":[{"count":0,"href":"https:\/\/anoticiaonline.com.br\/site\/wp-json\/wp\/v2\/posts\/14817\/revisions"}],"wp:featuredmedia":[{"embeddable":true,"href":"https:\/\/anoticiaonline.com.br\/site\/wp-json\/wp\/v2\/media\/14818"}],"wp:attachment":[{"href":"https:\/\/anoticiaonline.com.br\/site\/wp-json\/wp\/v2\/media?parent=14817"}],"wp:term":[{"taxonomy":"category","embeddable":true,"href":"https:\/\/anoticiaonline.com.br\/site\/wp-json\/wp\/v2\/categories?post=14817"},{"taxonomy":"post_tag","embeddable":true,"href":"https:\/\/anoticiaonline.com.br\/site\/wp-json\/wp\/v2\/tags?post=14817"}],"curies":[{"name":"wp","href":"https:\/\/api.w.org\/{rel}","templated":true}]}}