{"id":14812,"date":"2016-06-23T19:37:15","date_gmt":"2016-06-23T22:37:15","guid":{"rendered":"http:\/\/anoticiaonline.com.br\/site\/?p=14812"},"modified":"2016-06-23T19:45:53","modified_gmt":"2016-06-23T22:45:53","slug":"simbolos-nacionais","status":"publish","type":"post","link":"https:\/\/anoticiaonline.com.br\/site\/simbolos-nacionais\/","title":{"rendered":"S\u00edmbolos Nacionais"},"content":{"rendered":"<p>N\u00e3o podemos negar que o sentimento de nacionalidade tem uma rela\u00e7\u00e3o muito grande com o respeito que possamos ter por nossas tradi\u00e7\u00f5es e, consequentemente, pelos S\u00edmbolos Nacionais. Quando n\u00e3o respeitamos esses valores, abrimos uma porta para a anarquia moral, comprometendo a boa conviv\u00eancia social. Hoje, fala-se muito em nosso pa\u00eds sobre determinadas corre\u00e7\u00f5es de postura, tais como: \u201cpoliticamente correto\u201d, \u201ceticamente correto\u201d, \u201cecologicamente correto\u201d, termos que nada valem se n\u00e3o tivermos uma sociedade bem fundamentada em seus valores para colocar esses \u201ccomportamentos corretos\u201d em pr\u00e1tica.<\/p>\n<p>Antes das partidas oficiais dos campeonatos, passou-se a executar o Hino Nacional brasileiro. Uma tentativa de se disseminar entre a popula\u00e7\u00e3o uma certa dose de patriotismo, j\u00e1 que os desacertos morais tomaram conta do nosso pa\u00eds nesses \u00faltimos anos. Pena que a maior parte das torcidas, principalmente as organizadas, numa atitude de desrespeito, canta ao mesmo tempo os chamados \u201cgritos de guerra\u201d de sua equipe, n\u00e3o dando a m\u00ednima aten\u00e7\u00e3o e respeito ao hino. Seria prefer\u00edvel se n\u00e3o o execut\u00e1ssemos.<\/p>\n<p>Houve tempo em que o nosso hino era respeitado quando executado, quer em pra\u00e7a p\u00fablica, quer em ambientes fechados. De frente para o Pavilh\u00e3o Nacional, as pessoas assumiam uma posi\u00e7\u00e3o de respeito aos s\u00edmbolos maiores do nosso pa\u00eds. Mas tudo aquilo que se vulgariza perde gradativamente a sua ess\u00eancia. Assim, v\u00e3o se deteriorando os valores e, \u00e9 claro, com eles, a pr\u00f3pria no\u00e7\u00e3o de civismo e de respeito \u00e0s institui\u00e7\u00f5es nacionais.<\/p>\n<p>Grande parte da popula\u00e7\u00e3o n\u00e3o sabe a letra correta do nosso hino e sai atropelando palavras durante a sua execu\u00e7\u00e3o. J\u00e1 pensaram se f\u00f4ssemos cantar a letra completa do Hino Nacional, incluindo a letra do estribilho, que ningu\u00e9m canta?\u00a0 A\u00ed o bicho ia pegar. S\u00f3 para ilustra\u00e7\u00e3o, transcrevo aqui os vinte versos que comp\u00f5em a letra do estribilho. Quem sabe algu\u00e9m os memorize?<\/p>\n<p>Espera o Brasil\u00a0\u00a0\u00a0\u00a0\u00a0\u00a0\u00a0\u00a0\u00a0\u00a0\u00a0\u00a0\u00a0 \u00a0\u00a0\u00a0\u00a0\u00a0\u00a0\u00a0\u00a0\u00a0\u00a0\u00a0\u00a0Servi o Brasil<\/p>\n<p>que todos cumprais\u00a0\u00a0\u00a0\u00a0\u00a0\u00a0 \u00a0\u00a0\u00a0\u00a0\u00a0\u00a0\u00a0\u00a0\u00a0\u00a0\u00a0\u00a0sem esmorecer<\/p>\n<p>com o vosso dever.\u00a0\u00a0\u00a0\u00a0\u00a0\u00a0 \u00a0\u00a0\u00a0\u00a0\u00a0\u00a0\u00a0\u00a0\u00a0\u00a0\u00a0\u00a0com \u00e2nimo audaz<\/p>\n<p>Eia, avante, brasileiros\u00a0\u00a0\u00a0\u00a0\u00a0\u00a0\u00a0\u00a0\u00a0\u00a0\u00a0\u00a0\u00a0 cumpri o dever<\/p>\n<p>Sempre avante!\u00a0\u00a0\u00a0\u00a0\u00a0\u00a0\u00a0\u00a0\u00a0\u00a0\u00a0\u00a0 \u00a0\u00a0\u00a0\u00a0\u00a0\u00a0\u00a0\u00a0\u00a0\u00a0\u00a0\u00a0\u00a0na guerra e na paz.<\/p>\n<p>&nbsp;<\/p>\n<p>Gravai com buril\u00a0\u00a0\u00a0\u00a0\u00a0\u00a0\u00a0\u00a0\u00a0\u00a0 \u00a0\u00a0\u00a0\u00a0\u00a0\u00a0\u00a0\u00a0\u00a0\u00a0\u00a0\u00a0\u00c0 sombra da lei,<\/p>\n<p>nos p\u00e1trios anais \u00a0\u00a0\u00a0\u00a0\u00a0\u00a0\u00a0\u00a0\u00a0\u00a0\u00a0\u00a0\u00a0\u00a0\u00a0\u00a0\u00a0\u00a0\u00a0\u00a0\u00a0\u00a0\u00a0\u00e0 brisa gentil<\/p>\n<p>do vosso poder.\u00a0\u00a0\u00a0\u00a0\u00a0\u00a0\u00a0\u00a0\u00a0\u00a0\u00a0\u00a0 \u00a0\u00a0\u00a0\u00a0\u00a0\u00a0\u00a0\u00a0\u00a0\u00a0\u00a0\u00a0o l\u00e1baro erguei<\/p>\n<p>Eia, avante brasileiros,\u00a0\u00a0\u00a0\u00a0\u00a0\u00a0\u00a0\u00a0\u00a0\u00a0\u00a0\u00a0\u00a0 do belo Brasil,<\/p>\n<p>Sempre avante!\u00a0\u00a0\u00a0\u00a0\u00a0\u00a0\u00a0\u00a0\u00a0\u00a0\u00a0\u00a0\u00a0 \u00a0\u00a0\u00a0\u00a0\u00a0\u00a0\u00a0\u00a0\u00a0\u00a0\u00a0eia sus, oh sus&#8230;!<\/p>\n<p>&nbsp;<\/p>\n<p>Obs.: Sus, aqui, n\u00e3o \u00e9 o nosso Servi\u00e7o \u00danico de Sa\u00fade, mas \u00e9 uma antiga interjei\u00e7\u00e3o para animar e que se identifica com: Coragem&#8230;!, Acima&#8230;!<\/p>\n","protected":false},"excerpt":{"rendered":"<p>N\u00e3o podemos negar que o sentimento de nacionalidade tem uma rela\u00e7\u00e3o muito grande com o respeito que possamos ter por nossas tradi\u00e7\u00f5es e, consequentemente, pelos S\u00edmbolos Nacionais. Quando n\u00e3o respeitamos esses valores, abrimos uma porta para a anarquia moral, comprometendo a boa conviv\u00eancia social. Hoje, fala-se muito em nosso pa\u00eds sobre determinadas corre\u00e7\u00f5es de postura, &#8230; <a title=\"S\u00edmbolos Nacionais\" class=\"read-more\" href=\"https:\/\/anoticiaonline.com.br\/site\/simbolos-nacionais\/\" aria-label=\"Read more about S\u00edmbolos Nacionais\">Ler mais<\/a><\/p>\n","protected":false},"author":2,"featured_media":0,"comment_status":"open","ping_status":"open","sticky":false,"template":"","format":"standard","meta":{"_acf_changed":false,"_monsterinsights_skip_tracking":false,"footnotes":""},"categories":[36],"tags":[],"class_list":["post-14812","post","type-post","status-publish","format-standard","hentry","category-logos-adellunar-marge"],"acf":[],"aioseo_notices":[],"aioseo_head":"\n\t\t<!-- All in One SEO 5.0.0.1 - aioseo.com -->\n\t<meta name=\"description\" content=\"N\u00e3o podemos negar que o sentimento de nacionalidade tem uma rela\u00e7\u00e3o muito grande com o respeito que possamos ter por nossas tradi\u00e7\u00f5es e, consequentemente, pelos S\u00edmbolos Nacionais. Quando n\u00e3o respeitamos esses valores, abrimos uma porta para a anarquia moral, comprometendo a boa conviv\u00eancia social. Hoje, fala-se muito em nosso pa\u00eds sobre determinadas corre\u00e7\u00f5es de postura,\" \/>\n\t<meta name=\"robots\" content=\"max-image-preview:large\" \/>\n\t<meta name=\"author\" content=\"Juliana Laviola\"\/>\n\t<link rel=\"canonical\" href=\"https:\/\/anoticiaonline.com.br\/site\/simbolos-nacionais\/\" \/>\n\t<meta name=\"generator\" content=\"All in One SEO (AIOSEO) 5.0.0.1\" \/>\n\t\t<meta property=\"og:locale\" content=\"pt_BR\" \/>\n\t\t<meta property=\"og:site_name\" content=\"A Not\u00edcia Online - Noticias de Muria\u00e9 e regi\u00e3o\" \/>\n\t\t<meta property=\"og:type\" content=\"article\" \/>\n\t\t<meta property=\"og:title\" content=\"S\u00edmbolos Nacionais - A Not\u00edcia Online\" \/>\n\t\t<meta property=\"og:description\" content=\"N\u00e3o podemos negar que o sentimento de nacionalidade tem uma rela\u00e7\u00e3o muito grande com o respeito que possamos ter por nossas tradi\u00e7\u00f5es e, consequentemente, pelos S\u00edmbolos Nacionais. Quando n\u00e3o respeitamos esses valores, abrimos uma porta para a anarquia moral, comprometendo a boa conviv\u00eancia social. Hoje, fala-se muito em nosso pa\u00eds sobre determinadas corre\u00e7\u00f5es de postura,\" \/>\n\t\t<meta property=\"og:url\" content=\"https:\/\/anoticiaonline.com.br\/site\/simbolos-nacionais\/\" \/>\n\t\t<meta property=\"og:image\" content=\"https:\/\/scontent-gig4-1.xx.fbcdn.net\/v\/t39.30808-1\/270437624_4564083193639691_6907940295614233970_n.jpg?stp=dst-jpg_s200x200_tt6&#038;_nc_cat=111&#038;ccb=1-7&#038;_nc_sid=f907e8&#038;_nc_ohc=SM1wRlP3lJwQ7kNvwEPuBYA&#038;_nc_oc=AdnqrjDN_BNjSSHWO-GbkIWH6fkGMLw4bqvL_NH6e2wMveX7G-rP2dAqsDSq1mJMOaY&#038;_nc_zt=24&#038;_nc_ht=scontent-gig4-1.xx&#038;_nc_gid=AoBFJeGrT1hVaew_6rchkQ&#038;oh=00_AfX7QmFGhQhG2jAllVgXCiM1ZrWgvtp80-Bfppyexh1QEg&#038;oe=689E923C\" \/>\n\t\t<meta property=\"og:image:secure_url\" content=\"https:\/\/scontent-gig4-1.xx.fbcdn.net\/v\/t39.30808-1\/270437624_4564083193639691_6907940295614233970_n.jpg?stp=dst-jpg_s200x200_tt6&#038;_nc_cat=111&#038;ccb=1-7&#038;_nc_sid=f907e8&#038;_nc_ohc=SM1wRlP3lJwQ7kNvwEPuBYA&#038;_nc_oc=AdnqrjDN_BNjSSHWO-GbkIWH6fkGMLw4bqvL_NH6e2wMveX7G-rP2dAqsDSq1mJMOaY&#038;_nc_zt=24&#038;_nc_ht=scontent-gig4-1.xx&#038;_nc_gid=AoBFJeGrT1hVaew_6rchkQ&#038;oh=00_AfX7QmFGhQhG2jAllVgXCiM1ZrWgvtp80-Bfppyexh1QEg&#038;oe=689E923C\" \/>\n\t\t<meta property=\"article:published_time\" content=\"2016-06-23T22:37:15+00:00\" \/>\n\t\t<meta property=\"article:modified_time\" content=\"2016-06-23T22:45:53+00:00\" \/>\n\t\t<meta name=\"twitter:card\" content=\"summary_large_image\" \/>\n\t\t<meta name=\"twitter:title\" content=\"S\u00edmbolos Nacionais - A Not\u00edcia Online\" \/>\n\t\t<meta name=\"twitter:description\" content=\"N\u00e3o podemos negar que o sentimento de nacionalidade tem uma rela\u00e7\u00e3o muito grande com o respeito que possamos ter por nossas tradi\u00e7\u00f5es e, consequentemente, pelos S\u00edmbolos Nacionais. Quando n\u00e3o respeitamos esses valores, abrimos uma porta para a anarquia moral, comprometendo a boa conviv\u00eancia social. Hoje, fala-se muito em nosso pa\u00eds sobre determinadas corre\u00e7\u00f5es de postura,\" \/>\n\t\t<meta name=\"twitter:image\" content=\"https:\/\/scontent-gig4-1.xx.fbcdn.net\/v\/t39.30808-1\/270437624_4564083193639691_6907940295614233970_n.jpg?stp=dst-jpg_s200x200_tt6&amp;_nc_cat=111&amp;ccb=1-7&amp;_nc_sid=f907e8&amp;_nc_ohc=SM1wRlP3lJwQ7kNvwEPuBYA&amp;_nc_oc=AdnqrjDN_BNjSSHWO-GbkIWH6fkGMLw4bqvL_NH6e2wMveX7G-rP2dAqsDSq1mJMOaY&amp;_nc_zt=24&amp;_nc_ht=scontent-gig4-1.xx&amp;_nc_gid=AoBFJeGrT1hVaew_6rchkQ&amp;oh=00_AfX7QmFGhQhG2jAllVgXCiM1ZrWgvtp80-Bfppyexh1QEg&amp;oe=689E923C\" \/>\n\t\t<script type=\"application\/ld+json\" class=\"aioseo-schema\">\n\t\t\t{\"@context\":\"https:\\\/\\\/schema.org\",\"@graph\":[{\"@type\":\"BlogPosting\",\"@id\":\"https:\\\/\\\/anoticiaonline.com.br\\\/site\\\/simbolos-nacionais\\\/#blogposting\",\"name\":\"S\\u00edmbolos Nacionais - A Not\\u00edcia Online\",\"headline\":\"S\\u00edmbolos Nacionais\",\"author\":{\"@id\":\"https:\\\/\\\/anoticiaonline.com.br\\\/site\\\/author\\\/juliana\\\/#author\"},\"publisher\":{\"@id\":\"https:\\\/\\\/anoticiaonline.com.br\\\/site\\\/#organization\"},\"image\":{\"@type\":\"ImageObject\",\"url\":\"https:\\\/\\\/scontent-gig4-1.xx.fbcdn.net\\\/v\\\/t39.30808-1\\\/270437624_4564083193639691_6907940295614233970_n.jpg?stp=dst-jpg_s200x200_tt6&_nc_cat=111&ccb=1-7&_nc_sid=f907e8&_nc_ohc=SM1wRlP3lJwQ7kNvwEPuBYA&_nc_oc=AdnqrjDN_BNjSSHWO-GbkIWH6fkGMLw4bqvL_NH6e2wMveX7G-rP2dAqsDSq1mJMOaY&_nc_zt=24&_nc_ht=scontent-gig4-1.xx&_nc_gid=AoBFJeGrT1hVaew_6rchkQ&oh=00_AfX7QmFGhQhG2jAllVgXCiM1ZrWgvtp80-Bfppyexh1QEg&oe=689E923C\",\"@id\":\"https:\\\/\\\/anoticiaonline.com.br\\\/site\\\/#articleImage\"},\"datePublished\":\"2016-06-23T19:37:15-03:00\",\"dateModified\":\"2016-06-23T19:45:53-03:00\",\"inLanguage\":\"pt-BR\",\"mainEntityOfPage\":{\"@id\":\"https:\\\/\\\/anoticiaonline.com.br\\\/site\\\/simbolos-nacionais\\\/#webpage\"},\"isPartOf\":{\"@id\":\"https:\\\/\\\/anoticiaonline.com.br\\\/site\\\/simbolos-nacionais\\\/#webpage\"},\"articleSection\":\"Logos - Adellunar Marge\"},{\"@type\":\"BreadcrumbList\",\"@id\":\"https:\\\/\\\/anoticiaonline.com.br\\\/site\\\/simbolos-nacionais\\\/#breadcrumblist\",\"itemListElement\":[{\"@type\":\"ListItem\",\"@id\":\"https:\\\/\\\/anoticiaonline.com.br\\\/site#listItem\",\"position\":1,\"name\":\"Home\",\"item\":\"https:\\\/\\\/anoticiaonline.com.br\\\/site\",\"nextItem\":{\"@type\":\"ListItem\",\"@id\":\"https:\\\/\\\/anoticiaonline.com.br\\\/site\\\/categoria\\\/colunistas\\\/#listItem\",\"name\":\"Colunistas\"}},{\"@type\":\"ListItem\",\"@id\":\"https:\\\/\\\/anoticiaonline.com.br\\\/site\\\/categoria\\\/colunistas\\\/#listItem\",\"position\":2,\"name\":\"Colunistas\",\"item\":\"https:\\\/\\\/anoticiaonline.com.br\\\/site\\\/categoria\\\/colunistas\\\/\",\"nextItem\":{\"@type\":\"ListItem\",\"@id\":\"https:\\\/\\\/anoticiaonline.com.br\\\/site\\\/categoria\\\/colunistas\\\/logos-adellunar-marge\\\/#listItem\",\"name\":\"Logos - Adellunar Marge\"},\"previousItem\":{\"@type\":\"ListItem\",\"@id\":\"https:\\\/\\\/anoticiaonline.com.br\\\/site#listItem\",\"name\":\"Home\"}},{\"@type\":\"ListItem\",\"@id\":\"https:\\\/\\\/anoticiaonline.com.br\\\/site\\\/categoria\\\/colunistas\\\/logos-adellunar-marge\\\/#listItem\",\"position\":3,\"name\":\"Logos - Adellunar Marge\",\"item\":\"https:\\\/\\\/anoticiaonline.com.br\\\/site\\\/categoria\\\/colunistas\\\/logos-adellunar-marge\\\/\",\"nextItem\":{\"@type\":\"ListItem\",\"@id\":\"https:\\\/\\\/anoticiaonline.com.br\\\/site\\\/simbolos-nacionais\\\/#listItem\",\"name\":\"S\\u00edmbolos Nacionais\"},\"previousItem\":{\"@type\":\"ListItem\",\"@id\":\"https:\\\/\\\/anoticiaonline.com.br\\\/site\\\/categoria\\\/colunistas\\\/#listItem\",\"name\":\"Colunistas\"}},{\"@type\":\"ListItem\",\"@id\":\"https:\\\/\\\/anoticiaonline.com.br\\\/site\\\/simbolos-nacionais\\\/#listItem\",\"position\":4,\"name\":\"S\\u00edmbolos Nacionais\",\"previousItem\":{\"@type\":\"ListItem\",\"@id\":\"https:\\\/\\\/anoticiaonline.com.br\\\/site\\\/categoria\\\/colunistas\\\/logos-adellunar-marge\\\/#listItem\",\"name\":\"Logos - Adellunar Marge\"}}]},{\"@type\":\"Organization\",\"@id\":\"https:\\\/\\\/anoticiaonline.com.br\\\/site\\\/#organization\",\"name\":\"A Not\\u00edcia Online\",\"description\":\"Noticias de Muria\\u00e9 e regi\\u00e3o\",\"url\":\"https:\\\/\\\/anoticiaonline.com.br\\\/site\\\/\",\"logo\":{\"@type\":\"ImageObject\",\"url\":\"https:\\\/\\\/scontent-gig4-1.xx.fbcdn.net\\\/v\\\/t39.30808-1\\\/270437624_4564083193639691_6907940295614233970_n.jpg?stp=dst-jpg_s200x200_tt6&_nc_cat=111&ccb=1-7&_nc_sid=f907e8&_nc_ohc=SM1wRlP3lJwQ7kNvwEPuBYA&_nc_oc=AdnqrjDN_BNjSSHWO-GbkIWH6fkGMLw4bqvL_NH6e2wMveX7G-rP2dAqsDSq1mJMOaY&_nc_zt=24&_nc_ht=scontent-gig4-1.xx&_nc_gid=AoBFJeGrT1hVaew_6rchkQ&oh=00_AfX7QmFGhQhG2jAllVgXCiM1ZrWgvtp80-Bfppyexh1QEg&oe=689E923C\",\"@id\":\"https:\\\/\\\/anoticiaonline.com.br\\\/site\\\/simbolos-nacionais\\\/#organizationLogo\"},\"image\":{\"@id\":\"https:\\\/\\\/anoticiaonline.com.br\\\/site\\\/simbolos-nacionais\\\/#organizationLogo\"}},{\"@type\":\"Person\",\"@id\":\"https:\\\/\\\/anoticiaonline.com.br\\\/site\\\/author\\\/juliana\\\/#author\",\"url\":\"https:\\\/\\\/anoticiaonline.com.br\\\/site\\\/author\\\/juliana\\\/\",\"name\":\"Juliana Laviola\",\"image\":{\"@type\":\"ImageObject\",\"@id\":\"https:\\\/\\\/anoticiaonline.com.br\\\/site\\\/simbolos-nacionais\\\/#authorImage\",\"url\":\"https:\\\/\\\/secure.gravatar.com\\\/avatar\\\/b8d45f5c699b100dfaf0e543582f38f38bf94cb7ae3a5e9abf8d891a34773335?s=96&d=mm&r=g\",\"width\":96,\"height\":96,\"caption\":\"Juliana Laviola\"}},{\"@type\":\"WebPage\",\"@id\":\"https:\\\/\\\/anoticiaonline.com.br\\\/site\\\/simbolos-nacionais\\\/#webpage\",\"url\":\"https:\\\/\\\/anoticiaonline.com.br\\\/site\\\/simbolos-nacionais\\\/\",\"name\":\"S\\u00edmbolos Nacionais - A Not\\u00edcia Online\",\"description\":\"N\\u00e3o podemos negar que o sentimento de nacionalidade tem uma rela\\u00e7\\u00e3o muito grande com o respeito que possamos ter por nossas tradi\\u00e7\\u00f5es e, consequentemente, pelos S\\u00edmbolos Nacionais. Quando n\\u00e3o respeitamos esses valores, abrimos uma porta para a anarquia moral, comprometendo a boa conviv\\u00eancia social. Hoje, fala-se muito em nosso pa\\u00eds sobre determinadas corre\\u00e7\\u00f5es de postura,\",\"inLanguage\":\"pt-BR\",\"isPartOf\":{\"@id\":\"https:\\\/\\\/anoticiaonline.com.br\\\/site\\\/#website\"},\"breadcrumb\":{\"@id\":\"https:\\\/\\\/anoticiaonline.com.br\\\/site\\\/simbolos-nacionais\\\/#breadcrumblist\"},\"author\":{\"@id\":\"https:\\\/\\\/anoticiaonline.com.br\\\/site\\\/author\\\/juliana\\\/#author\"},\"creator\":{\"@id\":\"https:\\\/\\\/anoticiaonline.com.br\\\/site\\\/author\\\/juliana\\\/#author\"},\"datePublished\":\"2016-06-23T19:37:15-03:00\",\"dateModified\":\"2016-06-23T19:45:53-03:00\"},{\"@type\":\"WebSite\",\"@id\":\"https:\\\/\\\/anoticiaonline.com.br\\\/site\\\/#website\",\"url\":\"https:\\\/\\\/anoticiaonline.com.br\\\/site\\\/\",\"name\":\"A Not\\u00edcia Online\",\"description\":\"Noticias de Muria\\u00e9 e regi\\u00e3o\",\"inLanguage\":\"pt-BR\",\"publisher\":{\"@id\":\"https:\\\/\\\/anoticiaonline.com.br\\\/site\\\/#organization\"}}]}\n\t\t<\/script>\n\t\t<!-- All in One SEO -->\n\n","aioseo_head_json":{"title":"S\u00edmbolos Nacionais - A Not\u00edcia Online","description":"N\u00e3o podemos negar que o sentimento de nacionalidade tem uma rela\u00e7\u00e3o muito grande com o respeito que possamos ter por nossas tradi\u00e7\u00f5es e, consequentemente, pelos S\u00edmbolos Nacionais. Quando n\u00e3o respeitamos esses valores, abrimos uma porta para a anarquia moral, comprometendo a boa conviv\u00eancia social. Hoje, fala-se muito em nosso pa\u00eds sobre determinadas corre\u00e7\u00f5es de postura,","canonical_url":"https:\/\/anoticiaonline.com.br\/site\/simbolos-nacionais\/","robots":"max-image-preview:large","keywords":"","webmasterTools":{"miscellaneous":""},"schema":{"@context":"https:\/\/schema.org","@graph":[{"@type":"BlogPosting","@id":"https:\/\/anoticiaonline.com.br\/site\/simbolos-nacionais\/#blogposting","name":"S\u00edmbolos Nacionais - A Not\u00edcia Online","headline":"S\u00edmbolos Nacionais","author":{"@id":"https:\/\/anoticiaonline.com.br\/site\/author\/juliana\/#author"},"publisher":{"@id":"https:\/\/anoticiaonline.com.br\/site\/#organization"},"image":{"@type":"ImageObject","url":"https:\/\/scontent-gig4-1.xx.fbcdn.net\/v\/t39.30808-1\/270437624_4564083193639691_6907940295614233970_n.jpg?stp=dst-jpg_s200x200_tt6&_nc_cat=111&ccb=1-7&_nc_sid=f907e8&_nc_ohc=SM1wRlP3lJwQ7kNvwEPuBYA&_nc_oc=AdnqrjDN_BNjSSHWO-GbkIWH6fkGMLw4bqvL_NH6e2wMveX7G-rP2dAqsDSq1mJMOaY&_nc_zt=24&_nc_ht=scontent-gig4-1.xx&_nc_gid=AoBFJeGrT1hVaew_6rchkQ&oh=00_AfX7QmFGhQhG2jAllVgXCiM1ZrWgvtp80-Bfppyexh1QEg&oe=689E923C","@id":"https:\/\/anoticiaonline.com.br\/site\/#articleImage"},"datePublished":"2016-06-23T19:37:15-03:00","dateModified":"2016-06-23T19:45:53-03:00","inLanguage":"pt-BR","mainEntityOfPage":{"@id":"https:\/\/anoticiaonline.com.br\/site\/simbolos-nacionais\/#webpage"},"isPartOf":{"@id":"https:\/\/anoticiaonline.com.br\/site\/simbolos-nacionais\/#webpage"},"articleSection":"Logos - Adellunar Marge"},{"@type":"BreadcrumbList","@id":"https:\/\/anoticiaonline.com.br\/site\/simbolos-nacionais\/#breadcrumblist","itemListElement":[{"@type":"ListItem","@id":"https:\/\/anoticiaonline.com.br\/site#listItem","position":1,"name":"Home","item":"https:\/\/anoticiaonline.com.br\/site","nextItem":{"@type":"ListItem","@id":"https:\/\/anoticiaonline.com.br\/site\/categoria\/colunistas\/#listItem","name":"Colunistas"}},{"@type":"ListItem","@id":"https:\/\/anoticiaonline.com.br\/site\/categoria\/colunistas\/#listItem","position":2,"name":"Colunistas","item":"https:\/\/anoticiaonline.com.br\/site\/categoria\/colunistas\/","nextItem":{"@type":"ListItem","@id":"https:\/\/anoticiaonline.com.br\/site\/categoria\/colunistas\/logos-adellunar-marge\/#listItem","name":"Logos - Adellunar Marge"},"previousItem":{"@type":"ListItem","@id":"https:\/\/anoticiaonline.com.br\/site#listItem","name":"Home"}},{"@type":"ListItem","@id":"https:\/\/anoticiaonline.com.br\/site\/categoria\/colunistas\/logos-adellunar-marge\/#listItem","position":3,"name":"Logos - Adellunar Marge","item":"https:\/\/anoticiaonline.com.br\/site\/categoria\/colunistas\/logos-adellunar-marge\/","nextItem":{"@type":"ListItem","@id":"https:\/\/anoticiaonline.com.br\/site\/simbolos-nacionais\/#listItem","name":"S\u00edmbolos Nacionais"},"previousItem":{"@type":"ListItem","@id":"https:\/\/anoticiaonline.com.br\/site\/categoria\/colunistas\/#listItem","name":"Colunistas"}},{"@type":"ListItem","@id":"https:\/\/anoticiaonline.com.br\/site\/simbolos-nacionais\/#listItem","position":4,"name":"S\u00edmbolos Nacionais","previousItem":{"@type":"ListItem","@id":"https:\/\/anoticiaonline.com.br\/site\/categoria\/colunistas\/logos-adellunar-marge\/#listItem","name":"Logos - Adellunar Marge"}}]},{"@type":"Organization","@id":"https:\/\/anoticiaonline.com.br\/site\/#organization","name":"A Not\u00edcia Online","description":"Noticias de Muria\u00e9 e regi\u00e3o","url":"https:\/\/anoticiaonline.com.br\/site\/","logo":{"@type":"ImageObject","url":"https:\/\/scontent-gig4-1.xx.fbcdn.net\/v\/t39.30808-1\/270437624_4564083193639691_6907940295614233970_n.jpg?stp=dst-jpg_s200x200_tt6&_nc_cat=111&ccb=1-7&_nc_sid=f907e8&_nc_ohc=SM1wRlP3lJwQ7kNvwEPuBYA&_nc_oc=AdnqrjDN_BNjSSHWO-GbkIWH6fkGMLw4bqvL_NH6e2wMveX7G-rP2dAqsDSq1mJMOaY&_nc_zt=24&_nc_ht=scontent-gig4-1.xx&_nc_gid=AoBFJeGrT1hVaew_6rchkQ&oh=00_AfX7QmFGhQhG2jAllVgXCiM1ZrWgvtp80-Bfppyexh1QEg&oe=689E923C","@id":"https:\/\/anoticiaonline.com.br\/site\/simbolos-nacionais\/#organizationLogo"},"image":{"@id":"https:\/\/anoticiaonline.com.br\/site\/simbolos-nacionais\/#organizationLogo"}},{"@type":"Person","@id":"https:\/\/anoticiaonline.com.br\/site\/author\/juliana\/#author","url":"https:\/\/anoticiaonline.com.br\/site\/author\/juliana\/","name":"Juliana Laviola","image":{"@type":"ImageObject","@id":"https:\/\/anoticiaonline.com.br\/site\/simbolos-nacionais\/#authorImage","url":"https:\/\/secure.gravatar.com\/avatar\/b8d45f5c699b100dfaf0e543582f38f38bf94cb7ae3a5e9abf8d891a34773335?s=96&d=mm&r=g","width":96,"height":96,"caption":"Juliana Laviola"}},{"@type":"WebPage","@id":"https:\/\/anoticiaonline.com.br\/site\/simbolos-nacionais\/#webpage","url":"https:\/\/anoticiaonline.com.br\/site\/simbolos-nacionais\/","name":"S\u00edmbolos Nacionais - A Not\u00edcia Online","description":"N\u00e3o podemos negar que o sentimento de nacionalidade tem uma rela\u00e7\u00e3o muito grande com o respeito que possamos ter por nossas tradi\u00e7\u00f5es e, consequentemente, pelos S\u00edmbolos Nacionais. Quando n\u00e3o respeitamos esses valores, abrimos uma porta para a anarquia moral, comprometendo a boa conviv\u00eancia social. Hoje, fala-se muito em nosso pa\u00eds sobre determinadas corre\u00e7\u00f5es de postura,","inLanguage":"pt-BR","isPartOf":{"@id":"https:\/\/anoticiaonline.com.br\/site\/#website"},"breadcrumb":{"@id":"https:\/\/anoticiaonline.com.br\/site\/simbolos-nacionais\/#breadcrumblist"},"author":{"@id":"https:\/\/anoticiaonline.com.br\/site\/author\/juliana\/#author"},"creator":{"@id":"https:\/\/anoticiaonline.com.br\/site\/author\/juliana\/#author"},"datePublished":"2016-06-23T19:37:15-03:00","dateModified":"2016-06-23T19:45:53-03:00"},{"@type":"WebSite","@id":"https:\/\/anoticiaonline.com.br\/site\/#website","url":"https:\/\/anoticiaonline.com.br\/site\/","name":"A Not\u00edcia Online","description":"Noticias de Muria\u00e9 e regi\u00e3o","inLanguage":"pt-BR","publisher":{"@id":"https:\/\/anoticiaonline.com.br\/site\/#organization"}}]},"og:locale":"pt_BR","og:site_name":"A Not\u00edcia Online - Noticias de Muria\u00e9 e regi\u00e3o","og:type":"article","og:title":"S\u00edmbolos Nacionais - A Not\u00edcia Online","og:description":"N\u00e3o podemos negar que o sentimento de nacionalidade tem uma rela\u00e7\u00e3o muito grande com o respeito que possamos ter por nossas tradi\u00e7\u00f5es e, consequentemente, pelos S\u00edmbolos Nacionais. Quando n\u00e3o respeitamos esses valores, abrimos uma porta para a anarquia moral, comprometendo a boa conviv\u00eancia social. Hoje, fala-se muito em nosso pa\u00eds sobre determinadas corre\u00e7\u00f5es de postura,","og:url":"https:\/\/anoticiaonline.com.br\/site\/simbolos-nacionais\/","og:image":"https:\/\/scontent-gig4-1.xx.fbcdn.net\/v\/t39.30808-1\/270437624_4564083193639691_6907940295614233970_n.jpg?stp=dst-jpg_s200x200_tt6&#038;_nc_cat=111&#038;ccb=1-7&#038;_nc_sid=f907e8&#038;_nc_ohc=SM1wRlP3lJwQ7kNvwEPuBYA&#038;_nc_oc=AdnqrjDN_BNjSSHWO-GbkIWH6fkGMLw4bqvL_NH6e2wMveX7G-rP2dAqsDSq1mJMOaY&#038;_nc_zt=24&#038;_nc_ht=scontent-gig4-1.xx&#038;_nc_gid=AoBFJeGrT1hVaew_6rchkQ&#038;oh=00_AfX7QmFGhQhG2jAllVgXCiM1ZrWgvtp80-Bfppyexh1QEg&#038;oe=689E923C","og:image:secure_url":"https:\/\/scontent-gig4-1.xx.fbcdn.net\/v\/t39.30808-1\/270437624_4564083193639691_6907940295614233970_n.jpg?stp=dst-jpg_s200x200_tt6&#038;_nc_cat=111&#038;ccb=1-7&#038;_nc_sid=f907e8&#038;_nc_ohc=SM1wRlP3lJwQ7kNvwEPuBYA&#038;_nc_oc=AdnqrjDN_BNjSSHWO-GbkIWH6fkGMLw4bqvL_NH6e2wMveX7G-rP2dAqsDSq1mJMOaY&#038;_nc_zt=24&#038;_nc_ht=scontent-gig4-1.xx&#038;_nc_gid=AoBFJeGrT1hVaew_6rchkQ&#038;oh=00_AfX7QmFGhQhG2jAllVgXCiM1ZrWgvtp80-Bfppyexh1QEg&#038;oe=689E923C","article:published_time":"2016-06-23T22:37:15+00:00","article:modified_time":"2016-06-23T22:45:53+00:00","twitter:card":"summary_large_image","twitter:title":"S\u00edmbolos Nacionais - A Not\u00edcia Online","twitter:description":"N\u00e3o podemos negar que o sentimento de nacionalidade tem uma rela\u00e7\u00e3o muito grande com o respeito que possamos ter por nossas tradi\u00e7\u00f5es e, consequentemente, pelos S\u00edmbolos Nacionais. Quando n\u00e3o respeitamos esses valores, abrimos uma porta para a anarquia moral, comprometendo a boa conviv\u00eancia social. Hoje, fala-se muito em nosso pa\u00eds sobre determinadas corre\u00e7\u00f5es de postura,","twitter:image":"https:\/\/scontent-gig4-1.xx.fbcdn.net\/v\/t39.30808-1\/270437624_4564083193639691_6907940295614233970_n.jpg?stp=dst-jpg_s200x200_tt6&_nc_cat=111&ccb=1-7&_nc_sid=f907e8&_nc_ohc=SM1wRlP3lJwQ7kNvwEPuBYA&_nc_oc=AdnqrjDN_BNjSSHWO-GbkIWH6fkGMLw4bqvL_NH6e2wMveX7G-rP2dAqsDSq1mJMOaY&_nc_zt=24&_nc_ht=scontent-gig4-1.xx&_nc_gid=AoBFJeGrT1hVaew_6rchkQ&oh=00_AfX7QmFGhQhG2jAllVgXCiM1ZrWgvtp80-Bfppyexh1QEg&oe=689E923C"},"aioseo_meta_data":{"post_id":"14812","title":null,"description":null,"keywords":null,"keyphrases":null,"primary_term":null,"canonical_url":null,"og_title":null,"og_description":null,"og_object_type":"default","og_image_type":"default","og_image_url":null,"og_image_width":null,"og_image_height":null,"og_image_custom_url":null,"og_image_custom_fields":null,"og_video":null,"og_custom_url":null,"og_article_section":null,"og_article_tags":null,"twitter_use_og":false,"twitter_card":"default","twitter_image_type":"default","twitter_image_url":null,"twitter_image_custom_url":null,"twitter_image_custom_fields":null,"twitter_title":null,"twitter_description":null,"schema":{"blockGraphs":[],"customGraphs":[],"default":{"data":{"Article":[],"Course":[],"Dataset":[],"FAQPage":[],"Movie":[],"Person":[],"Product":[],"ProductReview":[],"Car":[],"Recipe":[],"Service":[],"SoftwareApplication":[],"WebPage":[]},"graphName":"","isEnabled":true},"graphs":[]},"schema_type":"default","schema_type_options":null,"pillar_content":false,"robots_default":true,"robots_noindex":false,"robots_noarchive":false,"robots_nosnippet":false,"robots_nofollow":false,"robots_noimageindex":false,"robots_noodp":false,"robots_notranslate":false,"robots_max_snippet":null,"robots_max_videopreview":null,"robots_max_imagepreview":"large","priority":null,"frequency":null,"local_seo":null,"breadcrumb_settings":null,"limit_modified_date":false,"ai":null,"created":"2025-08-16 16:14:34","updated":"2025-08-16 16:14:34","focus_keyword":null,"additional_keywords":null,"truseo_locale":null,"seo_analyzer_scan_date":null},"aioseo_breadcrumb":"<div class=\"aioseo-breadcrumbs\"><span class=\"aioseo-breadcrumb\">\n\t\t\t<a href=\"https:\/\/anoticiaonline.com.br\/site\" title=\"Home\">Home<\/a>\n\t\t<\/span><span class=\"aioseo-breadcrumb-separator\">&raquo;<\/span><span class=\"aioseo-breadcrumb\">\n\t\t\t<a href=\"https:\/\/anoticiaonline.com.br\/site\/categoria\/colunistas\/\" title=\"Colunistas\">Colunistas<\/a>\n\t\t<\/span><span class=\"aioseo-breadcrumb-separator\">&raquo;<\/span><span class=\"aioseo-breadcrumb\">\n\t\t\t<a href=\"https:\/\/anoticiaonline.com.br\/site\/categoria\/colunistas\/logos-adellunar-marge\/\" title=\"Logos - Adellunar Marge\">Logos - Adellunar Marge<\/a>\n\t\t<\/span><span class=\"aioseo-breadcrumb-separator\">&raquo;<\/span><span class=\"aioseo-breadcrumb\">\n\t\t\tS\u00edmbolos Nacionais\n\t\t<\/span><\/div>","aioseo_breadcrumb_json":[{"label":"Home","link":"https:\/\/anoticiaonline.com.br\/site"},{"label":"Colunistas","link":"https:\/\/anoticiaonline.com.br\/site\/categoria\/colunistas\/"},{"label":"Logos - Adellunar Marge","link":"https:\/\/anoticiaonline.com.br\/site\/categoria\/colunistas\/logos-adellunar-marge\/"},{"label":"S\u00edmbolos Nacionais","link":"https:\/\/anoticiaonline.com.br\/site\/simbolos-nacionais\/"}],"views":87,"_links":{"self":[{"href":"https:\/\/anoticiaonline.com.br\/site\/wp-json\/wp\/v2\/posts\/14812","targetHints":{"allow":["GET"]}}],"collection":[{"href":"https:\/\/anoticiaonline.com.br\/site\/wp-json\/wp\/v2\/posts"}],"about":[{"href":"https:\/\/anoticiaonline.com.br\/site\/wp-json\/wp\/v2\/types\/post"}],"author":[{"embeddable":true,"href":"https:\/\/anoticiaonline.com.br\/site\/wp-json\/wp\/v2\/users\/2"}],"replies":[{"embeddable":true,"href":"https:\/\/anoticiaonline.com.br\/site\/wp-json\/wp\/v2\/comments?post=14812"}],"version-history":[{"count":0,"href":"https:\/\/anoticiaonline.com.br\/site\/wp-json\/wp\/v2\/posts\/14812\/revisions"}],"wp:attachment":[{"href":"https:\/\/anoticiaonline.com.br\/site\/wp-json\/wp\/v2\/media?parent=14812"}],"wp:term":[{"taxonomy":"category","embeddable":true,"href":"https:\/\/anoticiaonline.com.br\/site\/wp-json\/wp\/v2\/categories?post=14812"},{"taxonomy":"post_tag","embeddable":true,"href":"https:\/\/anoticiaonline.com.br\/site\/wp-json\/wp\/v2\/tags?post=14812"}],"curies":[{"name":"wp","href":"https:\/\/api.w.org\/{rel}","templated":true}]}}