{"id":14769,"date":"2016-06-23T15:02:28","date_gmt":"2016-06-23T18:02:28","guid":{"rendered":"http:\/\/anoticiaonline.com.br\/site\/?p=14769"},"modified":"2016-06-23T15:02:28","modified_gmt":"2016-06-23T18:02:28","slug":"sociarte-42","status":"publish","type":"post","link":"https:\/\/anoticiaonline.com.br\/site\/sociarte-42\/","title":{"rendered":"Sociarte:"},"content":{"rendered":"<p><strong>Edi\u00e7\u00e3o 493, de 24 de junho de 2016<\/strong><\/p>\n<p>&nbsp;<\/p>\n<p>&nbsp;<br \/>\n<a href=\"https:\/\/anoticiaonline.com.br\/site\/wp-content\/uploads\/2016\/06\/Ch\u00e1-Bar-de-Carol-e-Gabriel.jpg\"><img fetchpriority=\"high\" decoding=\"async\" class=\"alignnone size-medium wp-image-14770\" src=\"https:\/\/anoticiaonline.com.br\/site\/wp-content\/uploads\/2016\/06\/Ch\u00e1-Bar-de-Carol-e-Gabriel-244x300.jpg\" alt=\"Ch\u00e1-Bar de Carol e Gabriel\" width=\"244\" height=\"300\" srcset=\"https:\/\/anoticiaonline.com.br\/site\/wp-content\/uploads\/2016\/06\/Ch\u00e1-Bar-de-Carol-e-Gabriel-244x300.jpg 244w, https:\/\/anoticiaonline.com.br\/site\/wp-content\/uploads\/2016\/06\/Ch\u00e1-Bar-de-Carol-e-Gabriel.jpg 347w\" sizes=\"(max-width: 244px) 100vw, 244px\" \/><\/a><br \/>\n<strong>Ch\u00e1-Bar de Carol e Gabriel<\/strong><\/p>\n<p>Ana Caroline Placides e Gabriel Carvalho (Sancar Caminh\u00f5es) receberam familiares e amigos no Mirante do Colina, no s\u00e1bado (18), para o Ch\u00e1-Bar do casal. Al\u00e9m da comemora\u00e7\u00e3o do ch\u00e1, tamb\u00e9m houve parab\u00e9ns para Carol, sua m\u00e3e Rosemeire e sua madrinha Rosana, todas festejando seus respectivos anivers\u00e1rios. Eles se casam no dia 2 de julho. Que venha agora o casamento! (Coluna Socialmente)<\/p>\n<p>&nbsp;<\/p>\n<p>&nbsp;<\/p>\n<p><a href=\"https:\/\/anoticiaonline.com.br\/site\/wp-content\/uploads\/2016\/06\/5-anos-de-Pedro-\u00c2ngelo.jpg\"><img decoding=\"async\" class=\"alignnone size-medium wp-image-14771\" src=\"https:\/\/anoticiaonline.com.br\/site\/wp-content\/uploads\/2016\/06\/5-anos-de-Pedro-\u00c2ngelo-300x250.jpg\" alt=\"5 anos de Pedro \u00c2ngelo\" width=\"300\" height=\"250\" srcset=\"https:\/\/anoticiaonline.com.br\/site\/wp-content\/uploads\/2016\/06\/5-anos-de-Pedro-\u00c2ngelo-300x250.jpg 300w, https:\/\/anoticiaonline.com.br\/site\/wp-content\/uploads\/2016\/06\/5-anos-de-Pedro-\u00c2ngelo.jpg 640w\" sizes=\"(max-width: 300px) 100vw, 300px\" \/><\/a><br \/>\n<strong>5 anos de Pedro \u00c2ngelo<\/strong><\/p>\n<p>Pedro \u00c2ngelo Amaral da Silva, filho de Crislaine Aparecida da Costa Amaral e Silva e \u00c2ngelo M\u00e1rcio Gon\u00e7alves da Silva, completou 5 anos nesta quarta-feira (22). Ele recebe os parab\u00e9ns, com desejos de muitas felicidades, dos papais. Muitos vivas e aplausos para Pedro \u00c2ngelo! (Revele Photo)<\/p>\n<p>&nbsp;<\/p>\n<p>&nbsp;<\/p>\n<p><a href=\"https:\/\/anoticiaonline.com.br\/site\/wp-content\/uploads\/2016\/06\/Parab\u00e9ns-Wilsinho.jpg\"><img decoding=\"async\" class=\"alignnone size-medium wp-image-14772\" src=\"https:\/\/anoticiaonline.com.br\/site\/wp-content\/uploads\/2016\/06\/Parab\u00e9ns-Wilsinho-300x282.jpg\" alt=\"Parab\u00e9ns, Wilsinho!\" width=\"300\" height=\"282\" srcset=\"https:\/\/anoticiaonline.com.br\/site\/wp-content\/uploads\/2016\/06\/Parab\u00e9ns-Wilsinho-300x282.jpg 300w, https:\/\/anoticiaonline.com.br\/site\/wp-content\/uploads\/2016\/06\/Parab\u00e9ns-Wilsinho.jpg 640w\" sizes=\"(max-width: 300px) 100vw, 300px\" \/><\/a><br \/>\n<strong>Parab\u00e9ns, Wilsinho!<\/strong><\/p>\n<p>O arte-finalista da Stylo Gr\u00e1fica, Wilson Vargas da Silva J\u00fanior, foi agraciado com o pr\u00eamio \u201cGuardi\u00e3o da Divisa\u201d, concedido pelo 47\u00ba Batalh\u00e3o de Pol\u00edcia Militar, durante solenidade comemorativa aos nove anos da unidade. O pr\u00eamio homenageia pessoas f\u00edsicas e institui\u00e7\u00f5es, al\u00e9m de militares da ativa e da reserva, pelos relevantes servi\u00e7os prestados \u00e0 corpora\u00e7\u00e3o e em prol da promo\u00e7\u00e3o da paz social. Parab\u00e9ns, Wilsinho!<\/p>\n<p>&nbsp;<\/p>\n<p>&nbsp;<\/p>\n<p><a href=\"https:\/\/anoticiaonline.com.br\/site\/wp-content\/uploads\/2016\/06\/O-\u201csim\u201d-de-Nath\u00e1lia-e-Marcelo.jpg\"><img loading=\"lazy\" decoding=\"async\" class=\"alignnone size-medium wp-image-14773\" src=\"https:\/\/anoticiaonline.com.br\/site\/wp-content\/uploads\/2016\/06\/O-\u201csim\u201d-de-Nath\u00e1lia-e-Marcelo-274x300.jpg\" alt=\"O \u201csim\u201d de Nath\u00e1lia e Marcelo\" width=\"274\" height=\"300\" srcset=\"https:\/\/anoticiaonline.com.br\/site\/wp-content\/uploads\/2016\/06\/O-\u201csim\u201d-de-Nath\u00e1lia-e-Marcelo-274x300.jpg 274w, https:\/\/anoticiaonline.com.br\/site\/wp-content\/uploads\/2016\/06\/O-\u201csim\u201d-de-Nath\u00e1lia-e-Marcelo.jpg 584w\" sizes=\"(max-width: 274px) 100vw, 274px\" \/><\/a><br \/>\n<strong>O \u201csim\u201d de Nath\u00e1lia e Marcelo<\/strong><\/p>\n<p>Nath\u00e1lia Aquino Sigiliano (jornalista e assessora parlamentar) e Marcelo Vaz (gerente da CG Comercial) disseram \u201csim\u201d um ao outro durante uma linda cerim\u00f4nia, realizada na noite de sexta-feira (17), na Matriz S\u00e3o Paulo. Logo ap\u00f3s, os noivos recepcionaram os convidados com uma bela festa, na AABB. Nath\u00e1lia \u00e9 filha de Silv\u00e9rio Tanus Sigiliano e Cl\u00e1udia Schueler de Aquino Sigiliano. O noivo \u00e9 filho de Jos\u00e9 Ant\u00f4nio de Mattos Vaz e Lourdes Stela Jord\u00e3o de Carvalho Vaz. Parab\u00e9ns ao casal nesta nova etapa da vida a dois que se inicia. (Arquivo pessoal\/Facebook)<\/p>\n<p>&nbsp;<\/p>\n<p>&nbsp;<\/p>\n<p><a href=\"https:\/\/anoticiaonline.com.br\/site\/wp-content\/uploads\/2016\/06\/15-anos-de-Maria-Alice.jpg\"><img loading=\"lazy\" decoding=\"async\" class=\"alignnone size-medium wp-image-14774\" src=\"https:\/\/anoticiaonline.com.br\/site\/wp-content\/uploads\/2016\/06\/15-anos-de-Maria-Alice-202x300.jpg\" alt=\"15 anos de Maria Alice\" width=\"202\" height=\"300\" srcset=\"https:\/\/anoticiaonline.com.br\/site\/wp-content\/uploads\/2016\/06\/15-anos-de-Maria-Alice-202x300.jpg 202w, https:\/\/anoticiaonline.com.br\/site\/wp-content\/uploads\/2016\/06\/15-anos-de-Maria-Alice.jpg 430w\" sizes=\"(max-width: 202px) 100vw, 202px\" \/><\/a><br \/>\n<strong>15 anos de Maria Alice<\/strong><\/p>\n<p>Os 15 anos de Maria Alice da Silva Almeida foram muito comemorados durante uma linda festa, que aconteceu no s\u00e1bado (18), no S\u00edtio Catavento. A aniversariante recebe os parab\u00e9ns, com desejos de muitas felicidades, dos pais, H\u00e9rcules e Eliane, av\u00f3s, tios, primos, demais familiares e amigos. Maria Alice, felicidades mil para voc\u00ea! (Foto Central)<\/p>\n<p>&nbsp;<\/p>\n<p>&nbsp;<\/p>\n<p><a href=\"https:\/\/anoticiaonline.com.br\/site\/wp-content\/uploads\/2016\/06\/Parab\u00e9ns-Cleidson.jpg\"><img loading=\"lazy\" decoding=\"async\" class=\"alignnone size-medium wp-image-14775\" src=\"https:\/\/anoticiaonline.com.br\/site\/wp-content\/uploads\/2016\/06\/Parab\u00e9ns-Cleidson-300x243.jpg\" alt=\"Parab\u00e9ns, Cleidson!\" width=\"300\" height=\"243\" srcset=\"https:\/\/anoticiaonline.com.br\/site\/wp-content\/uploads\/2016\/06\/Parab\u00e9ns-Cleidson-300x243.jpg 300w, https:\/\/anoticiaonline.com.br\/site\/wp-content\/uploads\/2016\/06\/Parab\u00e9ns-Cleidson.jpg 600w\" sizes=\"(max-width: 300px) 100vw, 300px\" \/><\/a><br \/>\n<strong>Parab\u00e9ns, Cleidson!<\/strong><\/p>\n<p>Quem completou mais um ano de vida no domingo (19) foi Cleidson Pe\u00e7anha Quint\u00e3o (propriet\u00e1rio da Segplam). O aniversariante recebe os parab\u00e9ns da esposa M\u00e1rcia, da equipe da Segplam e do jornal A NOT\u00cdCIA. Cleidson, que Deus, em Sua infinita bondade, lhe conceda muitas b\u00ean\u00e7\u00e3os!<\/p>\n<p>&nbsp;<\/p>\n<p><a href=\"https:\/\/anoticiaonline.com.br\/site\/wp-content\/uploads\/2016\/06\/Casamento-de-Cleide-e-Cristiano.jpg\"><img loading=\"lazy\" decoding=\"async\" class=\"alignnone size-medium wp-image-14776\" src=\"https:\/\/anoticiaonline.com.br\/site\/wp-content\/uploads\/2016\/06\/Casamento-de-Cleide-e-Cristiano-202x300.jpg\" alt=\"Casamento de Cleide e Cristiano\" width=\"202\" height=\"300\" srcset=\"https:\/\/anoticiaonline.com.br\/site\/wp-content\/uploads\/2016\/06\/Casamento-de-Cleide-e-Cristiano-202x300.jpg 202w, https:\/\/anoticiaonline.com.br\/site\/wp-content\/uploads\/2016\/06\/Casamento-de-Cleide-e-Cristiano.jpg 430w\" sizes=\"(max-width: 202px) 100vw, 202px\" \/><\/a><br \/>\n<strong>Casamento de Cleide e Cristiano<\/strong><\/p>\n<p>Cleide Aparecida de Oliveira e Cristiano Roberto de Assis trocaram alian\u00e7as no s\u00e1bado (18), durante cerim\u00f4nia realizada na Par\u00f3quia Nossa Senhora da Imaculada Concei\u00e7\u00e3o, na Barra, onde receberam os cumprimentos. Cleide \u00e9 filha de Levi Garcia de Oliveira e Maria Ant\u00f4nia Concei\u00e7\u00e3o de Oliveira. Cristiano \u00e9 filho de Carlos Roberto de Assis e Dolorosa C\u00e1ssia Silva Assis. Parab\u00e9ns ao casal! (Foto Central)<\/p>\n","protected":false},"excerpt":{"rendered":"<p>Edi\u00e7\u00e3o 493, de 24 de junho de 2016 &nbsp; &nbsp; Ch\u00e1-Bar de Carol e Gabriel Ana Caroline Placides e Gabriel Carvalho (Sancar Caminh\u00f5es) receberam familiares e amigos no Mirante do Colina, no s\u00e1bado (18), para o Ch\u00e1-Bar do casal. Al\u00e9m da comemora\u00e7\u00e3o do ch\u00e1, tamb\u00e9m houve parab\u00e9ns para Carol, sua m\u00e3e Rosemeire e sua madrinha &#8230; <a title=\"Sociarte:\" class=\"read-more\" href=\"https:\/\/anoticiaonline.com.br\/site\/sociarte-42\/\" aria-label=\"Read more about Sociarte:\">Ler mais<\/a><\/p>\n","protected":false},"author":2,"featured_media":0,"comment_status":"open","ping_status":"open","sticky":false,"template":"","format":"standard","meta":{"_acf_changed":false,"_monsterinsights_skip_tracking":false,"footnotes":""},"categories":[38],"tags":[],"class_list":["post-14769","post","type-post","status-publish","format-standard","hentry","category-sociarte"],"acf":[],"aioseo_notices":[],"aioseo_head":"\n\t\t<!-- All in One SEO 5.0.0.1 - aioseo.com -->\n\t<meta name=\"description\" content=\"Edi\u00e7\u00e3o 493, de 24 de junho de 2016 Ch\u00e1-Bar de Carol e Gabriel Ana Caroline Placides e Gabriel Carvalho (Sancar Caminh\u00f5es) receberam familiares e amigos no Mirante do Colina, no s\u00e1bado (18), para o Ch\u00e1-Bar do casal. Al\u00e9m da comemora\u00e7\u00e3o do ch\u00e1, tamb\u00e9m houve parab\u00e9ns para Carol, sua m\u00e3e Rosemeire e sua madrinha\" \/>\n\t<meta name=\"robots\" content=\"max-image-preview:large\" \/>\n\t<meta name=\"author\" content=\"Juliana Laviola\"\/>\n\t<link rel=\"canonical\" href=\"https:\/\/anoticiaonline.com.br\/site\/sociarte-42\/\" \/>\n\t<meta name=\"generator\" content=\"All in One SEO (AIOSEO) 5.0.0.1\" \/>\n\t\t<meta property=\"og:locale\" content=\"pt_BR\" \/>\n\t\t<meta property=\"og:site_name\" content=\"A Not\u00edcia Online - Noticias de Muria\u00e9 e regi\u00e3o\" \/>\n\t\t<meta property=\"og:type\" content=\"article\" \/>\n\t\t<meta property=\"og:title\" content=\"Sociarte: - A Not\u00edcia Online\" \/>\n\t\t<meta property=\"og:description\" content=\"Edi\u00e7\u00e3o 493, de 24 de junho de 2016 Ch\u00e1-Bar de Carol e Gabriel Ana Caroline Placides e Gabriel Carvalho (Sancar Caminh\u00f5es) receberam familiares e amigos no Mirante do Colina, no s\u00e1bado (18), para o Ch\u00e1-Bar do casal. Al\u00e9m da comemora\u00e7\u00e3o do ch\u00e1, tamb\u00e9m houve parab\u00e9ns para Carol, sua m\u00e3e Rosemeire e sua madrinha\" \/>\n\t\t<meta property=\"og:url\" content=\"https:\/\/anoticiaonline.com.br\/site\/sociarte-42\/\" \/>\n\t\t<meta property=\"og:image\" content=\"https:\/\/scontent-gig4-1.xx.fbcdn.net\/v\/t39.30808-1\/270437624_4564083193639691_6907940295614233970_n.jpg?stp=dst-jpg_s200x200_tt6&#038;_nc_cat=111&#038;ccb=1-7&#038;_nc_sid=f907e8&#038;_nc_ohc=SM1wRlP3lJwQ7kNvwEPuBYA&#038;_nc_oc=AdnqrjDN_BNjSSHWO-GbkIWH6fkGMLw4bqvL_NH6e2wMveX7G-rP2dAqsDSq1mJMOaY&#038;_nc_zt=24&#038;_nc_ht=scontent-gig4-1.xx&#038;_nc_gid=AoBFJeGrT1hVaew_6rchkQ&#038;oh=00_AfX7QmFGhQhG2jAllVgXCiM1ZrWgvtp80-Bfppyexh1QEg&#038;oe=689E923C\" \/>\n\t\t<meta property=\"og:image:secure_url\" content=\"https:\/\/scontent-gig4-1.xx.fbcdn.net\/v\/t39.30808-1\/270437624_4564083193639691_6907940295614233970_n.jpg?stp=dst-jpg_s200x200_tt6&#038;_nc_cat=111&#038;ccb=1-7&#038;_nc_sid=f907e8&#038;_nc_ohc=SM1wRlP3lJwQ7kNvwEPuBYA&#038;_nc_oc=AdnqrjDN_BNjSSHWO-GbkIWH6fkGMLw4bqvL_NH6e2wMveX7G-rP2dAqsDSq1mJMOaY&#038;_nc_zt=24&#038;_nc_ht=scontent-gig4-1.xx&#038;_nc_gid=AoBFJeGrT1hVaew_6rchkQ&#038;oh=00_AfX7QmFGhQhG2jAllVgXCiM1ZrWgvtp80-Bfppyexh1QEg&#038;oe=689E923C\" \/>\n\t\t<meta property=\"article:published_time\" content=\"2016-06-23T18:02:28+00:00\" \/>\n\t\t<meta property=\"article:modified_time\" content=\"2016-06-23T18:02:28+00:00\" \/>\n\t\t<meta name=\"twitter:card\" content=\"summary_large_image\" \/>\n\t\t<meta name=\"twitter:title\" content=\"Sociarte: - A Not\u00edcia Online\" \/>\n\t\t<meta name=\"twitter:description\" content=\"Edi\u00e7\u00e3o 493, de 24 de junho de 2016 Ch\u00e1-Bar de Carol e Gabriel Ana Caroline Placides e Gabriel Carvalho (Sancar Caminh\u00f5es) receberam familiares e amigos no Mirante do Colina, no s\u00e1bado (18), para o Ch\u00e1-Bar do casal. Al\u00e9m da comemora\u00e7\u00e3o do ch\u00e1, tamb\u00e9m houve parab\u00e9ns para Carol, sua m\u00e3e Rosemeire e sua madrinha\" \/>\n\t\t<meta name=\"twitter:image\" content=\"https:\/\/scontent-gig4-1.xx.fbcdn.net\/v\/t39.30808-1\/270437624_4564083193639691_6907940295614233970_n.jpg?stp=dst-jpg_s200x200_tt6&amp;_nc_cat=111&amp;ccb=1-7&amp;_nc_sid=f907e8&amp;_nc_ohc=SM1wRlP3lJwQ7kNvwEPuBYA&amp;_nc_oc=AdnqrjDN_BNjSSHWO-GbkIWH6fkGMLw4bqvL_NH6e2wMveX7G-rP2dAqsDSq1mJMOaY&amp;_nc_zt=24&amp;_nc_ht=scontent-gig4-1.xx&amp;_nc_gid=AoBFJeGrT1hVaew_6rchkQ&amp;oh=00_AfX7QmFGhQhG2jAllVgXCiM1ZrWgvtp80-Bfppyexh1QEg&amp;oe=689E923C\" \/>\n\t\t<script type=\"application\/ld+json\" class=\"aioseo-schema\">\n\t\t\t{\"@context\":\"https:\\\/\\\/schema.org\",\"@graph\":[{\"@type\":\"BlogPosting\",\"@id\":\"https:\\\/\\\/anoticiaonline.com.br\\\/site\\\/sociarte-42\\\/#blogposting\",\"name\":\"Sociarte: - A Not\\u00edcia Online\",\"headline\":\"Sociarte:\",\"author\":{\"@id\":\"https:\\\/\\\/anoticiaonline.com.br\\\/site\\\/author\\\/juliana\\\/#author\"},\"publisher\":{\"@id\":\"https:\\\/\\\/anoticiaonline.com.br\\\/site\\\/#organization\"},\"image\":{\"@type\":\"ImageObject\",\"url\":\"http:\\\/\\\/anoticiaonline.com.br\\\/site\\\/wp-content\\\/uploads\\\/2016\\\/06\\\/Ch\\u00e1-Bar-de-Carol-e-Gabriel-244x300.jpg\",\"@id\":\"https:\\\/\\\/anoticiaonline.com.br\\\/site\\\/sociarte-42\\\/#articleImage\"},\"datePublished\":\"2016-06-23T15:02:28-03:00\",\"dateModified\":\"2016-06-23T15:02:28-03:00\",\"inLanguage\":\"pt-BR\",\"mainEntityOfPage\":{\"@id\":\"https:\\\/\\\/anoticiaonline.com.br\\\/site\\\/sociarte-42\\\/#webpage\"},\"isPartOf\":{\"@id\":\"https:\\\/\\\/anoticiaonline.com.br\\\/site\\\/sociarte-42\\\/#webpage\"},\"articleSection\":\"Sociarte\"},{\"@type\":\"BreadcrumbList\",\"@id\":\"https:\\\/\\\/anoticiaonline.com.br\\\/site\\\/sociarte-42\\\/#breadcrumblist\",\"itemListElement\":[{\"@type\":\"ListItem\",\"@id\":\"https:\\\/\\\/anoticiaonline.com.br\\\/site#listItem\",\"position\":1,\"name\":\"Home\",\"item\":\"https:\\\/\\\/anoticiaonline.com.br\\\/site\",\"nextItem\":{\"@type\":\"ListItem\",\"@id\":\"https:\\\/\\\/anoticiaonline.com.br\\\/site\\\/categoria\\\/colunistas\\\/#listItem\",\"name\":\"Colunistas\"}},{\"@type\":\"ListItem\",\"@id\":\"https:\\\/\\\/anoticiaonline.com.br\\\/site\\\/categoria\\\/colunistas\\\/#listItem\",\"position\":2,\"name\":\"Colunistas\",\"item\":\"https:\\\/\\\/anoticiaonline.com.br\\\/site\\\/categoria\\\/colunistas\\\/\",\"nextItem\":{\"@type\":\"ListItem\",\"@id\":\"https:\\\/\\\/anoticiaonline.com.br\\\/site\\\/categoria\\\/colunistas\\\/sociarte\\\/#listItem\",\"name\":\"Sociarte\"},\"previousItem\":{\"@type\":\"ListItem\",\"@id\":\"https:\\\/\\\/anoticiaonline.com.br\\\/site#listItem\",\"name\":\"Home\"}},{\"@type\":\"ListItem\",\"@id\":\"https:\\\/\\\/anoticiaonline.com.br\\\/site\\\/categoria\\\/colunistas\\\/sociarte\\\/#listItem\",\"position\":3,\"name\":\"Sociarte\",\"item\":\"https:\\\/\\\/anoticiaonline.com.br\\\/site\\\/categoria\\\/colunistas\\\/sociarte\\\/\",\"nextItem\":{\"@type\":\"ListItem\",\"@id\":\"https:\\\/\\\/anoticiaonline.com.br\\\/site\\\/sociarte-42\\\/#listItem\",\"name\":\"Sociarte:\"},\"previousItem\":{\"@type\":\"ListItem\",\"@id\":\"https:\\\/\\\/anoticiaonline.com.br\\\/site\\\/categoria\\\/colunistas\\\/#listItem\",\"name\":\"Colunistas\"}},{\"@type\":\"ListItem\",\"@id\":\"https:\\\/\\\/anoticiaonline.com.br\\\/site\\\/sociarte-42\\\/#listItem\",\"position\":4,\"name\":\"Sociarte:\",\"previousItem\":{\"@type\":\"ListItem\",\"@id\":\"https:\\\/\\\/anoticiaonline.com.br\\\/site\\\/categoria\\\/colunistas\\\/sociarte\\\/#listItem\",\"name\":\"Sociarte\"}}]},{\"@type\":\"Organization\",\"@id\":\"https:\\\/\\\/anoticiaonline.com.br\\\/site\\\/#organization\",\"name\":\"A Not\\u00edcia Online\",\"description\":\"Noticias de Muria\\u00e9 e regi\\u00e3o\",\"url\":\"https:\\\/\\\/anoticiaonline.com.br\\\/site\\\/\",\"logo\":{\"@type\":\"ImageObject\",\"url\":\"https:\\\/\\\/scontent-gig4-1.xx.fbcdn.net\\\/v\\\/t39.30808-1\\\/270437624_4564083193639691_6907940295614233970_n.jpg?stp=dst-jpg_s200x200_tt6&_nc_cat=111&ccb=1-7&_nc_sid=f907e8&_nc_ohc=SM1wRlP3lJwQ7kNvwEPuBYA&_nc_oc=AdnqrjDN_BNjSSHWO-GbkIWH6fkGMLw4bqvL_NH6e2wMveX7G-rP2dAqsDSq1mJMOaY&_nc_zt=24&_nc_ht=scontent-gig4-1.xx&_nc_gid=AoBFJeGrT1hVaew_6rchkQ&oh=00_AfX7QmFGhQhG2jAllVgXCiM1ZrWgvtp80-Bfppyexh1QEg&oe=689E923C\",\"@id\":\"https:\\\/\\\/anoticiaonline.com.br\\\/site\\\/sociarte-42\\\/#organizationLogo\"},\"image\":{\"@id\":\"https:\\\/\\\/anoticiaonline.com.br\\\/site\\\/sociarte-42\\\/#organizationLogo\"}},{\"@type\":\"Person\",\"@id\":\"https:\\\/\\\/anoticiaonline.com.br\\\/site\\\/author\\\/juliana\\\/#author\",\"url\":\"https:\\\/\\\/anoticiaonline.com.br\\\/site\\\/author\\\/juliana\\\/\",\"name\":\"Juliana Laviola\",\"image\":{\"@type\":\"ImageObject\",\"@id\":\"https:\\\/\\\/anoticiaonline.com.br\\\/site\\\/sociarte-42\\\/#authorImage\",\"url\":\"https:\\\/\\\/secure.gravatar.com\\\/avatar\\\/b8d45f5c699b100dfaf0e543582f38f38bf94cb7ae3a5e9abf8d891a34773335?s=96&d=mm&r=g\",\"width\":96,\"height\":96,\"caption\":\"Juliana Laviola\"}},{\"@type\":\"WebPage\",\"@id\":\"https:\\\/\\\/anoticiaonline.com.br\\\/site\\\/sociarte-42\\\/#webpage\",\"url\":\"https:\\\/\\\/anoticiaonline.com.br\\\/site\\\/sociarte-42\\\/\",\"name\":\"Sociarte: - A Not\\u00edcia Online\",\"description\":\"Edi\\u00e7\\u00e3o 493, de 24 de junho de 2016 Ch\\u00e1-Bar de Carol e Gabriel Ana Caroline Placides e Gabriel Carvalho (Sancar Caminh\\u00f5es) receberam familiares e amigos no Mirante do Colina, no s\\u00e1bado (18), para o Ch\\u00e1-Bar do casal. Al\\u00e9m da comemora\\u00e7\\u00e3o do ch\\u00e1, tamb\\u00e9m houve parab\\u00e9ns para Carol, sua m\\u00e3e Rosemeire e sua madrinha\",\"inLanguage\":\"pt-BR\",\"isPartOf\":{\"@id\":\"https:\\\/\\\/anoticiaonline.com.br\\\/site\\\/#website\"},\"breadcrumb\":{\"@id\":\"https:\\\/\\\/anoticiaonline.com.br\\\/site\\\/sociarte-42\\\/#breadcrumblist\"},\"author\":{\"@id\":\"https:\\\/\\\/anoticiaonline.com.br\\\/site\\\/author\\\/juliana\\\/#author\"},\"creator\":{\"@id\":\"https:\\\/\\\/anoticiaonline.com.br\\\/site\\\/author\\\/juliana\\\/#author\"},\"datePublished\":\"2016-06-23T15:02:28-03:00\",\"dateModified\":\"2016-06-23T15:02:28-03:00\"},{\"@type\":\"WebSite\",\"@id\":\"https:\\\/\\\/anoticiaonline.com.br\\\/site\\\/#website\",\"url\":\"https:\\\/\\\/anoticiaonline.com.br\\\/site\\\/\",\"name\":\"A Not\\u00edcia Online\",\"description\":\"Noticias de Muria\\u00e9 e regi\\u00e3o\",\"inLanguage\":\"pt-BR\",\"publisher\":{\"@id\":\"https:\\\/\\\/anoticiaonline.com.br\\\/site\\\/#organization\"}}]}\n\t\t<\/script>\n\t\t<!-- All in One SEO -->\n\n","aioseo_head_json":{"title":"Sociarte: - A Not\u00edcia Online","description":"Edi\u00e7\u00e3o 493, de 24 de junho de 2016 Ch\u00e1-Bar de Carol e Gabriel Ana Caroline Placides e Gabriel Carvalho (Sancar Caminh\u00f5es) receberam familiares e amigos no Mirante do Colina, no s\u00e1bado (18), para o Ch\u00e1-Bar do casal. Al\u00e9m da comemora\u00e7\u00e3o do ch\u00e1, tamb\u00e9m houve parab\u00e9ns para Carol, sua m\u00e3e Rosemeire e sua madrinha","canonical_url":"https:\/\/anoticiaonline.com.br\/site\/sociarte-42\/","robots":"max-image-preview:large","keywords":"","webmasterTools":{"miscellaneous":""},"schema":{"@context":"https:\/\/schema.org","@graph":[{"@type":"BlogPosting","@id":"https:\/\/anoticiaonline.com.br\/site\/sociarte-42\/#blogposting","name":"Sociarte: - A Not\u00edcia Online","headline":"Sociarte:","author":{"@id":"https:\/\/anoticiaonline.com.br\/site\/author\/juliana\/#author"},"publisher":{"@id":"https:\/\/anoticiaonline.com.br\/site\/#organization"},"image":{"@type":"ImageObject","url":"http:\/\/anoticiaonline.com.br\/site\/wp-content\/uploads\/2016\/06\/Ch\u00e1-Bar-de-Carol-e-Gabriel-244x300.jpg","@id":"https:\/\/anoticiaonline.com.br\/site\/sociarte-42\/#articleImage"},"datePublished":"2016-06-23T15:02:28-03:00","dateModified":"2016-06-23T15:02:28-03:00","inLanguage":"pt-BR","mainEntityOfPage":{"@id":"https:\/\/anoticiaonline.com.br\/site\/sociarte-42\/#webpage"},"isPartOf":{"@id":"https:\/\/anoticiaonline.com.br\/site\/sociarte-42\/#webpage"},"articleSection":"Sociarte"},{"@type":"BreadcrumbList","@id":"https:\/\/anoticiaonline.com.br\/site\/sociarte-42\/#breadcrumblist","itemListElement":[{"@type":"ListItem","@id":"https:\/\/anoticiaonline.com.br\/site#listItem","position":1,"name":"Home","item":"https:\/\/anoticiaonline.com.br\/site","nextItem":{"@type":"ListItem","@id":"https:\/\/anoticiaonline.com.br\/site\/categoria\/colunistas\/#listItem","name":"Colunistas"}},{"@type":"ListItem","@id":"https:\/\/anoticiaonline.com.br\/site\/categoria\/colunistas\/#listItem","position":2,"name":"Colunistas","item":"https:\/\/anoticiaonline.com.br\/site\/categoria\/colunistas\/","nextItem":{"@type":"ListItem","@id":"https:\/\/anoticiaonline.com.br\/site\/categoria\/colunistas\/sociarte\/#listItem","name":"Sociarte"},"previousItem":{"@type":"ListItem","@id":"https:\/\/anoticiaonline.com.br\/site#listItem","name":"Home"}},{"@type":"ListItem","@id":"https:\/\/anoticiaonline.com.br\/site\/categoria\/colunistas\/sociarte\/#listItem","position":3,"name":"Sociarte","item":"https:\/\/anoticiaonline.com.br\/site\/categoria\/colunistas\/sociarte\/","nextItem":{"@type":"ListItem","@id":"https:\/\/anoticiaonline.com.br\/site\/sociarte-42\/#listItem","name":"Sociarte:"},"previousItem":{"@type":"ListItem","@id":"https:\/\/anoticiaonline.com.br\/site\/categoria\/colunistas\/#listItem","name":"Colunistas"}},{"@type":"ListItem","@id":"https:\/\/anoticiaonline.com.br\/site\/sociarte-42\/#listItem","position":4,"name":"Sociarte:","previousItem":{"@type":"ListItem","@id":"https:\/\/anoticiaonline.com.br\/site\/categoria\/colunistas\/sociarte\/#listItem","name":"Sociarte"}}]},{"@type":"Organization","@id":"https:\/\/anoticiaonline.com.br\/site\/#organization","name":"A Not\u00edcia Online","description":"Noticias de Muria\u00e9 e regi\u00e3o","url":"https:\/\/anoticiaonline.com.br\/site\/","logo":{"@type":"ImageObject","url":"https:\/\/scontent-gig4-1.xx.fbcdn.net\/v\/t39.30808-1\/270437624_4564083193639691_6907940295614233970_n.jpg?stp=dst-jpg_s200x200_tt6&_nc_cat=111&ccb=1-7&_nc_sid=f907e8&_nc_ohc=SM1wRlP3lJwQ7kNvwEPuBYA&_nc_oc=AdnqrjDN_BNjSSHWO-GbkIWH6fkGMLw4bqvL_NH6e2wMveX7G-rP2dAqsDSq1mJMOaY&_nc_zt=24&_nc_ht=scontent-gig4-1.xx&_nc_gid=AoBFJeGrT1hVaew_6rchkQ&oh=00_AfX7QmFGhQhG2jAllVgXCiM1ZrWgvtp80-Bfppyexh1QEg&oe=689E923C","@id":"https:\/\/anoticiaonline.com.br\/site\/sociarte-42\/#organizationLogo"},"image":{"@id":"https:\/\/anoticiaonline.com.br\/site\/sociarte-42\/#organizationLogo"}},{"@type":"Person","@id":"https:\/\/anoticiaonline.com.br\/site\/author\/juliana\/#author","url":"https:\/\/anoticiaonline.com.br\/site\/author\/juliana\/","name":"Juliana Laviola","image":{"@type":"ImageObject","@id":"https:\/\/anoticiaonline.com.br\/site\/sociarte-42\/#authorImage","url":"https:\/\/secure.gravatar.com\/avatar\/b8d45f5c699b100dfaf0e543582f38f38bf94cb7ae3a5e9abf8d891a34773335?s=96&d=mm&r=g","width":96,"height":96,"caption":"Juliana Laviola"}},{"@type":"WebPage","@id":"https:\/\/anoticiaonline.com.br\/site\/sociarte-42\/#webpage","url":"https:\/\/anoticiaonline.com.br\/site\/sociarte-42\/","name":"Sociarte: - A Not\u00edcia Online","description":"Edi\u00e7\u00e3o 493, de 24 de junho de 2016 Ch\u00e1-Bar de Carol e Gabriel Ana Caroline Placides e Gabriel Carvalho (Sancar Caminh\u00f5es) receberam familiares e amigos no Mirante do Colina, no s\u00e1bado (18), para o Ch\u00e1-Bar do casal. Al\u00e9m da comemora\u00e7\u00e3o do ch\u00e1, tamb\u00e9m houve parab\u00e9ns para Carol, sua m\u00e3e Rosemeire e sua madrinha","inLanguage":"pt-BR","isPartOf":{"@id":"https:\/\/anoticiaonline.com.br\/site\/#website"},"breadcrumb":{"@id":"https:\/\/anoticiaonline.com.br\/site\/sociarte-42\/#breadcrumblist"},"author":{"@id":"https:\/\/anoticiaonline.com.br\/site\/author\/juliana\/#author"},"creator":{"@id":"https:\/\/anoticiaonline.com.br\/site\/author\/juliana\/#author"},"datePublished":"2016-06-23T15:02:28-03:00","dateModified":"2016-06-23T15:02:28-03:00"},{"@type":"WebSite","@id":"https:\/\/anoticiaonline.com.br\/site\/#website","url":"https:\/\/anoticiaonline.com.br\/site\/","name":"A Not\u00edcia Online","description":"Noticias de Muria\u00e9 e regi\u00e3o","inLanguage":"pt-BR","publisher":{"@id":"https:\/\/anoticiaonline.com.br\/site\/#organization"}}]},"og:locale":"pt_BR","og:site_name":"A Not\u00edcia Online - Noticias de Muria\u00e9 e regi\u00e3o","og:type":"article","og:title":"Sociarte: - A Not\u00edcia Online","og:description":"Edi\u00e7\u00e3o 493, de 24 de junho de 2016 Ch\u00e1-Bar de Carol e Gabriel Ana Caroline Placides e Gabriel Carvalho (Sancar Caminh\u00f5es) receberam familiares e amigos no Mirante do Colina, no s\u00e1bado (18), para o Ch\u00e1-Bar do casal. Al\u00e9m da comemora\u00e7\u00e3o do ch\u00e1, tamb\u00e9m houve parab\u00e9ns para Carol, sua m\u00e3e Rosemeire e sua madrinha","og:url":"https:\/\/anoticiaonline.com.br\/site\/sociarte-42\/","og:image":"https:\/\/scontent-gig4-1.xx.fbcdn.net\/v\/t39.30808-1\/270437624_4564083193639691_6907940295614233970_n.jpg?stp=dst-jpg_s200x200_tt6&#038;_nc_cat=111&#038;ccb=1-7&#038;_nc_sid=f907e8&#038;_nc_ohc=SM1wRlP3lJwQ7kNvwEPuBYA&#038;_nc_oc=AdnqrjDN_BNjSSHWO-GbkIWH6fkGMLw4bqvL_NH6e2wMveX7G-rP2dAqsDSq1mJMOaY&#038;_nc_zt=24&#038;_nc_ht=scontent-gig4-1.xx&#038;_nc_gid=AoBFJeGrT1hVaew_6rchkQ&#038;oh=00_AfX7QmFGhQhG2jAllVgXCiM1ZrWgvtp80-Bfppyexh1QEg&#038;oe=689E923C","og:image:secure_url":"https:\/\/scontent-gig4-1.xx.fbcdn.net\/v\/t39.30808-1\/270437624_4564083193639691_6907940295614233970_n.jpg?stp=dst-jpg_s200x200_tt6&#038;_nc_cat=111&#038;ccb=1-7&#038;_nc_sid=f907e8&#038;_nc_ohc=SM1wRlP3lJwQ7kNvwEPuBYA&#038;_nc_oc=AdnqrjDN_BNjSSHWO-GbkIWH6fkGMLw4bqvL_NH6e2wMveX7G-rP2dAqsDSq1mJMOaY&#038;_nc_zt=24&#038;_nc_ht=scontent-gig4-1.xx&#038;_nc_gid=AoBFJeGrT1hVaew_6rchkQ&#038;oh=00_AfX7QmFGhQhG2jAllVgXCiM1ZrWgvtp80-Bfppyexh1QEg&#038;oe=689E923C","article:published_time":"2016-06-23T18:02:28+00:00","article:modified_time":"2016-06-23T18:02:28+00:00","twitter:card":"summary_large_image","twitter:title":"Sociarte: - A Not\u00edcia Online","twitter:description":"Edi\u00e7\u00e3o 493, de 24 de junho de 2016 Ch\u00e1-Bar de Carol e Gabriel Ana Caroline Placides e Gabriel Carvalho (Sancar Caminh\u00f5es) receberam familiares e amigos no Mirante do Colina, no s\u00e1bado (18), para o Ch\u00e1-Bar do casal. Al\u00e9m da comemora\u00e7\u00e3o do ch\u00e1, tamb\u00e9m houve parab\u00e9ns para Carol, sua m\u00e3e Rosemeire e sua madrinha","twitter:image":"https:\/\/scontent-gig4-1.xx.fbcdn.net\/v\/t39.30808-1\/270437624_4564083193639691_6907940295614233970_n.jpg?stp=dst-jpg_s200x200_tt6&_nc_cat=111&ccb=1-7&_nc_sid=f907e8&_nc_ohc=SM1wRlP3lJwQ7kNvwEPuBYA&_nc_oc=AdnqrjDN_BNjSSHWO-GbkIWH6fkGMLw4bqvL_NH6e2wMveX7G-rP2dAqsDSq1mJMOaY&_nc_zt=24&_nc_ht=scontent-gig4-1.xx&_nc_gid=AoBFJeGrT1hVaew_6rchkQ&oh=00_AfX7QmFGhQhG2jAllVgXCiM1ZrWgvtp80-Bfppyexh1QEg&oe=689E923C"},"aioseo_meta_data":{"post_id":"14769","title":null,"description":null,"keywords":null,"keyphrases":null,"primary_term":null,"canonical_url":null,"og_title":null,"og_description":null,"og_object_type":"default","og_image_type":"default","og_image_url":null,"og_image_width":null,"og_image_height":null,"og_image_custom_url":null,"og_image_custom_fields":null,"og_video":null,"og_custom_url":null,"og_article_section":null,"og_article_tags":null,"twitter_use_og":false,"twitter_card":"default","twitter_image_type":"default","twitter_image_url":null,"twitter_image_custom_url":null,"twitter_image_custom_fields":null,"twitter_title":null,"twitter_description":null,"schema":{"blockGraphs":[],"customGraphs":[],"default":{"data":{"Article":[],"Course":[],"Dataset":[],"FAQPage":[],"Movie":[],"Person":[],"Product":[],"ProductReview":[],"Car":[],"Recipe":[],"Service":[],"SoftwareApplication":[],"WebPage":[]},"graphName":"","isEnabled":true},"graphs":[]},"schema_type":"default","schema_type_options":null,"pillar_content":false,"robots_default":true,"robots_noindex":false,"robots_noarchive":false,"robots_nosnippet":false,"robots_nofollow":false,"robots_noimageindex":false,"robots_noodp":false,"robots_notranslate":false,"robots_max_snippet":null,"robots_max_videopreview":null,"robots_max_imagepreview":"large","priority":null,"frequency":null,"local_seo":null,"breadcrumb_settings":null,"limit_modified_date":false,"ai":null,"created":"2025-08-16 16:13:42","updated":"2025-08-16 16:13:42","focus_keyword":null,"additional_keywords":null,"truseo_locale":null,"seo_analyzer_scan_date":null},"aioseo_breadcrumb":"<div class=\"aioseo-breadcrumbs\"><span class=\"aioseo-breadcrumb\">\n\t\t\t<a href=\"https:\/\/anoticiaonline.com.br\/site\" title=\"Home\">Home<\/a>\n\t\t<\/span><span class=\"aioseo-breadcrumb-separator\">&raquo;<\/span><span class=\"aioseo-breadcrumb\">\n\t\t\t<a href=\"https:\/\/anoticiaonline.com.br\/site\/categoria\/colunistas\/\" title=\"Colunistas\">Colunistas<\/a>\n\t\t<\/span><span class=\"aioseo-breadcrumb-separator\">&raquo;<\/span><span class=\"aioseo-breadcrumb\">\n\t\t\t<a href=\"https:\/\/anoticiaonline.com.br\/site\/categoria\/colunistas\/sociarte\/\" title=\"Sociarte\">Sociarte<\/a>\n\t\t<\/span><span class=\"aioseo-breadcrumb-separator\">&raquo;<\/span><span class=\"aioseo-breadcrumb\">\n\t\t\tSociarte:\n\t\t<\/span><\/div>","aioseo_breadcrumb_json":[{"label":"Home","link":"https:\/\/anoticiaonline.com.br\/site"},{"label":"Colunistas","link":"https:\/\/anoticiaonline.com.br\/site\/categoria\/colunistas\/"},{"label":"Sociarte","link":"https:\/\/anoticiaonline.com.br\/site\/categoria\/colunistas\/sociarte\/"},{"label":"Sociarte:","link":"https:\/\/anoticiaonline.com.br\/site\/sociarte-42\/"}],"views":169,"_links":{"self":[{"href":"https:\/\/anoticiaonline.com.br\/site\/wp-json\/wp\/v2\/posts\/14769","targetHints":{"allow":["GET"]}}],"collection":[{"href":"https:\/\/anoticiaonline.com.br\/site\/wp-json\/wp\/v2\/posts"}],"about":[{"href":"https:\/\/anoticiaonline.com.br\/site\/wp-json\/wp\/v2\/types\/post"}],"author":[{"embeddable":true,"href":"https:\/\/anoticiaonline.com.br\/site\/wp-json\/wp\/v2\/users\/2"}],"replies":[{"embeddable":true,"href":"https:\/\/anoticiaonline.com.br\/site\/wp-json\/wp\/v2\/comments?post=14769"}],"version-history":[{"count":0,"href":"https:\/\/anoticiaonline.com.br\/site\/wp-json\/wp\/v2\/posts\/14769\/revisions"}],"wp:attachment":[{"href":"https:\/\/anoticiaonline.com.br\/site\/wp-json\/wp\/v2\/media?parent=14769"}],"wp:term":[{"taxonomy":"category","embeddable":true,"href":"https:\/\/anoticiaonline.com.br\/site\/wp-json\/wp\/v2\/categories?post=14769"},{"taxonomy":"post_tag","embeddable":true,"href":"https:\/\/anoticiaonline.com.br\/site\/wp-json\/wp\/v2\/tags?post=14769"}],"curies":[{"name":"wp","href":"https:\/\/api.w.org\/{rel}","templated":true}]}}