{"id":147617,"date":"2026-09-04T11:05:34","date_gmt":"2026-09-04T14:05:34","guid":{"rendered":"https:\/\/anoticiaonline.com.br\/site\/?p=147617"},"modified":"2026-09-04T11:05:34","modified_gmt":"2026-09-04T14:05:34","slug":"vanio-chicareli-de-andrade-e-homenageado-na-abertura-da-expo-muriae-por-trajetoria-na-piscicultura-ornamental","status":"publish","type":"post","link":"https:\/\/anoticiaonline.com.br\/site\/vanio-chicareli-de-andrade-e-homenageado-na-abertura-da-expo-muriae-por-trajetoria-na-piscicultura-ornamental\/","title":{"rendered":"V\u00e2nio Chicareli de Andrade \u00e9 homenageado na abertura da Expo Muria\u00e9 por trajet\u00f3ria na piscicultura ornamental"},"content":{"rendered":"<p>V\u00e2nio Chicareli de Andrade foi homenageado durante a abertura da Expo Muria\u00e9 em reconhecimento ao trabalho desenvolvido ao longo dos anos e \u00e0 sua contribui\u00e7\u00e3o para o fortalecimento da piscicultura ornamental na regi\u00e3o. A homenagem destacou uma trajet\u00f3ria marcada por dedica\u00e7\u00e3o, empreendedorismo, persist\u00eancia e paix\u00e3o pela cria\u00e7\u00e3o de peixes ornamentais.<\/p>\n<p>Nascido e criado em Vieiras, Minas Gerais, V\u00e2nio teve contato com a atividade ainda muito jovem. Aos 15 anos, come\u00e7ou a trabalhar na piscicultura de seu irm\u00e3o, experi\u00eancia que despertou o interesse pelo setor e deu in\u00edcio a uma hist\u00f3ria profissional que se consolidaria com o passar dos anos.<\/p>\n<div id='gallery-1' class='gallery galleryid-147617 gallery-columns-2 gallery-size-full'><figure class='gallery-item'>\n\t\t\t<div class='gallery-icon portrait'>\n\t\t\t\t<a href='https:\/\/anoticiaonline.com.br\/site\/wp-content\/uploads\/2026\/09\/IMG_7866.webp'><img fetchpriority=\"high\" decoding=\"async\" width=\"600\" height=\"800\" src=\"https:\/\/anoticiaonline.com.br\/site\/wp-content\/uploads\/2026\/09\/IMG_7866.webp\" class=\"attachment-full size-full\" alt=\"\" srcset=\"https:\/\/anoticiaonline.com.br\/site\/wp-content\/uploads\/2026\/09\/IMG_7866.webp 600w, https:\/\/anoticiaonline.com.br\/site\/wp-content\/uploads\/2026\/09\/IMG_7866-225x300.webp 225w\" sizes=\"(max-width: 600px) 100vw, 600px\" \/><\/a>\n\t\t\t<\/div><\/figure><figure class='gallery-item'>\n\t\t\t<div class='gallery-icon portrait'>\n\t\t\t\t<a href='https:\/\/anoticiaonline.com.br\/site\/wp-content\/uploads\/2026\/09\/IMG_7958.webp'><img decoding=\"async\" width=\"600\" height=\"800\" src=\"https:\/\/anoticiaonline.com.br\/site\/wp-content\/uploads\/2026\/09\/IMG_7958.webp\" class=\"attachment-full size-full\" alt=\"\" srcset=\"https:\/\/anoticiaonline.com.br\/site\/wp-content\/uploads\/2026\/09\/IMG_7958.webp 600w, https:\/\/anoticiaonline.com.br\/site\/wp-content\/uploads\/2026\/09\/IMG_7958-225x300.webp 225w\" sizes=\"(max-width: 600px) 100vw, 600px\" \/><\/a>\n\t\t\t<\/div><\/figure><figure class='gallery-item'>\n\t\t\t<div class='gallery-icon portrait'>\n\t\t\t\t<a href='https:\/\/anoticiaonline.com.br\/site\/wp-content\/uploads\/2026\/09\/IMG_7959.webp'><img decoding=\"async\" width=\"600\" height=\"800\" src=\"https:\/\/anoticiaonline.com.br\/site\/wp-content\/uploads\/2026\/09\/IMG_7959.webp\" class=\"attachment-full size-full\" alt=\"\" srcset=\"https:\/\/anoticiaonline.com.br\/site\/wp-content\/uploads\/2026\/09\/IMG_7959.webp 600w, https:\/\/anoticiaonline.com.br\/site\/wp-content\/uploads\/2026\/09\/IMG_7959-225x300.webp 225w\" sizes=\"(max-width: 600px) 100vw, 600px\" \/><\/a>\n\t\t\t<\/div><\/figure><figure class='gallery-item'>\n\t\t\t<div class='gallery-icon portrait'>\n\t\t\t\t<a href='https:\/\/anoticiaonline.com.br\/site\/wp-content\/uploads\/2026\/09\/IMG_7960.webp'><img loading=\"lazy\" decoding=\"async\" width=\"600\" height=\"800\" src=\"https:\/\/anoticiaonline.com.br\/site\/wp-content\/uploads\/2026\/09\/IMG_7960.webp\" class=\"attachment-full size-full\" alt=\"\" srcset=\"https:\/\/anoticiaonline.com.br\/site\/wp-content\/uploads\/2026\/09\/IMG_7960.webp 600w, https:\/\/anoticiaonline.com.br\/site\/wp-content\/uploads\/2026\/09\/IMG_7960-225x300.webp 225w\" sizes=\"(max-width: 600px) 100vw, 600px\" \/><\/a>\n\t\t\t<\/div><\/figure><figure class='gallery-item'>\n\t\t\t<div class='gallery-icon portrait'>\n\t\t\t\t<a href='https:\/\/anoticiaonline.com.br\/site\/wp-content\/uploads\/2026\/09\/IMG_7961.webp'><img loading=\"lazy\" decoding=\"async\" width=\"600\" height=\"800\" src=\"https:\/\/anoticiaonline.com.br\/site\/wp-content\/uploads\/2026\/09\/IMG_7961.webp\" class=\"attachment-full size-full\" alt=\"\" srcset=\"https:\/\/anoticiaonline.com.br\/site\/wp-content\/uploads\/2026\/09\/IMG_7961.webp 600w, https:\/\/anoticiaonline.com.br\/site\/wp-content\/uploads\/2026\/09\/IMG_7961-225x300.webp 225w\" sizes=\"(max-width: 600px) 100vw, 600px\" \/><\/a>\n\t\t\t<\/div><\/figure><figure class='gallery-item'>\n\t\t\t<div class='gallery-icon portrait'>\n\t\t\t\t<a href='https:\/\/anoticiaonline.com.br\/site\/wp-content\/uploads\/2026\/09\/IMG_7963.webp'><img loading=\"lazy\" decoding=\"async\" width=\"600\" height=\"800\" src=\"https:\/\/anoticiaonline.com.br\/site\/wp-content\/uploads\/2026\/09\/IMG_7963.webp\" class=\"attachment-full size-full\" alt=\"\" srcset=\"https:\/\/anoticiaonline.com.br\/site\/wp-content\/uploads\/2026\/09\/IMG_7963.webp 600w, https:\/\/anoticiaonline.com.br\/site\/wp-content\/uploads\/2026\/09\/IMG_7963-225x300.webp 225w\" sizes=\"(max-width: 600px) 100vw, 600px\" \/><\/a>\n\t\t\t<\/div><\/figure>\n\t\t<\/div>\n\n<p>Em 2010, fundou a Piscicultura Andrade, empresa dedicada \u00e0 cria\u00e7\u00e3o e comercializa\u00e7\u00e3o de peixes ornamentais de qualidade. Com trabalho cont\u00ednuo e investimento na atividade, o empreendimento ampliou sua atua\u00e7\u00e3o e hoje realiza entregas para praticamente todos os estados do Brasil, levando a produ\u00e7\u00e3o da regi\u00e3o para diferentes partes do pa\u00eds.<\/p>\n<p>\u00c0 frente da Piscicultura Andrade, V\u00e2nio segue mantendo a mesma paix\u00e3o, dedica\u00e7\u00e3o e persist\u00eancia que marcaram o in\u00edcio de sua trajet\u00f3ria. Seu trabalho contribui para dar visibilidade \u00e0 piscicultura ornamental, fortalecer o setor e demonstrar o potencial econ\u00f4mico de uma atividade que gera neg\u00f3cios, oportunidades e movimenta toda uma cadeia produtiva.<\/p>\n<p>Durante a abertura da Expo Muria\u00e9, o reconhecimento simbolizou a import\u00e2ncia de valorizar pessoas que ajudam a construir e desenvolver o agroneg\u00f3cio regional por meio de diferentes segmentos. A piscicultura ornamental, que alia produ\u00e7\u00e3o, conhecimento t\u00e9cnico e mercado especializado, tamb\u00e9m ocupa espa\u00e7o importante dentro desse cen\u00e1rio.<\/p>\n<p>A trajet\u00f3ria de V\u00e2nio Chicareli de Andrade representa a uni\u00e3o entre fam\u00edlia, empreendedorismo e amor pelos peixes ornamentais. Uma hist\u00f3ria iniciada ainda na adolesc\u00eancia e que, anos depois, ganha reconhecimento pelo trabalho realizado e pela contribui\u00e7\u00e3o deixada para o desenvolvimento da atividade na regi\u00e3o.<\/p>\n","protected":false},"excerpt":{"rendered":"<p>V\u00e2nio Chicareli de Andrade foi homenageado durante a abertura da Expo Muria\u00e9 em reconhecimento ao trabalho desenvolvido ao longo dos anos e \u00e0 sua contribui\u00e7\u00e3o para o fortalecimento da piscicultura ornamental na regi\u00e3o. A homenagem destacou uma trajet\u00f3ria marcada por dedica\u00e7\u00e3o, empreendedorismo, persist\u00eancia e paix\u00e3o pela cria\u00e7\u00e3o de peixes ornamentais. Nascido e criado em Vieiras, &#8230; <a title=\"V\u00e2nio Chicareli de Andrade \u00e9 homenageado na abertura da Expo Muria\u00e9 por trajet\u00f3ria na piscicultura ornamental\" class=\"read-more\" href=\"https:\/\/anoticiaonline.com.br\/site\/vanio-chicareli-de-andrade-e-homenageado-na-abertura-da-expo-muriae-por-trajetoria-na-piscicultura-ornamental\/\" aria-label=\"Read more about V\u00e2nio Chicareli de Andrade \u00e9 homenageado na abertura da Expo Muria\u00e9 por trajet\u00f3ria na piscicultura ornamental\">Ler mais<\/a><\/p>\n","protected":false},"author":7,"featured_media":147618,"comment_status":"open","ping_status":"closed","sticky":false,"template":"","format":"standard","meta":{"_acf_changed":false,"_monsterinsights_skip_tracking":false,"footnotes":""},"categories":[30,2893,1,6,7660],"tags":[],"class_list":["post-147617","post","type-post","status-publish","format-standard","has-post-thumbnail","hentry","category-muriae","category-cotidiano","category-gerais","category-regiao","category-slide-principal"],"acf":[],"aioseo_notices":[],"aioseo_head":"\n\t\t<!-- All in One SEO 5.0.0.1 - aioseo.com -->\n\t<meta name=\"description\" content=\"V\u00e2nio Chicareli de Andrade foi homenageado durante a abertura da Expo Muria\u00e9 em reconhecimento ao trabalho desenvolvido ao longo dos anos e \u00e0 sua contribui\u00e7\u00e3o para o fortalecimento da piscicultura ornamental na regi\u00e3o. A homenagem destacou uma trajet\u00f3ria marcada por dedica\u00e7\u00e3o, empreendedorismo, persist\u00eancia e paix\u00e3o pela cria\u00e7\u00e3o de peixes ornamentais. Nascido e criado em Vieiras,\" \/>\n\t<meta name=\"robots\" content=\"max-image-preview:large\" \/>\n\t<meta name=\"author\" content=\"Leandro Bebiano\"\/>\n\t<link rel=\"canonical\" href=\"https:\/\/anoticiaonline.com.br\/site\/vanio-chicareli-de-andrade-e-homenageado-na-abertura-da-expo-muriae-por-trajetoria-na-piscicultura-ornamental\/\" \/>\n\t<meta name=\"generator\" content=\"All in One SEO (AIOSEO) 5.0.0.1\" \/>\n\t\t<meta property=\"og:locale\" content=\"pt_BR\" \/>\n\t\t<meta property=\"og:site_name\" content=\"A Not\u00edcia Online - Noticias de Muria\u00e9 e regi\u00e3o\" \/>\n\t\t<meta property=\"og:type\" content=\"article\" \/>\n\t\t<meta property=\"og:title\" content=\"V\u00e2nio Chicareli de Andrade \u00e9 homenageado na abertura da Expo Muria\u00e9 por trajet\u00f3ria na piscicultura ornamental - A Not\u00edcia Online\" \/>\n\t\t<meta property=\"og:description\" content=\"V\u00e2nio Chicareli de Andrade foi homenageado durante a abertura da Expo Muria\u00e9 em reconhecimento ao trabalho desenvolvido ao longo dos anos e \u00e0 sua contribui\u00e7\u00e3o para o fortalecimento da piscicultura ornamental na regi\u00e3o. A homenagem destacou uma trajet\u00f3ria marcada por dedica\u00e7\u00e3o, empreendedorismo, persist\u00eancia e paix\u00e3o pela cria\u00e7\u00e3o de peixes ornamentais. Nascido e criado em Vieiras,\" \/>\n\t\t<meta property=\"og:url\" content=\"https:\/\/anoticiaonline.com.br\/site\/vanio-chicareli-de-andrade-e-homenageado-na-abertura-da-expo-muriae-por-trajetoria-na-piscicultura-ornamental\/\" \/>\n\t\t<meta property=\"og:image\" content=\"https:\/\/scontent-gig4-1.xx.fbcdn.net\/v\/t39.30808-1\/270437624_4564083193639691_6907940295614233970_n.jpg?stp=dst-jpg_s200x200_tt6&#038;_nc_cat=111&#038;ccb=1-7&#038;_nc_sid=f907e8&#038;_nc_ohc=SM1wRlP3lJwQ7kNvwEPuBYA&#038;_nc_oc=AdnqrjDN_BNjSSHWO-GbkIWH6fkGMLw4bqvL_NH6e2wMveX7G-rP2dAqsDSq1mJMOaY&#038;_nc_zt=24&#038;_nc_ht=scontent-gig4-1.xx&#038;_nc_gid=AoBFJeGrT1hVaew_6rchkQ&#038;oh=00_AfX7QmFGhQhG2jAllVgXCiM1ZrWgvtp80-Bfppyexh1QEg&#038;oe=689E923C\" \/>\n\t\t<meta property=\"og:image:secure_url\" content=\"https:\/\/scontent-gig4-1.xx.fbcdn.net\/v\/t39.30808-1\/270437624_4564083193639691_6907940295614233970_n.jpg?stp=dst-jpg_s200x200_tt6&#038;_nc_cat=111&#038;ccb=1-7&#038;_nc_sid=f907e8&#038;_nc_ohc=SM1wRlP3lJwQ7kNvwEPuBYA&#038;_nc_oc=AdnqrjDN_BNjSSHWO-GbkIWH6fkGMLw4bqvL_NH6e2wMveX7G-rP2dAqsDSq1mJMOaY&#038;_nc_zt=24&#038;_nc_ht=scontent-gig4-1.xx&#038;_nc_gid=AoBFJeGrT1hVaew_6rchkQ&#038;oh=00_AfX7QmFGhQhG2jAllVgXCiM1ZrWgvtp80-Bfppyexh1QEg&#038;oe=689E923C\" \/>\n\t\t<meta property=\"article:published_time\" content=\"2026-09-04T14:05:34+00:00\" \/>\n\t\t<meta property=\"article:modified_time\" content=\"2026-09-04T14:05:34+00:00\" \/>\n\t\t<meta name=\"twitter:card\" content=\"summary_large_image\" \/>\n\t\t<meta name=\"twitter:title\" content=\"V\u00e2nio Chicareli de Andrade \u00e9 homenageado na abertura da Expo Muria\u00e9 por trajet\u00f3ria na piscicultura ornamental - A Not\u00edcia Online\" \/>\n\t\t<meta name=\"twitter:description\" content=\"V\u00e2nio Chicareli de Andrade foi homenageado durante a abertura da Expo Muria\u00e9 em reconhecimento ao trabalho desenvolvido ao longo dos anos e \u00e0 sua contribui\u00e7\u00e3o para o fortalecimento da piscicultura ornamental na regi\u00e3o. A homenagem destacou uma trajet\u00f3ria marcada por dedica\u00e7\u00e3o, empreendedorismo, persist\u00eancia e paix\u00e3o pela cria\u00e7\u00e3o de peixes ornamentais. Nascido e criado em Vieiras,\" \/>\n\t\t<meta name=\"twitter:image\" content=\"https:\/\/scontent-gig4-1.xx.fbcdn.net\/v\/t39.30808-1\/270437624_4564083193639691_6907940295614233970_n.jpg?stp=dst-jpg_s200x200_tt6&amp;_nc_cat=111&amp;ccb=1-7&amp;_nc_sid=f907e8&amp;_nc_ohc=SM1wRlP3lJwQ7kNvwEPuBYA&amp;_nc_oc=AdnqrjDN_BNjSSHWO-GbkIWH6fkGMLw4bqvL_NH6e2wMveX7G-rP2dAqsDSq1mJMOaY&amp;_nc_zt=24&amp;_nc_ht=scontent-gig4-1.xx&amp;_nc_gid=AoBFJeGrT1hVaew_6rchkQ&amp;oh=00_AfX7QmFGhQhG2jAllVgXCiM1ZrWgvtp80-Bfppyexh1QEg&amp;oe=689E923C\" \/>\n\t\t<script type=\"application\/ld+json\" class=\"aioseo-schema\">\n\t\t\t{\"@context\":\"https:\\\/\\\/schema.org\",\"@graph\":[{\"@type\":\"BlogPosting\",\"@id\":\"https:\\\/\\\/anoticiaonline.com.br\\\/site\\\/vanio-chicareli-de-andrade-e-homenageado-na-abertura-da-expo-muriae-por-trajetoria-na-piscicultura-ornamental\\\/#blogposting\",\"name\":\"V\\u00e2nio Chicareli de Andrade \\u00e9 homenageado na abertura da Expo Muria\\u00e9 por trajet\\u00f3ria na piscicultura ornamental - A Not\\u00edcia Online\",\"headline\":\"V\\u00e2nio Chicareli de Andrade \\u00e9 homenageado na abertura da Expo Muria\\u00e9 por trajet\\u00f3ria na piscicultura ornamental\",\"author\":{\"@id\":\"https:\\\/\\\/anoticiaonline.com.br\\\/site\\\/author\\\/leandro\\\/#author\"},\"publisher\":{\"@id\":\"https:\\\/\\\/anoticiaonline.com.br\\\/site\\\/#organization\"},\"image\":{\"@type\":\"ImageObject\",\"url\":\"https:\\\/\\\/anoticiaonline.com.br\\\/site\\\/wp-content\\\/uploads\\\/2026\\\/09\\\/IMG_7972.webp\",\"width\":800,\"height\":600},\"datePublished\":\"2026-09-04T11:05:34-03:00\",\"dateModified\":\"2026-09-04T11:05:34-03:00\",\"inLanguage\":\"pt-BR\",\"mainEntityOfPage\":{\"@id\":\"https:\\\/\\\/anoticiaonline.com.br\\\/site\\\/vanio-chicareli-de-andrade-e-homenageado-na-abertura-da-expo-muriae-por-trajetoria-na-piscicultura-ornamental\\\/#webpage\"},\"isPartOf\":{\"@id\":\"https:\\\/\\\/anoticiaonline.com.br\\\/site\\\/vanio-chicareli-de-andrade-e-homenageado-na-abertura-da-expo-muriae-por-trajetoria-na-piscicultura-ornamental\\\/#webpage\"},\"articleSection\":\"Blog, Cotidiano, Gerais, Regi\\u00e3o, Slide principal\"},{\"@type\":\"BreadcrumbList\",\"@id\":\"https:\\\/\\\/anoticiaonline.com.br\\\/site\\\/vanio-chicareli-de-andrade-e-homenageado-na-abertura-da-expo-muriae-por-trajetoria-na-piscicultura-ornamental\\\/#breadcrumblist\",\"itemListElement\":[{\"@type\":\"ListItem\",\"@id\":\"https:\\\/\\\/anoticiaonline.com.br\\\/site#listItem\",\"position\":1,\"name\":\"Home\",\"item\":\"https:\\\/\\\/anoticiaonline.com.br\\\/site\",\"nextItem\":{\"@type\":\"ListItem\",\"@id\":\"https:\\\/\\\/anoticiaonline.com.br\\\/site\\\/categoria\\\/muriae\\\/#listItem\",\"name\":\"Blog\"}},{\"@type\":\"ListItem\",\"@id\":\"https:\\\/\\\/anoticiaonline.com.br\\\/site\\\/categoria\\\/muriae\\\/#listItem\",\"position\":2,\"name\":\"Blog\",\"item\":\"https:\\\/\\\/anoticiaonline.com.br\\\/site\\\/categoria\\\/muriae\\\/\",\"nextItem\":{\"@type\":\"ListItem\",\"@id\":\"https:\\\/\\\/anoticiaonline.com.br\\\/site\\\/categoria\\\/muriae\\\/cotidiano\\\/#listItem\",\"name\":\"Cotidiano\"},\"previousItem\":{\"@type\":\"ListItem\",\"@id\":\"https:\\\/\\\/anoticiaonline.com.br\\\/site#listItem\",\"name\":\"Home\"}},{\"@type\":\"ListItem\",\"@id\":\"https:\\\/\\\/anoticiaonline.com.br\\\/site\\\/categoria\\\/muriae\\\/cotidiano\\\/#listItem\",\"position\":3,\"name\":\"Cotidiano\",\"item\":\"https:\\\/\\\/anoticiaonline.com.br\\\/site\\\/categoria\\\/muriae\\\/cotidiano\\\/\",\"nextItem\":{\"@type\":\"ListItem\",\"@id\":\"https:\\\/\\\/anoticiaonline.com.br\\\/site\\\/vanio-chicareli-de-andrade-e-homenageado-na-abertura-da-expo-muriae-por-trajetoria-na-piscicultura-ornamental\\\/#listItem\",\"name\":\"V\\u00e2nio Chicareli de Andrade \\u00e9 homenageado na abertura da Expo Muria\\u00e9 por trajet\\u00f3ria na piscicultura ornamental\"},\"previousItem\":{\"@type\":\"ListItem\",\"@id\":\"https:\\\/\\\/anoticiaonline.com.br\\\/site\\\/categoria\\\/muriae\\\/#listItem\",\"name\":\"Blog\"}},{\"@type\":\"ListItem\",\"@id\":\"https:\\\/\\\/anoticiaonline.com.br\\\/site\\\/vanio-chicareli-de-andrade-e-homenageado-na-abertura-da-expo-muriae-por-trajetoria-na-piscicultura-ornamental\\\/#listItem\",\"position\":4,\"name\":\"V\\u00e2nio Chicareli de Andrade \\u00e9 homenageado na abertura da Expo Muria\\u00e9 por trajet\\u00f3ria na piscicultura ornamental\",\"previousItem\":{\"@type\":\"ListItem\",\"@id\":\"https:\\\/\\\/anoticiaonline.com.br\\\/site\\\/categoria\\\/muriae\\\/cotidiano\\\/#listItem\",\"name\":\"Cotidiano\"}}]},{\"@type\":\"Organization\",\"@id\":\"https:\\\/\\\/anoticiaonline.com.br\\\/site\\\/#organization\",\"name\":\"A Not\\u00edcia Online\",\"description\":\"Noticias de Muria\\u00e9 e regi\\u00e3o\",\"url\":\"https:\\\/\\\/anoticiaonline.com.br\\\/site\\\/\",\"logo\":{\"@type\":\"ImageObject\",\"url\":\"https:\\\/\\\/scontent-gig4-1.xx.fbcdn.net\\\/v\\\/t39.30808-1\\\/270437624_4564083193639691_6907940295614233970_n.jpg?stp=dst-jpg_s200x200_tt6&_nc_cat=111&ccb=1-7&_nc_sid=f907e8&_nc_ohc=SM1wRlP3lJwQ7kNvwEPuBYA&_nc_oc=AdnqrjDN_BNjSSHWO-GbkIWH6fkGMLw4bqvL_NH6e2wMveX7G-rP2dAqsDSq1mJMOaY&_nc_zt=24&_nc_ht=scontent-gig4-1.xx&_nc_gid=AoBFJeGrT1hVaew_6rchkQ&oh=00_AfX7QmFGhQhG2jAllVgXCiM1ZrWgvtp80-Bfppyexh1QEg&oe=689E923C\",\"@id\":\"https:\\\/\\\/anoticiaonline.com.br\\\/site\\\/vanio-chicareli-de-andrade-e-homenageado-na-abertura-da-expo-muriae-por-trajetoria-na-piscicultura-ornamental\\\/#organizationLogo\"},\"image\":{\"@id\":\"https:\\\/\\\/anoticiaonline.com.br\\\/site\\\/vanio-chicareli-de-andrade-e-homenageado-na-abertura-da-expo-muriae-por-trajetoria-na-piscicultura-ornamental\\\/#organizationLogo\"}},{\"@type\":\"Person\",\"@id\":\"https:\\\/\\\/anoticiaonline.com.br\\\/site\\\/author\\\/leandro\\\/#author\",\"url\":\"https:\\\/\\\/anoticiaonline.com.br\\\/site\\\/author\\\/leandro\\\/\",\"name\":\"Leandro Bebiano\",\"image\":{\"@type\":\"ImageObject\",\"@id\":\"https:\\\/\\\/anoticiaonline.com.br\\\/site\\\/vanio-chicareli-de-andrade-e-homenageado-na-abertura-da-expo-muriae-por-trajetoria-na-piscicultura-ornamental\\\/#authorImage\",\"url\":\"https:\\\/\\\/secure.gravatar.com\\\/avatar\\\/99966a20c143db97c8590c2013307c7c234a4cca48ed5657cbb47e22a400bd5f?s=96&d=mm&r=g\",\"width\":96,\"height\":96,\"caption\":\"Leandro Bebiano\"}},{\"@type\":\"WebPage\",\"@id\":\"https:\\\/\\\/anoticiaonline.com.br\\\/site\\\/vanio-chicareli-de-andrade-e-homenageado-na-abertura-da-expo-muriae-por-trajetoria-na-piscicultura-ornamental\\\/#webpage\",\"url\":\"https:\\\/\\\/anoticiaonline.com.br\\\/site\\\/vanio-chicareli-de-andrade-e-homenageado-na-abertura-da-expo-muriae-por-trajetoria-na-piscicultura-ornamental\\\/\",\"name\":\"V\\u00e2nio Chicareli de Andrade \\u00e9 homenageado na abertura da Expo Muria\\u00e9 por trajet\\u00f3ria na piscicultura ornamental - A Not\\u00edcia Online\",\"description\":\"V\\u00e2nio Chicareli de Andrade foi homenageado durante a abertura da Expo Muria\\u00e9 em reconhecimento ao trabalho desenvolvido ao longo dos anos e \\u00e0 sua contribui\\u00e7\\u00e3o para o fortalecimento da piscicultura ornamental na regi\\u00e3o. A homenagem destacou uma trajet\\u00f3ria marcada por dedica\\u00e7\\u00e3o, empreendedorismo, persist\\u00eancia e paix\\u00e3o pela cria\\u00e7\\u00e3o de peixes ornamentais. Nascido e criado em Vieiras,\",\"inLanguage\":\"pt-BR\",\"isPartOf\":{\"@id\":\"https:\\\/\\\/anoticiaonline.com.br\\\/site\\\/#website\"},\"breadcrumb\":{\"@id\":\"https:\\\/\\\/anoticiaonline.com.br\\\/site\\\/vanio-chicareli-de-andrade-e-homenageado-na-abertura-da-expo-muriae-por-trajetoria-na-piscicultura-ornamental\\\/#breadcrumblist\"},\"author\":{\"@id\":\"https:\\\/\\\/anoticiaonline.com.br\\\/site\\\/author\\\/leandro\\\/#author\"},\"creator\":{\"@id\":\"https:\\\/\\\/anoticiaonline.com.br\\\/site\\\/author\\\/leandro\\\/#author\"},\"image\":{\"@type\":\"ImageObject\",\"url\":\"https:\\\/\\\/anoticiaonline.com.br\\\/site\\\/wp-content\\\/uploads\\\/2026\\\/09\\\/IMG_7972.webp\",\"@id\":\"https:\\\/\\\/anoticiaonline.com.br\\\/site\\\/vanio-chicareli-de-andrade-e-homenageado-na-abertura-da-expo-muriae-por-trajetoria-na-piscicultura-ornamental\\\/#mainImage\",\"width\":800,\"height\":600},\"primaryImageOfPage\":{\"@id\":\"https:\\\/\\\/anoticiaonline.com.br\\\/site\\\/vanio-chicareli-de-andrade-e-homenageado-na-abertura-da-expo-muriae-por-trajetoria-na-piscicultura-ornamental\\\/#mainImage\"},\"datePublished\":\"2026-09-04T11:05:34-03:00\",\"dateModified\":\"2026-09-04T11:05:34-03:00\"},{\"@type\":\"WebSite\",\"@id\":\"https:\\\/\\\/anoticiaonline.com.br\\\/site\\\/#website\",\"url\":\"https:\\\/\\\/anoticiaonline.com.br\\\/site\\\/\",\"name\":\"A Not\\u00edcia Online\",\"description\":\"Noticias de Muria\\u00e9 e regi\\u00e3o\",\"inLanguage\":\"pt-BR\",\"publisher\":{\"@id\":\"https:\\\/\\\/anoticiaonline.com.br\\\/site\\\/#organization\"}}]}\n\t\t<\/script>\n\t\t<!-- All in One SEO -->\n\n","aioseo_head_json":{"title":"V\u00e2nio Chicareli de Andrade \u00e9 homenageado na abertura da Expo Muria\u00e9 por trajet\u00f3ria na piscicultura ornamental - A Not\u00edcia Online","description":"V\u00e2nio Chicareli de Andrade foi homenageado durante a abertura da Expo Muria\u00e9 em reconhecimento ao trabalho desenvolvido ao longo dos anos e \u00e0 sua contribui\u00e7\u00e3o para o fortalecimento da piscicultura ornamental na regi\u00e3o. A homenagem destacou uma trajet\u00f3ria marcada por dedica\u00e7\u00e3o, empreendedorismo, persist\u00eancia e paix\u00e3o pela cria\u00e7\u00e3o de peixes ornamentais. Nascido e criado em Vieiras,","canonical_url":"https:\/\/anoticiaonline.com.br\/site\/vanio-chicareli-de-andrade-e-homenageado-na-abertura-da-expo-muriae-por-trajetoria-na-piscicultura-ornamental\/","robots":"max-image-preview:large","keywords":"","webmasterTools":{"miscellaneous":""},"schema":{"@context":"https:\/\/schema.org","@graph":[{"@type":"BlogPosting","@id":"https:\/\/anoticiaonline.com.br\/site\/vanio-chicareli-de-andrade-e-homenageado-na-abertura-da-expo-muriae-por-trajetoria-na-piscicultura-ornamental\/#blogposting","name":"V\u00e2nio Chicareli de Andrade \u00e9 homenageado na abertura da Expo Muria\u00e9 por trajet\u00f3ria na piscicultura ornamental - A Not\u00edcia Online","headline":"V\u00e2nio Chicareli de Andrade \u00e9 homenageado na abertura da Expo Muria\u00e9 por trajet\u00f3ria na piscicultura ornamental","author":{"@id":"https:\/\/anoticiaonline.com.br\/site\/author\/leandro\/#author"},"publisher":{"@id":"https:\/\/anoticiaonline.com.br\/site\/#organization"},"image":{"@type":"ImageObject","url":"https:\/\/anoticiaonline.com.br\/site\/wp-content\/uploads\/2026\/09\/IMG_7972.webp","width":800,"height":600},"datePublished":"2026-09-04T11:05:34-03:00","dateModified":"2026-09-04T11:05:34-03:00","inLanguage":"pt-BR","mainEntityOfPage":{"@id":"https:\/\/anoticiaonline.com.br\/site\/vanio-chicareli-de-andrade-e-homenageado-na-abertura-da-expo-muriae-por-trajetoria-na-piscicultura-ornamental\/#webpage"},"isPartOf":{"@id":"https:\/\/anoticiaonline.com.br\/site\/vanio-chicareli-de-andrade-e-homenageado-na-abertura-da-expo-muriae-por-trajetoria-na-piscicultura-ornamental\/#webpage"},"articleSection":"Blog, Cotidiano, Gerais, Regi\u00e3o, Slide principal"},{"@type":"BreadcrumbList","@id":"https:\/\/anoticiaonline.com.br\/site\/vanio-chicareli-de-andrade-e-homenageado-na-abertura-da-expo-muriae-por-trajetoria-na-piscicultura-ornamental\/#breadcrumblist","itemListElement":[{"@type":"ListItem","@id":"https:\/\/anoticiaonline.com.br\/site#listItem","position":1,"name":"Home","item":"https:\/\/anoticiaonline.com.br\/site","nextItem":{"@type":"ListItem","@id":"https:\/\/anoticiaonline.com.br\/site\/categoria\/muriae\/#listItem","name":"Blog"}},{"@type":"ListItem","@id":"https:\/\/anoticiaonline.com.br\/site\/categoria\/muriae\/#listItem","position":2,"name":"Blog","item":"https:\/\/anoticiaonline.com.br\/site\/categoria\/muriae\/","nextItem":{"@type":"ListItem","@id":"https:\/\/anoticiaonline.com.br\/site\/categoria\/muriae\/cotidiano\/#listItem","name":"Cotidiano"},"previousItem":{"@type":"ListItem","@id":"https:\/\/anoticiaonline.com.br\/site#listItem","name":"Home"}},{"@type":"ListItem","@id":"https:\/\/anoticiaonline.com.br\/site\/categoria\/muriae\/cotidiano\/#listItem","position":3,"name":"Cotidiano","item":"https:\/\/anoticiaonline.com.br\/site\/categoria\/muriae\/cotidiano\/","nextItem":{"@type":"ListItem","@id":"https:\/\/anoticiaonline.com.br\/site\/vanio-chicareli-de-andrade-e-homenageado-na-abertura-da-expo-muriae-por-trajetoria-na-piscicultura-ornamental\/#listItem","name":"V\u00e2nio Chicareli de Andrade \u00e9 homenageado na abertura da Expo Muria\u00e9 por trajet\u00f3ria na piscicultura ornamental"},"previousItem":{"@type":"ListItem","@id":"https:\/\/anoticiaonline.com.br\/site\/categoria\/muriae\/#listItem","name":"Blog"}},{"@type":"ListItem","@id":"https:\/\/anoticiaonline.com.br\/site\/vanio-chicareli-de-andrade-e-homenageado-na-abertura-da-expo-muriae-por-trajetoria-na-piscicultura-ornamental\/#listItem","position":4,"name":"V\u00e2nio Chicareli de Andrade \u00e9 homenageado na abertura da Expo Muria\u00e9 por trajet\u00f3ria na piscicultura ornamental","previousItem":{"@type":"ListItem","@id":"https:\/\/anoticiaonline.com.br\/site\/categoria\/muriae\/cotidiano\/#listItem","name":"Cotidiano"}}]},{"@type":"Organization","@id":"https:\/\/anoticiaonline.com.br\/site\/#organization","name":"A Not\u00edcia Online","description":"Noticias de Muria\u00e9 e regi\u00e3o","url":"https:\/\/anoticiaonline.com.br\/site\/","logo":{"@type":"ImageObject","url":"https:\/\/scontent-gig4-1.xx.fbcdn.net\/v\/t39.30808-1\/270437624_4564083193639691_6907940295614233970_n.jpg?stp=dst-jpg_s200x200_tt6&_nc_cat=111&ccb=1-7&_nc_sid=f907e8&_nc_ohc=SM1wRlP3lJwQ7kNvwEPuBYA&_nc_oc=AdnqrjDN_BNjSSHWO-GbkIWH6fkGMLw4bqvL_NH6e2wMveX7G-rP2dAqsDSq1mJMOaY&_nc_zt=24&_nc_ht=scontent-gig4-1.xx&_nc_gid=AoBFJeGrT1hVaew_6rchkQ&oh=00_AfX7QmFGhQhG2jAllVgXCiM1ZrWgvtp80-Bfppyexh1QEg&oe=689E923C","@id":"https:\/\/anoticiaonline.com.br\/site\/vanio-chicareli-de-andrade-e-homenageado-na-abertura-da-expo-muriae-por-trajetoria-na-piscicultura-ornamental\/#organizationLogo"},"image":{"@id":"https:\/\/anoticiaonline.com.br\/site\/vanio-chicareli-de-andrade-e-homenageado-na-abertura-da-expo-muriae-por-trajetoria-na-piscicultura-ornamental\/#organizationLogo"}},{"@type":"Person","@id":"https:\/\/anoticiaonline.com.br\/site\/author\/leandro\/#author","url":"https:\/\/anoticiaonline.com.br\/site\/author\/leandro\/","name":"Leandro Bebiano","image":{"@type":"ImageObject","@id":"https:\/\/anoticiaonline.com.br\/site\/vanio-chicareli-de-andrade-e-homenageado-na-abertura-da-expo-muriae-por-trajetoria-na-piscicultura-ornamental\/#authorImage","url":"https:\/\/secure.gravatar.com\/avatar\/99966a20c143db97c8590c2013307c7c234a4cca48ed5657cbb47e22a400bd5f?s=96&d=mm&r=g","width":96,"height":96,"caption":"Leandro Bebiano"}},{"@type":"WebPage","@id":"https:\/\/anoticiaonline.com.br\/site\/vanio-chicareli-de-andrade-e-homenageado-na-abertura-da-expo-muriae-por-trajetoria-na-piscicultura-ornamental\/#webpage","url":"https:\/\/anoticiaonline.com.br\/site\/vanio-chicareli-de-andrade-e-homenageado-na-abertura-da-expo-muriae-por-trajetoria-na-piscicultura-ornamental\/","name":"V\u00e2nio Chicareli de Andrade \u00e9 homenageado na abertura da Expo Muria\u00e9 por trajet\u00f3ria na piscicultura ornamental - A Not\u00edcia Online","description":"V\u00e2nio Chicareli de Andrade foi homenageado durante a abertura da Expo Muria\u00e9 em reconhecimento ao trabalho desenvolvido ao longo dos anos e \u00e0 sua contribui\u00e7\u00e3o para o fortalecimento da piscicultura ornamental na regi\u00e3o. A homenagem destacou uma trajet\u00f3ria marcada por dedica\u00e7\u00e3o, empreendedorismo, persist\u00eancia e paix\u00e3o pela cria\u00e7\u00e3o de peixes ornamentais. Nascido e criado em Vieiras,","inLanguage":"pt-BR","isPartOf":{"@id":"https:\/\/anoticiaonline.com.br\/site\/#website"},"breadcrumb":{"@id":"https:\/\/anoticiaonline.com.br\/site\/vanio-chicareli-de-andrade-e-homenageado-na-abertura-da-expo-muriae-por-trajetoria-na-piscicultura-ornamental\/#breadcrumblist"},"author":{"@id":"https:\/\/anoticiaonline.com.br\/site\/author\/leandro\/#author"},"creator":{"@id":"https:\/\/anoticiaonline.com.br\/site\/author\/leandro\/#author"},"image":{"@type":"ImageObject","url":"https:\/\/anoticiaonline.com.br\/site\/wp-content\/uploads\/2026\/09\/IMG_7972.webp","@id":"https:\/\/anoticiaonline.com.br\/site\/vanio-chicareli-de-andrade-e-homenageado-na-abertura-da-expo-muriae-por-trajetoria-na-piscicultura-ornamental\/#mainImage","width":800,"height":600},"primaryImageOfPage":{"@id":"https:\/\/anoticiaonline.com.br\/site\/vanio-chicareli-de-andrade-e-homenageado-na-abertura-da-expo-muriae-por-trajetoria-na-piscicultura-ornamental\/#mainImage"},"datePublished":"2026-09-04T11:05:34-03:00","dateModified":"2026-09-04T11:05:34-03:00"},{"@type":"WebSite","@id":"https:\/\/anoticiaonline.com.br\/site\/#website","url":"https:\/\/anoticiaonline.com.br\/site\/","name":"A Not\u00edcia Online","description":"Noticias de Muria\u00e9 e regi\u00e3o","inLanguage":"pt-BR","publisher":{"@id":"https:\/\/anoticiaonline.com.br\/site\/#organization"}}]},"og:locale":"pt_BR","og:site_name":"A Not\u00edcia Online - Noticias de Muria\u00e9 e regi\u00e3o","og:type":"article","og:title":"V\u00e2nio Chicareli de Andrade \u00e9 homenageado na abertura da Expo Muria\u00e9 por trajet\u00f3ria na piscicultura ornamental - A Not\u00edcia Online","og:description":"V\u00e2nio Chicareli de Andrade foi homenageado durante a abertura da Expo Muria\u00e9 em reconhecimento ao trabalho desenvolvido ao longo dos anos e \u00e0 sua contribui\u00e7\u00e3o para o fortalecimento da piscicultura ornamental na regi\u00e3o. A homenagem destacou uma trajet\u00f3ria marcada por dedica\u00e7\u00e3o, empreendedorismo, persist\u00eancia e paix\u00e3o pela cria\u00e7\u00e3o de peixes ornamentais. Nascido e criado em Vieiras,","og:url":"https:\/\/anoticiaonline.com.br\/site\/vanio-chicareli-de-andrade-e-homenageado-na-abertura-da-expo-muriae-por-trajetoria-na-piscicultura-ornamental\/","og:image":"https:\/\/scontent-gig4-1.xx.fbcdn.net\/v\/t39.30808-1\/270437624_4564083193639691_6907940295614233970_n.jpg?stp=dst-jpg_s200x200_tt6&#038;_nc_cat=111&#038;ccb=1-7&#038;_nc_sid=f907e8&#038;_nc_ohc=SM1wRlP3lJwQ7kNvwEPuBYA&#038;_nc_oc=AdnqrjDN_BNjSSHWO-GbkIWH6fkGMLw4bqvL_NH6e2wMveX7G-rP2dAqsDSq1mJMOaY&#038;_nc_zt=24&#038;_nc_ht=scontent-gig4-1.xx&#038;_nc_gid=AoBFJeGrT1hVaew_6rchkQ&#038;oh=00_AfX7QmFGhQhG2jAllVgXCiM1ZrWgvtp80-Bfppyexh1QEg&#038;oe=689E923C","og:image:secure_url":"https:\/\/scontent-gig4-1.xx.fbcdn.net\/v\/t39.30808-1\/270437624_4564083193639691_6907940295614233970_n.jpg?stp=dst-jpg_s200x200_tt6&#038;_nc_cat=111&#038;ccb=1-7&#038;_nc_sid=f907e8&#038;_nc_ohc=SM1wRlP3lJwQ7kNvwEPuBYA&#038;_nc_oc=AdnqrjDN_BNjSSHWO-GbkIWH6fkGMLw4bqvL_NH6e2wMveX7G-rP2dAqsDSq1mJMOaY&#038;_nc_zt=24&#038;_nc_ht=scontent-gig4-1.xx&#038;_nc_gid=AoBFJeGrT1hVaew_6rchkQ&#038;oh=00_AfX7QmFGhQhG2jAllVgXCiM1ZrWgvtp80-Bfppyexh1QEg&#038;oe=689E923C","article:published_time":"2026-09-04T14:05:34+00:00","article:modified_time":"2026-09-04T14:05:34+00:00","twitter:card":"summary_large_image","twitter:title":"V\u00e2nio Chicareli de Andrade \u00e9 homenageado na abertura da Expo Muria\u00e9 por trajet\u00f3ria na piscicultura ornamental - A Not\u00edcia Online","twitter:description":"V\u00e2nio Chicareli de Andrade foi homenageado durante a abertura da Expo Muria\u00e9 em reconhecimento ao trabalho desenvolvido ao longo dos anos e \u00e0 sua contribui\u00e7\u00e3o para o fortalecimento da piscicultura ornamental na regi\u00e3o. A homenagem destacou uma trajet\u00f3ria marcada por dedica\u00e7\u00e3o, empreendedorismo, persist\u00eancia e paix\u00e3o pela cria\u00e7\u00e3o de peixes ornamentais. Nascido e criado em Vieiras,","twitter:image":"https:\/\/scontent-gig4-1.xx.fbcdn.net\/v\/t39.30808-1\/270437624_4564083193639691_6907940295614233970_n.jpg?stp=dst-jpg_s200x200_tt6&_nc_cat=111&ccb=1-7&_nc_sid=f907e8&_nc_ohc=SM1wRlP3lJwQ7kNvwEPuBYA&_nc_oc=AdnqrjDN_BNjSSHWO-GbkIWH6fkGMLw4bqvL_NH6e2wMveX7G-rP2dAqsDSq1mJMOaY&_nc_zt=24&_nc_ht=scontent-gig4-1.xx&_nc_gid=AoBFJeGrT1hVaew_6rchkQ&oh=00_AfX7QmFGhQhG2jAllVgXCiM1ZrWgvtp80-Bfppyexh1QEg&oe=689E923C"},"aioseo_meta_data":{"post_id":"147617","title":null,"description":null,"keywords":null,"keyphrases":{"focus":{"keyphrase":"","score":0,"analysis":{"keyphraseInTitle":{"score":0,"maxScore":9,"error":1}}},"additional":[]},"primary_term":null,"canonical_url":null,"og_title":null,"og_description":null,"og_object_type":"default","og_image_type":"default","og_image_url":null,"og_image_width":null,"og_image_height":null,"og_image_custom_url":null,"og_image_custom_fields":null,"og_video":"","og_custom_url":null,"og_article_section":null,"og_article_tags":null,"twitter_use_og":false,"twitter_card":"default","twitter_image_type":"default","twitter_image_url":null,"twitter_image_custom_url":null,"twitter_image_custom_fields":null,"twitter_title":null,"twitter_description":null,"schema":{"blockGraphs":[],"customGraphs":[],"default":{"data":{"Article":[],"Course":[],"Dataset":[],"FAQPage":[],"Movie":[],"Person":[],"Product":[],"ProductReview":[],"Car":[],"Recipe":[],"Service":[],"SoftwareApplication":[],"WebPage":[]},"graphName":"BlogPosting","isEnabled":true},"graphs":[]},"schema_type":"default","schema_type_options":null,"pillar_content":false,"robots_default":true,"robots_noindex":false,"robots_noarchive":false,"robots_nosnippet":false,"robots_nofollow":false,"robots_noimageindex":false,"robots_noodp":false,"robots_notranslate":false,"robots_max_snippet":"-1","robots_max_videopreview":"-1","robots_max_imagepreview":"large","priority":null,"frequency":"default","local_seo":null,"breadcrumb_settings":null,"limit_modified_date":false,"ai":{"faqs":[],"keyPoints":[],"schemas":[],"titles":[],"descriptions":[],"socialPosts":{"email":{"subject":"","preview":"","content":""},"linkedin":[],"twitter":[],"facebook":[],"instagram":[]}},"created":"2026-09-04 14:05:35","updated":"2026-09-04 14:05:52","focus_keyword":null,"additional_keywords":null,"truseo_locale":null,"seo_analyzer_scan_date":null},"aioseo_breadcrumb":"<div class=\"aioseo-breadcrumbs\"><span class=\"aioseo-breadcrumb\">\n\t\t\t<a href=\"https:\/\/anoticiaonline.com.br\/site\" title=\"Home\">Home<\/a>\n\t\t<\/span><span class=\"aioseo-breadcrumb-separator\">&raquo;<\/span><span class=\"aioseo-breadcrumb\">\n\t\t\t<a href=\"https:\/\/anoticiaonline.com.br\/site\/categoria\/muriae\/\" title=\"Blog\">Blog<\/a>\n\t\t<\/span><span class=\"aioseo-breadcrumb-separator\">&raquo;<\/span><span class=\"aioseo-breadcrumb\">\n\t\t\t<a href=\"https:\/\/anoticiaonline.com.br\/site\/categoria\/muriae\/cotidiano\/\" title=\"Cotidiano\">Cotidiano<\/a>\n\t\t<\/span><span class=\"aioseo-breadcrumb-separator\">&raquo;<\/span><span class=\"aioseo-breadcrumb\">\n\t\t\tV\u00e2nio Chicareli de Andrade \u00e9 homenageado na abertura da Expo Muria\u00e9 por trajet\u00f3ria na piscicultura ornamental\n\t\t<\/span><\/div>","aioseo_breadcrumb_json":[{"label":"Home","link":"https:\/\/anoticiaonline.com.br\/site"},{"label":"Blog","link":"https:\/\/anoticiaonline.com.br\/site\/categoria\/muriae\/"},{"label":"Cotidiano","link":"https:\/\/anoticiaonline.com.br\/site\/categoria\/muriae\/cotidiano\/"},{"label":"V\u00e2nio Chicareli de Andrade \u00e9 homenageado na abertura da Expo Muria\u00e9 por trajet\u00f3ria na piscicultura ornamental","link":"https:\/\/anoticiaonline.com.br\/site\/vanio-chicareli-de-andrade-e-homenageado-na-abertura-da-expo-muriae-por-trajetoria-na-piscicultura-ornamental\/"}],"views":24,"_links":{"self":[{"href":"https:\/\/anoticiaonline.com.br\/site\/wp-json\/wp\/v2\/posts\/147617","targetHints":{"allow":["GET"]}}],"collection":[{"href":"https:\/\/anoticiaonline.com.br\/site\/wp-json\/wp\/v2\/posts"}],"about":[{"href":"https:\/\/anoticiaonline.com.br\/site\/wp-json\/wp\/v2\/types\/post"}],"author":[{"embeddable":true,"href":"https:\/\/anoticiaonline.com.br\/site\/wp-json\/wp\/v2\/users\/7"}],"replies":[{"embeddable":true,"href":"https:\/\/anoticiaonline.com.br\/site\/wp-json\/wp\/v2\/comments?post=147617"}],"version-history":[{"count":0,"href":"https:\/\/anoticiaonline.com.br\/site\/wp-json\/wp\/v2\/posts\/147617\/revisions"}],"wp:featuredmedia":[{"embeddable":true,"href":"https:\/\/anoticiaonline.com.br\/site\/wp-json\/wp\/v2\/media\/147618"}],"wp:attachment":[{"href":"https:\/\/anoticiaonline.com.br\/site\/wp-json\/wp\/v2\/media?parent=147617"}],"wp:term":[{"taxonomy":"category","embeddable":true,"href":"https:\/\/anoticiaonline.com.br\/site\/wp-json\/wp\/v2\/categories?post=147617"},{"taxonomy":"post_tag","embeddable":true,"href":"https:\/\/anoticiaonline.com.br\/site\/wp-json\/wp\/v2\/tags?post=147617"}],"curies":[{"name":"wp","href":"https:\/\/api.w.org\/{rel}","templated":true}]}}