{"id":147539,"date":"2026-09-02T11:50:32","date_gmt":"2026-09-02T14:50:32","guid":{"rendered":"https:\/\/anoticiaonline.com.br\/site\/?p=147539"},"modified":"2026-09-02T11:36:52","modified_gmt":"2026-09-02T14:36:52","slug":"festa-promovida-pelo-sindicato-dos-bancarios-valoriza-a-categoria-em-ambiente-de-confraternizacao-familiar","status":"publish","type":"post","link":"https:\/\/anoticiaonline.com.br\/site\/festa-promovida-pelo-sindicato-dos-bancarios-valoriza-a-categoria-em-ambiente-de-confraternizacao-familiar\/","title":{"rendered":"Festa promovida pelo Sindicato dos Banc\u00e1rios valoriza a categoria em ambiente de confraterniza\u00e7\u00e3o familiar"},"content":{"rendered":"<p>O Sindicato dos Banc\u00e1rios de Muria\u00e9 e Regi\u00e3o realizou, no \u00faltimo s\u00e1bado, sua tradicional festa em comemora\u00e7\u00e3o ao Dia dos Banc\u00e1rios. O encontro aconteceu na Ch\u00e1cara do Adelmo e reuniu profissionais da categoria e seus familiares em um momento marcado pela integra\u00e7\u00e3o, pelo reconhecimento e pela valoriza\u00e7\u00e3o da classe.<\/p>\n<p>A programa\u00e7\u00e3o contou com m\u00fasica ao vivo, comida, sorteio de mais de 80 brindes e muita divers\u00e3o. As crian\u00e7as tamb\u00e9m tiveram um espa\u00e7o kids preparado especialmente para elas, refor\u00e7ando o car\u00e1ter familiar da confraterniza\u00e7\u00e3o. As apresenta\u00e7\u00f5es de Marofagy, Silas Voz e Viol\u00e3o e o Dj Rodrigo 2U animaram o p\u00fablico ao longo do evento.<\/p>\n<div id='gallery-1' class='gallery galleryid-147539 gallery-columns-2 gallery-size-full'><figure class='gallery-item'>\n\t\t\t<div class='gallery-icon portrait'>\n\t\t\t\t<a href='https:\/\/anoticiaonline.com.br\/site\/wp-content\/uploads\/2026\/09\/IMG_7705.jpg'><img fetchpriority=\"high\" decoding=\"async\" width=\"525\" height=\"700\" src=\"https:\/\/anoticiaonline.com.br\/site\/wp-content\/uploads\/2026\/09\/IMG_7705.jpg\" class=\"attachment-full size-full\" alt=\"\" srcset=\"https:\/\/anoticiaonline.com.br\/site\/wp-content\/uploads\/2026\/09\/IMG_7705.jpg 525w, https:\/\/anoticiaonline.com.br\/site\/wp-content\/uploads\/2026\/09\/IMG_7705-225x300.jpg 225w\" sizes=\"(max-width: 525px) 100vw, 525px\" \/><\/a>\n\t\t\t<\/div><\/figure><figure class='gallery-item'>\n\t\t\t<div class='gallery-icon portrait'>\n\t\t\t\t<a href='https:\/\/anoticiaonline.com.br\/site\/wp-content\/uploads\/2026\/09\/IMG_7727.jpg'><img decoding=\"async\" width=\"525\" height=\"700\" src=\"https:\/\/anoticiaonline.com.br\/site\/wp-content\/uploads\/2026\/09\/IMG_7727.jpg\" class=\"attachment-full size-full\" alt=\"\" srcset=\"https:\/\/anoticiaonline.com.br\/site\/wp-content\/uploads\/2026\/09\/IMG_7727.jpg 525w, https:\/\/anoticiaonline.com.br\/site\/wp-content\/uploads\/2026\/09\/IMG_7727-225x300.jpg 225w\" sizes=\"(max-width: 525px) 100vw, 525px\" \/><\/a>\n\t\t\t<\/div><\/figure><figure class='gallery-item'>\n\t\t\t<div class='gallery-icon portrait'>\n\t\t\t\t<a href='https:\/\/anoticiaonline.com.br\/site\/wp-content\/uploads\/2026\/09\/WhatsApp-Image-2026-09-02-at-10.17.07-2.jpg'><img decoding=\"async\" width=\"525\" height=\"700\" src=\"https:\/\/anoticiaonline.com.br\/site\/wp-content\/uploads\/2026\/09\/WhatsApp-Image-2026-09-02-at-10.17.07-2.jpg\" class=\"attachment-full size-full\" alt=\"\" srcset=\"https:\/\/anoticiaonline.com.br\/site\/wp-content\/uploads\/2026\/09\/WhatsApp-Image-2026-09-02-at-10.17.07-2.jpg 525w, https:\/\/anoticiaonline.com.br\/site\/wp-content\/uploads\/2026\/09\/WhatsApp-Image-2026-09-02-at-10.17.07-2-225x300.jpg 225w\" sizes=\"(max-width: 525px) 100vw, 525px\" \/><\/a>\n\t\t\t<\/div><\/figure><figure class='gallery-item'>\n\t\t\t<div class='gallery-icon portrait'>\n\t\t\t\t<a href='https:\/\/anoticiaonline.com.br\/site\/wp-content\/uploads\/2026\/09\/WhatsApp-Image-2026-09-02-at-10.18.04.jpg'><img loading=\"lazy\" decoding=\"async\" width=\"598\" height=\"700\" src=\"https:\/\/anoticiaonline.com.br\/site\/wp-content\/uploads\/2026\/09\/WhatsApp-Image-2026-09-02-at-10.18.04.jpg\" class=\"attachment-full size-full\" alt=\"\" srcset=\"https:\/\/anoticiaonline.com.br\/site\/wp-content\/uploads\/2026\/09\/WhatsApp-Image-2026-09-02-at-10.18.04.jpg 598w, https:\/\/anoticiaonline.com.br\/site\/wp-content\/uploads\/2026\/09\/WhatsApp-Image-2026-09-02-at-10.18.04-256x300.jpg 256w\" sizes=\"(max-width: 598px) 100vw, 598px\" \/><\/a>\n\t\t\t<\/div><\/figure>\n\t\t<\/div>\n\n<p>A festa proporcionou uma pausa na rotina de trabalho e uma oportunidade para reencontrar colegas, fortalecer v\u00ednculos, comemorar as conquistas alcan\u00e7adas pela categoria e reconhecer a import\u00e2ncia desses profissionais para o mercado financeiro e para a sociedade.<\/p>\n<p>O diretor-presidente do sindicato, Alex Costa Medeiros, destacou que a iniciativa representa um momento de reconhecimento e valoriza\u00e7\u00e3o dos profissionais.<\/p>\n<p>\u201cEstamos aqui para celebrar o nosso dia e valorizar esses profissionais, que se empenham diariamente para realizar o melhor trabalho e prover suas fam\u00edlias. Este \u00e9 um momento de reconhecimento\u201d, afirmou.<\/p>\n<p>Alex tamb\u00e9m ressaltou a import\u00e2ncia da categoria para o mercado financeiro, a sociedade e as fam\u00edlias.<\/p>\n<p>\u201cQueremos que todos guardem este dia como um momento especial, de valoriza\u00e7\u00e3o e reconhecimento da import\u00e2ncia da categoria para o mercado financeiro e para a base da sociedade. O sindicato \u00e9 uma fam\u00edlia. Agradecemos a presen\u00e7a de todos e desejamos um feliz Dia dos Banc\u00e1rios\u201d, completou.<\/p>\n<div id='gallery-2' class='gallery galleryid-147539 gallery-columns-1 gallery-size-full'><figure class='gallery-item'>\n\t\t\t<div class='gallery-icon landscape'>\n\t\t\t\t<a href='https:\/\/anoticiaonline.com.br\/site\/wp-content\/uploads\/2026\/09\/WhatsApp-Image-2026-09-02-at-10.17.04-1.jpg'><img loading=\"lazy\" decoding=\"async\" width=\"700\" height=\"525\" src=\"https:\/\/anoticiaonline.com.br\/site\/wp-content\/uploads\/2026\/09\/WhatsApp-Image-2026-09-02-at-10.17.04-1.jpg\" class=\"attachment-full size-full\" alt=\"\" srcset=\"https:\/\/anoticiaonline.com.br\/site\/wp-content\/uploads\/2026\/09\/WhatsApp-Image-2026-09-02-at-10.17.04-1.jpg 700w, https:\/\/anoticiaonline.com.br\/site\/wp-content\/uploads\/2026\/09\/WhatsApp-Image-2026-09-02-at-10.17.04-1-300x225.jpg 300w\" sizes=\"(max-width: 700px) 100vw, 700px\" \/><\/a>\n\t\t\t<\/div><\/figure><figure class='gallery-item'>\n\t\t\t<div class='gallery-icon landscape'>\n\t\t\t\t<a href='https:\/\/anoticiaonline.com.br\/site\/wp-content\/uploads\/2026\/09\/WhatsApp-Image-2026-09-02-at-10.17.04.jpg'><img loading=\"lazy\" decoding=\"async\" width=\"700\" height=\"525\" src=\"https:\/\/anoticiaonline.com.br\/site\/wp-content\/uploads\/2026\/09\/WhatsApp-Image-2026-09-02-at-10.17.04.jpg\" class=\"attachment-full size-full\" alt=\"\" srcset=\"https:\/\/anoticiaonline.com.br\/site\/wp-content\/uploads\/2026\/09\/WhatsApp-Image-2026-09-02-at-10.17.04.jpg 700w, https:\/\/anoticiaonline.com.br\/site\/wp-content\/uploads\/2026\/09\/WhatsApp-Image-2026-09-02-at-10.17.04-300x225.jpg 300w\" sizes=\"(max-width: 700px) 100vw, 700px\" \/><\/a>\n\t\t\t<\/div><\/figure><figure class='gallery-item'>\n\t\t\t<div class='gallery-icon landscape'>\n\t\t\t\t<a href='https:\/\/anoticiaonline.com.br\/site\/wp-content\/uploads\/2026\/09\/2.jpg'><img loading=\"lazy\" decoding=\"async\" width=\"700\" height=\"525\" src=\"https:\/\/anoticiaonline.com.br\/site\/wp-content\/uploads\/2026\/09\/2.jpg\" class=\"attachment-full size-full\" alt=\"\" srcset=\"https:\/\/anoticiaonline.com.br\/site\/wp-content\/uploads\/2026\/09\/2.jpg 700w, https:\/\/anoticiaonline.com.br\/site\/wp-content\/uploads\/2026\/09\/2-300x225.jpg 300w\" sizes=\"(max-width: 700px) 100vw, 700px\" \/><\/a>\n\t\t\t<\/div><\/figure><figure class='gallery-item'>\n\t\t\t<div class='gallery-icon landscape'>\n\t\t\t\t<a href='https:\/\/anoticiaonline.com.br\/site\/wp-content\/uploads\/2026\/09\/WhatsApp-Image-2026-09-02-at-10.17.05-1.jpg'><img loading=\"lazy\" decoding=\"async\" width=\"700\" height=\"525\" src=\"https:\/\/anoticiaonline.com.br\/site\/wp-content\/uploads\/2026\/09\/WhatsApp-Image-2026-09-02-at-10.17.05-1.jpg\" class=\"attachment-full size-full\" alt=\"\" srcset=\"https:\/\/anoticiaonline.com.br\/site\/wp-content\/uploads\/2026\/09\/WhatsApp-Image-2026-09-02-at-10.17.05-1.jpg 700w, https:\/\/anoticiaonline.com.br\/site\/wp-content\/uploads\/2026\/09\/WhatsApp-Image-2026-09-02-at-10.17.05-1-300x225.jpg 300w\" sizes=\"(max-width: 700px) 100vw, 700px\" \/><\/a>\n\t\t\t<\/div><\/figure><figure class='gallery-item'>\n\t\t\t<div class='gallery-icon landscape'>\n\t\t\t\t<a href='https:\/\/anoticiaonline.com.br\/site\/wp-content\/uploads\/2026\/09\/WhatsApp-Image-2026-09-02-at-10.17.05-2.jpg'><img loading=\"lazy\" decoding=\"async\" width=\"700\" height=\"525\" src=\"https:\/\/anoticiaonline.com.br\/site\/wp-content\/uploads\/2026\/09\/WhatsApp-Image-2026-09-02-at-10.17.05-2.jpg\" class=\"attachment-full size-full\" alt=\"\" srcset=\"https:\/\/anoticiaonline.com.br\/site\/wp-content\/uploads\/2026\/09\/WhatsApp-Image-2026-09-02-at-10.17.05-2.jpg 700w, https:\/\/anoticiaonline.com.br\/site\/wp-content\/uploads\/2026\/09\/WhatsApp-Image-2026-09-02-at-10.17.05-2-300x225.jpg 300w\" sizes=\"(max-width: 700px) 100vw, 700px\" \/><\/a>\n\t\t\t<\/div><\/figure><figure class='gallery-item'>\n\t\t\t<div class='gallery-icon landscape'>\n\t\t\t\t<a href='https:\/\/anoticiaonline.com.br\/site\/wp-content\/uploads\/2026\/09\/WhatsApp-Image-2026-09-02-at-10.17.05.jpg'><img loading=\"lazy\" decoding=\"async\" width=\"700\" height=\"525\" src=\"https:\/\/anoticiaonline.com.br\/site\/wp-content\/uploads\/2026\/09\/WhatsApp-Image-2026-09-02-at-10.17.05.jpg\" class=\"attachment-full size-full\" alt=\"\" srcset=\"https:\/\/anoticiaonline.com.br\/site\/wp-content\/uploads\/2026\/09\/WhatsApp-Image-2026-09-02-at-10.17.05.jpg 700w, https:\/\/anoticiaonline.com.br\/site\/wp-content\/uploads\/2026\/09\/WhatsApp-Image-2026-09-02-at-10.17.05-300x225.jpg 300w\" sizes=\"(max-width: 700px) 100vw, 700px\" \/><\/a>\n\t\t\t<\/div><\/figure><figure class='gallery-item'>\n\t\t\t<div class='gallery-icon landscape'>\n\t\t\t\t<a href='https:\/\/anoticiaonline.com.br\/site\/wp-content\/uploads\/2026\/09\/WhatsApp-Image-2026-09-02-at-10.17.06-1.jpg'><img loading=\"lazy\" decoding=\"async\" width=\"700\" height=\"525\" src=\"https:\/\/anoticiaonline.com.br\/site\/wp-content\/uploads\/2026\/09\/WhatsApp-Image-2026-09-02-at-10.17.06-1.jpg\" class=\"attachment-full size-full\" alt=\"\" srcset=\"https:\/\/anoticiaonline.com.br\/site\/wp-content\/uploads\/2026\/09\/WhatsApp-Image-2026-09-02-at-10.17.06-1.jpg 700w, https:\/\/anoticiaonline.com.br\/site\/wp-content\/uploads\/2026\/09\/WhatsApp-Image-2026-09-02-at-10.17.06-1-300x225.jpg 300w\" sizes=\"(max-width: 700px) 100vw, 700px\" \/><\/a>\n\t\t\t<\/div><\/figure><figure class='gallery-item'>\n\t\t\t<div class='gallery-icon landscape'>\n\t\t\t\t<a href='https:\/\/anoticiaonline.com.br\/site\/wp-content\/uploads\/2026\/09\/WhatsApp-Image-2026-09-02-at-10.17.06-2.jpg'><img loading=\"lazy\" decoding=\"async\" width=\"700\" height=\"525\" src=\"https:\/\/anoticiaonline.com.br\/site\/wp-content\/uploads\/2026\/09\/WhatsApp-Image-2026-09-02-at-10.17.06-2.jpg\" class=\"attachment-full size-full\" alt=\"\" srcset=\"https:\/\/anoticiaonline.com.br\/site\/wp-content\/uploads\/2026\/09\/WhatsApp-Image-2026-09-02-at-10.17.06-2.jpg 700w, https:\/\/anoticiaonline.com.br\/site\/wp-content\/uploads\/2026\/09\/WhatsApp-Image-2026-09-02-at-10.17.06-2-300x225.jpg 300w\" sizes=\"(max-width: 700px) 100vw, 700px\" \/><\/a>\n\t\t\t<\/div><\/figure><figure class='gallery-item'>\n\t\t\t<div class='gallery-icon landscape'>\n\t\t\t\t<a href='https:\/\/anoticiaonline.com.br\/site\/wp-content\/uploads\/2026\/09\/WhatsApp-Image-2026-09-02-at-10.17.06-3.jpg'><img loading=\"lazy\" decoding=\"async\" width=\"700\" height=\"525\" src=\"https:\/\/anoticiaonline.com.br\/site\/wp-content\/uploads\/2026\/09\/WhatsApp-Image-2026-09-02-at-10.17.06-3.jpg\" class=\"attachment-full size-full\" alt=\"\" srcset=\"https:\/\/anoticiaonline.com.br\/site\/wp-content\/uploads\/2026\/09\/WhatsApp-Image-2026-09-02-at-10.17.06-3.jpg 700w, https:\/\/anoticiaonline.com.br\/site\/wp-content\/uploads\/2026\/09\/WhatsApp-Image-2026-09-02-at-10.17.06-3-300x225.jpg 300w\" sizes=\"(max-width: 700px) 100vw, 700px\" \/><\/a>\n\t\t\t<\/div><\/figure><figure class='gallery-item'>\n\t\t\t<div class='gallery-icon landscape'>\n\t\t\t\t<a href='https:\/\/anoticiaonline.com.br\/site\/wp-content\/uploads\/2026\/09\/WhatsApp-Image-2026-09-02-at-10.17.06.jpg'><img loading=\"lazy\" decoding=\"async\" width=\"700\" height=\"525\" src=\"https:\/\/anoticiaonline.com.br\/site\/wp-content\/uploads\/2026\/09\/WhatsApp-Image-2026-09-02-at-10.17.06.jpg\" class=\"attachment-full size-full\" alt=\"\" srcset=\"https:\/\/anoticiaonline.com.br\/site\/wp-content\/uploads\/2026\/09\/WhatsApp-Image-2026-09-02-at-10.17.06.jpg 700w, https:\/\/anoticiaonline.com.br\/site\/wp-content\/uploads\/2026\/09\/WhatsApp-Image-2026-09-02-at-10.17.06-300x225.jpg 300w\" sizes=\"(max-width: 700px) 100vw, 700px\" \/><\/a>\n\t\t\t<\/div><\/figure><figure class='gallery-item'>\n\t\t\t<div class='gallery-icon landscape'>\n\t\t\t\t<a href='https:\/\/anoticiaonline.com.br\/site\/wp-content\/uploads\/2026\/09\/WhatsApp-Image-2026-09-02-at-10.17.07-3.jpg'><img loading=\"lazy\" decoding=\"async\" width=\"700\" height=\"525\" src=\"https:\/\/anoticiaonline.com.br\/site\/wp-content\/uploads\/2026\/09\/WhatsApp-Image-2026-09-02-at-10.17.07-3.jpg\" class=\"attachment-full size-full\" alt=\"\" srcset=\"https:\/\/anoticiaonline.com.br\/site\/wp-content\/uploads\/2026\/09\/WhatsApp-Image-2026-09-02-at-10.17.07-3.jpg 700w, https:\/\/anoticiaonline.com.br\/site\/wp-content\/uploads\/2026\/09\/WhatsApp-Image-2026-09-02-at-10.17.07-3-300x225.jpg 300w\" sizes=\"(max-width: 700px) 100vw, 700px\" \/><\/a>\n\t\t\t<\/div><\/figure><figure class='gallery-item'>\n\t\t\t<div class='gallery-icon landscape'>\n\t\t\t\t<a href='https:\/\/anoticiaonline.com.br\/site\/wp-content\/uploads\/2026\/09\/WhatsApp-Image-2026-09-02-at-10.17.07-4.jpg'><img loading=\"lazy\" decoding=\"async\" width=\"700\" height=\"525\" src=\"https:\/\/anoticiaonline.com.br\/site\/wp-content\/uploads\/2026\/09\/WhatsApp-Image-2026-09-02-at-10.17.07-4.jpg\" class=\"attachment-full size-full\" alt=\"\" srcset=\"https:\/\/anoticiaonline.com.br\/site\/wp-content\/uploads\/2026\/09\/WhatsApp-Image-2026-09-02-at-10.17.07-4.jpg 700w, https:\/\/anoticiaonline.com.br\/site\/wp-content\/uploads\/2026\/09\/WhatsApp-Image-2026-09-02-at-10.17.07-4-300x225.jpg 300w\" sizes=\"(max-width: 700px) 100vw, 700px\" \/><\/a>\n\t\t\t<\/div><\/figure><figure class='gallery-item'>\n\t\t\t<div class='gallery-icon landscape'>\n\t\t\t\t<a href='https:\/\/anoticiaonline.com.br\/site\/wp-content\/uploads\/2026\/09\/WhatsApp-Image-2026-09-02-at-10.17.07-1.jpg'><img loading=\"lazy\" decoding=\"async\" width=\"700\" height=\"525\" src=\"https:\/\/anoticiaonline.com.br\/site\/wp-content\/uploads\/2026\/09\/WhatsApp-Image-2026-09-02-at-10.17.07-1.jpg\" class=\"attachment-full size-full\" alt=\"\" srcset=\"https:\/\/anoticiaonline.com.br\/site\/wp-content\/uploads\/2026\/09\/WhatsApp-Image-2026-09-02-at-10.17.07-1.jpg 700w, https:\/\/anoticiaonline.com.br\/site\/wp-content\/uploads\/2026\/09\/WhatsApp-Image-2026-09-02-at-10.17.07-1-300x225.jpg 300w\" sizes=\"(max-width: 700px) 100vw, 700px\" \/><\/a>\n\t\t\t<\/div><\/figure><figure class='gallery-item'>\n\t\t\t<div class='gallery-icon landscape'>\n\t\t\t\t<a href='https:\/\/anoticiaonline.com.br\/site\/wp-content\/uploads\/2026\/09\/WhatsApp-Image-2026-09-02-at-10.17.08.jpg'><img loading=\"lazy\" decoding=\"async\" width=\"700\" height=\"525\" src=\"https:\/\/anoticiaonline.com.br\/site\/wp-content\/uploads\/2026\/09\/WhatsApp-Image-2026-09-02-at-10.17.08.jpg\" class=\"attachment-full size-full\" alt=\"\" srcset=\"https:\/\/anoticiaonline.com.br\/site\/wp-content\/uploads\/2026\/09\/WhatsApp-Image-2026-09-02-at-10.17.08.jpg 700w, https:\/\/anoticiaonline.com.br\/site\/wp-content\/uploads\/2026\/09\/WhatsApp-Image-2026-09-02-at-10.17.08-300x225.jpg 300w\" sizes=\"(max-width: 700px) 100vw, 700px\" \/><\/a>\n\t\t\t<\/div><\/figure><figure class='gallery-item'>\n\t\t\t<div class='gallery-icon landscape'>\n\t\t\t\t<a href='https:\/\/anoticiaonline.com.br\/site\/wp-content\/uploads\/2026\/09\/WhatsApp-Image-2026-09-02-at-10.17.05-3.jpg'><img loading=\"lazy\" decoding=\"async\" width=\"700\" height=\"525\" src=\"https:\/\/anoticiaonline.com.br\/site\/wp-content\/uploads\/2026\/09\/WhatsApp-Image-2026-09-02-at-10.17.05-3.jpg\" class=\"attachment-full size-full\" alt=\"\" srcset=\"https:\/\/anoticiaonline.com.br\/site\/wp-content\/uploads\/2026\/09\/WhatsApp-Image-2026-09-02-at-10.17.05-3.jpg 700w, https:\/\/anoticiaonline.com.br\/site\/wp-content\/uploads\/2026\/09\/WhatsApp-Image-2026-09-02-at-10.17.05-3-300x225.jpg 300w\" sizes=\"(max-width: 700px) 100vw, 700px\" \/><\/a>\n\t\t\t<\/div><\/figure>\n\t\t<\/div>\n\n<p>O tesoureiro Fa\u00e7anha J\u00fanior destacou os desafios enfrentados pela classe e agradeceu a participa\u00e7\u00e3o dos profissionais na confraterniza\u00e7\u00e3o.<\/p>\n<p>\u201cQueremos agradecer a cada banc\u00e1rio e banc\u00e1ria que prestigiou esta festa, preparada especialmente para voc\u00eas. Tivemos um ano dif\u00edcil, um ano de campanha, e este \u00e9 o momento de celebrar, enaltecer cada profissional e agradecer pelo trabalho realizado diariamente\u201d, declarou.<\/p>\n<p>A diretora Daniela de Freitas Bani Castro aproveitou a oportunidade para convidar banc\u00e1rias, filhas e esposas de integrantes da categoria a participarem do grupo de beach tennis, que se re\u00fane todas as quintas-feiras, das 18h \u00e0s 20h.<\/p>\n<p>A diretora de Imprensa e Comunica\u00e7\u00e3o, Mary Cristina de Mello Portilho, agradeceu a presen\u00e7a dos profissionais e de seus familiares e ressaltou o cuidado dedicado \u00e0 organiza\u00e7\u00e3o do encontro. Segundo ela, a festa foi preparada com muito carinho para receber todos e proporcionar um momento especial de conviv\u00eancia, divers\u00e3o e celebra\u00e7\u00e3o.<\/p>\n<p>Mais do que uma comemora\u00e7\u00e3o, a iniciativa refor\u00e7ou a uni\u00e3o entre os profissionais e seus familiares, valorizou as conquistas da categoria e reconheceu a contribui\u00e7\u00e3o desses trabalhadores para o atendimento \u00e0 popula\u00e7\u00e3o e para o desenvolvimento de Muria\u00e9 e regi\u00e3o.<\/p>\n","protected":false},"excerpt":{"rendered":"<p>O Sindicato dos Banc\u00e1rios de Muria\u00e9 e Regi\u00e3o realizou, no \u00faltimo s\u00e1bado, sua tradicional festa em comemora\u00e7\u00e3o ao Dia dos Banc\u00e1rios. O encontro aconteceu na Ch\u00e1cara do Adelmo e reuniu profissionais da categoria e seus familiares em um momento marcado pela integra\u00e7\u00e3o, pelo reconhecimento e pela valoriza\u00e7\u00e3o da classe. A programa\u00e7\u00e3o contou com m\u00fasica ao &#8230; <a title=\"Festa promovida pelo Sindicato dos Banc\u00e1rios valoriza a categoria em ambiente de confraterniza\u00e7\u00e3o familiar\" class=\"read-more\" href=\"https:\/\/anoticiaonline.com.br\/site\/festa-promovida-pelo-sindicato-dos-bancarios-valoriza-a-categoria-em-ambiente-de-confraternizacao-familiar\/\" aria-label=\"Read more about Festa promovida pelo Sindicato dos Banc\u00e1rios valoriza a categoria em ambiente de confraterniza\u00e7\u00e3o familiar\">Ler mais<\/a><\/p>\n","protected":false},"author":7,"featured_media":0,"comment_status":"open","ping_status":"closed","sticky":false,"template":"","format":"standard","meta":{"_acf_changed":false,"_monsterinsights_skip_tracking":false,"footnotes":""},"categories":[30,2893,24,1,7660],"tags":[],"class_list":["post-147539","post","type-post","status-publish","format-standard","hentry","category-muriae","category-cotidiano","category-eventos","category-gerais","category-slide-principal"],"acf":[],"aioseo_notices":[],"aioseo_head":"\n\t\t<!-- All in One SEO 5.0.0.1 - aioseo.com -->\n\t<meta name=\"description\" content=\"O Sindicato dos Banc\u00e1rios de Muria\u00e9 e Regi\u00e3o realizou, no \u00faltimo s\u00e1bado, sua tradicional festa em comemora\u00e7\u00e3o ao Dia dos Banc\u00e1rios. O encontro aconteceu na Ch\u00e1cara do Adelmo e reuniu profissionais da categoria e seus familiares em um momento marcado pela integra\u00e7\u00e3o, pelo reconhecimento e pela valoriza\u00e7\u00e3o da classe. A programa\u00e7\u00e3o contou com m\u00fasica ao\" \/>\n\t<meta name=\"robots\" content=\"max-image-preview:large\" \/>\n\t<meta name=\"author\" content=\"Leandro Bebiano\"\/>\n\t<link rel=\"canonical\" href=\"https:\/\/anoticiaonline.com.br\/site\/festa-promovida-pelo-sindicato-dos-bancarios-valoriza-a-categoria-em-ambiente-de-confraternizacao-familiar\/\" \/>\n\t<meta name=\"generator\" content=\"All in One SEO (AIOSEO) 5.0.0.1\" \/>\n\t\t<meta property=\"og:locale\" content=\"pt_BR\" \/>\n\t\t<meta property=\"og:site_name\" content=\"A Not\u00edcia Online - Noticias de Muria\u00e9 e regi\u00e3o\" \/>\n\t\t<meta property=\"og:type\" content=\"article\" \/>\n\t\t<meta property=\"og:title\" content=\"Festa promovida pelo Sindicato dos Banc\u00e1rios valoriza a categoria em ambiente de confraterniza\u00e7\u00e3o familiar - A Not\u00edcia Online\" \/>\n\t\t<meta property=\"og:description\" content=\"O Sindicato dos Banc\u00e1rios de Muria\u00e9 e Regi\u00e3o realizou, no \u00faltimo s\u00e1bado, sua tradicional festa em comemora\u00e7\u00e3o ao Dia dos Banc\u00e1rios. O encontro aconteceu na Ch\u00e1cara do Adelmo e reuniu profissionais da categoria e seus familiares em um momento marcado pela integra\u00e7\u00e3o, pelo reconhecimento e pela valoriza\u00e7\u00e3o da classe. A programa\u00e7\u00e3o contou com m\u00fasica ao\" \/>\n\t\t<meta property=\"og:url\" content=\"https:\/\/anoticiaonline.com.br\/site\/festa-promovida-pelo-sindicato-dos-bancarios-valoriza-a-categoria-em-ambiente-de-confraternizacao-familiar\/\" \/>\n\t\t<meta property=\"og:image\" content=\"https:\/\/scontent-gig4-1.xx.fbcdn.net\/v\/t39.30808-1\/270437624_4564083193639691_6907940295614233970_n.jpg?stp=dst-jpg_s200x200_tt6&#038;_nc_cat=111&#038;ccb=1-7&#038;_nc_sid=f907e8&#038;_nc_ohc=SM1wRlP3lJwQ7kNvwEPuBYA&#038;_nc_oc=AdnqrjDN_BNjSSHWO-GbkIWH6fkGMLw4bqvL_NH6e2wMveX7G-rP2dAqsDSq1mJMOaY&#038;_nc_zt=24&#038;_nc_ht=scontent-gig4-1.xx&#038;_nc_gid=AoBFJeGrT1hVaew_6rchkQ&#038;oh=00_AfX7QmFGhQhG2jAllVgXCiM1ZrWgvtp80-Bfppyexh1QEg&#038;oe=689E923C\" \/>\n\t\t<meta property=\"og:image:secure_url\" content=\"https:\/\/scontent-gig4-1.xx.fbcdn.net\/v\/t39.30808-1\/270437624_4564083193639691_6907940295614233970_n.jpg?stp=dst-jpg_s200x200_tt6&#038;_nc_cat=111&#038;ccb=1-7&#038;_nc_sid=f907e8&#038;_nc_ohc=SM1wRlP3lJwQ7kNvwEPuBYA&#038;_nc_oc=AdnqrjDN_BNjSSHWO-GbkIWH6fkGMLw4bqvL_NH6e2wMveX7G-rP2dAqsDSq1mJMOaY&#038;_nc_zt=24&#038;_nc_ht=scontent-gig4-1.xx&#038;_nc_gid=AoBFJeGrT1hVaew_6rchkQ&#038;oh=00_AfX7QmFGhQhG2jAllVgXCiM1ZrWgvtp80-Bfppyexh1QEg&#038;oe=689E923C\" \/>\n\t\t<meta property=\"article:published_time\" content=\"2026-09-02T14:50:32+00:00\" \/>\n\t\t<meta property=\"article:modified_time\" content=\"2026-09-02T14:36:52+00:00\" \/>\n\t\t<meta name=\"twitter:card\" content=\"summary_large_image\" \/>\n\t\t<meta name=\"twitter:title\" content=\"Festa promovida pelo Sindicato dos Banc\u00e1rios valoriza a categoria em ambiente de confraterniza\u00e7\u00e3o familiar - A Not\u00edcia Online\" \/>\n\t\t<meta name=\"twitter:description\" content=\"O Sindicato dos Banc\u00e1rios de Muria\u00e9 e Regi\u00e3o realizou, no \u00faltimo s\u00e1bado, sua tradicional festa em comemora\u00e7\u00e3o ao Dia dos Banc\u00e1rios. O encontro aconteceu na Ch\u00e1cara do Adelmo e reuniu profissionais da categoria e seus familiares em um momento marcado pela integra\u00e7\u00e3o, pelo reconhecimento e pela valoriza\u00e7\u00e3o da classe. A programa\u00e7\u00e3o contou com m\u00fasica ao\" \/>\n\t\t<meta name=\"twitter:image\" content=\"https:\/\/scontent-gig4-1.xx.fbcdn.net\/v\/t39.30808-1\/270437624_4564083193639691_6907940295614233970_n.jpg?stp=dst-jpg_s200x200_tt6&amp;_nc_cat=111&amp;ccb=1-7&amp;_nc_sid=f907e8&amp;_nc_ohc=SM1wRlP3lJwQ7kNvwEPuBYA&amp;_nc_oc=AdnqrjDN_BNjSSHWO-GbkIWH6fkGMLw4bqvL_NH6e2wMveX7G-rP2dAqsDSq1mJMOaY&amp;_nc_zt=24&amp;_nc_ht=scontent-gig4-1.xx&amp;_nc_gid=AoBFJeGrT1hVaew_6rchkQ&amp;oh=00_AfX7QmFGhQhG2jAllVgXCiM1ZrWgvtp80-Bfppyexh1QEg&amp;oe=689E923C\" \/>\n\t\t<script type=\"application\/ld+json\" class=\"aioseo-schema\">\n\t\t\t{\"@context\":\"https:\\\/\\\/schema.org\",\"@graph\":[{\"@type\":\"BlogPosting\",\"@id\":\"https:\\\/\\\/anoticiaonline.com.br\\\/site\\\/festa-promovida-pelo-sindicato-dos-bancarios-valoriza-a-categoria-em-ambiente-de-confraternizacao-familiar\\\/#blogposting\",\"name\":\"Festa promovida pelo Sindicato dos Banc\\u00e1rios valoriza a categoria em ambiente de confraterniza\\u00e7\\u00e3o familiar - A Not\\u00edcia Online\",\"headline\":\"Festa promovida pelo Sindicato dos Banc\\u00e1rios valoriza a categoria em ambiente de confraterniza\\u00e7\\u00e3o familiar\",\"author\":{\"@id\":\"https:\\\/\\\/anoticiaonline.com.br\\\/site\\\/author\\\/leandro\\\/#author\"},\"publisher\":{\"@id\":\"https:\\\/\\\/anoticiaonline.com.br\\\/site\\\/#organization\"},\"image\":{\"@type\":\"ImageObject\",\"url\":\"https:\\\/\\\/scontent-gig4-1.xx.fbcdn.net\\\/v\\\/t39.30808-1\\\/270437624_4564083193639691_6907940295614233970_n.jpg?stp=dst-jpg_s200x200_tt6&_nc_cat=111&ccb=1-7&_nc_sid=f907e8&_nc_ohc=SM1wRlP3lJwQ7kNvwEPuBYA&_nc_oc=AdnqrjDN_BNjSSHWO-GbkIWH6fkGMLw4bqvL_NH6e2wMveX7G-rP2dAqsDSq1mJMOaY&_nc_zt=24&_nc_ht=scontent-gig4-1.xx&_nc_gid=AoBFJeGrT1hVaew_6rchkQ&oh=00_AfX7QmFGhQhG2jAllVgXCiM1ZrWgvtp80-Bfppyexh1QEg&oe=689E923C\",\"@id\":\"https:\\\/\\\/anoticiaonline.com.br\\\/site\\\/#articleImage\"},\"datePublished\":\"2026-09-02T11:50:32-03:00\",\"dateModified\":\"2026-09-02T11:36:52-03:00\",\"inLanguage\":\"pt-BR\",\"mainEntityOfPage\":{\"@id\":\"https:\\\/\\\/anoticiaonline.com.br\\\/site\\\/festa-promovida-pelo-sindicato-dos-bancarios-valoriza-a-categoria-em-ambiente-de-confraternizacao-familiar\\\/#webpage\"},\"isPartOf\":{\"@id\":\"https:\\\/\\\/anoticiaonline.com.br\\\/site\\\/festa-promovida-pelo-sindicato-dos-bancarios-valoriza-a-categoria-em-ambiente-de-confraternizacao-familiar\\\/#webpage\"},\"articleSection\":\"Blog, Cotidiano, Eventos, Gerais, Slide principal\"},{\"@type\":\"BreadcrumbList\",\"@id\":\"https:\\\/\\\/anoticiaonline.com.br\\\/site\\\/festa-promovida-pelo-sindicato-dos-bancarios-valoriza-a-categoria-em-ambiente-de-confraternizacao-familiar\\\/#breadcrumblist\",\"itemListElement\":[{\"@type\":\"ListItem\",\"@id\":\"https:\\\/\\\/anoticiaonline.com.br\\\/site#listItem\",\"position\":1,\"name\":\"Home\",\"item\":\"https:\\\/\\\/anoticiaonline.com.br\\\/site\",\"nextItem\":{\"@type\":\"ListItem\",\"@id\":\"https:\\\/\\\/anoticiaonline.com.br\\\/site\\\/categoria\\\/muriae\\\/#listItem\",\"name\":\"Blog\"}},{\"@type\":\"ListItem\",\"@id\":\"https:\\\/\\\/anoticiaonline.com.br\\\/site\\\/categoria\\\/muriae\\\/#listItem\",\"position\":2,\"name\":\"Blog\",\"item\":\"https:\\\/\\\/anoticiaonline.com.br\\\/site\\\/categoria\\\/muriae\\\/\",\"nextItem\":{\"@type\":\"ListItem\",\"@id\":\"https:\\\/\\\/anoticiaonline.com.br\\\/site\\\/categoria\\\/muriae\\\/cotidiano\\\/#listItem\",\"name\":\"Cotidiano\"},\"previousItem\":{\"@type\":\"ListItem\",\"@id\":\"https:\\\/\\\/anoticiaonline.com.br\\\/site#listItem\",\"name\":\"Home\"}},{\"@type\":\"ListItem\",\"@id\":\"https:\\\/\\\/anoticiaonline.com.br\\\/site\\\/categoria\\\/muriae\\\/cotidiano\\\/#listItem\",\"position\":3,\"name\":\"Cotidiano\",\"item\":\"https:\\\/\\\/anoticiaonline.com.br\\\/site\\\/categoria\\\/muriae\\\/cotidiano\\\/\",\"nextItem\":{\"@type\":\"ListItem\",\"@id\":\"https:\\\/\\\/anoticiaonline.com.br\\\/site\\\/festa-promovida-pelo-sindicato-dos-bancarios-valoriza-a-categoria-em-ambiente-de-confraternizacao-familiar\\\/#listItem\",\"name\":\"Festa promovida pelo Sindicato dos Banc\\u00e1rios valoriza a categoria em ambiente de confraterniza\\u00e7\\u00e3o familiar\"},\"previousItem\":{\"@type\":\"ListItem\",\"@id\":\"https:\\\/\\\/anoticiaonline.com.br\\\/site\\\/categoria\\\/muriae\\\/#listItem\",\"name\":\"Blog\"}},{\"@type\":\"ListItem\",\"@id\":\"https:\\\/\\\/anoticiaonline.com.br\\\/site\\\/festa-promovida-pelo-sindicato-dos-bancarios-valoriza-a-categoria-em-ambiente-de-confraternizacao-familiar\\\/#listItem\",\"position\":4,\"name\":\"Festa promovida pelo Sindicato dos Banc\\u00e1rios valoriza a categoria em ambiente de confraterniza\\u00e7\\u00e3o familiar\",\"previousItem\":{\"@type\":\"ListItem\",\"@id\":\"https:\\\/\\\/anoticiaonline.com.br\\\/site\\\/categoria\\\/muriae\\\/cotidiano\\\/#listItem\",\"name\":\"Cotidiano\"}}]},{\"@type\":\"Organization\",\"@id\":\"https:\\\/\\\/anoticiaonline.com.br\\\/site\\\/#organization\",\"name\":\"A Not\\u00edcia Online\",\"description\":\"Noticias de Muria\\u00e9 e regi\\u00e3o\",\"url\":\"https:\\\/\\\/anoticiaonline.com.br\\\/site\\\/\",\"logo\":{\"@type\":\"ImageObject\",\"url\":\"https:\\\/\\\/scontent-gig4-1.xx.fbcdn.net\\\/v\\\/t39.30808-1\\\/270437624_4564083193639691_6907940295614233970_n.jpg?stp=dst-jpg_s200x200_tt6&_nc_cat=111&ccb=1-7&_nc_sid=f907e8&_nc_ohc=SM1wRlP3lJwQ7kNvwEPuBYA&_nc_oc=AdnqrjDN_BNjSSHWO-GbkIWH6fkGMLw4bqvL_NH6e2wMveX7G-rP2dAqsDSq1mJMOaY&_nc_zt=24&_nc_ht=scontent-gig4-1.xx&_nc_gid=AoBFJeGrT1hVaew_6rchkQ&oh=00_AfX7QmFGhQhG2jAllVgXCiM1ZrWgvtp80-Bfppyexh1QEg&oe=689E923C\",\"@id\":\"https:\\\/\\\/anoticiaonline.com.br\\\/site\\\/festa-promovida-pelo-sindicato-dos-bancarios-valoriza-a-categoria-em-ambiente-de-confraternizacao-familiar\\\/#organizationLogo\"},\"image\":{\"@id\":\"https:\\\/\\\/anoticiaonline.com.br\\\/site\\\/festa-promovida-pelo-sindicato-dos-bancarios-valoriza-a-categoria-em-ambiente-de-confraternizacao-familiar\\\/#organizationLogo\"}},{\"@type\":\"Person\",\"@id\":\"https:\\\/\\\/anoticiaonline.com.br\\\/site\\\/author\\\/leandro\\\/#author\",\"url\":\"https:\\\/\\\/anoticiaonline.com.br\\\/site\\\/author\\\/leandro\\\/\",\"name\":\"Leandro Bebiano\",\"image\":{\"@type\":\"ImageObject\",\"@id\":\"https:\\\/\\\/anoticiaonline.com.br\\\/site\\\/festa-promovida-pelo-sindicato-dos-bancarios-valoriza-a-categoria-em-ambiente-de-confraternizacao-familiar\\\/#authorImage\",\"url\":\"https:\\\/\\\/secure.gravatar.com\\\/avatar\\\/99966a20c143db97c8590c2013307c7c234a4cca48ed5657cbb47e22a400bd5f?s=96&d=mm&r=g\",\"width\":96,\"height\":96,\"caption\":\"Leandro Bebiano\"}},{\"@type\":\"WebPage\",\"@id\":\"https:\\\/\\\/anoticiaonline.com.br\\\/site\\\/festa-promovida-pelo-sindicato-dos-bancarios-valoriza-a-categoria-em-ambiente-de-confraternizacao-familiar\\\/#webpage\",\"url\":\"https:\\\/\\\/anoticiaonline.com.br\\\/site\\\/festa-promovida-pelo-sindicato-dos-bancarios-valoriza-a-categoria-em-ambiente-de-confraternizacao-familiar\\\/\",\"name\":\"Festa promovida pelo Sindicato dos Banc\\u00e1rios valoriza a categoria em ambiente de confraterniza\\u00e7\\u00e3o familiar - A Not\\u00edcia Online\",\"description\":\"O Sindicato dos Banc\\u00e1rios de Muria\\u00e9 e Regi\\u00e3o realizou, no \\u00faltimo s\\u00e1bado, sua tradicional festa em comemora\\u00e7\\u00e3o ao Dia dos Banc\\u00e1rios. O encontro aconteceu na Ch\\u00e1cara do Adelmo e reuniu profissionais da categoria e seus familiares em um momento marcado pela integra\\u00e7\\u00e3o, pelo reconhecimento e pela valoriza\\u00e7\\u00e3o da classe. A programa\\u00e7\\u00e3o contou com m\\u00fasica ao\",\"inLanguage\":\"pt-BR\",\"isPartOf\":{\"@id\":\"https:\\\/\\\/anoticiaonline.com.br\\\/site\\\/#website\"},\"breadcrumb\":{\"@id\":\"https:\\\/\\\/anoticiaonline.com.br\\\/site\\\/festa-promovida-pelo-sindicato-dos-bancarios-valoriza-a-categoria-em-ambiente-de-confraternizacao-familiar\\\/#breadcrumblist\"},\"author\":{\"@id\":\"https:\\\/\\\/anoticiaonline.com.br\\\/site\\\/author\\\/leandro\\\/#author\"},\"creator\":{\"@id\":\"https:\\\/\\\/anoticiaonline.com.br\\\/site\\\/author\\\/leandro\\\/#author\"},\"datePublished\":\"2026-09-02T11:50:32-03:00\",\"dateModified\":\"2026-09-02T11:36:52-03:00\"},{\"@type\":\"WebSite\",\"@id\":\"https:\\\/\\\/anoticiaonline.com.br\\\/site\\\/#website\",\"url\":\"https:\\\/\\\/anoticiaonline.com.br\\\/site\\\/\",\"name\":\"A Not\\u00edcia Online\",\"description\":\"Noticias de Muria\\u00e9 e regi\\u00e3o\",\"inLanguage\":\"pt-BR\",\"publisher\":{\"@id\":\"https:\\\/\\\/anoticiaonline.com.br\\\/site\\\/#organization\"}}]}\n\t\t<\/script>\n\t\t<!-- All in One SEO -->\n\n","aioseo_head_json":{"title":"Festa promovida pelo Sindicato dos Banc\u00e1rios valoriza a categoria em ambiente de confraterniza\u00e7\u00e3o familiar - A Not\u00edcia Online","description":"O Sindicato dos Banc\u00e1rios de Muria\u00e9 e Regi\u00e3o realizou, no \u00faltimo s\u00e1bado, sua tradicional festa em comemora\u00e7\u00e3o ao Dia dos Banc\u00e1rios. O encontro aconteceu na Ch\u00e1cara do Adelmo e reuniu profissionais da categoria e seus familiares em um momento marcado pela integra\u00e7\u00e3o, pelo reconhecimento e pela valoriza\u00e7\u00e3o da classe. A programa\u00e7\u00e3o contou com m\u00fasica ao","canonical_url":"https:\/\/anoticiaonline.com.br\/site\/festa-promovida-pelo-sindicato-dos-bancarios-valoriza-a-categoria-em-ambiente-de-confraternizacao-familiar\/","robots":"max-image-preview:large","keywords":"","webmasterTools":{"miscellaneous":""},"schema":{"@context":"https:\/\/schema.org","@graph":[{"@type":"BlogPosting","@id":"https:\/\/anoticiaonline.com.br\/site\/festa-promovida-pelo-sindicato-dos-bancarios-valoriza-a-categoria-em-ambiente-de-confraternizacao-familiar\/#blogposting","name":"Festa promovida pelo Sindicato dos Banc\u00e1rios valoriza a categoria em ambiente de confraterniza\u00e7\u00e3o familiar - A Not\u00edcia Online","headline":"Festa promovida pelo Sindicato dos Banc\u00e1rios valoriza a categoria em ambiente de confraterniza\u00e7\u00e3o familiar","author":{"@id":"https:\/\/anoticiaonline.com.br\/site\/author\/leandro\/#author"},"publisher":{"@id":"https:\/\/anoticiaonline.com.br\/site\/#organization"},"image":{"@type":"ImageObject","url":"https:\/\/scontent-gig4-1.xx.fbcdn.net\/v\/t39.30808-1\/270437624_4564083193639691_6907940295614233970_n.jpg?stp=dst-jpg_s200x200_tt6&_nc_cat=111&ccb=1-7&_nc_sid=f907e8&_nc_ohc=SM1wRlP3lJwQ7kNvwEPuBYA&_nc_oc=AdnqrjDN_BNjSSHWO-GbkIWH6fkGMLw4bqvL_NH6e2wMveX7G-rP2dAqsDSq1mJMOaY&_nc_zt=24&_nc_ht=scontent-gig4-1.xx&_nc_gid=AoBFJeGrT1hVaew_6rchkQ&oh=00_AfX7QmFGhQhG2jAllVgXCiM1ZrWgvtp80-Bfppyexh1QEg&oe=689E923C","@id":"https:\/\/anoticiaonline.com.br\/site\/#articleImage"},"datePublished":"2026-09-02T11:50:32-03:00","dateModified":"2026-09-02T11:36:52-03:00","inLanguage":"pt-BR","mainEntityOfPage":{"@id":"https:\/\/anoticiaonline.com.br\/site\/festa-promovida-pelo-sindicato-dos-bancarios-valoriza-a-categoria-em-ambiente-de-confraternizacao-familiar\/#webpage"},"isPartOf":{"@id":"https:\/\/anoticiaonline.com.br\/site\/festa-promovida-pelo-sindicato-dos-bancarios-valoriza-a-categoria-em-ambiente-de-confraternizacao-familiar\/#webpage"},"articleSection":"Blog, Cotidiano, Eventos, Gerais, Slide principal"},{"@type":"BreadcrumbList","@id":"https:\/\/anoticiaonline.com.br\/site\/festa-promovida-pelo-sindicato-dos-bancarios-valoriza-a-categoria-em-ambiente-de-confraternizacao-familiar\/#breadcrumblist","itemListElement":[{"@type":"ListItem","@id":"https:\/\/anoticiaonline.com.br\/site#listItem","position":1,"name":"Home","item":"https:\/\/anoticiaonline.com.br\/site","nextItem":{"@type":"ListItem","@id":"https:\/\/anoticiaonline.com.br\/site\/categoria\/muriae\/#listItem","name":"Blog"}},{"@type":"ListItem","@id":"https:\/\/anoticiaonline.com.br\/site\/categoria\/muriae\/#listItem","position":2,"name":"Blog","item":"https:\/\/anoticiaonline.com.br\/site\/categoria\/muriae\/","nextItem":{"@type":"ListItem","@id":"https:\/\/anoticiaonline.com.br\/site\/categoria\/muriae\/cotidiano\/#listItem","name":"Cotidiano"},"previousItem":{"@type":"ListItem","@id":"https:\/\/anoticiaonline.com.br\/site#listItem","name":"Home"}},{"@type":"ListItem","@id":"https:\/\/anoticiaonline.com.br\/site\/categoria\/muriae\/cotidiano\/#listItem","position":3,"name":"Cotidiano","item":"https:\/\/anoticiaonline.com.br\/site\/categoria\/muriae\/cotidiano\/","nextItem":{"@type":"ListItem","@id":"https:\/\/anoticiaonline.com.br\/site\/festa-promovida-pelo-sindicato-dos-bancarios-valoriza-a-categoria-em-ambiente-de-confraternizacao-familiar\/#listItem","name":"Festa promovida pelo Sindicato dos Banc\u00e1rios valoriza a categoria em ambiente de confraterniza\u00e7\u00e3o familiar"},"previousItem":{"@type":"ListItem","@id":"https:\/\/anoticiaonline.com.br\/site\/categoria\/muriae\/#listItem","name":"Blog"}},{"@type":"ListItem","@id":"https:\/\/anoticiaonline.com.br\/site\/festa-promovida-pelo-sindicato-dos-bancarios-valoriza-a-categoria-em-ambiente-de-confraternizacao-familiar\/#listItem","position":4,"name":"Festa promovida pelo Sindicato dos Banc\u00e1rios valoriza a categoria em ambiente de confraterniza\u00e7\u00e3o familiar","previousItem":{"@type":"ListItem","@id":"https:\/\/anoticiaonline.com.br\/site\/categoria\/muriae\/cotidiano\/#listItem","name":"Cotidiano"}}]},{"@type":"Organization","@id":"https:\/\/anoticiaonline.com.br\/site\/#organization","name":"A Not\u00edcia Online","description":"Noticias de Muria\u00e9 e regi\u00e3o","url":"https:\/\/anoticiaonline.com.br\/site\/","logo":{"@type":"ImageObject","url":"https:\/\/scontent-gig4-1.xx.fbcdn.net\/v\/t39.30808-1\/270437624_4564083193639691_6907940295614233970_n.jpg?stp=dst-jpg_s200x200_tt6&_nc_cat=111&ccb=1-7&_nc_sid=f907e8&_nc_ohc=SM1wRlP3lJwQ7kNvwEPuBYA&_nc_oc=AdnqrjDN_BNjSSHWO-GbkIWH6fkGMLw4bqvL_NH6e2wMveX7G-rP2dAqsDSq1mJMOaY&_nc_zt=24&_nc_ht=scontent-gig4-1.xx&_nc_gid=AoBFJeGrT1hVaew_6rchkQ&oh=00_AfX7QmFGhQhG2jAllVgXCiM1ZrWgvtp80-Bfppyexh1QEg&oe=689E923C","@id":"https:\/\/anoticiaonline.com.br\/site\/festa-promovida-pelo-sindicato-dos-bancarios-valoriza-a-categoria-em-ambiente-de-confraternizacao-familiar\/#organizationLogo"},"image":{"@id":"https:\/\/anoticiaonline.com.br\/site\/festa-promovida-pelo-sindicato-dos-bancarios-valoriza-a-categoria-em-ambiente-de-confraternizacao-familiar\/#organizationLogo"}},{"@type":"Person","@id":"https:\/\/anoticiaonline.com.br\/site\/author\/leandro\/#author","url":"https:\/\/anoticiaonline.com.br\/site\/author\/leandro\/","name":"Leandro Bebiano","image":{"@type":"ImageObject","@id":"https:\/\/anoticiaonline.com.br\/site\/festa-promovida-pelo-sindicato-dos-bancarios-valoriza-a-categoria-em-ambiente-de-confraternizacao-familiar\/#authorImage","url":"https:\/\/secure.gravatar.com\/avatar\/99966a20c143db97c8590c2013307c7c234a4cca48ed5657cbb47e22a400bd5f?s=96&d=mm&r=g","width":96,"height":96,"caption":"Leandro Bebiano"}},{"@type":"WebPage","@id":"https:\/\/anoticiaonline.com.br\/site\/festa-promovida-pelo-sindicato-dos-bancarios-valoriza-a-categoria-em-ambiente-de-confraternizacao-familiar\/#webpage","url":"https:\/\/anoticiaonline.com.br\/site\/festa-promovida-pelo-sindicato-dos-bancarios-valoriza-a-categoria-em-ambiente-de-confraternizacao-familiar\/","name":"Festa promovida pelo Sindicato dos Banc\u00e1rios valoriza a categoria em ambiente de confraterniza\u00e7\u00e3o familiar - A Not\u00edcia Online","description":"O Sindicato dos Banc\u00e1rios de Muria\u00e9 e Regi\u00e3o realizou, no \u00faltimo s\u00e1bado, sua tradicional festa em comemora\u00e7\u00e3o ao Dia dos Banc\u00e1rios. O encontro aconteceu na Ch\u00e1cara do Adelmo e reuniu profissionais da categoria e seus familiares em um momento marcado pela integra\u00e7\u00e3o, pelo reconhecimento e pela valoriza\u00e7\u00e3o da classe. A programa\u00e7\u00e3o contou com m\u00fasica ao","inLanguage":"pt-BR","isPartOf":{"@id":"https:\/\/anoticiaonline.com.br\/site\/#website"},"breadcrumb":{"@id":"https:\/\/anoticiaonline.com.br\/site\/festa-promovida-pelo-sindicato-dos-bancarios-valoriza-a-categoria-em-ambiente-de-confraternizacao-familiar\/#breadcrumblist"},"author":{"@id":"https:\/\/anoticiaonline.com.br\/site\/author\/leandro\/#author"},"creator":{"@id":"https:\/\/anoticiaonline.com.br\/site\/author\/leandro\/#author"},"datePublished":"2026-09-02T11:50:32-03:00","dateModified":"2026-09-02T11:36:52-03:00"},{"@type":"WebSite","@id":"https:\/\/anoticiaonline.com.br\/site\/#website","url":"https:\/\/anoticiaonline.com.br\/site\/","name":"A Not\u00edcia Online","description":"Noticias de Muria\u00e9 e regi\u00e3o","inLanguage":"pt-BR","publisher":{"@id":"https:\/\/anoticiaonline.com.br\/site\/#organization"}}]},"og:locale":"pt_BR","og:site_name":"A Not\u00edcia Online - Noticias de Muria\u00e9 e regi\u00e3o","og:type":"article","og:title":"Festa promovida pelo Sindicato dos Banc\u00e1rios valoriza a categoria em ambiente de confraterniza\u00e7\u00e3o familiar - A Not\u00edcia Online","og:description":"O Sindicato dos Banc\u00e1rios de Muria\u00e9 e Regi\u00e3o realizou, no \u00faltimo s\u00e1bado, sua tradicional festa em comemora\u00e7\u00e3o ao Dia dos Banc\u00e1rios. O encontro aconteceu na Ch\u00e1cara do Adelmo e reuniu profissionais da categoria e seus familiares em um momento marcado pela integra\u00e7\u00e3o, pelo reconhecimento e pela valoriza\u00e7\u00e3o da classe. A programa\u00e7\u00e3o contou com m\u00fasica ao","og:url":"https:\/\/anoticiaonline.com.br\/site\/festa-promovida-pelo-sindicato-dos-bancarios-valoriza-a-categoria-em-ambiente-de-confraternizacao-familiar\/","og:image":"https:\/\/scontent-gig4-1.xx.fbcdn.net\/v\/t39.30808-1\/270437624_4564083193639691_6907940295614233970_n.jpg?stp=dst-jpg_s200x200_tt6&#038;_nc_cat=111&#038;ccb=1-7&#038;_nc_sid=f907e8&#038;_nc_ohc=SM1wRlP3lJwQ7kNvwEPuBYA&#038;_nc_oc=AdnqrjDN_BNjSSHWO-GbkIWH6fkGMLw4bqvL_NH6e2wMveX7G-rP2dAqsDSq1mJMOaY&#038;_nc_zt=24&#038;_nc_ht=scontent-gig4-1.xx&#038;_nc_gid=AoBFJeGrT1hVaew_6rchkQ&#038;oh=00_AfX7QmFGhQhG2jAllVgXCiM1ZrWgvtp80-Bfppyexh1QEg&#038;oe=689E923C","og:image:secure_url":"https:\/\/scontent-gig4-1.xx.fbcdn.net\/v\/t39.30808-1\/270437624_4564083193639691_6907940295614233970_n.jpg?stp=dst-jpg_s200x200_tt6&#038;_nc_cat=111&#038;ccb=1-7&#038;_nc_sid=f907e8&#038;_nc_ohc=SM1wRlP3lJwQ7kNvwEPuBYA&#038;_nc_oc=AdnqrjDN_BNjSSHWO-GbkIWH6fkGMLw4bqvL_NH6e2wMveX7G-rP2dAqsDSq1mJMOaY&#038;_nc_zt=24&#038;_nc_ht=scontent-gig4-1.xx&#038;_nc_gid=AoBFJeGrT1hVaew_6rchkQ&#038;oh=00_AfX7QmFGhQhG2jAllVgXCiM1ZrWgvtp80-Bfppyexh1QEg&#038;oe=689E923C","article:published_time":"2026-09-02T14:50:32+00:00","article:modified_time":"2026-09-02T14:36:52+00:00","twitter:card":"summary_large_image","twitter:title":"Festa promovida pelo Sindicato dos Banc\u00e1rios valoriza a categoria em ambiente de confraterniza\u00e7\u00e3o familiar - A Not\u00edcia Online","twitter:description":"O Sindicato dos Banc\u00e1rios de Muria\u00e9 e Regi\u00e3o realizou, no \u00faltimo s\u00e1bado, sua tradicional festa em comemora\u00e7\u00e3o ao Dia dos Banc\u00e1rios. O encontro aconteceu na Ch\u00e1cara do Adelmo e reuniu profissionais da categoria e seus familiares em um momento marcado pela integra\u00e7\u00e3o, pelo reconhecimento e pela valoriza\u00e7\u00e3o da classe. A programa\u00e7\u00e3o contou com m\u00fasica ao","twitter:image":"https:\/\/scontent-gig4-1.xx.fbcdn.net\/v\/t39.30808-1\/270437624_4564083193639691_6907940295614233970_n.jpg?stp=dst-jpg_s200x200_tt6&_nc_cat=111&ccb=1-7&_nc_sid=f907e8&_nc_ohc=SM1wRlP3lJwQ7kNvwEPuBYA&_nc_oc=AdnqrjDN_BNjSSHWO-GbkIWH6fkGMLw4bqvL_NH6e2wMveX7G-rP2dAqsDSq1mJMOaY&_nc_zt=24&_nc_ht=scontent-gig4-1.xx&_nc_gid=AoBFJeGrT1hVaew_6rchkQ&oh=00_AfX7QmFGhQhG2jAllVgXCiM1ZrWgvtp80-Bfppyexh1QEg&oe=689E923C"},"aioseo_meta_data":{"post_id":"147539","title":null,"description":null,"keywords":null,"keyphrases":{"focus":{"keyphrase":"","score":0,"analysis":{"keyphraseInTitle":{"score":0,"maxScore":9,"error":1}}},"additional":[]},"primary_term":null,"canonical_url":null,"og_title":null,"og_description":null,"og_object_type":"default","og_image_type":"default","og_image_url":null,"og_image_width":null,"og_image_height":null,"og_image_custom_url":null,"og_image_custom_fields":null,"og_video":"","og_custom_url":null,"og_article_section":null,"og_article_tags":null,"twitter_use_og":false,"twitter_card":"default","twitter_image_type":"default","twitter_image_url":null,"twitter_image_custom_url":null,"twitter_image_custom_fields":null,"twitter_title":null,"twitter_description":null,"schema":{"blockGraphs":[],"customGraphs":[],"default":{"data":{"Article":[],"Course":[],"Dataset":[],"FAQPage":[],"Movie":[],"Person":[],"Product":[],"ProductReview":[],"Car":[],"Recipe":[],"Service":[],"SoftwareApplication":[],"WebPage":[]},"graphName":"BlogPosting","isEnabled":true},"graphs":[]},"schema_type":"default","schema_type_options":null,"pillar_content":false,"robots_default":true,"robots_noindex":false,"robots_noarchive":false,"robots_nosnippet":false,"robots_nofollow":false,"robots_noimageindex":false,"robots_noodp":false,"robots_notranslate":false,"robots_max_snippet":"-1","robots_max_videopreview":"-1","robots_max_imagepreview":"large","priority":null,"frequency":"default","local_seo":null,"breadcrumb_settings":null,"limit_modified_date":false,"ai":{"faqs":[],"keyPoints":[],"schemas":[],"titles":[],"descriptions":[],"socialPosts":{"email":{"subject":"","preview":"","content":""},"linkedin":[],"twitter":[],"facebook":[],"instagram":[]}},"created":"2026-09-02 14:22:53","updated":"2026-09-02 16:00:22","focus_keyword":null,"additional_keywords":null,"truseo_locale":null,"seo_analyzer_scan_date":null},"aioseo_breadcrumb":"<div class=\"aioseo-breadcrumbs\"><span class=\"aioseo-breadcrumb\">\n\t\t\t<a href=\"https:\/\/anoticiaonline.com.br\/site\" title=\"Home\">Home<\/a>\n\t\t<\/span><span class=\"aioseo-breadcrumb-separator\">&raquo;<\/span><span class=\"aioseo-breadcrumb\">\n\t\t\t<a href=\"https:\/\/anoticiaonline.com.br\/site\/categoria\/muriae\/\" title=\"Blog\">Blog<\/a>\n\t\t<\/span><span class=\"aioseo-breadcrumb-separator\">&raquo;<\/span><span class=\"aioseo-breadcrumb\">\n\t\t\t<a href=\"https:\/\/anoticiaonline.com.br\/site\/categoria\/muriae\/cotidiano\/\" title=\"Cotidiano\">Cotidiano<\/a>\n\t\t<\/span><span class=\"aioseo-breadcrumb-separator\">&raquo;<\/span><span class=\"aioseo-breadcrumb\">\n\t\t\tFesta promovida pelo Sindicato dos Banc\u00e1rios valoriza a categoria em ambiente de confraterniza\u00e7\u00e3o familiar\n\t\t<\/span><\/div>","aioseo_breadcrumb_json":[{"label":"Home","link":"https:\/\/anoticiaonline.com.br\/site"},{"label":"Blog","link":"https:\/\/anoticiaonline.com.br\/site\/categoria\/muriae\/"},{"label":"Cotidiano","link":"https:\/\/anoticiaonline.com.br\/site\/categoria\/muriae\/cotidiano\/"},{"label":"Festa promovida pelo Sindicato dos Banc\u00e1rios valoriza a categoria em ambiente de confraterniza\u00e7\u00e3o familiar","link":"https:\/\/anoticiaonline.com.br\/site\/festa-promovida-pelo-sindicato-dos-bancarios-valoriza-a-categoria-em-ambiente-de-confraternizacao-familiar\/"}],"views":24,"_links":{"self":[{"href":"https:\/\/anoticiaonline.com.br\/site\/wp-json\/wp\/v2\/posts\/147539","targetHints":{"allow":["GET"]}}],"collection":[{"href":"https:\/\/anoticiaonline.com.br\/site\/wp-json\/wp\/v2\/posts"}],"about":[{"href":"https:\/\/anoticiaonline.com.br\/site\/wp-json\/wp\/v2\/types\/post"}],"author":[{"embeddable":true,"href":"https:\/\/anoticiaonline.com.br\/site\/wp-json\/wp\/v2\/users\/7"}],"replies":[{"embeddable":true,"href":"https:\/\/anoticiaonline.com.br\/site\/wp-json\/wp\/v2\/comments?post=147539"}],"version-history":[{"count":0,"href":"https:\/\/anoticiaonline.com.br\/site\/wp-json\/wp\/v2\/posts\/147539\/revisions"}],"wp:attachment":[{"href":"https:\/\/anoticiaonline.com.br\/site\/wp-json\/wp\/v2\/media?parent=147539"}],"wp:term":[{"taxonomy":"category","embeddable":true,"href":"https:\/\/anoticiaonline.com.br\/site\/wp-json\/wp\/v2\/categories?post=147539"},{"taxonomy":"post_tag","embeddable":true,"href":"https:\/\/anoticiaonline.com.br\/site\/wp-json\/wp\/v2\/tags?post=147539"}],"curies":[{"name":"wp","href":"https:\/\/api.w.org\/{rel}","templated":true}]}}