{"id":147526,"date":"2026-09-02T10:50:58","date_gmt":"2026-09-02T13:50:58","guid":{"rendered":"https:\/\/anoticiaonline.com.br\/site\/?p=147526"},"modified":"2026-09-02T10:30:23","modified_gmt":"2026-09-02T13:30:23","slug":"agenda-cultural-movimenta-cataguases-leopoldina-muriae-e-itamarati-de-minas-na-primeira-semana-de-setembro","status":"publish","type":"post","link":"https:\/\/anoticiaonline.com.br\/site\/agenda-cultural-movimenta-cataguases-leopoldina-muriae-e-itamarati-de-minas-na-primeira-semana-de-setembro\/","title":{"rendered":"Agenda cultural movimenta Cataguases, Leopoldina, Muria\u00e9 e Itamarati de Minas na primeira semana de setembro"},"content":{"rendered":"<p style=\"font-weight: 400;\">A primeira semana de setembro ser\u00e1 marcada por uma programa\u00e7\u00e3o cultural diversificada em Cataguases, Leopoldina, Muria\u00e9 e Itamarati de Minas, com atividades apoiadas e patrocinadas pela Energisa e pelo Instituto Energisa. A agenda re\u00fane atra\u00e7\u00f5es gratuitas e op\u00e7\u00f5es a pre\u00e7os populares, valorizando diferentes manifesta\u00e7\u00f5es art\u00edsticas e ampliando o acesso da popula\u00e7\u00e3o \u00e0 cultura.<\/p>\n<p style=\"font-weight: 400;\">Em\u00a0Cataguases, o destaque fica por conta das atividades do Centro Cultural Humberto Mauro (CCHM), que recebe a oficina\u00a0Boi Alado, uma forma\u00e7\u00e3o gratuita voltada \u00e0 cria\u00e7\u00e3o de bois folcl\u00f3ricos e ao fortalecimento das tradi\u00e7\u00f5es da cultura popular brasileira. A programa\u00e7\u00e3o tamb\u00e9m conta com a abertura de duas exposi\u00e7\u00f5es:\u00a0&#8220;Do descarte \u00e0 cena&#8221;, que apresenta figurinos produzidos a partir do reaproveitamento de tecidos, e\u00a0&#8220;Cataguases Bordada&#8221;, mostra que retrata pontos tur\u00edsticos e obras de arte da cidade por meio da t\u00e9cnica do bordado. Para as fam\u00edlias, a agenda inclui ainda o espet\u00e1culo infantil\u00a0&#8220;O Controle M\u00e1gico&#8221;, do Grupo Pera.<\/p>\n<p style=\"font-weight: 400;\">J\u00e1 em Itamarati de Minas, o projeto \u00c9 Tudo Crian\u00e7a ganha destaque com duas noites de cinema gratuito ao ar livre, nos dias 4 e 5 de setembro, na Pra\u00e7a Padre Paulo\u00a0Fadda. Voltada para crian\u00e7as e fam\u00edlias, a iniciativa transforma o espa\u00e7o p\u00fablico em uma grande sala de cinema, proporcionando acesso gratuito ao entretenimento e incentivando a conviv\u00eancia comunit\u00e1ria por meio da cultura.<\/p>\n<p><a href=\"https:\/\/anoticiaonline.com.br\/site\/wp-content\/uploads\/2026\/09\/image002.jpg\"><img fetchpriority=\"high\" decoding=\"async\" class=\"aligncenter size-full wp-image-147528\" src=\"https:\/\/anoticiaonline.com.br\/site\/wp-content\/uploads\/2026\/09\/image002.jpg\" alt=\"\" width=\"700\" height=\"383\" srcset=\"https:\/\/anoticiaonline.com.br\/site\/wp-content\/uploads\/2026\/09\/image002.jpg 700w, https:\/\/anoticiaonline.com.br\/site\/wp-content\/uploads\/2026\/09\/image002-300x164.jpg 300w\" sizes=\"(max-width: 700px) 100vw, 700px\" \/><\/a><\/p>\n<p style=\"font-weight: 400;\">Em Leopoldina, o Museu-Parque promove atividades que unem m\u00fasica e cultura popular. No s\u00e1bado, o\u00a0artista\u00a0Marcos Alves apresenta um repert\u00f3rio que percorre diferentes influ\u00eancias da m\u00fasica brasileira, passando pelo samba, bossa nova, blues e jazz. J\u00e1 no domingo, o p\u00fablico poder\u00e1 participar do encontro &#8220;A Arte de Fazer Amigos&#8221;, uma grande roda de capoeira organizada pelo Centro Cultural Corda Preta, reunindo mestres e praticantes de Minas Gerais, Bahia e Rio de Janeiro em uma celebra\u00e7\u00e3o da tradi\u00e7\u00e3o e da integra\u00e7\u00e3o cultural.<\/p>\n<p style=\"font-weight: 400;\">\u201cA cultura \u00e9 uma ferramenta poderosa de transforma\u00e7\u00e3o social, capaz de gerar oportunidades, fortalecer identidades e aproximar as pessoas. Por isso, apoiamos iniciativas que ampliam o acesso da popula\u00e7\u00e3o \u00e0 arte, ao conhecimento e \u00e0 forma\u00e7\u00e3o cultural, contribuindo para o desenvolvimento das comunidades onde atuamos\u201d, destaca Fernando Costalonga, diretor-presidente da Energisa Minas Rio.<\/p>\n<p style=\"font-weight: 400;\"><strong>Confira a programa\u00e7\u00e3o cultural completa da semana:<\/strong><\/p>\n<p style=\"font-weight: 400;\"><strong>Cataguases<\/strong><\/p>\n<p style=\"font-weight: 400;\"><strong>Oficina Boi Alado<\/strong><\/p>\n<ul style=\"font-weight: 400;\">\n<li>Data:\u00a0at\u00e9 03\/09\u00a0|\u00a0Hor\u00e1rio: 16h \u00e0s 21h<\/li>\n<\/ul>\n<ul style=\"font-weight: 400;\">\n<li>Local: Centro Cultural Humberto Mauro (<a href=\"https:\/\/www.google.com\/maps\/search\/Rua+Major+Vieira,+10?entry=gmail&amp;source=g\" data-saferedirecturl=\"https:\/\/www.google.com\/url?q=https:\/\/www.google.com\/maps\/search\/Rua%2BMajor%2BVieira,%2B10?entry%3Dgmail%26source%3Dg&amp;source=gmail&amp;ust=1788440654000000&amp;usg=AOvVaw25e_L_ye8WeqJTvJS7LDaF\">Rua Major Vieira, 10<\/a>\u00a0\u2013 Centro)<\/li>\n<\/ul>\n<ul style=\"font-weight: 400;\">\n<li>Classifica\u00e7\u00e3o: a partir de 15 anos\u00a0|\u00a0Inscri\u00e7\u00f5es gratuitas:\u00a0<a href=\"https:\/\/forms.gle\/o9zxED79UMVR7TeH8\" data-saferedirecturl=\"https:\/\/www.google.com\/url?q=https:\/\/forms.gle\/o9zxED79UMVR7TeH8&amp;source=gmail&amp;ust=1788440654000000&amp;usg=AOvVaw3oTX96jEs5X4UtkFMhu8o6\">https:\/\/forms.gle\/o9zxED79UMVR7TeH8<\/a><\/li>\n<\/ul>\n<p style=\"font-weight: 400;\"><strong>Exposi\u00e7\u00e3o &#8220;Do descarte \u00e0 cena&#8221;<\/strong><\/p>\n<ul style=\"font-weight: 400;\">\n<li>At\u00e9 o dia 14\/10\u00a0|\u00a0Hor\u00e1rio: 19h<\/li>\n<\/ul>\n<ul style=\"font-weight: 400;\">\n<li>Local: Centro Cultural Humberto Mauro (<a href=\"https:\/\/www.google.com\/maps\/search\/Rua+Major+Vieira,+10?entry=gmail&amp;source=g\" data-saferedirecturl=\"https:\/\/www.google.com\/url?q=https:\/\/www.google.com\/maps\/search\/Rua%2BMajor%2BVieira,%2B10?entry%3Dgmail%26source%3Dg&amp;source=gmail&amp;ust=1788440654000000&amp;usg=AOvVaw25e_L_ye8WeqJTvJS7LDaF\">Rua Major Vieira, 10<\/a>\u00a0\u2013 Centro)<\/li>\n<\/ul>\n<ul style=\"font-weight: 400;\">\n<li>Entrada gratuita\u00a0|\u00a0Classifica\u00e7\u00e3o livre<\/li>\n<\/ul>\n<p style=\"font-weight: 400;\"><strong>Exposi\u00e7\u00e3o &#8220;Cataguases Bordada&#8221;<\/strong><\/p>\n<ul style=\"font-weight: 400;\">\n<li>Abertura: 04\/09\u00a0|\u00a0Hor\u00e1rio: 13h<\/li>\n<\/ul>\n<ul style=\"font-weight: 400;\">\n<li>Local: Centro Cultural Humberto Mauro (<a href=\"https:\/\/www.google.com\/maps\/search\/Rua+Major+Vieira,+10?entry=gmail&amp;source=g\" data-saferedirecturl=\"https:\/\/www.google.com\/url?q=https:\/\/www.google.com\/maps\/search\/Rua%2BMajor%2BVieira,%2B10?entry%3Dgmail%26source%3Dg&amp;source=gmail&amp;ust=1788440654000000&amp;usg=AOvVaw25e_L_ye8WeqJTvJS7LDaF\">Rua Major Vieira, 10<\/a>\u00a0\u2013 Centro)<\/li>\n<\/ul>\n<ul style=\"font-weight: 400;\">\n<li>Entrada gratuita\u00a0|\u00a0Classifica\u00e7\u00e3o livre<\/li>\n<\/ul>\n<p style=\"font-weight: 400;\"><strong>Espet\u00e1culo &#8220;O Controle M\u00e1gico&#8221;<\/strong><\/p>\n<ul style=\"font-weight: 400;\">\n<li>Data: 05\/09\u00a0|\u00a0Hor\u00e1rio: 16h \u00e0s 17h30<\/li>\n<\/ul>\n<ul style=\"font-weight: 400;\">\n<li>Local: Centro Cultural Humberto Mauro (<a href=\"https:\/\/www.google.com\/maps\/search\/Rua+Major+Vieira,+10?entry=gmail&amp;source=g\" data-saferedirecturl=\"https:\/\/www.google.com\/url?q=https:\/\/www.google.com\/maps\/search\/Rua%2BMajor%2BVieira,%2B10?entry%3Dgmail%26source%3Dg&amp;source=gmail&amp;ust=1788440654000000&amp;usg=AOvVaw25e_L_ye8WeqJTvJS7LDaF\">Rua Major Vieira, 10<\/a>\u00a0\u2013 Centro)<\/li>\n<\/ul>\n<ul style=\"font-weight: 400;\">\n<li>Ingresso: R$ 20 Vendas no local, por ordem de chegada\u00a0|\u00a0Informa\u00e7\u00f5es: (32) 99841-2406<\/li>\n<\/ul>\n<p style=\"font-weight: 400;\"><strong>Itamarati de Minas<\/strong><\/p>\n<p style=\"font-weight: 400;\"><strong>\u00c9 Tudo Crian\u00e7a\u00a0<\/strong><\/p>\n<ul style=\"font-weight: 400;\">\n<li>Datas: 04 e 05\/09\u00a0|\u00a0Hor\u00e1rio: 18h30 \u00e0s 21h<\/li>\n<\/ul>\n<ul style=\"font-weight: 400;\">\n<li>Local:<strong>\u00a0<\/strong>Pra\u00e7a Padre Paulo\u00a0Fadda, Centro<\/li>\n<\/ul>\n<ul style=\"font-weight: 400;\">\n<li>Entrada gratuita\u00a0|\u00a0Classifica\u00e7\u00e3o livre.<\/li>\n<\/ul>\n<p style=\"font-weight: 400;\"><strong>Leopoldina<\/strong><\/p>\n<p style=\"font-weight: 400;\"><strong>Show do\u00a0Marcos Alves\u00a0<\/strong><\/p>\n<ul style=\"font-weight: 400;\">\n<li>Data: 05\/09 (s\u00e1bado)\u00a0|\u00a0Hor\u00e1rio: em defini\u00e7\u00e3o<\/li>\n<\/ul>\n<ul style=\"font-weight: 400;\">\n<li>Local: Museu-Parque Usina Maur\u00edcio (Estrada LPD, 319 &#8211; Km 0 \u2013 distrito de\u00a0Piacatuba)<\/li>\n<\/ul>\n<ul style=\"font-weight: 400;\">\n<li>Entrada gratuita\u00a0|\u00a0Classifica\u00e7\u00e3o livre<\/li>\n<\/ul>\n<p style=\"font-weight: 400;\"><strong>Encontro da Arte de Fazer Amigos \u2013 Roda de Capoeira do Centro Cultural Corda Preta<\/strong><\/p>\n<ul style=\"font-weight: 400;\">\n<li>Data: 06\/09 (domingo)\u00a0|\u00a0Hor\u00e1rio: 10h30<\/li>\n<\/ul>\n<ul style=\"font-weight: 400;\">\n<li>Local: Museu-Parque Usina Maur\u00edcio (Estrada LPD, 319 &#8211; Km 0 \u2013 distrito de\u00a0Piacatuba)<\/li>\n<\/ul>\n<ul style=\"font-weight: 400;\">\n<li>Entrada gratuita | Classifica\u00e7\u00e3o livre<\/li>\n<\/ul>\n<p style=\"font-weight: 400;\"><strong>Muria\u00e9<\/strong><\/p>\n<p style=\"font-weight: 400;\"><strong>Exposi\u00e7\u00e3o &#8220;Entre Duas Terras&#8221; \u2013 Andr\u00e9 Berlinck<\/strong><\/p>\n<ul style=\"font-weight: 400;\">\n<li>Per\u00edodo: at\u00e9 30\/09\u00a0|\u00a0Hor\u00e1rio: a partir das 19h<\/li>\n<\/ul>\n<ul style=\"font-weight: 400;\">\n<li>Local:\u00a0<a href=\"https:\/\/www.google.com\/maps\/search\/Pra%C3%A7a+Jo%C3%A3o+Pinheiro,+164?entry=gmail&amp;source=g\" data-saferedirecturl=\"https:\/\/www.google.com\/url?q=https:\/\/www.google.com\/maps\/search\/Pra%25C3%25A7a%2BJo%25C3%25A3o%2BPinheiro,%2B164?entry%3Dgmail%26source%3Dg&amp;source=gmail&amp;ust=1788440654000000&amp;usg=AOvVaw0rvUlMHkWHndgaljeubO_s\">Pra\u00e7a Jo\u00e3o Pinheiro, 164<\/a>\u00a0&#8211; Centro<\/li>\n<\/ul>\n<ul style=\"font-weight: 400;\">\n<li>Entrada gratuita\u00a0|\u00a0Classifica\u00e7\u00e3o livre<\/li>\n<\/ul>\n","protected":false},"excerpt":{"rendered":"<p>A primeira semana de setembro ser\u00e1 marcada por uma programa\u00e7\u00e3o cultural diversificada em Cataguases, Leopoldina, Muria\u00e9 e Itamarati de Minas, com atividades apoiadas e patrocinadas pela Energisa e pelo Instituto Energisa. A agenda re\u00fane atra\u00e7\u00f5es gratuitas e op\u00e7\u00f5es a pre\u00e7os populares, valorizando diferentes manifesta\u00e7\u00f5es art\u00edsticas e ampliando o acesso da popula\u00e7\u00e3o \u00e0 cultura. Em\u00a0Cataguases, o &#8230; <a title=\"Agenda cultural movimenta Cataguases, Leopoldina, Muria\u00e9 e Itamarati de Minas na primeira semana de setembro\" class=\"read-more\" href=\"https:\/\/anoticiaonline.com.br\/site\/agenda-cultural-movimenta-cataguases-leopoldina-muriae-e-itamarati-de-minas-na-primeira-semana-de-setembro\/\" aria-label=\"Read more about Agenda cultural movimenta Cataguases, Leopoldina, Muria\u00e9 e Itamarati de Minas na primeira semana de setembro\">Ler mais<\/a><\/p>\n","protected":false},"author":7,"featured_media":147527,"comment_status":"open","ping_status":"closed","sticky":false,"template":"","format":"standard","meta":{"_acf_changed":false,"_monsterinsights_skip_tracking":false,"footnotes":""},"categories":[30,2893,24,1,6,7660],"tags":[],"class_list":["post-147526","post","type-post","status-publish","format-standard","has-post-thumbnail","hentry","category-muriae","category-cotidiano","category-eventos","category-gerais","category-regiao","category-slide-principal"],"acf":[],"aioseo_notices":[],"aioseo_head":"\n\t\t<!-- All in One SEO 5.0.0.1 - aioseo.com -->\n\t<meta name=\"description\" content=\"A primeira semana de setembro ser\u00e1 marcada por uma programa\u00e7\u00e3o cultural diversificada em Cataguases, Leopoldina, Muria\u00e9 e Itamarati de Minas, com atividades apoiadas e patrocinadas pela Energisa e pelo Instituto Energisa. A agenda re\u00fane atra\u00e7\u00f5es gratuitas e op\u00e7\u00f5es a pre\u00e7os populares, valorizando diferentes manifesta\u00e7\u00f5es art\u00edsticas e ampliando o acesso da popula\u00e7\u00e3o \u00e0 cultura. Em Cataguases, o\" \/>\n\t<meta name=\"robots\" content=\"max-image-preview:large\" \/>\n\t<meta name=\"author\" content=\"Leandro Bebiano\"\/>\n\t<link rel=\"canonical\" href=\"https:\/\/anoticiaonline.com.br\/site\/agenda-cultural-movimenta-cataguases-leopoldina-muriae-e-itamarati-de-minas-na-primeira-semana-de-setembro\/\" \/>\n\t<meta name=\"generator\" content=\"All in One SEO (AIOSEO) 5.0.0.1\" \/>\n\t\t<meta property=\"og:locale\" content=\"pt_BR\" \/>\n\t\t<meta property=\"og:site_name\" content=\"A Not\u00edcia Online - Noticias de Muria\u00e9 e regi\u00e3o\" \/>\n\t\t<meta property=\"og:type\" content=\"article\" \/>\n\t\t<meta property=\"og:title\" content=\"Agenda cultural movimenta Cataguases, Leopoldina, Muria\u00e9 e Itamarati de Minas na primeira semana de setembro - A Not\u00edcia Online\" \/>\n\t\t<meta property=\"og:description\" content=\"A primeira semana de setembro ser\u00e1 marcada por uma programa\u00e7\u00e3o cultural diversificada em Cataguases, Leopoldina, Muria\u00e9 e Itamarati de Minas, com atividades apoiadas e patrocinadas pela Energisa e pelo Instituto Energisa. A agenda re\u00fane atra\u00e7\u00f5es gratuitas e op\u00e7\u00f5es a pre\u00e7os populares, valorizando diferentes manifesta\u00e7\u00f5es art\u00edsticas e ampliando o acesso da popula\u00e7\u00e3o \u00e0 cultura. Em Cataguases, o\" \/>\n\t\t<meta property=\"og:url\" content=\"https:\/\/anoticiaonline.com.br\/site\/agenda-cultural-movimenta-cataguases-leopoldina-muriae-e-itamarati-de-minas-na-primeira-semana-de-setembro\/\" \/>\n\t\t<meta property=\"og:image\" content=\"https:\/\/scontent-gig4-1.xx.fbcdn.net\/v\/t39.30808-1\/270437624_4564083193639691_6907940295614233970_n.jpg?stp=dst-jpg_s200x200_tt6&#038;_nc_cat=111&#038;ccb=1-7&#038;_nc_sid=f907e8&#038;_nc_ohc=SM1wRlP3lJwQ7kNvwEPuBYA&#038;_nc_oc=AdnqrjDN_BNjSSHWO-GbkIWH6fkGMLw4bqvL_NH6e2wMveX7G-rP2dAqsDSq1mJMOaY&#038;_nc_zt=24&#038;_nc_ht=scontent-gig4-1.xx&#038;_nc_gid=AoBFJeGrT1hVaew_6rchkQ&#038;oh=00_AfX7QmFGhQhG2jAllVgXCiM1ZrWgvtp80-Bfppyexh1QEg&#038;oe=689E923C\" \/>\n\t\t<meta property=\"og:image:secure_url\" content=\"https:\/\/scontent-gig4-1.xx.fbcdn.net\/v\/t39.30808-1\/270437624_4564083193639691_6907940295614233970_n.jpg?stp=dst-jpg_s200x200_tt6&#038;_nc_cat=111&#038;ccb=1-7&#038;_nc_sid=f907e8&#038;_nc_ohc=SM1wRlP3lJwQ7kNvwEPuBYA&#038;_nc_oc=AdnqrjDN_BNjSSHWO-GbkIWH6fkGMLw4bqvL_NH6e2wMveX7G-rP2dAqsDSq1mJMOaY&#038;_nc_zt=24&#038;_nc_ht=scontent-gig4-1.xx&#038;_nc_gid=AoBFJeGrT1hVaew_6rchkQ&#038;oh=00_AfX7QmFGhQhG2jAllVgXCiM1ZrWgvtp80-Bfppyexh1QEg&#038;oe=689E923C\" \/>\n\t\t<meta property=\"article:published_time\" content=\"2026-09-02T13:50:58+00:00\" \/>\n\t\t<meta property=\"article:modified_time\" content=\"2026-09-02T13:30:23+00:00\" \/>\n\t\t<meta name=\"twitter:card\" content=\"summary_large_image\" \/>\n\t\t<meta name=\"twitter:title\" content=\"Agenda cultural movimenta Cataguases, Leopoldina, Muria\u00e9 e Itamarati de Minas na primeira semana de setembro - A Not\u00edcia Online\" \/>\n\t\t<meta name=\"twitter:description\" content=\"A primeira semana de setembro ser\u00e1 marcada por uma programa\u00e7\u00e3o cultural diversificada em Cataguases, Leopoldina, Muria\u00e9 e Itamarati de Minas, com atividades apoiadas e patrocinadas pela Energisa e pelo Instituto Energisa. A agenda re\u00fane atra\u00e7\u00f5es gratuitas e op\u00e7\u00f5es a pre\u00e7os populares, valorizando diferentes manifesta\u00e7\u00f5es art\u00edsticas e ampliando o acesso da popula\u00e7\u00e3o \u00e0 cultura. Em Cataguases, o\" \/>\n\t\t<meta name=\"twitter:image\" content=\"https:\/\/scontent-gig4-1.xx.fbcdn.net\/v\/t39.30808-1\/270437624_4564083193639691_6907940295614233970_n.jpg?stp=dst-jpg_s200x200_tt6&amp;_nc_cat=111&amp;ccb=1-7&amp;_nc_sid=f907e8&amp;_nc_ohc=SM1wRlP3lJwQ7kNvwEPuBYA&amp;_nc_oc=AdnqrjDN_BNjSSHWO-GbkIWH6fkGMLw4bqvL_NH6e2wMveX7G-rP2dAqsDSq1mJMOaY&amp;_nc_zt=24&amp;_nc_ht=scontent-gig4-1.xx&amp;_nc_gid=AoBFJeGrT1hVaew_6rchkQ&amp;oh=00_AfX7QmFGhQhG2jAllVgXCiM1ZrWgvtp80-Bfppyexh1QEg&amp;oe=689E923C\" \/>\n\t\t<script type=\"application\/ld+json\" class=\"aioseo-schema\">\n\t\t\t{\"@context\":\"https:\\\/\\\/schema.org\",\"@graph\":[{\"@type\":\"BlogPosting\",\"@id\":\"https:\\\/\\\/anoticiaonline.com.br\\\/site\\\/agenda-cultural-movimenta-cataguases-leopoldina-muriae-e-itamarati-de-minas-na-primeira-semana-de-setembro\\\/#blogposting\",\"name\":\"Agenda cultural movimenta Cataguases, Leopoldina, Muria\\u00e9 e Itamarati de Minas na primeira semana de setembro - A Not\\u00edcia Online\",\"headline\":\"Agenda cultural movimenta Cataguases, Leopoldina, Muria\\u00e9 e Itamarati de Minas na primeira semana de setembro\",\"author\":{\"@id\":\"https:\\\/\\\/anoticiaonline.com.br\\\/site\\\/author\\\/leandro\\\/#author\"},\"publisher\":{\"@id\":\"https:\\\/\\\/anoticiaonline.com.br\\\/site\\\/#organization\"},\"image\":{\"@type\":\"ImageObject\",\"url\":\"https:\\\/\\\/anoticiaonline.com.br\\\/site\\\/wp-content\\\/uploads\\\/2026\\\/09\\\/image001-1.jpg\",\"width\":700,\"height\":499},\"datePublished\":\"2026-09-02T10:50:58-03:00\",\"dateModified\":\"2026-09-02T10:30:23-03:00\",\"inLanguage\":\"pt-BR\",\"mainEntityOfPage\":{\"@id\":\"https:\\\/\\\/anoticiaonline.com.br\\\/site\\\/agenda-cultural-movimenta-cataguases-leopoldina-muriae-e-itamarati-de-minas-na-primeira-semana-de-setembro\\\/#webpage\"},\"isPartOf\":{\"@id\":\"https:\\\/\\\/anoticiaonline.com.br\\\/site\\\/agenda-cultural-movimenta-cataguases-leopoldina-muriae-e-itamarati-de-minas-na-primeira-semana-de-setembro\\\/#webpage\"},\"articleSection\":\"Blog, Cotidiano, Eventos, Gerais, Regi\\u00e3o, Slide principal\"},{\"@type\":\"BreadcrumbList\",\"@id\":\"https:\\\/\\\/anoticiaonline.com.br\\\/site\\\/agenda-cultural-movimenta-cataguases-leopoldina-muriae-e-itamarati-de-minas-na-primeira-semana-de-setembro\\\/#breadcrumblist\",\"itemListElement\":[{\"@type\":\"ListItem\",\"@id\":\"https:\\\/\\\/anoticiaonline.com.br\\\/site#listItem\",\"position\":1,\"name\":\"Home\",\"item\":\"https:\\\/\\\/anoticiaonline.com.br\\\/site\",\"nextItem\":{\"@type\":\"ListItem\",\"@id\":\"https:\\\/\\\/anoticiaonline.com.br\\\/site\\\/categoria\\\/muriae\\\/#listItem\",\"name\":\"Blog\"}},{\"@type\":\"ListItem\",\"@id\":\"https:\\\/\\\/anoticiaonline.com.br\\\/site\\\/categoria\\\/muriae\\\/#listItem\",\"position\":2,\"name\":\"Blog\",\"item\":\"https:\\\/\\\/anoticiaonline.com.br\\\/site\\\/categoria\\\/muriae\\\/\",\"nextItem\":{\"@type\":\"ListItem\",\"@id\":\"https:\\\/\\\/anoticiaonline.com.br\\\/site\\\/categoria\\\/muriae\\\/cotidiano\\\/#listItem\",\"name\":\"Cotidiano\"},\"previousItem\":{\"@type\":\"ListItem\",\"@id\":\"https:\\\/\\\/anoticiaonline.com.br\\\/site#listItem\",\"name\":\"Home\"}},{\"@type\":\"ListItem\",\"@id\":\"https:\\\/\\\/anoticiaonline.com.br\\\/site\\\/categoria\\\/muriae\\\/cotidiano\\\/#listItem\",\"position\":3,\"name\":\"Cotidiano\",\"item\":\"https:\\\/\\\/anoticiaonline.com.br\\\/site\\\/categoria\\\/muriae\\\/cotidiano\\\/\",\"nextItem\":{\"@type\":\"ListItem\",\"@id\":\"https:\\\/\\\/anoticiaonline.com.br\\\/site\\\/agenda-cultural-movimenta-cataguases-leopoldina-muriae-e-itamarati-de-minas-na-primeira-semana-de-setembro\\\/#listItem\",\"name\":\"Agenda cultural movimenta Cataguases, Leopoldina, Muria\\u00e9 e Itamarati de Minas na primeira semana de setembro\"},\"previousItem\":{\"@type\":\"ListItem\",\"@id\":\"https:\\\/\\\/anoticiaonline.com.br\\\/site\\\/categoria\\\/muriae\\\/#listItem\",\"name\":\"Blog\"}},{\"@type\":\"ListItem\",\"@id\":\"https:\\\/\\\/anoticiaonline.com.br\\\/site\\\/agenda-cultural-movimenta-cataguases-leopoldina-muriae-e-itamarati-de-minas-na-primeira-semana-de-setembro\\\/#listItem\",\"position\":4,\"name\":\"Agenda cultural movimenta Cataguases, Leopoldina, Muria\\u00e9 e Itamarati de Minas na primeira semana de setembro\",\"previousItem\":{\"@type\":\"ListItem\",\"@id\":\"https:\\\/\\\/anoticiaonline.com.br\\\/site\\\/categoria\\\/muriae\\\/cotidiano\\\/#listItem\",\"name\":\"Cotidiano\"}}]},{\"@type\":\"Organization\",\"@id\":\"https:\\\/\\\/anoticiaonline.com.br\\\/site\\\/#organization\",\"name\":\"A Not\\u00edcia Online\",\"description\":\"Noticias de Muria\\u00e9 e regi\\u00e3o\",\"url\":\"https:\\\/\\\/anoticiaonline.com.br\\\/site\\\/\",\"logo\":{\"@type\":\"ImageObject\",\"url\":\"https:\\\/\\\/scontent-gig4-1.xx.fbcdn.net\\\/v\\\/t39.30808-1\\\/270437624_4564083193639691_6907940295614233970_n.jpg?stp=dst-jpg_s200x200_tt6&_nc_cat=111&ccb=1-7&_nc_sid=f907e8&_nc_ohc=SM1wRlP3lJwQ7kNvwEPuBYA&_nc_oc=AdnqrjDN_BNjSSHWO-GbkIWH6fkGMLw4bqvL_NH6e2wMveX7G-rP2dAqsDSq1mJMOaY&_nc_zt=24&_nc_ht=scontent-gig4-1.xx&_nc_gid=AoBFJeGrT1hVaew_6rchkQ&oh=00_AfX7QmFGhQhG2jAllVgXCiM1ZrWgvtp80-Bfppyexh1QEg&oe=689E923C\",\"@id\":\"https:\\\/\\\/anoticiaonline.com.br\\\/site\\\/agenda-cultural-movimenta-cataguases-leopoldina-muriae-e-itamarati-de-minas-na-primeira-semana-de-setembro\\\/#organizationLogo\"},\"image\":{\"@id\":\"https:\\\/\\\/anoticiaonline.com.br\\\/site\\\/agenda-cultural-movimenta-cataguases-leopoldina-muriae-e-itamarati-de-minas-na-primeira-semana-de-setembro\\\/#organizationLogo\"}},{\"@type\":\"Person\",\"@id\":\"https:\\\/\\\/anoticiaonline.com.br\\\/site\\\/author\\\/leandro\\\/#author\",\"url\":\"https:\\\/\\\/anoticiaonline.com.br\\\/site\\\/author\\\/leandro\\\/\",\"name\":\"Leandro Bebiano\",\"image\":{\"@type\":\"ImageObject\",\"@id\":\"https:\\\/\\\/anoticiaonline.com.br\\\/site\\\/agenda-cultural-movimenta-cataguases-leopoldina-muriae-e-itamarati-de-minas-na-primeira-semana-de-setembro\\\/#authorImage\",\"url\":\"https:\\\/\\\/secure.gravatar.com\\\/avatar\\\/99966a20c143db97c8590c2013307c7c234a4cca48ed5657cbb47e22a400bd5f?s=96&d=mm&r=g\",\"width\":96,\"height\":96,\"caption\":\"Leandro Bebiano\"}},{\"@type\":\"WebPage\",\"@id\":\"https:\\\/\\\/anoticiaonline.com.br\\\/site\\\/agenda-cultural-movimenta-cataguases-leopoldina-muriae-e-itamarati-de-minas-na-primeira-semana-de-setembro\\\/#webpage\",\"url\":\"https:\\\/\\\/anoticiaonline.com.br\\\/site\\\/agenda-cultural-movimenta-cataguases-leopoldina-muriae-e-itamarati-de-minas-na-primeira-semana-de-setembro\\\/\",\"name\":\"Agenda cultural movimenta Cataguases, Leopoldina, Muria\\u00e9 e Itamarati de Minas na primeira semana de setembro - A Not\\u00edcia Online\",\"description\":\"A primeira semana de setembro ser\\u00e1 marcada por uma programa\\u00e7\\u00e3o cultural diversificada em Cataguases, Leopoldina, Muria\\u00e9 e Itamarati de Minas, com atividades apoiadas e patrocinadas pela Energisa e pelo Instituto Energisa. A agenda re\\u00fane atra\\u00e7\\u00f5es gratuitas e op\\u00e7\\u00f5es a pre\\u00e7os populares, valorizando diferentes manifesta\\u00e7\\u00f5es art\\u00edsticas e ampliando o acesso da popula\\u00e7\\u00e3o \\u00e0 cultura. Em Cataguases, o\",\"inLanguage\":\"pt-BR\",\"isPartOf\":{\"@id\":\"https:\\\/\\\/anoticiaonline.com.br\\\/site\\\/#website\"},\"breadcrumb\":{\"@id\":\"https:\\\/\\\/anoticiaonline.com.br\\\/site\\\/agenda-cultural-movimenta-cataguases-leopoldina-muriae-e-itamarati-de-minas-na-primeira-semana-de-setembro\\\/#breadcrumblist\"},\"author\":{\"@id\":\"https:\\\/\\\/anoticiaonline.com.br\\\/site\\\/author\\\/leandro\\\/#author\"},\"creator\":{\"@id\":\"https:\\\/\\\/anoticiaonline.com.br\\\/site\\\/author\\\/leandro\\\/#author\"},\"image\":{\"@type\":\"ImageObject\",\"url\":\"https:\\\/\\\/anoticiaonline.com.br\\\/site\\\/wp-content\\\/uploads\\\/2026\\\/09\\\/image001-1.jpg\",\"@id\":\"https:\\\/\\\/anoticiaonline.com.br\\\/site\\\/agenda-cultural-movimenta-cataguases-leopoldina-muriae-e-itamarati-de-minas-na-primeira-semana-de-setembro\\\/#mainImage\",\"width\":700,\"height\":499},\"primaryImageOfPage\":{\"@id\":\"https:\\\/\\\/anoticiaonline.com.br\\\/site\\\/agenda-cultural-movimenta-cataguases-leopoldina-muriae-e-itamarati-de-minas-na-primeira-semana-de-setembro\\\/#mainImage\"},\"datePublished\":\"2026-09-02T10:50:58-03:00\",\"dateModified\":\"2026-09-02T10:30:23-03:00\"},{\"@type\":\"WebSite\",\"@id\":\"https:\\\/\\\/anoticiaonline.com.br\\\/site\\\/#website\",\"url\":\"https:\\\/\\\/anoticiaonline.com.br\\\/site\\\/\",\"name\":\"A Not\\u00edcia Online\",\"description\":\"Noticias de Muria\\u00e9 e regi\\u00e3o\",\"inLanguage\":\"pt-BR\",\"publisher\":{\"@id\":\"https:\\\/\\\/anoticiaonline.com.br\\\/site\\\/#organization\"}}]}\n\t\t<\/script>\n\t\t<!-- All in One SEO -->\n\n","aioseo_head_json":{"title":"Agenda cultural movimenta Cataguases, Leopoldina, Muria\u00e9 e Itamarati de Minas na primeira semana de setembro - A Not\u00edcia Online","description":"A primeira semana de setembro ser\u00e1 marcada por uma programa\u00e7\u00e3o cultural diversificada em Cataguases, Leopoldina, Muria\u00e9 e Itamarati de Minas, com atividades apoiadas e patrocinadas pela Energisa e pelo Instituto Energisa. A agenda re\u00fane atra\u00e7\u00f5es gratuitas e op\u00e7\u00f5es a pre\u00e7os populares, valorizando diferentes manifesta\u00e7\u00f5es art\u00edsticas e ampliando o acesso da popula\u00e7\u00e3o \u00e0 cultura. Em Cataguases, o","canonical_url":"https:\/\/anoticiaonline.com.br\/site\/agenda-cultural-movimenta-cataguases-leopoldina-muriae-e-itamarati-de-minas-na-primeira-semana-de-setembro\/","robots":"max-image-preview:large","keywords":"","webmasterTools":{"miscellaneous":""},"schema":{"@context":"https:\/\/schema.org","@graph":[{"@type":"BlogPosting","@id":"https:\/\/anoticiaonline.com.br\/site\/agenda-cultural-movimenta-cataguases-leopoldina-muriae-e-itamarati-de-minas-na-primeira-semana-de-setembro\/#blogposting","name":"Agenda cultural movimenta Cataguases, Leopoldina, Muria\u00e9 e Itamarati de Minas na primeira semana de setembro - A Not\u00edcia Online","headline":"Agenda cultural movimenta Cataguases, Leopoldina, Muria\u00e9 e Itamarati de Minas na primeira semana de setembro","author":{"@id":"https:\/\/anoticiaonline.com.br\/site\/author\/leandro\/#author"},"publisher":{"@id":"https:\/\/anoticiaonline.com.br\/site\/#organization"},"image":{"@type":"ImageObject","url":"https:\/\/anoticiaonline.com.br\/site\/wp-content\/uploads\/2026\/09\/image001-1.jpg","width":700,"height":499},"datePublished":"2026-09-02T10:50:58-03:00","dateModified":"2026-09-02T10:30:23-03:00","inLanguage":"pt-BR","mainEntityOfPage":{"@id":"https:\/\/anoticiaonline.com.br\/site\/agenda-cultural-movimenta-cataguases-leopoldina-muriae-e-itamarati-de-minas-na-primeira-semana-de-setembro\/#webpage"},"isPartOf":{"@id":"https:\/\/anoticiaonline.com.br\/site\/agenda-cultural-movimenta-cataguases-leopoldina-muriae-e-itamarati-de-minas-na-primeira-semana-de-setembro\/#webpage"},"articleSection":"Blog, Cotidiano, Eventos, Gerais, Regi\u00e3o, Slide principal"},{"@type":"BreadcrumbList","@id":"https:\/\/anoticiaonline.com.br\/site\/agenda-cultural-movimenta-cataguases-leopoldina-muriae-e-itamarati-de-minas-na-primeira-semana-de-setembro\/#breadcrumblist","itemListElement":[{"@type":"ListItem","@id":"https:\/\/anoticiaonline.com.br\/site#listItem","position":1,"name":"Home","item":"https:\/\/anoticiaonline.com.br\/site","nextItem":{"@type":"ListItem","@id":"https:\/\/anoticiaonline.com.br\/site\/categoria\/muriae\/#listItem","name":"Blog"}},{"@type":"ListItem","@id":"https:\/\/anoticiaonline.com.br\/site\/categoria\/muriae\/#listItem","position":2,"name":"Blog","item":"https:\/\/anoticiaonline.com.br\/site\/categoria\/muriae\/","nextItem":{"@type":"ListItem","@id":"https:\/\/anoticiaonline.com.br\/site\/categoria\/muriae\/cotidiano\/#listItem","name":"Cotidiano"},"previousItem":{"@type":"ListItem","@id":"https:\/\/anoticiaonline.com.br\/site#listItem","name":"Home"}},{"@type":"ListItem","@id":"https:\/\/anoticiaonline.com.br\/site\/categoria\/muriae\/cotidiano\/#listItem","position":3,"name":"Cotidiano","item":"https:\/\/anoticiaonline.com.br\/site\/categoria\/muriae\/cotidiano\/","nextItem":{"@type":"ListItem","@id":"https:\/\/anoticiaonline.com.br\/site\/agenda-cultural-movimenta-cataguases-leopoldina-muriae-e-itamarati-de-minas-na-primeira-semana-de-setembro\/#listItem","name":"Agenda cultural movimenta Cataguases, Leopoldina, Muria\u00e9 e Itamarati de Minas na primeira semana de setembro"},"previousItem":{"@type":"ListItem","@id":"https:\/\/anoticiaonline.com.br\/site\/categoria\/muriae\/#listItem","name":"Blog"}},{"@type":"ListItem","@id":"https:\/\/anoticiaonline.com.br\/site\/agenda-cultural-movimenta-cataguases-leopoldina-muriae-e-itamarati-de-minas-na-primeira-semana-de-setembro\/#listItem","position":4,"name":"Agenda cultural movimenta Cataguases, Leopoldina, Muria\u00e9 e Itamarati de Minas na primeira semana de setembro","previousItem":{"@type":"ListItem","@id":"https:\/\/anoticiaonline.com.br\/site\/categoria\/muriae\/cotidiano\/#listItem","name":"Cotidiano"}}]},{"@type":"Organization","@id":"https:\/\/anoticiaonline.com.br\/site\/#organization","name":"A Not\u00edcia Online","description":"Noticias de Muria\u00e9 e regi\u00e3o","url":"https:\/\/anoticiaonline.com.br\/site\/","logo":{"@type":"ImageObject","url":"https:\/\/scontent-gig4-1.xx.fbcdn.net\/v\/t39.30808-1\/270437624_4564083193639691_6907940295614233970_n.jpg?stp=dst-jpg_s200x200_tt6&_nc_cat=111&ccb=1-7&_nc_sid=f907e8&_nc_ohc=SM1wRlP3lJwQ7kNvwEPuBYA&_nc_oc=AdnqrjDN_BNjSSHWO-GbkIWH6fkGMLw4bqvL_NH6e2wMveX7G-rP2dAqsDSq1mJMOaY&_nc_zt=24&_nc_ht=scontent-gig4-1.xx&_nc_gid=AoBFJeGrT1hVaew_6rchkQ&oh=00_AfX7QmFGhQhG2jAllVgXCiM1ZrWgvtp80-Bfppyexh1QEg&oe=689E923C","@id":"https:\/\/anoticiaonline.com.br\/site\/agenda-cultural-movimenta-cataguases-leopoldina-muriae-e-itamarati-de-minas-na-primeira-semana-de-setembro\/#organizationLogo"},"image":{"@id":"https:\/\/anoticiaonline.com.br\/site\/agenda-cultural-movimenta-cataguases-leopoldina-muriae-e-itamarati-de-minas-na-primeira-semana-de-setembro\/#organizationLogo"}},{"@type":"Person","@id":"https:\/\/anoticiaonline.com.br\/site\/author\/leandro\/#author","url":"https:\/\/anoticiaonline.com.br\/site\/author\/leandro\/","name":"Leandro Bebiano","image":{"@type":"ImageObject","@id":"https:\/\/anoticiaonline.com.br\/site\/agenda-cultural-movimenta-cataguases-leopoldina-muriae-e-itamarati-de-minas-na-primeira-semana-de-setembro\/#authorImage","url":"https:\/\/secure.gravatar.com\/avatar\/99966a20c143db97c8590c2013307c7c234a4cca48ed5657cbb47e22a400bd5f?s=96&d=mm&r=g","width":96,"height":96,"caption":"Leandro Bebiano"}},{"@type":"WebPage","@id":"https:\/\/anoticiaonline.com.br\/site\/agenda-cultural-movimenta-cataguases-leopoldina-muriae-e-itamarati-de-minas-na-primeira-semana-de-setembro\/#webpage","url":"https:\/\/anoticiaonline.com.br\/site\/agenda-cultural-movimenta-cataguases-leopoldina-muriae-e-itamarati-de-minas-na-primeira-semana-de-setembro\/","name":"Agenda cultural movimenta Cataguases, Leopoldina, Muria\u00e9 e Itamarati de Minas na primeira semana de setembro - A Not\u00edcia Online","description":"A primeira semana de setembro ser\u00e1 marcada por uma programa\u00e7\u00e3o cultural diversificada em Cataguases, Leopoldina, Muria\u00e9 e Itamarati de Minas, com atividades apoiadas e patrocinadas pela Energisa e pelo Instituto Energisa. A agenda re\u00fane atra\u00e7\u00f5es gratuitas e op\u00e7\u00f5es a pre\u00e7os populares, valorizando diferentes manifesta\u00e7\u00f5es art\u00edsticas e ampliando o acesso da popula\u00e7\u00e3o \u00e0 cultura. Em Cataguases, o","inLanguage":"pt-BR","isPartOf":{"@id":"https:\/\/anoticiaonline.com.br\/site\/#website"},"breadcrumb":{"@id":"https:\/\/anoticiaonline.com.br\/site\/agenda-cultural-movimenta-cataguases-leopoldina-muriae-e-itamarati-de-minas-na-primeira-semana-de-setembro\/#breadcrumblist"},"author":{"@id":"https:\/\/anoticiaonline.com.br\/site\/author\/leandro\/#author"},"creator":{"@id":"https:\/\/anoticiaonline.com.br\/site\/author\/leandro\/#author"},"image":{"@type":"ImageObject","url":"https:\/\/anoticiaonline.com.br\/site\/wp-content\/uploads\/2026\/09\/image001-1.jpg","@id":"https:\/\/anoticiaonline.com.br\/site\/agenda-cultural-movimenta-cataguases-leopoldina-muriae-e-itamarati-de-minas-na-primeira-semana-de-setembro\/#mainImage","width":700,"height":499},"primaryImageOfPage":{"@id":"https:\/\/anoticiaonline.com.br\/site\/agenda-cultural-movimenta-cataguases-leopoldina-muriae-e-itamarati-de-minas-na-primeira-semana-de-setembro\/#mainImage"},"datePublished":"2026-09-02T10:50:58-03:00","dateModified":"2026-09-02T10:30:23-03:00"},{"@type":"WebSite","@id":"https:\/\/anoticiaonline.com.br\/site\/#website","url":"https:\/\/anoticiaonline.com.br\/site\/","name":"A Not\u00edcia Online","description":"Noticias de Muria\u00e9 e regi\u00e3o","inLanguage":"pt-BR","publisher":{"@id":"https:\/\/anoticiaonline.com.br\/site\/#organization"}}]},"og:locale":"pt_BR","og:site_name":"A Not\u00edcia Online - Noticias de Muria\u00e9 e regi\u00e3o","og:type":"article","og:title":"Agenda cultural movimenta Cataguases, Leopoldina, Muria\u00e9 e Itamarati de Minas na primeira semana de setembro - A Not\u00edcia Online","og:description":"A primeira semana de setembro ser\u00e1 marcada por uma programa\u00e7\u00e3o cultural diversificada em Cataguases, Leopoldina, Muria\u00e9 e Itamarati de Minas, com atividades apoiadas e patrocinadas pela Energisa e pelo Instituto Energisa. A agenda re\u00fane atra\u00e7\u00f5es gratuitas e op\u00e7\u00f5es a pre\u00e7os populares, valorizando diferentes manifesta\u00e7\u00f5es art\u00edsticas e ampliando o acesso da popula\u00e7\u00e3o \u00e0 cultura. Em Cataguases, o","og:url":"https:\/\/anoticiaonline.com.br\/site\/agenda-cultural-movimenta-cataguases-leopoldina-muriae-e-itamarati-de-minas-na-primeira-semana-de-setembro\/","og:image":"https:\/\/scontent-gig4-1.xx.fbcdn.net\/v\/t39.30808-1\/270437624_4564083193639691_6907940295614233970_n.jpg?stp=dst-jpg_s200x200_tt6&#038;_nc_cat=111&#038;ccb=1-7&#038;_nc_sid=f907e8&#038;_nc_ohc=SM1wRlP3lJwQ7kNvwEPuBYA&#038;_nc_oc=AdnqrjDN_BNjSSHWO-GbkIWH6fkGMLw4bqvL_NH6e2wMveX7G-rP2dAqsDSq1mJMOaY&#038;_nc_zt=24&#038;_nc_ht=scontent-gig4-1.xx&#038;_nc_gid=AoBFJeGrT1hVaew_6rchkQ&#038;oh=00_AfX7QmFGhQhG2jAllVgXCiM1ZrWgvtp80-Bfppyexh1QEg&#038;oe=689E923C","og:image:secure_url":"https:\/\/scontent-gig4-1.xx.fbcdn.net\/v\/t39.30808-1\/270437624_4564083193639691_6907940295614233970_n.jpg?stp=dst-jpg_s200x200_tt6&#038;_nc_cat=111&#038;ccb=1-7&#038;_nc_sid=f907e8&#038;_nc_ohc=SM1wRlP3lJwQ7kNvwEPuBYA&#038;_nc_oc=AdnqrjDN_BNjSSHWO-GbkIWH6fkGMLw4bqvL_NH6e2wMveX7G-rP2dAqsDSq1mJMOaY&#038;_nc_zt=24&#038;_nc_ht=scontent-gig4-1.xx&#038;_nc_gid=AoBFJeGrT1hVaew_6rchkQ&#038;oh=00_AfX7QmFGhQhG2jAllVgXCiM1ZrWgvtp80-Bfppyexh1QEg&#038;oe=689E923C","article:published_time":"2026-09-02T13:50:58+00:00","article:modified_time":"2026-09-02T13:30:23+00:00","twitter:card":"summary_large_image","twitter:title":"Agenda cultural movimenta Cataguases, Leopoldina, Muria\u00e9 e Itamarati de Minas na primeira semana de setembro - A Not\u00edcia Online","twitter:description":"A primeira semana de setembro ser\u00e1 marcada por uma programa\u00e7\u00e3o cultural diversificada em Cataguases, Leopoldina, Muria\u00e9 e Itamarati de Minas, com atividades apoiadas e patrocinadas pela Energisa e pelo Instituto Energisa. A agenda re\u00fane atra\u00e7\u00f5es gratuitas e op\u00e7\u00f5es a pre\u00e7os populares, valorizando diferentes manifesta\u00e7\u00f5es art\u00edsticas e ampliando o acesso da popula\u00e7\u00e3o \u00e0 cultura. Em Cataguases, o","twitter:image":"https:\/\/scontent-gig4-1.xx.fbcdn.net\/v\/t39.30808-1\/270437624_4564083193639691_6907940295614233970_n.jpg?stp=dst-jpg_s200x200_tt6&_nc_cat=111&ccb=1-7&_nc_sid=f907e8&_nc_ohc=SM1wRlP3lJwQ7kNvwEPuBYA&_nc_oc=AdnqrjDN_BNjSSHWO-GbkIWH6fkGMLw4bqvL_NH6e2wMveX7G-rP2dAqsDSq1mJMOaY&_nc_zt=24&_nc_ht=scontent-gig4-1.xx&_nc_gid=AoBFJeGrT1hVaew_6rchkQ&oh=00_AfX7QmFGhQhG2jAllVgXCiM1ZrWgvtp80-Bfppyexh1QEg&oe=689E923C"},"aioseo_meta_data":{"post_id":"147526","title":null,"description":null,"keywords":null,"keyphrases":{"focus":{"keyphrase":"","score":0,"analysis":{"keyphraseInTitle":{"score":0,"maxScore":9,"error":1}}},"additional":[]},"primary_term":null,"canonical_url":null,"og_title":null,"og_description":null,"og_object_type":"default","og_image_type":"default","og_image_url":null,"og_image_width":null,"og_image_height":null,"og_image_custom_url":null,"og_image_custom_fields":null,"og_video":"","og_custom_url":null,"og_article_section":null,"og_article_tags":null,"twitter_use_og":false,"twitter_card":"default","twitter_image_type":"default","twitter_image_url":null,"twitter_image_custom_url":null,"twitter_image_custom_fields":null,"twitter_title":null,"twitter_description":null,"schema":{"blockGraphs":[],"customGraphs":[],"default":{"data":{"Article":[],"Course":[],"Dataset":[],"FAQPage":[],"Movie":[],"Person":[],"Product":[],"ProductReview":[],"Car":[],"Recipe":[],"Service":[],"SoftwareApplication":[],"WebPage":[]},"graphName":"BlogPosting","isEnabled":true},"graphs":[]},"schema_type":"default","schema_type_options":null,"pillar_content":false,"robots_default":true,"robots_noindex":false,"robots_noarchive":false,"robots_nosnippet":false,"robots_nofollow":false,"robots_noimageindex":false,"robots_noodp":false,"robots_notranslate":false,"robots_max_snippet":"-1","robots_max_videopreview":"-1","robots_max_imagepreview":"large","priority":null,"frequency":"default","local_seo":null,"breadcrumb_settings":null,"limit_modified_date":false,"ai":{"faqs":[],"keyPoints":[],"schemas":[],"titles":[],"descriptions":[],"socialPosts":{"email":{"subject":"","preview":"","content":""},"linkedin":[],"twitter":[],"facebook":[],"instagram":[]}},"created":"2026-09-02 13:26:21","updated":"2026-09-02 14:00:46","focus_keyword":null,"additional_keywords":null,"truseo_locale":null,"seo_analyzer_scan_date":null},"aioseo_breadcrumb":"<div class=\"aioseo-breadcrumbs\"><span class=\"aioseo-breadcrumb\">\n\t\t\t<a href=\"https:\/\/anoticiaonline.com.br\/site\" title=\"Home\">Home<\/a>\n\t\t<\/span><span class=\"aioseo-breadcrumb-separator\">&raquo;<\/span><span class=\"aioseo-breadcrumb\">\n\t\t\t<a href=\"https:\/\/anoticiaonline.com.br\/site\/categoria\/muriae\/\" title=\"Blog\">Blog<\/a>\n\t\t<\/span><span class=\"aioseo-breadcrumb-separator\">&raquo;<\/span><span class=\"aioseo-breadcrumb\">\n\t\t\t<a href=\"https:\/\/anoticiaonline.com.br\/site\/categoria\/muriae\/cotidiano\/\" title=\"Cotidiano\">Cotidiano<\/a>\n\t\t<\/span><span class=\"aioseo-breadcrumb-separator\">&raquo;<\/span><span class=\"aioseo-breadcrumb\">\n\t\t\tAgenda cultural movimenta Cataguases, Leopoldina, Muria\u00e9 e Itamarati de Minas na primeira semana de setembro\n\t\t<\/span><\/div>","aioseo_breadcrumb_json":[{"label":"Home","link":"https:\/\/anoticiaonline.com.br\/site"},{"label":"Blog","link":"https:\/\/anoticiaonline.com.br\/site\/categoria\/muriae\/"},{"label":"Cotidiano","link":"https:\/\/anoticiaonline.com.br\/site\/categoria\/muriae\/cotidiano\/"},{"label":"Agenda cultural movimenta Cataguases, Leopoldina, Muria\u00e9 e Itamarati de Minas na primeira semana de setembro","link":"https:\/\/anoticiaonline.com.br\/site\/agenda-cultural-movimenta-cataguases-leopoldina-muriae-e-itamarati-de-minas-na-primeira-semana-de-setembro\/"}],"views":21,"_links":{"self":[{"href":"https:\/\/anoticiaonline.com.br\/site\/wp-json\/wp\/v2\/posts\/147526","targetHints":{"allow":["GET"]}}],"collection":[{"href":"https:\/\/anoticiaonline.com.br\/site\/wp-json\/wp\/v2\/posts"}],"about":[{"href":"https:\/\/anoticiaonline.com.br\/site\/wp-json\/wp\/v2\/types\/post"}],"author":[{"embeddable":true,"href":"https:\/\/anoticiaonline.com.br\/site\/wp-json\/wp\/v2\/users\/7"}],"replies":[{"embeddable":true,"href":"https:\/\/anoticiaonline.com.br\/site\/wp-json\/wp\/v2\/comments?post=147526"}],"version-history":[{"count":0,"href":"https:\/\/anoticiaonline.com.br\/site\/wp-json\/wp\/v2\/posts\/147526\/revisions"}],"wp:featuredmedia":[{"embeddable":true,"href":"https:\/\/anoticiaonline.com.br\/site\/wp-json\/wp\/v2\/media\/147527"}],"wp:attachment":[{"href":"https:\/\/anoticiaonline.com.br\/site\/wp-json\/wp\/v2\/media?parent=147526"}],"wp:term":[{"taxonomy":"category","embeddable":true,"href":"https:\/\/anoticiaonline.com.br\/site\/wp-json\/wp\/v2\/categories?post=147526"},{"taxonomy":"post_tag","embeddable":true,"href":"https:\/\/anoticiaonline.com.br\/site\/wp-json\/wp\/v2\/tags?post=147526"}],"curies":[{"name":"wp","href":"https:\/\/api.w.org\/{rel}","templated":true}]}}