{"id":147510,"date":"2026-08-31T10:07:17","date_gmt":"2026-08-31T13:07:17","guid":{"rendered":"https:\/\/anoticiaonline.com.br\/site\/?p=147510"},"modified":"2026-08-31T10:07:17","modified_gmt":"2026-08-31T13:07:17","slug":"coluna-esplanada-31-8-26","status":"publish","type":"post","link":"https:\/\/anoticiaonline.com.br\/site\/coluna-esplanada-31-8-26\/","title":{"rendered":"Coluna Esplanada 31\/8\/26"},"content":{"rendered":"<p><strong>O bom velhinho?<\/strong><\/p>\n<p>O escritor e psicanalista Augusto Cury tornou-se o bom velhinho da vez. Pesquisas qualitativas \u2013 aquelas em que se re\u00fanem grupos de eleitores para an\u00e1lises imediatas \u2013 de dois grandes partidos apontam que eleitores da 3\u00aa idade e mulheres de diferentes faixas et\u00e1rias simpatizaram com o candidato do Avante \u00e0 Presid\u00eancia, ap\u00f3s suas apari\u00e7\u00f5es no debate da Band TV e na TV. O \u2018bom velhinho\u2019 \u00e9 um padr\u00e3o usado por alguns marqueteiros desde a candidatura de Ulysses Guimar\u00e3es (PMDB) ao Pal\u00e1cio em 1989, quando lan\u00e7ou o jingle \u201cBote f\u00e9, no velhinho, que ele sabe o que faz&#8230;\u201d. Cury n\u00e3o tem chances, mas pode surgir conquistando parte do voto feminino at\u00e9 dia 4 de outubro.<\/p>\n<p><strong>Os de sempre<\/strong><\/p>\n<p>Quanto mais se adentra na planta\u00e7\u00e3o dessa <em>cannabis<\/em> para uso medicinal, foco do lobby da amiga de Lula, Roberta Luchsinger, mais se descobre gente nessa moita. Al\u00e9m dos j\u00e1 citados Lulinha, filho do homem, e Marcola (ex-chefe de gabinete da Presid\u00eancia), agora aparece o Berger, ex-n\u00ba 2 do Minist\u00e9rio da Sa\u00fade e assessor direto no Pal\u00e1cio, abaixo do demitido Marcola. Berger \u00e9 ligado ao ex-governador Agnelo Queiroz.<\/p>\n<p><strong>Derrapou, candidato?<\/strong><\/p>\n<p>O jatinho Phenom 100 prefixo PS-VEE, que saiu da pista no Aeroporto Santos Dumont na quinta (30), causou 53 voos cancelados, prejudicou seis mil passageiros ali e em outros aeroportos \u2013 principalmente no Congonhas (SP). O jato est\u00e1 em nome da VEE One Manuten\u00e7\u00e3o e Servi\u00e7os, de Nova Igua\u00e7u, cujo propriet\u00e1rio \u00e9 Jorge Leite \u2013 foi candidato a deputado estadual sem sucesso em 2018, e ligado ao PHS do Rio .<\/p>\n<p><strong>Aloprado ao volante<\/strong><\/p>\n<p>N\u00e3o para de crescer a cole\u00e7\u00e3o de pol\u00eamicas de Vladimir Timerman, da Esh Capital, apelidado de \u201cO Farialimer Aloprado\u201d. Na cole\u00e7\u00e3o de processos j\u00e1 apareceu um sobre misoginia ap\u00f3s briga de tr\u00e2nsito na capital paulista. Ap\u00f3s provoca\u00e7\u00f5es, segundo testemunhas, ele perseguiu o carro de uma modelo (<em>v\u00eddeo nas redes da Coluna<\/em>) e, furioso, tentou atacar ve\u00edculo da mo\u00e7a. Sua mulher o conteve.<\/p>\n<p><strong>X\u00f4, turista?<\/strong><\/p>\n<p>Os senadores Fl\u00e1vio Bolsonaro e Carlos Portinho, e o deputado federal Carlos Jordy se uniram no Rio de Janeiro ao deputado estadual Marcelo Dino no movimento \u201cN\u00e3o \u00e0 taxa do turismo\u201d. Eles trabalham contra o imposto da Prefeitura de Angra dos Reis, que cobra de turistas de R$ 24,80 para quem chega em Angra e faz bate\/volta \u00e0s ilhas, at\u00e9 R$ 44,64 se chegar por outra cidade, mais taxa de 12%.<\/p>\n<p><strong>P\u00e9 (judicial) na porta<\/strong><\/p>\n<p>Um estudo in\u00e9dito da consultoria LCA e encomendado pelo QuintoAndar revela que a arbitragem na loca\u00e7\u00e3o de im\u00f3veis \u00e9 sete vezes mais r\u00e1pida que a Justi\u00e7a tradicional: as senten\u00e7as saem em m\u00e9dia em 70 dias, contra 472 do Judici\u00e1rio. \u201cSe, em um ano, todas as a\u00e7\u00f5es de despejo do Pa\u00eds migrassem para a arbitragem, a economia aos propriet\u00e1rios chegaria a R$ 3,2 bilh\u00f5es (considerando alugu\u00e9is n\u00e3o recebidos, custas e honor\u00e1rios)\u201d.<\/p>\n<p><strong>ESPLANADEIRA<\/strong><\/p>\n<p>#<strong>Mazure Saneamento S.A.<\/strong> , 36 anos, inaugura nova sede em Salvador e comanda opera\u00e7\u00f5es em 14 Estados; ex-Senador Roberto Muniz entra no Conselho Consultivo. #<strong>Unig <\/strong>e<strong> Uniabeu<\/strong> promovem dias 1\u00ba, 3 e 9\/9 Giro das Profiss\u00f5es para 2.900 estudantes no campi RJ. #<strong>Ticket<\/strong> lan\u00e7a ponto eletr\u00f4nico integrado ao <em>app<\/em> da marca. #<strong>Shopping Metropolitano Barra<\/strong> lan\u00e7a programa de benef\u00edcios Connect MET. #<strong>Maple Bear<\/strong> Macei\u00f3 investe R$ 32 mi em 2\u00aa unidade. #<strong>Ways Bilingual School<\/strong> promove palestras sobre educa\u00e7\u00e3o com Renata Ceribelli e Leandro Karnal.<\/p>\n","protected":false},"excerpt":{"rendered":"<p>O bom velhinho? O escritor e psicanalista Augusto Cury tornou-se o bom velhinho da vez. Pesquisas qualitativas \u2013 aquelas em que se re\u00fanem grupos de eleitores para an\u00e1lises imediatas \u2013 de dois grandes partidos apontam que eleitores da 3\u00aa idade e mulheres de diferentes faixas et\u00e1rias simpatizaram com o candidato do Avante \u00e0 Presid\u00eancia, ap\u00f3s &#8230; <a title=\"Coluna Esplanada 31\/8\/26\" class=\"read-more\" href=\"https:\/\/anoticiaonline.com.br\/site\/coluna-esplanada-31-8-26\/\" aria-label=\"Read more about Coluna Esplanada 31\/8\/26\">Ler mais<\/a><\/p>\n","protected":false},"author":7,"featured_media":0,"comment_status":"open","ping_status":"closed","sticky":false,"template":"","format":"standard","meta":{"_acf_changed":false,"_monsterinsights_skip_tracking":false,"footnotes":""},"categories":[7690],"tags":[],"class_list":["post-147510","post","type-post","status-publish","format-standard","hentry","category-opiniao"],"acf":[],"aioseo_notices":[],"aioseo_head":"\n\t\t<!-- All in One SEO 5.0.0.1 - aioseo.com -->\n\t<meta name=\"description\" content=\"O bom velhinho? O escritor e psicanalista Augusto Cury tornou-se o bom velhinho da vez. Pesquisas qualitativas \u2013 aquelas em que se re\u00fanem grupos de eleitores para an\u00e1lises imediatas \u2013 de dois grandes partidos apontam que eleitores da 3\u00aa idade e mulheres de diferentes faixas et\u00e1rias simpatizaram com o candidato do Avante \u00e0 Presid\u00eancia, ap\u00f3s\" \/>\n\t<meta name=\"robots\" content=\"max-image-preview:large\" \/>\n\t<meta name=\"author\" content=\"Leandro Bebiano\"\/>\n\t<link rel=\"canonical\" href=\"https:\/\/anoticiaonline.com.br\/site\/coluna-esplanada-31-8-26\/\" \/>\n\t<meta name=\"generator\" content=\"All in One SEO (AIOSEO) 5.0.0.1\" \/>\n\t\t<meta property=\"og:locale\" content=\"pt_BR\" \/>\n\t\t<meta property=\"og:site_name\" content=\"A Not\u00edcia Online - Noticias de Muria\u00e9 e regi\u00e3o\" \/>\n\t\t<meta property=\"og:type\" content=\"article\" \/>\n\t\t<meta property=\"og:title\" content=\"Coluna Esplanada 31\/8\/26 - A Not\u00edcia Online\" \/>\n\t\t<meta property=\"og:description\" content=\"O bom velhinho? O escritor e psicanalista Augusto Cury tornou-se o bom velhinho da vez. Pesquisas qualitativas \u2013 aquelas em que se re\u00fanem grupos de eleitores para an\u00e1lises imediatas \u2013 de dois grandes partidos apontam que eleitores da 3\u00aa idade e mulheres de diferentes faixas et\u00e1rias simpatizaram com o candidato do Avante \u00e0 Presid\u00eancia, ap\u00f3s\" \/>\n\t\t<meta property=\"og:url\" content=\"https:\/\/anoticiaonline.com.br\/site\/coluna-esplanada-31-8-26\/\" \/>\n\t\t<meta property=\"og:image\" content=\"https:\/\/scontent-gig4-1.xx.fbcdn.net\/v\/t39.30808-1\/270437624_4564083193639691_6907940295614233970_n.jpg?stp=dst-jpg_s200x200_tt6&#038;_nc_cat=111&#038;ccb=1-7&#038;_nc_sid=f907e8&#038;_nc_ohc=SM1wRlP3lJwQ7kNvwEPuBYA&#038;_nc_oc=AdnqrjDN_BNjSSHWO-GbkIWH6fkGMLw4bqvL_NH6e2wMveX7G-rP2dAqsDSq1mJMOaY&#038;_nc_zt=24&#038;_nc_ht=scontent-gig4-1.xx&#038;_nc_gid=AoBFJeGrT1hVaew_6rchkQ&#038;oh=00_AfX7QmFGhQhG2jAllVgXCiM1ZrWgvtp80-Bfppyexh1QEg&#038;oe=689E923C\" \/>\n\t\t<meta property=\"og:image:secure_url\" content=\"https:\/\/scontent-gig4-1.xx.fbcdn.net\/v\/t39.30808-1\/270437624_4564083193639691_6907940295614233970_n.jpg?stp=dst-jpg_s200x200_tt6&#038;_nc_cat=111&#038;ccb=1-7&#038;_nc_sid=f907e8&#038;_nc_ohc=SM1wRlP3lJwQ7kNvwEPuBYA&#038;_nc_oc=AdnqrjDN_BNjSSHWO-GbkIWH6fkGMLw4bqvL_NH6e2wMveX7G-rP2dAqsDSq1mJMOaY&#038;_nc_zt=24&#038;_nc_ht=scontent-gig4-1.xx&#038;_nc_gid=AoBFJeGrT1hVaew_6rchkQ&#038;oh=00_AfX7QmFGhQhG2jAllVgXCiM1ZrWgvtp80-Bfppyexh1QEg&#038;oe=689E923C\" \/>\n\t\t<meta property=\"article:published_time\" content=\"2026-08-31T13:07:17+00:00\" \/>\n\t\t<meta property=\"article:modified_time\" content=\"2026-08-31T13:07:17+00:00\" \/>\n\t\t<meta name=\"twitter:card\" content=\"summary_large_image\" \/>\n\t\t<meta name=\"twitter:title\" content=\"Coluna Esplanada 31\/8\/26 - A Not\u00edcia Online\" \/>\n\t\t<meta name=\"twitter:description\" content=\"O bom velhinho? O escritor e psicanalista Augusto Cury tornou-se o bom velhinho da vez. Pesquisas qualitativas \u2013 aquelas em que se re\u00fanem grupos de eleitores para an\u00e1lises imediatas \u2013 de dois grandes partidos apontam que eleitores da 3\u00aa idade e mulheres de diferentes faixas et\u00e1rias simpatizaram com o candidato do Avante \u00e0 Presid\u00eancia, ap\u00f3s\" \/>\n\t\t<meta name=\"twitter:image\" content=\"https:\/\/scontent-gig4-1.xx.fbcdn.net\/v\/t39.30808-1\/270437624_4564083193639691_6907940295614233970_n.jpg?stp=dst-jpg_s200x200_tt6&amp;_nc_cat=111&amp;ccb=1-7&amp;_nc_sid=f907e8&amp;_nc_ohc=SM1wRlP3lJwQ7kNvwEPuBYA&amp;_nc_oc=AdnqrjDN_BNjSSHWO-GbkIWH6fkGMLw4bqvL_NH6e2wMveX7G-rP2dAqsDSq1mJMOaY&amp;_nc_zt=24&amp;_nc_ht=scontent-gig4-1.xx&amp;_nc_gid=AoBFJeGrT1hVaew_6rchkQ&amp;oh=00_AfX7QmFGhQhG2jAllVgXCiM1ZrWgvtp80-Bfppyexh1QEg&amp;oe=689E923C\" \/>\n\t\t<script type=\"application\/ld+json\" class=\"aioseo-schema\">\n\t\t\t{\"@context\":\"https:\\\/\\\/schema.org\",\"@graph\":[{\"@type\":\"BlogPosting\",\"@id\":\"https:\\\/\\\/anoticiaonline.com.br\\\/site\\\/coluna-esplanada-31-8-26\\\/#blogposting\",\"name\":\"Coluna Esplanada 31\\\/8\\\/26 - A Not\\u00edcia Online\",\"headline\":\"Coluna Esplanada 31\\\/8\\\/26\",\"author\":{\"@id\":\"https:\\\/\\\/anoticiaonline.com.br\\\/site\\\/author\\\/leandro\\\/#author\"},\"publisher\":{\"@id\":\"https:\\\/\\\/anoticiaonline.com.br\\\/site\\\/#organization\"},\"image\":{\"@type\":\"ImageObject\",\"url\":\"https:\\\/\\\/scontent-gig4-1.xx.fbcdn.net\\\/v\\\/t39.30808-1\\\/270437624_4564083193639691_6907940295614233970_n.jpg?stp=dst-jpg_s200x200_tt6&_nc_cat=111&ccb=1-7&_nc_sid=f907e8&_nc_ohc=SM1wRlP3lJwQ7kNvwEPuBYA&_nc_oc=AdnqrjDN_BNjSSHWO-GbkIWH6fkGMLw4bqvL_NH6e2wMveX7G-rP2dAqsDSq1mJMOaY&_nc_zt=24&_nc_ht=scontent-gig4-1.xx&_nc_gid=AoBFJeGrT1hVaew_6rchkQ&oh=00_AfX7QmFGhQhG2jAllVgXCiM1ZrWgvtp80-Bfppyexh1QEg&oe=689E923C\",\"@id\":\"https:\\\/\\\/anoticiaonline.com.br\\\/site\\\/#articleImage\"},\"datePublished\":\"2026-08-31T10:07:17-03:00\",\"dateModified\":\"2026-08-31T10:07:17-03:00\",\"inLanguage\":\"pt-BR\",\"mainEntityOfPage\":{\"@id\":\"https:\\\/\\\/anoticiaonline.com.br\\\/site\\\/coluna-esplanada-31-8-26\\\/#webpage\"},\"isPartOf\":{\"@id\":\"https:\\\/\\\/anoticiaonline.com.br\\\/site\\\/coluna-esplanada-31-8-26\\\/#webpage\"},\"articleSection\":\"Opini\\u00e3o\"},{\"@type\":\"BreadcrumbList\",\"@id\":\"https:\\\/\\\/anoticiaonline.com.br\\\/site\\\/coluna-esplanada-31-8-26\\\/#breadcrumblist\",\"itemListElement\":[{\"@type\":\"ListItem\",\"@id\":\"https:\\\/\\\/anoticiaonline.com.br\\\/site#listItem\",\"position\":1,\"name\":\"Home\",\"item\":\"https:\\\/\\\/anoticiaonline.com.br\\\/site\",\"nextItem\":{\"@type\":\"ListItem\",\"@id\":\"https:\\\/\\\/anoticiaonline.com.br\\\/site\\\/categoria\\\/colunistas\\\/#listItem\",\"name\":\"Colunistas\"}},{\"@type\":\"ListItem\",\"@id\":\"https:\\\/\\\/anoticiaonline.com.br\\\/site\\\/categoria\\\/colunistas\\\/#listItem\",\"position\":2,\"name\":\"Colunistas\",\"item\":\"https:\\\/\\\/anoticiaonline.com.br\\\/site\\\/categoria\\\/colunistas\\\/\",\"nextItem\":{\"@type\":\"ListItem\",\"@id\":\"https:\\\/\\\/anoticiaonline.com.br\\\/site\\\/categoria\\\/colunistas\\\/opiniao\\\/#listItem\",\"name\":\"Opini\\u00e3o\"},\"previousItem\":{\"@type\":\"ListItem\",\"@id\":\"https:\\\/\\\/anoticiaonline.com.br\\\/site#listItem\",\"name\":\"Home\"}},{\"@type\":\"ListItem\",\"@id\":\"https:\\\/\\\/anoticiaonline.com.br\\\/site\\\/categoria\\\/colunistas\\\/opiniao\\\/#listItem\",\"position\":3,\"name\":\"Opini\\u00e3o\",\"item\":\"https:\\\/\\\/anoticiaonline.com.br\\\/site\\\/categoria\\\/colunistas\\\/opiniao\\\/\",\"nextItem\":{\"@type\":\"ListItem\",\"@id\":\"https:\\\/\\\/anoticiaonline.com.br\\\/site\\\/coluna-esplanada-31-8-26\\\/#listItem\",\"name\":\"Coluna Esplanada 31\\\/8\\\/26\"},\"previousItem\":{\"@type\":\"ListItem\",\"@id\":\"https:\\\/\\\/anoticiaonline.com.br\\\/site\\\/categoria\\\/colunistas\\\/#listItem\",\"name\":\"Colunistas\"}},{\"@type\":\"ListItem\",\"@id\":\"https:\\\/\\\/anoticiaonline.com.br\\\/site\\\/coluna-esplanada-31-8-26\\\/#listItem\",\"position\":4,\"name\":\"Coluna Esplanada 31\\\/8\\\/26\",\"previousItem\":{\"@type\":\"ListItem\",\"@id\":\"https:\\\/\\\/anoticiaonline.com.br\\\/site\\\/categoria\\\/colunistas\\\/opiniao\\\/#listItem\",\"name\":\"Opini\\u00e3o\"}}]},{\"@type\":\"Organization\",\"@id\":\"https:\\\/\\\/anoticiaonline.com.br\\\/site\\\/#organization\",\"name\":\"A Not\\u00edcia Online\",\"description\":\"Noticias de Muria\\u00e9 e regi\\u00e3o\",\"url\":\"https:\\\/\\\/anoticiaonline.com.br\\\/site\\\/\",\"logo\":{\"@type\":\"ImageObject\",\"url\":\"https:\\\/\\\/scontent-gig4-1.xx.fbcdn.net\\\/v\\\/t39.30808-1\\\/270437624_4564083193639691_6907940295614233970_n.jpg?stp=dst-jpg_s200x200_tt6&_nc_cat=111&ccb=1-7&_nc_sid=f907e8&_nc_ohc=SM1wRlP3lJwQ7kNvwEPuBYA&_nc_oc=AdnqrjDN_BNjSSHWO-GbkIWH6fkGMLw4bqvL_NH6e2wMveX7G-rP2dAqsDSq1mJMOaY&_nc_zt=24&_nc_ht=scontent-gig4-1.xx&_nc_gid=AoBFJeGrT1hVaew_6rchkQ&oh=00_AfX7QmFGhQhG2jAllVgXCiM1ZrWgvtp80-Bfppyexh1QEg&oe=689E923C\",\"@id\":\"https:\\\/\\\/anoticiaonline.com.br\\\/site\\\/coluna-esplanada-31-8-26\\\/#organizationLogo\"},\"image\":{\"@id\":\"https:\\\/\\\/anoticiaonline.com.br\\\/site\\\/coluna-esplanada-31-8-26\\\/#organizationLogo\"}},{\"@type\":\"Person\",\"@id\":\"https:\\\/\\\/anoticiaonline.com.br\\\/site\\\/author\\\/leandro\\\/#author\",\"url\":\"https:\\\/\\\/anoticiaonline.com.br\\\/site\\\/author\\\/leandro\\\/\",\"name\":\"Leandro Bebiano\",\"image\":{\"@type\":\"ImageObject\",\"@id\":\"https:\\\/\\\/anoticiaonline.com.br\\\/site\\\/coluna-esplanada-31-8-26\\\/#authorImage\",\"url\":\"https:\\\/\\\/secure.gravatar.com\\\/avatar\\\/99966a20c143db97c8590c2013307c7c234a4cca48ed5657cbb47e22a400bd5f?s=96&d=mm&r=g\",\"width\":96,\"height\":96,\"caption\":\"Leandro Bebiano\"}},{\"@type\":\"WebPage\",\"@id\":\"https:\\\/\\\/anoticiaonline.com.br\\\/site\\\/coluna-esplanada-31-8-26\\\/#webpage\",\"url\":\"https:\\\/\\\/anoticiaonline.com.br\\\/site\\\/coluna-esplanada-31-8-26\\\/\",\"name\":\"Coluna Esplanada 31\\\/8\\\/26 - A Not\\u00edcia Online\",\"description\":\"O bom velhinho? O escritor e psicanalista Augusto Cury tornou-se o bom velhinho da vez. Pesquisas qualitativas \\u2013 aquelas em que se re\\u00fanem grupos de eleitores para an\\u00e1lises imediatas \\u2013 de dois grandes partidos apontam que eleitores da 3\\u00aa idade e mulheres de diferentes faixas et\\u00e1rias simpatizaram com o candidato do Avante \\u00e0 Presid\\u00eancia, ap\\u00f3s\",\"inLanguage\":\"pt-BR\",\"isPartOf\":{\"@id\":\"https:\\\/\\\/anoticiaonline.com.br\\\/site\\\/#website\"},\"breadcrumb\":{\"@id\":\"https:\\\/\\\/anoticiaonline.com.br\\\/site\\\/coluna-esplanada-31-8-26\\\/#breadcrumblist\"},\"author\":{\"@id\":\"https:\\\/\\\/anoticiaonline.com.br\\\/site\\\/author\\\/leandro\\\/#author\"},\"creator\":{\"@id\":\"https:\\\/\\\/anoticiaonline.com.br\\\/site\\\/author\\\/leandro\\\/#author\"},\"datePublished\":\"2026-08-31T10:07:17-03:00\",\"dateModified\":\"2026-08-31T10:07:17-03:00\"},{\"@type\":\"WebSite\",\"@id\":\"https:\\\/\\\/anoticiaonline.com.br\\\/site\\\/#website\",\"url\":\"https:\\\/\\\/anoticiaonline.com.br\\\/site\\\/\",\"name\":\"A Not\\u00edcia Online\",\"description\":\"Noticias de Muria\\u00e9 e regi\\u00e3o\",\"inLanguage\":\"pt-BR\",\"publisher\":{\"@id\":\"https:\\\/\\\/anoticiaonline.com.br\\\/site\\\/#organization\"}}]}\n\t\t<\/script>\n\t\t<!-- All in One SEO -->\n\n","aioseo_head_json":{"title":"Coluna Esplanada 31\/8\/26 - A Not\u00edcia Online","description":"O bom velhinho? O escritor e psicanalista Augusto Cury tornou-se o bom velhinho da vez. Pesquisas qualitativas \u2013 aquelas em que se re\u00fanem grupos de eleitores para an\u00e1lises imediatas \u2013 de dois grandes partidos apontam que eleitores da 3\u00aa idade e mulheres de diferentes faixas et\u00e1rias simpatizaram com o candidato do Avante \u00e0 Presid\u00eancia, ap\u00f3s","canonical_url":"https:\/\/anoticiaonline.com.br\/site\/coluna-esplanada-31-8-26\/","robots":"max-image-preview:large","keywords":"","webmasterTools":{"miscellaneous":""},"schema":{"@context":"https:\/\/schema.org","@graph":[{"@type":"BlogPosting","@id":"https:\/\/anoticiaonline.com.br\/site\/coluna-esplanada-31-8-26\/#blogposting","name":"Coluna Esplanada 31\/8\/26 - A Not\u00edcia Online","headline":"Coluna Esplanada 31\/8\/26","author":{"@id":"https:\/\/anoticiaonline.com.br\/site\/author\/leandro\/#author"},"publisher":{"@id":"https:\/\/anoticiaonline.com.br\/site\/#organization"},"image":{"@type":"ImageObject","url":"https:\/\/scontent-gig4-1.xx.fbcdn.net\/v\/t39.30808-1\/270437624_4564083193639691_6907940295614233970_n.jpg?stp=dst-jpg_s200x200_tt6&_nc_cat=111&ccb=1-7&_nc_sid=f907e8&_nc_ohc=SM1wRlP3lJwQ7kNvwEPuBYA&_nc_oc=AdnqrjDN_BNjSSHWO-GbkIWH6fkGMLw4bqvL_NH6e2wMveX7G-rP2dAqsDSq1mJMOaY&_nc_zt=24&_nc_ht=scontent-gig4-1.xx&_nc_gid=AoBFJeGrT1hVaew_6rchkQ&oh=00_AfX7QmFGhQhG2jAllVgXCiM1ZrWgvtp80-Bfppyexh1QEg&oe=689E923C","@id":"https:\/\/anoticiaonline.com.br\/site\/#articleImage"},"datePublished":"2026-08-31T10:07:17-03:00","dateModified":"2026-08-31T10:07:17-03:00","inLanguage":"pt-BR","mainEntityOfPage":{"@id":"https:\/\/anoticiaonline.com.br\/site\/coluna-esplanada-31-8-26\/#webpage"},"isPartOf":{"@id":"https:\/\/anoticiaonline.com.br\/site\/coluna-esplanada-31-8-26\/#webpage"},"articleSection":"Opini\u00e3o"},{"@type":"BreadcrumbList","@id":"https:\/\/anoticiaonline.com.br\/site\/coluna-esplanada-31-8-26\/#breadcrumblist","itemListElement":[{"@type":"ListItem","@id":"https:\/\/anoticiaonline.com.br\/site#listItem","position":1,"name":"Home","item":"https:\/\/anoticiaonline.com.br\/site","nextItem":{"@type":"ListItem","@id":"https:\/\/anoticiaonline.com.br\/site\/categoria\/colunistas\/#listItem","name":"Colunistas"}},{"@type":"ListItem","@id":"https:\/\/anoticiaonline.com.br\/site\/categoria\/colunistas\/#listItem","position":2,"name":"Colunistas","item":"https:\/\/anoticiaonline.com.br\/site\/categoria\/colunistas\/","nextItem":{"@type":"ListItem","@id":"https:\/\/anoticiaonline.com.br\/site\/categoria\/colunistas\/opiniao\/#listItem","name":"Opini\u00e3o"},"previousItem":{"@type":"ListItem","@id":"https:\/\/anoticiaonline.com.br\/site#listItem","name":"Home"}},{"@type":"ListItem","@id":"https:\/\/anoticiaonline.com.br\/site\/categoria\/colunistas\/opiniao\/#listItem","position":3,"name":"Opini\u00e3o","item":"https:\/\/anoticiaonline.com.br\/site\/categoria\/colunistas\/opiniao\/","nextItem":{"@type":"ListItem","@id":"https:\/\/anoticiaonline.com.br\/site\/coluna-esplanada-31-8-26\/#listItem","name":"Coluna Esplanada 31\/8\/26"},"previousItem":{"@type":"ListItem","@id":"https:\/\/anoticiaonline.com.br\/site\/categoria\/colunistas\/#listItem","name":"Colunistas"}},{"@type":"ListItem","@id":"https:\/\/anoticiaonline.com.br\/site\/coluna-esplanada-31-8-26\/#listItem","position":4,"name":"Coluna Esplanada 31\/8\/26","previousItem":{"@type":"ListItem","@id":"https:\/\/anoticiaonline.com.br\/site\/categoria\/colunistas\/opiniao\/#listItem","name":"Opini\u00e3o"}}]},{"@type":"Organization","@id":"https:\/\/anoticiaonline.com.br\/site\/#organization","name":"A Not\u00edcia Online","description":"Noticias de Muria\u00e9 e regi\u00e3o","url":"https:\/\/anoticiaonline.com.br\/site\/","logo":{"@type":"ImageObject","url":"https:\/\/scontent-gig4-1.xx.fbcdn.net\/v\/t39.30808-1\/270437624_4564083193639691_6907940295614233970_n.jpg?stp=dst-jpg_s200x200_tt6&_nc_cat=111&ccb=1-7&_nc_sid=f907e8&_nc_ohc=SM1wRlP3lJwQ7kNvwEPuBYA&_nc_oc=AdnqrjDN_BNjSSHWO-GbkIWH6fkGMLw4bqvL_NH6e2wMveX7G-rP2dAqsDSq1mJMOaY&_nc_zt=24&_nc_ht=scontent-gig4-1.xx&_nc_gid=AoBFJeGrT1hVaew_6rchkQ&oh=00_AfX7QmFGhQhG2jAllVgXCiM1ZrWgvtp80-Bfppyexh1QEg&oe=689E923C","@id":"https:\/\/anoticiaonline.com.br\/site\/coluna-esplanada-31-8-26\/#organizationLogo"},"image":{"@id":"https:\/\/anoticiaonline.com.br\/site\/coluna-esplanada-31-8-26\/#organizationLogo"}},{"@type":"Person","@id":"https:\/\/anoticiaonline.com.br\/site\/author\/leandro\/#author","url":"https:\/\/anoticiaonline.com.br\/site\/author\/leandro\/","name":"Leandro Bebiano","image":{"@type":"ImageObject","@id":"https:\/\/anoticiaonline.com.br\/site\/coluna-esplanada-31-8-26\/#authorImage","url":"https:\/\/secure.gravatar.com\/avatar\/99966a20c143db97c8590c2013307c7c234a4cca48ed5657cbb47e22a400bd5f?s=96&d=mm&r=g","width":96,"height":96,"caption":"Leandro Bebiano"}},{"@type":"WebPage","@id":"https:\/\/anoticiaonline.com.br\/site\/coluna-esplanada-31-8-26\/#webpage","url":"https:\/\/anoticiaonline.com.br\/site\/coluna-esplanada-31-8-26\/","name":"Coluna Esplanada 31\/8\/26 - A Not\u00edcia Online","description":"O bom velhinho? O escritor e psicanalista Augusto Cury tornou-se o bom velhinho da vez. Pesquisas qualitativas \u2013 aquelas em que se re\u00fanem grupos de eleitores para an\u00e1lises imediatas \u2013 de dois grandes partidos apontam que eleitores da 3\u00aa idade e mulheres de diferentes faixas et\u00e1rias simpatizaram com o candidato do Avante \u00e0 Presid\u00eancia, ap\u00f3s","inLanguage":"pt-BR","isPartOf":{"@id":"https:\/\/anoticiaonline.com.br\/site\/#website"},"breadcrumb":{"@id":"https:\/\/anoticiaonline.com.br\/site\/coluna-esplanada-31-8-26\/#breadcrumblist"},"author":{"@id":"https:\/\/anoticiaonline.com.br\/site\/author\/leandro\/#author"},"creator":{"@id":"https:\/\/anoticiaonline.com.br\/site\/author\/leandro\/#author"},"datePublished":"2026-08-31T10:07:17-03:00","dateModified":"2026-08-31T10:07:17-03:00"},{"@type":"WebSite","@id":"https:\/\/anoticiaonline.com.br\/site\/#website","url":"https:\/\/anoticiaonline.com.br\/site\/","name":"A Not\u00edcia Online","description":"Noticias de Muria\u00e9 e regi\u00e3o","inLanguage":"pt-BR","publisher":{"@id":"https:\/\/anoticiaonline.com.br\/site\/#organization"}}]},"og:locale":"pt_BR","og:site_name":"A Not\u00edcia Online - Noticias de Muria\u00e9 e regi\u00e3o","og:type":"article","og:title":"Coluna Esplanada 31\/8\/26 - A Not\u00edcia Online","og:description":"O bom velhinho? O escritor e psicanalista Augusto Cury tornou-se o bom velhinho da vez. Pesquisas qualitativas \u2013 aquelas em que se re\u00fanem grupos de eleitores para an\u00e1lises imediatas \u2013 de dois grandes partidos apontam que eleitores da 3\u00aa idade e mulheres de diferentes faixas et\u00e1rias simpatizaram com o candidato do Avante \u00e0 Presid\u00eancia, ap\u00f3s","og:url":"https:\/\/anoticiaonline.com.br\/site\/coluna-esplanada-31-8-26\/","og:image":"https:\/\/scontent-gig4-1.xx.fbcdn.net\/v\/t39.30808-1\/270437624_4564083193639691_6907940295614233970_n.jpg?stp=dst-jpg_s200x200_tt6&#038;_nc_cat=111&#038;ccb=1-7&#038;_nc_sid=f907e8&#038;_nc_ohc=SM1wRlP3lJwQ7kNvwEPuBYA&#038;_nc_oc=AdnqrjDN_BNjSSHWO-GbkIWH6fkGMLw4bqvL_NH6e2wMveX7G-rP2dAqsDSq1mJMOaY&#038;_nc_zt=24&#038;_nc_ht=scontent-gig4-1.xx&#038;_nc_gid=AoBFJeGrT1hVaew_6rchkQ&#038;oh=00_AfX7QmFGhQhG2jAllVgXCiM1ZrWgvtp80-Bfppyexh1QEg&#038;oe=689E923C","og:image:secure_url":"https:\/\/scontent-gig4-1.xx.fbcdn.net\/v\/t39.30808-1\/270437624_4564083193639691_6907940295614233970_n.jpg?stp=dst-jpg_s200x200_tt6&#038;_nc_cat=111&#038;ccb=1-7&#038;_nc_sid=f907e8&#038;_nc_ohc=SM1wRlP3lJwQ7kNvwEPuBYA&#038;_nc_oc=AdnqrjDN_BNjSSHWO-GbkIWH6fkGMLw4bqvL_NH6e2wMveX7G-rP2dAqsDSq1mJMOaY&#038;_nc_zt=24&#038;_nc_ht=scontent-gig4-1.xx&#038;_nc_gid=AoBFJeGrT1hVaew_6rchkQ&#038;oh=00_AfX7QmFGhQhG2jAllVgXCiM1ZrWgvtp80-Bfppyexh1QEg&#038;oe=689E923C","article:published_time":"2026-08-31T13:07:17+00:00","article:modified_time":"2026-08-31T13:07:17+00:00","twitter:card":"summary_large_image","twitter:title":"Coluna Esplanada 31\/8\/26 - A Not\u00edcia Online","twitter:description":"O bom velhinho? O escritor e psicanalista Augusto Cury tornou-se o bom velhinho da vez. Pesquisas qualitativas \u2013 aquelas em que se re\u00fanem grupos de eleitores para an\u00e1lises imediatas \u2013 de dois grandes partidos apontam que eleitores da 3\u00aa idade e mulheres de diferentes faixas et\u00e1rias simpatizaram com o candidato do Avante \u00e0 Presid\u00eancia, ap\u00f3s","twitter:image":"https:\/\/scontent-gig4-1.xx.fbcdn.net\/v\/t39.30808-1\/270437624_4564083193639691_6907940295614233970_n.jpg?stp=dst-jpg_s200x200_tt6&_nc_cat=111&ccb=1-7&_nc_sid=f907e8&_nc_ohc=SM1wRlP3lJwQ7kNvwEPuBYA&_nc_oc=AdnqrjDN_BNjSSHWO-GbkIWH6fkGMLw4bqvL_NH6e2wMveX7G-rP2dAqsDSq1mJMOaY&_nc_zt=24&_nc_ht=scontent-gig4-1.xx&_nc_gid=AoBFJeGrT1hVaew_6rchkQ&oh=00_AfX7QmFGhQhG2jAllVgXCiM1ZrWgvtp80-Bfppyexh1QEg&oe=689E923C"},"aioseo_meta_data":{"post_id":"147510","title":null,"description":null,"keywords":null,"keyphrases":{"focus":{"keyphrase":"","score":0,"analysis":{"keyphraseInTitle":{"score":0,"maxScore":9,"error":1}}},"additional":[]},"primary_term":null,"canonical_url":null,"og_title":null,"og_description":null,"og_object_type":"default","og_image_type":"default","og_image_url":null,"og_image_width":null,"og_image_height":null,"og_image_custom_url":null,"og_image_custom_fields":null,"og_video":"","og_custom_url":null,"og_article_section":null,"og_article_tags":null,"twitter_use_og":false,"twitter_card":"default","twitter_image_type":"default","twitter_image_url":null,"twitter_image_custom_url":null,"twitter_image_custom_fields":null,"twitter_title":null,"twitter_description":null,"schema":{"blockGraphs":[],"customGraphs":[],"default":{"data":{"Article":[],"Course":[],"Dataset":[],"FAQPage":[],"Movie":[],"Person":[],"Product":[],"ProductReview":[],"Car":[],"Recipe":[],"Service":[],"SoftwareApplication":[],"WebPage":[]},"graphName":"BlogPosting","isEnabled":true},"graphs":[]},"schema_type":"default","schema_type_options":null,"pillar_content":false,"robots_default":true,"robots_noindex":false,"robots_noarchive":false,"robots_nosnippet":false,"robots_nofollow":false,"robots_noimageindex":false,"robots_noodp":false,"robots_notranslate":false,"robots_max_snippet":"-1","robots_max_videopreview":"-1","robots_max_imagepreview":"large","priority":null,"frequency":"default","local_seo":null,"breadcrumb_settings":null,"limit_modified_date":false,"ai":{"faqs":[],"keyPoints":[],"schemas":[],"titles":[],"descriptions":[],"socialPosts":{"email":{"subject":"","preview":"","content":""},"linkedin":[],"twitter":[],"facebook":[],"instagram":[]}},"created":"2026-08-31 13:07:17","updated":"2026-08-31 14:19:16","focus_keyword":null,"additional_keywords":null,"truseo_locale":null,"seo_analyzer_scan_date":null},"aioseo_breadcrumb":"<div class=\"aioseo-breadcrumbs\"><span class=\"aioseo-breadcrumb\">\n\t\t\t<a href=\"https:\/\/anoticiaonline.com.br\/site\" title=\"Home\">Home<\/a>\n\t\t<\/span><span class=\"aioseo-breadcrumb-separator\">&raquo;<\/span><span class=\"aioseo-breadcrumb\">\n\t\t\t<a href=\"https:\/\/anoticiaonline.com.br\/site\/categoria\/colunistas\/\" title=\"Colunistas\">Colunistas<\/a>\n\t\t<\/span><span class=\"aioseo-breadcrumb-separator\">&raquo;<\/span><span class=\"aioseo-breadcrumb\">\n\t\t\t<a href=\"https:\/\/anoticiaonline.com.br\/site\/categoria\/colunistas\/opiniao\/\" title=\"Opini\u00e3o\">Opini\u00e3o<\/a>\n\t\t<\/span><span class=\"aioseo-breadcrumb-separator\">&raquo;<\/span><span class=\"aioseo-breadcrumb\">\n\t\t\tColuna Esplanada 31\/8\/26\n\t\t<\/span><\/div>","aioseo_breadcrumb_json":[{"label":"Home","link":"https:\/\/anoticiaonline.com.br\/site"},{"label":"Colunistas","link":"https:\/\/anoticiaonline.com.br\/site\/categoria\/colunistas\/"},{"label":"Opini\u00e3o","link":"https:\/\/anoticiaonline.com.br\/site\/categoria\/colunistas\/opiniao\/"},{"label":"Coluna Esplanada 31\/8\/26","link":"https:\/\/anoticiaonline.com.br\/site\/coluna-esplanada-31-8-26\/"}],"views":27,"_links":{"self":[{"href":"https:\/\/anoticiaonline.com.br\/site\/wp-json\/wp\/v2\/posts\/147510","targetHints":{"allow":["GET"]}}],"collection":[{"href":"https:\/\/anoticiaonline.com.br\/site\/wp-json\/wp\/v2\/posts"}],"about":[{"href":"https:\/\/anoticiaonline.com.br\/site\/wp-json\/wp\/v2\/types\/post"}],"author":[{"embeddable":true,"href":"https:\/\/anoticiaonline.com.br\/site\/wp-json\/wp\/v2\/users\/7"}],"replies":[{"embeddable":true,"href":"https:\/\/anoticiaonline.com.br\/site\/wp-json\/wp\/v2\/comments?post=147510"}],"version-history":[{"count":0,"href":"https:\/\/anoticiaonline.com.br\/site\/wp-json\/wp\/v2\/posts\/147510\/revisions"}],"wp:attachment":[{"href":"https:\/\/anoticiaonline.com.br\/site\/wp-json\/wp\/v2\/media?parent=147510"}],"wp:term":[{"taxonomy":"category","embeddable":true,"href":"https:\/\/anoticiaonline.com.br\/site\/wp-json\/wp\/v2\/categories?post=147510"},{"taxonomy":"post_tag","embeddable":true,"href":"https:\/\/anoticiaonline.com.br\/site\/wp-json\/wp\/v2\/tags?post=147510"}],"curies":[{"name":"wp","href":"https:\/\/api.w.org\/{rel}","templated":true}]}}